{"id":10264,"date":"2025-04-16T16:28:00","date_gmt":"2025-04-16T14:28:00","guid":{"rendered":"https:\/\/gradido.net\/?p=10264"},"modified":"2026-04-24T07:24:28","modified_gmt":"2026-04-24T05:24:28","slug":"gms1","status":"publish","type":"post","link":"https:\/\/gradido.net\/cs\/gms1\/","title":{"rendered":"Spole\u010dn\u011b, ne sami - najd\u011bte ve sv\u00e9m okol\u00ed stejn\u011b sm\u00fd\u0161lej\u00edc\u00ed lidi."},"content":{"rendered":"<div data-elementor-type=\"wp-post\" data-elementor-id=\"10264\" class=\"elementor elementor-10264\" data-elementor-post-type=\"post\">\n\t\t\t\t\t\t<section class=\"elementor-section elementor-top-section elementor-element elementor-element-496e1d53 elementor-section-boxed elementor-section-height-default elementor-section-height-default\" data-id=\"496e1d53\" data-element_type=\"section\" data-e-type=\"section\">\n\t\t\t\t\t\t<div class=\"elementor-container elementor-column-gap-default\">\n\t\t\t\t\t<div class=\"elementor-column elementor-col-100 elementor-top-column elementor-element elementor-element-461d7be0\" data-id=\"461d7be0\" data-element_type=\"column\" data-e-type=\"column\">\n\t\t\t<div class=\"elementor-widget-wrap elementor-element-populated\">\n\t\t\t\t\t\t<div class=\"elementor-element elementor-element-cd9ebe2 elementor-widget elementor-widget-text-editor\" data-id=\"cd9ebe2\" data-element_type=\"widget\" data-e-type=\"widget\" data-widget_type=\"text-editor.default\">\n\t\t\t\t<div class=\"elementor-widget-container\">\n\t\t\t\t\t\t\t\t\t<p style=\"text-align: right;\"><em>\"Sami m\u016f\u017eeme dos\u00e1hnout tak m\u00e1lo, spole\u010dn\u011b m\u016f\u017eeme dos\u00e1hnout tak mnoho.\"<br \/>- Helen Kellerov\u00e1<\/em><\/p><p>Mil\u00fd \u010dten\u00e1\u0159i,<\/p><p>Tis\u00edcer\u00e9 d\u00edky za to, \u017ee jste s n\u00e1mi - proto\u017ee jste odd\u00e1ni Matce Zemi, sv\u00fdm bli\u017en\u00edm a budouc\u00edm generac\u00edm. Je \u00fa\u017easn\u00e9, \u017ee jste sou\u010d\u00e1st\u00ed na\u0161\u00ed rozr\u016fstaj\u00edc\u00ed se rodiny Gradido!<\/p><p>Zn\u00e1te tak\u00e9 tento pocit? Z cel\u00e9ho srdce usilujete o m\u00edr, svobodu a budoucnost, kter\u00e1 stoj\u00ed za to, abyste \u017eili v souladu s p\u0159\u00edrodou. N\u011bkdy se v\u0161ak na sv\u00e9 cest\u011b c\u00edt\u00edte osamoceni, proto\u017ee nev\u00edte, kde ve va\u0161em okol\u00ed \u017eij\u00ed lid\u00e9, kte\u0159\u00ed sd\u00edlej\u00ed va\u0161e hodnoty a vize.<\/p><p>Nyn\u00ed existuje jednoduch\u00e9 \u0159e\u0161en\u00ed - buben - diiieee...<\/p><h2>Geografick\u00e9 vyhled\u00e1v\u00e1n\u00ed \u010dlen\u016f (GMS)<\/h2><p>N\u00e1\u0161 t\u00fdm v\u00fdvoj\u00e1\u0159\u016f v Gradido Academy s velkou radost\u00ed a nasazen\u00edm vytvo\u0159il tuto novou mo\u017enost, aby v\u00e1m co nejv\u00edce usnadnil kontakt s podobn\u011b sm\u00fd\u0161lej\u00edc\u00edmi lidmi ve va\u0161em okol\u00ed.<\/p><h3>\u2728 Najd\u011bte sv\u00e9 bl\u00edzk\u00e9 ve sv\u00e9m okol\u00ed:<\/h3><p><a href=\"https:\/\/gdd.gradido.net\/login\" target=\"_blank\" rel=\"noopener\">P\u0159ihlaste se ke sv\u00e9mu \u00fa\u010dtu Gradido<\/a><\/p><p>Klikn\u011bte na \"Nastavit um\u00edst\u011bn\u00ed...\" p\u0159\u00edmo na str\u00e1nce s p\u0159ehledem v \u010d\u00e1sti \"Geografick\u00e9 vyhled\u00e1v\u00e1n\u00ed \u010dlen\u016f\".<\/p><p><img fetchpriority=\"high\" decoding=\"async\" class=\"alignnone size-full wp-image-10271\" src=\"https:\/\/gradido.net\/wp-content\/uploads\/2025\/04\/GMS_Standort-festlegen.jpg\" alt=\"\" width=\"600\" height=\"450\" srcset=\"https:\/\/gradido.net\/wp-content\/uploads\/2025\/04\/GMS_Standort-festlegen.jpg 600w, https:\/\/gradido.net\/wp-content\/uploads\/2025\/04\/GMS_Standort-festlegen-300x225.jpg 300w, https:\/\/gradido.net\/wp-content\/uploads\/2025\/04\/GMS_Standort-festlegen-16x12.jpg 16w\" sizes=\"(max-width: 600px) 100vw, 600px\" \/><\/p><p>Dostanete se do Nastaven\u00ed \/ Kruhy a vyhled\u00e1v\u00e1n\u00ed \u010dlen\u016f.<br \/>Zde klikn\u011bte na \"Otev\u0159\u00edt mapu\":<\/p><p><img decoding=\"async\" class=\"alignnone size-large wp-image-10269\" src=\"https:\/\/gradido.net\/wp-content\/uploads\/2025\/04\/GMS_Karte-oeffnen.jpg\" alt=\"\" width=\"600\" height=\"450\" srcset=\"https:\/\/gradido.net\/wp-content\/uploads\/2025\/04\/GMS_Karte-oeffnen.jpg 600w, https:\/\/gradido.net\/wp-content\/uploads\/2025\/04\/GMS_Karte-oeffnen-300x225.jpg 300w, https:\/\/gradido.net\/wp-content\/uploads\/2025\/04\/GMS_Karte-oeffnen-16x12.jpg 16w\" sizes=\"(max-width: 600px) 100vw, 600px\" \/><\/p><p>Zadejte svou polohu (vlevo naho\u0159e, lupa) a klikn\u011bte na \"Ulo\u017eit polohu\":<\/p><p><img decoding=\"async\" class=\"alignnone size-full wp-image-10267\" src=\"https:\/\/gradido.net\/wp-content\/uploads\/2025\/04\/GMS_Adresse-eingeben.jpg\" alt=\"\" width=\"600\" height=\"330\" srcset=\"https:\/\/gradido.net\/wp-content\/uploads\/2025\/04\/GMS_Adresse-eingeben.jpg 600w, https:\/\/gradido.net\/wp-content\/uploads\/2025\/04\/GMS_Adresse-eingeben-300x165.jpg 300w, https:\/\/gradido.net\/wp-content\/uploads\/2025\/04\/GMS_Adresse-eingeben-18x10.jpg 18w\" sizes=\"(max-width: 600px) 100vw, 600px\" \/><\/p><p>Od t\u00e9to chv\u00edle najdete na str\u00e1nce p\u0159ehledu tla\u010d\u00edtko \"Otev\u0159\u00edt vyhled\u00e1v\u00e1n\u00ed \u010dlen\u016f...\".<\/p><p><img loading=\"lazy\" decoding=\"async\" class=\"alignnone size-full wp-image-10270\" src=\"https:\/\/gradido.net\/wp-content\/uploads\/2025\/04\/GMS_Mitgliedssuche.jpg\" alt=\"\" width=\"600\" height=\"450\" srcset=\"https:\/\/gradido.net\/wp-content\/uploads\/2025\/04\/GMS_Mitgliedssuche.jpg 600w, https:\/\/gradido.net\/wp-content\/uploads\/2025\/04\/GMS_Mitgliedssuche-300x225.jpg 300w, https:\/\/gradido.net\/wp-content\/uploads\/2025\/04\/GMS_Mitgliedssuche-16x12.jpg 16w\" sizes=\"(max-width: 600px) 100vw, 600px\" \/><\/p><p>... na map\u011b si m\u016f\u017eete prohl\u00e9dnout ostatn\u00ed \u010dleny Gradida ve va\u0161\u00ed oblasti nebo na jin\u00e9m po\u017eadovan\u00e9m m\u00edst\u011b.<\/p><p><strong>Nav\u00e1z\u00e1n\u00ed kontaktu<\/strong>klikn\u011bte na \u0161pendl\u00edk. Otev\u0159e se okno s informacemi o \u00fa\u010dastn\u00edkovi. Sta\u010d\u00ed mu poslat n\u011bkolik Gradidos s hezkou zpr\u00e1vou a kontaktn\u00edmi \u00fadaji. <strong>Takhle se pozn\u00e1te...<\/strong><\/p><p>\u00a0<img loading=\"lazy\" decoding=\"async\" class=\"alignnone size-large wp-image-10268\" src=\"https:\/\/gradido.net\/wp-content\/uploads\/2025\/04\/GMS_Gradido_senden.jpg\" alt=\"\" width=\"600\" height=\"360\" srcset=\"https:\/\/gradido.net\/wp-content\/uploads\/2025\/04\/GMS_Gradido_senden.jpg 600w, https:\/\/gradido.net\/wp-content\/uploads\/2025\/04\/GMS_Gradido_senden-300x180.jpg 300w, https:\/\/gradido.net\/wp-content\/uploads\/2025\/04\/GMS_Gradido_senden-18x12.jpg 18w\" sizes=\"(max-width: 600px) 100vw, 600px\" \/> \u00a0\u00a0<\/p><h3>\ud83d\udd12 Va\u0161e soukrom\u00ed je pro n\u00e1s d\u016fle\u017eit\u00e9:<\/h3><p>Chr\u00e1n\u011bn\u00e1 oblast: vyhled\u00e1v\u00e1n\u00ed \u010dlen\u016f je p\u0159\u00edstupn\u00e9 pouze \u010dlen\u016fm.<br \/>Z\u00e1m\u011brn\u011b pou\u017e\u00edv\u00e1me Open Street Map (m\u00edsto Google Maps).<br \/>Va\u0161e poloha se ve v\u00fdchoz\u00edm nastaven\u00ed zobrazuje pouze p\u0159ibli\u017en\u011b (v okruhu p\u0159ibli\u017en\u011b 3 km), pokud nechcete sd\u00edlet svou p\u0159esnou polohu.<br \/>M\u00edsto va\u0161eho skute\u010dn\u00e9ho jm\u00e9na se zobraz\u00ed u\u017eivatelsk\u00e9 jm\u00e9no.<br \/>\ud83c\udf31 Pro\u010d jednat pr\u00e1v\u011b te\u010f?<br \/>Pr\u00e1v\u011b te\u010f pot\u0159ebujeme jeden druh\u00e9ho. Spole\u010dn\u011b budeme odv\u00e1\u017en\u011bj\u0161\u00ed, siln\u011bj\u0161\u00ed a \u00fasp\u011b\u0161n\u011bj\u0161\u00ed p\u0159i uskute\u010d\u0148ov\u00e1n\u00ed na\u0161\u00ed vize nov\u00e9ho, m\u00edrov\u00e9ho a harmonick\u00e9ho sv\u011bta. Spole\u010dn\u011b jsme mnohem v\u00edc ne\u017e sou\u010det na\u0161ich jednotliv\u00fdch \u010d\u00e1st\u00ed.<\/p><h3>To je jen za\u010d\u00e1tek<\/h3><p>Vyhled\u00e1v\u00e1n\u00ed \u010dlen\u016f je st\u00e1le \"experiment\u00e1ln\u00ed\". N\u011bkter\u00e9 ovl\u00e1dac\u00ed prvky jsou st\u00e1le v angli\u010dtin\u011b a mo\u017en\u00e1 je\u0161t\u011b ne v\u0161e funguje dokonale. Brzy v\u0161ak m\u016f\u017eete o\u010dek\u00e1vat dal\u0161\u00ed skv\u011bl\u00e9 funkce, jako jsou nab\u00eddky a popt\u00e1vky, akce jako GradidoCaf\u00e9s nebo dokonce mo\u017enosti ubytov\u00e1n\u00ed na va\u0161ich cest\u00e1ch.<\/p><p><strong>P\u0159edstavte si sami sebe: P\u0159edstavte si, \u017ee jste sou\u010d\u00e1st\u00ed celosv\u011btov\u00e9 s\u00edt\u011b miluj\u00edc\u00edch, oddan\u00fdch lid\u00ed, kte\u0159\u00ed jsou spojeni spole\u010dn\u00fdm snem - Novou Zem\u00ed!<\/strong><\/p><h3>\u2728 Nez\u016fst\u00e1vejte d\u00e9le v izolaci, najd\u011bte svou komunitu! Dne\u0161n\u00ed den je k tomu vhodn\u00fd:<\/h3><p>\u2705 <a href=\"https:\/\/gdd.gradido.net\/login\" target=\"_blank\" rel=\"noopener\">P\u0159ihlaste se nyn\u00ed ke sv\u00e9mu \u00fa\u010dtu Gradido<\/a>,<br \/>\u2705 Zadejte svou polohu...\u00a0<br \/>\u2705 ...a objevte podobn\u011b sm\u00fd\u0161lej\u00edc\u00ed lidi ve sv\u00e9m okol\u00ed!<\/p><p>Ze srdce v\u00e1m d\u011bkujeme, \u017ee jste s n\u00e1mi \u0161li touto cestou!<\/p><p>S pozdravem\u00a0<\/p><p>V\u00e1\u0161<\/p><p>Margret a Bernd<\/p>\t\t\t\t\t\t\t\t<\/div>\n\t\t\t\t<\/div>\n\t\t\t\t\t<\/div>\n\t\t<\/div>\n\t\t\t\t\t<\/div>\n\t\t<\/section>\n\t\t\t\t<section class=\"elementor-section elementor-top-section elementor-element elementor-element-14532fe elementor-section-boxed elementor-section-height-default elementor-section-height-default\" data-id=\"14532fe\" data-element_type=\"section\" data-e-type=\"section\">\n\t\t\t\t\t\t<div class=\"elementor-container elementor-column-gap-default\">\n\t\t\t\t\t<div class=\"elementor-column elementor-col-100 elementor-top-column elementor-element elementor-element-65d2298\" data-id=\"65d2298\" data-element_type=\"column\" data-e-type=\"column\">\n\t\t\t<div class=\"elementor-widget-wrap elementor-element-populated\">\n\t\t\t\t\t\t<div class=\"elementor-element elementor-element-bea124f elementor-widget elementor-widget-global elementor-global-9341 elementor-widget-text-editor\" data-id=\"bea124f\" data-element_type=\"widget\" data-e-type=\"widget\" data-widget_type=\"text-editor.default\">\n\t\t\t\t<div class=\"elementor-widget-container\">\n\t\t\t\t\t\t\t\t\t<p><strong>PS:\u00a0<span style=\"color: #ff6600;\"><a style=\"color: #ff6600;\" href=\"https:\/\/gradido.net\/cs\/donations\/\">Vzhledem ke st\u00e1le rostouc\u00edmu v\u00fdznamu Gradida opakujeme 26. \u010dervna 2026 na\u0161i kampa\u0148 vd\u011b\u010dnosti:<\/a>\u00a0<\/span><span style=\"color: #0000ff;\"><a style=\"color: #0000ff;\" href=\"https:\/\/gradido.net\/cs\/donations\/\">Krom\u011b n\u011bkolikan\u00e1sobn\u00e9ho GradidoTransform za v\u00e1\u0161 sponzorsk\u00fd p\u0159\u00edsp\u011bvek nav\u00fd\u0161\u00edme 26. 6. 2016 v\u0161echny z\u016fstatky na \u00fa\u010dtech GDT o 26%. Sponzorujte nyn\u00ed a u\u017eijte si n\u00e1sobnou \u010d\u00e1stku GDT!<\/a><\/span><\/strong><\/p>\t\t\t\t\t\t\t\t<\/div>\n\t\t\t\t<\/div>\n\t\t\t\t\t<\/div>\n\t\t<\/div>\n\t\t\t\t\t<\/div>\n\t\t<\/section>\n\t\t\t\t<section class=\"elementor-section elementor-top-section elementor-element elementor-element-29dfc07 elementor-section-boxed elementor-section-height-default elementor-section-height-default\" data-id=\"29dfc07\" data-element_type=\"section\" data-e-type=\"section\">\n\t\t\t\t\t\t<div class=\"elementor-container elementor-column-gap-default\">\n\t\t\t\t\t<div class=\"elementor-column elementor-col-100 elementor-top-column elementor-element elementor-element-d37ec5a\" data-id=\"d37ec5a\" data-element_type=\"column\" data-e-type=\"column\">\n\t\t\t<div class=\"elementor-widget-wrap\">\n\t\t\t\t\t\t\t<\/div>\n\t\t<\/div>\n\t\t\t\t\t<\/div>\n\t\t<\/section>\n\t\t\t\t<\/div>","protected":false},"excerpt":{"rendered":"<p>Zn\u00e1te tak\u00e9 tento pocit? Z cel\u00e9ho srdce usilujete o m\u00edr, svobodu a budoucnost, kter\u00e1 stoj\u00ed za to, abyste \u017eili v souladu s p\u0159\u00edrodou. N\u011bkdy se v\u0161ak na sv\u00e9 cest\u011b c\u00edt\u00edte osamoceni, proto\u017ee nev\u00edte, kde ve va\u0161em okol\u00ed \u017eij\u00ed lid\u00e9, kte\u0159\u00ed sd\u00edlej\u00ed va\u0161e hodnoty a vize. Nyn\u00ed existuje jednoduch\u00e9 \u0159e\u0161en\u00ed...<\/p>","protected":false},"author":2,"featured_media":10265,"comment_status":"closed","ping_status":"closed","sticky":false,"template":"","format":"standard","meta":{"footnotes":""},"categories":[11,54,55],"tags":[22],"class_list":["post-10264","post","type-post","status-publish","format-standard","has-post-thumbnail","hentry","category-blog","category-community","category-gradido-konto","tag-bild-oben"],"yoast_head":"<!-- This site is optimized with the Yoast SEO plugin v27.4 - https:\/\/yoast.com\/product\/yoast-seo-wordpress\/ -->\n<title>Gemeinsam statt einsam \u2013 Finde Gleichgesinnte in Deiner N\u00e4he - Gradido<\/title>\n<meta name=\"description\" content=\"Kennst Du auch dieses Gef\u00fchl? Du engagierst Dich aus ganzem Herzen f\u00fcr Frieden, Freiheit und eine lebenswerte Zukunft in Harmonie mit der Natur. Doch Du f\u00fchlst Dich manchmal allein auf Deinem Weg, weil Du nicht wei\u00dft, wo in Deiner N\u00e4he Menschen leben, die Deine Werte und Visionen teilen. Jetzt ist eine einfache L\u00f6sung da\u2026\" \/>\n<meta name=\"robots\" content=\"index, follow, max-snippet:-1, max-image-preview:large, max-video-preview:-1\" \/>\n<link rel=\"canonical\" href=\"https:\/\/gradido.net\/cs\/gms1\/\" \/>\n<meta property=\"og:locale\" content=\"cs_CZ\" \/>\n<meta property=\"og:type\" content=\"article\" \/>\n<meta property=\"og:title\" content=\"Gemeinsam statt einsam \u2013 Finde Gleichgesinnte in Deiner N\u00e4he - Gradido\" \/>\n<meta property=\"og:description\" content=\"Kennst Du auch dieses Gef\u00fchl? Du engagierst Dich aus ganzem Herzen f\u00fcr Frieden, Freiheit und eine lebenswerte Zukunft in Harmonie mit der Natur. Doch Du f\u00fchlst Dich manchmal allein auf Deinem Weg, weil Du nicht wei\u00dft, wo in Deiner N\u00e4he Menschen leben, die Deine Werte und Visionen teilen. Jetzt ist eine einfache L\u00f6sung da\u2026\" \/>\n<meta property=\"og:url\" content=\"https:\/\/gradido.net\/cs\/gms1\/\" \/>\n<meta property=\"og:site_name\" content=\"Gradido\" \/>\n<meta property=\"article:published_time\" content=\"2025-04-16T14:28:00+00:00\" \/>\n<meta property=\"article:modified_time\" content=\"2026-04-24T05:24:28+00:00\" \/>\n<meta property=\"og:image\" content=\"https:\/\/gradido.net\/wp-content\/uploads\/2025\/04\/GMS_Banner.jpg\" \/>\n\t<meta property=\"og:image:width\" content=\"1920\" \/>\n\t<meta property=\"og:image:height\" content=\"880\" \/>\n\t<meta property=\"og:image:type\" content=\"image\/jpeg\" \/>\n<meta name=\"author\" content=\"Bernd H\u00fcckst\u00e4dt\" \/>\n<meta name=\"twitter:card\" content=\"summary_large_image\" \/>\n<meta name=\"twitter:label1\" content=\"Napsal(a)\" \/>\n\t<meta name=\"twitter:data1\" content=\"Bernd H\u00fcckst\u00e4dt\" \/>\n\t<meta name=\"twitter:label2\" content=\"Odhadovan\u00e1 doba \u010dten\u00ed\" \/>\n\t<meta name=\"twitter:data2\" content=\"4 minuty\" \/>\n<script type=\"application\/ld+json\" class=\"yoast-schema-graph\">{\"@context\":\"https:\\\/\\\/schema.org\",\"@graph\":[{\"@type\":\"Article\",\"@id\":\"https:\\\/\\\/gradido.net\\\/gms1\\\/#article\",\"isPartOf\":{\"@id\":\"https:\\\/\\\/gradido.net\\\/gms1\\\/\"},\"author\":{\"name\":\"Bernd H\u00fcckst\u00e4dt\",\"@id\":\"https:\\\/\\\/gradido.net\\\/de\\\/#\\\/schema\\\/person\\\/9c503a004ad15a1ddecadce2218db5d1\"},\"headline\":\"Gemeinsam statt einsam \u2013 Finde Gleichgesinnte in Deiner N\u00e4he\",\"datePublished\":\"2025-04-16T14:28:00+00:00\",\"dateModified\":\"2026-04-24T05:24:28+00:00\",\"mainEntityOfPage\":{\"@id\":\"https:\\\/\\\/gradido.net\\\/gms1\\\/\"},\"wordCount\":533,\"publisher\":{\"@id\":\"https:\\\/\\\/gradido.net\\\/de\\\/#organization\"},\"image\":{\"@id\":\"https:\\\/\\\/gradido.net\\\/gms1\\\/#primaryimage\"},\"thumbnailUrl\":\"https:\\\/\\\/gradido.net\\\/wp-content\\\/uploads\\\/2025\\\/04\\\/GMS_Banner.jpg\",\"keywords\":[\"Bild oben\"],\"articleSection\":[\"Blog\",\"Community\",\"Gradido-Konto\"],\"inLanguage\":\"cs\"},{\"@type\":\"WebPage\",\"@id\":\"https:\\\/\\\/gradido.net\\\/gms1\\\/\",\"url\":\"https:\\\/\\\/gradido.net\\\/gms1\\\/\",\"name\":\"Gemeinsam statt einsam \u2013 Finde Gleichgesinnte in Deiner N\u00e4he - Gradido\",\"isPartOf\":{\"@id\":\"https:\\\/\\\/gradido.net\\\/de\\\/#website\"},\"primaryImageOfPage\":{\"@id\":\"https:\\\/\\\/gradido.net\\\/gms1\\\/#primaryimage\"},\"image\":{\"@id\":\"https:\\\/\\\/gradido.net\\\/gms1\\\/#primaryimage\"},\"thumbnailUrl\":\"https:\\\/\\\/gradido.net\\\/wp-content\\\/uploads\\\/2025\\\/04\\\/GMS_Banner.jpg\",\"datePublished\":\"2025-04-16T14:28:00+00:00\",\"dateModified\":\"2026-04-24T05:24:28+00:00\",\"description\":\"Kennst Du auch dieses Gef\u00fchl? Du engagierst Dich aus ganzem Herzen f\u00fcr Frieden, Freiheit und eine lebenswerte Zukunft in Harmonie mit der Natur. Doch Du f\u00fchlst Dich manchmal allein auf Deinem Weg, weil Du nicht wei\u00dft, wo in Deiner N\u00e4he Menschen leben, die Deine Werte und Visionen teilen. Jetzt ist eine einfache L\u00f6sung da\u2026\",\"breadcrumb\":{\"@id\":\"https:\\\/\\\/gradido.net\\\/gms1\\\/#breadcrumb\"},\"inLanguage\":\"cs\",\"potentialAction\":[{\"@type\":\"ReadAction\",\"target\":[\"https:\\\/\\\/gradido.net\\\/gms1\\\/\"]}]},{\"@type\":\"ImageObject\",\"inLanguage\":\"cs\",\"@id\":\"https:\\\/\\\/gradido.net\\\/gms1\\\/#primaryimage\",\"url\":\"https:\\\/\\\/gradido.net\\\/wp-content\\\/uploads\\\/2025\\\/04\\\/GMS_Banner.jpg\",\"contentUrl\":\"https:\\\/\\\/gradido.net\\\/wp-content\\\/uploads\\\/2025\\\/04\\\/GMS_Banner.jpg\",\"width\":1920,\"height\":880},{\"@type\":\"BreadcrumbList\",\"@id\":\"https:\\\/\\\/gradido.net\\\/gms1\\\/#breadcrumb\",\"itemListElement\":[{\"@type\":\"ListItem\",\"position\":1,\"name\":\"Startseite\",\"item\":\"https:\\\/\\\/gradido.net\\\/\"},{\"@type\":\"ListItem\",\"position\":2,\"name\":\"Gemeinsam statt einsam \u2013 Finde Gleichgesinnte in Deiner N\u00e4he\"}]},{\"@type\":\"WebSite\",\"@id\":\"https:\\\/\\\/gradido.net\\\/de\\\/#website\",\"url\":\"https:\\\/\\\/gradido.net\\\/de\\\/\",\"name\":\"Gradido\",\"description\":\"Die neue W\u00e4hrung hei\u00dft Dankbarkeit\",\"publisher\":{\"@id\":\"https:\\\/\\\/gradido.net\\\/de\\\/#organization\"},\"potentialAction\":[{\"@type\":\"SearchAction\",\"target\":{\"@type\":\"EntryPoint\",\"urlTemplate\":\"https:\\\/\\\/gradido.net\\\/de\\\/?s={search_term_string}\"},\"query-input\":{\"@type\":\"PropertyValueSpecification\",\"valueRequired\":true,\"valueName\":\"search_term_string\"}}],\"inLanguage\":\"cs\"},{\"@type\":\"Organization\",\"@id\":\"https:\\\/\\\/gradido.net\\\/de\\\/#organization\",\"name\":\"Gradido\",\"url\":\"https:\\\/\\\/gradido.net\\\/de\\\/\",\"logo\":{\"@type\":\"ImageObject\",\"inLanguage\":\"cs\",\"@id\":\"https:\\\/\\\/gradido.net\\\/de\\\/#\\\/schema\\\/logo\\\/image\\\/\",\"url\":\"https:\\\/\\\/gradido.net\\\/wp-content\\\/uploads\\\/2022\\\/04\\\/gradido-social.jpg\",\"contentUrl\":\"https:\\\/\\\/gradido.net\\\/wp-content\\\/uploads\\\/2022\\\/04\\\/gradido-social.jpg\",\"width\":527,\"height\":273,\"caption\":\"Gradido\"},\"image\":{\"@id\":\"https:\\\/\\\/gradido.net\\\/de\\\/#\\\/schema\\\/logo\\\/image\\\/\"}},{\"@type\":\"Person\",\"@id\":\"https:\\\/\\\/gradido.net\\\/de\\\/#\\\/schema\\\/person\\\/9c503a004ad15a1ddecadce2218db5d1\",\"name\":\"Bernd H\u00fcckst\u00e4dt\",\"sameAs\":[\"https:\\\/\\\/gradido.net\"],\"url\":\"https:\\\/\\\/gradido.net\\\/cs\\\/author\\\/bernd\\\/\"}]}<\/script>\n<!-- \/ Yoast SEO plugin. -->","yoast_head_json":{"title":"Spole\u010dn\u011b m\u00edsto osam\u011ble - Najd\u011bte ve sv\u00e9m okol\u00ed lidi s podobn\u00fdmi n\u00e1zory - Gradido","description":"Zn\u00e1te tak\u00e9 tento pocit? Z cel\u00e9ho srdce usilujete o m\u00edr, svobodu a budoucnost, kter\u00e1 stoj\u00ed za to, abyste \u017eili v souladu s p\u0159\u00edrodou. N\u011bkdy se v\u0161ak na sv\u00e9 cest\u011b c\u00edt\u00edte osamoceni, proto\u017ee nev\u00edte, kde ve va\u0161em okol\u00ed \u017eij\u00ed lid\u00e9, kte\u0159\u00ed sd\u00edlej\u00ed va\u0161e hodnoty a vize. Nyn\u00ed existuje jednoduch\u00e9 \u0159e\u0161en\u00ed...","robots":{"index":"index","follow":"follow","max-snippet":"max-snippet:-1","max-image-preview":"max-image-preview:large","max-video-preview":"max-video-preview:-1"},"canonical":"https:\/\/gradido.net\/cs\/gms1\/","og_locale":"cs_CZ","og_type":"article","og_title":"Gemeinsam statt einsam \u2013 Finde Gleichgesinnte in Deiner N\u00e4he - Gradido","og_description":"Kennst Du auch dieses Gef\u00fchl? Du engagierst Dich aus ganzem Herzen f\u00fcr Frieden, Freiheit und eine lebenswerte Zukunft in Harmonie mit der Natur. Doch Du f\u00fchlst Dich manchmal allein auf Deinem Weg, weil Du nicht wei\u00dft, wo in Deiner N\u00e4he Menschen leben, die Deine Werte und Visionen teilen. Jetzt ist eine einfache L\u00f6sung da\u2026","og_url":"https:\/\/gradido.net\/cs\/gms1\/","og_site_name":"Gradido","article_published_time":"2025-04-16T14:28:00+00:00","article_modified_time":"2026-04-24T05:24:28+00:00","og_image":[{"width":1920,"height":880,"url":"https:\/\/gradido.net\/wp-content\/uploads\/2025\/04\/GMS_Banner.jpg","type":"image\/jpeg"}],"author":"Bernd H\u00fcckst\u00e4dt","twitter_card":"summary_large_image","twitter_misc":{"Napsal(a)":"Bernd H\u00fcckst\u00e4dt","Odhadovan\u00e1 doba \u010dten\u00ed":"4 minuty"},"schema":{"@context":"https:\/\/schema.org","@graph":[{"@type":"Article","@id":"https:\/\/gradido.net\/gms1\/#article","isPartOf":{"@id":"https:\/\/gradido.net\/gms1\/"},"author":{"name":"Bernd H\u00fcckst\u00e4dt","@id":"https:\/\/gradido.net\/de\/#\/schema\/person\/9c503a004ad15a1ddecadce2218db5d1"},"headline":"Gemeinsam statt einsam \u2013 Finde Gleichgesinnte in Deiner N\u00e4he","datePublished":"2025-04-16T14:28:00+00:00","dateModified":"2026-04-24T05:24:28+00:00","mainEntityOfPage":{"@id":"https:\/\/gradido.net\/gms1\/"},"wordCount":533,"publisher":{"@id":"https:\/\/gradido.net\/de\/#organization"},"image":{"@id":"https:\/\/gradido.net\/gms1\/#primaryimage"},"thumbnailUrl":"https:\/\/gradido.net\/wp-content\/uploads\/2025\/04\/GMS_Banner.jpg","keywords":["Bild oben"],"articleSection":["Blog","Community","Gradido-Konto"],"inLanguage":"cs"},{"@type":"WebPage","@id":"https:\/\/gradido.net\/gms1\/","url":"https:\/\/gradido.net\/gms1\/","name":"Spole\u010dn\u011b m\u00edsto osam\u011ble - Najd\u011bte ve sv\u00e9m okol\u00ed lidi s podobn\u00fdmi n\u00e1zory - Gradido","isPartOf":{"@id":"https:\/\/gradido.net\/de\/#website"},"primaryImageOfPage":{"@id":"https:\/\/gradido.net\/gms1\/#primaryimage"},"image":{"@id":"https:\/\/gradido.net\/gms1\/#primaryimage"},"thumbnailUrl":"https:\/\/gradido.net\/wp-content\/uploads\/2025\/04\/GMS_Banner.jpg","datePublished":"2025-04-16T14:28:00+00:00","dateModified":"2026-04-24T05:24:28+00:00","description":"Zn\u00e1te tak\u00e9 tento pocit? Z cel\u00e9ho srdce usilujete o m\u00edr, svobodu a budoucnost, kter\u00e1 stoj\u00ed za to, abyste \u017eili v souladu s p\u0159\u00edrodou. N\u011bkdy se v\u0161ak na sv\u00e9 cest\u011b c\u00edt\u00edte osamoceni, proto\u017ee nev\u00edte, kde ve va\u0161em okol\u00ed \u017eij\u00ed lid\u00e9, kte\u0159\u00ed sd\u00edlej\u00ed va\u0161e hodnoty a vize. Nyn\u00ed existuje jednoduch\u00e9 \u0159e\u0161en\u00ed...","breadcrumb":{"@id":"https:\/\/gradido.net\/gms1\/#breadcrumb"},"inLanguage":"cs","potentialAction":[{"@type":"ReadAction","target":["https:\/\/gradido.net\/gms1\/"]}]},{"@type":"ImageObject","inLanguage":"cs","@id":"https:\/\/gradido.net\/gms1\/#primaryimage","url":"https:\/\/gradido.net\/wp-content\/uploads\/2025\/04\/GMS_Banner.jpg","contentUrl":"https:\/\/gradido.net\/wp-content\/uploads\/2025\/04\/GMS_Banner.jpg","width":1920,"height":880},{"@type":"BreadcrumbList","@id":"https:\/\/gradido.net\/gms1\/#breadcrumb","itemListElement":[{"@type":"ListItem","position":1,"name":"Startseite","item":"https:\/\/gradido.net\/"},{"@type":"ListItem","position":2,"name":"Gemeinsam statt einsam \u2013 Finde Gleichgesinnte in Deiner N\u00e4he"}]},{"@type":"WebSite","@id":"https:\/\/gradido.net\/de\/#website","url":"https:\/\/gradido.net\/de\/","name":"Gradido","description":"Novou m\u011bnou je vd\u011b\u010dnost","publisher":{"@id":"https:\/\/gradido.net\/de\/#organization"},"potentialAction":[{"@type":"SearchAction","target":{"@type":"EntryPoint","urlTemplate":"https:\/\/gradido.net\/de\/?s={search_term_string}"},"query-input":{"@type":"PropertyValueSpecification","valueRequired":true,"valueName":"search_term_string"}}],"inLanguage":"cs"},{"@type":"Organization","@id":"https:\/\/gradido.net\/de\/#organization","name":"Gradido","url":"https:\/\/gradido.net\/de\/","logo":{"@type":"ImageObject","inLanguage":"cs","@id":"https:\/\/gradido.net\/de\/#\/schema\/logo\/image\/","url":"https:\/\/gradido.net\/wp-content\/uploads\/2022\/04\/gradido-social.jpg","contentUrl":"https:\/\/gradido.net\/wp-content\/uploads\/2022\/04\/gradido-social.jpg","width":527,"height":273,"caption":"Gradido"},"image":{"@id":"https:\/\/gradido.net\/de\/#\/schema\/logo\/image\/"}},{"@type":"Person","@id":"https:\/\/gradido.net\/de\/#\/schema\/person\/9c503a004ad15a1ddecadce2218db5d1","name":"Bernd H\u00fcckst\u00e4dt","sameAs":["https:\/\/gradido.net"],"url":"https:\/\/gradido.net\/cs\/author\/bernd\/"}]}},"_links":{"self":[{"href":"https:\/\/gradido.net\/cs\/wp-json\/wp\/v2\/posts\/10264","targetHints":{"allow":["GET"]}}],"collection":[{"href":"https:\/\/gradido.net\/cs\/wp-json\/wp\/v2\/posts"}],"about":[{"href":"https:\/\/gradido.net\/cs\/wp-json\/wp\/v2\/types\/post"}],"author":[{"embeddable":true,"href":"https:\/\/gradido.net\/cs\/wp-json\/wp\/v2\/users\/2"}],"replies":[{"embeddable":true,"href":"https:\/\/gradido.net\/cs\/wp-json\/wp\/v2\/comments?post=10264"}],"version-history":[{"count":12,"href":"https:\/\/gradido.net\/cs\/wp-json\/wp\/v2\/posts\/10264\/revisions"}],"predecessor-version":[{"id":13576,"href":"https:\/\/gradido.net\/cs\/wp-json\/wp\/v2\/posts\/10264\/revisions\/13576"}],"wp:featuredmedia":[{"embeddable":true,"href":"https:\/\/gradido.net\/cs\/wp-json\/wp\/v2\/media\/10265"}],"wp:attachment":[{"href":"https:\/\/gradido.net\/cs\/wp-json\/wp\/v2\/media?parent=10264"}],"wp:term":[{"taxonomy":"category","embeddable":true,"href":"https:\/\/gradido.net\/cs\/wp-json\/wp\/v2\/categories?post=10264"},{"taxonomy":"post_tag","embeddable":true,"href":"https:\/\/gradido.net\/cs\/wp-json\/wp\/v2\/tags?post=10264"}],"curies":[{"name":"wp","href":"https:\/\/api.w.org\/{rel}","templated":true}]}}