{"id":1238,"date":"2020-11-25T10:27:43","date_gmt":"2020-11-25T09:27:43","guid":{"rendered":"https:\/\/gradido.net\/?p=1238"},"modified":"2021-12-11T13:02:17","modified_gmt":"2021-12-11T12:02:17","slug":"corona-politik-bedroht-unsere-kinder","status":"publish","type":"post","link":"https:\/\/gradido.net\/cs\/corona-politik-bedroht-unsere-kinder\/","title":{"rendered":"Politika spole\u010dnosti Corona ohro\u017euje na\u0161e d\u011bti"},"content":{"rendered":"<div data-elementor-type=\"wp-post\" data-elementor-id=\"1238\" class=\"elementor elementor-1238\" data-elementor-post-type=\"post\">\n\t\t\t\t\t\t<section class=\"elementor-section elementor-top-section elementor-element elementor-element-496e1d53 elementor-section-boxed elementor-section-height-default elementor-section-height-default\" data-id=\"496e1d53\" data-element_type=\"section\" data-e-type=\"section\">\n\t\t\t\t\t\t<div class=\"elementor-container elementor-column-gap-default\">\n\t\t\t\t\t<div class=\"elementor-column elementor-col-100 elementor-top-column elementor-element elementor-element-461d7be0\" data-id=\"461d7be0\" data-element_type=\"column\" data-e-type=\"column\">\n\t\t\t<div class=\"elementor-widget-wrap elementor-element-populated\">\n\t\t\t\t\t\t<div class=\"elementor-element elementor-element-cd9ebe2 elementor-widget elementor-widget-text-editor\" data-id=\"cd9ebe2\" data-element_type=\"widget\" data-e-type=\"widget\" data-widget_type=\"text-editor.default\">\n\t\t\t\t<div class=\"elementor-widget-container\">\n\t\t\t\t\t\t\t\t\t<h2>V\u011bdci vid\u00ed \u0159e\u0161en\u00ed v nov\u00e9m m\u011bnov\u00e9m syst\u00e9mu<\/h2><p><strong>K\u00fcnzelsau, 25.11.2020 - D\u011bti, rodi\u010de a u\u010ditel\u00e9 jsou na hranici sv\u00fdch mo\u017enost\u00ed. L\u00e9ka\u0159i, psychologov\u00e9 a rodinn\u00ed politici bij\u00ed na poplach. V\u0161ichni vid\u00ed, \u017ee sou\u010dasn\u00e1 krizov\u00e1 politika masivn\u011b ohro\u017euje blaho d\u011bt\u00ed. Karant\u00e9nn\u00ed pravidla, uzav\u0159en\u00ed \u0161kol a omezen\u00ed kontakt\u016f p\u0159iv\u00e1d\u011bj\u00ed na barik\u00e1dy nejen ochr\u00e1nce d\u011bt\u00ed. Podle organizace Unicef um\u00edralo denn\u011b hlady 15 000 d\u011bt\u00ed je\u0161t\u011b p\u0159ed p\u0159\u00edchodem Corony. Opat\u0159en\u00ed spole\u010dnosti Corona v\u00fdrazn\u011b zhor\u0161ila hlad ve sv\u011bt\u011b. Odborn\u00edci na ekonomickou bioniku z Akademie Gradido po\u017eaduj\u00ed transformaci finan\u010dn\u00edho syst\u00e9mu, aby byl vytvo\u0159en bezpe\u010dn\u00fd z\u00e1klad pro zdrav\u00fd v\u00fdvoj d\u011bt\u00ed. To by ukon\u010dilo chudobu na cel\u00e9m sv\u011bt\u011b a zajistilo rovn\u00e9 p\u0159\u00edle\u017eitosti k rozvoji pro v\u0161echny d\u011bti. <\/strong><\/p><h3>\"Otev\u0159\u00edt okno, nasadit masku!\" - Prusk\u00e1 sl\u00e1va nen\u00ed krizov\u00fd management<\/h3><p>Sou\u010dasn\u00fd \u0161kolsk\u00fd syst\u00e9m vznikl ve star\u00e9m Prusku za \u00fa\u010delem v\u00fdchovy loaj\u00e1ln\u00edch poddan\u00fdch. Rychle se roz\u0161\u00ed\u0159ila po cel\u00e9m sv\u011bt\u011b. Filosof Richard David Precht ji\u017e l\u00e9ta upozor\u0148uje, \u017ee tento v\u00fdchovn\u00fd ide\u00e1l je podle v\u0161eho, co je dnes zn\u00e1mo o v\u00fdvojov\u00e9 psychologii, zcela chybn\u00fd. Bernd H\u00fcckst\u00e4dt, spoluzakladatel Akademie Gradido, tak\u00e9 s rostouc\u00edmi obavami konstatuje, \u017ee \"na cel\u00e9m sv\u011bt\u011b chyb\u00ed pen\u00edze a v\u016fle rozv\u00edjet ve\u0159ejn\u00e9 \u0161koly tak, jak by to bylo vzhledem k v\u00fdzv\u00e1m na\u0161\u00ed doby nezbytn\u00e9. To je skute\u010dn\u00e1 ob\u017ealoba glob\u00e1ln\u00edho spole\u010denstv\u00ed, jeho\u017e blahobyt do zna\u010dn\u00e9 m\u00edry z\u00e1vis\u00ed na komplexn\u00edm vzd\u011bl\u00e1n\u00ed jeho \u010dlen\u016f.\"<\/p><h3>Privilegovan\u00ed nav\u0161t\u011bvuj\u00ed st\u00e1tn\u00ed \u0161koly<\/h3><p>Nen\u00ed tedy divu, \u017ee i u n\u00e1s nav\u0161t\u011bvuje ve\u0159ejn\u00e9 \u0161koly st\u00e1le v\u00edce \u017e\u00e1k\u016f. Podle Spolkov\u00e9ho statistick\u00e9ho \u00fa\u0159adu se po\u010det v\u0161eobecn\u00fdch a odborn\u00fdch ve\u0159ejn\u00fdch \u0161kol v N\u011bmecku od \u0161koln\u00edho roku 1992\/1993 do \u0161koln\u00edho roku 2018\/19 zv\u00fd\u0161il o \u00factyhodn\u00fdch 79,8 %. Mnoho rodi\u010d\u016f, kte\u0159\u00ed si to mohli dovolit, ji\u017e v roce 2016 platilo za m\u00edsto v soukrom\u00e9m vzd\u011bl\u00e1vac\u00edm institutu v pr\u016fm\u011bru 2 000 eur na rok a d\u00edt\u011b.<\/p><h3>Chudoba d\u011bt\u00ed m\u00edsto rovn\u00fdch p\u0159\u00edle\u017eitost\u00ed<\/h3><p>Mnoho d\u011bt\u00ed z m\u00e9n\u011b majetn\u00fdch rodin se tohoto v\u00fdvoje ne\u00fa\u010dastn\u00ed. Podle studie Bertelsmannovy nadace charakterizuje chudoba ka\u017edodenn\u00ed \u017eivot v\u00edce ne\u017e p\u011btiny v\u0161ech d\u011bt\u00ed v N\u011bmecku. To je 21,3 procenta, tedy 2,8 milionu d\u011bt\u00ed a ml\u00e1de\u017ee mlad\u0161\u00edch 18 let. Krize kolem spole\u010dnosti Corona jejich situaci je\u0161t\u011b zhor\u0161uje. Ztr\u00e1ta zam\u011bstn\u00e1n\u00ed, strach o \u017eivobyt\u00ed, rostouc\u00ed nedostatek pen\u011bz a nedostatek prostoru jsou tak\u00e9 p\u0159\u00ed\u010dinou eskalace mnoha rodinn\u00fdch konflikt\u016f. Dom\u00e1c\u00ed v\u00fduka je nemysliteln\u00e1 tam, kde rodi\u010de nemaj\u00ed nejen \u010das, ale ani kompetence. \"Rovnost p\u0159\u00edle\u017eitost\u00ed vypad\u00e1 \u00fapln\u011b jinak,\" uzav\u00edr\u00e1 H\u00fcckst\u00e4dt, ekonomick\u00fd biolog, a dod\u00e1v\u00e1: \"Odep\u0159\u00edt lidem svobodn\u00fd p\u0159\u00edstup ke vzd\u011bl\u00e1n\u00ed znamen\u00e1 odep\u0159\u00edt jim z\u00e1kladn\u00ed lidsk\u00e9 pr\u00e1vo.\"<\/p><h3>Ztracen\u00e1 generace d\u011bt\u00ed Corony?<\/h3><p>D\u011btsk\u00e1 charitativn\u00ed organizace Unicef, N\u011bmeck\u00e1 liga na ochranu d\u011bt\u00ed, V\u00fdbor ml\u00e1de\u017ee SOS d\u011btsk\u00fdch vesni\u010dek, S\u00ed\u0165 pro pr\u00e1va d\u011bt\u00ed a rodinn\u00ed politici rovn\u011b\u017e varuj\u00ed, \u017ee nejv\u011bt\u0161\u00ed \u0161kody by mohly v krizi utrp\u011bt d\u011bti. D\u011btsk\u00fd fond OSN ve sv\u00e9 zpr\u00e1v\u011b \"Averting Lost Covid Generation\" dokl\u00e1d\u00e1, \u017ee z\u00e1va\u017en\u00e9 dlouhodob\u00e9 dopady krize Corona na vzd\u011bl\u00e1v\u00e1n\u00ed, v\u00fd\u017eivu a blahobyt by mohly m\u00edt trval\u00fd dopad na \u017eivoty cel\u00e9 generace d\u011bt\u00ed a mlad\u00fdch lid\u00ed na cel\u00e9m sv\u011bt\u011b. Christian Neusser, odborn\u00edk na pr\u00e1va d\u011bt\u00ed z SOS d\u011btsk\u00fdch vesni\u010dek, \u0159\u00edk\u00e1: \"Rozsah t\u00e9to situace je obrovsk\u00fd. Nejde p\u0159ece jen o poru\u0161ov\u00e1n\u00ed pr\u00e1v jednotliv\u00fdch d\u011bt\u00ed, ale o cel\u00fd \u0159et\u011bzec: chudoba s sebou nese nap\u0159\u00edklad nemoci, d\u011btskou pr\u00e1ci nebo ztr\u00e1tu vzd\u011bl\u00e1n\u00ed.\" Podle \u00fadaj\u016f OSN by se do extr\u00e9mn\u00ed chudoby mohlo dostat 150 milion\u016f d\u011bt\u00ed - krom\u011b mnoha stovek milion\u016f d\u011bt\u00ed, kter\u00e9 byly posti\u017eeny ji\u017e d\u0159\u00edve. V n\u011bkter\u00fdch obdob\u00edch nemohlo 1,5 miliardy d\u011bt\u00ed na cel\u00e9m sv\u011bt\u011b chodit do \u0161koly. Zejm\u00e9na v chud\u0161\u00edch zem\u00edch existuje riziko, \u017ee se mnoho student\u016f do \u0161koly nikdy nevr\u00e1t\u00ed, proto\u017ee jejich rodiny jsou p\u0159\u00edli\u0161 chud\u00e9.<\/p><p>S\u00ed\u0165 pro pr\u00e1va d\u011bt\u00ed ji\u017e 25. \u010dervna 2020 kritizovala, \u017ee se do diskuse o p\u0159ekon\u00e1n\u00ed krize t\u00e9m\u011b\u0159 nedostaly pohledy d\u011bt\u00ed a mlad\u00fdch lid\u00ed, a\u010dkoli se opat\u0159en\u00ed p\u0159\u00edmo dot\u00fdkaj\u00ed jejich pr\u00e1v.<\/p><p>Prvn\u00ed celost\u00e1tn\u00ed studie o dopadech a d\u016fsledc\u00edch krize Corona na du\u0161evn\u00ed zdrav\u00ed d\u011bt\u00ed a dosp\u00edvaj\u00edc\u00edch v N\u011bmecku, kterou provedlo v\u00fdzkumn\u00e9 odd\u011blen\u00ed \"D\u011btsk\u00e9 ve\u0159ejn\u00e9 zdrav\u00ed\" Univerzitn\u00edho l\u00e9ka\u0159sk\u00e9ho centra v Hamburku-Eppendorfu, ji\u017e v \u010dervenci prok\u00e1zala, \u017ee du\u0161evn\u00ed stres d\u011bt\u00ed zp\u016fsoben\u00fd opat\u0159en\u00edmi Corona byl tak\u00e9 v\u00fdrazn\u011b vy\u0161\u0161\u00ed, ne\u017e se dosud p\u0159edpokl\u00e1dalo. Pr\u016fzkum n\u011bmeck\u00e9ho d\u011btsk\u00e9ho fondu Forsa u p\u0159\u00edle\u017eitosti Sv\u011btov\u00e9ho dne d\u011bt\u00ed uk\u00e1zal, \u017ee b\u011bhem krize Corona se n\u00e1sil\u00ed na d\u011btech v\u00fdrazn\u011b zv\u00fd\u0161ilo a \u017ee se sn\u00ed\u017eily mo\u017enosti vzd\u011bl\u00e1v\u00e1n\u00ed - zejm\u00e9na soci\u00e1ln\u011b znev\u00fdhodn\u011bn\u00fdch d\u011bt\u00ed.<\/p><p>20.11.2020, na Mezin\u00e1rodn\u00ed den pr\u00e1v d\u011bt\u00ed, upozornila organizace SOS-Kinderdorf e.V. na to, \u017ee ani v N\u011bmecku nebyla dosud pln\u011b implementov\u00e1na \u00damluva OSN o pr\u00e1vech d\u00edt\u011bte z roku 1989 - a \u017ee omezen\u00ed pr\u00e1v d\u011bt\u00ed se pod vlivem krize Corona je\u0161t\u011b prohloubila.<\/p><h3>Krize jako p\u0159\u00edle\u017eitost pro udr\u017eitelnou korekci kurzu<\/h3><p>Podle H\u00fcckst\u00e4dta nen\u00ed Corona p\u0159\u00ed\u010dinou v\u0161ech probl\u00e9m\u016f, kter\u00e9 se v sou\u010dasnosti st\u00e1vaj\u00ed zjevn\u00fdmi. Jako ka\u017ed\u00e1 krize je i Corona historickou p\u0159\u00edle\u017eitost\u00ed ke zm\u011bn\u011b kurzu sm\u011brem k lep\u0161\u00edmu sv\u011btu. \"U\u017e l\u00e9ta v\u00edme, \u017ee star\u00fd finan\u010dn\u00ed syst\u00e9m se v\u0161emi sv\u00fdmi bublinami je u konce. To se mus\u00ed zm\u011bnit a s Gradidem m\u00e1me fantastick\u00e9 \u0159e\u0161en\u00ed - jen se ho mus\u00edme chopit.\" P\u0159es ve\u0161ker\u00fd optimismus H\u00fcckst\u00e4dt nab\u00e1d\u00e1 k rozvaze: \"Je zapot\u0159eb\u00ed zodpov\u011bdnosti cel\u00e9 spole\u010dnosti, aby na\u0161e d\u011bti v t\u00e9to neklidn\u00e9 dob\u011b nez\u016fstaly na okraji, ale aby se jim kone\u010dn\u011b dostalo bezpe\u010d\u00ed a podpory, kterou si zaslou\u017e\u00ed - a to po cel\u00e9m sv\u011bt\u011b.\"<\/p><h3>\u0158e\u0161en\u00ed existuje ji\u017e \u010dty\u0159i a p\u016fl miliardy let.<\/h3><p>Nov\u00fd ekonomick\u00fd a finan\u010dn\u00ed syst\u00e9m byl vyvinut b\u011bhem v\u00edce ne\u017e 20 let v\u00fdzkumu na Akademii ekonomick\u00e9 bioniky Gradido. Ekonomick\u00e1 bionika zkoum\u00e1 p\u0159\u00edrodn\u00ed modely \u00fasp\u011bchu, kter\u00e9 funguj\u00ed ji\u017e v\u00edce ne\u017e \u010dty\u0159i a p\u016fl miliardy let, a p\u0159en\u00e1\u0161\u00ed je do ekonomiky. \"P\u0159irozen\u00e1 ekonomika \u017eivota\" umo\u017e\u0148uje dos\u00e1hnout v\u0161ech 17 c\u00edl\u016f udr\u017eiteln\u00e9ho rozvoje OSN definovan\u00fdch v Agend\u011b 2030. Pr\u00e1vo na vzd\u011bl\u00e1n\u00ed je v\u00fdslovn\u011b zahrnuto a rovn\u00e9 p\u0159\u00edle\u017eitosti pro v\u0161echny jsou sou\u010d\u00e1st\u00ed programu. \"Nejde n\u00e1m jen o to, abychom d\u011btem poskytli ochranu a perspektivu,\" vysv\u011btluje Margret Baierov\u00e1, spoluzakladatelka a jednatelka Akademie Gradido, \"chceme tak\u00e9 trvale zlep\u0161ovat mo\u017enosti osobn\u00edho rozvoje.\" Podle v\u011bdeck\u00e9ho v\u00fdzkumu neurobiologa profesora Geralda H\u00fcthera je 98 procent d\u011bt\u00ed vysoce nadan\u00fdch u\u017e jako novorozenci, ale jen dv\u011b procenta jich takov\u00fdmi z\u016fst\u00e1vaj\u00ed i po ukon\u010den\u00ed \u0161koln\u00ed doch\u00e1zky. \"N\u00e1\u0161 vzd\u011bl\u00e1vac\u00ed syst\u00e9m tedy jednozna\u010dn\u011b pot\u0159ebuje reformu - a d\u00edky modelu Gradido je tato reforma t\u00e9m\u011b\u0159 samoz\u0159ejm\u00e1.\"<\/p><h3>Gradido vytv\u00e1\u0159\u00ed spravedliv\u00e9 vzd\u011bl\u00e1vac\u00ed p\u0159\u00edle\u017eitosti<\/h3><p>Navrhovan\u00fd pen\u011b\u017en\u00ed a ekonomick\u00fd syst\u00e9m Gradido otev\u00edr\u00e1 cestu k \"bezpodm\u00edne\u010dn\u00e9 \u00fa\u010dasti\" v\u0161ech na \u017eivot\u011b spole\u010denstv\u00ed. H\u00fcckst\u00e4dt vysv\u011btluje: \"Z\u00e1kladn\u00ed etick\u00fd princip Gradida vych\u00e1z\u00ed z 'troj\u00edho dobra', tj. z harmonizace dobra jednotlivce s dobrem spole\u010denstv\u00ed a v\u011bt\u0161\u00edho celku - ve smyslu p\u0159\u00edrody a \u017eivotn\u00edho prost\u0159ed\u00ed. Jednotlivec je sou\u010d\u00e1st\u00ed komunity, kter\u00e1 je zase sou\u010d\u00e1st\u00ed \"velk\u00e9ho obrazu\", ekosyst\u00e9mu. Spole\u010dn\u00e1 m\u011bna Gradido (GDD) je vytvo\u0159ena pro ka\u017edou osobu jako \u00fav\u011br bez vzniku dluhu. N\u00e1sledujeme tak p\u0159\u00edklad p\u0159\u00edrody, abychom na\u0161im d\u011btem a vnuk\u016fm zajistili budoucnost bez dluh\u016f, kter\u00e1 bude st\u00e1t za to. Jeden gradido m\u00e1 p\u0159ibli\u017en\u011b hodnotu jednoho eura. Na jednoho obyvatele p\u0159ipad\u00e1 3 \u00d7 1 000 Gradido. 1 000 Gradido pro \"aktivn\u00ed z\u00e1kladn\u00ed p\u0159\u00edjem\", pro ve\u0159ejn\u00fd rozpo\u010det a pro vyrovn\u00e1vac\u00ed fond a fond \u017eivotn\u00edho prost\u0159ed\u00ed.\" V\u00fdsledkem je \u0161t\u011bdr\u00fd st\u00e1tn\u00ed rozpo\u010det bez dluh\u016f, kter\u00fd mimo jin\u00e9 umo\u017e\u0148uje do budoucna vybavit \u0161kolky a \u0161koly tak, aby co nejl\u00e9pe podporovaly a rozv\u00edjely v\u0161echny d\u011bti. \u0160koln\u00ed a st\u0159edo\u0161kolsk\u00e9 vzd\u011bl\u00e1v\u00e1n\u00ed je v modelu Gradido celosv\u011btov\u011b bezplatn\u00e9. To znamen\u00e1, \u017ee jsou dostupn\u00e9 v\u0161em lidem bez ohledu na jejich finan\u010dn\u00ed situaci.<\/p><p>I zde vzd\u011bl\u00e1n\u00ed znamen\u00e1 mnohem v\u00edce ne\u017e pouh\u00e9 \u0161kolen\u00ed. Aby m\u011bly d\u011bti \u0161anci \"vyr\u016fst v zodpov\u011bdn\u00e9 tv\u016frce vlastn\u00edho \u017eivota\", kte\u0159\u00ed maj\u00ed podle H\u00fcthera nejlep\u0161\u00ed vyhl\u00eddky \"st\u00e1t se nejen profesn\u011b \u00fasp\u011b\u0161n\u00fdmi, ale tak\u00e9 \u017e\u00edt smyslupln\u00fd, samostatn\u00fd a \u0161\u0165astn\u00fd \u017eivot\", model Gradido tak\u00e9 zaji\u0161\u0165uje \"aktivn\u00ed z\u00e1kladn\u00ed p\u0159\u00edjem\" a \"nepodm\u00edn\u011bnou \u00fa\u010dast\" na \u017eivot\u011b v komunit\u011b.<\/p><p>\"Aktivn\u00ed z\u00e1kladn\u00ed p\u0159\u00edjem\" zaji\u0161\u0165uje z\u00e1kladn\u00ed zaopat\u0159en\u00ed pro v\u0161echny lidi na cel\u00e9m sv\u011bt\u011b a odstra\u0148uje tak neust\u00e1l\u00fd existen\u010dn\u00ed strach, kter\u00fd oslabuje imunitn\u00ed syst\u00e9m a m\u016f\u017ee p\u0159et\u00ed\u017eit psychiku. Vytv\u00e1\u0159\u00ed tak z\u00e1klad pro bezkonfliktn\u00ed rodinn\u00fd \u017eivot. \"Nepodm\u00edn\u011bn\u00e1 \u00fa\u010dast\", kter\u00e1 d\u00e1v\u00e1 d\u011btem a mladistv\u00fdm tak\u00e9 mo\u017enost p\u0159isp\u00edvat komunit\u011b na jejich \"aktivn\u00ed z\u00e1kladn\u00ed p\u0159\u00edjem\", otev\u00edr\u00e1 neb\u00fdval\u00e9 mo\u017enosti vyzkou\u0161et si a rozv\u00edjet se v nejr\u016fzn\u011bj\u0161\u00edch oblastech a poznat skute\u010dn\u00e9ho ve\u0159ejn\u00e9ho ducha. Aktivn\u00ed z\u00e1kladn\u00ed p\u0159\u00edjem z\u00e1rove\u0148 zaji\u0161\u0165uje \u017eivobyt\u00ed i b\u011bhem vzd\u011bl\u00e1v\u00e1n\u00ed. \"Gradido vytv\u00e1\u0159\u00ed nejlep\u0161\u00ed z\u00e1klad pro to, aby ka\u017ed\u00fd mlad\u00fd \u010dlov\u011bk m\u011bl p\u0159\u00edstup ke sv\u00e9mu pr\u00e1vu na vzd\u011bl\u00e1n\u00ed a zdrav\u00fd rozvoj ji\u017e od d\u011btstv\u00ed a mohl tak naj\u00edt nejlep\u0161\u00ed mo\u017enou cestu ke spokojen\u00e9mu \u017eivotu,\" zd\u016fraz\u0148uje H\u00fcckst\u00e4dt.<\/p><p>Podrobnosti o cel\u00e9m modelu Gradido naleznete na adrese <a href=\"https:\/\/gradido.net\/cs\/\">https:\/\/gradido.net<\/a><\/p><p><!-- \/wp:paragraph --><\/p>\t\t\t\t\t\t\t\t<\/div>\n\t\t\t\t<\/div>\n\t\t\t\t<div class=\"elementor-element elementor-element-e9ff241 elementor-widget elementor-widget-text-editor\" data-id=\"e9ff241\" data-element_type=\"widget\" data-e-type=\"widget\" data-widget_type=\"text-editor.default\">\n\t\t\t\t<div class=\"elementor-widget-container\">\n\t\t\t\t\t\t\t\t\t<p><strong>O Akademii Gradido<\/strong><br>Akademie Gradido pro ekonomickou bioniku vyvinula alternativn\u00ed \"m\u011bnu spole\u010dn\u00e9ho dobra\", kter\u00e1 je zalo\u017eena na p\u0159\u00edrodn\u00edm vzoru. P\u0159\u00edroda se \u0159\u00edd\u00ed pravidlem, \u017ee pouze tam, kde n\u011bco zanik\u00e1, m\u016f\u017ee vzniknout n\u011bco nov\u00e9ho, a tak je mo\u017en\u00e9 dlouhodob\u00e9 zlep\u0161ov\u00e1n\u00ed (evoluce). Jej\u00edm receptem na \u00fasp\u011bch je \"kolob\u011bh \u017eivota\". Kdyby se i na\u0161e ekonomika \u0159\u00eddila t\u00edmto p\u0159irozen\u00fdm cyklem, vy\u0159e\u0161ilo by to podle odborn\u00edk\u016f na ekonomickou bioniku prakticky v\u0161echny probl\u00e9my sv\u011bta spojen\u00e9 s pen\u011bzi. Model Gradido je zalo\u017een na my\u0161lence, \u017ee nejen ka\u017ed\u00e1 osoba, ale i ka\u017ed\u00fd st\u00e1t dost\u00e1v\u00e1 p\u0159\u00edjem vytvo\u0159en\u00fd na z\u00e1klad\u011b \u00fav\u011bru. D\u00edky tomu m\u016f\u017ee plnit v\u0161echny sv\u00e9 \u00fakoly bez v\u00fdb\u011bru dan\u00ed. Deflace nebo inflace jsou minulost\u00ed. Ekonomika je osvobozena od neust\u00e1l\u00e9ho nutk\u00e1n\u00ed r\u016fst, nebezpe\u010d\u00ed zhroucen\u00ed finan\u010dn\u00edho syst\u00e9mu je kone\u010dn\u011b za\u017eehn\u00e1no. (<a href=\"https:\/\/gradido.net\/cs\/\">www.gradido.net<\/a>)<\/p>\t\t\t\t\t\t\t\t<\/div>\n\t\t\t\t<\/div>\n\t\t\t\t\t<\/div>\n\t\t<\/div>\n\t\t\t\t\t<\/div>\n\t\t<\/section>\n\t\t\t\t<\/div>","protected":false},"excerpt":{"rendered":"<p>Forscher sehen L\u00f6sung in neuem Geldsystem K\u00fcnzelsau, 25.11.2020 \u2013 Kinder, Eltern und Lehrer sind am Limit. \u00c4rzte, Psychologen und Familienpolitiker schlagen Alarm. Sie alle sehen das Kindeswohl durch die aktuelle Krisenpolitik massiv gef\u00e4hrdet. Quarant\u00e4neregeln, Schulschlie\u00dfungen und Kontaktbeschr\u00e4nkungen bringen nicht nur Kindersch\u00fctzer auf die Barrikaden. Laut Unicef verhungerten schon vor Corona 15.000 Kinder pro Tag. Durch [&hellip;]<\/p>\n","protected":false},"author":2,"featured_media":1231,"comment_status":"closed","ping_status":"closed","sticky":false,"template":"","format":"standard","meta":{"footnotes":""},"categories":[8],"tags":[],"class_list":["post-1238","post","type-post","status-publish","format-standard","has-post-thumbnail","hentry","category-pressemitteilung"],"yoast_head":"<!-- This site is optimized with the Yoast SEO plugin v27.5 - https:\/\/yoast.com\/product\/yoast-seo-wordpress\/ -->\n<title>Corona-Politik bedroht unsere Kinder - Gradido<\/title>\n<meta name=\"robots\" content=\"index, follow, max-snippet:-1, max-image-preview:large, max-video-preview:-1\" \/>\n<link rel=\"canonical\" href=\"https:\/\/gradido.net\/cs\/corona-politik-bedroht-unsere-kinder\/\" \/>\n<meta property=\"og:locale\" content=\"cs_CZ\" \/>\n<meta property=\"og:type\" content=\"article\" \/>\n<meta property=\"og:title\" content=\"Corona-Politik bedroht unsere Kinder - Gradido\" \/>\n<meta property=\"og:description\" content=\"Forscher sehen L\u00f6sung in neuem Geldsystem K\u00fcnzelsau, 25.11.2020 \u2013 Kinder, Eltern und Lehrer sind am Limit. \u00c4rzte, Psychologen und Familienpolitiker schlagen Alarm. Sie alle sehen das Kindeswohl durch die aktuelle Krisenpolitik massiv gef\u00e4hrdet. Quarant\u00e4neregeln, Schulschlie\u00dfungen und Kontaktbeschr\u00e4nkungen bringen nicht nur Kindersch\u00fctzer auf die Barrikaden. Laut Unicef verhungerten schon vor Corona 15.000 Kinder pro Tag. Durch [&hellip;]\" \/>\n<meta property=\"og:url\" content=\"https:\/\/gradido.net\/cs\/corona-politik-bedroht-unsere-kinder\/\" \/>\n<meta property=\"og:site_name\" content=\"Gradido\" \/>\n<meta property=\"article:published_time\" content=\"2020-11-25T09:27:43+00:00\" \/>\n<meta property=\"article:modified_time\" content=\"2021-12-11T12:02:17+00:00\" \/>\n<meta property=\"og:image\" content=\"https:\/\/gradido.net\/wp-content\/uploads\/2020\/11\/schule_coronapause.jpg\" \/>\n\t<meta property=\"og:image:width\" content=\"1500\" \/>\n\t<meta property=\"og:image:height\" content=\"959\" \/>\n\t<meta property=\"og:image:type\" content=\"image\/jpeg\" \/>\n<meta name=\"author\" content=\"Bernd H\u00fcckst\u00e4dt\" \/>\n<meta name=\"twitter:card\" content=\"summary_large_image\" \/>\n<meta name=\"twitter:label1\" content=\"Napsal(a)\" \/>\n\t<meta name=\"twitter:data1\" content=\"Bernd H\u00fcckst\u00e4dt\" \/>\n\t<meta name=\"twitter:label2\" content=\"Odhadovan\u00e1 doba \u010dten\u00ed\" \/>\n\t<meta name=\"twitter:data2\" content=\"8 minut\" \/>\n<script type=\"application\/ld+json\" class=\"yoast-schema-graph\">{\"@context\":\"https:\\\/\\\/schema.org\",\"@graph\":[{\"@type\":\"Article\",\"@id\":\"https:\\\/\\\/gradido.net\\\/corona-politik-bedroht-unsere-kinder\\\/#article\",\"isPartOf\":{\"@id\":\"https:\\\/\\\/gradido.net\\\/corona-politik-bedroht-unsere-kinder\\\/\"},\"author\":{\"name\":\"Bernd H\u00fcckst\u00e4dt\",\"@id\":\"https:\\\/\\\/gradido.net\\\/de\\\/#\\\/schema\\\/person\\\/9c503a004ad15a1ddecadce2218db5d1\"},\"headline\":\"Corona-Politik bedroht unsere Kinder\",\"datePublished\":\"2020-11-25T09:27:43+00:00\",\"dateModified\":\"2021-12-11T12:02:17+00:00\",\"mainEntityOfPage\":{\"@id\":\"https:\\\/\\\/gradido.net\\\/corona-politik-bedroht-unsere-kinder\\\/\"},\"wordCount\":1581,\"publisher\":{\"@id\":\"https:\\\/\\\/gradido.net\\\/de\\\/#organization\"},\"image\":{\"@id\":\"https:\\\/\\\/gradido.net\\\/corona-politik-bedroht-unsere-kinder\\\/#primaryimage\"},\"thumbnailUrl\":\"https:\\\/\\\/gradido.net\\\/wp-content\\\/uploads\\\/2020\\\/11\\\/schule_coronapause.jpg\",\"articleSection\":[\"Pressemitteilung\"],\"inLanguage\":\"cs\"},{\"@type\":\"WebPage\",\"@id\":\"https:\\\/\\\/gradido.net\\\/corona-politik-bedroht-unsere-kinder\\\/\",\"url\":\"https:\\\/\\\/gradido.net\\\/corona-politik-bedroht-unsere-kinder\\\/\",\"name\":\"Corona-Politik bedroht unsere Kinder - Gradido\",\"isPartOf\":{\"@id\":\"https:\\\/\\\/gradido.net\\\/de\\\/#website\"},\"primaryImageOfPage\":{\"@id\":\"https:\\\/\\\/gradido.net\\\/corona-politik-bedroht-unsere-kinder\\\/#primaryimage\"},\"image\":{\"@id\":\"https:\\\/\\\/gradido.net\\\/corona-politik-bedroht-unsere-kinder\\\/#primaryimage\"},\"thumbnailUrl\":\"https:\\\/\\\/gradido.net\\\/wp-content\\\/uploads\\\/2020\\\/11\\\/schule_coronapause.jpg\",\"datePublished\":\"2020-11-25T09:27:43+00:00\",\"dateModified\":\"2021-12-11T12:02:17+00:00\",\"breadcrumb\":{\"@id\":\"https:\\\/\\\/gradido.net\\\/corona-politik-bedroht-unsere-kinder\\\/#breadcrumb\"},\"inLanguage\":\"cs\",\"potentialAction\":[{\"@type\":\"ReadAction\",\"target\":[\"https:\\\/\\\/gradido.net\\\/corona-politik-bedroht-unsere-kinder\\\/\"]}]},{\"@type\":\"ImageObject\",\"inLanguage\":\"cs\",\"@id\":\"https:\\\/\\\/gradido.net\\\/corona-politik-bedroht-unsere-kinder\\\/#primaryimage\",\"url\":\"https:\\\/\\\/gradido.net\\\/wp-content\\\/uploads\\\/2020\\\/11\\\/schule_coronapause.jpg\",\"contentUrl\":\"https:\\\/\\\/gradido.net\\\/wp-content\\\/uploads\\\/2020\\\/11\\\/schule_coronapause.jpg\",\"width\":1500,\"height\":959,\"caption\":\"Group of preteen children in face masks resting outdoors in schoolyard during break in lessons. Back school concept during pandemic.\"},{\"@type\":\"BreadcrumbList\",\"@id\":\"https:\\\/\\\/gradido.net\\\/corona-politik-bedroht-unsere-kinder\\\/#breadcrumb\",\"itemListElement\":[{\"@type\":\"ListItem\",\"position\":1,\"name\":\"Startseite\",\"item\":\"https:\\\/\\\/gradido.net\\\/\"},{\"@type\":\"ListItem\",\"position\":2,\"name\":\"Corona-Politik bedroht unsere Kinder\"}]},{\"@type\":\"WebSite\",\"@id\":\"https:\\\/\\\/gradido.net\\\/de\\\/#website\",\"url\":\"https:\\\/\\\/gradido.net\\\/de\\\/\",\"name\":\"Gradido\",\"description\":\"Die neue W\u00e4hrung hei\u00dft Dankbarkeit\",\"publisher\":{\"@id\":\"https:\\\/\\\/gradido.net\\\/de\\\/#organization\"},\"potentialAction\":[{\"@type\":\"SearchAction\",\"target\":{\"@type\":\"EntryPoint\",\"urlTemplate\":\"https:\\\/\\\/gradido.net\\\/de\\\/?s={search_term_string}\"},\"query-input\":{\"@type\":\"PropertyValueSpecification\",\"valueRequired\":true,\"valueName\":\"search_term_string\"}}],\"inLanguage\":\"cs\"},{\"@type\":\"Organization\",\"@id\":\"https:\\\/\\\/gradido.net\\\/de\\\/#organization\",\"name\":\"Gradido\",\"url\":\"https:\\\/\\\/gradido.net\\\/de\\\/\",\"logo\":{\"@type\":\"ImageObject\",\"inLanguage\":\"cs\",\"@id\":\"https:\\\/\\\/gradido.net\\\/de\\\/#\\\/schema\\\/logo\\\/image\\\/\",\"url\":\"https:\\\/\\\/gradido.net\\\/wp-content\\\/uploads\\\/2022\\\/04\\\/gradido-social.jpg\",\"contentUrl\":\"https:\\\/\\\/gradido.net\\\/wp-content\\\/uploads\\\/2022\\\/04\\\/gradido-social.jpg\",\"width\":527,\"height\":273,\"caption\":\"Gradido\"},\"image\":{\"@id\":\"https:\\\/\\\/gradido.net\\\/de\\\/#\\\/schema\\\/logo\\\/image\\\/\"}},{\"@type\":\"Person\",\"@id\":\"https:\\\/\\\/gradido.net\\\/de\\\/#\\\/schema\\\/person\\\/9c503a004ad15a1ddecadce2218db5d1\",\"name\":\"Bernd H\u00fcckst\u00e4dt\",\"sameAs\":[\"https:\\\/\\\/gradido.net\"],\"url\":\"https:\\\/\\\/gradido.net\\\/cs\\\/author\\\/bernd\\\/\"}]}<\/script>\n<!-- \/ Yoast SEO plugin. -->","yoast_head_json":{"title":"Politika spole\u010dnosti Corona ohro\u017euje na\u0161e d\u011bti - Gradido","robots":{"index":"index","follow":"follow","max-snippet":"max-snippet:-1","max-image-preview":"max-image-preview:large","max-video-preview":"max-video-preview:-1"},"canonical":"https:\/\/gradido.net\/cs\/corona-politik-bedroht-unsere-kinder\/","og_locale":"cs_CZ","og_type":"article","og_title":"Corona-Politik bedroht unsere Kinder - Gradido","og_description":"Forscher sehen L\u00f6sung in neuem Geldsystem K\u00fcnzelsau, 25.11.2020 \u2013 Kinder, Eltern und Lehrer sind am Limit. \u00c4rzte, Psychologen und Familienpolitiker schlagen Alarm. Sie alle sehen das Kindeswohl durch die aktuelle Krisenpolitik massiv gef\u00e4hrdet. Quarant\u00e4neregeln, Schulschlie\u00dfungen und Kontaktbeschr\u00e4nkungen bringen nicht nur Kindersch\u00fctzer auf die Barrikaden. Laut Unicef verhungerten schon vor Corona 15.000 Kinder pro Tag. Durch [&hellip;]","og_url":"https:\/\/gradido.net\/cs\/corona-politik-bedroht-unsere-kinder\/","og_site_name":"Gradido","article_published_time":"2020-11-25T09:27:43+00:00","article_modified_time":"2021-12-11T12:02:17+00:00","og_image":[{"width":1500,"height":959,"url":"https:\/\/gradido.net\/wp-content\/uploads\/2020\/11\/schule_coronapause.jpg","type":"image\/jpeg"}],"author":"Bernd H\u00fcckst\u00e4dt","twitter_card":"summary_large_image","twitter_misc":{"Napsal(a)":"Bernd H\u00fcckst\u00e4dt","Odhadovan\u00e1 doba \u010dten\u00ed":"8 minut"},"schema":{"@context":"https:\/\/schema.org","@graph":[{"@type":"Article","@id":"https:\/\/gradido.net\/corona-politik-bedroht-unsere-kinder\/#article","isPartOf":{"@id":"https:\/\/gradido.net\/corona-politik-bedroht-unsere-kinder\/"},"author":{"name":"Bernd H\u00fcckst\u00e4dt","@id":"https:\/\/gradido.net\/de\/#\/schema\/person\/9c503a004ad15a1ddecadce2218db5d1"},"headline":"Corona-Politik bedroht unsere Kinder","datePublished":"2020-11-25T09:27:43+00:00","dateModified":"2021-12-11T12:02:17+00:00","mainEntityOfPage":{"@id":"https:\/\/gradido.net\/corona-politik-bedroht-unsere-kinder\/"},"wordCount":1581,"publisher":{"@id":"https:\/\/gradido.net\/de\/#organization"},"image":{"@id":"https:\/\/gradido.net\/corona-politik-bedroht-unsere-kinder\/#primaryimage"},"thumbnailUrl":"https:\/\/gradido.net\/wp-content\/uploads\/2020\/11\/schule_coronapause.jpg","articleSection":["Pressemitteilung"],"inLanguage":"cs"},{"@type":"WebPage","@id":"https:\/\/gradido.net\/corona-politik-bedroht-unsere-kinder\/","url":"https:\/\/gradido.net\/corona-politik-bedroht-unsere-kinder\/","name":"Politika spole\u010dnosti Corona ohro\u017euje na\u0161e d\u011bti - Gradido","isPartOf":{"@id":"https:\/\/gradido.net\/de\/#website"},"primaryImageOfPage":{"@id":"https:\/\/gradido.net\/corona-politik-bedroht-unsere-kinder\/#primaryimage"},"image":{"@id":"https:\/\/gradido.net\/corona-politik-bedroht-unsere-kinder\/#primaryimage"},"thumbnailUrl":"https:\/\/gradido.net\/wp-content\/uploads\/2020\/11\/schule_coronapause.jpg","datePublished":"2020-11-25T09:27:43+00:00","dateModified":"2021-12-11T12:02:17+00:00","breadcrumb":{"@id":"https:\/\/gradido.net\/corona-politik-bedroht-unsere-kinder\/#breadcrumb"},"inLanguage":"cs","potentialAction":[{"@type":"ReadAction","target":["https:\/\/gradido.net\/corona-politik-bedroht-unsere-kinder\/"]}]},{"@type":"ImageObject","inLanguage":"cs","@id":"https:\/\/gradido.net\/corona-politik-bedroht-unsere-kinder\/#primaryimage","url":"https:\/\/gradido.net\/wp-content\/uploads\/2020\/11\/schule_coronapause.jpg","contentUrl":"https:\/\/gradido.net\/wp-content\/uploads\/2020\/11\/schule_coronapause.jpg","width":1500,"height":959,"caption":"Group of preteen children in face masks resting outdoors in schoolyard during break in lessons. Back school concept during pandemic."},{"@type":"BreadcrumbList","@id":"https:\/\/gradido.net\/corona-politik-bedroht-unsere-kinder\/#breadcrumb","itemListElement":[{"@type":"ListItem","position":1,"name":"Startseite","item":"https:\/\/gradido.net\/"},{"@type":"ListItem","position":2,"name":"Corona-Politik bedroht unsere Kinder"}]},{"@type":"WebSite","@id":"https:\/\/gradido.net\/de\/#website","url":"https:\/\/gradido.net\/de\/","name":"Gradido","description":"Novou m\u011bnou je vd\u011b\u010dnost","publisher":{"@id":"https:\/\/gradido.net\/de\/#organization"},"potentialAction":[{"@type":"SearchAction","target":{"@type":"EntryPoint","urlTemplate":"https:\/\/gradido.net\/de\/?s={search_term_string}"},"query-input":{"@type":"PropertyValueSpecification","valueRequired":true,"valueName":"search_term_string"}}],"inLanguage":"cs"},{"@type":"Organization","@id":"https:\/\/gradido.net\/de\/#organization","name":"Gradido","url":"https:\/\/gradido.net\/de\/","logo":{"@type":"ImageObject","inLanguage":"cs","@id":"https:\/\/gradido.net\/de\/#\/schema\/logo\/image\/","url":"https:\/\/gradido.net\/wp-content\/uploads\/2022\/04\/gradido-social.jpg","contentUrl":"https:\/\/gradido.net\/wp-content\/uploads\/2022\/04\/gradido-social.jpg","width":527,"height":273,"caption":"Gradido"},"image":{"@id":"https:\/\/gradido.net\/de\/#\/schema\/logo\/image\/"}},{"@type":"Person","@id":"https:\/\/gradido.net\/de\/#\/schema\/person\/9c503a004ad15a1ddecadce2218db5d1","name":"Bernd H\u00fcckst\u00e4dt","sameAs":["https:\/\/gradido.net"],"url":"https:\/\/gradido.net\/cs\/author\/bernd\/"}]}},"_links":{"self":[{"href":"https:\/\/gradido.net\/cs\/wp-json\/wp\/v2\/posts\/1238","targetHints":{"allow":["GET"]}}],"collection":[{"href":"https:\/\/gradido.net\/cs\/wp-json\/wp\/v2\/posts"}],"about":[{"href":"https:\/\/gradido.net\/cs\/wp-json\/wp\/v2\/types\/post"}],"author":[{"embeddable":true,"href":"https:\/\/gradido.net\/cs\/wp-json\/wp\/v2\/users\/2"}],"replies":[{"embeddable":true,"href":"https:\/\/gradido.net\/cs\/wp-json\/wp\/v2\/comments?post=1238"}],"version-history":[{"count":29,"href":"https:\/\/gradido.net\/cs\/wp-json\/wp\/v2\/posts\/1238\/revisions"}],"predecessor-version":[{"id":3745,"href":"https:\/\/gradido.net\/cs\/wp-json\/wp\/v2\/posts\/1238\/revisions\/3745"}],"wp:featuredmedia":[{"embeddable":true,"href":"https:\/\/gradido.net\/cs\/wp-json\/wp\/v2\/media\/1231"}],"wp:attachment":[{"href":"https:\/\/gradido.net\/cs\/wp-json\/wp\/v2\/media?parent=1238"}],"wp:term":[{"taxonomy":"category","embeddable":true,"href":"https:\/\/gradido.net\/cs\/wp-json\/wp\/v2\/categories?post=1238"},{"taxonomy":"post_tag","embeddable":true,"href":"https:\/\/gradido.net\/cs\/wp-json\/wp\/v2\/tags?post=1238"}],"curies":[{"name":"wp","href":"https:\/\/api.w.org\/{rel}","templated":true}]}}