{"id":5543,"date":"2022-08-25T11:49:39","date_gmt":"2022-08-25T09:49:39","guid":{"rendered":"https:\/\/gradido.net\/?p=5543"},"modified":"2026-04-24T08:16:22","modified_gmt":"2026-04-24T06:16:22","slug":"gradido-dankbarkeit-mit-system","status":"publish","type":"post","link":"https:\/\/gradido.net\/cs\/gradido-dankbarkeit-mit-system\/","title":{"rendered":"Gradido - Vd\u011b\u010dnost se syst\u00e9mem"},"content":{"rendered":"<div data-elementor-type=\"wp-post\" data-elementor-id=\"5543\" class=\"elementor elementor-5543\" data-elementor-post-type=\"post\">\n\t\t\t\t\t\t<section class=\"elementor-section elementor-top-section elementor-element elementor-element-496e1d53 elementor-section-boxed elementor-section-height-default elementor-section-height-default\" data-id=\"496e1d53\" data-element_type=\"section\" data-e-type=\"section\">\n\t\t\t\t\t\t<div class=\"elementor-container elementor-column-gap-default\">\n\t\t\t\t\t<div class=\"elementor-column elementor-col-100 elementor-top-column elementor-element elementor-element-461d7be0\" data-id=\"461d7be0\" data-element_type=\"column\" data-e-type=\"column\">\n\t\t\t<div class=\"elementor-widget-wrap elementor-element-populated\">\n\t\t\t\t\t\t<div class=\"elementor-element elementor-element-b44b1b3 elementor-widget elementor-widget-text-editor\" data-id=\"b44b1b3\" data-element_type=\"widget\" data-e-type=\"widget\" data-widget_type=\"text-editor.default\">\n\t\t\t\t<div class=\"elementor-widget-container\">\n\t\t\t\t\t\t\t\t\t<p>V\u00e1\u017een\u00fd \u010dten\u00e1\u0159i,<\/p><p>strana dieBasis pozvala na p\u0159edn\u00e1\u0161ku o m\u011bnov\u00e9m syst\u00e9mu Gradido s Berndem H\u00fcckst\u00e4dtem ve st\u0159edu 24. srpna 2022.<\/p>\t\t\t\t\t\t\t\t<\/div>\n\t\t\t\t<\/div>\n\t\t\t\t<div class=\"elementor-element elementor-element-1087c6f elementor-widget elementor-widget-video\" data-id=\"1087c6f\" data-element_type=\"widget\" data-e-type=\"widget\" data-settings=\"{&quot;video_type&quot;:&quot;vimeo&quot;}\" data-widget_type=\"video.default\">\n\t\t\t\t<div class=\"elementor-widget-container\">\n\t\t\t\t\t\t\t<div class=\"elementor-wrapper elementor-open-inline\">\n\t\t\t<iframe hcb-fetch-image-from=\"https:\/\/vimeo.com\/742911931\" class=\"elementor-video-iframe\" allowfullscreen allow=\"clipboard-write\" title=\"Odtwarzacz wideo vimeo\" src=\"https:\/\/player.vimeo.com\/video\/742911931?color&amp;autopause=0&amp;loop=0&amp;muted=0&amp;title=1&amp;portrait=1&amp;byline=1#t=\" data-no-translation-title=\"\"><\/iframe>\t\t<\/div>\n\t\t\t\t\t\t<\/div>\n\t\t\t\t<\/div>\n\t\t\t\t<div class=\"elementor-element elementor-element-cd9ebe2 elementor-widget elementor-widget-text-editor\" data-id=\"cd9ebe2\" data-element_type=\"widget\" data-e-type=\"widget\" data-widget_type=\"text-editor.default\">\n\t\t\t\t<div class=\"elementor-widget-container\">\n\t\t\t\t\t\t\t\t\t<p>Na rozd\u00edl od star\u00e9ho syst\u00e9mu dluhov\u00fdch pen\u011bz jsou v syst\u00e9mu Gradido pen\u00edze vytv\u00e1\u0159eny ka\u017ed\u00fdm \u010dlov\u011bkem.<\/p><p>V jak\u00e9m sv\u011bt\u011b by m\u011bly \u017e\u00edt na\u0161e d\u011bti? Sou\u010dasn\u00fd finan\u010dn\u00ed syst\u00e9m se syst\u00e9mov\u011b hrout\u00ed po cel\u00e9m sv\u011bt\u011b, co\u017e je doprov\u00e1zeno masov\u00fdmi bankroty, rekordn\u00ed nezam\u011bstnanost\u00ed, chudobou a v\u00e1lkou.<\/p><p>Pouze s nov\u00fdm pen\u011b\u017en\u00edm syst\u00e9mem zalo\u017een\u00fdm na \u017eivot\u011b, l\u00e1sce a soucitu m\u016f\u017ee lidstvo \u010delit t\u011bmto v\u00fdzv\u00e1m ve prosp\u011bch v\u0161ech. Akademie Gradido pro ekonomickou bioniku vyvinula takov\u00fd syst\u00e9m b\u011bhem dvaceti let v\u00fdzkumu: Gradido, p\u0159irozen\u00e1 ekonomika \u017eivota, se \u0159\u00edd\u00ed miliardami let osv\u011bd\u010den\u00fdmi p\u0159\u00edrodn\u00edmi modely a m\u00e1 potenci\u00e1l ukon\u010dit chudobu, hlad, v\u00e1lky a ni\u010den\u00ed \u017eivotn\u00edho prost\u0159ed\u00ed. Spole\u010dn\u011b vytv\u00e1\u0159\u00edme budoucnost vhodnou pro vnou\u010data v m\u00edru a harmonii s p\u0159\u00edrodou.<\/p><p>N\u00e1zev Gradido znamen\u00e1 vd\u011b\u010dnost, d\u016fstojnost a d\u00e1rcovstv\u00ed. Gradido umo\u017e\u0148uje realizaci v\u0161ech \u00fa\u017easn\u00fdch projekt\u016f a iniciativ, kter\u00e9 byly d\u0159\u00edve potla\u010dov\u00e1ny star\u00fdm finan\u010dn\u00edm syst\u00e9mem. Etick\u00fdm z\u00e1kladem je troj\u00ed dobro jednotlivce, spole\u010denstv\u00ed a v\u011bt\u0161\u00edho celku.<\/p><p>Douf\u00e1m, \u017ee se v\u00e1m video bude l\u00edbit a \u017ee z\u00edsk\u00e1te dobr\u00e9 poznatky.<\/p><p>V\u00e1\u0161<\/p><p><img decoding=\"async\" class=\"alignnone wp-image-4614 size-medium\" src=\"https:\/\/gradido.net\/wp-content\/uploads\/2022\/06\/MargretBernd_2022-300x74.png\" alt=\"\" width=\"300\" height=\"74\" srcset=\"https:\/\/gradido.net\/wp-content\/uploads\/2022\/06\/MargretBernd_2022-300x74.png 300w, https:\/\/gradido.net\/wp-content\/uploads\/2022\/06\/MargretBernd_2022-18x4.png 18w, https:\/\/gradido.net\/wp-content\/uploads\/2022\/06\/MargretBernd_2022.png 431w\" sizes=\"(max-width: 300px) 100vw, 300px\" \/><\/p><p>Margret Baier a Bernd H\u00fcckst\u00e4dt<br \/>Zakladatel a v\u00fdvoj\u00e1\u0159 spole\u010dnosti Gradido<\/p>\t\t\t\t\t\t\t\t<\/div>\n\t\t\t\t<\/div>\n\t\t\t\t\t<\/div>\n\t\t<\/div>\n\t\t\t\t\t<\/div>\n\t\t<\/section>\n\t\t\t\t<section class=\"elementor-section elementor-top-section elementor-element elementor-element-7cc78a8 elementor-section-boxed elementor-section-height-default elementor-section-height-default\" data-id=\"7cc78a8\" data-element_type=\"section\" data-e-type=\"section\">\n\t\t\t\t\t\t<div class=\"elementor-container elementor-column-gap-default\">\n\t\t\t\t\t<div class=\"elementor-column elementor-col-100 elementor-top-column elementor-element elementor-element-79dfbe0\" data-id=\"79dfbe0\" data-element_type=\"column\" data-e-type=\"column\">\n\t\t\t<div class=\"elementor-widget-wrap elementor-element-populated\">\n\t\t\t\t\t\t<div class=\"elementor-element elementor-element-a7db17c elementor-widget elementor-widget-global elementor-global-9341 elementor-widget-text-editor\" data-id=\"a7db17c\" data-element_type=\"widget\" data-e-type=\"widget\" data-widget_type=\"text-editor.default\">\n\t\t\t\t<div class=\"elementor-widget-container\">\n\t\t\t\t\t\t\t\t\t<p><strong>PS:\u00a0<span style=\"color: #ff6600;\"><a style=\"color: #ff6600;\" href=\"https:\/\/gradido.net\/cs\/donations\/\">Vzhledem ke st\u00e1le rostouc\u00edmu v\u00fdznamu Gradida opakujeme 26. \u010dervna 2026 na\u0161i kampa\u0148 vd\u011b\u010dnosti:<\/a>\u00a0<\/span><span style=\"color: #0000ff;\"><a style=\"color: #0000ff;\" href=\"https:\/\/gradido.net\/cs\/donations\/\">Krom\u011b n\u011bkolikan\u00e1sobn\u00e9ho GradidoTransform za v\u00e1\u0161 sponzorsk\u00fd p\u0159\u00edsp\u011bvek nav\u00fd\u0161\u00edme 26. 6. 2016 v\u0161echny z\u016fstatky na \u00fa\u010dtech GDT o 26%. Sponzorujte nyn\u00ed a u\u017eijte si n\u00e1sobnou \u010d\u00e1stku GDT!<\/a><\/span><\/strong><\/p>\t\t\t\t\t\t\t\t<\/div>\n\t\t\t\t<\/div>\n\t\t\t\t\t<\/div>\n\t\t<\/div>\n\t\t\t\t\t<\/div>\n\t\t<\/section>\n\t\t\t\t<\/div>","protected":false},"excerpt":{"rendered":"<p>Strana dieBasis pozvala na Zoom p\u0159edn\u00e1\u0161ku o pen\u011b\u017en\u00edm syst\u00e9mu Gradido s Berndem H\u00fcckst\u00e4dtem 24. srpna 2022. Na rozd\u00edl od star\u00e9ho syst\u00e9mu dluhov\u00fdch pen\u011bz jsou u Gradida pen\u00edze vytv\u00e1\u0159eny ka\u017ed\u00fdm \u010dlov\u011bkem.<\/p>","protected":false},"author":2,"featured_media":5546,"comment_status":"closed","ping_status":"closed","sticky":false,"template":"","format":"standard","meta":{"footnotes":""},"categories":[11,56],"tags":[],"class_list":["post-5543","post","type-post","status-publish","format-standard","has-post-thumbnail","hentry","category-blog","category-psychologie"],"yoast_head":"<!-- This site is optimized with the Yoast SEO plugin v27.5 - https:\/\/yoast.com\/product\/yoast-seo-wordpress\/ -->\n<title>Gradido \u2013 Dankbarkeit mit System - Gradido<\/title>\n<meta name=\"description\" content=\"Die Partei dieBasis lud ein zu einem Zoom-Vortrag zum Geldsystem Gradido mit Bernd H\u00fcckst\u00e4dt am 24. August 2022. Im Gegensatz zum alten Schuldgeldsystem erfolgt bei Gradido die Geldsch\u00f6pfung durch jeden Menschen.\" \/>\n<meta name=\"robots\" content=\"index, follow, max-snippet:-1, max-image-preview:large, max-video-preview:-1\" \/>\n<link rel=\"canonical\" href=\"https:\/\/gradido.net\/cs\/gradido-dankbarkeit-mit-system\/\" \/>\n<meta property=\"og:locale\" content=\"cs_CZ\" \/>\n<meta property=\"og:type\" content=\"article\" \/>\n<meta property=\"og:title\" content=\"Gradido \u2013 Dankbarkeit mit System - Gradido\" \/>\n<meta property=\"og:description\" content=\"Die Partei dieBasis lud ein zu einem Zoom-Vortrag zum Geldsystem Gradido mit Bernd H\u00fcckst\u00e4dt am 24. August 2022. Im Gegensatz zum alten Schuldgeldsystem erfolgt bei Gradido die Geldsch\u00f6pfung durch jeden Menschen.\" \/>\n<meta property=\"og:url\" content=\"https:\/\/gradido.net\/cs\/gradido-dankbarkeit-mit-system\/\" \/>\n<meta property=\"og:site_name\" content=\"Gradido\" \/>\n<meta property=\"article:published_time\" content=\"2022-08-25T09:49:39+00:00\" \/>\n<meta property=\"article:modified_time\" content=\"2026-04-24T06:16:22+00:00\" \/>\n<meta property=\"og:image\" content=\"https:\/\/gradido.net\/wp-content\/uploads\/2022\/08\/Gradido_dieBasis.jpg\" \/>\n\t<meta property=\"og:image:width\" content=\"1000\" \/>\n\t<meta property=\"og:image:height\" content=\"560\" \/>\n\t<meta property=\"og:image:type\" content=\"image\/jpeg\" \/>\n<meta name=\"author\" content=\"Bernd H\u00fcckst\u00e4dt\" \/>\n<meta name=\"twitter:card\" content=\"summary_large_image\" \/>\n<meta name=\"twitter:label1\" content=\"Napsal(a)\" \/>\n\t<meta name=\"twitter:data1\" content=\"Bernd H\u00fcckst\u00e4dt\" \/>\n\t<meta name=\"twitter:label2\" content=\"Odhadovan\u00e1 doba \u010dten\u00ed\" \/>\n\t<meta name=\"twitter:data2\" content=\"2 minuty\" \/>\n<script type=\"application\/ld+json\" class=\"yoast-schema-graph\">{\"@context\":\"https:\\\/\\\/schema.org\",\"@graph\":[{\"@type\":\"Article\",\"@id\":\"https:\\\/\\\/gradido.net\\\/gradido-dankbarkeit-mit-system\\\/#article\",\"isPartOf\":{\"@id\":\"https:\\\/\\\/gradido.net\\\/gradido-dankbarkeit-mit-system\\\/\"},\"author\":{\"name\":\"Bernd H\u00fcckst\u00e4dt\",\"@id\":\"https:\\\/\\\/gradido.net\\\/de\\\/#\\\/schema\\\/person\\\/9c503a004ad15a1ddecadce2218db5d1\"},\"headline\":\"Gradido \u2013 Dankbarkeit mit System\",\"datePublished\":\"2022-08-25T09:49:39+00:00\",\"dateModified\":\"2026-04-24T06:16:22+00:00\",\"mainEntityOfPage\":{\"@id\":\"https:\\\/\\\/gradido.net\\\/gradido-dankbarkeit-mit-system\\\/\"},\"wordCount\":268,\"publisher\":{\"@id\":\"https:\\\/\\\/gradido.net\\\/de\\\/#organization\"},\"image\":{\"@id\":\"https:\\\/\\\/gradido.net\\\/gradido-dankbarkeit-mit-system\\\/#primaryimage\"},\"thumbnailUrl\":\"https:\\\/\\\/gradido.net\\\/wp-content\\\/uploads\\\/2022\\\/08\\\/Gradido_dieBasis.jpg\",\"articleSection\":[\"Blog\",\"Psychologie\"],\"inLanguage\":\"cs\"},{\"@type\":\"WebPage\",\"@id\":\"https:\\\/\\\/gradido.net\\\/gradido-dankbarkeit-mit-system\\\/\",\"url\":\"https:\\\/\\\/gradido.net\\\/gradido-dankbarkeit-mit-system\\\/\",\"name\":\"Gradido \u2013 Dankbarkeit mit System - Gradido\",\"isPartOf\":{\"@id\":\"https:\\\/\\\/gradido.net\\\/de\\\/#website\"},\"primaryImageOfPage\":{\"@id\":\"https:\\\/\\\/gradido.net\\\/gradido-dankbarkeit-mit-system\\\/#primaryimage\"},\"image\":{\"@id\":\"https:\\\/\\\/gradido.net\\\/gradido-dankbarkeit-mit-system\\\/#primaryimage\"},\"thumbnailUrl\":\"https:\\\/\\\/gradido.net\\\/wp-content\\\/uploads\\\/2022\\\/08\\\/Gradido_dieBasis.jpg\",\"datePublished\":\"2022-08-25T09:49:39+00:00\",\"dateModified\":\"2026-04-24T06:16:22+00:00\",\"description\":\"Die Partei dieBasis lud ein zu einem Zoom-Vortrag zum Geldsystem Gradido mit Bernd H\u00fcckst\u00e4dt am 24. August 2022. Im Gegensatz zum alten Schuldgeldsystem erfolgt bei Gradido die Geldsch\u00f6pfung durch jeden Menschen.\",\"breadcrumb\":{\"@id\":\"https:\\\/\\\/gradido.net\\\/gradido-dankbarkeit-mit-system\\\/#breadcrumb\"},\"inLanguage\":\"cs\",\"potentialAction\":[{\"@type\":\"ReadAction\",\"target\":[\"https:\\\/\\\/gradido.net\\\/gradido-dankbarkeit-mit-system\\\/\"]}]},{\"@type\":\"ImageObject\",\"inLanguage\":\"cs\",\"@id\":\"https:\\\/\\\/gradido.net\\\/gradido-dankbarkeit-mit-system\\\/#primaryimage\",\"url\":\"https:\\\/\\\/gradido.net\\\/wp-content\\\/uploads\\\/2022\\\/08\\\/Gradido_dieBasis.jpg\",\"contentUrl\":\"https:\\\/\\\/gradido.net\\\/wp-content\\\/uploads\\\/2022\\\/08\\\/Gradido_dieBasis.jpg\",\"width\":1000,\"height\":560},{\"@type\":\"BreadcrumbList\",\"@id\":\"https:\\\/\\\/gradido.net\\\/gradido-dankbarkeit-mit-system\\\/#breadcrumb\",\"itemListElement\":[{\"@type\":\"ListItem\",\"position\":1,\"name\":\"Startseite\",\"item\":\"https:\\\/\\\/gradido.net\\\/\"},{\"@type\":\"ListItem\",\"position\":2,\"name\":\"Gradido \u2013 Dankbarkeit mit System\"}]},{\"@type\":\"WebSite\",\"@id\":\"https:\\\/\\\/gradido.net\\\/de\\\/#website\",\"url\":\"https:\\\/\\\/gradido.net\\\/de\\\/\",\"name\":\"Gradido\",\"description\":\"Die neue W\u00e4hrung hei\u00dft Dankbarkeit\",\"publisher\":{\"@id\":\"https:\\\/\\\/gradido.net\\\/de\\\/#organization\"},\"potentialAction\":[{\"@type\":\"SearchAction\",\"target\":{\"@type\":\"EntryPoint\",\"urlTemplate\":\"https:\\\/\\\/gradido.net\\\/de\\\/?s={search_term_string}\"},\"query-input\":{\"@type\":\"PropertyValueSpecification\",\"valueRequired\":true,\"valueName\":\"search_term_string\"}}],\"inLanguage\":\"cs\"},{\"@type\":\"Organization\",\"@id\":\"https:\\\/\\\/gradido.net\\\/de\\\/#organization\",\"name\":\"Gradido\",\"url\":\"https:\\\/\\\/gradido.net\\\/de\\\/\",\"logo\":{\"@type\":\"ImageObject\",\"inLanguage\":\"cs\",\"@id\":\"https:\\\/\\\/gradido.net\\\/de\\\/#\\\/schema\\\/logo\\\/image\\\/\",\"url\":\"https:\\\/\\\/gradido.net\\\/wp-content\\\/uploads\\\/2022\\\/04\\\/gradido-social.jpg\",\"contentUrl\":\"https:\\\/\\\/gradido.net\\\/wp-content\\\/uploads\\\/2022\\\/04\\\/gradido-social.jpg\",\"width\":527,\"height\":273,\"caption\":\"Gradido\"},\"image\":{\"@id\":\"https:\\\/\\\/gradido.net\\\/de\\\/#\\\/schema\\\/logo\\\/image\\\/\"}},{\"@type\":\"Person\",\"@id\":\"https:\\\/\\\/gradido.net\\\/de\\\/#\\\/schema\\\/person\\\/9c503a004ad15a1ddecadce2218db5d1\",\"name\":\"Bernd H\u00fcckst\u00e4dt\",\"sameAs\":[\"https:\\\/\\\/gradido.net\"],\"url\":\"https:\\\/\\\/gradido.net\\\/cs\\\/author\\\/bernd\\\/\"}]}<\/script>\n<!-- \/ Yoast SEO plugin. -->","yoast_head_json":{"title":"Gradido - Vd\u011b\u010dnost se syst\u00e9mem - Gradido","description":"Strana dieBasis pozvala na Zoom p\u0159edn\u00e1\u0161ku o pen\u011b\u017en\u00edm syst\u00e9mu Gradido s Berndem H\u00fcckst\u00e4dtem 24. srpna 2022. Na rozd\u00edl od star\u00e9ho syst\u00e9mu dluhov\u00fdch pen\u011bz jsou u Gradida pen\u00edze vytv\u00e1\u0159eny ka\u017ed\u00fdm \u010dlov\u011bkem.","robots":{"index":"index","follow":"follow","max-snippet":"max-snippet:-1","max-image-preview":"max-image-preview:large","max-video-preview":"max-video-preview:-1"},"canonical":"https:\/\/gradido.net\/cs\/gradido-dankbarkeit-mit-system\/","og_locale":"cs_CZ","og_type":"article","og_title":"Gradido \u2013 Dankbarkeit mit System - Gradido","og_description":"Die Partei dieBasis lud ein zu einem Zoom-Vortrag zum Geldsystem Gradido mit Bernd H\u00fcckst\u00e4dt am 24. August 2022. Im Gegensatz zum alten Schuldgeldsystem erfolgt bei Gradido die Geldsch\u00f6pfung durch jeden Menschen.","og_url":"https:\/\/gradido.net\/cs\/gradido-dankbarkeit-mit-system\/","og_site_name":"Gradido","article_published_time":"2022-08-25T09:49:39+00:00","article_modified_time":"2026-04-24T06:16:22+00:00","og_image":[{"width":1000,"height":560,"url":"https:\/\/gradido.net\/wp-content\/uploads\/2022\/08\/Gradido_dieBasis.jpg","type":"image\/jpeg"}],"author":"Bernd H\u00fcckst\u00e4dt","twitter_card":"summary_large_image","twitter_misc":{"Napsal(a)":"Bernd H\u00fcckst\u00e4dt","Odhadovan\u00e1 doba \u010dten\u00ed":"2 minuty"},"schema":{"@context":"https:\/\/schema.org","@graph":[{"@type":"Article","@id":"https:\/\/gradido.net\/gradido-dankbarkeit-mit-system\/#article","isPartOf":{"@id":"https:\/\/gradido.net\/gradido-dankbarkeit-mit-system\/"},"author":{"name":"Bernd H\u00fcckst\u00e4dt","@id":"https:\/\/gradido.net\/de\/#\/schema\/person\/9c503a004ad15a1ddecadce2218db5d1"},"headline":"Gradido \u2013 Dankbarkeit mit System","datePublished":"2022-08-25T09:49:39+00:00","dateModified":"2026-04-24T06:16:22+00:00","mainEntityOfPage":{"@id":"https:\/\/gradido.net\/gradido-dankbarkeit-mit-system\/"},"wordCount":268,"publisher":{"@id":"https:\/\/gradido.net\/de\/#organization"},"image":{"@id":"https:\/\/gradido.net\/gradido-dankbarkeit-mit-system\/#primaryimage"},"thumbnailUrl":"https:\/\/gradido.net\/wp-content\/uploads\/2022\/08\/Gradido_dieBasis.jpg","articleSection":["Blog","Psychologie"],"inLanguage":"cs"},{"@type":"WebPage","@id":"https:\/\/gradido.net\/gradido-dankbarkeit-mit-system\/","url":"https:\/\/gradido.net\/gradido-dankbarkeit-mit-system\/","name":"Gradido - Vd\u011b\u010dnost se syst\u00e9mem - Gradido","isPartOf":{"@id":"https:\/\/gradido.net\/de\/#website"},"primaryImageOfPage":{"@id":"https:\/\/gradido.net\/gradido-dankbarkeit-mit-system\/#primaryimage"},"image":{"@id":"https:\/\/gradido.net\/gradido-dankbarkeit-mit-system\/#primaryimage"},"thumbnailUrl":"https:\/\/gradido.net\/wp-content\/uploads\/2022\/08\/Gradido_dieBasis.jpg","datePublished":"2022-08-25T09:49:39+00:00","dateModified":"2026-04-24T06:16:22+00:00","description":"Strana dieBasis pozvala na Zoom p\u0159edn\u00e1\u0161ku o pen\u011b\u017en\u00edm syst\u00e9mu Gradido s Berndem H\u00fcckst\u00e4dtem 24. srpna 2022. Na rozd\u00edl od star\u00e9ho syst\u00e9mu dluhov\u00fdch pen\u011bz jsou u Gradida pen\u00edze vytv\u00e1\u0159eny ka\u017ed\u00fdm \u010dlov\u011bkem.","breadcrumb":{"@id":"https:\/\/gradido.net\/gradido-dankbarkeit-mit-system\/#breadcrumb"},"inLanguage":"cs","potentialAction":[{"@type":"ReadAction","target":["https:\/\/gradido.net\/gradido-dankbarkeit-mit-system\/"]}]},{"@type":"ImageObject","inLanguage":"cs","@id":"https:\/\/gradido.net\/gradido-dankbarkeit-mit-system\/#primaryimage","url":"https:\/\/gradido.net\/wp-content\/uploads\/2022\/08\/Gradido_dieBasis.jpg","contentUrl":"https:\/\/gradido.net\/wp-content\/uploads\/2022\/08\/Gradido_dieBasis.jpg","width":1000,"height":560},{"@type":"BreadcrumbList","@id":"https:\/\/gradido.net\/gradido-dankbarkeit-mit-system\/#breadcrumb","itemListElement":[{"@type":"ListItem","position":1,"name":"Startseite","item":"https:\/\/gradido.net\/"},{"@type":"ListItem","position":2,"name":"Gradido \u2013 Dankbarkeit mit System"}]},{"@type":"WebSite","@id":"https:\/\/gradido.net\/de\/#website","url":"https:\/\/gradido.net\/de\/","name":"Gradido","description":"Novou m\u011bnou je vd\u011b\u010dnost","publisher":{"@id":"https:\/\/gradido.net\/de\/#organization"},"potentialAction":[{"@type":"SearchAction","target":{"@type":"EntryPoint","urlTemplate":"https:\/\/gradido.net\/de\/?s={search_term_string}"},"query-input":{"@type":"PropertyValueSpecification","valueRequired":true,"valueName":"search_term_string"}}],"inLanguage":"cs"},{"@type":"Organization","@id":"https:\/\/gradido.net\/de\/#organization","name":"Gradido","url":"https:\/\/gradido.net\/de\/","logo":{"@type":"ImageObject","inLanguage":"cs","@id":"https:\/\/gradido.net\/de\/#\/schema\/logo\/image\/","url":"https:\/\/gradido.net\/wp-content\/uploads\/2022\/04\/gradido-social.jpg","contentUrl":"https:\/\/gradido.net\/wp-content\/uploads\/2022\/04\/gradido-social.jpg","width":527,"height":273,"caption":"Gradido"},"image":{"@id":"https:\/\/gradido.net\/de\/#\/schema\/logo\/image\/"}},{"@type":"Person","@id":"https:\/\/gradido.net\/de\/#\/schema\/person\/9c503a004ad15a1ddecadce2218db5d1","name":"Bernd H\u00fcckst\u00e4dt","sameAs":["https:\/\/gradido.net"],"url":"https:\/\/gradido.net\/cs\/author\/bernd\/"}]}},"_links":{"self":[{"href":"https:\/\/gradido.net\/cs\/wp-json\/wp\/v2\/posts\/5543","targetHints":{"allow":["GET"]}}],"collection":[{"href":"https:\/\/gradido.net\/cs\/wp-json\/wp\/v2\/posts"}],"about":[{"href":"https:\/\/gradido.net\/cs\/wp-json\/wp\/v2\/types\/post"}],"author":[{"embeddable":true,"href":"https:\/\/gradido.net\/cs\/wp-json\/wp\/v2\/users\/2"}],"replies":[{"embeddable":true,"href":"https:\/\/gradido.net\/cs\/wp-json\/wp\/v2\/comments?post=5543"}],"version-history":[{"count":25,"href":"https:\/\/gradido.net\/cs\/wp-json\/wp\/v2\/posts\/5543\/revisions"}],"predecessor-version":[{"id":13605,"href":"https:\/\/gradido.net\/cs\/wp-json\/wp\/v2\/posts\/5543\/revisions\/13605"}],"wp:featuredmedia":[{"embeddable":true,"href":"https:\/\/gradido.net\/cs\/wp-json\/wp\/v2\/media\/5546"}],"wp:attachment":[{"href":"https:\/\/gradido.net\/cs\/wp-json\/wp\/v2\/media?parent=5543"}],"wp:term":[{"taxonomy":"category","embeddable":true,"href":"https:\/\/gradido.net\/cs\/wp-json\/wp\/v2\/categories?post=5543"},{"taxonomy":"post_tag","embeddable":true,"href":"https:\/\/gradido.net\/cs\/wp-json\/wp\/v2\/tags?post=5543"}],"curies":[{"name":"wp","href":"https:\/\/api.w.org\/{rel}","templated":true}]}}