{"id":616,"date":"2020-05-26T15:29:00","date_gmt":"2020-05-26T13:29:00","guid":{"rendered":"http:\/\/neu.gradido.net\/?p=616"},"modified":"2021-12-10T13:08:25","modified_gmt":"2021-12-10T12:08:25","slug":"corona-krise-zeit-fuer-die-natuerliche-oekonomie-des-lebens","status":"publish","type":"post","link":"https:\/\/gradido.net\/cs\/corona-krise-zeit-fuer-die-natuerliche-oekonomie-des-lebens\/","title":{"rendered":"Krize Corona: \u010das pro p\u0159irozenou ekonomiku \u017eivota"},"content":{"rendered":"<div data-elementor-type=\"wp-post\" data-elementor-id=\"616\" class=\"elementor elementor-616\" data-elementor-post-type=\"post\">\n\t\t\t\t\t\t<section class=\"elementor-section elementor-top-section elementor-element elementor-element-f9a81c7 elementor-section-boxed elementor-section-height-default elementor-section-height-default\" data-id=\"f9a81c7\" data-element_type=\"section\" data-e-type=\"section\">\n\t\t\t\t\t\t<div class=\"elementor-container elementor-column-gap-default\">\n\t\t\t\t\t<div class=\"elementor-column elementor-col-100 elementor-top-column elementor-element elementor-element-31d55dd\" data-id=\"31d55dd\" data-element_type=\"column\" data-e-type=\"column\">\n\t\t\t<div class=\"elementor-widget-wrap elementor-element-populated\">\n\t\t\t\t\t\t<div class=\"elementor-element elementor-element-6cca0d4 elementor-widget elementor-widget-text-editor\" data-id=\"6cca0d4\" data-element_type=\"widget\" data-e-type=\"widget\" data-widget_type=\"text-editor.default\">\n\t\t\t\t<div class=\"elementor-widget-container\">\n\t\t\t\t\t\t\t\t\t<h2>Ekonomick\u00e1 bionika podporuje glob\u00e1ln\u00ed m\u011bnu spole\u010dn\u00e9ho dobra<\/h2>\n<p><strong>K\u00fcnzelsau, 26. kv\u011btna 2020 - Krize Corona b\u011bhem velmi kr\u00e1tk\u00e9 doby z\u00e1sadn\u011b zm\u011bnila n\u00e1\u0161 sv\u011bt. Navzdory miliardov\u00fdm program\u016fm pomoci se ekonomika propad\u00e1. Hroz\u00ed, \u017ee sv\u011btov\u00fd finan\u010dn\u00ed syst\u00e9m zkrachuje, co\u017e povede k masov\u00e9 platebn\u00ed neschopnosti, rekordn\u00ed nezam\u011bstnanosti a naprost\u00e9 chudob\u011b. Tyto probl\u00e9my m\u016f\u017ee lidstvo p\u0159ekonat pouze s nov\u00fdm udr\u017eiteln\u00fdm m\u011bnov\u00fdm syst\u00e9mem, v n\u011bm\u017e budou ekonomick\u00e9, ekologick\u00e9 a soci\u00e1ln\u00ed pob\u00eddky sm\u011b\u0159ovat stejn\u00fdm sm\u011brem. Akademie Gradido pro ekonomickou bioniku takov\u00fd syst\u00e9m vyvinula. Nov\u00e1 m\u011bna spole\u010dn\u00e9ho dobra \"Gradido\" m\u00e1 potenci\u00e1l vytvo\u0159it prosperitu a m\u00edr na cel\u00e9m sv\u011bt\u011b.<\/strong><\/p>\n<p><strong><!-- \/wp:paragraph --><!-- wp:paragraph --><\/strong><\/p>\n<p><strong>Akademie Gradido ji\u017e 20 let vyv\u00edj\u00ed m\u011bnu spole\u010dn\u00e9ho dobra, kter\u00e1 je zalo\u017eena na p\u0159\u00edrodn\u00edm vzoru. V neust\u00e1l\u00e9m kolob\u011bhu st\u00e1v\u00e1n\u00ed se a zanik\u00e1n\u00ed se v\u0161e v p\u0159\u00edrod\u011b pohybuje v cyklech. Jedin\u011b tak lze zajistit neust\u00e1lou obnovu na\u0161\u00ed planety. V souladu s t\u00edmto \"kolob\u011bhem \u017eivota\" funguje tak\u00e9 rovnov\u00e1\u017en\u00fd syst\u00e9m \"Gradido\", kter\u00fd by mohl cel\u00e9mu lidstvu zajistit nejen stabiln\u00ed \u017eivobyt\u00ed, ale dokonce i \u017eivot v blahobytu a m\u00edrov\u00e9m sou\u017eit\u00ed.<\/strong><\/p>\n<p><!-- \/wp:paragraph --><!-- wp:paragraph --><\/p>\n<p><strong>Ekonomick\u00e1 pandemie byla nevyhnuteln\u00e1<\/strong><br>Virus nen\u00ed p\u0159\u00ed\u010dinou, ale pouze spou\u0161t\u011b\u010dem celosv\u011btov\u00e9 \"ekonomick\u00e9 pandemie\", vysv\u011btluj\u00ed odborn\u00edci na ekonomickou bioniku Margret Baierov\u00e1 a Bernd H\u00fcckst\u00e4dt. \"Stejn\u011b jako k\u00e1men pouze spust\u00ed lavinu a ta se z\u0159\u00edt\u00ed do \u00fadol\u00ed, proto\u017ee p\u016fda nebyla dostate\u010dn\u011b stabiln\u00ed, tak i virus Corona byl schopen spustit sou\u010dasnou krizi glob\u00e1ln\u00edho ekonomick\u00e9ho a finan\u010dn\u00edho syst\u00e9mu pouze proto, \u017ee sou\u010dasn\u00fd sv\u011btov\u00fd finan\u010dn\u00ed syst\u00e9m je extr\u00e9mn\u011b nestabiln\u00ed,\" vysv\u011btluje H\u00fcckst\u00e4dt. Zakladatel\u00e9 Akademie Gradido se zab\u00fdvaj\u00ed ot\u00e1zkou, co se ekonomika m\u016f\u017ee nau\u010dit od p\u0159\u00edrody. Stejn\u011b jako ka\u017ed\u00fd leteck\u00fd in\u017een\u00fdr mus\u00ed studovat let pt\u00e1k\u016f, zkoum\u00e1 ekonomick\u00fd bionicista, kter\u00e9 p\u0159\u00edrodn\u00ed procesy by mohly b\u00fdt modelem pro \u00fasp\u011b\u0161n\u00e9 ekonomick\u00e9 procesy. Podle z\u00e1v\u011br\u016f Akademie Gradido nelze deklarovan\u00e9ho c\u00edle soci\u00e1ln\u011b tr\u017en\u00edho hospod\u00e1\u0159stv\u00ed, tedy vytvo\u0159en\u00ed prosperity pro v\u0161echny, se sou\u010dasn\u00fdm finan\u010dn\u00edm syst\u00e9mem v\u016fbec dos\u00e1hnout. M\u00edsto toho je pro tento syst\u00e9m typick\u00e9, \u017ee \u00fav\u011br jedn\u011bch je dluhem druh\u00fdch. Fat\u00e1ln\u00ed d\u016fsledek: p\u0159evl\u00e1daj\u00edc\u00ed ekonomick\u00fd syst\u00e9m vytv\u00e1\u0159\u00ed katastrof\u00e1ln\u00ed podn\u011bty pro vyko\u0159is\u0165ov\u00e1n\u00ed lid\u00ed a p\u0159\u00edrody. Nevyhnuteln\u00fdmi d\u016fsledky jsou celosv\u011btov\u00e1 chudoba, v\u00e1lky a katastrof\u00e1ln\u00ed ni\u010den\u00ed \u017eivotn\u00edho prost\u0159ed\u00ed. Budoucnost lidstva a na\u0161\u00ed planety je tak existen\u010dn\u011b ohro\u017eena.<\/p>\n<p><!-- \/wp:paragraph --><!-- wp:paragraph --><\/p>\n<p><strong>Hodina ekonomick\u00e9 bioniky<\/strong><br>Vyn\u00e1lezci \"m\u011bny Gradido\" nyn\u00ed vid\u00ed \u0161anci, jak tento za\u010darovan\u00fd kruh trvale p\u0159eru\u0161it. Celosv\u011btov\u00e1 v\u00fdluka spole\u010dnosti Corona vyvol\u00e1v\u00e1 nejen pot\u0159ebu p\u0159ehodnocen\u00ed, ale tak\u00e9 jasn\u00e9 uv\u011bdom\u011bn\u00ed si k\u0159ehkosti p\u0159evl\u00e1daj\u00edc\u00edho ekonomick\u00e9ho syst\u00e9mu. Otev\u00edr\u00e1 tak\u00e9 novou citlivost pro p\u0159\u00edrodn\u00ed modely \u00fasp\u011bchu, kter\u00e9 se osv\u011bd\u010dily ji\u017e p\u0159ed \u010dty\u0159mi a p\u016fl miliardami let. Spole\u010dnost proto s \u010d\u00edm d\u00e1l v\u011bt\u0161\u00edm o\u010dek\u00e1v\u00e1n\u00edm vzhl\u00ed\u017e\u00ed ke st\u00e1le je\u0161t\u011b mlad\u00e9 v\u011bd\u011b ekonomick\u00e9 bioniky a jej\u00edm odpov\u011bd\u00edm na existenci\u00e1ln\u00ed ot\u00e1zky na\u0161\u00ed doby.<\/p>\n<p><!-- \/wp:paragraph --><!-- wp:paragraph --><\/p>\n<p><strong>Akademie Gradido<\/strong><br>N\u00e1zev \"Gradido\" je slo\u017een z anglick\u00fdch v\u00fdraz\u016f pro vd\u011b\u010dnost, d\u016fstojnost a dar. Spojuje tak t\u0159i z\u00e1kladn\u00ed hodnoty nov\u00e9 ekonomick\u00e9 kultury, kter\u00e1 m\u00e1 umo\u017enit a zajistit zdravou hospod\u00e1\u0159skou \u010dinnost ve prosp\u011bch v\u0161ech. Z\u00e1kladn\u00ed etick\u00fd princip \"Gradido\" je zalo\u017een na harmonizaci blaha jednotlivce s blahem komunity a v\u011bt\u0161\u00edho celku - ve smyslu p\u0159\u00edrody a \u017eivotn\u00edho prost\u0159ed\u00ed. Kolob\u011bh \u017eivota je z\u00e1kladn\u00edm receptem p\u0159\u00edrody na \u00fasp\u011bch. P\u0159\u00edroda se \u0159\u00edd\u00ed pravidlem, \u017ee pouze tam, kde n\u011bco zanik\u00e1, m\u016f\u017ee vzniknout n\u011bco nov\u00e9ho, a tak je mo\u017en\u00e9 dlouhodob\u00e9 zlep\u0161ov\u00e1n\u00ed (evoluce). Pokud by se na\u0161e ekonomika \u0159\u00eddila t\u00edmto p\u0159irozen\u00fdm cyklem, mohli by podle odborn\u00edk\u016f na ekonomickou bioniku vy\u0159e\u0161it prakticky v\u0161echny probl\u00e9my sv\u011bta spojen\u00e9 s pen\u011bzi. Sou\u010dasn\u00fd sv\u011btov\u00fd hospod\u00e1\u0159sk\u00fd syst\u00e9m m\u00e1 v\u0161ak p\u0159esn\u011b opa\u010dn\u00fd \u00fa\u010dinek. Usiluje o exponenci\u00e1ln\u00ed hospod\u00e1\u0159sk\u00fd r\u016fst, kter\u00fd z podstaty syst\u00e9mu mus\u00ed v\u017edy v\u00e9st ke kolapsu.<\/p>\n<p><!-- \/wp:paragraph --><!-- wp:paragraph --><\/p>\n<p><strong>M\u011bna Gradido<\/strong><br>V modelu Akademie Gradido je cyklus st\u00e1v\u00e1n\u00ed se a zanik\u00e1n\u00ed integrov\u00e1n prost\u0159ednictv\u00edm pravideln\u00e9 tvorby pen\u011bz a pl\u00e1novan\u00e9 pom\u00edjivosti pen\u011bz. Pen\u00edze se vytv\u00e1\u0159ej\u00ed na z\u00e1klad\u011b popula\u010dn\u00edho v\u00fdvoje. T\u00edm se eliminuje neomezen\u00e9 mno\u017een\u00ed zaknihovan\u00fdch pen\u011bz a v\u00fdvoj pen\u011b\u017en\u00ed z\u00e1soby se dost\u00e1v\u00e1 na p\u0159irozen\u00fd z\u00e1klad. V modelu Akademie Gradido se pen\u00edze rozd\u011bluj\u00ed podle principu t\u0159\u00ed pil\u00ed\u0159\u016f: na ka\u017ed\u00e9ho ob\u010dana sv\u011bta p\u0159ipad\u00e1 celkem 3 000 \"Gradido\", co\u017e je n\u00e1zev m\u011bny. Jedna t\u0159etina p\u0159ipad\u00e1 ka\u017ed\u00e9mu ob\u010danovi jako aktivn\u00ed z\u00e1kladn\u00ed p\u0159\u00edjem, druhou t\u0159etinu dost\u00e1v\u00e1 st\u00e1t za sv\u00e9 slu\u017eby obci a t\u0159et\u00ed \u010d\u00e1st jde do kompenza\u010dn\u00edho a ekologick\u00e9ho fondu, aby bylo mo\u017en\u00e9 vy\u010distit hospod\u00e1\u0159sk\u00e9 a ekologick\u00e9 d\u011bdictv\u00ed. D\u016fvod, pro\u010d jsou pen\u00edze rozd\u011bleny pr\u00e1v\u011b t\u00edmto zp\u016fsobem, vych\u00e1z\u00ed z etiky \"troj\u00edho dobra\". Jednotlivec je sou\u010d\u00e1st\u00ed komunity, st\u00e1tu, a ten je zase sou\u010d\u00e1st\u00ed \"velk\u00e9ho obrazu\", ekosyst\u00e9mu. Pokud je jeden z t\u011bchto t\u0159\u00ed aspekt\u016f zanedb\u00e1n, je cel\u00fd syst\u00e9m v nerovnov\u00e1ze. B\u011bhem ka\u017ed\u00e9ho roku vypr\u0161\u00ed platnost 50 % vytvo\u0159en\u00fdch pen\u011bz. Tento pl\u00e1novan\u00fd cyklus vzniku a z\u00e1niku udr\u017euje stabiln\u00ed pen\u011b\u017en\u00ed z\u00e1sobu a rovnov\u00e1hu syst\u00e9mu.<strong>.<\/strong>&nbsp;Zaveden\u00ed m\u011bny Gradido m\u016f\u017ee prob\u00edhat celosv\u011btov\u011b i v jednotliv\u00fdch zem\u00edch, m\u016f\u017ee b\u00fdt navr\u017eeno postupn\u011b paraleln\u011b se st\u00e1vaj\u00edc\u00edm syst\u00e9mem, aby bylo mo\u017en\u00e9 v\u0161echny prvky bez rizika otestovat a v p\u0159\u00edpad\u011b pot\u0159eby optimalizovat.<\/p>\n<p><!-- \/wp:paragraph --><!-- wp:paragraph --><\/p>\n<p><strong>V\u00e1\u0161e\u0148 a odpov\u011bdnost<\/strong><br>\"Mezin\u00e1rodn\u00ed m\u011bnov\u00fd fond (MMF) p\u0159edpov\u00edd\u00e1 nejhor\u0161\u00ed hospod\u00e1\u0159skou krizi za posledn\u00edch 90 let, a proto je nyn\u00ed nutn\u00e9 naj\u00edt nov\u00e1 \u0159e\u0161en\u00ed. \u010cas pro Gradido skute\u010dn\u011b dozr\u00e1l a my pova\u017eujeme za svou povinnost tento model vn\u00e9st do politick\u00e9 diskuse,\" zd\u016fraz\u0148uje Bernd H\u00fcckst\u00e4dt. Margret Baierov\u00e1 k tomu dod\u00e1v\u00e1: \"Na\u0161li jsme \u0159e\u0161en\u00ed orientovan\u00e9 na p\u0159\u00edrodn\u00ed principy, kter\u00e9 zajist\u00ed hodnotnou budoucnost pro sou\u010dasn\u00e9 i budouc\u00ed generace. T\u00edmto zp\u016fsobem se n\u00e1m skute\u010dn\u011b m\u016f\u017ee poda\u0159it splnit jeden z nejv\u011bt\u0161\u00edch sn\u016f lidstva a p\u0159in\u00e9st trval\u00fd m\u00edr a prosperitu v\u0161em lidem na Zemi v souladu s p\u0159\u00edrodou.\" Dal\u0161\u00ed informace naleznete na adrese&nbsp;<a href=\"https:\/\/gradido.net\/cs\/\" target=\"_blank\" rel=\"noreferrer noopener\" data-type=\"URL\" data-id=\"https:\/\/gradido.net\/\">www.gradido.net<\/a><\/p>\n<p><!-- \/wp:paragraph --><\/p>\t\t\t\t\t\t\t\t<\/div>\n\t\t\t\t<\/div>\n\t\t\t\t\t<\/div>\n\t\t<\/div>\n\t\t\t\t\t<\/div>\n\t\t<\/section>\n\t\t\t\t<\/div>","protected":false},"excerpt":{"rendered":"<p>Wirtschaftsbioniker setzen auf weltweite Gemeinwohlw\u00e4hrung K\u00fcnzelsau, 26. Mai 2020 \u2013 Die Corona-Krise hat unsere Welt binnen k\u00fcrzester Zeit grundlegend ver\u00e4ndert. Trotz billionenschwerer Hilfsprogramme befindet sich die Wirtschaft im freien Fall. Das weltweite Finanzsystem droht zu scheitern, gefolgt von Masseninsolvenzen, Rekordarbeitslosigkeit und bitterer Armut. Nur mit einem zukunftsf\u00e4higen neuen Geldsystem, bei dem die \u00f6konomischen, \u00f6kologischen und [&hellip;]<\/p>\n","protected":false},"author":1,"featured_media":858,"comment_status":"closed","ping_status":"closed","sticky":false,"template":"","format":"standard","meta":{"footnotes":""},"categories":[8],"tags":[15],"class_list":["post-616","post","type-post","status-publish","format-standard","has-post-thumbnail","hentry","category-pressemitteilung","tag-wirtschaftsbionik"],"yoast_head":"<!-- This site is optimized with the Yoast SEO plugin v27.5 - https:\/\/yoast.com\/product\/yoast-seo-wordpress\/ -->\n<title>Corona-Krise: Zeit f\u00fcr die \u201eNat\u00fcrliche \u00d6konomie des Lebens\u201c - Gradido<\/title>\n<meta name=\"robots\" content=\"index, follow, max-snippet:-1, max-image-preview:large, max-video-preview:-1\" \/>\n<link rel=\"canonical\" href=\"https:\/\/gradido.net\/cs\/corona-krise-zeit-fuer-die-natuerliche-oekonomie-des-lebens\/\" \/>\n<meta property=\"og:locale\" content=\"cs_CZ\" \/>\n<meta property=\"og:type\" content=\"article\" \/>\n<meta property=\"og:title\" content=\"Corona-Krise: Zeit f\u00fcr die \u201eNat\u00fcrliche \u00d6konomie des Lebens\u201c - Gradido\" \/>\n<meta property=\"og:description\" content=\"Wirtschaftsbioniker setzen auf weltweite Gemeinwohlw\u00e4hrung K\u00fcnzelsau, 26. Mai 2020 \u2013 Die Corona-Krise hat unsere Welt binnen k\u00fcrzester Zeit grundlegend ver\u00e4ndert. Trotz billionenschwerer Hilfsprogramme befindet sich die Wirtschaft im freien Fall. Das weltweite Finanzsystem droht zu scheitern, gefolgt von Masseninsolvenzen, Rekordarbeitslosigkeit und bitterer Armut. Nur mit einem zukunftsf\u00e4higen neuen Geldsystem, bei dem die \u00f6konomischen, \u00f6kologischen und [&hellip;]\" \/>\n<meta property=\"og:url\" content=\"https:\/\/gradido.net\/cs\/corona-krise-zeit-fuer-die-natuerliche-oekonomie-des-lebens\/\" \/>\n<meta property=\"og:site_name\" content=\"Gradido\" \/>\n<meta property=\"article:published_time\" content=\"2020-05-26T13:29:00+00:00\" \/>\n<meta property=\"article:modified_time\" content=\"2021-12-10T12:08:25+00:00\" \/>\n<meta property=\"og:image\" content=\"https:\/\/gradido.net\/wp-content\/uploads\/2020\/05\/gemeinwohlwaehrung.jpg\" \/>\n\t<meta property=\"og:image:width\" content=\"1000\" \/>\n\t<meta property=\"og:image:height\" content=\"684\" \/>\n\t<meta property=\"og:image:type\" content=\"image\/jpeg\" \/>\n<meta name=\"author\" content=\"GR4dmin\" \/>\n<meta name=\"twitter:card\" content=\"summary_large_image\" \/>\n<meta name=\"twitter:label1\" content=\"Napsal(a)\" \/>\n\t<meta name=\"twitter:data1\" content=\"GR4dmin\" \/>\n\t<meta name=\"twitter:label2\" content=\"Odhadovan\u00e1 doba \u010dten\u00ed\" \/>\n\t<meta name=\"twitter:data2\" content=\"5 minut\" \/>\n<script type=\"application\/ld+json\" class=\"yoast-schema-graph\">{\"@context\":\"https:\\\/\\\/schema.org\",\"@graph\":[{\"@type\":\"Article\",\"@id\":\"https:\\\/\\\/gradido.net\\\/et\\\/corona-krise-zeit-fuer-die-natuerliche-oekonomie-des-lebens\\\/#article\",\"isPartOf\":{\"@id\":\"https:\\\/\\\/gradido.net\\\/et\\\/corona-krise-zeit-fuer-die-natuerliche-oekonomie-des-lebens\\\/\"},\"author\":{\"name\":\"GR4dmin\",\"@id\":\"https:\\\/\\\/gradido.net\\\/de\\\/#\\\/schema\\\/person\\\/9f913f37a47e7a82ad686b58fc907588\"},\"headline\":\"Corona-Krise: Zeit f\u00fcr die \u201eNat\u00fcrliche \u00d6konomie des Lebens\u201c\",\"datePublished\":\"2020-05-26T13:29:00+00:00\",\"dateModified\":\"2021-12-10T12:08:25+00:00\",\"mainEntityOfPage\":{\"@id\":\"https:\\\/\\\/gradido.net\\\/et\\\/corona-krise-zeit-fuer-die-natuerliche-oekonomie-des-lebens\\\/\"},\"wordCount\":983,\"publisher\":{\"@id\":\"https:\\\/\\\/gradido.net\\\/de\\\/#organization\"},\"image\":{\"@id\":\"https:\\\/\\\/gradido.net\\\/et\\\/corona-krise-zeit-fuer-die-natuerliche-oekonomie-des-lebens\\\/#primaryimage\"},\"thumbnailUrl\":\"https:\\\/\\\/gradido.net\\\/wp-content\\\/uploads\\\/2020\\\/05\\\/gemeinwohlwaehrung.jpg\",\"keywords\":[\"Wirtschaftsbionik\"],\"articleSection\":[\"Pressemitteilung\"],\"inLanguage\":\"cs\"},{\"@type\":\"WebPage\",\"@id\":\"https:\\\/\\\/gradido.net\\\/et\\\/corona-krise-zeit-fuer-die-natuerliche-oekonomie-des-lebens\\\/\",\"url\":\"https:\\\/\\\/gradido.net\\\/et\\\/corona-krise-zeit-fuer-die-natuerliche-oekonomie-des-lebens\\\/\",\"name\":\"Corona-Krise: Zeit f\u00fcr die \u201eNat\u00fcrliche \u00d6konomie des Lebens\u201c - Gradido\",\"isPartOf\":{\"@id\":\"https:\\\/\\\/gradido.net\\\/de\\\/#website\"},\"primaryImageOfPage\":{\"@id\":\"https:\\\/\\\/gradido.net\\\/et\\\/corona-krise-zeit-fuer-die-natuerliche-oekonomie-des-lebens\\\/#primaryimage\"},\"image\":{\"@id\":\"https:\\\/\\\/gradido.net\\\/et\\\/corona-krise-zeit-fuer-die-natuerliche-oekonomie-des-lebens\\\/#primaryimage\"},\"thumbnailUrl\":\"https:\\\/\\\/gradido.net\\\/wp-content\\\/uploads\\\/2020\\\/05\\\/gemeinwohlwaehrung.jpg\",\"datePublished\":\"2020-05-26T13:29:00+00:00\",\"dateModified\":\"2021-12-10T12:08:25+00:00\",\"breadcrumb\":{\"@id\":\"https:\\\/\\\/gradido.net\\\/et\\\/corona-krise-zeit-fuer-die-natuerliche-oekonomie-des-lebens\\\/#breadcrumb\"},\"inLanguage\":\"cs\",\"potentialAction\":[{\"@type\":\"ReadAction\",\"target\":[\"https:\\\/\\\/gradido.net\\\/et\\\/corona-krise-zeit-fuer-die-natuerliche-oekonomie-des-lebens\\\/\"]}]},{\"@type\":\"ImageObject\",\"inLanguage\":\"cs\",\"@id\":\"https:\\\/\\\/gradido.net\\\/et\\\/corona-krise-zeit-fuer-die-natuerliche-oekonomie-des-lebens\\\/#primaryimage\",\"url\":\"https:\\\/\\\/gradido.net\\\/wp-content\\\/uploads\\\/2020\\\/05\\\/gemeinwohlwaehrung.jpg\",\"contentUrl\":\"https:\\\/\\\/gradido.net\\\/wp-content\\\/uploads\\\/2020\\\/05\\\/gemeinwohlwaehrung.jpg\",\"width\":1000,\"height\":684},{\"@type\":\"BreadcrumbList\",\"@id\":\"https:\\\/\\\/gradido.net\\\/et\\\/corona-krise-zeit-fuer-die-natuerliche-oekonomie-des-lebens\\\/#breadcrumb\",\"itemListElement\":[{\"@type\":\"ListItem\",\"position\":1,\"name\":\"Startseite\",\"item\":\"https:\\\/\\\/gradido.net\\\/\"},{\"@type\":\"ListItem\",\"position\":2,\"name\":\"Corona-Krise: Zeit f\u00fcr die \u201eNat\u00fcrliche \u00d6konomie des Lebens\u201c\"}]},{\"@type\":\"WebSite\",\"@id\":\"https:\\\/\\\/gradido.net\\\/de\\\/#website\",\"url\":\"https:\\\/\\\/gradido.net\\\/de\\\/\",\"name\":\"Gradido\",\"description\":\"Die neue W\u00e4hrung hei\u00dft Dankbarkeit\",\"publisher\":{\"@id\":\"https:\\\/\\\/gradido.net\\\/de\\\/#organization\"},\"potentialAction\":[{\"@type\":\"SearchAction\",\"target\":{\"@type\":\"EntryPoint\",\"urlTemplate\":\"https:\\\/\\\/gradido.net\\\/de\\\/?s={search_term_string}\"},\"query-input\":{\"@type\":\"PropertyValueSpecification\",\"valueRequired\":true,\"valueName\":\"search_term_string\"}}],\"inLanguage\":\"cs\"},{\"@type\":\"Organization\",\"@id\":\"https:\\\/\\\/gradido.net\\\/de\\\/#organization\",\"name\":\"Gradido\",\"url\":\"https:\\\/\\\/gradido.net\\\/de\\\/\",\"logo\":{\"@type\":\"ImageObject\",\"inLanguage\":\"cs\",\"@id\":\"https:\\\/\\\/gradido.net\\\/de\\\/#\\\/schema\\\/logo\\\/image\\\/\",\"url\":\"https:\\\/\\\/gradido.net\\\/wp-content\\\/uploads\\\/2022\\\/04\\\/gradido-social.jpg\",\"contentUrl\":\"https:\\\/\\\/gradido.net\\\/wp-content\\\/uploads\\\/2022\\\/04\\\/gradido-social.jpg\",\"width\":527,\"height\":273,\"caption\":\"Gradido\"},\"image\":{\"@id\":\"https:\\\/\\\/gradido.net\\\/de\\\/#\\\/schema\\\/logo\\\/image\\\/\"}},{\"@type\":\"Person\",\"@id\":\"https:\\\/\\\/gradido.net\\\/de\\\/#\\\/schema\\\/person\\\/9f913f37a47e7a82ad686b58fc907588\",\"name\":\"GR4dmin\",\"sameAs\":[\"https:\\\/\\\/gradido.net\"],\"url\":\"https:\\\/\\\/gradido.net\\\/cs\\\/author\\\/gr4dmin\\\/\"}]}<\/script>\n<!-- \/ Yoast SEO plugin. -->","yoast_head_json":{"title":"Krize Corona: \u010das na \"p\u0159irozenou ekonomiku \u017eivota\" - Gradido","robots":{"index":"index","follow":"follow","max-snippet":"max-snippet:-1","max-image-preview":"max-image-preview:large","max-video-preview":"max-video-preview:-1"},"canonical":"https:\/\/gradido.net\/cs\/corona-krise-zeit-fuer-die-natuerliche-oekonomie-des-lebens\/","og_locale":"cs_CZ","og_type":"article","og_title":"Corona-Krise: Zeit f\u00fcr die \u201eNat\u00fcrliche \u00d6konomie des Lebens\u201c - Gradido","og_description":"Wirtschaftsbioniker setzen auf weltweite Gemeinwohlw\u00e4hrung K\u00fcnzelsau, 26. Mai 2020 \u2013 Die Corona-Krise hat unsere Welt binnen k\u00fcrzester Zeit grundlegend ver\u00e4ndert. Trotz billionenschwerer Hilfsprogramme befindet sich die Wirtschaft im freien Fall. Das weltweite Finanzsystem droht zu scheitern, gefolgt von Masseninsolvenzen, Rekordarbeitslosigkeit und bitterer Armut. Nur mit einem zukunftsf\u00e4higen neuen Geldsystem, bei dem die \u00f6konomischen, \u00f6kologischen und [&hellip;]","og_url":"https:\/\/gradido.net\/cs\/corona-krise-zeit-fuer-die-natuerliche-oekonomie-des-lebens\/","og_site_name":"Gradido","article_published_time":"2020-05-26T13:29:00+00:00","article_modified_time":"2021-12-10T12:08:25+00:00","og_image":[{"width":1000,"height":684,"url":"https:\/\/gradido.net\/wp-content\/uploads\/2020\/05\/gemeinwohlwaehrung.jpg","type":"image\/jpeg"}],"author":"GR4dmin","twitter_card":"summary_large_image","twitter_misc":{"Napsal(a)":"GR4dmin","Odhadovan\u00e1 doba \u010dten\u00ed":"5 minut"},"schema":{"@context":"https:\/\/schema.org","@graph":[{"@type":"Article","@id":"https:\/\/gradido.net\/et\/corona-krise-zeit-fuer-die-natuerliche-oekonomie-des-lebens\/#article","isPartOf":{"@id":"https:\/\/gradido.net\/et\/corona-krise-zeit-fuer-die-natuerliche-oekonomie-des-lebens\/"},"author":{"name":"GR4dmin","@id":"https:\/\/gradido.net\/de\/#\/schema\/person\/9f913f37a47e7a82ad686b58fc907588"},"headline":"Corona-Krise: Zeit f\u00fcr die \u201eNat\u00fcrliche \u00d6konomie des Lebens\u201c","datePublished":"2020-05-26T13:29:00+00:00","dateModified":"2021-12-10T12:08:25+00:00","mainEntityOfPage":{"@id":"https:\/\/gradido.net\/et\/corona-krise-zeit-fuer-die-natuerliche-oekonomie-des-lebens\/"},"wordCount":983,"publisher":{"@id":"https:\/\/gradido.net\/de\/#organization"},"image":{"@id":"https:\/\/gradido.net\/et\/corona-krise-zeit-fuer-die-natuerliche-oekonomie-des-lebens\/#primaryimage"},"thumbnailUrl":"https:\/\/gradido.net\/wp-content\/uploads\/2020\/05\/gemeinwohlwaehrung.jpg","keywords":["Wirtschaftsbionik"],"articleSection":["Pressemitteilung"],"inLanguage":"cs"},{"@type":"WebPage","@id":"https:\/\/gradido.net\/et\/corona-krise-zeit-fuer-die-natuerliche-oekonomie-des-lebens\/","url":"https:\/\/gradido.net\/et\/corona-krise-zeit-fuer-die-natuerliche-oekonomie-des-lebens\/","name":"Krize Corona: \u010das na \"p\u0159irozenou ekonomiku \u017eivota\" - Gradido","isPartOf":{"@id":"https:\/\/gradido.net\/de\/#website"},"primaryImageOfPage":{"@id":"https:\/\/gradido.net\/et\/corona-krise-zeit-fuer-die-natuerliche-oekonomie-des-lebens\/#primaryimage"},"image":{"@id":"https:\/\/gradido.net\/et\/corona-krise-zeit-fuer-die-natuerliche-oekonomie-des-lebens\/#primaryimage"},"thumbnailUrl":"https:\/\/gradido.net\/wp-content\/uploads\/2020\/05\/gemeinwohlwaehrung.jpg","datePublished":"2020-05-26T13:29:00+00:00","dateModified":"2021-12-10T12:08:25+00:00","breadcrumb":{"@id":"https:\/\/gradido.net\/et\/corona-krise-zeit-fuer-die-natuerliche-oekonomie-des-lebens\/#breadcrumb"},"inLanguage":"cs","potentialAction":[{"@type":"ReadAction","target":["https:\/\/gradido.net\/et\/corona-krise-zeit-fuer-die-natuerliche-oekonomie-des-lebens\/"]}]},{"@type":"ImageObject","inLanguage":"cs","@id":"https:\/\/gradido.net\/et\/corona-krise-zeit-fuer-die-natuerliche-oekonomie-des-lebens\/#primaryimage","url":"https:\/\/gradido.net\/wp-content\/uploads\/2020\/05\/gemeinwohlwaehrung.jpg","contentUrl":"https:\/\/gradido.net\/wp-content\/uploads\/2020\/05\/gemeinwohlwaehrung.jpg","width":1000,"height":684},{"@type":"BreadcrumbList","@id":"https:\/\/gradido.net\/et\/corona-krise-zeit-fuer-die-natuerliche-oekonomie-des-lebens\/#breadcrumb","itemListElement":[{"@type":"ListItem","position":1,"name":"Startseite","item":"https:\/\/gradido.net\/"},{"@type":"ListItem","position":2,"name":"Corona-Krise: Zeit f\u00fcr die \u201eNat\u00fcrliche \u00d6konomie des Lebens\u201c"}]},{"@type":"WebSite","@id":"https:\/\/gradido.net\/de\/#website","url":"https:\/\/gradido.net\/de\/","name":"Gradido","description":"Novou m\u011bnou je vd\u011b\u010dnost","publisher":{"@id":"https:\/\/gradido.net\/de\/#organization"},"potentialAction":[{"@type":"SearchAction","target":{"@type":"EntryPoint","urlTemplate":"https:\/\/gradido.net\/de\/?s={search_term_string}"},"query-input":{"@type":"PropertyValueSpecification","valueRequired":true,"valueName":"search_term_string"}}],"inLanguage":"cs"},{"@type":"Organization","@id":"https:\/\/gradido.net\/de\/#organization","name":"Gradido","url":"https:\/\/gradido.net\/de\/","logo":{"@type":"ImageObject","inLanguage":"cs","@id":"https:\/\/gradido.net\/de\/#\/schema\/logo\/image\/","url":"https:\/\/gradido.net\/wp-content\/uploads\/2022\/04\/gradido-social.jpg","contentUrl":"https:\/\/gradido.net\/wp-content\/uploads\/2022\/04\/gradido-social.jpg","width":527,"height":273,"caption":"Gradido"},"image":{"@id":"https:\/\/gradido.net\/de\/#\/schema\/logo\/image\/"}},{"@type":"Person","@id":"https:\/\/gradido.net\/de\/#\/schema\/person\/9f913f37a47e7a82ad686b58fc907588","name":"GR4dmin","sameAs":["https:\/\/gradido.net"],"url":"https:\/\/gradido.net\/cs\/author\/gr4dmin\/"}]}},"_links":{"self":[{"href":"https:\/\/gradido.net\/cs\/wp-json\/wp\/v2\/posts\/616","targetHints":{"allow":["GET"]}}],"collection":[{"href":"https:\/\/gradido.net\/cs\/wp-json\/wp\/v2\/posts"}],"about":[{"href":"https:\/\/gradido.net\/cs\/wp-json\/wp\/v2\/types\/post"}],"author":[{"embeddable":true,"href":"https:\/\/gradido.net\/cs\/wp-json\/wp\/v2\/users\/1"}],"replies":[{"embeddable":true,"href":"https:\/\/gradido.net\/cs\/wp-json\/wp\/v2\/comments?post=616"}],"version-history":[{"count":15,"href":"https:\/\/gradido.net\/cs\/wp-json\/wp\/v2\/posts\/616\/revisions"}],"predecessor-version":[{"id":3718,"href":"https:\/\/gradido.net\/cs\/wp-json\/wp\/v2\/posts\/616\/revisions\/3718"}],"wp:featuredmedia":[{"embeddable":true,"href":"https:\/\/gradido.net\/cs\/wp-json\/wp\/v2\/media\/858"}],"wp:attachment":[{"href":"https:\/\/gradido.net\/cs\/wp-json\/wp\/v2\/media?parent=616"}],"wp:term":[{"taxonomy":"category","embeddable":true,"href":"https:\/\/gradido.net\/cs\/wp-json\/wp\/v2\/categories?post=616"},{"taxonomy":"post_tag","embeddable":true,"href":"https:\/\/gradido.net\/cs\/wp-json\/wp\/v2\/tags?post=616"}],"curies":[{"name":"wp","href":"https:\/\/api.w.org\/{rel}","templated":true}]}}