{"id":633,"date":"2020-06-17T15:56:00","date_gmt":"2020-06-17T13:56:00","guid":{"rendered":"http:\/\/neu.gradido.net\/?p=633"},"modified":"2021-12-10T13:07:39","modified_gmt":"2021-12-10T12:07:39","slug":"grundeinkommen-statt-familienbonus","status":"publish","type":"post","link":"https:\/\/gradido.net\/cs\/grundeinkommen-statt-familienbonus\/","title":{"rendered":"Z\u00e1kladn\u00ed p\u0159\u00edjem m\u00edsto rodinn\u00e9ho p\u0159\u00edplatku"},"content":{"rendered":"<div data-elementor-type=\"wp-post\" data-elementor-id=\"633\" class=\"elementor elementor-633\" data-elementor-post-type=\"post\">\n\t\t\t\t\t\t<section class=\"elementor-section elementor-top-section elementor-element elementor-element-1290ed7f elementor-section-boxed elementor-section-height-default elementor-section-height-default\" data-id=\"1290ed7f\" data-element_type=\"section\" data-e-type=\"section\">\n\t\t\t\t\t\t<div class=\"elementor-container elementor-column-gap-default\">\n\t\t\t\t\t<div class=\"elementor-column elementor-col-100 elementor-top-column elementor-element elementor-element-55c8895b\" data-id=\"55c8895b\" data-element_type=\"column\" data-e-type=\"column\">\n\t\t\t<div class=\"elementor-widget-wrap elementor-element-populated\">\n\t\t\t\t\t\t<div class=\"elementor-element elementor-element-96a8bad elementor-widget elementor-widget-text-editor\" data-id=\"96a8bad\" data-element_type=\"widget\" data-e-type=\"widget\" data-widget_type=\"text-editor.default\">\n\t\t\t\t<div class=\"elementor-widget-container\">\n\t\t\t\t\t\t\t\t\t<h3>Model Gradido slibuje bezpe\u010dnost s budoucnost\u00ed<\/h3>\n<p><strong>K\u00fcnzelsau, 17. \u010dervna 2020 - Krize v Korun\u011b p\u0159in\u00e1\u0161\u00ed mnoha rodin\u00e1m tak\u00e9 v\u00e1\u017enou finan\u010dn\u00ed z\u00e1t\u011b\u017e. Jednor\u00e1zov\u00fd \"rodinn\u00fd bonus\" ve v\u00fd\u0161i 300 eur na d\u00edt\u011b m\u016f\u017ee jejich situaci jen st\u011b\u017e\u00ed zm\u00edrnit. Na po\u0159adu dne je sp\u00ed\u0161e rozhodn\u00e1 zm\u011bna kurzu a kreativn\u00ed rodinn\u00e1 politika. \"Aktivn\u00ed z\u00e1kladn\u00ed p\u0159\u00edjem\" evolu\u010dn\u00edho finan\u010dn\u00edho syst\u00e9mu Gradido m\u00e1 potenci\u00e1l zajistit existenci rodi\u010d\u016f a d\u011bt\u00ed. Dnes a v budoucnu.&nbsp;<\/strong><\/p>\n<p>Aktivn\u00ed z\u00e1kladn\u00ed p\u0159\u00edjem (AGE) vych\u00e1z\u00ed z my\u0161lenky \"nepodm\u00edn\u011bn\u00e9 \u00fa\u010dasti\". Ti, kte\u0159\u00ed ji cht\u011bj\u00ed vyu\u017e\u00edvat, p\u0159isp\u00edvaj\u00ed komunit\u011b sv\u00fdm talentem a sklony. Na tyto \u010dinnosti se odhaduje maxim\u00e1ln\u011b 50 hodin m\u011bs\u00ed\u010dn\u011b. Hodinov\u00e1 mzda \u010din\u00ed 20 \"Gradido\" (GDD), m\u011bs\u00ed\u010dn\u00ed z\u00e1kladn\u00ed p\u0159\u00edjem tedy 1000 GDD. Z\u00e1kladn\u00ed pot\u0159eby ka\u017ed\u00e9ho \u010dlov\u011bka by tak byly od nyn\u011bj\u0161ka zaji\u0161t\u011bny.<\/p>\n<p>V\u00fdzvy 21. stolet\u00ed lze zvl\u00e1dnout pouze s nov\u00fdm udr\u017eiteln\u00fdm hospod\u00e1\u0159sk\u00fdm a finan\u010dn\u00edm syst\u00e9mem. Akademie Gradido pro ekonomickou bioniku vyvinula takov\u00fd syst\u00e9m za posledn\u00edch 20 let. Syst\u00e9m rovnov\u00e1hy \"Gradido\" funguje podle p\u0159\u00edrodn\u00edho modelu a m\u016f\u017ee n\u00e1m i budouc\u00edm generac\u00edm zajistit trvalou prosperitu a m\u00edrov\u00e9 sou\u017eit\u00ed.<\/p>\n<p>Dal\u0161\u00ed informace o \"aktivn\u00edm z\u00e1kladn\u00edm p\u0159\u00edjmu\" podle modelu Gradido naleznete na adrese.&nbsp;<a href=\"https:\/\/gradido.net\/cs\/basic-income\/\">https:\/\/gradido.net\/de\/basic-income\/<\/a><\/p>\n<p><strong>O Akademii Gradido<\/strong><\/p>\n<p>Akademie Gradido pro ekonomickou bioniku vyvinula alternativn\u00ed \"m\u011bnu spole\u010dn\u00e9ho dobra\", kter\u00e1 je zalo\u017eena na p\u0159\u00edrodn\u00edm vzoru. P\u0159\u00edroda se \u0159\u00edd\u00ed pravidlem, \u017ee pouze tam, kde n\u011bco zanik\u00e1, m\u016f\u017ee vzniknout n\u011bco nov\u00e9ho, a tak je mo\u017en\u00e9 dlouhodob\u00e9 zlep\u0161ov\u00e1n\u00ed (evoluce). Jej\u00edm receptem na \u00fasp\u011bch je \"kolob\u011bh \u017eivota\". Kdyby se i na\u0161e ekonomika \u0159\u00eddila t\u00edmto p\u0159irozen\u00fdm cyklem, vy\u0159e\u0161ilo by to podle odborn\u00edk\u016f na ekonomickou bioniku prakticky v\u0161echny probl\u00e9my sv\u011bta spojen\u00e9 s pen\u011bzi. Model Gradido je zalo\u017een na my\u0161lence, \u017ee nejen ka\u017ed\u00e1 osoba, ale i ka\u017ed\u00fd st\u00e1t dost\u00e1v\u00e1 p\u0159\u00edjem vytvo\u0159en\u00fd na z\u00e1klad\u011b \u00fav\u011bru. D\u00edky tomu m\u016f\u017ee plnit v\u0161echny sv\u00e9 \u00fakoly bez v\u00fdb\u011bru dan\u00ed. Deflace nebo inflace jsou minulost\u00ed. Ekonomika je osvobozena od neust\u00e1l\u00e9ho nutk\u00e1n\u00ed r\u016fst, nebezpe\u010d\u00ed zhroucen\u00ed finan\u010dn\u00edho syst\u00e9mu je kone\u010dn\u011b za\u017eehn\u00e1no. (<a href=\"https:\/\/gradido.net\/cs\/\">www.gradido.net<\/a>)<\/p>\t\t\t\t\t\t\t\t<\/div>\n\t\t\t\t<\/div>\n\t\t\t\t\t<\/div>\n\t\t<\/div>\n\t\t\t\t\t<\/div>\n\t\t<\/section>\n\t\t\t\t<\/div>","protected":false},"excerpt":{"rendered":"<p>Gradido-Modell verspricht Sicherheit mit Zukunft K\u00fcnzelsau, 17. Juni 2020 \u2013 Vielen Familien beschert die Corona-Krise auch gravierende finanzielle Belastungen. Der einmalige \u201aFamilienbonus\u2018 von 300 Euro pro Kind kann deren Notlage kaum lindern. Vielmehr sind ein entschiedener Kurswechsel und kreative Familienpolitik das Gebot der Stunde. Das \u201aAktive Grundeinkommen\u2018 des evolution\u00e4ren Gradido-Finanzsystems hat das Potential, die Existenz [&hellip;]<\/p>\n","protected":false},"author":1,"featured_media":228,"comment_status":"closed","ping_status":"closed","sticky":false,"template":"","format":"standard","meta":{"footnotes":""},"categories":[8],"tags":[16],"class_list":["post-633","post","type-post","status-publish","format-standard","has-post-thumbnail","hentry","category-pressemitteilung","tag-grundeinkommen"],"yoast_head":"<!-- This site is optimized with the Yoast SEO plugin v27.5 - https:\/\/yoast.com\/product\/yoast-seo-wordpress\/ -->\n<title>Grundeinkommen statt Familienbonus - Gradido<\/title>\n<meta name=\"robots\" content=\"index, follow, max-snippet:-1, max-image-preview:large, max-video-preview:-1\" \/>\n<link rel=\"canonical\" href=\"https:\/\/gradido.net\/cs\/grundeinkommen-statt-familienbonus\/\" \/>\n<meta property=\"og:locale\" content=\"cs_CZ\" \/>\n<meta property=\"og:type\" content=\"article\" \/>\n<meta property=\"og:title\" content=\"Grundeinkommen statt Familienbonus - Gradido\" \/>\n<meta property=\"og:description\" content=\"Gradido-Modell verspricht Sicherheit mit Zukunft K\u00fcnzelsau, 17. Juni 2020 \u2013 Vielen Familien beschert die Corona-Krise auch gravierende finanzielle Belastungen. Der einmalige \u201aFamilienbonus\u2018 von 300 Euro pro Kind kann deren Notlage kaum lindern. Vielmehr sind ein entschiedener Kurswechsel und kreative Familienpolitik das Gebot der Stunde. Das \u201aAktive Grundeinkommen\u2018 des evolution\u00e4ren Gradido-Finanzsystems hat das Potential, die Existenz [&hellip;]\" \/>\n<meta property=\"og:url\" content=\"https:\/\/gradido.net\/cs\/grundeinkommen-statt-familienbonus\/\" \/>\n<meta property=\"og:site_name\" content=\"Gradido\" \/>\n<meta property=\"article:published_time\" content=\"2020-06-17T13:56:00+00:00\" \/>\n<meta property=\"article:modified_time\" content=\"2021-12-10T12:07:39+00:00\" \/>\n<meta property=\"og:image\" content=\"https:\/\/gradido.net\/wp-content\/uploads\/2020\/06\/family-hand.jpg\" \/>\n\t<meta property=\"og:image:width\" content=\"1000\" \/>\n\t<meta property=\"og:image:height\" content=\"667\" \/>\n\t<meta property=\"og:image:type\" content=\"image\/jpeg\" \/>\n<meta name=\"author\" content=\"GR4dmin\" \/>\n<meta name=\"twitter:card\" content=\"summary_large_image\" \/>\n<meta name=\"twitter:label1\" content=\"Napsal(a)\" \/>\n\t<meta name=\"twitter:data1\" content=\"GR4dmin\" \/>\n\t<meta name=\"twitter:label2\" content=\"Odhadovan\u00e1 doba \u010dten\u00ed\" \/>\n\t<meta name=\"twitter:data2\" content=\"2 minuty\" \/>\n<script type=\"application\/ld+json\" class=\"yoast-schema-graph\">{\"@context\":\"https:\\\/\\\/schema.org\",\"@graph\":[{\"@type\":\"Article\",\"@id\":\"https:\\\/\\\/gradido.net\\\/tr\\\/grundeinkommen-statt-familienbonus\\\/#article\",\"isPartOf\":{\"@id\":\"https:\\\/\\\/gradido.net\\\/tr\\\/grundeinkommen-statt-familienbonus\\\/\"},\"author\":{\"name\":\"GR4dmin\",\"@id\":\"https:\\\/\\\/gradido.net\\\/de\\\/#\\\/schema\\\/person\\\/9f913f37a47e7a82ad686b58fc907588\"},\"headline\":\"Grundeinkommen statt Familienbonus\",\"datePublished\":\"2020-06-17T13:56:00+00:00\",\"dateModified\":\"2021-12-10T12:07:39+00:00\",\"mainEntityOfPage\":{\"@id\":\"https:\\\/\\\/gradido.net\\\/tr\\\/grundeinkommen-statt-familienbonus\\\/\"},\"wordCount\":336,\"publisher\":{\"@id\":\"https:\\\/\\\/gradido.net\\\/de\\\/#organization\"},\"image\":{\"@id\":\"https:\\\/\\\/gradido.net\\\/tr\\\/grundeinkommen-statt-familienbonus\\\/#primaryimage\"},\"thumbnailUrl\":\"https:\\\/\\\/gradido.net\\\/wp-content\\\/uploads\\\/2020\\\/06\\\/family-hand.jpg\",\"keywords\":[\"Grundeinkommen\"],\"articleSection\":[\"Pressemitteilung\"],\"inLanguage\":\"cs\"},{\"@type\":\"WebPage\",\"@id\":\"https:\\\/\\\/gradido.net\\\/tr\\\/grundeinkommen-statt-familienbonus\\\/\",\"url\":\"https:\\\/\\\/gradido.net\\\/tr\\\/grundeinkommen-statt-familienbonus\\\/\",\"name\":\"Grundeinkommen statt Familienbonus - Gradido\",\"isPartOf\":{\"@id\":\"https:\\\/\\\/gradido.net\\\/de\\\/#website\"},\"primaryImageOfPage\":{\"@id\":\"https:\\\/\\\/gradido.net\\\/tr\\\/grundeinkommen-statt-familienbonus\\\/#primaryimage\"},\"image\":{\"@id\":\"https:\\\/\\\/gradido.net\\\/tr\\\/grundeinkommen-statt-familienbonus\\\/#primaryimage\"},\"thumbnailUrl\":\"https:\\\/\\\/gradido.net\\\/wp-content\\\/uploads\\\/2020\\\/06\\\/family-hand.jpg\",\"datePublished\":\"2020-06-17T13:56:00+00:00\",\"dateModified\":\"2021-12-10T12:07:39+00:00\",\"breadcrumb\":{\"@id\":\"https:\\\/\\\/gradido.net\\\/tr\\\/grundeinkommen-statt-familienbonus\\\/#breadcrumb\"},\"inLanguage\":\"cs\",\"potentialAction\":[{\"@type\":\"ReadAction\",\"target\":[\"https:\\\/\\\/gradido.net\\\/tr\\\/grundeinkommen-statt-familienbonus\\\/\"]}]},{\"@type\":\"ImageObject\",\"inLanguage\":\"cs\",\"@id\":\"https:\\\/\\\/gradido.net\\\/tr\\\/grundeinkommen-statt-familienbonus\\\/#primaryimage\",\"url\":\"https:\\\/\\\/gradido.net\\\/wp-content\\\/uploads\\\/2020\\\/06\\\/family-hand.jpg\",\"contentUrl\":\"https:\\\/\\\/gradido.net\\\/wp-content\\\/uploads\\\/2020\\\/06\\\/family-hand.jpg\",\"width\":1000,\"height\":667},{\"@type\":\"BreadcrumbList\",\"@id\":\"https:\\\/\\\/gradido.net\\\/tr\\\/grundeinkommen-statt-familienbonus\\\/#breadcrumb\",\"itemListElement\":[{\"@type\":\"ListItem\",\"position\":1,\"name\":\"Startseite\",\"item\":\"https:\\\/\\\/gradido.net\\\/\"},{\"@type\":\"ListItem\",\"position\":2,\"name\":\"Grundeinkommen statt Familienbonus\"}]},{\"@type\":\"WebSite\",\"@id\":\"https:\\\/\\\/gradido.net\\\/de\\\/#website\",\"url\":\"https:\\\/\\\/gradido.net\\\/de\\\/\",\"name\":\"Gradido\",\"description\":\"Die neue W\u00e4hrung hei\u00dft Dankbarkeit\",\"publisher\":{\"@id\":\"https:\\\/\\\/gradido.net\\\/de\\\/#organization\"},\"potentialAction\":[{\"@type\":\"SearchAction\",\"target\":{\"@type\":\"EntryPoint\",\"urlTemplate\":\"https:\\\/\\\/gradido.net\\\/de\\\/?s={search_term_string}\"},\"query-input\":{\"@type\":\"PropertyValueSpecification\",\"valueRequired\":true,\"valueName\":\"search_term_string\"}}],\"inLanguage\":\"cs\"},{\"@type\":\"Organization\",\"@id\":\"https:\\\/\\\/gradido.net\\\/de\\\/#organization\",\"name\":\"Gradido\",\"url\":\"https:\\\/\\\/gradido.net\\\/de\\\/\",\"logo\":{\"@type\":\"ImageObject\",\"inLanguage\":\"cs\",\"@id\":\"https:\\\/\\\/gradido.net\\\/de\\\/#\\\/schema\\\/logo\\\/image\\\/\",\"url\":\"https:\\\/\\\/gradido.net\\\/wp-content\\\/uploads\\\/2022\\\/04\\\/gradido-social.jpg\",\"contentUrl\":\"https:\\\/\\\/gradido.net\\\/wp-content\\\/uploads\\\/2022\\\/04\\\/gradido-social.jpg\",\"width\":527,\"height\":273,\"caption\":\"Gradido\"},\"image\":{\"@id\":\"https:\\\/\\\/gradido.net\\\/de\\\/#\\\/schema\\\/logo\\\/image\\\/\"}},{\"@type\":\"Person\",\"@id\":\"https:\\\/\\\/gradido.net\\\/de\\\/#\\\/schema\\\/person\\\/9f913f37a47e7a82ad686b58fc907588\",\"name\":\"GR4dmin\",\"sameAs\":[\"https:\\\/\\\/gradido.net\"],\"url\":\"https:\\\/\\\/gradido.net\\\/cs\\\/author\\\/gr4dmin\\\/\"}]}<\/script>\n<!-- \/ Yoast SEO plugin. -->","yoast_head_json":{"title":"Z\u00e1kladn\u00ed p\u0159\u00edjem m\u00edsto rodinn\u00e9ho bonusu - Gradido","robots":{"index":"index","follow":"follow","max-snippet":"max-snippet:-1","max-image-preview":"max-image-preview:large","max-video-preview":"max-video-preview:-1"},"canonical":"https:\/\/gradido.net\/cs\/grundeinkommen-statt-familienbonus\/","og_locale":"cs_CZ","og_type":"article","og_title":"Grundeinkommen statt Familienbonus - Gradido","og_description":"Gradido-Modell verspricht Sicherheit mit Zukunft K\u00fcnzelsau, 17. Juni 2020 \u2013 Vielen Familien beschert die Corona-Krise auch gravierende finanzielle Belastungen. Der einmalige \u201aFamilienbonus\u2018 von 300 Euro pro Kind kann deren Notlage kaum lindern. Vielmehr sind ein entschiedener Kurswechsel und kreative Familienpolitik das Gebot der Stunde. Das \u201aAktive Grundeinkommen\u2018 des evolution\u00e4ren Gradido-Finanzsystems hat das Potential, die Existenz [&hellip;]","og_url":"https:\/\/gradido.net\/cs\/grundeinkommen-statt-familienbonus\/","og_site_name":"Gradido","article_published_time":"2020-06-17T13:56:00+00:00","article_modified_time":"2021-12-10T12:07:39+00:00","og_image":[{"width":1000,"height":667,"url":"https:\/\/gradido.net\/wp-content\/uploads\/2020\/06\/family-hand.jpg","type":"image\/jpeg"}],"author":"GR4dmin","twitter_card":"summary_large_image","twitter_misc":{"Napsal(a)":"GR4dmin","Odhadovan\u00e1 doba \u010dten\u00ed":"2 minuty"},"schema":{"@context":"https:\/\/schema.org","@graph":[{"@type":"Article","@id":"https:\/\/gradido.net\/tr\/grundeinkommen-statt-familienbonus\/#article","isPartOf":{"@id":"https:\/\/gradido.net\/tr\/grundeinkommen-statt-familienbonus\/"},"author":{"name":"GR4dmin","@id":"https:\/\/gradido.net\/de\/#\/schema\/person\/9f913f37a47e7a82ad686b58fc907588"},"headline":"Grundeinkommen statt Familienbonus","datePublished":"2020-06-17T13:56:00+00:00","dateModified":"2021-12-10T12:07:39+00:00","mainEntityOfPage":{"@id":"https:\/\/gradido.net\/tr\/grundeinkommen-statt-familienbonus\/"},"wordCount":336,"publisher":{"@id":"https:\/\/gradido.net\/de\/#organization"},"image":{"@id":"https:\/\/gradido.net\/tr\/grundeinkommen-statt-familienbonus\/#primaryimage"},"thumbnailUrl":"https:\/\/gradido.net\/wp-content\/uploads\/2020\/06\/family-hand.jpg","keywords":["Grundeinkommen"],"articleSection":["Pressemitteilung"],"inLanguage":"cs"},{"@type":"WebPage","@id":"https:\/\/gradido.net\/tr\/grundeinkommen-statt-familienbonus\/","url":"https:\/\/gradido.net\/tr\/grundeinkommen-statt-familienbonus\/","name":"Z\u00e1kladn\u00ed p\u0159\u00edjem m\u00edsto rodinn\u00e9ho bonusu - Gradido","isPartOf":{"@id":"https:\/\/gradido.net\/de\/#website"},"primaryImageOfPage":{"@id":"https:\/\/gradido.net\/tr\/grundeinkommen-statt-familienbonus\/#primaryimage"},"image":{"@id":"https:\/\/gradido.net\/tr\/grundeinkommen-statt-familienbonus\/#primaryimage"},"thumbnailUrl":"https:\/\/gradido.net\/wp-content\/uploads\/2020\/06\/family-hand.jpg","datePublished":"2020-06-17T13:56:00+00:00","dateModified":"2021-12-10T12:07:39+00:00","breadcrumb":{"@id":"https:\/\/gradido.net\/tr\/grundeinkommen-statt-familienbonus\/#breadcrumb"},"inLanguage":"cs","potentialAction":[{"@type":"ReadAction","target":["https:\/\/gradido.net\/tr\/grundeinkommen-statt-familienbonus\/"]}]},{"@type":"ImageObject","inLanguage":"cs","@id":"https:\/\/gradido.net\/tr\/grundeinkommen-statt-familienbonus\/#primaryimage","url":"https:\/\/gradido.net\/wp-content\/uploads\/2020\/06\/family-hand.jpg","contentUrl":"https:\/\/gradido.net\/wp-content\/uploads\/2020\/06\/family-hand.jpg","width":1000,"height":667},{"@type":"BreadcrumbList","@id":"https:\/\/gradido.net\/tr\/grundeinkommen-statt-familienbonus\/#breadcrumb","itemListElement":[{"@type":"ListItem","position":1,"name":"Startseite","item":"https:\/\/gradido.net\/"},{"@type":"ListItem","position":2,"name":"Grundeinkommen statt Familienbonus"}]},{"@type":"WebSite","@id":"https:\/\/gradido.net\/de\/#website","url":"https:\/\/gradido.net\/de\/","name":"Gradido","description":"Novou m\u011bnou je vd\u011b\u010dnost","publisher":{"@id":"https:\/\/gradido.net\/de\/#organization"},"potentialAction":[{"@type":"SearchAction","target":{"@type":"EntryPoint","urlTemplate":"https:\/\/gradido.net\/de\/?s={search_term_string}"},"query-input":{"@type":"PropertyValueSpecification","valueRequired":true,"valueName":"search_term_string"}}],"inLanguage":"cs"},{"@type":"Organization","@id":"https:\/\/gradido.net\/de\/#organization","name":"Gradido","url":"https:\/\/gradido.net\/de\/","logo":{"@type":"ImageObject","inLanguage":"cs","@id":"https:\/\/gradido.net\/de\/#\/schema\/logo\/image\/","url":"https:\/\/gradido.net\/wp-content\/uploads\/2022\/04\/gradido-social.jpg","contentUrl":"https:\/\/gradido.net\/wp-content\/uploads\/2022\/04\/gradido-social.jpg","width":527,"height":273,"caption":"Gradido"},"image":{"@id":"https:\/\/gradido.net\/de\/#\/schema\/logo\/image\/"}},{"@type":"Person","@id":"https:\/\/gradido.net\/de\/#\/schema\/person\/9f913f37a47e7a82ad686b58fc907588","name":"GR4dmin","sameAs":["https:\/\/gradido.net"],"url":"https:\/\/gradido.net\/cs\/author\/gr4dmin\/"}]}},"_links":{"self":[{"href":"https:\/\/gradido.net\/cs\/wp-json\/wp\/v2\/posts\/633","targetHints":{"allow":["GET"]}}],"collection":[{"href":"https:\/\/gradido.net\/cs\/wp-json\/wp\/v2\/posts"}],"about":[{"href":"https:\/\/gradido.net\/cs\/wp-json\/wp\/v2\/types\/post"}],"author":[{"embeddable":true,"href":"https:\/\/gradido.net\/cs\/wp-json\/wp\/v2\/users\/1"}],"replies":[{"embeddable":true,"href":"https:\/\/gradido.net\/cs\/wp-json\/wp\/v2\/comments?post=633"}],"version-history":[{"count":10,"href":"https:\/\/gradido.net\/cs\/wp-json\/wp\/v2\/posts\/633\/revisions"}],"predecessor-version":[{"id":3715,"href":"https:\/\/gradido.net\/cs\/wp-json\/wp\/v2\/posts\/633\/revisions\/3715"}],"wp:featuredmedia":[{"embeddable":true,"href":"https:\/\/gradido.net\/cs\/wp-json\/wp\/v2\/media\/228"}],"wp:attachment":[{"href":"https:\/\/gradido.net\/cs\/wp-json\/wp\/v2\/media?parent=633"}],"wp:term":[{"taxonomy":"category","embeddable":true,"href":"https:\/\/gradido.net\/cs\/wp-json\/wp\/v2\/categories?post=633"},{"taxonomy":"post_tag","embeddable":true,"href":"https:\/\/gradido.net\/cs\/wp-json\/wp\/v2\/tags?post=633"}],"curies":[{"name":"wp","href":"https:\/\/api.w.org\/{rel}","templated":true}]}}