{"id":657,"date":"2020-09-16T16:19:00","date_gmt":"2020-09-16T14:19:00","guid":{"rendered":"http:\/\/neu.gradido.net\/?p=657"},"modified":"2021-12-11T09:19:06","modified_gmt":"2021-12-11T08:19:06","slug":"gemeinwohlwaehrung-statt-existenzverlust","status":"publish","type":"post","link":"https:\/\/gradido.net\/cs\/gemeinwohlwaehrung-statt-existenzverlust\/","title":{"rendered":"Insolven\u010dn\u00ed vlna jako p\u0159\u00edle\u017eitost"},"content":{"rendered":"<div data-elementor-type=\"wp-post\" data-elementor-id=\"657\" class=\"elementor elementor-657\" data-elementor-post-type=\"post\">\n\t\t\t\t\t\t<section class=\"elementor-section elementor-top-section elementor-element elementor-element-60efa048 elementor-section-boxed elementor-section-height-default elementor-section-height-default\" data-id=\"60efa048\" data-element_type=\"section\" data-e-type=\"section\">\n\t\t\t\t\t\t<div class=\"elementor-container elementor-column-gap-default\">\n\t\t\t\t\t<div class=\"elementor-column elementor-col-100 elementor-top-column elementor-element elementor-element-74c9f994\" data-id=\"74c9f994\" data-element_type=\"column\" data-e-type=\"column\">\n\t\t\t<div class=\"elementor-widget-wrap elementor-element-populated\">\n\t\t\t\t\t\t<div class=\"elementor-element elementor-element-35df8729 elementor-widget elementor-widget-text-editor\" data-id=\"35df8729\" data-element_type=\"widget\" data-e-type=\"widget\" data-widget_type=\"text-editor.default\">\n\t\t\t\t<div class=\"elementor-widget-container\">\n\t\t\t\t\t\t\t\t\t<div>\n<h3>Spole\u010dn\u00e1 m\u011bna m\u00edsto ztr\u00e1ty existence<\/h3>\n<p><strong>K\u00fcnzelsau, 16. z\u00e1\u0159\u00ed 2020 - Nejpozd\u011bji do konce roku se N\u011bmeckem p\u0159e\u017eene skute\u010dn\u00e1 vlna bankrot\u016f. N\u011bmeck\u00fd maloobchodn\u00ed svaz (HDE) se ob\u00e1v\u00e1 uzav\u0159en\u00ed p\u0159ibli\u017en\u011b 50 000 obchod\u016f. N\u011bmeck\u00fd svaz hotel\u016f a restaurac\u00ed se pot\u00fdk\u00e1 s nejv\u011bt\u0161\u00ed pov\u00e1le\u010dnou kriz\u00ed: 61,6 % podnik\u016f v pohostinstv\u00ed se ob\u00e1v\u00e1 o svou existenci. Podle N\u011bmeck\u00e9ho svazu cestovn\u00edho ruchu (DRV) utrp\u011bl cestovn\u00ed ruch v \u010dervnu kv\u016fli v\u00fdluce ji\u017e ztr\u00e1ty na tr\u017eb\u00e1ch ve v\u00fd\u0161i 10,8 miliardy eur. Novin\u00e1\u0159i, um\u011blci, inzerenti a nespo\u010det mal\u00fdch podnik\u016f se tak\u00e9 boj\u00ed o sv\u00e1 pracovn\u00ed m\u00edsta. Odborn\u00edci na ekonomickou bioniku z Akademie Gradido vid\u00ed po t\u00e9to krizi perspektivu v z\u00e1sadn\u011b zm\u011bn\u011bn\u00e9m ekonomick\u00e9m a finan\u010dn\u00edm syst\u00e9mu. Jejich model slibuje neb\u00fdval\u00e9 mo\u017enosti zaji\u0161t\u011bn\u00ed ob\u017eivy a p\u0159eorientov\u00e1n\u00ed - d\u00edky \"aktivn\u00edmu z\u00e1kladn\u00edmu p\u0159\u00edjmu\".<\/strong><\/p>\n<p>Insolvence, kter\u00e9 zp\u016fsobila opat\u0159en\u00ed Corona nebo kter\u00e9 z nich m\u011bly prosp\u011bch, zat\u00edm nejsou zaznamen\u00e1ny, proto\u017ee feder\u00e1ln\u00ed vl\u00e1da pozastavila povinnost pod\u00e1vat insolven\u010dn\u00ed n\u00e1vrhy v r\u00e1mci krize Corona, aby zm\u00edrnila jej\u00ed dopady. Do konce roku mohou spole\u010dnosti, jejich\u017e dluhy p\u0159evy\u0161uj\u00ed jejich st\u00e1vaj\u00edc\u00ed aktiva, je\u0161t\u011b \u017e\u00e1dost odlo\u017eit. Ti, kte\u0159\u00ed jsou skute\u010dn\u011b v platebn\u00ed neschopnosti, v\u0161ak budou muset podat insolven\u010dn\u00ed n\u00e1vrh od 1. \u0159\u00edjna 2020. Ne ka\u017ed\u00e1 insolvence mus\u00ed nutn\u011b v\u00e9st ke ztr\u00e1t\u011b zam\u011bstn\u00e1n\u00ed, ale d\u00e1 se o\u010dek\u00e1vat, \u017ee mnoho zam\u011bstnanc\u016f a osob samostatn\u011b v\u00fdd\u011ble\u010dn\u011b \u010dinn\u00fdch z\u016fstane na konci roku bez pr\u00e1ce - a strach je velk\u00fd.<\/p>\n<p>Nyn\u00ed, kdy\u017e je ohro\u017eena existence cel\u00fdch pr\u016fmyslov\u00fdch odv\u011btv\u00ed, mnoho lid\u00ed ji\u017e nebude moci pracovat ve sv\u00e9 vyu\u010den\u00e9 profesi, ale bude muset zv\u00e1\u017eit novou profesi nebo vzd\u011bl\u00e1n\u00ed - pokud bude k dispozici. Pokud v\u011b\u0159\u00edte odborn\u00edk\u016fm na obchodn\u00ed bioniku z Gradido Academy, tato krize je tak\u00e9 obrovskou p\u0159\u00edle\u017eitost\u00ed k n\u00e1prav\u011b v\u011bc\u00ed, kter\u00e9 ji\u017e dlouho pot\u0159ebuj\u00ed z\u00e1sadn\u00ed p\u0159eorientov\u00e1n\u00ed.<\/p>\n<p>\"Nyn\u00ed hroz\u00ed, \u017ee sv\u011btov\u00fd finan\u010dn\u00ed syst\u00e9m zkrachuje, co\u017e povede k masov\u00e9 platebn\u00ed neschopnosti, rekordn\u00ed nezam\u011bstnanosti a naprost\u00e9 chudob\u011b,\" varuje Bernd H\u00fcckst\u00e4dt, spoluzakladatel Akademie. Tyto v\u00fdzvy lze zvl\u00e1dnout pouze s nov\u00fdm udr\u017eiteln\u00fdm m\u011bnov\u00fdm syst\u00e9mem, v n\u011bm\u017e ekonomick\u00e9, ekologick\u00e9 a soci\u00e1ln\u00ed pob\u00eddky sm\u011b\u0159uj\u00ed stejn\u00fdm sm\u011brem. Akademie Gradido takov\u00fd syst\u00e9m vyvinula.<\/p>\n<h4>Podnikov\u00e1 bionika se dost\u00e1v\u00e1 do centra pozornosti<\/h4>\n<p>Podle H\u00fcckst\u00e4dta glob\u00e1ln\u00ed uz\u00e1v\u011bra koruny zviditelnila zranitelnost p\u0159evl\u00e1daj\u00edc\u00edho ekonomick\u00e9ho syst\u00e9mu - a pot\u0159ebu jeho p\u0159ehodnocen\u00ed. Hore\u010dn\u00e9 hled\u00e1n\u00ed v\u00fdchodisek z krize p\u0159it\u00e1hlo neb\u00fdvalou pozornost ke st\u00e1le je\u0161t\u011b mlad\u00e9 v\u011bd\u011b o ekonomick\u00e9 bionice. Akademie Gradido se z\u00e1rove\u0148 ji\u017e v\u00edce ne\u017e 20 let zab\u00fdv\u00e1 ot\u00e1zkou, co se ekonomika m\u016f\u017ee nau\u010dit od p\u0159\u00edrody. Stejn\u011b jako by m\u011bl ka\u017ed\u00fd leteck\u00fd in\u017een\u00fdr studovat let pt\u00e1k\u016f, zkoumaj\u00ed se p\u0159\u00edrodn\u00ed procesy, kter\u00e9 by mohly slou\u017eit jako model pro \u00fasp\u011b\u0161n\u00e9 ekonomick\u00e9 procesy. V\u00fdsledkem dlouholet\u00e9ho v\u00fdzkumu je spole\u010dn\u00e1 m\u011bna \"Gradido\". Jej\u00edm c\u00edlem je zajistit lidem na cel\u00e9m sv\u011bt\u011b \u017eivobyt\u00ed a u\u010dinit sv\u011bt \u017eivota a pr\u00e1ce rozmanit\u011bj\u0161\u00edm a plnohodnotn\u011bj\u0161\u00edm. Z\u00e1kladn\u00edmi principy modelu jsou \"aktivn\u00ed z\u00e1kladn\u00ed p\u0159\u00edjem\", \"nepodm\u00edn\u011bn\u00e1 \u00fa\u010dast\" a \"troj\u00ed blahobyt\". Existen\u010dn\u00ed strach by tak m\u011bl b\u00fdt minulost\u00ed, stejn\u011b jako soci\u00e1ln\u00ed ostrakizace a izolace.<\/p>\n<h4>\"Aktivn\u00ed z\u00e1kladn\u00ed p\u0159\u00edjem\" m\u00edsto podpory v nezam\u011bstnanosti<\/h4>\n<p>D\u00edky \"aktivn\u00edmu z\u00e1kladn\u00edmu p\u0159\u00edjmu\" podle modelu Gradido m\u016f\u017ee ka\u017ed\u00fd \u010dlov\u011bk dos\u00e1hnout z\u00e1kladn\u00edho zabezpe\u010den\u00ed \u010dinnostmi, kter\u00e9 si s\u00e1m zvol\u00ed pro spole\u010dn\u00e9 dobro. Krom\u011b toho m\u00e1 mo\u017enost prozkoumat sv\u00e9 vlastn\u00ed schopnosti zcela nov\u00fdm zp\u016fsobem, aby se v p\u0159\u00edpad\u011b pot\u0159eby mohl vydat novou cestou. M\u00edsto pocitu selh\u00e1n\u00ed - existenci\u00e1ln\u00ed \u00fazkosti a strachu z hroz\u00edc\u00ed soci\u00e1ln\u00ed izolace - by lid\u00e9 m\u011bli z\u00edskat radost z osobn\u00edho rozvoje, v\u00edru ve vlastn\u00ed schopnosti a touhu po nov\u00e9m za\u010d\u00e1tku,\" up\u0159es\u0148uje H\u00fcckst\u00e4dt.<\/p>\n<p>Ka\u017ed\u00e1 osoba m\u00e1 m\u011bs\u00ed\u010dn\u011b k dispozici 1 000 Gradido (GDD) spole\u010dn\u00e9 m\u011bny jako z\u00e1kladn\u00ed p\u0159\u00edjem. Jeden Gradido odpov\u00edd\u00e1 hodnot\u011b jednoho eura. Tento \"aktivn\u00ed z\u00e1kladn\u00ed p\u0159\u00edjem\" se od tolik diskutovan\u00e9ho \"nepodm\u00edn\u011bn\u00e9ho z\u00e1kladn\u00edho p\u0159\u00edjmu\" v\u00fdrazn\u011b li\u0161\u00ed v tom, \u017ee lid\u00e9 v\u0161ech v\u011bkov\u00fdch kategori\u00ed p\u0159isp\u00edvaj\u00ed spole\u010dnosti podle sv\u00fdch individu\u00e1ln\u00edch mo\u017enost\u00ed, aby si mohli n\u00e1rokovat tento p\u0159\u00edjem. Maxim\u00e1ln\u011b 50 hodin m\u011bs\u00ed\u010dn\u011b je odm\u011b\u0148ov\u00e1no 20 GDD. Tato \u010d\u00e1stka je ch\u00e1p\u00e1na jako z\u00e1kladn\u00ed \u010d\u00e1stka vedle jin\u00fdch zdroj\u016f p\u0159\u00edjm\u016f.<\/p>\n<h4>\"Bezpodm\u00edne\u010dn\u00e1 \u00fa\u010dast\" pro vyzkou\u0161en\u00ed a rozvoj<\/h4>\n<p>Aktivn\u00ed z\u00e1kladn\u00ed p\u0159\u00edjem tak zaji\u0161\u0165uje \"nepodm\u00edn\u011bnou \u00fa\u010dast\" na \u017eivot\u011b ve spole\u010dnosti. Konkr\u00e9tn\u011b to znamen\u00e1, \u017ee ka\u017ed\u00fd m\u016f\u017ee p\u0159isp\u011bt sv\u00fdmi sklony a dovednostmi tam, kde mu to nejl\u00e9pe vyhovuje. Praktick\u00e9, um\u011bleck\u00e9 a tv\u016fr\u010d\u00ed \u010dinnosti jsou stejn\u011b v\u00edtan\u00e9 jako spole\u010densk\u00e9 \u00fakoly. Z\u00e1kladn\u00ed my\u0161lenkou \"bezpodm\u00edne\u010dn\u00e9 \u00fa\u010dasti\" je, \u017ee ka\u017ed\u00fd m\u016f\u017ee p\u0159isp\u011bt sv\u00fdm osobn\u00edm talentem k pos\u00edlen\u00ed komunity a z\u00e1rove\u0148 optim\u00e1ln\u011b rozvinout sv\u016fj vlastn\u00ed potenci\u00e1l. T\u00edmto zp\u016fsobem m\u016f\u017ee naj\u00edt nejlep\u0161\u00ed mo\u017enou cestu do profesn\u00edho \u017eivota nebo ke zm\u011bn\u011b kurzu. \"Bezpodm\u00edne\u010dn\u00e1 \u00fa\u010dast\" m\u00e1 tak\u00e9 v\u00fdslovn\u011b slou\u017eit rozvoji nov\u00fdch my\u0161lenek, viz\u00ed a dovednost\u00ed, kter\u00e9 lidstvo pr\u00e1v\u011b te\u010f nal\u00e9hav\u011b pot\u0159ebuje.<\/p>\n<h4>Krizov\u00e9 zabezpe\u010den\u00ed d\u00edky slu\u017eb\u011b Triple Wellbeing<\/h4>\n<p>Z\u00e1kladn\u00ed etick\u00fd princip Gradido je zalo\u017een na harmonizaci blaha jednotlivce s blahem komunity a v\u011bt\u0161\u00edho celku - ve smyslu p\u0159\u00edrody a \u017eivotn\u00edho prost\u0159ed\u00ed. Na ka\u017ed\u00e9ho \u010dlov\u011bka na sv\u011bt\u011b tak p\u0159ipad\u00e1 celkem 3 000 \"Gradido\" (GDD) m\u011bs\u00ed\u010dn\u011b. Jedna t\u0159etina p\u0159ipad\u00e1 ka\u017ed\u00e9mu ob\u010danovi jako \"aktivn\u00ed z\u00e1kladn\u00ed p\u0159\u00edjem\", druhou t\u0159etinu dost\u00e1v\u00e1 st\u00e1t za sv\u00e9 slu\u017eby ve\u0159ejnosti a t\u0159et\u00ed \u010d\u00e1st jde do kompenza\u010dn\u00edho a ekologick\u00e9ho fondu, kter\u00fd m\u00e1 umo\u017enit obnovu hospod\u00e1\u0159sk\u00e9ho a ekologick\u00e9ho d\u011bdictv\u00ed. Celkov\u011b by bylo na st\u00e1tn\u00ed slu\u017eby a zdravotnictv\u00ed k dispozici v\u00edce pen\u011bz ne\u017e dosud - bez dluh\u016f a bez dan\u00ed.<\/p>\n<p>\"V sou\u010dasn\u00e9 dob\u011b, kdy hroz\u00edc\u00ed vlna insolvenc\u00ed m\u016f\u017ee ohrozit existenci tolika lid\u00ed, jsou nov\u00e1 \u0159e\u0161en\u00ed nezbytn\u00e1. Pro Gradido dozr\u00e1l \u010das a my pova\u017eujeme za svou povinnost vn\u00e9st tento model do politick\u00e9 diskuse,\" zd\u016fraz\u0148uje H\u00fcckst\u00e4dt. Jeho partnerka Margret Baierov\u00e1 dod\u00e1v\u00e1: \"T\u00edmto \u0159e\u0161en\u00edm, kter\u00e9 je orientov\u00e1no na p\u0159\u00edrodn\u00ed principy, m\u016f\u017eeme zajistit budoucnost, kter\u00e1 bude st\u00e1t za to, aby v n\u00ed \u017eily sou\u010dasn\u00e9 i budouc\u00ed generace.\"<\/p>\n<p>Podrobnosti o modelu Gradido na adrese&nbsp;<a href=\"https:\/\/gradido.net\/cs\/\">https:\/\/gradido.net<\/a><\/p>\n<p><\/p>\n<\/div>\n<div>\n<div>\n<p><strong>O Akademii Gradido<\/strong><br>Akademie Gradido pro ekonomickou bioniku vyvinula alternativn\u00ed \"m\u011bnu spole\u010dn\u00e9ho dobra\", kter\u00e1 je zalo\u017eena na p\u0159\u00edrodn\u00edm vzoru. P\u0159\u00edroda se \u0159\u00edd\u00ed pravidlem, \u017ee pouze tam, kde n\u011bco zanik\u00e1, m\u016f\u017ee vzniknout n\u011bco nov\u00e9ho, a tak je mo\u017en\u00e9 dlouhodob\u00e9 zlep\u0161ov\u00e1n\u00ed (evoluce). Jej\u00edm receptem na \u00fasp\u011bch je \"kolob\u011bh \u017eivota\". Kdyby se i na\u0161e ekonomika \u0159\u00eddila t\u00edmto p\u0159irozen\u00fdm cyklem, vy\u0159e\u0161ilo by to podle odborn\u00edk\u016f na ekonomickou bioniku prakticky v\u0161echny probl\u00e9my sv\u011bta spojen\u00e9 s pen\u011bzi. Model Gradido je zalo\u017een na my\u0161lence, \u017ee nejen ka\u017ed\u00e1 osoba, ale i ka\u017ed\u00fd st\u00e1t dost\u00e1v\u00e1 p\u0159\u00edjem vytvo\u0159en\u00fd na z\u00e1klad\u011b \u00fav\u011bru. D\u00edky tomu m\u016f\u017ee plnit v\u0161echny sv\u00e9 \u00fakoly bez v\u00fdb\u011bru dan\u00ed. Deflace nebo inflace jsou minulost\u00ed. Ekonomika je osvobozena od neust\u00e1l\u00e9ho nutk\u00e1n\u00ed r\u016fst, nebezpe\u010d\u00ed zhroucen\u00ed finan\u010dn\u00edho syst\u00e9mu je kone\u010dn\u011b za\u017eehn\u00e1no.&nbsp;<a href=\"https:\/\/gradido.net\/cs\/\">(www.gradido.net)<\/a>)<\/p>\n<\/div>\n<\/div>\t\t\t\t\t\t\t\t<\/div>\n\t\t\t\t<\/div>\n\t\t\t\t\t<\/div>\n\t\t<\/div>\n\t\t\t\t\t<\/div>\n\t\t<\/section>\n\t\t\t\t<\/div>","protected":false},"excerpt":{"rendered":"<p>Gemeinwohlw\u00e4hrung statt Existenzverlust K\u00fcnzelsau, 16. September 2020&nbsp;\u2013 Sp\u00e4testens zum Jahresende wird eine regelrechte Pleitewelle Deutschland \u00fcberrollen. Rund 50.000 Gesch\u00e4ftsschlie\u00dfungen bef\u00fcrchtet der Handelsverband Deutschland (HDE). Der Deutsche Hotel- und Gastst\u00e4ttenverband k\u00e4mpft mit der gr\u00f6\u00dften Krise der Nachkriegszeit: 61,6 Prozent der gastgewerblichen Unternehmen bangen um ihre Existenz. Die Tourismusindustrie hatte dem Deutschem Reiseverband (DRV) zufolge bereits im [&hellip;]<\/p>\n","protected":false},"author":1,"featured_media":842,"comment_status":"closed","ping_status":"closed","sticky":false,"template":"","format":"standard","meta":{"footnotes":""},"categories":[8],"tags":[14],"class_list":["post-657","post","type-post","status-publish","format-standard","has-post-thumbnail","hentry","category-pressemitteilung","tag-finanzsystem"],"yoast_head":"<!-- This site is optimized with the Yoast SEO plugin v27.4 - https:\/\/yoast.com\/product\/yoast-seo-wordpress\/ -->\n<title>Insolvenzwelle als Chance - Gradido<\/title>\n<meta name=\"robots\" content=\"index, follow, max-snippet:-1, max-image-preview:large, max-video-preview:-1\" \/>\n<link rel=\"canonical\" href=\"https:\/\/gradido.net\/cs\/gemeinwohlwaehrung-statt-existenzverlust\/\" \/>\n<meta property=\"og:locale\" content=\"cs_CZ\" \/>\n<meta property=\"og:type\" content=\"article\" \/>\n<meta property=\"og:title\" content=\"Insolvenzwelle als Chance - Gradido\" \/>\n<meta property=\"og:description\" content=\"Gemeinwohlw\u00e4hrung statt Existenzverlust K\u00fcnzelsau, 16. September 2020&nbsp;\u2013 Sp\u00e4testens zum Jahresende wird eine regelrechte Pleitewelle Deutschland \u00fcberrollen. Rund 50.000 Gesch\u00e4ftsschlie\u00dfungen bef\u00fcrchtet der Handelsverband Deutschland (HDE). Der Deutsche Hotel- und Gastst\u00e4ttenverband k\u00e4mpft mit der gr\u00f6\u00dften Krise der Nachkriegszeit: 61,6 Prozent der gastgewerblichen Unternehmen bangen um ihre Existenz. Die Tourismusindustrie hatte dem Deutschem Reiseverband (DRV) zufolge bereits im [&hellip;]\" \/>\n<meta property=\"og:url\" content=\"https:\/\/gradido.net\/cs\/gemeinwohlwaehrung-statt-existenzverlust\/\" \/>\n<meta property=\"og:site_name\" content=\"Gradido\" \/>\n<meta property=\"article:published_time\" content=\"2020-09-16T14:19:00+00:00\" \/>\n<meta property=\"article:modified_time\" content=\"2021-12-11T08:19:06+00:00\" \/>\n<meta property=\"og:image\" content=\"https:\/\/gradido.net\/wp-content\/uploads\/2020\/09\/insolvenz-als-zweite-chance.jpg\" \/>\n\t<meta property=\"og:image:width\" content=\"1000\" \/>\n\t<meta property=\"og:image:height\" content=\"684\" \/>\n\t<meta property=\"og:image:type\" content=\"image\/jpeg\" \/>\n<meta name=\"author\" content=\"GR4dmin\" \/>\n<meta name=\"twitter:card\" content=\"summary_large_image\" \/>\n<meta name=\"twitter:label1\" content=\"Napsal(a)\" \/>\n\t<meta name=\"twitter:data1\" content=\"GR4dmin\" \/>\n\t<meta name=\"twitter:label2\" content=\"Odhadovan\u00e1 doba \u010dten\u00ed\" \/>\n\t<meta name=\"twitter:data2\" content=\"6 minut\" \/>\n<script type=\"application\/ld+json\" class=\"yoast-schema-graph\">{\"@context\":\"https:\\\/\\\/schema.org\",\"@graph\":[{\"@type\":\"Article\",\"@id\":\"https:\\\/\\\/gradido.net\\\/pt\\\/gemeinwohlwaehrung-statt-existenzverlust\\\/#article\",\"isPartOf\":{\"@id\":\"https:\\\/\\\/gradido.net\\\/pt\\\/gemeinwohlwaehrung-statt-existenzverlust\\\/\"},\"author\":{\"name\":\"GR4dmin\",\"@id\":\"https:\\\/\\\/gradido.net\\\/de\\\/#\\\/schema\\\/person\\\/9f913f37a47e7a82ad686b58fc907588\"},\"headline\":\"Insolvenzwelle als Chance\",\"datePublished\":\"2020-09-16T14:19:00+00:00\",\"dateModified\":\"2021-12-11T08:19:06+00:00\",\"mainEntityOfPage\":{\"@id\":\"https:\\\/\\\/gradido.net\\\/pt\\\/gemeinwohlwaehrung-statt-existenzverlust\\\/\"},\"wordCount\":1129,\"publisher\":{\"@id\":\"https:\\\/\\\/gradido.net\\\/de\\\/#organization\"},\"image\":{\"@id\":\"https:\\\/\\\/gradido.net\\\/pt\\\/gemeinwohlwaehrung-statt-existenzverlust\\\/#primaryimage\"},\"thumbnailUrl\":\"https:\\\/\\\/gradido.net\\\/wp-content\\\/uploads\\\/2020\\\/09\\\/insolvenz-als-zweite-chance.jpg\",\"keywords\":[\"Finanzsystem\"],\"articleSection\":[\"Pressemitteilung\"],\"inLanguage\":\"cs\"},{\"@type\":\"WebPage\",\"@id\":\"https:\\\/\\\/gradido.net\\\/pt\\\/gemeinwohlwaehrung-statt-existenzverlust\\\/\",\"url\":\"https:\\\/\\\/gradido.net\\\/pt\\\/gemeinwohlwaehrung-statt-existenzverlust\\\/\",\"name\":\"Insolvenzwelle als Chance - Gradido\",\"isPartOf\":{\"@id\":\"https:\\\/\\\/gradido.net\\\/de\\\/#website\"},\"primaryImageOfPage\":{\"@id\":\"https:\\\/\\\/gradido.net\\\/pt\\\/gemeinwohlwaehrung-statt-existenzverlust\\\/#primaryimage\"},\"image\":{\"@id\":\"https:\\\/\\\/gradido.net\\\/pt\\\/gemeinwohlwaehrung-statt-existenzverlust\\\/#primaryimage\"},\"thumbnailUrl\":\"https:\\\/\\\/gradido.net\\\/wp-content\\\/uploads\\\/2020\\\/09\\\/insolvenz-als-zweite-chance.jpg\",\"datePublished\":\"2020-09-16T14:19:00+00:00\",\"dateModified\":\"2021-12-11T08:19:06+00:00\",\"breadcrumb\":{\"@id\":\"https:\\\/\\\/gradido.net\\\/pt\\\/gemeinwohlwaehrung-statt-existenzverlust\\\/#breadcrumb\"},\"inLanguage\":\"cs\",\"potentialAction\":[{\"@type\":\"ReadAction\",\"target\":[\"https:\\\/\\\/gradido.net\\\/pt\\\/gemeinwohlwaehrung-statt-existenzverlust\\\/\"]}]},{\"@type\":\"ImageObject\",\"inLanguage\":\"cs\",\"@id\":\"https:\\\/\\\/gradido.net\\\/pt\\\/gemeinwohlwaehrung-statt-existenzverlust\\\/#primaryimage\",\"url\":\"https:\\\/\\\/gradido.net\\\/wp-content\\\/uploads\\\/2020\\\/09\\\/insolvenz-als-zweite-chance.jpg\",\"contentUrl\":\"https:\\\/\\\/gradido.net\\\/wp-content\\\/uploads\\\/2020\\\/09\\\/insolvenz-als-zweite-chance.jpg\",\"width\":1000,\"height\":684},{\"@type\":\"BreadcrumbList\",\"@id\":\"https:\\\/\\\/gradido.net\\\/pt\\\/gemeinwohlwaehrung-statt-existenzverlust\\\/#breadcrumb\",\"itemListElement\":[{\"@type\":\"ListItem\",\"position\":1,\"name\":\"Startseite\",\"item\":\"https:\\\/\\\/gradido.net\\\/\"},{\"@type\":\"ListItem\",\"position\":2,\"name\":\"Insolvenzwelle als Chance\"}]},{\"@type\":\"WebSite\",\"@id\":\"https:\\\/\\\/gradido.net\\\/de\\\/#website\",\"url\":\"https:\\\/\\\/gradido.net\\\/de\\\/\",\"name\":\"Gradido\",\"description\":\"Die neue W\u00e4hrung hei\u00dft Dankbarkeit\",\"publisher\":{\"@id\":\"https:\\\/\\\/gradido.net\\\/de\\\/#organization\"},\"potentialAction\":[{\"@type\":\"SearchAction\",\"target\":{\"@type\":\"EntryPoint\",\"urlTemplate\":\"https:\\\/\\\/gradido.net\\\/de\\\/?s={search_term_string}\"},\"query-input\":{\"@type\":\"PropertyValueSpecification\",\"valueRequired\":true,\"valueName\":\"search_term_string\"}}],\"inLanguage\":\"cs\"},{\"@type\":\"Organization\",\"@id\":\"https:\\\/\\\/gradido.net\\\/de\\\/#organization\",\"name\":\"Gradido\",\"url\":\"https:\\\/\\\/gradido.net\\\/de\\\/\",\"logo\":{\"@type\":\"ImageObject\",\"inLanguage\":\"cs\",\"@id\":\"https:\\\/\\\/gradido.net\\\/de\\\/#\\\/schema\\\/logo\\\/image\\\/\",\"url\":\"https:\\\/\\\/gradido.net\\\/wp-content\\\/uploads\\\/2022\\\/04\\\/gradido-social.jpg\",\"contentUrl\":\"https:\\\/\\\/gradido.net\\\/wp-content\\\/uploads\\\/2022\\\/04\\\/gradido-social.jpg\",\"width\":527,\"height\":273,\"caption\":\"Gradido\"},\"image\":{\"@id\":\"https:\\\/\\\/gradido.net\\\/de\\\/#\\\/schema\\\/logo\\\/image\\\/\"}},{\"@type\":\"Person\",\"@id\":\"https:\\\/\\\/gradido.net\\\/de\\\/#\\\/schema\\\/person\\\/9f913f37a47e7a82ad686b58fc907588\",\"name\":\"GR4dmin\",\"sameAs\":[\"https:\\\/\\\/gradido.net\"],\"url\":\"https:\\\/\\\/gradido.net\\\/cs\\\/author\\\/gr4dmin\\\/\"}]}<\/script>\n<!-- \/ Yoast SEO plugin. -->","yoast_head_json":{"title":"Insolven\u010dn\u00ed vlna jako p\u0159\u00edle\u017eitost - Gradido","robots":{"index":"index","follow":"follow","max-snippet":"max-snippet:-1","max-image-preview":"max-image-preview:large","max-video-preview":"max-video-preview:-1"},"canonical":"https:\/\/gradido.net\/cs\/gemeinwohlwaehrung-statt-existenzverlust\/","og_locale":"cs_CZ","og_type":"article","og_title":"Insolvenzwelle als Chance - Gradido","og_description":"Gemeinwohlw\u00e4hrung statt Existenzverlust K\u00fcnzelsau, 16. September 2020&nbsp;\u2013 Sp\u00e4testens zum Jahresende wird eine regelrechte Pleitewelle Deutschland \u00fcberrollen. Rund 50.000 Gesch\u00e4ftsschlie\u00dfungen bef\u00fcrchtet der Handelsverband Deutschland (HDE). Der Deutsche Hotel- und Gastst\u00e4ttenverband k\u00e4mpft mit der gr\u00f6\u00dften Krise der Nachkriegszeit: 61,6 Prozent der gastgewerblichen Unternehmen bangen um ihre Existenz. Die Tourismusindustrie hatte dem Deutschem Reiseverband (DRV) zufolge bereits im [&hellip;]","og_url":"https:\/\/gradido.net\/cs\/gemeinwohlwaehrung-statt-existenzverlust\/","og_site_name":"Gradido","article_published_time":"2020-09-16T14:19:00+00:00","article_modified_time":"2021-12-11T08:19:06+00:00","og_image":[{"width":1000,"height":684,"url":"https:\/\/gradido.net\/wp-content\/uploads\/2020\/09\/insolvenz-als-zweite-chance.jpg","type":"image\/jpeg"}],"author":"GR4dmin","twitter_card":"summary_large_image","twitter_misc":{"Napsal(a)":"GR4dmin","Odhadovan\u00e1 doba \u010dten\u00ed":"6 minut"},"schema":{"@context":"https:\/\/schema.org","@graph":[{"@type":"Article","@id":"https:\/\/gradido.net\/pt\/gemeinwohlwaehrung-statt-existenzverlust\/#article","isPartOf":{"@id":"https:\/\/gradido.net\/pt\/gemeinwohlwaehrung-statt-existenzverlust\/"},"author":{"name":"GR4dmin","@id":"https:\/\/gradido.net\/de\/#\/schema\/person\/9f913f37a47e7a82ad686b58fc907588"},"headline":"Insolvenzwelle als Chance","datePublished":"2020-09-16T14:19:00+00:00","dateModified":"2021-12-11T08:19:06+00:00","mainEntityOfPage":{"@id":"https:\/\/gradido.net\/pt\/gemeinwohlwaehrung-statt-existenzverlust\/"},"wordCount":1129,"publisher":{"@id":"https:\/\/gradido.net\/de\/#organization"},"image":{"@id":"https:\/\/gradido.net\/pt\/gemeinwohlwaehrung-statt-existenzverlust\/#primaryimage"},"thumbnailUrl":"https:\/\/gradido.net\/wp-content\/uploads\/2020\/09\/insolvenz-als-zweite-chance.jpg","keywords":["Finanzsystem"],"articleSection":["Pressemitteilung"],"inLanguage":"cs"},{"@type":"WebPage","@id":"https:\/\/gradido.net\/pt\/gemeinwohlwaehrung-statt-existenzverlust\/","url":"https:\/\/gradido.net\/pt\/gemeinwohlwaehrung-statt-existenzverlust\/","name":"Insolven\u010dn\u00ed vlna jako p\u0159\u00edle\u017eitost - Gradido","isPartOf":{"@id":"https:\/\/gradido.net\/de\/#website"},"primaryImageOfPage":{"@id":"https:\/\/gradido.net\/pt\/gemeinwohlwaehrung-statt-existenzverlust\/#primaryimage"},"image":{"@id":"https:\/\/gradido.net\/pt\/gemeinwohlwaehrung-statt-existenzverlust\/#primaryimage"},"thumbnailUrl":"https:\/\/gradido.net\/wp-content\/uploads\/2020\/09\/insolvenz-als-zweite-chance.jpg","datePublished":"2020-09-16T14:19:00+00:00","dateModified":"2021-12-11T08:19:06+00:00","breadcrumb":{"@id":"https:\/\/gradido.net\/pt\/gemeinwohlwaehrung-statt-existenzverlust\/#breadcrumb"},"inLanguage":"cs","potentialAction":[{"@type":"ReadAction","target":["https:\/\/gradido.net\/pt\/gemeinwohlwaehrung-statt-existenzverlust\/"]}]},{"@type":"ImageObject","inLanguage":"cs","@id":"https:\/\/gradido.net\/pt\/gemeinwohlwaehrung-statt-existenzverlust\/#primaryimage","url":"https:\/\/gradido.net\/wp-content\/uploads\/2020\/09\/insolvenz-als-zweite-chance.jpg","contentUrl":"https:\/\/gradido.net\/wp-content\/uploads\/2020\/09\/insolvenz-als-zweite-chance.jpg","width":1000,"height":684},{"@type":"BreadcrumbList","@id":"https:\/\/gradido.net\/pt\/gemeinwohlwaehrung-statt-existenzverlust\/#breadcrumb","itemListElement":[{"@type":"ListItem","position":1,"name":"Startseite","item":"https:\/\/gradido.net\/"},{"@type":"ListItem","position":2,"name":"Insolvenzwelle als Chance"}]},{"@type":"WebSite","@id":"https:\/\/gradido.net\/de\/#website","url":"https:\/\/gradido.net\/de\/","name":"Gradido","description":"Novou m\u011bnou je vd\u011b\u010dnost","publisher":{"@id":"https:\/\/gradido.net\/de\/#organization"},"potentialAction":[{"@type":"SearchAction","target":{"@type":"EntryPoint","urlTemplate":"https:\/\/gradido.net\/de\/?s={search_term_string}"},"query-input":{"@type":"PropertyValueSpecification","valueRequired":true,"valueName":"search_term_string"}}],"inLanguage":"cs"},{"@type":"Organization","@id":"https:\/\/gradido.net\/de\/#organization","name":"Gradido","url":"https:\/\/gradido.net\/de\/","logo":{"@type":"ImageObject","inLanguage":"cs","@id":"https:\/\/gradido.net\/de\/#\/schema\/logo\/image\/","url":"https:\/\/gradido.net\/wp-content\/uploads\/2022\/04\/gradido-social.jpg","contentUrl":"https:\/\/gradido.net\/wp-content\/uploads\/2022\/04\/gradido-social.jpg","width":527,"height":273,"caption":"Gradido"},"image":{"@id":"https:\/\/gradido.net\/de\/#\/schema\/logo\/image\/"}},{"@type":"Person","@id":"https:\/\/gradido.net\/de\/#\/schema\/person\/9f913f37a47e7a82ad686b58fc907588","name":"GR4dmin","sameAs":["https:\/\/gradido.net"],"url":"https:\/\/gradido.net\/cs\/author\/gr4dmin\/"}]}},"_links":{"self":[{"href":"https:\/\/gradido.net\/cs\/wp-json\/wp\/v2\/posts\/657","targetHints":{"allow":["GET"]}}],"collection":[{"href":"https:\/\/gradido.net\/cs\/wp-json\/wp\/v2\/posts"}],"about":[{"href":"https:\/\/gradido.net\/cs\/wp-json\/wp\/v2\/types\/post"}],"author":[{"embeddable":true,"href":"https:\/\/gradido.net\/cs\/wp-json\/wp\/v2\/users\/1"}],"replies":[{"embeddable":true,"href":"https:\/\/gradido.net\/cs\/wp-json\/wp\/v2\/comments?post=657"}],"version-history":[{"count":9,"href":"https:\/\/gradido.net\/cs\/wp-json\/wp\/v2\/posts\/657\/revisions"}],"predecessor-version":[{"id":3730,"href":"https:\/\/gradido.net\/cs\/wp-json\/wp\/v2\/posts\/657\/revisions\/3730"}],"wp:featuredmedia":[{"embeddable":true,"href":"https:\/\/gradido.net\/cs\/wp-json\/wp\/v2\/media\/842"}],"wp:attachment":[{"href":"https:\/\/gradido.net\/cs\/wp-json\/wp\/v2\/media?parent=657"}],"wp:term":[{"taxonomy":"category","embeddable":true,"href":"https:\/\/gradido.net\/cs\/wp-json\/wp\/v2\/categories?post=657"},{"taxonomy":"post_tag","embeddable":true,"href":"https:\/\/gradido.net\/cs\/wp-json\/wp\/v2\/tags?post=657"}],"curies":[{"name":"wp","href":"https:\/\/api.w.org\/{rel}","templated":true}]}}