{"id":6837,"date":"2023-06-10T18:26:14","date_gmt":"2023-06-10T16:26:14","guid":{"rendered":"https:\/\/gradido.net\/?p=6837"},"modified":"2026-04-24T08:05:49","modified_gmt":"2026-04-24T06:05:49","slug":"webinar-wohlstand-und-frieden-fuer-die-menschheitsfamilie","status":"publish","type":"post","link":"https:\/\/gradido.net\/cs\/webinar-wohlstand-und-frieden-fuer-die-menschheitsfamilie\/","title":{"rendered":"Webin\u00e1\u0159: Prosperita a m\u00edr pro lidskou rodinu"},"content":{"rendered":"<div data-elementor-type=\"wp-post\" data-elementor-id=\"6837\" class=\"elementor elementor-6837\" data-elementor-post-type=\"post\">\n\t\t\t\t\t\t<section class=\"elementor-section elementor-top-section elementor-element elementor-element-496e1d53 elementor-section-boxed elementor-section-height-default elementor-section-height-default\" data-id=\"496e1d53\" data-element_type=\"section\" data-e-type=\"section\">\n\t\t\t\t\t\t<div class=\"elementor-container elementor-column-gap-default\">\n\t\t\t\t\t<div class=\"elementor-column elementor-col-100 elementor-top-column elementor-element elementor-element-461d7be0\" data-id=\"461d7be0\" data-element_type=\"column\" data-e-type=\"column\">\n\t\t\t<div class=\"elementor-widget-wrap elementor-element-populated\">\n\t\t\t\t\t\t<div class=\"elementor-element elementor-element-cd9ebe2 elementor-widget elementor-widget-text-editor\" data-id=\"cd9ebe2\" data-element_type=\"widget\" data-e-type=\"widget\" data-widget_type=\"text-editor.default\">\n\t\t\t\t<div class=\"elementor-widget-container\">\n\t\t\t\t\t\t\t\t\t<h3 style=\"text-align: left;\"><span style=\"background-color: var( --e-global-color-1939326 );\">Jak vytvo\u0159it skv\u011blou budoucnost pro sebe a sv\u00e9 bl\u00edzk\u00e9<\/span><span style=\"background-color: var( --e-global-color-1939326 ); color: var( --e-global-color-text );\">\u00a0<\/span><\/h3><p>Na tomto webin\u00e1\u0159i z\u00edsk\u00e1te hlubok\u00e9 znalosti o fat\u00e1ln\u00edch chyb\u00e1ch star\u00e9ho pen\u011b\u017en\u00edho syst\u00e9mu, jedin\u00e9 rozumn\u00e9 \u0159e\u0161en\u00ed zalo\u017een\u00e9 na p\u0159\u00edrodn\u00edm modelu a dokonal\u00fd n\u00e1vod, jak aktivn\u011b a radostn\u011b utv\u00e1\u0159et budoucnost - pro sebe, sv\u00e9 d\u011bti a v\u0161echny d\u011bti Zem\u011b.<\/p><div><em>Jedn\u00e1 se o nahran\u00fd webin\u00e1\u0159 s \u017eivou postavou.<\/em><\/div><div><em>Nev\u00e1hejte se pt\u00e1t v chatu. Odpov\u00edme na n\u011b n\u00e1sledn\u011b e-mailem.<\/em><\/div>\t\t\t\t\t\t\t\t<\/div>\n\t\t\t\t<\/div>\n\t\t\t\t<div class=\"elementor-element elementor-element-381a286 elementor-widget elementor-widget-html\" data-id=\"381a286\" data-element_type=\"widget\" data-e-type=\"widget\" data-widget_type=\"html.default\">\n\t\t\t\t<div class=\"elementor-widget-container\">\n\t\t\t\t\t<section style=\"width:100%;height:auto;text-align:center;\">\n            <iframe id=\"wbn-27052-iframe\" frameborder=\"0\" allowfullscreen\n style=\"width:100%;max-width:523px;\" \n                height=\"816\" title=\"Gradido - Prosperita a m\u00edr pro lidskou rodinu\"\n                src=\"https:\/\/21008.webinaris.co\/customer\/registration\/viewer\/27052\/21008?form=iframe&v=4&mode=N\">\n            <\/iframe>\n            <\/section>\n    <script type=\"text\/javascript\" src=\"https:\/\/21008.webinaris.co\/iframe\/quellcode.min.js?v=4\"><\/script>\n    <script type=\"text\/javascript\">wbnIframe.getInstance().init(\"wbn-27052-iframe\")<\/script>\t\t\t\t<\/div>\n\t\t\t\t<\/div>\n\t\t\t\t<div class=\"elementor-element elementor-element-fbd9531 elementor-widget elementor-widget-text-editor\" data-id=\"fbd9531\" data-element_type=\"widget\" data-e-type=\"widget\" data-widget_type=\"text-editor.default\">\n\t\t\t\t<div class=\"elementor-widget-container\">\n\t\t\t\t\t\t\t\t\t<p><img fetchpriority=\"high\" decoding=\"async\" class=\"wp-image-6846 alignleft\" src=\"https:\/\/gradido.net\/wp-content\/uploads\/2023\/06\/Bernd_Transparent.png\" alt=\"\" width=\"229\" height=\"229\" srcset=\"https:\/\/gradido.net\/wp-content\/uploads\/2023\/06\/Bernd_Transparent.png 500w, https:\/\/gradido.net\/wp-content\/uploads\/2023\/06\/Bernd_Transparent-300x300.png 300w, https:\/\/gradido.net\/wp-content\/uploads\/2023\/06\/Bernd_Transparent-150x150.png 150w, https:\/\/gradido.net\/wp-content\/uploads\/2023\/06\/Bernd_Transparent-12x12.png 12w\" sizes=\"(max-width: 229px) 100vw, 229px\" \/><\/p><p>\u00a0<\/p><p>\u00a0<\/p><p>\u00a0<\/p><p>V\u00e1\u0161 moder\u00e1tor:<br \/><b>Bernd H\u00fcckst\u00e4dt<\/b><br \/>Zakladatel a v\u00fdvoj\u00e1\u0159 spole\u010dnosti Gradido<\/p><p style=\"text-align: left;\"><span style=\"background-color: var( --e-global-color-1939326 ); color: var( --e-global-color-text );\">\u00a0<\/span><\/p>\t\t\t\t\t\t\t\t<\/div>\n\t\t\t\t<\/div>\n\t\t\t\t\t<\/div>\n\t\t<\/div>\n\t\t\t\t\t<\/div>\n\t\t<\/section>\n\t\t\t\t<section class=\"elementor-section elementor-top-section elementor-element elementor-element-14532fe elementor-section-boxed elementor-section-height-default elementor-section-height-default\" data-id=\"14532fe\" data-element_type=\"section\" data-e-type=\"section\">\n\t\t\t\t\t\t<div class=\"elementor-container elementor-column-gap-default\">\n\t\t\t\t\t<div class=\"elementor-column elementor-col-100 elementor-top-column elementor-element elementor-element-65d2298\" data-id=\"65d2298\" data-element_type=\"column\" data-e-type=\"column\">\n\t\t\t<div class=\"elementor-widget-wrap elementor-element-populated\">\n\t\t\t\t\t\t<div class=\"elementor-element elementor-element-9d3c669 elementor-widget elementor-widget-text-editor\" data-id=\"9d3c669\" data-element_type=\"widget\" data-e-type=\"widget\" data-widget_type=\"text-editor.default\">\n\t\t\t\t<div class=\"elementor-widget-container\">\n\t\t\t\t\t\t\t\t\t<h3>To se dozv\u00edte na tomto bezplatn\u00e9m webin\u00e1\u0159i:<\/h3><ul><li>T\u0159i fat\u00e1ln\u00ed chyby finan\u010dn\u00edho syst\u00e9mu, kter\u00e9 nevyhnuteln\u011b p\u0159in\u00e1\u0161ej\u00ed chudobu, v\u00e1lky a ni\u010den\u00ed \u017eivotn\u00edho prost\u0159ed\u00ed.<\/li><li>4 geni\u00e1ln\u00ed vyn\u00e1lezy p\u0159\u00edrody, kter\u00e9 \u00fasp\u011b\u0161n\u011b funguj\u00ed a vytv\u00e1\u0159ej\u00ed nov\u00fd \u017eivot ji\u017e v\u00edce ne\u017e 4,5 miliardy let.<\/li><li>P\u011btikrokov\u00fd pl\u00e1n m\u00edrov\u00e9 transformace star\u00e9ho finan\u010dn\u00edho syst\u00e9mu na p\u0159irozenou ekonomiku \u017eivota - a jak ji\u017e m\u016f\u017eete sm\u011b\u0148ovat s \"vd\u011b\u010dnou m\u011bnou Gradido\" ve prosp\u011bch v\u0161ech.<\/li><\/ul>\t\t\t\t\t\t\t\t<\/div>\n\t\t\t\t<\/div>\n\t\t\t\t<div class=\"elementor-element elementor-element-0d88a77 elementor-widget elementor-widget-text-editor\" data-id=\"0d88a77\" data-element_type=\"widget\" data-e-type=\"widget\" data-widget_type=\"text-editor.default\">\n\t\t\t\t<div class=\"elementor-widget-container\">\n\t\t\t\t\t\t\t\t\t<h4>Vyberte si sch\u016fzku a zjist\u011bte, jak m\u016f\u017eete v\u00fdrazn\u011b zlep\u0161it sv\u016fj \u017eivot pomoc\u00ed bezplatn\u00e9ho \u00fa\u010dtu Gradido!<\/h4>\t\t\t\t\t\t\t\t<\/div>\n\t\t\t\t<\/div>\n\t\t\t\t<div class=\"elementor-element elementor-element-199ab12 elementor-widget elementor-widget-text-editor\" data-id=\"199ab12\" data-element_type=\"widget\" data-e-type=\"widget\" data-widget_type=\"text-editor.default\">\n\t\t\t\t<div class=\"elementor-widget-container\">\n\t\t\t\t\t\t\t\t\t<h3 data-pm-slice=\"1 1 []\" data-en-clipboard=\"true\">O moder\u00e1torovi:<\/h3><div data-pm-slice=\"1 1 []\" data-en-clipboard=\"true\">Bernd H\u00fcckst\u00e4dt se od d\u011btstv\u00ed zab\u00fdv\u00e1 st\u00e1le se zv\u011bt\u0161uj\u00edc\u00edmi rozd\u00edly mezi bohat\u00fdmi a chud\u00fdmi a hled\u00e1 \u0159e\u0161en\u00ed. Nakonec je na\u0161el d\u00edky intenzivn\u00edmu pozorov\u00e1n\u00ed p\u0159\u00edrody. Zhruba p\u0159ed 20 lety zalo\u017eil spolu s Margret Baierovou Akademii Gradido pro ekonomickou bioniku. Je hlavn\u00edm tv\u016frcem p\u0159irozen\u00e9 ekonomiky \u017eivota a \"Gradido m\u011bny d\u00edk\u016f\".<\/div><div data-pm-slice=\"1 1 []\" data-en-clipboard=\"true\">\u00a0<\/div><div data-pm-slice=\"1 1 []\" data-en-clipboard=\"true\">Spole\u010dn\u011b p\u0159iv\u00e1d\u00edme Gradido na sv\u011bt!<\/div><div data-pm-slice=\"1 1 []\" data-en-clipboard=\"true\">\u00a0<\/div><div data-pm-slice=\"1 1 []\" data-en-clipboard=\"true\">Tis\u00edcer\u00e9 d\u00edky, \u017ee jste s n\u00e1mi, a s pozdravem<\/div><div data-pm-slice=\"1 1 []\" data-en-clipboard=\"true\">\u00a0<\/div><div data-pm-slice=\"1 1 []\" data-en-clipboard=\"true\">V\u00e1\u0161<\/div><p><img decoding=\"async\" class=\"alignnone wp-image-4614 size-medium\" src=\"https:\/\/gradido.net\/wp-content\/uploads\/2022\/06\/MargretBernd_2022-300x74.png\" alt=\"\" width=\"300\" height=\"74\" srcset=\"https:\/\/gradido.net\/wp-content\/uploads\/2022\/06\/MargretBernd_2022-300x74.png 300w, https:\/\/gradido.net\/wp-content\/uploads\/2022\/06\/MargretBernd_2022-18x4.png 18w, https:\/\/gradido.net\/wp-content\/uploads\/2022\/06\/MargretBernd_2022.png 431w\" sizes=\"(max-width: 300px) 100vw, 300px\" \/><\/p><p>Margret Baier a Bernd H\u00fcckst\u00e4dt<br \/>Zakladatel a v\u00fdvoj\u00e1\u0159 spole\u010dnosti Gradido<\/p>\t\t\t\t\t\t\t\t<\/div>\n\t\t\t\t<\/div>\n\t\t\t\t\t<\/div>\n\t\t<\/div>\n\t\t\t\t\t<\/div>\n\t\t<\/section>\n\t\t\t\t<section class=\"elementor-section elementor-top-section elementor-element elementor-element-4c536e0 elementor-section-boxed elementor-section-height-default elementor-section-height-default\" data-id=\"4c536e0\" data-element_type=\"section\" data-e-type=\"section\">\n\t\t\t\t\t\t<div class=\"elementor-container elementor-column-gap-default\">\n\t\t\t\t\t<div class=\"elementor-column elementor-col-100 elementor-top-column elementor-element elementor-element-7ddc834\" data-id=\"7ddc834\" data-element_type=\"column\" data-e-type=\"column\">\n\t\t\t<div class=\"elementor-widget-wrap elementor-element-populated\">\n\t\t\t\t\t\t<div class=\"elementor-element elementor-element-ca7bfd6 elementor-widget elementor-widget-global elementor-global-9341 elementor-widget-text-editor\" data-id=\"ca7bfd6\" data-element_type=\"widget\" data-e-type=\"widget\" data-widget_type=\"text-editor.default\">\n\t\t\t\t<div class=\"elementor-widget-container\">\n\t\t\t\t\t\t\t\t\t<p><strong>PS:\u00a0<span style=\"color: #ff6600;\"><a style=\"color: #ff6600;\" href=\"https:\/\/gradido.net\/cs\/donations\/\">Vzhledem ke st\u00e1le rostouc\u00edmu v\u00fdznamu Gradida opakujeme 26. \u010dervna 2026 na\u0161i kampa\u0148 vd\u011b\u010dnosti:<\/a>\u00a0<\/span><span style=\"color: #0000ff;\"><a style=\"color: #0000ff;\" href=\"https:\/\/gradido.net\/cs\/donations\/\">Krom\u011b n\u011bkolikan\u00e1sobn\u00e9ho GradidoTransform za v\u00e1\u0161 sponzorsk\u00fd p\u0159\u00edsp\u011bvek nav\u00fd\u0161\u00edme 26. 6. 2016 v\u0161echny z\u016fstatky na \u00fa\u010dtech GDT o 26%. Sponzorujte nyn\u00ed a u\u017eijte si n\u00e1sobnou \u010d\u00e1stku GDT!<\/a><\/span><\/strong><\/p>\t\t\t\t\t\t\t\t<\/div>\n\t\t\t\t<\/div>\n\t\t\t\t\t<\/div>\n\t\t<\/div>\n\t\t\t\t\t<\/div>\n\t\t<\/section>\n\t\t\t\t<\/div>","protected":false},"excerpt":{"rendered":"<p>Legend\u00e1rn\u00ed webin\u00e1\u0159 se zakladatelem Gradida: Z\u00edsk\u00e1te hlubok\u00e9 znalosti o fat\u00e1ln\u00edch chyb\u00e1ch star\u00e9ho pen\u011b\u017en\u00edho syst\u00e9mu, jedin\u00e9 rozumn\u00e9 \u0159e\u0161en\u00ed zalo\u017een\u00e9 na p\u0159\u00edrodn\u00edm modelu a dokonal\u00fd n\u00e1vod, jak aktivn\u011b a radostn\u011b utv\u00e1\u0159et budoucnost. - JSOU TU NOV\u00c9 TERM\u00cdNY!<\/p>","protected":false},"author":2,"featured_media":6838,"comment_status":"closed","ping_status":"closed","sticky":false,"template":"","format":"standard","meta":{"footnotes":""},"categories":[11,54,55],"tags":[22],"class_list":["post-6837","post","type-post","status-publish","format-standard","has-post-thumbnail","hentry","category-blog","category-community","category-gradido-konto","tag-bild-oben"],"yoast_head":"<!-- This site is optimized with the Yoast SEO plugin v27.5 - https:\/\/yoast.com\/product\/yoast-seo-wordpress\/ -->\n<title>Webinar: Wohlstand und Frieden f\u00fcr die Menschheitsfamilie - Gradido<\/title>\n<meta name=\"description\" content=\"Das legend\u00e4re Webinar mit dem Gradido-Gr\u00fcnder: Du bekommst fundiertes Wissen \u00fcber die fatalen Fehler des alten Geldsystems, die einzig sinnvolle L\u00f6sung nach dem Vorbild der Natur und den perfekten Leitfaden, wie du aktiv und mit Freude die Zukunft mitgestaltest. \u2013 ES GIBT NEUE TERMINE!\" \/>\n<meta name=\"robots\" content=\"index, follow, max-snippet:-1, max-image-preview:large, max-video-preview:-1\" \/>\n<link rel=\"canonical\" href=\"https:\/\/gradido.net\/cs\/webinar-wohlstand-und-frieden-fuer-die-menschheitsfamilie\/\" \/>\n<meta property=\"og:locale\" content=\"cs_CZ\" \/>\n<meta property=\"og:type\" content=\"article\" \/>\n<meta property=\"og:title\" content=\"Webinar: Wohlstand und Frieden f\u00fcr die Menschheitsfamilie - Gradido\" \/>\n<meta property=\"og:description\" content=\"Das legend\u00e4re Webinar mit dem Gradido-Gr\u00fcnder: Du bekommst fundiertes Wissen \u00fcber die fatalen Fehler des alten Geldsystems, die einzig sinnvolle L\u00f6sung nach dem Vorbild der Natur und den perfekten Leitfaden, wie du aktiv und mit Freude die Zukunft mitgestaltest. \u2013 ES GIBT NEUE TERMINE!\" \/>\n<meta property=\"og:url\" content=\"https:\/\/gradido.net\/cs\/webinar-wohlstand-und-frieden-fuer-die-menschheitsfamilie\/\" \/>\n<meta property=\"og:site_name\" content=\"Gradido\" \/>\n<meta property=\"article:published_time\" content=\"2023-06-10T16:26:14+00:00\" \/>\n<meta property=\"article:modified_time\" content=\"2026-04-24T06:05:49+00:00\" \/>\n<meta property=\"og:image\" content=\"https:\/\/gradido.net\/wp-content\/uploads\/2023\/06\/Webinar.png\" \/>\n\t<meta property=\"og:image:width\" content=\"2460\" \/>\n\t<meta property=\"og:image:height\" content=\"1158\" \/>\n\t<meta property=\"og:image:type\" content=\"image\/png\" \/>\n<meta name=\"author\" content=\"Bernd H\u00fcckst\u00e4dt\" \/>\n<meta name=\"twitter:card\" content=\"summary_large_image\" \/>\n<meta name=\"twitter:label1\" content=\"Napsal(a)\" \/>\n\t<meta name=\"twitter:data1\" content=\"Bernd H\u00fcckst\u00e4dt\" \/>\n\t<meta name=\"twitter:label2\" content=\"Odhadovan\u00e1 doba \u010dten\u00ed\" \/>\n\t<meta name=\"twitter:data2\" content=\"3 minuty\" \/>\n<script type=\"application\/ld+json\" class=\"yoast-schema-graph\">{\"@context\":\"https:\\\/\\\/schema.org\",\"@graph\":[{\"@type\":\"Article\",\"@id\":\"https:\\\/\\\/gradido.net\\\/webinar-wohlstand-und-frieden-fuer-die-menschheitsfamilie\\\/#article\",\"isPartOf\":{\"@id\":\"https:\\\/\\\/gradido.net\\\/webinar-wohlstand-und-frieden-fuer-die-menschheitsfamilie\\\/\"},\"author\":{\"name\":\"Bernd H\u00fcckst\u00e4dt\",\"@id\":\"https:\\\/\\\/gradido.net\\\/de\\\/#\\\/schema\\\/person\\\/9c503a004ad15a1ddecadce2218db5d1\"},\"headline\":\"Webinar: Wohlstand und Frieden f\u00fcr die Menschheitsfamilie\",\"datePublished\":\"2023-06-10T16:26:14+00:00\",\"dateModified\":\"2026-04-24T06:05:49+00:00\",\"mainEntityOfPage\":{\"@id\":\"https:\\\/\\\/gradido.net\\\/webinar-wohlstand-und-frieden-fuer-die-menschheitsfamilie\\\/\"},\"wordCount\":331,\"publisher\":{\"@id\":\"https:\\\/\\\/gradido.net\\\/de\\\/#organization\"},\"image\":{\"@id\":\"https:\\\/\\\/gradido.net\\\/webinar-wohlstand-und-frieden-fuer-die-menschheitsfamilie\\\/#primaryimage\"},\"thumbnailUrl\":\"https:\\\/\\\/gradido.net\\\/wp-content\\\/uploads\\\/2023\\\/06\\\/Webinar.png\",\"keywords\":[\"Bild oben\"],\"articleSection\":[\"Blog\",\"Community\",\"Gradido-Konto\"],\"inLanguage\":\"cs\"},{\"@type\":\"WebPage\",\"@id\":\"https:\\\/\\\/gradido.net\\\/webinar-wohlstand-und-frieden-fuer-die-menschheitsfamilie\\\/\",\"url\":\"https:\\\/\\\/gradido.net\\\/webinar-wohlstand-und-frieden-fuer-die-menschheitsfamilie\\\/\",\"name\":\"Webinar: Wohlstand und Frieden f\u00fcr die Menschheitsfamilie - Gradido\",\"isPartOf\":{\"@id\":\"https:\\\/\\\/gradido.net\\\/de\\\/#website\"},\"primaryImageOfPage\":{\"@id\":\"https:\\\/\\\/gradido.net\\\/webinar-wohlstand-und-frieden-fuer-die-menschheitsfamilie\\\/#primaryimage\"},\"image\":{\"@id\":\"https:\\\/\\\/gradido.net\\\/webinar-wohlstand-und-frieden-fuer-die-menschheitsfamilie\\\/#primaryimage\"},\"thumbnailUrl\":\"https:\\\/\\\/gradido.net\\\/wp-content\\\/uploads\\\/2023\\\/06\\\/Webinar.png\",\"datePublished\":\"2023-06-10T16:26:14+00:00\",\"dateModified\":\"2026-04-24T06:05:49+00:00\",\"description\":\"Das legend\u00e4re Webinar mit dem Gradido-Gr\u00fcnder: Du bekommst fundiertes Wissen \u00fcber die fatalen Fehler des alten Geldsystems, die einzig sinnvolle L\u00f6sung nach dem Vorbild der Natur und den perfekten Leitfaden, wie du aktiv und mit Freude die Zukunft mitgestaltest. \u2013 ES GIBT NEUE TERMINE!\",\"breadcrumb\":{\"@id\":\"https:\\\/\\\/gradido.net\\\/webinar-wohlstand-und-frieden-fuer-die-menschheitsfamilie\\\/#breadcrumb\"},\"inLanguage\":\"cs\",\"potentialAction\":[{\"@type\":\"ReadAction\",\"target\":[\"https:\\\/\\\/gradido.net\\\/webinar-wohlstand-und-frieden-fuer-die-menschheitsfamilie\\\/\"]}]},{\"@type\":\"ImageObject\",\"inLanguage\":\"cs\",\"@id\":\"https:\\\/\\\/gradido.net\\\/webinar-wohlstand-und-frieden-fuer-die-menschheitsfamilie\\\/#primaryimage\",\"url\":\"https:\\\/\\\/gradido.net\\\/wp-content\\\/uploads\\\/2023\\\/06\\\/Webinar.png\",\"contentUrl\":\"https:\\\/\\\/gradido.net\\\/wp-content\\\/uploads\\\/2023\\\/06\\\/Webinar.png\",\"width\":2460,\"height\":1158},{\"@type\":\"BreadcrumbList\",\"@id\":\"https:\\\/\\\/gradido.net\\\/webinar-wohlstand-und-frieden-fuer-die-menschheitsfamilie\\\/#breadcrumb\",\"itemListElement\":[{\"@type\":\"ListItem\",\"position\":1,\"name\":\"Startseite\",\"item\":\"https:\\\/\\\/gradido.net\\\/\"},{\"@type\":\"ListItem\",\"position\":2,\"name\":\"Webinar: Wohlstand und Frieden f\u00fcr die Menschheitsfamilie\"}]},{\"@type\":\"WebSite\",\"@id\":\"https:\\\/\\\/gradido.net\\\/de\\\/#website\",\"url\":\"https:\\\/\\\/gradido.net\\\/de\\\/\",\"name\":\"Gradido\",\"description\":\"Die neue W\u00e4hrung hei\u00dft Dankbarkeit\",\"publisher\":{\"@id\":\"https:\\\/\\\/gradido.net\\\/de\\\/#organization\"},\"potentialAction\":[{\"@type\":\"SearchAction\",\"target\":{\"@type\":\"EntryPoint\",\"urlTemplate\":\"https:\\\/\\\/gradido.net\\\/de\\\/?s={search_term_string}\"},\"query-input\":{\"@type\":\"PropertyValueSpecification\",\"valueRequired\":true,\"valueName\":\"search_term_string\"}}],\"inLanguage\":\"cs\"},{\"@type\":\"Organization\",\"@id\":\"https:\\\/\\\/gradido.net\\\/de\\\/#organization\",\"name\":\"Gradido\",\"url\":\"https:\\\/\\\/gradido.net\\\/de\\\/\",\"logo\":{\"@type\":\"ImageObject\",\"inLanguage\":\"cs\",\"@id\":\"https:\\\/\\\/gradido.net\\\/de\\\/#\\\/schema\\\/logo\\\/image\\\/\",\"url\":\"https:\\\/\\\/gradido.net\\\/wp-content\\\/uploads\\\/2022\\\/04\\\/gradido-social.jpg\",\"contentUrl\":\"https:\\\/\\\/gradido.net\\\/wp-content\\\/uploads\\\/2022\\\/04\\\/gradido-social.jpg\",\"width\":527,\"height\":273,\"caption\":\"Gradido\"},\"image\":{\"@id\":\"https:\\\/\\\/gradido.net\\\/de\\\/#\\\/schema\\\/logo\\\/image\\\/\"}},{\"@type\":\"Person\",\"@id\":\"https:\\\/\\\/gradido.net\\\/de\\\/#\\\/schema\\\/person\\\/9c503a004ad15a1ddecadce2218db5d1\",\"name\":\"Bernd H\u00fcckst\u00e4dt\",\"sameAs\":[\"https:\\\/\\\/gradido.net\"],\"url\":\"https:\\\/\\\/gradido.net\\\/cs\\\/author\\\/bernd\\\/\"}]}<\/script>\n<!-- \/ Yoast SEO plugin. -->","yoast_head_json":{"title":"Webin\u00e1\u0159: Prosperita a m\u00edr pro lidskou rodinu - Gradido","description":"Legend\u00e1rn\u00ed webin\u00e1\u0159 se zakladatelem Gradida: Z\u00edsk\u00e1te hlubok\u00e9 znalosti o fat\u00e1ln\u00edch chyb\u00e1ch star\u00e9ho pen\u011b\u017en\u00edho syst\u00e9mu, jedin\u00e9 rozumn\u00e9 \u0159e\u0161en\u00ed zalo\u017een\u00e9 na p\u0159\u00edrodn\u00edm modelu a dokonal\u00fd n\u00e1vod, jak aktivn\u011b a radostn\u011b utv\u00e1\u0159et budoucnost. - JSOU TU NOV\u00c9 TERM\u00cdNY!","robots":{"index":"index","follow":"follow","max-snippet":"max-snippet:-1","max-image-preview":"max-image-preview:large","max-video-preview":"max-video-preview:-1"},"canonical":"https:\/\/gradido.net\/cs\/webinar-wohlstand-und-frieden-fuer-die-menschheitsfamilie\/","og_locale":"cs_CZ","og_type":"article","og_title":"Webinar: Wohlstand und Frieden f\u00fcr die Menschheitsfamilie - Gradido","og_description":"Das legend\u00e4re Webinar mit dem Gradido-Gr\u00fcnder: Du bekommst fundiertes Wissen \u00fcber die fatalen Fehler des alten Geldsystems, die einzig sinnvolle L\u00f6sung nach dem Vorbild der Natur und den perfekten Leitfaden, wie du aktiv und mit Freude die Zukunft mitgestaltest. \u2013 ES GIBT NEUE TERMINE!","og_url":"https:\/\/gradido.net\/cs\/webinar-wohlstand-und-frieden-fuer-die-menschheitsfamilie\/","og_site_name":"Gradido","article_published_time":"2023-06-10T16:26:14+00:00","article_modified_time":"2026-04-24T06:05:49+00:00","og_image":[{"width":2460,"height":1158,"url":"https:\/\/gradido.net\/wp-content\/uploads\/2023\/06\/Webinar.png","type":"image\/png"}],"author":"Bernd H\u00fcckst\u00e4dt","twitter_card":"summary_large_image","twitter_misc":{"Napsal(a)":"Bernd H\u00fcckst\u00e4dt","Odhadovan\u00e1 doba \u010dten\u00ed":"3 minuty"},"schema":{"@context":"https:\/\/schema.org","@graph":[{"@type":"Article","@id":"https:\/\/gradido.net\/webinar-wohlstand-und-frieden-fuer-die-menschheitsfamilie\/#article","isPartOf":{"@id":"https:\/\/gradido.net\/webinar-wohlstand-und-frieden-fuer-die-menschheitsfamilie\/"},"author":{"name":"Bernd H\u00fcckst\u00e4dt","@id":"https:\/\/gradido.net\/de\/#\/schema\/person\/9c503a004ad15a1ddecadce2218db5d1"},"headline":"Webinar: Wohlstand und Frieden f\u00fcr die Menschheitsfamilie","datePublished":"2023-06-10T16:26:14+00:00","dateModified":"2026-04-24T06:05:49+00:00","mainEntityOfPage":{"@id":"https:\/\/gradido.net\/webinar-wohlstand-und-frieden-fuer-die-menschheitsfamilie\/"},"wordCount":331,"publisher":{"@id":"https:\/\/gradido.net\/de\/#organization"},"image":{"@id":"https:\/\/gradido.net\/webinar-wohlstand-und-frieden-fuer-die-menschheitsfamilie\/#primaryimage"},"thumbnailUrl":"https:\/\/gradido.net\/wp-content\/uploads\/2023\/06\/Webinar.png","keywords":["Bild oben"],"articleSection":["Blog","Community","Gradido-Konto"],"inLanguage":"cs"},{"@type":"WebPage","@id":"https:\/\/gradido.net\/webinar-wohlstand-und-frieden-fuer-die-menschheitsfamilie\/","url":"https:\/\/gradido.net\/webinar-wohlstand-und-frieden-fuer-die-menschheitsfamilie\/","name":"Webin\u00e1\u0159: Prosperita a m\u00edr pro lidskou rodinu - Gradido","isPartOf":{"@id":"https:\/\/gradido.net\/de\/#website"},"primaryImageOfPage":{"@id":"https:\/\/gradido.net\/webinar-wohlstand-und-frieden-fuer-die-menschheitsfamilie\/#primaryimage"},"image":{"@id":"https:\/\/gradido.net\/webinar-wohlstand-und-frieden-fuer-die-menschheitsfamilie\/#primaryimage"},"thumbnailUrl":"https:\/\/gradido.net\/wp-content\/uploads\/2023\/06\/Webinar.png","datePublished":"2023-06-10T16:26:14+00:00","dateModified":"2026-04-24T06:05:49+00:00","description":"Legend\u00e1rn\u00ed webin\u00e1\u0159 se zakladatelem Gradida: Z\u00edsk\u00e1te hlubok\u00e9 znalosti o fat\u00e1ln\u00edch chyb\u00e1ch star\u00e9ho pen\u011b\u017en\u00edho syst\u00e9mu, jedin\u00e9 rozumn\u00e9 \u0159e\u0161en\u00ed zalo\u017een\u00e9 na p\u0159\u00edrodn\u00edm modelu a dokonal\u00fd n\u00e1vod, jak aktivn\u011b a radostn\u011b utv\u00e1\u0159et budoucnost. - JSOU TU NOV\u00c9 TERM\u00cdNY!","breadcrumb":{"@id":"https:\/\/gradido.net\/webinar-wohlstand-und-frieden-fuer-die-menschheitsfamilie\/#breadcrumb"},"inLanguage":"cs","potentialAction":[{"@type":"ReadAction","target":["https:\/\/gradido.net\/webinar-wohlstand-und-frieden-fuer-die-menschheitsfamilie\/"]}]},{"@type":"ImageObject","inLanguage":"cs","@id":"https:\/\/gradido.net\/webinar-wohlstand-und-frieden-fuer-die-menschheitsfamilie\/#primaryimage","url":"https:\/\/gradido.net\/wp-content\/uploads\/2023\/06\/Webinar.png","contentUrl":"https:\/\/gradido.net\/wp-content\/uploads\/2023\/06\/Webinar.png","width":2460,"height":1158},{"@type":"BreadcrumbList","@id":"https:\/\/gradido.net\/webinar-wohlstand-und-frieden-fuer-die-menschheitsfamilie\/#breadcrumb","itemListElement":[{"@type":"ListItem","position":1,"name":"Startseite","item":"https:\/\/gradido.net\/"},{"@type":"ListItem","position":2,"name":"Webinar: Wohlstand und Frieden f\u00fcr die Menschheitsfamilie"}]},{"@type":"WebSite","@id":"https:\/\/gradido.net\/de\/#website","url":"https:\/\/gradido.net\/de\/","name":"Gradido","description":"Novou m\u011bnou je vd\u011b\u010dnost","publisher":{"@id":"https:\/\/gradido.net\/de\/#organization"},"potentialAction":[{"@type":"SearchAction","target":{"@type":"EntryPoint","urlTemplate":"https:\/\/gradido.net\/de\/?s={search_term_string}"},"query-input":{"@type":"PropertyValueSpecification","valueRequired":true,"valueName":"search_term_string"}}],"inLanguage":"cs"},{"@type":"Organization","@id":"https:\/\/gradido.net\/de\/#organization","name":"Gradido","url":"https:\/\/gradido.net\/de\/","logo":{"@type":"ImageObject","inLanguage":"cs","@id":"https:\/\/gradido.net\/de\/#\/schema\/logo\/image\/","url":"https:\/\/gradido.net\/wp-content\/uploads\/2022\/04\/gradido-social.jpg","contentUrl":"https:\/\/gradido.net\/wp-content\/uploads\/2022\/04\/gradido-social.jpg","width":527,"height":273,"caption":"Gradido"},"image":{"@id":"https:\/\/gradido.net\/de\/#\/schema\/logo\/image\/"}},{"@type":"Person","@id":"https:\/\/gradido.net\/de\/#\/schema\/person\/9c503a004ad15a1ddecadce2218db5d1","name":"Bernd H\u00fcckst\u00e4dt","sameAs":["https:\/\/gradido.net"],"url":"https:\/\/gradido.net\/cs\/author\/bernd\/"}]}},"_links":{"self":[{"href":"https:\/\/gradido.net\/cs\/wp-json\/wp\/v2\/posts\/6837","targetHints":{"allow":["GET"]}}],"collection":[{"href":"https:\/\/gradido.net\/cs\/wp-json\/wp\/v2\/posts"}],"about":[{"href":"https:\/\/gradido.net\/cs\/wp-json\/wp\/v2\/types\/post"}],"author":[{"embeddable":true,"href":"https:\/\/gradido.net\/cs\/wp-json\/wp\/v2\/users\/2"}],"replies":[{"embeddable":true,"href":"https:\/\/gradido.net\/cs\/wp-json\/wp\/v2\/comments?post=6837"}],"version-history":[{"count":55,"href":"https:\/\/gradido.net\/cs\/wp-json\/wp\/v2\/posts\/6837\/revisions"}],"predecessor-version":[{"id":13590,"href":"https:\/\/gradido.net\/cs\/wp-json\/wp\/v2\/posts\/6837\/revisions\/13590"}],"wp:featuredmedia":[{"embeddable":true,"href":"https:\/\/gradido.net\/cs\/wp-json\/wp\/v2\/media\/6838"}],"wp:attachment":[{"href":"https:\/\/gradido.net\/cs\/wp-json\/wp\/v2\/media?parent=6837"}],"wp:term":[{"taxonomy":"category","embeddable":true,"href":"https:\/\/gradido.net\/cs\/wp-json\/wp\/v2\/categories?post=6837"},{"taxonomy":"post_tag","embeddable":true,"href":"https:\/\/gradido.net\/cs\/wp-json\/wp\/v2\/tags?post=6837"}],"curies":[{"name":"wp","href":"https:\/\/api.w.org\/{rel}","templated":true}]}}