{"id":7136,"date":"2023-08-16T16:48:17","date_gmt":"2023-08-16T14:48:17","guid":{"rendered":"https:\/\/gradido.net\/?p=7136"},"modified":"2026-04-23T07:15:41","modified_gmt":"2026-04-23T05:15:41","slug":"lieblingsstadt-2-monikas-wandel-von-einsamkeit-zu-gemeinschaft","status":"publish","type":"post","link":"https:\/\/gradido.net\/cs\/lieblingsstadt-2-monikas-wandel-von-einsamkeit-zu-gemeinschaft\/","title":{"rendered":"Obl\u00edben\u00e9 m\u011bsto 2 - Moni\u010dina prom\u011bna od samoty ke spole\u010denstv\u00ed"},"content":{"rendered":"<div data-elementor-type=\"wp-post\" data-elementor-id=\"7136\" class=\"elementor elementor-7136\" data-elementor-post-type=\"post\">\n\t\t\t\t\t\t<section class=\"elementor-section elementor-top-section elementor-element elementor-element-496e1d53 elementor-section-boxed elementor-section-height-default elementor-section-height-default\" data-id=\"496e1d53\" data-element_type=\"section\" data-e-type=\"section\">\n\t\t\t\t\t\t<div class=\"elementor-container elementor-column-gap-default\">\n\t\t\t\t\t<div class=\"elementor-column elementor-col-100 elementor-top-column elementor-element elementor-element-461d7be0\" data-id=\"461d7be0\" data-element_type=\"column\" data-e-type=\"column\">\n\t\t\t<div class=\"elementor-widget-wrap elementor-element-populated\">\n\t\t\t\t\t\t<div class=\"elementor-element elementor-element-cd9ebe2 elementor-widget elementor-widget-text-editor\" data-id=\"cd9ebe2\" data-element_type=\"widget\" data-e-type=\"widget\" data-widget_type=\"text-editor.default\">\n\t\t\t\t<div class=\"elementor-widget-container\">\n\t\t\t\t\t\t\t\t\t<p style=\"text-align: right;\"><em>\"Nyn\u00ed m\u00e1m pocit, \u017ee op\u011bt pat\u0159\u00edm do \u00fa\u017easn\u00e9 komunity, kter\u00e1 si m\u011b a m\u00fdch schopnost\u00ed v\u00e1\u017e\u00ed a pot\u0159ebuje je.\"<\/em><\/p><p>V\u00e1\u017een\u00fd \u010dten\u00e1\u0159i,<\/p><p>Monika \u017eije ji\u017e mnoho let v mal\u00e9m \u0159adov\u00e9m domku na okraji sv\u00e9ho obl\u00edben\u00e9ho m\u011bsta. Sympatick\u00e1 seniorka miluje klid a pohodu, ale po smrti man\u017eela se s p\u0159ib\u00fdvaj\u00edc\u00edm \u010dasem c\u00edt\u00ed st\u00e1le osam\u011blej\u0161\u00ed. Jej\u00ed p\u0159\u00e1tel\u00e9 se bu\u010f odst\u011bhovali, nebo ji\u017e zem\u0159eli. Dny plynou pomalu a monot\u00f3nn\u011b a ona tou\u017e\u00ed po spole\u010densk\u00e9m kontaktu a nov\u00fdch zn\u00e1mostech.<\/p><h3>Kdy\u017e si mysl\u00edte, \u017ee u\u017e nem\u016f\u017eete...<\/h3><p>Monika nem\u00e1 t\u00e9m\u011b\u0159 \u017e\u00e1dnou mo\u017enost vyrazit do centra m\u011bsta, proto\u017ee nevlastn\u00ed auto. Jej\u00ed d\u016fchod je n\u00edzk\u00fd a ona si prost\u011b nem\u016f\u017ee dovolit platit v\u00fdlety. P\u0159edstava setk\u00e1v\u00e1n\u00ed s dal\u0161\u00edmi lidmi v kav\u00e1rn\u00e1ch nebo restaurac\u00edch se j\u00ed proto zd\u00e1 st\u00e1le v\u00edce nedostupn\u00e1.<\/p><h3>... odn\u011bkud p\u0159ich\u00e1z\u00ed trochu sv\u011btla.<\/h3><p>Jednoho dne se Monika dozv\u00edd\u00e1 o nov\u00e9m syst\u00e9mu odm\u011b\u0148ov\u00e1n\u00ed dobrovoln\u00edk\u016f s n\u00e1zvem \"Gradido\". Jedn\u00e1 se o syst\u00e9m pod\u011bkov\u00e1n\u00ed zalo\u017een\u00fd na modelu Gradido. Dobrovoln\u00edci i star\u0161\u00ed lid\u00e9 dost\u00e1vaj\u00ed Gradido jako d\u011bkovn\u00e9 body nebo d\u011bkovnou m\u011bnu. Monice se tento n\u00e1pad zd\u00e1 slibn\u00fd.<\/p><p>P\u00e1tr\u00e1 d\u00e1l a zji\u0161\u0165uje, \u017ee dobrovoln\u00edci organizuj\u00ed dopravu na p\u011bkn\u00e1 m\u00edsta setk\u00e1v\u00e1n\u00ed v centru m\u011bsta. V t\u011bchto \"Gradido kav\u00e1rn\u00e1ch\" si m\u016f\u017eete d\u00e1t k\u00e1vu, z\u00e1kusek nebo jin\u00e9 j\u00eddlo pro Gradidos. To zn\u00ed pro Moniku jako stvo\u0159en\u00e9. Mohla by se setkat s lidmi, kter\u00e9 by jinak nepotkala, a z\u00e1rove\u0148 u\u0161et\u0159it sv\u00e9 omezen\u00e9 finan\u010dn\u00ed prost\u0159edky.<\/p><p>Monika se p\u0159ihl\u00e1s\u00ed do programu Gradido jako \u00fa\u010dastnice a kr\u00e1tce nato ji kontaktuje p\u0159\u00e1telsk\u00e1 dobrovolnice Stefanie. Stefanie Monice vysv\u011btl\u00ed koncept programu a pozve ji na prvn\u00ed setk\u00e1n\u00ed.<\/p><h3>GradidoCaf\u00e9: nov\u00ed p\u0159\u00e1tel\u00e9 a nov\u00e9 \u00fakoly<\/h3><p>Druh\u00fd den u\u017e nastal ten spr\u00e1vn\u00fd \u010das. Monika vzru\u0161en\u011b \u010dek\u00e1 p\u0159ed sv\u00fdm domem. Kdy\u017e uvid\u00ed Stefanii, hned se c\u00edt\u00ed klidn\u011bj\u0161\u00ed. Stefanie jede s Monikou do m\u011bstsk\u00e9ho komunitn\u00edho centra, kde je dnes na programu \"GradidoCaf\u00e9\". Dobrovoln\u00edci p\u0159in\u00e1\u0161ej\u00ed k\u00e1vu a kol\u00e1\u010de a u\u017e se tu se\u0161lo mnoho spokojen\u00fdch lid\u00ed v\u0161ech v\u011bkov\u00fdch kategori\u00ed.<\/p><p>Monika se posad\u00ed ke stolu a v\u0161imne si, jak je v podniku \u017eivo. Lid\u00e9 se sm\u011bj\u00ed, pov\u00eddaj\u00ed si a vym\u011b\u0148uj\u00ed si historky. Stefanie Monice vysv\u011btluje, \u017ee nejde jen o j\u00eddlo a pit\u00ed, ale tak\u00e9 o sd\u00edlen\u00ed pot\u0159eb a dovednost\u00ed.<\/p>\t\t\t\t\t\t\t\t<\/div>\n\t\t\t\t<\/div>\n\t\t\t\t<div class=\"elementor-element elementor-element-e51c407 elementor-widget elementor-widget-image\" data-id=\"e51c407\" data-element_type=\"widget\" data-e-type=\"widget\" data-widget_type=\"image.default\">\n\t\t\t\t<div class=\"elementor-widget-container\">\n\t\t\t\t\t\t\t\t\t\t\t\t\t\t\t<img fetchpriority=\"high\" decoding=\"async\" width=\"700\" height=\"700\" src=\"https:\/\/gradido.net\/wp-content\/uploads\/2023\/08\/Cafe1_700.jpg\" class=\"attachment-large size-large wp-image-7143\" alt=\"\" srcset=\"https:\/\/gradido.net\/wp-content\/uploads\/2023\/08\/Cafe1_700.jpg 700w, https:\/\/gradido.net\/wp-content\/uploads\/2023\/08\/Cafe1_700-300x300.jpg 300w, https:\/\/gradido.net\/wp-content\/uploads\/2023\/08\/Cafe1_700-150x150.jpg 150w, https:\/\/gradido.net\/wp-content\/uploads\/2023\/08\/Cafe1_700-12x12.jpg 12w\" sizes=\"(max-width: 700px) 100vw, 700px\" \/>\t\t\t\t\t\t\t\t\t\t\t\t\t\t\t<\/div>\n\t\t\t\t<\/div>\n\t\t\t\t<div class=\"elementor-element elementor-element-06a4667 elementor-widget elementor-widget-text-editor\" data-id=\"06a4667\" data-element_type=\"widget\" data-e-type=\"widget\" data-widget_type=\"text-editor.default\">\n\t\t\t\t<div class=\"elementor-widget-container\">\n\t\t\t\t\t\t\t\t\t<p>Zat\u00edmco si Monika vychutn\u00e1v\u00e1 k\u00e1vu, d\u00e1v\u00e1 se do \u0159e\u010di s ostatn\u00edmi hosty. Sezn\u00e1m\u00ed se s \u017eenou jm\u00e9nem Gabriele, kter\u00e1 r\u00e1da plete a na\u0161la si n\u011bkolik mlad\u0161\u00edch lid\u00ed, kte\u0159\u00ed oce\u0148uj\u00ed jej\u00ed \u0159emesln\u00e9 dovednosti. Monika b\u00fdvala u\u010ditelkou v mate\u0159sk\u00e9 \u0161kole a nab\u00eddne j\u00ed, \u017ee se s n\u00ed pod\u011bl\u00ed o sv\u00e9 zku\u0161enosti s p\u00e9\u010d\u00ed o d\u011bti. To n\u011bkte\u0159\u00ed rodi\u010de s nad\u0161en\u00edm p\u0159ijmou.<\/p><p>Monika tomu nem\u016f\u017ee uv\u011b\u0159it! Na\u0161la nejen nov\u00e9 p\u0159\u00e1tele, ale tak\u00e9 zp\u016fsob, jak se pod\u011blit o sv\u016fj talent a zku\u0161enosti s ostatn\u00edmi. Setk\u00e1n\u00ed v r\u00e1mci programu Gradido se nyn\u00ed stala pravideln\u00fdmi ud\u00e1lostmi v Moni\u010din\u011b \u017eivot\u011b. T\u011b\u0161\u00ed se na ka\u017ed\u00e9 setk\u00e1n\u00ed a na nov\u00e9 p\u0159\u00edb\u011bhy, kter\u00e9 usly\u0161\u00ed.<\/p><h3>Situace se zlep\u0161uje i po finan\u010dn\u00ed str\u00e1nce<\/h3><p>Postupem \u010dasu si Monika uv\u011bdomuje, \u017ee se j\u00ed poda\u0159ilo nejen p\u0159ekonat osam\u011blost, ale tak\u00e9 v\u00fdrazn\u011b zlep\u0161it svou finan\u010dn\u00ed situaci. D\u00edky \u00fa\u010dasti v programu sb\u00edr\u00e1 gradidos, kter\u00fd m\u016f\u017ee vym\u011bnit za drobn\u00e9 slu\u017eby a dal\u0161\u00ed v\u011bci. Je to radostn\u00e9 d\u00e1v\u00e1n\u00ed a p\u0159ij\u00edm\u00e1n\u00ed, kdy ka\u017ed\u00fd t\u011b\u017e\u00ed z talent\u016f a dovednost\u00ed ostatn\u00edch.<\/p><p>Monika je velmi vd\u011b\u010dn\u00e1 za program Gradido a mo\u017enosti, kter\u00e9 j\u00ed otev\u00edr\u00e1. Ji\u017e nen\u00ed osam\u011bl\u00e1 a v setk\u00e1n\u00edch nach\u00e1z\u00ed nov\u00fd zdroj radosti a napln\u011bn\u00ed. S ka\u017ed\u00fdm setk\u00e1n\u00edm se komunita rozr\u016fst\u00e1 a Monika se c\u00edt\u00ed nejen jako p\u0159\u00edjemce, ale tak\u00e9 jako aktivn\u00ed \u00fa\u010dastn\u00edk. c\u00edt\u00ed se op\u011bt pot\u0159ebn\u00e1 a n\u011bkam pat\u0159\u00ed.<\/p><h3>\u017divot pln\u00fd radosti a vz\u00e1jemn\u00e9 podpory<\/h3><p>Program Gradido zm\u011bnil \u017eivot nejen Monice, ale i mnoha dal\u0161\u00edm lidem, kte\u0159\u00ed d\u0159\u00edve hledali spole\u010densk\u00e9 kontakty a smysl \u017eivota. Gradido se stalo d\u016fle\u017eitou sou\u010d\u00e1st\u00ed komunity, v n\u00ed\u017e se sch\u00e1z\u00ed st\u00e1le v\u00edce lid\u00ed, aby se vz\u00e1jemn\u011b podporovali a u\u010dili se od sebe navz\u00e1jem.<\/p><p>Moni\u010din p\u0159\u00edb\u011bh je p\u0159\u00edkladem toho, jak inovativn\u00ed syst\u00e9m odm\u011b\u0148ov\u00e1n\u00ed a sd\u00edlen\u00ed talent\u016f a pot\u0159eb m\u016f\u017ee pomoci p\u0159ekonat soci\u00e1ln\u00ed izolaci a vybudovat silnou komunitu. Body vd\u011b\u010dnosti v programu Gradido umo\u017e\u0148uj\u00ed Monice i ostatn\u00edm \u017e\u00edt sv\u016fj \u017eivot s radost\u00ed a vz\u00e1jemn\u011b se obohacovat.<\/p><h3>Obl\u00edben\u00e9 m\u011bsto z\u00e1\u0159\u00ed do sv\u011bta<\/h3><p>Zpr\u00e1va se rychle roz\u0161\u00ed\u0159\u00ed za hranice Lieblingsstadtu. O tento inovativn\u00ed syst\u00e9m se za\u010d\u00ednaj\u00ed zaj\u00edmat i dal\u0161\u00ed m\u011bsta.<\/p><p>D\u00edky vynal\u00e9zavosti starosty Miteinanda Lieblingsstadt vzkv\u00e9t\u00e1 jako nikdy p\u0159edt\u00edm. M\u011bsto je oslavov\u00e1no jako p\u0159\u00edklad soci\u00e1ln\u00edho pokroku.<\/p>\t\t\t\t\t\t\t\t<\/div>\n\t\t\t\t<\/div>\n\t\t\t\t<div class=\"elementor-element elementor-element-e858257 elementor-widget-divider--view-line elementor-widget elementor-widget-divider\" data-id=\"e858257\" data-element_type=\"widget\" data-e-type=\"widget\" data-widget_type=\"divider.default\">\n\t\t\t\t<div class=\"elementor-widget-container\">\n\t\t\t\t\t\t\t<div class=\"elementor-divider\">\n\t\t\t<span class=\"elementor-divider-separator\">\n\t\t\t\t\t\t<\/span>\n\t\t<\/div>\n\t\t\t\t\t\t<\/div>\n\t\t\t\t<\/div>\n\t\t\t\t<div class=\"elementor-element elementor-element-d74dfa0 elementor-widget elementor-widget-text-editor\" data-id=\"d74dfa0\" data-element_type=\"widget\" data-e-type=\"widget\" data-widget_type=\"text-editor.default\">\n\t\t\t\t<div class=\"elementor-widget-container\">\n\t\t\t\t\t\t\t\t\t<div data-pm-slice=\"1 1 []\" data-en-clipboard=\"true\"><p>V tomto druh\u00e9m p\u0159\u00edsp\u011bvku na\u0161eho seri\u00e1lu <strong>\"Gradido v obl\u00edben\u00e9m m\u011bst\u011b\" <\/strong>se dozv\u00edd\u00e1me, jak Gradido m\u011bn\u00ed \u017eivot senior\u016f k lep\u0161\u00edmu. V p\u0159\u00ed\u0161t\u00edm d\u00edle se s mladou rodinou Frankov\u00fdch budeme radovat z jejich \u00fasp\u011b\u0161n\u00e9ho p\u0159\u00edb\u011bhu. A v dal\u0161\u00edch p\u0159\u00edsp\u011bvc\u00edch v\u00e1m pov\u00edme, jak model Gradido v\u00fdrazn\u011b zlep\u0161uje kvalitu \u017eivota mnoha dal\u0161\u00edch lid\u00ed, zvy\u0161uje bezpe\u010dnost ve m\u011bst\u011b a dokonce zachra\u0148uje podniky a m\u011bstskou nemocnici.<\/p><p>Nev\u00e1hejte a p\u0159edejte tento seri\u00e1l m\u011bstsk\u00e9 spr\u00e1v\u011b, sdru\u017een\u00edm a podnik\u016fm. Proto\u017ee ka\u017ed\u00fd v\u0161\u00edmav\u00fd \u010dlov\u011bk si ji\u017e pravd\u011bpodobn\u011b v\u0161iml jedn\u00e9 v\u011bci: pokud z\u016fstaneme ne\u010dinn\u00ed nyn\u00ed, spousta v\u011bc\u00ed p\u016fjde do h\u00e1je.<\/p><p>S Gradidem m\u00e1me v rukou \u00fa\u010dinn\u00fd n\u00e1stroj pro pozitivn\u00ed \u017eivotn\u00ed design. Spole\u010dn\u011b prom\u011b\u0148ujeme na\u0161e m\u011bsta a komunity v \u017eiv\u00e9 o\u00e1zy - na\u0161e obl\u00edben\u00e1 m\u00edsta!<\/p><p>S pozdravem z Hohenlohe<\/p><\/div><p>V\u00e1\u0161<\/p><p><img decoding=\"async\" class=\"alignnone wp-image-4614 size-medium\" src=\"https:\/\/gradido.net\/wp-content\/uploads\/2022\/06\/MargretBernd_2022-300x74.png\" alt=\"\" width=\"300\" height=\"74\" srcset=\"https:\/\/gradido.net\/wp-content\/uploads\/2022\/06\/MargretBernd_2022-300x74.png 300w, https:\/\/gradido.net\/wp-content\/uploads\/2022\/06\/MargretBernd_2022-18x4.png 18w, https:\/\/gradido.net\/wp-content\/uploads\/2022\/06\/MargretBernd_2022.png 431w\" sizes=\"(max-width: 300px) 100vw, 300px\" \/><\/p><p>Margret Baier a Bernd H\u00fcckst\u00e4dt<br \/>Zakladatel a v\u00fdvoj\u00e1\u0159 spole\u010dnosti Gradido<\/p>\t\t\t\t\t\t\t\t<\/div>\n\t\t\t\t<\/div>\n\t\t\t\t\t<\/div>\n\t\t<\/div>\n\t\t\t\t\t<\/div>\n\t\t<\/section>\n\t\t\t\t<section class=\"elementor-section elementor-top-section elementor-element elementor-element-8d1b767 elementor-section-boxed elementor-section-height-default elementor-section-height-default\" data-id=\"8d1b767\" data-element_type=\"section\" data-e-type=\"section\">\n\t\t\t\t\t\t<div class=\"elementor-container elementor-column-gap-default\">\n\t\t\t\t\t<div class=\"elementor-column elementor-col-100 elementor-top-column elementor-element elementor-element-2a92977\" data-id=\"2a92977\" data-element_type=\"column\" data-e-type=\"column\">\n\t\t\t<div class=\"elementor-widget-wrap elementor-element-populated\">\n\t\t\t\t\t\t<div class=\"elementor-element elementor-element-ee4802b elementor-position-inline-start white-links elementor-widget__width-initial elementor-view-default elementor-mobile-position-block-start elementor-widget elementor-widget-icon-box\" data-id=\"ee4802b\" data-element_type=\"widget\" data-e-type=\"widget\" data-no-translation=\"\" data-widget_type=\"icon-box.default\">\n\t\t\t\t<div class=\"elementor-widget-container\">\n\t\t\t\t\t<style>.elementor-element-ee4802b{display:none !important}<\/style>\t\t\t\t<\/div>\n\t\t\t\t<\/div>\n\t\t\t\t\t<\/div>\n\t\t<\/div>\n\t\t\t\t\t<\/div>\n\t\t<\/section>\n\t\t\t\t<section class=\"elementor-section elementor-top-section elementor-element elementor-element-14532fe elementor-section-boxed elementor-section-height-default elementor-section-height-default\" data-id=\"14532fe\" data-element_type=\"section\" data-e-type=\"section\">\n\t\t\t\t\t\t<div class=\"elementor-container elementor-column-gap-default\">\n\t\t\t\t\t<div class=\"elementor-column elementor-col-100 elementor-top-column elementor-element elementor-element-65d2298\" data-id=\"65d2298\" data-element_type=\"column\" data-e-type=\"column\">\n\t\t\t<div class=\"elementor-widget-wrap elementor-element-populated\">\n\t\t\t\t\t\t<div class=\"elementor-element elementor-element-8a198be elementor-widget elementor-widget-global elementor-global-9341 elementor-widget-text-editor\" data-id=\"8a198be\" data-element_type=\"widget\" data-e-type=\"widget\" data-widget_type=\"text-editor.default\">\n\t\t\t\t<div class=\"elementor-widget-container\">\n\t\t\t\t\t\t\t\t\t<p><strong>PS:\u00a0<span style=\"color: #ff6600;\"><a style=\"color: #ff6600;\" href=\"https:\/\/gradido.net\/cs\/donations\/\">Vzhledem ke st\u00e1le rostouc\u00edmu v\u00fdznamu Gradida opakujeme 26. \u010dervna 2026 na\u0161i kampa\u0148 vd\u011b\u010dnosti:<\/a>\u00a0<\/span><span style=\"color: #0000ff;\"><a style=\"color: #0000ff;\" href=\"https:\/\/gradido.net\/cs\/donations\/\">Krom\u011b n\u011bkolikan\u00e1sobn\u00e9ho GradidoTransform za v\u00e1\u0161 sponzorsk\u00fd p\u0159\u00edsp\u011bvek nav\u00fd\u0161\u00edme 26. 6. 2016 v\u0161echny z\u016fstatky na \u00fa\u010dtech GDT o 26%. Sponzorujte nyn\u00ed a u\u017eijte si n\u00e1sobnou \u010d\u00e1stku GDT!<\/a><\/span><\/strong><\/p>\t\t\t\t\t\t\t\t<\/div>\n\t\t\t\t<\/div>\n\t\t\t\t\t<\/div>\n\t\t<\/div>\n\t\t\t\t\t<\/div>\n\t\t<\/section>\n\t\t\t\t<\/div>","protected":false},"excerpt":{"rendered":"<p>Moni\u010din p\u0159\u00edb\u011bh je p\u0159\u00edkladem toho, jak inovativn\u00ed syst\u00e9m odm\u011b\u0148ov\u00e1n\u00ed \"Gradido\" a v\u00fdm\u011bna talent\u016f a pot\u0159eb m\u016f\u017ee pomoci p\u0159ekonat soci\u00e1ln\u00ed izolaci, vybudovat silnou komunitu a dokonce zlep\u0161it vlastn\u00ed finan\u010dn\u00ed situaci.<\/p>","protected":false},"author":2,"featured_media":7139,"comment_status":"closed","ping_status":"closed","sticky":false,"template":"","format":"standard","meta":{"footnotes":""},"categories":[11,53],"tags":[22],"class_list":["post-7136","post","type-post","status-publish","format-standard","has-post-thumbnail","hentry","category-blog","category-lieblingsstadt","tag-bild-oben"],"yoast_head":"<!-- This site is optimized with the Yoast SEO plugin v27.5 - https:\/\/yoast.com\/product\/yoast-seo-wordpress\/ -->\n<title>Lieblingsstadt 2 \u2013 Monikas Wandel von Einsamkeit zu Gemeinschaft - Gradido<\/title>\n<meta name=\"description\" content=\"Monikas Geschichte ist ein Beispiel daf\u00fcr, wie das innovative Verg\u00fctungssystem \u201aGradido\u2018 und der Austausch von Talenten und Bed\u00fcrfnissen dazu beitragen k\u00f6nnen, soziale Isolation zu \u00fcberwinden, eine starke Gemeinschaft aufzubauen und sogar die eigene finanzielle Situation zu verbessern.\" \/>\n<meta name=\"robots\" content=\"index, follow, max-snippet:-1, max-image-preview:large, max-video-preview:-1\" \/>\n<link rel=\"canonical\" href=\"https:\/\/gradido.net\/cs\/lieblingsstadt-2-monikas-wandel-von-einsamkeit-zu-gemeinschaft\/\" \/>\n<meta property=\"og:locale\" content=\"cs_CZ\" \/>\n<meta property=\"og:type\" content=\"article\" \/>\n<meta property=\"og:title\" content=\"Lieblingsstadt 2 \u2013 Monikas Wandel von Einsamkeit zu Gemeinschaft - Gradido\" \/>\n<meta property=\"og:description\" content=\"Monikas Geschichte ist ein Beispiel daf\u00fcr, wie das innovative Verg\u00fctungssystem \u201aGradido\u2018 und der Austausch von Talenten und Bed\u00fcrfnissen dazu beitragen k\u00f6nnen, soziale Isolation zu \u00fcberwinden, eine starke Gemeinschaft aufzubauen und sogar die eigene finanzielle Situation zu verbessern.\" \/>\n<meta property=\"og:url\" content=\"https:\/\/gradido.net\/cs\/lieblingsstadt-2-monikas-wandel-von-einsamkeit-zu-gemeinschaft\/\" \/>\n<meta property=\"og:site_name\" content=\"Gradido\" \/>\n<meta property=\"article:published_time\" content=\"2023-08-16T14:48:17+00:00\" \/>\n<meta property=\"article:modified_time\" content=\"2026-04-23T05:15:41+00:00\" \/>\n<meta property=\"og:image\" content=\"https:\/\/gradido.net\/wp-content\/uploads\/2023\/08\/Monika2_1920.jpg\" \/>\n\t<meta property=\"og:image:width\" content=\"1920\" \/>\n\t<meta property=\"og:image:height\" content=\"1200\" \/>\n\t<meta property=\"og:image:type\" content=\"image\/jpeg\" \/>\n<meta name=\"author\" content=\"Bernd H\u00fcckst\u00e4dt\" \/>\n<meta name=\"twitter:card\" content=\"summary_large_image\" \/>\n<meta name=\"twitter:label1\" content=\"Napsal(a)\" \/>\n\t<meta name=\"twitter:data1\" content=\"Bernd H\u00fcckst\u00e4dt\" \/>\n\t<meta name=\"twitter:label2\" content=\"Odhadovan\u00e1 doba \u010dten\u00ed\" \/>\n\t<meta name=\"twitter:data2\" content=\"6 minut\" \/>\n<script type=\"application\/ld+json\" class=\"yoast-schema-graph\">{\"@context\":\"https:\\\/\\\/schema.org\",\"@graph\":[{\"@type\":\"Article\",\"@id\":\"https:\\\/\\\/gradido.net\\\/lieblingsstadt-2-monikas-wandel-von-einsamkeit-zu-gemeinschaft\\\/#article\",\"isPartOf\":{\"@id\":\"https:\\\/\\\/gradido.net\\\/lieblingsstadt-2-monikas-wandel-von-einsamkeit-zu-gemeinschaft\\\/\"},\"author\":{\"name\":\"Bernd H\u00fcckst\u00e4dt\",\"@id\":\"https:\\\/\\\/gradido.net\\\/de\\\/#\\\/schema\\\/person\\\/9c503a004ad15a1ddecadce2218db5d1\"},\"headline\":\"Lieblingsstadt 2 \u2013 Monikas Wandel von Einsamkeit zu Gemeinschaft\",\"datePublished\":\"2023-08-16T14:48:17+00:00\",\"dateModified\":\"2026-04-23T05:15:41+00:00\",\"mainEntityOfPage\":{\"@id\":\"https:\\\/\\\/gradido.net\\\/lieblingsstadt-2-monikas-wandel-von-einsamkeit-zu-gemeinschaft\\\/\"},\"wordCount\":1032,\"publisher\":{\"@id\":\"https:\\\/\\\/gradido.net\\\/de\\\/#organization\"},\"image\":{\"@id\":\"https:\\\/\\\/gradido.net\\\/lieblingsstadt-2-monikas-wandel-von-einsamkeit-zu-gemeinschaft\\\/#primaryimage\"},\"thumbnailUrl\":\"https:\\\/\\\/gradido.net\\\/wp-content\\\/uploads\\\/2023\\\/08\\\/Monika2_1920.jpg\",\"keywords\":[\"Bild oben\"],\"articleSection\":[\"Blog\",\"Lieblingsstadt\"],\"inLanguage\":\"cs\"},{\"@type\":\"WebPage\",\"@id\":\"https:\\\/\\\/gradido.net\\\/lieblingsstadt-2-monikas-wandel-von-einsamkeit-zu-gemeinschaft\\\/\",\"url\":\"https:\\\/\\\/gradido.net\\\/lieblingsstadt-2-monikas-wandel-von-einsamkeit-zu-gemeinschaft\\\/\",\"name\":\"Lieblingsstadt 2 \u2013 Monikas Wandel von Einsamkeit zu Gemeinschaft - Gradido\",\"isPartOf\":{\"@id\":\"https:\\\/\\\/gradido.net\\\/de\\\/#website\"},\"primaryImageOfPage\":{\"@id\":\"https:\\\/\\\/gradido.net\\\/lieblingsstadt-2-monikas-wandel-von-einsamkeit-zu-gemeinschaft\\\/#primaryimage\"},\"image\":{\"@id\":\"https:\\\/\\\/gradido.net\\\/lieblingsstadt-2-monikas-wandel-von-einsamkeit-zu-gemeinschaft\\\/#primaryimage\"},\"thumbnailUrl\":\"https:\\\/\\\/gradido.net\\\/wp-content\\\/uploads\\\/2023\\\/08\\\/Monika2_1920.jpg\",\"datePublished\":\"2023-08-16T14:48:17+00:00\",\"dateModified\":\"2026-04-23T05:15:41+00:00\",\"description\":\"Monikas Geschichte ist ein Beispiel daf\u00fcr, wie das innovative Verg\u00fctungssystem \u201aGradido\u2018 und der Austausch von Talenten und Bed\u00fcrfnissen dazu beitragen k\u00f6nnen, soziale Isolation zu \u00fcberwinden, eine starke Gemeinschaft aufzubauen und sogar die eigene finanzielle Situation zu verbessern.\",\"breadcrumb\":{\"@id\":\"https:\\\/\\\/gradido.net\\\/lieblingsstadt-2-monikas-wandel-von-einsamkeit-zu-gemeinschaft\\\/#breadcrumb\"},\"inLanguage\":\"cs\",\"potentialAction\":[{\"@type\":\"ReadAction\",\"target\":[\"https:\\\/\\\/gradido.net\\\/lieblingsstadt-2-monikas-wandel-von-einsamkeit-zu-gemeinschaft\\\/\"]}]},{\"@type\":\"ImageObject\",\"inLanguage\":\"cs\",\"@id\":\"https:\\\/\\\/gradido.net\\\/lieblingsstadt-2-monikas-wandel-von-einsamkeit-zu-gemeinschaft\\\/#primaryimage\",\"url\":\"https:\\\/\\\/gradido.net\\\/wp-content\\\/uploads\\\/2023\\\/08\\\/Monika2_1920.jpg\",\"contentUrl\":\"https:\\\/\\\/gradido.net\\\/wp-content\\\/uploads\\\/2023\\\/08\\\/Monika2_1920.jpg\",\"width\":1920,\"height\":1200},{\"@type\":\"BreadcrumbList\",\"@id\":\"https:\\\/\\\/gradido.net\\\/lieblingsstadt-2-monikas-wandel-von-einsamkeit-zu-gemeinschaft\\\/#breadcrumb\",\"itemListElement\":[{\"@type\":\"ListItem\",\"position\":1,\"name\":\"Startseite\",\"item\":\"https:\\\/\\\/gradido.net\\\/\"},{\"@type\":\"ListItem\",\"position\":2,\"name\":\"Lieblingsstadt 2 \u2013 Monikas Wandel von Einsamkeit zu Gemeinschaft\"}]},{\"@type\":\"WebSite\",\"@id\":\"https:\\\/\\\/gradido.net\\\/de\\\/#website\",\"url\":\"https:\\\/\\\/gradido.net\\\/de\\\/\",\"name\":\"Gradido\",\"description\":\"Die neue W\u00e4hrung hei\u00dft Dankbarkeit\",\"publisher\":{\"@id\":\"https:\\\/\\\/gradido.net\\\/de\\\/#organization\"},\"potentialAction\":[{\"@type\":\"SearchAction\",\"target\":{\"@type\":\"EntryPoint\",\"urlTemplate\":\"https:\\\/\\\/gradido.net\\\/de\\\/?s={search_term_string}\"},\"query-input\":{\"@type\":\"PropertyValueSpecification\",\"valueRequired\":true,\"valueName\":\"search_term_string\"}}],\"inLanguage\":\"cs\"},{\"@type\":\"Organization\",\"@id\":\"https:\\\/\\\/gradido.net\\\/de\\\/#organization\",\"name\":\"Gradido\",\"url\":\"https:\\\/\\\/gradido.net\\\/de\\\/\",\"logo\":{\"@type\":\"ImageObject\",\"inLanguage\":\"cs\",\"@id\":\"https:\\\/\\\/gradido.net\\\/de\\\/#\\\/schema\\\/logo\\\/image\\\/\",\"url\":\"https:\\\/\\\/gradido.net\\\/wp-content\\\/uploads\\\/2022\\\/04\\\/gradido-social.jpg\",\"contentUrl\":\"https:\\\/\\\/gradido.net\\\/wp-content\\\/uploads\\\/2022\\\/04\\\/gradido-social.jpg\",\"width\":527,\"height\":273,\"caption\":\"Gradido\"},\"image\":{\"@id\":\"https:\\\/\\\/gradido.net\\\/de\\\/#\\\/schema\\\/logo\\\/image\\\/\"}},{\"@type\":\"Person\",\"@id\":\"https:\\\/\\\/gradido.net\\\/de\\\/#\\\/schema\\\/person\\\/9c503a004ad15a1ddecadce2218db5d1\",\"name\":\"Bernd H\u00fcckst\u00e4dt\",\"sameAs\":[\"https:\\\/\\\/gradido.net\"],\"url\":\"https:\\\/\\\/gradido.net\\\/cs\\\/author\\\/bernd\\\/\"}]}<\/script>\n<!-- \/ Yoast SEO plugin. -->","yoast_head_json":{"title":"Obl\u00edben\u00e9 m\u011bsto 2 - Moni\u010dina prom\u011bna od samoty ke spole\u010denstv\u00ed - Gradido","description":"Moni\u010din p\u0159\u00edb\u011bh je p\u0159\u00edkladem toho, jak inovativn\u00ed syst\u00e9m odm\u011b\u0148ov\u00e1n\u00ed \"Gradido\" a v\u00fdm\u011bna talent\u016f a pot\u0159eb m\u016f\u017ee pomoci p\u0159ekonat soci\u00e1ln\u00ed izolaci, vybudovat silnou komunitu a dokonce zlep\u0161it vlastn\u00ed finan\u010dn\u00ed situaci.","robots":{"index":"index","follow":"follow","max-snippet":"max-snippet:-1","max-image-preview":"max-image-preview:large","max-video-preview":"max-video-preview:-1"},"canonical":"https:\/\/gradido.net\/cs\/lieblingsstadt-2-monikas-wandel-von-einsamkeit-zu-gemeinschaft\/","og_locale":"cs_CZ","og_type":"article","og_title":"Lieblingsstadt 2 \u2013 Monikas Wandel von Einsamkeit zu Gemeinschaft - Gradido","og_description":"Monikas Geschichte ist ein Beispiel daf\u00fcr, wie das innovative Verg\u00fctungssystem \u201aGradido\u2018 und der Austausch von Talenten und Bed\u00fcrfnissen dazu beitragen k\u00f6nnen, soziale Isolation zu \u00fcberwinden, eine starke Gemeinschaft aufzubauen und sogar die eigene finanzielle Situation zu verbessern.","og_url":"https:\/\/gradido.net\/cs\/lieblingsstadt-2-monikas-wandel-von-einsamkeit-zu-gemeinschaft\/","og_site_name":"Gradido","article_published_time":"2023-08-16T14:48:17+00:00","article_modified_time":"2026-04-23T05:15:41+00:00","og_image":[{"width":1920,"height":1200,"url":"https:\/\/gradido.net\/wp-content\/uploads\/2023\/08\/Monika2_1920.jpg","type":"image\/jpeg"}],"author":"Bernd H\u00fcckst\u00e4dt","twitter_card":"summary_large_image","twitter_misc":{"Napsal(a)":"Bernd H\u00fcckst\u00e4dt","Odhadovan\u00e1 doba \u010dten\u00ed":"6 minut"},"schema":{"@context":"https:\/\/schema.org","@graph":[{"@type":"Article","@id":"https:\/\/gradido.net\/lieblingsstadt-2-monikas-wandel-von-einsamkeit-zu-gemeinschaft\/#article","isPartOf":{"@id":"https:\/\/gradido.net\/lieblingsstadt-2-monikas-wandel-von-einsamkeit-zu-gemeinschaft\/"},"author":{"name":"Bernd H\u00fcckst\u00e4dt","@id":"https:\/\/gradido.net\/de\/#\/schema\/person\/9c503a004ad15a1ddecadce2218db5d1"},"headline":"Lieblingsstadt 2 \u2013 Monikas Wandel von Einsamkeit zu Gemeinschaft","datePublished":"2023-08-16T14:48:17+00:00","dateModified":"2026-04-23T05:15:41+00:00","mainEntityOfPage":{"@id":"https:\/\/gradido.net\/lieblingsstadt-2-monikas-wandel-von-einsamkeit-zu-gemeinschaft\/"},"wordCount":1032,"publisher":{"@id":"https:\/\/gradido.net\/de\/#organization"},"image":{"@id":"https:\/\/gradido.net\/lieblingsstadt-2-monikas-wandel-von-einsamkeit-zu-gemeinschaft\/#primaryimage"},"thumbnailUrl":"https:\/\/gradido.net\/wp-content\/uploads\/2023\/08\/Monika2_1920.jpg","keywords":["Bild oben"],"articleSection":["Blog","Lieblingsstadt"],"inLanguage":"cs"},{"@type":"WebPage","@id":"https:\/\/gradido.net\/lieblingsstadt-2-monikas-wandel-von-einsamkeit-zu-gemeinschaft\/","url":"https:\/\/gradido.net\/lieblingsstadt-2-monikas-wandel-von-einsamkeit-zu-gemeinschaft\/","name":"Obl\u00edben\u00e9 m\u011bsto 2 - Moni\u010dina prom\u011bna od samoty ke spole\u010denstv\u00ed - Gradido","isPartOf":{"@id":"https:\/\/gradido.net\/de\/#website"},"primaryImageOfPage":{"@id":"https:\/\/gradido.net\/lieblingsstadt-2-monikas-wandel-von-einsamkeit-zu-gemeinschaft\/#primaryimage"},"image":{"@id":"https:\/\/gradido.net\/lieblingsstadt-2-monikas-wandel-von-einsamkeit-zu-gemeinschaft\/#primaryimage"},"thumbnailUrl":"https:\/\/gradido.net\/wp-content\/uploads\/2023\/08\/Monika2_1920.jpg","datePublished":"2023-08-16T14:48:17+00:00","dateModified":"2026-04-23T05:15:41+00:00","description":"Moni\u010din p\u0159\u00edb\u011bh je p\u0159\u00edkladem toho, jak inovativn\u00ed syst\u00e9m odm\u011b\u0148ov\u00e1n\u00ed \"Gradido\" a v\u00fdm\u011bna talent\u016f a pot\u0159eb m\u016f\u017ee pomoci p\u0159ekonat soci\u00e1ln\u00ed izolaci, vybudovat silnou komunitu a dokonce zlep\u0161it vlastn\u00ed finan\u010dn\u00ed situaci.","breadcrumb":{"@id":"https:\/\/gradido.net\/lieblingsstadt-2-monikas-wandel-von-einsamkeit-zu-gemeinschaft\/#breadcrumb"},"inLanguage":"cs","potentialAction":[{"@type":"ReadAction","target":["https:\/\/gradido.net\/lieblingsstadt-2-monikas-wandel-von-einsamkeit-zu-gemeinschaft\/"]}]},{"@type":"ImageObject","inLanguage":"cs","@id":"https:\/\/gradido.net\/lieblingsstadt-2-monikas-wandel-von-einsamkeit-zu-gemeinschaft\/#primaryimage","url":"https:\/\/gradido.net\/wp-content\/uploads\/2023\/08\/Monika2_1920.jpg","contentUrl":"https:\/\/gradido.net\/wp-content\/uploads\/2023\/08\/Monika2_1920.jpg","width":1920,"height":1200},{"@type":"BreadcrumbList","@id":"https:\/\/gradido.net\/lieblingsstadt-2-monikas-wandel-von-einsamkeit-zu-gemeinschaft\/#breadcrumb","itemListElement":[{"@type":"ListItem","position":1,"name":"Startseite","item":"https:\/\/gradido.net\/"},{"@type":"ListItem","position":2,"name":"Lieblingsstadt 2 \u2013 Monikas Wandel von Einsamkeit zu Gemeinschaft"}]},{"@type":"WebSite","@id":"https:\/\/gradido.net\/de\/#website","url":"https:\/\/gradido.net\/de\/","name":"Gradido","description":"Novou m\u011bnou je vd\u011b\u010dnost","publisher":{"@id":"https:\/\/gradido.net\/de\/#organization"},"potentialAction":[{"@type":"SearchAction","target":{"@type":"EntryPoint","urlTemplate":"https:\/\/gradido.net\/de\/?s={search_term_string}"},"query-input":{"@type":"PropertyValueSpecification","valueRequired":true,"valueName":"search_term_string"}}],"inLanguage":"cs"},{"@type":"Organization","@id":"https:\/\/gradido.net\/de\/#organization","name":"Gradido","url":"https:\/\/gradido.net\/de\/","logo":{"@type":"ImageObject","inLanguage":"cs","@id":"https:\/\/gradido.net\/de\/#\/schema\/logo\/image\/","url":"https:\/\/gradido.net\/wp-content\/uploads\/2022\/04\/gradido-social.jpg","contentUrl":"https:\/\/gradido.net\/wp-content\/uploads\/2022\/04\/gradido-social.jpg","width":527,"height":273,"caption":"Gradido"},"image":{"@id":"https:\/\/gradido.net\/de\/#\/schema\/logo\/image\/"}},{"@type":"Person","@id":"https:\/\/gradido.net\/de\/#\/schema\/person\/9c503a004ad15a1ddecadce2218db5d1","name":"Bernd H\u00fcckst\u00e4dt","sameAs":["https:\/\/gradido.net"],"url":"https:\/\/gradido.net\/cs\/author\/bernd\/"}]}},"_links":{"self":[{"href":"https:\/\/gradido.net\/cs\/wp-json\/wp\/v2\/posts\/7136","targetHints":{"allow":["GET"]}}],"collection":[{"href":"https:\/\/gradido.net\/cs\/wp-json\/wp\/v2\/posts"}],"about":[{"href":"https:\/\/gradido.net\/cs\/wp-json\/wp\/v2\/types\/post"}],"author":[{"embeddable":true,"href":"https:\/\/gradido.net\/cs\/wp-json\/wp\/v2\/users\/2"}],"replies":[{"embeddable":true,"href":"https:\/\/gradido.net\/cs\/wp-json\/wp\/v2\/comments?post=7136"}],"version-history":[{"count":34,"href":"https:\/\/gradido.net\/cs\/wp-json\/wp\/v2\/posts\/7136\/revisions"}],"predecessor-version":[{"id":13548,"href":"https:\/\/gradido.net\/cs\/wp-json\/wp\/v2\/posts\/7136\/revisions\/13548"}],"wp:featuredmedia":[{"embeddable":true,"href":"https:\/\/gradido.net\/cs\/wp-json\/wp\/v2\/media\/7139"}],"wp:attachment":[{"href":"https:\/\/gradido.net\/cs\/wp-json\/wp\/v2\/media?parent=7136"}],"wp:term":[{"taxonomy":"category","embeddable":true,"href":"https:\/\/gradido.net\/cs\/wp-json\/wp\/v2\/categories?post=7136"},{"taxonomy":"post_tag","embeddable":true,"href":"https:\/\/gradido.net\/cs\/wp-json\/wp\/v2\/tags?post=7136"}],"curies":[{"name":"wp","href":"https:\/\/api.w.org\/{rel}","templated":true}]}}