{"id":7351,"date":"2023-08-26T04:36:39","date_gmt":"2023-08-26T02:36:39","guid":{"rendered":"https:\/\/gradido.net\/?p=7351"},"modified":"2026-04-23T07:11:14","modified_gmt":"2026-04-23T05:11:14","slug":"lieblingsstadt-7-gradido-modell-bewahrt-traditionsreiche-brauerei-vor-uebernahme","status":"publish","type":"post","link":"https:\/\/gradido.net\/cs\/lieblingsstadt-7-gradido-modell-bewahrt-traditionsreiche-brauerei-vor-uebernahme\/","title":{"rendered":"Obl\u00edben\u00e9 m\u011bsto 7 - Model Gradido zachr\u00e1nil tradi\u010dn\u00ed pivovar p\u0159ed p\u0159evzet\u00edm"},"content":{"rendered":"<div data-elementor-type=\"wp-post\" data-elementor-id=\"7351\" class=\"elementor elementor-7351\" data-elementor-post-type=\"post\">\n\t\t\t\t\t\t<section class=\"elementor-section elementor-top-section elementor-element elementor-element-496e1d53 elementor-section-boxed elementor-section-height-default elementor-section-height-default\" data-id=\"496e1d53\" data-element_type=\"section\" data-e-type=\"section\">\n\t\t\t\t\t\t<div class=\"elementor-container elementor-column-gap-default\">\n\t\t\t\t\t<div class=\"elementor-column elementor-col-100 elementor-top-column elementor-element elementor-element-461d7be0\" data-id=\"461d7be0\" data-element_type=\"column\" data-e-type=\"column\">\n\t\t\t<div class=\"elementor-widget-wrap elementor-element-populated\">\n\t\t\t\t\t\t<div class=\"elementor-element elementor-element-cd9ebe2 elementor-widget elementor-widget-text-editor\" data-id=\"cd9ebe2\" data-element_type=\"widget\" data-e-type=\"widget\" data-widget_type=\"text-editor.default\">\n\t\t\t\t<div class=\"elementor-widget-container\">\n\t\t\t\t\t\t\t\t\t<p style=\"text-align: right;\"><em>\"My, obl\u00edben\u00ed obyvatel\u00e9 m\u011bsta, se t\u00edm nenech\u00e1me rozhodit. Naopak: sv\u00fdmi \u00fasp\u011b\u0161n\u00fdmi projekty r\u00e1di podporujeme napodobov\u00e1n\u00ed.\"<\/em><\/p><p>V\u00e1\u017een\u00fd \u010dten\u00e1\u0159i,<\/p><p>v obl\u00edben\u00e9m m\u011bste\u010dku stoj\u00ed \u00fatuln\u00e1 varna m\u011bstsk\u00e9ho pivovaru, kter\u00fd je zn\u00e1m\u00fd sv\u00fdmi rozmanit\u00fdmi, ko\u0159en\u011bn\u00fdmi druhy piva. Tento m\u00edstn\u00ed klenot se navzdory sv\u00e9 region\u00e1ln\u00ed popularit\u011b pot\u00fdk\u00e1 s probl\u00e9my kv\u016fli nadregion\u00e1ln\u00ed konkurenci, kter\u00e1 mu znemo\u017enila dos\u00e1hnout cen pokr\u00fdvaj\u00edc\u00edch n\u00e1klady. V\u00fdsledkem byly citeln\u00e9 ztr\u00e1ty. P\u0159evzet\u00ed skupinou spole\u010dnost\u00ed se zd\u00e1lo nevyhnuteln\u00e9. Jak u\u017e to v t\u011bchto t\u011b\u017ek\u00fdch dob\u00e1ch b\u00fdv\u00e1, op\u011bt hrozilo, \u017ee velc\u00ed pohlt\u00ed ty mal\u00e9.<\/p>\t\t\t\t\t\t\t\t<\/div>\n\t\t\t\t<\/div>\n\t\t\t\t<div class=\"elementor-element elementor-element-b482206 elementor-widget elementor-widget-image\" data-id=\"b482206\" data-element_type=\"widget\" data-e-type=\"widget\" data-widget_type=\"image.default\">\n\t\t\t\t<div class=\"elementor-widget-container\">\n\t\t\t\t\t\t\t\t\t\t\t\t\t\t\t<img fetchpriority=\"high\" decoding=\"async\" width=\"500\" height=\"281\" src=\"https:\/\/gradido.net\/wp-content\/uploads\/2023\/08\/Fische_500.png\" class=\"attachment-full size-full wp-image-7354\" alt=\"\" srcset=\"https:\/\/gradido.net\/wp-content\/uploads\/2023\/08\/Fische_500.png 500w, https:\/\/gradido.net\/wp-content\/uploads\/2023\/08\/Fische_500-300x169.png 300w, https:\/\/gradido.net\/wp-content\/uploads\/2023\/08\/Fische_500-18x10.png 18w\" sizes=\"(max-width: 500px) 100vw, 500px\" \/>\t\t\t\t\t\t\t\t\t\t\t\t\t\t\t<\/div>\n\t\t\t\t<\/div>\n\t\t\t\t<div class=\"elementor-element elementor-element-c5e61d4 elementor-widget elementor-widget-text-editor\" data-id=\"c5e61d4\" data-element_type=\"widget\" data-e-type=\"widget\" data-widget_type=\"text-editor.default\">\n\t\t\t\t<div class=\"elementor-widget-container\">\n\t\t\t\t\t\t\t\t\t<p>Obyvatel\u00e9 Lieblingsstadtu se v\u0161ak necht\u011bli sv\u00e9ho milovan\u00e9ho pivovaru tak snadno vzd\u00e1t a obr\u00e1tili se na veden\u00ed m\u011bsta v \u010dele s obl\u00edben\u00fdm starostou Michaelem Miteinandem. Ten ujistil, \u017ee z\u00e1le\u017eitost p\u0159edlo\u017e\u00ed na p\u0159\u00ed\u0161t\u00edm zased\u00e1n\u00ed m\u011bstsk\u00e9 rady. D\u00edky dobr\u00fdm zku\u0161enostem s obl\u00edbenou m\u011bstskou tov\u00e1rnou na boty u\u017e m\u011bl tak\u00e9 n\u00e1pad...<\/p>\t\t\t\t\t\t\t\t<\/div>\n\t\t\t\t<\/div>\n\t\t\t\t<div class=\"elementor-element elementor-element-f223bb6 elementor-widget elementor-widget-image\" data-id=\"f223bb6\" data-element_type=\"widget\" data-e-type=\"widget\" data-widget_type=\"image.default\">\n\t\t\t\t<div class=\"elementor-widget-container\">\n\t\t\t\t\t\t\t\t\t\t\t\t\t\t\t<img decoding=\"async\" width=\"500\" height=\"300\" src=\"https:\/\/gradido.net\/wp-content\/uploads\/2023\/08\/Rathaus_500.jpg\" class=\"attachment-full size-full wp-image-7355\" alt=\"\" srcset=\"https:\/\/gradido.net\/wp-content\/uploads\/2023\/08\/Rathaus_500.jpg 500w, https:\/\/gradido.net\/wp-content\/uploads\/2023\/08\/Rathaus_500-300x180.jpg 300w, https:\/\/gradido.net\/wp-content\/uploads\/2023\/08\/Rathaus_500-18x12.jpg 18w\" sizes=\"(max-width: 500px) 100vw, 500px\" \/>\t\t\t\t\t\t\t\t\t\t\t\t\t\t\t<\/div>\n\t\t\t\t<\/div>\n\t\t\t\t<div class=\"elementor-element elementor-element-0499f3c elementor-widget elementor-widget-text-editor\" data-id=\"0499f3c\" data-element_type=\"widget\" data-e-type=\"widget\" data-widget_type=\"text-editor.default\">\n\t\t\t\t<div class=\"elementor-widget-container\">\n\t\t\t\t\t\t\t\t\t<p>D\u00edky modelu Gradido mohla manufaktura \u00fasp\u011b\u0161n\u011b pokra\u010dovat a \u010d\u00e1ste\u010dn\u011b na dobrovoln\u00e9 b\u00e1zi - \u0159e\u0161en\u00ed, kter\u00e9 pivovaru otev\u0159elo nov\u00e9 mo\u017enosti.<\/p><h3>P\u0159ipom\u00edn\u00e1me:\u00a0<\/h3><p>Obec zalo\u017eila ob\u010dansk\u00e9 dru\u017estvo na z\u00e1chranu tov\u00e1rny na obuv. Na jedn\u00e9 stran\u011b byla vytvo\u0159ena pracovn\u00ed m\u00edsta, na druh\u00e9 stran\u011b se v\u00fdroba obuvi uskute\u010d\u0148uje p\u0159ev\u00e1\u017en\u011b na dobrovoln\u00e9 b\u00e1zi. Mnoho obl\u00edben\u00fdch obyvatel m\u011bsta investuje do dru\u017estevn\u00edch pod\u00edl\u016f a podporuje tak spole\u010dn\u00fd projekt.<\/p><p>Starosta Miteinand a jeho t\u00fdm odborn\u00edk\u016f se na z\u00e1klad\u011b tohoto \u00fasp\u011bchu rozhodli roz\u0161\u00ed\u0159it pole p\u016fsobnosti dru\u017estva. Nyn\u00ed vyu\u017e\u00edvaj\u00ed model Gradido k z\u00e1chran\u011b dal\u0161\u00edch podnik\u016f, nap\u0159\u00edklad m\u011bstsk\u00e9ho pivovaru, p\u0159ed bankrotem nebo p\u0159evzet\u00edm.<\/p><h3>V\u00fdsledek je p\u016fsobiv\u00fd:\u00a0<\/h3><p>Zna\u010dka \"Lieblingsst\u00e4dter Ehrenamt\" si z\u00edskala celost\u00e1tn\u00ed pozornost a nyn\u00ed slou\u017e\u00ed jako zast\u0159e\u0161uj\u00edc\u00ed zna\u010dka pro v\u0161echny podobn\u00e9 projekty ve m\u011bst\u011b. Je tak\u00e9 vynikaj\u00edc\u00ed zna\u010dkou pro pivo z m\u011bstsk\u00e9ho pivovaru.<\/p>\t\t\t\t\t\t\t\t<\/div>\n\t\t\t\t<\/div>\n\t\t\t\t<div class=\"elementor-element elementor-element-392458a elementor-widget elementor-widget-image\" data-id=\"392458a\" data-element_type=\"widget\" data-e-type=\"widget\" data-widget_type=\"image.default\">\n\t\t\t\t<div class=\"elementor-widget-container\">\n\t\t\t\t\t\t\t\t\t\t\t\t\t\t\t<img decoding=\"async\" width=\"500\" height=\"680\" src=\"https:\/\/gradido.net\/wp-content\/uploads\/2023\/08\/Bier_Lieblingssta\u0308dter_500.jpg\" class=\"attachment-full size-full wp-image-7357\" alt=\"\" srcset=\"https:\/\/gradido.net\/wp-content\/uploads\/2023\/08\/Bier_Lieblingssta\u0308dter_500.jpg 500w, https:\/\/gradido.net\/wp-content\/uploads\/2023\/08\/Bier_Lieblingssta\u0308dter_500-221x300.jpg 221w, https:\/\/gradido.net\/wp-content\/uploads\/2023\/08\/Bier_Lieblingssta\u0308dter_500-9x12.jpg 9w\" sizes=\"(max-width: 500px) 100vw, 500px\" \/>\t\t\t\t\t\t\t\t\t\t\t\t\t\t\t<\/div>\n\t\t\t\t<\/div>\n\t\t\t\t<div class=\"elementor-element elementor-element-8fcbf61 elementor-widget elementor-widget-text-editor\" data-id=\"8fcbf61\" data-element_type=\"widget\" data-e-type=\"widget\" data-widget_type=\"text-editor.default\">\n\t\t\t\t<div class=\"elementor-widget-container\">\n\t\t\t\t\t\t\t\t\t<p><strong>Podle o\u010dek\u00e1v\u00e1n\u00ed m\u011bl velk\u00fd \u00fasp\u011bch i projekt kolem piva.\u00a0<\/strong><\/p><p>Lieblingsst\u00e4dter Ehrenamt\" nyn\u00ed slou\u017e\u00ed jako vzor pro dal\u0161\u00ed projekty tohoto druhu. Odvaha a podnikatelsk\u00fd duch obl\u00edben\u00fdch obyvatel m\u011bsta op\u011bt uk\u00e1zaly, \u017ee smysl pro komunitu a m\u00edstn\u00ed identitu v kombinaci s modelem Gradido mohou b\u00fdt mocn\u00fdm n\u00e1strojem k dosa\u017een\u00ed zd\u00e1nliv\u011b nemo\u017en\u00e9ho, zejm\u00e9na v t\u011b\u017ek\u00fdch dob\u00e1ch.<\/p>\t\t\t\t\t\t\t\t<\/div>\n\t\t\t\t<\/div>\n\t\t\t\t<div class=\"elementor-element elementor-element-e858257 elementor-widget-divider--view-line elementor-widget elementor-widget-divider\" data-id=\"e858257\" data-element_type=\"widget\" data-e-type=\"widget\" data-widget_type=\"divider.default\">\n\t\t\t\t<div class=\"elementor-widget-container\">\n\t\t\t\t\t\t\t<div class=\"elementor-divider\">\n\t\t\t<span class=\"elementor-divider-separator\">\n\t\t\t\t\t\t<\/span>\n\t\t<\/div>\n\t\t\t\t\t\t<\/div>\n\t\t\t\t<\/div>\n\t\t\t\t<div class=\"elementor-element elementor-element-d74dfa0 elementor-widget elementor-widget-text-editor\" data-id=\"d74dfa0\" data-element_type=\"widget\" data-e-type=\"widget\" data-widget_type=\"text-editor.default\">\n\t\t\t\t<div class=\"elementor-widget-container\">\n\t\t\t\t\t\t\t\t\t<div data-pm-slice=\"1 1 []\" data-en-clipboard=\"true\"><p>V sedm\u00e9m p\u0159\u00edsp\u011bvku na\u0161eho obl\u00edben\u00e9ho seri\u00e1lu <strong>\"Gradido v obl\u00edben\u00e9m m\u011bst\u011b\" <\/strong>obl\u00edben\u00ed m\u011b\u0161\u0165an\u00e9 zachr\u00e1n\u00ed sv\u016fj obecn\u00ed pivovar p\u0159ed p\u0159evzet\u00edm velkou spole\u010dnost\u00ed. S pomoc\u00ed dobrovolnick\u00e9ho syst\u00e9mu odm\u011b\u0148ov\u00e1n\u00ed \"Gradido\" se jim poda\u0159\u00ed tradi\u010dn\u00ed podnik znovu u\u010dinit konkurenceschopn\u00fdm a zna\u010dku \"Lieblingsst\u00e4dter Ehrenamt\" zn\u00e1mou po cel\u00e9 zemi. V dal\u0161\u00edm d\u00edle spole\u010dn\u011b zachr\u00e1n\u00edme nemocnici. Princip je st\u00e1le stejn\u00fd: Spole\u010dn\u00e9 dobro a spolupr\u00e1ce nam\u00edsto konkurence.<\/p><p><strong>Nev\u00e1hejte a p\u0159edejte tento seri\u00e1l sv\u00e9 m\u011bstsk\u00e9 rad\u011b, sdru\u017een\u00edm a \u017eivnostn\u00edk\u016fm!<\/strong><\/p><p>Nesm\u00edme ne\u010dinn\u011b p\u0159ihl\u00ed\u017eet tomu, jak je na\u0161e ekonomika a na\u0161e kr\u00e1sn\u00e1 zem\u011b tla\u010dena ke zdi.<\/p><p>D\u00edky Gradidu m\u00e1me v rukou \u00fa\u010dinn\u00fd n\u00e1stroj pro pozitivn\u00ed udr\u017eiteln\u00fd design budoucnosti. Spole\u010dn\u011b m\u011bn\u00edme na\u0161e m\u011bsta a obce v \u017eiv\u00e9 prosperuj\u00edc\u00ed o\u00e1zy - na\u0161e obl\u00edben\u00e1 m\u00edsta!<\/p><p>S pozdravem<\/p><\/div><p>V\u00e1\u0161<\/p><p><img loading=\"lazy\" decoding=\"async\" class=\"alignnone wp-image-4614 size-medium\" src=\"https:\/\/gradido.net\/wp-content\/uploads\/2022\/06\/MargretBernd_2022-300x74.png\" alt=\"\" width=\"300\" height=\"74\" srcset=\"https:\/\/gradido.net\/wp-content\/uploads\/2022\/06\/MargretBernd_2022-300x74.png 300w, https:\/\/gradido.net\/wp-content\/uploads\/2022\/06\/MargretBernd_2022-18x4.png 18w, https:\/\/gradido.net\/wp-content\/uploads\/2022\/06\/MargretBernd_2022.png 431w\" sizes=\"(max-width: 300px) 100vw, 300px\" \/><\/p><p>Margret Baier a Bernd H\u00fcckst\u00e4dt<br \/>Zakladatel a v\u00fdvoj\u00e1\u0159 spole\u010dnosti Gradido<\/p>\t\t\t\t\t\t\t\t<\/div>\n\t\t\t\t<\/div>\n\t\t\t\t\t<\/div>\n\t\t<\/div>\n\t\t\t\t\t<\/div>\n\t\t<\/section>\n\t\t\t\t<section class=\"elementor-section elementor-top-section elementor-element elementor-element-48f83b0 elementor-section-boxed elementor-section-height-default elementor-section-height-default\" data-id=\"48f83b0\" data-element_type=\"section\" data-e-type=\"section\">\n\t\t\t\t\t\t<div class=\"elementor-container elementor-column-gap-default\">\n\t\t\t\t\t<div class=\"elementor-column elementor-col-100 elementor-top-column elementor-element elementor-element-220f8d3\" data-id=\"220f8d3\" data-element_type=\"column\" data-e-type=\"column\">\n\t\t\t<div class=\"elementor-widget-wrap elementor-element-populated\">\n\t\t\t\t\t\t<div class=\"elementor-element elementor-element-afa7e75 elementor-position-inline-start white-links elementor-widget__width-initial elementor-view-default elementor-mobile-position-block-start elementor-widget elementor-widget-icon-box\" data-id=\"afa7e75\" data-element_type=\"widget\" data-e-type=\"widget\" data-no-translation=\"\" data-widget_type=\"icon-box.default\">\n\t\t\t\t<div class=\"elementor-widget-container\">\n\t\t\t\t\t<style>.elementor-element-afa7e75{display:none !important}<\/style>\t\t\t\t<\/div>\n\t\t\t\t<\/div>\n\t\t\t\t\t<\/div>\n\t\t<\/div>\n\t\t\t\t\t<\/div>\n\t\t<\/section>\n\t\t\t\t<section class=\"elementor-section elementor-top-section elementor-element elementor-element-14532fe elementor-section-boxed elementor-section-height-default elementor-section-height-default\" data-id=\"14532fe\" data-element_type=\"section\" data-e-type=\"section\">\n\t\t\t\t\t\t<div class=\"elementor-container elementor-column-gap-default\">\n\t\t\t\t\t<div class=\"elementor-column elementor-col-100 elementor-top-column elementor-element elementor-element-65d2298\" data-id=\"65d2298\" data-element_type=\"column\" data-e-type=\"column\">\n\t\t\t<div class=\"elementor-widget-wrap elementor-element-populated\">\n\t\t\t\t\t\t<div class=\"elementor-element elementor-element-f342860 elementor-widget elementor-widget-global elementor-global-9341 elementor-widget-text-editor\" data-id=\"f342860\" data-element_type=\"widget\" data-e-type=\"widget\" data-widget_type=\"text-editor.default\">\n\t\t\t\t<div class=\"elementor-widget-container\">\n\t\t\t\t\t\t\t\t\t<p><strong>PS:\u00a0<span style=\"color: #ff6600;\"><a style=\"color: #ff6600;\" href=\"https:\/\/gradido.net\/cs\/donations\/\">Vzhledem ke st\u00e1le rostouc\u00edmu v\u00fdznamu Gradida opakujeme 26. \u010dervna 2026 na\u0161i kampa\u0148 vd\u011b\u010dnosti:<\/a>\u00a0<\/span><span style=\"color: #0000ff;\"><a style=\"color: #0000ff;\" href=\"https:\/\/gradido.net\/cs\/donations\/\">Krom\u011b n\u011bkolikan\u00e1sobn\u00e9ho GradidoTransform za v\u00e1\u0161 sponzorsk\u00fd p\u0159\u00edsp\u011bvek nav\u00fd\u0161\u00edme 26. 6. 2016 v\u0161echny z\u016fstatky na \u00fa\u010dtech GDT o 26%. Sponzorujte nyn\u00ed a u\u017eijte si n\u00e1sobnou \u010d\u00e1stku GDT!<\/a><\/span><\/strong><\/p>\t\t\t\t\t\t\t\t<\/div>\n\t\t\t\t<\/div>\n\t\t\t\t\t<\/div>\n\t\t<\/div>\n\t\t\t\t\t<\/div>\n\t\t<\/section>\n\t\t\t\t<\/div>","protected":false},"excerpt":{"rendered":"<p>Odvaha a podnikatelsk\u00fd duch obyvatel obl\u00edben\u00e9ho m\u011bsta op\u011bt ukazuj\u00ed, \u017ee smysl pro komunitu a m\u00edstn\u00ed identitu v kombinaci s modelem Gradido mohou dok\u00e1zat zd\u00e1nliv\u011b nemo\u017en\u00e9, zejm\u00e9na v t\u011b\u017ek\u00fdch dob\u00e1ch.<\/p>","protected":false},"author":2,"featured_media":7353,"comment_status":"closed","ping_status":"closed","sticky":false,"template":"","format":"standard","meta":{"footnotes":""},"categories":[11,53],"tags":[],"class_list":["post-7351","post","type-post","status-publish","format-standard","has-post-thumbnail","hentry","category-blog","category-lieblingsstadt"],"yoast_head":"<!-- This site is optimized with the Yoast SEO plugin v27.5 - https:\/\/yoast.com\/product\/yoast-seo-wordpress\/ -->\n<title>Lieblingsstadt 7 \u2013 Gradido-Modell bewahrt traditionsreiche Brauerei vor \u00dcbernahme - Gradido<\/title>\n<meta name=\"description\" content=\"Mut und Unternehmergeist der Lieblingsst\u00e4dter zeigen einmal mehr, dass Gemeinschaftssinn und lokale Identit\u00e4t in Verbindung mit dem Gradido-Modell gerade in schwierigen Zeiten scheinbar Unm\u00f6gliches erreichen k\u00f6nnen.\" \/>\n<meta name=\"robots\" content=\"index, follow, max-snippet:-1, max-image-preview:large, max-video-preview:-1\" \/>\n<link rel=\"canonical\" href=\"https:\/\/gradido.net\/cs\/lieblingsstadt-7-gradido-modell-bewahrt-traditionsreiche-brauerei-vor-uebernahme\/\" \/>\n<meta property=\"og:locale\" content=\"cs_CZ\" \/>\n<meta property=\"og:type\" content=\"article\" \/>\n<meta property=\"og:title\" content=\"Lieblingsstadt 7 \u2013 Gradido-Modell bewahrt traditionsreiche Brauerei vor \u00dcbernahme - Gradido\" \/>\n<meta property=\"og:description\" content=\"Mut und Unternehmergeist der Lieblingsst\u00e4dter zeigen einmal mehr, dass Gemeinschaftssinn und lokale Identit\u00e4t in Verbindung mit dem Gradido-Modell gerade in schwierigen Zeiten scheinbar Unm\u00f6gliches erreichen k\u00f6nnen.\" \/>\n<meta property=\"og:url\" content=\"https:\/\/gradido.net\/cs\/lieblingsstadt-7-gradido-modell-bewahrt-traditionsreiche-brauerei-vor-uebernahme\/\" \/>\n<meta property=\"og:site_name\" content=\"Gradido\" \/>\n<meta property=\"article:published_time\" content=\"2023-08-26T02:36:39+00:00\" \/>\n<meta property=\"article:modified_time\" content=\"2026-04-23T05:11:14+00:00\" \/>\n<meta property=\"og:image\" content=\"https:\/\/gradido.net\/wp-content\/uploads\/2023\/08\/Brauerei_1920.jpg\" \/>\n\t<meta property=\"og:image:width\" content=\"1920\" \/>\n\t<meta property=\"og:image:height\" content=\"1200\" \/>\n\t<meta property=\"og:image:type\" content=\"image\/jpeg\" \/>\n<meta name=\"author\" content=\"Bernd H\u00fcckst\u00e4dt\" \/>\n<meta name=\"twitter:card\" content=\"summary_large_image\" \/>\n<meta name=\"twitter:label1\" content=\"Napsal(a)\" \/>\n\t<meta name=\"twitter:data1\" content=\"Bernd H\u00fcckst\u00e4dt\" \/>\n\t<meta name=\"twitter:label2\" content=\"Odhadovan\u00e1 doba \u010dten\u00ed\" \/>\n\t<meta name=\"twitter:data2\" content=\"4 minuty\" \/>\n<script type=\"application\/ld+json\" class=\"yoast-schema-graph\">{\"@context\":\"https:\\\/\\\/schema.org\",\"@graph\":[{\"@type\":\"Article\",\"@id\":\"https:\\\/\\\/gradido.net\\\/lieblingsstadt-7-gradido-modell-bewahrt-traditionsreiche-brauerei-vor-uebernahme\\\/#article\",\"isPartOf\":{\"@id\":\"https:\\\/\\\/gradido.net\\\/lieblingsstadt-7-gradido-modell-bewahrt-traditionsreiche-brauerei-vor-uebernahme\\\/\"},\"author\":{\"name\":\"Bernd H\u00fcckst\u00e4dt\",\"@id\":\"https:\\\/\\\/gradido.net\\\/de\\\/#\\\/schema\\\/person\\\/9c503a004ad15a1ddecadce2218db5d1\"},\"headline\":\"Lieblingsstadt 7 \u2013 Gradido-Modell bewahrt traditionsreiche Brauerei vor \u00dcbernahme\",\"datePublished\":\"2023-08-26T02:36:39+00:00\",\"dateModified\":\"2026-04-23T05:11:14+00:00\",\"mainEntityOfPage\":{\"@id\":\"https:\\\/\\\/gradido.net\\\/lieblingsstadt-7-gradido-modell-bewahrt-traditionsreiche-brauerei-vor-uebernahme\\\/\"},\"wordCount\":585,\"publisher\":{\"@id\":\"https:\\\/\\\/gradido.net\\\/de\\\/#organization\"},\"image\":{\"@id\":\"https:\\\/\\\/gradido.net\\\/lieblingsstadt-7-gradido-modell-bewahrt-traditionsreiche-brauerei-vor-uebernahme\\\/#primaryimage\"},\"thumbnailUrl\":\"https:\\\/\\\/gradido.net\\\/wp-content\\\/uploads\\\/2023\\\/08\\\/Brauerei_1920.jpg\",\"articleSection\":[\"Blog\",\"Lieblingsstadt\"],\"inLanguage\":\"cs\"},{\"@type\":\"WebPage\",\"@id\":\"https:\\\/\\\/gradido.net\\\/lieblingsstadt-7-gradido-modell-bewahrt-traditionsreiche-brauerei-vor-uebernahme\\\/\",\"url\":\"https:\\\/\\\/gradido.net\\\/lieblingsstadt-7-gradido-modell-bewahrt-traditionsreiche-brauerei-vor-uebernahme\\\/\",\"name\":\"Lieblingsstadt 7 \u2013 Gradido-Modell bewahrt traditionsreiche Brauerei vor \u00dcbernahme - Gradido\",\"isPartOf\":{\"@id\":\"https:\\\/\\\/gradido.net\\\/de\\\/#website\"},\"primaryImageOfPage\":{\"@id\":\"https:\\\/\\\/gradido.net\\\/lieblingsstadt-7-gradido-modell-bewahrt-traditionsreiche-brauerei-vor-uebernahme\\\/#primaryimage\"},\"image\":{\"@id\":\"https:\\\/\\\/gradido.net\\\/lieblingsstadt-7-gradido-modell-bewahrt-traditionsreiche-brauerei-vor-uebernahme\\\/#primaryimage\"},\"thumbnailUrl\":\"https:\\\/\\\/gradido.net\\\/wp-content\\\/uploads\\\/2023\\\/08\\\/Brauerei_1920.jpg\",\"datePublished\":\"2023-08-26T02:36:39+00:00\",\"dateModified\":\"2026-04-23T05:11:14+00:00\",\"description\":\"Mut und Unternehmergeist der Lieblingsst\u00e4dter zeigen einmal mehr, dass Gemeinschaftssinn und lokale Identit\u00e4t in Verbindung mit dem Gradido-Modell gerade in schwierigen Zeiten scheinbar Unm\u00f6gliches erreichen k\u00f6nnen.\",\"breadcrumb\":{\"@id\":\"https:\\\/\\\/gradido.net\\\/lieblingsstadt-7-gradido-modell-bewahrt-traditionsreiche-brauerei-vor-uebernahme\\\/#breadcrumb\"},\"inLanguage\":\"cs\",\"potentialAction\":[{\"@type\":\"ReadAction\",\"target\":[\"https:\\\/\\\/gradido.net\\\/lieblingsstadt-7-gradido-modell-bewahrt-traditionsreiche-brauerei-vor-uebernahme\\\/\"]}]},{\"@type\":\"ImageObject\",\"inLanguage\":\"cs\",\"@id\":\"https:\\\/\\\/gradido.net\\\/lieblingsstadt-7-gradido-modell-bewahrt-traditionsreiche-brauerei-vor-uebernahme\\\/#primaryimage\",\"url\":\"https:\\\/\\\/gradido.net\\\/wp-content\\\/uploads\\\/2023\\\/08\\\/Brauerei_1920.jpg\",\"contentUrl\":\"https:\\\/\\\/gradido.net\\\/wp-content\\\/uploads\\\/2023\\\/08\\\/Brauerei_1920.jpg\",\"width\":1920,\"height\":1200},{\"@type\":\"BreadcrumbList\",\"@id\":\"https:\\\/\\\/gradido.net\\\/lieblingsstadt-7-gradido-modell-bewahrt-traditionsreiche-brauerei-vor-uebernahme\\\/#breadcrumb\",\"itemListElement\":[{\"@type\":\"ListItem\",\"position\":1,\"name\":\"Startseite\",\"item\":\"https:\\\/\\\/gradido.net\\\/\"},{\"@type\":\"ListItem\",\"position\":2,\"name\":\"Lieblingsstadt 7 \u2013 Gradido-Modell bewahrt traditionsreiche Brauerei vor \u00dcbernahme\"}]},{\"@type\":\"WebSite\",\"@id\":\"https:\\\/\\\/gradido.net\\\/de\\\/#website\",\"url\":\"https:\\\/\\\/gradido.net\\\/de\\\/\",\"name\":\"Gradido\",\"description\":\"Die neue W\u00e4hrung hei\u00dft Dankbarkeit\",\"publisher\":{\"@id\":\"https:\\\/\\\/gradido.net\\\/de\\\/#organization\"},\"potentialAction\":[{\"@type\":\"SearchAction\",\"target\":{\"@type\":\"EntryPoint\",\"urlTemplate\":\"https:\\\/\\\/gradido.net\\\/de\\\/?s={search_term_string}\"},\"query-input\":{\"@type\":\"PropertyValueSpecification\",\"valueRequired\":true,\"valueName\":\"search_term_string\"}}],\"inLanguage\":\"cs\"},{\"@type\":\"Organization\",\"@id\":\"https:\\\/\\\/gradido.net\\\/de\\\/#organization\",\"name\":\"Gradido\",\"url\":\"https:\\\/\\\/gradido.net\\\/de\\\/\",\"logo\":{\"@type\":\"ImageObject\",\"inLanguage\":\"cs\",\"@id\":\"https:\\\/\\\/gradido.net\\\/de\\\/#\\\/schema\\\/logo\\\/image\\\/\",\"url\":\"https:\\\/\\\/gradido.net\\\/wp-content\\\/uploads\\\/2022\\\/04\\\/gradido-social.jpg\",\"contentUrl\":\"https:\\\/\\\/gradido.net\\\/wp-content\\\/uploads\\\/2022\\\/04\\\/gradido-social.jpg\",\"width\":527,\"height\":273,\"caption\":\"Gradido\"},\"image\":{\"@id\":\"https:\\\/\\\/gradido.net\\\/de\\\/#\\\/schema\\\/logo\\\/image\\\/\"}},{\"@type\":\"Person\",\"@id\":\"https:\\\/\\\/gradido.net\\\/de\\\/#\\\/schema\\\/person\\\/9c503a004ad15a1ddecadce2218db5d1\",\"name\":\"Bernd H\u00fcckst\u00e4dt\",\"sameAs\":[\"https:\\\/\\\/gradido.net\"],\"url\":\"https:\\\/\\\/gradido.net\\\/cs\\\/author\\\/bernd\\\/\"}]}<\/script>\n<!-- \/ Yoast SEO plugin. -->","yoast_head_json":{"title":"Obl\u00edben\u00e9 m\u011bsto 7 - Model Gradido zachr\u00e1nil tradi\u010dn\u00ed pivovar p\u0159ed p\u0159evzet\u00edm - Gradido","description":"Odvaha a podnikatelsk\u00fd duch obyvatel obl\u00edben\u00e9ho m\u011bsta op\u011bt ukazuj\u00ed, \u017ee smysl pro komunitu a m\u00edstn\u00ed identitu v kombinaci s modelem Gradido mohou dok\u00e1zat zd\u00e1nliv\u011b nemo\u017en\u00e9, zejm\u00e9na v t\u011b\u017ek\u00fdch dob\u00e1ch.","robots":{"index":"index","follow":"follow","max-snippet":"max-snippet:-1","max-image-preview":"max-image-preview:large","max-video-preview":"max-video-preview:-1"},"canonical":"https:\/\/gradido.net\/cs\/lieblingsstadt-7-gradido-modell-bewahrt-traditionsreiche-brauerei-vor-uebernahme\/","og_locale":"cs_CZ","og_type":"article","og_title":"Lieblingsstadt 7 \u2013 Gradido-Modell bewahrt traditionsreiche Brauerei vor \u00dcbernahme - Gradido","og_description":"Mut und Unternehmergeist der Lieblingsst\u00e4dter zeigen einmal mehr, dass Gemeinschaftssinn und lokale Identit\u00e4t in Verbindung mit dem Gradido-Modell gerade in schwierigen Zeiten scheinbar Unm\u00f6gliches erreichen k\u00f6nnen.","og_url":"https:\/\/gradido.net\/cs\/lieblingsstadt-7-gradido-modell-bewahrt-traditionsreiche-brauerei-vor-uebernahme\/","og_site_name":"Gradido","article_published_time":"2023-08-26T02:36:39+00:00","article_modified_time":"2026-04-23T05:11:14+00:00","og_image":[{"width":1920,"height":1200,"url":"https:\/\/gradido.net\/wp-content\/uploads\/2023\/08\/Brauerei_1920.jpg","type":"image\/jpeg"}],"author":"Bernd H\u00fcckst\u00e4dt","twitter_card":"summary_large_image","twitter_misc":{"Napsal(a)":"Bernd H\u00fcckst\u00e4dt","Odhadovan\u00e1 doba \u010dten\u00ed":"4 minuty"},"schema":{"@context":"https:\/\/schema.org","@graph":[{"@type":"Article","@id":"https:\/\/gradido.net\/lieblingsstadt-7-gradido-modell-bewahrt-traditionsreiche-brauerei-vor-uebernahme\/#article","isPartOf":{"@id":"https:\/\/gradido.net\/lieblingsstadt-7-gradido-modell-bewahrt-traditionsreiche-brauerei-vor-uebernahme\/"},"author":{"name":"Bernd H\u00fcckst\u00e4dt","@id":"https:\/\/gradido.net\/de\/#\/schema\/person\/9c503a004ad15a1ddecadce2218db5d1"},"headline":"Lieblingsstadt 7 \u2013 Gradido-Modell bewahrt traditionsreiche Brauerei vor \u00dcbernahme","datePublished":"2023-08-26T02:36:39+00:00","dateModified":"2026-04-23T05:11:14+00:00","mainEntityOfPage":{"@id":"https:\/\/gradido.net\/lieblingsstadt-7-gradido-modell-bewahrt-traditionsreiche-brauerei-vor-uebernahme\/"},"wordCount":585,"publisher":{"@id":"https:\/\/gradido.net\/de\/#organization"},"image":{"@id":"https:\/\/gradido.net\/lieblingsstadt-7-gradido-modell-bewahrt-traditionsreiche-brauerei-vor-uebernahme\/#primaryimage"},"thumbnailUrl":"https:\/\/gradido.net\/wp-content\/uploads\/2023\/08\/Brauerei_1920.jpg","articleSection":["Blog","Lieblingsstadt"],"inLanguage":"cs"},{"@type":"WebPage","@id":"https:\/\/gradido.net\/lieblingsstadt-7-gradido-modell-bewahrt-traditionsreiche-brauerei-vor-uebernahme\/","url":"https:\/\/gradido.net\/lieblingsstadt-7-gradido-modell-bewahrt-traditionsreiche-brauerei-vor-uebernahme\/","name":"Obl\u00edben\u00e9 m\u011bsto 7 - Model Gradido zachr\u00e1nil tradi\u010dn\u00ed pivovar p\u0159ed p\u0159evzet\u00edm - Gradido","isPartOf":{"@id":"https:\/\/gradido.net\/de\/#website"},"primaryImageOfPage":{"@id":"https:\/\/gradido.net\/lieblingsstadt-7-gradido-modell-bewahrt-traditionsreiche-brauerei-vor-uebernahme\/#primaryimage"},"image":{"@id":"https:\/\/gradido.net\/lieblingsstadt-7-gradido-modell-bewahrt-traditionsreiche-brauerei-vor-uebernahme\/#primaryimage"},"thumbnailUrl":"https:\/\/gradido.net\/wp-content\/uploads\/2023\/08\/Brauerei_1920.jpg","datePublished":"2023-08-26T02:36:39+00:00","dateModified":"2026-04-23T05:11:14+00:00","description":"Odvaha a podnikatelsk\u00fd duch obyvatel obl\u00edben\u00e9ho m\u011bsta op\u011bt ukazuj\u00ed, \u017ee smysl pro komunitu a m\u00edstn\u00ed identitu v kombinaci s modelem Gradido mohou dok\u00e1zat zd\u00e1nliv\u011b nemo\u017en\u00e9, zejm\u00e9na v t\u011b\u017ek\u00fdch dob\u00e1ch.","breadcrumb":{"@id":"https:\/\/gradido.net\/lieblingsstadt-7-gradido-modell-bewahrt-traditionsreiche-brauerei-vor-uebernahme\/#breadcrumb"},"inLanguage":"cs","potentialAction":[{"@type":"ReadAction","target":["https:\/\/gradido.net\/lieblingsstadt-7-gradido-modell-bewahrt-traditionsreiche-brauerei-vor-uebernahme\/"]}]},{"@type":"ImageObject","inLanguage":"cs","@id":"https:\/\/gradido.net\/lieblingsstadt-7-gradido-modell-bewahrt-traditionsreiche-brauerei-vor-uebernahme\/#primaryimage","url":"https:\/\/gradido.net\/wp-content\/uploads\/2023\/08\/Brauerei_1920.jpg","contentUrl":"https:\/\/gradido.net\/wp-content\/uploads\/2023\/08\/Brauerei_1920.jpg","width":1920,"height":1200},{"@type":"BreadcrumbList","@id":"https:\/\/gradido.net\/lieblingsstadt-7-gradido-modell-bewahrt-traditionsreiche-brauerei-vor-uebernahme\/#breadcrumb","itemListElement":[{"@type":"ListItem","position":1,"name":"Startseite","item":"https:\/\/gradido.net\/"},{"@type":"ListItem","position":2,"name":"Lieblingsstadt 7 \u2013 Gradido-Modell bewahrt traditionsreiche Brauerei vor \u00dcbernahme"}]},{"@type":"WebSite","@id":"https:\/\/gradido.net\/de\/#website","url":"https:\/\/gradido.net\/de\/","name":"Gradido","description":"Novou m\u011bnou je vd\u011b\u010dnost","publisher":{"@id":"https:\/\/gradido.net\/de\/#organization"},"potentialAction":[{"@type":"SearchAction","target":{"@type":"EntryPoint","urlTemplate":"https:\/\/gradido.net\/de\/?s={search_term_string}"},"query-input":{"@type":"PropertyValueSpecification","valueRequired":true,"valueName":"search_term_string"}}],"inLanguage":"cs"},{"@type":"Organization","@id":"https:\/\/gradido.net\/de\/#organization","name":"Gradido","url":"https:\/\/gradido.net\/de\/","logo":{"@type":"ImageObject","inLanguage":"cs","@id":"https:\/\/gradido.net\/de\/#\/schema\/logo\/image\/","url":"https:\/\/gradido.net\/wp-content\/uploads\/2022\/04\/gradido-social.jpg","contentUrl":"https:\/\/gradido.net\/wp-content\/uploads\/2022\/04\/gradido-social.jpg","width":527,"height":273,"caption":"Gradido"},"image":{"@id":"https:\/\/gradido.net\/de\/#\/schema\/logo\/image\/"}},{"@type":"Person","@id":"https:\/\/gradido.net\/de\/#\/schema\/person\/9c503a004ad15a1ddecadce2218db5d1","name":"Bernd H\u00fcckst\u00e4dt","sameAs":["https:\/\/gradido.net"],"url":"https:\/\/gradido.net\/cs\/author\/bernd\/"}]}},"_links":{"self":[{"href":"https:\/\/gradido.net\/cs\/wp-json\/wp\/v2\/posts\/7351","targetHints":{"allow":["GET"]}}],"collection":[{"href":"https:\/\/gradido.net\/cs\/wp-json\/wp\/v2\/posts"}],"about":[{"href":"https:\/\/gradido.net\/cs\/wp-json\/wp\/v2\/types\/post"}],"author":[{"embeddable":true,"href":"https:\/\/gradido.net\/cs\/wp-json\/wp\/v2\/users\/2"}],"replies":[{"embeddable":true,"href":"https:\/\/gradido.net\/cs\/wp-json\/wp\/v2\/comments?post=7351"}],"version-history":[{"count":33,"href":"https:\/\/gradido.net\/cs\/wp-json\/wp\/v2\/posts\/7351\/revisions"}],"predecessor-version":[{"id":13543,"href":"https:\/\/gradido.net\/cs\/wp-json\/wp\/v2\/posts\/7351\/revisions\/13543"}],"wp:featuredmedia":[{"embeddable":true,"href":"https:\/\/gradido.net\/cs\/wp-json\/wp\/v2\/media\/7353"}],"wp:attachment":[{"href":"https:\/\/gradido.net\/cs\/wp-json\/wp\/v2\/media?parent=7351"}],"wp:term":[{"taxonomy":"category","embeddable":true,"href":"https:\/\/gradido.net\/cs\/wp-json\/wp\/v2\/categories?post=7351"},{"taxonomy":"post_tag","embeddable":true,"href":"https:\/\/gradido.net\/cs\/wp-json\/wp\/v2\/tags?post=7351"}],"curies":[{"name":"wp","href":"https:\/\/api.w.org\/{rel}","templated":true}]}}