{"id":9486,"date":"2024-09-02T08:54:09","date_gmt":"2024-09-02T06:54:09","guid":{"rendered":"https:\/\/gradido.net\/?p=9486"},"modified":"2026-04-24T07:56:03","modified_gmt":"2026-04-24T05:56:03","slug":"selbstorganisation-in-organisationen-der-neuen-zeit","status":"publish","type":"post","link":"https:\/\/gradido.net\/cs\/selbstorganisation-in-organisationen-der-neuen-zeit\/","title":{"rendered":"Sebeorganizace v organizac\u00edch nov\u00e9 doby"},"content":{"rendered":"<div data-elementor-type=\"wp-post\" data-elementor-id=\"9486\" class=\"elementor elementor-9486\" data-elementor-post-type=\"post\">\n\t\t\t\t\t\t<section class=\"elementor-section elementor-top-section elementor-element elementor-element-496e1d53 elementor-section-boxed elementor-section-height-default elementor-section-height-default\" data-id=\"496e1d53\" data-element_type=\"section\" data-e-type=\"section\">\n\t\t\t\t\t\t<div class=\"elementor-container elementor-column-gap-default\">\n\t\t\t\t\t<div class=\"elementor-column elementor-col-100 elementor-top-column elementor-element elementor-element-461d7be0\" data-id=\"461d7be0\" data-element_type=\"column\" data-e-type=\"column\">\n\t\t\t<div class=\"elementor-widget-wrap elementor-element-populated\">\n\t\t\t\t\t\t<div class=\"elementor-element elementor-element-cd9ebe2 elementor-widget elementor-widget-text-editor\" data-id=\"cd9ebe2\" data-element_type=\"widget\" data-e-type=\"widget\" data-widget_type=\"text-editor.default\">\n\t\t\t\t<div class=\"elementor-widget-container\">\n\t\t\t\t\t\t\t\t\t<p style=\"text-align: right;\"><em>\"Lid\u00e9 jsou jedin\u00fdm druhem na t\u00e9to planet\u011b, kter\u00fd v\u011b\u0159\u00ed, \u017ee velk\u00e9 organizace mohou b\u00fdt \u00fasp\u011b\u0161n\u00e9 pouze d\u00edky hierarchii a kontrole. P\u0159\u00edroda n\u00e1m v\u0161ak ukazuje, \u017ee toto tvrzen\u00ed nem\u00e1 \u017e\u00e1dn\u00e9 opodstatn\u011bn\u00ed.\"<\/em><\/p><p style=\"text-align: right;\"><em>- Evert Bleijenberg, zakladatel organizace SWARM<\/em><\/p><p>V\u00e1\u017een\u00fd \u010dten\u00e1\u0159i,<\/p><p>Mnoho t\u00fdm\u016f, organizac\u00ed, iniciativ a komunit za\u010d\u00edn\u00e1 s nad\u0161en\u00edm a spoustou n\u00e1pad\u016f pro \"dobrou v\u011bc\". A pak: nekone\u010dn\u00e9, \u00fanavn\u00e9 diskuse, otev\u0159en\u00e9 nebo podprahov\u00e9 boje o moc, spousta \u0159e\u010d\u00ed, ale \u017e\u00e1dn\u00e1 akce - frustrace, hn\u011bv a zklam\u00e1n\u00ed... Pro\u010d tomu tak je? A co m\u016f\u017eeme ud\u011blat, abychom tomu zabr\u00e1nili?<\/p><h3>Doba hierarchick\u00fdch organizac\u00ed skon\u010dila<\/h3><p>V\u0161ichni jsme zvykl\u00ed \"fungovat\" v hierarchick\u00fdch struktur\u00e1ch. U\u017e jako d\u011bti - nejpozd\u011bji ve \u0161kole - se u\u010d\u00edme, \u017ee sv\u011bt je hierarchick\u00fd. Tyto zku\u0161enosti formuj\u00ed na\u0161e my\u0161len\u00ed, c\u00edt\u011bn\u00ed a chov\u00e1n\u00ed: To se projevuje t\u00edm, \u017ee se boj\u00edme autorit, odsouv\u00e1me sv\u00e9 vlastn\u00ed pot\u0159eby na druhou kolej, extr\u00e9mn\u011b se p\u0159izp\u016fsobujeme, pom\u011b\u0159ujeme se s ostatn\u00edmi nebo se sna\u017e\u00edme prosadit se a vyu\u017e\u00edvat ostatn\u00ed. To v\u0161e je n\u00e1m v\u0161t\u011bpov\u00e1no a nen\u00ed to v na\u0161\u00ed p\u0159irozenosti.<\/p><p><strong>Proto maj\u00ed lid\u00e9 v \"nov\u00e9m v\u011bku\" silnou touhu setk\u00e1vat se navz\u00e1jem na \u00farovni o\u010d\u00ed, organizovat se a \u010dinit tak pokud mo\u017eno bez hierarchie.<\/strong><\/p><h3>Jak\u00e1 je v\u0161ak alternativa?<\/h3><ul><li>Jak funguje samoorganizace<\/li><li>Jak\u00e9 vzory ji\u017e existuj\u00ed?<\/li><li>Jak se tam m\u016f\u017eeme dostat?<\/li><li>Kdo nebo co n\u00e1m pom\u00e1h\u00e1?<\/li><\/ul><p>.<\/p><p>Christiane L\u00fcpken se anga\u017euje ve prosp\u011bch spole\u010dnosti 4.0 a vhodn\u00fdch nehierarchick\u00fdch forem sebeorganizace. Je \u010dlenkou na\u0161eho Vision Circle. Ve sv\u00e9 <a href=\"https:\/\/www.christiane-luepken.com\/swarm-vortrag\" target=\"_blank\" rel=\"noopener\">Impulzivn\u00ed p\u0159edn\u00e1\u0161ka online<\/a>\u00a0Christiane p\u0159edstavuje model, kter\u00fd jako vnit\u0159n\u00ed \"opera\u010dn\u00ed syst\u00e9m\" v organizac\u00edch a iniciativ\u00e1ch v\u0161eho druhu vytv\u00e1\u0159\u00ed prostor pro kreativitu, propojen\u00ed, efektivitu a nad\u0161en\u00ed.<\/p><p><img fetchpriority=\"high\" decoding=\"async\" class=\"alignnone wp-image-9290 size-medium\" src=\"https:\/\/gradido.net\/wp-content\/uploads\/2024\/08\/Bildschirmfoto-2024-08-26-um-14.01.45-300x300.png\" alt=\"\" width=\"300\" height=\"300\" srcset=\"https:\/\/gradido.net\/wp-content\/uploads\/2024\/08\/Bildschirmfoto-2024-08-26-um-14.01.45-300x300.png 300w, https:\/\/gradido.net\/wp-content\/uploads\/2024\/08\/Bildschirmfoto-2024-08-26-um-14.01.45-150x150.png 150w, https:\/\/gradido.net\/wp-content\/uploads\/2024\/08\/Bildschirmfoto-2024-08-26-um-14.01.45-768x768.png 768w, https:\/\/gradido.net\/wp-content\/uploads\/2024\/08\/Bildschirmfoto-2024-08-26-um-14.01.45-12x12.png 12w, https:\/\/gradido.net\/wp-content\/uploads\/2024\/08\/Bildschirmfoto-2024-08-26-um-14.01.45.png 902w\" sizes=\"(max-width: 300px) 100vw, 300px\" \/><\/p><p>Dal\u0161\u00ed term\u00edn online p\u0159edn\u00e1\u0161ky:<br \/><strong>St\u0159eda 04.09.2024 v 19:00 hod.<\/strong><br \/>Dal\u0161\u00ed term\u00edny budou n\u00e1sledovat<\/p><p><a href=\"https:\/\/www.christiane-luepken.com\/swarm-vortrag\" target=\"_blank\" rel=\"noopener\">Klikn\u011bte zde pro registraci<\/a><\/p><h4>D\u011bkujeme v\u00e1m s Gradido:<\/h4><p>V p\u0159ihla\u0161ovac\u00edm formul\u00e1\u0159i na p\u0159edn\u00e1\u0161ku Christiane v\u00fdslovn\u011b uv\u00e1d\u00ed, \u017ee je mo\u017en\u00e9 p\u0159isp\u011bt tak\u00e9 formou Gradida. V registra\u010dn\u00edm formul\u00e1\u0159i vyberte mo\u017enost \"jin\u00e9\" a za\u0161lete sv\u016fj p\u0159\u00edsp\u011bvek v Gradidu na \u00fa\u010det Gradido na adrese\u00a0 <a href=\"https:\/\/gdd.gradido.net\/send\/Gradido-Akademie\/ChristianeLu\" target=\"_blank\" rel=\"noopener\">Christiane L\u00fcpken\u00a0<\/a><br \/><br \/><\/p><p>Oba jsme ji\u017e p\u0159edn\u00e1\u0161ku sly\u0161eli a m\u016f\u017eeme v\u00e1m ji jen v\u0159ele doporu\u010dit.<\/p>\t\t\t\t\t\t\t\t<\/div>\n\t\t\t\t<\/div>\n\t\t\t\t<div class=\"elementor-element elementor-element-d74dfa0 elementor-widget elementor-widget-text-editor\" data-id=\"d74dfa0\" data-element_type=\"widget\" data-e-type=\"widget\" data-widget_type=\"text-editor.default\">\n\t\t\t\t<div class=\"elementor-widget-container\">\n\t\t\t\t\t\t\t\t\t<div data-pm-slice=\"1 1 []\" data-en-clipboard=\"true\"><p>S pozdravem<\/p><\/div><p>V\u00e1\u0161<\/p><p><img decoding=\"async\" class=\"alignnone wp-image-4614 size-medium\" src=\"https:\/\/gradido.net\/wp-content\/uploads\/2022\/06\/MargretBernd_2022-300x74.png\" alt=\"\" width=\"300\" height=\"74\" srcset=\"https:\/\/gradido.net\/wp-content\/uploads\/2022\/06\/MargretBernd_2022-300x74.png 300w, https:\/\/gradido.net\/wp-content\/uploads\/2022\/06\/MargretBernd_2022-18x4.png 18w, https:\/\/gradido.net\/wp-content\/uploads\/2022\/06\/MargretBernd_2022.png 431w\" sizes=\"(max-width: 300px) 100vw, 300px\" \/><\/p><p>Margret Baier a Bernd H\u00fcckst\u00e4dt<br \/>Zakladatel a v\u00fdvoj\u00e1\u0159 spole\u010dnosti Gradido<\/p>\t\t\t\t\t\t\t\t<\/div>\n\t\t\t\t<\/div>\n\t\t\t\t\t<\/div>\n\t\t<\/div>\n\t\t\t\t\t<\/div>\n\t\t<\/section>\n\t\t\t\t<section class=\"elementor-section elementor-top-section elementor-element elementor-element-14532fe elementor-section-boxed elementor-section-height-default elementor-section-height-default\" data-id=\"14532fe\" data-element_type=\"section\" data-e-type=\"section\">\n\t\t\t\t\t\t<div class=\"elementor-container elementor-column-gap-default\">\n\t\t\t\t\t<div class=\"elementor-column elementor-col-100 elementor-top-column elementor-element elementor-element-65d2298\" data-id=\"65d2298\" data-element_type=\"column\" data-e-type=\"column\">\n\t\t\t<div class=\"elementor-widget-wrap elementor-element-populated\">\n\t\t\t\t\t\t<div class=\"elementor-element elementor-element-bea124f elementor-widget elementor-widget-global elementor-global-9341 elementor-widget-text-editor\" data-id=\"bea124f\" data-element_type=\"widget\" data-e-type=\"widget\" data-widget_type=\"text-editor.default\">\n\t\t\t\t<div class=\"elementor-widget-container\">\n\t\t\t\t\t\t\t\t\t<p><strong>PS:\u00a0<span style=\"color: #ff6600;\"><a style=\"color: #ff6600;\" href=\"https:\/\/gradido.net\/cs\/donations\/\">Vzhledem ke st\u00e1le rostouc\u00edmu v\u00fdznamu Gradida opakujeme 26. \u010dervna 2026 na\u0161i kampa\u0148 vd\u011b\u010dnosti:<\/a>\u00a0<\/span><span style=\"color: #0000ff;\"><a style=\"color: #0000ff;\" href=\"https:\/\/gradido.net\/cs\/donations\/\">Krom\u011b n\u011bkolikan\u00e1sobn\u00e9ho GradidoTransform za v\u00e1\u0161 sponzorsk\u00fd p\u0159\u00edsp\u011bvek nav\u00fd\u0161\u00edme 26. 6. 2016 v\u0161echny z\u016fstatky na \u00fa\u010dtech GDT o 26%. Sponzorujte nyn\u00ed a u\u017eijte si n\u00e1sobnou \u010d\u00e1stku GDT!<\/a><\/span><\/strong><\/p>\t\t\t\t\t\t\t\t<\/div>\n\t\t\t\t<\/div>\n\t\t\t\t\t<\/div>\n\t\t<\/div>\n\t\t\t\t\t<\/div>\n\t\t<\/section>\n\t\t\t\t<section class=\"elementor-section elementor-top-section elementor-element elementor-element-29dfc07 elementor-section-boxed elementor-section-height-default elementor-section-height-default\" data-id=\"29dfc07\" data-element_type=\"section\" data-e-type=\"section\">\n\t\t\t\t\t\t<div class=\"elementor-container elementor-column-gap-default\">\n\t\t\t\t\t<div class=\"elementor-column elementor-col-100 elementor-top-column elementor-element elementor-element-d37ec5a\" data-id=\"d37ec5a\" data-element_type=\"column\" data-e-type=\"column\">\n\t\t\t<div class=\"elementor-widget-wrap\">\n\t\t\t\t\t\t\t<\/div>\n\t\t<\/div>\n\t\t\t\t\t<\/div>\n\t\t<\/section>\n\t\t\t\t<\/div>","protected":false},"excerpt":{"rendered":"<p>Doba hierarchick\u00fdch organizac\u00ed je pry\u010d. Lid\u00e9 v \"nov\u00e9m v\u011bku\" maj\u00ed silnou touhu setk\u00e1vat se navz\u00e1jem na \u00farovni o\u010d\u00ed, organizovat se, a to pokud mo\u017eno bez hierarchie.<\/p>","protected":false},"author":2,"featured_media":9487,"comment_status":"closed","ping_status":"closed","sticky":false,"template":"","format":"standard","meta":{"footnotes":""},"categories":[11,54],"tags":[],"class_list":["post-9486","post","type-post","status-publish","format-standard","has-post-thumbnail","hentry","category-blog","category-community"],"yoast_head":"<!-- This site is optimized with the Yoast SEO plugin v27.5 - https:\/\/yoast.com\/product\/yoast-seo-wordpress\/ -->\n<title>Selbstorganisation in Organisationen der neuen Zeit - Gradido<\/title>\n<meta name=\"description\" content=\"Das Zeitalter hierarchischer Organisationen ist vorbei. Menschen der \u201eneuen Zeit\u201c haben den starken Wunsch, einander auf Augenh\u00f6he zu begegnen, sich selbst zu organisieren und dabei m\u00f6glichst ohne Hierarchien auszukommen.\" \/>\n<meta name=\"robots\" content=\"index, follow, max-snippet:-1, max-image-preview:large, max-video-preview:-1\" \/>\n<link rel=\"canonical\" href=\"https:\/\/gradido.net\/cs\/selbstorganisation-in-organisationen-der-neuen-zeit\/\" \/>\n<meta property=\"og:locale\" content=\"cs_CZ\" \/>\n<meta property=\"og:type\" content=\"article\" \/>\n<meta property=\"og:title\" content=\"Selbstorganisation in Organisationen der neuen Zeit - Gradido\" \/>\n<meta property=\"og:description\" content=\"Das Zeitalter hierarchischer Organisationen ist vorbei. Menschen der \u201eneuen Zeit\u201c haben den starken Wunsch, einander auf Augenh\u00f6he zu begegnen, sich selbst zu organisieren und dabei m\u00f6glichst ohne Hierarchien auszukommen.\" \/>\n<meta property=\"og:url\" content=\"https:\/\/gradido.net\/cs\/selbstorganisation-in-organisationen-der-neuen-zeit\/\" \/>\n<meta property=\"og:site_name\" content=\"Gradido\" \/>\n<meta property=\"article:published_time\" content=\"2024-09-02T06:54:09+00:00\" \/>\n<meta property=\"article:modified_time\" content=\"2026-04-24T05:56:03+00:00\" \/>\n<meta property=\"og:image\" content=\"https:\/\/gradido.net\/wp-content\/uploads\/2024\/09\/SWARM.jpg\" \/>\n\t<meta property=\"og:image:width\" content=\"1200\" \/>\n\t<meta property=\"og:image:height\" content=\"600\" \/>\n\t<meta property=\"og:image:type\" content=\"image\/jpeg\" \/>\n<meta name=\"author\" content=\"Bernd H\u00fcckst\u00e4dt\" \/>\n<meta name=\"twitter:card\" content=\"summary_large_image\" \/>\n<meta name=\"twitter:label1\" content=\"Napsal(a)\" \/>\n\t<meta name=\"twitter:data1\" content=\"Bernd H\u00fcckst\u00e4dt\" \/>\n\t<meta name=\"twitter:label2\" content=\"Odhadovan\u00e1 doba \u010dten\u00ed\" \/>\n\t<meta name=\"twitter:data2\" content=\"3 minuty\" \/>\n<script type=\"application\/ld+json\" class=\"yoast-schema-graph\">{\"@context\":\"https:\\\/\\\/schema.org\",\"@graph\":[{\"@type\":\"Article\",\"@id\":\"https:\\\/\\\/gradido.net\\\/selbstorganisation-in-organisationen-der-neuen-zeit\\\/#article\",\"isPartOf\":{\"@id\":\"https:\\\/\\\/gradido.net\\\/selbstorganisation-in-organisationen-der-neuen-zeit\\\/\"},\"author\":{\"name\":\"Bernd H\u00fcckst\u00e4dt\",\"@id\":\"https:\\\/\\\/gradido.net\\\/de\\\/#\\\/schema\\\/person\\\/9c503a004ad15a1ddecadce2218db5d1\"},\"headline\":\"Selbstorganisation in Organisationen der neuen Zeit\",\"datePublished\":\"2024-09-02T06:54:09+00:00\",\"dateModified\":\"2026-04-24T05:56:03+00:00\",\"mainEntityOfPage\":{\"@id\":\"https:\\\/\\\/gradido.net\\\/selbstorganisation-in-organisationen-der-neuen-zeit\\\/\"},\"wordCount\":438,\"publisher\":{\"@id\":\"https:\\\/\\\/gradido.net\\\/de\\\/#organization\"},\"image\":{\"@id\":\"https:\\\/\\\/gradido.net\\\/selbstorganisation-in-organisationen-der-neuen-zeit\\\/#primaryimage\"},\"thumbnailUrl\":\"https:\\\/\\\/gradido.net\\\/wp-content\\\/uploads\\\/2024\\\/09\\\/SWARM.jpg\",\"articleSection\":[\"Blog\",\"Community\"],\"inLanguage\":\"cs\"},{\"@type\":\"WebPage\",\"@id\":\"https:\\\/\\\/gradido.net\\\/selbstorganisation-in-organisationen-der-neuen-zeit\\\/\",\"url\":\"https:\\\/\\\/gradido.net\\\/selbstorganisation-in-organisationen-der-neuen-zeit\\\/\",\"name\":\"Selbstorganisation in Organisationen der neuen Zeit - Gradido\",\"isPartOf\":{\"@id\":\"https:\\\/\\\/gradido.net\\\/de\\\/#website\"},\"primaryImageOfPage\":{\"@id\":\"https:\\\/\\\/gradido.net\\\/selbstorganisation-in-organisationen-der-neuen-zeit\\\/#primaryimage\"},\"image\":{\"@id\":\"https:\\\/\\\/gradido.net\\\/selbstorganisation-in-organisationen-der-neuen-zeit\\\/#primaryimage\"},\"thumbnailUrl\":\"https:\\\/\\\/gradido.net\\\/wp-content\\\/uploads\\\/2024\\\/09\\\/SWARM.jpg\",\"datePublished\":\"2024-09-02T06:54:09+00:00\",\"dateModified\":\"2026-04-24T05:56:03+00:00\",\"description\":\"Das Zeitalter hierarchischer Organisationen ist vorbei. Menschen der \u201eneuen Zeit\u201c haben den starken Wunsch, einander auf Augenh\u00f6he zu begegnen, sich selbst zu organisieren und dabei m\u00f6glichst ohne Hierarchien auszukommen.\",\"breadcrumb\":{\"@id\":\"https:\\\/\\\/gradido.net\\\/selbstorganisation-in-organisationen-der-neuen-zeit\\\/#breadcrumb\"},\"inLanguage\":\"cs\",\"potentialAction\":[{\"@type\":\"ReadAction\",\"target\":[\"https:\\\/\\\/gradido.net\\\/selbstorganisation-in-organisationen-der-neuen-zeit\\\/\"]}]},{\"@type\":\"ImageObject\",\"inLanguage\":\"cs\",\"@id\":\"https:\\\/\\\/gradido.net\\\/selbstorganisation-in-organisationen-der-neuen-zeit\\\/#primaryimage\",\"url\":\"https:\\\/\\\/gradido.net\\\/wp-content\\\/uploads\\\/2024\\\/09\\\/SWARM.jpg\",\"contentUrl\":\"https:\\\/\\\/gradido.net\\\/wp-content\\\/uploads\\\/2024\\\/09\\\/SWARM.jpg\",\"width\":1200,\"height\":600},{\"@type\":\"BreadcrumbList\",\"@id\":\"https:\\\/\\\/gradido.net\\\/selbstorganisation-in-organisationen-der-neuen-zeit\\\/#breadcrumb\",\"itemListElement\":[{\"@type\":\"ListItem\",\"position\":1,\"name\":\"Startseite\",\"item\":\"https:\\\/\\\/gradido.net\\\/\"},{\"@type\":\"ListItem\",\"position\":2,\"name\":\"Selbstorganisation in Organisationen der neuen Zeit\"}]},{\"@type\":\"WebSite\",\"@id\":\"https:\\\/\\\/gradido.net\\\/de\\\/#website\",\"url\":\"https:\\\/\\\/gradido.net\\\/de\\\/\",\"name\":\"Gradido\",\"description\":\"Die neue W\u00e4hrung hei\u00dft Dankbarkeit\",\"publisher\":{\"@id\":\"https:\\\/\\\/gradido.net\\\/de\\\/#organization\"},\"potentialAction\":[{\"@type\":\"SearchAction\",\"target\":{\"@type\":\"EntryPoint\",\"urlTemplate\":\"https:\\\/\\\/gradido.net\\\/de\\\/?s={search_term_string}\"},\"query-input\":{\"@type\":\"PropertyValueSpecification\",\"valueRequired\":true,\"valueName\":\"search_term_string\"}}],\"inLanguage\":\"cs\"},{\"@type\":\"Organization\",\"@id\":\"https:\\\/\\\/gradido.net\\\/de\\\/#organization\",\"name\":\"Gradido\",\"url\":\"https:\\\/\\\/gradido.net\\\/de\\\/\",\"logo\":{\"@type\":\"ImageObject\",\"inLanguage\":\"cs\",\"@id\":\"https:\\\/\\\/gradido.net\\\/de\\\/#\\\/schema\\\/logo\\\/image\\\/\",\"url\":\"https:\\\/\\\/gradido.net\\\/wp-content\\\/uploads\\\/2022\\\/04\\\/gradido-social.jpg\",\"contentUrl\":\"https:\\\/\\\/gradido.net\\\/wp-content\\\/uploads\\\/2022\\\/04\\\/gradido-social.jpg\",\"width\":527,\"height\":273,\"caption\":\"Gradido\"},\"image\":{\"@id\":\"https:\\\/\\\/gradido.net\\\/de\\\/#\\\/schema\\\/logo\\\/image\\\/\"}},{\"@type\":\"Person\",\"@id\":\"https:\\\/\\\/gradido.net\\\/de\\\/#\\\/schema\\\/person\\\/9c503a004ad15a1ddecadce2218db5d1\",\"name\":\"Bernd H\u00fcckst\u00e4dt\",\"sameAs\":[\"https:\\\/\\\/gradido.net\"],\"url\":\"https:\\\/\\\/gradido.net\\\/cs\\\/author\\\/bernd\\\/\"}]}<\/script>\n<!-- \/ Yoast SEO plugin. -->","yoast_head_json":{"title":"Samoorganizace v organizac\u00edch nov\u00e9 doby - Gradido","description":"Doba hierarchick\u00fdch organizac\u00ed je pry\u010d. Lid\u00e9 v \"nov\u00e9m v\u011bku\" maj\u00ed silnou touhu setk\u00e1vat se navz\u00e1jem na \u00farovni o\u010d\u00ed, organizovat se, a to pokud mo\u017eno bez hierarchie.","robots":{"index":"index","follow":"follow","max-snippet":"max-snippet:-1","max-image-preview":"max-image-preview:large","max-video-preview":"max-video-preview:-1"},"canonical":"https:\/\/gradido.net\/cs\/selbstorganisation-in-organisationen-der-neuen-zeit\/","og_locale":"cs_CZ","og_type":"article","og_title":"Selbstorganisation in Organisationen der neuen Zeit - Gradido","og_description":"Das Zeitalter hierarchischer Organisationen ist vorbei. Menschen der \u201eneuen Zeit\u201c haben den starken Wunsch, einander auf Augenh\u00f6he zu begegnen, sich selbst zu organisieren und dabei m\u00f6glichst ohne Hierarchien auszukommen.","og_url":"https:\/\/gradido.net\/cs\/selbstorganisation-in-organisationen-der-neuen-zeit\/","og_site_name":"Gradido","article_published_time":"2024-09-02T06:54:09+00:00","article_modified_time":"2026-04-24T05:56:03+00:00","og_image":[{"width":1200,"height":600,"url":"https:\/\/gradido.net\/wp-content\/uploads\/2024\/09\/SWARM.jpg","type":"image\/jpeg"}],"author":"Bernd H\u00fcckst\u00e4dt","twitter_card":"summary_large_image","twitter_misc":{"Napsal(a)":"Bernd H\u00fcckst\u00e4dt","Odhadovan\u00e1 doba \u010dten\u00ed":"3 minuty"},"schema":{"@context":"https:\/\/schema.org","@graph":[{"@type":"Article","@id":"https:\/\/gradido.net\/selbstorganisation-in-organisationen-der-neuen-zeit\/#article","isPartOf":{"@id":"https:\/\/gradido.net\/selbstorganisation-in-organisationen-der-neuen-zeit\/"},"author":{"name":"Bernd H\u00fcckst\u00e4dt","@id":"https:\/\/gradido.net\/de\/#\/schema\/person\/9c503a004ad15a1ddecadce2218db5d1"},"headline":"Selbstorganisation in Organisationen der neuen Zeit","datePublished":"2024-09-02T06:54:09+00:00","dateModified":"2026-04-24T05:56:03+00:00","mainEntityOfPage":{"@id":"https:\/\/gradido.net\/selbstorganisation-in-organisationen-der-neuen-zeit\/"},"wordCount":438,"publisher":{"@id":"https:\/\/gradido.net\/de\/#organization"},"image":{"@id":"https:\/\/gradido.net\/selbstorganisation-in-organisationen-der-neuen-zeit\/#primaryimage"},"thumbnailUrl":"https:\/\/gradido.net\/wp-content\/uploads\/2024\/09\/SWARM.jpg","articleSection":["Blog","Community"],"inLanguage":"cs"},{"@type":"WebPage","@id":"https:\/\/gradido.net\/selbstorganisation-in-organisationen-der-neuen-zeit\/","url":"https:\/\/gradido.net\/selbstorganisation-in-organisationen-der-neuen-zeit\/","name":"Samoorganizace v organizac\u00edch nov\u00e9 doby - Gradido","isPartOf":{"@id":"https:\/\/gradido.net\/de\/#website"},"primaryImageOfPage":{"@id":"https:\/\/gradido.net\/selbstorganisation-in-organisationen-der-neuen-zeit\/#primaryimage"},"image":{"@id":"https:\/\/gradido.net\/selbstorganisation-in-organisationen-der-neuen-zeit\/#primaryimage"},"thumbnailUrl":"https:\/\/gradido.net\/wp-content\/uploads\/2024\/09\/SWARM.jpg","datePublished":"2024-09-02T06:54:09+00:00","dateModified":"2026-04-24T05:56:03+00:00","description":"Doba hierarchick\u00fdch organizac\u00ed je pry\u010d. Lid\u00e9 v \"nov\u00e9m v\u011bku\" maj\u00ed silnou touhu setk\u00e1vat se navz\u00e1jem na \u00farovni o\u010d\u00ed, organizovat se, a to pokud mo\u017eno bez hierarchie.","breadcrumb":{"@id":"https:\/\/gradido.net\/selbstorganisation-in-organisationen-der-neuen-zeit\/#breadcrumb"},"inLanguage":"cs","potentialAction":[{"@type":"ReadAction","target":["https:\/\/gradido.net\/selbstorganisation-in-organisationen-der-neuen-zeit\/"]}]},{"@type":"ImageObject","inLanguage":"cs","@id":"https:\/\/gradido.net\/selbstorganisation-in-organisationen-der-neuen-zeit\/#primaryimage","url":"https:\/\/gradido.net\/wp-content\/uploads\/2024\/09\/SWARM.jpg","contentUrl":"https:\/\/gradido.net\/wp-content\/uploads\/2024\/09\/SWARM.jpg","width":1200,"height":600},{"@type":"BreadcrumbList","@id":"https:\/\/gradido.net\/selbstorganisation-in-organisationen-der-neuen-zeit\/#breadcrumb","itemListElement":[{"@type":"ListItem","position":1,"name":"Startseite","item":"https:\/\/gradido.net\/"},{"@type":"ListItem","position":2,"name":"Selbstorganisation in Organisationen der neuen Zeit"}]},{"@type":"WebSite","@id":"https:\/\/gradido.net\/de\/#website","url":"https:\/\/gradido.net\/de\/","name":"Gradido","description":"Novou m\u011bnou je vd\u011b\u010dnost","publisher":{"@id":"https:\/\/gradido.net\/de\/#organization"},"potentialAction":[{"@type":"SearchAction","target":{"@type":"EntryPoint","urlTemplate":"https:\/\/gradido.net\/de\/?s={search_term_string}"},"query-input":{"@type":"PropertyValueSpecification","valueRequired":true,"valueName":"search_term_string"}}],"inLanguage":"cs"},{"@type":"Organization","@id":"https:\/\/gradido.net\/de\/#organization","name":"Gradido","url":"https:\/\/gradido.net\/de\/","logo":{"@type":"ImageObject","inLanguage":"cs","@id":"https:\/\/gradido.net\/de\/#\/schema\/logo\/image\/","url":"https:\/\/gradido.net\/wp-content\/uploads\/2022\/04\/gradido-social.jpg","contentUrl":"https:\/\/gradido.net\/wp-content\/uploads\/2022\/04\/gradido-social.jpg","width":527,"height":273,"caption":"Gradido"},"image":{"@id":"https:\/\/gradido.net\/de\/#\/schema\/logo\/image\/"}},{"@type":"Person","@id":"https:\/\/gradido.net\/de\/#\/schema\/person\/9c503a004ad15a1ddecadce2218db5d1","name":"Bernd H\u00fcckst\u00e4dt","sameAs":["https:\/\/gradido.net"],"url":"https:\/\/gradido.net\/cs\/author\/bernd\/"}]}},"_links":{"self":[{"href":"https:\/\/gradido.net\/cs\/wp-json\/wp\/v2\/posts\/9486","targetHints":{"allow":["GET"]}}],"collection":[{"href":"https:\/\/gradido.net\/cs\/wp-json\/wp\/v2\/posts"}],"about":[{"href":"https:\/\/gradido.net\/cs\/wp-json\/wp\/v2\/types\/post"}],"author":[{"embeddable":true,"href":"https:\/\/gradido.net\/cs\/wp-json\/wp\/v2\/users\/2"}],"replies":[{"embeddable":true,"href":"https:\/\/gradido.net\/cs\/wp-json\/wp\/v2\/comments?post=9486"}],"version-history":[{"count":17,"href":"https:\/\/gradido.net\/cs\/wp-json\/wp\/v2\/posts\/9486\/revisions"}],"predecessor-version":[{"id":9506,"href":"https:\/\/gradido.net\/cs\/wp-json\/wp\/v2\/posts\/9486\/revisions\/9506"}],"wp:featuredmedia":[{"embeddable":true,"href":"https:\/\/gradido.net\/cs\/wp-json\/wp\/v2\/media\/9487"}],"wp:attachment":[{"href":"https:\/\/gradido.net\/cs\/wp-json\/wp\/v2\/media?parent=9486"}],"wp:term":[{"taxonomy":"category","embeddable":true,"href":"https:\/\/gradido.net\/cs\/wp-json\/wp\/v2\/categories?post=9486"},{"taxonomy":"post_tag","embeddable":true,"href":"https:\/\/gradido.net\/cs\/wp-json\/wp\/v2\/tags?post=9486"}],"curies":[{"name":"wp","href":"https:\/\/api.w.org\/{rel}","templated":true}]}}