{"id":9980,"date":"2025-01-01T13:20:50","date_gmt":"2025-01-01T12:20:50","guid":{"rendered":"https:\/\/gradido.net\/?p=9980"},"modified":"2026-04-24T07:25:17","modified_gmt":"2026-04-24T05:25:17","slug":"lasst-uns-2025-zum-jahr-des-gradido-machen","status":"publish","type":"post","link":"https:\/\/gradido.net\/cs\/lasst-uns-2025-zum-jahr-des-gradido-machen\/","title":{"rendered":"Ud\u011blejme z roku 2025 rok Gradido"},"content":{"rendered":"<div data-elementor-type=\"wp-post\" data-elementor-id=\"9980\" class=\"elementor elementor-9980\" data-elementor-post-type=\"post\">\n\t\t\t\t\t\t<section class=\"elementor-section elementor-top-section elementor-element elementor-element-496e1d53 elementor-section-boxed elementor-section-height-default elementor-section-height-default\" data-id=\"496e1d53\" data-element_type=\"section\" data-e-type=\"section\">\n\t\t\t\t\t\t<div class=\"elementor-container elementor-column-gap-default\">\n\t\t\t\t\t<div class=\"elementor-column elementor-col-100 elementor-top-column elementor-element elementor-element-461d7be0\" data-id=\"461d7be0\" data-element_type=\"column\" data-e-type=\"column\">\n\t\t\t<div class=\"elementor-widget-wrap elementor-element-populated\">\n\t\t\t\t\t\t<div class=\"elementor-element elementor-element-cd9ebe2 elementor-widget elementor-widget-text-editor\" data-id=\"cd9ebe2\" data-element_type=\"widget\" data-e-type=\"widget\" data-widget_type=\"text-editor.default\">\n\t\t\t\t<div class=\"elementor-widget-container\">\n\t\t\t\t\t\t\t\t\t<p><em>Od Evy-Marie Zanderov\u00e9<\/em><\/p><p style=\"text-align: right;\"><em>\"To, co le\u017e\u00ed p\u0159ed n\u00e1mi a co le\u017e\u00ed za n\u00e1mi, jsou mali\u010dkosti ve srovn\u00e1n\u00ed s t\u00edm, co le\u017e\u00ed v n\u00e1s. A kdy\u017e to, co je v n\u00e1s, vyneseme do sv\u011bta, d\u011bj\u00ed se z\u00e1zraky.\"<\/em><\/p><p style=\"text-align: right;\"><em>Henry David Thoreau<\/em><\/p><p>Mil\u00fd \u010dten\u00e1\u0159i,<\/p><p>Ud\u011blejme z roku 2025 rok Gradida!<\/p><h4>Jednodu\u0161e \u0159e\u010deno:<br \/>Vytvo\u0159en\u00edm kruhu se 2-3 zainteresovan\u00fdmi stranami.\u00a0<\/h4>\t\t\t\t\t\t\t\t<\/div>\n\t\t\t\t<\/div>\n\t\t\t\t\t<\/div>\n\t\t<\/div>\n\t\t\t\t\t<\/div>\n\t\t<\/section>\n\t\t\t\t<section class=\"elementor-section elementor-top-section elementor-element elementor-element-6fcdba0 elementor-section-boxed elementor-section-height-default elementor-section-height-default\" data-id=\"6fcdba0\" data-element_type=\"section\" data-e-type=\"section\">\n\t\t\t\t\t\t<div class=\"elementor-container elementor-column-gap-default\">\n\t\t\t\t\t<div class=\"elementor-column elementor-col-100 elementor-top-column elementor-element elementor-element-c77dfff\" data-id=\"c77dfff\" data-element_type=\"column\" data-e-type=\"column\">\n\t\t\t<div class=\"elementor-widget-wrap elementor-element-populated\">\n\t\t\t\t\t\t<div class=\"elementor-element elementor-element-562c437 elementor-widget elementor-widget-video\" data-id=\"562c437\" data-element_type=\"widget\" data-e-type=\"widget\" data-settings=\"{&quot;youtube_url&quot;:&quot;https:\\\/\\\/www.youtube.com\\\/watch?v=5dCWrKCVD5g&quot;,&quot;video_type&quot;:&quot;youtube&quot;,&quot;controls&quot;:&quot;yes&quot;}\" data-widget_type=\"video.default\">\n\t\t\t\t<div class=\"elementor-widget-container\">\n\t\t\t\t\t\t\t<div class=\"elementor-wrapper elementor-open-inline\">\n\t\t\t<div class=\"elementor-video\"><\/div>\t\t<\/div>\n\t\t\t\t\t\t<\/div>\n\t\t\t\t<\/div>\n\t\t\t\t\t<\/div>\n\t\t<\/div>\n\t\t\t\t\t<\/div>\n\t\t<\/section>\n\t\t\t\t<section class=\"elementor-section elementor-top-section elementor-element elementor-element-b21b8c5 elementor-section-boxed elementor-section-height-default elementor-section-height-default\" data-id=\"b21b8c5\" data-element_type=\"section\" data-e-type=\"section\">\n\t\t\t\t\t\t<div class=\"elementor-container elementor-column-gap-default\">\n\t\t\t\t\t<div class=\"elementor-column elementor-col-100 elementor-top-column elementor-element elementor-element-b3d9552\" data-id=\"b3d9552\" data-element_type=\"column\" data-e-type=\"column\">\n\t\t\t<div class=\"elementor-widget-wrap elementor-element-populated\">\n\t\t\t\t\t\t<div class=\"elementor-element elementor-element-b41777e elementor-widget elementor-widget-text-editor\" data-id=\"b41777e\" data-element_type=\"widget\" data-e-type=\"widget\" data-widget_type=\"text-editor.default\">\n\t\t\t\t<div class=\"elementor-widget-container\">\n\t\t\t\t\t\t\t\t\t<p>V Postupimi jsme za\u010d\u00ednali s tak malou skupinou. A pokud n\u00e1s napodob\u00ed \u010dlenov\u00e9 v dal\u0161\u00edch m\u011bstech, vznikne s\u00ed\u0165 krou\u017ek\u016f Gradido a p\u0159edev\u0161\u00edm s\u00ed\u0165 lid\u00ed:<\/p><h4>Rychleji se sbli\u017eujeme a propojujeme.<\/h4><p><strong><img fetchpriority=\"high\" decoding=\"async\" class=\"alignnone wp-image-9987 size-medium\" src=\"https:\/\/gradido.net\/wp-content\/uploads\/2025\/01\/2025_Schoepferkraft-213x300.jpg\" alt=\"\" width=\"213\" height=\"300\" srcset=\"https:\/\/gradido.net\/wp-content\/uploads\/2025\/01\/2025_Schoepferkraft-213x300.jpg 213w, https:\/\/gradido.net\/wp-content\/uploads\/2025\/01\/2025_Schoepferkraft-9x12.jpg 9w, https:\/\/gradido.net\/wp-content\/uploads\/2025\/01\/2025_Schoepferkraft.jpg 290w\" sizes=\"(max-width: 213px) 100vw, 213px\" \/><\/strong><\/p><p>Ka\u017ed\u00fd z n\u00e1s, kdo se ze srdce spoj\u00ed se svou univerz\u00e1ln\u00ed tvo\u0159ivou silou, p\u0159isp\u00edv\u00e1 k tomu, \u017ee je mo\u017en\u00fd nov\u00fd zp\u016fsob spole\u010dn\u00e9ho \u017eivota a nov\u00fd zp\u016fsob podnik\u00e1n\u00ed.<\/p><p><img decoding=\"async\" class=\"alignnone wp-image-9988 size-medium\" src=\"https:\/\/gradido.net\/wp-content\/uploads\/2025\/01\/2025_Erde-267x300.jpg\" alt=\"\" width=\"267\" height=\"300\" srcset=\"https:\/\/gradido.net\/wp-content\/uploads\/2025\/01\/2025_Erde-267x300.jpg 267w, https:\/\/gradido.net\/wp-content\/uploads\/2025\/01\/2025_Erde-11x12.jpg 11w, https:\/\/gradido.net\/wp-content\/uploads\/2025\/01\/2025_Erde.jpg 351w\" sizes=\"(max-width: 267px) 100vw, 267px\" \/><\/p><p>Zemi dr\u017e\u00ed a prostupuje sv\u011bteln\u00e1 s\u00ed\u0165; kdekoli objev\u00edte srdce, je v\u011bdom\u00e1 lidsk\u00e1 bytost, kter\u00e1 se na tuto s\u00ed\u0165 napojila.<br \/>Nyn\u00ed si p\u0159edstavte, \u017ee se tato s\u00ed\u0165 skl\u00e1d\u00e1 z gradientn\u00edch kruh\u016f a pomalu a postupn\u011b pokr\u00fdv\u00e1 celou zem\u011bkouli.<\/p><h4>Ka\u017ed\u00e1 vize za\u010d\u00edn\u00e1 mal\u00fdmi kroky! Nyn\u00ed je \u010das tyto kruhy vytvo\u0159it.<\/h4><p>P\u0159ipravili jsme pro v\u00e1s spoustu \u00fa\u017easn\u00fdch aktivit. Prvn\u00edm krokem v tomto sm\u011bru by mohlo b\u00fdt j\u00edt s n\u011bk\u00fdm na proch\u00e1zku a po n\u00ed mu pod\u011bkovat Gradidem za dobrou konverzaci. Jakmile najdeme jednoho nebo dva z\u00e1jemce, zalo\u017e\u00edme krou\u017eek a zaregistrujeme ho v Gradidu. O tom, jak to dopadlo, budu informovat p\u0159\u00ed\u0161t\u011b.<\/p><h4>Pokud se k nim p\u0159ipoj\u00edte, vyza\u0159uje z t\u011bchto kruh\u016f nezm\u011brn\u00e1 energie.<\/h4><p><img decoding=\"async\" class=\"alignnone size-full wp-image-9989\" src=\"https:\/\/gradido.net\/wp-content\/uploads\/2025\/01\/2025_Erde_2.jpg\" alt=\"\" width=\"495\" height=\"556\" srcset=\"https:\/\/gradido.net\/wp-content\/uploads\/2025\/01\/2025_Erde_2.jpg 495w, https:\/\/gradido.net\/wp-content\/uploads\/2025\/01\/2025_Erde_2-267x300.jpg 267w, https:\/\/gradido.net\/wp-content\/uploads\/2025\/01\/2025_Erde_2-11x12.jpg 11w\" sizes=\"(max-width: 495px) 100vw, 495px\" \/><\/p><h4>Poj\u010fme nyn\u00ed aktivn\u011b spolupracovat!!!<\/h4><p>T\u011b\u0161\u00edm se na siln\u00fd rok s v\u00e1mi a u\u017e te\u010f vid\u00edm, jak se p\u0159ede mnou roz\u0161i\u0159uj\u00ed kruhy.<\/p><p>V\u00e1\u0161<\/p><p>Eva-Maria z Vision Circle<\/p><p><img loading=\"lazy\" decoding=\"async\" class=\"alignnone wp-image-9853 size-full\" src=\"https:\/\/gradido.net\/wp-content\/uploads\/2024\/11\/BildschiImpulse-e1735757552618.png\" alt=\"\" width=\"172\" height=\"200\" \/><\/p>\t\t\t\t\t\t\t\t<\/div>\n\t\t\t\t<\/div>\n\t\t\t\t\t<\/div>\n\t\t<\/div>\n\t\t\t\t\t<\/div>\n\t\t<\/section>\n\t\t\t\t<section class=\"elementor-section elementor-top-section elementor-element elementor-element-14532fe elementor-section-boxed elementor-section-height-default elementor-section-height-default\" data-id=\"14532fe\" data-element_type=\"section\" data-e-type=\"section\">\n\t\t\t\t\t\t<div class=\"elementor-container elementor-column-gap-default\">\n\t\t\t\t\t<div class=\"elementor-column elementor-col-100 elementor-top-column elementor-element elementor-element-65d2298\" data-id=\"65d2298\" data-element_type=\"column\" data-e-type=\"column\">\n\t\t\t<div class=\"elementor-widget-wrap elementor-element-populated\">\n\t\t\t\t\t\t<div class=\"elementor-element elementor-element-bea124f elementor-widget elementor-widget-global elementor-global-9341 elementor-widget-text-editor\" data-id=\"bea124f\" data-element_type=\"widget\" data-e-type=\"widget\" data-widget_type=\"text-editor.default\">\n\t\t\t\t<div class=\"elementor-widget-container\">\n\t\t\t\t\t\t\t\t\t<p><strong>PS:\u00a0<span style=\"color: #ff6600;\"><a style=\"color: #ff6600;\" href=\"https:\/\/gradido.net\/cs\/donations\/\">Vzhledem ke st\u00e1le rostouc\u00edmu v\u00fdznamu Gradida opakujeme 26. \u010dervna 2026 na\u0161i kampa\u0148 vd\u011b\u010dnosti:<\/a>\u00a0<\/span><span style=\"color: #0000ff;\"><a style=\"color: #0000ff;\" href=\"https:\/\/gradido.net\/cs\/donations\/\">Krom\u011b n\u011bkolikan\u00e1sobn\u00e9ho GradidoTransform za v\u00e1\u0161 sponzorsk\u00fd p\u0159\u00edsp\u011bvek nav\u00fd\u0161\u00edme 26. 6. 2016 v\u0161echny z\u016fstatky na \u00fa\u010dtech GDT o 26%. Sponzorujte nyn\u00ed a u\u017eijte si n\u00e1sobnou \u010d\u00e1stku GDT!<\/a><\/span><\/strong><\/p>\t\t\t\t\t\t\t\t<\/div>\n\t\t\t\t<\/div>\n\t\t\t\t\t<\/div>\n\t\t<\/div>\n\t\t\t\t\t<\/div>\n\t\t<\/section>\n\t\t\t\t<section class=\"elementor-section elementor-top-section elementor-element elementor-element-29dfc07 elementor-section-boxed elementor-section-height-default elementor-section-height-default\" data-id=\"29dfc07\" data-element_type=\"section\" data-e-type=\"section\">\n\t\t\t\t\t\t<div class=\"elementor-container elementor-column-gap-default\">\n\t\t\t\t\t<div class=\"elementor-column elementor-col-100 elementor-top-column elementor-element elementor-element-d37ec5a\" data-id=\"d37ec5a\" data-element_type=\"column\" data-e-type=\"column\">\n\t\t\t<div class=\"elementor-widget-wrap\">\n\t\t\t\t\t\t\t<\/div>\n\t\t<\/div>\n\t\t\t\t\t<\/div>\n\t\t<\/section>\n\t\t\t\t<\/div>","protected":false},"excerpt":{"rendered":"<p>Jednodu\u0161e: vytvo\u0159en\u00edm kruhu se 2-3 zainteresovan\u00fdmi stranami. S takovou malou skupinou jsme za\u010dali v Postupimi. Pokud n\u00e1s napodob\u00ed i lid\u00e9 na jin\u00fdch m\u00edstech, vznikne s\u00ed\u0165 krou\u017ek\u016f Gradido a my se rychleji pozn\u00e1me a propoj\u00edme.<\/p>","protected":false},"author":2,"featured_media":9981,"comment_status":"closed","ping_status":"closed","sticky":false,"template":"","format":"standard","meta":{"footnotes":""},"categories":[11,54],"tags":[22],"class_list":["post-9980","post","type-post","status-publish","format-standard","has-post-thumbnail","hentry","category-blog","category-community","tag-bild-oben"],"yoast_head":"<!-- This site is optimized with the Yoast SEO plugin v27.5 - https:\/\/yoast.com\/product\/yoast-seo-wordpress\/ -->\n<title>Lasst uns 2025 zum Jahr des Gradido machen - Gradido<\/title>\n<meta name=\"description\" content=\"Ganz einfach: Indem wir mit 2-3 Interessenten einen Kreis erschaffen. Wir sind in Potsdam mit einer so kleinen Gruppe gestartet. Wenn uns das Menschen in weiteren Ortschaften nachmachen, dann entsteht ein Netz aus Gradido-Kreisen und wir kommen schneller zueinander und in Verbindung.\" \/>\n<meta name=\"robots\" content=\"index, follow, max-snippet:-1, max-image-preview:large, max-video-preview:-1\" \/>\n<link rel=\"canonical\" href=\"https:\/\/gradido.net\/cs\/lasst-uns-2025-zum-jahr-des-gradido-machen\/\" \/>\n<meta property=\"og:locale\" content=\"cs_CZ\" \/>\n<meta property=\"og:type\" content=\"article\" \/>\n<meta property=\"og:title\" content=\"Lasst uns 2025 zum Jahr des Gradido machen - Gradido\" \/>\n<meta property=\"og:description\" content=\"Ganz einfach: Indem wir mit 2-3 Interessenten einen Kreis erschaffen. Wir sind in Potsdam mit einer so kleinen Gruppe gestartet. Wenn uns das Menschen in weiteren Ortschaften nachmachen, dann entsteht ein Netz aus Gradido-Kreisen und wir kommen schneller zueinander und in Verbindung.\" \/>\n<meta property=\"og:url\" content=\"https:\/\/gradido.net\/cs\/lasst-uns-2025-zum-jahr-des-gradido-machen\/\" \/>\n<meta property=\"og:site_name\" content=\"Gradido\" \/>\n<meta property=\"article:published_time\" content=\"2025-01-01T12:20:50+00:00\" \/>\n<meta property=\"article:modified_time\" content=\"2026-04-24T05:25:17+00:00\" \/>\n<meta property=\"og:image\" content=\"https:\/\/gradido.net\/wp-content\/uploads\/2025\/01\/Standbild.png\" \/>\n\t<meta property=\"og:image:width\" content=\"727\" \/>\n\t<meta property=\"og:image:height\" content=\"412\" \/>\n\t<meta property=\"og:image:type\" content=\"image\/png\" \/>\n<meta name=\"author\" content=\"Bernd H\u00fcckst\u00e4dt\" \/>\n<meta name=\"twitter:card\" content=\"summary_large_image\" \/>\n<meta name=\"twitter:label1\" content=\"Napsal(a)\" \/>\n\t<meta name=\"twitter:data1\" content=\"Bernd H\u00fcckst\u00e4dt\" \/>\n\t<meta name=\"twitter:label2\" content=\"Odhadovan\u00e1 doba \u010dten\u00ed\" \/>\n\t<meta name=\"twitter:data2\" content=\"3 minuty\" \/>\n<script type=\"application\/ld+json\" class=\"yoast-schema-graph\">{\"@context\":\"https:\\\/\\\/schema.org\",\"@graph\":[{\"@type\":\"Article\",\"@id\":\"https:\\\/\\\/gradido.net\\\/lasst-uns-2025-zum-jahr-des-gradido-machen\\\/#article\",\"isPartOf\":{\"@id\":\"https:\\\/\\\/gradido.net\\\/lasst-uns-2025-zum-jahr-des-gradido-machen\\\/\"},\"author\":{\"name\":\"Bernd H\u00fcckst\u00e4dt\",\"@id\":\"https:\\\/\\\/gradido.net\\\/de\\\/#\\\/schema\\\/person\\\/9c503a004ad15a1ddecadce2218db5d1\"},\"headline\":\"Lasst uns 2025 zum Jahr des Gradido machen\",\"datePublished\":\"2025-01-01T12:20:50+00:00\",\"dateModified\":\"2026-04-24T05:25:17+00:00\",\"mainEntityOfPage\":{\"@id\":\"https:\\\/\\\/gradido.net\\\/lasst-uns-2025-zum-jahr-des-gradido-machen\\\/\"},\"wordCount\":355,\"publisher\":{\"@id\":\"https:\\\/\\\/gradido.net\\\/de\\\/#organization\"},\"image\":{\"@id\":\"https:\\\/\\\/gradido.net\\\/lasst-uns-2025-zum-jahr-des-gradido-machen\\\/#primaryimage\"},\"thumbnailUrl\":\"https:\\\/\\\/gradido.net\\\/wp-content\\\/uploads\\\/2025\\\/01\\\/Standbild.png\",\"keywords\":[\"Bild oben\"],\"articleSection\":[\"Blog\",\"Community\"],\"inLanguage\":\"cs\"},{\"@type\":\"WebPage\",\"@id\":\"https:\\\/\\\/gradido.net\\\/lasst-uns-2025-zum-jahr-des-gradido-machen\\\/\",\"url\":\"https:\\\/\\\/gradido.net\\\/lasst-uns-2025-zum-jahr-des-gradido-machen\\\/\",\"name\":\"Lasst uns 2025 zum Jahr des Gradido machen - Gradido\",\"isPartOf\":{\"@id\":\"https:\\\/\\\/gradido.net\\\/de\\\/#website\"},\"primaryImageOfPage\":{\"@id\":\"https:\\\/\\\/gradido.net\\\/lasst-uns-2025-zum-jahr-des-gradido-machen\\\/#primaryimage\"},\"image\":{\"@id\":\"https:\\\/\\\/gradido.net\\\/lasst-uns-2025-zum-jahr-des-gradido-machen\\\/#primaryimage\"},\"thumbnailUrl\":\"https:\\\/\\\/gradido.net\\\/wp-content\\\/uploads\\\/2025\\\/01\\\/Standbild.png\",\"datePublished\":\"2025-01-01T12:20:50+00:00\",\"dateModified\":\"2026-04-24T05:25:17+00:00\",\"description\":\"Ganz einfach: Indem wir mit 2-3 Interessenten einen Kreis erschaffen. Wir sind in Potsdam mit einer so kleinen Gruppe gestartet. Wenn uns das Menschen in weiteren Ortschaften nachmachen, dann entsteht ein Netz aus Gradido-Kreisen und wir kommen schneller zueinander und in Verbindung.\",\"breadcrumb\":{\"@id\":\"https:\\\/\\\/gradido.net\\\/lasst-uns-2025-zum-jahr-des-gradido-machen\\\/#breadcrumb\"},\"inLanguage\":\"cs\",\"potentialAction\":[{\"@type\":\"ReadAction\",\"target\":[\"https:\\\/\\\/gradido.net\\\/lasst-uns-2025-zum-jahr-des-gradido-machen\\\/\"]}]},{\"@type\":\"ImageObject\",\"inLanguage\":\"cs\",\"@id\":\"https:\\\/\\\/gradido.net\\\/lasst-uns-2025-zum-jahr-des-gradido-machen\\\/#primaryimage\",\"url\":\"https:\\\/\\\/gradido.net\\\/wp-content\\\/uploads\\\/2025\\\/01\\\/Standbild.png\",\"contentUrl\":\"https:\\\/\\\/gradido.net\\\/wp-content\\\/uploads\\\/2025\\\/01\\\/Standbild.png\",\"width\":727,\"height\":412},{\"@type\":\"BreadcrumbList\",\"@id\":\"https:\\\/\\\/gradido.net\\\/lasst-uns-2025-zum-jahr-des-gradido-machen\\\/#breadcrumb\",\"itemListElement\":[{\"@type\":\"ListItem\",\"position\":1,\"name\":\"Startseite\",\"item\":\"https:\\\/\\\/gradido.net\\\/\"},{\"@type\":\"ListItem\",\"position\":2,\"name\":\"Lasst uns 2025 zum Jahr des Gradido machen\"}]},{\"@type\":\"WebSite\",\"@id\":\"https:\\\/\\\/gradido.net\\\/de\\\/#website\",\"url\":\"https:\\\/\\\/gradido.net\\\/de\\\/\",\"name\":\"Gradido\",\"description\":\"Die neue W\u00e4hrung hei\u00dft Dankbarkeit\",\"publisher\":{\"@id\":\"https:\\\/\\\/gradido.net\\\/de\\\/#organization\"},\"potentialAction\":[{\"@type\":\"SearchAction\",\"target\":{\"@type\":\"EntryPoint\",\"urlTemplate\":\"https:\\\/\\\/gradido.net\\\/de\\\/?s={search_term_string}\"},\"query-input\":{\"@type\":\"PropertyValueSpecification\",\"valueRequired\":true,\"valueName\":\"search_term_string\"}}],\"inLanguage\":\"cs\"},{\"@type\":\"Organization\",\"@id\":\"https:\\\/\\\/gradido.net\\\/de\\\/#organization\",\"name\":\"Gradido\",\"url\":\"https:\\\/\\\/gradido.net\\\/de\\\/\",\"logo\":{\"@type\":\"ImageObject\",\"inLanguage\":\"cs\",\"@id\":\"https:\\\/\\\/gradido.net\\\/de\\\/#\\\/schema\\\/logo\\\/image\\\/\",\"url\":\"https:\\\/\\\/gradido.net\\\/wp-content\\\/uploads\\\/2022\\\/04\\\/gradido-social.jpg\",\"contentUrl\":\"https:\\\/\\\/gradido.net\\\/wp-content\\\/uploads\\\/2022\\\/04\\\/gradido-social.jpg\",\"width\":527,\"height\":273,\"caption\":\"Gradido\"},\"image\":{\"@id\":\"https:\\\/\\\/gradido.net\\\/de\\\/#\\\/schema\\\/logo\\\/image\\\/\"}},{\"@type\":\"Person\",\"@id\":\"https:\\\/\\\/gradido.net\\\/de\\\/#\\\/schema\\\/person\\\/9c503a004ad15a1ddecadce2218db5d1\",\"name\":\"Bernd H\u00fcckst\u00e4dt\",\"sameAs\":[\"https:\\\/\\\/gradido.net\"],\"url\":\"https:\\\/\\\/gradido.net\\\/cs\\\/author\\\/bernd\\\/\"}]}<\/script>\n<!-- \/ Yoast SEO plugin. -->","yoast_head_json":{"title":"Ud\u011blejme z roku 2025 rok Gradido - Gradido","description":"Jednodu\u0161e: vytvo\u0159en\u00edm kruhu se 2-3 zainteresovan\u00fdmi stranami. S takovou malou skupinou jsme za\u010dali v Postupimi. Pokud n\u00e1s napodob\u00ed i lid\u00e9 na jin\u00fdch m\u00edstech, vznikne s\u00ed\u0165 krou\u017ek\u016f Gradido a my se rychleji pozn\u00e1me a propoj\u00edme.","robots":{"index":"index","follow":"follow","max-snippet":"max-snippet:-1","max-image-preview":"max-image-preview:large","max-video-preview":"max-video-preview:-1"},"canonical":"https:\/\/gradido.net\/cs\/lasst-uns-2025-zum-jahr-des-gradido-machen\/","og_locale":"cs_CZ","og_type":"article","og_title":"Lasst uns 2025 zum Jahr des Gradido machen - Gradido","og_description":"Ganz einfach: Indem wir mit 2-3 Interessenten einen Kreis erschaffen. Wir sind in Potsdam mit einer so kleinen Gruppe gestartet. Wenn uns das Menschen in weiteren Ortschaften nachmachen, dann entsteht ein Netz aus Gradido-Kreisen und wir kommen schneller zueinander und in Verbindung.","og_url":"https:\/\/gradido.net\/cs\/lasst-uns-2025-zum-jahr-des-gradido-machen\/","og_site_name":"Gradido","article_published_time":"2025-01-01T12:20:50+00:00","article_modified_time":"2026-04-24T05:25:17+00:00","og_image":[{"width":727,"height":412,"url":"https:\/\/gradido.net\/wp-content\/uploads\/2025\/01\/Standbild.png","type":"image\/png"}],"author":"Bernd H\u00fcckst\u00e4dt","twitter_card":"summary_large_image","twitter_misc":{"Napsal(a)":"Bernd H\u00fcckst\u00e4dt","Odhadovan\u00e1 doba \u010dten\u00ed":"3 minuty"},"schema":{"@context":"https:\/\/schema.org","@graph":[{"@type":"Article","@id":"https:\/\/gradido.net\/lasst-uns-2025-zum-jahr-des-gradido-machen\/#article","isPartOf":{"@id":"https:\/\/gradido.net\/lasst-uns-2025-zum-jahr-des-gradido-machen\/"},"author":{"name":"Bernd H\u00fcckst\u00e4dt","@id":"https:\/\/gradido.net\/de\/#\/schema\/person\/9c503a004ad15a1ddecadce2218db5d1"},"headline":"Lasst uns 2025 zum Jahr des Gradido machen","datePublished":"2025-01-01T12:20:50+00:00","dateModified":"2026-04-24T05:25:17+00:00","mainEntityOfPage":{"@id":"https:\/\/gradido.net\/lasst-uns-2025-zum-jahr-des-gradido-machen\/"},"wordCount":355,"publisher":{"@id":"https:\/\/gradido.net\/de\/#organization"},"image":{"@id":"https:\/\/gradido.net\/lasst-uns-2025-zum-jahr-des-gradido-machen\/#primaryimage"},"thumbnailUrl":"https:\/\/gradido.net\/wp-content\/uploads\/2025\/01\/Standbild.png","keywords":["Bild oben"],"articleSection":["Blog","Community"],"inLanguage":"cs"},{"@type":"WebPage","@id":"https:\/\/gradido.net\/lasst-uns-2025-zum-jahr-des-gradido-machen\/","url":"https:\/\/gradido.net\/lasst-uns-2025-zum-jahr-des-gradido-machen\/","name":"Ud\u011blejme z roku 2025 rok Gradido - Gradido","isPartOf":{"@id":"https:\/\/gradido.net\/de\/#website"},"primaryImageOfPage":{"@id":"https:\/\/gradido.net\/lasst-uns-2025-zum-jahr-des-gradido-machen\/#primaryimage"},"image":{"@id":"https:\/\/gradido.net\/lasst-uns-2025-zum-jahr-des-gradido-machen\/#primaryimage"},"thumbnailUrl":"https:\/\/gradido.net\/wp-content\/uploads\/2025\/01\/Standbild.png","datePublished":"2025-01-01T12:20:50+00:00","dateModified":"2026-04-24T05:25:17+00:00","description":"Jednodu\u0161e: vytvo\u0159en\u00edm kruhu se 2-3 zainteresovan\u00fdmi stranami. S takovou malou skupinou jsme za\u010dali v Postupimi. Pokud n\u00e1s napodob\u00ed i lid\u00e9 na jin\u00fdch m\u00edstech, vznikne s\u00ed\u0165 krou\u017ek\u016f Gradido a my se rychleji pozn\u00e1me a propoj\u00edme.","breadcrumb":{"@id":"https:\/\/gradido.net\/lasst-uns-2025-zum-jahr-des-gradido-machen\/#breadcrumb"},"inLanguage":"cs","potentialAction":[{"@type":"ReadAction","target":["https:\/\/gradido.net\/lasst-uns-2025-zum-jahr-des-gradido-machen\/"]}]},{"@type":"ImageObject","inLanguage":"cs","@id":"https:\/\/gradido.net\/lasst-uns-2025-zum-jahr-des-gradido-machen\/#primaryimage","url":"https:\/\/gradido.net\/wp-content\/uploads\/2025\/01\/Standbild.png","contentUrl":"https:\/\/gradido.net\/wp-content\/uploads\/2025\/01\/Standbild.png","width":727,"height":412},{"@type":"BreadcrumbList","@id":"https:\/\/gradido.net\/lasst-uns-2025-zum-jahr-des-gradido-machen\/#breadcrumb","itemListElement":[{"@type":"ListItem","position":1,"name":"Startseite","item":"https:\/\/gradido.net\/"},{"@type":"ListItem","position":2,"name":"Lasst uns 2025 zum Jahr des Gradido machen"}]},{"@type":"WebSite","@id":"https:\/\/gradido.net\/de\/#website","url":"https:\/\/gradido.net\/de\/","name":"Gradido","description":"Novou m\u011bnou je vd\u011b\u010dnost","publisher":{"@id":"https:\/\/gradido.net\/de\/#organization"},"potentialAction":[{"@type":"SearchAction","target":{"@type":"EntryPoint","urlTemplate":"https:\/\/gradido.net\/de\/?s={search_term_string}"},"query-input":{"@type":"PropertyValueSpecification","valueRequired":true,"valueName":"search_term_string"}}],"inLanguage":"cs"},{"@type":"Organization","@id":"https:\/\/gradido.net\/de\/#organization","name":"Gradido","url":"https:\/\/gradido.net\/de\/","logo":{"@type":"ImageObject","inLanguage":"cs","@id":"https:\/\/gradido.net\/de\/#\/schema\/logo\/image\/","url":"https:\/\/gradido.net\/wp-content\/uploads\/2022\/04\/gradido-social.jpg","contentUrl":"https:\/\/gradido.net\/wp-content\/uploads\/2022\/04\/gradido-social.jpg","width":527,"height":273,"caption":"Gradido"},"image":{"@id":"https:\/\/gradido.net\/de\/#\/schema\/logo\/image\/"}},{"@type":"Person","@id":"https:\/\/gradido.net\/de\/#\/schema\/person\/9c503a004ad15a1ddecadce2218db5d1","name":"Bernd H\u00fcckst\u00e4dt","sameAs":["https:\/\/gradido.net"],"url":"https:\/\/gradido.net\/cs\/author\/bernd\/"}]}},"_links":{"self":[{"href":"https:\/\/gradido.net\/cs\/wp-json\/wp\/v2\/posts\/9980","targetHints":{"allow":["GET"]}}],"collection":[{"href":"https:\/\/gradido.net\/cs\/wp-json\/wp\/v2\/posts"}],"about":[{"href":"https:\/\/gradido.net\/cs\/wp-json\/wp\/v2\/types\/post"}],"author":[{"embeddable":true,"href":"https:\/\/gradido.net\/cs\/wp-json\/wp\/v2\/users\/2"}],"replies":[{"embeddable":true,"href":"https:\/\/gradido.net\/cs\/wp-json\/wp\/v2\/comments?post=9980"}],"version-history":[{"count":24,"href":"https:\/\/gradido.net\/cs\/wp-json\/wp\/v2\/posts\/9980\/revisions"}],"predecessor-version":[{"id":13578,"href":"https:\/\/gradido.net\/cs\/wp-json\/wp\/v2\/posts\/9980\/revisions\/13578"}],"wp:featuredmedia":[{"embeddable":true,"href":"https:\/\/gradido.net\/cs\/wp-json\/wp\/v2\/media\/9981"}],"wp:attachment":[{"href":"https:\/\/gradido.net\/cs\/wp-json\/wp\/v2\/media?parent=9980"}],"wp:term":[{"taxonomy":"category","embeddable":true,"href":"https:\/\/gradido.net\/cs\/wp-json\/wp\/v2\/categories?post=9980"},{"taxonomy":"post_tag","embeddable":true,"href":"https:\/\/gradido.net\/cs\/wp-json\/wp\/v2\/tags?post=9980"}],"curies":[{"name":"wp","href":"https:\/\/api.w.org\/{rel}","templated":true}]}}