{"id":10383,"date":"2025-05-18T08:44:15","date_gmt":"2025-05-18T06:44:15","guid":{"rendered":"https:\/\/gradido.net\/?p=10383"},"modified":"2026-04-24T07:22:14","modified_gmt":"2026-04-24T05:22:14","slug":"78-tage-die-alles-veraendern-koennten","status":"publish","type":"post","link":"https:\/\/gradido.net\/da\/78-tage-die-alles-veraendern-koennten\/","title":{"rendered":"78 dage, der kan \u00e6ndre alt"},"content":{"rendered":"<div data-elementor-type=\"wp-post\" data-elementor-id=\"10383\" class=\"elementor elementor-10383\" data-elementor-post-type=\"post\">\n\t\t\t\t\t\t<section class=\"elementor-section elementor-top-section elementor-element elementor-element-496e1d53 elementor-section-boxed elementor-section-height-default elementor-section-height-default\" data-id=\"496e1d53\" data-element_type=\"section\" data-e-type=\"section\">\n\t\t\t\t\t\t<div class=\"elementor-container elementor-column-gap-default\">\n\t\t\t\t\t<div class=\"elementor-column elementor-col-100 elementor-top-column elementor-element elementor-element-461d7be0\" data-id=\"461d7be0\" data-element_type=\"column\" data-e-type=\"column\">\n\t\t\t<div class=\"elementor-widget-wrap elementor-element-populated\">\n\t\t\t\t\t\t<div class=\"elementor-element elementor-element-cd9ebe2 elementor-widget elementor-widget-text-editor\" data-id=\"cd9ebe2\" data-element_type=\"widget\" data-e-type=\"widget\" data-widget_type=\"text-editor.default\">\n\t\t\t\t<div class=\"elementor-widget-container\">\n\t\t\t\t\t\t\t\t\t<p style=\"text-align: right;\"><em>\"Du er ikke et offer for omst\u00e6ndighederne, men skaberen af din virkelighed.\" <\/em><br \/><em>- Vadim Zeland<\/em><\/p><p>K\u00e6re l\u00e6ser,<\/p><p>Forestil dig det: Med de f\u00f8rste solstr\u00e5ler bryder du - ligesom kvinden p\u00e5 vores forsidebillede - de usynlige l\u00e6nker i den gamle matrix og ser frem til eventyret i et nyt liv fuld af udforskende \u00e5nd!<\/p><p>Det er udgangspunktet for et eksperiment, der kan \u00e6ndre alt. Vi inviterer dig til at deltage i en unik 78-dages udfordring - et f\u00e6lles selveksperiment som aldrig f\u00f8r!<\/p><h3>Det store sp\u00f8rgsm\u00e5l i vores eksperiment<\/h3><p>Kan det lykkes os at kombinere de 78 principper i TransSurfing - kunsten at skabe en bevidst virkelighed - med de 100 vigtigste fordele ved Gradido? Kan vi f\u00e5 den enkeltes trivsel til at blomstre p\u00e5 denne m\u00e5de og dermed styrke vores f\u00e6lles bev\u00e6gelse? En bev\u00e6gelse, der har sat sig for at manifestere global velstand, fred og frihed for hele den menneskelige familie?<\/p><p>Vi inviterer dig til at finde ud af det sammen med os.<\/p><h4>78 dage - 78 impulser<\/h4><p>Hver dag et skridt, der v\u00e6kker dig fra den gamle dr\u00f8m og lader dig opdage, hvor meget kreativ kraft og potentiale du har.\u00a0<\/p><h4>Sammen - som en bev\u00e6gelse<\/h4><p>Du er ikke alene: Du vil finde udveksling, inspiration og st\u00f8tte gennem Gradido-cirklerne. Det er her, der skabes sv\u00e6rmintelligens, st\u00f8ttet af det enkelte individs unikke potentiale.<\/p><h4>Bliv en del af eksperimentet!<\/h4><p>V\u00e6r med lige fra starten! Vi starter sammen, l\u00e6rer af hinanden og udforsker, hvordan vores bevidste handlinger forener Gradido og TransSurfing til en levende ny virkelighed.<\/p><h3>Det er s\u00e5dan, du deltager:<\/h3><p>\ud83d\udc49\u00a0<a href=\"https:\/\/gdd.gradido.net\" target=\"_blank\" rel=\"noopener\">Du skal blot logge ind p\u00e5 din Gradido-konto<\/a>\u00a0<\/p><p>F\u00f8lg stien til <strong>\"Gradido-cirkler\"<\/strong>. Du kan finde 78-dages udfordringen direkte der <strong>i \"Velkommen\"-omr\u00e5det<\/strong>.<\/p><h4>Bliv ikke fanget i matrixen l\u00e6ngere!<\/h4><p>G\u00e5 ikke glip af at bryde dine l\u00e6nker trin for trin og finde ud af, hvad der virkelig er muligt! Den st\u00f8rste forandring starter altid hos den enkelte - og bliver til en bev\u00e6gelse, n\u00e5r vi arbejder sammen.<\/p><h3>Vores vision<\/h3><p>Forestil dig, at hundredvis af mennesker opdager deres potentiale p\u00e5 bare et par uger, finder l\u00f8sninger sammen og bringer Gradido - drevet af bevidsthed og gl\u00e6de - ud i verden!<\/p><p>Global velstand, \u00e6gte fred og frihed bliver muligt, n\u00e5r vi virkelig udlever vores kreative menneskelighed!<\/p><p>Dette eksperiment er \u00e5bent, \u00e6rligt og modigt - og ingen ved pr\u00e6cis, hvor det vil f\u00f8re hen. Vi kan kun vinde, hvis vi t\u00f8r g\u00f8re det sammen.<\/p><p>Er du med?  V\u00e6k din kreative kraft - og lad os skrive historie sammen!<\/p><p>Med venlig hilsen<\/p>\t\t\t\t\t\t\t\t<\/div>\n\t\t\t\t<\/div>\n\t\t\t\t<div class=\"elementor-element elementor-element-d74dfa0 elementor-widget elementor-widget-text-editor\" data-id=\"d74dfa0\" data-element_type=\"widget\" data-e-type=\"widget\" data-widget_type=\"text-editor.default\">\n\t\t\t\t<div class=\"elementor-widget-container\">\n\t\t\t\t\t\t\t\t\t<div data-pm-slice=\"1 1 []\" data-en-clipboard=\"true\"><p><span style=\"font-family: -apple-system, BlinkMacSystemFont, 'Segoe UI', Roboto, 'Helvetica Neue', Arial, 'Noto Sans', sans-serif, 'Apple Color Emoji', 'Segoe UI Emoji', 'Segoe UI Symbol', 'Noto Color Emoji';\">Med venlig hilsen<\/span><\/p><\/div><p><img decoding=\"async\" class=\"alignnone wp-image-4614 size-medium\" src=\"https:\/\/gradido.net\/wp-content\/uploads\/2022\/06\/MargretBernd_2022-300x74.png\" alt=\"\" width=\"300\" height=\"74\" srcset=\"https:\/\/gradido.net\/wp-content\/uploads\/2022\/06\/MargretBernd_2022-300x74.png 300w, https:\/\/gradido.net\/wp-content\/uploads\/2022\/06\/MargretBernd_2022-18x4.png 18w, https:\/\/gradido.net\/wp-content\/uploads\/2022\/06\/MargretBernd_2022.png 431w\" sizes=\"(max-width: 300px) 100vw, 300px\" \/><\/p><p>Margret Baier og Bernd H\u00fcckst\u00e4dt<br \/>Gradido grundl\u00e6gger og udvikler<\/p>\t\t\t\t\t\t\t\t<\/div>\n\t\t\t\t<\/div>\n\t\t\t\t\t<\/div>\n\t\t<\/div>\n\t\t\t\t\t<\/div>\n\t\t<\/section>\n\t\t\t\t<section class=\"elementor-section elementor-top-section elementor-element elementor-element-14532fe elementor-section-boxed elementor-section-height-default elementor-section-height-default\" data-id=\"14532fe\" data-element_type=\"section\" data-e-type=\"section\">\n\t\t\t\t\t\t<div class=\"elementor-container elementor-column-gap-default\">\n\t\t\t\t\t<div class=\"elementor-column elementor-col-100 elementor-top-column elementor-element elementor-element-65d2298\" data-id=\"65d2298\" data-element_type=\"column\" data-e-type=\"column\">\n\t\t\t<div class=\"elementor-widget-wrap elementor-element-populated\">\n\t\t\t\t\t\t<div class=\"elementor-element elementor-element-bea124f elementor-widget elementor-widget-global elementor-global-9341 elementor-widget-text-editor\" data-id=\"bea124f\" data-element_type=\"widget\" data-e-type=\"widget\" data-widget_type=\"text-editor.default\">\n\t\t\t\t<div class=\"elementor-widget-container\">\n\t\t\t\t\t\t\t\t\t<p><strong>PS:\u00a0<span style=\"color: #ff6600;\"><a style=\"color: #ff6600;\" href=\"https:\/\/gradido.net\/da\/donations\/\">P\u00e5 grund af Gradidos stadigt voksende betydning gentager vi vores taknemmelighedskampagne den 26. juni 2026:<\/a>\u00a0<\/span><span style=\"color: #0000ff;\"><a style=\"color: #0000ff;\" href=\"https:\/\/gradido.net\/da\/donations\/\">Ud over de mange GradidoTransform for dit sponsorbidrag vil vi \u00f8ge alle GDT-kontosaldi med 26% den 26\/06\/2016. Sponsorer nu, og nyd de mange GDT-bel\u00f8b!<\/a><\/span><\/strong><\/p>\t\t\t\t\t\t\t\t<\/div>\n\t\t\t\t<\/div>\n\t\t\t\t\t<\/div>\n\t\t<\/div>\n\t\t\t\t\t<\/div>\n\t\t<\/section>\n\t\t\t\t<section class=\"elementor-section elementor-top-section elementor-element elementor-element-29dfc07 elementor-section-boxed elementor-section-height-default elementor-section-height-default\" data-id=\"29dfc07\" data-element_type=\"section\" data-e-type=\"section\">\n\t\t\t\t\t\t<div class=\"elementor-container elementor-column-gap-default\">\n\t\t\t\t\t<div class=\"elementor-column elementor-col-100 elementor-top-column elementor-element elementor-element-d37ec5a\" data-id=\"d37ec5a\" data-element_type=\"column\" data-e-type=\"column\">\n\t\t\t<div class=\"elementor-widget-wrap\">\n\t\t\t\t\t\t\t<\/div>\n\t\t<\/div>\n\t\t\t\t\t<\/div>\n\t\t<\/section>\n\t\t\t\t<section class=\"elementor-section elementor-top-section elementor-element elementor-element-b3bbb9b elementor-section-boxed elementor-section-height-default elementor-section-height-default\" data-id=\"b3bbb9b\" data-element_type=\"section\" data-e-type=\"section\">\n\t\t\t\t\t\t<div class=\"elementor-container elementor-column-gap-default\">\n\t\t\t\t\t<div class=\"elementor-column elementor-col-100 elementor-top-column elementor-element elementor-element-a7e88ad\" data-id=\"a7e88ad\" data-element_type=\"column\" data-e-type=\"column\">\n\t\t\t<div class=\"elementor-widget-wrap\">\n\t\t\t\t\t\t\t<\/div>\n\t\t<\/div>\n\t\t\t\t\t<\/div>\n\t\t<\/section>\n\t\t\t\t<\/div>","protected":false},"excerpt":{"rendered":"<p>Forestil dig det: Med de f\u00f8rste solstr\u00e5ler bryder du - ligesom kvinden p\u00e5 vores forsidebillede - de usynlige l\u00e6nker i den gamle matrix og ser frem til eventyret i et nyt liv fuld af udforskende \u00e5nd! Det er udgangspunktet for et eksperiment, der kan \u00e6ndre alt ...<\/p>","protected":false},"author":2,"featured_media":10385,"comment_status":"closed","ping_status":"closed","sticky":false,"template":"","format":"standard","meta":{"footnotes":""},"categories":[11,54],"tags":[],"class_list":["post-10383","post","type-post","status-publish","format-standard","has-post-thumbnail","hentry","category-blog","category-community"],"yoast_head":"<!-- This site is optimized with the Yoast SEO plugin v27.5 - https:\/\/yoast.com\/product\/yoast-seo-wordpress\/ -->\n<title>78 Tage, die alles ver\u00e4ndern k\u00f6nnten - Gradido<\/title>\n<meta name=\"description\" content=\"Stell Dir vor: Mit den ersten Sonnenstrahlen sprengst Du \u2013 wie die Frau auf unserem Titelbild \u2013 die unsichtbaren Ketten der alten Matrix und blickst voller Forschergeist auf das Abenteuer eines neuen Lebens! Es ist der Startpunkt f\u00fcr ein Experiment, das alles ver\u00e4ndern k\u00f6nnte\u2026\" \/>\n<meta name=\"robots\" content=\"index, follow, max-snippet:-1, max-image-preview:large, max-video-preview:-1\" \/>\n<link rel=\"canonical\" href=\"https:\/\/gradido.net\/da\/78-tage-die-alles-veraendern-koennten\/\" \/>\n<meta property=\"og:locale\" content=\"da_DK\" \/>\n<meta property=\"og:type\" content=\"article\" \/>\n<meta property=\"og:title\" content=\"78 Tage, die alles ver\u00e4ndern k\u00f6nnten - Gradido\" \/>\n<meta property=\"og:description\" content=\"Stell Dir vor: Mit den ersten Sonnenstrahlen sprengst Du \u2013 wie die Frau auf unserem Titelbild \u2013 die unsichtbaren Ketten der alten Matrix und blickst voller Forschergeist auf das Abenteuer eines neuen Lebens! Es ist der Startpunkt f\u00fcr ein Experiment, das alles ver\u00e4ndern k\u00f6nnte\u2026\" \/>\n<meta property=\"og:url\" content=\"https:\/\/gradido.net\/da\/78-tage-die-alles-veraendern-koennten\/\" \/>\n<meta property=\"og:site_name\" content=\"Gradido\" \/>\n<meta property=\"article:published_time\" content=\"2025-05-18T06:44:15+00:00\" \/>\n<meta property=\"article:modified_time\" content=\"2026-04-24T05:22:14+00:00\" \/>\n<meta property=\"og:image\" content=\"https:\/\/gradido.net\/wp-content\/uploads\/2025\/05\/Ketten_sprengen.jpg\" \/>\n\t<meta property=\"og:image:width\" content=\"1600\" \/>\n\t<meta property=\"og:image:height\" content=\"900\" \/>\n\t<meta property=\"og:image:type\" content=\"image\/jpeg\" \/>\n<meta name=\"author\" content=\"Bernd H\u00fcckst\u00e4dt\" \/>\n<meta name=\"twitter:card\" content=\"summary_large_image\" \/>\n<meta name=\"twitter:label1\" content=\"Skrevet af\" \/>\n\t<meta name=\"twitter:data1\" content=\"Bernd H\u00fcckst\u00e4dt\" \/>\n\t<meta name=\"twitter:label2\" content=\"Estimeret l\u00e6setid\" \/>\n\t<meta name=\"twitter:data2\" content=\"3 minutter\" \/>\n<script type=\"application\/ld+json\" class=\"yoast-schema-graph\">{\"@context\":\"https:\\\/\\\/schema.org\",\"@graph\":[{\"@type\":\"Article\",\"@id\":\"https:\\\/\\\/gradido.net\\\/78-tage-die-alles-veraendern-koennten\\\/#article\",\"isPartOf\":{\"@id\":\"https:\\\/\\\/gradido.net\\\/78-tage-die-alles-veraendern-koennten\\\/\"},\"author\":{\"name\":\"Bernd H\u00fcckst\u00e4dt\",\"@id\":\"https:\\\/\\\/gradido.net\\\/de\\\/#\\\/schema\\\/person\\\/9c503a004ad15a1ddecadce2218db5d1\"},\"headline\":\"78 Tage, die alles ver\u00e4ndern k\u00f6nnten\",\"datePublished\":\"2025-05-18T06:44:15+00:00\",\"dateModified\":\"2026-04-24T05:22:14+00:00\",\"mainEntityOfPage\":{\"@id\":\"https:\\\/\\\/gradido.net\\\/78-tage-die-alles-veraendern-koennten\\\/\"},\"wordCount\":461,\"publisher\":{\"@id\":\"https:\\\/\\\/gradido.net\\\/de\\\/#organization\"},\"image\":{\"@id\":\"https:\\\/\\\/gradido.net\\\/78-tage-die-alles-veraendern-koennten\\\/#primaryimage\"},\"thumbnailUrl\":\"https:\\\/\\\/gradido.net\\\/wp-content\\\/uploads\\\/2025\\\/05\\\/Ketten_sprengen.jpg\",\"articleSection\":[\"Blog\",\"Community\"],\"inLanguage\":\"da-DK\"},{\"@type\":\"WebPage\",\"@id\":\"https:\\\/\\\/gradido.net\\\/78-tage-die-alles-veraendern-koennten\\\/\",\"url\":\"https:\\\/\\\/gradido.net\\\/78-tage-die-alles-veraendern-koennten\\\/\",\"name\":\"78 Tage, die alles ver\u00e4ndern k\u00f6nnten - Gradido\",\"isPartOf\":{\"@id\":\"https:\\\/\\\/gradido.net\\\/de\\\/#website\"},\"primaryImageOfPage\":{\"@id\":\"https:\\\/\\\/gradido.net\\\/78-tage-die-alles-veraendern-koennten\\\/#primaryimage\"},\"image\":{\"@id\":\"https:\\\/\\\/gradido.net\\\/78-tage-die-alles-veraendern-koennten\\\/#primaryimage\"},\"thumbnailUrl\":\"https:\\\/\\\/gradido.net\\\/wp-content\\\/uploads\\\/2025\\\/05\\\/Ketten_sprengen.jpg\",\"datePublished\":\"2025-05-18T06:44:15+00:00\",\"dateModified\":\"2026-04-24T05:22:14+00:00\",\"description\":\"Stell Dir vor: Mit den ersten Sonnenstrahlen sprengst Du \u2013 wie die Frau auf unserem Titelbild \u2013 die unsichtbaren Ketten der alten Matrix und blickst voller Forschergeist auf das Abenteuer eines neuen Lebens! Es ist der Startpunkt f\u00fcr ein Experiment, das alles ver\u00e4ndern k\u00f6nnte\u2026\",\"breadcrumb\":{\"@id\":\"https:\\\/\\\/gradido.net\\\/78-tage-die-alles-veraendern-koennten\\\/#breadcrumb\"},\"inLanguage\":\"da-DK\",\"potentialAction\":[{\"@type\":\"ReadAction\",\"target\":[\"https:\\\/\\\/gradido.net\\\/78-tage-die-alles-veraendern-koennten\\\/\"]}]},{\"@type\":\"ImageObject\",\"inLanguage\":\"da-DK\",\"@id\":\"https:\\\/\\\/gradido.net\\\/78-tage-die-alles-veraendern-koennten\\\/#primaryimage\",\"url\":\"https:\\\/\\\/gradido.net\\\/wp-content\\\/uploads\\\/2025\\\/05\\\/Ketten_sprengen.jpg\",\"contentUrl\":\"https:\\\/\\\/gradido.net\\\/wp-content\\\/uploads\\\/2025\\\/05\\\/Ketten_sprengen.jpg\",\"width\":1600,\"height\":900},{\"@type\":\"BreadcrumbList\",\"@id\":\"https:\\\/\\\/gradido.net\\\/78-tage-die-alles-veraendern-koennten\\\/#breadcrumb\",\"itemListElement\":[{\"@type\":\"ListItem\",\"position\":1,\"name\":\"Startseite\",\"item\":\"https:\\\/\\\/gradido.net\\\/\"},{\"@type\":\"ListItem\",\"position\":2,\"name\":\"78 Tage, die alles ver\u00e4ndern k\u00f6nnten\"}]},{\"@type\":\"WebSite\",\"@id\":\"https:\\\/\\\/gradido.net\\\/de\\\/#website\",\"url\":\"https:\\\/\\\/gradido.net\\\/de\\\/\",\"name\":\"Gradido\",\"description\":\"Die neue W\u00e4hrung hei\u00dft Dankbarkeit\",\"publisher\":{\"@id\":\"https:\\\/\\\/gradido.net\\\/de\\\/#organization\"},\"potentialAction\":[{\"@type\":\"SearchAction\",\"target\":{\"@type\":\"EntryPoint\",\"urlTemplate\":\"https:\\\/\\\/gradido.net\\\/de\\\/?s={search_term_string}\"},\"query-input\":{\"@type\":\"PropertyValueSpecification\",\"valueRequired\":true,\"valueName\":\"search_term_string\"}}],\"inLanguage\":\"da-DK\"},{\"@type\":\"Organization\",\"@id\":\"https:\\\/\\\/gradido.net\\\/de\\\/#organization\",\"name\":\"Gradido\",\"url\":\"https:\\\/\\\/gradido.net\\\/de\\\/\",\"logo\":{\"@type\":\"ImageObject\",\"inLanguage\":\"da-DK\",\"@id\":\"https:\\\/\\\/gradido.net\\\/de\\\/#\\\/schema\\\/logo\\\/image\\\/\",\"url\":\"https:\\\/\\\/gradido.net\\\/wp-content\\\/uploads\\\/2022\\\/04\\\/gradido-social.jpg\",\"contentUrl\":\"https:\\\/\\\/gradido.net\\\/wp-content\\\/uploads\\\/2022\\\/04\\\/gradido-social.jpg\",\"width\":527,\"height\":273,\"caption\":\"Gradido\"},\"image\":{\"@id\":\"https:\\\/\\\/gradido.net\\\/de\\\/#\\\/schema\\\/logo\\\/image\\\/\"}},{\"@type\":\"Person\",\"@id\":\"https:\\\/\\\/gradido.net\\\/de\\\/#\\\/schema\\\/person\\\/9c503a004ad15a1ddecadce2218db5d1\",\"name\":\"Bernd H\u00fcckst\u00e4dt\",\"sameAs\":[\"https:\\\/\\\/gradido.net\"],\"url\":\"https:\\\/\\\/gradido.net\\\/da\\\/author\\\/bernd\\\/\"}]}<\/script>\n<!-- \/ Yoast SEO plugin. -->","yoast_head_json":{"title":"78 dage, der kan \u00e6ndre alt - Gradido","description":"Forestil dig det: Med de f\u00f8rste solstr\u00e5ler bryder du - ligesom kvinden p\u00e5 vores forsidebillede - de usynlige l\u00e6nker i den gamle matrix og ser frem til eventyret i et nyt liv fuld af udforskende \u00e5nd! Det er udgangspunktet for et eksperiment, der kan \u00e6ndre alt ...","robots":{"index":"index","follow":"follow","max-snippet":"max-snippet:-1","max-image-preview":"max-image-preview:large","max-video-preview":"max-video-preview:-1"},"canonical":"https:\/\/gradido.net\/da\/78-tage-die-alles-veraendern-koennten\/","og_locale":"da_DK","og_type":"article","og_title":"78 Tage, die alles ver\u00e4ndern k\u00f6nnten - Gradido","og_description":"Stell Dir vor: Mit den ersten Sonnenstrahlen sprengst Du \u2013 wie die Frau auf unserem Titelbild \u2013 die unsichtbaren Ketten der alten Matrix und blickst voller Forschergeist auf das Abenteuer eines neuen Lebens! Es ist der Startpunkt f\u00fcr ein Experiment, das alles ver\u00e4ndern k\u00f6nnte\u2026","og_url":"https:\/\/gradido.net\/da\/78-tage-die-alles-veraendern-koennten\/","og_site_name":"Gradido","article_published_time":"2025-05-18T06:44:15+00:00","article_modified_time":"2026-04-24T05:22:14+00:00","og_image":[{"width":1600,"height":900,"url":"https:\/\/gradido.net\/wp-content\/uploads\/2025\/05\/Ketten_sprengen.jpg","type":"image\/jpeg"}],"author":"Bernd H\u00fcckst\u00e4dt","twitter_card":"summary_large_image","twitter_misc":{"Skrevet af":"Bernd H\u00fcckst\u00e4dt","Estimeret l\u00e6setid":"3 minutter"},"schema":{"@context":"https:\/\/schema.org","@graph":[{"@type":"Article","@id":"https:\/\/gradido.net\/78-tage-die-alles-veraendern-koennten\/#article","isPartOf":{"@id":"https:\/\/gradido.net\/78-tage-die-alles-veraendern-koennten\/"},"author":{"name":"Bernd H\u00fcckst\u00e4dt","@id":"https:\/\/gradido.net\/de\/#\/schema\/person\/9c503a004ad15a1ddecadce2218db5d1"},"headline":"78 Tage, die alles ver\u00e4ndern k\u00f6nnten","datePublished":"2025-05-18T06:44:15+00:00","dateModified":"2026-04-24T05:22:14+00:00","mainEntityOfPage":{"@id":"https:\/\/gradido.net\/78-tage-die-alles-veraendern-koennten\/"},"wordCount":461,"publisher":{"@id":"https:\/\/gradido.net\/de\/#organization"},"image":{"@id":"https:\/\/gradido.net\/78-tage-die-alles-veraendern-koennten\/#primaryimage"},"thumbnailUrl":"https:\/\/gradido.net\/wp-content\/uploads\/2025\/05\/Ketten_sprengen.jpg","articleSection":["Blog","Community"],"inLanguage":"da-DK"},{"@type":"WebPage","@id":"https:\/\/gradido.net\/78-tage-die-alles-veraendern-koennten\/","url":"https:\/\/gradido.net\/78-tage-die-alles-veraendern-koennten\/","name":"78 dage, der kan \u00e6ndre alt - Gradido","isPartOf":{"@id":"https:\/\/gradido.net\/de\/#website"},"primaryImageOfPage":{"@id":"https:\/\/gradido.net\/78-tage-die-alles-veraendern-koennten\/#primaryimage"},"image":{"@id":"https:\/\/gradido.net\/78-tage-die-alles-veraendern-koennten\/#primaryimage"},"thumbnailUrl":"https:\/\/gradido.net\/wp-content\/uploads\/2025\/05\/Ketten_sprengen.jpg","datePublished":"2025-05-18T06:44:15+00:00","dateModified":"2026-04-24T05:22:14+00:00","description":"Forestil dig det: Med de f\u00f8rste solstr\u00e5ler bryder du - ligesom kvinden p\u00e5 vores forsidebillede - de usynlige l\u00e6nker i den gamle matrix og ser frem til eventyret i et nyt liv fuld af udforskende \u00e5nd! Det er udgangspunktet for et eksperiment, der kan \u00e6ndre alt ...","breadcrumb":{"@id":"https:\/\/gradido.net\/78-tage-die-alles-veraendern-koennten\/#breadcrumb"},"inLanguage":"da-DK","potentialAction":[{"@type":"ReadAction","target":["https:\/\/gradido.net\/78-tage-die-alles-veraendern-koennten\/"]}]},{"@type":"ImageObject","inLanguage":"da-DK","@id":"https:\/\/gradido.net\/78-tage-die-alles-veraendern-koennten\/#primaryimage","url":"https:\/\/gradido.net\/wp-content\/uploads\/2025\/05\/Ketten_sprengen.jpg","contentUrl":"https:\/\/gradido.net\/wp-content\/uploads\/2025\/05\/Ketten_sprengen.jpg","width":1600,"height":900},{"@type":"BreadcrumbList","@id":"https:\/\/gradido.net\/78-tage-die-alles-veraendern-koennten\/#breadcrumb","itemListElement":[{"@type":"ListItem","position":1,"name":"Startseite","item":"https:\/\/gradido.net\/"},{"@type":"ListItem","position":2,"name":"78 Tage, die alles ver\u00e4ndern k\u00f6nnten"}]},{"@type":"WebSite","@id":"https:\/\/gradido.net\/de\/#website","url":"https:\/\/gradido.net\/de\/","name":"Gradido","description":"Den nye valuta er taknemmelighed","publisher":{"@id":"https:\/\/gradido.net\/de\/#organization"},"potentialAction":[{"@type":"SearchAction","target":{"@type":"EntryPoint","urlTemplate":"https:\/\/gradido.net\/de\/?s={search_term_string}"},"query-input":{"@type":"PropertyValueSpecification","valueRequired":true,"valueName":"search_term_string"}}],"inLanguage":"da-DK"},{"@type":"Organization","@id":"https:\/\/gradido.net\/de\/#organization","name":"Gradido","url":"https:\/\/gradido.net\/de\/","logo":{"@type":"ImageObject","inLanguage":"da-DK","@id":"https:\/\/gradido.net\/de\/#\/schema\/logo\/image\/","url":"https:\/\/gradido.net\/wp-content\/uploads\/2022\/04\/gradido-social.jpg","contentUrl":"https:\/\/gradido.net\/wp-content\/uploads\/2022\/04\/gradido-social.jpg","width":527,"height":273,"caption":"Gradido"},"image":{"@id":"https:\/\/gradido.net\/de\/#\/schema\/logo\/image\/"}},{"@type":"Person","@id":"https:\/\/gradido.net\/de\/#\/schema\/person\/9c503a004ad15a1ddecadce2218db5d1","name":"Bernd H\u00fcckst\u00e4dt","sameAs":["https:\/\/gradido.net"],"url":"https:\/\/gradido.net\/da\/author\/bernd\/"}]}},"_links":{"self":[{"href":"https:\/\/gradido.net\/da\/wp-json\/wp\/v2\/posts\/10383","targetHints":{"allow":["GET"]}}],"collection":[{"href":"https:\/\/gradido.net\/da\/wp-json\/wp\/v2\/posts"}],"about":[{"href":"https:\/\/gradido.net\/da\/wp-json\/wp\/v2\/types\/post"}],"author":[{"embeddable":true,"href":"https:\/\/gradido.net\/da\/wp-json\/wp\/v2\/users\/2"}],"replies":[{"embeddable":true,"href":"https:\/\/gradido.net\/da\/wp-json\/wp\/v2\/comments?post=10383"}],"version-history":[{"count":34,"href":"https:\/\/gradido.net\/da\/wp-json\/wp\/v2\/posts\/10383\/revisions"}],"predecessor-version":[{"id":13575,"href":"https:\/\/gradido.net\/da\/wp-json\/wp\/v2\/posts\/10383\/revisions\/13575"}],"wp:featuredmedia":[{"embeddable":true,"href":"https:\/\/gradido.net\/da\/wp-json\/wp\/v2\/media\/10385"}],"wp:attachment":[{"href":"https:\/\/gradido.net\/da\/wp-json\/wp\/v2\/media?parent=10383"}],"wp:term":[{"taxonomy":"category","embeddable":true,"href":"https:\/\/gradido.net\/da\/wp-json\/wp\/v2\/categories?post=10383"},{"taxonomy":"post_tag","embeddable":true,"href":"https:\/\/gradido.net\/da\/wp-json\/wp\/v2\/tags?post=10383"}],"curies":[{"name":"wp","href":"https:\/\/api.w.org\/{rel}","templated":true}]}}