{"id":11642,"date":"2025-09-27T10:48:28","date_gmt":"2025-09-27T08:48:28","guid":{"rendered":"https:\/\/gradido.net\/?p=11642"},"modified":"2026-04-24T07:18:19","modified_gmt":"2026-04-24T05:18:19","slug":"mutmacher-jean-pierre","status":"publish","type":"post","link":"https:\/\/gradido.net\/da\/mutmacher-jean-pierre\/","title":{"rendered":"N\u00f8glestenen i konstruktionen af en bro"},"content":{"rendered":"<div data-elementor-type=\"wp-post\" data-elementor-id=\"11642\" class=\"elementor elementor-11642\" data-elementor-post-type=\"post\">\n\t\t\t\t\t\t<section class=\"elementor-section elementor-top-section elementor-element elementor-element-496e1d53 elementor-section-boxed elementor-section-height-default elementor-section-height-default\" data-id=\"496e1d53\" data-element_type=\"section\" data-e-type=\"section\">\n\t\t\t\t\t\t<div class=\"elementor-container elementor-column-gap-default\">\n\t\t\t\t\t<div class=\"elementor-column elementor-col-100 elementor-top-column elementor-element elementor-element-461d7be0\" data-id=\"461d7be0\" data-element_type=\"column\" data-e-type=\"column\">\n\t\t\t<div class=\"elementor-widget-wrap elementor-element-populated\">\n\t\t\t\t\t\t<div class=\"elementor-element elementor-element-cd9ebe2 elementor-widget elementor-widget-text-editor\" data-id=\"cd9ebe2\" data-element_type=\"widget\" data-e-type=\"widget\" data-widget_type=\"text-editor.default\">\n\t\t\t\t<div class=\"elementor-widget-container\">\n\t\t\t\t\t\t\t\t\t<p style=\"text-align: right;\"><em>\"Gradido er n\u00f8glestenen, den \u00f8verste sten, der holder stenbuen sammen og fordeler kr\u00e6fterne.\"<\/em> <br \/><em>-\u00a0<\/em><i> Jean-Pierre Rickli<\/i><\/p><div><p>K\u00e6re l\u00e6ser,<\/p><p>I l\u00f8bet af mine mange \u00e5r med forskellige aktiviteter - som ingeni\u00f8r, supervisor, terapeut, geomancer, underviser og ikke mindst som far - har jeg indset, at de fleste systemer i vores samfund har en iboende logik. Som geomancer, underviser og ikke mindst som far - har jeg indset, at de fleste systemer i vores samfund har en iboende logik, der f\u00f8rer til u\u00f8nskede udviklinger.<\/p><p>P\u00e5 grund af den forkerte udvikling mistede vi vores sande m\u00e5l af syne og fulgte sekund\u00e6re m\u00e5l, som f\u00f8rte os p\u00e5 afveje.<\/p><h3>For enden af blindgyden<\/h3><p>Disse vildledende sekund\u00e6re m\u00e5l har givet anledning til organisationer og strukturer, som vi i dag tager for givet. Ikke desto mindre indser vi i dag i stigende grad, at vi er n\u00e5et til enden af en blindgyde.<\/p><p>Gang p\u00e5 gang blev l\u00f8sninger, der var i overensstemmelse med sund fornuft eller naturlove, afvist. Begrundelsen var, at de ville v\u00e6re i modstrid med \"pengenes logik\". Meget ofte blev denne \"pengelogik\" pr\u00e6senteret som en naturlov - en overraskelse for en person med en videnskabelig baggrund.<\/p><h3>Det monet\u00e6re system - en menneskelig konstruktion<\/h3><p>Jeg er selvf\u00f8lgelig klar over, at penge spiller en vigtig rolle som energilager. Takket v\u00e6re dem kan forbruget afkobles fra produktionen. Problemet er derfor ikke penge i sig selv, men det monet\u00e6re system, som p\u00e5 ingen m\u00e5de er naturligt, men en menneskelig konstruktion.<\/p><p>Det var mine tanker, da jeg lyttede til en pr\u00e6sentation af Bernd om et nyt finansielt system kaldet Gradido i Egerkingen, Schweiz, i efter\u00e5ret 2016.<\/p><h3>Gradido, grundstenen, der holder alt sammen<\/h3><p><strong>Jeg inds\u00e5 med det samme: Det er det rigtige! Gradido er n\u00f8glestenen, den \u00f8verste sten, der holder stenbuen sammen og fordeler kr\u00e6fterne.<\/strong><\/p><p>Det blev ogs\u00e5 klart for mig, hvor jeg ville fokusere mine aktiviteter i fremtiden:<\/p><ol><li>At hj\u00e6lpe med at bygge stenbuerne p\u00e5 mine omr\u00e5der inden for energi, uddannelse, sundhed og ern\u00e6ring.\u00a0<\/li><li>At st\u00f8tte opf\u00f8relsen af Gradido - grundstenen.<\/li><\/ol><p>.<\/p><p>Enhver st\u00f8tte og hj\u00e6lp vil hj\u00e6lpe os med at n\u00e5 dette m\u00e5l.<\/p><p>I taknemmelighed for denne gener\u00f8se gave til menneskeheden!<\/p><p>Med venlig hilsen<\/p><p>Jean-Pierre<\/p><\/div>\t\t\t\t\t\t\t\t<\/div>\n\t\t\t\t<\/div>\n\t\t\t\t<div class=\"elementor-element elementor-element-db3fa8e elementor-widget-divider--view-line elementor-widget elementor-widget-divider\" data-id=\"db3fa8e\" data-element_type=\"widget\" data-e-type=\"widget\" data-widget_type=\"divider.default\">\n\t\t\t\t<div class=\"elementor-widget-container\">\n\t\t\t\t\t\t\t<div class=\"elementor-divider\">\n\t\t\t<span class=\"elementor-divider-separator\">\n\t\t\t\t\t\t<\/span>\n\t\t<\/div>\n\t\t\t\t\t\t<\/div>\n\t\t\t\t<\/div>\n\t\t\t\t<div class=\"elementor-element elementor-element-d74dfa0 elementor-widget elementor-widget-text-editor\" data-id=\"d74dfa0\" data-element_type=\"widget\" data-e-type=\"widget\" data-widget_type=\"text-editor.default\">\n\t\t\t\t<div class=\"elementor-widget-container\">\n\t\t\t\t\t\t\t\t\t<div data-pm-slice=\"1 1 []\" data-en-clipboard=\"true\"><h4>Kom og v\u00e6r med - vi gl\u00e6der os til at h\u00f8re din bev\u00e6gende historie!<\/h4><p><strong>Send din mail til: <a href=\"mailto:support@gradido.net\">support@gradido.net<\/a><\/strong><\/p><p>Sammen vokser vi ud over os selv!<\/p><p>Med dyb taknemmelighed og solidaritet<\/p><p><span style=\"font-family: -apple-system, BlinkMacSystemFont, 'Segoe UI', Roboto, 'Helvetica Neue', Arial, 'Noto Sans', sans-serif, 'Apple Color Emoji', 'Segoe UI Emoji', 'Segoe UI Symbol', 'Noto Color Emoji';\">Med venlig hilsen<\/span><\/p><\/div><p><img decoding=\"async\" class=\"alignnone wp-image-4614 size-medium\" src=\"https:\/\/gradido.net\/wp-content\/uploads\/2022\/06\/MargretBernd_2022-300x74.png\" alt=\"\" width=\"300\" height=\"74\" srcset=\"https:\/\/gradido.net\/wp-content\/uploads\/2022\/06\/MargretBernd_2022-300x74.png 300w, https:\/\/gradido.net\/wp-content\/uploads\/2022\/06\/MargretBernd_2022-18x4.png 18w, https:\/\/gradido.net\/wp-content\/uploads\/2022\/06\/MargretBernd_2022.png 431w\" sizes=\"(max-width: 300px) 100vw, 300px\" \/><\/p><p>Margret Baier og Bernd H\u00fcckst\u00e4dt<br \/>Gradido grundl\u00e6gger og udvikler<\/p>\t\t\t\t\t\t\t\t<\/div>\n\t\t\t\t<\/div>\n\t\t\t\t\t<\/div>\n\t\t<\/div>\n\t\t\t\t\t<\/div>\n\t\t<\/section>\n\t\t\t\t<section class=\"elementor-section elementor-top-section elementor-element elementor-element-14532fe elementor-section-boxed elementor-section-height-default elementor-section-height-default\" data-id=\"14532fe\" data-element_type=\"section\" data-e-type=\"section\">\n\t\t\t\t\t\t<div class=\"elementor-container elementor-column-gap-default\">\n\t\t\t\t\t<div class=\"elementor-column elementor-col-100 elementor-top-column elementor-element elementor-element-65d2298\" data-id=\"65d2298\" data-element_type=\"column\" data-e-type=\"column\">\n\t\t\t<div class=\"elementor-widget-wrap elementor-element-populated\">\n\t\t\t\t\t\t<div class=\"elementor-element elementor-element-bea124f elementor-widget elementor-widget-global elementor-global-9341 elementor-widget-text-editor\" data-id=\"bea124f\" data-element_type=\"widget\" data-e-type=\"widget\" data-widget_type=\"text-editor.default\">\n\t\t\t\t<div class=\"elementor-widget-container\">\n\t\t\t\t\t\t\t\t\t<p><strong>PS:\u00a0<span style=\"color: #ff6600;\"><a style=\"color: #ff6600;\" href=\"https:\/\/gradido.net\/da\/donations\/\">P\u00e5 grund af Gradidos stadigt voksende betydning gentager vi vores taknemmelighedskampagne den 26. juni 2026:<\/a>\u00a0<\/span><span style=\"color: #0000ff;\"><a style=\"color: #0000ff;\" href=\"https:\/\/gradido.net\/da\/donations\/\">Ud over de mange GradidoTransform for dit sponsorbidrag vil vi \u00f8ge alle GDT-kontosaldi med 26% den 26\/06\/2016. Sponsorer nu, og nyd de mange GDT-bel\u00f8b!<\/a><\/span><\/strong><\/p>\t\t\t\t\t\t\t\t<\/div>\n\t\t\t\t<\/div>\n\t\t\t\t\t<\/div>\n\t\t<\/div>\n\t\t\t\t\t<\/div>\n\t\t<\/section>\n\t\t\t\t<section class=\"elementor-section elementor-top-section elementor-element elementor-element-29dfc07 elementor-section-boxed elementor-section-height-default elementor-section-height-default\" data-id=\"29dfc07\" data-element_type=\"section\" data-e-type=\"section\">\n\t\t\t\t\t\t<div class=\"elementor-container elementor-column-gap-default\">\n\t\t\t\t\t<div class=\"elementor-column elementor-col-100 elementor-top-column elementor-element elementor-element-d37ec5a\" data-id=\"d37ec5a\" data-element_type=\"column\" data-e-type=\"column\">\n\t\t\t<div class=\"elementor-widget-wrap\">\n\t\t\t\t\t\t\t<\/div>\n\t\t<\/div>\n\t\t\t\t\t<\/div>\n\t\t<\/section>\n\t\t\t\t<section class=\"elementor-section elementor-top-section elementor-element elementor-element-b3bbb9b elementor-section-boxed elementor-section-height-default elementor-section-height-default\" data-id=\"b3bbb9b\" data-element_type=\"section\" data-e-type=\"section\">\n\t\t\t\t\t\t<div class=\"elementor-container elementor-column-gap-default\">\n\t\t\t\t\t<div class=\"elementor-column elementor-col-100 elementor-top-column elementor-element elementor-element-a7e88ad\" data-id=\"a7e88ad\" data-element_type=\"column\" data-e-type=\"column\">\n\t\t\t<div class=\"elementor-widget-wrap\">\n\t\t\t\t\t\t\t<\/div>\n\t\t<\/div>\n\t\t\t\t\t<\/div>\n\t\t<\/section>\n\t\t\t\t<\/div>","protected":false},"excerpt":{"rendered":"<p>I l\u00f8bet af mine mange \u00e5r med forskellige aktiviteter har jeg indset, at de fleste systemer i vores samfund har en iboende logik, der f\u00f8rer til u\u00f8nskede udviklinger. Som et resultat af denne u\u00f8nskede udvikling har vi mistet vores sande m\u00e5l af syne og ....<\/p>","protected":false},"author":2,"featured_media":11643,"comment_status":"closed","ping_status":"closed","sticky":false,"template":"","format":"standard","meta":{"footnotes":""},"categories":[11,54],"tags":[],"class_list":["post-11642","post","type-post","status-publish","format-standard","has-post-thumbnail","hentry","category-blog","category-community"],"yoast_head":"<!-- This site is optimized with the Yoast SEO plugin v27.5 - https:\/\/yoast.com\/product\/yoast-seo-wordpress\/ -->\n<title>Der Schlussstein beim Bau einer Br\u00fccke - Gradido<\/title>\n<meta name=\"description\" content=\"In den vielen Jahren meiner unterschiedlichsten Aktivit\u00e4ten konnte ich feststellen, dass den meisten Systemen unserer Gesellschaft eine Logik innewohnt, die zu Fehlentwicklungen f\u00fchrt. Durch die Fehlentwicklungen haben wir unsere wahren Ziele aus den Augen verloren und sind Nebenzielen gefolgt, die uns in die Irre f\u00fchrten.\" \/>\n<meta name=\"robots\" content=\"index, follow, max-snippet:-1, max-image-preview:large, max-video-preview:-1\" \/>\n<link rel=\"canonical\" href=\"https:\/\/gradido.net\/da\/mutmacher-jean-pierre\/\" \/>\n<meta property=\"og:locale\" content=\"da_DK\" \/>\n<meta property=\"og:type\" content=\"article\" \/>\n<meta property=\"og:title\" content=\"Der Schlussstein beim Bau einer Br\u00fccke - Gradido\" \/>\n<meta property=\"og:description\" content=\"In den vielen Jahren meiner unterschiedlichsten Aktivit\u00e4ten konnte ich feststellen, dass den meisten Systemen unserer Gesellschaft eine Logik innewohnt, die zu Fehlentwicklungen f\u00fchrt. Durch die Fehlentwicklungen haben wir unsere wahren Ziele aus den Augen verloren und sind Nebenzielen gefolgt, die uns in die Irre f\u00fchrten.\" \/>\n<meta property=\"og:url\" content=\"https:\/\/gradido.net\/da\/mutmacher-jean-pierre\/\" \/>\n<meta property=\"og:site_name\" content=\"Gradido\" \/>\n<meta property=\"article:published_time\" content=\"2025-09-27T08:48:28+00:00\" \/>\n<meta property=\"article:modified_time\" content=\"2026-04-24T05:18:19+00:00\" \/>\n<meta property=\"og:image\" content=\"https:\/\/gradido.net\/wp-content\/uploads\/2025\/09\/Jean-Pierre.jpg\" \/>\n\t<meta property=\"og:image:width\" content=\"1280\" \/>\n\t<meta property=\"og:image:height\" content=\"720\" \/>\n\t<meta property=\"og:image:type\" content=\"image\/jpeg\" \/>\n<meta name=\"author\" content=\"Bernd H\u00fcckst\u00e4dt\" \/>\n<meta name=\"twitter:card\" content=\"summary_large_image\" \/>\n<meta name=\"twitter:label1\" content=\"Skrevet af\" \/>\n\t<meta name=\"twitter:data1\" content=\"Bernd H\u00fcckst\u00e4dt\" \/>\n\t<meta name=\"twitter:label2\" content=\"Estimeret l\u00e6setid\" \/>\n\t<meta name=\"twitter:data2\" content=\"3 minutter\" \/>\n<script type=\"application\/ld+json\" class=\"yoast-schema-graph\">{\"@context\":\"https:\\\/\\\/schema.org\",\"@graph\":[{\"@type\":\"Article\",\"@id\":\"https:\\\/\\\/gradido.net\\\/mutmacher-jean-pierre\\\/#article\",\"isPartOf\":{\"@id\":\"https:\\\/\\\/gradido.net\\\/mutmacher-jean-pierre\\\/\"},\"author\":{\"name\":\"Bernd H\u00fcckst\u00e4dt\",\"@id\":\"https:\\\/\\\/gradido.net\\\/de\\\/#\\\/schema\\\/person\\\/9c503a004ad15a1ddecadce2218db5d1\"},\"headline\":\"Der Schlussstein beim Bau einer Br\u00fccke\",\"datePublished\":\"2025-09-27T08:48:28+00:00\",\"dateModified\":\"2026-04-24T05:18:19+00:00\",\"mainEntityOfPage\":{\"@id\":\"https:\\\/\\\/gradido.net\\\/mutmacher-jean-pierre\\\/\"},\"wordCount\":434,\"publisher\":{\"@id\":\"https:\\\/\\\/gradido.net\\\/de\\\/#organization\"},\"image\":{\"@id\":\"https:\\\/\\\/gradido.net\\\/mutmacher-jean-pierre\\\/#primaryimage\"},\"thumbnailUrl\":\"https:\\\/\\\/gradido.net\\\/wp-content\\\/uploads\\\/2025\\\/09\\\/Jean-Pierre.jpg\",\"articleSection\":[\"Blog\",\"Community\"],\"inLanguage\":\"da-DK\"},{\"@type\":\"WebPage\",\"@id\":\"https:\\\/\\\/gradido.net\\\/mutmacher-jean-pierre\\\/\",\"url\":\"https:\\\/\\\/gradido.net\\\/mutmacher-jean-pierre\\\/\",\"name\":\"Der Schlussstein beim Bau einer Br\u00fccke - Gradido\",\"isPartOf\":{\"@id\":\"https:\\\/\\\/gradido.net\\\/de\\\/#website\"},\"primaryImageOfPage\":{\"@id\":\"https:\\\/\\\/gradido.net\\\/mutmacher-jean-pierre\\\/#primaryimage\"},\"image\":{\"@id\":\"https:\\\/\\\/gradido.net\\\/mutmacher-jean-pierre\\\/#primaryimage\"},\"thumbnailUrl\":\"https:\\\/\\\/gradido.net\\\/wp-content\\\/uploads\\\/2025\\\/09\\\/Jean-Pierre.jpg\",\"datePublished\":\"2025-09-27T08:48:28+00:00\",\"dateModified\":\"2026-04-24T05:18:19+00:00\",\"description\":\"In den vielen Jahren meiner unterschiedlichsten Aktivit\u00e4ten konnte ich feststellen, dass den meisten Systemen unserer Gesellschaft eine Logik innewohnt, die zu Fehlentwicklungen f\u00fchrt. Durch die Fehlentwicklungen haben wir unsere wahren Ziele aus den Augen verloren und sind Nebenzielen gefolgt, die uns in die Irre f\u00fchrten.\",\"breadcrumb\":{\"@id\":\"https:\\\/\\\/gradido.net\\\/mutmacher-jean-pierre\\\/#breadcrumb\"},\"inLanguage\":\"da-DK\",\"potentialAction\":[{\"@type\":\"ReadAction\",\"target\":[\"https:\\\/\\\/gradido.net\\\/mutmacher-jean-pierre\\\/\"]}]},{\"@type\":\"ImageObject\",\"inLanguage\":\"da-DK\",\"@id\":\"https:\\\/\\\/gradido.net\\\/mutmacher-jean-pierre\\\/#primaryimage\",\"url\":\"https:\\\/\\\/gradido.net\\\/wp-content\\\/uploads\\\/2025\\\/09\\\/Jean-Pierre.jpg\",\"contentUrl\":\"https:\\\/\\\/gradido.net\\\/wp-content\\\/uploads\\\/2025\\\/09\\\/Jean-Pierre.jpg\",\"width\":1280,\"height\":720},{\"@type\":\"BreadcrumbList\",\"@id\":\"https:\\\/\\\/gradido.net\\\/mutmacher-jean-pierre\\\/#breadcrumb\",\"itemListElement\":[{\"@type\":\"ListItem\",\"position\":1,\"name\":\"Startseite\",\"item\":\"https:\\\/\\\/gradido.net\\\/\"},{\"@type\":\"ListItem\",\"position\":2,\"name\":\"Der Schlussstein beim Bau einer Br\u00fccke\"}]},{\"@type\":\"WebSite\",\"@id\":\"https:\\\/\\\/gradido.net\\\/de\\\/#website\",\"url\":\"https:\\\/\\\/gradido.net\\\/de\\\/\",\"name\":\"Gradido\",\"description\":\"Die neue W\u00e4hrung hei\u00dft Dankbarkeit\",\"publisher\":{\"@id\":\"https:\\\/\\\/gradido.net\\\/de\\\/#organization\"},\"potentialAction\":[{\"@type\":\"SearchAction\",\"target\":{\"@type\":\"EntryPoint\",\"urlTemplate\":\"https:\\\/\\\/gradido.net\\\/de\\\/?s={search_term_string}\"},\"query-input\":{\"@type\":\"PropertyValueSpecification\",\"valueRequired\":true,\"valueName\":\"search_term_string\"}}],\"inLanguage\":\"da-DK\"},{\"@type\":\"Organization\",\"@id\":\"https:\\\/\\\/gradido.net\\\/de\\\/#organization\",\"name\":\"Gradido\",\"url\":\"https:\\\/\\\/gradido.net\\\/de\\\/\",\"logo\":{\"@type\":\"ImageObject\",\"inLanguage\":\"da-DK\",\"@id\":\"https:\\\/\\\/gradido.net\\\/de\\\/#\\\/schema\\\/logo\\\/image\\\/\",\"url\":\"https:\\\/\\\/gradido.net\\\/wp-content\\\/uploads\\\/2022\\\/04\\\/gradido-social.jpg\",\"contentUrl\":\"https:\\\/\\\/gradido.net\\\/wp-content\\\/uploads\\\/2022\\\/04\\\/gradido-social.jpg\",\"width\":527,\"height\":273,\"caption\":\"Gradido\"},\"image\":{\"@id\":\"https:\\\/\\\/gradido.net\\\/de\\\/#\\\/schema\\\/logo\\\/image\\\/\"}},{\"@type\":\"Person\",\"@id\":\"https:\\\/\\\/gradido.net\\\/de\\\/#\\\/schema\\\/person\\\/9c503a004ad15a1ddecadce2218db5d1\",\"name\":\"Bernd H\u00fcckst\u00e4dt\",\"sameAs\":[\"https:\\\/\\\/gradido.net\"],\"url\":\"https:\\\/\\\/gradido.net\\\/da\\\/author\\\/bernd\\\/\"}]}<\/script>\n<!-- \/ Yoast SEO plugin. -->","yoast_head_json":{"title":"N\u00f8glestenen i konstruktionen af en bro - Gradido","description":"I l\u00f8bet af mine mange \u00e5r med forskellige aktiviteter har jeg indset, at de fleste systemer i vores samfund har en iboende logik, som f\u00f8rer til u\u00f8nskede udviklinger. Som et resultat af denne misforst\u00e5ede udvikling har vi mistet vores sande m\u00e5l af syne og har fulgt sekund\u00e6re m\u00e5l, som har f\u00f8rt os p\u00e5 afveje.","robots":{"index":"index","follow":"follow","max-snippet":"max-snippet:-1","max-image-preview":"max-image-preview:large","max-video-preview":"max-video-preview:-1"},"canonical":"https:\/\/gradido.net\/da\/mutmacher-jean-pierre\/","og_locale":"da_DK","og_type":"article","og_title":"Der Schlussstein beim Bau einer Br\u00fccke - Gradido","og_description":"In den vielen Jahren meiner unterschiedlichsten Aktivit\u00e4ten konnte ich feststellen, dass den meisten Systemen unserer Gesellschaft eine Logik innewohnt, die zu Fehlentwicklungen f\u00fchrt. Durch die Fehlentwicklungen haben wir unsere wahren Ziele aus den Augen verloren und sind Nebenzielen gefolgt, die uns in die Irre f\u00fchrten.","og_url":"https:\/\/gradido.net\/da\/mutmacher-jean-pierre\/","og_site_name":"Gradido","article_published_time":"2025-09-27T08:48:28+00:00","article_modified_time":"2026-04-24T05:18:19+00:00","og_image":[{"width":1280,"height":720,"url":"https:\/\/gradido.net\/wp-content\/uploads\/2025\/09\/Jean-Pierre.jpg","type":"image\/jpeg"}],"author":"Bernd H\u00fcckst\u00e4dt","twitter_card":"summary_large_image","twitter_misc":{"Skrevet af":"Bernd H\u00fcckst\u00e4dt","Estimeret l\u00e6setid":"3 minutter"},"schema":{"@context":"https:\/\/schema.org","@graph":[{"@type":"Article","@id":"https:\/\/gradido.net\/mutmacher-jean-pierre\/#article","isPartOf":{"@id":"https:\/\/gradido.net\/mutmacher-jean-pierre\/"},"author":{"name":"Bernd H\u00fcckst\u00e4dt","@id":"https:\/\/gradido.net\/de\/#\/schema\/person\/9c503a004ad15a1ddecadce2218db5d1"},"headline":"Der Schlussstein beim Bau einer Br\u00fccke","datePublished":"2025-09-27T08:48:28+00:00","dateModified":"2026-04-24T05:18:19+00:00","mainEntityOfPage":{"@id":"https:\/\/gradido.net\/mutmacher-jean-pierre\/"},"wordCount":434,"publisher":{"@id":"https:\/\/gradido.net\/de\/#organization"},"image":{"@id":"https:\/\/gradido.net\/mutmacher-jean-pierre\/#primaryimage"},"thumbnailUrl":"https:\/\/gradido.net\/wp-content\/uploads\/2025\/09\/Jean-Pierre.jpg","articleSection":["Blog","Community"],"inLanguage":"da-DK"},{"@type":"WebPage","@id":"https:\/\/gradido.net\/mutmacher-jean-pierre\/","url":"https:\/\/gradido.net\/mutmacher-jean-pierre\/","name":"N\u00f8glestenen i konstruktionen af en bro - Gradido","isPartOf":{"@id":"https:\/\/gradido.net\/de\/#website"},"primaryImageOfPage":{"@id":"https:\/\/gradido.net\/mutmacher-jean-pierre\/#primaryimage"},"image":{"@id":"https:\/\/gradido.net\/mutmacher-jean-pierre\/#primaryimage"},"thumbnailUrl":"https:\/\/gradido.net\/wp-content\/uploads\/2025\/09\/Jean-Pierre.jpg","datePublished":"2025-09-27T08:48:28+00:00","dateModified":"2026-04-24T05:18:19+00:00","description":"I l\u00f8bet af mine mange \u00e5r med forskellige aktiviteter har jeg indset, at de fleste systemer i vores samfund har en iboende logik, som f\u00f8rer til u\u00f8nskede udviklinger. Som et resultat af denne misforst\u00e5ede udvikling har vi mistet vores sande m\u00e5l af syne og har fulgt sekund\u00e6re m\u00e5l, som har f\u00f8rt os p\u00e5 afveje.","breadcrumb":{"@id":"https:\/\/gradido.net\/mutmacher-jean-pierre\/#breadcrumb"},"inLanguage":"da-DK","potentialAction":[{"@type":"ReadAction","target":["https:\/\/gradido.net\/mutmacher-jean-pierre\/"]}]},{"@type":"ImageObject","inLanguage":"da-DK","@id":"https:\/\/gradido.net\/mutmacher-jean-pierre\/#primaryimage","url":"https:\/\/gradido.net\/wp-content\/uploads\/2025\/09\/Jean-Pierre.jpg","contentUrl":"https:\/\/gradido.net\/wp-content\/uploads\/2025\/09\/Jean-Pierre.jpg","width":1280,"height":720},{"@type":"BreadcrumbList","@id":"https:\/\/gradido.net\/mutmacher-jean-pierre\/#breadcrumb","itemListElement":[{"@type":"ListItem","position":1,"name":"Startseite","item":"https:\/\/gradido.net\/"},{"@type":"ListItem","position":2,"name":"Der Schlussstein beim Bau einer Br\u00fccke"}]},{"@type":"WebSite","@id":"https:\/\/gradido.net\/de\/#website","url":"https:\/\/gradido.net\/de\/","name":"Gradido","description":"Den nye valuta er taknemmelighed","publisher":{"@id":"https:\/\/gradido.net\/de\/#organization"},"potentialAction":[{"@type":"SearchAction","target":{"@type":"EntryPoint","urlTemplate":"https:\/\/gradido.net\/de\/?s={search_term_string}"},"query-input":{"@type":"PropertyValueSpecification","valueRequired":true,"valueName":"search_term_string"}}],"inLanguage":"da-DK"},{"@type":"Organization","@id":"https:\/\/gradido.net\/de\/#organization","name":"Gradido","url":"https:\/\/gradido.net\/de\/","logo":{"@type":"ImageObject","inLanguage":"da-DK","@id":"https:\/\/gradido.net\/de\/#\/schema\/logo\/image\/","url":"https:\/\/gradido.net\/wp-content\/uploads\/2022\/04\/gradido-social.jpg","contentUrl":"https:\/\/gradido.net\/wp-content\/uploads\/2022\/04\/gradido-social.jpg","width":527,"height":273,"caption":"Gradido"},"image":{"@id":"https:\/\/gradido.net\/de\/#\/schema\/logo\/image\/"}},{"@type":"Person","@id":"https:\/\/gradido.net\/de\/#\/schema\/person\/9c503a004ad15a1ddecadce2218db5d1","name":"Bernd H\u00fcckst\u00e4dt","sameAs":["https:\/\/gradido.net"],"url":"https:\/\/gradido.net\/da\/author\/bernd\/"}]}},"_links":{"self":[{"href":"https:\/\/gradido.net\/da\/wp-json\/wp\/v2\/posts\/11642","targetHints":{"allow":["GET"]}}],"collection":[{"href":"https:\/\/gradido.net\/da\/wp-json\/wp\/v2\/posts"}],"about":[{"href":"https:\/\/gradido.net\/da\/wp-json\/wp\/v2\/types\/post"}],"author":[{"embeddable":true,"href":"https:\/\/gradido.net\/da\/wp-json\/wp\/v2\/users\/2"}],"replies":[{"embeddable":true,"href":"https:\/\/gradido.net\/da\/wp-json\/wp\/v2\/comments?post=11642"}],"version-history":[{"count":29,"href":"https:\/\/gradido.net\/da\/wp-json\/wp\/v2\/posts\/11642\/revisions"}],"predecessor-version":[{"id":11699,"href":"https:\/\/gradido.net\/da\/wp-json\/wp\/v2\/posts\/11642\/revisions\/11699"}],"wp:featuredmedia":[{"embeddable":true,"href":"https:\/\/gradido.net\/da\/wp-json\/wp\/v2\/media\/11643"}],"wp:attachment":[{"href":"https:\/\/gradido.net\/da\/wp-json\/wp\/v2\/media?parent=11642"}],"wp:term":[{"taxonomy":"category","embeddable":true,"href":"https:\/\/gradido.net\/da\/wp-json\/wp\/v2\/categories?post=11642"},{"taxonomy":"post_tag","embeddable":true,"href":"https:\/\/gradido.net\/da\/wp-json\/wp\/v2\/tags?post=11642"}],"curies":[{"name":"wp","href":"https:\/\/api.w.org\/{rel}","templated":true}]}}