{"id":1238,"date":"2020-11-25T10:27:43","date_gmt":"2020-11-25T09:27:43","guid":{"rendered":"https:\/\/gradido.net\/?p=1238"},"modified":"2021-12-11T13:02:17","modified_gmt":"2021-12-11T12:02:17","slug":"corona-politik-bedroht-unsere-kinder","status":"publish","type":"post","link":"https:\/\/gradido.net\/da\/corona-politik-bedroht-unsere-kinder\/","title":{"rendered":"Corona-politik truer vores b\u00f8rn"},"content":{"rendered":"<div data-elementor-type=\"wp-post\" data-elementor-id=\"1238\" class=\"elementor elementor-1238\" data-elementor-post-type=\"post\">\n\t\t\t\t\t\t<section class=\"elementor-section elementor-top-section elementor-element elementor-element-496e1d53 elementor-section-boxed elementor-section-height-default elementor-section-height-default\" data-id=\"496e1d53\" data-element_type=\"section\" data-e-type=\"section\">\n\t\t\t\t\t\t<div class=\"elementor-container elementor-column-gap-default\">\n\t\t\t\t\t<div class=\"elementor-column elementor-col-100 elementor-top-column elementor-element elementor-element-461d7be0\" data-id=\"461d7be0\" data-element_type=\"column\" data-e-type=\"column\">\n\t\t\t<div class=\"elementor-widget-wrap elementor-element-populated\">\n\t\t\t\t\t\t<div class=\"elementor-element elementor-element-cd9ebe2 elementor-widget elementor-widget-text-editor\" data-id=\"cd9ebe2\" data-element_type=\"widget\" data-e-type=\"widget\" data-widget_type=\"text-editor.default\">\n\t\t\t\t<div class=\"elementor-widget-container\">\n\t\t\t\t\t\t\t\t\t<h2>Forskere ser en l\u00f8sning i et nyt monet\u00e6rt system<\/h2><p><strong>K\u00fcnzelsau, 25.11.2020 - B\u00f8rn, for\u00e6ldre og l\u00e6rere er p\u00e5 gr\u00e6nsen. L\u00e6ger, psykologer og familiepolitikere sl\u00e5r alarm. De ser alle, at b\u00f8rns velf\u00e6rd er massivt truet af den nuv\u00e6rende krisepolitik. Karant\u00e6neregler, skolelukninger og kontaktrestriktioner f\u00e5r ikke kun b\u00f8rnev\u00e6rnsfork\u00e6mpere p\u00e5 barrikaderne. If\u00f8lge Unicef sultede 15.000 b\u00f8rn ihjel hver dag, selv f\u00f8r Corona. Corona-foranstaltningerne har forv\u00e6rret den globale sult dramatisk. For at skabe et sikkert grundlag for b\u00f8rns sunde udvikling kr\u00e6ver de \u00f8konomiske bionikeksperter fra Gradido Academy en oml\u00e6gning af det finansielle system. Det ville g\u00f8re en ende p\u00e5 fattigdommen p\u00e5 verdensplan og sikre lige udviklingsmuligheder for alle b\u00f8rn. <\/strong><\/p><h3>\"Vindue \u00e5bent, maske p\u00e5!\" - Preussisk \u00e6re er ikke krisestyring<\/h3><p>Det nuv\u00e6rende skolesystem blev udviklet i det gamle Preussen for at opdrage loyale unders\u00e5tter. Den spredte sig hurtigt over hele verden. Filosoffen Richard David Precht har i \u00e5revis advaret om, at dette p\u00e6dagogiske ideal er helt forkert i henhold til alt, hvad man i dag ved om udviklingspsykologi. Bernd H\u00fcckst\u00e4dt, medstifter af Gradido Academy, konstaterer ogs\u00e5 med stigende bekymring, \"at der p\u00e5 verdensplan mangler penge og vilje til at udvikle de offentlige skoler p\u00e5 den m\u00e5de, der er n\u00f8dvendig i lyset af tidens udfordringer. Dette er en reel anklage mod et verdenssamfund, hvis velf\u00e6rd i h\u00f8j grad afh\u00e6nger af medlemmernes helhedsorienterede uddannelse\".<\/p><h3>Privilegerede g\u00e5r i offentlige skoler<\/h3><p>Det er derfor ikke overraskende, at flere og flere elever ogs\u00e5 g\u00e5r i offentlige skoler i dette land. If\u00f8lge det f\u00f8derale statistiske kontor er antallet af almene og erhvervsfaglige offentlige skoler i Tyskland steget med imponerende 79,8 procent fra 1992\/1993 til 2018\/19. Mange for\u00e6ldre, der havde r\u00e5d, betalte allerede i 2016 i gennemsnit 2.000 euro pr. \u00e5r og barn for en plads p\u00e5 et privat undervisningsinstitut.<\/p><h3>B\u00f8rnefattigdom i stedet for lige muligheder<\/h3><p>De mange b\u00f8rn fra mindre velstillede familier f\u00e5r ikke del i denne udvikling. If\u00f8lge en unders\u00f8gelse fra Bertelsmann-stiftelsen pr\u00e6ger fattigdom hverdagen for mere end en femtedel af alle b\u00f8rn i Tyskland. Det svarer til 21,3 procent eller 2,8 millioner b\u00f8rn og unge under 18 \u00e5r. Corona-krisen forv\u00e6rrer deres situation yderligere. Tab af job, frygt for at miste sit levebr\u00f8d, stigende pengemangel og mangel p\u00e5 plads f\u00e5r ogs\u00e5 mange familiekonflikter til at eskalere. Hjemmeundervisning er ut\u00e6nkeligt, n\u00e5r for\u00e6ldrene ikke kun mangler tid, men ogs\u00e5 kompetence. \"Lige muligheder ser helt anderledes ud\", konkluderer H\u00fcckst\u00e4dt, der er \u00f8konomibiolog, og tilf\u00f8jer: \"At n\u00e6gte folk fri adgang til uddannelse er at n\u00e6gte dem en element\u00e6r menneskerettighed.\"<\/p><h3>Den tabte generation af Corona-b\u00f8rn?<\/h3><p>B\u00f8rnehj\u00e6lpsorganisationen Unicef, den tyske b\u00f8rnebeskyttelsesforening, SOS-B\u00f8rnebyernes Ungdomskomit\u00e9, B\u00f8rnerettighedsnetv\u00e6rket og familiepolitikere advarer ogs\u00e5 om, at b\u00f8rn kan lide st\u00f8rst skade under krisen. I rapporten \"Averting Lost Covid Generation\" dokumenterer FN's B\u00f8rnefond, at de alvorlige langsigtede virkninger af Corona-krisen p\u00e5 uddannelse, ern\u00e6ring og velf\u00e6rd kan f\u00e5 en varig indvirkning p\u00e5 livet for en hel generation af b\u00f8rn og unge verden over. Christian Neusser, ekspert i b\u00f8rnerettigheder hos SOS B\u00f8rnebyerne, siger: \"Det er en meget omfattende sag. Det drejer sig jo ikke kun om kr\u00e6nkelse af enkelte b\u00f8rns rettigheder, men om en hel k\u00e6de: Fattigdom medf\u00f8rer f.eks. sygdom, b\u00f8rnearbejde eller tab af uddannelse.\" If\u00f8lge FN-tal kan 150 millioner b\u00f8rn blive ramt af ekstrem fattigdom - ud over de mange hundrede millioner b\u00f8rn, der allerede var ramt i forvejen. P\u00e5 et tidspunkt kunne 1,5 milliarder b\u00f8rn verden over ikke g\u00e5 i skole. Is\u00e6r i fattigere lande er der en risiko for, at mange elever aldrig vender tilbage til skolen, fordi deres familier er for fattige.<\/p><p>B\u00f8rnerettighedsnetv\u00e6rket kritiserede allerede den 25. juni 2020, at b\u00f8rns og unges perspektiver n\u00e6ppe havde fundet vej ind i diskussionen om, hvordan krisen skulle h\u00e5ndteres, selv om deres rettigheder var direkte ber\u00f8rt af foranstaltningerne.<\/p><p>Den f\u00f8rste landsd\u00e6kkende unders\u00f8gelse af Corona-krisens virkninger og konsekvenser for b\u00f8rns og unges mentale sundhed i Tyskland, som blev foretaget af forskningsafdelingen \"Child Public Health\" ved University Medical Center Hamburg-Eppendorf, viste allerede i juli, at den mentale belastning af b\u00f8rn som f\u00f8lge af Corona-foranstaltningerne ogs\u00e5 var betydeligt st\u00f8rre end hidtil antaget. En Forsa-unders\u00f8gelse fra den tyske b\u00f8rnefond i forbindelse med Verdensb\u00f8rnenes Dag viste, at volden mod b\u00f8rn var steget drastisk under Corona-krisen, og at uddannelsesmulighederne - is\u00e6r for socialt d\u00e5rligt stillede b\u00f8rn - var blevet forringet.<\/p><p>Den 20.11.2020, den internationale dag for b\u00f8rns rettigheder, gjorde SOS-Kinderdorf e.V. opm\u00e6rksom p\u00e5, at FN's konvention om b\u00f8rns rettigheder fra 1989 heller ikke er blevet gennemf\u00f8rt fuldt ud i Tyskland - og at begr\u00e6nsningerne af b\u00f8rns rettigheder bliver endnu mere alvorlige under indflydelse af Corona-krisen.<\/p><h3>Krisen som en mulighed for en b\u00e6redygtig kurs\u00e6ndring<\/h3><p>If\u00f8lge H\u00fcckst\u00e4dt er Corona ikke \u00e5rsagen til alle de problemer, der i \u00f8jeblikket er ved at blive \u00e5benlyst tydelige. Som enhver krise er Corona en historisk mulighed for at rette kursen mod en bedre verden. \"Vi har i \u00e5revis vidst, at det gamle finansielle system med alle dets bobler er ved at v\u00e6re slut. Det skal \u00e6ndres, og med Gradido har vi en fantastisk l\u00f8sning - vi skal bare gribe den.\" Trods al sin optimisme opfordrer H\u00fcckst\u00e4dt til proportionssans: \"Det kr\u00e6ver et ansvar fra hele samfundet, at vores b\u00f8rn ikke falder p\u00e5 gulvet i disse turbulente tider, men endelig f\u00e5r den sikkerhed og st\u00f8tte, som de fortjener - i hele verden.\"<\/p><h3>L\u00f8sningen har eksisteret i fire og en halv milliard \u00e5r<\/h3><p>Det nye \u00f8konomiske og finansielle system er blevet udviklet i l\u00f8bet af mere end 20 \u00e5rs forskning p\u00e5 Gradido Academy of Economic Bionics. \u00d8konomisk bionik unders\u00f8ger naturens succesmodeller, som har fungeret i over fire og en halv milliard \u00e5r, og overf\u00f8rer dem til \u00f8konomien. Den naturlige livs\u00f8konomi g\u00f8r det muligt at n\u00e5 alle FN's 17 m\u00e5l for b\u00e6redygtig udvikling, der er defineret i 2030-dagsordenen. Retten til uddannelse er udtrykkeligt medtaget - og lige muligheder for alle er en del af programmet. \"Vi \u00f8nsker ikke kun at tilbyde b\u00f8rn beskyttelse og perspektiv\", forklarer Margret Baier, medstifter og direkt\u00f8r for Gradido Academy, det f\u00e6lles gode koncept, \"vi \u00f8nsker ogs\u00e5 at forbedre mulighederne for personlig udvikling p\u00e5 en b\u00e6redygtig m\u00e5de.\" If\u00f8lge videnskabelig forskning af neurobiologen professor Gerald H\u00fcther er 98 procent af b\u00f8rnene h\u00f8jt begavet som nyf\u00f8dte, men kun to procent er det fortsat efter endt skolegang. \"S\u00e5 vores uddannelsessystem har helt klart brug for en reform - og med Gradido-modellen er denne reform n\u00e6sten en selvf\u00f8lge.\"<\/p><h3>Gradido skaber retf\u00e6rdige uddannelsesmuligheder<\/h3><p>Det foresl\u00e5ede penge- og \u00f8konomisystem Gradido baner vejen for \"ubetinget deltagelse\" af alle i samfundslivet. H\u00fcckst\u00e4dt forklarer: \"Gradidos etiske grundprincip er baseret p\u00e5 det \"tredobbelte gode\", dvs. p\u00e5 at harmonisere individets gode med f\u00e6llesskabets og det store hele - i betydningen natur og milj\u00f8. Den enkelte er en del af f\u00e6llesskabet, som igen er en del af det \"store billede\", \u00f8kosystemet. Den f\u00e6lles gode valuta Gradido (GDD) oprettes til hver enkelt person som en kredit uden at skabe g\u00e6ld. Vi f\u00f8lger s\u00e5ledes naturens eksempel for at give vores b\u00f8rn og b\u00f8rneb\u00f8rn en g\u00e6ldfri fremtid, der er v\u00e6rd at leve i. En gradido har ca. samme v\u00e6rdi som en euro. Der skabes 3 \u00d7 1.000 Gradido pr. indbygger. 1.000 Gradido hver til \"aktiv basisindkomst\", til det offentlige budget og til udlignings- og milj\u00f8fonden.\" Dette resulterer i et gener\u00f8st g\u00e6ldfrit statsbudget, som bl.a. giver mulighed for en fremtidssikret udrustning af b\u00f8rnehaver og skoler med henblik p\u00e5 at fremme og udfordre alle b\u00f8rn p\u00e5 den bedst mulige m\u00e5de. Skole- og ungdomsuddannelser er gratis i hele verden i Gradido-modellen. Det betyder, at de er tilg\u00e6ngelige for alle mennesker uanset deres \u00f8konomiske situation.<\/p><p>Ogs\u00e5 her betyder uddannelse langt mere end blot uddannelse. For at give b\u00f8rnene mulighed for at \"vokse op til at blive ansvarlige og selvbestemmende\", som if\u00f8lge H\u00fcther har de bedste muligheder for \"ikke blot at f\u00e5 succes p\u00e5 arbejdsmarkedet, men ogs\u00e5 at leve et meningsfuldt, selvansvarligt og lykkeligt liv\", giver Gradido-modellen ogs\u00e5 mulighed for en \"aktiv basisindkomst\" og \"ubetinget deltagelse\" i samfundslivet.<\/p><p>Den \"aktive basisindkomst\" sikrer alle mennesker p\u00e5 verdensplan en grundl\u00e6ggende fors\u00f8rgelse og fjerner dermed den evige eksistentielle frygt, der sv\u00e6kker immunsystemet og kan overbelaste psyken. Det skaber s\u00e5ledes grundlaget for et mere konfliktfrit familieliv. Den \"ubetingede deltagelse\", som ogs\u00e5 giver b\u00f8rn og unge mulighed for at bidrage til f\u00e6llesskabet til deres \"aktive basisindkomst\", \u00e5bner hidtil usete muligheder for at afpr\u00f8ve og udvikle sig selv p\u00e5 en lang r\u00e6kke omr\u00e5der og l\u00e6re \u00e6gte folkelighed at kende. Samtidig sikrer den aktive basisindkomst ens levebr\u00f8d, selv under uddannelsen. \"Gradido skaber det bedste grundlag for at sikre, at alle unge mennesker kan f\u00e5 adgang til deres ret til uddannelse og sund udvikling fra barnsben og frem, s\u00e5 de kan finde den bedst mulige vej til et tilfredsstillende liv\", understreger H\u00fcckst\u00e4dt.<\/p><p>N\u00e6rmere oplysninger om hele \"Gradido-modellen\" findes p\u00e5 <a href=\"https:\/\/gradido.net\/da\/\">https:\/\/gradido.net<\/a><\/p><p><!-- \/wp:paragraph --><\/p>\t\t\t\t\t\t\t\t<\/div>\n\t\t\t\t<\/div>\n\t\t\t\t<div class=\"elementor-element elementor-element-e9ff241 elementor-widget elementor-widget-text-editor\" data-id=\"e9ff241\" data-element_type=\"widget\" data-e-type=\"widget\" data-widget_type=\"text-editor.default\">\n\t\t\t\t<div class=\"elementor-widget-container\">\n\t\t\t\t\t\t\t\t\t<p><strong>Om Gradido Academy<\/strong><br>Gradido Academy for Economic Bionics har udviklet en alternativ \"f\u00e6lles god valuta\", der er inspireret af naturen. Naturen f\u00f8lger reglen om, at kun hvor noget g\u00e5r bort, kan noget nyt opst\u00e5, og dermed er langsigtet forbedring (evolution) mulig. Dens opskrift p\u00e5 succes er \"livets cyklus\". Hvis vores \u00f8konomi ogs\u00e5 fulgte denne naturlige cyklus, ville det if\u00f8lge de \u00f8konomiske bionikere l\u00f8se stort set alle verdens pengeproblemer. Gradido-modellen er baseret p\u00e5 den id\u00e9, at ikke kun hver enkelt person, men ogs\u00e5 hver enkelt stat modtager en indkomst, der er oprettet p\u00e5 kreditbasis. P\u00e5 den m\u00e5de kan den udf\u00f8re alle sine opgaver uden at opkr\u00e6ve skatter. Deflation og inflation h\u00f8rer fortiden til. \u00d8konomien er befriet fra det konstante pres for at vokse, og faren for et kollaps af det finansielle system er endelig afv\u00e6rget. (<a href=\"https:\/\/gradido.net\/da\/\">www.gradido.net<\/a>)<\/p>\t\t\t\t\t\t\t\t<\/div>\n\t\t\t\t<\/div>\n\t\t\t\t\t<\/div>\n\t\t<\/div>\n\t\t\t\t\t<\/div>\n\t\t<\/section>\n\t\t\t\t<\/div>","protected":false},"excerpt":{"rendered":"<p>Forscher sehen L\u00f6sung in neuem Geldsystem K\u00fcnzelsau, 25.11.2020 \u2013 Kinder, Eltern und Lehrer sind am Limit. \u00c4rzte, Psychologen und Familienpolitiker schlagen Alarm. Sie alle sehen das Kindeswohl durch die aktuelle Krisenpolitik massiv gef\u00e4hrdet. Quarant\u00e4neregeln, Schulschlie\u00dfungen und Kontaktbeschr\u00e4nkungen bringen nicht nur Kindersch\u00fctzer auf die Barrikaden. Laut Unicef verhungerten schon vor Corona 15.000 Kinder pro Tag. Durch [&hellip;]<\/p>\n","protected":false},"author":2,"featured_media":1231,"comment_status":"closed","ping_status":"closed","sticky":false,"template":"","format":"standard","meta":{"footnotes":""},"categories":[8],"tags":[],"class_list":["post-1238","post","type-post","status-publish","format-standard","has-post-thumbnail","hentry","category-pressemitteilung"],"yoast_head":"<!-- This site is optimized with the Yoast SEO plugin v27.5 - https:\/\/yoast.com\/product\/yoast-seo-wordpress\/ -->\n<title>Corona-Politik bedroht unsere Kinder - Gradido<\/title>\n<meta name=\"robots\" content=\"index, follow, max-snippet:-1, max-image-preview:large, max-video-preview:-1\" \/>\n<link rel=\"canonical\" href=\"https:\/\/gradido.net\/da\/corona-politik-bedroht-unsere-kinder\/\" \/>\n<meta property=\"og:locale\" content=\"da_DK\" \/>\n<meta property=\"og:type\" content=\"article\" \/>\n<meta property=\"og:title\" content=\"Corona-Politik bedroht unsere Kinder - Gradido\" \/>\n<meta property=\"og:description\" content=\"Forscher sehen L\u00f6sung in neuem Geldsystem K\u00fcnzelsau, 25.11.2020 \u2013 Kinder, Eltern und Lehrer sind am Limit. \u00c4rzte, Psychologen und Familienpolitiker schlagen Alarm. Sie alle sehen das Kindeswohl durch die aktuelle Krisenpolitik massiv gef\u00e4hrdet. Quarant\u00e4neregeln, Schulschlie\u00dfungen und Kontaktbeschr\u00e4nkungen bringen nicht nur Kindersch\u00fctzer auf die Barrikaden. Laut Unicef verhungerten schon vor Corona 15.000 Kinder pro Tag. Durch [&hellip;]\" \/>\n<meta property=\"og:url\" content=\"https:\/\/gradido.net\/da\/corona-politik-bedroht-unsere-kinder\/\" \/>\n<meta property=\"og:site_name\" content=\"Gradido\" \/>\n<meta property=\"article:published_time\" content=\"2020-11-25T09:27:43+00:00\" \/>\n<meta property=\"article:modified_time\" content=\"2021-12-11T12:02:17+00:00\" \/>\n<meta property=\"og:image\" content=\"https:\/\/gradido.net\/wp-content\/uploads\/2020\/11\/schule_coronapause.jpg\" \/>\n\t<meta property=\"og:image:width\" content=\"1500\" \/>\n\t<meta property=\"og:image:height\" content=\"959\" \/>\n\t<meta property=\"og:image:type\" content=\"image\/jpeg\" \/>\n<meta name=\"author\" content=\"Bernd H\u00fcckst\u00e4dt\" \/>\n<meta name=\"twitter:card\" content=\"summary_large_image\" \/>\n<meta name=\"twitter:label1\" content=\"Skrevet af\" \/>\n\t<meta name=\"twitter:data1\" content=\"Bernd H\u00fcckst\u00e4dt\" \/>\n\t<meta name=\"twitter:label2\" content=\"Estimeret l\u00e6setid\" \/>\n\t<meta name=\"twitter:data2\" content=\"8 minutter\" \/>\n<script type=\"application\/ld+json\" class=\"yoast-schema-graph\">{\"@context\":\"https:\\\/\\\/schema.org\",\"@graph\":[{\"@type\":\"Article\",\"@id\":\"https:\\\/\\\/gradido.net\\\/corona-politik-bedroht-unsere-kinder\\\/#article\",\"isPartOf\":{\"@id\":\"https:\\\/\\\/gradido.net\\\/corona-politik-bedroht-unsere-kinder\\\/\"},\"author\":{\"name\":\"Bernd H\u00fcckst\u00e4dt\",\"@id\":\"https:\\\/\\\/gradido.net\\\/de\\\/#\\\/schema\\\/person\\\/9c503a004ad15a1ddecadce2218db5d1\"},\"headline\":\"Corona-Politik bedroht unsere Kinder\",\"datePublished\":\"2020-11-25T09:27:43+00:00\",\"dateModified\":\"2021-12-11T12:02:17+00:00\",\"mainEntityOfPage\":{\"@id\":\"https:\\\/\\\/gradido.net\\\/corona-politik-bedroht-unsere-kinder\\\/\"},\"wordCount\":1581,\"publisher\":{\"@id\":\"https:\\\/\\\/gradido.net\\\/de\\\/#organization\"},\"image\":{\"@id\":\"https:\\\/\\\/gradido.net\\\/corona-politik-bedroht-unsere-kinder\\\/#primaryimage\"},\"thumbnailUrl\":\"https:\\\/\\\/gradido.net\\\/wp-content\\\/uploads\\\/2020\\\/11\\\/schule_coronapause.jpg\",\"articleSection\":[\"Pressemitteilung\"],\"inLanguage\":\"da-DK\"},{\"@type\":\"WebPage\",\"@id\":\"https:\\\/\\\/gradido.net\\\/corona-politik-bedroht-unsere-kinder\\\/\",\"url\":\"https:\\\/\\\/gradido.net\\\/corona-politik-bedroht-unsere-kinder\\\/\",\"name\":\"Corona-Politik bedroht unsere Kinder - Gradido\",\"isPartOf\":{\"@id\":\"https:\\\/\\\/gradido.net\\\/de\\\/#website\"},\"primaryImageOfPage\":{\"@id\":\"https:\\\/\\\/gradido.net\\\/corona-politik-bedroht-unsere-kinder\\\/#primaryimage\"},\"image\":{\"@id\":\"https:\\\/\\\/gradido.net\\\/corona-politik-bedroht-unsere-kinder\\\/#primaryimage\"},\"thumbnailUrl\":\"https:\\\/\\\/gradido.net\\\/wp-content\\\/uploads\\\/2020\\\/11\\\/schule_coronapause.jpg\",\"datePublished\":\"2020-11-25T09:27:43+00:00\",\"dateModified\":\"2021-12-11T12:02:17+00:00\",\"breadcrumb\":{\"@id\":\"https:\\\/\\\/gradido.net\\\/corona-politik-bedroht-unsere-kinder\\\/#breadcrumb\"},\"inLanguage\":\"da-DK\",\"potentialAction\":[{\"@type\":\"ReadAction\",\"target\":[\"https:\\\/\\\/gradido.net\\\/corona-politik-bedroht-unsere-kinder\\\/\"]}]},{\"@type\":\"ImageObject\",\"inLanguage\":\"da-DK\",\"@id\":\"https:\\\/\\\/gradido.net\\\/corona-politik-bedroht-unsere-kinder\\\/#primaryimage\",\"url\":\"https:\\\/\\\/gradido.net\\\/wp-content\\\/uploads\\\/2020\\\/11\\\/schule_coronapause.jpg\",\"contentUrl\":\"https:\\\/\\\/gradido.net\\\/wp-content\\\/uploads\\\/2020\\\/11\\\/schule_coronapause.jpg\",\"width\":1500,\"height\":959,\"caption\":\"Group of preteen children in face masks resting outdoors in schoolyard during break in lessons. Back school concept during pandemic.\"},{\"@type\":\"BreadcrumbList\",\"@id\":\"https:\\\/\\\/gradido.net\\\/corona-politik-bedroht-unsere-kinder\\\/#breadcrumb\",\"itemListElement\":[{\"@type\":\"ListItem\",\"position\":1,\"name\":\"Startseite\",\"item\":\"https:\\\/\\\/gradido.net\\\/\"},{\"@type\":\"ListItem\",\"position\":2,\"name\":\"Corona-Politik bedroht unsere Kinder\"}]},{\"@type\":\"WebSite\",\"@id\":\"https:\\\/\\\/gradido.net\\\/de\\\/#website\",\"url\":\"https:\\\/\\\/gradido.net\\\/de\\\/\",\"name\":\"Gradido\",\"description\":\"Die neue W\u00e4hrung hei\u00dft Dankbarkeit\",\"publisher\":{\"@id\":\"https:\\\/\\\/gradido.net\\\/de\\\/#organization\"},\"potentialAction\":[{\"@type\":\"SearchAction\",\"target\":{\"@type\":\"EntryPoint\",\"urlTemplate\":\"https:\\\/\\\/gradido.net\\\/de\\\/?s={search_term_string}\"},\"query-input\":{\"@type\":\"PropertyValueSpecification\",\"valueRequired\":true,\"valueName\":\"search_term_string\"}}],\"inLanguage\":\"da-DK\"},{\"@type\":\"Organization\",\"@id\":\"https:\\\/\\\/gradido.net\\\/de\\\/#organization\",\"name\":\"Gradido\",\"url\":\"https:\\\/\\\/gradido.net\\\/de\\\/\",\"logo\":{\"@type\":\"ImageObject\",\"inLanguage\":\"da-DK\",\"@id\":\"https:\\\/\\\/gradido.net\\\/de\\\/#\\\/schema\\\/logo\\\/image\\\/\",\"url\":\"https:\\\/\\\/gradido.net\\\/wp-content\\\/uploads\\\/2022\\\/04\\\/gradido-social.jpg\",\"contentUrl\":\"https:\\\/\\\/gradido.net\\\/wp-content\\\/uploads\\\/2022\\\/04\\\/gradido-social.jpg\",\"width\":527,\"height\":273,\"caption\":\"Gradido\"},\"image\":{\"@id\":\"https:\\\/\\\/gradido.net\\\/de\\\/#\\\/schema\\\/logo\\\/image\\\/\"}},{\"@type\":\"Person\",\"@id\":\"https:\\\/\\\/gradido.net\\\/de\\\/#\\\/schema\\\/person\\\/9c503a004ad15a1ddecadce2218db5d1\",\"name\":\"Bernd H\u00fcckst\u00e4dt\",\"sameAs\":[\"https:\\\/\\\/gradido.net\"],\"url\":\"https:\\\/\\\/gradido.net\\\/da\\\/author\\\/bernd\\\/\"}]}<\/script>\n<!-- \/ Yoast SEO plugin. -->","yoast_head_json":{"title":"Corona-politik truer vores b\u00f8rn - Gradido","robots":{"index":"index","follow":"follow","max-snippet":"max-snippet:-1","max-image-preview":"max-image-preview:large","max-video-preview":"max-video-preview:-1"},"canonical":"https:\/\/gradido.net\/da\/corona-politik-bedroht-unsere-kinder\/","og_locale":"da_DK","og_type":"article","og_title":"Corona-Politik bedroht unsere Kinder - Gradido","og_description":"Forscher sehen L\u00f6sung in neuem Geldsystem K\u00fcnzelsau, 25.11.2020 \u2013 Kinder, Eltern und Lehrer sind am Limit. \u00c4rzte, Psychologen und Familienpolitiker schlagen Alarm. Sie alle sehen das Kindeswohl durch die aktuelle Krisenpolitik massiv gef\u00e4hrdet. Quarant\u00e4neregeln, Schulschlie\u00dfungen und Kontaktbeschr\u00e4nkungen bringen nicht nur Kindersch\u00fctzer auf die Barrikaden. Laut Unicef verhungerten schon vor Corona 15.000 Kinder pro Tag. Durch [&hellip;]","og_url":"https:\/\/gradido.net\/da\/corona-politik-bedroht-unsere-kinder\/","og_site_name":"Gradido","article_published_time":"2020-11-25T09:27:43+00:00","article_modified_time":"2021-12-11T12:02:17+00:00","og_image":[{"width":1500,"height":959,"url":"https:\/\/gradido.net\/wp-content\/uploads\/2020\/11\/schule_coronapause.jpg","type":"image\/jpeg"}],"author":"Bernd H\u00fcckst\u00e4dt","twitter_card":"summary_large_image","twitter_misc":{"Skrevet af":"Bernd H\u00fcckst\u00e4dt","Estimeret l\u00e6setid":"8 minutter"},"schema":{"@context":"https:\/\/schema.org","@graph":[{"@type":"Article","@id":"https:\/\/gradido.net\/corona-politik-bedroht-unsere-kinder\/#article","isPartOf":{"@id":"https:\/\/gradido.net\/corona-politik-bedroht-unsere-kinder\/"},"author":{"name":"Bernd H\u00fcckst\u00e4dt","@id":"https:\/\/gradido.net\/de\/#\/schema\/person\/9c503a004ad15a1ddecadce2218db5d1"},"headline":"Corona-Politik bedroht unsere Kinder","datePublished":"2020-11-25T09:27:43+00:00","dateModified":"2021-12-11T12:02:17+00:00","mainEntityOfPage":{"@id":"https:\/\/gradido.net\/corona-politik-bedroht-unsere-kinder\/"},"wordCount":1581,"publisher":{"@id":"https:\/\/gradido.net\/de\/#organization"},"image":{"@id":"https:\/\/gradido.net\/corona-politik-bedroht-unsere-kinder\/#primaryimage"},"thumbnailUrl":"https:\/\/gradido.net\/wp-content\/uploads\/2020\/11\/schule_coronapause.jpg","articleSection":["Pressemitteilung"],"inLanguage":"da-DK"},{"@type":"WebPage","@id":"https:\/\/gradido.net\/corona-politik-bedroht-unsere-kinder\/","url":"https:\/\/gradido.net\/corona-politik-bedroht-unsere-kinder\/","name":"Corona-politik truer vores b\u00f8rn - Gradido","isPartOf":{"@id":"https:\/\/gradido.net\/de\/#website"},"primaryImageOfPage":{"@id":"https:\/\/gradido.net\/corona-politik-bedroht-unsere-kinder\/#primaryimage"},"image":{"@id":"https:\/\/gradido.net\/corona-politik-bedroht-unsere-kinder\/#primaryimage"},"thumbnailUrl":"https:\/\/gradido.net\/wp-content\/uploads\/2020\/11\/schule_coronapause.jpg","datePublished":"2020-11-25T09:27:43+00:00","dateModified":"2021-12-11T12:02:17+00:00","breadcrumb":{"@id":"https:\/\/gradido.net\/corona-politik-bedroht-unsere-kinder\/#breadcrumb"},"inLanguage":"da-DK","potentialAction":[{"@type":"ReadAction","target":["https:\/\/gradido.net\/corona-politik-bedroht-unsere-kinder\/"]}]},{"@type":"ImageObject","inLanguage":"da-DK","@id":"https:\/\/gradido.net\/corona-politik-bedroht-unsere-kinder\/#primaryimage","url":"https:\/\/gradido.net\/wp-content\/uploads\/2020\/11\/schule_coronapause.jpg","contentUrl":"https:\/\/gradido.net\/wp-content\/uploads\/2020\/11\/schule_coronapause.jpg","width":1500,"height":959,"caption":"Group of preteen children in face masks resting outdoors in schoolyard during break in lessons. Back school concept during pandemic."},{"@type":"BreadcrumbList","@id":"https:\/\/gradido.net\/corona-politik-bedroht-unsere-kinder\/#breadcrumb","itemListElement":[{"@type":"ListItem","position":1,"name":"Startseite","item":"https:\/\/gradido.net\/"},{"@type":"ListItem","position":2,"name":"Corona-Politik bedroht unsere Kinder"}]},{"@type":"WebSite","@id":"https:\/\/gradido.net\/de\/#website","url":"https:\/\/gradido.net\/de\/","name":"Gradido","description":"Den nye valuta er taknemmelighed","publisher":{"@id":"https:\/\/gradido.net\/de\/#organization"},"potentialAction":[{"@type":"SearchAction","target":{"@type":"EntryPoint","urlTemplate":"https:\/\/gradido.net\/de\/?s={search_term_string}"},"query-input":{"@type":"PropertyValueSpecification","valueRequired":true,"valueName":"search_term_string"}}],"inLanguage":"da-DK"},{"@type":"Organization","@id":"https:\/\/gradido.net\/de\/#organization","name":"Gradido","url":"https:\/\/gradido.net\/de\/","logo":{"@type":"ImageObject","inLanguage":"da-DK","@id":"https:\/\/gradido.net\/de\/#\/schema\/logo\/image\/","url":"https:\/\/gradido.net\/wp-content\/uploads\/2022\/04\/gradido-social.jpg","contentUrl":"https:\/\/gradido.net\/wp-content\/uploads\/2022\/04\/gradido-social.jpg","width":527,"height":273,"caption":"Gradido"},"image":{"@id":"https:\/\/gradido.net\/de\/#\/schema\/logo\/image\/"}},{"@type":"Person","@id":"https:\/\/gradido.net\/de\/#\/schema\/person\/9c503a004ad15a1ddecadce2218db5d1","name":"Bernd H\u00fcckst\u00e4dt","sameAs":["https:\/\/gradido.net"],"url":"https:\/\/gradido.net\/da\/author\/bernd\/"}]}},"_links":{"self":[{"href":"https:\/\/gradido.net\/da\/wp-json\/wp\/v2\/posts\/1238","targetHints":{"allow":["GET"]}}],"collection":[{"href":"https:\/\/gradido.net\/da\/wp-json\/wp\/v2\/posts"}],"about":[{"href":"https:\/\/gradido.net\/da\/wp-json\/wp\/v2\/types\/post"}],"author":[{"embeddable":true,"href":"https:\/\/gradido.net\/da\/wp-json\/wp\/v2\/users\/2"}],"replies":[{"embeddable":true,"href":"https:\/\/gradido.net\/da\/wp-json\/wp\/v2\/comments?post=1238"}],"version-history":[{"count":29,"href":"https:\/\/gradido.net\/da\/wp-json\/wp\/v2\/posts\/1238\/revisions"}],"predecessor-version":[{"id":3745,"href":"https:\/\/gradido.net\/da\/wp-json\/wp\/v2\/posts\/1238\/revisions\/3745"}],"wp:featuredmedia":[{"embeddable":true,"href":"https:\/\/gradido.net\/da\/wp-json\/wp\/v2\/media\/1231"}],"wp:attachment":[{"href":"https:\/\/gradido.net\/da\/wp-json\/wp\/v2\/media?parent=1238"}],"wp:term":[{"taxonomy":"category","embeddable":true,"href":"https:\/\/gradido.net\/da\/wp-json\/wp\/v2\/categories?post=1238"},{"taxonomy":"post_tag","embeddable":true,"href":"https:\/\/gradido.net\/da\/wp-json\/wp\/v2\/tags?post=1238"}],"curies":[{"name":"wp","href":"https:\/\/api.w.org\/{rel}","templated":true}]}}