{"id":1731,"date":"2021-01-27T16:31:50","date_gmt":"2021-01-27T15:31:50","guid":{"rendered":"https:\/\/gradido.net\/?p=1731"},"modified":"2021-12-11T20:57:47","modified_gmt":"2021-12-11T19:57:47","slug":"gradido-garantiert-gleichberechtigung-von-mann-und-frau","status":"publish","type":"post","link":"https:\/\/gradido.net\/da\/gradido-garantiert-gleichberechtigung-von-mann-und-frau\/","title":{"rendered":"Gradido garanterer lige rettigheder for m\u00e6nd og kvinder"},"content":{"rendered":"<div data-elementor-type=\"wp-post\" data-elementor-id=\"1731\" class=\"elementor elementor-1731\" data-elementor-post-type=\"post\">\n\t\t\t\t\t\t<section class=\"elementor-section elementor-top-section elementor-element elementor-element-496e1d53 elementor-section-boxed elementor-section-height-default elementor-section-height-default\" data-id=\"496e1d53\" data-element_type=\"section\" data-e-type=\"section\">\n\t\t\t\t\t\t<div class=\"elementor-container elementor-column-gap-default\">\n\t\t\t\t\t<div class=\"elementor-column elementor-col-100 elementor-top-column elementor-element elementor-element-461d7be0\" data-id=\"461d7be0\" data-element_type=\"column\" data-e-type=\"column\">\n\t\t\t<div class=\"elementor-widget-wrap elementor-element-populated\">\n\t\t\t\t\t\t<div class=\"elementor-element elementor-element-cd9ebe2 elementor-widget elementor-widget-text-editor\" data-id=\"cd9ebe2\" data-element_type=\"widget\" data-e-type=\"widget\" data-widget_type=\"text-editor.default\">\n\t\t\t\t<div class=\"elementor-widget-container\">\n\t\t\t\t\t\t\t\t\t<h2>Afsl\u00f8rer lockdownen, at ligestillingen ikke er lykkedes?<\/h2><p><strong>K\u00fcnzelsau, 27.01.2021 - Kvinder har aldrig v\u00e6ret mere \"systemisk relevante\" end i Corona-krisen - og sj\u00e6ldent mere belastede. P\u00e5 verdensplan er 70 procent af de ansatte i sociale og omsorgsrelaterede erhverv kvinder. Selv i normale tider udf\u00f8rer de ogs\u00e5 i gennemsnit tre gange s\u00e5 meget ul\u00f8nnet \"omsorgsarbejde\" som m\u00e6nd. I den nuv\u00e6rende krise truer dette med at blive deres undergang. Det er is\u00e6r kvinderne, der reducerer deres arbejdstid mere for hver nedlukning for at passe b\u00f8rn, g\u00e5 i skole eller tage sig af tr\u00e6ngende familiemedlemmer. Denne udvikling viser tydeligt, hvor skr\u00f8belig den p\u00e5st\u00e5ede lighed faktisk var. Kvinderne risikerer faktisk at blive krisens store tabere, hvis der ikke gennemf\u00f8res en omfattende reform af arbejdslivet. For samfundsforskere synes en grundl\u00e6ggende \u00e6ndring af vores nuv\u00e6rende besk\u00e6ftigelsesmodeller at v\u00e6re uundg\u00e5elig, hvis m\u00e6nd og kvinder endelig skal have lige muligheder. Eksperterne i Business Bionics p\u00e5 Gradido Academy har allerede udviklet et passende koncept til dette form\u00e5l. De bygger solidt p\u00e5 lige deltagelse af k\u00f8nnene - i overensstemmelse med naturens succesmodeller. <\/strong><\/p><p>Traditionelt set er det kvinderne, der ikke kun tager sig af den st\u00f8rste del af plejen af \u00e6ldre og syge, men ogs\u00e5 af hus- og familiearbejdet og af omsorg for tr\u00e6ngende sl\u00e6gtninge. P\u00e5 den ene side tjener de den traditionelle selvopfattelse, at dette er et udtryk for k\u00e6rlig omsorg. P\u00e5 den anden side betyder den vedvarende lavere l\u00f8n for kvindelige arbejdstagere, at det stadig i dag overvejende er kvinderne, der reducerer deres erhvervsm\u00e6ssige engagement, n\u00e5r b\u00f8rn eller for\u00e6ldre har brug for st\u00f8tte. Hvis den dobbelte byrde allerede var en stor udfordring f\u00f8r Corona-krisen, er den ved at udvikle sig til en tung byrde i en tid med hjemmearbejde og hjemmeundervisning - med truende konsekvenser. Nyere forskning har vist, at hver yderligere lukning f\u00f8rer til, at kvinder reducerer deres arbejdstid yderligere til fordel for et voksende familieansvar. \u00d8konomer frygter, at mange kvindelige arbejdstagere risikerer permanent indkomsttab og et smertefuldt karrierem\u00e6ssigt tilbageslag som f\u00f8lge af denne udvikling.<\/p><p>If\u00f8lge det tyske institut for \u00f8konomisk forskning er andelen af kvinder i de \"systemrelevante\" erhvervsgrupper n\u00e6sten 75 procent. Som sygeplejersker og geriatriske sygeplejersker tager de sig af syge mennesker i frontlinjen. Kassererne \"holder butikken k\u00f8rende\". P\u00e6dagoger tager sig af b\u00f8rnene for dem, der ikke kan holde sig v\u00e6k fra deres systemrelevante job, n\u00e5r skoler og daginstitutioner er lukket. F\u00e6lles for disse \"kvindejobs\" er imidlertid ikke blot, at de betragtes som uundv\u00e6rlige i Corona-krisen, men ogs\u00e5 at de overvejende er d\u00e5rligt betalt. Efter devisen \"Det, der g\u00f8res \"gratis\" i familien, kan ikke koste meget\", har de typisk kvindelige aktiviteter stadig ikke en passende \u00f8konomisk v\u00e6rdi p\u00e5 arbejdsmarkedet. \"Denne sociale tilsides\u00e6ttelse af omsorgsarbejde er ikke blot uudholdelig, men ogs\u00e5 i h\u00f8jeste grad meningsl\u00f8s\", er Margret Baier, ejer af Gradido Academy, forarget, \"fordi dette kvindelige omsorgsarbejde er eksistentielt for vores \u00f8konomi og vores velstand. Kvinders arbejdspr\u00e6stationer er rygraden i vores system, ikke kun i denne krise.\"<\/p><p>Uanset dette har den seneste unders\u00f8gelse fra Bertelsmann Foundation bekr\u00e6ftet, hvor massivt Corona-krisen har manifesteret de traditionelle rollemodeller i familien - og hvor overbelastede kvinderne er fysisk og psykisk som f\u00f8lge heraf. \"Der er behov for en tv\u00e6rfaglig samfundsdiskurs om fordele og ulemper ved en moderne arbejdsverden. Arbejdsmarkeds- og besk\u00e6ftigelsespolitik, familie- og sundhedspolitik kan ikke l\u00e6ngere betragtes separat\", siger Martin Spilker, der er direkt\u00f8r for instituttets eget kompetencecenter for virksomhedskultur og ledelse.<\/p><p>\"Vi har et presserende behov for mere fleksible arbejdsmodeller og en passende anerkendelse og afl\u00f8nning af omsorgsarbejde\", bekr\u00e6fter Bernd H\u00fcckst\u00e4dt, medstifter af Gradido Academy, ogs\u00e5. I mere end to \u00e5rtier har \u00f8konomiske bionikeksperter p\u00e5 dette uafh\u00e6ngige forskningsinstitut udviklet Gradido-valutaen Common Wealth Currency som kernen i en ny \u00f8konomisk og finansiel model. \"Det har l\u00e6nge st\u00e5et klart for os, at den nuv\u00e6rende model ikke l\u00e6ngere kan fungere p\u00e5 lang sigt. Krisen bragte os derfor ingen overraskelser, men satte kun fokus p\u00e5 de problemer, der uundg\u00e5eligt ville komme. Nu er der imidlertid et presserende behov for en kurs\u00e6ndring, for fremtidige generationer vil under ingen omst\u00e6ndigheder tillade sig at blive tvunget til at leve p\u00e5 den m\u00e5de, som en forts\u00e6ttelse af den nuv\u00e6rende \u00f8konomiske model ville medf\u00f8re for dem. Det er allerede nu meget tydeligt, hvordan kvinderne lider under dette.\"<\/p><p>Gradido Academy's l\u00f8sningsmodel er baseret p\u00e5 naturens \u00e5rtusinder gamle succesmodeller. I overensstemmelse med den naturlige cyklus af tilblivelse og bortgang har de \u00f8konomiske bionikeksperter skabt en kombination af den f\u00e6lles gode valuta Gradido med en \"aktiv basisindkomst\" og en g\u00e6ldfri pengeskabelse i overensstemmelse med det \"tredobbelte gode\". Konkret vil en omdannelse af det nuv\u00e6rende \u00f8konomiske og finansielle system til denne Gradido-model betyde enden p\u00e5 g\u00e6ldspengeprincippet. I stedet vil der blive oprettet 3 x 1.000 Gradido om m\u00e5neden for hver person. 1 000 Gradido vil v\u00e6re til r\u00e5dighed for statsbudgettet. I Tyskland ville denne pengeskabelse stort set svare til det nuv\u00e6rende offentlige budget (forbund, delstat og kommune) plus sundheds- og socialydelser. Der vil blive oprettet yderligere 1 000 Gradido pr. indbygger til udlignings- og milj\u00f8fonden. Den sidste tredjedel vil v\u00e6re tilg\u00e6ngelig for alle som en \"aktiv basisindkomst\" og vil s\u00e5ledes ikke blot sikre, at hver enkelt person er forsynet med de n\u00f8dvendige livsforn\u00f8denheder, men ogs\u00e5 sikre, at kvinder og m\u00e6nd kan v\u00e6re lige aktive og tilfredse i deres karriere og familie i fremtiden.<\/p><p>Behovet for en strukturel \u00e6ndring bekr\u00e6ftes ogs\u00e5 af professor Dr. Bettina Kohlrausch, videnskabelig leder af Hans B\u00f6ckler-stiftelsens \u00f8konomiske og sociale forskningsinstitut (WSI). I podcasten \"Systemrelevant\" uddyber hun sp\u00f8rgsm\u00e5let om, hvor h\u00e5rdt Corona-krisen rammer kvinderne: \"En reel strukturel \u00e6ndring er uundv\u00e6rlig, for det kan ikke v\u00e6re en selvf\u00f8lge, at kvinder forventes at arbejde d\u00e5rligt betalt, underbetalt eller ul\u00f8nnet. De nuv\u00e6rende strukturer fungerer kun, fordi kvinderne er dobbelt socialiseret og s\u00e5ledes rejser rundt p\u00e5 arbejdsmarkedet og i den private pleje, og p\u00e5 begge omr\u00e5der ender de med at udf\u00f8re et arbejde, der ikke anerkendes tilstr\u00e6kkeligt.\" Kohlrausch, der ogs\u00e5 er professor i transformation ved universitetet i Paderborn, opfordrer desuden til \"en realistisk tilrettel\u00e6ggelse af arbejds- og erhvervstiden p\u00e5 en s\u00e5dan m\u00e5de, at der er tilstr\u00e6kkelig tid til familiearbejde og frivillige aktiviteter\".<\/p><p>\"Kun en oml\u00e6gning af det patriarkalske \u00f8konomiske og finansielle system vil kunne fjerne de langsigtede problemer, der skyldes den livslange diskrimination af de fleste kvinder p\u00e5 arbejdsmarkedet: Den evigt truende fattigdomsf\u00e6lde, n\u00e5r et \u00e6gteskab mislykkes eller for enlige for\u00e6ldre - og alderdomsfattigdom, som is\u00e6r rammer kvinder\", uddyber Bernd H\u00fcckst\u00e4dt og forklarer: \"I vores Gradido-model f\u00e5r omsorgsarbejde derfor den samme anerkendelse som enhver anden opgave. Vi \u00f8nsker at skabe en verden, der rent faktisk svarer til livets virkelighed og menneskers behov.\" Margret Baier tilf\u00f8jer: \"Efter naturens forbillede trives enhver succesfuld model med en ligelig repr\u00e6sentation af kvindelige og mandlige p\u00e5virkninger - selv uden en \"kvindekvote\". I Gradido Academy har mange kvinder v\u00e6ret aktive fra starten.\"<\/p><p>For at sikre folks grundl\u00e6ggende behov i alle faser af deres arbejdsliv er der i Gradido-modellen ogs\u00e5 fastsat en basisindkomst. I mods\u00e6tning til den meget omdiskuterede ubetingede basisindkomst ydes den \"aktive basisindkomst\" p\u00e5 h\u00f8jst 1.000 Gradido om m\u00e5neden til mennesker for aktiviteter, som de frivilligt p\u00e5tager sig for at bidrage til og for samfundet. I denne henseende er vurderingen af alt det, der er afg\u00f8rende for et omsorgsfuldt samv\u00e6r, n\u00e6rmest immanent i dette system. Desuden \u00e5bner \"Ubetinget og lige deltagelse\" mulighed for, at kvinder, m\u00e6nd og b\u00f8rn i alle aldre kan opdage nye talenter, pr\u00f8ve sig selv af p\u00e5 mange forskellige omr\u00e5der og dermed udvikle deres fulde potentiale. Bernd H\u00fcckst\u00e4dt siger: \"Vores erkl\u00e6rede m\u00e5l er at give b\u00f8rn og b\u00f8rns b\u00f8rn af alle k\u00f8n, hudfarve og oprindelse en fremtid, der er v\u00e6rd at leve. Det foruds\u00e6tter, at alle har det godt og tager sig af hinanden. Det g\u00f8r folk glade, fordi ikke kun deres hjerter er vide, men ogs\u00e5 mulighederne for at forme deres tid p\u00e5 jorden p\u00e5 en meningsfuld og varieret m\u00e5de. Det lyder utopisk, men if\u00f8lge vores resultater kan det faktisk lade sig g\u00f8re.\"<\/p><p>N\u00e6rmere oplysninger om hele \"Gradido-modellen\" og Gradido-podcasten findes p\u00e5 <a href=\"https:\/\/gradido.net\/da\/\">https:\/\/gradido.net<\/a><\/p><p><!-- \/wp:paragraph --><\/p>\t\t\t\t\t\t\t\t<\/div>\n\t\t\t\t<\/div>\n\t\t\t\t<div class=\"elementor-element elementor-element-e9ff241 elementor-widget elementor-widget-text-editor\" data-id=\"e9ff241\" data-element_type=\"widget\" data-e-type=\"widget\" data-widget_type=\"text-editor.default\">\n\t\t\t\t<div class=\"elementor-widget-container\">\n\t\t\t\t\t\t\t\t\t<p><strong>Om Gradido Academy<\/strong><br>Gradido Academy for Economic Bionics har udviklet en alternativ \"f\u00e6lles god valuta\", der er inspireret af naturen. Naturen f\u00f8lger reglen om, at kun hvor noget g\u00e5r bort, kan noget nyt opst\u00e5, og dermed er langsigtet forbedring (evolution) mulig. Dens opskrift p\u00e5 succes er \"livets cyklus\". Hvis vores \u00f8konomi ogs\u00e5 fulgte denne naturlige cyklus, ville det if\u00f8lge de \u00f8konomiske bionikere l\u00f8se stort set alle verdens pengeproblemer. Gradido-modellen er baseret p\u00e5 den id\u00e9, at ikke kun hver enkelt person, men ogs\u00e5 hver enkelt stat modtager en indkomst, der er oprettet p\u00e5 kreditbasis. P\u00e5 den m\u00e5de kan den udf\u00f8re alle sine opgaver uden at opkr\u00e6ve skatter. Deflation og inflation h\u00f8rer fortiden til. \u00d8konomien er befriet fra det konstante pres for at vokse, og faren for et kollaps af det finansielle system er endelig afv\u00e6rget. (<a href=\"https:\/\/gradido.net\/da\/\">www.gradido.net<\/a>)<\/p>\t\t\t\t\t\t\t\t<\/div>\n\t\t\t\t<\/div>\n\t\t\t\t\t<\/div>\n\t\t<\/div>\n\t\t\t\t\t<\/div>\n\t\t<\/section>\n\t\t\t\t<\/div>","protected":false},"excerpt":{"rendered":"<p>Offenbart der Lockdown das Scheitern der Chancengleichheit? K\u00fcnzelsau, 27.01.2021 \u2013 Nie waren Frauen \u201asystemrelevanter\u2018 als in der Corona-Krise \u2013 und selten mehr belastet. Weltweit sind 70 Prozent des Personals in sozialen und pflegenden Berufen Frauen. Schon in normalen Zeiten leisten sie au\u00dferdem im Schnitt dreimal so viel unbezahlte \u201aSorgearbeit\u2018 wie M\u00e4nner. In der aktuellen Krise [&hellip;]<\/p>\n","protected":false},"author":2,"featured_media":1718,"comment_status":"closed","ping_status":"closed","sticky":false,"template":"","format":"standard","meta":{"footnotes":""},"categories":[8],"tags":[],"class_list":["post-1731","post","type-post","status-publish","format-standard","has-post-thumbnail","hentry","category-pressemitteilung"],"yoast_head":"<!-- This site is optimized with the Yoast SEO plugin v27.5 - https:\/\/yoast.com\/product\/yoast-seo-wordpress\/ -->\n<title>Gradido garantiert Gleichberechtigung von Mann und Frau - Gradido<\/title>\n<meta name=\"robots\" content=\"index, follow, max-snippet:-1, max-image-preview:large, max-video-preview:-1\" \/>\n<link rel=\"canonical\" href=\"https:\/\/gradido.net\/da\/gradido-garantiert-gleichberechtigung-von-mann-und-frau\/\" \/>\n<meta property=\"og:locale\" content=\"da_DK\" \/>\n<meta property=\"og:type\" content=\"article\" \/>\n<meta property=\"og:title\" content=\"Gradido garantiert Gleichberechtigung von Mann und Frau - Gradido\" \/>\n<meta property=\"og:description\" content=\"Offenbart der Lockdown das Scheitern der Chancengleichheit? K\u00fcnzelsau, 27.01.2021 \u2013 Nie waren Frauen \u201asystemrelevanter\u2018 als in der Corona-Krise \u2013 und selten mehr belastet. Weltweit sind 70 Prozent des Personals in sozialen und pflegenden Berufen Frauen. Schon in normalen Zeiten leisten sie au\u00dferdem im Schnitt dreimal so viel unbezahlte \u201aSorgearbeit\u2018 wie M\u00e4nner. In der aktuellen Krise [&hellip;]\" \/>\n<meta property=\"og:url\" content=\"https:\/\/gradido.net\/da\/gradido-garantiert-gleichberechtigung-von-mann-und-frau\/\" \/>\n<meta property=\"og:site_name\" content=\"Gradido\" \/>\n<meta property=\"article:published_time\" content=\"2021-01-27T15:31:50+00:00\" \/>\n<meta property=\"article:modified_time\" content=\"2021-12-11T19:57:47+00:00\" \/>\n<meta property=\"og:image\" content=\"https:\/\/gradido.net\/wp-content\/uploads\/2021\/01\/chancengleichheit-scaled.jpg\" \/>\n\t<meta property=\"og:image:width\" content=\"2560\" \/>\n\t<meta property=\"og:image:height\" content=\"1737\" \/>\n\t<meta property=\"og:image:type\" content=\"image\/jpeg\" \/>\n<meta name=\"author\" content=\"Bernd H\u00fcckst\u00e4dt\" \/>\n<meta name=\"twitter:card\" content=\"summary_large_image\" \/>\n<meta name=\"twitter:label1\" content=\"Skrevet af\" \/>\n\t<meta name=\"twitter:data1\" content=\"Bernd H\u00fcckst\u00e4dt\" \/>\n\t<meta name=\"twitter:label2\" content=\"Estimeret l\u00e6setid\" \/>\n\t<meta name=\"twitter:data2\" content=\"7 minutter\" \/>\n<script type=\"application\/ld+json\" class=\"yoast-schema-graph\">{\"@context\":\"https:\\\/\\\/schema.org\",\"@graph\":[{\"@type\":\"Article\",\"@id\":\"https:\\\/\\\/gradido.net\\\/pl\\\/gradido-garantiert-gleichberechtigung-von-mann-und-frau\\\/#article\",\"isPartOf\":{\"@id\":\"https:\\\/\\\/gradido.net\\\/pl\\\/gradido-garantiert-gleichberechtigung-von-mann-und-frau\\\/\"},\"author\":{\"name\":\"Bernd H\u00fcckst\u00e4dt\",\"@id\":\"https:\\\/\\\/gradido.net\\\/de\\\/#\\\/schema\\\/person\\\/9c503a004ad15a1ddecadce2218db5d1\"},\"headline\":\"Gradido garantiert Gleichberechtigung von Mann und Frau\",\"datePublished\":\"2021-01-27T15:31:50+00:00\",\"dateModified\":\"2021-12-11T19:57:47+00:00\",\"mainEntityOfPage\":{\"@id\":\"https:\\\/\\\/gradido.net\\\/pl\\\/gradido-garantiert-gleichberechtigung-von-mann-und-frau\\\/\"},\"wordCount\":1487,\"publisher\":{\"@id\":\"https:\\\/\\\/gradido.net\\\/de\\\/#organization\"},\"image\":{\"@id\":\"https:\\\/\\\/gradido.net\\\/pl\\\/gradido-garantiert-gleichberechtigung-von-mann-und-frau\\\/#primaryimage\"},\"thumbnailUrl\":\"https:\\\/\\\/gradido.net\\\/wp-content\\\/uploads\\\/2021\\\/01\\\/chancengleichheit-scaled.jpg\",\"articleSection\":[\"Pressemitteilung\"],\"inLanguage\":\"da-DK\"},{\"@type\":\"WebPage\",\"@id\":\"https:\\\/\\\/gradido.net\\\/pl\\\/gradido-garantiert-gleichberechtigung-von-mann-und-frau\\\/\",\"url\":\"https:\\\/\\\/gradido.net\\\/pl\\\/gradido-garantiert-gleichberechtigung-von-mann-und-frau\\\/\",\"name\":\"Gradido garantiert Gleichberechtigung von Mann und Frau - Gradido\",\"isPartOf\":{\"@id\":\"https:\\\/\\\/gradido.net\\\/de\\\/#website\"},\"primaryImageOfPage\":{\"@id\":\"https:\\\/\\\/gradido.net\\\/pl\\\/gradido-garantiert-gleichberechtigung-von-mann-und-frau\\\/#primaryimage\"},\"image\":{\"@id\":\"https:\\\/\\\/gradido.net\\\/pl\\\/gradido-garantiert-gleichberechtigung-von-mann-und-frau\\\/#primaryimage\"},\"thumbnailUrl\":\"https:\\\/\\\/gradido.net\\\/wp-content\\\/uploads\\\/2021\\\/01\\\/chancengleichheit-scaled.jpg\",\"datePublished\":\"2021-01-27T15:31:50+00:00\",\"dateModified\":\"2021-12-11T19:57:47+00:00\",\"breadcrumb\":{\"@id\":\"https:\\\/\\\/gradido.net\\\/pl\\\/gradido-garantiert-gleichberechtigung-von-mann-und-frau\\\/#breadcrumb\"},\"inLanguage\":\"da-DK\",\"potentialAction\":[{\"@type\":\"ReadAction\",\"target\":[\"https:\\\/\\\/gradido.net\\\/pl\\\/gradido-garantiert-gleichberechtigung-von-mann-und-frau\\\/\"]}]},{\"@type\":\"ImageObject\",\"inLanguage\":\"da-DK\",\"@id\":\"https:\\\/\\\/gradido.net\\\/pl\\\/gradido-garantiert-gleichberechtigung-von-mann-und-frau\\\/#primaryimage\",\"url\":\"https:\\\/\\\/gradido.net\\\/wp-content\\\/uploads\\\/2021\\\/01\\\/chancengleichheit-scaled.jpg\",\"contentUrl\":\"https:\\\/\\\/gradido.net\\\/wp-content\\\/uploads\\\/2021\\\/01\\\/chancengleichheit-scaled.jpg\",\"width\":2560,\"height\":1737},{\"@type\":\"BreadcrumbList\",\"@id\":\"https:\\\/\\\/gradido.net\\\/pl\\\/gradido-garantiert-gleichberechtigung-von-mann-und-frau\\\/#breadcrumb\",\"itemListElement\":[{\"@type\":\"ListItem\",\"position\":1,\"name\":\"Startseite\",\"item\":\"https:\\\/\\\/gradido.net\\\/\"},{\"@type\":\"ListItem\",\"position\":2,\"name\":\"Gradido garantiert Gleichberechtigung von Mann und Frau\"}]},{\"@type\":\"WebSite\",\"@id\":\"https:\\\/\\\/gradido.net\\\/de\\\/#website\",\"url\":\"https:\\\/\\\/gradido.net\\\/de\\\/\",\"name\":\"Gradido\",\"description\":\"Die neue W\u00e4hrung hei\u00dft Dankbarkeit\",\"publisher\":{\"@id\":\"https:\\\/\\\/gradido.net\\\/de\\\/#organization\"},\"potentialAction\":[{\"@type\":\"SearchAction\",\"target\":{\"@type\":\"EntryPoint\",\"urlTemplate\":\"https:\\\/\\\/gradido.net\\\/de\\\/?s={search_term_string}\"},\"query-input\":{\"@type\":\"PropertyValueSpecification\",\"valueRequired\":true,\"valueName\":\"search_term_string\"}}],\"inLanguage\":\"da-DK\"},{\"@type\":\"Organization\",\"@id\":\"https:\\\/\\\/gradido.net\\\/de\\\/#organization\",\"name\":\"Gradido\",\"url\":\"https:\\\/\\\/gradido.net\\\/de\\\/\",\"logo\":{\"@type\":\"ImageObject\",\"inLanguage\":\"da-DK\",\"@id\":\"https:\\\/\\\/gradido.net\\\/de\\\/#\\\/schema\\\/logo\\\/image\\\/\",\"url\":\"https:\\\/\\\/gradido.net\\\/wp-content\\\/uploads\\\/2022\\\/04\\\/gradido-social.jpg\",\"contentUrl\":\"https:\\\/\\\/gradido.net\\\/wp-content\\\/uploads\\\/2022\\\/04\\\/gradido-social.jpg\",\"width\":527,\"height\":273,\"caption\":\"Gradido\"},\"image\":{\"@id\":\"https:\\\/\\\/gradido.net\\\/de\\\/#\\\/schema\\\/logo\\\/image\\\/\"}},{\"@type\":\"Person\",\"@id\":\"https:\\\/\\\/gradido.net\\\/de\\\/#\\\/schema\\\/person\\\/9c503a004ad15a1ddecadce2218db5d1\",\"name\":\"Bernd H\u00fcckst\u00e4dt\",\"sameAs\":[\"https:\\\/\\\/gradido.net\"],\"url\":\"https:\\\/\\\/gradido.net\\\/da\\\/author\\\/bernd\\\/\"}]}<\/script>\n<!-- \/ Yoast SEO plugin. -->","yoast_head_json":{"title":"Gradido garanterer lige rettigheder for m\u00e6nd og kvinder - Gradido","robots":{"index":"index","follow":"follow","max-snippet":"max-snippet:-1","max-image-preview":"max-image-preview:large","max-video-preview":"max-video-preview:-1"},"canonical":"https:\/\/gradido.net\/da\/gradido-garantiert-gleichberechtigung-von-mann-und-frau\/","og_locale":"da_DK","og_type":"article","og_title":"Gradido garantiert Gleichberechtigung von Mann und Frau - Gradido","og_description":"Offenbart der Lockdown das Scheitern der Chancengleichheit? K\u00fcnzelsau, 27.01.2021 \u2013 Nie waren Frauen \u201asystemrelevanter\u2018 als in der Corona-Krise \u2013 und selten mehr belastet. Weltweit sind 70 Prozent des Personals in sozialen und pflegenden Berufen Frauen. Schon in normalen Zeiten leisten sie au\u00dferdem im Schnitt dreimal so viel unbezahlte \u201aSorgearbeit\u2018 wie M\u00e4nner. In der aktuellen Krise [&hellip;]","og_url":"https:\/\/gradido.net\/da\/gradido-garantiert-gleichberechtigung-von-mann-und-frau\/","og_site_name":"Gradido","article_published_time":"2021-01-27T15:31:50+00:00","article_modified_time":"2021-12-11T19:57:47+00:00","og_image":[{"width":2560,"height":1737,"url":"https:\/\/gradido.net\/wp-content\/uploads\/2021\/01\/chancengleichheit-scaled.jpg","type":"image\/jpeg"}],"author":"Bernd H\u00fcckst\u00e4dt","twitter_card":"summary_large_image","twitter_misc":{"Skrevet af":"Bernd H\u00fcckst\u00e4dt","Estimeret l\u00e6setid":"7 minutter"},"schema":{"@context":"https:\/\/schema.org","@graph":[{"@type":"Article","@id":"https:\/\/gradido.net\/pl\/gradido-garantiert-gleichberechtigung-von-mann-und-frau\/#article","isPartOf":{"@id":"https:\/\/gradido.net\/pl\/gradido-garantiert-gleichberechtigung-von-mann-und-frau\/"},"author":{"name":"Bernd H\u00fcckst\u00e4dt","@id":"https:\/\/gradido.net\/de\/#\/schema\/person\/9c503a004ad15a1ddecadce2218db5d1"},"headline":"Gradido garantiert Gleichberechtigung von Mann und Frau","datePublished":"2021-01-27T15:31:50+00:00","dateModified":"2021-12-11T19:57:47+00:00","mainEntityOfPage":{"@id":"https:\/\/gradido.net\/pl\/gradido-garantiert-gleichberechtigung-von-mann-und-frau\/"},"wordCount":1487,"publisher":{"@id":"https:\/\/gradido.net\/de\/#organization"},"image":{"@id":"https:\/\/gradido.net\/pl\/gradido-garantiert-gleichberechtigung-von-mann-und-frau\/#primaryimage"},"thumbnailUrl":"https:\/\/gradido.net\/wp-content\/uploads\/2021\/01\/chancengleichheit-scaled.jpg","articleSection":["Pressemitteilung"],"inLanguage":"da-DK"},{"@type":"WebPage","@id":"https:\/\/gradido.net\/pl\/gradido-garantiert-gleichberechtigung-von-mann-und-frau\/","url":"https:\/\/gradido.net\/pl\/gradido-garantiert-gleichberechtigung-von-mann-und-frau\/","name":"Gradido garanterer lige rettigheder for m\u00e6nd og kvinder - Gradido","isPartOf":{"@id":"https:\/\/gradido.net\/de\/#website"},"primaryImageOfPage":{"@id":"https:\/\/gradido.net\/pl\/gradido-garantiert-gleichberechtigung-von-mann-und-frau\/#primaryimage"},"image":{"@id":"https:\/\/gradido.net\/pl\/gradido-garantiert-gleichberechtigung-von-mann-und-frau\/#primaryimage"},"thumbnailUrl":"https:\/\/gradido.net\/wp-content\/uploads\/2021\/01\/chancengleichheit-scaled.jpg","datePublished":"2021-01-27T15:31:50+00:00","dateModified":"2021-12-11T19:57:47+00:00","breadcrumb":{"@id":"https:\/\/gradido.net\/pl\/gradido-garantiert-gleichberechtigung-von-mann-und-frau\/#breadcrumb"},"inLanguage":"da-DK","potentialAction":[{"@type":"ReadAction","target":["https:\/\/gradido.net\/pl\/gradido-garantiert-gleichberechtigung-von-mann-und-frau\/"]}]},{"@type":"ImageObject","inLanguage":"da-DK","@id":"https:\/\/gradido.net\/pl\/gradido-garantiert-gleichberechtigung-von-mann-und-frau\/#primaryimage","url":"https:\/\/gradido.net\/wp-content\/uploads\/2021\/01\/chancengleichheit-scaled.jpg","contentUrl":"https:\/\/gradido.net\/wp-content\/uploads\/2021\/01\/chancengleichheit-scaled.jpg","width":2560,"height":1737},{"@type":"BreadcrumbList","@id":"https:\/\/gradido.net\/pl\/gradido-garantiert-gleichberechtigung-von-mann-und-frau\/#breadcrumb","itemListElement":[{"@type":"ListItem","position":1,"name":"Startseite","item":"https:\/\/gradido.net\/"},{"@type":"ListItem","position":2,"name":"Gradido garantiert Gleichberechtigung von Mann und Frau"}]},{"@type":"WebSite","@id":"https:\/\/gradido.net\/de\/#website","url":"https:\/\/gradido.net\/de\/","name":"Gradido","description":"Den nye valuta er taknemmelighed","publisher":{"@id":"https:\/\/gradido.net\/de\/#organization"},"potentialAction":[{"@type":"SearchAction","target":{"@type":"EntryPoint","urlTemplate":"https:\/\/gradido.net\/de\/?s={search_term_string}"},"query-input":{"@type":"PropertyValueSpecification","valueRequired":true,"valueName":"search_term_string"}}],"inLanguage":"da-DK"},{"@type":"Organization","@id":"https:\/\/gradido.net\/de\/#organization","name":"Gradido","url":"https:\/\/gradido.net\/de\/","logo":{"@type":"ImageObject","inLanguage":"da-DK","@id":"https:\/\/gradido.net\/de\/#\/schema\/logo\/image\/","url":"https:\/\/gradido.net\/wp-content\/uploads\/2022\/04\/gradido-social.jpg","contentUrl":"https:\/\/gradido.net\/wp-content\/uploads\/2022\/04\/gradido-social.jpg","width":527,"height":273,"caption":"Gradido"},"image":{"@id":"https:\/\/gradido.net\/de\/#\/schema\/logo\/image\/"}},{"@type":"Person","@id":"https:\/\/gradido.net\/de\/#\/schema\/person\/9c503a004ad15a1ddecadce2218db5d1","name":"Bernd H\u00fcckst\u00e4dt","sameAs":["https:\/\/gradido.net"],"url":"https:\/\/gradido.net\/da\/author\/bernd\/"}]}},"_links":{"self":[{"href":"https:\/\/gradido.net\/da\/wp-json\/wp\/v2\/posts\/1731","targetHints":{"allow":["GET"]}}],"collection":[{"href":"https:\/\/gradido.net\/da\/wp-json\/wp\/v2\/posts"}],"about":[{"href":"https:\/\/gradido.net\/da\/wp-json\/wp\/v2\/types\/post"}],"author":[{"embeddable":true,"href":"https:\/\/gradido.net\/da\/wp-json\/wp\/v2\/users\/2"}],"replies":[{"embeddable":true,"href":"https:\/\/gradido.net\/da\/wp-json\/wp\/v2\/comments?post=1731"}],"version-history":[{"count":10,"href":"https:\/\/gradido.net\/da\/wp-json\/wp\/v2\/posts\/1731\/revisions"}],"predecessor-version":[{"id":3757,"href":"https:\/\/gradido.net\/da\/wp-json\/wp\/v2\/posts\/1731\/revisions\/3757"}],"wp:featuredmedia":[{"embeddable":true,"href":"https:\/\/gradido.net\/da\/wp-json\/wp\/v2\/media\/1718"}],"wp:attachment":[{"href":"https:\/\/gradido.net\/da\/wp-json\/wp\/v2\/media?parent=1731"}],"wp:term":[{"taxonomy":"category","embeddable":true,"href":"https:\/\/gradido.net\/da\/wp-json\/wp\/v2\/categories?post=1731"},{"taxonomy":"post_tag","embeddable":true,"href":"https:\/\/gradido.net\/da\/wp-json\/wp\/v2\/tags?post=1731"}],"curies":[{"name":"wp","href":"https:\/\/api.w.org\/{rel}","templated":true}]}}