{"id":1885,"date":"2021-02-24T10:56:10","date_gmt":"2021-02-24T09:56:10","guid":{"rendered":"https:\/\/gradido.net\/?p=1885"},"modified":"2021-12-11T21:00:32","modified_gmt":"2021-12-11T20:00:32","slug":"gesellschaftliche-teilhabe-fuer-ein-gesundes-leben","status":"publish","type":"post","link":"https:\/\/gradido.net\/da\/gesellschaftliche-teilhabe-fuer-ein-gesundes-leben\/","title":{"rendered":"Social deltagelse for et sundt liv"},"content":{"rendered":"<div data-elementor-type=\"wp-post\" data-elementor-id=\"1885\" class=\"elementor elementor-1885\" data-elementor-post-type=\"post\">\n\t\t\t\t\t\t<section class=\"elementor-section elementor-top-section elementor-element elementor-element-496e1d53 elementor-section-boxed elementor-section-height-default elementor-section-height-default\" data-id=\"496e1d53\" data-element_type=\"section\" data-e-type=\"section\">\n\t\t\t\t\t\t<div class=\"elementor-container elementor-column-gap-default\">\n\t\t\t\t\t<div class=\"elementor-column elementor-col-100 elementor-top-column elementor-element elementor-element-461d7be0\" data-id=\"461d7be0\" data-element_type=\"column\" data-e-type=\"column\">\n\t\t\t<div class=\"elementor-widget-wrap elementor-element-populated\">\n\t\t\t\t\t\t<div class=\"elementor-element elementor-element-cd9ebe2 elementor-widget elementor-widget-text-editor\" data-id=\"cd9ebe2\" data-element_type=\"widget\" data-e-type=\"widget\" data-widget_type=\"text-editor.default\">\n\t\t\t\t<div class=\"elementor-widget-container\">\n\t\t\t\t\t\t\t\t\t<h2>Gradido-strategi efter nedlukningen<\/h2><p><strong>K\u00fcnzelsau, 24.02.2021 - Corona-krisen med dens massive kontaktbegr\u00e6nsninger giver forskere fra alle fagomr\u00e5der det perfekte grundlag for at unders\u00f8ge de fatale virkninger af isolation og ensomhed. Samtidig giver den nuv\u00e6rende situation utallige nye beviser for, at intet kan p\u00e5virke en persons livskvalitet og levetid s\u00e5 positivt som stabile sociale kontakter, anerkendelse og deltagelse i samfundslivet. Forskerne fra Gradido Academy for Economic Bionics ser derfor et presserende behov for at reformere fremtidens samliv p\u00e5 en m\u00e5de, der muligg\u00f8r og fremmer omsorgsfuldt og livligt samv\u00e6r. Ubetinget deltagelse er en af hj\u00f8rnestenene i deres Gradido-model for et sundt og meningsfuldt liv.<\/strong><\/p><h3>Sociale relationer er n\u00f8glen til et langt og lykkeligt liv<\/h3><p>En af de mest kendte langtidsunders\u00f8gelser om sp\u00f8rgsm\u00e5let om, hvilke kriterier der er afg\u00f8rende for et langt og lykkeligt liv, er foretaget p\u00e5 Harvard University i USA. Siden 1938 er deltagernes familie- og arbejdsliv samt deres helbred og psykiske tilstand blevet dokumenteret i forbindelse med \"Grant Study\". 60 af de oprindelige 724 m\u00e6nd, der blev rekrutteret i lige stort antal blandt f\u00f8rste\u00e5rsstuderende fra det ber\u00f8mte Harvard University og fra meget fattige familier i Boston, er stadig til r\u00e5dighed i dag. Det imponerende resultat af denne longitudinale unders\u00f8gelse af de afg\u00f8rende faktorer for lykke og sundhed: \"En af de vigtigste n\u00f8gler til et langt og sundt liv er sociale relationer\".<\/p><h3>Mennesker har brug for sammenhold<\/h3><p>Den helbredende kraft af gode sociale kontakter bekr\u00e6ftes ogs\u00e5 af psykoeuroimmunologen Joachim Bauer. \"Sociale relationer og oplevelser aktiverer de s\u00e5kaldte bel\u00f8nningssystemer i hjernen og frigiver de gode budbringere dopamin og oxytocin. Vi f\u00f8ler, at andre accepterer os og giver os velvillig opm\u00e6rksomhed. Det mindsker angst og lindrer stress.\"<\/p><h3>Ensomme mennesker d\u00f8r tidligere<\/h3><p>\"Permanent social isolation er en af de st\u00f8rste farer for vores helbred\", advarer sundhedspsykolog Prof. Sonia Lippke. If\u00f8lge hendes resultater bliver de omr\u00e5der i hjernen, der ogs\u00e5 er ansvarlige for smerte, aktive under en s\u00e5dan stress. Dertil kommer s\u00f8vnl\u00f8shed, et sv\u00e6kket immunsystem og faldende kognitive pr\u00e6stationer, som kan f\u00f8re til demens. Andre \u00f8del\u00e6ggende konsekvenser: \"Der er en \u00f8get risiko for at udvikle kr\u00e6ft, f\u00e5 et slagtilf\u00e6lde eller et hjerteanfald, og det er endda muligt at d\u00f8 tidligere p\u00e5 grund af de forskellige sygdomme.\"<\/p><h3>Stigende ensomhed er en d\u00e5rlig bivirkning af indesp\u00e6rringen<\/h3><p>Marcus Mund, der forsker i ensomhed, bekr\u00e6fter: \"Tallene for ensomhed steg under lockdown\", og hans kollega Maike Luhmann fra Ruhr-universitetet i Bochum advarer: \"Grundl\u00e6ggende b\u00f8r vi som samfund have en generel interesse i, at folk ikke lider. Det betyder, at vi alene af humanit\u00e6re \u00e5rsager b\u00f8r fors\u00f8ge at bek\u00e6mpe ensomhed.\"<\/p><h3>Sladderkasser, tilskudssoftware, familier til leje og et ministerium mod ensomhed<\/h3><p>Der anvendes allerede kreative foranstaltninger p\u00e5 forskellige niveauer for at afhj\u00e6lpe de fatale konsekvenser af social isolation. I Nederlandene har en supermarkedsk\u00e6de indf\u00f8rt s\u00e5kaldte \"chat-kasser\" i 2019: P\u00e5 \"Kletskassa\" er der fokus p\u00e5 snak i stedet for hurtig check-in. Inden for omr\u00e5det kunstig intelligens er der blevet udviklet robotter med opm\u00e6rksomhedsprogrammering. Onlineportaler tilbyder \"venner\" til leje, og det japanske firma \"Hagemashi Tai\" g\u00f8r det muligt at booke hele familier som selskab. Briterne har endda haft deres eget \"Ministry of Loneliness\" siden 2018.<\/p><h3>Der er behov for en l\u00f8sning for samfundet som helhed<\/h3><p>Den belgiske psykoanalytiker og bogforfatter professor Paul Verhaeghe anbefaler, at det nuv\u00e6rende system ikke l\u00e6ngere skal ses som alternativl\u00f8st, men at der i stedet b\u00f8r udformes et v\u00e6rdibaseret samfund, hvor betingelserne for \u00f8konomi, arbejde, uddannelse og liv er mindre profitorienterede. Ellers ser han en fare for, at de dybt menneskelige behov for k\u00e6rlighed, tilh\u00f8rsforhold og n\u00e6rhed bliver glemt.<\/p><h3>Gradido-modellen er baseret p\u00e5 de dybeste menneskelige behov<\/h3><p>Forskerne fra Gradido Academy for Economic Bionics ser derfor befrielsen fra ensomhed som en af de centrale udfordringer for en fremtidig samfundsmodel. \"Vi har l\u00e6nge identificeret isolation med dens alvorlige psykologiske og fysiske konsekvenser som et af vor tids v\u00e6rste onder\", understreger Bernd H\u00fcckst\u00e4dt, \u00f8konomisk bioniker og medstifter af det uafh\u00e6ngige forskningsinstitut. \"Viden om, at det ikke kun g\u00f8r folk sundere, men ogs\u00e5 er n\u00f8glen til et lykkeligt liv, hvis de deltager i samfundslivet, var vores drivkraft til at udvikle en model, der g\u00f8r det muligt for folk i alle aldre at spille en aktiv rolle i samfundet hele livet. I henhold til vores princip om \"ubetinget deltagelse\" kan alle virkelig bidrage til f\u00e6llesskabet med deres individuelle f\u00e6rdigheder og talenter. Dette er udvikling af alles potentiale. Med 'Ubetinget deltagelse' skaber vi mulighed for, at hver enkelt kan udvikle nye talenter og forbedre sine f\u00e6rdigheder, s\u00e5 alle kan nyde deres bidrag mere og mere.\"<\/p><p>Det \u00f8konomiske grundlag for disse velg\u00f8rende aktiviteter skabes af den \"aktive basisindkomst\", som udbetales med et maksimumsbel\u00f8b p\u00e5 1.000 Gradido (GDD) om m\u00e5neden for bidrag til det f\u00e6lles bedste. Desuden er det i konceptet for valutaen for det f\u00e6lles gode fastsat, at der ogs\u00e5 skal tr\u00e6kkes 1 000 Gradido (GDD) pr. indbygger pr. m\u00e5ned til statsbudgettet og 1 000 Gradido (GDD) til en natur- og milj\u00f8fond.<\/p><p>Med udgangspunkt i naturens millioner af \u00e5r gamle succesmodeller har de \u00f8konomiske bionikeksperter s\u00e5ledes skabt en model, der kan g\u00f8re det muligt at skabe en ny form for samliv og samarbejde, hvor der ikke er nogen tabere. \"Gennem den nye form for g\u00e6ldfri pengeskabelse og incitamentet til aktivt at bidrage til samfundet for ens egen grundsikkerhed gennem \"aktiv basisindkomst\" kan vi finde tilbage til en livsstil, der g\u00f8r b\u00e5de albue-samfundet og social isolation til en saga blot og dermed giver det bedste grundlag for et tilfredsstillende liv\", forklarer Margret Baier, ejer af Gradido Academy. Baier og H\u00fcckst\u00e4dt ser derfor et presserende behov for en fredelig oml\u00e6gning af det nuv\u00e6rende \u00f8konomiske og finansielle system - til gavn for et lykkeligere, sundere og mere meningsfuldt arbejds- og privatliv - og inviterer alle livsbekr\u00e6ftende mennesker, virksomheder og organisationer til at indg\u00e5 i et \"stort samarbejde\" med Gradido Academy.<\/p><p>N\u00e6rmere oplysninger om det \"store samarbejde\", \"Gradido-modellen\" og Gradido Podcast findes p\u00e5 <a href=\"https:\/\/gradido.net\/da\/\">www.gradido.net<\/a><\/p><p><!-- \/wp:paragraph --><\/p>\t\t\t\t\t\t\t\t<\/div>\n\t\t\t\t<\/div>\n\t\t\t\t<div class=\"elementor-element elementor-element-e9ff241 elementor-widget elementor-widget-text-editor\" data-id=\"e9ff241\" data-element_type=\"widget\" data-e-type=\"widget\" data-widget_type=\"text-editor.default\">\n\t\t\t\t<div class=\"elementor-widget-container\">\n\t\t\t\t\t\t\t\t\t<p><strong>Om Gradido Academy<\/strong><br>Gradido Academy for Economic Bionics har udviklet en alternativ \"f\u00e6lles god valuta\", der er inspireret af naturen. Naturen f\u00f8lger reglen om, at kun hvor noget g\u00e5r bort, kan noget nyt opst\u00e5, og dermed er langsigtet forbedring (evolution) mulig. Dens opskrift p\u00e5 succes er \"livets cyklus\". Hvis vores \u00f8konomi ogs\u00e5 fulgte denne naturlige cyklus, ville det if\u00f8lge de \u00f8konomiske bionikere l\u00f8se stort set alle verdens pengeproblemer. Gradido-modellen er baseret p\u00e5 den id\u00e9, at ikke kun hver enkelt person, men ogs\u00e5 hver enkelt stat modtager en indkomst, der er oprettet p\u00e5 kreditbasis. P\u00e5 den m\u00e5de kan den udf\u00f8re alle sine opgaver uden at opkr\u00e6ve skatter. Deflation og inflation h\u00f8rer fortiden til. \u00d8konomien er befriet fra det konstante pres for at vokse, og faren for et kollaps af det finansielle system er endelig afv\u00e6rget. (<a href=\"https:\/\/gradido.net\/da\/\">www.gradido.net<\/a>)<\/p>\t\t\t\t\t\t\t\t<\/div>\n\t\t\t\t<\/div>\n\t\t\t\t\t<\/div>\n\t\t<\/div>\n\t\t\t\t\t<\/div>\n\t\t<\/section>\n\t\t\t\t<\/div>","protected":false},"excerpt":{"rendered":"<p>Gradido-Strategie nach dem Lockdown K\u00fcnzelsau, 24.02.2021 \u2013 Die Corona-Krise mit ihren massiven Kontaktbeschr\u00e4nkungen bietet Forschern aller Disziplinen die perfekte Grundlage, um die fatalen Auswirkungen von Isolation und Vereinsamung zu erforschen. Zugleich liefert die aktuelle Situation zahllose neue Belege f\u00fcr die Erkenntnis, dass nichts die Lebensqualit\u00e4t und Lebensdauer eines Menschen so positiv beeinflussen kann wie stabile [&hellip;]<\/p>\n","protected":false},"author":2,"featured_media":1884,"comment_status":"closed","ping_status":"closed","sticky":false,"template":"","format":"standard","meta":{"footnotes":""},"categories":[8],"tags":[],"class_list":["post-1885","post","type-post","status-publish","format-standard","has-post-thumbnail","hentry","category-pressemitteilung"],"yoast_head":"<!-- This site is optimized with the Yoast SEO plugin v27.5 - https:\/\/yoast.com\/product\/yoast-seo-wordpress\/ -->\n<title>Gesellschaftliche Teilhabe f\u00fcr ein gesundes Leben - Gradido<\/title>\n<meta name=\"robots\" content=\"index, follow, max-snippet:-1, max-image-preview:large, max-video-preview:-1\" \/>\n<link rel=\"canonical\" href=\"https:\/\/gradido.net\/da\/gesellschaftliche-teilhabe-fuer-ein-gesundes-leben\/\" \/>\n<meta property=\"og:locale\" content=\"da_DK\" \/>\n<meta property=\"og:type\" content=\"article\" \/>\n<meta property=\"og:title\" content=\"Gesellschaftliche Teilhabe f\u00fcr ein gesundes Leben - Gradido\" \/>\n<meta property=\"og:description\" content=\"Gradido-Strategie nach dem Lockdown K\u00fcnzelsau, 24.02.2021 \u2013 Die Corona-Krise mit ihren massiven Kontaktbeschr\u00e4nkungen bietet Forschern aller Disziplinen die perfekte Grundlage, um die fatalen Auswirkungen von Isolation und Vereinsamung zu erforschen. Zugleich liefert die aktuelle Situation zahllose neue Belege f\u00fcr die Erkenntnis, dass nichts die Lebensqualit\u00e4t und Lebensdauer eines Menschen so positiv beeinflussen kann wie stabile [&hellip;]\" \/>\n<meta property=\"og:url\" content=\"https:\/\/gradido.net\/da\/gesellschaftliche-teilhabe-fuer-ein-gesundes-leben\/\" \/>\n<meta property=\"og:site_name\" content=\"Gradido\" \/>\n<meta property=\"article:published_time\" content=\"2021-02-24T09:56:10+00:00\" \/>\n<meta property=\"article:modified_time\" content=\"2021-12-11T20:00:32+00:00\" \/>\n<meta property=\"og:image\" content=\"https:\/\/gradido.net\/wp-content\/uploads\/2021\/02\/gesellschaftliche_teilhabe-scaled.jpg\" \/>\n\t<meta property=\"og:image:width\" content=\"2560\" \/>\n\t<meta property=\"og:image:height\" content=\"1737\" \/>\n\t<meta property=\"og:image:type\" content=\"image\/jpeg\" \/>\n<meta name=\"author\" content=\"Bernd H\u00fcckst\u00e4dt\" \/>\n<meta name=\"twitter:card\" content=\"summary_large_image\" \/>\n<meta name=\"twitter:label1\" content=\"Skrevet af\" \/>\n\t<meta name=\"twitter:data1\" content=\"Bernd H\u00fcckst\u00e4dt\" \/>\n\t<meta name=\"twitter:label2\" content=\"Estimeret l\u00e6setid\" \/>\n\t<meta name=\"twitter:data2\" content=\"6 minutter\" \/>\n<script type=\"application\/ld+json\" class=\"yoast-schema-graph\">{\"@context\":\"https:\\\/\\\/schema.org\",\"@graph\":[{\"@type\":\"Article\",\"@id\":\"https:\\\/\\\/gradido.net\\\/en\\\/gesellschaftliche-teilhabe-fuer-ein-gesundes-leben\\\/#article\",\"isPartOf\":{\"@id\":\"https:\\\/\\\/gradido.net\\\/en\\\/gesellschaftliche-teilhabe-fuer-ein-gesundes-leben\\\/\"},\"author\":{\"name\":\"Bernd H\u00fcckst\u00e4dt\",\"@id\":\"https:\\\/\\\/gradido.net\\\/de\\\/#\\\/schema\\\/person\\\/9c503a004ad15a1ddecadce2218db5d1\"},\"headline\":\"Gesellschaftliche Teilhabe f\u00fcr ein gesundes Leben\",\"datePublished\":\"2021-02-24T09:56:10+00:00\",\"dateModified\":\"2021-12-11T20:00:32+00:00\",\"mainEntityOfPage\":{\"@id\":\"https:\\\/\\\/gradido.net\\\/en\\\/gesellschaftliche-teilhabe-fuer-ein-gesundes-leben\\\/\"},\"wordCount\":1152,\"publisher\":{\"@id\":\"https:\\\/\\\/gradido.net\\\/de\\\/#organization\"},\"image\":{\"@id\":\"https:\\\/\\\/gradido.net\\\/en\\\/gesellschaftliche-teilhabe-fuer-ein-gesundes-leben\\\/#primaryimage\"},\"thumbnailUrl\":\"https:\\\/\\\/gradido.net\\\/wp-content\\\/uploads\\\/2021\\\/02\\\/gesellschaftliche_teilhabe-scaled.jpg\",\"articleSection\":[\"Pressemitteilung\"],\"inLanguage\":\"da-DK\"},{\"@type\":\"WebPage\",\"@id\":\"https:\\\/\\\/gradido.net\\\/en\\\/gesellschaftliche-teilhabe-fuer-ein-gesundes-leben\\\/\",\"url\":\"https:\\\/\\\/gradido.net\\\/en\\\/gesellschaftliche-teilhabe-fuer-ein-gesundes-leben\\\/\",\"name\":\"Gesellschaftliche Teilhabe f\u00fcr ein gesundes Leben - Gradido\",\"isPartOf\":{\"@id\":\"https:\\\/\\\/gradido.net\\\/de\\\/#website\"},\"primaryImageOfPage\":{\"@id\":\"https:\\\/\\\/gradido.net\\\/en\\\/gesellschaftliche-teilhabe-fuer-ein-gesundes-leben\\\/#primaryimage\"},\"image\":{\"@id\":\"https:\\\/\\\/gradido.net\\\/en\\\/gesellschaftliche-teilhabe-fuer-ein-gesundes-leben\\\/#primaryimage\"},\"thumbnailUrl\":\"https:\\\/\\\/gradido.net\\\/wp-content\\\/uploads\\\/2021\\\/02\\\/gesellschaftliche_teilhabe-scaled.jpg\",\"datePublished\":\"2021-02-24T09:56:10+00:00\",\"dateModified\":\"2021-12-11T20:00:32+00:00\",\"breadcrumb\":{\"@id\":\"https:\\\/\\\/gradido.net\\\/en\\\/gesellschaftliche-teilhabe-fuer-ein-gesundes-leben\\\/#breadcrumb\"},\"inLanguage\":\"da-DK\",\"potentialAction\":[{\"@type\":\"ReadAction\",\"target\":[\"https:\\\/\\\/gradido.net\\\/en\\\/gesellschaftliche-teilhabe-fuer-ein-gesundes-leben\\\/\"]}]},{\"@type\":\"ImageObject\",\"inLanguage\":\"da-DK\",\"@id\":\"https:\\\/\\\/gradido.net\\\/en\\\/gesellschaftliche-teilhabe-fuer-ein-gesundes-leben\\\/#primaryimage\",\"url\":\"https:\\\/\\\/gradido.net\\\/wp-content\\\/uploads\\\/2021\\\/02\\\/gesellschaftliche_teilhabe-scaled.jpg\",\"contentUrl\":\"https:\\\/\\\/gradido.net\\\/wp-content\\\/uploads\\\/2021\\\/02\\\/gesellschaftliche_teilhabe-scaled.jpg\",\"width\":2560,\"height\":1737},{\"@type\":\"BreadcrumbList\",\"@id\":\"https:\\\/\\\/gradido.net\\\/en\\\/gesellschaftliche-teilhabe-fuer-ein-gesundes-leben\\\/#breadcrumb\",\"itemListElement\":[{\"@type\":\"ListItem\",\"position\":1,\"name\":\"Startseite\",\"item\":\"https:\\\/\\\/gradido.net\\\/\"},{\"@type\":\"ListItem\",\"position\":2,\"name\":\"Gesellschaftliche Teilhabe f\u00fcr ein gesundes Leben\"}]},{\"@type\":\"WebSite\",\"@id\":\"https:\\\/\\\/gradido.net\\\/de\\\/#website\",\"url\":\"https:\\\/\\\/gradido.net\\\/de\\\/\",\"name\":\"Gradido\",\"description\":\"Die neue W\u00e4hrung hei\u00dft Dankbarkeit\",\"publisher\":{\"@id\":\"https:\\\/\\\/gradido.net\\\/de\\\/#organization\"},\"potentialAction\":[{\"@type\":\"SearchAction\",\"target\":{\"@type\":\"EntryPoint\",\"urlTemplate\":\"https:\\\/\\\/gradido.net\\\/de\\\/?s={search_term_string}\"},\"query-input\":{\"@type\":\"PropertyValueSpecification\",\"valueRequired\":true,\"valueName\":\"search_term_string\"}}],\"inLanguage\":\"da-DK\"},{\"@type\":\"Organization\",\"@id\":\"https:\\\/\\\/gradido.net\\\/de\\\/#organization\",\"name\":\"Gradido\",\"url\":\"https:\\\/\\\/gradido.net\\\/de\\\/\",\"logo\":{\"@type\":\"ImageObject\",\"inLanguage\":\"da-DK\",\"@id\":\"https:\\\/\\\/gradido.net\\\/de\\\/#\\\/schema\\\/logo\\\/image\\\/\",\"url\":\"https:\\\/\\\/gradido.net\\\/wp-content\\\/uploads\\\/2022\\\/04\\\/gradido-social.jpg\",\"contentUrl\":\"https:\\\/\\\/gradido.net\\\/wp-content\\\/uploads\\\/2022\\\/04\\\/gradido-social.jpg\",\"width\":527,\"height\":273,\"caption\":\"Gradido\"},\"image\":{\"@id\":\"https:\\\/\\\/gradido.net\\\/de\\\/#\\\/schema\\\/logo\\\/image\\\/\"}},{\"@type\":\"Person\",\"@id\":\"https:\\\/\\\/gradido.net\\\/de\\\/#\\\/schema\\\/person\\\/9c503a004ad15a1ddecadce2218db5d1\",\"name\":\"Bernd H\u00fcckst\u00e4dt\",\"sameAs\":[\"https:\\\/\\\/gradido.net\"],\"url\":\"https:\\\/\\\/gradido.net\\\/da\\\/author\\\/bernd\\\/\"}]}<\/script>\n<!-- \/ Yoast SEO plugin. -->","yoast_head_json":{"title":"Social deltagelse for et sundt liv - Gradido","robots":{"index":"index","follow":"follow","max-snippet":"max-snippet:-1","max-image-preview":"max-image-preview:large","max-video-preview":"max-video-preview:-1"},"canonical":"https:\/\/gradido.net\/da\/gesellschaftliche-teilhabe-fuer-ein-gesundes-leben\/","og_locale":"da_DK","og_type":"article","og_title":"Gesellschaftliche Teilhabe f\u00fcr ein gesundes Leben - Gradido","og_description":"Gradido-Strategie nach dem Lockdown K\u00fcnzelsau, 24.02.2021 \u2013 Die Corona-Krise mit ihren massiven Kontaktbeschr\u00e4nkungen bietet Forschern aller Disziplinen die perfekte Grundlage, um die fatalen Auswirkungen von Isolation und Vereinsamung zu erforschen. Zugleich liefert die aktuelle Situation zahllose neue Belege f\u00fcr die Erkenntnis, dass nichts die Lebensqualit\u00e4t und Lebensdauer eines Menschen so positiv beeinflussen kann wie stabile [&hellip;]","og_url":"https:\/\/gradido.net\/da\/gesellschaftliche-teilhabe-fuer-ein-gesundes-leben\/","og_site_name":"Gradido","article_published_time":"2021-02-24T09:56:10+00:00","article_modified_time":"2021-12-11T20:00:32+00:00","og_image":[{"width":2560,"height":1737,"url":"https:\/\/gradido.net\/wp-content\/uploads\/2021\/02\/gesellschaftliche_teilhabe-scaled.jpg","type":"image\/jpeg"}],"author":"Bernd H\u00fcckst\u00e4dt","twitter_card":"summary_large_image","twitter_misc":{"Skrevet af":"Bernd H\u00fcckst\u00e4dt","Estimeret l\u00e6setid":"6 minutter"},"schema":{"@context":"https:\/\/schema.org","@graph":[{"@type":"Article","@id":"https:\/\/gradido.net\/en\/gesellschaftliche-teilhabe-fuer-ein-gesundes-leben\/#article","isPartOf":{"@id":"https:\/\/gradido.net\/en\/gesellschaftliche-teilhabe-fuer-ein-gesundes-leben\/"},"author":{"name":"Bernd H\u00fcckst\u00e4dt","@id":"https:\/\/gradido.net\/de\/#\/schema\/person\/9c503a004ad15a1ddecadce2218db5d1"},"headline":"Gesellschaftliche Teilhabe f\u00fcr ein gesundes Leben","datePublished":"2021-02-24T09:56:10+00:00","dateModified":"2021-12-11T20:00:32+00:00","mainEntityOfPage":{"@id":"https:\/\/gradido.net\/en\/gesellschaftliche-teilhabe-fuer-ein-gesundes-leben\/"},"wordCount":1152,"publisher":{"@id":"https:\/\/gradido.net\/de\/#organization"},"image":{"@id":"https:\/\/gradido.net\/en\/gesellschaftliche-teilhabe-fuer-ein-gesundes-leben\/#primaryimage"},"thumbnailUrl":"https:\/\/gradido.net\/wp-content\/uploads\/2021\/02\/gesellschaftliche_teilhabe-scaled.jpg","articleSection":["Pressemitteilung"],"inLanguage":"da-DK"},{"@type":"WebPage","@id":"https:\/\/gradido.net\/en\/gesellschaftliche-teilhabe-fuer-ein-gesundes-leben\/","url":"https:\/\/gradido.net\/en\/gesellschaftliche-teilhabe-fuer-ein-gesundes-leben\/","name":"Social deltagelse for et sundt liv - Gradido","isPartOf":{"@id":"https:\/\/gradido.net\/de\/#website"},"primaryImageOfPage":{"@id":"https:\/\/gradido.net\/en\/gesellschaftliche-teilhabe-fuer-ein-gesundes-leben\/#primaryimage"},"image":{"@id":"https:\/\/gradido.net\/en\/gesellschaftliche-teilhabe-fuer-ein-gesundes-leben\/#primaryimage"},"thumbnailUrl":"https:\/\/gradido.net\/wp-content\/uploads\/2021\/02\/gesellschaftliche_teilhabe-scaled.jpg","datePublished":"2021-02-24T09:56:10+00:00","dateModified":"2021-12-11T20:00:32+00:00","breadcrumb":{"@id":"https:\/\/gradido.net\/en\/gesellschaftliche-teilhabe-fuer-ein-gesundes-leben\/#breadcrumb"},"inLanguage":"da-DK","potentialAction":[{"@type":"ReadAction","target":["https:\/\/gradido.net\/en\/gesellschaftliche-teilhabe-fuer-ein-gesundes-leben\/"]}]},{"@type":"ImageObject","inLanguage":"da-DK","@id":"https:\/\/gradido.net\/en\/gesellschaftliche-teilhabe-fuer-ein-gesundes-leben\/#primaryimage","url":"https:\/\/gradido.net\/wp-content\/uploads\/2021\/02\/gesellschaftliche_teilhabe-scaled.jpg","contentUrl":"https:\/\/gradido.net\/wp-content\/uploads\/2021\/02\/gesellschaftliche_teilhabe-scaled.jpg","width":2560,"height":1737},{"@type":"BreadcrumbList","@id":"https:\/\/gradido.net\/en\/gesellschaftliche-teilhabe-fuer-ein-gesundes-leben\/#breadcrumb","itemListElement":[{"@type":"ListItem","position":1,"name":"Startseite","item":"https:\/\/gradido.net\/"},{"@type":"ListItem","position":2,"name":"Gesellschaftliche Teilhabe f\u00fcr ein gesundes Leben"}]},{"@type":"WebSite","@id":"https:\/\/gradido.net\/de\/#website","url":"https:\/\/gradido.net\/de\/","name":"Gradido","description":"Den nye valuta er taknemmelighed","publisher":{"@id":"https:\/\/gradido.net\/de\/#organization"},"potentialAction":[{"@type":"SearchAction","target":{"@type":"EntryPoint","urlTemplate":"https:\/\/gradido.net\/de\/?s={search_term_string}"},"query-input":{"@type":"PropertyValueSpecification","valueRequired":true,"valueName":"search_term_string"}}],"inLanguage":"da-DK"},{"@type":"Organization","@id":"https:\/\/gradido.net\/de\/#organization","name":"Gradido","url":"https:\/\/gradido.net\/de\/","logo":{"@type":"ImageObject","inLanguage":"da-DK","@id":"https:\/\/gradido.net\/de\/#\/schema\/logo\/image\/","url":"https:\/\/gradido.net\/wp-content\/uploads\/2022\/04\/gradido-social.jpg","contentUrl":"https:\/\/gradido.net\/wp-content\/uploads\/2022\/04\/gradido-social.jpg","width":527,"height":273,"caption":"Gradido"},"image":{"@id":"https:\/\/gradido.net\/de\/#\/schema\/logo\/image\/"}},{"@type":"Person","@id":"https:\/\/gradido.net\/de\/#\/schema\/person\/9c503a004ad15a1ddecadce2218db5d1","name":"Bernd H\u00fcckst\u00e4dt","sameAs":["https:\/\/gradido.net"],"url":"https:\/\/gradido.net\/da\/author\/bernd\/"}]}},"_links":{"self":[{"href":"https:\/\/gradido.net\/da\/wp-json\/wp\/v2\/posts\/1885","targetHints":{"allow":["GET"]}}],"collection":[{"href":"https:\/\/gradido.net\/da\/wp-json\/wp\/v2\/posts"}],"about":[{"href":"https:\/\/gradido.net\/da\/wp-json\/wp\/v2\/types\/post"}],"author":[{"embeddable":true,"href":"https:\/\/gradido.net\/da\/wp-json\/wp\/v2\/users\/2"}],"replies":[{"embeddable":true,"href":"https:\/\/gradido.net\/da\/wp-json\/wp\/v2\/comments?post=1885"}],"version-history":[{"count":11,"href":"https:\/\/gradido.net\/da\/wp-json\/wp\/v2\/posts\/1885\/revisions"}],"predecessor-version":[{"id":3763,"href":"https:\/\/gradido.net\/da\/wp-json\/wp\/v2\/posts\/1885\/revisions\/3763"}],"wp:featuredmedia":[{"embeddable":true,"href":"https:\/\/gradido.net\/da\/wp-json\/wp\/v2\/media\/1884"}],"wp:attachment":[{"href":"https:\/\/gradido.net\/da\/wp-json\/wp\/v2\/media?parent=1885"}],"wp:term":[{"taxonomy":"category","embeddable":true,"href":"https:\/\/gradido.net\/da\/wp-json\/wp\/v2\/categories?post=1885"},{"taxonomy":"post_tag","embeddable":true,"href":"https:\/\/gradido.net\/da\/wp-json\/wp\/v2\/tags?post=1885"}],"curies":[{"name":"wp","href":"https:\/\/api.w.org\/{rel}","templated":true}]}}