{"id":1994,"date":"2021-03-11T12:06:47","date_gmt":"2021-03-11T11:06:47","guid":{"rendered":"https:\/\/gradido.net\/?p=1994"},"modified":"2021-12-11T21:01:44","modified_gmt":"2021-12-11T20:01:44","slug":"wirtschaftsforscher-nutzen-corona-krise-als-forschungslabor","status":"publish","type":"post","link":"https:\/\/gradido.net\/da\/wirtschaftsforscher-nutzen-corona-krise-als-forschungslabor\/","title":{"rendered":"\u00d8konomiske forskere bruger Corona-krisen som forskningslaboratorium"},"content":{"rendered":"<div data-elementor-type=\"wp-post\" data-elementor-id=\"1994\" class=\"elementor elementor-1994\" data-elementor-post-type=\"post\">\n\t\t\t\t\t\t<section class=\"elementor-section elementor-top-section elementor-element elementor-element-496e1d53 elementor-section-boxed elementor-section-height-default elementor-section-height-default\" data-id=\"496e1d53\" data-element_type=\"section\" data-e-type=\"section\">\n\t\t\t\t\t\t<div class=\"elementor-container elementor-column-gap-default\">\n\t\t\t\t\t<div class=\"elementor-column elementor-col-100 elementor-top-column elementor-element elementor-element-461d7be0\" data-id=\"461d7be0\" data-element_type=\"column\" data-e-type=\"column\">\n\t\t\t<div class=\"elementor-widget-wrap elementor-element-populated\">\n\t\t\t\t\t\t<div class=\"elementor-element elementor-element-cd9ebe2 elementor-widget elementor-widget-text-editor\" data-id=\"cd9ebe2\" data-element_type=\"widget\" data-e-type=\"widget\" data-widget_type=\"text-editor.default\">\n\t\t\t\t<div class=\"elementor-widget-container\">\n\t\t\t\t\t\t\t\t\t<h2>For en bedre arbejdsverden<\/h2><p><strong>K\u00fcnzelsau,11.03.2021 - For millioner af mennesker er bekymringer om deres arbejde \u00e5rsag til en knap kontrollerbar uro. De l\u00e6nges efter at vende tilbage til deres gamle liv med dets formodede sikkerhed og forudsigelighed. Men er det virkelig \u00f8nskv\u00e6rdigt? Da de tyske arbejdstagere allerede f\u00f8r krisen blev betragtet som \"frustrationsk\u00e6mpere\", kunne vi helt sikkert bruge den nuv\u00e6rende undtagelsestilstand som et forskningslaboratorium for en bedre arbejdsverden. Eksperterne i Business Bionics p\u00e5 Gradido Academy og den kendte schweiziske professor i international ledelse, \"Musterbrecher\" Prof. Hans W\u00fcthrich, er allerede begyndt at g\u00f8re det.<\/strong><\/p><p>En dansk unders\u00f8gelse af den globale medarbejdertilfredshed viste allerede i 2020, at der ikke er noget land i verden, hvor folk g\u00e5r s\u00e5 trist p\u00e5 arbejde som i Tyskland. Dette kommer ikke som nogen overraskelse for medstifteren af Gradido Academy for Business Bionics, Bernd H\u00fcckst\u00e4dt, eller for ledelsesforskeren professor Hans W\u00fcthrich. Begge mener, at der er et presserende behov for at reformere ledelseskulturen og det finansielle system - ikke kun i dette land.<\/p><h3>Ansatte med ret til ydelser<\/h3><p>If\u00f8lge nyere unders\u00f8gelser er hverken hurtige forfremmelsesmuligheder eller en l\u00f8n over gennemsnittet de afg\u00f8rende kriterier for valget af fremtidig arbejdsgiver. B\u00e5de studerende og medarbejdere er tv\u00e6rtimod forenet af \u00f8nsket om at spille en positiv rolle i udformningen af fremtiden. Denne tendens bekr\u00e6ftes ogs\u00e5 af professor W\u00fcthrich: \"For mange mennesker er det i dag ikke l\u00e6ngere nok blot at f\u00e5 l\u00f8n for deres arbejdsindsats. Ikke kun unge mennesker, men folk i almindelighed \u00f8nsker at \u00e6ndre verden til det bedre, beskytte milj\u00f8et og dets naturressourcer og g\u00f8re noget meningsfuldt. For mig betyder det, at organisationerne i langt h\u00f8jere grad skal holde \u00f8je med hvorfor, dvs. legitimere deres eksistensberettigelse. De skal have svar p\u00e5 sp\u00f8rgsm\u00e5let: Hvad er vores positive bidrag til en bedre verden? Hvem nyder p\u00e5 hvilken m\u00e5de godt af succesen af vores iv\u00e6rks\u00e6tteraktiviteter? I fremtiden vil organisationer i stigende grad v\u00e6re n\u00f8dt til at tilbyde levende rum, hvor medarbejderne kan udvikle sig yderligere og udfolde deres potentiale.<\/p><h3>Corona-krisen som et laboratorium for muligheder for fremtiden<\/h3><p>If\u00f8lge professor W\u00fcthrich skaber det faktum, at mange organisationer er tvunget til at g\u00e5 helt nye veje i krisen, et \"reelt mulighedslaboratorium for fremtiden\". \"Alle disse uplanlagte eksperimenter giver en enest\u00e5ende mulighed for at befri netop ogs\u00e5 ledelseskulturen fra uhensigtsm\u00e6ssige fordomme, dogmer og tabuer og udvikle den intelligent.\" I overensstemmelse med princippet om \"refleksion i stedet for reflektion\" opfordrer forvaltningseksperten lederne til at tage sig tid til at analysere de observationer, som Corona-foranstaltningerne har givet anledning til, og som er meget interessante for organisationskulturen, p\u00e5 trods af det forst\u00e5elige \u00f8nske om at vende tilbage til normaliteten f\u00f8r Corona s\u00e5 hurtigt som muligt. \"Og vi b\u00f8r m\u00e5ske ogs\u00e5 g\u00f8re utopier til virkelighed, drage vores egne konklusioner og bevidst beslutte, hvilke af de erfaringer og indsigter, der er indsamlet i Corona-choktilstand, der skal overf\u00f8res til den fremtidige arbejdsverden som en ny normalitet.\"<\/p><h3>Tiden er inde til et nyt \u00f8konomisk system<\/h3><p>De \u00f8konomiske bionikforskere p\u00e5 Gradido Academy har allerede udviklet et koncept for en bedre arbejds- og livsverden. I mere end to \u00e5rtier har forskerne omkring den f\u00e6lles gode valuta Gradido (GDD) v\u00e6ret i stand til at designe et \u00f8konomisk og finansielt system, der ikke blot vil \u00e6ndre arbejdsverdenen fuldst\u00e6ndigt. H\u00fcckst\u00e4dt, som er medstifter af akademiet, siger: \"Tiden for transformation har aldrig v\u00e6ret bedre. Koronakrisen er et reelt laboratorium - selv om vi er g\u00e5et ind i det ufrivilligt. Den gamle normalitet vil ikke l\u00e6ngere eksistere, men i stedet en meget anderledes mangfoldighed. Med et nyt \u00f8konomisk, finansielt og monet\u00e6rt system skaber vi helt nye muligheder for at udvikle og udvikle os.\"<\/p><h3>Nyt manuskript til bestyrelseslokalet?<\/h3><p>De fleste ledere mangler stadig tillid til og erfaring med at h\u00e5ndtere deres medarbejderes kollektive intelligens. If\u00f8lge professor W\u00fcthrich er dette grunden til, at potentialet i \u00f8jeblikket \u00f8del\u00e6gges i stedet for at blive udviklet, \"og at man g\u00e5r glip af muligheden for at opn\u00e5 bedre l\u00f8sninger og en h\u00f8jere kvalitet i probleml\u00f8sningen gennem deltagelse af mange. De vigtigste tilgange til en succesfuld fremtidig virksomhedskultur er at have tillid til medarbejdernes kompetence og d\u00f8mmekraft og at fokusere p\u00e5 at udvikle deres potentiale.<\/p><h3>Hos Gradido er potentialudvikling programmet<\/h3><p>I Gradido-modellen er den bedst mulige fremme af ens egne talenter n\u00e6rmest systemimmanent. Det betragtes som kernen i \"ubetinget deltagelse\", som tilbydes alle mennesker som et bidrag til en \"aktiv basisindkomst\". H\u00fcckst\u00e4dt forklarer: \"Hvis vores model vinder indpas, vil udviklingen af potentialet blive et af livets centrale temaer. Det er afg\u00f8rende, at vi med Gradido kan opn\u00e5, at alle mennesker f\u00e5r det godt. S\u00e5 l\u00e6nge jeg er n\u00f8dt til at k\u00e6mpe for min eksistens under pres og acceptere stort set ethvert job for at sikre min overlevelse, er der ikke meget tilbage til udvikling af potentiale. I sidste ende er dette imidlertid n\u00f8glen til et tilfredsstillende liv og til st\u00f8rst mulig succes for hele samfundet. Derfor kan alle i Gradido-modellen f\u00e5 en 'aktiv basisindkomst'.\"<\/p><p>At bryde den onde cirkel af eksistentiel frygt og konkurrence<br \/>Gradido skaber med afskaffelsen af \"g\u00e6ldspengeprincippet\" en anden uundv\u00e6rlig foruds\u00e6tning for en tilfredsstillende sameksistens. H\u00fcckst\u00e4dt siger: \"S\u00e5 l\u00e6nge den enes kredit er den andens g\u00e6ld, kan vi mennesker ikke leve i fred med hinanden. Gradidos pengeskabelse for den enkelte skaber derimod grundlaget for en gl\u00e6delig og behagelig sameksistens. Under mottoet \"samarbejde i stedet for konkurrence\" vil vi kunne udnytte synergier og udvikle solidaritet.\"<\/p><p>I denne \u00e5nd inviterer Bernd H\u00fcckst\u00e4dt og ejeren af Gradido Academy, Margret Baier, ligesindede og venner af en bedre (arbejds)verden til at udveksle og samarbejde.<\/p><p>Detaljer om Gradido-modellen og podcast-afsnittet med professor Hans W\u00fcthrich, Bernd H\u00fcckst\u00e4dt og Michael M\u00e4rzheuser om emnet \"Pattern Breakers - Making Utopias a Reality\" (m\u00f8nsterbrydere - at g\u00f8re utopier til virkelighed) p\u00e5 www.gradido.net.<\/p><p><!-- \/wp:paragraph --><\/p>\t\t\t\t\t\t\t\t<\/div>\n\t\t\t\t<\/div>\n\t\t\t\t<div class=\"elementor-element elementor-element-e9ff241 elementor-widget elementor-widget-text-editor\" data-id=\"e9ff241\" data-element_type=\"widget\" data-e-type=\"widget\" data-widget_type=\"text-editor.default\">\n\t\t\t\t<div class=\"elementor-widget-container\">\n\t\t\t\t\t\t\t\t\t<p><strong>Om Gradido Academy<\/strong><br>Gradido Academy for Economic Bionics har udviklet en alternativ \"f\u00e6lles god valuta\", der er inspireret af naturen. Naturen f\u00f8lger reglen om, at kun hvor noget g\u00e5r bort, kan noget nyt opst\u00e5, og dermed er langsigtet forbedring (evolution) mulig. Dens opskrift p\u00e5 succes er \"livets cyklus\". Hvis vores \u00f8konomi ogs\u00e5 fulgte denne naturlige cyklus, ville det if\u00f8lge de \u00f8konomiske bionikere l\u00f8se stort set alle verdens pengeproblemer. Gradido-modellen er baseret p\u00e5 den id\u00e9, at ikke kun hver enkelt person, men ogs\u00e5 hver enkelt stat modtager en indkomst, der er oprettet p\u00e5 kreditbasis. P\u00e5 den m\u00e5de kan den udf\u00f8re alle sine opgaver uden at opkr\u00e6ve skatter. Deflation og inflation h\u00f8rer fortiden til. \u00d8konomien er befriet fra det konstante pres for at vokse, og faren for et kollaps af det finansielle system er endelig afv\u00e6rget. (<a href=\"https:\/\/gradido.net\/da\/\">www.gradido.net<\/a>)<\/p>\t\t\t\t\t\t\t\t<\/div>\n\t\t\t\t<\/div>\n\t\t\t\t\t<\/div>\n\t\t<\/div>\n\t\t\t\t\t<\/div>\n\t\t<\/section>\n\t\t\t\t<\/div>","protected":false},"excerpt":{"rendered":"<p>F\u00fcr eine bessere Arbeitswelt K\u00fcnzelsau,11.03.2021 \u2013 Millionen Menschen beschert die Sorge um ihren Arbeitsplatz kaum beherrschbare \u00c4ngste. Sie sehnen sich nach der R\u00fcckkehr in ihr altes Leben mit seiner vermeintlichen Sicherheit und Berechenbarkeit. Aber ist das wirklich erstrebenswert? Nachdem deutsche Arbeitnehmer schon vor der Krise als \u201aFrustweltmeister\u2018 galten, k\u00f6nnten wir den aktuellen Ausnahmezustand auch durchaus [&hellip;]<\/p>\n","protected":false},"author":2,"featured_media":1939,"comment_status":"closed","ping_status":"closed","sticky":false,"template":"","format":"standard","meta":{"footnotes":""},"categories":[8],"tags":[],"class_list":["post-1994","post","type-post","status-publish","format-standard","has-post-thumbnail","hentry","category-pressemitteilung"],"yoast_head":"<!-- This site is optimized with the Yoast SEO plugin v27.5 - https:\/\/yoast.com\/product\/yoast-seo-wordpress\/ -->\n<title>Wirtschaftsforscher nutzen Corona-Krise als Forschungslabor - Gradido<\/title>\n<meta name=\"robots\" content=\"index, follow, max-snippet:-1, max-image-preview:large, max-video-preview:-1\" \/>\n<link rel=\"canonical\" href=\"https:\/\/gradido.net\/da\/wirtschaftsforscher-nutzen-corona-krise-als-forschungslabor\/\" \/>\n<meta property=\"og:locale\" content=\"da_DK\" \/>\n<meta property=\"og:type\" content=\"article\" \/>\n<meta property=\"og:title\" content=\"Wirtschaftsforscher nutzen Corona-Krise als Forschungslabor - Gradido\" \/>\n<meta property=\"og:description\" content=\"F\u00fcr eine bessere Arbeitswelt K\u00fcnzelsau,11.03.2021 \u2013 Millionen Menschen beschert die Sorge um ihren Arbeitsplatz kaum beherrschbare \u00c4ngste. Sie sehnen sich nach der R\u00fcckkehr in ihr altes Leben mit seiner vermeintlichen Sicherheit und Berechenbarkeit. Aber ist das wirklich erstrebenswert? Nachdem deutsche Arbeitnehmer schon vor der Krise als \u201aFrustweltmeister\u2018 galten, k\u00f6nnten wir den aktuellen Ausnahmezustand auch durchaus [&hellip;]\" \/>\n<meta property=\"og:url\" content=\"https:\/\/gradido.net\/da\/wirtschaftsforscher-nutzen-corona-krise-als-forschungslabor\/\" \/>\n<meta property=\"og:site_name\" content=\"Gradido\" \/>\n<meta property=\"article:published_time\" content=\"2021-03-11T11:06:47+00:00\" \/>\n<meta property=\"article:modified_time\" content=\"2021-12-11T20:01:44+00:00\" \/>\n<meta property=\"og:image\" content=\"https:\/\/gradido.net\/wp-content\/uploads\/2021\/03\/krise_als_forschungslabor.jpg\" \/>\n\t<meta property=\"og:image:width\" content=\"1750\" \/>\n\t<meta property=\"og:image:height\" content=\"1188\" \/>\n\t<meta property=\"og:image:type\" content=\"image\/jpeg\" \/>\n<meta name=\"author\" content=\"Bernd H\u00fcckst\u00e4dt\" \/>\n<meta name=\"twitter:card\" content=\"summary_large_image\" \/>\n<meta name=\"twitter:label1\" content=\"Skrevet af\" \/>\n\t<meta name=\"twitter:data1\" content=\"Bernd H\u00fcckst\u00e4dt\" \/>\n\t<meta name=\"twitter:label2\" content=\"Estimeret l\u00e6setid\" \/>\n\t<meta name=\"twitter:data2\" content=\"5 minutter\" \/>\n<script type=\"application\/ld+json\" class=\"yoast-schema-graph\">{\"@context\":\"https:\\\/\\\/schema.org\",\"@graph\":[{\"@type\":\"Article\",\"@id\":\"https:\\\/\\\/gradido.net\\\/wirtschaftsforscher-nutzen-corona-krise-als-forschungslabor\\\/#article\",\"isPartOf\":{\"@id\":\"https:\\\/\\\/gradido.net\\\/wirtschaftsforscher-nutzen-corona-krise-als-forschungslabor\\\/\"},\"author\":{\"name\":\"Bernd H\u00fcckst\u00e4dt\",\"@id\":\"https:\\\/\\\/gradido.net\\\/de\\\/#\\\/schema\\\/person\\\/9c503a004ad15a1ddecadce2218db5d1\"},\"headline\":\"Wirtschaftsforscher nutzen Corona-Krise als Forschungslabor\",\"datePublished\":\"2021-03-11T11:06:47+00:00\",\"dateModified\":\"2021-12-11T20:01:44+00:00\",\"mainEntityOfPage\":{\"@id\":\"https:\\\/\\\/gradido.net\\\/wirtschaftsforscher-nutzen-corona-krise-als-forschungslabor\\\/\"},\"wordCount\":1096,\"publisher\":{\"@id\":\"https:\\\/\\\/gradido.net\\\/de\\\/#organization\"},\"image\":{\"@id\":\"https:\\\/\\\/gradido.net\\\/wirtschaftsforscher-nutzen-corona-krise-als-forschungslabor\\\/#primaryimage\"},\"thumbnailUrl\":\"https:\\\/\\\/gradido.net\\\/wp-content\\\/uploads\\\/2021\\\/03\\\/krise_als_forschungslabor.jpg\",\"articleSection\":[\"Pressemitteilung\"],\"inLanguage\":\"da-DK\"},{\"@type\":\"WebPage\",\"@id\":\"https:\\\/\\\/gradido.net\\\/wirtschaftsforscher-nutzen-corona-krise-als-forschungslabor\\\/\",\"url\":\"https:\\\/\\\/gradido.net\\\/wirtschaftsforscher-nutzen-corona-krise-als-forschungslabor\\\/\",\"name\":\"Wirtschaftsforscher nutzen Corona-Krise als Forschungslabor - Gradido\",\"isPartOf\":{\"@id\":\"https:\\\/\\\/gradido.net\\\/de\\\/#website\"},\"primaryImageOfPage\":{\"@id\":\"https:\\\/\\\/gradido.net\\\/wirtschaftsforscher-nutzen-corona-krise-als-forschungslabor\\\/#primaryimage\"},\"image\":{\"@id\":\"https:\\\/\\\/gradido.net\\\/wirtschaftsforscher-nutzen-corona-krise-als-forschungslabor\\\/#primaryimage\"},\"thumbnailUrl\":\"https:\\\/\\\/gradido.net\\\/wp-content\\\/uploads\\\/2021\\\/03\\\/krise_als_forschungslabor.jpg\",\"datePublished\":\"2021-03-11T11:06:47+00:00\",\"dateModified\":\"2021-12-11T20:01:44+00:00\",\"breadcrumb\":{\"@id\":\"https:\\\/\\\/gradido.net\\\/wirtschaftsforscher-nutzen-corona-krise-als-forschungslabor\\\/#breadcrumb\"},\"inLanguage\":\"da-DK\",\"potentialAction\":[{\"@type\":\"ReadAction\",\"target\":[\"https:\\\/\\\/gradido.net\\\/wirtschaftsforscher-nutzen-corona-krise-als-forschungslabor\\\/\"]}]},{\"@type\":\"ImageObject\",\"inLanguage\":\"da-DK\",\"@id\":\"https:\\\/\\\/gradido.net\\\/wirtschaftsforscher-nutzen-corona-krise-als-forschungslabor\\\/#primaryimage\",\"url\":\"https:\\\/\\\/gradido.net\\\/wp-content\\\/uploads\\\/2021\\\/03\\\/krise_als_forschungslabor.jpg\",\"contentUrl\":\"https:\\\/\\\/gradido.net\\\/wp-content\\\/uploads\\\/2021\\\/03\\\/krise_als_forschungslabor.jpg\",\"width\":1750,\"height\":1188},{\"@type\":\"BreadcrumbList\",\"@id\":\"https:\\\/\\\/gradido.net\\\/wirtschaftsforscher-nutzen-corona-krise-als-forschungslabor\\\/#breadcrumb\",\"itemListElement\":[{\"@type\":\"ListItem\",\"position\":1,\"name\":\"Startseite\",\"item\":\"https:\\\/\\\/gradido.net\\\/\"},{\"@type\":\"ListItem\",\"position\":2,\"name\":\"Wirtschaftsforscher nutzen Corona-Krise als Forschungslabor\"}]},{\"@type\":\"WebSite\",\"@id\":\"https:\\\/\\\/gradido.net\\\/de\\\/#website\",\"url\":\"https:\\\/\\\/gradido.net\\\/de\\\/\",\"name\":\"Gradido\",\"description\":\"Die neue W\u00e4hrung hei\u00dft Dankbarkeit\",\"publisher\":{\"@id\":\"https:\\\/\\\/gradido.net\\\/de\\\/#organization\"},\"potentialAction\":[{\"@type\":\"SearchAction\",\"target\":{\"@type\":\"EntryPoint\",\"urlTemplate\":\"https:\\\/\\\/gradido.net\\\/de\\\/?s={search_term_string}\"},\"query-input\":{\"@type\":\"PropertyValueSpecification\",\"valueRequired\":true,\"valueName\":\"search_term_string\"}}],\"inLanguage\":\"da-DK\"},{\"@type\":\"Organization\",\"@id\":\"https:\\\/\\\/gradido.net\\\/de\\\/#organization\",\"name\":\"Gradido\",\"url\":\"https:\\\/\\\/gradido.net\\\/de\\\/\",\"logo\":{\"@type\":\"ImageObject\",\"inLanguage\":\"da-DK\",\"@id\":\"https:\\\/\\\/gradido.net\\\/de\\\/#\\\/schema\\\/logo\\\/image\\\/\",\"url\":\"https:\\\/\\\/gradido.net\\\/wp-content\\\/uploads\\\/2022\\\/04\\\/gradido-social.jpg\",\"contentUrl\":\"https:\\\/\\\/gradido.net\\\/wp-content\\\/uploads\\\/2022\\\/04\\\/gradido-social.jpg\",\"width\":527,\"height\":273,\"caption\":\"Gradido\"},\"image\":{\"@id\":\"https:\\\/\\\/gradido.net\\\/de\\\/#\\\/schema\\\/logo\\\/image\\\/\"}},{\"@type\":\"Person\",\"@id\":\"https:\\\/\\\/gradido.net\\\/de\\\/#\\\/schema\\\/person\\\/9c503a004ad15a1ddecadce2218db5d1\",\"name\":\"Bernd H\u00fcckst\u00e4dt\",\"sameAs\":[\"https:\\\/\\\/gradido.net\"],\"url\":\"https:\\\/\\\/gradido.net\\\/da\\\/author\\\/bernd\\\/\"}]}<\/script>\n<!-- \/ Yoast SEO plugin. -->","yoast_head_json":{"title":"\u00d8konomiske forskere bruger Corona-krisen som forskningslaboratorium - Gradido","robots":{"index":"index","follow":"follow","max-snippet":"max-snippet:-1","max-image-preview":"max-image-preview:large","max-video-preview":"max-video-preview:-1"},"canonical":"https:\/\/gradido.net\/da\/wirtschaftsforscher-nutzen-corona-krise-als-forschungslabor\/","og_locale":"da_DK","og_type":"article","og_title":"Wirtschaftsforscher nutzen Corona-Krise als Forschungslabor - Gradido","og_description":"F\u00fcr eine bessere Arbeitswelt K\u00fcnzelsau,11.03.2021 \u2013 Millionen Menschen beschert die Sorge um ihren Arbeitsplatz kaum beherrschbare \u00c4ngste. Sie sehnen sich nach der R\u00fcckkehr in ihr altes Leben mit seiner vermeintlichen Sicherheit und Berechenbarkeit. Aber ist das wirklich erstrebenswert? Nachdem deutsche Arbeitnehmer schon vor der Krise als \u201aFrustweltmeister\u2018 galten, k\u00f6nnten wir den aktuellen Ausnahmezustand auch durchaus [&hellip;]","og_url":"https:\/\/gradido.net\/da\/wirtschaftsforscher-nutzen-corona-krise-als-forschungslabor\/","og_site_name":"Gradido","article_published_time":"2021-03-11T11:06:47+00:00","article_modified_time":"2021-12-11T20:01:44+00:00","og_image":[{"width":1750,"height":1188,"url":"https:\/\/gradido.net\/wp-content\/uploads\/2021\/03\/krise_als_forschungslabor.jpg","type":"image\/jpeg"}],"author":"Bernd H\u00fcckst\u00e4dt","twitter_card":"summary_large_image","twitter_misc":{"Skrevet af":"Bernd H\u00fcckst\u00e4dt","Estimeret l\u00e6setid":"5 minutter"},"schema":{"@context":"https:\/\/schema.org","@graph":[{"@type":"Article","@id":"https:\/\/gradido.net\/wirtschaftsforscher-nutzen-corona-krise-als-forschungslabor\/#article","isPartOf":{"@id":"https:\/\/gradido.net\/wirtschaftsforscher-nutzen-corona-krise-als-forschungslabor\/"},"author":{"name":"Bernd H\u00fcckst\u00e4dt","@id":"https:\/\/gradido.net\/de\/#\/schema\/person\/9c503a004ad15a1ddecadce2218db5d1"},"headline":"Wirtschaftsforscher nutzen Corona-Krise als Forschungslabor","datePublished":"2021-03-11T11:06:47+00:00","dateModified":"2021-12-11T20:01:44+00:00","mainEntityOfPage":{"@id":"https:\/\/gradido.net\/wirtschaftsforscher-nutzen-corona-krise-als-forschungslabor\/"},"wordCount":1096,"publisher":{"@id":"https:\/\/gradido.net\/de\/#organization"},"image":{"@id":"https:\/\/gradido.net\/wirtschaftsforscher-nutzen-corona-krise-als-forschungslabor\/#primaryimage"},"thumbnailUrl":"https:\/\/gradido.net\/wp-content\/uploads\/2021\/03\/krise_als_forschungslabor.jpg","articleSection":["Pressemitteilung"],"inLanguage":"da-DK"},{"@type":"WebPage","@id":"https:\/\/gradido.net\/wirtschaftsforscher-nutzen-corona-krise-als-forschungslabor\/","url":"https:\/\/gradido.net\/wirtschaftsforscher-nutzen-corona-krise-als-forschungslabor\/","name":"\u00d8konomiske forskere bruger Corona-krisen som forskningslaboratorium - Gradido","isPartOf":{"@id":"https:\/\/gradido.net\/de\/#website"},"primaryImageOfPage":{"@id":"https:\/\/gradido.net\/wirtschaftsforscher-nutzen-corona-krise-als-forschungslabor\/#primaryimage"},"image":{"@id":"https:\/\/gradido.net\/wirtschaftsforscher-nutzen-corona-krise-als-forschungslabor\/#primaryimage"},"thumbnailUrl":"https:\/\/gradido.net\/wp-content\/uploads\/2021\/03\/krise_als_forschungslabor.jpg","datePublished":"2021-03-11T11:06:47+00:00","dateModified":"2021-12-11T20:01:44+00:00","breadcrumb":{"@id":"https:\/\/gradido.net\/wirtschaftsforscher-nutzen-corona-krise-als-forschungslabor\/#breadcrumb"},"inLanguage":"da-DK","potentialAction":[{"@type":"ReadAction","target":["https:\/\/gradido.net\/wirtschaftsforscher-nutzen-corona-krise-als-forschungslabor\/"]}]},{"@type":"ImageObject","inLanguage":"da-DK","@id":"https:\/\/gradido.net\/wirtschaftsforscher-nutzen-corona-krise-als-forschungslabor\/#primaryimage","url":"https:\/\/gradido.net\/wp-content\/uploads\/2021\/03\/krise_als_forschungslabor.jpg","contentUrl":"https:\/\/gradido.net\/wp-content\/uploads\/2021\/03\/krise_als_forschungslabor.jpg","width":1750,"height":1188},{"@type":"BreadcrumbList","@id":"https:\/\/gradido.net\/wirtschaftsforscher-nutzen-corona-krise-als-forschungslabor\/#breadcrumb","itemListElement":[{"@type":"ListItem","position":1,"name":"Startseite","item":"https:\/\/gradido.net\/"},{"@type":"ListItem","position":2,"name":"Wirtschaftsforscher nutzen Corona-Krise als Forschungslabor"}]},{"@type":"WebSite","@id":"https:\/\/gradido.net\/de\/#website","url":"https:\/\/gradido.net\/de\/","name":"Gradido","description":"Den nye valuta er taknemmelighed","publisher":{"@id":"https:\/\/gradido.net\/de\/#organization"},"potentialAction":[{"@type":"SearchAction","target":{"@type":"EntryPoint","urlTemplate":"https:\/\/gradido.net\/de\/?s={search_term_string}"},"query-input":{"@type":"PropertyValueSpecification","valueRequired":true,"valueName":"search_term_string"}}],"inLanguage":"da-DK"},{"@type":"Organization","@id":"https:\/\/gradido.net\/de\/#organization","name":"Gradido","url":"https:\/\/gradido.net\/de\/","logo":{"@type":"ImageObject","inLanguage":"da-DK","@id":"https:\/\/gradido.net\/de\/#\/schema\/logo\/image\/","url":"https:\/\/gradido.net\/wp-content\/uploads\/2022\/04\/gradido-social.jpg","contentUrl":"https:\/\/gradido.net\/wp-content\/uploads\/2022\/04\/gradido-social.jpg","width":527,"height":273,"caption":"Gradido"},"image":{"@id":"https:\/\/gradido.net\/de\/#\/schema\/logo\/image\/"}},{"@type":"Person","@id":"https:\/\/gradido.net\/de\/#\/schema\/person\/9c503a004ad15a1ddecadce2218db5d1","name":"Bernd H\u00fcckst\u00e4dt","sameAs":["https:\/\/gradido.net"],"url":"https:\/\/gradido.net\/da\/author\/bernd\/"}]}},"_links":{"self":[{"href":"https:\/\/gradido.net\/da\/wp-json\/wp\/v2\/posts\/1994","targetHints":{"allow":["GET"]}}],"collection":[{"href":"https:\/\/gradido.net\/da\/wp-json\/wp\/v2\/posts"}],"about":[{"href":"https:\/\/gradido.net\/da\/wp-json\/wp\/v2\/types\/post"}],"author":[{"embeddable":true,"href":"https:\/\/gradido.net\/da\/wp-json\/wp\/v2\/users\/2"}],"replies":[{"embeddable":true,"href":"https:\/\/gradido.net\/da\/wp-json\/wp\/v2\/comments?post=1994"}],"version-history":[{"count":8,"href":"https:\/\/gradido.net\/da\/wp-json\/wp\/v2\/posts\/1994\/revisions"}],"predecessor-version":[{"id":3766,"href":"https:\/\/gradido.net\/da\/wp-json\/wp\/v2\/posts\/1994\/revisions\/3766"}],"wp:featuredmedia":[{"embeddable":true,"href":"https:\/\/gradido.net\/da\/wp-json\/wp\/v2\/media\/1939"}],"wp:attachment":[{"href":"https:\/\/gradido.net\/da\/wp-json\/wp\/v2\/media?parent=1994"}],"wp:term":[{"taxonomy":"category","embeddable":true,"href":"https:\/\/gradido.net\/da\/wp-json\/wp\/v2\/categories?post=1994"},{"taxonomy":"post_tag","embeddable":true,"href":"https:\/\/gradido.net\/da\/wp-json\/wp\/v2\/tags?post=1994"}],"curies":[{"name":"wp","href":"https:\/\/api.w.org\/{rel}","templated":true}]}}