{"id":5573,"date":"2022-08-30T20:46:44","date_gmt":"2022-08-30T18:46:44","guid":{"rendered":"https:\/\/gradido.net\/?p=5573"},"modified":"2026-04-24T08:15:59","modified_gmt":"2026-04-24T06:15:59","slug":"gradido-eine-oekonomie-der-dankbarkeit","status":"publish","type":"post","link":"https:\/\/gradido.net\/da\/gradido-eine-oekonomie-der-dankbarkeit\/","title":{"rendered":"Gradido - en \u00f8konomi med taknemmelighed"},"content":{"rendered":"<div data-elementor-type=\"wp-post\" data-elementor-id=\"5573\" class=\"elementor elementor-5573\" data-elementor-post-type=\"post\">\n\t\t\t\t\t\t<section class=\"elementor-section elementor-top-section elementor-element elementor-element-496e1d53 elementor-section-boxed elementor-section-height-default elementor-section-height-default\" data-id=\"496e1d53\" data-element_type=\"section\" data-e-type=\"section\">\n\t\t\t\t\t\t<div class=\"elementor-container elementor-column-gap-default\">\n\t\t\t\t\t<div class=\"elementor-column elementor-col-100 elementor-top-column elementor-element elementor-element-461d7be0\" data-id=\"461d7be0\" data-element_type=\"column\" data-e-type=\"column\">\n\t\t\t<div class=\"elementor-widget-wrap elementor-element-populated\">\n\t\t\t\t\t\t<div class=\"elementor-element elementor-element-b44b1b3 elementor-widget elementor-widget-text-editor\" data-id=\"b44b1b3\" data-element_type=\"widget\" data-e-type=\"widget\" data-widget_type=\"text-editor.default\">\n\t\t\t\t<div class=\"elementor-widget-container\">\n\t\t\t\t\t\t\t\t\t<h3>Margret Baier og Bernd H\u00fcckst\u00e4dt interviewet af Cornelius Braitmaier fra <a href=\"https:\/\/www.some1.tv\/\" target=\"_blank\" rel=\"noopener\">SOME1-TV<\/a><\/h3><p>K\u00dcNZELSAU - En retf\u00e6rdig \u00f8konomi, en retf\u00e6rdig valuta, et system, hvor pengene igen tjener menneskene og ikke menneskene tjener pengene. Hvor naturen er en partner og gives tilbage i stedet for blot at blive udnyttet. En \u00f8konomi baseret p\u00e5 taknemmelighed og anerkendelse. Det er visionen og projektet Gradido.<\/p>\t\t\t\t\t\t\t\t<\/div>\n\t\t\t\t<\/div>\n\t\t\t\t<div class=\"elementor-element elementor-element-1087c6f elementor-widget elementor-widget-video\" data-id=\"1087c6f\" data-element_type=\"widget\" data-e-type=\"widget\" data-settings=\"{&quot;youtube_url&quot;:&quot;https:\\\/\\\/www.youtube.com\\\/watch?v=o3eMyQYGGhw&quot;,&quot;video_type&quot;:&quot;youtube&quot;,&quot;controls&quot;:&quot;yes&quot;}\" data-widget_type=\"video.default\">\n\t\t\t\t<div class=\"elementor-widget-container\">\n\t\t\t\t\t\t\t<div class=\"elementor-wrapper elementor-open-inline\">\n\t\t\t<div class=\"elementor-video\"><\/div>\t\t<\/div>\n\t\t\t\t\t\t<\/div>\n\t\t\t\t<\/div>\n\t\t\t\t<div class=\"elementor-element elementor-element-cd9ebe2 elementor-widget elementor-widget-text-editor\" data-id=\"cd9ebe2\" data-element_type=\"widget\" data-e-type=\"widget\" data-widget_type=\"text-editor.default\">\n\t\t\t\t<div class=\"elementor-widget-container\">\n\t\t\t\t\t\t\t\t\t<p>Det eksisterende monet\u00e6re system bliver mere og mere ubalanceret, kl\u00f8ften mellem rig og fattig bliver st\u00f8rre, og \u00f8konomien, politikken, samfundslivet og selv vores egen tankegang er fanget i de begr\u00e6nsninger og afh\u00e6ngigheder, der ligger i pengemagtens magt.<\/p><p>Gradido er et forskningsprojekt og et h\u00e5b for mange mennesker, der s\u00f8ger efter et \u00f8konomisk system, der er egnet til fremtiden. Med et nyt \u00f8konomisk system, der er bygget p\u00e5 taknemmelighed og fremme af det f\u00e6lles bedste, kan menneskefamilien have en god chance for at klare udfordringerne i det 21. \u00e5rhundrede. Gradido Academy for Economic Bionics er ved at unders\u00f8ge en s\u00e5dan model.<\/p><p>I interviewet talte vi om uretf\u00e6rdigheden i det eksisterende system og om, hvordan Gradido kan v\u00e6re et retf\u00e6rdigt alternativ. Om knaphed og frygt-t\u00e6nkning, og hvordan den kan erstattes af overflod og taknemmelighed. Om \u00f8konomisk bionik og hvordan naturen tjener som model, og naturligvis om hvem, hvordan og hvorfor valutaen skal bruges til en fremtid, der er egnet til b\u00f8rneb\u00f8rnene.<\/p><p>Mange tak til Cornelius Braitmaier fra <a href=\"https:\/\/www.some1.tv\/\" target=\"_blank\" rel=\"noopener\">some1.tv<\/a> for det dejlige og informative interview!<\/p><p>Jeg h\u00e5ber, at du nyder at se videoen, og at du f\u00e5r en god indsigt.<\/p><p>Med venlig hilsen<\/p><p><img decoding=\"async\" class=\"alignnone wp-image-4614 size-medium\" src=\"https:\/\/gradido.net\/wp-content\/uploads\/2022\/06\/MargretBernd_2022-300x74.png\" alt=\"\" width=\"300\" height=\"74\" srcset=\"https:\/\/gradido.net\/wp-content\/uploads\/2022\/06\/MargretBernd_2022-300x74.png 300w, https:\/\/gradido.net\/wp-content\/uploads\/2022\/06\/MargretBernd_2022-18x4.png 18w, https:\/\/gradido.net\/wp-content\/uploads\/2022\/06\/MargretBernd_2022.png 431w\" sizes=\"(max-width: 300px) 100vw, 300px\" \/><\/p><p>Margret Baier og Bernd H\u00fcckst\u00e4dt<br \/>Gradido grundl\u00e6gger og udvikler<\/p>\t\t\t\t\t\t\t\t<\/div>\n\t\t\t\t<\/div>\n\t\t\t\t\t<\/div>\n\t\t<\/div>\n\t\t\t\t\t<\/div>\n\t\t<\/section>\n\t\t\t\t<section class=\"elementor-section elementor-top-section elementor-element elementor-element-13f5736 elementor-section-boxed elementor-section-height-default elementor-section-height-default\" data-id=\"13f5736\" data-element_type=\"section\" data-e-type=\"section\">\n\t\t\t\t\t\t<div class=\"elementor-container elementor-column-gap-default\">\n\t\t\t\t\t<div class=\"elementor-column elementor-col-100 elementor-top-column elementor-element elementor-element-04384e0\" data-id=\"04384e0\" data-element_type=\"column\" data-e-type=\"column\">\n\t\t\t<div class=\"elementor-widget-wrap elementor-element-populated\">\n\t\t\t\t\t\t<div class=\"elementor-element elementor-element-6e6fca3 elementor-widget elementor-widget-global elementor-global-9341 elementor-widget-text-editor\" data-id=\"6e6fca3\" data-element_type=\"widget\" data-e-type=\"widget\" data-widget_type=\"text-editor.default\">\n\t\t\t\t<div class=\"elementor-widget-container\">\n\t\t\t\t\t\t\t\t\t<p><strong>PS:\u00a0<span style=\"color: #ff6600;\"><a style=\"color: #ff6600;\" href=\"https:\/\/gradido.net\/da\/donations\/\">P\u00e5 grund af Gradidos stadigt voksende betydning gentager vi vores taknemmelighedskampagne den 26. juni 2026:<\/a>\u00a0<\/span><span style=\"color: #0000ff;\"><a style=\"color: #0000ff;\" href=\"https:\/\/gradido.net\/da\/donations\/\">Ud over de mange GradidoTransform for dit sponsorbidrag vil vi \u00f8ge alle GDT-kontosaldi med 26% den 26\/06\/2016. Sponsorer nu, og nyd de mange GDT-bel\u00f8b!<\/a><\/span><\/strong><\/p>\t\t\t\t\t\t\t\t<\/div>\n\t\t\t\t<\/div>\n\t\t\t\t\t<\/div>\n\t\t<\/div>\n\t\t\t\t\t<\/div>\n\t\t<\/section>\n\t\t\t\t<\/div>","protected":false},"excerpt":{"rendered":"<p>Margret Baier og Bernd H\u00fcckst\u00e4dt i et interview med Cornelius Braitmaier fra some1.tv - En retf\u00e6rdig \u00f8konomi, en retf\u00e6rdig valuta, et system, hvor pengene igen tjener menneskene og ikke menneskene tjener pengene.<\/p>","protected":false},"author":2,"featured_media":5575,"comment_status":"closed","ping_status":"closed","sticky":false,"template":"","format":"standard","meta":{"footnotes":""},"categories":[11,56],"tags":[22],"class_list":["post-5573","post","type-post","status-publish","format-standard","has-post-thumbnail","hentry","category-blog","category-psychologie","tag-bild-oben"],"yoast_head":"<!-- This site is optimized with the Yoast SEO plugin v27.5 - https:\/\/yoast.com\/product\/yoast-seo-wordpress\/ -->\n<title>Gradido - eine \u00d6konomie der Dankbarkeit - Gradido<\/title>\n<meta name=\"description\" content=\"Margret Baier und Bernd H\u00fcckst\u00e4dt im Interview mit Cornelius Braitmaier von some1.tv \u2013\u00a0Eine gerechte Wirtschaft, eine faire W\u00e4hrung, ein System in welchem Geld wieder dem Menschen dient und nicht die Menschen dem Gelde. In dem die Natur Partnerin ist und zur\u00fcckgegeben wird anstatt nur auszubeuten. Eine \u00d6konomie der Dankbarkeit und Wertsch\u00e4tzung. Das ist die Vision und das Projekt Gradido.\" \/>\n<meta name=\"robots\" content=\"index, follow, max-snippet:-1, max-image-preview:large, max-video-preview:-1\" \/>\n<link rel=\"canonical\" href=\"https:\/\/gradido.net\/da\/gradido-eine-oekonomie-der-dankbarkeit\/\" \/>\n<meta property=\"og:locale\" content=\"da_DK\" \/>\n<meta property=\"og:type\" content=\"article\" \/>\n<meta property=\"og:title\" content=\"Gradido - eine \u00d6konomie der Dankbarkeit - Gradido\" \/>\n<meta property=\"og:description\" content=\"Margret Baier und Bernd H\u00fcckst\u00e4dt im Interview mit Cornelius Braitmaier von some1.tv \u2013\u00a0Eine gerechte Wirtschaft, eine faire W\u00e4hrung, ein System in welchem Geld wieder dem Menschen dient und nicht die Menschen dem Gelde. In dem die Natur Partnerin ist und zur\u00fcckgegeben wird anstatt nur auszubeuten. Eine \u00d6konomie der Dankbarkeit und Wertsch\u00e4tzung. Das ist die Vision und das Projekt Gradido.\" \/>\n<meta property=\"og:url\" content=\"https:\/\/gradido.net\/da\/gradido-eine-oekonomie-der-dankbarkeit\/\" \/>\n<meta property=\"og:site_name\" content=\"Gradido\" \/>\n<meta property=\"article:published_time\" content=\"2022-08-30T18:46:44+00:00\" \/>\n<meta property=\"article:modified_time\" content=\"2026-04-24T06:15:59+00:00\" \/>\n<meta property=\"og:image\" content=\"https:\/\/gradido.net\/wp-content\/uploads\/2022\/08\/Some1.jpg\" \/>\n\t<meta property=\"og:image:width\" content=\"1800\" \/>\n\t<meta property=\"og:image:height\" content=\"735\" \/>\n\t<meta property=\"og:image:type\" content=\"image\/jpeg\" \/>\n<meta name=\"author\" content=\"Bernd H\u00fcckst\u00e4dt\" \/>\n<meta name=\"twitter:card\" content=\"summary_large_image\" \/>\n<meta name=\"twitter:label1\" content=\"Skrevet af\" \/>\n\t<meta name=\"twitter:data1\" content=\"Bernd H\u00fcckst\u00e4dt\" \/>\n\t<meta name=\"twitter:label2\" content=\"Estimeret l\u00e6setid\" \/>\n\t<meta name=\"twitter:data2\" content=\"2 minutter\" \/>\n<script type=\"application\/ld+json\" class=\"yoast-schema-graph\">{\"@context\":\"https:\\\/\\\/schema.org\",\"@graph\":[{\"@type\":\"Article\",\"@id\":\"https:\\\/\\\/gradido.net\\\/gradido-eine-oekonomie-der-dankbarkeit\\\/#article\",\"isPartOf\":{\"@id\":\"https:\\\/\\\/gradido.net\\\/gradido-eine-oekonomie-der-dankbarkeit\\\/\"},\"author\":{\"name\":\"Bernd H\u00fcckst\u00e4dt\",\"@id\":\"https:\\\/\\\/gradido.net\\\/de\\\/#\\\/schema\\\/person\\\/9c503a004ad15a1ddecadce2218db5d1\"},\"headline\":\"Gradido &#8211; eine \u00d6konomie der Dankbarkeit\",\"datePublished\":\"2022-08-30T18:46:44+00:00\",\"dateModified\":\"2026-04-24T06:15:59+00:00\",\"mainEntityOfPage\":{\"@id\":\"https:\\\/\\\/gradido.net\\\/gradido-eine-oekonomie-der-dankbarkeit\\\/\"},\"wordCount\":325,\"publisher\":{\"@id\":\"https:\\\/\\\/gradido.net\\\/de\\\/#organization\"},\"image\":{\"@id\":\"https:\\\/\\\/gradido.net\\\/gradido-eine-oekonomie-der-dankbarkeit\\\/#primaryimage\"},\"thumbnailUrl\":\"https:\\\/\\\/gradido.net\\\/wp-content\\\/uploads\\\/2022\\\/08\\\/Some1.jpg\",\"keywords\":[\"Bild oben\"],\"articleSection\":[\"Blog\",\"Psychologie\"],\"inLanguage\":\"da-DK\"},{\"@type\":\"WebPage\",\"@id\":\"https:\\\/\\\/gradido.net\\\/gradido-eine-oekonomie-der-dankbarkeit\\\/\",\"url\":\"https:\\\/\\\/gradido.net\\\/gradido-eine-oekonomie-der-dankbarkeit\\\/\",\"name\":\"Gradido - eine \u00d6konomie der Dankbarkeit - Gradido\",\"isPartOf\":{\"@id\":\"https:\\\/\\\/gradido.net\\\/de\\\/#website\"},\"primaryImageOfPage\":{\"@id\":\"https:\\\/\\\/gradido.net\\\/gradido-eine-oekonomie-der-dankbarkeit\\\/#primaryimage\"},\"image\":{\"@id\":\"https:\\\/\\\/gradido.net\\\/gradido-eine-oekonomie-der-dankbarkeit\\\/#primaryimage\"},\"thumbnailUrl\":\"https:\\\/\\\/gradido.net\\\/wp-content\\\/uploads\\\/2022\\\/08\\\/Some1.jpg\",\"datePublished\":\"2022-08-30T18:46:44+00:00\",\"dateModified\":\"2026-04-24T06:15:59+00:00\",\"description\":\"Margret Baier und Bernd H\u00fcckst\u00e4dt im Interview mit Cornelius Braitmaier von some1.tv \u2013\u00a0Eine gerechte Wirtschaft, eine faire W\u00e4hrung, ein System in welchem Geld wieder dem Menschen dient und nicht die Menschen dem Gelde. In dem die Natur Partnerin ist und zur\u00fcckgegeben wird anstatt nur auszubeuten. Eine \u00d6konomie der Dankbarkeit und Wertsch\u00e4tzung. Das ist die Vision und das Projekt Gradido.\",\"breadcrumb\":{\"@id\":\"https:\\\/\\\/gradido.net\\\/gradido-eine-oekonomie-der-dankbarkeit\\\/#breadcrumb\"},\"inLanguage\":\"da-DK\",\"potentialAction\":[{\"@type\":\"ReadAction\",\"target\":[\"https:\\\/\\\/gradido.net\\\/gradido-eine-oekonomie-der-dankbarkeit\\\/\"]}]},{\"@type\":\"ImageObject\",\"inLanguage\":\"da-DK\",\"@id\":\"https:\\\/\\\/gradido.net\\\/gradido-eine-oekonomie-der-dankbarkeit\\\/#primaryimage\",\"url\":\"https:\\\/\\\/gradido.net\\\/wp-content\\\/uploads\\\/2022\\\/08\\\/Some1.jpg\",\"contentUrl\":\"https:\\\/\\\/gradido.net\\\/wp-content\\\/uploads\\\/2022\\\/08\\\/Some1.jpg\",\"width\":1800,\"height\":735},{\"@type\":\"BreadcrumbList\",\"@id\":\"https:\\\/\\\/gradido.net\\\/gradido-eine-oekonomie-der-dankbarkeit\\\/#breadcrumb\",\"itemListElement\":[{\"@type\":\"ListItem\",\"position\":1,\"name\":\"Startseite\",\"item\":\"https:\\\/\\\/gradido.net\\\/\"},{\"@type\":\"ListItem\",\"position\":2,\"name\":\"Gradido &#8211; eine \u00d6konomie der Dankbarkeit\"}]},{\"@type\":\"WebSite\",\"@id\":\"https:\\\/\\\/gradido.net\\\/de\\\/#website\",\"url\":\"https:\\\/\\\/gradido.net\\\/de\\\/\",\"name\":\"Gradido\",\"description\":\"Die neue W\u00e4hrung hei\u00dft Dankbarkeit\",\"publisher\":{\"@id\":\"https:\\\/\\\/gradido.net\\\/de\\\/#organization\"},\"potentialAction\":[{\"@type\":\"SearchAction\",\"target\":{\"@type\":\"EntryPoint\",\"urlTemplate\":\"https:\\\/\\\/gradido.net\\\/de\\\/?s={search_term_string}\"},\"query-input\":{\"@type\":\"PropertyValueSpecification\",\"valueRequired\":true,\"valueName\":\"search_term_string\"}}],\"inLanguage\":\"da-DK\"},{\"@type\":\"Organization\",\"@id\":\"https:\\\/\\\/gradido.net\\\/de\\\/#organization\",\"name\":\"Gradido\",\"url\":\"https:\\\/\\\/gradido.net\\\/de\\\/\",\"logo\":{\"@type\":\"ImageObject\",\"inLanguage\":\"da-DK\",\"@id\":\"https:\\\/\\\/gradido.net\\\/de\\\/#\\\/schema\\\/logo\\\/image\\\/\",\"url\":\"https:\\\/\\\/gradido.net\\\/wp-content\\\/uploads\\\/2022\\\/04\\\/gradido-social.jpg\",\"contentUrl\":\"https:\\\/\\\/gradido.net\\\/wp-content\\\/uploads\\\/2022\\\/04\\\/gradido-social.jpg\",\"width\":527,\"height\":273,\"caption\":\"Gradido\"},\"image\":{\"@id\":\"https:\\\/\\\/gradido.net\\\/de\\\/#\\\/schema\\\/logo\\\/image\\\/\"}},{\"@type\":\"Person\",\"@id\":\"https:\\\/\\\/gradido.net\\\/de\\\/#\\\/schema\\\/person\\\/9c503a004ad15a1ddecadce2218db5d1\",\"name\":\"Bernd H\u00fcckst\u00e4dt\",\"sameAs\":[\"https:\\\/\\\/gradido.net\"],\"url\":\"https:\\\/\\\/gradido.net\\\/da\\\/author\\\/bernd\\\/\"}]}<\/script>\n<!-- \/ Yoast SEO plugin. -->","yoast_head_json":{"title":"Gradido - en \u00f8konomi af taknemmelighed - Gradido","description":"Margret Baier og Bernd H\u00fcckst\u00e4dt i et interview med Cornelius Braitmaier fra some1.tv - En retf\u00e6rdig \u00f8konomi, en fair valuta, et system, hvor penge igen tjener mennesker og ikke mennesker tjener penge. Hvor naturen er partner og gives tilbage i stedet for bare at blive udnyttet. En \u00f8konomi af taknemmelighed og p\u00e5sk\u00f8nnelse. Det er visionen og projektet Gradido.","robots":{"index":"index","follow":"follow","max-snippet":"max-snippet:-1","max-image-preview":"max-image-preview:large","max-video-preview":"max-video-preview:-1"},"canonical":"https:\/\/gradido.net\/da\/gradido-eine-oekonomie-der-dankbarkeit\/","og_locale":"da_DK","og_type":"article","og_title":"Gradido - eine \u00d6konomie der Dankbarkeit - Gradido","og_description":"Margret Baier und Bernd H\u00fcckst\u00e4dt im Interview mit Cornelius Braitmaier von some1.tv \u2013\u00a0Eine gerechte Wirtschaft, eine faire W\u00e4hrung, ein System in welchem Geld wieder dem Menschen dient und nicht die Menschen dem Gelde. In dem die Natur Partnerin ist und zur\u00fcckgegeben wird anstatt nur auszubeuten. Eine \u00d6konomie der Dankbarkeit und Wertsch\u00e4tzung. Das ist die Vision und das Projekt Gradido.","og_url":"https:\/\/gradido.net\/da\/gradido-eine-oekonomie-der-dankbarkeit\/","og_site_name":"Gradido","article_published_time":"2022-08-30T18:46:44+00:00","article_modified_time":"2026-04-24T06:15:59+00:00","og_image":[{"width":1800,"height":735,"url":"https:\/\/gradido.net\/wp-content\/uploads\/2022\/08\/Some1.jpg","type":"image\/jpeg"}],"author":"Bernd H\u00fcckst\u00e4dt","twitter_card":"summary_large_image","twitter_misc":{"Skrevet af":"Bernd H\u00fcckst\u00e4dt","Estimeret l\u00e6setid":"2 minutter"},"schema":{"@context":"https:\/\/schema.org","@graph":[{"@type":"Article","@id":"https:\/\/gradido.net\/gradido-eine-oekonomie-der-dankbarkeit\/#article","isPartOf":{"@id":"https:\/\/gradido.net\/gradido-eine-oekonomie-der-dankbarkeit\/"},"author":{"name":"Bernd H\u00fcckst\u00e4dt","@id":"https:\/\/gradido.net\/de\/#\/schema\/person\/9c503a004ad15a1ddecadce2218db5d1"},"headline":"Gradido &#8211; eine \u00d6konomie der Dankbarkeit","datePublished":"2022-08-30T18:46:44+00:00","dateModified":"2026-04-24T06:15:59+00:00","mainEntityOfPage":{"@id":"https:\/\/gradido.net\/gradido-eine-oekonomie-der-dankbarkeit\/"},"wordCount":325,"publisher":{"@id":"https:\/\/gradido.net\/de\/#organization"},"image":{"@id":"https:\/\/gradido.net\/gradido-eine-oekonomie-der-dankbarkeit\/#primaryimage"},"thumbnailUrl":"https:\/\/gradido.net\/wp-content\/uploads\/2022\/08\/Some1.jpg","keywords":["Bild oben"],"articleSection":["Blog","Psychologie"],"inLanguage":"da-DK"},{"@type":"WebPage","@id":"https:\/\/gradido.net\/gradido-eine-oekonomie-der-dankbarkeit\/","url":"https:\/\/gradido.net\/gradido-eine-oekonomie-der-dankbarkeit\/","name":"Gradido - en \u00f8konomi af taknemmelighed - Gradido","isPartOf":{"@id":"https:\/\/gradido.net\/de\/#website"},"primaryImageOfPage":{"@id":"https:\/\/gradido.net\/gradido-eine-oekonomie-der-dankbarkeit\/#primaryimage"},"image":{"@id":"https:\/\/gradido.net\/gradido-eine-oekonomie-der-dankbarkeit\/#primaryimage"},"thumbnailUrl":"https:\/\/gradido.net\/wp-content\/uploads\/2022\/08\/Some1.jpg","datePublished":"2022-08-30T18:46:44+00:00","dateModified":"2026-04-24T06:15:59+00:00","description":"Margret Baier og Bernd H\u00fcckst\u00e4dt i et interview med Cornelius Braitmaier fra some1.tv - En retf\u00e6rdig \u00f8konomi, en fair valuta, et system, hvor penge igen tjener mennesker og ikke mennesker tjener penge. Hvor naturen er partner og gives tilbage i stedet for bare at blive udnyttet. En \u00f8konomi af taknemmelighed og p\u00e5sk\u00f8nnelse. Det er visionen og projektet Gradido.","breadcrumb":{"@id":"https:\/\/gradido.net\/gradido-eine-oekonomie-der-dankbarkeit\/#breadcrumb"},"inLanguage":"da-DK","potentialAction":[{"@type":"ReadAction","target":["https:\/\/gradido.net\/gradido-eine-oekonomie-der-dankbarkeit\/"]}]},{"@type":"ImageObject","inLanguage":"da-DK","@id":"https:\/\/gradido.net\/gradido-eine-oekonomie-der-dankbarkeit\/#primaryimage","url":"https:\/\/gradido.net\/wp-content\/uploads\/2022\/08\/Some1.jpg","contentUrl":"https:\/\/gradido.net\/wp-content\/uploads\/2022\/08\/Some1.jpg","width":1800,"height":735},{"@type":"BreadcrumbList","@id":"https:\/\/gradido.net\/gradido-eine-oekonomie-der-dankbarkeit\/#breadcrumb","itemListElement":[{"@type":"ListItem","position":1,"name":"Startseite","item":"https:\/\/gradido.net\/"},{"@type":"ListItem","position":2,"name":"Gradido &#8211; eine \u00d6konomie der Dankbarkeit"}]},{"@type":"WebSite","@id":"https:\/\/gradido.net\/de\/#website","url":"https:\/\/gradido.net\/de\/","name":"Gradido","description":"Den nye valuta er taknemmelighed","publisher":{"@id":"https:\/\/gradido.net\/de\/#organization"},"potentialAction":[{"@type":"SearchAction","target":{"@type":"EntryPoint","urlTemplate":"https:\/\/gradido.net\/de\/?s={search_term_string}"},"query-input":{"@type":"PropertyValueSpecification","valueRequired":true,"valueName":"search_term_string"}}],"inLanguage":"da-DK"},{"@type":"Organization","@id":"https:\/\/gradido.net\/de\/#organization","name":"Gradido","url":"https:\/\/gradido.net\/de\/","logo":{"@type":"ImageObject","inLanguage":"da-DK","@id":"https:\/\/gradido.net\/de\/#\/schema\/logo\/image\/","url":"https:\/\/gradido.net\/wp-content\/uploads\/2022\/04\/gradido-social.jpg","contentUrl":"https:\/\/gradido.net\/wp-content\/uploads\/2022\/04\/gradido-social.jpg","width":527,"height":273,"caption":"Gradido"},"image":{"@id":"https:\/\/gradido.net\/de\/#\/schema\/logo\/image\/"}},{"@type":"Person","@id":"https:\/\/gradido.net\/de\/#\/schema\/person\/9c503a004ad15a1ddecadce2218db5d1","name":"Bernd H\u00fcckst\u00e4dt","sameAs":["https:\/\/gradido.net"],"url":"https:\/\/gradido.net\/da\/author\/bernd\/"}]}},"_links":{"self":[{"href":"https:\/\/gradido.net\/da\/wp-json\/wp\/v2\/posts\/5573","targetHints":{"allow":["GET"]}}],"collection":[{"href":"https:\/\/gradido.net\/da\/wp-json\/wp\/v2\/posts"}],"about":[{"href":"https:\/\/gradido.net\/da\/wp-json\/wp\/v2\/types\/post"}],"author":[{"embeddable":true,"href":"https:\/\/gradido.net\/da\/wp-json\/wp\/v2\/users\/2"}],"replies":[{"embeddable":true,"href":"https:\/\/gradido.net\/da\/wp-json\/wp\/v2\/comments?post=5573"}],"version-history":[{"count":33,"href":"https:\/\/gradido.net\/da\/wp-json\/wp\/v2\/posts\/5573\/revisions"}],"predecessor-version":[{"id":13604,"href":"https:\/\/gradido.net\/da\/wp-json\/wp\/v2\/posts\/5573\/revisions\/13604"}],"wp:featuredmedia":[{"embeddable":true,"href":"https:\/\/gradido.net\/da\/wp-json\/wp\/v2\/media\/5575"}],"wp:attachment":[{"href":"https:\/\/gradido.net\/da\/wp-json\/wp\/v2\/media?parent=5573"}],"wp:term":[{"taxonomy":"category","embeddable":true,"href":"https:\/\/gradido.net\/da\/wp-json\/wp\/v2\/categories?post=5573"},{"taxonomy":"post_tag","embeddable":true,"href":"https:\/\/gradido.net\/da\/wp-json\/wp\/v2\/tags?post=5573"}],"curies":[{"name":"wp","href":"https:\/\/api.w.org\/{rel}","templated":true}]}}