{"id":6017,"date":"2023-01-01T00:17:31","date_gmt":"2022-12-31T23:17:31","guid":{"rendered":"https:\/\/gradido.net\/?p=6017"},"modified":"2026-04-24T08:09:27","modified_gmt":"2026-04-24T06:09:27","slug":"gradido-konto-2023-neues-design-und-dezentrale-communities","status":"publish","type":"post","link":"https:\/\/gradido.net\/da\/gradido-konto-2023-neues-design-und-dezentrale-communities\/","title":{"rendered":"Gradido konto 2023: nyt design og decentraliserede samfund"},"content":{"rendered":"<div data-elementor-type=\"wp-post\" data-elementor-id=\"6017\" class=\"elementor elementor-6017\" data-elementor-post-type=\"post\">\n\t\t\t\t\t\t<section class=\"elementor-section elementor-top-section elementor-element elementor-element-496e1d53 elementor-section-boxed elementor-section-height-default elementor-section-height-default\" data-id=\"496e1d53\" data-element_type=\"section\" data-e-type=\"section\">\n\t\t\t\t\t\t<div class=\"elementor-container elementor-column-gap-default\">\n\t\t\t\t\t<div class=\"elementor-column elementor-col-100 elementor-top-column elementor-element elementor-element-461d7be0\" data-id=\"461d7be0\" data-element_type=\"column\" data-e-type=\"column\">\n\t\t\t<div class=\"elementor-widget-wrap elementor-element-populated\">\n\t\t\t\t\t\t<div class=\"elementor-element elementor-element-cd9ebe2 elementor-widget elementor-widget-text-editor\" data-id=\"cd9ebe2\" data-element_type=\"widget\" data-e-type=\"widget\" data-widget_type=\"text-editor.default\">\n\t\t\t\t<div class=\"elementor-widget-container\">\n\t\t\t\t\t\t\t\t\t<p style=\"text-align: right;\"><em>\"Vi beundrer sommerfuglens sk\u00f8nhed, men vi anerkender sj\u00e6ldent de forandringer, som den har m\u00e5ttet gennemg\u00e5 for at blive s\u00e5 smuk.\"<\/em><br \/><em>\u00a0<\/em><br \/><em>- Maya Angelou <br \/>USA-amerikansk forfatter, professor og menneskerettighedsaktivist <br \/>1928 \u2013 2014<\/em><\/p><p style=\"text-align: left;\">K\u00e6re l\u00e6ser,<\/p><p>F\u00f8r vi kommer til dagens vigtige emne, vil vi gerne stille et sp\u00f8rgsm\u00e5l:<\/p><h4>\"Er du en Imago-celle\"?<\/h4><p>Imago - Hvad????<br \/>N\u00e5r larvens tid er ved at v\u00e6re forbi, dannes der - f\u00f8rst sporadisk - nye celletyper, som allerede b\u00e6rer billedet af den farverige sommerfugl fuld af liv. De kaldes \"imago celler\". I begyndelsen bek\u00e6mpes de voldsomt af de gamle larveceller. Men som tiden g\u00e5r, bliver Imago-cellerne mere og mere. De genkender hinanden og skaber forbindelse. De skaber parallelle strukturer og g\u00f8r det s\u00e5 behageligt som muligt i en larve. Hver Imago-celle bringer sine egne s\u00e6rlige evner med sig til f\u00e6llesskabet. Lidt efter lidt bliver de nye cellesamfund st\u00f8rre og mere talrige. Ligesom svampe dukker de op overalt og danner en stor helhed, indtil den gamle larve ikke l\u00e6ngere er der. Og s\u00e5 med \u00e9t kl\u00e6kker en smuk sommerfugl ud af puppen og stiger op i luften med lethed og gl\u00e6de.<\/p>\t\t\t\t\t\t\t\t<\/div>\n\t\t\t\t<\/div>\n\t\t\t\t<div class=\"elementor-element elementor-element-f16312a elementor-widget elementor-widget-image\" data-id=\"f16312a\" data-element_type=\"widget\" data-e-type=\"widget\" data-widget_type=\"image.default\">\n\t\t\t\t<div class=\"elementor-widget-container\">\n\t\t\t\t\t\t\t\t\t\t\t\t\t\t\t<img fetchpriority=\"high\" decoding=\"async\" width=\"1200\" height=\"288\" src=\"https:\/\/gradido.net\/wp-content\/uploads\/2022\/12\/Raupe-Schmetterling.jpg\" class=\"attachment-full size-full wp-image-6023\" alt=\"Metamorfose fra larve til sommerfugl\" srcset=\"https:\/\/gradido.net\/wp-content\/uploads\/2022\/12\/Raupe-Schmetterling.jpg 1200w, https:\/\/gradido.net\/wp-content\/uploads\/2022\/12\/Raupe-Schmetterling-300x72.jpg 300w, https:\/\/gradido.net\/wp-content\/uploads\/2022\/12\/Raupe-Schmetterling-1024x246.jpg 1024w, https:\/\/gradido.net\/wp-content\/uploads\/2022\/12\/Raupe-Schmetterling-768x184.jpg 768w, https:\/\/gradido.net\/wp-content\/uploads\/2022\/12\/Raupe-Schmetterling-18x4.jpg 18w\" sizes=\"(max-width: 1200px) 100vw, 1200px\" \/>\t\t\t\t\t\t\t\t\t\t\t\t\t\t\t<\/div>\n\t\t\t\t<\/div>\n\t\t\t\t<div class=\"elementor-element elementor-element-17272f9 elementor-widget elementor-widget-text-editor\" data-id=\"17272f9\" data-element_type=\"widget\" data-e-type=\"widget\" data-widget_type=\"text-editor.default\">\n\t\t\t\t<div class=\"elementor-widget-container\">\n\t\t\t\t\t\t\t\t\t<p>Er du ogs\u00e5 en Imago-celle? Ja? S\u00e5 vil du bem\u00e6rke, at du m\u00f8der flere og flere mennesker, som - hver p\u00e5 deres egen m\u00e5de - bidrager til metamorfosen af det gamle larvesystem til en ny sommerfugleepoke i den menneskelige familie.<\/p><p><strong>Den nye tid vil v\u00e6re pr\u00e6get af v\u00e6rds\u00e6ttelse, taknemmelighed og k\u00e6rligt samv\u00e6r - og det blandt meget forskellige mennesker.<\/strong><\/p><p>Men der er stadig mange skridt, der skal tages indtil da. For mens alt derude bliver dyrere og mere usikkert, bliver der br\u00e6ndt milliarder af dollars i udlandet, det gamle g\u00e6ldspengesystem bryder sammen med et stadig h\u00f8jere krak, og de s\u00e6dvanlige mist\u00e6nkte er <a href=\"https:\/\/www.centerforhealthsecurity.org\/our-work\/exercises\/2022-catastrophic-contagion\/\" target=\"_blank\" rel=\"noopener\">den n\u00e6ste katastrofale pandemi<\/a> pr\u00f8ver - denne gang med fokus p\u00e5 vores b\u00f8rn(!) - dukker det bekymrede sp\u00f8rgsm\u00e5l op:<\/p><p><strong>P\u00e5 dag X, hvor Gradido er n\u00f8dvendig i hele verden, vil vi s\u00e5 v\u00e6re klar til sammen at indf\u00f8re et retf\u00e6rdigt og fredeligt monet\u00e6rt og \u00f8konomisk system p\u00e5 Jorden - for vores egen skyld, vores b\u00f8rns skyld og for alle Jordens b\u00f8rn?<\/strong>\u00a0<\/p><p>Det er ofte de mere stille mennesker, der stille og roligt, flittigt og med hjerte og sj\u00e6l skaber grundlaget for store udviklinger. Vores <a href=\"https:\/\/gradido.net\/da\/team\/\">Udvikler<\/a> har udf\u00f8rt et stort forberedende arbejde i de seneste m\u00e5neder, som vil b\u00e6re frugt i 2023. P\u00e5 den ene side v\u00e6lger de de mest sikre teknologier til udviklingen, og p\u00e5 den anden side g\u00f8r de alt for at g\u00f8re betjeningen s\u00e5 enkel og intuitiv som muligt for os brugere. M\u00e5ske har du ogs\u00e5 allerede bem\u00e6rket, at det bliver nemmere og nemmere at komme rundt og du har n\u00e6sten ikke l\u00e6ngere brug for st\u00f8tte?<\/p><p><strong>Vi Imago-folk er mange og vokser. Det er ikke alle af os, der er engageret i den fredelige omdannelse af det finansielle system, og endnu f\u00e6rre forst\u00e5r, at dette er det arkimediske punkt, hvor vi skal tr\u00e6kke i h\u00e5ndtaget for at skabe forandring - frig\u00f8relsen af den menneskelige familie.<\/strong><\/p>\t\t\t\t\t\t\t\t<\/div>\n\t\t\t\t<\/div>\n\t\t\t\t<div class=\"elementor-element elementor-element-483438c elementor-widget elementor-widget-image\" data-id=\"483438c\" data-element_type=\"widget\" data-e-type=\"widget\" data-widget_type=\"image.default\">\n\t\t\t\t<div class=\"elementor-widget-container\">\n\t\t\t\t\t\t\t\t\t\t\t\t\t\t\t<img decoding=\"async\" width=\"1300\" height=\"600\" src=\"https:\/\/gradido.net\/wp-content\/uploads\/2022\/12\/Hebel_Archimedes.jpg\" class=\"attachment-full size-full wp-image-6033\" alt=\"\" srcset=\"https:\/\/gradido.net\/wp-content\/uploads\/2022\/12\/Hebel_Archimedes.jpg 1300w, https:\/\/gradido.net\/wp-content\/uploads\/2022\/12\/Hebel_Archimedes-300x138.jpg 300w, https:\/\/gradido.net\/wp-content\/uploads\/2022\/12\/Hebel_Archimedes-1024x473.jpg 1024w, https:\/\/gradido.net\/wp-content\/uploads\/2022\/12\/Hebel_Archimedes-768x354.jpg 768w, https:\/\/gradido.net\/wp-content\/uploads\/2022\/12\/Hebel_Archimedes-18x8.jpg 18w\" sizes=\"(max-width: 1300px) 100vw, 1300px\" \/>\t\t\t\t\t\t\t\t\t\t\t\t\t\t\t<\/div>\n\t\t\t\t<\/div>\n\t\t\t\t<div class=\"elementor-element elementor-element-b136aa9 elementor-widget elementor-widget-text-editor\" data-id=\"b136aa9\" data-element_type=\"widget\" data-e-type=\"widget\" data-widget_type=\"text-editor.default\">\n\t\t\t\t<div class=\"elementor-widget-container\">\n\t\t\t\t\t\t\t\t\t<p>Fordi den, der har magten over pengene, har magten. Eller for at sige det p\u00e5 en anden m\u00e5de:<\/p><p style=\"text-align: right;\"><strong><em>\"Giv mig kontrol over en nations valuta, og jeg er ligeglad med, hvem der laver lovene!\"<\/em><\/strong><\/p><p style=\"text-align: right;\"><em>- Mayer Amschel Rothschild<\/em><br \/><em>(1744 - 1812), tysk adelsmand og bankmand<\/em><\/p><p>Med Gradido har vi som menneskefamilie redskaberne i vores h\u00e6nder til at genvinde kontrollen over pengene og skabe velstand og fred for alle - i harmoni med naturen. Det begynder med, at den enkelte skaber penge i decentraliserede netv\u00e6rkssamfund og g\u00e5r over frihed gennem den selvskabte aktive basisindkomst til sociokratiske beslutningsstrukturer om brugen af det offentlige budget og udlignings- og milj\u00f8fonden.<\/p><p>Gradido skal v\u00e6re sjovt, for at det kan sprede sig let. P\u00e5 den m\u00e5de bliver det ogs\u00e5 attraktivt for unge mennesker. Det kan blive et let anvendeligt og legende redskab til udvikling af potentiale, selvtillid og kreativitet.<\/p><p><strong>Til geng\u00e6ld f\u00e5r Gradido-kontoen et moderne, tiltalende, let, rundt design, der er s\u00e5 universelt udformet, at det stadig holder \u00e5bent for de mange fremtidige funktioner, der endnu ikke er klar.<\/strong><\/p><p>Oprindeligt var det meningen, at det skulle v\u00e6re en julegave til Gradido-f\u00e6llesskabet. Nu kan vi vente til midten af januar og nyde forventningerne indtil da. \ud83d\ude0a<\/p><h3>Lad os se, hvad vores programm\u00f8rer har opn\u00e5et i det seneste \u00e5r<\/h3><p>F\u00f8lgende funktioner blev udviklet i 2022:<\/p><ol><li>Ny hjemmeside i responsivt design (egnet til computer og mobil)<\/li><li>Flersprogethed<\/li><li>Fem sprog er integreret, to andre er under forberedelse<\/li><li>Gradido-link og QR-kode: send det til enhver Gradido<\/li><li>Automatiserede links og QR-koder til startkreditter osv.<\/li><li>Indberet bidrag til almenvellet direkte p\u00e5 kontoen<\/li><li>Indg\u00e5 i dialog med brugerne via foresp\u00f8rgsler om bidrag til det f\u00e6lles gode<\/li><li>E-mail-meddelelser ved kommentarer og bekr\u00e6ftelse af f\u00e6lles gode indl\u00e6g<\/li><li>Mange flere forbedringer<\/li><li>Forberedelse af de decentrale f\u00e6llesskabsservere<\/li><li>Udarbejdelse af det nye design<\/li><li>Automatiske pr\u00f8ver<\/li><li>LogFiles, dvs. logning af de fleste handlinger for hurtigt at kunne spore eventuelle fejl.<\/li><\/ol><p><span style=\"color: #ffffff;\">.<\/span><\/p><p>De to sidste punkter er et enormt arbejde, som du sandsynligvis har haft stor gavn af uden at v\u00e6re klar over det.<\/p><p><strong>Eller har du bem\u00e6rket det,<\/strong><\/p><ul><li>at softwaren fortsatte med at k\u00f8re p\u00e5lideligt gennem alle de mange opgraderinger,<\/li><li>at ingen hackerangreb blev m\u00e6rkbare,<\/li><li>at Gradido-kontoen praktisk talt altid var online,<\/li><li>at du uden problemer kan sende og modtage Gradido via links (med tilh\u00f8rende tekst) og QR-koder?<\/li><\/ul><p><span style=\"color: #ffffff;\">.<\/span><\/p><p>For at sikre dette h\u00f8je sikkerhedsniveau skriver vi ogs\u00e5 automatiske tests for praktisk talt alle funktioner p\u00e5 samme tid. Den nuv\u00e6rende testd\u00e6kning er ca. 95% i de fleste omr\u00e5der. Alle \u00e6ndringer skal f\u00f8rst gennemg\u00e5 alle testene, ellers vil de ikke komme med i softwaren.<\/p><h2>Vi takker jer af hele vores hjerte<\/h2><p>Vi skylder alt dette til vores vidunderlige f\u00e6llesskab, jer k\u00e6re Imago-folk, som har s\u00f8rget for, at vores programm\u00f8rer kan udf\u00f8re deres v\u00e6rdifulde arbejde med jeres gener\u00f8se bidrag og medlemskaber. Vi f\u00f8ler, at I har hjertet med i det. Du giver os vished om, at vi sammen er p\u00e5 rette vej.<\/p><p>Vi takker jer af hjertet for jeres st\u00f8ttebidrag i mangefold af GradidoTransform. Som du sikkert allerede ved, krediterer vi din Gradido-konto med mindst 15 GDT for hver euro. Fra 1.000 \u20ac er den 16-doblet og fra 10.000 \u20ac endda 18-doblet. GradidoTransform (GDT) er taknemmelighedspunkter for tidspunktet for transformationen. I mods\u00e6tning til Gradido er de ikke underlagt forg\u00e6ngelighed. De tjener transformationen og kan senere konverteres 1:1 til Gradido - en vidunderlig \"startkapital\" til den nye tid.<\/p><h3>Action 'Grateful March 23' - Plus 23% GDT den 23.03.23<\/h3><p>Den 23. marts 2023 forh\u00f8jer vi alle GDT-kontosaldoen med yderligere 23 %. Alle finansieringsbidrag, der modtages inden midnat denne dag, vil deltage i kampagnen.<\/p><p>Med dette finansieringskoncept vil vi gerne i s\u00e6rlig grad takke de vidunderlige mennesker, som allerede st\u00f8tter Gradido i projektets nuv\u00e6rende fase og dermed har tillid til det.<\/p>\t\t\t\t\t\t\t\t<\/div>\n\t\t\t\t<\/div>\n\t\t\t\t<div class=\"elementor-element elementor-element-4408cdf elementor-align-center elementor-widget elementor-widget-button\" data-id=\"4408cdf\" data-element_type=\"widget\" data-e-type=\"widget\" data-widget_type=\"button.default\">\n\t\t\t\t<div class=\"elementor-widget-container\">\n\t\t\t\t\t\t\t\t\t<div class=\"elementor-button-wrapper\">\n\t\t\t\t\t<a class=\"elementor-button elementor-button-link elementor-size-sm\" href=\"\/da\/donations\/\">\n\t\t\t\t\t\t<span class=\"elementor-button-content-wrapper\">\n\t\t\t\t\t\t\t\t\t<span class=\"elementor-button-text\">Fremme nu, og f\u00e5 GDT mange gange mere!<\/span>\n\t\t\t\t\t<\/span>\n\t\t\t\t\t<\/a>\n\t\t\t\t<\/div>\n\t\t\t\t\t\t\t\t<\/div>\n\t\t\t\t<\/div>\n\t\t\t\t<div class=\"elementor-element elementor-element-d74dfa0 elementor-widget elementor-widget-text-editor\" data-id=\"d74dfa0\" data-element_type=\"widget\" data-e-type=\"widget\" data-widget_type=\"text-editor.default\">\n\t\t\t\t<div class=\"elementor-widget-container\">\n\t\t\t\t\t\t\t\t\t<p><strong>Meget tyder p\u00e5, at 2023 bliver et sk\u00e6bnesvangert \u00e5r. Nu er det vigtigt, at vi holder sammen og s\u00e6tter alt menneskeligt muligt i gang for at skabe en fremtid, der er v\u00e6rd at leve for os selv og vores b\u00f8rn.<\/strong><\/p><h2>Hvad vil du fort\u00e6lle dem?<\/h2><p>N\u00e5r de unge mennesker senere sp\u00f8rger dig: \"Var du ogs\u00e5 en Imago-celle dengang? Har du bidraget til den fredelige forandring med de ressourcer, du har til r\u00e5dighed? Eller foretrak du at vente, indtil de andre var f\u00e6rdige med deres arbejde?\" - Hvad vil du fort\u00e6lle dem?<\/p><p>Vi \u00f8nsker, at I kan se dem i \u00f8jnene med gl\u00e6de og sige: \"Ja, jeg var s\u00e5dan en Imago-celle dengang. Det var ofte ikke let, men jeg er stolt over at have spillet min rolle i at g\u00f8re vores smukke jord til det paradis, som den sandsynligvis engang skulle have v\u00e6ret. Og jeg er uendeligt taknemmelig for, at vi nu kan leve et liv, der er v\u00e6rd at leve sammen som en menneskelig familie - i velstand, fred og harmoni med naturen.\"<\/p><p>Tusind tak tusind gange for at v\u00e6re sammen med os og for at v\u00e6re med til at skabe en fremtid, der er v\u00e6rd at leve!<\/p><p>Vi \u00f8nsker dig og dine k\u00e6re en vidunderlig 2023<\/p><p>Med venlig hilsen<\/p><p><img decoding=\"async\" class=\"alignnone wp-image-4614 size-medium\" src=\"https:\/\/gradido.net\/wp-content\/uploads\/2022\/06\/MargretBernd_2022-300x74.png\" alt=\"\" width=\"300\" height=\"74\" srcset=\"https:\/\/gradido.net\/wp-content\/uploads\/2022\/06\/MargretBernd_2022-300x74.png 300w, https:\/\/gradido.net\/wp-content\/uploads\/2022\/06\/MargretBernd_2022-18x4.png 18w, https:\/\/gradido.net\/wp-content\/uploads\/2022\/06\/MargretBernd_2022.png 431w\" sizes=\"(max-width: 300px) 100vw, 300px\" \/><\/p><p>Margret Baier og Bernd H\u00fcckst\u00e4dt<br \/>Gradido grundl\u00e6gger og udvikler<\/p>\t\t\t\t\t\t\t\t<\/div>\n\t\t\t\t<\/div>\n\t\t\t\t\t<\/div>\n\t\t<\/div>\n\t\t\t\t\t<\/div>\n\t\t<\/section>\n\t\t\t\t<section class=\"elementor-section elementor-top-section elementor-element elementor-element-b5881ca elementor-section-boxed elementor-section-height-default elementor-section-height-default\" data-id=\"b5881ca\" data-element_type=\"section\" data-e-type=\"section\">\n\t\t\t\t\t\t<div class=\"elementor-container elementor-column-gap-default\">\n\t\t\t\t\t<div class=\"elementor-column elementor-col-100 elementor-top-column elementor-element elementor-element-838f41e\" data-id=\"838f41e\" data-element_type=\"column\" data-e-type=\"column\">\n\t\t\t<div class=\"elementor-widget-wrap elementor-element-populated\">\n\t\t\t\t\t\t<div class=\"elementor-element elementor-element-1b0e402 elementor-widget elementor-widget-global elementor-global-9341 elementor-widget-text-editor\" data-id=\"1b0e402\" data-element_type=\"widget\" data-e-type=\"widget\" data-widget_type=\"text-editor.default\">\n\t\t\t\t<div class=\"elementor-widget-container\">\n\t\t\t\t\t\t\t\t\t<p><strong>PS:\u00a0<span style=\"color: #ff6600;\"><a style=\"color: #ff6600;\" href=\"https:\/\/gradido.net\/da\/donations\/\">P\u00e5 grund af Gradidos stadigt voksende betydning gentager vi vores taknemmelighedskampagne den 26. juni 2026:<\/a>\u00a0<\/span><span style=\"color: #0000ff;\"><a style=\"color: #0000ff;\" href=\"https:\/\/gradido.net\/da\/donations\/\">Ud over de mange GradidoTransform for dit sponsorbidrag vil vi \u00f8ge alle GDT-kontosaldi med 26% den 26\/06\/2016. Sponsorer nu, og nyd de mange GDT-bel\u00f8b!<\/a><\/span><\/strong><\/p>\t\t\t\t\t\t\t\t<\/div>\n\t\t\t\t<\/div>\n\t\t\t\t\t<\/div>\n\t\t<\/div>\n\t\t\t\t\t<\/div>\n\t\t<\/section>\n\t\t\t\t<\/div>","protected":false},"excerpt":{"rendered":"<p>Det er ofte de mere stille mennesker, der stille og roligt, flittigt og med hjerte og sj\u00e6l l\u00e6gger grunden til den historiske udvikling. Vores programm\u00f8rer har udf\u00f8rt et stort forarbejde i det forgangne \u00e5r, som vil b\u00e6re frugt i 2023.<\/p>","protected":false},"author":2,"featured_media":6018,"comment_status":"closed","ping_status":"closed","sticky":false,"template":"","format":"standard","meta":{"footnotes":""},"categories":[11,55],"tags":[],"class_list":["post-6017","post","type-post","status-publish","format-standard","has-post-thumbnail","hentry","category-blog","category-gradido-konto"],"yoast_head":"<!-- This site is optimized with the Yoast SEO plugin v27.5 - https:\/\/yoast.com\/product\/yoast-seo-wordpress\/ -->\n<title>Gradido-Konto 2023: neues Design und dezentrale Communities - Gradido<\/title>\n<meta name=\"description\" content=\"Oft sind es die leiseren Menschen, die still, flei\u00dfig und mit Herzblut die Grundlagen f\u00fcr historische Entwicklungen schaffen. Unsere Programmierer haben im vergangenen Jahr gro\u00dfartige Vorarbeiten gemacht, die 2023 zum Tragen kommen werden.\" \/>\n<meta name=\"robots\" content=\"index, follow, max-snippet:-1, max-image-preview:large, max-video-preview:-1\" \/>\n<link rel=\"canonical\" href=\"https:\/\/gradido.net\/da\/gradido-konto-2023-neues-design-und-dezentrale-communities\/\" \/>\n<meta property=\"og:locale\" content=\"da_DK\" \/>\n<meta property=\"og:type\" content=\"article\" \/>\n<meta property=\"og:title\" content=\"Gradido-Konto 2023: neues Design und dezentrale Communities - Gradido\" \/>\n<meta property=\"og:description\" content=\"Oft sind es die leiseren Menschen, die still, flei\u00dfig und mit Herzblut die Grundlagen f\u00fcr historische Entwicklungen schaffen. Unsere Programmierer haben im vergangenen Jahr gro\u00dfartige Vorarbeiten gemacht, die 2023 zum Tragen kommen werden.\" \/>\n<meta property=\"og:url\" content=\"https:\/\/gradido.net\/da\/gradido-konto-2023-neues-design-und-dezentrale-communities\/\" \/>\n<meta property=\"og:site_name\" content=\"Gradido\" \/>\n<meta property=\"article:published_time\" content=\"2022-12-31T23:17:31+00:00\" \/>\n<meta property=\"article:modified_time\" content=\"2026-04-24T06:09:27+00:00\" \/>\n<meta property=\"og:image\" content=\"https:\/\/gradido.net\/wp-content\/uploads\/2022\/12\/Test_fertig_1920.jpg\" \/>\n\t<meta property=\"og:image:width\" content=\"1920\" \/>\n\t<meta property=\"og:image:height\" content=\"1067\" \/>\n\t<meta property=\"og:image:type\" content=\"image\/jpeg\" \/>\n<meta name=\"author\" content=\"Bernd H\u00fcckst\u00e4dt\" \/>\n<meta name=\"twitter:card\" content=\"summary_large_image\" \/>\n<meta name=\"twitter:label1\" content=\"Skrevet af\" \/>\n\t<meta name=\"twitter:data1\" content=\"Bernd H\u00fcckst\u00e4dt\" \/>\n\t<meta name=\"twitter:label2\" content=\"Estimeret l\u00e6setid\" \/>\n\t<meta name=\"twitter:data2\" content=\"9 minutter\" \/>\n<script type=\"application\/ld+json\" class=\"yoast-schema-graph\">{\"@context\":\"https:\\\/\\\/schema.org\",\"@graph\":[{\"@type\":\"Article\",\"@id\":\"https:\\\/\\\/gradido.net\\\/gradido-konto-2023-neues-design-und-dezentrale-communities\\\/#article\",\"isPartOf\":{\"@id\":\"https:\\\/\\\/gradido.net\\\/gradido-konto-2023-neues-design-und-dezentrale-communities\\\/\"},\"author\":{\"name\":\"Bernd H\u00fcckst\u00e4dt\",\"@id\":\"https:\\\/\\\/gradido.net\\\/de\\\/#\\\/schema\\\/person\\\/9c503a004ad15a1ddecadce2218db5d1\"},\"headline\":\"Gradido-Konto 2023: neues Design und dezentrale Communities\",\"datePublished\":\"2022-12-31T23:17:31+00:00\",\"dateModified\":\"2026-04-24T06:09:27+00:00\",\"mainEntityOfPage\":{\"@id\":\"https:\\\/\\\/gradido.net\\\/gradido-konto-2023-neues-design-und-dezentrale-communities\\\/\"},\"wordCount\":1390,\"publisher\":{\"@id\":\"https:\\\/\\\/gradido.net\\\/de\\\/#organization\"},\"image\":{\"@id\":\"https:\\\/\\\/gradido.net\\\/gradido-konto-2023-neues-design-und-dezentrale-communities\\\/#primaryimage\"},\"thumbnailUrl\":\"https:\\\/\\\/gradido.net\\\/wp-content\\\/uploads\\\/2022\\\/12\\\/Test_fertig_1920.jpg\",\"articleSection\":[\"Blog\",\"Gradido-Konto\"],\"inLanguage\":\"da-DK\"},{\"@type\":\"WebPage\",\"@id\":\"https:\\\/\\\/gradido.net\\\/gradido-konto-2023-neues-design-und-dezentrale-communities\\\/\",\"url\":\"https:\\\/\\\/gradido.net\\\/gradido-konto-2023-neues-design-und-dezentrale-communities\\\/\",\"name\":\"Gradido-Konto 2023: neues Design und dezentrale Communities - Gradido\",\"isPartOf\":{\"@id\":\"https:\\\/\\\/gradido.net\\\/de\\\/#website\"},\"primaryImageOfPage\":{\"@id\":\"https:\\\/\\\/gradido.net\\\/gradido-konto-2023-neues-design-und-dezentrale-communities\\\/#primaryimage\"},\"image\":{\"@id\":\"https:\\\/\\\/gradido.net\\\/gradido-konto-2023-neues-design-und-dezentrale-communities\\\/#primaryimage\"},\"thumbnailUrl\":\"https:\\\/\\\/gradido.net\\\/wp-content\\\/uploads\\\/2022\\\/12\\\/Test_fertig_1920.jpg\",\"datePublished\":\"2022-12-31T23:17:31+00:00\",\"dateModified\":\"2026-04-24T06:09:27+00:00\",\"description\":\"Oft sind es die leiseren Menschen, die still, flei\u00dfig und mit Herzblut die Grundlagen f\u00fcr historische Entwicklungen schaffen. Unsere Programmierer haben im vergangenen Jahr gro\u00dfartige Vorarbeiten gemacht, die 2023 zum Tragen kommen werden.\",\"breadcrumb\":{\"@id\":\"https:\\\/\\\/gradido.net\\\/gradido-konto-2023-neues-design-und-dezentrale-communities\\\/#breadcrumb\"},\"inLanguage\":\"da-DK\",\"potentialAction\":[{\"@type\":\"ReadAction\",\"target\":[\"https:\\\/\\\/gradido.net\\\/gradido-konto-2023-neues-design-und-dezentrale-communities\\\/\"]}]},{\"@type\":\"ImageObject\",\"inLanguage\":\"da-DK\",\"@id\":\"https:\\\/\\\/gradido.net\\\/gradido-konto-2023-neues-design-und-dezentrale-communities\\\/#primaryimage\",\"url\":\"https:\\\/\\\/gradido.net\\\/wp-content\\\/uploads\\\/2022\\\/12\\\/Test_fertig_1920.jpg\",\"contentUrl\":\"https:\\\/\\\/gradido.net\\\/wp-content\\\/uploads\\\/2022\\\/12\\\/Test_fertig_1920.jpg\",\"width\":1920,\"height\":1067},{\"@type\":\"BreadcrumbList\",\"@id\":\"https:\\\/\\\/gradido.net\\\/gradido-konto-2023-neues-design-und-dezentrale-communities\\\/#breadcrumb\",\"itemListElement\":[{\"@type\":\"ListItem\",\"position\":1,\"name\":\"Startseite\",\"item\":\"https:\\\/\\\/gradido.net\\\/\"},{\"@type\":\"ListItem\",\"position\":2,\"name\":\"Gradido-Konto 2023: neues Design und dezentrale Communities\"}]},{\"@type\":\"WebSite\",\"@id\":\"https:\\\/\\\/gradido.net\\\/de\\\/#website\",\"url\":\"https:\\\/\\\/gradido.net\\\/de\\\/\",\"name\":\"Gradido\",\"description\":\"Die neue W\u00e4hrung hei\u00dft Dankbarkeit\",\"publisher\":{\"@id\":\"https:\\\/\\\/gradido.net\\\/de\\\/#organization\"},\"potentialAction\":[{\"@type\":\"SearchAction\",\"target\":{\"@type\":\"EntryPoint\",\"urlTemplate\":\"https:\\\/\\\/gradido.net\\\/de\\\/?s={search_term_string}\"},\"query-input\":{\"@type\":\"PropertyValueSpecification\",\"valueRequired\":true,\"valueName\":\"search_term_string\"}}],\"inLanguage\":\"da-DK\"},{\"@type\":\"Organization\",\"@id\":\"https:\\\/\\\/gradido.net\\\/de\\\/#organization\",\"name\":\"Gradido\",\"url\":\"https:\\\/\\\/gradido.net\\\/de\\\/\",\"logo\":{\"@type\":\"ImageObject\",\"inLanguage\":\"da-DK\",\"@id\":\"https:\\\/\\\/gradido.net\\\/de\\\/#\\\/schema\\\/logo\\\/image\\\/\",\"url\":\"https:\\\/\\\/gradido.net\\\/wp-content\\\/uploads\\\/2022\\\/04\\\/gradido-social.jpg\",\"contentUrl\":\"https:\\\/\\\/gradido.net\\\/wp-content\\\/uploads\\\/2022\\\/04\\\/gradido-social.jpg\",\"width\":527,\"height\":273,\"caption\":\"Gradido\"},\"image\":{\"@id\":\"https:\\\/\\\/gradido.net\\\/de\\\/#\\\/schema\\\/logo\\\/image\\\/\"}},{\"@type\":\"Person\",\"@id\":\"https:\\\/\\\/gradido.net\\\/de\\\/#\\\/schema\\\/person\\\/9c503a004ad15a1ddecadce2218db5d1\",\"name\":\"Bernd H\u00fcckst\u00e4dt\",\"sameAs\":[\"https:\\\/\\\/gradido.net\"],\"url\":\"https:\\\/\\\/gradido.net\\\/da\\\/author\\\/bernd\\\/\"}]}<\/script>\n<!-- \/ Yoast SEO plugin. -->","yoast_head_json":{"title":"Gradido Account 2023: nyt design og decentraliserede f\u00e6llesskaber - Gradido","description":"Det er ofte de mere stille mennesker, der stille og roligt, flittigt og med hjerte og sj\u00e6l l\u00e6gger grunden til den historiske udvikling. Vores programm\u00f8rer har udf\u00f8rt et stort forarbejde i det forgangne \u00e5r, som vil b\u00e6re frugt i 2023.","robots":{"index":"index","follow":"follow","max-snippet":"max-snippet:-1","max-image-preview":"max-image-preview:large","max-video-preview":"max-video-preview:-1"},"canonical":"https:\/\/gradido.net\/da\/gradido-konto-2023-neues-design-und-dezentrale-communities\/","og_locale":"da_DK","og_type":"article","og_title":"Gradido-Konto 2023: neues Design und dezentrale Communities - Gradido","og_description":"Oft sind es die leiseren Menschen, die still, flei\u00dfig und mit Herzblut die Grundlagen f\u00fcr historische Entwicklungen schaffen. Unsere Programmierer haben im vergangenen Jahr gro\u00dfartige Vorarbeiten gemacht, die 2023 zum Tragen kommen werden.","og_url":"https:\/\/gradido.net\/da\/gradido-konto-2023-neues-design-und-dezentrale-communities\/","og_site_name":"Gradido","article_published_time":"2022-12-31T23:17:31+00:00","article_modified_time":"2026-04-24T06:09:27+00:00","og_image":[{"width":1920,"height":1067,"url":"https:\/\/gradido.net\/wp-content\/uploads\/2022\/12\/Test_fertig_1920.jpg","type":"image\/jpeg"}],"author":"Bernd H\u00fcckst\u00e4dt","twitter_card":"summary_large_image","twitter_misc":{"Skrevet af":"Bernd H\u00fcckst\u00e4dt","Estimeret l\u00e6setid":"9 minutter"},"schema":{"@context":"https:\/\/schema.org","@graph":[{"@type":"Article","@id":"https:\/\/gradido.net\/gradido-konto-2023-neues-design-und-dezentrale-communities\/#article","isPartOf":{"@id":"https:\/\/gradido.net\/gradido-konto-2023-neues-design-und-dezentrale-communities\/"},"author":{"name":"Bernd H\u00fcckst\u00e4dt","@id":"https:\/\/gradido.net\/de\/#\/schema\/person\/9c503a004ad15a1ddecadce2218db5d1"},"headline":"Gradido-Konto 2023: neues Design und dezentrale Communities","datePublished":"2022-12-31T23:17:31+00:00","dateModified":"2026-04-24T06:09:27+00:00","mainEntityOfPage":{"@id":"https:\/\/gradido.net\/gradido-konto-2023-neues-design-und-dezentrale-communities\/"},"wordCount":1390,"publisher":{"@id":"https:\/\/gradido.net\/de\/#organization"},"image":{"@id":"https:\/\/gradido.net\/gradido-konto-2023-neues-design-und-dezentrale-communities\/#primaryimage"},"thumbnailUrl":"https:\/\/gradido.net\/wp-content\/uploads\/2022\/12\/Test_fertig_1920.jpg","articleSection":["Blog","Gradido-Konto"],"inLanguage":"da-DK"},{"@type":"WebPage","@id":"https:\/\/gradido.net\/gradido-konto-2023-neues-design-und-dezentrale-communities\/","url":"https:\/\/gradido.net\/gradido-konto-2023-neues-design-und-dezentrale-communities\/","name":"Gradido Account 2023: nyt design og decentraliserede f\u00e6llesskaber - Gradido","isPartOf":{"@id":"https:\/\/gradido.net\/de\/#website"},"primaryImageOfPage":{"@id":"https:\/\/gradido.net\/gradido-konto-2023-neues-design-und-dezentrale-communities\/#primaryimage"},"image":{"@id":"https:\/\/gradido.net\/gradido-konto-2023-neues-design-und-dezentrale-communities\/#primaryimage"},"thumbnailUrl":"https:\/\/gradido.net\/wp-content\/uploads\/2022\/12\/Test_fertig_1920.jpg","datePublished":"2022-12-31T23:17:31+00:00","dateModified":"2026-04-24T06:09:27+00:00","description":"Det er ofte de mere stille mennesker, der stille og roligt, flittigt og med hjerte og sj\u00e6l l\u00e6gger grunden til den historiske udvikling. Vores programm\u00f8rer har udf\u00f8rt et stort forarbejde i det forgangne \u00e5r, som vil b\u00e6re frugt i 2023.","breadcrumb":{"@id":"https:\/\/gradido.net\/gradido-konto-2023-neues-design-und-dezentrale-communities\/#breadcrumb"},"inLanguage":"da-DK","potentialAction":[{"@type":"ReadAction","target":["https:\/\/gradido.net\/gradido-konto-2023-neues-design-und-dezentrale-communities\/"]}]},{"@type":"ImageObject","inLanguage":"da-DK","@id":"https:\/\/gradido.net\/gradido-konto-2023-neues-design-und-dezentrale-communities\/#primaryimage","url":"https:\/\/gradido.net\/wp-content\/uploads\/2022\/12\/Test_fertig_1920.jpg","contentUrl":"https:\/\/gradido.net\/wp-content\/uploads\/2022\/12\/Test_fertig_1920.jpg","width":1920,"height":1067},{"@type":"BreadcrumbList","@id":"https:\/\/gradido.net\/gradido-konto-2023-neues-design-und-dezentrale-communities\/#breadcrumb","itemListElement":[{"@type":"ListItem","position":1,"name":"Startseite","item":"https:\/\/gradido.net\/"},{"@type":"ListItem","position":2,"name":"Gradido-Konto 2023: neues Design und dezentrale Communities"}]},{"@type":"WebSite","@id":"https:\/\/gradido.net\/de\/#website","url":"https:\/\/gradido.net\/de\/","name":"Gradido","description":"Den nye valuta er taknemmelighed","publisher":{"@id":"https:\/\/gradido.net\/de\/#organization"},"potentialAction":[{"@type":"SearchAction","target":{"@type":"EntryPoint","urlTemplate":"https:\/\/gradido.net\/de\/?s={search_term_string}"},"query-input":{"@type":"PropertyValueSpecification","valueRequired":true,"valueName":"search_term_string"}}],"inLanguage":"da-DK"},{"@type":"Organization","@id":"https:\/\/gradido.net\/de\/#organization","name":"Gradido","url":"https:\/\/gradido.net\/de\/","logo":{"@type":"ImageObject","inLanguage":"da-DK","@id":"https:\/\/gradido.net\/de\/#\/schema\/logo\/image\/","url":"https:\/\/gradido.net\/wp-content\/uploads\/2022\/04\/gradido-social.jpg","contentUrl":"https:\/\/gradido.net\/wp-content\/uploads\/2022\/04\/gradido-social.jpg","width":527,"height":273,"caption":"Gradido"},"image":{"@id":"https:\/\/gradido.net\/de\/#\/schema\/logo\/image\/"}},{"@type":"Person","@id":"https:\/\/gradido.net\/de\/#\/schema\/person\/9c503a004ad15a1ddecadce2218db5d1","name":"Bernd H\u00fcckst\u00e4dt","sameAs":["https:\/\/gradido.net"],"url":"https:\/\/gradido.net\/da\/author\/bernd\/"}]}},"_links":{"self":[{"href":"https:\/\/gradido.net\/da\/wp-json\/wp\/v2\/posts\/6017","targetHints":{"allow":["GET"]}}],"collection":[{"href":"https:\/\/gradido.net\/da\/wp-json\/wp\/v2\/posts"}],"about":[{"href":"https:\/\/gradido.net\/da\/wp-json\/wp\/v2\/types\/post"}],"author":[{"embeddable":true,"href":"https:\/\/gradido.net\/da\/wp-json\/wp\/v2\/users\/2"}],"replies":[{"embeddable":true,"href":"https:\/\/gradido.net\/da\/wp-json\/wp\/v2\/comments?post=6017"}],"version-history":[{"count":76,"href":"https:\/\/gradido.net\/da\/wp-json\/wp\/v2\/posts\/6017\/revisions"}],"predecessor-version":[{"id":13598,"href":"https:\/\/gradido.net\/da\/wp-json\/wp\/v2\/posts\/6017\/revisions\/13598"}],"wp:featuredmedia":[{"embeddable":true,"href":"https:\/\/gradido.net\/da\/wp-json\/wp\/v2\/media\/6018"}],"wp:attachment":[{"href":"https:\/\/gradido.net\/da\/wp-json\/wp\/v2\/media?parent=6017"}],"wp:term":[{"taxonomy":"category","embeddable":true,"href":"https:\/\/gradido.net\/da\/wp-json\/wp\/v2\/categories?post=6017"},{"taxonomy":"post_tag","embeddable":true,"href":"https:\/\/gradido.net\/da\/wp-json\/wp\/v2\/tags?post=6017"}],"curies":[{"name":"wp","href":"https:\/\/api.w.org\/{rel}","templated":true}]}}