{"id":616,"date":"2020-05-26T15:29:00","date_gmt":"2020-05-26T13:29:00","guid":{"rendered":"http:\/\/neu.gradido.net\/?p=616"},"modified":"2021-12-10T13:08:25","modified_gmt":"2021-12-10T12:08:25","slug":"corona-krise-zeit-fuer-die-natuerliche-oekonomie-des-lebens","status":"publish","type":"post","link":"https:\/\/gradido.net\/da\/corona-krise-zeit-fuer-die-natuerliche-oekonomie-des-lebens\/","title":{"rendered":"Corona-krisen: Tid til en naturlig \u00f8konomi for livet"},"content":{"rendered":"<div data-elementor-type=\"wp-post\" data-elementor-id=\"616\" class=\"elementor elementor-616\" data-elementor-post-type=\"post\">\n\t\t\t\t\t\t<section class=\"elementor-section elementor-top-section elementor-element elementor-element-f9a81c7 elementor-section-boxed elementor-section-height-default elementor-section-height-default\" data-id=\"f9a81c7\" data-element_type=\"section\" data-e-type=\"section\">\n\t\t\t\t\t\t<div class=\"elementor-container elementor-column-gap-default\">\n\t\t\t\t\t<div class=\"elementor-column elementor-col-100 elementor-top-column elementor-element elementor-element-31d55dd\" data-id=\"31d55dd\" data-element_type=\"column\" data-e-type=\"column\">\n\t\t\t<div class=\"elementor-widget-wrap elementor-element-populated\">\n\t\t\t\t\t\t<div class=\"elementor-element elementor-element-6cca0d4 elementor-widget elementor-widget-text-editor\" data-id=\"6cca0d4\" data-element_type=\"widget\" data-e-type=\"widget\" data-widget_type=\"text-editor.default\">\n\t\t\t\t<div class=\"elementor-widget-container\">\n\t\t\t\t\t\t\t\t\t<h2>\u00d8konomisk bionik st\u00f8tter den globale valuta til f\u00e6lles bedste<\/h2>\n<p><strong>K\u00fcnzelsau, den 26. maj 2020 - Corona-krisen har \u00e6ndret vores verden fundamentalt p\u00e5 meget kort tid. Trods milliardst\u00f8tteprogrammer er \u00f8konomien i frit fald. Det globale finansielle system truer med at bryde sammen, hvilket vil f\u00f8re til masseinsolvens, rekordstor arbejdsl\u00f8shed og dyb fattigdom. Kun med et b\u00e6redygtigt nyt monet\u00e6rt system, hvor de \u00f8konomiske, \u00f8kologiske og sociale incitamenter peger i samme retning, kan menneskeheden overvinde disse udfordringer. Gradido Academy for Economic Bionics har udviklet et s\u00e5dant system. Den nye f\u00e6llesgodsvaluta \"Gradido\" har potentiale til at skabe velstand og fred p\u00e5 verdensplan.<\/strong><\/p>\n<p><strong><!-- \/wp:paragraph --><!-- wp:paragraph --><\/strong><\/p>\n<p><strong>Gradido Academy har i 20 \u00e5r udviklet en valuta for det f\u00e6lles gode, som er baseret p\u00e5 naturen. I den konstante cyklus af tilblivelse og bortgang foreg\u00e5r alt i naturen i cyklusser. Det er den eneste m\u00e5de at sikre en konstant fornyelse p\u00e5 vores planet. I overensstemmelse med denne \"livscyklus\" fungerer ogs\u00e5 det balancerende system \"Gradido\", som kunne give hele menneskeheden ikke blot et stabilt levebr\u00f8d, men endda et liv i velstand og fredelig sameksistens.<\/strong><\/p>\n<p><!-- \/wp:paragraph --><!-- wp:paragraph --><\/p>\n<p><strong>En \u00f8konomisk pandemi var uundg\u00e5elig<\/strong><br>Virussen er ikke \u00e5rsagen, men kun udl\u00f8seren af den verdensomsp\u00e6ndende \"\u00f8konomiske pandemi\", forklarer de \u00f8konomiske bionikeksperter Margret Baier og Bernd H\u00fcckst\u00e4dt: \"Ligesom stenen blot udl\u00f8ser lavinen, der styrter ned i dalen, fordi jorden ikke var stabil nok, kunne Corona-virussen kun s\u00e6tte gang i den nuv\u00e6rende krise i det globale \u00f8konomiske og finansielle system, fordi det nuv\u00e6rende globale finansielle system er ekstremt ustabilt\", forklarer H\u00fcckst\u00e4dt. Grundl\u00e6ggerne af Gradido Academy k\u00e6mper med sp\u00f8rgsm\u00e5let om, hvad \u00f8konomien kan l\u00e6re af naturen. Ligesom enhver luftfartsingeni\u00f8r m\u00e5 studere fuglenes flyvning, unders\u00f8ger den \u00f8konomiske bioniker, hvilke naturlige processer der kan v\u00e6re modeller for succesfulde \u00f8konomiske processer. If\u00f8lge Gradido Academy's konklusioner kan det erkl\u00e6rede m\u00e5l med en social markeds\u00f8konomi, nemlig at skabe velstand for alle, slet ikke n\u00e5s med det nuv\u00e6rende finansielle system. I stedet er det indbygget i systemet, at nogle menneskers kredit er andres g\u00e6ld. Fatal konsekvens: Det herskende \u00f8konomiske system skaber katastrofale incitamenter til udnyttelse af mennesker og natur. De uundg\u00e5elige konsekvenser er verdensomsp\u00e6ndende fattigdom, krige og katastrofal milj\u00f8\u00f8del\u00e6ggelse. Menneskehedens og vores planets fremtid er s\u00e5ledes eksistentielt truet.<\/p>\n<p><!-- \/wp:paragraph --><!-- wp:paragraph --><\/p>\n<p><strong>Den \u00f8konomiske bioniks time<\/strong><br>Opfinderne af \"Gradido-valutaen\" ser nu chancen for at bryde denne uhellige onde cirkel permanent. Den verdensomsp\u00e6ndende Corona Lockdown skaber ikke blot et behov for nyt\u00e6nkning, men ogs\u00e5 en klar erkendelse af det nuv\u00e6rende \u00f8konomiske systems skr\u00f8belighed. Det \u00e5bner ogs\u00e5 op for en ny f\u00f8lsomhed over for naturens succesmodeller, som allerede har bevist deres v\u00e6rd i fire og en halv milliard \u00e5r. Derfor ser samfundet mere og mere forventningsfuldt p\u00e5 den endnu unge videnskab om \u00f8konomisk bionik og dens svar p\u00e5 vor tids eksistentielle sp\u00f8rgsm\u00e5l.<\/p>\n<p><!-- \/wp:paragraph --><!-- wp:paragraph --><\/p>\n<p><strong>Gradido Academy<\/strong><br>Navnet \"Gradido\" er sammensat af de engelske udtryk for taknemmelighed, v\u00e6rdighed og donation. Den forener s\u00e5ledes de tre v\u00e6sentlige v\u00e6rdier i den nye \u00f8konomiske kultur, som er at muligg\u00f8re og sikre en sund \u00f8konomisk aktivitet til gavn for alle. Det grundl\u00e6ggende etiske princip i Gradido er baseret p\u00e5 at harmonisere den enkeltes velf\u00e6rd med f\u00e6llesskabets og helhedens velf\u00e6rd - i betydningen natur og milj\u00f8. \"Livets cyklus\" er naturens grundl\u00e6ggende opskrift p\u00e5 succes. Naturen f\u00f8lger reglen om, at kun hvor noget g\u00e5r bort, kan noget nyt opst\u00e5, og dermed er langsigtet forbedring (evolution) mulig. Hvis vores \u00f8konomi fulgte denne naturlige cyklus, mener eksperter i \u00f8konomisk bionik, at praktisk talt alle verdens pengem\u00e6ssige problemer kunne l\u00f8ses. Det nuv\u00e6rende verdens\u00f8konomiske system har imidlertid den stik modsatte effekt. Den str\u00e6ber efter eksponentiel \u00f8konomisk v\u00e6kst, som p\u00e5 grund af systemets natur altid m\u00e5 f\u00f8re til sammenbrud.<\/p>\n<p><!-- \/wp:paragraph --><!-- wp:paragraph --><\/p>\n<p><strong>Gradido-valutaen<\/strong><br>I Gradido Academy-modellen er cyklusen af tilblivelse og bortgang integreret gennem regelm\u00e6ssig pengeskabelse og planm\u00e6ssig forg\u00e6ngelighed af penge. Penge skabes p\u00e5 grundlag af befolkningsudviklingen. Dette eliminerer den ubegr\u00e6nsede multiplikation af bogpenge og s\u00e6tter udviklingen i pengem\u00e6ngden p\u00e5 et naturligt grundlag. I Gradido Academy-modellen fordeles pengene efter et princip med tre s\u00f8jler: Hver verdensborger f\u00e5r i alt 3.000 \"Gradido\", som er navnet p\u00e5 valutaen, som vurderes til hver enkelt verdensborger. En tredjedel g\u00e5r til hver enkelt borger som en aktiv basisindkomst, den anden tredjedel g\u00e5r til staten for dens tjenester til samfundet, og den tredje del g\u00e5r til erstatnings- og milj\u00f8fonden for at g\u00f8re det muligt at rydde op efter den \u00f8konomiske og \u00f8kologiske arv. Grunden til, at pengene fordeles p\u00e5 netop denne m\u00e5de, har rod i etikken om det \"trefoldige gode\". Individet er en del af f\u00e6llesskabet, staten, og denne er igen en del af det \"store billede\", \u00f8kosystemet. Hvis et af disse tre aspekter fors\u00f8mmes, er hele systemet ude af balance. Inden for hvert \u00e5r udl\u00f8ber 50 procent af de skabte penge. Denne planlagte cyklus af tilblivelse og forfald holder pengem\u00e6ngden stabil og systemet i balance.<strong>.<\/strong>&nbsp;Indf\u00f8relsen af Gradido-valutaen kan ske b\u00e5de p\u00e5 verdensplan og i enkelte lande, og den kan udformes i etaper parallelt med det eksisterende system, s\u00e5 alle elementer kan afpr\u00f8ves risikofrit og optimeres om n\u00f8dvendigt.<\/p>\n<p><!-- \/wp:paragraph --><!-- wp:paragraph --><\/p>\n<p><strong>Passion og ansvar<\/strong><br>\"Den Internationale Valutafond (IMF) forudser den v\u00e6rste \u00f8konomiske krise i 90 \u00e5r, og nye l\u00f8sninger er derfor nu afg\u00f8rende. Tiden er virkelig moden for Gradido, og vi ser det som vores ansvar at bringe denne model ind i den politiske diskussion\", understreger Bernd H\u00fcckst\u00e4dt. Margret Baier tilf\u00f8jer: \"Vi har fundet en l\u00f8sning, der er orienteret mod naturens principper, og som vil sikre en fremtid, der er v\u00e6rd at leve for nuv\u00e6rende og kommende generationer. P\u00e5 denne m\u00e5de kan vi faktisk f\u00e5 held til at realisere en af menneskehedens st\u00f8rste dr\u00f8mme og bringe varig fred og velstand til alle mennesker p\u00e5 jorden i harmoni med naturen.\" For yderligere oplysninger, se&nbsp;<a href=\"https:\/\/gradido.net\/da\/\" target=\"_blank\" rel=\"noreferrer noopener\" data-type=\"URL\" data-id=\"https:\/\/gradido.net\/\">www.gradido.net<\/a><\/p>\n<p><!-- \/wp:paragraph --><\/p>\t\t\t\t\t\t\t\t<\/div>\n\t\t\t\t<\/div>\n\t\t\t\t\t<\/div>\n\t\t<\/div>\n\t\t\t\t\t<\/div>\n\t\t<\/section>\n\t\t\t\t<\/div>","protected":false},"excerpt":{"rendered":"<p>Wirtschaftsbioniker setzen auf weltweite Gemeinwohlw\u00e4hrung K\u00fcnzelsau, 26. Mai 2020 \u2013 Die Corona-Krise hat unsere Welt binnen k\u00fcrzester Zeit grundlegend ver\u00e4ndert. Trotz billionenschwerer Hilfsprogramme befindet sich die Wirtschaft im freien Fall. Das weltweite Finanzsystem droht zu scheitern, gefolgt von Masseninsolvenzen, Rekordarbeitslosigkeit und bitterer Armut. Nur mit einem zukunftsf\u00e4higen neuen Geldsystem, bei dem die \u00f6konomischen, \u00f6kologischen und [&hellip;]<\/p>\n","protected":false},"author":1,"featured_media":858,"comment_status":"closed","ping_status":"closed","sticky":false,"template":"","format":"standard","meta":{"footnotes":""},"categories":[8],"tags":[15],"class_list":["post-616","post","type-post","status-publish","format-standard","has-post-thumbnail","hentry","category-pressemitteilung","tag-wirtschaftsbionik"],"yoast_head":"<!-- This site is optimized with the Yoast SEO plugin v27.5 - https:\/\/yoast.com\/product\/yoast-seo-wordpress\/ -->\n<title>Corona-Krise: Zeit f\u00fcr die \u201eNat\u00fcrliche \u00d6konomie des Lebens\u201c - Gradido<\/title>\n<meta name=\"robots\" content=\"index, follow, max-snippet:-1, max-image-preview:large, max-video-preview:-1\" \/>\n<link rel=\"canonical\" href=\"https:\/\/gradido.net\/da\/corona-krise-zeit-fuer-die-natuerliche-oekonomie-des-lebens\/\" \/>\n<meta property=\"og:locale\" content=\"da_DK\" \/>\n<meta property=\"og:type\" content=\"article\" \/>\n<meta property=\"og:title\" content=\"Corona-Krise: Zeit f\u00fcr die \u201eNat\u00fcrliche \u00d6konomie des Lebens\u201c - Gradido\" \/>\n<meta property=\"og:description\" content=\"Wirtschaftsbioniker setzen auf weltweite Gemeinwohlw\u00e4hrung K\u00fcnzelsau, 26. Mai 2020 \u2013 Die Corona-Krise hat unsere Welt binnen k\u00fcrzester Zeit grundlegend ver\u00e4ndert. Trotz billionenschwerer Hilfsprogramme befindet sich die Wirtschaft im freien Fall. Das weltweite Finanzsystem droht zu scheitern, gefolgt von Masseninsolvenzen, Rekordarbeitslosigkeit und bitterer Armut. Nur mit einem zukunftsf\u00e4higen neuen Geldsystem, bei dem die \u00f6konomischen, \u00f6kologischen und [&hellip;]\" \/>\n<meta property=\"og:url\" content=\"https:\/\/gradido.net\/da\/corona-krise-zeit-fuer-die-natuerliche-oekonomie-des-lebens\/\" \/>\n<meta property=\"og:site_name\" content=\"Gradido\" \/>\n<meta property=\"article:published_time\" content=\"2020-05-26T13:29:00+00:00\" \/>\n<meta property=\"article:modified_time\" content=\"2021-12-10T12:08:25+00:00\" \/>\n<meta property=\"og:image\" content=\"https:\/\/gradido.net\/wp-content\/uploads\/2020\/05\/gemeinwohlwaehrung.jpg\" \/>\n\t<meta property=\"og:image:width\" content=\"1000\" \/>\n\t<meta property=\"og:image:height\" content=\"684\" \/>\n\t<meta property=\"og:image:type\" content=\"image\/jpeg\" \/>\n<meta name=\"author\" content=\"GR4dmin\" \/>\n<meta name=\"twitter:card\" content=\"summary_large_image\" \/>\n<meta name=\"twitter:label1\" content=\"Skrevet af\" \/>\n\t<meta name=\"twitter:data1\" content=\"GR4dmin\" \/>\n\t<meta name=\"twitter:label2\" content=\"Estimeret l\u00e6setid\" \/>\n\t<meta name=\"twitter:data2\" content=\"5 minutter\" \/>\n<script type=\"application\/ld+json\" class=\"yoast-schema-graph\">{\"@context\":\"https:\\\/\\\/schema.org\",\"@graph\":[{\"@type\":\"Article\",\"@id\":\"https:\\\/\\\/gradido.net\\\/et\\\/corona-krise-zeit-fuer-die-natuerliche-oekonomie-des-lebens\\\/#article\",\"isPartOf\":{\"@id\":\"https:\\\/\\\/gradido.net\\\/et\\\/corona-krise-zeit-fuer-die-natuerliche-oekonomie-des-lebens\\\/\"},\"author\":{\"name\":\"GR4dmin\",\"@id\":\"https:\\\/\\\/gradido.net\\\/de\\\/#\\\/schema\\\/person\\\/9f913f37a47e7a82ad686b58fc907588\"},\"headline\":\"Corona-Krise: Zeit f\u00fcr die \u201eNat\u00fcrliche \u00d6konomie des Lebens\u201c\",\"datePublished\":\"2020-05-26T13:29:00+00:00\",\"dateModified\":\"2021-12-10T12:08:25+00:00\",\"mainEntityOfPage\":{\"@id\":\"https:\\\/\\\/gradido.net\\\/et\\\/corona-krise-zeit-fuer-die-natuerliche-oekonomie-des-lebens\\\/\"},\"wordCount\":983,\"publisher\":{\"@id\":\"https:\\\/\\\/gradido.net\\\/de\\\/#organization\"},\"image\":{\"@id\":\"https:\\\/\\\/gradido.net\\\/et\\\/corona-krise-zeit-fuer-die-natuerliche-oekonomie-des-lebens\\\/#primaryimage\"},\"thumbnailUrl\":\"https:\\\/\\\/gradido.net\\\/wp-content\\\/uploads\\\/2020\\\/05\\\/gemeinwohlwaehrung.jpg\",\"keywords\":[\"Wirtschaftsbionik\"],\"articleSection\":[\"Pressemitteilung\"],\"inLanguage\":\"da-DK\"},{\"@type\":\"WebPage\",\"@id\":\"https:\\\/\\\/gradido.net\\\/et\\\/corona-krise-zeit-fuer-die-natuerliche-oekonomie-des-lebens\\\/\",\"url\":\"https:\\\/\\\/gradido.net\\\/et\\\/corona-krise-zeit-fuer-die-natuerliche-oekonomie-des-lebens\\\/\",\"name\":\"Corona-Krise: Zeit f\u00fcr die \u201eNat\u00fcrliche \u00d6konomie des Lebens\u201c - Gradido\",\"isPartOf\":{\"@id\":\"https:\\\/\\\/gradido.net\\\/de\\\/#website\"},\"primaryImageOfPage\":{\"@id\":\"https:\\\/\\\/gradido.net\\\/et\\\/corona-krise-zeit-fuer-die-natuerliche-oekonomie-des-lebens\\\/#primaryimage\"},\"image\":{\"@id\":\"https:\\\/\\\/gradido.net\\\/et\\\/corona-krise-zeit-fuer-die-natuerliche-oekonomie-des-lebens\\\/#primaryimage\"},\"thumbnailUrl\":\"https:\\\/\\\/gradido.net\\\/wp-content\\\/uploads\\\/2020\\\/05\\\/gemeinwohlwaehrung.jpg\",\"datePublished\":\"2020-05-26T13:29:00+00:00\",\"dateModified\":\"2021-12-10T12:08:25+00:00\",\"breadcrumb\":{\"@id\":\"https:\\\/\\\/gradido.net\\\/et\\\/corona-krise-zeit-fuer-die-natuerliche-oekonomie-des-lebens\\\/#breadcrumb\"},\"inLanguage\":\"da-DK\",\"potentialAction\":[{\"@type\":\"ReadAction\",\"target\":[\"https:\\\/\\\/gradido.net\\\/et\\\/corona-krise-zeit-fuer-die-natuerliche-oekonomie-des-lebens\\\/\"]}]},{\"@type\":\"ImageObject\",\"inLanguage\":\"da-DK\",\"@id\":\"https:\\\/\\\/gradido.net\\\/et\\\/corona-krise-zeit-fuer-die-natuerliche-oekonomie-des-lebens\\\/#primaryimage\",\"url\":\"https:\\\/\\\/gradido.net\\\/wp-content\\\/uploads\\\/2020\\\/05\\\/gemeinwohlwaehrung.jpg\",\"contentUrl\":\"https:\\\/\\\/gradido.net\\\/wp-content\\\/uploads\\\/2020\\\/05\\\/gemeinwohlwaehrung.jpg\",\"width\":1000,\"height\":684},{\"@type\":\"BreadcrumbList\",\"@id\":\"https:\\\/\\\/gradido.net\\\/et\\\/corona-krise-zeit-fuer-die-natuerliche-oekonomie-des-lebens\\\/#breadcrumb\",\"itemListElement\":[{\"@type\":\"ListItem\",\"position\":1,\"name\":\"Startseite\",\"item\":\"https:\\\/\\\/gradido.net\\\/\"},{\"@type\":\"ListItem\",\"position\":2,\"name\":\"Corona-Krise: Zeit f\u00fcr die \u201eNat\u00fcrliche \u00d6konomie des Lebens\u201c\"}]},{\"@type\":\"WebSite\",\"@id\":\"https:\\\/\\\/gradido.net\\\/de\\\/#website\",\"url\":\"https:\\\/\\\/gradido.net\\\/de\\\/\",\"name\":\"Gradido\",\"description\":\"Die neue W\u00e4hrung hei\u00dft Dankbarkeit\",\"publisher\":{\"@id\":\"https:\\\/\\\/gradido.net\\\/de\\\/#organization\"},\"potentialAction\":[{\"@type\":\"SearchAction\",\"target\":{\"@type\":\"EntryPoint\",\"urlTemplate\":\"https:\\\/\\\/gradido.net\\\/de\\\/?s={search_term_string}\"},\"query-input\":{\"@type\":\"PropertyValueSpecification\",\"valueRequired\":true,\"valueName\":\"search_term_string\"}}],\"inLanguage\":\"da-DK\"},{\"@type\":\"Organization\",\"@id\":\"https:\\\/\\\/gradido.net\\\/de\\\/#organization\",\"name\":\"Gradido\",\"url\":\"https:\\\/\\\/gradido.net\\\/de\\\/\",\"logo\":{\"@type\":\"ImageObject\",\"inLanguage\":\"da-DK\",\"@id\":\"https:\\\/\\\/gradido.net\\\/de\\\/#\\\/schema\\\/logo\\\/image\\\/\",\"url\":\"https:\\\/\\\/gradido.net\\\/wp-content\\\/uploads\\\/2022\\\/04\\\/gradido-social.jpg\",\"contentUrl\":\"https:\\\/\\\/gradido.net\\\/wp-content\\\/uploads\\\/2022\\\/04\\\/gradido-social.jpg\",\"width\":527,\"height\":273,\"caption\":\"Gradido\"},\"image\":{\"@id\":\"https:\\\/\\\/gradido.net\\\/de\\\/#\\\/schema\\\/logo\\\/image\\\/\"}},{\"@type\":\"Person\",\"@id\":\"https:\\\/\\\/gradido.net\\\/de\\\/#\\\/schema\\\/person\\\/9f913f37a47e7a82ad686b58fc907588\",\"name\":\"GR4dmin\",\"sameAs\":[\"https:\\\/\\\/gradido.net\"],\"url\":\"https:\\\/\\\/gradido.net\\\/da\\\/author\\\/gr4dmin\\\/\"}]}<\/script>\n<!-- \/ Yoast SEO plugin. -->","yoast_head_json":{"title":"Coronakrise: Tid til \"livets naturlige \u00f8konomi\" - Gradido","robots":{"index":"index","follow":"follow","max-snippet":"max-snippet:-1","max-image-preview":"max-image-preview:large","max-video-preview":"max-video-preview:-1"},"canonical":"https:\/\/gradido.net\/da\/corona-krise-zeit-fuer-die-natuerliche-oekonomie-des-lebens\/","og_locale":"da_DK","og_type":"article","og_title":"Corona-Krise: Zeit f\u00fcr die \u201eNat\u00fcrliche \u00d6konomie des Lebens\u201c - Gradido","og_description":"Wirtschaftsbioniker setzen auf weltweite Gemeinwohlw\u00e4hrung K\u00fcnzelsau, 26. Mai 2020 \u2013 Die Corona-Krise hat unsere Welt binnen k\u00fcrzester Zeit grundlegend ver\u00e4ndert. Trotz billionenschwerer Hilfsprogramme befindet sich die Wirtschaft im freien Fall. Das weltweite Finanzsystem droht zu scheitern, gefolgt von Masseninsolvenzen, Rekordarbeitslosigkeit und bitterer Armut. Nur mit einem zukunftsf\u00e4higen neuen Geldsystem, bei dem die \u00f6konomischen, \u00f6kologischen und [&hellip;]","og_url":"https:\/\/gradido.net\/da\/corona-krise-zeit-fuer-die-natuerliche-oekonomie-des-lebens\/","og_site_name":"Gradido","article_published_time":"2020-05-26T13:29:00+00:00","article_modified_time":"2021-12-10T12:08:25+00:00","og_image":[{"width":1000,"height":684,"url":"https:\/\/gradido.net\/wp-content\/uploads\/2020\/05\/gemeinwohlwaehrung.jpg","type":"image\/jpeg"}],"author":"GR4dmin","twitter_card":"summary_large_image","twitter_misc":{"Skrevet af":"GR4dmin","Estimeret l\u00e6setid":"5 minutter"},"schema":{"@context":"https:\/\/schema.org","@graph":[{"@type":"Article","@id":"https:\/\/gradido.net\/et\/corona-krise-zeit-fuer-die-natuerliche-oekonomie-des-lebens\/#article","isPartOf":{"@id":"https:\/\/gradido.net\/et\/corona-krise-zeit-fuer-die-natuerliche-oekonomie-des-lebens\/"},"author":{"name":"GR4dmin","@id":"https:\/\/gradido.net\/de\/#\/schema\/person\/9f913f37a47e7a82ad686b58fc907588"},"headline":"Corona-Krise: Zeit f\u00fcr die \u201eNat\u00fcrliche \u00d6konomie des Lebens\u201c","datePublished":"2020-05-26T13:29:00+00:00","dateModified":"2021-12-10T12:08:25+00:00","mainEntityOfPage":{"@id":"https:\/\/gradido.net\/et\/corona-krise-zeit-fuer-die-natuerliche-oekonomie-des-lebens\/"},"wordCount":983,"publisher":{"@id":"https:\/\/gradido.net\/de\/#organization"},"image":{"@id":"https:\/\/gradido.net\/et\/corona-krise-zeit-fuer-die-natuerliche-oekonomie-des-lebens\/#primaryimage"},"thumbnailUrl":"https:\/\/gradido.net\/wp-content\/uploads\/2020\/05\/gemeinwohlwaehrung.jpg","keywords":["Wirtschaftsbionik"],"articleSection":["Pressemitteilung"],"inLanguage":"da-DK"},{"@type":"WebPage","@id":"https:\/\/gradido.net\/et\/corona-krise-zeit-fuer-die-natuerliche-oekonomie-des-lebens\/","url":"https:\/\/gradido.net\/et\/corona-krise-zeit-fuer-die-natuerliche-oekonomie-des-lebens\/","name":"Coronakrise: Tid til \"livets naturlige \u00f8konomi\" - Gradido","isPartOf":{"@id":"https:\/\/gradido.net\/de\/#website"},"primaryImageOfPage":{"@id":"https:\/\/gradido.net\/et\/corona-krise-zeit-fuer-die-natuerliche-oekonomie-des-lebens\/#primaryimage"},"image":{"@id":"https:\/\/gradido.net\/et\/corona-krise-zeit-fuer-die-natuerliche-oekonomie-des-lebens\/#primaryimage"},"thumbnailUrl":"https:\/\/gradido.net\/wp-content\/uploads\/2020\/05\/gemeinwohlwaehrung.jpg","datePublished":"2020-05-26T13:29:00+00:00","dateModified":"2021-12-10T12:08:25+00:00","breadcrumb":{"@id":"https:\/\/gradido.net\/et\/corona-krise-zeit-fuer-die-natuerliche-oekonomie-des-lebens\/#breadcrumb"},"inLanguage":"da-DK","potentialAction":[{"@type":"ReadAction","target":["https:\/\/gradido.net\/et\/corona-krise-zeit-fuer-die-natuerliche-oekonomie-des-lebens\/"]}]},{"@type":"ImageObject","inLanguage":"da-DK","@id":"https:\/\/gradido.net\/et\/corona-krise-zeit-fuer-die-natuerliche-oekonomie-des-lebens\/#primaryimage","url":"https:\/\/gradido.net\/wp-content\/uploads\/2020\/05\/gemeinwohlwaehrung.jpg","contentUrl":"https:\/\/gradido.net\/wp-content\/uploads\/2020\/05\/gemeinwohlwaehrung.jpg","width":1000,"height":684},{"@type":"BreadcrumbList","@id":"https:\/\/gradido.net\/et\/corona-krise-zeit-fuer-die-natuerliche-oekonomie-des-lebens\/#breadcrumb","itemListElement":[{"@type":"ListItem","position":1,"name":"Startseite","item":"https:\/\/gradido.net\/"},{"@type":"ListItem","position":2,"name":"Corona-Krise: Zeit f\u00fcr die \u201eNat\u00fcrliche \u00d6konomie des Lebens\u201c"}]},{"@type":"WebSite","@id":"https:\/\/gradido.net\/de\/#website","url":"https:\/\/gradido.net\/de\/","name":"Gradido","description":"Den nye valuta er taknemmelighed","publisher":{"@id":"https:\/\/gradido.net\/de\/#organization"},"potentialAction":[{"@type":"SearchAction","target":{"@type":"EntryPoint","urlTemplate":"https:\/\/gradido.net\/de\/?s={search_term_string}"},"query-input":{"@type":"PropertyValueSpecification","valueRequired":true,"valueName":"search_term_string"}}],"inLanguage":"da-DK"},{"@type":"Organization","@id":"https:\/\/gradido.net\/de\/#organization","name":"Gradido","url":"https:\/\/gradido.net\/de\/","logo":{"@type":"ImageObject","inLanguage":"da-DK","@id":"https:\/\/gradido.net\/de\/#\/schema\/logo\/image\/","url":"https:\/\/gradido.net\/wp-content\/uploads\/2022\/04\/gradido-social.jpg","contentUrl":"https:\/\/gradido.net\/wp-content\/uploads\/2022\/04\/gradido-social.jpg","width":527,"height":273,"caption":"Gradido"},"image":{"@id":"https:\/\/gradido.net\/de\/#\/schema\/logo\/image\/"}},{"@type":"Person","@id":"https:\/\/gradido.net\/de\/#\/schema\/person\/9f913f37a47e7a82ad686b58fc907588","name":"GR4dmin","sameAs":["https:\/\/gradido.net"],"url":"https:\/\/gradido.net\/da\/author\/gr4dmin\/"}]}},"_links":{"self":[{"href":"https:\/\/gradido.net\/da\/wp-json\/wp\/v2\/posts\/616","targetHints":{"allow":["GET"]}}],"collection":[{"href":"https:\/\/gradido.net\/da\/wp-json\/wp\/v2\/posts"}],"about":[{"href":"https:\/\/gradido.net\/da\/wp-json\/wp\/v2\/types\/post"}],"author":[{"embeddable":true,"href":"https:\/\/gradido.net\/da\/wp-json\/wp\/v2\/users\/1"}],"replies":[{"embeddable":true,"href":"https:\/\/gradido.net\/da\/wp-json\/wp\/v2\/comments?post=616"}],"version-history":[{"count":15,"href":"https:\/\/gradido.net\/da\/wp-json\/wp\/v2\/posts\/616\/revisions"}],"predecessor-version":[{"id":3718,"href":"https:\/\/gradido.net\/da\/wp-json\/wp\/v2\/posts\/616\/revisions\/3718"}],"wp:featuredmedia":[{"embeddable":true,"href":"https:\/\/gradido.net\/da\/wp-json\/wp\/v2\/media\/858"}],"wp:attachment":[{"href":"https:\/\/gradido.net\/da\/wp-json\/wp\/v2\/media?parent=616"}],"wp:term":[{"taxonomy":"category","embeddable":true,"href":"https:\/\/gradido.net\/da\/wp-json\/wp\/v2\/categories?post=616"},{"taxonomy":"post_tag","embeddable":true,"href":"https:\/\/gradido.net\/da\/wp-json\/wp\/v2\/tags?post=616"}],"curies":[{"name":"wp","href":"https:\/\/api.w.org\/{rel}","templated":true}]}}