{"id":7227,"date":"2023-08-20T07:00:11","date_gmt":"2023-08-20T05:00:11","guid":{"rendered":"https:\/\/gradido.net\/?p=7227"},"modified":"2026-04-23T07:14:02","modified_gmt":"2026-04-23T05:14:02","slug":"lieblingsstadt-4-gradido-tage-in-der-pizzeria-ehrenamt-trifft-auf-gastronomie","status":"publish","type":"post","link":"https:\/\/gradido.net\/da\/lieblingsstadt-4-gradido-tage-in-der-pizzeria-ehrenamt-trifft-auf-gastronomie\/","title":{"rendered":"Favourite City 4 - Gradido Days at the Pizzeria: Frivilligt arbejde m\u00f8der gastronomi"},"content":{"rendered":"<div data-elementor-type=\"wp-post\" data-elementor-id=\"7227\" class=\"elementor elementor-7227\" data-elementor-post-type=\"post\">\n\t\t\t\t\t\t<section class=\"elementor-section elementor-top-section elementor-element elementor-element-496e1d53 elementor-section-boxed elementor-section-height-default elementor-section-height-default\" data-id=\"496e1d53\" data-element_type=\"section\" data-e-type=\"section\">\n\t\t\t\t\t\t<div class=\"elementor-container elementor-column-gap-default\">\n\t\t\t\t\t<div class=\"elementor-column elementor-col-100 elementor-top-column elementor-element elementor-element-461d7be0\" data-id=\"461d7be0\" data-element_type=\"column\" data-e-type=\"column\">\n\t\t\t<div class=\"elementor-widget-wrap elementor-element-populated\">\n\t\t\t\t\t\t<div class=\"elementor-element elementor-element-cd9ebe2 elementor-widget elementor-widget-text-editor\" data-id=\"cd9ebe2\" data-element_type=\"widget\" data-e-type=\"widget\" data-widget_type=\"text-editor.default\">\n\t\t\t\t<div class=\"elementor-widget-container\">\n\t\t\t\t\t\t\t\t\t<p style=\"text-align: right;\"><em>\"Vi elsker vores by og dens indbyggere, og vi \u00f8nsker, at alle skal have r\u00e5d til at nyde et par timer med italiensk flair og middelhavsk\u00f8kken.\"<\/em><\/p><p>K\u00e6re l\u00e6ser,<\/p><p>i yndlingsbyen er det popul\u00e6re Pizzeria Napoli, som drives af Giulia og Antonio. Som passionerede restaurat\u00f8rer har de ikke bare et talent for det l\u00e6kre italienske k\u00f8kken, men ogs\u00e5 et hjerte for mennesker.<\/p>\t\t\t\t\t\t\t\t<\/div>\n\t\t\t\t<\/div>\n\t\t\t\t<div class=\"elementor-element elementor-element-b482206 elementor-widget elementor-widget-image\" data-id=\"b482206\" data-element_type=\"widget\" data-e-type=\"widget\" data-widget_type=\"image.default\">\n\t\t\t\t<div class=\"elementor-widget-container\">\n\t\t\t\t\t\t\t\t\t\t\t\t\t\t\t<img fetchpriority=\"high\" decoding=\"async\" width=\"500\" height=\"500\" src=\"https:\/\/gradido.net\/wp-content\/uploads\/2023\/08\/Giulia_Toni_500.jpg\" class=\"attachment-full size-full wp-image-7233\" alt=\"\" srcset=\"https:\/\/gradido.net\/wp-content\/uploads\/2023\/08\/Giulia_Toni_500.jpg 500w, https:\/\/gradido.net\/wp-content\/uploads\/2023\/08\/Giulia_Toni_500-300x300.jpg 300w, https:\/\/gradido.net\/wp-content\/uploads\/2023\/08\/Giulia_Toni_500-150x150.jpg 150w, https:\/\/gradido.net\/wp-content\/uploads\/2023\/08\/Giulia_Toni_500-12x12.jpg 12w\" sizes=\"(max-width: 500px) 100vw, 500px\" \/>\t\t\t\t\t\t\t\t\t\t\t\t\t\t\t<\/div>\n\t\t\t\t<\/div>\n\t\t\t\t<div class=\"elementor-element elementor-element-c5e61d4 elementor-widget elementor-widget-text-editor\" data-id=\"c5e61d4\" data-element_type=\"widget\" data-e-type=\"widget\" data-widget_type=\"text-editor.default\">\n\t\t\t\t<div class=\"elementor-widget-container\">\n\t\t\t\t\t\t\t\t\t<p>Men p\u00e5 det seneste har der v\u00e6ret en deprimerende stemning i luften - ikke alle har r\u00e5d til den lille luksus at g\u00e5 p\u00e5 restaurant. Is\u00e6r nu, hvor byens st\u00f8rste arbejdsgiver har v\u00e6ret n\u00f8dt til at lukke d\u00f8rene, har arbejdsl\u00f8sheden ramt mange h\u00e5rdtarbejdende indbyggere i Lieblingsstadt.<\/p><p><br \/>Under et bes\u00f8g af borgmester Michael Miteinand l\u00e6rer Giulia og Antonio om hans nye projekt: Indf\u00f8relsen af Common Good Thank Points efter Gradido-modellen i Lieblingsstadt. Navnet \"Gradido\" siger det hele, for denne model er baseret p\u00e5 principperne om taknemmelighed, v\u00e6rdighed og donation.\u00a0<\/p><p><br \/>Hver frivillig modtager 20 gradidos for hver times frivilligt arbejde og kan veksle dem til rabatter og andre fordele.<\/p><p><br \/>Da Antonio h\u00f8rer denne id\u00e9, husker han en tradition fra sit hjemland Napoli: \"caff\u00e8 sospeso\". Den opstod i midten af det 20. \u00e5rhundrede og er en solidarisk handling, hvor man ikke bare betaler for sin egen kaffe, men ogs\u00e5 k\u00f8ber en ny \"p\u00e5 lager\" til en, der har brug for det. Denne k\u00e6rlige gestus er vokset i popularitet siden starten og er nu kendt over hele verden som \"pay it forward\".<\/p>\t\t\t\t\t\t\t\t<\/div>\n\t\t\t\t<\/div>\n\t\t\t\t<div class=\"elementor-element elementor-element-e51c407 elementor-widget elementor-widget-image\" data-id=\"e51c407\" data-element_type=\"widget\" data-e-type=\"widget\" data-widget_type=\"image.default\">\n\t\t\t\t<div class=\"elementor-widget-container\">\n\t\t\t\t\t\t\t\t\t\t\t\t\t\t\t<img decoding=\"async\" src=\"https:\/\/gradido.net\/wp-content\/uploads\/elementor\/thumbs\/Cafe\u0301-Sospeso_800-qh4sa6qu9nadfnzp024c04onwjg978k2dpsj4pxpjc.png\" title=\"Caf\u00e9 Sospeso_800\" alt=\"Caf\u00e9 Sospeso_800\" loading=\"lazy\" \/>\t\t\t\t\t\t\t\t\t\t\t\t\t\t\t<\/div>\n\t\t\t\t<\/div>\n\t\t\t\t<div class=\"elementor-element elementor-element-06a4667 elementor-widget elementor-widget-text-editor\" data-id=\"06a4667\" data-element_type=\"widget\" data-e-type=\"widget\" data-widget_type=\"text-editor.default\">\n\t\t\t\t<div class=\"elementor-widget-container\">\n\t\t\t\t\t\t\t\t\t<p><span style=\"font-weight: 400;\">Karma-caf\u00e9er, ogs\u00e5 kendt som pay-what-you-can-caf\u00e9er, har et lignende koncept og spreder sig over hele verden. Det er steder, hvor folk kan betale for den mad og drikke, de har r\u00e5d til, eller som de synes er passende.\u00a0<\/span><\/p><p><span style=\"font-weight: 400;\">Ideen bag en Karma Caf\u00e9 er at fremme f\u00e6llesskab og samh\u00f8righed og samtidig sikre, at ingen g\u00e5r sultne p\u00e5 grund af \u00f8konomiske begr\u00e6nsninger. Karma Caf\u00e9er kan yde et vigtigt bidrag til samfundet ved at fremme en f\u00f8lelse af solidaritet og medf\u00f8lelse.<\/span><\/p>\t\t\t\t\t\t\t\t<\/div>\n\t\t\t\t<\/div>\n\t\t\t\t<div class=\"elementor-element elementor-element-f223bb6 elementor-widget elementor-widget-image\" data-id=\"f223bb6\" data-element_type=\"widget\" data-e-type=\"widget\" data-widget_type=\"image.default\">\n\t\t\t\t<div class=\"elementor-widget-container\">\n\t\t\t\t\t\t\t\t\t\t\t\t\t\t\t<img decoding=\"async\" src=\"https:\/\/gradido.net\/wp-content\/uploads\/elementor\/thumbs\/gradido_willkommen-qh4sa6qt1shxtntyl595w1uav78mjhcchx7czbghi8.png\" title=\"gradido_velkommen\" alt=\"gradido_velkommen\" loading=\"lazy\" \/>\t\t\t\t\t\t\t\t\t\t\t\t\t\t\t<\/div>\n\t\t\t\t<\/div>\n\t\t\t\t<div class=\"elementor-element elementor-element-0499f3c elementor-widget elementor-widget-text-editor\" data-id=\"0499f3c\" data-element_type=\"widget\" data-e-type=\"widget\" data-widget_type=\"text-editor.default\">\n\t\t\t\t<div class=\"elementor-widget-container\">\n\t\t\t\t\t\t\t\t\t<p><strong>Fusionen af disse koncepter inspirerer parret til et stort initiativ:<\/strong><\/p><p>De beslutter sig for at indf\u00f8re to Gradido-dage om ugen, hvor de tilbyder mad og drikke med Gradido-rabat. G\u00e6ster, der har r\u00e5d til det, har ogs\u00e5 mulighed for at betale mere. P\u00e5 den m\u00e5de g\u00f8r de det muligt for mindre velstillede mennesker at f\u00e5 deres m\u00e5ltid helt for Gradidos.<\/p><p>P\u00e5 den m\u00e5de f\u00f8ler disse medmennesker ikke bare, at de er i n\u00f8d, men kan til geng\u00e6ld nyde en luksus gennem deres frivillige arbejde, som de m\u00e5ske ellers ikke ville have.<\/p><p>P\u00e5 de to faste Gradidos-dage f\u00e5r tjenerne deres velfortjente fridag. Det giver en gruppe unge mennesker den id\u00e9 at melde sig som frivillige til at hj\u00e6lpe til med Gradidos.<\/p>\t\t\t\t\t\t\t\t<\/div>\n\t\t\t\t<\/div>\n\t\t\t\t<div class=\"elementor-element elementor-element-392458a elementor-widget elementor-widget-image\" data-id=\"392458a\" data-element_type=\"widget\" data-e-type=\"widget\" data-widget_type=\"image.default\">\n\t\t\t\t<div class=\"elementor-widget-container\">\n\t\t\t\t\t\t\t\t\t\t\t\t\t\t\t<img decoding=\"async\" width=\"500\" height=\"375\" src=\"https:\/\/gradido.net\/wp-content\/uploads\/2023\/08\/Freiwillige_Pizzabaecker_500.jpg\" class=\"attachment-full size-full wp-image-7239\" alt=\"\" srcset=\"https:\/\/gradido.net\/wp-content\/uploads\/2023\/08\/Freiwillige_Pizzabaecker_500.jpg 500w, https:\/\/gradido.net\/wp-content\/uploads\/2023\/08\/Freiwillige_Pizzabaecker_500-300x225.jpg 300w, https:\/\/gradido.net\/wp-content\/uploads\/2023\/08\/Freiwillige_Pizzabaecker_500-16x12.jpg 16w\" sizes=\"(max-width: 500px) 100vw, 500px\" \/>\t\t\t\t\t\t\t\t\t\t\t\t\t\t\t<\/div>\n\t\t\t\t<\/div>\n\t\t\t\t<div class=\"elementor-element elementor-element-8fcbf61 elementor-widget elementor-widget-text-editor\" data-id=\"8fcbf61\" data-element_type=\"widget\" data-e-type=\"widget\" data-widget_type=\"text-editor.default\">\n\t\t\t\t<div class=\"elementor-widget-container\">\n\t\t\t\t\t\t\t\t\t<p>F\u00e6llesskabet vokser sammen. Solidaritet og samh\u00f8righed gl\u00e6der nu hjerterne hver dag p\u00e5 Pizzeria Napoli - og i hele Favourite City.<\/p><p><strong>Og et andet forbl\u00f8ffende f\u00e6nomen kan observeres:\u00a0<\/strong><\/p><p>Siden introduktionen af Gradido Days har pizzeriaet boomet som aldrig f\u00f8r. Det er fyldt hver dag og tiltr\u00e6kker flere og flere g\u00e6ster langvejs fra, som gerne vil opleve \"Miraklet i yndlingsbyen\". De, der har r\u00e5d til det, betaler gerne ekstra for at g\u00f8re et Gradido-m\u00e5ltid muligt for de \u00f8konomisk mindre bemidlede.\u00a0<\/p>\t\t\t\t\t\t\t\t<\/div>\n\t\t\t\t<\/div>\n\t\t\t\t<div class=\"elementor-element elementor-element-84f7bbd elementor-widget elementor-widget-image\" data-id=\"84f7bbd\" data-element_type=\"widget\" data-e-type=\"widget\" data-widget_type=\"image.default\">\n\t\t\t\t<div class=\"elementor-widget-container\">\n\t\t\t\t\t\t\t\t\t\t\t\t\t\t\t<img decoding=\"async\" width=\"500\" height=\"300\" src=\"https:\/\/gradido.net\/wp-content\/uploads\/2023\/08\/Erfolg_500.png\" class=\"attachment-full size-full wp-image-7243\" alt=\"\" srcset=\"https:\/\/gradido.net\/wp-content\/uploads\/2023\/08\/Erfolg_500.png 500w, https:\/\/gradido.net\/wp-content\/uploads\/2023\/08\/Erfolg_500-300x180.png 300w, https:\/\/gradido.net\/wp-content\/uploads\/2023\/08\/Erfolg_500-18x12.png 18w\" sizes=\"(max-width: 500px) 100vw, 500px\" \/>\t\t\t\t\t\t\t\t\t\t\t\t\t\t\t<\/div>\n\t\t\t\t<\/div>\n\t\t\t\t<div class=\"elementor-element elementor-element-abb92cd elementor-widget elementor-widget-text-editor\" data-id=\"abb92cd\" data-element_type=\"widget\" data-e-type=\"widget\" data-widget_type=\"text-editor.default\">\n\t\t\t\t<div class=\"elementor-widget-container\">\n\t\t\t\t\t\t\t\t\t<p><strong>Giulia og Toni har nu st\u00f8rre oms\u00e6tning og overskud end nogensinde f\u00f8r.<\/strong><\/p>\t\t\t\t\t\t\t\t<\/div>\n\t\t\t\t<\/div>\n\t\t\t\t<div class=\"elementor-element elementor-element-e858257 elementor-widget-divider--view-line elementor-widget elementor-widget-divider\" data-id=\"e858257\" data-element_type=\"widget\" data-e-type=\"widget\" data-widget_type=\"divider.default\">\n\t\t\t\t<div class=\"elementor-widget-container\">\n\t\t\t\t\t\t\t<div class=\"elementor-divider\">\n\t\t\t<span class=\"elementor-divider-separator\">\n\t\t\t\t\t\t<\/span>\n\t\t<\/div>\n\t\t\t\t\t\t<\/div>\n\t\t\t\t<\/div>\n\t\t\t\t<div class=\"elementor-element elementor-element-d74dfa0 elementor-widget elementor-widget-text-editor\" data-id=\"d74dfa0\" data-element_type=\"widget\" data-e-type=\"widget\" data-widget_type=\"text-editor.default\">\n\t\t\t\t<div class=\"elementor-widget-container\">\n\t\t\t\t\t\t\t\t\t<div data-pm-slice=\"1 1 []\" data-en-clipboard=\"true\"><p>I dette fjerde indl\u00e6g i vores serie <strong>\"Gradido i yndlingsbyen\" <\/strong>ser vi, hvordan Gradido ikke kun kan forbedre beboernes livskvalitet, men ogs\u00e5 \u00f8ge de lokale erhvervsdrivendes forretningssucces betydeligt. Dette emne vil f\u00f8lge os i de n\u00e6ste artikler, hvor selv virksomheder og det kommunale hospital bliver reddet.<\/p><p><strong>Du er velkommen til at videresende denne serie til dit byr\u00e5d, foreninger og h\u00e5ndv\u00e6rkere!<\/strong><\/p><p>Hvis vi ikke handler sammen nu, vil den nedadg\u00e5ende tendens forts\u00e6tte, \u00f8konomien vil blive k\u00f8rt i s\u00e6nk, middelklassen vil blive undermineret, og mange kommuner vil bryde sammen under g\u00e6ldsbyrden.\u00a0<\/p><p>Med Gradido har vi et effektivt v\u00e6rkt\u00f8j til positivt livs- og succesdesign i vores h\u00e6nder. Sammen forvandler vi vores byer og lokalsamfund til levende, blomstrende oaser - vores yndlingssteder!<\/p><p>Med venlig hilsen<\/p><\/div><p>Med venlig hilsen<\/p><p><img loading=\"lazy\" decoding=\"async\" class=\"alignnone wp-image-4614 size-medium\" src=\"https:\/\/gradido.net\/wp-content\/uploads\/2022\/06\/MargretBernd_2022-300x74.png\" alt=\"\" width=\"300\" height=\"74\" srcset=\"https:\/\/gradido.net\/wp-content\/uploads\/2022\/06\/MargretBernd_2022-300x74.png 300w, https:\/\/gradido.net\/wp-content\/uploads\/2022\/06\/MargretBernd_2022-18x4.png 18w, https:\/\/gradido.net\/wp-content\/uploads\/2022\/06\/MargretBernd_2022.png 431w\" sizes=\"(max-width: 300px) 100vw, 300px\" \/><\/p><p>Margret Baier og Bernd H\u00fcckst\u00e4dt<br \/>Gradido grundl\u00e6gger og udvikler<\/p>\t\t\t\t\t\t\t\t<\/div>\n\t\t\t\t<\/div>\n\t\t\t\t\t<\/div>\n\t\t<\/div>\n\t\t\t\t\t<\/div>\n\t\t<\/section>\n\t\t\t\t<section class=\"elementor-section elementor-top-section elementor-element elementor-element-262cce0 elementor-section-boxed elementor-section-height-default elementor-section-height-default\" data-id=\"262cce0\" data-element_type=\"section\" data-e-type=\"section\">\n\t\t\t\t\t\t<div class=\"elementor-container elementor-column-gap-default\">\n\t\t\t\t\t<div class=\"elementor-column elementor-col-100 elementor-top-column elementor-element elementor-element-252afa7\" data-id=\"252afa7\" data-element_type=\"column\" data-e-type=\"column\">\n\t\t\t<div class=\"elementor-widget-wrap elementor-element-populated\">\n\t\t\t\t\t\t<div class=\"elementor-element elementor-element-da4b51f elementor-position-inline-start white-links elementor-widget__width-initial elementor-view-default elementor-mobile-position-block-start elementor-widget elementor-widget-icon-box\" data-id=\"da4b51f\" data-element_type=\"widget\" data-e-type=\"widget\" data-no-translation=\"\" data-widget_type=\"icon-box.default\">\n\t\t\t\t<div class=\"elementor-widget-container\">\n\t\t\t\t\t<style>.elementor-element-da4b51f{display:none !important}<\/style>\t\t\t\t<\/div>\n\t\t\t\t<\/div>\n\t\t\t\t\t<\/div>\n\t\t<\/div>\n\t\t\t\t\t<\/div>\n\t\t<\/section>\n\t\t\t\t<section class=\"elementor-section elementor-top-section elementor-element elementor-element-14532fe elementor-section-boxed elementor-section-height-default elementor-section-height-default\" data-id=\"14532fe\" data-element_type=\"section\" data-e-type=\"section\">\n\t\t\t\t\t\t<div class=\"elementor-container elementor-column-gap-default\">\n\t\t\t\t\t<div class=\"elementor-column elementor-col-100 elementor-top-column elementor-element elementor-element-65d2298\" data-id=\"65d2298\" data-element_type=\"column\" data-e-type=\"column\">\n\t\t\t<div class=\"elementor-widget-wrap elementor-element-populated\">\n\t\t\t\t\t\t<div class=\"elementor-element elementor-element-13273c5 elementor-widget elementor-widget-global elementor-global-9341 elementor-widget-text-editor\" data-id=\"13273c5\" data-element_type=\"widget\" data-e-type=\"widget\" data-widget_type=\"text-editor.default\">\n\t\t\t\t<div class=\"elementor-widget-container\">\n\t\t\t\t\t\t\t\t\t<p><strong>PS:\u00a0<span style=\"color: #ff6600;\"><a style=\"color: #ff6600;\" href=\"https:\/\/gradido.net\/da\/donations\/\">P\u00e5 grund af Gradidos stadigt voksende betydning gentager vi vores taknemmelighedskampagne den 26. juni 2026:<\/a>\u00a0<\/span><span style=\"color: #0000ff;\"><a style=\"color: #0000ff;\" href=\"https:\/\/gradido.net\/da\/donations\/\">Ud over de mange GradidoTransform for dit sponsorbidrag vil vi \u00f8ge alle GDT-kontosaldi med 26% den 26\/06\/2016. Sponsorer nu, og nyd de mange GDT-bel\u00f8b!<\/a><\/span><\/strong><\/p>\t\t\t\t\t\t\t\t<\/div>\n\t\t\t\t<\/div>\n\t\t\t\t\t<\/div>\n\t\t<\/div>\n\t\t\t\t\t<\/div>\n\t\t<\/section>\n\t\t\t\t<\/div>","protected":false},"excerpt":{"rendered":"<p>Siden introduktionen af Gradido Days har Pizzeria Napoli boomet som aldrig f\u00f8r. Der er fuldt hus hver dag, og der kommer flere og flere g\u00e6ster langvejs fra for at opleve \"Miraklet i yndlingsbyen\". <\/p>","protected":false},"author":2,"featured_media":7228,"comment_status":"closed","ping_status":"closed","sticky":false,"template":"","format":"standard","meta":{"footnotes":""},"categories":[11,53],"tags":[],"class_list":["post-7227","post","type-post","status-publish","format-standard","has-post-thumbnail","hentry","category-blog","category-lieblingsstadt"],"yoast_head":"<!-- This site is optimized with the Yoast SEO plugin v27.5 - https:\/\/yoast.com\/product\/yoast-seo-wordpress\/ -->\n<title>Lieblingsstadt 4 \u2013 Gradido-Tage in der Pizzeria: Ehrenamt trifft auf Gastronomie - Gradido<\/title>\n<meta name=\"description\" content=\"Seit der Einf\u00fchrung der Gradido-Tage boomt die Pizzeria Napoli wie nie zuvor. Sie ist t\u00e4glich voll besucht und zieht immer mehr G\u00e4ste von weiter her an, die das \u201cWunder von Lieblingsstadt\u201d miterleben m\u00f6chten.\" \/>\n<meta name=\"robots\" content=\"index, follow, max-snippet:-1, max-image-preview:large, max-video-preview:-1\" \/>\n<link rel=\"canonical\" href=\"https:\/\/gradido.net\/da\/lieblingsstadt-4-gradido-tage-in-der-pizzeria-ehrenamt-trifft-auf-gastronomie\/\" \/>\n<meta property=\"og:locale\" content=\"da_DK\" \/>\n<meta property=\"og:type\" content=\"article\" \/>\n<meta property=\"og:title\" content=\"Lieblingsstadt 4 \u2013 Gradido-Tage in der Pizzeria: Ehrenamt trifft auf Gastronomie - Gradido\" \/>\n<meta property=\"og:description\" content=\"Seit der Einf\u00fchrung der Gradido-Tage boomt die Pizzeria Napoli wie nie zuvor. Sie ist t\u00e4glich voll besucht und zieht immer mehr G\u00e4ste von weiter her an, die das \u201cWunder von Lieblingsstadt\u201d miterleben m\u00f6chten.\" \/>\n<meta property=\"og:url\" content=\"https:\/\/gradido.net\/da\/lieblingsstadt-4-gradido-tage-in-der-pizzeria-ehrenamt-trifft-auf-gastronomie\/\" \/>\n<meta property=\"og:site_name\" content=\"Gradido\" \/>\n<meta property=\"article:published_time\" content=\"2023-08-20T05:00:11+00:00\" \/>\n<meta property=\"article:modified_time\" content=\"2026-04-23T05:14:02+00:00\" \/>\n<meta property=\"og:image\" content=\"https:\/\/gradido.net\/wp-content\/uploads\/2023\/08\/Pizzeria_1920.jpg\" \/>\n\t<meta property=\"og:image:width\" content=\"1920\" \/>\n\t<meta property=\"og:image:height\" content=\"1080\" \/>\n\t<meta property=\"og:image:type\" content=\"image\/jpeg\" \/>\n<meta name=\"author\" content=\"Bernd H\u00fcckst\u00e4dt\" \/>\n<meta name=\"twitter:card\" content=\"summary_large_image\" \/>\n<meta name=\"twitter:label1\" content=\"Skrevet af\" \/>\n\t<meta name=\"twitter:data1\" content=\"Bernd H\u00fcckst\u00e4dt\" \/>\n\t<meta name=\"twitter:label2\" content=\"Estimeret l\u00e6setid\" \/>\n\t<meta name=\"twitter:data2\" content=\"6 minutter\" \/>\n<script type=\"application\/ld+json\" class=\"yoast-schema-graph\">{\"@context\":\"https:\\\/\\\/schema.org\",\"@graph\":[{\"@type\":\"Article\",\"@id\":\"https:\\\/\\\/gradido.net\\\/lieblingsstadt-4-gradido-tage-in-der-pizzeria-ehrenamt-trifft-auf-gastronomie\\\/#article\",\"isPartOf\":{\"@id\":\"https:\\\/\\\/gradido.net\\\/lieblingsstadt-4-gradido-tage-in-der-pizzeria-ehrenamt-trifft-auf-gastronomie\\\/\"},\"author\":{\"name\":\"Bernd H\u00fcckst\u00e4dt\",\"@id\":\"https:\\\/\\\/gradido.net\\\/de\\\/#\\\/schema\\\/person\\\/9c503a004ad15a1ddecadce2218db5d1\"},\"headline\":\"Lieblingsstadt 4 \u2013 Gradido-Tage in der Pizzeria: Ehrenamt trifft auf Gastronomie\",\"datePublished\":\"2023-08-20T05:00:11+00:00\",\"dateModified\":\"2026-04-23T05:14:02+00:00\",\"mainEntityOfPage\":{\"@id\":\"https:\\\/\\\/gradido.net\\\/lieblingsstadt-4-gradido-tage-in-der-pizzeria-ehrenamt-trifft-auf-gastronomie\\\/\"},\"wordCount\":795,\"publisher\":{\"@id\":\"https:\\\/\\\/gradido.net\\\/de\\\/#organization\"},\"image\":{\"@id\":\"https:\\\/\\\/gradido.net\\\/lieblingsstadt-4-gradido-tage-in-der-pizzeria-ehrenamt-trifft-auf-gastronomie\\\/#primaryimage\"},\"thumbnailUrl\":\"https:\\\/\\\/gradido.net\\\/wp-content\\\/uploads\\\/2023\\\/08\\\/Pizzeria_1920.jpg\",\"articleSection\":[\"Blog\",\"Lieblingsstadt\"],\"inLanguage\":\"da-DK\"},{\"@type\":\"WebPage\",\"@id\":\"https:\\\/\\\/gradido.net\\\/lieblingsstadt-4-gradido-tage-in-der-pizzeria-ehrenamt-trifft-auf-gastronomie\\\/\",\"url\":\"https:\\\/\\\/gradido.net\\\/lieblingsstadt-4-gradido-tage-in-der-pizzeria-ehrenamt-trifft-auf-gastronomie\\\/\",\"name\":\"Lieblingsstadt 4 \u2013 Gradido-Tage in der Pizzeria: Ehrenamt trifft auf Gastronomie - Gradido\",\"isPartOf\":{\"@id\":\"https:\\\/\\\/gradido.net\\\/de\\\/#website\"},\"primaryImageOfPage\":{\"@id\":\"https:\\\/\\\/gradido.net\\\/lieblingsstadt-4-gradido-tage-in-der-pizzeria-ehrenamt-trifft-auf-gastronomie\\\/#primaryimage\"},\"image\":{\"@id\":\"https:\\\/\\\/gradido.net\\\/lieblingsstadt-4-gradido-tage-in-der-pizzeria-ehrenamt-trifft-auf-gastronomie\\\/#primaryimage\"},\"thumbnailUrl\":\"https:\\\/\\\/gradido.net\\\/wp-content\\\/uploads\\\/2023\\\/08\\\/Pizzeria_1920.jpg\",\"datePublished\":\"2023-08-20T05:00:11+00:00\",\"dateModified\":\"2026-04-23T05:14:02+00:00\",\"description\":\"Seit der Einf\u00fchrung der Gradido-Tage boomt die Pizzeria Napoli wie nie zuvor. Sie ist t\u00e4glich voll besucht und zieht immer mehr G\u00e4ste von weiter her an, die das \u201cWunder von Lieblingsstadt\u201d miterleben m\u00f6chten.\",\"breadcrumb\":{\"@id\":\"https:\\\/\\\/gradido.net\\\/lieblingsstadt-4-gradido-tage-in-der-pizzeria-ehrenamt-trifft-auf-gastronomie\\\/#breadcrumb\"},\"inLanguage\":\"da-DK\",\"potentialAction\":[{\"@type\":\"ReadAction\",\"target\":[\"https:\\\/\\\/gradido.net\\\/lieblingsstadt-4-gradido-tage-in-der-pizzeria-ehrenamt-trifft-auf-gastronomie\\\/\"]}]},{\"@type\":\"ImageObject\",\"inLanguage\":\"da-DK\",\"@id\":\"https:\\\/\\\/gradido.net\\\/lieblingsstadt-4-gradido-tage-in-der-pizzeria-ehrenamt-trifft-auf-gastronomie\\\/#primaryimage\",\"url\":\"https:\\\/\\\/gradido.net\\\/wp-content\\\/uploads\\\/2023\\\/08\\\/Pizzeria_1920.jpg\",\"contentUrl\":\"https:\\\/\\\/gradido.net\\\/wp-content\\\/uploads\\\/2023\\\/08\\\/Pizzeria_1920.jpg\",\"width\":1920,\"height\":1080},{\"@type\":\"BreadcrumbList\",\"@id\":\"https:\\\/\\\/gradido.net\\\/lieblingsstadt-4-gradido-tage-in-der-pizzeria-ehrenamt-trifft-auf-gastronomie\\\/#breadcrumb\",\"itemListElement\":[{\"@type\":\"ListItem\",\"position\":1,\"name\":\"Startseite\",\"item\":\"https:\\\/\\\/gradido.net\\\/\"},{\"@type\":\"ListItem\",\"position\":2,\"name\":\"Lieblingsstadt 4 \u2013 Gradido-Tage in der Pizzeria: Ehrenamt trifft auf Gastronomie\"}]},{\"@type\":\"WebSite\",\"@id\":\"https:\\\/\\\/gradido.net\\\/de\\\/#website\",\"url\":\"https:\\\/\\\/gradido.net\\\/de\\\/\",\"name\":\"Gradido\",\"description\":\"Die neue W\u00e4hrung hei\u00dft Dankbarkeit\",\"publisher\":{\"@id\":\"https:\\\/\\\/gradido.net\\\/de\\\/#organization\"},\"potentialAction\":[{\"@type\":\"SearchAction\",\"target\":{\"@type\":\"EntryPoint\",\"urlTemplate\":\"https:\\\/\\\/gradido.net\\\/de\\\/?s={search_term_string}\"},\"query-input\":{\"@type\":\"PropertyValueSpecification\",\"valueRequired\":true,\"valueName\":\"search_term_string\"}}],\"inLanguage\":\"da-DK\"},{\"@type\":\"Organization\",\"@id\":\"https:\\\/\\\/gradido.net\\\/de\\\/#organization\",\"name\":\"Gradido\",\"url\":\"https:\\\/\\\/gradido.net\\\/de\\\/\",\"logo\":{\"@type\":\"ImageObject\",\"inLanguage\":\"da-DK\",\"@id\":\"https:\\\/\\\/gradido.net\\\/de\\\/#\\\/schema\\\/logo\\\/image\\\/\",\"url\":\"https:\\\/\\\/gradido.net\\\/wp-content\\\/uploads\\\/2022\\\/04\\\/gradido-social.jpg\",\"contentUrl\":\"https:\\\/\\\/gradido.net\\\/wp-content\\\/uploads\\\/2022\\\/04\\\/gradido-social.jpg\",\"width\":527,\"height\":273,\"caption\":\"Gradido\"},\"image\":{\"@id\":\"https:\\\/\\\/gradido.net\\\/de\\\/#\\\/schema\\\/logo\\\/image\\\/\"}},{\"@type\":\"Person\",\"@id\":\"https:\\\/\\\/gradido.net\\\/de\\\/#\\\/schema\\\/person\\\/9c503a004ad15a1ddecadce2218db5d1\",\"name\":\"Bernd H\u00fcckst\u00e4dt\",\"sameAs\":[\"https:\\\/\\\/gradido.net\"],\"url\":\"https:\\\/\\\/gradido.net\\\/da\\\/author\\\/bernd\\\/\"}]}<\/script>\n<!-- \/ Yoast SEO plugin. -->","yoast_head_json":{"title":"Favourite City 4 - Gradido Dage p\u00e5 pizzeriaet: Frivilligt arbejde m\u00f8der gastronomi - Gradido","description":"Siden introduktionen af Gradido Days har Pizzeria Napoli boomet som aldrig f\u00f8r. Der er fuldt hus hver dag, og der kommer flere og flere g\u00e6ster langvejs fra for at opleve \"Miraklet i yndlingsbyen\".","robots":{"index":"index","follow":"follow","max-snippet":"max-snippet:-1","max-image-preview":"max-image-preview:large","max-video-preview":"max-video-preview:-1"},"canonical":"https:\/\/gradido.net\/da\/lieblingsstadt-4-gradido-tage-in-der-pizzeria-ehrenamt-trifft-auf-gastronomie\/","og_locale":"da_DK","og_type":"article","og_title":"Lieblingsstadt 4 \u2013 Gradido-Tage in der Pizzeria: Ehrenamt trifft auf Gastronomie - Gradido","og_description":"Seit der Einf\u00fchrung der Gradido-Tage boomt die Pizzeria Napoli wie nie zuvor. Sie ist t\u00e4glich voll besucht und zieht immer mehr G\u00e4ste von weiter her an, die das \u201cWunder von Lieblingsstadt\u201d miterleben m\u00f6chten.","og_url":"https:\/\/gradido.net\/da\/lieblingsstadt-4-gradido-tage-in-der-pizzeria-ehrenamt-trifft-auf-gastronomie\/","og_site_name":"Gradido","article_published_time":"2023-08-20T05:00:11+00:00","article_modified_time":"2026-04-23T05:14:02+00:00","og_image":[{"width":1920,"height":1080,"url":"https:\/\/gradido.net\/wp-content\/uploads\/2023\/08\/Pizzeria_1920.jpg","type":"image\/jpeg"}],"author":"Bernd H\u00fcckst\u00e4dt","twitter_card":"summary_large_image","twitter_misc":{"Skrevet af":"Bernd H\u00fcckst\u00e4dt","Estimeret l\u00e6setid":"6 minutter"},"schema":{"@context":"https:\/\/schema.org","@graph":[{"@type":"Article","@id":"https:\/\/gradido.net\/lieblingsstadt-4-gradido-tage-in-der-pizzeria-ehrenamt-trifft-auf-gastronomie\/#article","isPartOf":{"@id":"https:\/\/gradido.net\/lieblingsstadt-4-gradido-tage-in-der-pizzeria-ehrenamt-trifft-auf-gastronomie\/"},"author":{"name":"Bernd H\u00fcckst\u00e4dt","@id":"https:\/\/gradido.net\/de\/#\/schema\/person\/9c503a004ad15a1ddecadce2218db5d1"},"headline":"Lieblingsstadt 4 \u2013 Gradido-Tage in der Pizzeria: Ehrenamt trifft auf Gastronomie","datePublished":"2023-08-20T05:00:11+00:00","dateModified":"2026-04-23T05:14:02+00:00","mainEntityOfPage":{"@id":"https:\/\/gradido.net\/lieblingsstadt-4-gradido-tage-in-der-pizzeria-ehrenamt-trifft-auf-gastronomie\/"},"wordCount":795,"publisher":{"@id":"https:\/\/gradido.net\/de\/#organization"},"image":{"@id":"https:\/\/gradido.net\/lieblingsstadt-4-gradido-tage-in-der-pizzeria-ehrenamt-trifft-auf-gastronomie\/#primaryimage"},"thumbnailUrl":"https:\/\/gradido.net\/wp-content\/uploads\/2023\/08\/Pizzeria_1920.jpg","articleSection":["Blog","Lieblingsstadt"],"inLanguage":"da-DK"},{"@type":"WebPage","@id":"https:\/\/gradido.net\/lieblingsstadt-4-gradido-tage-in-der-pizzeria-ehrenamt-trifft-auf-gastronomie\/","url":"https:\/\/gradido.net\/lieblingsstadt-4-gradido-tage-in-der-pizzeria-ehrenamt-trifft-auf-gastronomie\/","name":"Favourite City 4 - Gradido Dage p\u00e5 pizzeriaet: Frivilligt arbejde m\u00f8der gastronomi - Gradido","isPartOf":{"@id":"https:\/\/gradido.net\/de\/#website"},"primaryImageOfPage":{"@id":"https:\/\/gradido.net\/lieblingsstadt-4-gradido-tage-in-der-pizzeria-ehrenamt-trifft-auf-gastronomie\/#primaryimage"},"image":{"@id":"https:\/\/gradido.net\/lieblingsstadt-4-gradido-tage-in-der-pizzeria-ehrenamt-trifft-auf-gastronomie\/#primaryimage"},"thumbnailUrl":"https:\/\/gradido.net\/wp-content\/uploads\/2023\/08\/Pizzeria_1920.jpg","datePublished":"2023-08-20T05:00:11+00:00","dateModified":"2026-04-23T05:14:02+00:00","description":"Siden introduktionen af Gradido Days har Pizzeria Napoli boomet som aldrig f\u00f8r. Der er fuldt hus hver dag, og der kommer flere og flere g\u00e6ster langvejs fra for at opleve \"Miraklet i yndlingsbyen\".","breadcrumb":{"@id":"https:\/\/gradido.net\/lieblingsstadt-4-gradido-tage-in-der-pizzeria-ehrenamt-trifft-auf-gastronomie\/#breadcrumb"},"inLanguage":"da-DK","potentialAction":[{"@type":"ReadAction","target":["https:\/\/gradido.net\/lieblingsstadt-4-gradido-tage-in-der-pizzeria-ehrenamt-trifft-auf-gastronomie\/"]}]},{"@type":"ImageObject","inLanguage":"da-DK","@id":"https:\/\/gradido.net\/lieblingsstadt-4-gradido-tage-in-der-pizzeria-ehrenamt-trifft-auf-gastronomie\/#primaryimage","url":"https:\/\/gradido.net\/wp-content\/uploads\/2023\/08\/Pizzeria_1920.jpg","contentUrl":"https:\/\/gradido.net\/wp-content\/uploads\/2023\/08\/Pizzeria_1920.jpg","width":1920,"height":1080},{"@type":"BreadcrumbList","@id":"https:\/\/gradido.net\/lieblingsstadt-4-gradido-tage-in-der-pizzeria-ehrenamt-trifft-auf-gastronomie\/#breadcrumb","itemListElement":[{"@type":"ListItem","position":1,"name":"Startseite","item":"https:\/\/gradido.net\/"},{"@type":"ListItem","position":2,"name":"Lieblingsstadt 4 \u2013 Gradido-Tage in der Pizzeria: Ehrenamt trifft auf Gastronomie"}]},{"@type":"WebSite","@id":"https:\/\/gradido.net\/de\/#website","url":"https:\/\/gradido.net\/de\/","name":"Gradido","description":"Den nye valuta er taknemmelighed","publisher":{"@id":"https:\/\/gradido.net\/de\/#organization"},"potentialAction":[{"@type":"SearchAction","target":{"@type":"EntryPoint","urlTemplate":"https:\/\/gradido.net\/de\/?s={search_term_string}"},"query-input":{"@type":"PropertyValueSpecification","valueRequired":true,"valueName":"search_term_string"}}],"inLanguage":"da-DK"},{"@type":"Organization","@id":"https:\/\/gradido.net\/de\/#organization","name":"Gradido","url":"https:\/\/gradido.net\/de\/","logo":{"@type":"ImageObject","inLanguage":"da-DK","@id":"https:\/\/gradido.net\/de\/#\/schema\/logo\/image\/","url":"https:\/\/gradido.net\/wp-content\/uploads\/2022\/04\/gradido-social.jpg","contentUrl":"https:\/\/gradido.net\/wp-content\/uploads\/2022\/04\/gradido-social.jpg","width":527,"height":273,"caption":"Gradido"},"image":{"@id":"https:\/\/gradido.net\/de\/#\/schema\/logo\/image\/"}},{"@type":"Person","@id":"https:\/\/gradido.net\/de\/#\/schema\/person\/9c503a004ad15a1ddecadce2218db5d1","name":"Bernd H\u00fcckst\u00e4dt","sameAs":["https:\/\/gradido.net"],"url":"https:\/\/gradido.net\/da\/author\/bernd\/"}]}},"_links":{"self":[{"href":"https:\/\/gradido.net\/da\/wp-json\/wp\/v2\/posts\/7227","targetHints":{"allow":["GET"]}}],"collection":[{"href":"https:\/\/gradido.net\/da\/wp-json\/wp\/v2\/posts"}],"about":[{"href":"https:\/\/gradido.net\/da\/wp-json\/wp\/v2\/types\/post"}],"author":[{"embeddable":true,"href":"https:\/\/gradido.net\/da\/wp-json\/wp\/v2\/users\/2"}],"replies":[{"embeddable":true,"href":"https:\/\/gradido.net\/da\/wp-json\/wp\/v2\/comments?post=7227"}],"version-history":[{"count":53,"href":"https:\/\/gradido.net\/da\/wp-json\/wp\/v2\/posts\/7227\/revisions"}],"predecessor-version":[{"id":13546,"href":"https:\/\/gradido.net\/da\/wp-json\/wp\/v2\/posts\/7227\/revisions\/13546"}],"wp:featuredmedia":[{"embeddable":true,"href":"https:\/\/gradido.net\/da\/wp-json\/wp\/v2\/media\/7228"}],"wp:attachment":[{"href":"https:\/\/gradido.net\/da\/wp-json\/wp\/v2\/media?parent=7227"}],"wp:term":[{"taxonomy":"category","embeddable":true,"href":"https:\/\/gradido.net\/da\/wp-json\/wp\/v2\/categories?post=7227"},{"taxonomy":"post_tag","embeddable":true,"href":"https:\/\/gradido.net\/da\/wp-json\/wp\/v2\/tags?post=7227"}],"curies":[{"name":"wp","href":"https:\/\/api.w.org\/{rel}","templated":true}]}}