{"id":7278,"date":"2023-08-22T05:59:47","date_gmt":"2023-08-22T03:59:47","guid":{"rendered":"https:\/\/gradido.net\/?p=7278"},"modified":"2026-04-23T07:13:06","modified_gmt":"2026-04-23T05:13:06","slug":"lieblingsstadt-5-wolfgang-wird-arbeitslos-gemeinsam-finden-sie-eine-geniale-loesung","status":"publish","type":"post","link":"https:\/\/gradido.net\/da\/lieblingsstadt-5-wolfgang-wird-arbeitslos-gemeinsam-finden-sie-eine-geniale-loesung\/","title":{"rendered":"Favourite city 5 - Wolfgang bliver arbejdsl\u00f8s - sammen finder de en genial l\u00f8sning"},"content":{"rendered":"<div data-elementor-type=\"wp-post\" data-elementor-id=\"7278\" class=\"elementor elementor-7278\" data-elementor-post-type=\"post\">\n\t\t\t\t\t\t<section class=\"elementor-section elementor-top-section elementor-element elementor-element-496e1d53 elementor-section-boxed elementor-section-height-default elementor-section-height-default\" data-id=\"496e1d53\" data-element_type=\"section\" data-e-type=\"section\">\n\t\t\t\t\t\t<div class=\"elementor-container elementor-column-gap-default\">\n\t\t\t\t\t<div class=\"elementor-column elementor-col-100 elementor-top-column elementor-element elementor-element-461d7be0\" data-id=\"461d7be0\" data-element_type=\"column\" data-e-type=\"column\">\n\t\t\t<div class=\"elementor-widget-wrap elementor-element-populated\">\n\t\t\t\t\t\t<div class=\"elementor-element elementor-element-cd9ebe2 elementor-widget elementor-widget-text-editor\" data-id=\"cd9ebe2\" data-element_type=\"widget\" data-e-type=\"widget\" data-widget_type=\"text-editor.default\">\n\t\t\t\t<div class=\"elementor-widget-container\">\n\t\t\t\t\t\t\t\t\t<p style=\"text-align: right;\"><em>\"Jeg elsker mit job, og jeg elsker mennesker. Og n\u00e5r der er brand, g\u00f8r jeg alt for at redde folks liv.\"<\/em><\/p><p>K\u00e6re l\u00e6ser,<\/p><p>Wolfgang havde i \u00e5revis arbejdet p\u00e5 byens traditionelle skofabrik. De sko, de producerede, var kendt og elsket langt ud over byens gr\u00e6nser for deres kvalitet og perfekte h\u00e5ndv\u00e6rk. Men som s\u00e5 mange andre virksomheder kunne 'Lieblingsst\u00e4dter' ikke modst\u00e5 det ubarmhjertige pres fra den internationale konkurrence. En dag m\u00e5tte de erkl\u00e6re sig konkurs, og mange borgere mistede deres hidtil sikre job.<\/p><p>Wolfgang er en af dem. For at redde fabrikken gik han for et \u00e5r siden med til kun at arbejde p\u00e5 deltid og dermed reducere sin l\u00f8n til godt det halve. Med \u00f8del\u00e6ggende konsekvenser, for arbejdsl\u00f8shedsunderst\u00f8ttelsen er kun 60 % af hans sidste arbejdsl\u00f8n. P\u00e5 trods af hans mange \u00e5rs erhvervserfaring blev han klassificeret som vanskelig at placere, fordi hans f\u00e6rdigheder var for specialiserede.<\/p><p>Wolfgangs livsstil \u00e6ndrede sig drastisk. Hans regelm\u00e6ssige bes\u00f8g p\u00e5 Pizzeria Napoli, som bet\u00f8d s\u00e5 meget for ham, var nu ikke l\u00e6ngere muligt.<\/p>\t\t\t\t\t\t\t\t<\/div>\n\t\t\t\t<\/div>\n\t\t\t\t<div class=\"elementor-element elementor-element-42ba56c elementor-widget elementor-widget-text-editor\" data-id=\"42ba56c\" data-element_type=\"widget\" data-e-type=\"widget\" data-widget_type=\"text-editor.default\">\n\t\t\t\t<div class=\"elementor-widget-container\">\n\t\t\t\t\t\t\t\t\t<h3>Modig helt og frelsende engel<\/h3><p>Wolfgang meldte sig ind i det frivillige brandv\u00e6sen som ung. Han har flere gange bragt sig selv i livsfare for at redde mennesker og p\u00e5draget sig alvorlige brandskader, som heldigvis er helet godt.<\/p>\t\t\t\t\t\t\t\t<\/div>\n\t\t\t\t<\/div>\n\t\t\t\t<div class=\"elementor-element elementor-element-b482206 elementor-widget elementor-widget-image\" data-id=\"b482206\" data-element_type=\"widget\" data-e-type=\"widget\" data-widget_type=\"image.default\">\n\t\t\t\t<div class=\"elementor-widget-container\">\n\t\t\t\t\t\t\t\t\t\t\t\t\t\t\t<img fetchpriority=\"high\" decoding=\"async\" width=\"500\" height=\"281\" src=\"https:\/\/gradido.net\/wp-content\/uploads\/2023\/08\/Rettet_Kind_500.jpg\" class=\"attachment-full size-full wp-image-7283\" alt=\"\" srcset=\"https:\/\/gradido.net\/wp-content\/uploads\/2023\/08\/Rettet_Kind_500.jpg 500w, https:\/\/gradido.net\/wp-content\/uploads\/2023\/08\/Rettet_Kind_500-300x169.jpg 300w, https:\/\/gradido.net\/wp-content\/uploads\/2023\/08\/Rettet_Kind_500-18x10.jpg 18w\" sizes=\"(max-width: 500px) 100vw, 500px\" \/>\t\t\t\t\t\t\t\t\t\t\t\t\t\t\t<\/div>\n\t\t\t\t<\/div>\n\t\t\t\t<div class=\"elementor-element elementor-element-c5e61d4 elementor-widget elementor-widget-text-editor\" data-id=\"c5e61d4\" data-element_type=\"widget\" data-e-type=\"widget\" data-widget_type=\"text-editor.default\">\n\t\t\t\t<div class=\"elementor-widget-container\">\n\t\t\t\t\t\t\t\t\t<p>Han husker meget godt branden i det gamle pizzeria, hvor han reddede Alessia, Giulia og Antonios datter, ud af flammerne. Det gamle hus br\u00e6ndte helt ned p\u00e5 det tidspunkt. Takket v\u00e6re brandm\u00e6ndenes modige hj\u00e6lp kom ingen mennesker til skade. Giulia og Toni m\u00e5tte se sig om efter nye lokaler og fandt dem i den gamle bydel i et smukt stenhus fra Gr\u00fcnderzeit.<\/p><h3>Fattige uden egen skyld - og i Tyskland!<\/h3><p>Og nu skal Wolfgang opgive den l\u00e6kre pizza, den gode vin og sine venners k\u00e6re selskab, fordi han ikke har penge til at betale sin regning? Toni ville helt sikkert invitere ham. Men tigge? Nej, det ville han aldrig g\u00f8re!<\/p><h3>Lys for enden af tunnelen<\/h3>\t\t\t\t\t\t\t\t<\/div>\n\t\t\t\t<\/div>\n\t\t\t\t<div class=\"elementor-element elementor-element-f223bb6 elementor-widget elementor-widget-image\" data-id=\"f223bb6\" data-element_type=\"widget\" data-e-type=\"widget\" data-widget_type=\"image.default\">\n\t\t\t\t<div class=\"elementor-widget-container\">\n\t\t\t\t\t\t\t\t\t\t\t\t\t\t\t<img decoding=\"async\" src=\"https:\/\/gradido.net\/wp-content\/uploads\/elementor\/thumbs\/gradido_willkommen-qh4sa6qrtxpi7no868dzryzxtv0zvq4mm4m6twz9h4.png\" title=\"gradido_velkommen\" alt=\"gradido_velkommen\" loading=\"lazy\" \/>\t\t\t\t\t\t\t\t\t\t\t\t\t\t\t<\/div>\n\t\t\t\t<\/div>\n\t\t\t\t<div class=\"elementor-element elementor-element-0499f3c elementor-widget elementor-widget-text-editor\" data-id=\"0499f3c\" data-element_type=\"widget\" data-e-type=\"widget\" data-widget_type=\"text-editor.default\">\n\t\t\t\t<div class=\"elementor-widget-container\">\n\t\t\t\t\t\t\t\t\t<p>En dag h\u00f8rer han om Gradido Days - et initiativ fra pizzeriaet inden for Gradido-projektet. \u00d8konomisk mindre bemidlede g\u00e6ster kan spise og drikke der to dage om ugen for Gradido. Han har Gradido'er nok, for siden borgmester Michael Miteinand indf\u00f8rte det innovative \"Gradido\"-afl\u00f8nningssystem, f\u00e5r han 20 Gradido i timen for sin brandslukningstjeneste.<\/p><h3>Wolfgang tager mod til sig - og tr\u00e6der til<\/h3>\t\t\t\t\t\t\t\t<\/div>\n\t\t\t\t<\/div>\n\t\t\t\t<div class=\"elementor-element elementor-element-392458a elementor-widget elementor-widget-image\" data-id=\"392458a\" data-element_type=\"widget\" data-e-type=\"widget\" data-widget_type=\"image.default\">\n\t\t\t\t<div class=\"elementor-widget-container\">\n\t\t\t\t\t\t\t\t\t\t\t\t\t\t\t<img decoding=\"async\" width=\"500\" height=\"375\" src=\"https:\/\/gradido.net\/wp-content\/uploads\/2023\/08\/Pizzeria_Tu\u0308r_500.jpg\" class=\"attachment-full size-full wp-image-7285\" alt=\"\" srcset=\"https:\/\/gradido.net\/wp-content\/uploads\/2023\/08\/Pizzeria_Tu\u0308r_500.jpg 500w, https:\/\/gradido.net\/wp-content\/uploads\/2023\/08\/Pizzeria_Tu\u0308r_500-300x225.jpg 300w, https:\/\/gradido.net\/wp-content\/uploads\/2023\/08\/Pizzeria_Tu\u0308r_500-16x12.jpg 16w\" sizes=\"(max-width: 500px) 100vw, 500px\" \/>\t\t\t\t\t\t\t\t\t\t\t\t\t\t\t<\/div>\n\t\t\t\t<\/div>\n\t\t\t\t<div class=\"elementor-element elementor-element-8fcbf61 elementor-widget elementor-widget-text-editor\" data-id=\"8fcbf61\" data-element_type=\"widget\" data-e-type=\"widget\" data-widget_type=\"text-editor.default\">\n\t\t\t\t<div class=\"elementor-widget-container\">\n\t\t\t\t\t\t\t\t\t<p>Med bankende hjerte sniger Wolfgang sig diskret rundt om pizzeriaet. Forestil dig: Den modige st\u00e6rke mand, der allerede har reddet flere mennesker fra flammerne, skammer sig over sin \u00f8konomiske fattigdom og t\u00f8r ikke g\u00e5 ind!\u00a0<\/p><p>Endelig tager han mod til sig. Genert tr\u00e6der han ind ad d\u00f8ren - og til sin store overraskelse og gl\u00e6de bliver han m\u00f8dt med \u00e5bne arme af Giulia og Antonio: \"Il nostro caro amico \u00e8 tornato!\" (\"Vores k\u00e6re ven er tilbage!\") De tilstedev\u00e6rende g\u00e6ster jubler. Wolfgang har gl\u00e6dest\u00e5rer i \u00f8jnene. Dybt bev\u00e6get s\u00e6tter han sig ved stamg\u00e6sternes bord sammen med sine venner.<\/p><h3>En f\u00e6lles id\u00e9 til en storsl\u00e5et plan<\/h3><p>Wolfgangs venner er l\u00f8sningsorienterede mennesker. Sammen udvikler de en storsl\u00e5et plan, som de derefter vil pr\u00e6sentere for borgmesteren.<\/p>\t\t\t\t\t\t\t\t<\/div>\n\t\t\t\t<\/div>\n\t\t\t\t<div class=\"elementor-element elementor-element-876c3ba elementor-widget elementor-widget-image\" data-id=\"876c3ba\" data-element_type=\"widget\" data-e-type=\"widget\" data-widget_type=\"image.default\">\n\t\t\t\t<div class=\"elementor-widget-container\">\n\t\t\t\t\t\t\t\t\t\t\t\t\t\t\t<img decoding=\"async\" width=\"800\" height=\"400\" src=\"https:\/\/gradido.net\/wp-content\/uploads\/2023\/08\/Idee_800.png\" class=\"attachment-large size-large wp-image-7299\" alt=\"\" srcset=\"https:\/\/gradido.net\/wp-content\/uploads\/2023\/08\/Idee_800.png 800w, https:\/\/gradido.net\/wp-content\/uploads\/2023\/08\/Idee_800-300x150.png 300w, https:\/\/gradido.net\/wp-content\/uploads\/2023\/08\/Idee_800-768x384.png 768w, https:\/\/gradido.net\/wp-content\/uploads\/2023\/08\/Idee_800-18x9.png 18w\" sizes=\"(max-width: 800px) 100vw, 800px\" \/>\t\t\t\t\t\t\t\t\t\t\t\t\t\t\t<\/div>\n\t\t\t\t<\/div>\n\t\t\t\t<div class=\"elementor-element elementor-element-1fc6d53 elementor-widget elementor-widget-text-editor\" data-id=\"1fc6d53\" data-element_type=\"widget\" data-e-type=\"widget\" data-widget_type=\"text-editor.default\">\n\t\t\t\t<div class=\"elementor-widget-container\">\n\t\t\t\t\t\t\t\t\t<p>For at bruge Wolfgangs ekspertise og samtidig hj\u00e6lpe lokalsamfundet overvejer de at forts\u00e6tte skoproduktionen p\u00e5 frivillig basis. En af g\u00e6sterne foresl\u00e5r at starte et nyt brand under navnet <strong>\"Favorit blandt byens frivillige<\/strong> at skabe. Tidligere medarbejdere meldte sig i f\u00f8rste omgang frivilligt til at lave sko igen, i de traditionelle designs og den h\u00f8je kvalitet, som Lieblingsst\u00e4dter er s\u00e5 kendt for.\u00a0<\/p><p>Det frivillige arbejde afl\u00f8nnes med Gradido-point, og skoene tilbydes online med Gradido-rabat. Frivillige i hele den tysktalende verden vil s\u00e5ledes kunne nyde sko af h\u00f8j kvalitet til ekstremt overkommelige priser. Med lidt held og marketing-knowhow vil 'Lieblingsst\u00e4dter Ehrenamt' udvikle sig til et kultm\u00e6rke, som frivillige kan genkende hinanden p\u00e5...<\/p>\t\t\t\t\t\t\t\t<\/div>\n\t\t\t\t<\/div>\n\t\t\t\t<div class=\"elementor-element elementor-element-84f7bbd elementor-widget elementor-widget-image\" data-id=\"84f7bbd\" data-element_type=\"widget\" data-e-type=\"widget\" data-widget_type=\"image.default\">\n\t\t\t\t<div class=\"elementor-widget-container\">\n\t\t\t\t\t\t\t\t\t\t\t\t\t\t\t<img loading=\"lazy\" decoding=\"async\" width=\"500\" height=\"264\" src=\"https:\/\/gradido.net\/wp-content\/uploads\/2023\/08\/Wein_500.jpg\" class=\"attachment-full size-full wp-image-7286\" alt=\"\" srcset=\"https:\/\/gradido.net\/wp-content\/uploads\/2023\/08\/Wein_500.jpg 500w, https:\/\/gradido.net\/wp-content\/uploads\/2023\/08\/Wein_500-300x158.jpg 300w, https:\/\/gradido.net\/wp-content\/uploads\/2023\/08\/Wein_500-18x10.jpg 18w\" sizes=\"(max-width: 500px) 100vw, 500px\" \/>\t\t\t\t\t\t\t\t\t\t\t\t\t\t\t<\/div>\n\t\t\t\t<\/div>\n\t\t\t\t<div class=\"elementor-element elementor-element-abb92cd elementor-widget elementor-widget-text-editor\" data-id=\"abb92cd\" data-element_type=\"widget\" data-e-type=\"widget\" data-widget_type=\"text-editor.default\">\n\t\t\t\t<div class=\"elementor-widget-container\">\n\t\t\t\t\t\t\t\t\t<p>Ideerne fl\u00f8d bare p\u00e5 denne lange aften - ligesom den gode italienske vin.<\/p><p>Og s\u00e5 begynder et nyt, sp\u00e6ndende kapitel for Wolfgang og hans venner p\u00e5 Pizzeria Napoli - og for hele Lieblingsstadt.<\/p>\t\t\t\t\t\t\t\t<\/div>\n\t\t\t\t<\/div>\n\t\t\t\t<div class=\"elementor-element elementor-element-e858257 elementor-widget-divider--view-line elementor-widget elementor-widget-divider\" data-id=\"e858257\" data-element_type=\"widget\" data-e-type=\"widget\" data-widget_type=\"divider.default\">\n\t\t\t\t<div class=\"elementor-widget-container\">\n\t\t\t\t\t\t\t<div class=\"elementor-divider\">\n\t\t\t<span class=\"elementor-divider-separator\">\n\t\t\t\t\t\t<\/span>\n\t\t<\/div>\n\t\t\t\t\t\t<\/div>\n\t\t\t\t<\/div>\n\t\t\t\t<div class=\"elementor-element elementor-element-d74dfa0 elementor-widget elementor-widget-text-editor\" data-id=\"d74dfa0\" data-element_type=\"widget\" data-e-type=\"widget\" data-widget_type=\"text-editor.default\">\n\t\t\t\t<div class=\"elementor-widget-container\">\n\t\t\t\t\t\t\t\t\t<div data-pm-slice=\"1 1 []\" data-en-clipboard=\"true\"><p>I dette femte indl\u00e6g i vores serie <strong>\"Gradido i yndlingsbyen\"<\/strong> l\u00e6rer vi, hvordan den nuv\u00e6rende turbo-kapitalisme tr\u00e6kker skyldfri borgere ned i afgrunden, uanset de store pr\u00e6stationer, de tidligere har opn\u00e5et.<\/p><p>Vi bliver ogs\u00e5 vidner til, hvordan de foretrukne byboere hj\u00e6lper sig selv med kreativitet og f\u00e6llesskabs\u00e5nd.  P\u00e5 den m\u00e5de bruger de bel\u00f8nningssystemet Gradido til at tage magten over deres f\u00e6lles sk\u00e6bne tilbage.<\/p><p>Den n\u00e6ste episode er dedikeret til redningen af byens foretrukne skofabrik, som bliver en model for andre virksomhedsredninger.<\/p><p><strong>Du er velkommen til at videresende denne serie til dit byr\u00e5d, foreninger og h\u00e5ndv\u00e6rkere!<\/strong><\/p><p>Hvis vi ikke handler sammen nu, vil den nedadg\u00e5ende tendens forts\u00e6tte, \u00f8konomien vil blive k\u00f8rt i s\u00e6nk, middelklassen vil blive undermineret, og mange kommuner vil bryde sammen under g\u00e6ldsbyrden.\u00a0<\/p><p>Med Gradido har vi et effektivt v\u00e6rkt\u00f8j til positivt livs- og succesdesign i vores h\u00e6nder. Sammen forvandler vi vores byer og lokalsamfund til levende, blomstrende oaser - vores yndlingssteder!<\/p><p>Med venlig hilsen<\/p><\/div><p>Med venlig hilsen<\/p><p><img loading=\"lazy\" decoding=\"async\" class=\"alignnone wp-image-4614 size-medium\" src=\"https:\/\/gradido.net\/wp-content\/uploads\/2022\/06\/MargretBernd_2022-300x74.png\" alt=\"\" width=\"300\" height=\"74\" srcset=\"https:\/\/gradido.net\/wp-content\/uploads\/2022\/06\/MargretBernd_2022-300x74.png 300w, https:\/\/gradido.net\/wp-content\/uploads\/2022\/06\/MargretBernd_2022-18x4.png 18w, https:\/\/gradido.net\/wp-content\/uploads\/2022\/06\/MargretBernd_2022.png 431w\" sizes=\"(max-width: 300px) 100vw, 300px\" \/><\/p><p>Margret Baier og Bernd H\u00fcckst\u00e4dt<br \/>Gradidos grundl\u00e6gger og udvikler<\/p>\t\t\t\t\t\t\t\t<\/div>\n\t\t\t\t<\/div>\n\t\t\t\t\t<\/div>\n\t\t<\/div>\n\t\t\t\t\t<\/div>\n\t\t<\/section>\n\t\t\t\t<section class=\"elementor-section elementor-top-section elementor-element elementor-element-c8ffe78 elementor-section-boxed elementor-section-height-default elementor-section-height-default\" data-id=\"c8ffe78\" data-element_type=\"section\" data-e-type=\"section\">\n\t\t\t\t\t\t<div class=\"elementor-container elementor-column-gap-default\">\n\t\t\t\t\t<div class=\"elementor-column elementor-col-100 elementor-top-column elementor-element elementor-element-4330b09\" data-id=\"4330b09\" data-element_type=\"column\" data-e-type=\"column\">\n\t\t\t<div class=\"elementor-widget-wrap elementor-element-populated\">\n\t\t\t\t\t\t<div class=\"elementor-element elementor-element-3db9a1b elementor-position-inline-start white-links elementor-widget__width-initial elementor-view-default elementor-mobile-position-block-start elementor-widget elementor-widget-icon-box\" data-id=\"3db9a1b\" data-element_type=\"widget\" data-e-type=\"widget\" data-no-translation=\"\" data-widget_type=\"icon-box.default\">\n\t\t\t\t<div class=\"elementor-widget-container\">\n\t\t\t\t\t<style>.elementor-element-3db9a1b{display:none !important}<\/style>\t\t\t\t<\/div>\n\t\t\t\t<\/div>\n\t\t\t\t\t<\/div>\n\t\t<\/div>\n\t\t\t\t\t<\/div>\n\t\t<\/section>\n\t\t\t\t<section class=\"elementor-section elementor-top-section elementor-element elementor-element-14532fe elementor-section-boxed elementor-section-height-default elementor-section-height-default\" data-id=\"14532fe\" data-element_type=\"section\" data-e-type=\"section\">\n\t\t\t\t\t\t<div class=\"elementor-container elementor-column-gap-default\">\n\t\t\t\t\t<div class=\"elementor-column elementor-col-100 elementor-top-column elementor-element elementor-element-65d2298\" data-id=\"65d2298\" data-element_type=\"column\" data-e-type=\"column\">\n\t\t\t<div class=\"elementor-widget-wrap elementor-element-populated\">\n\t\t\t\t\t\t<div class=\"elementor-element elementor-element-076e4ff elementor-widget elementor-widget-global elementor-global-9341 elementor-widget-text-editor\" data-id=\"076e4ff\" data-element_type=\"widget\" data-e-type=\"widget\" data-widget_type=\"text-editor.default\">\n\t\t\t\t<div class=\"elementor-widget-container\">\n\t\t\t\t\t\t\t\t\t<p><strong>PS:\u00a0<span style=\"color: #ff6600;\"><a style=\"color: #ff6600;\" href=\"https:\/\/gradido.net\/da\/donations\/\">P\u00e5 grund af Gradidos stadigt voksende betydning gentager vi vores taknemmelighedskampagne den 26. juni 2026:<\/a>\u00a0<\/span><span style=\"color: #0000ff;\"><a style=\"color: #0000ff;\" href=\"https:\/\/gradido.net\/da\/donations\/\">Ud over de mange GradidoTransform for dit sponsorbidrag vil vi \u00f8ge alle GDT-kontosaldi med 26% den 26\/06\/2016. Sponsorer nu, og nyd de mange GDT-bel\u00f8b!<\/a><\/span><\/strong><\/p>\t\t\t\t\t\t\t\t<\/div>\n\t\t\t\t<\/div>\n\t\t\t\t\t<\/div>\n\t\t<\/div>\n\t\t\t\t\t<\/div>\n\t\t<\/section>\n\t\t\t\t<\/div>","protected":false},"excerpt":{"rendered":"<p>\"Lieblingsst\u00e4dter Schuhmanufaktur\" kan ikke klare sig i den internationale konkurrence og m\u00e5 erkl\u00e6re sig konkurs. Mange borgere mister deres arbejde. Wolfgang er en af dem. Sammen med sine venner f\u00e5r han den geniale id\u00e9...<\/p>","protected":false},"author":2,"featured_media":7282,"comment_status":"closed","ping_status":"closed","sticky":false,"template":"","format":"standard","meta":{"footnotes":""},"categories":[11,53],"tags":[22],"class_list":["post-7278","post","type-post","status-publish","format-standard","has-post-thumbnail","hentry","category-blog","category-lieblingsstadt","tag-bild-oben"],"yoast_head":"<!-- This site is optimized with the Yoast SEO plugin v27.5 - https:\/\/yoast.com\/product\/yoast-seo-wordpress\/ -->\n<title>Lieblingsstadt 5 \u2013 Wolfgang wird arbeitslos \u2013 gemeinsam finden sie eine geniale L\u00f6sung - Gradido<\/title>\n<meta name=\"description\" content=\"Die \u201aLieblingsst\u00e4dter Schuhmanufaktur\u2018 kann der internationalen Konkurrenz nicht standhalten und muss Konkurs anmelden. Viele B\u00fcrger verlieren ihren Arbeitsplatz. Wolfgang ist einer von ihnen. Gemeinsam mit seinen Freunden hat er die z\u00fcndende Idee\u2026\" \/>\n<meta name=\"robots\" content=\"index, follow, max-snippet:-1, max-image-preview:large, max-video-preview:-1\" \/>\n<link rel=\"canonical\" href=\"https:\/\/gradido.net\/da\/lieblingsstadt-5-wolfgang-wird-arbeitslos-gemeinsam-finden-sie-eine-geniale-loesung\/\" \/>\n<meta property=\"og:locale\" content=\"da_DK\" \/>\n<meta property=\"og:type\" content=\"article\" \/>\n<meta property=\"og:title\" content=\"Lieblingsstadt 5 \u2013 Wolfgang wird arbeitslos \u2013 gemeinsam finden sie eine geniale L\u00f6sung - Gradido\" \/>\n<meta property=\"og:description\" content=\"Die \u201aLieblingsst\u00e4dter Schuhmanufaktur\u2018 kann der internationalen Konkurrenz nicht standhalten und muss Konkurs anmelden. Viele B\u00fcrger verlieren ihren Arbeitsplatz. Wolfgang ist einer von ihnen. Gemeinsam mit seinen Freunden hat er die z\u00fcndende Idee\u2026\" \/>\n<meta property=\"og:url\" content=\"https:\/\/gradido.net\/da\/lieblingsstadt-5-wolfgang-wird-arbeitslos-gemeinsam-finden-sie-eine-geniale-loesung\/\" \/>\n<meta property=\"og:site_name\" content=\"Gradido\" \/>\n<meta property=\"article:published_time\" content=\"2023-08-22T03:59:47+00:00\" \/>\n<meta property=\"article:modified_time\" content=\"2026-04-23T05:13:06+00:00\" \/>\n<meta property=\"og:image\" content=\"https:\/\/gradido.net\/wp-content\/uploads\/2023\/08\/Wolfgang_1920_3.jpg\" \/>\n\t<meta property=\"og:image:width\" content=\"1920\" \/>\n\t<meta property=\"og:image:height\" content=\"1200\" \/>\n\t<meta property=\"og:image:type\" content=\"image\/jpeg\" \/>\n<meta name=\"author\" content=\"Bernd H\u00fcckst\u00e4dt\" \/>\n<meta name=\"twitter:card\" content=\"summary_large_image\" \/>\n<meta name=\"twitter:label1\" content=\"Skrevet af\" \/>\n\t<meta name=\"twitter:data1\" content=\"Bernd H\u00fcckst\u00e4dt\" \/>\n\t<meta name=\"twitter:label2\" content=\"Estimeret l\u00e6setid\" \/>\n\t<meta name=\"twitter:data2\" content=\"7 minutter\" \/>\n<script type=\"application\/ld+json\" class=\"yoast-schema-graph\">{\"@context\":\"https:\\\/\\\/schema.org\",\"@graph\":[{\"@type\":\"Article\",\"@id\":\"https:\\\/\\\/gradido.net\\\/lieblingsstadt-5-wolfgang-wird-arbeitslos-gemeinsam-finden-sie-eine-geniale-loesung\\\/#article\",\"isPartOf\":{\"@id\":\"https:\\\/\\\/gradido.net\\\/lieblingsstadt-5-wolfgang-wird-arbeitslos-gemeinsam-finden-sie-eine-geniale-loesung\\\/\"},\"author\":{\"name\":\"Bernd H\u00fcckst\u00e4dt\",\"@id\":\"https:\\\/\\\/gradido.net\\\/de\\\/#\\\/schema\\\/person\\\/9c503a004ad15a1ddecadce2218db5d1\"},\"headline\":\"Lieblingsstadt 5 \u2013 Wolfgang wird arbeitslos \u2013 gemeinsam finden sie eine geniale L\u00f6sung\",\"datePublished\":\"2023-08-22T03:59:47+00:00\",\"dateModified\":\"2026-04-23T05:13:06+00:00\",\"mainEntityOfPage\":{\"@id\":\"https:\\\/\\\/gradido.net\\\/lieblingsstadt-5-wolfgang-wird-arbeitslos-gemeinsam-finden-sie-eine-geniale-loesung\\\/\"},\"wordCount\":953,\"publisher\":{\"@id\":\"https:\\\/\\\/gradido.net\\\/de\\\/#organization\"},\"image\":{\"@id\":\"https:\\\/\\\/gradido.net\\\/lieblingsstadt-5-wolfgang-wird-arbeitslos-gemeinsam-finden-sie-eine-geniale-loesung\\\/#primaryimage\"},\"thumbnailUrl\":\"https:\\\/\\\/gradido.net\\\/wp-content\\\/uploads\\\/2023\\\/08\\\/Wolfgang_1920_3.jpg\",\"keywords\":[\"Bild oben\"],\"articleSection\":[\"Blog\",\"Lieblingsstadt\"],\"inLanguage\":\"da-DK\"},{\"@type\":\"WebPage\",\"@id\":\"https:\\\/\\\/gradido.net\\\/lieblingsstadt-5-wolfgang-wird-arbeitslos-gemeinsam-finden-sie-eine-geniale-loesung\\\/\",\"url\":\"https:\\\/\\\/gradido.net\\\/lieblingsstadt-5-wolfgang-wird-arbeitslos-gemeinsam-finden-sie-eine-geniale-loesung\\\/\",\"name\":\"Lieblingsstadt 5 \u2013 Wolfgang wird arbeitslos \u2013 gemeinsam finden sie eine geniale L\u00f6sung - Gradido\",\"isPartOf\":{\"@id\":\"https:\\\/\\\/gradido.net\\\/de\\\/#website\"},\"primaryImageOfPage\":{\"@id\":\"https:\\\/\\\/gradido.net\\\/lieblingsstadt-5-wolfgang-wird-arbeitslos-gemeinsam-finden-sie-eine-geniale-loesung\\\/#primaryimage\"},\"image\":{\"@id\":\"https:\\\/\\\/gradido.net\\\/lieblingsstadt-5-wolfgang-wird-arbeitslos-gemeinsam-finden-sie-eine-geniale-loesung\\\/#primaryimage\"},\"thumbnailUrl\":\"https:\\\/\\\/gradido.net\\\/wp-content\\\/uploads\\\/2023\\\/08\\\/Wolfgang_1920_3.jpg\",\"datePublished\":\"2023-08-22T03:59:47+00:00\",\"dateModified\":\"2026-04-23T05:13:06+00:00\",\"description\":\"Die \u201aLieblingsst\u00e4dter Schuhmanufaktur\u2018 kann der internationalen Konkurrenz nicht standhalten und muss Konkurs anmelden. Viele B\u00fcrger verlieren ihren Arbeitsplatz. Wolfgang ist einer von ihnen. Gemeinsam mit seinen Freunden hat er die z\u00fcndende Idee\u2026\",\"breadcrumb\":{\"@id\":\"https:\\\/\\\/gradido.net\\\/lieblingsstadt-5-wolfgang-wird-arbeitslos-gemeinsam-finden-sie-eine-geniale-loesung\\\/#breadcrumb\"},\"inLanguage\":\"da-DK\",\"potentialAction\":[{\"@type\":\"ReadAction\",\"target\":[\"https:\\\/\\\/gradido.net\\\/lieblingsstadt-5-wolfgang-wird-arbeitslos-gemeinsam-finden-sie-eine-geniale-loesung\\\/\"]}]},{\"@type\":\"ImageObject\",\"inLanguage\":\"da-DK\",\"@id\":\"https:\\\/\\\/gradido.net\\\/lieblingsstadt-5-wolfgang-wird-arbeitslos-gemeinsam-finden-sie-eine-geniale-loesung\\\/#primaryimage\",\"url\":\"https:\\\/\\\/gradido.net\\\/wp-content\\\/uploads\\\/2023\\\/08\\\/Wolfgang_1920_3.jpg\",\"contentUrl\":\"https:\\\/\\\/gradido.net\\\/wp-content\\\/uploads\\\/2023\\\/08\\\/Wolfgang_1920_3.jpg\",\"width\":1920,\"height\":1200},{\"@type\":\"BreadcrumbList\",\"@id\":\"https:\\\/\\\/gradido.net\\\/lieblingsstadt-5-wolfgang-wird-arbeitslos-gemeinsam-finden-sie-eine-geniale-loesung\\\/#breadcrumb\",\"itemListElement\":[{\"@type\":\"ListItem\",\"position\":1,\"name\":\"Startseite\",\"item\":\"https:\\\/\\\/gradido.net\\\/\"},{\"@type\":\"ListItem\",\"position\":2,\"name\":\"Lieblingsstadt 5 \u2013 Wolfgang wird arbeitslos \u2013 gemeinsam finden sie eine geniale L\u00f6sung\"}]},{\"@type\":\"WebSite\",\"@id\":\"https:\\\/\\\/gradido.net\\\/de\\\/#website\",\"url\":\"https:\\\/\\\/gradido.net\\\/de\\\/\",\"name\":\"Gradido\",\"description\":\"Die neue W\u00e4hrung hei\u00dft Dankbarkeit\",\"publisher\":{\"@id\":\"https:\\\/\\\/gradido.net\\\/de\\\/#organization\"},\"potentialAction\":[{\"@type\":\"SearchAction\",\"target\":{\"@type\":\"EntryPoint\",\"urlTemplate\":\"https:\\\/\\\/gradido.net\\\/de\\\/?s={search_term_string}\"},\"query-input\":{\"@type\":\"PropertyValueSpecification\",\"valueRequired\":true,\"valueName\":\"search_term_string\"}}],\"inLanguage\":\"da-DK\"},{\"@type\":\"Organization\",\"@id\":\"https:\\\/\\\/gradido.net\\\/de\\\/#organization\",\"name\":\"Gradido\",\"url\":\"https:\\\/\\\/gradido.net\\\/de\\\/\",\"logo\":{\"@type\":\"ImageObject\",\"inLanguage\":\"da-DK\",\"@id\":\"https:\\\/\\\/gradido.net\\\/de\\\/#\\\/schema\\\/logo\\\/image\\\/\",\"url\":\"https:\\\/\\\/gradido.net\\\/wp-content\\\/uploads\\\/2022\\\/04\\\/gradido-social.jpg\",\"contentUrl\":\"https:\\\/\\\/gradido.net\\\/wp-content\\\/uploads\\\/2022\\\/04\\\/gradido-social.jpg\",\"width\":527,\"height\":273,\"caption\":\"Gradido\"},\"image\":{\"@id\":\"https:\\\/\\\/gradido.net\\\/de\\\/#\\\/schema\\\/logo\\\/image\\\/\"}},{\"@type\":\"Person\",\"@id\":\"https:\\\/\\\/gradido.net\\\/de\\\/#\\\/schema\\\/person\\\/9c503a004ad15a1ddecadce2218db5d1\",\"name\":\"Bernd H\u00fcckst\u00e4dt\",\"sameAs\":[\"https:\\\/\\\/gradido.net\"],\"url\":\"https:\\\/\\\/gradido.net\\\/da\\\/author\\\/bernd\\\/\"}]}<\/script>\n<!-- \/ Yoast SEO plugin. -->","yoast_head_json":{"title":"Favourite City 5 - Wolfgang bliver arbejdsl\u00f8s - sammen finder de en genial l\u00f8sning - Gradido","description":"\"Lieblingsst\u00e4dter Schuhmanufaktur\" kan ikke klare sig i den internationale konkurrence og m\u00e5 erkl\u00e6re sig konkurs. Mange borgere mister deres arbejde. Wolfgang er en af dem. Sammen med sine venner f\u00e5r han den geniale id\u00e9...","robots":{"index":"index","follow":"follow","max-snippet":"max-snippet:-1","max-image-preview":"max-image-preview:large","max-video-preview":"max-video-preview:-1"},"canonical":"https:\/\/gradido.net\/da\/lieblingsstadt-5-wolfgang-wird-arbeitslos-gemeinsam-finden-sie-eine-geniale-loesung\/","og_locale":"da_DK","og_type":"article","og_title":"Lieblingsstadt 5 \u2013 Wolfgang wird arbeitslos \u2013 gemeinsam finden sie eine geniale L\u00f6sung - Gradido","og_description":"Die \u201aLieblingsst\u00e4dter Schuhmanufaktur\u2018 kann der internationalen Konkurrenz nicht standhalten und muss Konkurs anmelden. Viele B\u00fcrger verlieren ihren Arbeitsplatz. Wolfgang ist einer von ihnen. Gemeinsam mit seinen Freunden hat er die z\u00fcndende Idee\u2026","og_url":"https:\/\/gradido.net\/da\/lieblingsstadt-5-wolfgang-wird-arbeitslos-gemeinsam-finden-sie-eine-geniale-loesung\/","og_site_name":"Gradido","article_published_time":"2023-08-22T03:59:47+00:00","article_modified_time":"2026-04-23T05:13:06+00:00","og_image":[{"width":1920,"height":1200,"url":"https:\/\/gradido.net\/wp-content\/uploads\/2023\/08\/Wolfgang_1920_3.jpg","type":"image\/jpeg"}],"author":"Bernd H\u00fcckst\u00e4dt","twitter_card":"summary_large_image","twitter_misc":{"Skrevet af":"Bernd H\u00fcckst\u00e4dt","Estimeret l\u00e6setid":"7 minutter"},"schema":{"@context":"https:\/\/schema.org","@graph":[{"@type":"Article","@id":"https:\/\/gradido.net\/lieblingsstadt-5-wolfgang-wird-arbeitslos-gemeinsam-finden-sie-eine-geniale-loesung\/#article","isPartOf":{"@id":"https:\/\/gradido.net\/lieblingsstadt-5-wolfgang-wird-arbeitslos-gemeinsam-finden-sie-eine-geniale-loesung\/"},"author":{"name":"Bernd H\u00fcckst\u00e4dt","@id":"https:\/\/gradido.net\/de\/#\/schema\/person\/9c503a004ad15a1ddecadce2218db5d1"},"headline":"Lieblingsstadt 5 \u2013 Wolfgang wird arbeitslos \u2013 gemeinsam finden sie eine geniale L\u00f6sung","datePublished":"2023-08-22T03:59:47+00:00","dateModified":"2026-04-23T05:13:06+00:00","mainEntityOfPage":{"@id":"https:\/\/gradido.net\/lieblingsstadt-5-wolfgang-wird-arbeitslos-gemeinsam-finden-sie-eine-geniale-loesung\/"},"wordCount":953,"publisher":{"@id":"https:\/\/gradido.net\/de\/#organization"},"image":{"@id":"https:\/\/gradido.net\/lieblingsstadt-5-wolfgang-wird-arbeitslos-gemeinsam-finden-sie-eine-geniale-loesung\/#primaryimage"},"thumbnailUrl":"https:\/\/gradido.net\/wp-content\/uploads\/2023\/08\/Wolfgang_1920_3.jpg","keywords":["Bild oben"],"articleSection":["Blog","Lieblingsstadt"],"inLanguage":"da-DK"},{"@type":"WebPage","@id":"https:\/\/gradido.net\/lieblingsstadt-5-wolfgang-wird-arbeitslos-gemeinsam-finden-sie-eine-geniale-loesung\/","url":"https:\/\/gradido.net\/lieblingsstadt-5-wolfgang-wird-arbeitslos-gemeinsam-finden-sie-eine-geniale-loesung\/","name":"Favourite City 5 - Wolfgang bliver arbejdsl\u00f8s - sammen finder de en genial l\u00f8sning - Gradido","isPartOf":{"@id":"https:\/\/gradido.net\/de\/#website"},"primaryImageOfPage":{"@id":"https:\/\/gradido.net\/lieblingsstadt-5-wolfgang-wird-arbeitslos-gemeinsam-finden-sie-eine-geniale-loesung\/#primaryimage"},"image":{"@id":"https:\/\/gradido.net\/lieblingsstadt-5-wolfgang-wird-arbeitslos-gemeinsam-finden-sie-eine-geniale-loesung\/#primaryimage"},"thumbnailUrl":"https:\/\/gradido.net\/wp-content\/uploads\/2023\/08\/Wolfgang_1920_3.jpg","datePublished":"2023-08-22T03:59:47+00:00","dateModified":"2026-04-23T05:13:06+00:00","description":"\"Lieblingsst\u00e4dter Schuhmanufaktur\" kan ikke klare sig i den internationale konkurrence og m\u00e5 erkl\u00e6re sig konkurs. Mange borgere mister deres arbejde. Wolfgang er en af dem. Sammen med sine venner f\u00e5r han den geniale id\u00e9...","breadcrumb":{"@id":"https:\/\/gradido.net\/lieblingsstadt-5-wolfgang-wird-arbeitslos-gemeinsam-finden-sie-eine-geniale-loesung\/#breadcrumb"},"inLanguage":"da-DK","potentialAction":[{"@type":"ReadAction","target":["https:\/\/gradido.net\/lieblingsstadt-5-wolfgang-wird-arbeitslos-gemeinsam-finden-sie-eine-geniale-loesung\/"]}]},{"@type":"ImageObject","inLanguage":"da-DK","@id":"https:\/\/gradido.net\/lieblingsstadt-5-wolfgang-wird-arbeitslos-gemeinsam-finden-sie-eine-geniale-loesung\/#primaryimage","url":"https:\/\/gradido.net\/wp-content\/uploads\/2023\/08\/Wolfgang_1920_3.jpg","contentUrl":"https:\/\/gradido.net\/wp-content\/uploads\/2023\/08\/Wolfgang_1920_3.jpg","width":1920,"height":1200},{"@type":"BreadcrumbList","@id":"https:\/\/gradido.net\/lieblingsstadt-5-wolfgang-wird-arbeitslos-gemeinsam-finden-sie-eine-geniale-loesung\/#breadcrumb","itemListElement":[{"@type":"ListItem","position":1,"name":"Startseite","item":"https:\/\/gradido.net\/"},{"@type":"ListItem","position":2,"name":"Lieblingsstadt 5 \u2013 Wolfgang wird arbeitslos \u2013 gemeinsam finden sie eine geniale L\u00f6sung"}]},{"@type":"WebSite","@id":"https:\/\/gradido.net\/de\/#website","url":"https:\/\/gradido.net\/de\/","name":"Gradido","description":"Den nye valuta er taknemmelighed","publisher":{"@id":"https:\/\/gradido.net\/de\/#organization"},"potentialAction":[{"@type":"SearchAction","target":{"@type":"EntryPoint","urlTemplate":"https:\/\/gradido.net\/de\/?s={search_term_string}"},"query-input":{"@type":"PropertyValueSpecification","valueRequired":true,"valueName":"search_term_string"}}],"inLanguage":"da-DK"},{"@type":"Organization","@id":"https:\/\/gradido.net\/de\/#organization","name":"Gradido","url":"https:\/\/gradido.net\/de\/","logo":{"@type":"ImageObject","inLanguage":"da-DK","@id":"https:\/\/gradido.net\/de\/#\/schema\/logo\/image\/","url":"https:\/\/gradido.net\/wp-content\/uploads\/2022\/04\/gradido-social.jpg","contentUrl":"https:\/\/gradido.net\/wp-content\/uploads\/2022\/04\/gradido-social.jpg","width":527,"height":273,"caption":"Gradido"},"image":{"@id":"https:\/\/gradido.net\/de\/#\/schema\/logo\/image\/"}},{"@type":"Person","@id":"https:\/\/gradido.net\/de\/#\/schema\/person\/9c503a004ad15a1ddecadce2218db5d1","name":"Bernd H\u00fcckst\u00e4dt","sameAs":["https:\/\/gradido.net"],"url":"https:\/\/gradido.net\/da\/author\/bernd\/"}]}},"_links":{"self":[{"href":"https:\/\/gradido.net\/da\/wp-json\/wp\/v2\/posts\/7278","targetHints":{"allow":["GET"]}}],"collection":[{"href":"https:\/\/gradido.net\/da\/wp-json\/wp\/v2\/posts"}],"about":[{"href":"https:\/\/gradido.net\/da\/wp-json\/wp\/v2\/types\/post"}],"author":[{"embeddable":true,"href":"https:\/\/gradido.net\/da\/wp-json\/wp\/v2\/users\/2"}],"replies":[{"embeddable":true,"href":"https:\/\/gradido.net\/da\/wp-json\/wp\/v2\/comments?post=7278"}],"version-history":[{"count":59,"href":"https:\/\/gradido.net\/da\/wp-json\/wp\/v2\/posts\/7278\/revisions"}],"predecessor-version":[{"id":13545,"href":"https:\/\/gradido.net\/da\/wp-json\/wp\/v2\/posts\/7278\/revisions\/13545"}],"wp:featuredmedia":[{"embeddable":true,"href":"https:\/\/gradido.net\/da\/wp-json\/wp\/v2\/media\/7282"}],"wp:attachment":[{"href":"https:\/\/gradido.net\/da\/wp-json\/wp\/v2\/media?parent=7278"}],"wp:term":[{"taxonomy":"category","embeddable":true,"href":"https:\/\/gradido.net\/da\/wp-json\/wp\/v2\/categories?post=7278"},{"taxonomy":"post_tag","embeddable":true,"href":"https:\/\/gradido.net\/da\/wp-json\/wp\/v2\/tags?post=7278"}],"curies":[{"name":"wp","href":"https:\/\/api.w.org\/{rel}","templated":true}]}}