{"id":7478,"date":"2023-09-03T07:06:58","date_gmt":"2023-09-03T05:06:58","guid":{"rendered":"https:\/\/gradido.net\/?p=7478"},"modified":"2026-04-23T07:09:20","modified_gmt":"2026-04-23T05:09:20","slug":"lieblingsstadt-10-die-stadt-wird-wieder-sicher","status":"publish","type":"post","link":"https:\/\/gradido.net\/da\/lieblingsstadt-10-die-stadt-wird-wieder-sicher\/","title":{"rendered":"Yndlingsby 10 - Byen bliver sikker igen"},"content":{"rendered":"<div data-elementor-type=\"wp-post\" data-elementor-id=\"7478\" class=\"elementor elementor-7478\" data-elementor-post-type=\"post\">\n\t\t\t\t\t\t<section class=\"elementor-section elementor-top-section elementor-element elementor-element-496e1d53 elementor-section-boxed elementor-section-height-default elementor-section-height-default\" data-id=\"496e1d53\" data-element_type=\"section\" data-e-type=\"section\">\n\t\t\t\t\t\t<div class=\"elementor-container elementor-column-gap-default\">\n\t\t\t\t\t<div class=\"elementor-column elementor-col-100 elementor-top-column elementor-element elementor-element-461d7be0\" data-id=\"461d7be0\" data-element_type=\"column\" data-e-type=\"column\">\n\t\t\t<div class=\"elementor-widget-wrap elementor-element-populated\">\n\t\t\t\t\t\t<div class=\"elementor-element elementor-element-cd9ebe2 elementor-widget elementor-widget-text-editor\" data-id=\"cd9ebe2\" data-element_type=\"widget\" data-e-type=\"widget\" data-widget_type=\"text-editor.default\">\n\t\t\t\t<div class=\"elementor-widget-container\">\n\t\t\t\t\t\t\t\t\t<p style=\"text-align: right;\"><em>\"Vi er mange. Sammen g\u00f8r vi byen sikker uden at kontrollere folk.\"<\/em><\/p><p>K\u00e6re l\u00e6ser,<\/p><p>Selv i Lieblingsstadt, et samfund kendt for sin \u00e5benhed og villighed til at hj\u00e6lpe, kunne man tydeligt m\u00e6rke konsekvenserne af flygtningekrisen. Voldelige angreb udgjorde en ny udfordring og rystede det ellers rolige liv i denne fredelige by. Politiet reagerede p\u00e5 denne situation ved at introducere selvforsvarskurser.<\/p>\t\t\t\t\t\t\t\t<\/div>\n\t\t\t\t<\/div>\n\t\t\t\t<div class=\"elementor-element elementor-element-b482206 elementor-widget elementor-widget-image\" data-id=\"b482206\" data-element_type=\"widget\" data-e-type=\"widget\" data-widget_type=\"image.default\">\n\t\t\t\t<div class=\"elementor-widget-container\">\n\t\t\t\t\t\t\t\t\t\t\t\t\t\t\t<img fetchpriority=\"high\" decoding=\"async\" width=\"500\" height=\"340\" src=\"https:\/\/gradido.net\/wp-content\/uploads\/2023\/09\/Selbstverteidigung_500.jpg\" class=\"attachment-full size-full wp-image-7482\" alt=\"\" srcset=\"https:\/\/gradido.net\/wp-content\/uploads\/2023\/09\/Selbstverteidigung_500.jpg 500w, https:\/\/gradido.net\/wp-content\/uploads\/2023\/09\/Selbstverteidigung_500-300x204.jpg 300w, https:\/\/gradido.net\/wp-content\/uploads\/2023\/09\/Selbstverteidigung_500-18x12.jpg 18w\" sizes=\"(max-width: 500px) 100vw, 500px\" \/>\t\t\t\t\t\t\t\t\t\t\t\t\t\t\t<\/div>\n\t\t\t\t<\/div>\n\t\t\t\t<div class=\"elementor-element elementor-element-c5e61d4 elementor-widget elementor-widget-text-editor\" data-id=\"c5e61d4\" data-element_type=\"widget\" data-e-type=\"widget\" data-widget_type=\"text-editor.default\">\n\t\t\t\t<div class=\"elementor-widget-container\">\n\t\t\t\t\t\t\t\t\t<p>Disse kurser, som er \u00e5bne for b\u00e5de kvinder og m\u00e6nd, er hurtigt blevet popul\u00e6re. De giver ikke kun borgerne praktiske f\u00e6rdigheder til deres egen sikkerhed, men styrker ogs\u00e5 f\u00f8lelsen af f\u00e6llesskab og solidaritet blandt dem.<\/p><p>Disse kurser er dog ikke nok til helt at genoprette sikkerheden i favoritbyerne.\u00a0<\/p><h3>Godt samarbejde med politi, sikkerhed og sportsklubber<\/h3><p>Opmuntret af succesen med Det Store Klubsamarbejde foresl\u00e5r borgmester Michael Miteinand et \"Stort Samarbejde for Tryghed\". Politi, sikkerhedsfirmaer, sportsklubber, fitnesscentre, motorcykelklubber og interesserede borgere g\u00e5r sammen.<\/p><p>\"Vi er mange. Sammen g\u00f8r vi byen sikker uden at kontrollere folk,\" siger Miteinand begejstret til sine medborgere.<\/p><h3>Fredelige helte<\/h3><p>Projektet f\u00e5r navnet <strong>'Favorit City Heroes'.<\/strong> Heltenes m\u00e5l er at skabe sikkerhed i byen. I samarbejde udvikler de s\u00e6rlige \"heltetr\u00e6ninger\", der omfatter selvforsvar samt det n\u00f8dvendige juridiske grundlag, metoder til deeskalering og klare regler for adf\u00e6rd i tilf\u00e6lde af et voldeligt overfald.<\/p><h3>Vi er mange<\/h3><p>Beboernes interesse er enorm. Mange \u00f8nsker at v\u00e6re helte og p\u00e5 en eller anden m\u00e5de bidrage til den f\u00e6lles sikkerhed. De mindre sporty bliver involveret i organisationen. P\u00e5 ingen tid organiserer de, at helte er p\u00e5 farten d\u00f8gnet rundt i deres yndlingsby. Mange forbinder det med at g\u00e5 p\u00e5 arbejde, shoppe, g\u00e5, cykle eller jogge.<\/p><p>Motorcykelheltene har oprettet en n\u00f8dgruppe p\u00e5 Telegram og er straks p\u00e5 pletten i tilf\u00e6lde af en alarm. Engang, da nogle unge m\u00e6nd ville starte et opr\u00f8r foran diskoteket om natten, var 20 motorcykelhelte p\u00e5 stedet inden for 10 minutter, og sp\u00f8gelset var overst\u00e5et.<\/p><p>Med denne overv\u00e6gt af fredelige helte er der ikke l\u00e6ngere nogen, der t\u00f8r tr\u00e6nge sig p\u00e5.<\/p>\t\t\t\t\t\t\t\t<\/div>\n\t\t\t\t<\/div>\n\t\t\t\t<div class=\"elementor-element elementor-element-f223bb6 elementor-widget elementor-widget-image\" data-id=\"f223bb6\" data-element_type=\"widget\" data-e-type=\"widget\" data-widget_type=\"image.default\">\n\t\t\t\t<div class=\"elementor-widget-container\">\n\t\t\t\t\t\t\t\t\t\t\t\t\t\t\t<img decoding=\"async\" width=\"500\" height=\"500\" src=\"https:\/\/gradido.net\/wp-content\/uploads\/2023\/09\/Heldenpolizei_500.jpg\" class=\"attachment-full size-full wp-image-7484\" alt=\"\" srcset=\"https:\/\/gradido.net\/wp-content\/uploads\/2023\/09\/Heldenpolizei_500.jpg 500w, https:\/\/gradido.net\/wp-content\/uploads\/2023\/09\/Heldenpolizei_500-300x300.jpg 300w, https:\/\/gradido.net\/wp-content\/uploads\/2023\/09\/Heldenpolizei_500-150x150.jpg 150w, https:\/\/gradido.net\/wp-content\/uploads\/2023\/09\/Heldenpolizei_500-12x12.jpg 12w\" sizes=\"(max-width: 500px) 100vw, 500px\" \/>\t\t\t\t\t\t\t\t\t\t\t\t\t\t\t<\/div>\n\t\t\t\t<\/div>\n\t\t\t\t<div class=\"elementor-element elementor-element-0499f3c elementor-widget elementor-widget-text-editor\" data-id=\"0499f3c\" data-element_type=\"widget\" data-e-type=\"widget\" data-widget_type=\"text-editor.default\">\n\t\t\t\t<div class=\"elementor-widget-container\">\n\t\t\t\t\t\t\t\t\t<p>Det t\u00e6tte samarbejde med det lokale politi g\u00f8r heltene i Favourite City til en garant for den offentlige sikkerhed.<\/p><h3>Afl\u00f8nning med Gradido<\/h3><p>Gennem det frivillige kompensationssystem \"Gradido\" modtager \"heltene\" 20 Gradido i timen for deres indsats. Det kan de indl\u00f8se til gener\u00f8se Gradido-rabatter og fordele i lokale butikker. P\u00e5 den m\u00e5de sparer de p\u00e5 leveomkostningerne og f\u00e5r r\u00e5d til at opfylde \u00f8nsker, som ellers ikke ville v\u00e6re blevet opfyldt.<\/p><p>Men det, der is\u00e6r er vigtigt for dem, er den voksende f\u00f8lelse af ejerskab, sikkerhed og fred i deres elskede hjemby.<\/p><h3>Sikkert og rent, d\u00f8gnet rundt<\/h3><p>Efter kort tid er Favourite City sikker igen. Og uden kontrol, for alene tilstedev\u00e6relsen af de mange veltr\u00e6nede helte sikrer, at der ikke sker angreb. Indbyggerne kan trygt g\u00e5 ud dag og nat og nyde deres liv i fulde drag.\u00a0<\/p><p>Og noget andet er blevet bedre: Favourite City er blevet skinnende ren. For under heltenes \u00f8jne er der ingen, der bryder sig om at lade deres affald ligge og flyde eller for\u00e5rsage andet snavs.<\/p><p>S\u00e5ledes blev Lieblingsstadt endnu engang et symbol p\u00e5, at ansvar, samh\u00f8righed og samarbejde kan overvinde selv vanskelige tider.<\/p>\t\t\t\t\t\t\t\t<\/div>\n\t\t\t\t<\/div>\n\t\t\t\t<div class=\"elementor-element elementor-element-e858257 elementor-widget-divider--view-line elementor-widget elementor-widget-divider\" data-id=\"e858257\" data-element_type=\"widget\" data-e-type=\"widget\" data-widget_type=\"divider.default\">\n\t\t\t\t<div class=\"elementor-widget-container\">\n\t\t\t\t\t\t\t<div class=\"elementor-divider\">\n\t\t\t<span class=\"elementor-divider-separator\">\n\t\t\t\t\t\t<\/span>\n\t\t<\/div>\n\t\t\t\t\t\t<\/div>\n\t\t\t\t<\/div>\n\t\t\t\t<div class=\"elementor-element elementor-element-d74dfa0 elementor-widget elementor-widget-text-editor\" data-id=\"d74dfa0\" data-element_type=\"widget\" data-e-type=\"widget\" data-widget_type=\"text-editor.default\">\n\t\t\t\t<div class=\"elementor-widget-container\">\n\t\t\t\t\t\t\t\t\t<div data-pm-slice=\"1 1 []\" data-en-clipboard=\"true\"><p>Den <strong>\"Fantastisk samarbejde<\/strong> tager fart. I det 10. afsnit af den popul\u00e6re serie <strong>\"Gradido i yndlingsbyen\" <\/strong>vi g\u00f8r byen sikker. Alle de tilgange, der er skitseret her, er baseret p\u00e5 princippet om, at samarbejde er mange gange bedre end konkurrence. Frivilligt arbejde er i h\u00f8j grad baseret p\u00e5 samarbejde. Ved hj\u00e6lp af det frivillige afl\u00f8nningssystem \"Gradido\" bliver frivilligt arbejde afl\u00f8nnet med 20 Gradido i timen.<\/p><p>For Gradidos er der en r\u00e6kke fordele og rabatter, som kan indl\u00f8ses hos lokale virksomheder. Derudover er der en livlig udveksling mellem borgerne. Det reducerer omkostningerne for alle involverede, og store projekter bliver mulige. En win-win-win-situation for alle!<\/p><p><strong>Du er velkommen til at videresende denne serie til dit byr\u00e5d, foreninger og h\u00e5ndv\u00e6rkere!<\/strong><\/p><p>Hvis vi ikke g\u00f8r noget nu, vil <strong>Nedadg\u00e5ende spiral<\/strong> v\u00e6k. Byerne bliver mere og mere usikre og beskidte, og middelklassen er ved at g\u00e5 fallit.<\/p><p>Med Gradido og det store samarbejde skaber vi <strong>Opadg\u00e5ende spiraler<\/strong> at forme fremtiden p\u00e5 en positiv og b\u00e6redygtig m\u00e5de. Sammen forvandler vi vores byer til levende og blomstrende oaser - vores yndlingssteder!<\/p><p>Med venlig hilsen<\/p><\/div><p>Med venlig hilsen<\/p><p><img decoding=\"async\" class=\"alignnone wp-image-4614 size-medium\" src=\"https:\/\/gradido.net\/wp-content\/uploads\/2022\/06\/MargretBernd_2022-300x74.png\" alt=\"\" width=\"300\" height=\"74\" srcset=\"https:\/\/gradido.net\/wp-content\/uploads\/2022\/06\/MargretBernd_2022-300x74.png 300w, https:\/\/gradido.net\/wp-content\/uploads\/2022\/06\/MargretBernd_2022-18x4.png 18w, https:\/\/gradido.net\/wp-content\/uploads\/2022\/06\/MargretBernd_2022.png 431w\" sizes=\"(max-width: 300px) 100vw, 300px\" \/><\/p><p>Margret Baier og Bernd H\u00fcckst\u00e4dt<br \/>Gradido grundl\u00e6gger og udvikler<\/p>\t\t\t\t\t\t\t\t<\/div>\n\t\t\t\t<\/div>\n\t\t\t\t\t<\/div>\n\t\t<\/div>\n\t\t\t\t\t<\/div>\n\t\t<\/section>\n\t\t\t\t<section class=\"elementor-section elementor-top-section elementor-element elementor-element-b155181 elementor-section-boxed elementor-section-height-default elementor-section-height-default\" data-id=\"b155181\" data-element_type=\"section\" data-e-type=\"section\">\n\t\t\t\t\t\t<div class=\"elementor-container elementor-column-gap-default\">\n\t\t\t\t\t<div class=\"elementor-column elementor-col-100 elementor-top-column elementor-element elementor-element-16509c4\" data-id=\"16509c4\" data-element_type=\"column\" data-e-type=\"column\">\n\t\t\t<div class=\"elementor-widget-wrap elementor-element-populated\">\n\t\t\t\t\t\t<div class=\"elementor-element elementor-element-2f155c8 elementor-position-inline-start white-links elementor-widget__width-initial elementor-view-default elementor-mobile-position-block-start elementor-widget elementor-widget-icon-box\" data-id=\"2f155c8\" data-element_type=\"widget\" data-e-type=\"widget\" data-no-translation=\"\" data-widget_type=\"icon-box.default\">\n\t\t\t\t<div class=\"elementor-widget-container\">\n\t\t\t\t\t<style>.elementor-element-2f155c8{display:none !important}<\/style>\t\t\t\t<\/div>\n\t\t\t\t<\/div>\n\t\t\t\t\t<\/div>\n\t\t<\/div>\n\t\t\t\t\t<\/div>\n\t\t<\/section>\n\t\t\t\t<section class=\"elementor-section elementor-top-section elementor-element elementor-element-14532fe elementor-section-boxed elementor-section-height-default elementor-section-height-default\" data-id=\"14532fe\" data-element_type=\"section\" data-e-type=\"section\">\n\t\t\t\t\t\t<div class=\"elementor-container elementor-column-gap-default\">\n\t\t\t\t\t<div class=\"elementor-column elementor-col-100 elementor-top-column elementor-element elementor-element-65d2298\" data-id=\"65d2298\" data-element_type=\"column\" data-e-type=\"column\">\n\t\t\t<div class=\"elementor-widget-wrap elementor-element-populated\">\n\t\t\t\t\t\t<div class=\"elementor-element elementor-element-bb63b70 elementor-widget elementor-widget-global elementor-global-9341 elementor-widget-text-editor\" data-id=\"bb63b70\" data-element_type=\"widget\" data-e-type=\"widget\" data-widget_type=\"text-editor.default\">\n\t\t\t\t<div class=\"elementor-widget-container\">\n\t\t\t\t\t\t\t\t\t<p><strong>PS:\u00a0<span style=\"color: #ff6600;\"><a style=\"color: #ff6600;\" href=\"https:\/\/gradido.net\/da\/donations\/\">P\u00e5 grund af Gradidos stadigt voksende betydning gentager vi vores taknemmelighedskampagne den 26. juni 2026:<\/a>\u00a0<\/span><span style=\"color: #0000ff;\"><a style=\"color: #0000ff;\" href=\"https:\/\/gradido.net\/da\/donations\/\">Ud over de mange GradidoTransform for dit sponsorbidrag vil vi \u00f8ge alle GDT-kontosaldi med 26% den 26\/06\/2016. Sponsorer nu, og nyd de mange GDT-bel\u00f8b!<\/a><\/span><\/strong><\/p>\t\t\t\t\t\t\t\t<\/div>\n\t\t\t\t<\/div>\n\t\t\t\t\t<\/div>\n\t\t<\/div>\n\t\t\t\t\t<\/div>\n\t\t<\/section>\n\t\t\t\t<\/div>","protected":false},"excerpt":{"rendered":"<p>Opmuntret af succesen med 'Klubbernes Store Samarbejde' foresl\u00e5r borgmester Michael Miteinand et 'Stort Samarbejde for Sikkerhed'. Politi, sikkerhedsfirmaer, sportsklubber, fitnesscentre, motorcykelklubber og interesserede borgere g\u00e5r sammen.<\/p>","protected":false},"author":2,"featured_media":7517,"comment_status":"closed","ping_status":"closed","sticky":false,"template":"","format":"standard","meta":{"footnotes":""},"categories":[11,53],"tags":[22],"class_list":["post-7478","post","type-post","status-publish","format-standard","has-post-thumbnail","hentry","category-blog","category-lieblingsstadt","tag-bild-oben"],"yoast_head":"<!-- This site is optimized with the Yoast SEO plugin v27.5 - https:\/\/yoast.com\/product\/yoast-seo-wordpress\/ -->\n<title>Lieblingsstadt 10 \u2013 Die Stadt wird wieder sicher - Gradido<\/title>\n<meta name=\"description\" content=\"Ermutigt vom Erfolg der \u201aGro\u00dfen Kooperation der Vereine\u2018 regt B\u00fcrgermeister Michael Miteinand eine \u201aGro\u00dfe Kooperation f\u00fcr die Sicherheit\u2018 an. Polizei, Security-Unternehmen, Sportvereine, Fitnessstudios, Motorrad-Clubs und interessierte B\u00fcrger finden sich zusammen.\" \/>\n<meta name=\"robots\" content=\"index, follow, max-snippet:-1, max-image-preview:large, max-video-preview:-1\" \/>\n<link rel=\"canonical\" href=\"https:\/\/gradido.net\/da\/lieblingsstadt-10-die-stadt-wird-wieder-sicher\/\" \/>\n<meta property=\"og:locale\" content=\"da_DK\" \/>\n<meta property=\"og:type\" content=\"article\" \/>\n<meta property=\"og:title\" content=\"Lieblingsstadt 10 \u2013 Die Stadt wird wieder sicher - Gradido\" \/>\n<meta property=\"og:description\" content=\"Ermutigt vom Erfolg der \u201aGro\u00dfen Kooperation der Vereine\u2018 regt B\u00fcrgermeister Michael Miteinand eine \u201aGro\u00dfe Kooperation f\u00fcr die Sicherheit\u2018 an. Polizei, Security-Unternehmen, Sportvereine, Fitnessstudios, Motorrad-Clubs und interessierte B\u00fcrger finden sich zusammen.\" \/>\n<meta property=\"og:url\" content=\"https:\/\/gradido.net\/da\/lieblingsstadt-10-die-stadt-wird-wieder-sicher\/\" \/>\n<meta property=\"og:site_name\" content=\"Gradido\" \/>\n<meta property=\"article:published_time\" content=\"2023-09-03T05:06:58+00:00\" \/>\n<meta property=\"article:modified_time\" content=\"2026-04-23T05:09:20+00:00\" \/>\n<meta property=\"og:image\" content=\"https:\/\/gradido.net\/wp-content\/uploads\/2023\/09\/Jungens_1920.jpg\" \/>\n\t<meta property=\"og:image:width\" content=\"1920\" \/>\n\t<meta property=\"og:image:height\" content=\"1200\" \/>\n\t<meta property=\"og:image:type\" content=\"image\/jpeg\" \/>\n<meta name=\"author\" content=\"Bernd H\u00fcckst\u00e4dt\" \/>\n<meta name=\"twitter:card\" content=\"summary_large_image\" \/>\n<meta name=\"twitter:label1\" content=\"Skrevet af\" \/>\n\t<meta name=\"twitter:data1\" content=\"Bernd H\u00fcckst\u00e4dt\" \/>\n\t<meta name=\"twitter:label2\" content=\"Estimeret l\u00e6setid\" \/>\n\t<meta name=\"twitter:data2\" content=\"5 minutter\" \/>\n<script type=\"application\/ld+json\" class=\"yoast-schema-graph\">{\"@context\":\"https:\\\/\\\/schema.org\",\"@graph\":[{\"@type\":\"Article\",\"@id\":\"https:\\\/\\\/gradido.net\\\/lieblingsstadt-10-die-stadt-wird-wieder-sicher\\\/#article\",\"isPartOf\":{\"@id\":\"https:\\\/\\\/gradido.net\\\/lieblingsstadt-10-die-stadt-wird-wieder-sicher\\\/\"},\"author\":{\"name\":\"Bernd H\u00fcckst\u00e4dt\",\"@id\":\"https:\\\/\\\/gradido.net\\\/de\\\/#\\\/schema\\\/person\\\/9c503a004ad15a1ddecadce2218db5d1\"},\"headline\":\"Lieblingsstadt 10 \u2013 Die Stadt wird wieder sicher\",\"datePublished\":\"2023-09-03T05:06:58+00:00\",\"dateModified\":\"2026-04-23T05:09:20+00:00\",\"mainEntityOfPage\":{\"@id\":\"https:\\\/\\\/gradido.net\\\/lieblingsstadt-10-die-stadt-wird-wieder-sicher\\\/\"},\"wordCount\":813,\"publisher\":{\"@id\":\"https:\\\/\\\/gradido.net\\\/de\\\/#organization\"},\"image\":{\"@id\":\"https:\\\/\\\/gradido.net\\\/lieblingsstadt-10-die-stadt-wird-wieder-sicher\\\/#primaryimage\"},\"thumbnailUrl\":\"https:\\\/\\\/gradido.net\\\/wp-content\\\/uploads\\\/2023\\\/09\\\/Jungens_1920.jpg\",\"keywords\":[\"Bild oben\"],\"articleSection\":[\"Blog\",\"Lieblingsstadt\"],\"inLanguage\":\"da-DK\"},{\"@type\":\"WebPage\",\"@id\":\"https:\\\/\\\/gradido.net\\\/lieblingsstadt-10-die-stadt-wird-wieder-sicher\\\/\",\"url\":\"https:\\\/\\\/gradido.net\\\/lieblingsstadt-10-die-stadt-wird-wieder-sicher\\\/\",\"name\":\"Lieblingsstadt 10 \u2013 Die Stadt wird wieder sicher - Gradido\",\"isPartOf\":{\"@id\":\"https:\\\/\\\/gradido.net\\\/de\\\/#website\"},\"primaryImageOfPage\":{\"@id\":\"https:\\\/\\\/gradido.net\\\/lieblingsstadt-10-die-stadt-wird-wieder-sicher\\\/#primaryimage\"},\"image\":{\"@id\":\"https:\\\/\\\/gradido.net\\\/lieblingsstadt-10-die-stadt-wird-wieder-sicher\\\/#primaryimage\"},\"thumbnailUrl\":\"https:\\\/\\\/gradido.net\\\/wp-content\\\/uploads\\\/2023\\\/09\\\/Jungens_1920.jpg\",\"datePublished\":\"2023-09-03T05:06:58+00:00\",\"dateModified\":\"2026-04-23T05:09:20+00:00\",\"description\":\"Ermutigt vom Erfolg der \u201aGro\u00dfen Kooperation der Vereine\u2018 regt B\u00fcrgermeister Michael Miteinand eine \u201aGro\u00dfe Kooperation f\u00fcr die Sicherheit\u2018 an. Polizei, Security-Unternehmen, Sportvereine, Fitnessstudios, Motorrad-Clubs und interessierte B\u00fcrger finden sich zusammen.\",\"breadcrumb\":{\"@id\":\"https:\\\/\\\/gradido.net\\\/lieblingsstadt-10-die-stadt-wird-wieder-sicher\\\/#breadcrumb\"},\"inLanguage\":\"da-DK\",\"potentialAction\":[{\"@type\":\"ReadAction\",\"target\":[\"https:\\\/\\\/gradido.net\\\/lieblingsstadt-10-die-stadt-wird-wieder-sicher\\\/\"]}]},{\"@type\":\"ImageObject\",\"inLanguage\":\"da-DK\",\"@id\":\"https:\\\/\\\/gradido.net\\\/lieblingsstadt-10-die-stadt-wird-wieder-sicher\\\/#primaryimage\",\"url\":\"https:\\\/\\\/gradido.net\\\/wp-content\\\/uploads\\\/2023\\\/09\\\/Jungens_1920.jpg\",\"contentUrl\":\"https:\\\/\\\/gradido.net\\\/wp-content\\\/uploads\\\/2023\\\/09\\\/Jungens_1920.jpg\",\"width\":1920,\"height\":1200},{\"@type\":\"BreadcrumbList\",\"@id\":\"https:\\\/\\\/gradido.net\\\/lieblingsstadt-10-die-stadt-wird-wieder-sicher\\\/#breadcrumb\",\"itemListElement\":[{\"@type\":\"ListItem\",\"position\":1,\"name\":\"Startseite\",\"item\":\"https:\\\/\\\/gradido.net\\\/\"},{\"@type\":\"ListItem\",\"position\":2,\"name\":\"Lieblingsstadt 10 \u2013 Die Stadt wird wieder sicher\"}]},{\"@type\":\"WebSite\",\"@id\":\"https:\\\/\\\/gradido.net\\\/de\\\/#website\",\"url\":\"https:\\\/\\\/gradido.net\\\/de\\\/\",\"name\":\"Gradido\",\"description\":\"Die neue W\u00e4hrung hei\u00dft Dankbarkeit\",\"publisher\":{\"@id\":\"https:\\\/\\\/gradido.net\\\/de\\\/#organization\"},\"potentialAction\":[{\"@type\":\"SearchAction\",\"target\":{\"@type\":\"EntryPoint\",\"urlTemplate\":\"https:\\\/\\\/gradido.net\\\/de\\\/?s={search_term_string}\"},\"query-input\":{\"@type\":\"PropertyValueSpecification\",\"valueRequired\":true,\"valueName\":\"search_term_string\"}}],\"inLanguage\":\"da-DK\"},{\"@type\":\"Organization\",\"@id\":\"https:\\\/\\\/gradido.net\\\/de\\\/#organization\",\"name\":\"Gradido\",\"url\":\"https:\\\/\\\/gradido.net\\\/de\\\/\",\"logo\":{\"@type\":\"ImageObject\",\"inLanguage\":\"da-DK\",\"@id\":\"https:\\\/\\\/gradido.net\\\/de\\\/#\\\/schema\\\/logo\\\/image\\\/\",\"url\":\"https:\\\/\\\/gradido.net\\\/wp-content\\\/uploads\\\/2022\\\/04\\\/gradido-social.jpg\",\"contentUrl\":\"https:\\\/\\\/gradido.net\\\/wp-content\\\/uploads\\\/2022\\\/04\\\/gradido-social.jpg\",\"width\":527,\"height\":273,\"caption\":\"Gradido\"},\"image\":{\"@id\":\"https:\\\/\\\/gradido.net\\\/de\\\/#\\\/schema\\\/logo\\\/image\\\/\"}},{\"@type\":\"Person\",\"@id\":\"https:\\\/\\\/gradido.net\\\/de\\\/#\\\/schema\\\/person\\\/9c503a004ad15a1ddecadce2218db5d1\",\"name\":\"Bernd H\u00fcckst\u00e4dt\",\"sameAs\":[\"https:\\\/\\\/gradido.net\"],\"url\":\"https:\\\/\\\/gradido.net\\\/da\\\/author\\\/bernd\\\/\"}]}<\/script>\n<!-- \/ Yoast SEO plugin. -->","yoast_head_json":{"title":"Yndlingsby 10 - Byen vil v\u00e6re sikker igen - Gradido","description":"Opmuntret af succesen med 'Klubbernes Store Samarbejde' foresl\u00e5r borgmester Michael Miteinand et 'Stort Samarbejde for Sikkerhed'. Politi, sikkerhedsfirmaer, sportsklubber, fitnesscentre, motorcykelklubber og interesserede borgere g\u00e5r sammen.","robots":{"index":"index","follow":"follow","max-snippet":"max-snippet:-1","max-image-preview":"max-image-preview:large","max-video-preview":"max-video-preview:-1"},"canonical":"https:\/\/gradido.net\/da\/lieblingsstadt-10-die-stadt-wird-wieder-sicher\/","og_locale":"da_DK","og_type":"article","og_title":"Lieblingsstadt 10 \u2013 Die Stadt wird wieder sicher - Gradido","og_description":"Ermutigt vom Erfolg der \u201aGro\u00dfen Kooperation der Vereine\u2018 regt B\u00fcrgermeister Michael Miteinand eine \u201aGro\u00dfe Kooperation f\u00fcr die Sicherheit\u2018 an. Polizei, Security-Unternehmen, Sportvereine, Fitnessstudios, Motorrad-Clubs und interessierte B\u00fcrger finden sich zusammen.","og_url":"https:\/\/gradido.net\/da\/lieblingsstadt-10-die-stadt-wird-wieder-sicher\/","og_site_name":"Gradido","article_published_time":"2023-09-03T05:06:58+00:00","article_modified_time":"2026-04-23T05:09:20+00:00","og_image":[{"width":1920,"height":1200,"url":"https:\/\/gradido.net\/wp-content\/uploads\/2023\/09\/Jungens_1920.jpg","type":"image\/jpeg"}],"author":"Bernd H\u00fcckst\u00e4dt","twitter_card":"summary_large_image","twitter_misc":{"Skrevet af":"Bernd H\u00fcckst\u00e4dt","Estimeret l\u00e6setid":"5 minutter"},"schema":{"@context":"https:\/\/schema.org","@graph":[{"@type":"Article","@id":"https:\/\/gradido.net\/lieblingsstadt-10-die-stadt-wird-wieder-sicher\/#article","isPartOf":{"@id":"https:\/\/gradido.net\/lieblingsstadt-10-die-stadt-wird-wieder-sicher\/"},"author":{"name":"Bernd H\u00fcckst\u00e4dt","@id":"https:\/\/gradido.net\/de\/#\/schema\/person\/9c503a004ad15a1ddecadce2218db5d1"},"headline":"Lieblingsstadt 10 \u2013 Die Stadt wird wieder sicher","datePublished":"2023-09-03T05:06:58+00:00","dateModified":"2026-04-23T05:09:20+00:00","mainEntityOfPage":{"@id":"https:\/\/gradido.net\/lieblingsstadt-10-die-stadt-wird-wieder-sicher\/"},"wordCount":813,"publisher":{"@id":"https:\/\/gradido.net\/de\/#organization"},"image":{"@id":"https:\/\/gradido.net\/lieblingsstadt-10-die-stadt-wird-wieder-sicher\/#primaryimage"},"thumbnailUrl":"https:\/\/gradido.net\/wp-content\/uploads\/2023\/09\/Jungens_1920.jpg","keywords":["Bild oben"],"articleSection":["Blog","Lieblingsstadt"],"inLanguage":"da-DK"},{"@type":"WebPage","@id":"https:\/\/gradido.net\/lieblingsstadt-10-die-stadt-wird-wieder-sicher\/","url":"https:\/\/gradido.net\/lieblingsstadt-10-die-stadt-wird-wieder-sicher\/","name":"Yndlingsby 10 - Byen vil v\u00e6re sikker igen - Gradido","isPartOf":{"@id":"https:\/\/gradido.net\/de\/#website"},"primaryImageOfPage":{"@id":"https:\/\/gradido.net\/lieblingsstadt-10-die-stadt-wird-wieder-sicher\/#primaryimage"},"image":{"@id":"https:\/\/gradido.net\/lieblingsstadt-10-die-stadt-wird-wieder-sicher\/#primaryimage"},"thumbnailUrl":"https:\/\/gradido.net\/wp-content\/uploads\/2023\/09\/Jungens_1920.jpg","datePublished":"2023-09-03T05:06:58+00:00","dateModified":"2026-04-23T05:09:20+00:00","description":"Opmuntret af succesen med 'Klubbernes Store Samarbejde' foresl\u00e5r borgmester Michael Miteinand et 'Stort Samarbejde for Sikkerhed'. Politi, sikkerhedsfirmaer, sportsklubber, fitnesscentre, motorcykelklubber og interesserede borgere g\u00e5r sammen.","breadcrumb":{"@id":"https:\/\/gradido.net\/lieblingsstadt-10-die-stadt-wird-wieder-sicher\/#breadcrumb"},"inLanguage":"da-DK","potentialAction":[{"@type":"ReadAction","target":["https:\/\/gradido.net\/lieblingsstadt-10-die-stadt-wird-wieder-sicher\/"]}]},{"@type":"ImageObject","inLanguage":"da-DK","@id":"https:\/\/gradido.net\/lieblingsstadt-10-die-stadt-wird-wieder-sicher\/#primaryimage","url":"https:\/\/gradido.net\/wp-content\/uploads\/2023\/09\/Jungens_1920.jpg","contentUrl":"https:\/\/gradido.net\/wp-content\/uploads\/2023\/09\/Jungens_1920.jpg","width":1920,"height":1200},{"@type":"BreadcrumbList","@id":"https:\/\/gradido.net\/lieblingsstadt-10-die-stadt-wird-wieder-sicher\/#breadcrumb","itemListElement":[{"@type":"ListItem","position":1,"name":"Startseite","item":"https:\/\/gradido.net\/"},{"@type":"ListItem","position":2,"name":"Lieblingsstadt 10 \u2013 Die Stadt wird wieder sicher"}]},{"@type":"WebSite","@id":"https:\/\/gradido.net\/de\/#website","url":"https:\/\/gradido.net\/de\/","name":"Gradido","description":"Den nye valuta er taknemmelighed","publisher":{"@id":"https:\/\/gradido.net\/de\/#organization"},"potentialAction":[{"@type":"SearchAction","target":{"@type":"EntryPoint","urlTemplate":"https:\/\/gradido.net\/de\/?s={search_term_string}"},"query-input":{"@type":"PropertyValueSpecification","valueRequired":true,"valueName":"search_term_string"}}],"inLanguage":"da-DK"},{"@type":"Organization","@id":"https:\/\/gradido.net\/de\/#organization","name":"Gradido","url":"https:\/\/gradido.net\/de\/","logo":{"@type":"ImageObject","inLanguage":"da-DK","@id":"https:\/\/gradido.net\/de\/#\/schema\/logo\/image\/","url":"https:\/\/gradido.net\/wp-content\/uploads\/2022\/04\/gradido-social.jpg","contentUrl":"https:\/\/gradido.net\/wp-content\/uploads\/2022\/04\/gradido-social.jpg","width":527,"height":273,"caption":"Gradido"},"image":{"@id":"https:\/\/gradido.net\/de\/#\/schema\/logo\/image\/"}},{"@type":"Person","@id":"https:\/\/gradido.net\/de\/#\/schema\/person\/9c503a004ad15a1ddecadce2218db5d1","name":"Bernd H\u00fcckst\u00e4dt","sameAs":["https:\/\/gradido.net"],"url":"https:\/\/gradido.net\/da\/author\/bernd\/"}]}},"_links":{"self":[{"href":"https:\/\/gradido.net\/da\/wp-json\/wp\/v2\/posts\/7478","targetHints":{"allow":["GET"]}}],"collection":[{"href":"https:\/\/gradido.net\/da\/wp-json\/wp\/v2\/posts"}],"about":[{"href":"https:\/\/gradido.net\/da\/wp-json\/wp\/v2\/types\/post"}],"author":[{"embeddable":true,"href":"https:\/\/gradido.net\/da\/wp-json\/wp\/v2\/users\/2"}],"replies":[{"embeddable":true,"href":"https:\/\/gradido.net\/da\/wp-json\/wp\/v2\/comments?post=7478"}],"version-history":[{"count":87,"href":"https:\/\/gradido.net\/da\/wp-json\/wp\/v2\/posts\/7478\/revisions"}],"predecessor-version":[{"id":13540,"href":"https:\/\/gradido.net\/da\/wp-json\/wp\/v2\/posts\/7478\/revisions\/13540"}],"wp:featuredmedia":[{"embeddable":true,"href":"https:\/\/gradido.net\/da\/wp-json\/wp\/v2\/media\/7517"}],"wp:attachment":[{"href":"https:\/\/gradido.net\/da\/wp-json\/wp\/v2\/media?parent=7478"}],"wp:term":[{"taxonomy":"category","embeddable":true,"href":"https:\/\/gradido.net\/da\/wp-json\/wp\/v2\/categories?post=7478"},{"taxonomy":"post_tag","embeddable":true,"href":"https:\/\/gradido.net\/da\/wp-json\/wp\/v2\/tags?post=7478"}],"curies":[{"name":"wp","href":"https:\/\/api.w.org\/{rel}","templated":true}]}}