{"id":910,"date":"2020-09-30T23:01:23","date_gmt":"2020-09-30T21:01:23","guid":{"rendered":"https:\/\/gradido.net\/?p=910"},"modified":"2021-12-11T09:20:17","modified_gmt":"2021-12-11T08:20:17","slug":"endlich-sicherheit-mit-perspektive","status":"publish","type":"post","link":"https:\/\/gradido.net\/da\/endlich-sicherheit-mit-perspektive\/","title":{"rendered":"Endelig sikkerhed med perspektiv"},"content":{"rendered":"<div data-elementor-type=\"wp-post\" data-elementor-id=\"910\" class=\"elementor elementor-910\" data-elementor-post-type=\"post\">\n\t\t\t\t\t\t<section class=\"elementor-section elementor-top-section elementor-element elementor-element-496e1d53 elementor-section-boxed elementor-section-height-default elementor-section-height-default\" data-id=\"496e1d53\" data-element_type=\"section\" data-e-type=\"section\">\n\t\t\t\t\t\t<div class=\"elementor-container elementor-column-gap-default\">\n\t\t\t\t\t<div class=\"elementor-column elementor-col-100 elementor-top-column elementor-element elementor-element-461d7be0\" data-id=\"461d7be0\" data-element_type=\"column\" data-e-type=\"column\">\n\t\t\t<div class=\"elementor-widget-wrap elementor-element-populated\">\n\t\t\t\t\t\t<div class=\"elementor-element elementor-element-cd9ebe2 elementor-widget elementor-widget-text-editor\" data-id=\"cd9ebe2\" data-element_type=\"widget\" data-e-type=\"widget\" data-widget_type=\"text-editor.default\">\n\t\t\t\t<div class=\"elementor-widget-container\">\n\t\t\t\t\t\t\t\t\t<h2>Aktiv basisindkomst for kunstnere og freelancejournalister<\/h2><p><strong>K\u00fcnzelsau, 30. september 2020 - Hvad ville et land v\u00e6re uden sine digtere, t\u00e6nkere, musikere, malere, skuespillere, sangere, dansere, journalister, publicister og filmskabere? De bringer farver, gl\u00e6de, sp\u00f8rgsm\u00e5l, f\u00f8lelser, inspiration og visioner ind i vores liv. Men nu truer Corona-foranstaltningerne eksistensen for utallige selvst\u00e6ndige solo-iv\u00e6rks\u00e6ttere inden for kunst, kultur og kommunikation. Den statslige n\u00f8dhj\u00e6lp er helt utilstr\u00e6kkelig, og fremtiden er usikker. De ber\u00f8rte personer beder desperat om en redningspakke med et perspektiv. Den \"aktive basisindkomst\" har til form\u00e5l at opfylde dette \u00f8nske. En s\u00e5dan \"basisindkomst med fordele til geng\u00e6ld\" kan ikke blot forhindre, at krisen \u00f8del\u00e6gger levebr\u00f8det, men ogs\u00e5 endelig give kunst- og kulturarbejdere samt uafh\u00e6ngige mediemagere et solidt grundlag for at leve og arbejde p\u00e5 lang sigt. Gradido-modellen\" p\u00e5 akademiet af samme navn \u00f8nsker at skabe den ideelle grobund for kreativitet og skabergl\u00e6de og dermed redde en uundv\u00e6rlig del af vores samfund fra forfald.<\/strong><\/p><p>If\u00f8lge en nylig unders\u00f8gelse foretaget af den tyske journalistforening (DJV) har omkring 50 % af de freelancejournalister i \u00e5r haft s\u00e5 store tab, at de ikke l\u00e6ngere kan leve af det. Hver tredje freelancer i forfattergildet modtager i \u00f8jeblikket ingen opgaver. Blandt fotojournalisterne er hver anden uden indkomst. Kunstnere og kulturarbejdere er blevet ramt endnu h\u00e5rdere af den nuv\u00e6rende krise. En lang r\u00e6kke selvst\u00e6ndige kreative har st\u00e5et uden indkomst i m\u00e5nedsvis. Den kendte skuespiller og eftersynkronisator Frank R\u00f6th beskriver den aktuelle situation med eftertryk: \"Den lukning og m\u00e5nedlange lukning af teatre, scener og eftersynkroniseringsstudier, de aflyste eller p\u00e5 ubestemt tid udskudte optagelser, aflysninger af arrangementer og festivaler er en katastrofe for os og er lig med et erhvervsforbud.\"<\/p><p>Statsst\u00f8tten er ikke effektiv for langt st\u00f8rstedelen af de ber\u00f8rte personer. Det er imidlertid kun meget f\u00e5 akt\u00f8rer i kultursektoren, der har finansielle reserver. Utryghed er en del af hverdagen. Skuespillere falder ofte igennem alle spr\u00e6kker i social- og arbejdsretten. De har forretningsudgifter, men ikke noget fast forretningssted, er ansat p\u00e5 \"ul\u00f8nnet\" basis eller betaler til arbejdsl\u00f8shedsforsikringen s\u00e5 uregelm\u00e6ssigt p\u00e5 grund af deres kortvarige engagementer, at de n\u00e6sten aldrig kan f\u00e5 ret til ydelser.<\/p><p>Allerede f\u00f8r Corona har mange kunstnere s\u00e5ledes skiftet fra engagement til engagement og levet under \"usikre forhold\". Ikke desto mindre har passionen for kreativt arbejde altid v\u00e6ret st\u00f8rre end jagten p\u00e5 \u00f8konomisk sikkerhed. Men denne indesp\u00e6rring og de deraf f\u00f8lgende konsekvenser f\u00f8rer nu til \u00f8konomiske problemer, som kun nogle f\u00e5 kulturarbejdere kan klare alene. R\u00f6th (61), der er far til fire b\u00f8rn, har klaret mange vanskelige faser i sin karriere med succes. Men nu dukker der et helt nyt problem op: \"Mange skuespillere h\u00f8rer nu til 'risikogruppen' p\u00e5 grund af deres alder. Som f\u00f8lge heraf er deres engagement for produktionsselskaberne forbundet med latterlige forsikringspr\u00e6mier for misligholdelse. Derfor bliver roller for skuespillere over 60 \u00e5r simpelthen skrevet ud af manuskriptet eller omskrevet til yngre karakterer.\"<\/p><p>Der er ikke udsigt til normalt arbejde i kunst- og kultursektoren p\u00e5 grund af de sk\u00e6rpede restriktioner i lyset af den forest\u00e5ende vinter. Regeringens n\u00f8dhj\u00e6lp er utilstr\u00e6kkelig, og fremtiden er derfor if\u00f8lge R\u00f6th yderst usikker: \"Da forbundsregeringen tydeligvis ikke har nogen exit-strategi, er der heller ikke noget perspektiv p\u00e5, hvorn\u00e5r og om en tilbagevenden til en selvbestemmende (faglig) hverdag igen er mulig.\"<\/p><p><strong>Aktiv basisindkomst skaber et grundlag for at leve og arbejde<\/strong><br \/>Hvis man skal tro eksperterne i Business Bionics fra Gradido Academy, rummer den nuv\u00e6rende \u00f8konomiske og finansielle krise ogs\u00e5 en chance for at rette op p\u00e5 strukturer, der l\u00e6nge har haft behov for en grundl\u00e6ggende oml\u00e6gning. De usikre eksistensvilk\u00e5r i medierne og vores kultursektor er helt sikkert en af dem. Her skal vi skabe et grundlag, der g\u00f8r det muligt at arbejde kreativt uden eksistentiel angst. En \"aktiv basisindkomst\" kunne ikke blot afhj\u00e6lpe krisens fatale virkninger, men kunne ogs\u00e5 give dem, der arbejder inden for kunst, kultur og medier i vores land, et mere solidt grundlag for at leve og arbejde p\u00e5 lang sigt og dermed en stabil grobund for kreativitet.<\/p><p>I mere end 20 \u00e5r har Gradido Academy unders\u00f8gt sp\u00f8rgsm\u00e5let om, hvad \u00f8konomien kan l\u00e6re af naturen. Resultatet af denne omfattende forskning kan findes i den nye \u00f8konomiske og finansielle model omkring den f\u00e6lles gode valuta \"Gradido\". Form\u00e5let er at give mennesker verden over et sikkert levebr\u00f8d og g\u00f8re livs- og arbejdslivet mere varieret og tilfredsstillende. If\u00f8lge Bernd H\u00fcckst\u00e4dt, medstifter af akademiet, er den \"aktive basisindkomst\" et centralt element i Gradido-modellen: \"Alle mennesker kan opn\u00e5 en \"aktiv basisindkomst\" med aktiviteter, som de selv v\u00e6lger til gavn for f\u00e6llesskabet. Her er kunstneriske og kreative f\u00e6rdigheder lige s\u00e5 uundv\u00e6rlige som praktiske og sociale opgaver. For hver person er der 1 000 Gradido (GDD) til r\u00e5dighed hver m\u00e5ned som en basisindkomst. En Gradido svarer til v\u00e6rdien af en euro. H\u00f8jst 50 timer pr. m\u00e5ned afl\u00f8nnes med 20 GDD pr. time. Dette bel\u00f8b er et grundbel\u00f8b ud over andre indkomstkilder. Alles levebr\u00f8d er s\u00e5ledes sikret, og selv kunst og kultur er ikke l\u00e6ngere n\u00e6sten automatisk forbundet med eksistentielle bekymringer.\"<\/p><p>Gradido-modellen giver skuespiller R\u00f6th og hans kolleger nyt h\u00e5b: \"I tider som disse ville en form for basisindkomst v\u00e6re en stor hj\u00e6lp og st\u00f8tte. Gradido-modellen er helt sikkert en af de mest radikale og utopiske tilgange til et nyt \u00f8konomisk og finansielt system, men hvad mere har vi brug for i dag end utopier? Vi b\u00f8r seri\u00f8st diskutere denne nye m\u00e5de, for den kan ikke kun redde kunsten, men ogs\u00e5 vise sig at v\u00e6re velegnet til b\u00f8rneb\u00f8rn.\"<\/p><p>N\u00e6rmere oplysninger om hele \"Gradido-modellen\" findes p\u00e5 <a href=\"https:\/\/gradido.net\/da\/\">https:\/\/gradido.net<\/a><\/p><p><!-- \/wp:paragraph --><\/p>\t\t\t\t\t\t\t\t<\/div>\n\t\t\t\t<\/div>\n\t\t\t\t<div class=\"elementor-element elementor-element-6fa6293 elementor-widget elementor-widget-image\" data-id=\"6fa6293\" data-element_type=\"widget\" data-e-type=\"widget\" data-widget_type=\"image.default\">\n\t\t\t\t<div class=\"elementor-widget-container\">\n\t\t\t\t\t\t\t\t\t\t\t\t\t\t\t<img fetchpriority=\"high\" decoding=\"async\" width=\"500\" height=\"750\" src=\"https:\/\/gradido.net\/wp-content\/uploads\/2020\/09\/frank-roeth.jpg\" class=\"attachment-medium_large size-medium_large wp-image-914\" alt=\"\" srcset=\"https:\/\/gradido.net\/wp-content\/uploads\/2020\/09\/frank-roeth.jpg 500w, https:\/\/gradido.net\/wp-content\/uploads\/2020\/09\/frank-roeth-200x300.jpg 200w\" sizes=\"(max-width: 500px) 100vw, 500px\" \/>\t\t\t\t\t\t\t\t\t\t\t\t\t\t\t<\/div>\n\t\t\t\t<\/div>\n\t\t\t\t<div class=\"elementor-element elementor-element-1eb7204 elementor-widget elementor-widget-text-editor\" data-id=\"1eb7204\" data-element_type=\"widget\" data-e-type=\"widget\" data-widget_type=\"text-editor.default\">\n\t\t\t\t<div class=\"elementor-widget-container\">\n\t\t\t\t\t\t\t\t\t<p>Frank R\u00f6th har arbejdet som skuespiller i over 30 \u00e5r. Han begejstrer publikum og kritikere ikke kun foran kameraet (f.eks. som Josefine Preu\u00df' overbebyrdede far i den succesfulde Lotta-serie p\u00e5 ZDF), men ogs\u00e5 som en af Tysklands mest travle eftersynkroniserede skuespillere (Ziemlich beste Freunde, Harry Potter og mange flere). I 2013 blev han tildelt den tyske boghandels lydbogspris. (Billedtekst: Christian Hartmann)<\/p>\t\t\t\t\t\t\t\t<\/div>\n\t\t\t\t<\/div>\n\t\t\t\t<div class=\"elementor-element elementor-element-e9ff241 elementor-widget elementor-widget-text-editor\" data-id=\"e9ff241\" data-element_type=\"widget\" data-e-type=\"widget\" data-widget_type=\"text-editor.default\">\n\t\t\t\t<div class=\"elementor-widget-container\">\n\t\t\t\t\t\t\t\t\t<p><strong>Om Gradido Academy<\/strong><br>Gradido Academy for Economic Bionics har udviklet en alternativ \"f\u00e6lles god valuta\", der er inspireret af naturen. Naturen f\u00f8lger reglen om, at kun hvor noget g\u00e5r bort, kan noget nyt opst\u00e5, og dermed er langsigtet forbedring (evolution) mulig. Dens opskrift p\u00e5 succes er \"livets cyklus\". Hvis vores \u00f8konomi ogs\u00e5 fulgte denne naturlige cyklus, ville det if\u00f8lge de \u00f8konomiske bionikere l\u00f8se stort set alle verdens pengeproblemer. Gradido-modellen er baseret p\u00e5 den id\u00e9, at ikke kun hver enkelt person, men ogs\u00e5 hver enkelt stat modtager en indkomst, der er oprettet p\u00e5 kreditbasis. P\u00e5 den m\u00e5de kan den udf\u00f8re alle sine opgaver uden at opkr\u00e6ve skatter. Deflation og inflation h\u00f8rer fortiden til. \u00d8konomien er befriet fra det konstante pres for at vokse, og faren for et kollaps af det finansielle system er endelig afv\u00e6rget. (<a href=\"https:\/\/gradido.net\/da\/\">www.gradido.net<\/a>)<\/p>\t\t\t\t\t\t\t\t<\/div>\n\t\t\t\t<\/div>\n\t\t\t\t\t<\/div>\n\t\t<\/div>\n\t\t\t\t\t<\/div>\n\t\t<\/section>\n\t\t\t\t<\/div>","protected":false},"excerpt":{"rendered":"<p>Aktives Grundeinkommen f\u00fcr K\u00fcnstler und freie Journalisten K\u00fcnzelsau, 30. September 2020 \u2013 Was w\u00e4re ein Land ohne seine Dichter, Denker, Musiker, Maler, Schauspieler, S\u00e4nger, T\u00e4nzer, Journalisten, Publizisten und Filmemacher? Sie bringen Farbe, Freude, Fragen, Gef\u00fchle, Inspiration und Visionen in unser Leben. Nun aber bedrohen die Corona-Ma\u00dfnahmen die Existenz unz\u00e4hliger Solo-Selbstst\u00e4ndiger aus Kunst, Kultur und Kommunikation. [&hellip;]<\/p>\n","protected":false},"author":1,"featured_media":921,"comment_status":"closed","ping_status":"closed","sticky":false,"template":"","format":"standard","meta":{"footnotes":""},"categories":[8],"tags":[],"class_list":["post-910","post","type-post","status-publish","format-standard","has-post-thumbnail","hentry","category-pressemitteilung"],"yoast_head":"<!-- This site is optimized with the Yoast SEO plugin v27.5 - https:\/\/yoast.com\/product\/yoast-seo-wordpress\/ -->\n<title>Endlich Sicherheit mit Perspektive - Gradido<\/title>\n<meta name=\"robots\" content=\"index, follow, max-snippet:-1, max-image-preview:large, max-video-preview:-1\" \/>\n<link rel=\"canonical\" href=\"https:\/\/gradido.net\/da\/endlich-sicherheit-mit-perspektive\/\" \/>\n<meta property=\"og:locale\" content=\"da_DK\" \/>\n<meta property=\"og:type\" content=\"article\" \/>\n<meta property=\"og:title\" content=\"Endlich Sicherheit mit Perspektive - Gradido\" \/>\n<meta property=\"og:description\" content=\"Aktives Grundeinkommen f\u00fcr K\u00fcnstler und freie Journalisten K\u00fcnzelsau, 30. September 2020 \u2013 Was w\u00e4re ein Land ohne seine Dichter, Denker, Musiker, Maler, Schauspieler, S\u00e4nger, T\u00e4nzer, Journalisten, Publizisten und Filmemacher? Sie bringen Farbe, Freude, Fragen, Gef\u00fchle, Inspiration und Visionen in unser Leben. Nun aber bedrohen die Corona-Ma\u00dfnahmen die Existenz unz\u00e4hliger Solo-Selbstst\u00e4ndiger aus Kunst, Kultur und Kommunikation. [&hellip;]\" \/>\n<meta property=\"og:url\" content=\"https:\/\/gradido.net\/da\/endlich-sicherheit-mit-perspektive\/\" \/>\n<meta property=\"og:site_name\" content=\"Gradido\" \/>\n<meta property=\"article:published_time\" content=\"2020-09-30T21:01:23+00:00\" \/>\n<meta property=\"article:modified_time\" content=\"2021-12-11T08:20:17+00:00\" \/>\n<meta property=\"og:image\" content=\"https:\/\/gradido.net\/wp-content\/uploads\/2020\/09\/endlich-sicherheit-mit-perspektive-pressemitteilung.jpg\" \/>\n\t<meta property=\"og:image:width\" content=\"1000\" \/>\n\t<meta property=\"og:image:height\" content=\"667\" \/>\n\t<meta property=\"og:image:type\" content=\"image\/jpeg\" \/>\n<meta name=\"author\" content=\"GR4dmin\" \/>\n<meta name=\"twitter:card\" content=\"summary_large_image\" \/>\n<meta name=\"twitter:label1\" content=\"Skrevet af\" \/>\n\t<meta name=\"twitter:data1\" content=\"GR4dmin\" \/>\n\t<meta name=\"twitter:label2\" content=\"Estimeret l\u00e6setid\" \/>\n\t<meta name=\"twitter:data2\" content=\"6 minutter\" \/>\n<script type=\"application\/ld+json\" class=\"yoast-schema-graph\">{\"@context\":\"https:\\\/\\\/schema.org\",\"@graph\":[{\"@type\":\"Article\",\"@id\":\"https:\\\/\\\/gradido.net\\\/tr\\\/endlich-sicherheit-mit-perspektive\\\/#article\",\"isPartOf\":{\"@id\":\"https:\\\/\\\/gradido.net\\\/tr\\\/endlich-sicherheit-mit-perspektive\\\/\"},\"author\":{\"name\":\"GR4dmin\",\"@id\":\"https:\\\/\\\/gradido.net\\\/de\\\/#\\\/schema\\\/person\\\/9f913f37a47e7a82ad686b58fc907588\"},\"headline\":\"Endlich Sicherheit mit Perspektive\",\"datePublished\":\"2020-09-30T21:01:23+00:00\",\"dateModified\":\"2021-12-11T08:20:17+00:00\",\"mainEntityOfPage\":{\"@id\":\"https:\\\/\\\/gradido.net\\\/tr\\\/endlich-sicherheit-mit-perspektive\\\/\"},\"wordCount\":1112,\"publisher\":{\"@id\":\"https:\\\/\\\/gradido.net\\\/de\\\/#organization\"},\"image\":{\"@id\":\"https:\\\/\\\/gradido.net\\\/tr\\\/endlich-sicherheit-mit-perspektive\\\/#primaryimage\"},\"thumbnailUrl\":\"https:\\\/\\\/gradido.net\\\/wp-content\\\/uploads\\\/2020\\\/09\\\/endlich-sicherheit-mit-perspektive-pressemitteilung.jpg\",\"articleSection\":[\"Pressemitteilung\"],\"inLanguage\":\"da-DK\"},{\"@type\":\"WebPage\",\"@id\":\"https:\\\/\\\/gradido.net\\\/tr\\\/endlich-sicherheit-mit-perspektive\\\/\",\"url\":\"https:\\\/\\\/gradido.net\\\/tr\\\/endlich-sicherheit-mit-perspektive\\\/\",\"name\":\"Endlich Sicherheit mit Perspektive - Gradido\",\"isPartOf\":{\"@id\":\"https:\\\/\\\/gradido.net\\\/de\\\/#website\"},\"primaryImageOfPage\":{\"@id\":\"https:\\\/\\\/gradido.net\\\/tr\\\/endlich-sicherheit-mit-perspektive\\\/#primaryimage\"},\"image\":{\"@id\":\"https:\\\/\\\/gradido.net\\\/tr\\\/endlich-sicherheit-mit-perspektive\\\/#primaryimage\"},\"thumbnailUrl\":\"https:\\\/\\\/gradido.net\\\/wp-content\\\/uploads\\\/2020\\\/09\\\/endlich-sicherheit-mit-perspektive-pressemitteilung.jpg\",\"datePublished\":\"2020-09-30T21:01:23+00:00\",\"dateModified\":\"2021-12-11T08:20:17+00:00\",\"breadcrumb\":{\"@id\":\"https:\\\/\\\/gradido.net\\\/tr\\\/endlich-sicherheit-mit-perspektive\\\/#breadcrumb\"},\"inLanguage\":\"da-DK\",\"potentialAction\":[{\"@type\":\"ReadAction\",\"target\":[\"https:\\\/\\\/gradido.net\\\/tr\\\/endlich-sicherheit-mit-perspektive\\\/\"]}]},{\"@type\":\"ImageObject\",\"inLanguage\":\"da-DK\",\"@id\":\"https:\\\/\\\/gradido.net\\\/tr\\\/endlich-sicherheit-mit-perspektive\\\/#primaryimage\",\"url\":\"https:\\\/\\\/gradido.net\\\/wp-content\\\/uploads\\\/2020\\\/09\\\/endlich-sicherheit-mit-perspektive-pressemitteilung.jpg\",\"contentUrl\":\"https:\\\/\\\/gradido.net\\\/wp-content\\\/uploads\\\/2020\\\/09\\\/endlich-sicherheit-mit-perspektive-pressemitteilung.jpg\",\"width\":1000,\"height\":667},{\"@type\":\"BreadcrumbList\",\"@id\":\"https:\\\/\\\/gradido.net\\\/tr\\\/endlich-sicherheit-mit-perspektive\\\/#breadcrumb\",\"itemListElement\":[{\"@type\":\"ListItem\",\"position\":1,\"name\":\"Startseite\",\"item\":\"https:\\\/\\\/gradido.net\\\/\"},{\"@type\":\"ListItem\",\"position\":2,\"name\":\"Endlich Sicherheit mit Perspektive\"}]},{\"@type\":\"WebSite\",\"@id\":\"https:\\\/\\\/gradido.net\\\/de\\\/#website\",\"url\":\"https:\\\/\\\/gradido.net\\\/de\\\/\",\"name\":\"Gradido\",\"description\":\"Die neue W\u00e4hrung hei\u00dft Dankbarkeit\",\"publisher\":{\"@id\":\"https:\\\/\\\/gradido.net\\\/de\\\/#organization\"},\"potentialAction\":[{\"@type\":\"SearchAction\",\"target\":{\"@type\":\"EntryPoint\",\"urlTemplate\":\"https:\\\/\\\/gradido.net\\\/de\\\/?s={search_term_string}\"},\"query-input\":{\"@type\":\"PropertyValueSpecification\",\"valueRequired\":true,\"valueName\":\"search_term_string\"}}],\"inLanguage\":\"da-DK\"},{\"@type\":\"Organization\",\"@id\":\"https:\\\/\\\/gradido.net\\\/de\\\/#organization\",\"name\":\"Gradido\",\"url\":\"https:\\\/\\\/gradido.net\\\/de\\\/\",\"logo\":{\"@type\":\"ImageObject\",\"inLanguage\":\"da-DK\",\"@id\":\"https:\\\/\\\/gradido.net\\\/de\\\/#\\\/schema\\\/logo\\\/image\\\/\",\"url\":\"https:\\\/\\\/gradido.net\\\/wp-content\\\/uploads\\\/2022\\\/04\\\/gradido-social.jpg\",\"contentUrl\":\"https:\\\/\\\/gradido.net\\\/wp-content\\\/uploads\\\/2022\\\/04\\\/gradido-social.jpg\",\"width\":527,\"height\":273,\"caption\":\"Gradido\"},\"image\":{\"@id\":\"https:\\\/\\\/gradido.net\\\/de\\\/#\\\/schema\\\/logo\\\/image\\\/\"}},{\"@type\":\"Person\",\"@id\":\"https:\\\/\\\/gradido.net\\\/de\\\/#\\\/schema\\\/person\\\/9f913f37a47e7a82ad686b58fc907588\",\"name\":\"GR4dmin\",\"sameAs\":[\"https:\\\/\\\/gradido.net\"],\"url\":\"https:\\\/\\\/gradido.net\\\/da\\\/author\\\/gr4dmin\\\/\"}]}<\/script>\n<!-- \/ Yoast SEO plugin. -->","yoast_head_json":{"title":"Endelig sikkerhed med perspektiv - Gradido","robots":{"index":"index","follow":"follow","max-snippet":"max-snippet:-1","max-image-preview":"max-image-preview:large","max-video-preview":"max-video-preview:-1"},"canonical":"https:\/\/gradido.net\/da\/endlich-sicherheit-mit-perspektive\/","og_locale":"da_DK","og_type":"article","og_title":"Endlich Sicherheit mit Perspektive - Gradido","og_description":"Aktives Grundeinkommen f\u00fcr K\u00fcnstler und freie Journalisten K\u00fcnzelsau, 30. September 2020 \u2013 Was w\u00e4re ein Land ohne seine Dichter, Denker, Musiker, Maler, Schauspieler, S\u00e4nger, T\u00e4nzer, Journalisten, Publizisten und Filmemacher? Sie bringen Farbe, Freude, Fragen, Gef\u00fchle, Inspiration und Visionen in unser Leben. Nun aber bedrohen die Corona-Ma\u00dfnahmen die Existenz unz\u00e4hliger Solo-Selbstst\u00e4ndiger aus Kunst, Kultur und Kommunikation. [&hellip;]","og_url":"https:\/\/gradido.net\/da\/endlich-sicherheit-mit-perspektive\/","og_site_name":"Gradido","article_published_time":"2020-09-30T21:01:23+00:00","article_modified_time":"2021-12-11T08:20:17+00:00","og_image":[{"width":1000,"height":667,"url":"https:\/\/gradido.net\/wp-content\/uploads\/2020\/09\/endlich-sicherheit-mit-perspektive-pressemitteilung.jpg","type":"image\/jpeg"}],"author":"GR4dmin","twitter_card":"summary_large_image","twitter_misc":{"Skrevet af":"GR4dmin","Estimeret l\u00e6setid":"6 minutter"},"schema":{"@context":"https:\/\/schema.org","@graph":[{"@type":"Article","@id":"https:\/\/gradido.net\/tr\/endlich-sicherheit-mit-perspektive\/#article","isPartOf":{"@id":"https:\/\/gradido.net\/tr\/endlich-sicherheit-mit-perspektive\/"},"author":{"name":"GR4dmin","@id":"https:\/\/gradido.net\/de\/#\/schema\/person\/9f913f37a47e7a82ad686b58fc907588"},"headline":"Endlich Sicherheit mit Perspektive","datePublished":"2020-09-30T21:01:23+00:00","dateModified":"2021-12-11T08:20:17+00:00","mainEntityOfPage":{"@id":"https:\/\/gradido.net\/tr\/endlich-sicherheit-mit-perspektive\/"},"wordCount":1112,"publisher":{"@id":"https:\/\/gradido.net\/de\/#organization"},"image":{"@id":"https:\/\/gradido.net\/tr\/endlich-sicherheit-mit-perspektive\/#primaryimage"},"thumbnailUrl":"https:\/\/gradido.net\/wp-content\/uploads\/2020\/09\/endlich-sicherheit-mit-perspektive-pressemitteilung.jpg","articleSection":["Pressemitteilung"],"inLanguage":"da-DK"},{"@type":"WebPage","@id":"https:\/\/gradido.net\/tr\/endlich-sicherheit-mit-perspektive\/","url":"https:\/\/gradido.net\/tr\/endlich-sicherheit-mit-perspektive\/","name":"Endelig sikkerhed med perspektiv - Gradido","isPartOf":{"@id":"https:\/\/gradido.net\/de\/#website"},"primaryImageOfPage":{"@id":"https:\/\/gradido.net\/tr\/endlich-sicherheit-mit-perspektive\/#primaryimage"},"image":{"@id":"https:\/\/gradido.net\/tr\/endlich-sicherheit-mit-perspektive\/#primaryimage"},"thumbnailUrl":"https:\/\/gradido.net\/wp-content\/uploads\/2020\/09\/endlich-sicherheit-mit-perspektive-pressemitteilung.jpg","datePublished":"2020-09-30T21:01:23+00:00","dateModified":"2021-12-11T08:20:17+00:00","breadcrumb":{"@id":"https:\/\/gradido.net\/tr\/endlich-sicherheit-mit-perspektive\/#breadcrumb"},"inLanguage":"da-DK","potentialAction":[{"@type":"ReadAction","target":["https:\/\/gradido.net\/tr\/endlich-sicherheit-mit-perspektive\/"]}]},{"@type":"ImageObject","inLanguage":"da-DK","@id":"https:\/\/gradido.net\/tr\/endlich-sicherheit-mit-perspektive\/#primaryimage","url":"https:\/\/gradido.net\/wp-content\/uploads\/2020\/09\/endlich-sicherheit-mit-perspektive-pressemitteilung.jpg","contentUrl":"https:\/\/gradido.net\/wp-content\/uploads\/2020\/09\/endlich-sicherheit-mit-perspektive-pressemitteilung.jpg","width":1000,"height":667},{"@type":"BreadcrumbList","@id":"https:\/\/gradido.net\/tr\/endlich-sicherheit-mit-perspektive\/#breadcrumb","itemListElement":[{"@type":"ListItem","position":1,"name":"Startseite","item":"https:\/\/gradido.net\/"},{"@type":"ListItem","position":2,"name":"Endlich Sicherheit mit Perspektive"}]},{"@type":"WebSite","@id":"https:\/\/gradido.net\/de\/#website","url":"https:\/\/gradido.net\/de\/","name":"Gradido","description":"Den nye valuta er taknemmelighed","publisher":{"@id":"https:\/\/gradido.net\/de\/#organization"},"potentialAction":[{"@type":"SearchAction","target":{"@type":"EntryPoint","urlTemplate":"https:\/\/gradido.net\/de\/?s={search_term_string}"},"query-input":{"@type":"PropertyValueSpecification","valueRequired":true,"valueName":"search_term_string"}}],"inLanguage":"da-DK"},{"@type":"Organization","@id":"https:\/\/gradido.net\/de\/#organization","name":"Gradido","url":"https:\/\/gradido.net\/de\/","logo":{"@type":"ImageObject","inLanguage":"da-DK","@id":"https:\/\/gradido.net\/de\/#\/schema\/logo\/image\/","url":"https:\/\/gradido.net\/wp-content\/uploads\/2022\/04\/gradido-social.jpg","contentUrl":"https:\/\/gradido.net\/wp-content\/uploads\/2022\/04\/gradido-social.jpg","width":527,"height":273,"caption":"Gradido"},"image":{"@id":"https:\/\/gradido.net\/de\/#\/schema\/logo\/image\/"}},{"@type":"Person","@id":"https:\/\/gradido.net\/de\/#\/schema\/person\/9f913f37a47e7a82ad686b58fc907588","name":"GR4dmin","sameAs":["https:\/\/gradido.net"],"url":"https:\/\/gradido.net\/da\/author\/gr4dmin\/"}]}},"_links":{"self":[{"href":"https:\/\/gradido.net\/da\/wp-json\/wp\/v2\/posts\/910","targetHints":{"allow":["GET"]}}],"collection":[{"href":"https:\/\/gradido.net\/da\/wp-json\/wp\/v2\/posts"}],"about":[{"href":"https:\/\/gradido.net\/da\/wp-json\/wp\/v2\/types\/post"}],"author":[{"embeddable":true,"href":"https:\/\/gradido.net\/da\/wp-json\/wp\/v2\/users\/1"}],"replies":[{"embeddable":true,"href":"https:\/\/gradido.net\/da\/wp-json\/wp\/v2\/comments?post=910"}],"version-history":[{"count":8,"href":"https:\/\/gradido.net\/da\/wp-json\/wp\/v2\/posts\/910\/revisions"}],"predecessor-version":[{"id":3733,"href":"https:\/\/gradido.net\/da\/wp-json\/wp\/v2\/posts\/910\/revisions\/3733"}],"wp:featuredmedia":[{"embeddable":true,"href":"https:\/\/gradido.net\/da\/wp-json\/wp\/v2\/media\/921"}],"wp:attachment":[{"href":"https:\/\/gradido.net\/da\/wp-json\/wp\/v2\/media?parent=910"}],"wp:term":[{"taxonomy":"category","embeddable":true,"href":"https:\/\/gradido.net\/da\/wp-json\/wp\/v2\/categories?post=910"},{"taxonomy":"post_tag","embeddable":true,"href":"https:\/\/gradido.net\/da\/wp-json\/wp\/v2\/tags?post=910"}],"curies":[{"name":"wp","href":"https:\/\/api.w.org\/{rel}","templated":true}]}}