{"id":1011,"date":"2020-10-30T11:29:07","date_gmt":"2020-10-30T10:29:07","guid":{"rendered":"https:\/\/gradido.net\/?p=1011"},"modified":"2021-12-11T12:59:49","modified_gmt":"2021-12-11T11:59:49","slug":"gemeinwohlkonzept-trotzt-epidemie-der-einsamkeit","status":"publish","type":"post","link":"https:\/\/gradido.net\/de\/gemeinwohlkonzept-trotzt-epidemie-der-einsamkeit\/","title":{"rendered":"Gemeinwohlkonzept trotzt Epidemie der Einsamkeit"},"content":{"rendered":"\t\t<div data-elementor-type=\"wp-post\" data-elementor-id=\"1011\" class=\"elementor elementor-1011\" data-elementor-post-type=\"post\">\n\t\t\t\t\t\t<section class=\"elementor-section elementor-top-section elementor-element elementor-element-496e1d53 elementor-section-boxed elementor-section-height-default elementor-section-height-default\" data-id=\"496e1d53\" data-element_type=\"section\" data-e-type=\"section\">\n\t\t\t\t\t\t<div class=\"elementor-container elementor-column-gap-default\">\n\t\t\t\t\t<div class=\"elementor-column elementor-col-100 elementor-top-column elementor-element elementor-element-461d7be0\" data-id=\"461d7be0\" data-element_type=\"column\" data-e-type=\"column\">\n\t\t\t<div class=\"elementor-widget-wrap elementor-element-populated\">\n\t\t\t\t\t\t<div class=\"elementor-element elementor-element-cd9ebe2 elementor-widget elementor-widget-text-editor\" data-id=\"cd9ebe2\" data-element_type=\"widget\" data-e-type=\"widget\" data-widget_type=\"text-editor.default\">\n\t\t\t\t<div class=\"elementor-widget-container\">\n\t\t\t\t\t\t\t\t\t<h2>Tsunami psychischer Erkrankungen stoppen<\/h2><p><b>K\u00fcnzelsau, 30. Oktober 2020 \u2013 Psychiater der renommierten Harvard-Universit\u00e4t sind alarmiert. In Folge der Corona-Ma\u00dfnahmen erwarten sie einen \u201eweltweiten Tsunami psychischer Erkrankungen\u201c. Zukunftsforscher rechnen mit einer \u201eEpidemie der Einsamkeit\u201c, die junge wie alte Menschen psychisch krank machen k\u00f6nnte. Die Experten der Nationalakademie der Wissenschaften Leopoldina empfehlen zur Bew\u00e4ltigung der prognostizierten psychischen Langzeit-Folgen eine Erweiterung des Behandlungsangebots. Die Gradido-Akademie f\u00fcr Wirtschaftsbionik hingegen verfolgt mit ihrem Gemeinwohl-Konzept einen ganz grundlegenden Ansatz, um psychische und physische Gesundheit dauerhaft zu st\u00e4rken. Das Gradido-Modell f\u00f6rdert ein menschenw\u00fcrdiges Zusammenleben, das in Krisen Kraft schenken kann, das Immunsystem st\u00e4rkt \u2013 und auch \u00e4ltere Menschen explizit in die Gemeinschaft einbindet. <\/b><\/p><h4>Welle psychischer Erkrankungen rollt an<\/h4><p>Der international bekannte Psychiater der Harvard Medical School, Viktor Patel, hat auf der Online-Konferenz der Europ\u00e4ischen Gesellschaft f\u00fcr klinische Mikrobiologie und Infektionskrankheiten vor einem \u201eweltweiten Tsunami schwerer psychischer Leiden\u201c infolge der verordneten Isolation und Angst gewarnt. Auch Katharina Domschke, die als Psychiaterin und Direktorin der Klinik f\u00fcr Psychiatrie und Psychotherapie der Universit\u00e4t Freiburg in der Corona-Arbeitsgruppe der Leopoldina vertreten war, berichtet, dass \u201ealle Studien bisher sagen, dass eine dritte Welle zu erwarten ist, die der psychischen Erkrankungen\u201c. Die deutsche Bundestherapeutenkammer sowie irische Wissenschaftler rechnen ersten Studien zufolge mit \u00e4hnlichen Szenarien.<\/p><h4>Epidemie der Einsamkeit<\/h4><p>Kontakte sind gerade f\u00fcr \u00e4ltere Menschen nachweislich eine \u00fcberaus wichtige Ressource, die den Alltag strukturiert und sowohl die psychische als auch die physische Gesundheit st\u00e4rkt. Zugeh\u00f6rigkeit, menschliche W\u00e4rme und das Gef\u00fchl, gebraucht zu werden, machen gl\u00fccklich. \u201eBegeisterung ist D\u00fcnger f\u00fcrs Gehirn\u201c, unterstreicht der international bekannte Neurobiologe Gerald H\u00fcther. Sie h\u00e4lt uns bis ins hohe Alter fit, st\u00e4rkt unser Immunsystem und l\u00e4sst uns l\u00e4nger leben. Durch die Kontaktbeschr\u00e4nkungen aber leben immer mehr Menschen allein in ihren vier W\u00e4nden. \u201eDie Zahl der Menschen fast ohne jeden menschlichen Kontakt in einer Gro\u00dfstadt ist gr\u00f6\u00dfer als man denkt&#8221;, so der Leiter des Fachbereichs Beratung und Seelsorge beim Diakonischen Werk Hamburg, Stefan Deutschmann.<\/p><h4>Sorge vor Vereinsamung<\/h4><p>Der Hamburger Zukunftsforscher Horst Opaschowski warnt vor einer regelrechten \u201eEpidemie der Einsamkeit\u201c. In einer repr\u00e4sentativen Umfrage hat er ermittelt, dass die Sorge vor Vereinsamung beinahe genauso verbreitet ist wie die Angst vor Altersarmut. Opaschowski prophezeit demzufolge, \u201edass die gr\u00f6\u00dfte Armut im Alter k\u00fcnftig die Kontaktarmut sein wird. Die Grenzen von Einsamkeit, Depressionen und psychischen Erkrankungen sind flie\u00dfend\u201c.<\/p><h4>Angst und Isolation<\/h4><p>Die Bundespsychotherapeutenkammer hatte bereits im August auf die Gefahr hingewiesen, dass \u201eneben Depressionen und Angstst\u00f6rungen, akuten und posttraumatischen Belastungsst\u00f6rungen auch Alkohol- und Medikamentenabh\u00e4ngigkeit, Zwangsst\u00f6rungen und Psychosen zunehmen k\u00f6nnen\u201c. Kammerpr\u00e4sident Dietrich Munz sieht hier besonders \u00e4ltere Menschen gef\u00e4hrdet: \u201eBei vielen, die 75 Jahre und \u00e4lter sind, wird aus der Angst, sich anzustecken, nicht selten Todesangst und aus R\u00fcckzug totale Isolation. Am Ende qu\u00e4len sie sich mit der Erwartung, wegen Corona allein zu sterben\u201c. Auf Grund des gef\u00fcrchteten Nocebo-Effekts sterben viele dann auch tats\u00e4chlich fr\u00fcher.<\/p><h4>Gradido-Modell schafft neues Lebensgef\u00fchl<\/h4><p>Die psychische und physische Gesundheit zu st\u00e4rken und Menschen aller Generationen ein erf\u00fclltes Zusammenleben und einen lebendigen Austausch zu erm\u00f6glichen, ist erkl\u00e4rtes Ziel der Gradido-Akademie. Seit mehr als 20 Jahren forschen Wirtschaftsbioniker dort nach jenen Erfolgsmodellen der Natur, die sich auf die menschliche Gesellschaft \u00fcbertragen lassen. Die Gemeinwohlw\u00e4hrung Gradido ist weit mehr als \u201anur\u2018 ein neues Geldsystem. Im Gegensatz zum alten Finanzsystem, das Mensch und Natur zerst\u00f6rt, folgt Gradido den Naturgesetzen und l\u00e4sst Menschen aller Altersgruppen wieder zu Kraft kommen.<\/p><h4>Das Gradido-Modell<\/h4><p>Eine der bedeutendsten Erkenntnisse beschreibt Bernd H\u00fcckst\u00e4dt, Mitbegr\u00fcnder der Akademie, wie folgt: \u201eIm alten Finanzsystem, wo die Guthaben des einen zwangsl\u00e4ufig die Schulden von anderen sind, befinden wir uns im Krieg gegen Mensch und Natur. Ein fruchtbares Zusammenleben aller Generationen aber kann nur im Einklang mit der Natur funktionieren\u201c. Das Gradido-Wirtschafts- und Finanzmodell verabschiedet sich daher vom Schuldgeldprinzip und schafft so eine gesunde Basis f\u00fcr ein w\u00fcrdevolles Leben aller Menschen weltweit. \u201eDie Menschen k\u00f6nnen sich frei von Existenz\u00e4ngsten mit ihren Neigungen und F\u00e4higkeiten in die Gemeinschaft einbringen. Das schafft Lebensfreude, stabilisiert die Psyche und st\u00e4rkt das Immunsystem\u201c, folgert H\u00fcckst\u00e4dt.<\/p><h4>Dreifaches Wohl und dreifache Geldsch\u00f6pfung<\/h4><p>Das ethische Grundprinzip von Gradido basiert darauf, das Wohl des Einzelnen mit dem der Gemeinschaft und dem gro\u00dfen Ganzen \u2013 im Sinne der Natur und Umwelt \u2013 in Einklang zu bringen. Der Einzelne ist Teil der Gemeinschaft, des Staates, und dieser wiederum Teil des \u201aGro\u00dfen Ganzen\u2018, des \u00d6kosystems. Pro Kopf werden demzufolge 3 \u00d7 1.000 Gradido gesch\u00f6pft. Jeweils 1.000 Gradido f\u00fcr das Aktive Grundeinkommen, f\u00fcr den Staatshaushalt und den Ausgleichs- und Umweltfonds.<\/p><h4>Aktives Grundeinkommen sichert Versorgung in jedem Alter<\/h4><p>Das \u201aAktive Grundeinkommen\u2018 entspringt der Idee der \u201aBedingungslosen Teilhabe\u2018. Wer es in Anspruch nehmen will, kann sich in jedem Alter mit seinen Talenten, Neigungen und M\u00f6glichkeiten in die Gemeinschaft einbringen. F\u00fcr jeden Menschen stehen monatlich 1.000 Gradido (GDD) der Gemeinwohlw\u00e4hrung als Grundeinkommen bereit. Ein Gradido entspricht dem Wert eines Euro. Pro Monat werden maximal 50 Stunden mit jeweils 20 GDD verg\u00fctet. Diese Summe versteht sich als Sockelbetrag, zus\u00e4tzlich zu anderen Einnahmequellen. Eine flexible Altersversorgung l\u00e4sst das Grundeinkommen auf monatliche 2.000 GDD steigen. So bleiben auch \u00e4ltere Menschen frei von Existenzangst.<\/p><h4>Bedingungslose Teilhabe schafft lebendige Gemeinschaft<\/h4><p>Jeder Mensch darf f\u00fcr das \u201aAktive Grundeinkommen\u2018 eine Aufgabe \u00fcbernehmen, die er gern erf\u00fcllt. Ohne Existenzangst kann jeder tun, was er oder sie von Herzen gerne tun m\u00f6chte \u2013 also der inneren Berufung folgen. Die so entstehende Begeisterung ist die beste Voraussetzung daf\u00fcr, auf allen Ebenen erfolgreich zu sein. Ein gro\u00dfer Teil der stressbedingten Erkrankungen k\u00f6nnte dadurch beseitigt werden. Einen \u00fcberaus positiven Effekt auf viele Alterserkrankungen birgt auch die Chance, bis zum Lebensende aktiver und wertgesch\u00e4tzter Teil der Gemeinschaft sein zu k\u00f6nnen. Einsamkeit sollte damit der Vergangenheit angeh\u00f6ren. Schon jetzt entwickeln junge und alte Menschen neuartige \u2013 gemeinsame \u2013 Wohnformen, bei denen jeder von der N\u00e4he des anderen profitiert \u2013 ein erfreulicher Trend, der sich durch die \u201aBedingungslose Teilhabe\u2018 weiter verst\u00e4rken wird.<\/p><h4>Coaching f\u00fcr Kommunikation<\/h4><p>Auch die \u00f6konomischen Vorteile sind immens: Beim \u201aAktiven Grundeinkommen\u2018 hat die Gemeinschaft gr\u00f6\u00dftes Interesse, jedes Mitglied bestm\u00f6glich zu f\u00f6rdern. Denn Menschen, die ihr h\u00f6chstes Potential entfalten, sind nicht nur ges\u00fcnder \u2013 sie bringen auch der Gemeinschaft den gr\u00f6\u00dften Nutzen. Wer gerne anderen hilft, kann sich im Rahmen der \u201aBedingungslosen Teilhabe\u2018 zum \u201aPotentialentfaltungscoach\u2018 ausbilden lassen. Er unterst\u00fctzt dann andere dabei, herauszufinden, was sie wirklich gerne tun, und r\u00e4umt m\u00f6gliche Hindernisse aus dem Weg. Potentialentfaltungscoaches erm\u00f6glichen z.B. auch Senioren, sich mit dem entsprechenden Support die digitale Welt zu erschlie\u00dfen \u2013 um im Fall k\u00fcnftiger Kontaktbeschr\u00e4nkungen leichter Verbindung halten zu k\u00f6nnen. Positiver Nebeneffekt: Aktuell entwickelt die Gradido-Akademie eine App, die es \u00e4lteren Menschen schon bald erm\u00f6glicht, einzugeben, welche Aufgaben sie f\u00fcr die Gemeinschaft leisten. Das k\u00f6nnte das Vorlesen f\u00fcr Kinder oder Freunde, Einkaufen f\u00fcr die Nachbarin oder die Starthilfe f\u00fcr Berufsanf\u00e4nger sein. Jede aufgewendete Stunde wird mit einem entsprechenden Gradido-Guthaben vergolten \u2013 f\u00fcr das gute und gesunde Gef\u00fchl, gebraucht und wertgesch\u00e4tzt zu werden.<\/p><p>Details zum vollst\u00e4ndigen \u201aGradido-Modell\u2019 unter <a href=\"https:\/\/gradido.net\">https:\/\/gradido.net<\/a><\/p><p><!-- \/wp:paragraph --><\/p>\t\t\t\t\t\t\t\t<\/div>\n\t\t\t\t<\/div>\n\t\t\t\t<div class=\"elementor-element elementor-element-e9ff241 elementor-widget elementor-widget-text-editor\" data-id=\"e9ff241\" data-element_type=\"widget\" data-e-type=\"widget\" data-widget_type=\"text-editor.default\">\n\t\t\t\t<div class=\"elementor-widget-container\">\n\t\t\t\t\t\t\t\t\t<p><strong>\u00dcber die Gradido-Akademie<\/strong><br \/>Die Gradido-Akademie f\u00fcr Wirtschaftsbionik hat eine alternative \u201aGemeinwohlw\u00e4hrung\u2018 entwickelt, die sich an den Vorbildern der Natur orientiert. Die Natur folgt der Regel, dass nur dort, wo etwas vergeht, Neues entstehen kann und so langfristige Verbesserung (Evolution) m\u00f6glich ist. Ihr Erfolgsrezept ist der \u201aKreislauf des Lebens\u2018. W\u00fcrde auch unsere Wirtschaft diesem nat\u00fcrlichen Kreislauf folgen, lie\u00dfen sich damit nach Einsch\u00e4tzung der Wirtschaftsbioniker praktisch alle geldbedingten Probleme der Welt l\u00f6sen. Das Gradido-Modell basiert auf der Idee, dass nicht nur jeder Mensch, sondern auch jeder Staat ein auf Guthabenbasis gesch\u00f6pftes Einkommen erh\u00e4lt. Er kann damit all seine Aufgaben erf\u00fcllen, ohne Steuern einzufordern. Deflation oder Inflation geh\u00f6ren der Vergangenheit an. Die Wirtschaft ist vom st\u00e4ndigen Wachstumszwang befreit, die Gefahr eines Kollabierens des Finanzsystems endg\u00fcltig gebannt. (<a href=\"https:\/\/gradido.net\">www.gradido.net<\/a>)<\/p>\t\t\t\t\t\t\t\t<\/div>\n\t\t\t\t<\/div>\n\t\t\t\t\t<\/div>\n\t\t<\/div>\n\t\t\t\t\t<\/div>\n\t\t<\/section>\n\t\t\t\t<\/div>\n\t\t","protected":false},"excerpt":{"rendered":"<p>Tsunami psychischer Erkrankungen stoppen K\u00fcnzelsau, 30. Oktober 2020 \u2013 Psychiater der renommierten Harvard-Universit\u00e4t sind alarmiert. In Folge der Corona-Ma\u00dfnahmen erwarten sie einen \u201eweltweiten Tsunami psychischer Erkrankungen\u201c. Zukunftsforscher rechnen mit einer \u201eEpidemie der Einsamkeit\u201c, die junge wie alte Menschen psychisch krank machen k\u00f6nnte. Die Experten der Nationalakademie der Wissenschaften Leopoldina empfehlen zur Bew\u00e4ltigung der prognostizierten psychischen [&hellip;]<\/p>\n","protected":false},"author":2,"featured_media":1013,"comment_status":"closed","ping_status":"closed","sticky":false,"template":"","format":"standard","meta":{"footnotes":""},"categories":[8],"tags":[],"class_list":["post-1011","post","type-post","status-publish","format-standard","has-post-thumbnail","hentry","category-pressemitteilung"],"yoast_head":"<!-- This site is optimized with the Yoast SEO plugin v27.5 - https:\/\/yoast.com\/product\/yoast-seo-wordpress\/ -->\n<title>Gemeinwohlkonzept trotzt Epidemie der Einsamkeit - Gradido<\/title>\n<meta name=\"robots\" content=\"index, follow, max-snippet:-1, max-image-preview:large, max-video-preview:-1\" \/>\n<link rel=\"canonical\" href=\"https:\/\/gradido.net\/de\/gemeinwohlkonzept-trotzt-epidemie-der-einsamkeit\/\" \/>\n<meta property=\"og:locale\" content=\"de_DE\" \/>\n<meta property=\"og:type\" content=\"article\" \/>\n<meta property=\"og:title\" content=\"Gemeinwohlkonzept trotzt Epidemie der Einsamkeit - Gradido\" \/>\n<meta property=\"og:description\" content=\"Tsunami psychischer Erkrankungen stoppen K\u00fcnzelsau, 30. Oktober 2020 \u2013 Psychiater der renommierten Harvard-Universit\u00e4t sind alarmiert. In Folge der Corona-Ma\u00dfnahmen erwarten sie einen \u201eweltweiten Tsunami psychischer Erkrankungen\u201c. Zukunftsforscher rechnen mit einer \u201eEpidemie der Einsamkeit\u201c, die junge wie alte Menschen psychisch krank machen k\u00f6nnte. Die Experten der Nationalakademie der Wissenschaften Leopoldina empfehlen zur Bew\u00e4ltigung der prognostizierten psychischen [&hellip;]\" \/>\n<meta property=\"og:url\" content=\"https:\/\/gradido.net\/de\/gemeinwohlkonzept-trotzt-epidemie-der-einsamkeit\/\" \/>\n<meta property=\"og:site_name\" content=\"Gradido\" \/>\n<meta property=\"article:published_time\" content=\"2020-10-30T10:29:07+00:00\" \/>\n<meta property=\"article:modified_time\" content=\"2021-12-11T11:59:49+00:00\" \/>\n<meta property=\"og:image\" content=\"https:\/\/gradido.net\/wp-content\/uploads\/2020\/10\/psyche_epedemie.jpg\" \/>\n\t<meta property=\"og:image:width\" content=\"1183\" \/>\n\t<meta property=\"og:image:height\" content=\"787\" \/>\n\t<meta property=\"og:image:type\" content=\"image\/jpeg\" \/>\n<meta name=\"author\" content=\"Bernd H\u00fcckst\u00e4dt\" \/>\n<meta name=\"twitter:card\" content=\"summary_large_image\" \/>\n<meta name=\"twitter:label1\" content=\"Verfasst von\" \/>\n\t<meta name=\"twitter:data1\" content=\"Bernd H\u00fcckst\u00e4dt\" \/>\n\t<meta name=\"twitter:label2\" content=\"Gesch\u00e4tzte Lesezeit\" \/>\n\t<meta name=\"twitter:data2\" content=\"7\u00a0Minuten\" \/>\n<script type=\"application\/ld+json\" class=\"yoast-schema-graph\">{\"@context\":\"https:\\\/\\\/schema.org\",\"@graph\":[{\"@type\":\"Article\",\"@id\":\"https:\\\/\\\/gradido.net\\\/cs\\\/gemeinwohlkonzept-trotzt-epidemie-der-einsamkeit\\\/#article\",\"isPartOf\":{\"@id\":\"https:\\\/\\\/gradido.net\\\/cs\\\/gemeinwohlkonzept-trotzt-epidemie-der-einsamkeit\\\/\"},\"author\":{\"name\":\"Bernd H\u00fcckst\u00e4dt\",\"@id\":\"https:\\\/\\\/gradido.net\\\/de\\\/#\\\/schema\\\/person\\\/9c503a004ad15a1ddecadce2218db5d1\"},\"headline\":\"Gemeinwohlkonzept trotzt Epidemie der Einsamkeit\",\"datePublished\":\"2020-10-30T10:29:07+00:00\",\"dateModified\":\"2021-12-11T11:59:49+00:00\",\"mainEntityOfPage\":{\"@id\":\"https:\\\/\\\/gradido.net\\\/cs\\\/gemeinwohlkonzept-trotzt-epidemie-der-einsamkeit\\\/\"},\"wordCount\":1354,\"publisher\":{\"@id\":\"https:\\\/\\\/gradido.net\\\/de\\\/#organization\"},\"image\":{\"@id\":\"https:\\\/\\\/gradido.net\\\/cs\\\/gemeinwohlkonzept-trotzt-epidemie-der-einsamkeit\\\/#primaryimage\"},\"thumbnailUrl\":\"https:\\\/\\\/gradido.net\\\/wp-content\\\/uploads\\\/2020\\\/10\\\/psyche_epedemie.jpg\",\"articleSection\":[\"Pressemitteilung\"],\"inLanguage\":\"de\"},{\"@type\":\"WebPage\",\"@id\":\"https:\\\/\\\/gradido.net\\\/cs\\\/gemeinwohlkonzept-trotzt-epidemie-der-einsamkeit\\\/\",\"url\":\"https:\\\/\\\/gradido.net\\\/cs\\\/gemeinwohlkonzept-trotzt-epidemie-der-einsamkeit\\\/\",\"name\":\"Gemeinwohlkonzept trotzt Epidemie der Einsamkeit - Gradido\",\"isPartOf\":{\"@id\":\"https:\\\/\\\/gradido.net\\\/de\\\/#website\"},\"primaryImageOfPage\":{\"@id\":\"https:\\\/\\\/gradido.net\\\/cs\\\/gemeinwohlkonzept-trotzt-epidemie-der-einsamkeit\\\/#primaryimage\"},\"image\":{\"@id\":\"https:\\\/\\\/gradido.net\\\/cs\\\/gemeinwohlkonzept-trotzt-epidemie-der-einsamkeit\\\/#primaryimage\"},\"thumbnailUrl\":\"https:\\\/\\\/gradido.net\\\/wp-content\\\/uploads\\\/2020\\\/10\\\/psyche_epedemie.jpg\",\"datePublished\":\"2020-10-30T10:29:07+00:00\",\"dateModified\":\"2021-12-11T11:59:49+00:00\",\"breadcrumb\":{\"@id\":\"https:\\\/\\\/gradido.net\\\/cs\\\/gemeinwohlkonzept-trotzt-epidemie-der-einsamkeit\\\/#breadcrumb\"},\"inLanguage\":\"de\",\"potentialAction\":[{\"@type\":\"ReadAction\",\"target\":[\"https:\\\/\\\/gradido.net\\\/cs\\\/gemeinwohlkonzept-trotzt-epidemie-der-einsamkeit\\\/\"]}]},{\"@type\":\"ImageObject\",\"inLanguage\":\"de\",\"@id\":\"https:\\\/\\\/gradido.net\\\/cs\\\/gemeinwohlkonzept-trotzt-epidemie-der-einsamkeit\\\/#primaryimage\",\"url\":\"https:\\\/\\\/gradido.net\\\/wp-content\\\/uploads\\\/2020\\\/10\\\/psyche_epedemie.jpg\",\"contentUrl\":\"https:\\\/\\\/gradido.net\\\/wp-content\\\/uploads\\\/2020\\\/10\\\/psyche_epedemie.jpg\",\"width\":1183,\"height\":787,\"caption\":\"Sad senior woman standing indoors by window at home, corona virus and quarantine concept.\"},{\"@type\":\"BreadcrumbList\",\"@id\":\"https:\\\/\\\/gradido.net\\\/cs\\\/gemeinwohlkonzept-trotzt-epidemie-der-einsamkeit\\\/#breadcrumb\",\"itemListElement\":[{\"@type\":\"ListItem\",\"position\":1,\"name\":\"Startseite\",\"item\":\"https:\\\/\\\/gradido.net\\\/\"},{\"@type\":\"ListItem\",\"position\":2,\"name\":\"Gemeinwohlkonzept trotzt Epidemie der Einsamkeit\"}]},{\"@type\":\"WebSite\",\"@id\":\"https:\\\/\\\/gradido.net\\\/de\\\/#website\",\"url\":\"https:\\\/\\\/gradido.net\\\/de\\\/\",\"name\":\"Gradido\",\"description\":\"Die neue W\u00e4hrung hei\u00dft Dankbarkeit\",\"publisher\":{\"@id\":\"https:\\\/\\\/gradido.net\\\/de\\\/#organization\"},\"potentialAction\":[{\"@type\":\"SearchAction\",\"target\":{\"@type\":\"EntryPoint\",\"urlTemplate\":\"https:\\\/\\\/gradido.net\\\/de\\\/?s={search_term_string}\"},\"query-input\":{\"@type\":\"PropertyValueSpecification\",\"valueRequired\":true,\"valueName\":\"search_term_string\"}}],\"inLanguage\":\"de\"},{\"@type\":\"Organization\",\"@id\":\"https:\\\/\\\/gradido.net\\\/de\\\/#organization\",\"name\":\"Gradido\",\"url\":\"https:\\\/\\\/gradido.net\\\/de\\\/\",\"logo\":{\"@type\":\"ImageObject\",\"inLanguage\":\"de\",\"@id\":\"https:\\\/\\\/gradido.net\\\/de\\\/#\\\/schema\\\/logo\\\/image\\\/\",\"url\":\"https:\\\/\\\/gradido.net\\\/wp-content\\\/uploads\\\/2022\\\/04\\\/gradido-social.jpg\",\"contentUrl\":\"https:\\\/\\\/gradido.net\\\/wp-content\\\/uploads\\\/2022\\\/04\\\/gradido-social.jpg\",\"width\":527,\"height\":273,\"caption\":\"Gradido\"},\"image\":{\"@id\":\"https:\\\/\\\/gradido.net\\\/de\\\/#\\\/schema\\\/logo\\\/image\\\/\"}},{\"@type\":\"Person\",\"@id\":\"https:\\\/\\\/gradido.net\\\/de\\\/#\\\/schema\\\/person\\\/9c503a004ad15a1ddecadce2218db5d1\",\"name\":\"Bernd H\u00fcckst\u00e4dt\",\"sameAs\":[\"https:\\\/\\\/gradido.net\"],\"url\":\"https:\\\/\\\/gradido.net\\\/de\\\/author\\\/bernd\\\/\"}]}<\/script>\n<!-- \/ Yoast SEO plugin. -->","yoast_head_json":{"title":"Gemeinwohlkonzept trotzt Epidemie der Einsamkeit - Gradido","robots":{"index":"index","follow":"follow","max-snippet":"max-snippet:-1","max-image-preview":"max-image-preview:large","max-video-preview":"max-video-preview:-1"},"canonical":"https:\/\/gradido.net\/de\/gemeinwohlkonzept-trotzt-epidemie-der-einsamkeit\/","og_locale":"de_DE","og_type":"article","og_title":"Gemeinwohlkonzept trotzt Epidemie der Einsamkeit - Gradido","og_description":"Tsunami psychischer Erkrankungen stoppen K\u00fcnzelsau, 30. Oktober 2020 \u2013 Psychiater der renommierten Harvard-Universit\u00e4t sind alarmiert. In Folge der Corona-Ma\u00dfnahmen erwarten sie einen \u201eweltweiten Tsunami psychischer Erkrankungen\u201c. Zukunftsforscher rechnen mit einer \u201eEpidemie der Einsamkeit\u201c, die junge wie alte Menschen psychisch krank machen k\u00f6nnte. Die Experten der Nationalakademie der Wissenschaften Leopoldina empfehlen zur Bew\u00e4ltigung der prognostizierten psychischen [&hellip;]","og_url":"https:\/\/gradido.net\/de\/gemeinwohlkonzept-trotzt-epidemie-der-einsamkeit\/","og_site_name":"Gradido","article_published_time":"2020-10-30T10:29:07+00:00","article_modified_time":"2021-12-11T11:59:49+00:00","og_image":[{"width":1183,"height":787,"url":"https:\/\/gradido.net\/wp-content\/uploads\/2020\/10\/psyche_epedemie.jpg","type":"image\/jpeg"}],"author":"Bernd H\u00fcckst\u00e4dt","twitter_card":"summary_large_image","twitter_misc":{"Verfasst von":"Bernd H\u00fcckst\u00e4dt","Gesch\u00e4tzte Lesezeit":"7\u00a0Minuten"},"schema":{"@context":"https:\/\/schema.org","@graph":[{"@type":"Article","@id":"https:\/\/gradido.net\/cs\/gemeinwohlkonzept-trotzt-epidemie-der-einsamkeit\/#article","isPartOf":{"@id":"https:\/\/gradido.net\/cs\/gemeinwohlkonzept-trotzt-epidemie-der-einsamkeit\/"},"author":{"name":"Bernd H\u00fcckst\u00e4dt","@id":"https:\/\/gradido.net\/de\/#\/schema\/person\/9c503a004ad15a1ddecadce2218db5d1"},"headline":"Gemeinwohlkonzept trotzt Epidemie der Einsamkeit","datePublished":"2020-10-30T10:29:07+00:00","dateModified":"2021-12-11T11:59:49+00:00","mainEntityOfPage":{"@id":"https:\/\/gradido.net\/cs\/gemeinwohlkonzept-trotzt-epidemie-der-einsamkeit\/"},"wordCount":1354,"publisher":{"@id":"https:\/\/gradido.net\/de\/#organization"},"image":{"@id":"https:\/\/gradido.net\/cs\/gemeinwohlkonzept-trotzt-epidemie-der-einsamkeit\/#primaryimage"},"thumbnailUrl":"https:\/\/gradido.net\/wp-content\/uploads\/2020\/10\/psyche_epedemie.jpg","articleSection":["Pressemitteilung"],"inLanguage":"de"},{"@type":"WebPage","@id":"https:\/\/gradido.net\/cs\/gemeinwohlkonzept-trotzt-epidemie-der-einsamkeit\/","url":"https:\/\/gradido.net\/cs\/gemeinwohlkonzept-trotzt-epidemie-der-einsamkeit\/","name":"Gemeinwohlkonzept trotzt Epidemie der Einsamkeit - Gradido","isPartOf":{"@id":"https:\/\/gradido.net\/de\/#website"},"primaryImageOfPage":{"@id":"https:\/\/gradido.net\/cs\/gemeinwohlkonzept-trotzt-epidemie-der-einsamkeit\/#primaryimage"},"image":{"@id":"https:\/\/gradido.net\/cs\/gemeinwohlkonzept-trotzt-epidemie-der-einsamkeit\/#primaryimage"},"thumbnailUrl":"https:\/\/gradido.net\/wp-content\/uploads\/2020\/10\/psyche_epedemie.jpg","datePublished":"2020-10-30T10:29:07+00:00","dateModified":"2021-12-11T11:59:49+00:00","breadcrumb":{"@id":"https:\/\/gradido.net\/cs\/gemeinwohlkonzept-trotzt-epidemie-der-einsamkeit\/#breadcrumb"},"inLanguage":"de","potentialAction":[{"@type":"ReadAction","target":["https:\/\/gradido.net\/cs\/gemeinwohlkonzept-trotzt-epidemie-der-einsamkeit\/"]}]},{"@type":"ImageObject","inLanguage":"de","@id":"https:\/\/gradido.net\/cs\/gemeinwohlkonzept-trotzt-epidemie-der-einsamkeit\/#primaryimage","url":"https:\/\/gradido.net\/wp-content\/uploads\/2020\/10\/psyche_epedemie.jpg","contentUrl":"https:\/\/gradido.net\/wp-content\/uploads\/2020\/10\/psyche_epedemie.jpg","width":1183,"height":787,"caption":"Sad senior woman standing indoors by window at home, corona virus and quarantine concept."},{"@type":"BreadcrumbList","@id":"https:\/\/gradido.net\/cs\/gemeinwohlkonzept-trotzt-epidemie-der-einsamkeit\/#breadcrumb","itemListElement":[{"@type":"ListItem","position":1,"name":"Startseite","item":"https:\/\/gradido.net\/"},{"@type":"ListItem","position":2,"name":"Gemeinwohlkonzept trotzt Epidemie der Einsamkeit"}]},{"@type":"WebSite","@id":"https:\/\/gradido.net\/de\/#website","url":"https:\/\/gradido.net\/de\/","name":"Gradido","description":"Die neue W\u00e4hrung hei\u00dft Dankbarkeit","publisher":{"@id":"https:\/\/gradido.net\/de\/#organization"},"potentialAction":[{"@type":"SearchAction","target":{"@type":"EntryPoint","urlTemplate":"https:\/\/gradido.net\/de\/?s={search_term_string}"},"query-input":{"@type":"PropertyValueSpecification","valueRequired":true,"valueName":"search_term_string"}}],"inLanguage":"de"},{"@type":"Organization","@id":"https:\/\/gradido.net\/de\/#organization","name":"Gradido","url":"https:\/\/gradido.net\/de\/","logo":{"@type":"ImageObject","inLanguage":"de","@id":"https:\/\/gradido.net\/de\/#\/schema\/logo\/image\/","url":"https:\/\/gradido.net\/wp-content\/uploads\/2022\/04\/gradido-social.jpg","contentUrl":"https:\/\/gradido.net\/wp-content\/uploads\/2022\/04\/gradido-social.jpg","width":527,"height":273,"caption":"Gradido"},"image":{"@id":"https:\/\/gradido.net\/de\/#\/schema\/logo\/image\/"}},{"@type":"Person","@id":"https:\/\/gradido.net\/de\/#\/schema\/person\/9c503a004ad15a1ddecadce2218db5d1","name":"Bernd H\u00fcckst\u00e4dt","sameAs":["https:\/\/gradido.net"],"url":"https:\/\/gradido.net\/de\/author\/bernd\/"}]}},"_links":{"self":[{"href":"https:\/\/gradido.net\/de\/wp-json\/wp\/v2\/posts\/1011","targetHints":{"allow":["GET"]}}],"collection":[{"href":"https:\/\/gradido.net\/de\/wp-json\/wp\/v2\/posts"}],"about":[{"href":"https:\/\/gradido.net\/de\/wp-json\/wp\/v2\/types\/post"}],"author":[{"embeddable":true,"href":"https:\/\/gradido.net\/de\/wp-json\/wp\/v2\/users\/2"}],"replies":[{"embeddable":true,"href":"https:\/\/gradido.net\/de\/wp-json\/wp\/v2\/comments?post=1011"}],"version-history":[{"count":11,"href":"https:\/\/gradido.net\/de\/wp-json\/wp\/v2\/posts\/1011\/revisions"}],"predecessor-version":[{"id":3739,"href":"https:\/\/gradido.net\/de\/wp-json\/wp\/v2\/posts\/1011\/revisions\/3739"}],"wp:featuredmedia":[{"embeddable":true,"href":"https:\/\/gradido.net\/de\/wp-json\/wp\/v2\/media\/1013"}],"wp:attachment":[{"href":"https:\/\/gradido.net\/de\/wp-json\/wp\/v2\/media?parent=1011"}],"wp:term":[{"taxonomy":"category","embeddable":true,"href":"https:\/\/gradido.net\/de\/wp-json\/wp\/v2\/categories?post=1011"},{"taxonomy":"post_tag","embeddable":true,"href":"https:\/\/gradido.net\/de\/wp-json\/wp\/v2\/tags?post=1011"}],"curies":[{"name":"wp","href":"https:\/\/api.w.org\/{rel}","templated":true}]}}