{"id":10264,"date":"2025-04-16T16:28:00","date_gmt":"2025-04-16T14:28:00","guid":{"rendered":"https:\/\/gradido.net\/?p=10264"},"modified":"2026-04-24T07:24:28","modified_gmt":"2026-04-24T05:24:28","slug":"gms1","status":"publish","type":"post","link":"https:\/\/gradido.net\/de\/gms1\/","title":{"rendered":"Gemeinsam statt einsam \u2013 Finde Gleichgesinnte in Deiner N\u00e4he"},"content":{"rendered":"\t\t<div data-elementor-type=\"wp-post\" data-elementor-id=\"10264\" class=\"elementor elementor-10264\" data-elementor-post-type=\"post\">\n\t\t\t\t\t\t<section class=\"elementor-section elementor-top-section elementor-element elementor-element-496e1d53 elementor-section-boxed elementor-section-height-default elementor-section-height-default\" data-id=\"496e1d53\" data-element_type=\"section\" data-e-type=\"section\">\n\t\t\t\t\t\t<div class=\"elementor-container elementor-column-gap-default\">\n\t\t\t\t\t<div class=\"elementor-column elementor-col-100 elementor-top-column elementor-element elementor-element-461d7be0\" data-id=\"461d7be0\" data-element_type=\"column\" data-e-type=\"column\">\n\t\t\t<div class=\"elementor-widget-wrap elementor-element-populated\">\n\t\t\t\t\t\t<div class=\"elementor-element elementor-element-cd9ebe2 elementor-widget elementor-widget-text-editor\" data-id=\"cd9ebe2\" data-element_type=\"widget\" data-e-type=\"widget\" data-widget_type=\"text-editor.default\">\n\t\t\t\t<div class=\"elementor-widget-container\">\n\t\t\t\t\t\t\t\t\t<p style=\"text-align: right;\"><em>\u00bbAlleine k\u00f6nnen wir so wenig erreichen, gemeinsam so viel.\u00ab<br \/>\u2013 Helen Keller<\/em><\/p><p>Liebe Leserin und\u00a0 lieber Leser,<\/p><p>tausend Dank, weil Du bei uns bist \u2013 weil Du Dich f\u00fcr Mutter Erde, Deine Mitmenschen und zuk\u00fcnftige Generationen einsetzt. Wie sch\u00f6n, dass Du Teil unserer wachsenden Gradido-Familie bist!<\/p><p>Kennst Du auch dieses Gef\u00fchl? Du engagierst Dich aus ganzem Herzen f\u00fcr Frieden, Freiheit und eine lebenswerte Zukunft in Harmonie mit der Natur. Doch Du f\u00fchlst Dich manchmal allein auf Deinem Weg, weil Du nicht wei\u00dft, wo in Deiner N\u00e4he Menschen leben, die Deine Werte und Visionen teilen.<\/p><p>Jetzt ist eine einfache L\u00f6sung da \u2013 Trommelwirbel \u2013 diiieee\u2026<\/p><h2>Geografische Mitgliedssuche (GMS)<\/h2><p>Mit viel Freude und Engagement hat unser Entwickler-Team der Gradido-Akademie diese neue M\u00f6glichkeit geschaffen, um Dir die Kontaktaufnahme mit Gleichgesinnten in Deiner N\u00e4he so leicht wie m\u00f6glich zu machen.<\/p><h3>\u2728 Finde liebe Menschen in Deinem Umkreis:<\/h3><p><a href=\"https:\/\/gdd.gradido.net\/login\" target=\"_blank\" rel=\"noopener\">Logge Dich in Dein Gradido-Konto ein<\/a><\/p><p>Klicke direkt auf der \u00dcbersichtsseite bei \u201eGeografische Mitgliedssuche\u201c. auf &#8220;Standort festlegen\u2026&#8221;<\/p><p><img fetchpriority=\"high\" decoding=\"async\" class=\"alignnone size-full wp-image-10271\" src=\"https:\/\/gradido.net\/wp-content\/uploads\/2025\/04\/GMS_Standort-festlegen.jpg\" alt=\"\" width=\"600\" height=\"450\" srcset=\"https:\/\/gradido.net\/wp-content\/uploads\/2025\/04\/GMS_Standort-festlegen.jpg 600w, https:\/\/gradido.net\/wp-content\/uploads\/2025\/04\/GMS_Standort-festlegen-300x225.jpg 300w, https:\/\/gradido.net\/wp-content\/uploads\/2025\/04\/GMS_Standort-festlegen-16x12.jpg 16w\" sizes=\"(max-width: 600px) 100vw, 600px\" \/><\/p><p>Damit kommst Du in die Einstellungen \/ Kreise &amp; Mitgliedssuche.<br \/>Klicke dort auf &#8220;Karte \u00f6ffnen&#8221;:<\/p><p><img decoding=\"async\" class=\"alignnone size-large wp-image-10269\" src=\"https:\/\/gradido.net\/wp-content\/uploads\/2025\/04\/GMS_Karte-oeffnen.jpg\" alt=\"\" width=\"600\" height=\"450\" srcset=\"https:\/\/gradido.net\/wp-content\/uploads\/2025\/04\/GMS_Karte-oeffnen.jpg 600w, https:\/\/gradido.net\/wp-content\/uploads\/2025\/04\/GMS_Karte-oeffnen-300x225.jpg 300w, https:\/\/gradido.net\/wp-content\/uploads\/2025\/04\/GMS_Karte-oeffnen-16x12.jpg 16w\" sizes=\"(max-width: 600px) 100vw, 600px\" \/><\/p><p>Gib Deinen Standort ein (links oben, Lupe) und\u00a0 klicke auf &#8220;Standort speichern:<\/p><p><img decoding=\"async\" class=\"alignnone size-full wp-image-10267\" src=\"https:\/\/gradido.net\/wp-content\/uploads\/2025\/04\/GMS_Adresse-eingeben.jpg\" alt=\"\" width=\"600\" height=\"330\" srcset=\"https:\/\/gradido.net\/wp-content\/uploads\/2025\/04\/GMS_Adresse-eingeben.jpg 600w, https:\/\/gradido.net\/wp-content\/uploads\/2025\/04\/GMS_Adresse-eingeben-300x165.jpg 300w, https:\/\/gradido.net\/wp-content\/uploads\/2025\/04\/GMS_Adresse-eingeben-18x10.jpg 18w\" sizes=\"(max-width: 600px) 100vw, 600px\" \/><\/p><p>Ab sofort findest Du auf der \u00dcbersicht-Seite die Schaltfl\u00e4che &#8220;\u00d6ffne Mitgliedssuche\u2026&#8221;<\/p><p><img loading=\"lazy\" decoding=\"async\" class=\"alignnone size-full wp-image-10270\" src=\"https:\/\/gradido.net\/wp-content\/uploads\/2025\/04\/GMS_Mitgliedssuche.jpg\" alt=\"\" width=\"600\" height=\"450\" srcset=\"https:\/\/gradido.net\/wp-content\/uploads\/2025\/04\/GMS_Mitgliedssuche.jpg 600w, https:\/\/gradido.net\/wp-content\/uploads\/2025\/04\/GMS_Mitgliedssuche-300x225.jpg 300w, https:\/\/gradido.net\/wp-content\/uploads\/2025\/04\/GMS_Mitgliedssuche-16x12.jpg 16w\" sizes=\"(max-width: 600px) 100vw, 600px\" \/><\/p><p>\u2026 dort siehst Du auf der Karte andere Gradido-Mitglieder in Deinem Umkreis oder an jedem anderen gew\u00fcnschten Ort.<\/p><p><strong>Um Kontakt aufzunehmen<\/strong>, klicke auf eine Nadel. Dann \u00f6ffnet sich ein Fenster mit Informationen \u00fcber den Teilnehmer. Sende ihm oder ihr einfach\u00a0 ein paar Gradidos mit einer netten Botschaft und Deinen Kontaktdaten. <strong>So lernt Ihr Euch kennen\u2026<\/strong><\/p><p>\u00a0<img loading=\"lazy\" decoding=\"async\" class=\"alignnone size-large wp-image-10268\" src=\"https:\/\/gradido.net\/wp-content\/uploads\/2025\/04\/GMS_Gradido_senden.jpg\" alt=\"\" width=\"600\" height=\"360\" srcset=\"https:\/\/gradido.net\/wp-content\/uploads\/2025\/04\/GMS_Gradido_senden.jpg 600w, https:\/\/gradido.net\/wp-content\/uploads\/2025\/04\/GMS_Gradido_senden-300x180.jpg 300w, https:\/\/gradido.net\/wp-content\/uploads\/2025\/04\/GMS_Gradido_senden-18x12.jpg 18w\" sizes=\"(max-width: 600px) 100vw, 600px\" \/> \u00a0\u00a0<\/p><h3>\ud83d\udd12 Deine Privatsph\u00e4re ist uns wichtig:<\/h3><p>Gesch\u00fctzter Raum: die Mitgliedssuche ist nur f\u00fcr Mitglieder zug\u00e4nglich.<br \/>Wir nutzen bewusst Open Street Map (statt Google Maps).<br \/>Dein Standort wird standardm\u00e4\u00dfig nur ungef\u00e4hr (ca. 3 km Radius) angezeigt, es sei denn, Du m\u00f6chtest Deine genaue Position teilen.<br \/>Statt Deines Klarnamens erscheint ein Benutzername.<br \/>\ud83c\udf31 Warum genau jetzt aktiv werden?<br \/>Gerade jetzt brauchen wir einander. Gemeinsam werden wir mutiger, st\u00e4rker und erfolgreicher darin, unsere Vision einer neuen, friedvollen und harmonischen Welt zu verwirklichen. Zusammen sind wir so viel mehr als die Summe einzelner Menschen.<\/p><h3>Dies ist erst der Anfang<\/h3><p>Noch ist die Mitgliedssuche &#8220;experimentell&#8221;. Einige Bedienelemente sind noch auf englisch, und m\u00f6glicherweise funktioniert noch nicht alles ganz perfekt. Doch schon bald erwarten Dich weitere tolle Funktionen, beispielsweise Angebote und W\u00fcnsche, Veranstaltungen wie GradidoCaf\u00e9s oder sogar \u00dcbernachtungsm\u00f6glichkeiten auf Deinen Reisen.<\/p><p><strong>Stell Dir vor: Du bist Teil eines weltweiten Netzes liebevoller, engagierter Menschen, verbunden in einem gemeinsamen Traum \u2013 der Neuen Erde!<\/strong><\/p><h3>\u2728 Bleibe nicht l\u00e4nger isoliert, finde Deine Gemeinschaft! Heute ist ein guter Tag daf\u00fcr:<\/h3><p>\u2705 <a href=\"https:\/\/gdd.gradido.net\/login\" target=\"_blank\" rel=\"noopener\">Logge Dich jetzt in Dein Gradido-Konto ein<\/a>,<br \/>\u2705 Trage Deinen Standort ein \u2026\u00a0<br \/>\u2705 \u2026und entdecke direkt Gleichgesinnte in Deiner N\u00e4he!<\/p><p>Von Herzen Danke, dass Du diesen Weg gemeinsam mit uns gehst!<\/p><p>Liebe Gr\u00fc\u00dfe\u00a0<\/p><p>Deine<\/p><p>Margret und Bernd<\/p>\t\t\t\t\t\t\t\t<\/div>\n\t\t\t\t<\/div>\n\t\t\t\t\t<\/div>\n\t\t<\/div>\n\t\t\t\t\t<\/div>\n\t\t<\/section>\n\t\t\t\t<section class=\"elementor-section elementor-top-section elementor-element elementor-element-14532fe elementor-section-boxed elementor-section-height-default elementor-section-height-default\" data-id=\"14532fe\" data-element_type=\"section\" data-e-type=\"section\">\n\t\t\t\t\t\t<div class=\"elementor-container elementor-column-gap-default\">\n\t\t\t\t\t<div class=\"elementor-column elementor-col-100 elementor-top-column elementor-element elementor-element-65d2298\" data-id=\"65d2298\" data-element_type=\"column\" data-e-type=\"column\">\n\t\t\t<div class=\"elementor-widget-wrap elementor-element-populated\">\n\t\t\t\t\t\t<div class=\"elementor-element elementor-element-bea124f elementor-widget elementor-widget-global elementor-global-9341 elementor-widget-text-editor\" data-id=\"bea124f\" data-element_type=\"widget\" data-e-type=\"widget\" data-widget_type=\"text-editor.default\">\n\t\t\t\t<div class=\"elementor-widget-container\">\n\t\t\t\t\t\t\t\t\t<p><strong>PS:\u00a0<span style=\"color: #ff6600;\"><a style=\"color: #ff6600;\" href=\"https:\/\/gradido.net\/donations\/\">Wegen der stetig wachsenden Bedeutung von Gradido wiederholen wir unsere Dankbarkeits-Aktion am 26.Juni 2026:<\/a>\u00a0<\/span><span style=\"color: #0000ff;\"><a style=\"color: #0000ff;\" href=\"https:\/\/gradido.net\/donations\/\">Zus\u00e4tzlich zu den vielfachen GradidoTransform f\u00fcr Deinen F\u00f6rderbeitrag erh\u00f6hen wir am 26.06.26 alle GDT-Kontost\u00e4nde um 26%. F\u00f6rdere jetzt auch Du und komme in den Genuss der vielfachen Menge GDT!<\/a><\/span><\/strong><\/p>\t\t\t\t\t\t\t\t<\/div>\n\t\t\t\t<\/div>\n\t\t\t\t\t<\/div>\n\t\t<\/div>\n\t\t\t\t\t<\/div>\n\t\t<\/section>\n\t\t\t\t<section class=\"elementor-section elementor-top-section elementor-element elementor-element-29dfc07 elementor-section-boxed elementor-section-height-default elementor-section-height-default\" data-id=\"29dfc07\" data-element_type=\"section\" data-e-type=\"section\">\n\t\t\t\t\t\t<div class=\"elementor-container elementor-column-gap-default\">\n\t\t\t\t\t<div class=\"elementor-column elementor-col-100 elementor-top-column elementor-element elementor-element-d37ec5a\" data-id=\"d37ec5a\" data-element_type=\"column\" data-e-type=\"column\">\n\t\t\t<div class=\"elementor-widget-wrap\">\n\t\t\t\t\t\t\t<\/div>\n\t\t<\/div>\n\t\t\t\t\t<\/div>\n\t\t<\/section>\n\t\t\t\t<\/div>\n\t\t","protected":false},"excerpt":{"rendered":"<p>Kennst Du auch dieses Gef\u00fchl? Du engagierst Dich aus ganzem Herzen f\u00fcr Frieden, Freiheit und eine lebenswerte Zukunft in Harmonie mit der Natur. Doch Du f\u00fchlst Dich manchmal allein auf Deinem Weg, weil Du nicht wei\u00dft, wo in Deiner N\u00e4he Menschen leben, die Deine Werte und Visionen teilen. Jetzt ist eine einfache L\u00f6sung da\u2026<\/p>\n","protected":false},"author":2,"featured_media":10265,"comment_status":"closed","ping_status":"closed","sticky":false,"template":"","format":"standard","meta":{"footnotes":""},"categories":[11,54,55],"tags":[22],"class_list":["post-10264","post","type-post","status-publish","format-standard","has-post-thumbnail","hentry","category-blog","category-community","category-gradido-konto","tag-bild-oben"],"yoast_head":"<!-- This site is optimized with the Yoast SEO plugin v27.4 - https:\/\/yoast.com\/product\/yoast-seo-wordpress\/ -->\n<title>Gemeinsam statt einsam \u2013 Finde Gleichgesinnte in Deiner N\u00e4he - Gradido<\/title>\n<meta name=\"description\" content=\"Kennst Du auch dieses Gef\u00fchl? Du engagierst Dich aus ganzem Herzen f\u00fcr Frieden, Freiheit und eine lebenswerte Zukunft in Harmonie mit der Natur. Doch Du f\u00fchlst Dich manchmal allein auf Deinem Weg, weil Du nicht wei\u00dft, wo in Deiner N\u00e4he Menschen leben, die Deine Werte und Visionen teilen. Jetzt ist eine einfache L\u00f6sung da\u2026\" \/>\n<meta name=\"robots\" content=\"index, follow, max-snippet:-1, max-image-preview:large, max-video-preview:-1\" \/>\n<link rel=\"canonical\" href=\"https:\/\/gradido.net\/de\/gms1\/\" \/>\n<meta property=\"og:locale\" content=\"de_DE\" \/>\n<meta property=\"og:type\" content=\"article\" \/>\n<meta property=\"og:title\" content=\"Gemeinsam statt einsam \u2013 Finde Gleichgesinnte in Deiner N\u00e4he - Gradido\" \/>\n<meta property=\"og:description\" content=\"Kennst Du auch dieses Gef\u00fchl? Du engagierst Dich aus ganzem Herzen f\u00fcr Frieden, Freiheit und eine lebenswerte Zukunft in Harmonie mit der Natur. Doch Du f\u00fchlst Dich manchmal allein auf Deinem Weg, weil Du nicht wei\u00dft, wo in Deiner N\u00e4he Menschen leben, die Deine Werte und Visionen teilen. Jetzt ist eine einfache L\u00f6sung da\u2026\" \/>\n<meta property=\"og:url\" content=\"https:\/\/gradido.net\/de\/gms1\/\" \/>\n<meta property=\"og:site_name\" content=\"Gradido\" \/>\n<meta property=\"article:published_time\" content=\"2025-04-16T14:28:00+00:00\" \/>\n<meta property=\"article:modified_time\" content=\"2026-04-24T05:24:28+00:00\" \/>\n<meta property=\"og:image\" content=\"https:\/\/gradido.net\/wp-content\/uploads\/2025\/04\/GMS_Banner.jpg\" \/>\n\t<meta property=\"og:image:width\" content=\"1920\" \/>\n\t<meta property=\"og:image:height\" content=\"880\" \/>\n\t<meta property=\"og:image:type\" content=\"image\/jpeg\" \/>\n<meta name=\"author\" content=\"Bernd H\u00fcckst\u00e4dt\" \/>\n<meta name=\"twitter:card\" content=\"summary_large_image\" \/>\n<meta name=\"twitter:label1\" content=\"Verfasst von\" \/>\n\t<meta name=\"twitter:data1\" content=\"Bernd H\u00fcckst\u00e4dt\" \/>\n\t<meta name=\"twitter:label2\" content=\"Gesch\u00e4tzte Lesezeit\" \/>\n\t<meta name=\"twitter:data2\" content=\"4\u00a0Minuten\" \/>\n<script type=\"application\/ld+json\" class=\"yoast-schema-graph\">{\"@context\":\"https:\\\/\\\/schema.org\",\"@graph\":[{\"@type\":\"Article\",\"@id\":\"https:\\\/\\\/gradido.net\\\/gms1\\\/#article\",\"isPartOf\":{\"@id\":\"https:\\\/\\\/gradido.net\\\/gms1\\\/\"},\"author\":{\"name\":\"Bernd H\u00fcckst\u00e4dt\",\"@id\":\"https:\\\/\\\/gradido.net\\\/de\\\/#\\\/schema\\\/person\\\/9c503a004ad15a1ddecadce2218db5d1\"},\"headline\":\"Gemeinsam statt einsam \u2013 Finde Gleichgesinnte in Deiner N\u00e4he\",\"datePublished\":\"2025-04-16T14:28:00+00:00\",\"dateModified\":\"2026-04-24T05:24:28+00:00\",\"mainEntityOfPage\":{\"@id\":\"https:\\\/\\\/gradido.net\\\/gms1\\\/\"},\"wordCount\":533,\"publisher\":{\"@id\":\"https:\\\/\\\/gradido.net\\\/de\\\/#organization\"},\"image\":{\"@id\":\"https:\\\/\\\/gradido.net\\\/gms1\\\/#primaryimage\"},\"thumbnailUrl\":\"https:\\\/\\\/gradido.net\\\/wp-content\\\/uploads\\\/2025\\\/04\\\/GMS_Banner.jpg\",\"keywords\":[\"Bild oben\"],\"articleSection\":[\"Blog\",\"Community\",\"Gradido-Konto\"],\"inLanguage\":\"de\"},{\"@type\":\"WebPage\",\"@id\":\"https:\\\/\\\/gradido.net\\\/gms1\\\/\",\"url\":\"https:\\\/\\\/gradido.net\\\/gms1\\\/\",\"name\":\"Gemeinsam statt einsam \u2013 Finde Gleichgesinnte in Deiner N\u00e4he - Gradido\",\"isPartOf\":{\"@id\":\"https:\\\/\\\/gradido.net\\\/de\\\/#website\"},\"primaryImageOfPage\":{\"@id\":\"https:\\\/\\\/gradido.net\\\/gms1\\\/#primaryimage\"},\"image\":{\"@id\":\"https:\\\/\\\/gradido.net\\\/gms1\\\/#primaryimage\"},\"thumbnailUrl\":\"https:\\\/\\\/gradido.net\\\/wp-content\\\/uploads\\\/2025\\\/04\\\/GMS_Banner.jpg\",\"datePublished\":\"2025-04-16T14:28:00+00:00\",\"dateModified\":\"2026-04-24T05:24:28+00:00\",\"description\":\"Kennst Du auch dieses Gef\u00fchl? Du engagierst Dich aus ganzem Herzen f\u00fcr Frieden, Freiheit und eine lebenswerte Zukunft in Harmonie mit der Natur. Doch Du f\u00fchlst Dich manchmal allein auf Deinem Weg, weil Du nicht wei\u00dft, wo in Deiner N\u00e4he Menschen leben, die Deine Werte und Visionen teilen. Jetzt ist eine einfache L\u00f6sung da\u2026\",\"breadcrumb\":{\"@id\":\"https:\\\/\\\/gradido.net\\\/gms1\\\/#breadcrumb\"},\"inLanguage\":\"de\",\"potentialAction\":[{\"@type\":\"ReadAction\",\"target\":[\"https:\\\/\\\/gradido.net\\\/gms1\\\/\"]}]},{\"@type\":\"ImageObject\",\"inLanguage\":\"de\",\"@id\":\"https:\\\/\\\/gradido.net\\\/gms1\\\/#primaryimage\",\"url\":\"https:\\\/\\\/gradido.net\\\/wp-content\\\/uploads\\\/2025\\\/04\\\/GMS_Banner.jpg\",\"contentUrl\":\"https:\\\/\\\/gradido.net\\\/wp-content\\\/uploads\\\/2025\\\/04\\\/GMS_Banner.jpg\",\"width\":1920,\"height\":880},{\"@type\":\"BreadcrumbList\",\"@id\":\"https:\\\/\\\/gradido.net\\\/gms1\\\/#breadcrumb\",\"itemListElement\":[{\"@type\":\"ListItem\",\"position\":1,\"name\":\"Startseite\",\"item\":\"https:\\\/\\\/gradido.net\\\/\"},{\"@type\":\"ListItem\",\"position\":2,\"name\":\"Gemeinsam statt einsam \u2013 Finde Gleichgesinnte in Deiner N\u00e4he\"}]},{\"@type\":\"WebSite\",\"@id\":\"https:\\\/\\\/gradido.net\\\/de\\\/#website\",\"url\":\"https:\\\/\\\/gradido.net\\\/de\\\/\",\"name\":\"Gradido\",\"description\":\"Die neue W\u00e4hrung hei\u00dft Dankbarkeit\",\"publisher\":{\"@id\":\"https:\\\/\\\/gradido.net\\\/de\\\/#organization\"},\"potentialAction\":[{\"@type\":\"SearchAction\",\"target\":{\"@type\":\"EntryPoint\",\"urlTemplate\":\"https:\\\/\\\/gradido.net\\\/de\\\/?s={search_term_string}\"},\"query-input\":{\"@type\":\"PropertyValueSpecification\",\"valueRequired\":true,\"valueName\":\"search_term_string\"}}],\"inLanguage\":\"de\"},{\"@type\":\"Organization\",\"@id\":\"https:\\\/\\\/gradido.net\\\/de\\\/#organization\",\"name\":\"Gradido\",\"url\":\"https:\\\/\\\/gradido.net\\\/de\\\/\",\"logo\":{\"@type\":\"ImageObject\",\"inLanguage\":\"de\",\"@id\":\"https:\\\/\\\/gradido.net\\\/de\\\/#\\\/schema\\\/logo\\\/image\\\/\",\"url\":\"https:\\\/\\\/gradido.net\\\/wp-content\\\/uploads\\\/2022\\\/04\\\/gradido-social.jpg\",\"contentUrl\":\"https:\\\/\\\/gradido.net\\\/wp-content\\\/uploads\\\/2022\\\/04\\\/gradido-social.jpg\",\"width\":527,\"height\":273,\"caption\":\"Gradido\"},\"image\":{\"@id\":\"https:\\\/\\\/gradido.net\\\/de\\\/#\\\/schema\\\/logo\\\/image\\\/\"}},{\"@type\":\"Person\",\"@id\":\"https:\\\/\\\/gradido.net\\\/de\\\/#\\\/schema\\\/person\\\/9c503a004ad15a1ddecadce2218db5d1\",\"name\":\"Bernd H\u00fcckst\u00e4dt\",\"sameAs\":[\"https:\\\/\\\/gradido.net\"],\"url\":\"https:\\\/\\\/gradido.net\\\/de\\\/author\\\/bernd\\\/\"}]}<\/script>\n<!-- \/ Yoast SEO plugin. -->","yoast_head_json":{"title":"Gemeinsam statt einsam \u2013 Finde Gleichgesinnte in Deiner N\u00e4he - Gradido","description":"Kennst Du auch dieses Gef\u00fchl? Du engagierst Dich aus ganzem Herzen f\u00fcr Frieden, Freiheit und eine lebenswerte Zukunft in Harmonie mit der Natur. Doch Du f\u00fchlst Dich manchmal allein auf Deinem Weg, weil Du nicht wei\u00dft, wo in Deiner N\u00e4he Menschen leben, die Deine Werte und Visionen teilen. Jetzt ist eine einfache L\u00f6sung da\u2026","robots":{"index":"index","follow":"follow","max-snippet":"max-snippet:-1","max-image-preview":"max-image-preview:large","max-video-preview":"max-video-preview:-1"},"canonical":"https:\/\/gradido.net\/de\/gms1\/","og_locale":"de_DE","og_type":"article","og_title":"Gemeinsam statt einsam \u2013 Finde Gleichgesinnte in Deiner N\u00e4he - Gradido","og_description":"Kennst Du auch dieses Gef\u00fchl? Du engagierst Dich aus ganzem Herzen f\u00fcr Frieden, Freiheit und eine lebenswerte Zukunft in Harmonie mit der Natur. Doch Du f\u00fchlst Dich manchmal allein auf Deinem Weg, weil Du nicht wei\u00dft, wo in Deiner N\u00e4he Menschen leben, die Deine Werte und Visionen teilen. Jetzt ist eine einfache L\u00f6sung da\u2026","og_url":"https:\/\/gradido.net\/de\/gms1\/","og_site_name":"Gradido","article_published_time":"2025-04-16T14:28:00+00:00","article_modified_time":"2026-04-24T05:24:28+00:00","og_image":[{"width":1920,"height":880,"url":"https:\/\/gradido.net\/wp-content\/uploads\/2025\/04\/GMS_Banner.jpg","type":"image\/jpeg"}],"author":"Bernd H\u00fcckst\u00e4dt","twitter_card":"summary_large_image","twitter_misc":{"Verfasst von":"Bernd H\u00fcckst\u00e4dt","Gesch\u00e4tzte Lesezeit":"4\u00a0Minuten"},"schema":{"@context":"https:\/\/schema.org","@graph":[{"@type":"Article","@id":"https:\/\/gradido.net\/gms1\/#article","isPartOf":{"@id":"https:\/\/gradido.net\/gms1\/"},"author":{"name":"Bernd H\u00fcckst\u00e4dt","@id":"https:\/\/gradido.net\/de\/#\/schema\/person\/9c503a004ad15a1ddecadce2218db5d1"},"headline":"Gemeinsam statt einsam \u2013 Finde Gleichgesinnte in Deiner N\u00e4he","datePublished":"2025-04-16T14:28:00+00:00","dateModified":"2026-04-24T05:24:28+00:00","mainEntityOfPage":{"@id":"https:\/\/gradido.net\/gms1\/"},"wordCount":533,"publisher":{"@id":"https:\/\/gradido.net\/de\/#organization"},"image":{"@id":"https:\/\/gradido.net\/gms1\/#primaryimage"},"thumbnailUrl":"https:\/\/gradido.net\/wp-content\/uploads\/2025\/04\/GMS_Banner.jpg","keywords":["Bild oben"],"articleSection":["Blog","Community","Gradido-Konto"],"inLanguage":"de"},{"@type":"WebPage","@id":"https:\/\/gradido.net\/gms1\/","url":"https:\/\/gradido.net\/gms1\/","name":"Gemeinsam statt einsam \u2013 Finde Gleichgesinnte in Deiner N\u00e4he - Gradido","isPartOf":{"@id":"https:\/\/gradido.net\/de\/#website"},"primaryImageOfPage":{"@id":"https:\/\/gradido.net\/gms1\/#primaryimage"},"image":{"@id":"https:\/\/gradido.net\/gms1\/#primaryimage"},"thumbnailUrl":"https:\/\/gradido.net\/wp-content\/uploads\/2025\/04\/GMS_Banner.jpg","datePublished":"2025-04-16T14:28:00+00:00","dateModified":"2026-04-24T05:24:28+00:00","description":"Kennst Du auch dieses Gef\u00fchl? Du engagierst Dich aus ganzem Herzen f\u00fcr Frieden, Freiheit und eine lebenswerte Zukunft in Harmonie mit der Natur. Doch Du f\u00fchlst Dich manchmal allein auf Deinem Weg, weil Du nicht wei\u00dft, wo in Deiner N\u00e4he Menschen leben, die Deine Werte und Visionen teilen. Jetzt ist eine einfache L\u00f6sung da\u2026","breadcrumb":{"@id":"https:\/\/gradido.net\/gms1\/#breadcrumb"},"inLanguage":"de","potentialAction":[{"@type":"ReadAction","target":["https:\/\/gradido.net\/gms1\/"]}]},{"@type":"ImageObject","inLanguage":"de","@id":"https:\/\/gradido.net\/gms1\/#primaryimage","url":"https:\/\/gradido.net\/wp-content\/uploads\/2025\/04\/GMS_Banner.jpg","contentUrl":"https:\/\/gradido.net\/wp-content\/uploads\/2025\/04\/GMS_Banner.jpg","width":1920,"height":880},{"@type":"BreadcrumbList","@id":"https:\/\/gradido.net\/gms1\/#breadcrumb","itemListElement":[{"@type":"ListItem","position":1,"name":"Startseite","item":"https:\/\/gradido.net\/"},{"@type":"ListItem","position":2,"name":"Gemeinsam statt einsam \u2013 Finde Gleichgesinnte in Deiner N\u00e4he"}]},{"@type":"WebSite","@id":"https:\/\/gradido.net\/de\/#website","url":"https:\/\/gradido.net\/de\/","name":"Gradido","description":"Die neue W\u00e4hrung hei\u00dft Dankbarkeit","publisher":{"@id":"https:\/\/gradido.net\/de\/#organization"},"potentialAction":[{"@type":"SearchAction","target":{"@type":"EntryPoint","urlTemplate":"https:\/\/gradido.net\/de\/?s={search_term_string}"},"query-input":{"@type":"PropertyValueSpecification","valueRequired":true,"valueName":"search_term_string"}}],"inLanguage":"de"},{"@type":"Organization","@id":"https:\/\/gradido.net\/de\/#organization","name":"Gradido","url":"https:\/\/gradido.net\/de\/","logo":{"@type":"ImageObject","inLanguage":"de","@id":"https:\/\/gradido.net\/de\/#\/schema\/logo\/image\/","url":"https:\/\/gradido.net\/wp-content\/uploads\/2022\/04\/gradido-social.jpg","contentUrl":"https:\/\/gradido.net\/wp-content\/uploads\/2022\/04\/gradido-social.jpg","width":527,"height":273,"caption":"Gradido"},"image":{"@id":"https:\/\/gradido.net\/de\/#\/schema\/logo\/image\/"}},{"@type":"Person","@id":"https:\/\/gradido.net\/de\/#\/schema\/person\/9c503a004ad15a1ddecadce2218db5d1","name":"Bernd H\u00fcckst\u00e4dt","sameAs":["https:\/\/gradido.net"],"url":"https:\/\/gradido.net\/de\/author\/bernd\/"}]}},"_links":{"self":[{"href":"https:\/\/gradido.net\/de\/wp-json\/wp\/v2\/posts\/10264","targetHints":{"allow":["GET"]}}],"collection":[{"href":"https:\/\/gradido.net\/de\/wp-json\/wp\/v2\/posts"}],"about":[{"href":"https:\/\/gradido.net\/de\/wp-json\/wp\/v2\/types\/post"}],"author":[{"embeddable":true,"href":"https:\/\/gradido.net\/de\/wp-json\/wp\/v2\/users\/2"}],"replies":[{"embeddable":true,"href":"https:\/\/gradido.net\/de\/wp-json\/wp\/v2\/comments?post=10264"}],"version-history":[{"count":12,"href":"https:\/\/gradido.net\/de\/wp-json\/wp\/v2\/posts\/10264\/revisions"}],"predecessor-version":[{"id":13576,"href":"https:\/\/gradido.net\/de\/wp-json\/wp\/v2\/posts\/10264\/revisions\/13576"}],"wp:featuredmedia":[{"embeddable":true,"href":"https:\/\/gradido.net\/de\/wp-json\/wp\/v2\/media\/10265"}],"wp:attachment":[{"href":"https:\/\/gradido.net\/de\/wp-json\/wp\/v2\/media?parent=10264"}],"wp:term":[{"taxonomy":"category","embeddable":true,"href":"https:\/\/gradido.net\/de\/wp-json\/wp\/v2\/categories?post=10264"},{"taxonomy":"post_tag","embeddable":true,"href":"https:\/\/gradido.net\/de\/wp-json\/wp\/v2\/tags?post=10264"}],"curies":[{"name":"wp","href":"https:\/\/api.w.org\/{rel}","templated":true}]}}