{"id":10383,"date":"2025-05-18T08:44:15","date_gmt":"2025-05-18T06:44:15","guid":{"rendered":"https:\/\/gradido.net\/?p=10383"},"modified":"2026-04-24T07:22:14","modified_gmt":"2026-04-24T05:22:14","slug":"78-tage-die-alles-veraendern-koennten","status":"publish","type":"post","link":"https:\/\/gradido.net\/de\/78-tage-die-alles-veraendern-koennten\/","title":{"rendered":"78 Tage, die alles ver\u00e4ndern k\u00f6nnten"},"content":{"rendered":"\t\t<div data-elementor-type=\"wp-post\" data-elementor-id=\"10383\" class=\"elementor elementor-10383\" data-elementor-post-type=\"post\">\n\t\t\t\t\t\t<section class=\"elementor-section elementor-top-section elementor-element elementor-element-496e1d53 elementor-section-boxed elementor-section-height-default elementor-section-height-default\" data-id=\"496e1d53\" data-element_type=\"section\" data-e-type=\"section\">\n\t\t\t\t\t\t<div class=\"elementor-container elementor-column-gap-default\">\n\t\t\t\t\t<div class=\"elementor-column elementor-col-100 elementor-top-column elementor-element elementor-element-461d7be0\" data-id=\"461d7be0\" data-element_type=\"column\" data-e-type=\"column\">\n\t\t\t<div class=\"elementor-widget-wrap elementor-element-populated\">\n\t\t\t\t\t\t<div class=\"elementor-element elementor-element-cd9ebe2 elementor-widget elementor-widget-text-editor\" data-id=\"cd9ebe2\" data-element_type=\"widget\" data-e-type=\"widget\" data-widget_type=\"text-editor.default\">\n\t\t\t\t<div class=\"elementor-widget-container\">\n\t\t\t\t\t\t\t\t\t<p style=\"text-align: right;\"><em>\u201eDu bist nicht Opfer der Umst\u00e4nde, sondern Sch\u00f6pfer Deiner Wirklichkeit.\u201c <\/em><br \/><em>\u2014 Vadim Zeland<\/em><\/p><p>Liebe Leserin, lieber Leser,<\/p><p>stell Dir vor: Mit den ersten Sonnenstrahlen sprengst Du \u2013 wie die Frau auf unserem Titelbild \u2013 die unsichtbaren Ketten der alten Matrix und blickst voller Forschergeist auf das Abenteuer eines neuen Lebens!<\/p><p>Es ist der Startpunkt f\u00fcr ein Experiment, das alles ver\u00e4ndern k\u00f6nnte. Wir laden Dich ein zu einer einzigartigen 78-Tage-Challenge \u2013 einem gemeinsamen Selbstversuch, wie es ihn so noch nie gab!<\/p><h3>Die gro\u00dfe Frage unseres Experiments<\/h3><p>Kann es gelingen, die 78 Prinzipien von TransSurfing \u2013 der Kunst der bewussten Realit\u00e4tsgestaltung \u2013 mit den 100 wichtigsten Vorteilen von Gradido zu verbinden? K\u00f6nnen wir auf diese Weise das Wohl des Einzelnen zur Bl\u00fcte bringen und damit unsere gemeinsame Bewegung st\u00e4rken? Eine Bewegung, die angetreten ist, weltweiten Wohlstand, Frieden und Freiheit f\u00fcr die ganze Menschheitsfamilie zu manifestieren?<\/p><p>Wir laden Dich ein, dies gemeinsam mit uns herauszufinden.<\/p><h4>78 Tage \u2013 78 Impulse<\/h4><p>Jeden Tag ein Schritt, der Dich aus dem alten Traum aufweckt und Dich entdecken l\u00e4sst, wie viel Sch\u00f6pferkraft und Potenzial in Dir steckt.\u00a0<\/p><h4>Gemeinsam \u2013 als Bewegung<\/h4><p>Du bist nicht allein: \u00dcber die Gradido-Kreise findest Du Austausch, Inspiration und Unterst\u00fctzung. Hier entsteht Schwarmintelligenz, getragen von den einzigartigen Potenzialen jedes Einzelnen.<\/p><h4>Werde Teil des Experiments!<\/h4><p>Sei von Anfang an dabei! Wir starten gemeinsam, lernen voneinander und erforschen, wie unser bewusstes Handeln Gradido und TransSurfing zu einer lebendigen neuen Realit\u00e4t vereint.<\/p><h3>So machst Du mit:<\/h3><p>\ud83d\udc49\u00a0<a href=\"https:\/\/gdd.gradido.net\" target=\"_blank\" rel=\"noopener\">Log Dich einfach in Dein Gradido-Konto ein<\/a>\u00a0<\/p><p>Folge dem Weg zu den <strong>&#8220;Gradido-Kreisen&#8221;<\/strong>. Die 78-Tage-Challenge findest Du dort direkt <strong>im Space \u00bbHerzlich Willkommen\u00ab<\/strong>.<\/p><h4>Bleibe nicht l\u00e4nger in der Matrix gefangen!<\/h4><p>Verpasse nicht, Schritt f\u00fcr Schritt Deine Ketten zu sprengen und herauszufinden, was wirklich m\u00f6glich ist! Die gr\u00f6\u00dfte Ver\u00e4nderung beginnt immer im Einzelnen \u2013 und wird im Miteinander zur Bewegung.<\/p><h3>Unsere Vision<\/h3><p>Stell Dir vor, wie in wenigen Wochen Hunderte von Menschen ihr Potenzial entdecken, gemeinsam L\u00f6sungen finden und Gradido \u2013 getragen von Bewusstheit und Freude \u2013 in die Welt bringen!<\/p><p>Weltweiter Wohlstand, echter Frieden und Freiheit werden m\u00f6glich, wenn wir unser sch\u00f6pferisches Menschsein wirklich leben!<\/p><p>Dieses Experiment ist offen, ehrlich und mutig \u2013 und niemand wei\u00df genau, wohin es f\u00fchrt. Wir k\u00f6nnen nur gewinnen, wenn wir es gemeinsam wagen.<\/p><p>Bist Du dabei?\u00a0 Erwecke Deine Sch\u00f6pferkraft \u2013 und lass uns gemeinsam Geschichte schreiben!<\/p><p>Mit herzlichen Gr\u00fc\u00dfen<\/p>\t\t\t\t\t\t\t\t<\/div>\n\t\t\t\t<\/div>\n\t\t\t\t<div class=\"elementor-element elementor-element-d74dfa0 elementor-widget elementor-widget-text-editor\" data-id=\"d74dfa0\" data-element_type=\"widget\" data-e-type=\"widget\" data-widget_type=\"text-editor.default\">\n\t\t\t\t<div class=\"elementor-widget-container\">\n\t\t\t\t\t\t\t\t\t<div data-pm-slice=\"1 1 []\" data-en-clipboard=\"true\"><p><span style=\"font-family: -apple-system, BlinkMacSystemFont, 'Segoe UI', Roboto, 'Helvetica Neue', Arial, 'Noto Sans', sans-serif, 'Apple Color Emoji', 'Segoe UI Emoji', 'Segoe UI Symbol', 'Noto Color Emoji';\">Deine<\/span><\/p><\/div><p><img decoding=\"async\" class=\"alignnone wp-image-4614 size-medium\" src=\"https:\/\/gradido.net\/wp-content\/uploads\/2022\/06\/MargretBernd_2022-300x74.png\" alt=\"\" width=\"300\" height=\"74\" srcset=\"https:\/\/gradido.net\/wp-content\/uploads\/2022\/06\/MargretBernd_2022-300x74.png 300w, https:\/\/gradido.net\/wp-content\/uploads\/2022\/06\/MargretBernd_2022-18x4.png 18w, https:\/\/gradido.net\/wp-content\/uploads\/2022\/06\/MargretBernd_2022.png 431w\" sizes=\"(max-width: 300px) 100vw, 300px\" \/><\/p><p>Margret Baier und Bernd H\u00fcckst\u00e4dt<br \/>Gradido-Gr\u00fcnder und Entwickler<\/p>\t\t\t\t\t\t\t\t<\/div>\n\t\t\t\t<\/div>\n\t\t\t\t\t<\/div>\n\t\t<\/div>\n\t\t\t\t\t<\/div>\n\t\t<\/section>\n\t\t\t\t<section class=\"elementor-section elementor-top-section elementor-element elementor-element-14532fe elementor-section-boxed elementor-section-height-default elementor-section-height-default\" data-id=\"14532fe\" data-element_type=\"section\" data-e-type=\"section\">\n\t\t\t\t\t\t<div class=\"elementor-container elementor-column-gap-default\">\n\t\t\t\t\t<div class=\"elementor-column elementor-col-100 elementor-top-column elementor-element elementor-element-65d2298\" data-id=\"65d2298\" data-element_type=\"column\" data-e-type=\"column\">\n\t\t\t<div class=\"elementor-widget-wrap elementor-element-populated\">\n\t\t\t\t\t\t<div class=\"elementor-element elementor-element-bea124f elementor-widget elementor-widget-global elementor-global-9341 elementor-widget-text-editor\" data-id=\"bea124f\" data-element_type=\"widget\" data-e-type=\"widget\" data-widget_type=\"text-editor.default\">\n\t\t\t\t<div class=\"elementor-widget-container\">\n\t\t\t\t\t\t\t\t\t<p><strong>PS:\u00a0<span style=\"color: #ff6600;\"><a style=\"color: #ff6600;\" href=\"https:\/\/gradido.net\/donations\/\">Wegen der stetig wachsenden Bedeutung von Gradido wiederholen wir unsere Dankbarkeits-Aktion am 26.Juni 2026:<\/a>\u00a0<\/span><span style=\"color: #0000ff;\"><a style=\"color: #0000ff;\" href=\"https:\/\/gradido.net\/donations\/\">Zus\u00e4tzlich zu den vielfachen GradidoTransform f\u00fcr Deinen F\u00f6rderbeitrag erh\u00f6hen wir am 26.06.26 alle GDT-Kontost\u00e4nde um 26%. F\u00f6rdere jetzt auch Du und komme in den Genuss der vielfachen Menge GDT!<\/a><\/span><\/strong><\/p>\t\t\t\t\t\t\t\t<\/div>\n\t\t\t\t<\/div>\n\t\t\t\t\t<\/div>\n\t\t<\/div>\n\t\t\t\t\t<\/div>\n\t\t<\/section>\n\t\t\t\t<section class=\"elementor-section elementor-top-section elementor-element elementor-element-29dfc07 elementor-section-boxed elementor-section-height-default elementor-section-height-default\" data-id=\"29dfc07\" data-element_type=\"section\" data-e-type=\"section\">\n\t\t\t\t\t\t<div class=\"elementor-container elementor-column-gap-default\">\n\t\t\t\t\t<div class=\"elementor-column elementor-col-100 elementor-top-column elementor-element elementor-element-d37ec5a\" data-id=\"d37ec5a\" data-element_type=\"column\" data-e-type=\"column\">\n\t\t\t<div class=\"elementor-widget-wrap\">\n\t\t\t\t\t\t\t<\/div>\n\t\t<\/div>\n\t\t\t\t\t<\/div>\n\t\t<\/section>\n\t\t\t\t<section class=\"elementor-section elementor-top-section elementor-element elementor-element-b3bbb9b elementor-section-boxed elementor-section-height-default elementor-section-height-default\" data-id=\"b3bbb9b\" data-element_type=\"section\" data-e-type=\"section\">\n\t\t\t\t\t\t<div class=\"elementor-container elementor-column-gap-default\">\n\t\t\t\t\t<div class=\"elementor-column elementor-col-100 elementor-top-column elementor-element elementor-element-a7e88ad\" data-id=\"a7e88ad\" data-element_type=\"column\" data-e-type=\"column\">\n\t\t\t<div class=\"elementor-widget-wrap\">\n\t\t\t\t\t\t\t<\/div>\n\t\t<\/div>\n\t\t\t\t\t<\/div>\n\t\t<\/section>\n\t\t\t\t<\/div>\n\t\t","protected":false},"excerpt":{"rendered":"<p>Stell Dir vor: Mit den ersten Sonnenstrahlen sprengst Du \u2013 wie die Frau auf unserem Titelbild \u2013 die unsichtbaren Ketten der alten Matrix und blickst voller Forschergeist auf das Abenteuer eines neuen Lebens! Es ist der Startpunkt f\u00fcr ein Experiment, das alles ver\u00e4ndern k\u00f6nnte\u2026<\/p>\n","protected":false},"author":2,"featured_media":10385,"comment_status":"closed","ping_status":"closed","sticky":false,"template":"","format":"standard","meta":{"footnotes":""},"categories":[11,54],"tags":[],"class_list":["post-10383","post","type-post","status-publish","format-standard","has-post-thumbnail","hentry","category-blog","category-community"],"yoast_head":"<!-- This site is optimized with the Yoast SEO plugin v27.5 - https:\/\/yoast.com\/product\/yoast-seo-wordpress\/ -->\n<title>78 Tage, die alles ver\u00e4ndern k\u00f6nnten - Gradido<\/title>\n<meta name=\"description\" content=\"Stell Dir vor: Mit den ersten Sonnenstrahlen sprengst Du \u2013 wie die Frau auf unserem Titelbild \u2013 die unsichtbaren Ketten der alten Matrix und blickst voller Forschergeist auf das Abenteuer eines neuen Lebens! Es ist der Startpunkt f\u00fcr ein Experiment, das alles ver\u00e4ndern k\u00f6nnte\u2026\" \/>\n<meta name=\"robots\" content=\"index, follow, max-snippet:-1, max-image-preview:large, max-video-preview:-1\" \/>\n<link rel=\"canonical\" href=\"https:\/\/gradido.net\/de\/78-tage-die-alles-veraendern-koennten\/\" \/>\n<meta property=\"og:locale\" content=\"de_DE\" \/>\n<meta property=\"og:type\" content=\"article\" \/>\n<meta property=\"og:title\" content=\"78 Tage, die alles ver\u00e4ndern k\u00f6nnten - Gradido\" \/>\n<meta property=\"og:description\" content=\"Stell Dir vor: Mit den ersten Sonnenstrahlen sprengst Du \u2013 wie die Frau auf unserem Titelbild \u2013 die unsichtbaren Ketten der alten Matrix und blickst voller Forschergeist auf das Abenteuer eines neuen Lebens! Es ist der Startpunkt f\u00fcr ein Experiment, das alles ver\u00e4ndern k\u00f6nnte\u2026\" \/>\n<meta property=\"og:url\" content=\"https:\/\/gradido.net\/de\/78-tage-die-alles-veraendern-koennten\/\" \/>\n<meta property=\"og:site_name\" content=\"Gradido\" \/>\n<meta property=\"article:published_time\" content=\"2025-05-18T06:44:15+00:00\" \/>\n<meta property=\"article:modified_time\" content=\"2026-04-24T05:22:14+00:00\" \/>\n<meta property=\"og:image\" content=\"https:\/\/gradido.net\/wp-content\/uploads\/2025\/05\/Ketten_sprengen.jpg\" \/>\n\t<meta property=\"og:image:width\" content=\"1600\" \/>\n\t<meta property=\"og:image:height\" content=\"900\" \/>\n\t<meta property=\"og:image:type\" content=\"image\/jpeg\" \/>\n<meta name=\"author\" content=\"Bernd H\u00fcckst\u00e4dt\" \/>\n<meta name=\"twitter:card\" content=\"summary_large_image\" \/>\n<meta name=\"twitter:label1\" content=\"Verfasst von\" \/>\n\t<meta name=\"twitter:data1\" content=\"Bernd H\u00fcckst\u00e4dt\" \/>\n\t<meta name=\"twitter:label2\" content=\"Gesch\u00e4tzte Lesezeit\" \/>\n\t<meta name=\"twitter:data2\" content=\"3\u00a0Minuten\" \/>\n<script type=\"application\/ld+json\" class=\"yoast-schema-graph\">{\"@context\":\"https:\\\/\\\/schema.org\",\"@graph\":[{\"@type\":\"Article\",\"@id\":\"https:\\\/\\\/gradido.net\\\/78-tage-die-alles-veraendern-koennten\\\/#article\",\"isPartOf\":{\"@id\":\"https:\\\/\\\/gradido.net\\\/78-tage-die-alles-veraendern-koennten\\\/\"},\"author\":{\"name\":\"Bernd H\u00fcckst\u00e4dt\",\"@id\":\"https:\\\/\\\/gradido.net\\\/de\\\/#\\\/schema\\\/person\\\/9c503a004ad15a1ddecadce2218db5d1\"},\"headline\":\"78 Tage, die alles ver\u00e4ndern k\u00f6nnten\",\"datePublished\":\"2025-05-18T06:44:15+00:00\",\"dateModified\":\"2026-04-24T05:22:14+00:00\",\"mainEntityOfPage\":{\"@id\":\"https:\\\/\\\/gradido.net\\\/78-tage-die-alles-veraendern-koennten\\\/\"},\"wordCount\":461,\"publisher\":{\"@id\":\"https:\\\/\\\/gradido.net\\\/de\\\/#organization\"},\"image\":{\"@id\":\"https:\\\/\\\/gradido.net\\\/78-tage-die-alles-veraendern-koennten\\\/#primaryimage\"},\"thumbnailUrl\":\"https:\\\/\\\/gradido.net\\\/wp-content\\\/uploads\\\/2025\\\/05\\\/Ketten_sprengen.jpg\",\"articleSection\":[\"Blog\",\"Community\"],\"inLanguage\":\"de\"},{\"@type\":\"WebPage\",\"@id\":\"https:\\\/\\\/gradido.net\\\/78-tage-die-alles-veraendern-koennten\\\/\",\"url\":\"https:\\\/\\\/gradido.net\\\/78-tage-die-alles-veraendern-koennten\\\/\",\"name\":\"78 Tage, die alles ver\u00e4ndern k\u00f6nnten - Gradido\",\"isPartOf\":{\"@id\":\"https:\\\/\\\/gradido.net\\\/de\\\/#website\"},\"primaryImageOfPage\":{\"@id\":\"https:\\\/\\\/gradido.net\\\/78-tage-die-alles-veraendern-koennten\\\/#primaryimage\"},\"image\":{\"@id\":\"https:\\\/\\\/gradido.net\\\/78-tage-die-alles-veraendern-koennten\\\/#primaryimage\"},\"thumbnailUrl\":\"https:\\\/\\\/gradido.net\\\/wp-content\\\/uploads\\\/2025\\\/05\\\/Ketten_sprengen.jpg\",\"datePublished\":\"2025-05-18T06:44:15+00:00\",\"dateModified\":\"2026-04-24T05:22:14+00:00\",\"description\":\"Stell Dir vor: Mit den ersten Sonnenstrahlen sprengst Du \u2013 wie die Frau auf unserem Titelbild \u2013 die unsichtbaren Ketten der alten Matrix und blickst voller Forschergeist auf das Abenteuer eines neuen Lebens! Es ist der Startpunkt f\u00fcr ein Experiment, das alles ver\u00e4ndern k\u00f6nnte\u2026\",\"breadcrumb\":{\"@id\":\"https:\\\/\\\/gradido.net\\\/78-tage-die-alles-veraendern-koennten\\\/#breadcrumb\"},\"inLanguage\":\"de\",\"potentialAction\":[{\"@type\":\"ReadAction\",\"target\":[\"https:\\\/\\\/gradido.net\\\/78-tage-die-alles-veraendern-koennten\\\/\"]}]},{\"@type\":\"ImageObject\",\"inLanguage\":\"de\",\"@id\":\"https:\\\/\\\/gradido.net\\\/78-tage-die-alles-veraendern-koennten\\\/#primaryimage\",\"url\":\"https:\\\/\\\/gradido.net\\\/wp-content\\\/uploads\\\/2025\\\/05\\\/Ketten_sprengen.jpg\",\"contentUrl\":\"https:\\\/\\\/gradido.net\\\/wp-content\\\/uploads\\\/2025\\\/05\\\/Ketten_sprengen.jpg\",\"width\":1600,\"height\":900},{\"@type\":\"BreadcrumbList\",\"@id\":\"https:\\\/\\\/gradido.net\\\/78-tage-die-alles-veraendern-koennten\\\/#breadcrumb\",\"itemListElement\":[{\"@type\":\"ListItem\",\"position\":1,\"name\":\"Startseite\",\"item\":\"https:\\\/\\\/gradido.net\\\/\"},{\"@type\":\"ListItem\",\"position\":2,\"name\":\"78 Tage, die alles ver\u00e4ndern k\u00f6nnten\"}]},{\"@type\":\"WebSite\",\"@id\":\"https:\\\/\\\/gradido.net\\\/de\\\/#website\",\"url\":\"https:\\\/\\\/gradido.net\\\/de\\\/\",\"name\":\"Gradido\",\"description\":\"Die neue W\u00e4hrung hei\u00dft Dankbarkeit\",\"publisher\":{\"@id\":\"https:\\\/\\\/gradido.net\\\/de\\\/#organization\"},\"potentialAction\":[{\"@type\":\"SearchAction\",\"target\":{\"@type\":\"EntryPoint\",\"urlTemplate\":\"https:\\\/\\\/gradido.net\\\/de\\\/?s={search_term_string}\"},\"query-input\":{\"@type\":\"PropertyValueSpecification\",\"valueRequired\":true,\"valueName\":\"search_term_string\"}}],\"inLanguage\":\"de\"},{\"@type\":\"Organization\",\"@id\":\"https:\\\/\\\/gradido.net\\\/de\\\/#organization\",\"name\":\"Gradido\",\"url\":\"https:\\\/\\\/gradido.net\\\/de\\\/\",\"logo\":{\"@type\":\"ImageObject\",\"inLanguage\":\"de\",\"@id\":\"https:\\\/\\\/gradido.net\\\/de\\\/#\\\/schema\\\/logo\\\/image\\\/\",\"url\":\"https:\\\/\\\/gradido.net\\\/wp-content\\\/uploads\\\/2022\\\/04\\\/gradido-social.jpg\",\"contentUrl\":\"https:\\\/\\\/gradido.net\\\/wp-content\\\/uploads\\\/2022\\\/04\\\/gradido-social.jpg\",\"width\":527,\"height\":273,\"caption\":\"Gradido\"},\"image\":{\"@id\":\"https:\\\/\\\/gradido.net\\\/de\\\/#\\\/schema\\\/logo\\\/image\\\/\"}},{\"@type\":\"Person\",\"@id\":\"https:\\\/\\\/gradido.net\\\/de\\\/#\\\/schema\\\/person\\\/9c503a004ad15a1ddecadce2218db5d1\",\"name\":\"Bernd H\u00fcckst\u00e4dt\",\"sameAs\":[\"https:\\\/\\\/gradido.net\"],\"url\":\"https:\\\/\\\/gradido.net\\\/de\\\/author\\\/bernd\\\/\"}]}<\/script>\n<!-- \/ Yoast SEO plugin. -->","yoast_head_json":{"title":"78 Tage, die alles ver\u00e4ndern k\u00f6nnten - Gradido","description":"Stell Dir vor: Mit den ersten Sonnenstrahlen sprengst Du \u2013 wie die Frau auf unserem Titelbild \u2013 die unsichtbaren Ketten der alten Matrix und blickst voller Forschergeist auf das Abenteuer eines neuen Lebens! Es ist der Startpunkt f\u00fcr ein Experiment, das alles ver\u00e4ndern k\u00f6nnte\u2026","robots":{"index":"index","follow":"follow","max-snippet":"max-snippet:-1","max-image-preview":"max-image-preview:large","max-video-preview":"max-video-preview:-1"},"canonical":"https:\/\/gradido.net\/de\/78-tage-die-alles-veraendern-koennten\/","og_locale":"de_DE","og_type":"article","og_title":"78 Tage, die alles ver\u00e4ndern k\u00f6nnten - Gradido","og_description":"Stell Dir vor: Mit den ersten Sonnenstrahlen sprengst Du \u2013 wie die Frau auf unserem Titelbild \u2013 die unsichtbaren Ketten der alten Matrix und blickst voller Forschergeist auf das Abenteuer eines neuen Lebens! Es ist der Startpunkt f\u00fcr ein Experiment, das alles ver\u00e4ndern k\u00f6nnte\u2026","og_url":"https:\/\/gradido.net\/de\/78-tage-die-alles-veraendern-koennten\/","og_site_name":"Gradido","article_published_time":"2025-05-18T06:44:15+00:00","article_modified_time":"2026-04-24T05:22:14+00:00","og_image":[{"width":1600,"height":900,"url":"https:\/\/gradido.net\/wp-content\/uploads\/2025\/05\/Ketten_sprengen.jpg","type":"image\/jpeg"}],"author":"Bernd H\u00fcckst\u00e4dt","twitter_card":"summary_large_image","twitter_misc":{"Verfasst von":"Bernd H\u00fcckst\u00e4dt","Gesch\u00e4tzte Lesezeit":"3\u00a0Minuten"},"schema":{"@context":"https:\/\/schema.org","@graph":[{"@type":"Article","@id":"https:\/\/gradido.net\/78-tage-die-alles-veraendern-koennten\/#article","isPartOf":{"@id":"https:\/\/gradido.net\/78-tage-die-alles-veraendern-koennten\/"},"author":{"name":"Bernd H\u00fcckst\u00e4dt","@id":"https:\/\/gradido.net\/de\/#\/schema\/person\/9c503a004ad15a1ddecadce2218db5d1"},"headline":"78 Tage, die alles ver\u00e4ndern k\u00f6nnten","datePublished":"2025-05-18T06:44:15+00:00","dateModified":"2026-04-24T05:22:14+00:00","mainEntityOfPage":{"@id":"https:\/\/gradido.net\/78-tage-die-alles-veraendern-koennten\/"},"wordCount":461,"publisher":{"@id":"https:\/\/gradido.net\/de\/#organization"},"image":{"@id":"https:\/\/gradido.net\/78-tage-die-alles-veraendern-koennten\/#primaryimage"},"thumbnailUrl":"https:\/\/gradido.net\/wp-content\/uploads\/2025\/05\/Ketten_sprengen.jpg","articleSection":["Blog","Community"],"inLanguage":"de"},{"@type":"WebPage","@id":"https:\/\/gradido.net\/78-tage-die-alles-veraendern-koennten\/","url":"https:\/\/gradido.net\/78-tage-die-alles-veraendern-koennten\/","name":"78 Tage, die alles ver\u00e4ndern k\u00f6nnten - Gradido","isPartOf":{"@id":"https:\/\/gradido.net\/de\/#website"},"primaryImageOfPage":{"@id":"https:\/\/gradido.net\/78-tage-die-alles-veraendern-koennten\/#primaryimage"},"image":{"@id":"https:\/\/gradido.net\/78-tage-die-alles-veraendern-koennten\/#primaryimage"},"thumbnailUrl":"https:\/\/gradido.net\/wp-content\/uploads\/2025\/05\/Ketten_sprengen.jpg","datePublished":"2025-05-18T06:44:15+00:00","dateModified":"2026-04-24T05:22:14+00:00","description":"Stell Dir vor: Mit den ersten Sonnenstrahlen sprengst Du \u2013 wie die Frau auf unserem Titelbild \u2013 die unsichtbaren Ketten der alten Matrix und blickst voller Forschergeist auf das Abenteuer eines neuen Lebens! Es ist der Startpunkt f\u00fcr ein Experiment, das alles ver\u00e4ndern k\u00f6nnte\u2026","breadcrumb":{"@id":"https:\/\/gradido.net\/78-tage-die-alles-veraendern-koennten\/#breadcrumb"},"inLanguage":"de","potentialAction":[{"@type":"ReadAction","target":["https:\/\/gradido.net\/78-tage-die-alles-veraendern-koennten\/"]}]},{"@type":"ImageObject","inLanguage":"de","@id":"https:\/\/gradido.net\/78-tage-die-alles-veraendern-koennten\/#primaryimage","url":"https:\/\/gradido.net\/wp-content\/uploads\/2025\/05\/Ketten_sprengen.jpg","contentUrl":"https:\/\/gradido.net\/wp-content\/uploads\/2025\/05\/Ketten_sprengen.jpg","width":1600,"height":900},{"@type":"BreadcrumbList","@id":"https:\/\/gradido.net\/78-tage-die-alles-veraendern-koennten\/#breadcrumb","itemListElement":[{"@type":"ListItem","position":1,"name":"Startseite","item":"https:\/\/gradido.net\/"},{"@type":"ListItem","position":2,"name":"78 Tage, die alles ver\u00e4ndern k\u00f6nnten"}]},{"@type":"WebSite","@id":"https:\/\/gradido.net\/de\/#website","url":"https:\/\/gradido.net\/de\/","name":"Gradido","description":"Die neue W\u00e4hrung hei\u00dft Dankbarkeit","publisher":{"@id":"https:\/\/gradido.net\/de\/#organization"},"potentialAction":[{"@type":"SearchAction","target":{"@type":"EntryPoint","urlTemplate":"https:\/\/gradido.net\/de\/?s={search_term_string}"},"query-input":{"@type":"PropertyValueSpecification","valueRequired":true,"valueName":"search_term_string"}}],"inLanguage":"de"},{"@type":"Organization","@id":"https:\/\/gradido.net\/de\/#organization","name":"Gradido","url":"https:\/\/gradido.net\/de\/","logo":{"@type":"ImageObject","inLanguage":"de","@id":"https:\/\/gradido.net\/de\/#\/schema\/logo\/image\/","url":"https:\/\/gradido.net\/wp-content\/uploads\/2022\/04\/gradido-social.jpg","contentUrl":"https:\/\/gradido.net\/wp-content\/uploads\/2022\/04\/gradido-social.jpg","width":527,"height":273,"caption":"Gradido"},"image":{"@id":"https:\/\/gradido.net\/de\/#\/schema\/logo\/image\/"}},{"@type":"Person","@id":"https:\/\/gradido.net\/de\/#\/schema\/person\/9c503a004ad15a1ddecadce2218db5d1","name":"Bernd H\u00fcckst\u00e4dt","sameAs":["https:\/\/gradido.net"],"url":"https:\/\/gradido.net\/de\/author\/bernd\/"}]}},"_links":{"self":[{"href":"https:\/\/gradido.net\/de\/wp-json\/wp\/v2\/posts\/10383","targetHints":{"allow":["GET"]}}],"collection":[{"href":"https:\/\/gradido.net\/de\/wp-json\/wp\/v2\/posts"}],"about":[{"href":"https:\/\/gradido.net\/de\/wp-json\/wp\/v2\/types\/post"}],"author":[{"embeddable":true,"href":"https:\/\/gradido.net\/de\/wp-json\/wp\/v2\/users\/2"}],"replies":[{"embeddable":true,"href":"https:\/\/gradido.net\/de\/wp-json\/wp\/v2\/comments?post=10383"}],"version-history":[{"count":34,"href":"https:\/\/gradido.net\/de\/wp-json\/wp\/v2\/posts\/10383\/revisions"}],"predecessor-version":[{"id":13575,"href":"https:\/\/gradido.net\/de\/wp-json\/wp\/v2\/posts\/10383\/revisions\/13575"}],"wp:featuredmedia":[{"embeddable":true,"href":"https:\/\/gradido.net\/de\/wp-json\/wp\/v2\/media\/10385"}],"wp:attachment":[{"href":"https:\/\/gradido.net\/de\/wp-json\/wp\/v2\/media?parent=10383"}],"wp:term":[{"taxonomy":"category","embeddable":true,"href":"https:\/\/gradido.net\/de\/wp-json\/wp\/v2\/categories?post=10383"},{"taxonomy":"post_tag","embeddable":true,"href":"https:\/\/gradido.net\/de\/wp-json\/wp\/v2\/tags?post=10383"}],"curies":[{"name":"wp","href":"https:\/\/api.w.org\/{rel}","templated":true}]}}