{"id":1317,"date":"2020-12-08T17:23:44","date_gmt":"2020-12-08T16:23:44","guid":{"rendered":"https:\/\/gradido.net\/?p=1317"},"modified":"2021-12-11T13:03:16","modified_gmt":"2021-12-11T12:03:16","slug":"fairness-und-fuersorge-fuer-corona-jugend","status":"publish","type":"post","link":"https:\/\/gradido.net\/de\/fairness-und-fuersorge-fuer-corona-jugend\/","title":{"rendered":"Fairness und F\u00fcrsorge f\u00fcr \u201aCorona-Jugend\u2018"},"content":{"rendered":"\t\t<div data-elementor-type=\"wp-post\" data-elementor-id=\"1317\" class=\"elementor elementor-1317\" data-elementor-post-type=\"post\">\n\t\t\t\t\t\t<section class=\"elementor-section elementor-top-section elementor-element elementor-element-496e1d53 elementor-section-boxed elementor-section-height-default elementor-section-height-default\" data-id=\"496e1d53\" data-element_type=\"section\" data-e-type=\"section\">\n\t\t\t\t\t\t<div class=\"elementor-container elementor-column-gap-default\">\n\t\t\t\t\t<div class=\"elementor-column elementor-col-100 elementor-top-column elementor-element elementor-element-461d7be0\" data-id=\"461d7be0\" data-element_type=\"column\" data-e-type=\"column\">\n\t\t\t<div class=\"elementor-widget-wrap elementor-element-populated\">\n\t\t\t\t\t\t<div class=\"elementor-element elementor-element-cd9ebe2 elementor-widget elementor-widget-text-editor\" data-id=\"cd9ebe2\" data-element_type=\"widget\" data-e-type=\"widget\" data-widget_type=\"text-editor.default\">\n\t\t\t\t<div class=\"elementor-widget-container\">\n\t\t\t\t\t\t\t\t\t<h2>Alt gegen Jung alternativlos?<\/h2><p><strong>K\u00fcnzelsau, 08.12.2020 \u2013 Verantwortungslose Partymacher oder medaillengeschm\u00fcckte \u201efaule Waschb\u00e4ren\u201c? Medien und Politik haben die Jugend zum S\u00fcndenbock der Corona-Krise gemacht. Nun aber bekommt dieses unsch\u00f6ne Bild Risse. Erste Studien belegen die gro\u00dfe Loyalit\u00e4t und R\u00fccksichtnahme der jungen Generation \u2013 und deren massive Belastung durch Krise und Kontaktverbote. Den oberfl\u00e4chlichen Umgang mit der aktuellen Situation junger Menschen kritisieren die Forscher der Gradido-Akademie als \u201eunfair und verantwortungslos\u201c. Zudem warnt Bernd H\u00fcckst\u00e4dt, der Mitbegr\u00fcnder des Forschungsinstituts f\u00fcr Wirtschaftsbionik, vor verh\u00e4ngnisvollen gesellschaftlichen Folgen: \u201eSelten war die Solidarit\u00e4t der Generationen wichtiger, selten die Gr\u00e4ben zwischen Alt und Jung tiefer. Wenn es uns jetzt nicht gelingt, den Weg f\u00fcr ein verantwortungsvolles Miteinander zu ebnen, wird es auf beiden Seiten nur Verlierer geben \u2013 doch es gibt ein Licht am Ende des Tunnels.\u201c<\/strong><\/p><h3>S\u00fcndenbock? Im Gegenteil!<\/h3><p>Als die Infektionszahlen im Sommer wieder zu steigen begannen, r\u00fcckten die jungen Menschen in den Mittelpunkt der allgemeinen Kritik. Sie wurden als vermeintliche \u201aSuperspreader\u2018 bezichtigt. Die Medien bedienten das Bild der verantwortungslosen \u201aPartymacher\u2018, und die Kanzlerin h\u00f6chstpers\u00f6nlich bat die Jugend, aufs Feiern zu verzichten. Unter dem \u201aHashtag #BesondereHelden\u2018 ver\u00f6ffentlichte die Bundesregierung unl\u00e4ngst sogar drei Videos, die explizit produziert wurden, um junge Menschen f\u00fcr die Einhaltung der Kontaktbeschr\u00e4nkungen zu sensibilisieren. Nun aber zeigen aktuelle Jugendstudien, dass die Jugend in Deutschland zu Unrecht zum S\u00fcndenbock der Krise gemacht worden ist.<\/p><h3>Jugend zeigt Loyalit\u00e4t und Verantwortungsbewusstsein<\/h3><p>Alle Studien sind sich einig, dass die Mehrheit der jungen Menschen hierzulande sich durchaus solidarisch und verantwortungsbewusst verh\u00e4lt. Untersuchungen der Universit\u00e4t Hildesheim, die aktuelle Jugendstudie der TUI-Stiftung und auch die j\u00fcngst ver\u00f6ffentlichte Sonderauswertung \u201aJugend und Corona\u2018 der renommierten Studie \u201aJunge Deutsche 2021\u2018 belegen die gro\u00dfe Bereitschaft der 16- bis 26-J\u00e4hrigen, die Beschr\u00e4nkungen ihres sozialen Lebens zum Wohle der Gemeinschaft einzuhalten. Die Flexibilit\u00e4t und Anpassungsf\u00e4higkeit der jungen Menschen in dieser herausfordernden Situation wird von den Jugendforschern sogar ausdr\u00fccklich gelobt.<\/p><h3>Die Gradido-Akademie erforscht enkeltaugliche Zukunftsmodelle<\/h3><p>\u201eEs ist ein Skandal, dass die Jugend f\u00fcr ihre Freude am Feiern und die Sehnsucht nach Austausch und N\u00e4he pauschal an den Pranger gestellt wird. Die Bedrohung ihrer gesamten gegenw\u00e4rtigen und zuk\u00fcnftigen Lebenswelt wird in Politik und Medien offenbar g\u00e4nzlich ignoriert\u201c, f\u00fchrt H\u00fcckst\u00e4dt aus. Gemeinsam mit Inhaberin Margret Baier hat er vor mehr als 20 Jahren die Gradido-Akademie f\u00fcr Wirtschaftsbionik gegr\u00fcndet. Seither wird dort erforscht, welche Erfolgsmodelle der Natur sich auf reale Wirtschafts- und Finanzmodelle \u00fcbertragen lassen. Im Fokus der jahrzehntelangen Forschung steht das Bestreben, Kindern und Enkeln eine lebenswerte Zukunft zu bescheren. Jetzt sehen die Wirtschaftsbioniker konkreten Handlungsbedarf.<\/p><h3>Junge Menschen verlieren die vertraute Lebenswelt<\/h3><p>Seit Beginn der Kontaktbeschr\u00e4nkungen im Fr\u00fchjahr untersucht der Soziologe Prof. Michael Corsten an der Universit\u00e4t Hildesheim, wie sich die Corona-Krise auf den Lebensweg junger Erwachsener auswirkt. Die Studie \u201aGeneration Corona\u2018 belegt eindrucksvoll, dass fehlende Partys keineswegs das gr\u00f6\u00dfte Problem im Krisenalltag junger Menschen sind. Wirklich belastend ist hingegen die Tatsache, dass ihnen inmitten jener Lebensphase, in der sie die Weichen f\u00fcr ihr berufliches und privates Leben stellen m\u00fcssen, nahezu der gesamte vertraute Boden unter den F\u00fc\u00dfen weggezogen wird. Ganze Branchen drohen der Wirtschaftskrise zum Opfer zu fallen. Vermeintlich aussichtsreiche Ausbidungswege versanden im Nichts. Niemand wei\u00df, welche Unternehmen und Betriebe \u00fcberleben werden, wann wieder regul\u00e4r gelernt und studiert werden kann, und ob die gewohnte Mobilit\u00e4t je wieder m\u00f6glich sein wird. \u201aVernarbungseffekt\u2018 nennen Wirtschaftswissenschaftler das Ph\u00e4nomen, dass die Jugend von heute m\u00f6glicherweise ihr gesamtes k\u00fcnftiges Erwerbsleben lang unter den aktuellen schlechten Startbedingungen leiden wird.<\/p><h3>L\u00f6sungsans\u00e4tze statt Schuldzuweisungen <\/h3><p>Angesichts dieser drohenden Konsequenzen verwundert es nicht, dass Jugendliche \u201aCorona\u2018 mit Verunsicherung, Angst und Trauer assoziieren. Sie f\u00fcrchten um ihre eigenen privaten und beruflichen Zukunftsaussichten und die wirtschaftliche und soziale Existenz ihrer Familien. \u201eWir d\u00fcrfen nicht zulassen, dass die Jugend zum gro\u00dfen Verlierer dieser Krise wird\u201c, fordert Bernd H\u00fcckst\u00e4dt, \u201edenn sie verdient eine faire Chance auf ein erf\u00fclltes Leben.&#8221; Margret Baier erg\u00e4nzt: \u201eWir brauchen jetzt keine Schuldzuweisungen, sondern innovative L\u00f6sungsans\u00e4tze f\u00fcr die gemeinsame Zukunft von Alt und Jung.\u201c<\/p><h3>Grundeinkommen gegen Grundverunsicherung<\/h3><p>Der gro\u00dfen Verunsicherung und Zukunftsangst setzen die Wirtschaftsbioniker der Gradido-Akademie ihr \u201aGradido-Modell\u2018 entgegen. Das Modell basiert auf der Gemeinwohlw\u00e4hrung \u201aGradido\u2018, verabschiedet sich mit seiner Art der Geldsch\u00f6pfung g\u00e4nzlich vom bisherigen Schuldgeldprinzip und verf\u00fcgt \u00fcber einen integrierten Krisen-Rettungsschirm auf Basis eines \u201aAktiven Grundeinkommens\u2018. \u201eMit unserem Modell k\u00f6nnen wir die Krise erfolgreich meistern und jungen wie alten Menschen eine lebenswerte Zukunft bescheren\u201c, unterstreichen Baier und H\u00fcckst\u00e4dt.<\/p><h3>Krise als Chance f\u00fcr nachhaltige Kurskorrektur<\/h3><p>Corona ist laut H\u00fcckst\u00e4dt nicht die Ursache f\u00fcr all die Probleme, die gerade \u00fcberdeutlich hervortreten. Vielmehr betrachtet er das Virus als eine Art Brandbeschleuniger f\u00fcr den Zerfall des maroden Wirtschafts- und Finanzsystems. Die Religionswissenschaftlerin Mirjam Schambeck erg\u00e4nzt: \u201eDie \u00c4ngste und Fragen, die Corona provoziert, werfen ein Schlaglicht auf die in Deutschland polarisierte Sozialstruktur.\u201c Jugendforscher Corsten sieht in der aktuellen Notwendigkeit, sich auf Provisorien einzulassen und Geduld f\u00fcrs Warten zu erlernen, aber auch die Chance, eine Offenheit f\u00fcr alternative Lebensmodelle zu entwickeln.<\/p><h3>Neue Welt braucht neue Wege<\/h3><p>Das Gradido-Modell ebnet den Weg zu solchen neuen Lebensmodellen durch die \u201aBedingungslose Teilhabe\u2018 Aller am gemeinschaftlichen Leben. H\u00fcckst\u00e4dt erl\u00e4utert: \u201eDas ethische Grundprinzip von Gradido basiert auf dem \u201aDreifachen Wohl\u2018, also darauf, das Wohl des Einzelnen mit dem der Gemeinschaft und dem gro\u00dfen Ganzen \u2013 im Sinne der Natur und Umwelt \u2013 in Einklang zu bringen. Der Einzelne ist Teil der Gemeinschaft, und diese wiederum Teil des \u201aGro\u00dfen Ganzen\u2018, des \u00d6kosystems. Ein Gradido hat etwa den Wert eines Euro. Pro Kopf werden pro Monat 3 \u00d7 1.000 Gradido gesch\u00f6pft. Jeweils 1.000 Gradido f\u00fcr das \u201aAktive Grundeinkommen\u2018, f\u00fcr den \u00f6ffentlichen Haushalt und den \u201a Ausgleichs- und Umweltfonds.&#8221;<\/p><h3>Staatsverschuldung auf Kosten k\u00fcnftiger Generationen ist tabu<\/h3><p>Die Gemeinwohlw\u00e4hrung Gradido (GDD) wird f\u00fcr jeden Menschen als Guthaben gesch\u00f6pft, ohne dass dadurch Schulden entstehen. Gradido orientiert sich damit am Vorbild der Natur, um Kindern und Enkeln eine lebenswerte schuldenfreie Zukunft zu bescheren. Der bisherige Konflikt, der daraus resultierte, dass heutige Generationen Schuldenberge f\u00fcr k\u00fcnftige auft\u00fcrmten, ist damit Geschichte. \u201eF\u00fcr die Jugend k\u00f6nnte unser neues Wirtschafts- und Finanzmodell zukunftsweisend sein\u201c, betont H\u00fcckst\u00e4dt, \u201eund wir sehen es als unsere wichtigste Aufgabe, ihr die Freude am Leben und Lernen und das Vertrauen in sich und eine gute Zukunft zu erhalten.\u201c<\/p><h3>Sicherheit ein Leben lang<\/h3><p>Das \u201aAktive Grundeinkommen\u2018 sichert die Grundversorgung aller Menschen und beseitigt damit die fortw\u00e4hrende Existenz- und Zukunftsangst, die das Immunsystem schw\u00e4cht und die Psyche belastet. Es schafft so eine solide Basis f\u00fcr die bestm\u00f6gliche pers\u00f6nliche und berufliche Entwicklung. Die \u201aBedingungslose Teilhabe\u2018, die auch Kindern und Heranwachsenden die M\u00f6glichkeit gibt, sich f\u00fcr ihr \u201aAktives Grundeinkommen\u2018 in die Gemeinschaft einzubringen, er\u00f6ffnet nie gekannte M\u00f6glichkeiten, sich in verschiedensten Bereichen zu erproben, zu entwickeln und bei Bedarf auch zu ver\u00e4ndern. Dabei sichert das &#8216;Aktive Grundeinkommen&#8217; den Lebensunterhalt auch bereits w\u00e4hrend der Ausbildung. \u201eMit Gradido entsteht somit die beste Basis daf\u00fcr, dass jeder Mensch zu seinem verbrieften Recht auf gesunde Entwicklung, Bildung und Weiterbildung kommt und wir jede Krise solidarisch meistern k\u00f6nnen\u201c, unterstreicht H\u00fcckst\u00e4dt.<\/p><p>Details zum vollst\u00e4ndigen \u201aGradido-Modell\u2019 unter <a href=\"https:\/\/gradido.net\">https:\/\/gradido.net<\/a><\/p><p><!-- \/wp:paragraph --><\/p>\t\t\t\t\t\t\t\t<\/div>\n\t\t\t\t<\/div>\n\t\t\t\t<div class=\"elementor-element elementor-element-e9ff241 elementor-widget elementor-widget-text-editor\" data-id=\"e9ff241\" data-element_type=\"widget\" data-e-type=\"widget\" data-widget_type=\"text-editor.default\">\n\t\t\t\t<div class=\"elementor-widget-container\">\n\t\t\t\t\t\t\t\t\t<p><strong>\u00dcber die Gradido-Akademie<\/strong><br>Die Gradido-Akademie f\u00fcr Wirtschaftsbionik hat eine alternative \u201aGemeinwohlw\u00e4hrung\u2018 entwickelt, die sich an den Vorbildern der Natur orientiert. Die Natur folgt der Regel, dass nur dort, wo etwas vergeht, Neues entstehen kann und so langfristige Verbesserung (Evolution) m\u00f6glich ist. Ihr Erfolgsrezept ist der \u201aKreislauf des Lebens\u2018. W\u00fcrde auch unsere Wirtschaft diesem nat\u00fcrlichen Kreislauf folgen, lie\u00dfen sich damit nach Einsch\u00e4tzung der Wirtschaftsbioniker praktisch alle geldbedingten Probleme der Welt l\u00f6sen. Das Gradido-Modell basiert auf der Idee, dass nicht nur jeder Mensch, sondern auch jeder Staat ein auf Guthabenbasis gesch\u00f6pftes Einkommen erh\u00e4lt. Er kann damit all seine Aufgaben erf\u00fcllen, ohne Steuern einzufordern. Deflation oder Inflation geh\u00f6ren der Vergangenheit an. Die Wirtschaft ist vom st\u00e4ndigen Wachstumszwang befreit, die Gefahr eines Kollabierens des Finanzsystems endg\u00fcltig gebannt. (<a href=\"https:\/\/gradido.net\">www.gradido.net<\/a>)<\/p>\t\t\t\t\t\t\t\t<\/div>\n\t\t\t\t<\/div>\n\t\t\t\t\t<\/div>\n\t\t<\/div>\n\t\t\t\t\t<\/div>\n\t\t<\/section>\n\t\t\t\t<\/div>\n\t\t","protected":false},"excerpt":{"rendered":"<p>Alt gegen Jung alternativlos? K\u00fcnzelsau, 08.12.2020 \u2013 Verantwortungslose Partymacher oder medaillengeschm\u00fcckte \u201efaule Waschb\u00e4ren\u201c? Medien und Politik haben die Jugend zum S\u00fcndenbock der Corona-Krise gemacht. Nun aber bekommt dieses unsch\u00f6ne Bild Risse. Erste Studien belegen die gro\u00dfe Loyalit\u00e4t und R\u00fccksichtnahme der jungen Generation \u2013 und deren massive Belastung durch Krise und Kontaktverbote. Den oberfl\u00e4chlichen Umgang mit [&hellip;]<\/p>\n","protected":false},"author":2,"featured_media":1339,"comment_status":"closed","ping_status":"closed","sticky":false,"template":"","format":"standard","meta":{"footnotes":""},"categories":[8],"tags":[22],"class_list":["post-1317","post","type-post","status-publish","format-standard","has-post-thumbnail","hentry","category-pressemitteilung","tag-bild-oben"],"yoast_head":"<!-- This site is optimized with the Yoast SEO plugin v27.5 - https:\/\/yoast.com\/product\/yoast-seo-wordpress\/ -->\n<title>Fairness und F\u00fcrsorge f\u00fcr \u201aCorona-Jugend\u2018 - Gradido<\/title>\n<meta name=\"robots\" content=\"index, follow, max-snippet:-1, max-image-preview:large, max-video-preview:-1\" \/>\n<link rel=\"canonical\" href=\"https:\/\/gradido.net\/de\/fairness-und-fuersorge-fuer-corona-jugend\/\" \/>\n<meta property=\"og:locale\" content=\"de_DE\" \/>\n<meta property=\"og:type\" content=\"article\" \/>\n<meta property=\"og:title\" content=\"Fairness und F\u00fcrsorge f\u00fcr \u201aCorona-Jugend\u2018 - Gradido\" \/>\n<meta property=\"og:description\" content=\"Alt gegen Jung alternativlos? K\u00fcnzelsau, 08.12.2020 \u2013 Verantwortungslose Partymacher oder medaillengeschm\u00fcckte \u201efaule Waschb\u00e4ren\u201c? Medien und Politik haben die Jugend zum S\u00fcndenbock der Corona-Krise gemacht. Nun aber bekommt dieses unsch\u00f6ne Bild Risse. Erste Studien belegen die gro\u00dfe Loyalit\u00e4t und R\u00fccksichtnahme der jungen Generation \u2013 und deren massive Belastung durch Krise und Kontaktverbote. Den oberfl\u00e4chlichen Umgang mit [&hellip;]\" \/>\n<meta property=\"og:url\" content=\"https:\/\/gradido.net\/de\/fairness-und-fuersorge-fuer-corona-jugend\/\" \/>\n<meta property=\"og:site_name\" content=\"Gradido\" \/>\n<meta property=\"article:published_time\" content=\"2020-12-08T16:23:44+00:00\" \/>\n<meta property=\"article:modified_time\" content=\"2021-12-11T12:03:16+00:00\" \/>\n<meta property=\"og:image\" content=\"https:\/\/gradido.net\/wp-content\/uploads\/2020\/12\/corona_solidaritaet_jugend-1.jpg\" \/>\n\t<meta property=\"og:image:width\" content=\"1459\" \/>\n\t<meta property=\"og:image:height\" content=\"990\" \/>\n\t<meta property=\"og:image:type\" content=\"image\/jpeg\" \/>\n<meta name=\"author\" content=\"Bernd H\u00fcckst\u00e4dt\" \/>\n<meta name=\"twitter:card\" content=\"summary_large_image\" \/>\n<meta name=\"twitter:label1\" content=\"Verfasst von\" \/>\n\t<meta name=\"twitter:data1\" content=\"Bernd H\u00fcckst\u00e4dt\" \/>\n\t<meta name=\"twitter:label2\" content=\"Gesch\u00e4tzte Lesezeit\" \/>\n\t<meta name=\"twitter:data2\" content=\"7\u00a0Minuten\" \/>\n<script type=\"application\/ld+json\" class=\"yoast-schema-graph\">{\"@context\":\"https:\\\/\\\/schema.org\",\"@graph\":[{\"@type\":\"Article\",\"@id\":\"https:\\\/\\\/gradido.net\\\/bg\\\/fairness-und-fuersorge-fuer-corona-jugend\\\/#article\",\"isPartOf\":{\"@id\":\"https:\\\/\\\/gradido.net\\\/bg\\\/fairness-und-fuersorge-fuer-corona-jugend\\\/\"},\"author\":{\"name\":\"Bernd H\u00fcckst\u00e4dt\",\"@id\":\"https:\\\/\\\/gradido.net\\\/de\\\/#\\\/schema\\\/person\\\/9c503a004ad15a1ddecadce2218db5d1\"},\"headline\":\"Fairness und F\u00fcrsorge f\u00fcr \u201aCorona-Jugend\u2018\",\"datePublished\":\"2020-12-08T16:23:44+00:00\",\"dateModified\":\"2021-12-11T12:03:16+00:00\",\"mainEntityOfPage\":{\"@id\":\"https:\\\/\\\/gradido.net\\\/bg\\\/fairness-und-fuersorge-fuer-corona-jugend\\\/\"},\"wordCount\":1384,\"publisher\":{\"@id\":\"https:\\\/\\\/gradido.net\\\/de\\\/#organization\"},\"image\":{\"@id\":\"https:\\\/\\\/gradido.net\\\/bg\\\/fairness-und-fuersorge-fuer-corona-jugend\\\/#primaryimage\"},\"thumbnailUrl\":\"https:\\\/\\\/gradido.net\\\/wp-content\\\/uploads\\\/2020\\\/12\\\/corona_solidaritaet_jugend-1.jpg\",\"keywords\":[\"Bild oben\"],\"articleSection\":[\"Pressemitteilung\"],\"inLanguage\":\"de\"},{\"@type\":\"WebPage\",\"@id\":\"https:\\\/\\\/gradido.net\\\/bg\\\/fairness-und-fuersorge-fuer-corona-jugend\\\/\",\"url\":\"https:\\\/\\\/gradido.net\\\/bg\\\/fairness-und-fuersorge-fuer-corona-jugend\\\/\",\"name\":\"Fairness und F\u00fcrsorge f\u00fcr \u201aCorona-Jugend\u2018 - Gradido\",\"isPartOf\":{\"@id\":\"https:\\\/\\\/gradido.net\\\/de\\\/#website\"},\"primaryImageOfPage\":{\"@id\":\"https:\\\/\\\/gradido.net\\\/bg\\\/fairness-und-fuersorge-fuer-corona-jugend\\\/#primaryimage\"},\"image\":{\"@id\":\"https:\\\/\\\/gradido.net\\\/bg\\\/fairness-und-fuersorge-fuer-corona-jugend\\\/#primaryimage\"},\"thumbnailUrl\":\"https:\\\/\\\/gradido.net\\\/wp-content\\\/uploads\\\/2020\\\/12\\\/corona_solidaritaet_jugend-1.jpg\",\"datePublished\":\"2020-12-08T16:23:44+00:00\",\"dateModified\":\"2021-12-11T12:03:16+00:00\",\"breadcrumb\":{\"@id\":\"https:\\\/\\\/gradido.net\\\/bg\\\/fairness-und-fuersorge-fuer-corona-jugend\\\/#breadcrumb\"},\"inLanguage\":\"de\",\"potentialAction\":[{\"@type\":\"ReadAction\",\"target\":[\"https:\\\/\\\/gradido.net\\\/bg\\\/fairness-und-fuersorge-fuer-corona-jugend\\\/\"]}]},{\"@type\":\"ImageObject\",\"inLanguage\":\"de\",\"@id\":\"https:\\\/\\\/gradido.net\\\/bg\\\/fairness-und-fuersorge-fuer-corona-jugend\\\/#primaryimage\",\"url\":\"https:\\\/\\\/gradido.net\\\/wp-content\\\/uploads\\\/2020\\\/12\\\/corona_solidaritaet_jugend-1.jpg\",\"contentUrl\":\"https:\\\/\\\/gradido.net\\\/wp-content\\\/uploads\\\/2020\\\/12\\\/corona_solidaritaet_jugend-1.jpg\",\"width\":1459,\"height\":990},{\"@type\":\"BreadcrumbList\",\"@id\":\"https:\\\/\\\/gradido.net\\\/bg\\\/fairness-und-fuersorge-fuer-corona-jugend\\\/#breadcrumb\",\"itemListElement\":[{\"@type\":\"ListItem\",\"position\":1,\"name\":\"Startseite\",\"item\":\"https:\\\/\\\/gradido.net\\\/\"},{\"@type\":\"ListItem\",\"position\":2,\"name\":\"Fairness und F\u00fcrsorge f\u00fcr \u201aCorona-Jugend\u2018\"}]},{\"@type\":\"WebSite\",\"@id\":\"https:\\\/\\\/gradido.net\\\/de\\\/#website\",\"url\":\"https:\\\/\\\/gradido.net\\\/de\\\/\",\"name\":\"Gradido\",\"description\":\"Die neue W\u00e4hrung hei\u00dft Dankbarkeit\",\"publisher\":{\"@id\":\"https:\\\/\\\/gradido.net\\\/de\\\/#organization\"},\"potentialAction\":[{\"@type\":\"SearchAction\",\"target\":{\"@type\":\"EntryPoint\",\"urlTemplate\":\"https:\\\/\\\/gradido.net\\\/de\\\/?s={search_term_string}\"},\"query-input\":{\"@type\":\"PropertyValueSpecification\",\"valueRequired\":true,\"valueName\":\"search_term_string\"}}],\"inLanguage\":\"de\"},{\"@type\":\"Organization\",\"@id\":\"https:\\\/\\\/gradido.net\\\/de\\\/#organization\",\"name\":\"Gradido\",\"url\":\"https:\\\/\\\/gradido.net\\\/de\\\/\",\"logo\":{\"@type\":\"ImageObject\",\"inLanguage\":\"de\",\"@id\":\"https:\\\/\\\/gradido.net\\\/de\\\/#\\\/schema\\\/logo\\\/image\\\/\",\"url\":\"https:\\\/\\\/gradido.net\\\/wp-content\\\/uploads\\\/2022\\\/04\\\/gradido-social.jpg\",\"contentUrl\":\"https:\\\/\\\/gradido.net\\\/wp-content\\\/uploads\\\/2022\\\/04\\\/gradido-social.jpg\",\"width\":527,\"height\":273,\"caption\":\"Gradido\"},\"image\":{\"@id\":\"https:\\\/\\\/gradido.net\\\/de\\\/#\\\/schema\\\/logo\\\/image\\\/\"}},{\"@type\":\"Person\",\"@id\":\"https:\\\/\\\/gradido.net\\\/de\\\/#\\\/schema\\\/person\\\/9c503a004ad15a1ddecadce2218db5d1\",\"name\":\"Bernd H\u00fcckst\u00e4dt\",\"sameAs\":[\"https:\\\/\\\/gradido.net\"],\"url\":\"https:\\\/\\\/gradido.net\\\/de\\\/author\\\/bernd\\\/\"}]}<\/script>\n<!-- \/ Yoast SEO plugin. -->","yoast_head_json":{"title":"Fairness und F\u00fcrsorge f\u00fcr \u201aCorona-Jugend\u2018 - Gradido","robots":{"index":"index","follow":"follow","max-snippet":"max-snippet:-1","max-image-preview":"max-image-preview:large","max-video-preview":"max-video-preview:-1"},"canonical":"https:\/\/gradido.net\/de\/fairness-und-fuersorge-fuer-corona-jugend\/","og_locale":"de_DE","og_type":"article","og_title":"Fairness und F\u00fcrsorge f\u00fcr \u201aCorona-Jugend\u2018 - Gradido","og_description":"Alt gegen Jung alternativlos? K\u00fcnzelsau, 08.12.2020 \u2013 Verantwortungslose Partymacher oder medaillengeschm\u00fcckte \u201efaule Waschb\u00e4ren\u201c? Medien und Politik haben die Jugend zum S\u00fcndenbock der Corona-Krise gemacht. Nun aber bekommt dieses unsch\u00f6ne Bild Risse. Erste Studien belegen die gro\u00dfe Loyalit\u00e4t und R\u00fccksichtnahme der jungen Generation \u2013 und deren massive Belastung durch Krise und Kontaktverbote. Den oberfl\u00e4chlichen Umgang mit [&hellip;]","og_url":"https:\/\/gradido.net\/de\/fairness-und-fuersorge-fuer-corona-jugend\/","og_site_name":"Gradido","article_published_time":"2020-12-08T16:23:44+00:00","article_modified_time":"2021-12-11T12:03:16+00:00","og_image":[{"width":1459,"height":990,"url":"https:\/\/gradido.net\/wp-content\/uploads\/2020\/12\/corona_solidaritaet_jugend-1.jpg","type":"image\/jpeg"}],"author":"Bernd H\u00fcckst\u00e4dt","twitter_card":"summary_large_image","twitter_misc":{"Verfasst von":"Bernd H\u00fcckst\u00e4dt","Gesch\u00e4tzte Lesezeit":"7\u00a0Minuten"},"schema":{"@context":"https:\/\/schema.org","@graph":[{"@type":"Article","@id":"https:\/\/gradido.net\/bg\/fairness-und-fuersorge-fuer-corona-jugend\/#article","isPartOf":{"@id":"https:\/\/gradido.net\/bg\/fairness-und-fuersorge-fuer-corona-jugend\/"},"author":{"name":"Bernd H\u00fcckst\u00e4dt","@id":"https:\/\/gradido.net\/de\/#\/schema\/person\/9c503a004ad15a1ddecadce2218db5d1"},"headline":"Fairness und F\u00fcrsorge f\u00fcr \u201aCorona-Jugend\u2018","datePublished":"2020-12-08T16:23:44+00:00","dateModified":"2021-12-11T12:03:16+00:00","mainEntityOfPage":{"@id":"https:\/\/gradido.net\/bg\/fairness-und-fuersorge-fuer-corona-jugend\/"},"wordCount":1384,"publisher":{"@id":"https:\/\/gradido.net\/de\/#organization"},"image":{"@id":"https:\/\/gradido.net\/bg\/fairness-und-fuersorge-fuer-corona-jugend\/#primaryimage"},"thumbnailUrl":"https:\/\/gradido.net\/wp-content\/uploads\/2020\/12\/corona_solidaritaet_jugend-1.jpg","keywords":["Bild oben"],"articleSection":["Pressemitteilung"],"inLanguage":"de"},{"@type":"WebPage","@id":"https:\/\/gradido.net\/bg\/fairness-und-fuersorge-fuer-corona-jugend\/","url":"https:\/\/gradido.net\/bg\/fairness-und-fuersorge-fuer-corona-jugend\/","name":"Fairness und F\u00fcrsorge f\u00fcr \u201aCorona-Jugend\u2018 - Gradido","isPartOf":{"@id":"https:\/\/gradido.net\/de\/#website"},"primaryImageOfPage":{"@id":"https:\/\/gradido.net\/bg\/fairness-und-fuersorge-fuer-corona-jugend\/#primaryimage"},"image":{"@id":"https:\/\/gradido.net\/bg\/fairness-und-fuersorge-fuer-corona-jugend\/#primaryimage"},"thumbnailUrl":"https:\/\/gradido.net\/wp-content\/uploads\/2020\/12\/corona_solidaritaet_jugend-1.jpg","datePublished":"2020-12-08T16:23:44+00:00","dateModified":"2021-12-11T12:03:16+00:00","breadcrumb":{"@id":"https:\/\/gradido.net\/bg\/fairness-und-fuersorge-fuer-corona-jugend\/#breadcrumb"},"inLanguage":"de","potentialAction":[{"@type":"ReadAction","target":["https:\/\/gradido.net\/bg\/fairness-und-fuersorge-fuer-corona-jugend\/"]}]},{"@type":"ImageObject","inLanguage":"de","@id":"https:\/\/gradido.net\/bg\/fairness-und-fuersorge-fuer-corona-jugend\/#primaryimage","url":"https:\/\/gradido.net\/wp-content\/uploads\/2020\/12\/corona_solidaritaet_jugend-1.jpg","contentUrl":"https:\/\/gradido.net\/wp-content\/uploads\/2020\/12\/corona_solidaritaet_jugend-1.jpg","width":1459,"height":990},{"@type":"BreadcrumbList","@id":"https:\/\/gradido.net\/bg\/fairness-und-fuersorge-fuer-corona-jugend\/#breadcrumb","itemListElement":[{"@type":"ListItem","position":1,"name":"Startseite","item":"https:\/\/gradido.net\/"},{"@type":"ListItem","position":2,"name":"Fairness und F\u00fcrsorge f\u00fcr \u201aCorona-Jugend\u2018"}]},{"@type":"WebSite","@id":"https:\/\/gradido.net\/de\/#website","url":"https:\/\/gradido.net\/de\/","name":"Gradido","description":"Die neue W\u00e4hrung hei\u00dft Dankbarkeit","publisher":{"@id":"https:\/\/gradido.net\/de\/#organization"},"potentialAction":[{"@type":"SearchAction","target":{"@type":"EntryPoint","urlTemplate":"https:\/\/gradido.net\/de\/?s={search_term_string}"},"query-input":{"@type":"PropertyValueSpecification","valueRequired":true,"valueName":"search_term_string"}}],"inLanguage":"de"},{"@type":"Organization","@id":"https:\/\/gradido.net\/de\/#organization","name":"Gradido","url":"https:\/\/gradido.net\/de\/","logo":{"@type":"ImageObject","inLanguage":"de","@id":"https:\/\/gradido.net\/de\/#\/schema\/logo\/image\/","url":"https:\/\/gradido.net\/wp-content\/uploads\/2022\/04\/gradido-social.jpg","contentUrl":"https:\/\/gradido.net\/wp-content\/uploads\/2022\/04\/gradido-social.jpg","width":527,"height":273,"caption":"Gradido"},"image":{"@id":"https:\/\/gradido.net\/de\/#\/schema\/logo\/image\/"}},{"@type":"Person","@id":"https:\/\/gradido.net\/de\/#\/schema\/person\/9c503a004ad15a1ddecadce2218db5d1","name":"Bernd H\u00fcckst\u00e4dt","sameAs":["https:\/\/gradido.net"],"url":"https:\/\/gradido.net\/de\/author\/bernd\/"}]}},"_links":{"self":[{"href":"https:\/\/gradido.net\/de\/wp-json\/wp\/v2\/posts\/1317","targetHints":{"allow":["GET"]}}],"collection":[{"href":"https:\/\/gradido.net\/de\/wp-json\/wp\/v2\/posts"}],"about":[{"href":"https:\/\/gradido.net\/de\/wp-json\/wp\/v2\/types\/post"}],"author":[{"embeddable":true,"href":"https:\/\/gradido.net\/de\/wp-json\/wp\/v2\/users\/2"}],"replies":[{"embeddable":true,"href":"https:\/\/gradido.net\/de\/wp-json\/wp\/v2\/comments?post=1317"}],"version-history":[{"count":14,"href":"https:\/\/gradido.net\/de\/wp-json\/wp\/v2\/posts\/1317\/revisions"}],"predecessor-version":[{"id":3748,"href":"https:\/\/gradido.net\/de\/wp-json\/wp\/v2\/posts\/1317\/revisions\/3748"}],"wp:featuredmedia":[{"embeddable":true,"href":"https:\/\/gradido.net\/de\/wp-json\/wp\/v2\/media\/1339"}],"wp:attachment":[{"href":"https:\/\/gradido.net\/de\/wp-json\/wp\/v2\/media?parent=1317"}],"wp:term":[{"taxonomy":"category","embeddable":true,"href":"https:\/\/gradido.net\/de\/wp-json\/wp\/v2\/categories?post=1317"},{"taxonomy":"post_tag","embeddable":true,"href":"https:\/\/gradido.net\/de\/wp-json\/wp\/v2\/tags?post=1317"}],"curies":[{"name":"wp","href":"https:\/\/api.w.org\/{rel}","templated":true}]}}