{"id":13478,"date":"2026-05-03T05:33:37","date_gmt":"2026-05-03T03:33:37","guid":{"rendered":"https:\/\/gradido.net\/?p=13478"},"modified":"2026-05-03T06:41:03","modified_gmt":"2026-05-03T04:41:03","slug":"kann-gradido-deutschland-vor-dem-staatsbankrott-retten","status":"publish","type":"post","link":"https:\/\/gradido.net\/de\/kann-gradido-deutschland-vor-dem-staatsbankrott-retten\/","title":{"rendered":"Kann Gradido Deutschland vor dem Staatsbankrott retten?"},"content":{"rendered":"\t\t<div data-elementor-type=\"wp-post\" data-elementor-id=\"13478\" class=\"elementor elementor-13478\" data-elementor-post-type=\"post\">\n\t\t\t\t\t\t<section class=\"elementor-section elementor-top-section elementor-element elementor-element-496e1d53 elementor-section-boxed elementor-section-height-default elementor-section-height-default\" data-id=\"496e1d53\" data-element_type=\"section\" data-e-type=\"section\">\n\t\t\t\t\t\t<div class=\"elementor-container elementor-column-gap-default\">\n\t\t\t\t\t<div class=\"elementor-column elementor-col-100 elementor-top-column elementor-element elementor-element-461d7be0\" data-id=\"461d7be0\" data-element_type=\"column\" data-e-type=\"column\">\n\t\t\t<div class=\"elementor-widget-wrap elementor-element-populated\">\n\t\t\t\t\t\t<div class=\"elementor-element elementor-element-cd9ebe2 elementor-widget elementor-widget-text-editor\" data-id=\"cd9ebe2\" data-element_type=\"widget\" data-e-type=\"widget\" data-widget_type=\"text-editor.default\">\n\t\t\t\t<div class=\"elementor-widget-container\">\n\t\t\t\t\t\t\t\t\t<h2 id=\"eine-vertiefte-analyse-der-deutschen-schuldenkrise\" class=\"font-editorial font-bold mb-2 mt-4 [.has-inline-images_&amp;]:clear-end text-lg first:mt-0 md:text-lg [hr+&amp;]:mt-4\">Eine vertiefte Analyse der deutschen Schuldenkrise und des Gradido-L\u00f6sungsansatzes<\/h2><hr class=\"bg-quiet h-px border-0\" \/><p style=\"text-align: left;\"><em>Der Text spiegelt die Recherche- und Analyseergebnisse der KI-Anwendung &#8220;Perplexity&#8221; wider und stellt keine Meinungs\u00e4u\u00dferung von Gradido dar. Er dient der Information und als Impuls zur weiteren Diskussion<\/em>.<\/p><div class=\"mx-auto flex flex-col pointer-events-auto max-w-threadContentWidth gap-md md:gap-lg\"><div class=\"flex flex-col\"><div class=\"flex flex-col gap-md @3xl:gap-lg w-full\"><div class=\"w-full\"><div class=\"w-full flex flex-col\"><div id=\"radix-_r_5m_-content-default\" class=\"focus:outline-none\" tabindex=\"0\" role=\"tabpanel\" data-state=\"active\" data-orientation=\"horizontal\" aria-labelledby=\"radix-_r_5m_-trigger-default\"><div class=\"flex flex-col @3xl:gap-y-lg gap-y-md\"><div class=\"gap-y-sm flex flex-col\"><div><div class=\"relative font-sans text-base text-foreground selection:bg-super\/50 selection:text-foreground dark:selection:bg-super\/10 dark:selection:text-super\"><div class=\"min-w-0 break-words [word-break:break-word]\"><div id=\"markdown-content-0\" class=\"gap-y-md after:clear-both after:block after:content-['']\" dir=\"auto\"><div class=\"has-inline-images my-2 first:mt-0 [&amp;:has([data-inline-type=image])+&amp;:has([data-inline-type=image])_[data-inline-type=image]]:hidden [&amp;:has(table)_[data-inline-type=image]]:hidden\"><div><div class=\"prose dark:prose-invert inline leading-relaxed break-words min-w-0 [word-break:break-word] prose-strong:font-bold [&amp;_&gt;*:first-child]:mt-0 [&amp;_&gt;*:last-child]:mb-0\"><h3 data-renderer=\"lm\"><span style=\"font-family: -apple-system, BlinkMacSystemFont, 'Segoe UI', Roboto, 'Helvetica Neue', Arial, 'Noto Sans', sans-serif, 'Apple Color Emoji', 'Segoe UI Emoji', 'Segoe UI Symbol', 'Noto Color Emoji';\">Die wichtigsten Erkenntnisse auf einen Blick<\/span><\/h3><\/div><\/div><\/div><\/div><\/div><\/div><\/div><\/div><\/div><\/div><\/div><\/div><\/div><\/div><\/div><div class=\"font-sans text-sm text-quiet selection:bg-super\/50 selection:text-foreground dark:selection:bg-super\/10 dark:selection:text-super\"><div class=\"relative font-sans text-base text-foreground selection:bg-super\/50 selection:text-foreground dark:selection:bg-super\/10 dark:selection:text-super\"><div class=\"min-w-0 break-words [word-break:break-word]\"><div id=\"markdown-content-14\" class=\"gap-y-md after:clear-both after:block after:content-['']\" dir=\"auto\"><div class=\"has-inline-images my-2 first:mt-0 [&amp;:has([data-inline-type=image])+&amp;:has([data-inline-type=image])_[data-inline-type=image]]:hidden [&amp;:has(table)_[data-inline-type=image]]:hidden\"><div class=\"prose dark:prose-invert inline leading-relaxed break-words min-w-0 [word-break:break-word] prose-strong:font-bold [&amp;_&gt;*:first-child]:mt-0 [&amp;_&gt;*:last-child]:mb-0\"><div class=\"mx-auto flex flex-col pointer-events-auto max-w-threadContentWidth gap-md md:gap-lg\"><div class=\"flex flex-col\"><div class=\"flex flex-col gap-md @3xl:gap-lg w-full\"><div class=\"w-full\"><div class=\"w-full flex flex-col\"><div id=\"radix-_r_108_-content-default\" class=\"focus:outline-none\" tabindex=\"0\" role=\"tabpanel\" data-state=\"active\" data-orientation=\"horizontal\" aria-labelledby=\"radix-_r_108_-trigger-default\"><div class=\"flex flex-col @3xl:gap-y-lg gap-y-md\"><div class=\"gap-y-sm flex flex-col\"><div><div class=\"relative font-sans text-base text-foreground selection:bg-super\/50 selection:text-foreground dark:selection:bg-super\/10 dark:selection:text-super\"><div class=\"min-w-0 break-words [word-break:break-word]\"><div id=\"markdown-content-0\" class=\"gap-y-md after:clear-both after:block after:content-['']\" dir=\"auto\" lang=\"de\"><div class=\"has-inline-images my-2 first:mt-0 [&amp;:has([data-inline-type=image])+&amp;:has([data-inline-type=image])_[data-inline-type=image]]:hidden [&amp;:has(table)_[data-inline-type=image]]:hidden\"><div class=\"prose dark:prose-invert inline leading-relaxed break-words min-w-0 [word-break:break-word] prose-strong:font-bold [&amp;_&gt;*:first-child]:mt-0 [&amp;_&gt;*:last-child]:mb-0\"><div data-renderer=\"lm\"><p class=\"my-2 [&amp;+p]:mt-4 [&amp;_strong:has(+br)]:inline-block [&amp;_strong:has(+br)]:pb-2\"><strong>Die Krise ist real:<\/strong>\u00a0Der Bundesrechnungshof best\u00e4tigt eine \u201egef\u00e4hrliche Verschuldungsdynamik&#8221; \u2013 2,7 Billionen Euro Schulden bis 2029, fast jeder dritte Euro im Haushalt 2026 kreditfinanziert, steigende Zinslast von \u00fcber 66 Milliarden Euro j\u00e4hrlich bis 2029. Die klassischen Antworten (Steuererh\u00f6hung oder K\u00fcrzungen) kurieren Symptome, nicht Ursachen.<\/p><p class=\"my-2 [&amp;+p]:mt-4 [&amp;_strong:has(+br)]:inline-block [&amp;_strong:has(+br)]:pb-2\"><strong>Gradido adressiert die Wurzel:<\/strong>\u00a0Im bestehenden Schuldgeldsystem entspricht jedes Guthaben einer gleich hohen Schuld \u2013 ein globales Nullsummenspiel. Gradido bricht das auf: 3 \u00d7 1.000 GDD werden pro Kopf und Monat als reines Guthaben gesch\u00f6pft \u2013 f\u00fcr Grundeinkommen, Staatshaushalt und Umweltfonds. Die zweite Geldsch\u00f6pfung w\u00fcrde f\u00fcr Deutschland\u00a0<strong>in etwa dem gesamten \u00f6ffentlichen Haushalt<\/strong>\u00a0entsprechen, ohne einen einzigen Cent Steuern oder Schulden.<\/p><p class=\"my-2 [&amp;+p]:mt-4 [&amp;_strong:has(+br)]:inline-block [&amp;_strong:has(+br)]:pb-2\"><strong>Die Einf\u00fchrung ist schrittweise m\u00f6glich:<\/strong> Gradido muss nicht als Systemtausch kommen \u2013 es kann als Bonussystem starten, zur Komplement\u00e4rw\u00e4hrung wachsen und im Crash-Fall sofort als Notgeld fungieren. Das W\u00f6rgl-Experiment 1932 bewies: Umlaufgesichertes Komplement\u00e4rgeld senkt Arbeitslosigkeit und belebt Wirtschaft innerhalb von Monaten. Gradido geht noch wesentlich weiter.<\/p><\/div><\/div><\/div><\/div><\/div><\/div><div class=\"font-sans text-sm text-quiet selection:bg-super\/50 selection:text-foreground dark:selection:bg-super\/10 dark:selection:text-super\">\u00a0<\/div><\/div><div class=\"flex items-center justify-between\"><div class=\"-ml-sm gap-xs flex flex-shrink-0 items-center\"><div class=\"rounded-full\"><h2 id=\"executive-summary\" class=\"font-editorial font-bold mb-2 mt-4 [.has-inline-images_&amp;]:clear-end text-lg first:mt-0 md:text-lg [hr+&amp;]:mt-4\">Executive Summary<\/h2><p class=\"my-2 [&amp;+p]:mt-4 [&amp;_strong:has(+br)]:inline-block [&amp;_strong:has(+br)]:pb-2\">Deutschland steht vor einer historisch beispiellosen Schuldendynamik. Der Bundesrechnungshof warnt in aller Deutlichkeit: Wenn die Bundesregierung ihren Finanzierungskurs beibeh\u00e4lt, wird der Schuldenstand des Bundes bis 2029 auf\u00a0<strong>2,7 Billionen Euro<\/strong>\u00a0ansteigen \u2013 fast jeder dritte Euro im Haushalt 2026 ist bereits kreditfinanziert. Gleichzeitig bietet das Gradido-Modell \u2013 eine \u201eNat\u00fcrliche \u00d6konomie des Lebens&#8221; \u2013 einen radikal anderen Ansatz: einen schuldenfreien Staatshaushalt, finanziert ausschlie\u00dflich durch schuldfreie Geldsch\u00f6pfung. Diese Analyse untersucht sowohl die Tiefe der deutschen Haushaltskrise als auch das Potenzial, die Herausforderungen und die Einf\u00fchrungsstrategie von Gradido als systemische L\u00f6sung \u2013 pr\u00e4ventiv oder als Rettungsanker nach einem m\u00f6glichen Finanzcrash.<\/p><hr class=\"bg-quiet h-px border-0\" \/><h2 id=\"teil-i-die-deutsche-haushaltskrise--zahlen-dynamik\" class=\"font-editorial font-bold mb-2 mt-4 [.has-inline-images_&amp;]:clear-end text-lg first:mt-0 md:text-lg [hr+&amp;]:mt-4\">Teil I: Die Deutsche Haushaltskrise \u2013 Zahlen, Dynamiken, Strukturprobleme<\/h2><h3 id=\"11-die-schuldenspirale-beschleunigt-sich-dramatisc\" class=\"font-editorial font-bold mb-2 mt-4 [.has-inline-images_&amp;]:clear-end text-base first:mt-0\">1.1 Die Schuldenspirale beschleunigt sich dramatisch<\/h3><p class=\"my-2 [&amp;+p]:mt-4 [&amp;_strong:has(+br)]:inline-block [&amp;_strong:has(+br)]:pb-2\">Der Pr\u00e4sident des Bundesrechnungshofs, Kay Scheller, warnt Ende April 2026 vor einer \u201egef\u00e4hrlichen Verschuldungsdynamik&#8221;: Von 2025 bis 2029 soll die Bundesregierung nach bisheriger Finanzplanung insgesamt\u00a0<strong>mehr als 850 Milliarden Euro neue Kredite<\/strong>\u00a0aufnehmen. Im Haushaltsjahr 2026 allein sind Gesamtausgaben von rund 630 Milliarden Euro geplant \u2013 davon fast jeder dritte Euro kreditfinanziert. Der Bund \u201elebe strukturell \u00fcber seine Verh\u00e4ltnisse&#8221;, so Scheller. \u201eEiner ungebrochenen Ausgabendynamik steht eine Tr\u00e4gheit beim Schlie\u00dfen von Finanzierungsl\u00fccken gegen\u00fcber.&#8221;<\/p><p class=\"my-2 [&amp;+p]:mt-4 [&amp;_strong:has(+br)]:inline-block [&amp;_strong:has(+br)]:pb-2\">Besonders alarmierend: Die gesamtstaatliche Neuverschuldung (Bund, L\u00e4nder, Kommunen) belief sich 2026 auf mehr als\u00a0<strong>218 Milliarden Euro<\/strong> \u2013 mit einem Schuldenuhr-Tempo von <strong>6.918 Euro pro Sekunde<\/strong>. Allein an Zinsen flie\u00dfen 1.601 Euro pro Sekunde ab. Bis 2029 wird die Zinsquote im Bundeshaushalt fast\u00a0<strong>12 Prozent der Gesamtausgaben<\/strong>\u00a0betragen.<\/p><h3 id=\"12-strukturelle-ursachen-des-schuldenwachstums\" class=\"font-editorial font-bold mb-2 mt-4 [.has-inline-images_&amp;]:clear-end text-base first:mt-0\">1.2 Strukturelle Ursachen des Schuldenwachstums<\/h3><p class=\"my-2 [&amp;+p]:mt-4 [&amp;_strong:has(+br)]:inline-block [&amp;_strong:has(+br)]:pb-2\">Die Analyse des Bundesrechnungshofs identifiziert keine kurzfristige, konjunkturelle Delle, sondern\u00a0<strong>strukturelle Fehlkonstruktionen<\/strong>:<\/p><ul class=\"marker:text-quiet list-disc pl-8\"><li class=\"py-0 my-0 prose-p:pt-0 prose-p:mb-2 prose-p:my-0 [&amp;&gt;p]:pt-0 [&amp;&gt;p]:mb-2 [&amp;&gt;p]:my-0\"><p class=\"my-2 [&amp;+p]:mt-4 [&amp;_strong:has(+br)]:inline-block [&amp;_strong:has(+br)]:pb-2\"><strong>Ausgabensteigerung ohne Einnahmendeckung:<\/strong>\u00a0Die Bundesausgaben haben sich von 2019 bis 2026 innerhalb von nur sieben Jahren um fast\u00a0<strong>75 Prozent erh\u00f6ht<\/strong>, ohne entsprechende Einnahmensteigerungen.<\/p><\/li><li class=\"py-0 my-0 prose-p:pt-0 prose-p:mb-2 prose-p:my-0 [&amp;&gt;p]:pt-0 [&amp;&gt;p]:mb-2 [&amp;&gt;p]:my-0\"><p class=\"my-2 [&amp;+p]:mt-4 [&amp;_strong:has(+br)]:inline-block [&amp;_strong:has(+br)]:pb-2\"><strong>Schuldenfinanzierte Sonderverm\u00f6gen:<\/strong>\u00a0Sonderetats f\u00fcr Bundeswehr und Infrastruktur laufen au\u00dferhalb des Kernhaushalts, was die Transparenz der \u00f6ffentlichen Finanzen erschwert.<\/p><\/li><li class=\"py-0 my-0 prose-p:pt-0 prose-p:mb-2 prose-p:my-0 [&amp;&gt;p]:pt-0 [&amp;&gt;p]:mb-2 [&amp;&gt;p]:my-0\"><p class=\"my-2 [&amp;+p]:mt-4 [&amp;_strong:has(+br)]:inline-block [&amp;_strong:has(+br)]:pb-2\"><strong>Ungedeckte Finanzierungsl\u00fccke:<\/strong>\u00a0Trotz der hohen Kreditaufnahmen klafft in der Finanzplanung noch eine ungedeckte L\u00fccke von mehr als\u00a0<strong>170 Milliarden Euro<\/strong>.<\/p><\/li><li class=\"py-0 my-0 prose-p:pt-0 prose-p:mb-2 prose-p:my-0 [&amp;&gt;p]:pt-0 [&amp;&gt;p]:mb-2 [&amp;&gt;p]:my-0\"><p class=\"my-2 [&amp;+p]:mt-4 [&amp;_strong:has(+br)]:inline-block [&amp;_strong:has(+br)]:pb-2\"><strong>Steigende Zinsausgaben:<\/strong>\u00a0Die j\u00e4hrlichen Zinsausgaben sollen sich bis 2029 um rund\u00a0<strong>120 Prozent erh\u00f6hen<\/strong>\u00a0und auf \u00fcber 66 Milliarden Euro anwachsen.<\/p><\/li><\/ul><p class=\"my-2 [&amp;+p]:mt-4 [&amp;_strong:has(+br)]:inline-block [&amp;_strong:has(+br)]:pb-2\">Der Bundesrechnungshof fordert Konsolidierung: Der Bund m\u00fcsse \u201ewieder in die Lage kommen, seine staatlichen Kernaufgaben aus seinen laufenden Einnahmen zu finanzieren.&#8221; Dies bedeutet in der Praxis: entweder\u00a0<strong>Ausgabenk\u00fcrzungen<\/strong>\u00a0oder\u00a0<strong>Steuererh\u00f6hungen<\/strong>\u00a0\u2013 beides politisch \u00e4u\u00dferst schwierig in einem Land, das ohnehin eine der weltweit h\u00f6chsten Steuer- und Abgabenlasten f\u00fcr B\u00fcrger tr\u00e4gt.<\/p><h3 id=\"13-das-dilemma-der-klassischen-lsungsanstze\" class=\"font-editorial font-bold mb-2 mt-4 [.has-inline-images_&amp;]:clear-end text-base first:mt-0\">1.3 Das Dilemma der klassischen L\u00f6sungsans\u00e4tze<\/h3><p class=\"my-2 [&amp;+p]:mt-4 [&amp;_strong:has(+br)]:inline-block [&amp;_strong:has(+br)]:pb-2\">Der konventionelle Ansatz f\u00fchrt in eine Zwickm\u00fchle: Steuererh\u00f6hungen in einem Land mit bereits erdr\u00fcckender Abgabenlast w\u00fcrden die Wettbewerbsf\u00e4higkeit weiter besch\u00e4digen. Ausgaben-K\u00fcrzungen treffen soziale Sicherungssysteme und Investitionen. Und selbst wenn Deutschland seinen Haushalt kurzfristig konsolidieren k\u00f6nnte \u2013 das grundlegende <strong>systemische Problem des Schuldgeldsystems<\/strong> bliebe bestehen: Die Summe aller Guthaben ist im globalen Finanzsystem zwingend gleich hoch wie die Summe aller Schulden. Ein Schulden-Abbau auf der einen Seite bedeutet zwangsl\u00e4ufig Geldvernichtung auf der anderen.<\/p><hr class=\"bg-quiet h-px border-0\" \/><h2 id=\"teil-ii-das-gradido-modell--funktionsweise-und-mec\" class=\"font-editorial font-bold mb-2 mt-4 [.has-inline-images_&amp;]:clear-end text-lg first:mt-0 md:text-lg [hr+&amp;]:mt-4\">Teil II: Das Gradido-Modell \u2013 Funktionsweise und Mechanismen<\/h2><h3 id=\"21-das-prinzip-der-guthabengeldschpfung\" class=\"font-editorial font-bold mb-2 mt-4 [.has-inline-images_&amp;]:clear-end text-base first:mt-0\">2.1 Das Prinzip der Guthaben-Geldsch\u00f6pfung<\/h3><p class=\"my-2 [&amp;+p]:mt-4 [&amp;_strong:has(+br)]:inline-block [&amp;_strong:has(+br)]:pb-2\">Gradido \u2013 der Name steht f\u00fcr Gratitude (Dankbarkeit), Dignity (W\u00fcrde) und Donation (Gabe) \u2013 ist ein von der Gradido-Akademie f\u00fcr Wirtschaftsbionik \u00fcber\u00a0<strong>mehr als 20 Jahre<\/strong>\u00a0entwickeltes alternatives W\u00e4hrungs- und Wirtschaftssystem. Der fundamentale Unterschied zum bestehenden System liegt in der Geldsch\u00f6pfung:<\/p><p class=\"my-2 [&amp;+p]:mt-4 [&amp;_strong:has(+br)]:inline-block [&amp;_strong:has(+br)]:pb-2\">Im bestehenden System entsteht Geld nahezu ausschlie\u00dflich durch Schulden. Jedes Guthaben auf einem Konto entspricht zwingend einer gleich hohen Schuld auf einem anderen Konto \u2013 ein globales Nullsummenspiel. Gradido bricht diesen Mechanismus grundlegend auf:\u00a0<strong>F\u00fcr jeden Menschen werden monatlich 3 \u00d7 1.000 GDD (Gradido) als reines Guthaben gesch\u00f6pft, ohne dass dadurch Schulden entstehen<\/strong>.<\/p><h3 id=\"22-die-dreifache-geldschpfung--die-drei-sulen\" class=\"font-editorial font-bold mb-2 mt-4 [.has-inline-images_&amp;]:clear-end text-base first:mt-0\">2.2 Die Dreifache Geldsch\u00f6pfung \u2013 Die drei S\u00e4ulen<\/h3><p class=\"my-2 [&amp;+p]:mt-4 [&amp;_strong:has(+br)]:inline-block [&amp;_strong:has(+br)]:pb-2\">Diese 3.000 GDD pro Kopf und Monat verteilen sich auf drei S\u00e4ulen, die dem ethischen Prinzip des \u201eDreifachen Wohls&#8221; \u2013 des Einzelnen, der Gemeinschaft und des Gro\u00dfen Ganzen \u2013 folgen:<\/p><p class=\"my-2 [&amp;+p]:mt-4 [&amp;_strong:has(+br)]:inline-block [&amp;_strong:has(+br)]:pb-2\"><strong>Erste S\u00e4ule \u2013 Aktives Grundeinkommen (1.000 GDD\/Monat):<\/strong><br \/>Jeder Mensch hat das Recht, seine Neigungen und F\u00e4higkeiten in die Gemeinschaft einzubringen und daf\u00fcr ein Aktives Grundeinkommen von bis zu 1.000 GDD im Monat zu erhalten (entspricht ca. 1.000 Euro). Honoriert wird mit 20 GDD pro Stunde, maximal 50 Stunden im Monat. Wer aufgrund von Alter oder Gesundheit nicht beitragen kann, erh\u00e4lt das Grundeinkommen bedingungslos.<\/p><p class=\"my-2 [&amp;+p]:mt-4 [&amp;_strong:has(+br)]:inline-block [&amp;_strong:has(+br)]:pb-2\"><strong>Zweite S\u00e4ule \u2013 Steuerfreier Staatshaushalt (1.000 GDD\/Monat pro Kopf):<\/strong><br \/>Die zweite Geldsch\u00f6pfung von 1.000 GDD pro Kopf und Monat flie\u00dft in den \u00f6ffentlichen Haushalt. Entscheidend: In Deutschland w\u00fcrde diese Menge\u00a0<strong>ungef\u00e4hr dem derzeitigen \u00f6ffentlichen Haushalt (Bund, L\u00e4nder und Gemeinden) plus Gesundheits- und Sozialwesen<\/strong>\u00a0entsprechen. Da dies bereits durch die Geldsch\u00f6pfung erfolgt, braucht es keine Steuern, Pflichtversicherungen oder sonstige Abgaben mehr.<\/p><p class=\"my-2 [&amp;+p]:mt-4 [&amp;_strong:has(+br)]:inline-block [&amp;_strong:has(+br)]:pb-2\"><strong>Dritte S\u00e4ule \u2013 Ausgleichs- und Umweltfonds (1.000 GDD\/Monat pro Kopf):<\/strong><br \/>Die dritte Geldsch\u00f6pfung ist einem weltweiten Ausgleichs- und Umweltfonds (AUF) gewidmet. Dieser ist in seiner H\u00f6he vergleichbar mit allen Staatshaushalten zusammen und \u201edamit der gr\u00f6\u00dfte Umwelttopf, der jemals in der Geschichte der Menschheit konzipiert wurde&#8221;. Der AUF finanziert die Sanierung von Natur und Umwelt sowie die Umstellung auf \u00f6kologisch hochwertige Produktionsweisen.<\/p><h3 id=\"23-die-geplante-vergnglichkeit--stabilittsmechanis\" class=\"font-editorial font-bold mb-2 mt-4 [.has-inline-images_&amp;]:clear-end text-base first:mt-0\">2.3 Die geplante Verg\u00e4nglichkeit \u2013 Stabilit\u00e4tsmechanismus<\/h3><p class=\"my-2 [&amp;+p]:mt-4 [&amp;_strong:has(+br)]:inline-block [&amp;_strong:has(+br)]:pb-2\">Die Herausforderung st\u00e4ndig neu gesch\u00f6pften Geldes liegt in der Gefahr der Inflation. Gradido l\u00f6st dies durch ein Naturprinzip: den\u00a0<strong>Kreislauf von Werden und Vergehen<\/strong>. Die geplante Verg\u00e4nglichkeit betr\u00e4gt\u00a0<strong>50 Prozent im Jahr<\/strong>\u00a0(entspricht monatlich ca. 5,6 Prozent). Diese Verg\u00e4nglichkeit wird kontinuierlich vom Kontostand abgezogen, \u00e4hnlich einem Negativzins.<\/p><p class=\"my-2 [&amp;+p]:mt-4 [&amp;_strong:has(+br)]:inline-block [&amp;_strong:has(+br)]:pb-2\">Der entscheidende Effekt: Die Gesamtgeldmenge pendelt sich\u00a0<strong>selbstregulierend<\/strong>\u00a0auf den Wert ein, bei dem monatliche Geldsch\u00f6pfung und monatliche Verg\u00e4nglichkeit im Gleichgewicht sind. Das ergibt eine durchschnittliche Pro-Kopf-Geldmenge von etwa\u00a0<strong>54.000 GDD<\/strong>\u00a0\u2013 was in etwa den Verh\u00e4ltnissen in Deutschland vor der Finanzkrise 2007\/2008 entspricht. Die Geldmenge ist nicht manipulierbar, und Finanzblasen k\u00f6nnen sich strukturell nicht bilden.<\/p><p class=\"my-2 [&amp;+p]:mt-4 [&amp;_strong:has(+br)]:inline-block [&amp;_strong:has(+br)]:pb-2\">Die Verg\u00e4nglichkeit hat noch einen weiteren \u00f6konomischen Effekt: Sie erh\u00f6ht die\u00a0<strong>Umlaufgeschwindigkeit des Geldes<\/strong>\u00a0massiv. Geld wird nicht gehortet, sondern zirkuliert aktiv \u2013 was Binnenkonjunktur und lokale Wirtschaftskreisl\u00e4ufe belebt. Diesen Mechanismus demonstrierte bereits das historische\u00a0<strong>\u201eWunder von W\u00f6rgl&#8221;<\/strong>\u00a01932: In der \u00f6sterreichischen Gemeinde W\u00f6rgl f\u00fchrte B\u00fcrgermeister Michael Unterguggenberger umlaufgesichertes Freigeld nach den Theorien von Silvio Gesell ein. Das Ergebnis: Die Arbeitslosigkeit sank von 21 auf 15 Prozent, w\u00e4hrend sie im restlichen Land weiter stieg. In 14 Monaten wurden mehr kommunale Infrastrukturprojekte realisiert als in Jahren davor. Das Experiment wurde 1933 von der \u00f6sterreichischen Nationalbank verboten.<\/p><h3 id=\"24-zinsfreiheit-und-zinsloses-kreditsystem\" class=\"font-editorial font-bold mb-2 mt-4 [.has-inline-images_&amp;]:clear-end text-base first:mt-0\">2.4 Zinsfreiheit und zinsloses Kreditsystem<\/h3><p class=\"my-2 [&amp;+p]:mt-4 [&amp;_strong:has(+br)]:inline-block [&amp;_strong:has(+br)]:pb-2\">Da die Verg\u00e4nglichkeit das Halten von Geld wirtschaftlich unattraktiv macht, haben Gl\u00e4ubiger starke Anreize, Kapital zinslos zu verleihen: Wer 100 GDD ein Jahr lang verleiht, erh\u00e4lt 100 GDD zur\u00fcck \u2013 deutlich besser als das Halten von Geld, das sich durch die Verg\u00e4nglichkeit halbiert. Kredite und Investitionen funktionieren somit weiterhin, nur ohne Zinseszins-Mechanismus. Die Schere zwischen Arm und Reich, die durch Zinseszins systematisch w\u00e4chst, entf\u00e4llt strukturell.<\/p><hr class=\"bg-quiet h-px border-0\" \/><h2 id=\"teil-iii-gradido-als-antwort-auf-die-deutsche-haus\" class=\"font-editorial font-bold mb-2 mt-4 [.has-inline-images_&amp;]:clear-end text-lg first:mt-0 md:text-lg [hr+&amp;]:mt-4\">Teil III: Gradido als Antwort auf die deutsche Haushaltskrise<\/h2><h3 id=\"31-der-schuldenfreie-staatshaushalt--quantitative\" class=\"font-editorial font-bold mb-2 mt-4 [.has-inline-images_&amp;]:clear-end text-base first:mt-0\">3.1 Der schuldenfreie Staatshaushalt \u2013 Quantitative Gegen\u00fcberstellung<\/h3><p class=\"my-2 [&amp;+p]:mt-4 [&amp;_strong:has(+br)]:inline-block [&amp;_strong:has(+br)]:pb-2\">Die zweite Geldsch\u00f6pfung bei Gradido entspricht f\u00fcr Deutschland in etwa dem\u00a0<strong>gesamten \u00f6ffentlichen Haushalt<\/strong>. Bei einer Bev\u00f6lkerung von etwa 84 Millionen Menschen ergibt sich:<\/p><div class=\"group relative my-[1em]\"><div class=\"sticky top-0 z-10 h-0\" aria-hidden=\"true\"><div class=\"w-full overflow-hidden bg-raised border-x md:max-w-[90vw] border-subtlest ring-subtlest divide-subtlest\">\u00a0<\/div><\/div><div class=\"w-full overflow-auto scrollbar-subtle rounded-lg border md:max-w-[90vw] border-subtlest ring-subtlest divide-subtlest bg-raised\"><table class=\"[&amp;_tr:last-child_td]:border-b-0 my-0 w-full table-auto border-separate border-spacing-0 text-sm font-sans rounded-lg [&amp;_tr:last-child_td:first-child]:rounded-bl-lg [&amp;_tr:last-child_td:last-child]:rounded-br-lg\"><thead><tr><th class=\"border-subtlest p-sm min-w-[48px] break-normal border-b text-left align-bottom border-r last:border-r-0 font-bold bg-subtle first:border-radius-tl-lg last:border-radius-tr-lg\" scope=\"col\">Parameter<\/th><th class=\"border-subtlest p-sm min-w-[48px] break-normal border-b text-left align-bottom border-r last:border-r-0 font-bold bg-subtle first:border-radius-tl-lg last:border-radius-tr-lg\" scope=\"col\">Gradido-Modell<\/th><th class=\"border-subtlest p-sm min-w-[48px] break-normal border-b text-left align-bottom border-r last:border-r-0 font-bold bg-subtle first:border-radius-tl-lg last:border-radius-tr-lg\" scope=\"col\">Aktuelles System (2026)<\/th><\/tr><\/thead><tbody><tr><td class=\"border-subtlest px-sm min-w-[48px] break-normal border-b border-r last:border-r-0\">Geldsch\u00f6pfung f\u00fcr Staatshaushalt<\/td><td class=\"border-subtlest px-sm min-w-[48px] break-normal border-b border-r last:border-r-0\">84 Mio. \u00d7 1.000 GDD \u00d7 12 = ~1.008 Mrd. GDD\/Jahr<\/td><td class=\"border-subtlest px-sm min-w-[48px] break-normal border-b border-r last:border-r-0\">Steuereinnahmen + Schulden<\/td><\/tr><tr><td class=\"border-subtlest px-sm min-w-[48px] break-normal border-b border-r last:border-r-0\">Neuverschuldung<\/td><td class=\"border-subtlest px-sm min-w-[48px] break-normal border-b border-r last:border-r-0\">0 (strukturell)<\/td><td class=\"border-subtlest px-sm min-w-[48px] break-normal border-b border-r last:border-r-0\">&gt;181 Mrd. Euro\/Jahr<\/td><\/tr><tr><td class=\"border-subtlest px-sm min-w-[48px] break-normal border-b border-r last:border-r-0\">Zinslast<\/td><td class=\"border-subtlest px-sm min-w-[48px] break-normal border-b border-r last:border-r-0\">0<\/td><td class=\"border-subtlest px-sm min-w-[48px] break-normal border-b border-r last:border-r-0\">1.601 Euro\/Sekunde<\/td><\/tr><tr><td class=\"border-subtlest px-sm min-w-[48px] break-normal border-b border-r last:border-r-0\">Notwendigkeit von Steuererh\u00f6hungen<\/td><td class=\"border-subtlest px-sm min-w-[48px] break-normal border-b border-r last:border-r-0\">Entf\u00e4llt<\/td><td class=\"border-subtlest px-sm min-w-[48px] break-normal border-b border-r last:border-r-0\">Strukturell unvermeidbar<\/td><\/tr><tr><td class=\"border-subtlest px-sm min-w-[48px] break-normal border-b border-r last:border-r-0\">Sozialabgaben<\/td><td class=\"border-subtlest px-sm min-w-[48px] break-normal border-b border-r last:border-r-0\">Entfallen (durch AGE gedeckt)<\/td><td class=\"border-subtlest px-sm min-w-[48px] break-normal border-b border-r last:border-r-0\">Belasten Lohnkosten massiv<\/td><\/tr><\/tbody><\/table><\/div><\/div><p class=\"my-2 [&amp;+p]:mt-4 [&amp;_strong:has(+br)]:inline-block [&amp;_strong:has(+br)]:pb-2\">Die Gradido-FAQ bekr\u00e4ftigt: \u201eBei Gradido werden neben dem Grundeinkommen auch der Staats- bzw. Gemeinschaftshaushalt (inkl. Gesundheitswesen) sowie der Ausgleichs- und Umweltfonds allein durch die Geldsch\u00f6pfung finanziert. Es braucht weder Steuern noch sonstige Abgaben.&#8221;<\/p><h3 id=\"32-auflsung-des-wachstumszwangs\" class=\"font-editorial font-bold mb-2 mt-4 [.has-inline-images_&amp;]:clear-end text-base first:mt-0\">3.2 Aufl\u00f6sung des Wachstumszwangs<\/h3><p class=\"my-2 [&amp;+p]:mt-4 [&amp;_strong:has(+br)]:inline-block [&amp;_strong:has(+br)]:pb-2\">Das bestehende Schuldgeldsystem erzeugt einen\u00a0<strong>strukturellen Wachstumszwang<\/strong>: Weil Schulden stets mit Zins zur\u00fcckgezahlt werden m\u00fcssen, muss die Wirtschaft zwingend real wachsen \u2013 andernfalls kollabiert das System. Dieser Zwang treibt Ressourcenverbrauch, Umweltzerst\u00f6rung und soziale Ungleichheit.<\/p><p class=\"my-2 [&amp;+p]:mt-4 [&amp;_strong:has(+br)]:inline-block [&amp;_strong:has(+br)]:pb-2\">Bei Gradido entf\u00e4llt dieser Zwang. Das Aktive Grundeinkommen sichert die Grundversorgung aller B\u00fcrger unabh\u00e4ngig von Wirtschaftswachstum. Die Verg\u00e4nglichkeit sorgt f\u00fcr Umlaufaktivit\u00e4t ohne Wachstumspflicht. Investitionen folgen realem Bedarf, nicht dem Zinseszins-Imperativ.<\/p><h3 id=\"33-entlastung-der-wettbewerbsfhigkeit\" class=\"font-editorial font-bold mb-2 mt-4 [.has-inline-images_&amp;]:clear-end text-base first:mt-0\">3.3 Entlastung der Wettbewerbsf\u00e4higkeit<\/h3><p class=\"my-2 [&amp;+p]:mt-4 [&amp;_strong:has(+br)]:inline-block [&amp;_strong:has(+br)]:pb-2\">Ein oft \u00fcbersehener Aspekt: Heute flie\u00dfen sch\u00e4tzungsweise etwa\u00a0<strong>drei Viertel aller Ausgaben<\/strong> in Form von Steuern, Sozialabgaben und zinsbedingten Preisaufschl\u00e4gen in das System. Bei Gradido entfallen diese Kosten vollst\u00e4ndig. F\u00fcr Unternehmen bedeutet dies: Die effektiven Lohnkosten halbieren sich, \u201eMade in Germany&#8221; wird wieder wettbewerbsf\u00e4hig. F\u00fcr B\u00fcrger bedeutet es: Die reale Kaufkraft steigt, selbst wenn das nominale Grundeinkommen bescheiden erscheint.<\/p><h3 id=\"34-lsung-der-umweltverschuldung\" class=\"font-editorial font-bold mb-2 mt-4 [.has-inline-images_&amp;]:clear-end text-base first:mt-0\">3.4 L\u00f6sung der Umweltverschuldung<\/h3><p class=\"my-2 [&amp;+p]:mt-4 [&amp;_strong:has(+br)]:inline-block [&amp;_strong:has(+br)]:pb-2\">Eine Besonderheit, die in der klassischen Haushaltsdebatte vollst\u00e4ndig fehlt: Deutschland hat nicht nur Finanzschulden, sondern massive\u00a0<strong>\u00f6kologische Schulden<\/strong>\u00a0\u2013 an maroder Infrastruktur, Umweltsch\u00e4den, Klimafolgen. Der Ausgleichs- und Umweltfonds in Gradido w\u00e4re f\u00fcr Deutschland\u00a0<strong>in gleicher Gr\u00f6\u00dfenordnung wie der Staatshaushalt<\/strong> (ca. 84 Mrd. GDD\/Monat) und w\u00fcrde systematisch die Altlasten sanieren. Energiewende, Infrastruktu-Erneuerung und Naturschutz w\u00e4ren keine Haushaltspositionen mehr, die um knappe Mittel konkurrieren \u2013 sie w\u00e4ren strukturell finanziert.<\/p><hr class=\"bg-quiet h-px border-0\" \/><h2 id=\"teil-iv-der-systemische-hintergrund--warum-ein-cra\" class=\"font-editorial font-bold mb-2 mt-4 [.has-inline-images_&amp;]:clear-end text-lg first:mt-0 md:text-lg [hr+&amp;]:mt-4\">Teil IV: Der systemische Hintergrund \u2013 Warum ein Crash wahrscheinlicher wird<\/h2><h3 id=\"41-exponentielles-wachstum-von-guthaben-und-schuld\" class=\"font-editorial font-bold mb-2 mt-4 [.has-inline-images_&amp;]:clear-end text-base first:mt-0\">4.1 Exponentielles Wachstum von Guthaben und Schulden ist mathematisch begrenzt<\/h3><p class=\"my-2 [&amp;+p]:mt-4 [&amp;_strong:has(+br)]:inline-block [&amp;_strong:has(+br)]:pb-2\">Das Zinseszins-System f\u00fchrt zu\u00a0<strong>exponentiellem Wachstum<\/strong>\u00a0sowohl von Guthaben als auch von Schulden. Jede Verdopplung der Schulden erfordert eine Verdopplung der Wirtschaftsleistung, um die Zinslasten zu tragen. Dieses System hat strukturelle Grenzen: Wenn der Schuldenstand Deutschlands bis 2029 auf 2,7 Billionen Euro steigt und sich dem Bruttoinlandsprodukt n\u00e4hert, n\u00e4hert sich das System der Grenze seiner Tragf\u00e4higkeit. Der Bundesrechnungshof sieht die Schuldenlast bis 2029 nahe\u00a0<strong>90 Prozent des BIP<\/strong>.<\/p><h3 id=\"42-das-schuldgeldsystem-erzeugt-systemisch-konflik\" class=\"font-editorial font-bold mb-2 mt-4 [.has-inline-images_&amp;]:clear-end text-base first:mt-0\">4.2 Das Schuldgeldsystem erzeugt systemisch Konflikte<\/h3><p class=\"my-2 [&amp;+p]:mt-4 [&amp;_strong:has(+br)]:inline-block [&amp;_strong:has(+br)]:pb-2\">Gradido-Analysen und unabh\u00e4ngige Quellen teilen die Einsch\u00e4tzung, dass das bestehende Finanzsystem nicht nur wirtschaftliche, sondern auch\u00a0<strong>geopolitische Krisen<\/strong> strukturell erzeugt: Ressourcenkonkurrenz, Schuldenkrisen in Entwicklungsl\u00e4ndern, erzwungenes Wirtschaftswachstum, das Umweltgrenzen ignoriert. Ein System, das auf kontinuierlicher Schulden-Expansion beruht, endet entweder in kontrollierter Reform oder im unkontrollierten Crash.<\/p><h3 id=\"43-gradido-als-notgeld--die-crash-variante\" class=\"font-editorial font-bold mb-2 mt-4 [.has-inline-images_&amp;]:clear-end text-base first:mt-0\">4.3 Gradido als Notgeld \u2013 die Crash-Variante<\/h3><p class=\"my-2 [&amp;+p]:mt-4 [&amp;_strong:has(+br)]:inline-block [&amp;_strong:has(+br)]:pb-2\">Gradido hat diese M\u00f6glichkeit explizit eingeplant: \u201eSollte das herrschende Finanzsystem ob der immensen gegenw\u00e4rtigen Belastungen tats\u00e4chlich kollabieren, k\u00f6nnte der Gradido vorerst als Notgeld dienen und so das wirtschaftliche Leben am Laufen halten.&#8221; In einem Crash-Szenario h\u00e4tte eine bereits etablierte, dezentrale Komplement\u00e4rw\u00e4hrung den Vorteil, sofort funktionsf\u00e4hig zu sein. Die Wirtschaftsaktivit\u00e4t k\u00f6nnte ohne Unterbrechung weiterlaufen, selbst wenn das Euro-System kollabiert. Auch das W\u00f6rgl-Experiment 1932 war prim\u00e4r als Notgeldl\u00f6sung in einer Krise konzipiert \u2013 und bewies seine Funktionsf\u00e4higkeit eindrucksvoll.<\/p><hr class=\"bg-quiet h-px border-0\" \/><h2 id=\"teil-v-der-stufenplan--wie-gradido-eingefhrt-werde\" class=\"font-editorial font-bold mb-2 mt-4 [.has-inline-images_&amp;]:clear-end text-lg first:mt-0 md:text-lg [hr+&amp;]:mt-4\">Teil V: Der Stufenplan \u2013 Wie Gradido eingef\u00fchrt werden kann<\/h2><h3 id=\"51-komplementre-einfhrung--parallel-zum-euro\" class=\"font-editorial font-bold mb-2 mt-4 [.has-inline-images_&amp;]:clear-end text-base first:mt-0\">5.1 Komplement\u00e4re Einf\u00fchrung \u2013 Parallel zum Euro<\/h3><p class=\"my-2 [&amp;+p]:mt-4 [&amp;_strong:has(+br)]:inline-block [&amp;_strong:has(+br)]:pb-2\">Gradido muss nicht als revolution\u00e4rer Systemtausch eingef\u00fchrt werden. Das Modell sieht explizit eine\u00a0<strong>schrittweise, komplement\u00e4re Einf\u00fchrung<\/strong>\u00a0vor. Bernd H\u00fcckst\u00e4dt, Gr\u00fcnder der Gradido-Akademie, erkl\u00e4rt: \u201eGradido kann komplement\u00e4r, also parallel zum alten Geldsystem eingef\u00fchrt werden. Ein m\u00f6glicher Stufenplan k\u00f6nnte so aussehen, dass ein Land oder eine Gruppe von L\u00e4ndern zum Beispiel mit 10% Gradido-Anteil beginnt und das dann schrittweise steigert.&#8221; W\u00e4hrend der \u00dcbergangszeit werden beide W\u00e4hrungen parallel verwendet, sodass der Au\u00dfenhandel ungest\u00f6rt weiterl\u00e4uft.<\/p><h3 id=\"52-der-aktuelle-status--bonussystem-als-einstieg\" class=\"font-editorial font-bold mb-2 mt-4 [.has-inline-images_&amp;]:clear-end text-base first:mt-0\">5.2 Der aktuelle Status \u2013 Bonussystem als Einstieg<\/h3><p class=\"my-2 [&amp;+p]:mt-4 [&amp;_strong:has(+br)]:inline-block [&amp;_strong:has(+br)]:pb-2\">Heute ist Gradido rechtlich als\u00a0<strong>Dankpunkte-Bonussystem<\/strong> aktiv. Dies ist der legale Einstiegspunkt: Ehrenamtliche erhalten Gradidos als sichtbares Zeichen der Dankbarkeit, Unternehmen bieten Rabatte f\u00fcr Gradido, Nachbarschaftshilfe wird \u00fcber die Plattform koordiniert. Die technische Plattform wird auf\u00a0<strong>Distributed Ledger Technology (DLT) der 4. Generation<\/strong>\u00a0aufgebaut \u2013 mit 10.000+ Transaktionen pro Sekunde, Finalit\u00e4t in 3-5 Sekunden und minimalem Energieverbrauch.<\/p><h3 id=\"53-skalierbarer-stufenplan-fr-deutschland\" class=\"font-editorial font-bold mb-2 mt-4 [.has-inline-images_&amp;]:clear-end text-base first:mt-0\">5.3 Skalierbarer Stufenplan f\u00fcr Deutschland<\/h3><p class=\"my-2 [&amp;+p]:mt-4 [&amp;_strong:has(+br)]:inline-block [&amp;_strong:has(+br)]:pb-2\">Auf Basis der Gradido-Materialien und der Vision 2050 l\u00e4sst sich ein realistischer Stufenplan ableiten:<\/p><div class=\"group relative my-[1em]\"><div class=\"sticky top-0 z-10 h-0\" aria-hidden=\"true\"><div class=\"w-full overflow-hidden bg-raised border-x md:max-w-[90vw] border-subtlest ring-subtlest divide-subtlest\">\u00a0<\/div><\/div><div class=\"w-full overflow-auto scrollbar-subtle rounded-lg border md:max-w-[90vw] border-subtlest ring-subtlest divide-subtlest bg-raised\"><table class=\"[&amp;_tr:last-child_td]:border-b-0 my-0 w-full table-auto border-separate border-spacing-0 text-sm font-sans rounded-lg [&amp;_tr:last-child_td:first-child]:rounded-bl-lg [&amp;_tr:last-child_td:last-child]:rounded-br-lg\"><thead><tr><th class=\"border-subtlest p-sm min-w-[48px] break-normal border-b text-left align-bottom border-r last:border-r-0 font-bold bg-subtle first:border-radius-tl-lg last:border-radius-tr-lg\" scope=\"col\">Phase<\/th><th class=\"border-subtlest p-sm min-w-[48px] break-normal border-b text-left align-bottom border-r last:border-r-0 font-bold bg-subtle first:border-radius-tl-lg last:border-radius-tr-lg\" scope=\"col\">Zeitraum<\/th><th class=\"border-subtlest p-sm min-w-[48px] break-normal border-b text-left align-bottom border-r last:border-r-0 font-bold bg-subtle first:border-radius-tl-lg last:border-radius-tr-lg\" scope=\"col\">Inhalt<\/th><\/tr><\/thead><tbody><tr><td class=\"border-subtlest px-sm min-w-[48px] break-normal border-b border-r last:border-r-0\"><strong>Pilot<\/strong><\/td><td class=\"border-subtlest px-sm min-w-[48px] break-normal border-b border-r last:border-r-0\">2026\u20132027<\/td><td class=\"border-subtlest px-sm min-w-[48px] break-normal border-b border-r last:border-r-0\">3\u20135 Kommunen als Reallabore; Gradido als Komplement\u00e4rw\u00e4hrung f\u00fcr gemeinn\u00fctzige Dienste<\/td><\/tr><tr><td class=\"border-subtlest px-sm min-w-[48px] break-normal border-b border-r last:border-r-0\"><strong>Recht &amp; Rahmen<\/strong><\/td><td class=\"border-subtlest px-sm min-w-[48px] break-normal border-b border-r last:border-r-0\">2027\u20132028<\/td><td class=\"border-subtlest px-sm min-w-[48px] break-normal border-b border-r last:border-r-0\">Bundesweite Anh\u00f6rungen; rechtliche Rahmenbedingungen; parlamentarischer Prozess<\/td><\/tr><tr><td class=\"border-subtlest px-sm min-w-[48px] break-normal border-b border-r last:border-r-0\"><strong>Regionaler Start<\/strong><\/td><td class=\"border-subtlest px-sm min-w-[48px] break-normal border-b border-r last:border-r-0\">2028\u20132029<\/td><td class=\"border-subtlest px-sm min-w-[48px] break-normal border-b border-r last:border-r-0\">10% Gradido-Anteil in teilnehmenden Regionen; Parallelw\u00e4hrung zum Euro<\/td><\/tr><tr><td class=\"border-subtlest px-sm min-w-[48px] break-normal border-b border-r last:border-r-0\"><strong>Nationale Skalierung<\/strong><\/td><td class=\"border-subtlest px-sm min-w-[48px] break-normal border-b border-r last:border-r-0\">2029\u20132031<\/td><td class=\"border-subtlest px-sm min-w-[48px] break-normal border-b border-r last:border-r-0\">Stufenweise Ausweitung auf 25%\u201350% Gradido-Anteil; \u00f6ffentlicher Haushalt erh\u00e4lt erste Gradido-Mittel<\/td><\/tr><tr><td class=\"border-subtlest px-sm min-w-[48px] break-normal border-b border-r last:border-r-0\"><strong>Transformation<\/strong><\/td><td class=\"border-subtlest px-sm min-w-[48px] break-normal border-b border-r last:border-r-0\">2031+<\/td><td class=\"border-subtlest px-sm min-w-[48px] break-normal border-b border-r last:border-r-0\">Vollst\u00e4ndige Abl\u00f6sung von Steuerfinanzierung; schuldenfreier Staatshaushalt in Gradido<\/td><\/tr><\/tbody><\/table><\/div><\/div><h3 id=\"54-das-wrgl-prinzip-als-blaupause\" class=\"font-editorial font-bold mb-2 mt-4 [.has-inline-images_&amp;]:clear-end text-base first:mt-0\">5.4 Das W\u00f6rgl-Prinzip als Beispiel<\/h3><p class=\"my-2 [&amp;+p]:mt-4 [&amp;_strong:has(+br)]:inline-block [&amp;_strong:has(+br)]:pb-2\">Das historische Experiment von W\u00f6rgl 1932 zeigt: Eine lokale Komplement\u00e4rw\u00e4hrung mit Umlaufsicherung kann\u00a0<strong>innerhalb weniger Monate<\/strong>\u00a0messbare Wirkung entfalten. In 14 Monaten senkte W\u00f6rgl die Arbeitslosigkeit von 21 auf 15 Prozent, baute Infrastruktur und tilgte kommunale Schulden \u2013 w\u00e4hrend \u00d6sterreich in der Krise versank. Der entscheidende Unterschied: Die schnellere Umlaufgeschwindigkeit des Freigeldes generierte mehr wirtschaftliche Aktivit\u00e4t mit derselben Geldmenge. Gradido skaliert dieses Prinzip auf nationale und globale Ebene.<\/p><hr class=\"bg-quiet h-px border-0\" \/><h2 id=\"teil-vi-kritische-analyse--potenzial-und-herausfor\" class=\"font-editorial font-bold mb-2 mt-4 [.has-inline-images_&amp;]:clear-end text-lg first:mt-0 md:text-lg [hr+&amp;]:mt-4\">Teil VI: Kritische Analyse \u2013 Potenzial und Herausforderungen<\/h2><h3 id=\"61-strken-des-gradido-modells\" class=\"font-editorial font-bold mb-2 mt-4 [.has-inline-images_&amp;]:clear-end text-base first:mt-0\">6.1 St\u00e4rken des Gradido-Modells<\/h3><div class=\"group relative my-[1em]\"><div class=\"sticky top-0 z-10 h-0\" aria-hidden=\"true\"><div class=\"w-full overflow-hidden bg-raised border-x md:max-w-[90vw] border-subtlest ring-subtlest divide-subtlest\">\u00a0<\/div><\/div><div class=\"w-full overflow-auto scrollbar-subtle rounded-lg border md:max-w-[90vw] border-subtlest ring-subtlest divide-subtlest bg-raised\"><table class=\"[&amp;_tr:last-child_td]:border-b-0 my-0 w-full table-auto border-separate border-spacing-0 text-sm font-sans rounded-lg [&amp;_tr:last-child_td:first-child]:rounded-bl-lg [&amp;_tr:last-child_td:last-child]:rounded-br-lg\"><thead><tr><th class=\"border-subtlest p-sm min-w-[48px] break-normal border-b text-left align-bottom border-r last:border-r-0 font-bold bg-subtle first:border-radius-tl-lg last:border-radius-tr-lg\" scope=\"col\">Dimension<\/th><th class=\"border-subtlest p-sm min-w-[48px] break-normal border-b text-left align-bottom border-r last:border-r-0 font-bold bg-subtle first:border-radius-tl-lg last:border-radius-tr-lg\" scope=\"col\">Gradido-Vorteil<\/th><\/tr><\/thead><tbody><tr><td class=\"border-subtlest px-sm min-w-[48px] break-normal border-b border-r last:border-r-0\"><strong>Staatsverschuldung<\/strong><\/td><td class=\"border-subtlest px-sm min-w-[48px] break-normal border-b border-r last:border-r-0\">Strukturell eliminiert durch Geldsch\u00f6pfung f\u00fcr Staatshaushalt<\/td><\/tr><tr><td class=\"border-subtlest px-sm min-w-[48px] break-normal border-b border-r last:border-r-0\"><strong>Steuerbelastung<\/strong><\/td><td class=\"border-subtlest px-sm min-w-[48px] break-normal border-b border-r last:border-r-0\">Entf\u00e4llt vollst\u00e4ndig; Kaufkraft steigt real<\/td><\/tr><tr><td class=\"border-subtlest px-sm min-w-[48px] break-normal border-b border-r last:border-r-0\"><strong>Grundsicherung<\/strong><\/td><td class=\"border-subtlest px-sm min-w-[48px] break-normal border-b border-r last:border-r-0\">Aktives Grundeinkommen f\u00fcr alle, ohne Stigmatisierung<\/td><\/tr><tr><td class=\"border-subtlest px-sm min-w-[48px] break-normal border-b border-r last:border-r-0\"><strong>Umwelt<\/strong><\/td><td class=\"border-subtlest px-sm min-w-[48px] break-normal border-b border-r last:border-r-0\">Ausgleichs- und Umweltfonds = gr\u00f6\u00dfter Umwelttopf der Geschichte<\/td><\/tr><tr><td class=\"border-subtlest px-sm min-w-[48px] break-normal border-b border-r last:border-r-0\"><strong>Konjunktur<\/strong><\/td><td class=\"border-subtlest px-sm min-w-[48px] break-normal border-b border-r last:border-r-0\">Verg\u00e4nglichkeit erh\u00f6ht Umlaufgeschwindigkeit; Binnenkonjunktur steigt<\/td><\/tr><tr><td class=\"border-subtlest px-sm min-w-[48px] break-normal border-b border-r last:border-r-0\"><strong>Krisenresilienz<\/strong><\/td><td class=\"border-subtlest px-sm min-w-[48px] break-normal border-b border-r last:border-r-0\">Funktioniert als Notgeld nach einem Crash<\/td><\/tr><tr><td class=\"border-subtlest px-sm min-w-[48px] break-normal border-b border-r last:border-r-0\"><strong>Einf\u00fchrung<\/strong><\/td><td class=\"border-subtlest px-sm min-w-[48px] break-normal border-b border-r last:border-r-0\">Komplement\u00e4r und schrittweise m\u00f6glich<\/td><\/tr><tr><td class=\"border-subtlest px-sm min-w-[48px] break-normal border-b border-r last:border-r-0\"><strong>Inflation<\/strong><\/td><td class=\"border-subtlest px-sm min-w-[48px] break-normal border-b border-r last:border-r-0\">Selbstregulierend durch Verg\u00e4nglichkeit<\/td><\/tr><\/tbody><\/table><\/div><\/div><h3 id=\"62-offene-fragen-und-herausforderungen\" class=\"font-editorial font-bold mb-2 mt-4 [.has-inline-images_&amp;]:clear-end text-base first:mt-0\">6.2 Offene Fragen und Herausforderungen<\/h3><p class=\"my-2 [&amp;+p]:mt-4 [&amp;_strong:has(+br)]:inline-block [&amp;_strong:has(+br)]:pb-2\"><strong>\u00dcbergangsmanagement:<\/strong>\u00a0Die gr\u00f6\u00dfte Herausforderung liegt nicht im vollst\u00e4ndig eingef\u00fchrten System, sondern in der \u00dcbergangsphase. Wie werden bestehende Euro-Ersparnisse behandelt? Gradido hat hierzu Modelle entwickelt, \u201ewie bestehende Guthaben in herk\u00f6mmlicher W\u00e4hrung so ins Gradido-System hin\u00fcber genommen werden, dass ihr Wert \u00fcber einen l\u00e4ngeren Zeitraum erhalten bleibt.&#8221;<\/p><p class=\"my-2 [&amp;+p]:mt-4 [&amp;_strong:has(+br)]:inline-block [&amp;_strong:has(+br)]:pb-2\"><strong>Au\u00dfenhandel:<\/strong>\u00a0Deutschland als Exportnation ist stark vom internationalen Handel abh\u00e4ngig. Gradido ist zun\u00e4chst auf binnenwirtschaftliche Kreisl\u00e4ufe ausgerichtet. Der Stufenplan sieht deshalb vor, dass w\u00e4hrend der \u00dcbergangszeit beide W\u00e4hrungen parallel laufen, sodass der Au\u00dfenhandel in Euro ungest\u00f6rt weiterlaufen kann.<\/p><p class=\"my-2 [&amp;+p]:mt-4 [&amp;_strong:has(+br)]:inline-block [&amp;_strong:has(+br)]:pb-2\"><strong>Politischer Widerstand:<\/strong>\u00a0Das bestehende Banken- und Finanzsystem hat starke Interessen an der Aufrechterhaltung des Schuldgeldsystems. Zentralbanken haben historisch Freigeld-Experimente verboten \u2013 wie im Fall W\u00f6rgl 1933. Dies bleibt die wohl gr\u00f6\u00dfte praktische H\u00fcrde.<\/p><p class=\"my-2 [&amp;+p]:mt-4 [&amp;_strong:has(+br)]:inline-block [&amp;_strong:has(+br)]:pb-2\"><strong>Ressourcen-Monopolisierung:<\/strong>\u00a0Eine strategische Analyse des Gradido-Modells identifiziert das Risiko, dass Oligarchen reale Ressourcen (Land, Energie, Nahrung) monopolisieren k\u00f6nnten. Die Gegenma\u00dfnahmen im Gradido-Modell sind: Steuerfreiheit als Anreiz f\u00fcr Partizipation, dezentrale Technologien (Solar, 3D-Druck, vertikale Landwirtschaft) und Community Land Trusts.<\/p><p class=\"my-2 [&amp;+p]:mt-4 [&amp;_strong:has(+br)]:inline-block [&amp;_strong:has(+br)]:pb-2\"><strong>Mainstream-\u00d6konomie:<\/strong>\u00a0Umlaufgesichertes Geld \u201efindet in der etablierten Volkswirtschaftslehre allgemein kaum Beachtung&#8221;. Die wissenschaftliche Anerkennung fehlt weitgehend, was die politische Implementierbarkeit erschwert.<\/p><h3 id=\"63-systemischer-vergleich-gradido-vs-konventionell\" class=\"font-editorial font-bold mb-2 mt-4 [.has-inline-images_&amp;]:clear-end text-base first:mt-0\">6.3 Systemischer Vergleich: Gradido vs. konventionelle L\u00f6sungsans\u00e4tze<\/h3><div class=\"group relative my-[1em]\"><div class=\"sticky top-0 z-10 h-0\" aria-hidden=\"true\"><div class=\"w-full overflow-hidden bg-raised border-x md:max-w-[90vw] border-subtlest ring-subtlest divide-subtlest\">\u00a0<\/div><\/div><div class=\"w-full overflow-auto scrollbar-subtle rounded-lg border md:max-w-[90vw] border-subtlest ring-subtlest divide-subtlest bg-raised\"><table class=\"[&amp;_tr:last-child_td]:border-b-0 my-0 w-full table-auto border-separate border-spacing-0 text-sm font-sans rounded-lg [&amp;_tr:last-child_td:first-child]:rounded-bl-lg [&amp;_tr:last-child_td:last-child]:rounded-br-lg\"><thead><tr><th class=\"border-subtlest p-sm min-w-[48px] break-normal border-b text-left align-bottom border-r last:border-r-0 font-bold bg-subtle first:border-radius-tl-lg last:border-radius-tr-lg\" scope=\"col\">L\u00f6sungsansatz<\/th><th class=\"border-subtlest p-sm min-w-[48px] break-normal border-b text-left align-bottom border-r last:border-r-0 font-bold bg-subtle first:border-radius-tl-lg last:border-radius-tr-lg\" scope=\"col\">Schuldenabbau<\/th><th class=\"border-subtlest p-sm min-w-[48px] break-normal border-b text-left align-bottom border-r last:border-r-0 font-bold bg-subtle first:border-radius-tl-lg last:border-radius-tr-lg\" scope=\"col\">Steuerlast<\/th><th class=\"border-subtlest p-sm min-w-[48px] break-normal border-b text-left align-bottom border-r last:border-r-0 font-bold bg-subtle first:border-radius-tl-lg last:border-radius-tr-lg\" scope=\"col\">Soziale Absicherung<\/th><th class=\"border-subtlest p-sm min-w-[48px] break-normal border-b text-left align-bottom border-r last:border-r-0 font-bold bg-subtle first:border-radius-tl-lg last:border-radius-tr-lg\" scope=\"col\">Umwelt<\/th><th class=\"border-subtlest p-sm min-w-[48px] break-normal border-b text-left align-bottom border-r last:border-r-0 font-bold bg-subtle first:border-radius-tl-lg last:border-radius-tr-lg\" scope=\"col\">Langfristig<\/th><\/tr><\/thead><tbody><tr><td class=\"border-subtlest px-sm min-w-[48px] break-normal border-b border-r last:border-r-0\">Steuererh\u00f6hungen<\/td><td class=\"border-subtlest px-sm min-w-[48px] break-normal border-b border-r last:border-r-0\">Moderat<\/td><td class=\"border-subtlest px-sm min-w-[48px] break-normal border-b border-r last:border-r-0\">\u2191 Steigt<\/td><td class=\"border-subtlest px-sm min-w-[48px] break-normal border-b border-r last:border-r-0\">Gleich<\/td><td class=\"border-subtlest px-sm min-w-[48px] break-normal border-b border-r last:border-r-0\">Keine Wirkung<\/td><td class=\"border-subtlest px-sm min-w-[48px] break-normal border-b border-r last:border-r-0\">Instabil<\/td><\/tr><tr><td class=\"border-subtlest px-sm min-w-[48px] break-normal border-b border-r last:border-r-0\">Ausgabenk\u00fcrzungen<\/td><td class=\"border-subtlest px-sm min-w-[48px] break-normal border-b border-r last:border-r-0\">Moderat<\/td><td class=\"border-subtlest px-sm min-w-[48px] break-normal border-b border-r last:border-r-0\">Gleich<\/td><td class=\"border-subtlest px-sm min-w-[48px] break-normal border-b border-r last:border-r-0\">\u2193 Sinkt<\/td><td class=\"border-subtlest px-sm min-w-[48px] break-normal border-b border-r last:border-r-0\">Keine Wirkung<\/td><td class=\"border-subtlest px-sm min-w-[48px] break-normal border-b border-r last:border-r-0\">Instabil<\/td><\/tr><tr><td class=\"border-subtlest px-sm min-w-[48px] break-normal border-b border-r last:border-r-0\">Schuldenbremse<\/td><td class=\"border-subtlest px-sm min-w-[48px] break-normal border-b border-r last:border-r-0\">Langsam<\/td><td class=\"border-subtlest px-sm min-w-[48px] break-normal border-b border-r last:border-r-0\">Gleich<\/td><td class=\"border-subtlest px-sm min-w-[48px] break-normal border-b border-r last:border-r-0\">\u2193 Druck<\/td><td class=\"border-subtlest px-sm min-w-[48px] break-normal border-b border-r last:border-r-0\">Keine Wirkung<\/td><td class=\"border-subtlest px-sm min-w-[48px] break-normal border-b border-r last:border-r-0\">Instabil<\/td><\/tr><tr><td class=\"border-subtlest px-sm min-w-[48px] break-normal border-b border-r last:border-r-0\"><strong>Gradido (vollst\u00e4ndig)<\/strong><\/td><td class=\"border-subtlest px-sm min-w-[48px] break-normal border-b border-r last:border-r-0\"><strong>Strukturell eliminiert<\/strong><\/td><td class=\"border-subtlest px-sm min-w-[48px] break-normal border-b border-r last:border-r-0\"><strong>\u2193 Entf\u00e4llt<\/strong><\/td><td class=\"border-subtlest px-sm min-w-[48px] break-normal border-b border-r last:border-r-0\"><strong>\u2191 AGE f\u00fcr alle<\/strong><\/td><td class=\"border-subtlest px-sm min-w-[48px] break-normal border-b border-r last:border-r-0\"><strong>\u2191 AUF finanziert<\/strong><\/td><td class=\"border-subtlest px-sm min-w-[48px] break-normal border-b border-r last:border-r-0\"><strong>Stabil<\/strong><\/td><\/tr><tr><td class=\"border-subtlest px-sm min-w-[48px] break-normal border-b border-r last:border-r-0\">Gradido (komplement\u00e4r)<\/td><td class=\"border-subtlest px-sm min-w-[48px] break-normal border-b border-r last:border-r-0\">Erg\u00e4nzend<\/td><td class=\"border-subtlest px-sm min-w-[48px] break-normal border-b border-r last:border-r-0\">Sinkt schrittweise<\/td><td class=\"border-subtlest px-sm min-w-[48px] break-normal border-b border-r last:border-r-0\">Verbessert sich<\/td><td class=\"border-subtlest px-sm min-w-[48px] break-normal border-b border-r last:border-r-0\">Wird finanziert<\/td><td class=\"border-subtlest px-sm min-w-[48px] break-normal border-b border-r last:border-r-0\">Aufbauend stabil<\/td><\/tr><\/tbody><\/table><\/div><\/div><hr class=\"bg-quiet h-px border-0\" \/><h2 id=\"teil-vii-deutschland-als-pionier--strategische-per\" class=\"font-editorial font-bold mb-2 mt-4 [.has-inline-images_&amp;]:clear-end text-lg first:mt-0 md:text-lg [hr+&amp;]:mt-4\">Teil VII: Deutschland als Pionier \u2013 Strategische Perspektive<\/h2><h3 id=\"71-die-akupunktur-strategie\" class=\"font-editorial font-bold mb-2 mt-4 [.has-inline-images_&amp;]:clear-end text-base first:mt-0\">7.1 Die Akupunktur-Strategie<\/h3><p class=\"my-2 [&amp;+p]:mt-4 [&amp;_strong:has(+br)]:inline-block [&amp;_strong:has(+br)]:pb-2\">Aus strategischer Sicht kann Deutschland \u2013 der Standort der Gradido-Akademie \u2013 ein idealer Pionier sein: als gr\u00f6\u00dfte Volkswirtschaft der EU h\u00e4tte ein deutsches Erfolgsmodell enormen Demonstrationseffekt. Die Vision 2050 von Gradido sieht Deutschland als erstes Land f\u00fcr eine offizielle Gradido-Einf\u00fchrung (Vision 2032-DE). Der prognostizierte Effekt: Wirtschaftswachstum, minimale Arbeitslosigkeit, praktisch eliminierte Armut und sich regenerierende Umwelt.<\/p><p class=\"my-2 [&amp;+p]:mt-4 [&amp;_strong:has(+br)]:inline-block [&amp;_strong:has(+br)]:pb-2\">F\u00fcr die Einf\u00fchrung eignet sich die \u201eAkupunktur-Strategie&#8221;: nicht alle politischen Institutionen gleichzeitig \u00fcberzeugen wollen, sondern den Fokus auf wenige Kommunen oder Regionen mit hohem Leidensdruck und offenen Entscheidern setzen \u2013 wie W\u00f6rgl es vorgemacht hat. Ein lokaler Erfolg generiert mehr politische Zugkraft als jede theoretische \u00dcberzeugungsarbeit.<\/p><h3 id=\"72-gradido-und-die-ezb\" class=\"font-editorial font-bold mb-2 mt-4 [.has-inline-images_&amp;]:clear-end text-base first:mt-0\">7.2 Gradido und die EZB<\/h3><p class=\"my-2 [&amp;+p]:mt-4 [&amp;_strong:has(+br)]:inline-block [&amp;_strong:has(+br)]:pb-2\">F\u00fcr die Europ\u00e4ische Zentralbank l\u00f6st Gradido ein zentrales Dilemma: die Notwendigkeit, mit einer Einheitsw\u00e4hrung zwanzig wirtschaftlich sehr verschiedene Volkswirtschaften zu steuern. Bei Gradido w\u00fcrde der automatische Pro-Kopf-Ausgleich strukturelle Nord-S\u00fcd-Ungleichgewichte in der EU ausgleichen \u2013 ohne politische Transferunion-K\u00e4mpfe.\u00a0<\/p><h3 id=\"73-gradido-als-friedensdividende\" class=\"font-editorial font-bold mb-2 mt-4 [.has-inline-images_&amp;]:clear-end text-base first:mt-0\">7.3 Gradido als Friedensdividende<\/h3><p class=\"my-2 [&amp;+p]:mt-4 [&amp;_strong:has(+br)]:inline-block [&amp;_strong:has(+br)]:pb-2\">Die Analyse des Zusammenhangs zwischen Schuldgeldsystem und Kriegen zeigt: Das bestehende System erzeugt\u00a0<strong>strukturelle Kriegsanreize<\/strong>\u00a0durch Ressourcenkonkurrenz, erzwungenes Wachstum und Schuldenabbau durch Zerst\u00f6rung. Ein Gradido-basiertes System macht Kooperation wirtschaftlich attraktiver als Konfrontation \u2013 da die Grundversorgung gesichert ist und Ressourcenkonkurrenz durch den AUF entsch\u00e4rft wird.<\/p><hr class=\"bg-quiet h-px border-0\" \/><h2 id=\"schlussfolgerung\" class=\"font-editorial font-bold mb-2 mt-4 [.has-inline-images_&amp;]:clear-end text-lg first:mt-0 md:text-lg [hr+&amp;]:mt-4\">Schlussfolgerung<\/h2><p class=\"my-2 [&amp;+p]:mt-4 [&amp;_strong:has(+br)]:inline-block [&amp;_strong:has(+br)]:pb-2\">Die Diagnose ist eindeutig: Deutschland befindet sich auf einem nicht nachhaltigen Schuldenweg. Der Bundesrechnungshof best\u00e4tigt es, die Zahlen belegen es \u2013 2,7 Billionen Euro Schulden bis 2029, steigende Zinslast, strukturelle Finanzierungsl\u00fccken. Die klassischen Antworten \u2013 mehr Steuern oder weniger Ausgaben \u2013 l\u00f6sen das strukturelle Problem nicht, sie verschleppen es.<\/p><p class=\"my-2 [&amp;+p]:mt-4 [&amp;_strong:has(+br)]:inline-block [&amp;_strong:has(+br)]:pb-2\">Gradido bietet einen anderen Weg:\u00a0<strong>keine St\u00fcckwerkpolitik, sondern eine Systemtransformation<\/strong>, die an der Wurzel des Problems ansetzt. Statt Schulden zu verwalten, entfallen sie strukturell. Statt Steuern zu erh\u00f6hen, werden sie obsolet. Statt Sozialsysteme zu k\u00fcrzen, wird die Grundversorgung aller gesichert. Statt Umweltpolitik zu unterfinanzieren, erh\u00e4lt sie den gr\u00f6\u00dften Umweltfonds der Geschichte.<\/p><p class=\"my-2 [&amp;+p]:mt-4 [&amp;_strong:has(+br)]:inline-block [&amp;_strong:has(+br)]:pb-2\">Der entscheidende praktische Vorteil von Gradido ist seine\u00a0<strong>Einf\u00fchrbarkeit ohne systemischen Bruch<\/strong>: als Bonussystem heute, als Komplement\u00e4rw\u00e4hrung morgen, als nationale W\u00e4hrung \u00fcbermorgen \u2013 immer schrittweise, immer parallel zum bestehenden System. Im Crash-Fall ist Gradido bereit als Notgeld, das die Wirtschaft am Laufen h\u00e4lt.<\/p><p class=\"my-2 [&amp;+p]:mt-4 [&amp;_strong:has(+br)]:inline-block [&amp;_strong:has(+br)]:pb-2\">Die gr\u00f6\u00dften H\u00fcrden sind nicht technischer, sondern\u00a0<strong>politischer und institutioneller Natur<\/strong>: das Interesse der bestehenden Finanzinstitutionen am Status quo, die mangelnde wissenschaftliche Anerkennung und der politische Mut, ein noch nie in diesem Ma\u00dfstab erprobtes System zu implementieren. Das W\u00f6rgl-Experiment zeigt, dass der systemische Widerstand der Zentralbanken historisch real ist. Gleichzeitig zeigt es auch: Das Prinzip funktioniert empirisch.<\/p><p class=\"my-2 [&amp;+p]:mt-4 [&amp;_strong:has(+br)]:inline-block [&amp;_strong:has(+br)]:pb-2\">Die eigentliche Frage ist nicht ob das Schuldgeldsystem an seine Grenzen st\u00f6\u00dft \u2013 darin sind Bundesrechnungshof und Gradido-Akademie einig. Die Frage ist, ob Deutschland und die Welt diese Grenze im kontrollierten Wandel oder im unkontrollierten Crash erreichen werden. Gradido bietet das Werkzeug f\u00fcr den kontrollierten Weg.<\/p><hr class=\"bg-quiet h-px border-0\" \/><p class=\"my-2 [&amp;+p]:mt-4 [&amp;_strong:has(+br)]:inline-block [&amp;_strong:has(+br)]:pb-2\"><em>Dieser Bericht basiert auf offiziellen Dokumenten des Bundesrechnungshofs, Gradido-Quellen (gradido.net), historischen Dokumentationen zum W\u00f6rgl-Experiment sowie der strategischen Analyse der Gradido-Akademie. Er dient der Information und als Impuls f\u00fcr weiterf\u00fchrende Diskussion.<\/em><\/p><\/div><\/div><\/div><\/div><\/div><\/div><\/div><\/div><\/div><\/div><\/div><\/div><\/div><\/div><\/div><\/div><\/div>\t\t\t\t\t\t\t\t<\/div>\n\t\t\t\t<\/div>\n\t\t\t\t<div class=\"elementor-element elementor-element-db3fa8e elementor-widget-divider--view-line elementor-widget elementor-widget-divider\" data-id=\"db3fa8e\" data-element_type=\"widget\" data-e-type=\"widget\" data-widget_type=\"divider.default\">\n\t\t\t\t<div class=\"elementor-widget-container\">\n\t\t\t\t\t\t\t<div class=\"elementor-divider\">\n\t\t\t<span class=\"elementor-divider-separator\">\n\t\t\t\t\t\t<\/span>\n\t\t<\/div>\n\t\t\t\t\t\t<\/div>\n\t\t\t\t<\/div>\n\t\t\t\t<div class=\"elementor-element elementor-element-d74dfa0 elementor-widget elementor-widget-text-editor\" data-id=\"d74dfa0\" data-element_type=\"widget\" data-e-type=\"widget\" data-widget_type=\"text-editor.default\">\n\t\t\t\t<div class=\"elementor-widget-container\">\n\t\t\t\t\t\t\t\t\t<div data-pm-slice=\"1 1 []\" data-en-clipboard=\"true\"><p>Herzliche Gr\u00fc\u00dfe<\/p><p><span style=\"font-family: -apple-system, BlinkMacSystemFont, 'Segoe UI', Roboto, 'Helvetica Neue', Arial, 'Noto Sans', sans-serif, 'Apple Color Emoji', 'Segoe UI Emoji', 'Segoe UI Symbol', 'Noto Color Emoji';\">Deine<\/span><\/p><\/div><p><img decoding=\"async\" class=\"alignnone wp-image-4614 size-medium\" src=\"https:\/\/gradido.net\/wp-content\/uploads\/2022\/06\/MargretBernd_2022-300x74.png\" alt=\"\" width=\"300\" height=\"74\" srcset=\"https:\/\/gradido.net\/wp-content\/uploads\/2022\/06\/MargretBernd_2022-300x74.png 300w, https:\/\/gradido.net\/wp-content\/uploads\/2022\/06\/MargretBernd_2022-18x4.png 18w, https:\/\/gradido.net\/wp-content\/uploads\/2022\/06\/MargretBernd_2022.png 431w\" sizes=\"(max-width: 300px) 100vw, 300px\" \/><\/p><p>Margret Baier und Bernd H\u00fcckst\u00e4dt<br \/>Gradido-Gr\u00fcnder und Entwickler<\/p>\t\t\t\t\t\t\t\t<\/div>\n\t\t\t\t<\/div>\n\t\t\t\t\t<\/div>\n\t\t<\/div>\n\t\t\t\t\t<\/div>\n\t\t<\/section>\n\t\t\t\t<section class=\"elementor-section elementor-top-section elementor-element elementor-element-14532fe elementor-section-boxed elementor-section-height-default elementor-section-height-default\" data-id=\"14532fe\" data-element_type=\"section\" data-e-type=\"section\">\n\t\t\t\t\t\t<div class=\"elementor-container elementor-column-gap-default\">\n\t\t\t\t\t<div class=\"elementor-column elementor-col-100 elementor-top-column elementor-element elementor-element-65d2298\" data-id=\"65d2298\" data-element_type=\"column\" data-e-type=\"column\">\n\t\t\t<div class=\"elementor-widget-wrap elementor-element-populated\">\n\t\t\t\t\t\t<div class=\"elementor-element elementor-element-bea124f elementor-widget elementor-widget-global elementor-global-9341 elementor-widget-text-editor\" data-id=\"bea124f\" data-element_type=\"widget\" data-e-type=\"widget\" data-widget_type=\"text-editor.default\">\n\t\t\t\t<div class=\"elementor-widget-container\">\n\t\t\t\t\t\t\t\t\t<p><strong>PS:\u00a0<span style=\"color: #ff6600;\"><a style=\"color: #ff6600;\" href=\"https:\/\/gradido.net\/donations\/\">Wegen der stetig wachsenden Bedeutung von Gradido wiederholen wir unsere Dankbarkeits-Aktion am 26.Juni 2026:<\/a>\u00a0<\/span><span style=\"color: #0000ff;\"><a style=\"color: #0000ff;\" href=\"https:\/\/gradido.net\/donations\/\">Zus\u00e4tzlich zu den vielfachen GradidoTransform f\u00fcr Deinen F\u00f6rderbeitrag erh\u00f6hen wir am 26.06.26 alle GDT-Kontost\u00e4nde um 26%. F\u00f6rdere jetzt auch Du und komme in den Genuss der vielfachen Menge GDT!<\/a><\/span><\/strong><\/p>\t\t\t\t\t\t\t\t<\/div>\n\t\t\t\t<\/div>\n\t\t\t\t\t<\/div>\n\t\t<\/div>\n\t\t\t\t\t<\/div>\n\t\t<\/section>\n\t\t\t\t<section class=\"elementor-section elementor-top-section elementor-element elementor-element-29dfc07 elementor-section-boxed elementor-section-height-default elementor-section-height-default\" data-id=\"29dfc07\" data-element_type=\"section\" data-e-type=\"section\">\n\t\t\t\t\t\t<div class=\"elementor-container elementor-column-gap-default\">\n\t\t\t\t\t<div class=\"elementor-column elementor-col-100 elementor-top-column elementor-element elementor-element-d37ec5a\" data-id=\"d37ec5a\" data-element_type=\"column\" data-e-type=\"column\">\n\t\t\t<div class=\"elementor-widget-wrap\">\n\t\t\t\t\t\t\t<\/div>\n\t\t<\/div>\n\t\t\t\t\t<\/div>\n\t\t<\/section>\n\t\t\t\t<section class=\"elementor-section elementor-top-section elementor-element elementor-element-b3bbb9b elementor-section-boxed elementor-section-height-default elementor-section-height-default\" data-id=\"b3bbb9b\" data-element_type=\"section\" data-e-type=\"section\">\n\t\t\t\t\t\t<div class=\"elementor-container elementor-column-gap-default\">\n\t\t\t\t\t<div class=\"elementor-column elementor-col-100 elementor-top-column elementor-element elementor-element-a7e88ad\" data-id=\"a7e88ad\" data-element_type=\"column\" data-e-type=\"column\">\n\t\t\t<div class=\"elementor-widget-wrap\">\n\t\t\t\t\t\t\t<\/div>\n\t\t<\/div>\n\t\t\t\t\t<\/div>\n\t\t<\/section>\n\t\t\t\t<\/div>\n\t\t","protected":false},"excerpt":{"rendered":"<p>Die Analyse untersucht sowohl die Tiefe der deutschen Haushaltskrise als auch das Potenzial, die Herausforderungen und die Einf\u00fchrungsstrategie von Gradido als systemische L\u00f6sung \u2013 pr\u00e4ventiv oder als Rettungsanker nach einem m\u00f6glichen Finanzcrash.<\/p>\n","protected":false},"author":2,"featured_media":13480,"comment_status":"closed","ping_status":"closed","sticky":false,"template":"","format":"standard","meta":{"footnotes":""},"categories":[51,11],"tags":[],"class_list":["post-13478","post","type-post","status-publish","format-standard","has-post-thumbnail","hentry","category-analysen","category-blog"],"yoast_head":"<!-- This site is optimized with the Yoast SEO plugin v27.5 - https:\/\/yoast.com\/product\/yoast-seo-wordpress\/ -->\n<title>Kann Gradido Deutschland vor dem Staatsbankrott retten? - Gradido<\/title>\n<meta name=\"description\" content=\"Die Analyse untersucht sowohl die Tiefe der deutschen Haushaltskrise als auch das Potenzial, die Herausforderungen und die Einf\u00fchrungsstrategie von Gradido als systemische L\u00f6sung \u2013 pr\u00e4ventiv oder als Rettungsanker nach einem m\u00f6glichen Finanzcrash.\" \/>\n<meta name=\"robots\" content=\"index, follow, max-snippet:-1, max-image-preview:large, max-video-preview:-1\" \/>\n<link rel=\"canonical\" href=\"https:\/\/gradido.net\/de\/kann-gradido-deutschland-vor-dem-staatsbankrott-retten\/\" \/>\n<meta property=\"og:locale\" content=\"de_DE\" \/>\n<meta property=\"og:type\" content=\"article\" \/>\n<meta property=\"og:title\" content=\"Kann Gradido Deutschland vor dem Staatsbankrott retten? - Gradido\" \/>\n<meta property=\"og:description\" content=\"Die Analyse untersucht sowohl die Tiefe der deutschen Haushaltskrise als auch das Potenzial, die Herausforderungen und die Einf\u00fchrungsstrategie von Gradido als systemische L\u00f6sung \u2013 pr\u00e4ventiv oder als Rettungsanker nach einem m\u00f6glichen Finanzcrash.\" \/>\n<meta property=\"og:url\" content=\"https:\/\/gradido.net\/de\/kann-gradido-deutschland-vor-dem-staatsbankrott-retten\/\" \/>\n<meta property=\"og:site_name\" content=\"Gradido\" \/>\n<meta property=\"article:published_time\" content=\"2026-05-03T03:33:37+00:00\" \/>\n<meta property=\"article:modified_time\" content=\"2026-05-03T04:41:03+00:00\" \/>\n<meta property=\"og:image\" content=\"https:\/\/gradido.net\/wp-content\/uploads\/2026\/04\/Staatsbankrott.jpg\" \/>\n\t<meta property=\"og:image:width\" content=\"1920\" \/>\n\t<meta property=\"og:image:height\" content=\"1080\" \/>\n\t<meta property=\"og:image:type\" content=\"image\/jpeg\" \/>\n<meta name=\"author\" content=\"Bernd H\u00fcckst\u00e4dt\" \/>\n<meta name=\"twitter:card\" content=\"summary_large_image\" \/>\n<meta name=\"twitter:label1\" content=\"Verfasst von\" \/>\n\t<meta name=\"twitter:data1\" content=\"Bernd H\u00fcckst\u00e4dt\" \/>\n\t<meta name=\"twitter:label2\" content=\"Gesch\u00e4tzte Lesezeit\" \/>\n\t<meta name=\"twitter:data2\" content=\"17\u00a0Minuten\" \/>\n<script type=\"application\/ld+json\" class=\"yoast-schema-graph\">{\"@context\":\"https:\\\/\\\/schema.org\",\"@graph\":[{\"@type\":\"Article\",\"@id\":\"https:\\\/\\\/gradido.net\\\/kann-gradido-deutschland-vor-dem-staatsbankrott-retten\\\/#article\",\"isPartOf\":{\"@id\":\"https:\\\/\\\/gradido.net\\\/kann-gradido-deutschland-vor-dem-staatsbankrott-retten\\\/\"},\"author\":{\"name\":\"Bernd H\u00fcckst\u00e4dt\",\"@id\":\"https:\\\/\\\/gradido.net\\\/de\\\/#\\\/schema\\\/person\\\/9c503a004ad15a1ddecadce2218db5d1\"},\"headline\":\"Kann Gradido Deutschland vor dem Staatsbankrott retten?\",\"datePublished\":\"2026-05-03T03:33:37+00:00\",\"dateModified\":\"2026-05-03T04:41:03+00:00\",\"mainEntityOfPage\":{\"@id\":\"https:\\\/\\\/gradido.net\\\/kann-gradido-deutschland-vor-dem-staatsbankrott-retten\\\/\"},\"wordCount\":3097,\"publisher\":{\"@id\":\"https:\\\/\\\/gradido.net\\\/de\\\/#organization\"},\"image\":{\"@id\":\"https:\\\/\\\/gradido.net\\\/kann-gradido-deutschland-vor-dem-staatsbankrott-retten\\\/#primaryimage\"},\"thumbnailUrl\":\"https:\\\/\\\/gradido.net\\\/wp-content\\\/uploads\\\/2026\\\/04\\\/Staatsbankrott.jpg\",\"articleSection\":[\"Analysen\",\"Blog\"],\"inLanguage\":\"de\"},{\"@type\":\"WebPage\",\"@id\":\"https:\\\/\\\/gradido.net\\\/kann-gradido-deutschland-vor-dem-staatsbankrott-retten\\\/\",\"url\":\"https:\\\/\\\/gradido.net\\\/kann-gradido-deutschland-vor-dem-staatsbankrott-retten\\\/\",\"name\":\"Kann Gradido Deutschland vor dem Staatsbankrott retten? - Gradido\",\"isPartOf\":{\"@id\":\"https:\\\/\\\/gradido.net\\\/de\\\/#website\"},\"primaryImageOfPage\":{\"@id\":\"https:\\\/\\\/gradido.net\\\/kann-gradido-deutschland-vor-dem-staatsbankrott-retten\\\/#primaryimage\"},\"image\":{\"@id\":\"https:\\\/\\\/gradido.net\\\/kann-gradido-deutschland-vor-dem-staatsbankrott-retten\\\/#primaryimage\"},\"thumbnailUrl\":\"https:\\\/\\\/gradido.net\\\/wp-content\\\/uploads\\\/2026\\\/04\\\/Staatsbankrott.jpg\",\"datePublished\":\"2026-05-03T03:33:37+00:00\",\"dateModified\":\"2026-05-03T04:41:03+00:00\",\"description\":\"Die Analyse untersucht sowohl die Tiefe der deutschen Haushaltskrise als auch das Potenzial, die Herausforderungen und die Einf\u00fchrungsstrategie von Gradido als systemische L\u00f6sung \u2013 pr\u00e4ventiv oder als Rettungsanker nach einem m\u00f6glichen Finanzcrash.\",\"breadcrumb\":{\"@id\":\"https:\\\/\\\/gradido.net\\\/kann-gradido-deutschland-vor-dem-staatsbankrott-retten\\\/#breadcrumb\"},\"inLanguage\":\"de\",\"potentialAction\":[{\"@type\":\"ReadAction\",\"target\":[\"https:\\\/\\\/gradido.net\\\/kann-gradido-deutschland-vor-dem-staatsbankrott-retten\\\/\"]}]},{\"@type\":\"ImageObject\",\"inLanguage\":\"de\",\"@id\":\"https:\\\/\\\/gradido.net\\\/kann-gradido-deutschland-vor-dem-staatsbankrott-retten\\\/#primaryimage\",\"url\":\"https:\\\/\\\/gradido.net\\\/wp-content\\\/uploads\\\/2026\\\/04\\\/Staatsbankrott.jpg\",\"contentUrl\":\"https:\\\/\\\/gradido.net\\\/wp-content\\\/uploads\\\/2026\\\/04\\\/Staatsbankrott.jpg\",\"width\":1920,\"height\":1080},{\"@type\":\"BreadcrumbList\",\"@id\":\"https:\\\/\\\/gradido.net\\\/kann-gradido-deutschland-vor-dem-staatsbankrott-retten\\\/#breadcrumb\",\"itemListElement\":[{\"@type\":\"ListItem\",\"position\":1,\"name\":\"Startseite\",\"item\":\"https:\\\/\\\/gradido.net\\\/\"},{\"@type\":\"ListItem\",\"position\":2,\"name\":\"Kann Gradido Deutschland vor dem Staatsbankrott retten?\"}]},{\"@type\":\"WebSite\",\"@id\":\"https:\\\/\\\/gradido.net\\\/de\\\/#website\",\"url\":\"https:\\\/\\\/gradido.net\\\/de\\\/\",\"name\":\"Gradido\",\"description\":\"Die neue W\u00e4hrung hei\u00dft Dankbarkeit\",\"publisher\":{\"@id\":\"https:\\\/\\\/gradido.net\\\/de\\\/#organization\"},\"potentialAction\":[{\"@type\":\"SearchAction\",\"target\":{\"@type\":\"EntryPoint\",\"urlTemplate\":\"https:\\\/\\\/gradido.net\\\/de\\\/?s={search_term_string}\"},\"query-input\":{\"@type\":\"PropertyValueSpecification\",\"valueRequired\":true,\"valueName\":\"search_term_string\"}}],\"inLanguage\":\"de\"},{\"@type\":\"Organization\",\"@id\":\"https:\\\/\\\/gradido.net\\\/de\\\/#organization\",\"name\":\"Gradido\",\"url\":\"https:\\\/\\\/gradido.net\\\/de\\\/\",\"logo\":{\"@type\":\"ImageObject\",\"inLanguage\":\"de\",\"@id\":\"https:\\\/\\\/gradido.net\\\/de\\\/#\\\/schema\\\/logo\\\/image\\\/\",\"url\":\"https:\\\/\\\/gradido.net\\\/wp-content\\\/uploads\\\/2022\\\/04\\\/gradido-social.jpg\",\"contentUrl\":\"https:\\\/\\\/gradido.net\\\/wp-content\\\/uploads\\\/2022\\\/04\\\/gradido-social.jpg\",\"width\":527,\"height\":273,\"caption\":\"Gradido\"},\"image\":{\"@id\":\"https:\\\/\\\/gradido.net\\\/de\\\/#\\\/schema\\\/logo\\\/image\\\/\"}},{\"@type\":\"Person\",\"@id\":\"https:\\\/\\\/gradido.net\\\/de\\\/#\\\/schema\\\/person\\\/9c503a004ad15a1ddecadce2218db5d1\",\"name\":\"Bernd H\u00fcckst\u00e4dt\",\"sameAs\":[\"https:\\\/\\\/gradido.net\"],\"url\":\"https:\\\/\\\/gradido.net\\\/de\\\/author\\\/bernd\\\/\"}]}<\/script>\n<!-- \/ Yoast SEO plugin. -->","yoast_head_json":{"title":"Kann Gradido Deutschland vor dem Staatsbankrott retten? - Gradido","description":"Die Analyse untersucht sowohl die Tiefe der deutschen Haushaltskrise als auch das Potenzial, die Herausforderungen und die Einf\u00fchrungsstrategie von Gradido als systemische L\u00f6sung \u2013 pr\u00e4ventiv oder als Rettungsanker nach einem m\u00f6glichen Finanzcrash.","robots":{"index":"index","follow":"follow","max-snippet":"max-snippet:-1","max-image-preview":"max-image-preview:large","max-video-preview":"max-video-preview:-1"},"canonical":"https:\/\/gradido.net\/de\/kann-gradido-deutschland-vor-dem-staatsbankrott-retten\/","og_locale":"de_DE","og_type":"article","og_title":"Kann Gradido Deutschland vor dem Staatsbankrott retten? - Gradido","og_description":"Die Analyse untersucht sowohl die Tiefe der deutschen Haushaltskrise als auch das Potenzial, die Herausforderungen und die Einf\u00fchrungsstrategie von Gradido als systemische L\u00f6sung \u2013 pr\u00e4ventiv oder als Rettungsanker nach einem m\u00f6glichen Finanzcrash.","og_url":"https:\/\/gradido.net\/de\/kann-gradido-deutschland-vor-dem-staatsbankrott-retten\/","og_site_name":"Gradido","article_published_time":"2026-05-03T03:33:37+00:00","article_modified_time":"2026-05-03T04:41:03+00:00","og_image":[{"width":1920,"height":1080,"url":"https:\/\/gradido.net\/wp-content\/uploads\/2026\/04\/Staatsbankrott.jpg","type":"image\/jpeg"}],"author":"Bernd H\u00fcckst\u00e4dt","twitter_card":"summary_large_image","twitter_misc":{"Verfasst von":"Bernd H\u00fcckst\u00e4dt","Gesch\u00e4tzte Lesezeit":"17\u00a0Minuten"},"schema":{"@context":"https:\/\/schema.org","@graph":[{"@type":"Article","@id":"https:\/\/gradido.net\/kann-gradido-deutschland-vor-dem-staatsbankrott-retten\/#article","isPartOf":{"@id":"https:\/\/gradido.net\/kann-gradido-deutschland-vor-dem-staatsbankrott-retten\/"},"author":{"name":"Bernd H\u00fcckst\u00e4dt","@id":"https:\/\/gradido.net\/de\/#\/schema\/person\/9c503a004ad15a1ddecadce2218db5d1"},"headline":"Kann Gradido Deutschland vor dem Staatsbankrott retten?","datePublished":"2026-05-03T03:33:37+00:00","dateModified":"2026-05-03T04:41:03+00:00","mainEntityOfPage":{"@id":"https:\/\/gradido.net\/kann-gradido-deutschland-vor-dem-staatsbankrott-retten\/"},"wordCount":3097,"publisher":{"@id":"https:\/\/gradido.net\/de\/#organization"},"image":{"@id":"https:\/\/gradido.net\/kann-gradido-deutschland-vor-dem-staatsbankrott-retten\/#primaryimage"},"thumbnailUrl":"https:\/\/gradido.net\/wp-content\/uploads\/2026\/04\/Staatsbankrott.jpg","articleSection":["Analysen","Blog"],"inLanguage":"de"},{"@type":"WebPage","@id":"https:\/\/gradido.net\/kann-gradido-deutschland-vor-dem-staatsbankrott-retten\/","url":"https:\/\/gradido.net\/kann-gradido-deutschland-vor-dem-staatsbankrott-retten\/","name":"Kann Gradido Deutschland vor dem Staatsbankrott retten? - Gradido","isPartOf":{"@id":"https:\/\/gradido.net\/de\/#website"},"primaryImageOfPage":{"@id":"https:\/\/gradido.net\/kann-gradido-deutschland-vor-dem-staatsbankrott-retten\/#primaryimage"},"image":{"@id":"https:\/\/gradido.net\/kann-gradido-deutschland-vor-dem-staatsbankrott-retten\/#primaryimage"},"thumbnailUrl":"https:\/\/gradido.net\/wp-content\/uploads\/2026\/04\/Staatsbankrott.jpg","datePublished":"2026-05-03T03:33:37+00:00","dateModified":"2026-05-03T04:41:03+00:00","description":"Die Analyse untersucht sowohl die Tiefe der deutschen Haushaltskrise als auch das Potenzial, die Herausforderungen und die Einf\u00fchrungsstrategie von Gradido als systemische L\u00f6sung \u2013 pr\u00e4ventiv oder als Rettungsanker nach einem m\u00f6glichen Finanzcrash.","breadcrumb":{"@id":"https:\/\/gradido.net\/kann-gradido-deutschland-vor-dem-staatsbankrott-retten\/#breadcrumb"},"inLanguage":"de","potentialAction":[{"@type":"ReadAction","target":["https:\/\/gradido.net\/kann-gradido-deutschland-vor-dem-staatsbankrott-retten\/"]}]},{"@type":"ImageObject","inLanguage":"de","@id":"https:\/\/gradido.net\/kann-gradido-deutschland-vor-dem-staatsbankrott-retten\/#primaryimage","url":"https:\/\/gradido.net\/wp-content\/uploads\/2026\/04\/Staatsbankrott.jpg","contentUrl":"https:\/\/gradido.net\/wp-content\/uploads\/2026\/04\/Staatsbankrott.jpg","width":1920,"height":1080},{"@type":"BreadcrumbList","@id":"https:\/\/gradido.net\/kann-gradido-deutschland-vor-dem-staatsbankrott-retten\/#breadcrumb","itemListElement":[{"@type":"ListItem","position":1,"name":"Startseite","item":"https:\/\/gradido.net\/"},{"@type":"ListItem","position":2,"name":"Kann Gradido Deutschland vor dem Staatsbankrott retten?"}]},{"@type":"WebSite","@id":"https:\/\/gradido.net\/de\/#website","url":"https:\/\/gradido.net\/de\/","name":"Gradido","description":"Die neue W\u00e4hrung hei\u00dft Dankbarkeit","publisher":{"@id":"https:\/\/gradido.net\/de\/#organization"},"potentialAction":[{"@type":"SearchAction","target":{"@type":"EntryPoint","urlTemplate":"https:\/\/gradido.net\/de\/?s={search_term_string}"},"query-input":{"@type":"PropertyValueSpecification","valueRequired":true,"valueName":"search_term_string"}}],"inLanguage":"de"},{"@type":"Organization","@id":"https:\/\/gradido.net\/de\/#organization","name":"Gradido","url":"https:\/\/gradido.net\/de\/","logo":{"@type":"ImageObject","inLanguage":"de","@id":"https:\/\/gradido.net\/de\/#\/schema\/logo\/image\/","url":"https:\/\/gradido.net\/wp-content\/uploads\/2022\/04\/gradido-social.jpg","contentUrl":"https:\/\/gradido.net\/wp-content\/uploads\/2022\/04\/gradido-social.jpg","width":527,"height":273,"caption":"Gradido"},"image":{"@id":"https:\/\/gradido.net\/de\/#\/schema\/logo\/image\/"}},{"@type":"Person","@id":"https:\/\/gradido.net\/de\/#\/schema\/person\/9c503a004ad15a1ddecadce2218db5d1","name":"Bernd H\u00fcckst\u00e4dt","sameAs":["https:\/\/gradido.net"],"url":"https:\/\/gradido.net\/de\/author\/bernd\/"}]}},"_links":{"self":[{"href":"https:\/\/gradido.net\/de\/wp-json\/wp\/v2\/posts\/13478","targetHints":{"allow":["GET"]}}],"collection":[{"href":"https:\/\/gradido.net\/de\/wp-json\/wp\/v2\/posts"}],"about":[{"href":"https:\/\/gradido.net\/de\/wp-json\/wp\/v2\/types\/post"}],"author":[{"embeddable":true,"href":"https:\/\/gradido.net\/de\/wp-json\/wp\/v2\/users\/2"}],"replies":[{"embeddable":true,"href":"https:\/\/gradido.net\/de\/wp-json\/wp\/v2\/comments?post=13478"}],"version-history":[{"count":18,"href":"https:\/\/gradido.net\/de\/wp-json\/wp\/v2\/posts\/13478\/revisions"}],"predecessor-version":[{"id":13922,"href":"https:\/\/gradido.net\/de\/wp-json\/wp\/v2\/posts\/13478\/revisions\/13922"}],"wp:featuredmedia":[{"embeddable":true,"href":"https:\/\/gradido.net\/de\/wp-json\/wp\/v2\/media\/13480"}],"wp:attachment":[{"href":"https:\/\/gradido.net\/de\/wp-json\/wp\/v2\/media?parent=13478"}],"wp:term":[{"taxonomy":"category","embeddable":true,"href":"https:\/\/gradido.net\/de\/wp-json\/wp\/v2\/categories?post=13478"},{"taxonomy":"post_tag","embeddable":true,"href":"https:\/\/gradido.net\/de\/wp-json\/wp\/v2\/tags?post=13478"}],"curies":[{"name":"wp","href":"https:\/\/api.w.org\/{rel}","templated":true}]}}