{"id":1705,"date":"2021-01-23T11:52:32","date_gmt":"2021-01-23T10:52:32","guid":{"rendered":"https:\/\/gradido.net\/?p=1705"},"modified":"2021-06-07T18:50:01","modified_gmt":"2021-06-07T16:50:01","slug":"episode-5","status":"publish","type":"post","link":"https:\/\/gradido.net\/de\/episode-5\/","title":{"rendered":"Zukunft f\u00fcr die Generation Corona"},"content":{"rendered":"\t\t<div data-elementor-type=\"wp-post\" data-elementor-id=\"1705\" class=\"elementor elementor-1705\" data-elementor-post-type=\"post\">\n\t\t\t\t\t\t<section class=\"elementor-section elementor-top-section elementor-element elementor-element-496e1d53 elementor-section-boxed elementor-section-height-default elementor-section-height-default\" data-id=\"496e1d53\" data-element_type=\"section\" data-e-type=\"section\">\n\t\t\t\t\t\t<div class=\"elementor-container elementor-column-gap-default\">\n\t\t\t\t\t<div class=\"elementor-column elementor-col-100 elementor-top-column elementor-element elementor-element-461d7be0\" data-id=\"461d7be0\" data-element_type=\"column\" data-e-type=\"column\">\n\t\t\t<div class=\"elementor-widget-wrap elementor-element-populated\">\n\t\t\t\t\t\t<div class=\"elementor-element elementor-element-cd9ebe2 elementor-widget elementor-widget-text-editor\" data-id=\"cd9ebe2\" data-element_type=\"widget\" data-e-type=\"widget\" data-widget_type=\"text-editor.default\">\n\t\t\t\t<div class=\"elementor-widget-container\">\n\t\t\t\t\t\t\t\t\t<h2>Zu Gast: Josef Kraus<\/h2>\t\t\t\t\t\t\t\t<\/div>\n\t\t\t\t<\/div>\n\t\t\t\t\t<\/div>\n\t\t<\/div>\n\t\t\t\t\t<\/div>\n\t\t<\/section>\n\t\t\t\t<section class=\"elementor-section elementor-top-section elementor-element elementor-element-2f93e3c3 elementor-section-boxed elementor-section-height-default elementor-section-height-default\" data-id=\"2f93e3c3\" data-element_type=\"section\" data-e-type=\"section\">\n\t\t\t\t\t\t<div class=\"elementor-container elementor-column-gap-default\">\n\t\t\t\t\t<div class=\"elementor-column elementor-col-100 elementor-top-column elementor-element elementor-element-5a9dfd19\" data-id=\"5a9dfd19\" data-element_type=\"column\" data-e-type=\"column\">\n\t\t\t<div class=\"elementor-widget-wrap elementor-element-populated\">\n\t\t\t\t\t\t<div class=\"elementor-element elementor-element-9cdb6b8 elementor-widget elementor-widget-html\" data-id=\"9cdb6b8\" data-element_type=\"widget\" data-e-type=\"widget\" data-widget_type=\"html.default\">\n\t\t\t\t<div class=\"elementor-widget-container\">\n\t\t\t\t\t<script class=\"podigee-podcast-player\" src=\"https:\/\/player.podigee-cdn.net\/podcast-player\/javascripts\/podigee-podcast-player.js\" data-configuration=\"https:\/\/gradido.podigee.io\/5-neue-episode\/embed?context=external\"><\/script>\t\t\t\t<\/div>\n\t\t\t\t<\/div>\n\t\t\t\t\t<\/div>\n\t\t<\/div>\n\t\t\t\t\t<\/div>\n\t\t<\/section>\n\t\t\t\t<section class=\"elementor-section elementor-top-section elementor-element elementor-element-585c640 elementor-section-boxed elementor-section-height-default elementor-section-height-default\" data-id=\"585c640\" data-element_type=\"section\" data-e-type=\"section\">\n\t\t\t\t\t\t<div class=\"elementor-container elementor-column-gap-default\">\n\t\t\t\t\t<div class=\"elementor-column elementor-col-50 elementor-top-column elementor-element elementor-element-13c250b\" data-id=\"13c250b\" data-element_type=\"column\" data-e-type=\"column\">\n\t\t\t<div class=\"elementor-widget-wrap elementor-element-populated\">\n\t\t\t\t\t\t<div class=\"elementor-element elementor-element-0561949 elementor-widget elementor-widget-text-editor\" data-id=\"0561949\" data-element_type=\"widget\" data-e-type=\"widget\" data-widget_type=\"text-editor.default\">\n\t\t\t\t<div class=\"elementor-widget-container\">\n\t\t\t\t\t\t\t\t\t<p>Die Corona-Ma\u00dfnahmen nehmen jungen Menschen nicht nur die M\u00f6glichkeit mit Gleichaltrigen zu feiern oder um die Welt zu reisen. Sie gef\u00e4hrden auch Millionen Existenzen und Zukunftsmodelle. Aufgrund der Streichung vieler Ausbildungspl\u00e4tze fehlt Schulabsolventen die Perspektive f\u00fcr die Zukunft.<\/p><p>Das Gradido-Modell kann der \u201aGeneration Corona\u2018 wieder die Zukunft geben, die sich die jungen Menschen w\u00fcnschen. Das \u201aAktive Grundeinkommen\u2018 sichert bei Gradido die \u201aBedingungslose Teilhabe\u2018 am Leben der Gesellschaft. Konkret bedeutet das, dass jeder sich mit seinen Neigungen und F\u00e4higkeiten dort einbringen kann, wo es f\u00fcr ihn am allerbesten passt, und auf diese Weise sein volles Potenzial entfaltet. Das liegt ja auch im ureigensten Interesse unserer Gesellschaft.<\/p><p>Wir begr\u00fc\u00dfen als Gespr\u00e4chsgast Josef Kraus, Bestseller-Autor und 30 Jahre lang ehrenamtlicher Pr\u00e4sident des Deutschen Lehrerverbandes. Er schreibt gerade an seinem neuesten Buch mit dem Titel \u201eDer deutsche Untertan &#8211; vom Denken entw\u00f6hnt\u201c \u00fcber das wir nat\u00fcrlich auch sprechen werden. Josef Kraus wird mit gutem Grund der \u201eTitan der Bildungspolitik\u201c genannt.<\/p><p><strong>Links:<\/strong><\/p><p><a href=\"https:\/\/www.youtube.com\/watch?v=dpHB8kH3yVg\" target=\"_blank\" rel=\"noopener\">Schetinin-Schule<\/a><\/p><p><a href=\"https:\/\/www.amazon.de\/deutsche-Untertan-Verlust-eigenen-Denkens\/dp\/378443584X\/ref=sr_1_3\" target=\"_blank\" rel=\"noopener\">Buch: Der deutsche Untertan: Vom Verlust des eigenen Denkens<\/a><\/p>\t\t\t\t\t\t\t\t<\/div>\n\t\t\t\t<\/div>\n\t\t\t\t\t<\/div>\n\t\t<\/div>\n\t\t\t\t<div class=\"elementor-column elementor-col-50 elementor-top-column elementor-element elementor-element-e0d795e\" data-id=\"e0d795e\" data-element_type=\"column\" data-e-type=\"column\">\n\t\t\t<div class=\"elementor-widget-wrap elementor-element-populated\">\n\t\t\t\t\t\t<div class=\"elementor-element elementor-element-8c61bad elementor-widget elementor-widget-image\" data-id=\"8c61bad\" data-element_type=\"widget\" data-e-type=\"widget\" data-widget_type=\"image.default\">\n\t\t\t\t<div class=\"elementor-widget-container\">\n\t\t\t\t\t\t\t\t\t\t\t\t\t\t\t<img fetchpriority=\"high\" decoding=\"async\" width=\"800\" height=\"800\" src=\"https:\/\/gradido.net\/wp-content\/uploads\/2021\/06\/gradido_podcast_kraus-1024x1024.jpg\" class=\"attachment-large size-large wp-image-2657\" alt=\"\" srcset=\"https:\/\/gradido.net\/wp-content\/uploads\/2021\/06\/gradido_podcast_kraus-1024x1024.jpg 1024w, https:\/\/gradido.net\/wp-content\/uploads\/2021\/06\/gradido_podcast_kraus-300x300.jpg 300w, https:\/\/gradido.net\/wp-content\/uploads\/2021\/06\/gradido_podcast_kraus-150x150.jpg 150w, https:\/\/gradido.net\/wp-content\/uploads\/2021\/06\/gradido_podcast_kraus-768x768.jpg 768w, https:\/\/gradido.net\/wp-content\/uploads\/2021\/06\/gradido_podcast_kraus-12x12.jpg 12w, https:\/\/gradido.net\/wp-content\/uploads\/2021\/06\/gradido_podcast_kraus.jpg 1400w\" sizes=\"(max-width: 800px) 100vw, 800px\" \/>\t\t\t\t\t\t\t\t\t\t\t\t\t\t\t<\/div>\n\t\t\t\t<\/div>\n\t\t\t\t<div class=\"elementor-element elementor-element-ceab137 elementor-widget elementor-widget-text-editor\" data-id=\"ceab137\" data-element_type=\"widget\" data-e-type=\"widget\" data-widget_type=\"text-editor.default\">\n\t\t\t\t<div class=\"elementor-widget-container\">\n\t\t\t\t\t\t\t\t\t<p><a href=\"https:\/\/youtu.be\/8Tcsrb4XXwQ\" target=\"_blank\" rel=\"noopener\">Auf YouTube h\u00f6ren<\/a><\/p>\t\t\t\t\t\t\t\t<\/div>\n\t\t\t\t<\/div>\n\t\t\t\t\t<\/div>\n\t\t<\/div>\n\t\t\t\t\t<\/div>\n\t\t<\/section>\n\t\t\t\t<section class=\"elementor-section elementor-top-section elementor-element elementor-element-d051609 elementor-section-boxed elementor-section-height-default elementor-section-height-default\" data-id=\"d051609\" data-element_type=\"section\" data-e-type=\"section\">\n\t\t\t\t\t\t<div class=\"elementor-container elementor-column-gap-default\">\n\t\t\t\t\t<div class=\"elementor-column elementor-col-100 elementor-top-column elementor-element elementor-element-13cc168\" data-id=\"13cc168\" data-element_type=\"column\" data-e-type=\"column\">\n\t\t\t<div class=\"elementor-widget-wrap elementor-element-populated\">\n\t\t\t\t\t\t<div class=\"elementor-element elementor-element-b43b3ee elementor-widget elementor-widget-heading\" data-id=\"b43b3ee\" data-element_type=\"widget\" data-e-type=\"widget\" data-widget_type=\"heading.default\">\n\t\t\t\t<div class=\"elementor-widget-container\">\n\t\t\t\t\t<style>.elementor-element-b43b3ee{display:none !important}<\/style>\t\t\t\t<\/div>\n\t\t\t\t<\/div>\n\t\t\t\t\t<\/div>\n\t\t<\/div>\n\t\t\t\t\t<\/div>\n\t\t<\/section>\n\t\t\t\t<section class=\"elementor-section elementor-top-section elementor-element elementor-element-474427c elementor-section-boxed elementor-section-height-default elementor-section-height-default\" data-id=\"474427c\" data-element_type=\"section\" data-e-type=\"section\">\n\t\t\t\t\t\t<div class=\"elementor-container elementor-column-gap-default\">\n\t\t\t\t\t<div class=\"elementor-column elementor-col-100 elementor-top-column elementor-element elementor-element-6041f12\" data-id=\"6041f12\" data-element_type=\"column\" data-e-type=\"column\">\n\t\t\t<div class=\"elementor-widget-wrap elementor-element-populated\">\n\t\t\t\t\t\t<div class=\"elementor-element elementor-element-d994a9f elementor-widget elementor-widget-text-editor\" data-id=\"d994a9f\" data-element_type=\"widget\" data-e-type=\"widget\" data-widget_type=\"text-editor.default\">\n\t\t\t\t<div class=\"elementor-widget-container\">\n\t\t\t\t\t<style>.elementor-element-d994a9f{display:none !important}<\/style>\t\t\t\t<\/div>\n\t\t\t\t<\/div>\n\t\t\t\t\t<\/div>\n\t\t<\/div>\n\t\t\t\t\t<\/div>\n\t\t<\/section>\n\t\t\t\t<\/div>\n\t\t","protected":false},"excerpt":{"rendered":"<p>Zu Gast: Josef Kraus \u2013 Die Corona-Ma\u00dfnahmen gef\u00e4hrden Millionen Existenzen und Zukunftsmodelle. Das Gradido-Modell kann der \u201aGeneration Corona\u2018 wieder die Zukunft geben, die sich die jungen Menschen w\u00fcnschen. [58:09]<\/p>\n","protected":false},"author":2,"featured_media":1726,"comment_status":"closed","ping_status":"closed","sticky":false,"template":"","format":"standard","meta":{"footnotes":""},"categories":[19],"tags":[16],"class_list":["post-1705","post","type-post","status-publish","format-standard","has-post-thumbnail","hentry","category-podcast","tag-grundeinkommen"],"yoast_head":"<!-- This site is optimized with the Yoast SEO plugin v27.5 - https:\/\/yoast.com\/product\/yoast-seo-wordpress\/ -->\n<title>Zukunft f\u00fcr die Generation Corona - Gradido<\/title>\n<meta name=\"robots\" content=\"index, follow, max-snippet:-1, max-image-preview:large, max-video-preview:-1\" \/>\n<link rel=\"canonical\" href=\"https:\/\/gradido.net\/de\/episode-5\/\" \/>\n<meta property=\"og:locale\" content=\"de_DE\" \/>\n<meta property=\"og:type\" content=\"article\" \/>\n<meta property=\"og:title\" content=\"Zukunft f\u00fcr die Generation Corona - Gradido\" \/>\n<meta property=\"og:description\" content=\"Zu Gast: Josef Kraus \u2013 Die Corona-Ma\u00dfnahmen gef\u00e4hrden Millionen Existenzen und Zukunftsmodelle. Das Gradido-Modell kann der \u201aGeneration Corona\u2018 wieder die Zukunft geben, die sich die jungen Menschen w\u00fcnschen. [58:09]\" \/>\n<meta property=\"og:url\" content=\"https:\/\/gradido.net\/de\/episode-5\/\" \/>\n<meta property=\"og:site_name\" content=\"Gradido\" \/>\n<meta property=\"article:published_time\" content=\"2021-01-23T10:52:32+00:00\" \/>\n<meta property=\"article:modified_time\" content=\"2021-06-07T16:50:01+00:00\" \/>\n<meta property=\"og:image\" content=\"https:\/\/gradido.net\/wp-content\/uploads\/2021\/01\/podcast_www__kraus.jpg\" \/>\n\t<meta property=\"og:image:width\" content=\"1800\" \/>\n\t<meta property=\"og:image:height\" content=\"1221\" \/>\n\t<meta property=\"og:image:type\" content=\"image\/jpeg\" \/>\n<meta name=\"author\" content=\"Bernd H\u00fcckst\u00e4dt\" \/>\n<meta name=\"twitter:card\" content=\"summary_large_image\" \/>\n<meta name=\"twitter:label1\" content=\"Verfasst von\" \/>\n\t<meta name=\"twitter:data1\" content=\"Bernd H\u00fcckst\u00e4dt\" \/>\n\t<meta name=\"twitter:label2\" content=\"Gesch\u00e4tzte Lesezeit\" \/>\n\t<meta name=\"twitter:data2\" content=\"39\u00a0Minuten\" \/>\n<script type=\"application\/ld+json\" class=\"yoast-schema-graph\">{\"@context\":\"https:\\\/\\\/schema.org\",\"@graph\":[{\"@type\":\"Article\",\"@id\":\"https:\\\/\\\/gradido.net\\\/sk\\\/episode-5\\\/#article\",\"isPartOf\":{\"@id\":\"https:\\\/\\\/gradido.net\\\/sk\\\/episode-5\\\/\"},\"author\":{\"name\":\"Bernd H\u00fcckst\u00e4dt\",\"@id\":\"https:\\\/\\\/gradido.net\\\/de\\\/#\\\/schema\\\/person\\\/9c503a004ad15a1ddecadce2218db5d1\"},\"headline\":\"Zukunft f\u00fcr die Generation Corona\",\"datePublished\":\"2021-01-23T10:52:32+00:00\",\"dateModified\":\"2021-06-07T16:50:01+00:00\",\"mainEntityOfPage\":{\"@id\":\"https:\\\/\\\/gradido.net\\\/sk\\\/episode-5\\\/\"},\"wordCount\":193,\"publisher\":{\"@id\":\"https:\\\/\\\/gradido.net\\\/de\\\/#organization\"},\"image\":{\"@id\":\"https:\\\/\\\/gradido.net\\\/sk\\\/episode-5\\\/#primaryimage\"},\"thumbnailUrl\":\"https:\\\/\\\/gradido.net\\\/wp-content\\\/uploads\\\/2021\\\/01\\\/podcast_www__kraus.jpg\",\"keywords\":[\"Grundeinkommen\"],\"articleSection\":[\"Podcast\"],\"inLanguage\":\"de\"},{\"@type\":\"WebPage\",\"@id\":\"https:\\\/\\\/gradido.net\\\/sk\\\/episode-5\\\/\",\"url\":\"https:\\\/\\\/gradido.net\\\/sk\\\/episode-5\\\/\",\"name\":\"Zukunft f\u00fcr die Generation Corona - Gradido\",\"isPartOf\":{\"@id\":\"https:\\\/\\\/gradido.net\\\/de\\\/#website\"},\"primaryImageOfPage\":{\"@id\":\"https:\\\/\\\/gradido.net\\\/sk\\\/episode-5\\\/#primaryimage\"},\"image\":{\"@id\":\"https:\\\/\\\/gradido.net\\\/sk\\\/episode-5\\\/#primaryimage\"},\"thumbnailUrl\":\"https:\\\/\\\/gradido.net\\\/wp-content\\\/uploads\\\/2021\\\/01\\\/podcast_www__kraus.jpg\",\"datePublished\":\"2021-01-23T10:52:32+00:00\",\"dateModified\":\"2021-06-07T16:50:01+00:00\",\"breadcrumb\":{\"@id\":\"https:\\\/\\\/gradido.net\\\/sk\\\/episode-5\\\/#breadcrumb\"},\"inLanguage\":\"de\",\"potentialAction\":[{\"@type\":\"ReadAction\",\"target\":[\"https:\\\/\\\/gradido.net\\\/sk\\\/episode-5\\\/\"]}]},{\"@type\":\"ImageObject\",\"inLanguage\":\"de\",\"@id\":\"https:\\\/\\\/gradido.net\\\/sk\\\/episode-5\\\/#primaryimage\",\"url\":\"https:\\\/\\\/gradido.net\\\/wp-content\\\/uploads\\\/2021\\\/01\\\/podcast_www__kraus.jpg\",\"contentUrl\":\"https:\\\/\\\/gradido.net\\\/wp-content\\\/uploads\\\/2021\\\/01\\\/podcast_www__kraus.jpg\",\"width\":1800,\"height\":1221},{\"@type\":\"BreadcrumbList\",\"@id\":\"https:\\\/\\\/gradido.net\\\/sk\\\/episode-5\\\/#breadcrumb\",\"itemListElement\":[{\"@type\":\"ListItem\",\"position\":1,\"name\":\"Startseite\",\"item\":\"https:\\\/\\\/gradido.net\\\/\"},{\"@type\":\"ListItem\",\"position\":2,\"name\":\"Zukunft f\u00fcr die Generation Corona\"}]},{\"@type\":\"WebSite\",\"@id\":\"https:\\\/\\\/gradido.net\\\/de\\\/#website\",\"url\":\"https:\\\/\\\/gradido.net\\\/de\\\/\",\"name\":\"Gradido\",\"description\":\"Die neue W\u00e4hrung hei\u00dft Dankbarkeit\",\"publisher\":{\"@id\":\"https:\\\/\\\/gradido.net\\\/de\\\/#organization\"},\"potentialAction\":[{\"@type\":\"SearchAction\",\"target\":{\"@type\":\"EntryPoint\",\"urlTemplate\":\"https:\\\/\\\/gradido.net\\\/de\\\/?s={search_term_string}\"},\"query-input\":{\"@type\":\"PropertyValueSpecification\",\"valueRequired\":true,\"valueName\":\"search_term_string\"}}],\"inLanguage\":\"de\"},{\"@type\":\"Organization\",\"@id\":\"https:\\\/\\\/gradido.net\\\/de\\\/#organization\",\"name\":\"Gradido\",\"url\":\"https:\\\/\\\/gradido.net\\\/de\\\/\",\"logo\":{\"@type\":\"ImageObject\",\"inLanguage\":\"de\",\"@id\":\"https:\\\/\\\/gradido.net\\\/de\\\/#\\\/schema\\\/logo\\\/image\\\/\",\"url\":\"https:\\\/\\\/gradido.net\\\/wp-content\\\/uploads\\\/2022\\\/04\\\/gradido-social.jpg\",\"contentUrl\":\"https:\\\/\\\/gradido.net\\\/wp-content\\\/uploads\\\/2022\\\/04\\\/gradido-social.jpg\",\"width\":527,\"height\":273,\"caption\":\"Gradido\"},\"image\":{\"@id\":\"https:\\\/\\\/gradido.net\\\/de\\\/#\\\/schema\\\/logo\\\/image\\\/\"}},{\"@type\":\"Person\",\"@id\":\"https:\\\/\\\/gradido.net\\\/de\\\/#\\\/schema\\\/person\\\/9c503a004ad15a1ddecadce2218db5d1\",\"name\":\"Bernd H\u00fcckst\u00e4dt\",\"sameAs\":[\"https:\\\/\\\/gradido.net\"],\"url\":\"https:\\\/\\\/gradido.net\\\/de\\\/author\\\/bernd\\\/\"}]}<\/script>\n<!-- \/ Yoast SEO plugin. -->","yoast_head_json":{"title":"Zukunft f\u00fcr die Generation Corona - Gradido","robots":{"index":"index","follow":"follow","max-snippet":"max-snippet:-1","max-image-preview":"max-image-preview:large","max-video-preview":"max-video-preview:-1"},"canonical":"https:\/\/gradido.net\/de\/episode-5\/","og_locale":"de_DE","og_type":"article","og_title":"Zukunft f\u00fcr die Generation Corona - Gradido","og_description":"Zu Gast: Josef Kraus \u2013 Die Corona-Ma\u00dfnahmen gef\u00e4hrden Millionen Existenzen und Zukunftsmodelle. Das Gradido-Modell kann der \u201aGeneration Corona\u2018 wieder die Zukunft geben, die sich die jungen Menschen w\u00fcnschen. [58:09]","og_url":"https:\/\/gradido.net\/de\/episode-5\/","og_site_name":"Gradido","article_published_time":"2021-01-23T10:52:32+00:00","article_modified_time":"2021-06-07T16:50:01+00:00","og_image":[{"width":1800,"height":1221,"url":"https:\/\/gradido.net\/wp-content\/uploads\/2021\/01\/podcast_www__kraus.jpg","type":"image\/jpeg"}],"author":"Bernd H\u00fcckst\u00e4dt","twitter_card":"summary_large_image","twitter_misc":{"Verfasst von":"Bernd H\u00fcckst\u00e4dt","Gesch\u00e4tzte Lesezeit":"39\u00a0Minuten"},"schema":{"@context":"https:\/\/schema.org","@graph":[{"@type":"Article","@id":"https:\/\/gradido.net\/sk\/episode-5\/#article","isPartOf":{"@id":"https:\/\/gradido.net\/sk\/episode-5\/"},"author":{"name":"Bernd H\u00fcckst\u00e4dt","@id":"https:\/\/gradido.net\/de\/#\/schema\/person\/9c503a004ad15a1ddecadce2218db5d1"},"headline":"Zukunft f\u00fcr die Generation Corona","datePublished":"2021-01-23T10:52:32+00:00","dateModified":"2021-06-07T16:50:01+00:00","mainEntityOfPage":{"@id":"https:\/\/gradido.net\/sk\/episode-5\/"},"wordCount":193,"publisher":{"@id":"https:\/\/gradido.net\/de\/#organization"},"image":{"@id":"https:\/\/gradido.net\/sk\/episode-5\/#primaryimage"},"thumbnailUrl":"https:\/\/gradido.net\/wp-content\/uploads\/2021\/01\/podcast_www__kraus.jpg","keywords":["Grundeinkommen"],"articleSection":["Podcast"],"inLanguage":"de"},{"@type":"WebPage","@id":"https:\/\/gradido.net\/sk\/episode-5\/","url":"https:\/\/gradido.net\/sk\/episode-5\/","name":"Zukunft f\u00fcr die Generation Corona - Gradido","isPartOf":{"@id":"https:\/\/gradido.net\/de\/#website"},"primaryImageOfPage":{"@id":"https:\/\/gradido.net\/sk\/episode-5\/#primaryimage"},"image":{"@id":"https:\/\/gradido.net\/sk\/episode-5\/#primaryimage"},"thumbnailUrl":"https:\/\/gradido.net\/wp-content\/uploads\/2021\/01\/podcast_www__kraus.jpg","datePublished":"2021-01-23T10:52:32+00:00","dateModified":"2021-06-07T16:50:01+00:00","breadcrumb":{"@id":"https:\/\/gradido.net\/sk\/episode-5\/#breadcrumb"},"inLanguage":"de","potentialAction":[{"@type":"ReadAction","target":["https:\/\/gradido.net\/sk\/episode-5\/"]}]},{"@type":"ImageObject","inLanguage":"de","@id":"https:\/\/gradido.net\/sk\/episode-5\/#primaryimage","url":"https:\/\/gradido.net\/wp-content\/uploads\/2021\/01\/podcast_www__kraus.jpg","contentUrl":"https:\/\/gradido.net\/wp-content\/uploads\/2021\/01\/podcast_www__kraus.jpg","width":1800,"height":1221},{"@type":"BreadcrumbList","@id":"https:\/\/gradido.net\/sk\/episode-5\/#breadcrumb","itemListElement":[{"@type":"ListItem","position":1,"name":"Startseite","item":"https:\/\/gradido.net\/"},{"@type":"ListItem","position":2,"name":"Zukunft f\u00fcr die Generation Corona"}]},{"@type":"WebSite","@id":"https:\/\/gradido.net\/de\/#website","url":"https:\/\/gradido.net\/de\/","name":"Gradido","description":"Die neue W\u00e4hrung hei\u00dft Dankbarkeit","publisher":{"@id":"https:\/\/gradido.net\/de\/#organization"},"potentialAction":[{"@type":"SearchAction","target":{"@type":"EntryPoint","urlTemplate":"https:\/\/gradido.net\/de\/?s={search_term_string}"},"query-input":{"@type":"PropertyValueSpecification","valueRequired":true,"valueName":"search_term_string"}}],"inLanguage":"de"},{"@type":"Organization","@id":"https:\/\/gradido.net\/de\/#organization","name":"Gradido","url":"https:\/\/gradido.net\/de\/","logo":{"@type":"ImageObject","inLanguage":"de","@id":"https:\/\/gradido.net\/de\/#\/schema\/logo\/image\/","url":"https:\/\/gradido.net\/wp-content\/uploads\/2022\/04\/gradido-social.jpg","contentUrl":"https:\/\/gradido.net\/wp-content\/uploads\/2022\/04\/gradido-social.jpg","width":527,"height":273,"caption":"Gradido"},"image":{"@id":"https:\/\/gradido.net\/de\/#\/schema\/logo\/image\/"}},{"@type":"Person","@id":"https:\/\/gradido.net\/de\/#\/schema\/person\/9c503a004ad15a1ddecadce2218db5d1","name":"Bernd H\u00fcckst\u00e4dt","sameAs":["https:\/\/gradido.net"],"url":"https:\/\/gradido.net\/de\/author\/bernd\/"}]}},"_links":{"self":[{"href":"https:\/\/gradido.net\/de\/wp-json\/wp\/v2\/posts\/1705","targetHints":{"allow":["GET"]}}],"collection":[{"href":"https:\/\/gradido.net\/de\/wp-json\/wp\/v2\/posts"}],"about":[{"href":"https:\/\/gradido.net\/de\/wp-json\/wp\/v2\/types\/post"}],"author":[{"embeddable":true,"href":"https:\/\/gradido.net\/de\/wp-json\/wp\/v2\/users\/2"}],"replies":[{"embeddable":true,"href":"https:\/\/gradido.net\/de\/wp-json\/wp\/v2\/comments?post=1705"}],"version-history":[{"count":18,"href":"https:\/\/gradido.net\/de\/wp-json\/wp\/v2\/posts\/1705\/revisions"}],"predecessor-version":[{"id":2746,"href":"https:\/\/gradido.net\/de\/wp-json\/wp\/v2\/posts\/1705\/revisions\/2746"}],"wp:featuredmedia":[{"embeddable":true,"href":"https:\/\/gradido.net\/de\/wp-json\/wp\/v2\/media\/1726"}],"wp:attachment":[{"href":"https:\/\/gradido.net\/de\/wp-json\/wp\/v2\/media?parent=1705"}],"wp:term":[{"taxonomy":"category","embeddable":true,"href":"https:\/\/gradido.net\/de\/wp-json\/wp\/v2\/categories?post=1705"},{"taxonomy":"post_tag","embeddable":true,"href":"https:\/\/gradido.net\/de\/wp-json\/wp\/v2\/tags?post=1705"}],"curies":[{"name":"wp","href":"https:\/\/api.w.org\/{rel}","templated":true}]}}