{"id":2990,"date":"2021-07-17T07:50:08","date_gmt":"2021-07-17T05:50:08","guid":{"rendered":"https:\/\/gradido.net\/?p=2990"},"modified":"2021-07-17T10:44:24","modified_gmt":"2021-07-17T08:44:24","slug":"episode-24","status":"publish","type":"post","link":"https:\/\/gradido.net\/de\/episode-24\/","title":{"rendered":"Great Cooperation: Potenzialentfaltungsgruppen bei Gradido"},"content":{"rendered":"\t\t<div data-elementor-type=\"wp-post\" data-elementor-id=\"2990\" class=\"elementor elementor-2990\" data-elementor-post-type=\"post\">\n\t\t\t\t\t\t<section class=\"elementor-section elementor-top-section elementor-element elementor-element-496e1d53 elementor-section-boxed elementor-section-height-default elementor-section-height-default\" data-id=\"496e1d53\" data-element_type=\"section\" data-e-type=\"section\">\n\t\t\t\t\t\t<div class=\"elementor-container elementor-column-gap-default\">\n\t\t\t\t\t<div class=\"elementor-column elementor-col-100 elementor-top-column elementor-element elementor-element-461d7be0\" data-id=\"461d7be0\" data-element_type=\"column\" data-e-type=\"column\">\n\t\t\t<div class=\"elementor-widget-wrap elementor-element-populated\">\n\t\t\t\t\t\t<div class=\"elementor-element elementor-element-cd9ebe2 elementor-widget elementor-widget-text-editor\" data-id=\"cd9ebe2\" data-element_type=\"widget\" data-e-type=\"widget\" data-widget_type=\"text-editor.default\">\n\t\t\t\t<div class=\"elementor-widget-container\">\n\t\t\t\t\t\t\t\t\t<h2>Zu Gast: Joachim Brandst\u00e4tter und Philipp Kessler<\/h2>\t\t\t\t\t\t\t\t<\/div>\n\t\t\t\t<\/div>\n\t\t\t\t\t<\/div>\n\t\t<\/div>\n\t\t\t\t\t<\/div>\n\t\t<\/section>\n\t\t\t\t<section class=\"elementor-section elementor-top-section elementor-element elementor-element-2f93e3c3 elementor-section-boxed elementor-section-height-default elementor-section-height-default\" data-id=\"2f93e3c3\" data-element_type=\"section\" data-e-type=\"section\">\n\t\t\t\t\t\t<div class=\"elementor-container elementor-column-gap-default\">\n\t\t\t\t\t<div class=\"elementor-column elementor-col-100 elementor-top-column elementor-element elementor-element-5a9dfd19\" data-id=\"5a9dfd19\" data-element_type=\"column\" data-e-type=\"column\">\n\t\t\t<div class=\"elementor-widget-wrap elementor-element-populated\">\n\t\t\t\t\t\t<div class=\"elementor-element elementor-element-9cdb6b8 elementor-widget elementor-widget-html\" data-id=\"9cdb6b8\" data-element_type=\"widget\" data-e-type=\"widget\" data-widget_type=\"html.default\">\n\t\t\t\t<div class=\"elementor-widget-container\">\n\t\t\t\t\t<script class=\"podigee-podcast-player\" src=\"https:\/\/player.podigee-cdn.net\/podcast-player\/javascripts\/podigee-podcast-player.js\" data-configuration=\"https:\/\/gradido.podigee.io\/24-neue-episode\/embed?context=external&token=uEhTnD73uPRyHLI6PuUFLQ\"><\/script>\t\t\t\t<\/div>\n\t\t\t\t<\/div>\n\t\t\t\t\t<\/div>\n\t\t<\/div>\n\t\t\t\t\t<\/div>\n\t\t<\/section>\n\t\t\t\t<section class=\"elementor-section elementor-top-section elementor-element elementor-element-585c640 elementor-section-boxed elementor-section-height-default elementor-section-height-default\" data-id=\"585c640\" data-element_type=\"section\" data-e-type=\"section\">\n\t\t\t\t\t\t<div class=\"elementor-container elementor-column-gap-default\">\n\t\t\t\t\t<div class=\"elementor-column elementor-col-50 elementor-top-column elementor-element elementor-element-13c250b\" data-id=\"13c250b\" data-element_type=\"column\" data-e-type=\"column\">\n\t\t\t<div class=\"elementor-widget-wrap elementor-element-populated\">\n\t\t\t\t\t\t<div class=\"elementor-element elementor-element-0561949 elementor-widget elementor-widget-text-editor\" data-id=\"0561949\" data-element_type=\"widget\" data-e-type=\"widget\" data-widget_type=\"text-editor.default\">\n\t\t\t\t<div class=\"elementor-widget-container\">\n\t\t\t\t\t\t\t\t\t<p>Wer sich mit Gradido f\u00fcr eine enkeltaugliche Zukunft zum Wohle aller einsetzt, wei\u00df wie wichtig es ist, dass m\u00f6glichst viele Mitglieder der Menschheitsfamilie ihr volles Potenzial entfalten, um die gro\u00dfen Herausforderungen dieser Zeit gemeinsam zu meistern.<\/p><p>Bei Gradido hast du die M\u00f6glichkeit, dich einer unserer Potenzialentfaltungsgruppen anzuschlie\u00dfen und dich inspirieren und ermutigen zu lassen, \u00fcber dich hinauszuwachsen.<\/p><p>Joachim Brandst\u00e4tter und Philipp Kessler, beides begeisterte Gradido-Mitglieder, erkl\u00e4ren uns in diesem spannenden Gespr\u00e4ch, wie wichtig Potenzialentfaltung f\u00fcr alle Menschen ist, was es mit den Potenzialentfaltungsgruppen auf sich hat und welche Vorteile dir die Teilnahme bietet.<\/p><p><strong>Joachim Brandst\u00e4tter<\/strong> ist ein Mensch, der nie aufgeh\u00f6rt hat an das Unm\u00f6gliche im Leben zu glauben. In einer Meditation sah er die Vision seines Lebens, wie es in der Zukunft aussehen w\u00fcrde. Klar und facettenreich sah er ein Leben voller F\u00fclle, Gl\u00fcck und Erfolg. Durch viele verschiedene Pr\u00fcfungen traf er stets auf interessante Menschen, die ihm auf seinem Weg in die Zukunft weiterhalfen und lernte er viele Methoden kennen, die ihm und anderen helfen das eigene, volle Potential auszusch\u00f6pfen. Heute gibt er als Visionscoach sein Wissen an alle weiter, die mehr aus ihrem Leben machen wollen. Bei Gradido leitet er die Potenzialentfaltungsgruppen an.<\/p><p><strong>Philipp Kessler<\/strong> ist Coach mit Fokus auf Neuorientierung im Beruf, Standortbestimmung und Sinnfindung. Auf plausible und rationale Art vermittelt er anderen den Zugang zur eigenen Intuition, um sich von dem Gef\u00fchl andauernder \u00dcberlastung zu befreien. In seinem \u00bbFind your Way Podcast\u00ab spricht Philipp \u00fcber spannende Themen in der Arbeitswelt, pers\u00f6nliche Entwicklung, Ausgeglichenheit und Stressreduktion. Wir freuen uns, ihn nun auch als Moderator f\u00fcr den Gradido-Podcast gewonnen zu haben.<\/p><p>Links:<\/p><p><a href=\"https:\/\/www.lifengineering.at\/\" target=\"_blank\" rel=\"noopener\">https:\/\/www.lifengineering.at\/<\/a><\/p><p><a href=\"https:\/\/www.kesslercoaching.ch\/\" target=\"_blank\" rel=\"noopener\">https:\/\/www.kesslercoaching.ch\/<\/a><\/p><p>Zu den Potenzialentfaltungsgruppen kommst du \u00fcber unseren Telegram-Kanal: <a href=\"https:\/\/t.me\/Gradido\" target=\"_blank\" rel=\"noopener\">https:\/\/t.me\/Gradido<\/a><\/p>\t\t\t\t\t\t\t\t<\/div>\n\t\t\t\t<\/div>\n\t\t\t\t\t<\/div>\n\t\t<\/div>\n\t\t\t\t<div class=\"elementor-column elementor-col-50 elementor-top-column elementor-element elementor-element-e0d795e\" data-id=\"e0d795e\" data-element_type=\"column\" data-e-type=\"column\">\n\t\t\t<div class=\"elementor-widget-wrap elementor-element-populated\">\n\t\t\t\t\t\t<div class=\"elementor-element elementor-element-8c61bad elementor-widget elementor-widget-image\" data-id=\"8c61bad\" data-element_type=\"widget\" data-e-type=\"widget\" data-widget_type=\"image.default\">\n\t\t\t\t<div class=\"elementor-widget-container\">\n\t\t\t\t\t\t\t\t\t\t\t\t\t\t\t<img fetchpriority=\"high\" decoding=\"async\" width=\"800\" height=\"800\" src=\"https:\/\/gradido.net\/wp-content\/uploads\/2021\/07\/gradido_podcast_brandstaetter_kessler-1024x1024.jpg\" class=\"attachment-large size-large wp-image-2986\" alt=\"\" srcset=\"https:\/\/gradido.net\/wp-content\/uploads\/2021\/07\/gradido_podcast_brandstaetter_kessler-1024x1024.jpg 1024w, https:\/\/gradido.net\/wp-content\/uploads\/2021\/07\/gradido_podcast_brandstaetter_kessler-300x300.jpg 300w, https:\/\/gradido.net\/wp-content\/uploads\/2021\/07\/gradido_podcast_brandstaetter_kessler-150x150.jpg 150w, https:\/\/gradido.net\/wp-content\/uploads\/2021\/07\/gradido_podcast_brandstaetter_kessler-768x768.jpg 768w, https:\/\/gradido.net\/wp-content\/uploads\/2021\/07\/gradido_podcast_brandstaetter_kessler-12x12.jpg 12w, https:\/\/gradido.net\/wp-content\/uploads\/2021\/07\/gradido_podcast_brandstaetter_kessler.jpg 1400w\" sizes=\"(max-width: 800px) 100vw, 800px\" \/>\t\t\t\t\t\t\t\t\t\t\t\t\t\t\t<\/div>\n\t\t\t\t<\/div>\n\t\t\t\t<div class=\"elementor-element elementor-element-ceab137 elementor-widget elementor-widget-text-editor\" data-id=\"ceab137\" data-element_type=\"widget\" data-e-type=\"widget\" data-widget_type=\"text-editor.default\">\n\t\t\t\t<div class=\"elementor-widget-container\">\n\t\t\t\t\t\t\t\t\t<p><a href=\"https:\/\/youtu.be\/yLWRKj70g08\" target=\"_blank\" rel=\"noopener\">Auf YouTube h\u00f6ren<\/a><\/p>\t\t\t\t\t\t\t\t<\/div>\n\t\t\t\t<\/div>\n\t\t\t\t\t<\/div>\n\t\t<\/div>\n\t\t\t\t\t<\/div>\n\t\t<\/section>\n\t\t\t\t<section class=\"elementor-section elementor-top-section elementor-element elementor-element-d051609 elementor-section-boxed elementor-section-height-default elementor-section-height-default\" data-id=\"d051609\" data-element_type=\"section\" data-e-type=\"section\">\n\t\t\t\t\t\t<div class=\"elementor-container elementor-column-gap-default\">\n\t\t\t\t\t<div class=\"elementor-column elementor-col-100 elementor-top-column elementor-element elementor-element-13cc168\" data-id=\"13cc168\" data-element_type=\"column\" data-e-type=\"column\">\n\t\t\t<div class=\"elementor-widget-wrap elementor-element-populated\">\n\t\t\t\t\t\t<div class=\"elementor-element elementor-element-b43b3ee elementor-widget elementor-widget-heading\" data-id=\"b43b3ee\" data-element_type=\"widget\" data-e-type=\"widget\" data-widget_type=\"heading.default\">\n\t\t\t\t<div class=\"elementor-widget-container\">\n\t\t\t\t\t<style>.elementor-element-b43b3ee{display:none !important}<\/style>\t\t\t\t<\/div>\n\t\t\t\t<\/div>\n\t\t\t\t\t<\/div>\n\t\t<\/div>\n\t\t\t\t\t<\/div>\n\t\t<\/section>\n\t\t\t\t<section class=\"elementor-section elementor-top-section elementor-element elementor-element-474427c elementor-section-boxed elementor-section-height-default elementor-section-height-default\" data-id=\"474427c\" data-element_type=\"section\" data-e-type=\"section\">\n\t\t\t\t\t\t<div class=\"elementor-container elementor-column-gap-default\">\n\t\t\t\t\t<div class=\"elementor-column elementor-col-100 elementor-top-column elementor-element elementor-element-6041f12\" data-id=\"6041f12\" data-element_type=\"column\" data-e-type=\"column\">\n\t\t\t<div class=\"elementor-widget-wrap elementor-element-populated\">\n\t\t\t\t\t\t\t<\/div>\n\t\t<\/div>\n\t\t\t\t\t<\/div>\n\t\t<\/section>\n\t\t\t\t<\/div>\n\t\t","protected":false},"excerpt":{"rendered":"<p>Joachim Brandst\u00e4tter und Philipp Kessler, beides begeisterte Gradido-Botschafter, erkl\u00e4ren uns, was es mit den Potenzialentfaltungsgruppen auf sich hat und welche Vorteile dir die Teilnahme bietet. [59:46]<\/p>\n","protected":false},"author":2,"featured_media":2989,"comment_status":"closed","ping_status":"closed","sticky":false,"template":"","format":"standard","meta":{"footnotes":""},"categories":[19],"tags":[16],"class_list":["post-2990","post","type-post","status-publish","format-standard","has-post-thumbnail","hentry","category-podcast","tag-grundeinkommen"],"yoast_head":"<!-- This site is optimized with the Yoast SEO plugin v27.5 - https:\/\/yoast.com\/product\/yoast-seo-wordpress\/ -->\n<title>Great Cooperation: Potenzialentfaltungsgruppen bei Gradido - Gradido<\/title>\n<meta name=\"robots\" content=\"index, follow, max-snippet:-1, max-image-preview:large, max-video-preview:-1\" \/>\n<link rel=\"canonical\" href=\"https:\/\/gradido.net\/de\/episode-24\/\" \/>\n<meta property=\"og:locale\" content=\"de_DE\" \/>\n<meta property=\"og:type\" content=\"article\" \/>\n<meta property=\"og:title\" content=\"Great Cooperation: Potenzialentfaltungsgruppen bei Gradido - Gradido\" \/>\n<meta property=\"og:description\" content=\"Joachim Brandst\u00e4tter und Philipp Kessler, beides begeisterte Gradido-Botschafter, erkl\u00e4ren uns, was es mit den Potenzialentfaltungsgruppen auf sich hat und welche Vorteile dir die Teilnahme bietet. [59:46]\" \/>\n<meta property=\"og:url\" content=\"https:\/\/gradido.net\/de\/episode-24\/\" \/>\n<meta property=\"og:site_name\" content=\"Gradido\" \/>\n<meta property=\"article:published_time\" content=\"2021-07-17T05:50:08+00:00\" \/>\n<meta property=\"article:modified_time\" content=\"2021-07-17T08:44:24+00:00\" \/>\n<meta property=\"og:image\" content=\"https:\/\/gradido.net\/wp-content\/uploads\/2021\/07\/podcast_www_brandstaetter_kessler.jpg\" \/>\n\t<meta property=\"og:image:width\" content=\"700\" \/>\n\t<meta property=\"og:image:height\" content=\"475\" \/>\n\t<meta property=\"og:image:type\" content=\"image\/jpeg\" \/>\n<meta name=\"author\" content=\"Bernd H\u00fcckst\u00e4dt\" \/>\n<meta name=\"twitter:card\" content=\"summary_large_image\" \/>\n<meta name=\"twitter:label1\" content=\"Verfasst von\" \/>\n\t<meta name=\"twitter:data1\" content=\"Bernd H\u00fcckst\u00e4dt\" \/>\n\t<meta name=\"twitter:label2\" content=\"Gesch\u00e4tzte Lesezeit\" \/>\n\t<meta name=\"twitter:data2\" content=\"2\u00a0Minuten\" \/>\n<script type=\"application\/ld+json\" class=\"yoast-schema-graph\">{\"@context\":\"https:\\\/\\\/schema.org\",\"@graph\":[{\"@type\":\"Article\",\"@id\":\"https:\\\/\\\/gradido.net\\\/lv\\\/episode-24\\\/#article\",\"isPartOf\":{\"@id\":\"https:\\\/\\\/gradido.net\\\/lv\\\/episode-24\\\/\"},\"author\":{\"name\":\"Bernd H\u00fcckst\u00e4dt\",\"@id\":\"https:\\\/\\\/gradido.net\\\/de\\\/#\\\/schema\\\/person\\\/9c503a004ad15a1ddecadce2218db5d1\"},\"headline\":\"Great Cooperation: Potenzialentfaltungsgruppen bei Gradido\",\"datePublished\":\"2021-07-17T05:50:08+00:00\",\"dateModified\":\"2021-07-17T08:44:24+00:00\",\"mainEntityOfPage\":{\"@id\":\"https:\\\/\\\/gradido.net\\\/lv\\\/episode-24\\\/\"},\"wordCount\":322,\"publisher\":{\"@id\":\"https:\\\/\\\/gradido.net\\\/de\\\/#organization\"},\"image\":{\"@id\":\"https:\\\/\\\/gradido.net\\\/lv\\\/episode-24\\\/#primaryimage\"},\"thumbnailUrl\":\"https:\\\/\\\/gradido.net\\\/wp-content\\\/uploads\\\/2021\\\/07\\\/podcast_www_brandstaetter_kessler.jpg\",\"keywords\":[\"Grundeinkommen\"],\"articleSection\":[\"Podcast\"],\"inLanguage\":\"de\"},{\"@type\":\"WebPage\",\"@id\":\"https:\\\/\\\/gradido.net\\\/lv\\\/episode-24\\\/\",\"url\":\"https:\\\/\\\/gradido.net\\\/lv\\\/episode-24\\\/\",\"name\":\"Great Cooperation: Potenzialentfaltungsgruppen bei Gradido - Gradido\",\"isPartOf\":{\"@id\":\"https:\\\/\\\/gradido.net\\\/de\\\/#website\"},\"primaryImageOfPage\":{\"@id\":\"https:\\\/\\\/gradido.net\\\/lv\\\/episode-24\\\/#primaryimage\"},\"image\":{\"@id\":\"https:\\\/\\\/gradido.net\\\/lv\\\/episode-24\\\/#primaryimage\"},\"thumbnailUrl\":\"https:\\\/\\\/gradido.net\\\/wp-content\\\/uploads\\\/2021\\\/07\\\/podcast_www_brandstaetter_kessler.jpg\",\"datePublished\":\"2021-07-17T05:50:08+00:00\",\"dateModified\":\"2021-07-17T08:44:24+00:00\",\"breadcrumb\":{\"@id\":\"https:\\\/\\\/gradido.net\\\/lv\\\/episode-24\\\/#breadcrumb\"},\"inLanguage\":\"de\",\"potentialAction\":[{\"@type\":\"ReadAction\",\"target\":[\"https:\\\/\\\/gradido.net\\\/lv\\\/episode-24\\\/\"]}]},{\"@type\":\"ImageObject\",\"inLanguage\":\"de\",\"@id\":\"https:\\\/\\\/gradido.net\\\/lv\\\/episode-24\\\/#primaryimage\",\"url\":\"https:\\\/\\\/gradido.net\\\/wp-content\\\/uploads\\\/2021\\\/07\\\/podcast_www_brandstaetter_kessler.jpg\",\"contentUrl\":\"https:\\\/\\\/gradido.net\\\/wp-content\\\/uploads\\\/2021\\\/07\\\/podcast_www_brandstaetter_kessler.jpg\",\"width\":700,\"height\":475},{\"@type\":\"BreadcrumbList\",\"@id\":\"https:\\\/\\\/gradido.net\\\/lv\\\/episode-24\\\/#breadcrumb\",\"itemListElement\":[{\"@type\":\"ListItem\",\"position\":1,\"name\":\"Startseite\",\"item\":\"https:\\\/\\\/gradido.net\\\/\"},{\"@type\":\"ListItem\",\"position\":2,\"name\":\"Great Cooperation: Potenzialentfaltungsgruppen bei Gradido\"}]},{\"@type\":\"WebSite\",\"@id\":\"https:\\\/\\\/gradido.net\\\/de\\\/#website\",\"url\":\"https:\\\/\\\/gradido.net\\\/de\\\/\",\"name\":\"Gradido\",\"description\":\"Die neue W\u00e4hrung hei\u00dft Dankbarkeit\",\"publisher\":{\"@id\":\"https:\\\/\\\/gradido.net\\\/de\\\/#organization\"},\"potentialAction\":[{\"@type\":\"SearchAction\",\"target\":{\"@type\":\"EntryPoint\",\"urlTemplate\":\"https:\\\/\\\/gradido.net\\\/de\\\/?s={search_term_string}\"},\"query-input\":{\"@type\":\"PropertyValueSpecification\",\"valueRequired\":true,\"valueName\":\"search_term_string\"}}],\"inLanguage\":\"de\"},{\"@type\":\"Organization\",\"@id\":\"https:\\\/\\\/gradido.net\\\/de\\\/#organization\",\"name\":\"Gradido\",\"url\":\"https:\\\/\\\/gradido.net\\\/de\\\/\",\"logo\":{\"@type\":\"ImageObject\",\"inLanguage\":\"de\",\"@id\":\"https:\\\/\\\/gradido.net\\\/de\\\/#\\\/schema\\\/logo\\\/image\\\/\",\"url\":\"https:\\\/\\\/gradido.net\\\/wp-content\\\/uploads\\\/2022\\\/04\\\/gradido-social.jpg\",\"contentUrl\":\"https:\\\/\\\/gradido.net\\\/wp-content\\\/uploads\\\/2022\\\/04\\\/gradido-social.jpg\",\"width\":527,\"height\":273,\"caption\":\"Gradido\"},\"image\":{\"@id\":\"https:\\\/\\\/gradido.net\\\/de\\\/#\\\/schema\\\/logo\\\/image\\\/\"}},{\"@type\":\"Person\",\"@id\":\"https:\\\/\\\/gradido.net\\\/de\\\/#\\\/schema\\\/person\\\/9c503a004ad15a1ddecadce2218db5d1\",\"name\":\"Bernd H\u00fcckst\u00e4dt\",\"sameAs\":[\"https:\\\/\\\/gradido.net\"],\"url\":\"https:\\\/\\\/gradido.net\\\/de\\\/author\\\/bernd\\\/\"}]}<\/script>\n<!-- \/ Yoast SEO plugin. -->","yoast_head_json":{"title":"Great Cooperation: Potenzialentfaltungsgruppen bei Gradido - Gradido","robots":{"index":"index","follow":"follow","max-snippet":"max-snippet:-1","max-image-preview":"max-image-preview:large","max-video-preview":"max-video-preview:-1"},"canonical":"https:\/\/gradido.net\/de\/episode-24\/","og_locale":"de_DE","og_type":"article","og_title":"Great Cooperation: Potenzialentfaltungsgruppen bei Gradido - Gradido","og_description":"Joachim Brandst\u00e4tter und Philipp Kessler, beides begeisterte Gradido-Botschafter, erkl\u00e4ren uns, was es mit den Potenzialentfaltungsgruppen auf sich hat und welche Vorteile dir die Teilnahme bietet. [59:46]","og_url":"https:\/\/gradido.net\/de\/episode-24\/","og_site_name":"Gradido","article_published_time":"2021-07-17T05:50:08+00:00","article_modified_time":"2021-07-17T08:44:24+00:00","og_image":[{"width":700,"height":475,"url":"https:\/\/gradido.net\/wp-content\/uploads\/2021\/07\/podcast_www_brandstaetter_kessler.jpg","type":"image\/jpeg"}],"author":"Bernd H\u00fcckst\u00e4dt","twitter_card":"summary_large_image","twitter_misc":{"Verfasst von":"Bernd H\u00fcckst\u00e4dt","Gesch\u00e4tzte Lesezeit":"2\u00a0Minuten"},"schema":{"@context":"https:\/\/schema.org","@graph":[{"@type":"Article","@id":"https:\/\/gradido.net\/lv\/episode-24\/#article","isPartOf":{"@id":"https:\/\/gradido.net\/lv\/episode-24\/"},"author":{"name":"Bernd H\u00fcckst\u00e4dt","@id":"https:\/\/gradido.net\/de\/#\/schema\/person\/9c503a004ad15a1ddecadce2218db5d1"},"headline":"Great Cooperation: Potenzialentfaltungsgruppen bei Gradido","datePublished":"2021-07-17T05:50:08+00:00","dateModified":"2021-07-17T08:44:24+00:00","mainEntityOfPage":{"@id":"https:\/\/gradido.net\/lv\/episode-24\/"},"wordCount":322,"publisher":{"@id":"https:\/\/gradido.net\/de\/#organization"},"image":{"@id":"https:\/\/gradido.net\/lv\/episode-24\/#primaryimage"},"thumbnailUrl":"https:\/\/gradido.net\/wp-content\/uploads\/2021\/07\/podcast_www_brandstaetter_kessler.jpg","keywords":["Grundeinkommen"],"articleSection":["Podcast"],"inLanguage":"de"},{"@type":"WebPage","@id":"https:\/\/gradido.net\/lv\/episode-24\/","url":"https:\/\/gradido.net\/lv\/episode-24\/","name":"Great Cooperation: Potenzialentfaltungsgruppen bei Gradido - Gradido","isPartOf":{"@id":"https:\/\/gradido.net\/de\/#website"},"primaryImageOfPage":{"@id":"https:\/\/gradido.net\/lv\/episode-24\/#primaryimage"},"image":{"@id":"https:\/\/gradido.net\/lv\/episode-24\/#primaryimage"},"thumbnailUrl":"https:\/\/gradido.net\/wp-content\/uploads\/2021\/07\/podcast_www_brandstaetter_kessler.jpg","datePublished":"2021-07-17T05:50:08+00:00","dateModified":"2021-07-17T08:44:24+00:00","breadcrumb":{"@id":"https:\/\/gradido.net\/lv\/episode-24\/#breadcrumb"},"inLanguage":"de","potentialAction":[{"@type":"ReadAction","target":["https:\/\/gradido.net\/lv\/episode-24\/"]}]},{"@type":"ImageObject","inLanguage":"de","@id":"https:\/\/gradido.net\/lv\/episode-24\/#primaryimage","url":"https:\/\/gradido.net\/wp-content\/uploads\/2021\/07\/podcast_www_brandstaetter_kessler.jpg","contentUrl":"https:\/\/gradido.net\/wp-content\/uploads\/2021\/07\/podcast_www_brandstaetter_kessler.jpg","width":700,"height":475},{"@type":"BreadcrumbList","@id":"https:\/\/gradido.net\/lv\/episode-24\/#breadcrumb","itemListElement":[{"@type":"ListItem","position":1,"name":"Startseite","item":"https:\/\/gradido.net\/"},{"@type":"ListItem","position":2,"name":"Great Cooperation: Potenzialentfaltungsgruppen bei Gradido"}]},{"@type":"WebSite","@id":"https:\/\/gradido.net\/de\/#website","url":"https:\/\/gradido.net\/de\/","name":"Gradido","description":"Die neue W\u00e4hrung hei\u00dft Dankbarkeit","publisher":{"@id":"https:\/\/gradido.net\/de\/#organization"},"potentialAction":[{"@type":"SearchAction","target":{"@type":"EntryPoint","urlTemplate":"https:\/\/gradido.net\/de\/?s={search_term_string}"},"query-input":{"@type":"PropertyValueSpecification","valueRequired":true,"valueName":"search_term_string"}}],"inLanguage":"de"},{"@type":"Organization","@id":"https:\/\/gradido.net\/de\/#organization","name":"Gradido","url":"https:\/\/gradido.net\/de\/","logo":{"@type":"ImageObject","inLanguage":"de","@id":"https:\/\/gradido.net\/de\/#\/schema\/logo\/image\/","url":"https:\/\/gradido.net\/wp-content\/uploads\/2022\/04\/gradido-social.jpg","contentUrl":"https:\/\/gradido.net\/wp-content\/uploads\/2022\/04\/gradido-social.jpg","width":527,"height":273,"caption":"Gradido"},"image":{"@id":"https:\/\/gradido.net\/de\/#\/schema\/logo\/image\/"}},{"@type":"Person","@id":"https:\/\/gradido.net\/de\/#\/schema\/person\/9c503a004ad15a1ddecadce2218db5d1","name":"Bernd H\u00fcckst\u00e4dt","sameAs":["https:\/\/gradido.net"],"url":"https:\/\/gradido.net\/de\/author\/bernd\/"}]}},"_links":{"self":[{"href":"https:\/\/gradido.net\/de\/wp-json\/wp\/v2\/posts\/2990","targetHints":{"allow":["GET"]}}],"collection":[{"href":"https:\/\/gradido.net\/de\/wp-json\/wp\/v2\/posts"}],"about":[{"href":"https:\/\/gradido.net\/de\/wp-json\/wp\/v2\/types\/post"}],"author":[{"embeddable":true,"href":"https:\/\/gradido.net\/de\/wp-json\/wp\/v2\/users\/2"}],"replies":[{"embeddable":true,"href":"https:\/\/gradido.net\/de\/wp-json\/wp\/v2\/comments?post=2990"}],"version-history":[{"count":18,"href":"https:\/\/gradido.net\/de\/wp-json\/wp\/v2\/posts\/2990\/revisions"}],"predecessor-version":[{"id":3010,"href":"https:\/\/gradido.net\/de\/wp-json\/wp\/v2\/posts\/2990\/revisions\/3010"}],"wp:featuredmedia":[{"embeddable":true,"href":"https:\/\/gradido.net\/de\/wp-json\/wp\/v2\/media\/2989"}],"wp:attachment":[{"href":"https:\/\/gradido.net\/de\/wp-json\/wp\/v2\/media?parent=2990"}],"wp:term":[{"taxonomy":"category","embeddable":true,"href":"https:\/\/gradido.net\/de\/wp-json\/wp\/v2\/categories?post=2990"},{"taxonomy":"post_tag","embeddable":true,"href":"https:\/\/gradido.net\/de\/wp-json\/wp\/v2\/tags?post=2990"}],"curies":[{"name":"wp","href":"https:\/\/api.w.org\/{rel}","templated":true}]}}