{"id":3172,"date":"2021-08-29T07:22:16","date_gmt":"2021-08-29T05:22:16","guid":{"rendered":"https:\/\/gradido.net\/?p=3172"},"modified":"2021-08-29T07:28:55","modified_gmt":"2021-08-29T05:28:55","slug":"episode-26","status":"publish","type":"post","link":"https:\/\/gradido.net\/de\/episode-26\/","title":{"rendered":"Great Cooperation: Agenda zum Gl\u00fcck \u2013 ein neuer Aufbruch"},"content":{"rendered":"\t\t<div data-elementor-type=\"wp-post\" data-elementor-id=\"3172\" class=\"elementor elementor-3172\" data-elementor-post-type=\"post\">\n\t\t\t\t\t\t<section class=\"elementor-section elementor-top-section elementor-element elementor-element-496e1d53 elementor-section-boxed elementor-section-height-default elementor-section-height-default\" data-id=\"496e1d53\" data-element_type=\"section\" data-e-type=\"section\">\n\t\t\t\t\t\t<div class=\"elementor-container elementor-column-gap-default\">\n\t\t\t\t\t<div class=\"elementor-column elementor-col-100 elementor-top-column elementor-element elementor-element-461d7be0\" data-id=\"461d7be0\" data-element_type=\"column\" data-e-type=\"column\">\n\t\t\t<div class=\"elementor-widget-wrap elementor-element-populated\">\n\t\t\t\t\t\t<div class=\"elementor-element elementor-element-cd9ebe2 elementor-widget elementor-widget-text-editor\" data-id=\"cd9ebe2\" data-element_type=\"widget\" data-e-type=\"widget\" data-widget_type=\"text-editor.default\">\n\t\t\t\t<div class=\"elementor-widget-container\">\n\t\t\t\t\t\t\t\t\t<h2>Zu Gast: Johannes Grassl<\/h2>\t\t\t\t\t\t\t\t<\/div>\n\t\t\t\t<\/div>\n\t\t\t\t\t<\/div>\n\t\t<\/div>\n\t\t\t\t\t<\/div>\n\t\t<\/section>\n\t\t\t\t<section class=\"elementor-section elementor-top-section elementor-element elementor-element-2f93e3c3 elementor-section-boxed elementor-section-height-default elementor-section-height-default\" data-id=\"2f93e3c3\" data-element_type=\"section\" data-e-type=\"section\">\n\t\t\t\t\t\t<div class=\"elementor-container elementor-column-gap-default\">\n\t\t\t\t\t<div class=\"elementor-column elementor-col-100 elementor-top-column elementor-element elementor-element-5a9dfd19\" data-id=\"5a9dfd19\" data-element_type=\"column\" data-e-type=\"column\">\n\t\t\t<div class=\"elementor-widget-wrap elementor-element-populated\">\n\t\t\t\t\t\t<div class=\"elementor-element elementor-element-9cdb6b8 elementor-widget elementor-widget-html\" data-id=\"9cdb6b8\" data-element_type=\"widget\" data-e-type=\"widget\" data-widget_type=\"html.default\">\n\t\t\t\t<div class=\"elementor-widget-container\">\n\t\t\t\t\t<script class=\"podigee-podcast-player\" src=\"https:\/\/player.podigee-cdn.net\/podcast-player\/javascripts\/podigee-podcast-player.js\" data-configuration=\"https:\/\/gradido.podigee.io\/26-neue-episode\/embed?context=external\"><\/script>\t\t\t\t<\/div>\n\t\t\t\t<\/div>\n\t\t\t\t\t<\/div>\n\t\t<\/div>\n\t\t\t\t\t<\/div>\n\t\t<\/section>\n\t\t\t\t<section class=\"elementor-section elementor-top-section elementor-element elementor-element-585c640 elementor-section-boxed elementor-section-height-default elementor-section-height-default\" data-id=\"585c640\" data-element_type=\"section\" data-e-type=\"section\">\n\t\t\t\t\t\t<div class=\"elementor-container elementor-column-gap-default\">\n\t\t\t\t\t<div class=\"elementor-column elementor-col-50 elementor-top-column elementor-element elementor-element-13c250b\" data-id=\"13c250b\" data-element_type=\"column\" data-e-type=\"column\">\n\t\t\t<div class=\"elementor-widget-wrap elementor-element-populated\">\n\t\t\t\t\t\t<div class=\"elementor-element elementor-element-0561949 elementor-widget elementor-widget-text-editor\" data-id=\"0561949\" data-element_type=\"widget\" data-e-type=\"widget\" data-widget_type=\"text-editor.default\">\n\t\t\t\t<div class=\"elementor-widget-container\">\n\t\t\t\t\t\t\t\t\t<p>Seit dem Jahre 2005 arbeitet Johannes Grassl als selbstst\u00e4ndiger Berater f\u00fcr F\u00fchrungskr\u00e4fte. Im selben Jahr wurde er F\u00fchrungsmitglied der Schweizer Stiftung Leaders\u2019 Integrity Foundation, deren Ziel es ist, Pers\u00f6nlichkeit und Profil von F\u00fchrungskr\u00e4ften im Sinne einer christlichen Wirtschaftsethik zu st\u00e4rken. Als Teil dieser T\u00e4tigkeiten ist er regelm\u00e4\u00dfig Teilnehmer und Sprecher bei Konferenzen und anderen Veranstaltungen f\u00fcr Manager oder Unternehmer. Seit 2014 ist Grassl Gesch\u00e4ftsf\u00fchrer und Stiftungsrat der Leaders\u2019 Integrity Foundation.<\/p><p>Links:<br \/><a href=\"https:\/\/www.johannesgrassl.com\" target=\"_blank\" rel=\"noopener\">https:\/\/www.johannesgrassl.com<\/a><br \/><a href=\"https:\/\/de.wikipedia.org\/wiki\/Johannes_Grassl\" target=\"_blank\" rel=\"noopener\">https:\/\/de.wikipedia.org\/wiki\/Johannes_Grassl<\/a><\/p>\t\t\t\t\t\t\t\t<\/div>\n\t\t\t\t<\/div>\n\t\t\t\t\t<\/div>\n\t\t<\/div>\n\t\t\t\t<div class=\"elementor-column elementor-col-50 elementor-top-column elementor-element elementor-element-e0d795e\" data-id=\"e0d795e\" data-element_type=\"column\" data-e-type=\"column\">\n\t\t\t<div class=\"elementor-widget-wrap elementor-element-populated\">\n\t\t\t\t\t\t<div class=\"elementor-element elementor-element-8c61bad elementor-widget elementor-widget-image\" data-id=\"8c61bad\" data-element_type=\"widget\" data-e-type=\"widget\" data-widget_type=\"image.default\">\n\t\t\t\t<div class=\"elementor-widget-container\">\n\t\t\t\t\t\t\t\t\t\t\t\t\t\t\t<img fetchpriority=\"high\" decoding=\"async\" width=\"800\" height=\"800\" src=\"https:\/\/gradido.net\/wp-content\/uploads\/2021\/08\/gradido_podcast_grassl-1024x1024.jpg\" class=\"attachment-large size-large wp-image-3156\" alt=\"\" srcset=\"https:\/\/gradido.net\/wp-content\/uploads\/2021\/08\/gradido_podcast_grassl-1024x1024.jpg 1024w, https:\/\/gradido.net\/wp-content\/uploads\/2021\/08\/gradido_podcast_grassl-300x300.jpg 300w, https:\/\/gradido.net\/wp-content\/uploads\/2021\/08\/gradido_podcast_grassl-150x150.jpg 150w, https:\/\/gradido.net\/wp-content\/uploads\/2021\/08\/gradido_podcast_grassl-768x768.jpg 768w, https:\/\/gradido.net\/wp-content\/uploads\/2021\/08\/gradido_podcast_grassl-12x12.jpg 12w, https:\/\/gradido.net\/wp-content\/uploads\/2021\/08\/gradido_podcast_grassl.jpg 1400w\" sizes=\"(max-width: 800px) 100vw, 800px\" \/>\t\t\t\t\t\t\t\t\t\t\t\t\t\t\t<\/div>\n\t\t\t\t<\/div>\n\t\t\t\t<div class=\"elementor-element elementor-element-ceab137 elementor-widget elementor-widget-text-editor\" data-id=\"ceab137\" data-element_type=\"widget\" data-e-type=\"widget\" data-widget_type=\"text-editor.default\">\n\t\t\t\t<div class=\"elementor-widget-container\">\n\t\t\t\t\t\t\t\t\t<p><a href=\"https:\/\/youtu.be\/QM9n9mkNtSg\" target=\"_blank\" rel=\"noopener\">Auf YouTube h\u00f6ren<\/a><\/p>\t\t\t\t\t\t\t\t<\/div>\n\t\t\t\t<\/div>\n\t\t\t\t\t<\/div>\n\t\t<\/div>\n\t\t\t\t\t<\/div>\n\t\t<\/section>\n\t\t\t\t<section class=\"elementor-section elementor-top-section elementor-element elementor-element-d051609 elementor-section-boxed elementor-section-height-default elementor-section-height-default\" data-id=\"d051609\" data-element_type=\"section\" data-e-type=\"section\">\n\t\t\t\t\t\t<div class=\"elementor-container elementor-column-gap-default\">\n\t\t\t\t\t<div class=\"elementor-column elementor-col-100 elementor-top-column elementor-element elementor-element-13cc168\" data-id=\"13cc168\" data-element_type=\"column\" data-e-type=\"column\">\n\t\t\t<div class=\"elementor-widget-wrap elementor-element-populated\">\n\t\t\t\t\t\t<div class=\"elementor-element elementor-element-b43b3ee elementor-widget elementor-widget-heading\" data-id=\"b43b3ee\" data-element_type=\"widget\" data-e-type=\"widget\" data-widget_type=\"heading.default\">\n\t\t\t\t<div class=\"elementor-widget-container\">\n\t\t\t\t\t<style>.elementor-element-b43b3ee{display:none !important}<\/style>\t\t\t\t<\/div>\n\t\t\t\t<\/div>\n\t\t\t\t\t<\/div>\n\t\t<\/div>\n\t\t\t\t\t<\/div>\n\t\t<\/section>\n\t\t\t\t<section class=\"elementor-section elementor-top-section elementor-element elementor-element-474427c elementor-section-boxed elementor-section-height-default elementor-section-height-default\" data-id=\"474427c\" data-element_type=\"section\" data-e-type=\"section\">\n\t\t\t\t\t\t<div class=\"elementor-container elementor-column-gap-default\">\n\t\t\t\t\t<div class=\"elementor-column elementor-col-100 elementor-top-column elementor-element elementor-element-6041f12\" data-id=\"6041f12\" data-element_type=\"column\" data-e-type=\"column\">\n\t\t\t<div class=\"elementor-widget-wrap elementor-element-populated\">\n\t\t\t\t\t\t\t<\/div>\n\t\t<\/div>\n\t\t\t\t\t<\/div>\n\t\t<\/section>\n\t\t\t\t<\/div>\n\t\t","protected":false},"excerpt":{"rendered":"<p>Seit dem Jahre 2005 arbeitet Johannes Grassl als selbstst\u00e4ndiger Berater f\u00fcr F\u00fchrungskr\u00e4fte. Ziel ist es, Pers\u00f6nlichkeit und Profil von F\u00fchrungskr\u00e4ften im Sinne einer christlichen Wirtschaftsethik zu st\u00e4rken. [1:06:52]<\/p>\n","protected":false},"author":2,"featured_media":3157,"comment_status":"closed","ping_status":"closed","sticky":false,"template":"","format":"standard","meta":{"footnotes":""},"categories":[19],"tags":[16],"class_list":["post-3172","post","type-post","status-publish","format-standard","has-post-thumbnail","hentry","category-podcast","tag-grundeinkommen"],"yoast_head":"<!-- This site is optimized with the Yoast SEO plugin v27.5 - https:\/\/yoast.com\/product\/yoast-seo-wordpress\/ -->\n<title>Great Cooperation: Agenda zum Gl\u00fcck \u2013 ein neuer Aufbruch - Gradido<\/title>\n<meta name=\"robots\" content=\"index, follow, max-snippet:-1, max-image-preview:large, max-video-preview:-1\" \/>\n<link rel=\"canonical\" href=\"https:\/\/gradido.net\/de\/episode-26\/\" \/>\n<meta property=\"og:locale\" content=\"de_DE\" \/>\n<meta property=\"og:type\" content=\"article\" \/>\n<meta property=\"og:title\" content=\"Great Cooperation: Agenda zum Gl\u00fcck \u2013 ein neuer Aufbruch - Gradido\" \/>\n<meta property=\"og:description\" content=\"Seit dem Jahre 2005 arbeitet Johannes Grassl als selbstst\u00e4ndiger Berater f\u00fcr F\u00fchrungskr\u00e4fte. Ziel ist es, Pers\u00f6nlichkeit und Profil von F\u00fchrungskr\u00e4ften im Sinne einer christlichen Wirtschaftsethik zu st\u00e4rken. [1:06:52]\" \/>\n<meta property=\"og:url\" content=\"https:\/\/gradido.net\/de\/episode-26\/\" \/>\n<meta property=\"og:site_name\" content=\"Gradido\" \/>\n<meta property=\"article:published_time\" content=\"2021-08-29T05:22:16+00:00\" \/>\n<meta property=\"article:modified_time\" content=\"2021-08-29T05:28:55+00:00\" \/>\n<meta property=\"og:image\" content=\"https:\/\/gradido.net\/wp-content\/uploads\/2021\/08\/podcast_www_grassl.jpg\" \/>\n\t<meta property=\"og:image:width\" content=\"700\" \/>\n\t<meta property=\"og:image:height\" content=\"475\" \/>\n\t<meta property=\"og:image:type\" content=\"image\/jpeg\" \/>\n<meta name=\"author\" content=\"Bernd H\u00fcckst\u00e4dt\" \/>\n<meta name=\"twitter:card\" content=\"summary_large_image\" \/>\n<meta name=\"twitter:label1\" content=\"Verfasst von\" \/>\n\t<meta name=\"twitter:data1\" content=\"Bernd H\u00fcckst\u00e4dt\" \/>\n\t<meta name=\"twitter:label2\" content=\"Gesch\u00e4tzte Lesezeit\" \/>\n\t<meta name=\"twitter:data2\" content=\"1\u00a0Minute\" \/>\n<script type=\"application\/ld+json\" class=\"yoast-schema-graph\">{\"@context\":\"https:\\\/\\\/schema.org\",\"@graph\":[{\"@type\":\"Article\",\"@id\":\"https:\\\/\\\/gradido.net\\\/nl\\\/episode-26\\\/#article\",\"isPartOf\":{\"@id\":\"https:\\\/\\\/gradido.net\\\/nl\\\/episode-26\\\/\"},\"author\":{\"name\":\"Bernd H\u00fcckst\u00e4dt\",\"@id\":\"https:\\\/\\\/gradido.net\\\/de\\\/#\\\/schema\\\/person\\\/9c503a004ad15a1ddecadce2218db5d1\"},\"headline\":\"Great Cooperation: Agenda zum Gl\u00fcck \u2013 ein neuer Aufbruch\",\"datePublished\":\"2021-08-29T05:22:16+00:00\",\"dateModified\":\"2021-08-29T05:28:55+00:00\",\"mainEntityOfPage\":{\"@id\":\"https:\\\/\\\/gradido.net\\\/nl\\\/episode-26\\\/\"},\"wordCount\":111,\"publisher\":{\"@id\":\"https:\\\/\\\/gradido.net\\\/de\\\/#organization\"},\"image\":{\"@id\":\"https:\\\/\\\/gradido.net\\\/nl\\\/episode-26\\\/#primaryimage\"},\"thumbnailUrl\":\"https:\\\/\\\/gradido.net\\\/wp-content\\\/uploads\\\/2021\\\/08\\\/podcast_www_grassl.jpg\",\"keywords\":[\"Grundeinkommen\"],\"articleSection\":[\"Podcast\"],\"inLanguage\":\"de\"},{\"@type\":\"WebPage\",\"@id\":\"https:\\\/\\\/gradido.net\\\/nl\\\/episode-26\\\/\",\"url\":\"https:\\\/\\\/gradido.net\\\/nl\\\/episode-26\\\/\",\"name\":\"Great Cooperation: Agenda zum Gl\u00fcck \u2013 ein neuer Aufbruch - Gradido\",\"isPartOf\":{\"@id\":\"https:\\\/\\\/gradido.net\\\/de\\\/#website\"},\"primaryImageOfPage\":{\"@id\":\"https:\\\/\\\/gradido.net\\\/nl\\\/episode-26\\\/#primaryimage\"},\"image\":{\"@id\":\"https:\\\/\\\/gradido.net\\\/nl\\\/episode-26\\\/#primaryimage\"},\"thumbnailUrl\":\"https:\\\/\\\/gradido.net\\\/wp-content\\\/uploads\\\/2021\\\/08\\\/podcast_www_grassl.jpg\",\"datePublished\":\"2021-08-29T05:22:16+00:00\",\"dateModified\":\"2021-08-29T05:28:55+00:00\",\"breadcrumb\":{\"@id\":\"https:\\\/\\\/gradido.net\\\/nl\\\/episode-26\\\/#breadcrumb\"},\"inLanguage\":\"de\",\"potentialAction\":[{\"@type\":\"ReadAction\",\"target\":[\"https:\\\/\\\/gradido.net\\\/nl\\\/episode-26\\\/\"]}]},{\"@type\":\"ImageObject\",\"inLanguage\":\"de\",\"@id\":\"https:\\\/\\\/gradido.net\\\/nl\\\/episode-26\\\/#primaryimage\",\"url\":\"https:\\\/\\\/gradido.net\\\/wp-content\\\/uploads\\\/2021\\\/08\\\/podcast_www_grassl.jpg\",\"contentUrl\":\"https:\\\/\\\/gradido.net\\\/wp-content\\\/uploads\\\/2021\\\/08\\\/podcast_www_grassl.jpg\",\"width\":700,\"height\":475},{\"@type\":\"BreadcrumbList\",\"@id\":\"https:\\\/\\\/gradido.net\\\/nl\\\/episode-26\\\/#breadcrumb\",\"itemListElement\":[{\"@type\":\"ListItem\",\"position\":1,\"name\":\"Startseite\",\"item\":\"https:\\\/\\\/gradido.net\\\/\"},{\"@type\":\"ListItem\",\"position\":2,\"name\":\"Great Cooperation: Agenda zum Gl\u00fcck \u2013 ein neuer Aufbruch\"}]},{\"@type\":\"WebSite\",\"@id\":\"https:\\\/\\\/gradido.net\\\/de\\\/#website\",\"url\":\"https:\\\/\\\/gradido.net\\\/de\\\/\",\"name\":\"Gradido\",\"description\":\"Die neue W\u00e4hrung hei\u00dft Dankbarkeit\",\"publisher\":{\"@id\":\"https:\\\/\\\/gradido.net\\\/de\\\/#organization\"},\"potentialAction\":[{\"@type\":\"SearchAction\",\"target\":{\"@type\":\"EntryPoint\",\"urlTemplate\":\"https:\\\/\\\/gradido.net\\\/de\\\/?s={search_term_string}\"},\"query-input\":{\"@type\":\"PropertyValueSpecification\",\"valueRequired\":true,\"valueName\":\"search_term_string\"}}],\"inLanguage\":\"de\"},{\"@type\":\"Organization\",\"@id\":\"https:\\\/\\\/gradido.net\\\/de\\\/#organization\",\"name\":\"Gradido\",\"url\":\"https:\\\/\\\/gradido.net\\\/de\\\/\",\"logo\":{\"@type\":\"ImageObject\",\"inLanguage\":\"de\",\"@id\":\"https:\\\/\\\/gradido.net\\\/de\\\/#\\\/schema\\\/logo\\\/image\\\/\",\"url\":\"https:\\\/\\\/gradido.net\\\/wp-content\\\/uploads\\\/2022\\\/04\\\/gradido-social.jpg\",\"contentUrl\":\"https:\\\/\\\/gradido.net\\\/wp-content\\\/uploads\\\/2022\\\/04\\\/gradido-social.jpg\",\"width\":527,\"height\":273,\"caption\":\"Gradido\"},\"image\":{\"@id\":\"https:\\\/\\\/gradido.net\\\/de\\\/#\\\/schema\\\/logo\\\/image\\\/\"}},{\"@type\":\"Person\",\"@id\":\"https:\\\/\\\/gradido.net\\\/de\\\/#\\\/schema\\\/person\\\/9c503a004ad15a1ddecadce2218db5d1\",\"name\":\"Bernd H\u00fcckst\u00e4dt\",\"sameAs\":[\"https:\\\/\\\/gradido.net\"],\"url\":\"https:\\\/\\\/gradido.net\\\/de\\\/author\\\/bernd\\\/\"}]}<\/script>\n<!-- \/ Yoast SEO plugin. -->","yoast_head_json":{"title":"Great Cooperation: Agenda zum Gl\u00fcck \u2013 ein neuer Aufbruch - Gradido","robots":{"index":"index","follow":"follow","max-snippet":"max-snippet:-1","max-image-preview":"max-image-preview:large","max-video-preview":"max-video-preview:-1"},"canonical":"https:\/\/gradido.net\/de\/episode-26\/","og_locale":"de_DE","og_type":"article","og_title":"Great Cooperation: Agenda zum Gl\u00fcck \u2013 ein neuer Aufbruch - Gradido","og_description":"Seit dem Jahre 2005 arbeitet Johannes Grassl als selbstst\u00e4ndiger Berater f\u00fcr F\u00fchrungskr\u00e4fte. Ziel ist es, Pers\u00f6nlichkeit und Profil von F\u00fchrungskr\u00e4ften im Sinne einer christlichen Wirtschaftsethik zu st\u00e4rken. [1:06:52]","og_url":"https:\/\/gradido.net\/de\/episode-26\/","og_site_name":"Gradido","article_published_time":"2021-08-29T05:22:16+00:00","article_modified_time":"2021-08-29T05:28:55+00:00","og_image":[{"width":700,"height":475,"url":"https:\/\/gradido.net\/wp-content\/uploads\/2021\/08\/podcast_www_grassl.jpg","type":"image\/jpeg"}],"author":"Bernd H\u00fcckst\u00e4dt","twitter_card":"summary_large_image","twitter_misc":{"Verfasst von":"Bernd H\u00fcckst\u00e4dt","Gesch\u00e4tzte Lesezeit":"1\u00a0Minute"},"schema":{"@context":"https:\/\/schema.org","@graph":[{"@type":"Article","@id":"https:\/\/gradido.net\/nl\/episode-26\/#article","isPartOf":{"@id":"https:\/\/gradido.net\/nl\/episode-26\/"},"author":{"name":"Bernd H\u00fcckst\u00e4dt","@id":"https:\/\/gradido.net\/de\/#\/schema\/person\/9c503a004ad15a1ddecadce2218db5d1"},"headline":"Great Cooperation: Agenda zum Gl\u00fcck \u2013 ein neuer Aufbruch","datePublished":"2021-08-29T05:22:16+00:00","dateModified":"2021-08-29T05:28:55+00:00","mainEntityOfPage":{"@id":"https:\/\/gradido.net\/nl\/episode-26\/"},"wordCount":111,"publisher":{"@id":"https:\/\/gradido.net\/de\/#organization"},"image":{"@id":"https:\/\/gradido.net\/nl\/episode-26\/#primaryimage"},"thumbnailUrl":"https:\/\/gradido.net\/wp-content\/uploads\/2021\/08\/podcast_www_grassl.jpg","keywords":["Grundeinkommen"],"articleSection":["Podcast"],"inLanguage":"de"},{"@type":"WebPage","@id":"https:\/\/gradido.net\/nl\/episode-26\/","url":"https:\/\/gradido.net\/nl\/episode-26\/","name":"Great Cooperation: Agenda zum Gl\u00fcck \u2013 ein neuer Aufbruch - Gradido","isPartOf":{"@id":"https:\/\/gradido.net\/de\/#website"},"primaryImageOfPage":{"@id":"https:\/\/gradido.net\/nl\/episode-26\/#primaryimage"},"image":{"@id":"https:\/\/gradido.net\/nl\/episode-26\/#primaryimage"},"thumbnailUrl":"https:\/\/gradido.net\/wp-content\/uploads\/2021\/08\/podcast_www_grassl.jpg","datePublished":"2021-08-29T05:22:16+00:00","dateModified":"2021-08-29T05:28:55+00:00","breadcrumb":{"@id":"https:\/\/gradido.net\/nl\/episode-26\/#breadcrumb"},"inLanguage":"de","potentialAction":[{"@type":"ReadAction","target":["https:\/\/gradido.net\/nl\/episode-26\/"]}]},{"@type":"ImageObject","inLanguage":"de","@id":"https:\/\/gradido.net\/nl\/episode-26\/#primaryimage","url":"https:\/\/gradido.net\/wp-content\/uploads\/2021\/08\/podcast_www_grassl.jpg","contentUrl":"https:\/\/gradido.net\/wp-content\/uploads\/2021\/08\/podcast_www_grassl.jpg","width":700,"height":475},{"@type":"BreadcrumbList","@id":"https:\/\/gradido.net\/nl\/episode-26\/#breadcrumb","itemListElement":[{"@type":"ListItem","position":1,"name":"Startseite","item":"https:\/\/gradido.net\/"},{"@type":"ListItem","position":2,"name":"Great Cooperation: Agenda zum Gl\u00fcck \u2013 ein neuer Aufbruch"}]},{"@type":"WebSite","@id":"https:\/\/gradido.net\/de\/#website","url":"https:\/\/gradido.net\/de\/","name":"Gradido","description":"Die neue W\u00e4hrung hei\u00dft Dankbarkeit","publisher":{"@id":"https:\/\/gradido.net\/de\/#organization"},"potentialAction":[{"@type":"SearchAction","target":{"@type":"EntryPoint","urlTemplate":"https:\/\/gradido.net\/de\/?s={search_term_string}"},"query-input":{"@type":"PropertyValueSpecification","valueRequired":true,"valueName":"search_term_string"}}],"inLanguage":"de"},{"@type":"Organization","@id":"https:\/\/gradido.net\/de\/#organization","name":"Gradido","url":"https:\/\/gradido.net\/de\/","logo":{"@type":"ImageObject","inLanguage":"de","@id":"https:\/\/gradido.net\/de\/#\/schema\/logo\/image\/","url":"https:\/\/gradido.net\/wp-content\/uploads\/2022\/04\/gradido-social.jpg","contentUrl":"https:\/\/gradido.net\/wp-content\/uploads\/2022\/04\/gradido-social.jpg","width":527,"height":273,"caption":"Gradido"},"image":{"@id":"https:\/\/gradido.net\/de\/#\/schema\/logo\/image\/"}},{"@type":"Person","@id":"https:\/\/gradido.net\/de\/#\/schema\/person\/9c503a004ad15a1ddecadce2218db5d1","name":"Bernd H\u00fcckst\u00e4dt","sameAs":["https:\/\/gradido.net"],"url":"https:\/\/gradido.net\/de\/author\/bernd\/"}]}},"_links":{"self":[{"href":"https:\/\/gradido.net\/de\/wp-json\/wp\/v2\/posts\/3172","targetHints":{"allow":["GET"]}}],"collection":[{"href":"https:\/\/gradido.net\/de\/wp-json\/wp\/v2\/posts"}],"about":[{"href":"https:\/\/gradido.net\/de\/wp-json\/wp\/v2\/types\/post"}],"author":[{"embeddable":true,"href":"https:\/\/gradido.net\/de\/wp-json\/wp\/v2\/users\/2"}],"replies":[{"embeddable":true,"href":"https:\/\/gradido.net\/de\/wp-json\/wp\/v2\/comments?post=3172"}],"version-history":[{"count":7,"href":"https:\/\/gradido.net\/de\/wp-json\/wp\/v2\/posts\/3172\/revisions"}],"predecessor-version":[{"id":3179,"href":"https:\/\/gradido.net\/de\/wp-json\/wp\/v2\/posts\/3172\/revisions\/3179"}],"wp:featuredmedia":[{"embeddable":true,"href":"https:\/\/gradido.net\/de\/wp-json\/wp\/v2\/media\/3157"}],"wp:attachment":[{"href":"https:\/\/gradido.net\/de\/wp-json\/wp\/v2\/media?parent=3172"}],"wp:term":[{"taxonomy":"category","embeddable":true,"href":"https:\/\/gradido.net\/de\/wp-json\/wp\/v2\/categories?post=3172"},{"taxonomy":"post_tag","embeddable":true,"href":"https:\/\/gradido.net\/de\/wp-json\/wp\/v2\/tags?post=3172"}],"curies":[{"name":"wp","href":"https:\/\/api.w.org\/{rel}","templated":true}]}}