{"id":3931,"date":"2022-01-25T16:00:47","date_gmt":"2022-01-25T15:00:47","guid":{"rendered":"https:\/\/gradido.net\/?p=3931"},"modified":"2022-01-25T16:06:17","modified_gmt":"2022-01-25T15:06:17","slug":"zusammenwachsen-statt-in-zwietracht-scheitern","status":"publish","type":"post","link":"https:\/\/gradido.net\/de\/zusammenwachsen-statt-in-zwietracht-scheitern\/","title":{"rendered":"Zusammenwachsen statt in Zwietracht scheitern"},"content":{"rendered":"\t\t<div data-elementor-type=\"wp-post\" data-elementor-id=\"3931\" class=\"elementor elementor-3931\" data-elementor-post-type=\"post\">\n\t\t\t\t\t\t<section class=\"elementor-section elementor-top-section elementor-element elementor-element-496e1d53 elementor-section-boxed elementor-section-height-default elementor-section-height-default\" data-id=\"496e1d53\" data-element_type=\"section\" data-e-type=\"section\">\n\t\t\t\t\t\t<div class=\"elementor-container elementor-column-gap-default\">\n\t\t\t\t\t<div class=\"elementor-column elementor-col-100 elementor-top-column elementor-element elementor-element-461d7be0\" data-id=\"461d7be0\" data-element_type=\"column\" data-e-type=\"column\">\n\t\t\t<div class=\"elementor-widget-wrap elementor-element-populated\">\n\t\t\t\t\t\t<div class=\"elementor-element elementor-element-cd9ebe2 elementor-widget elementor-widget-text-editor\" data-id=\"cd9ebe2\" data-element_type=\"widget\" data-e-type=\"widget\" data-widget_type=\"text-editor.default\">\n\t\t\t\t<div class=\"elementor-widget-container\">\n\t\t\t\t\t\t\t\t\t<h2>Gradido ebnet Weg zu sozialem Frieden<\/h2><p><strong>K\u00fcnzelsau, 25.01.2022 \u2013 Das neue Jahr hat kaum begonnen und doch wirft es seine Schatten voraus: Landesweit mehren sich die B\u00fcrgerproteste und die Verrohung des Umgangs miteinander nimmt weiter zu. Unver\u00e4u\u00dferliche Grundrechte und die gesellschaftliche Ordnung erscheinen gleicherma\u00dfen bedroht. Viele Menschen stehen der verst\u00f6renden Entwicklung einer Spaltung in der Gesellschaft sprach-, hilf- und tatenlos gegen\u00fcber. Die Wirtschaftsbioniker der Gradido-Akademie konnten das bestehende Wirtschafts- und Finanzsystem als eigentliche Ursache der folgenschweren Entwicklungen identifizieren, die sich nun allerorts Bahn brechen. Folglich wurde an dem freien Forschungsinstitut \u00fcber die letzten beiden Jahrzehnte hinweg ein alternatives Modell entwickelt, das Leben in best\u00e4ndigem sozialem Frieden m\u00f6glich macht. Basierend auf jenen Naturgesetzen, die sich seit Beginn der Welt immer wieder erfolgreich behaupten konnten, er\u00f6ffnet das Gradido-Konzept erfolgsversprechende Perspektiven.<\/strong><\/p><h3>Gesellschaftliche Spaltung alternativlos?<\/h3><p>Angesichts der fortdauernden Corona-Krise w\u00e4chst die Sorge der Deutschen vor einer Spaltung der Gesellschaft. F\u00fcr das neue Jahr erwarten 70 Prozent der Bundesb\u00fcrger eine zunehmende Spaltung, wie aus einer in Hamburg ver\u00f6ffentlichten Umfrage der BAT-Stiftung f\u00fcr Zukunftsfragen hervorgeht. Breite Teile der Bev\u00f6lkerung seien unzufrieden, ver\u00e4ngstigt und entt\u00e4uscht. Das best\u00e4tigt auch die repr\u00e4sentative \u201aZukunftsstudie 2021\u2018 des K\u00f6lner Rheingold Instituts in Zusammenarbeit mit der Identity Foundation D\u00fcsseldorf. Demnach befinden sich viele der Befragten in einem akuten Machbarkeits-Dilemma. Sie erkennen die gro\u00dfen Zukunftsprobleme, haben aber keine Idee, wie sich diese Jahrhundert-Herausforderungen bew\u00e4ltigen lassen. Die gr\u00f6\u00dfte Zukunftsangst betrifft laut Studie den \u201asozialen Klimawandel\u2018 mit seiner fortschreitenden Polarisierung und dem Auseinanderdriften der Gesellschaft.<\/p><h3>Zusammenwachsen durch sozialen Ausgleich<\/h3><p>\u201eDie zunehmende Existenzangst und immer gr\u00f6\u00dfere Ungerechtigkeit in den Lebensbedingungen f\u00fchren zwangsl\u00e4ufig zu Unfrieden\u201c, sagt Margret Baier, Inhaberin der Gradido-Akademie f\u00fcr Wirtschaftsbionik, und erg\u00e4nzt: \u201eDas Gradido-Modell hebt den Wohlstand f\u00fcr alle und bringt die Menschen wieder zusammen\u201c. Auch die Kolumnistin der S\u00fcddeutschen Zeitung, Jagoda Marini\u0107, schreibt unter dem Titel \u201a Gleich ungleich&#8217;: \u201eWer Zusammenhalt fordert, muss das Ziel verfolgen, den Standard des Gemeinwesens grunds\u00e4tzlich zu heben, statt zuzulassen, dass sich die Privatisierung f\u00fcr Reichere normalisiert&#8230;\u201c. (SZ.de, 07.01.2022)<\/p><h3>Faires Finanzsystem \u2013 Schl\u00fcssel zum neuen Miteinander?<\/h3><p>Basierend auf der gleichnamigen Gemeinwohlw\u00e4hrung zeigt das Gradido-Modell einen gangbaren Weg hin zu einer neuen sozialen Gerechtigkeit und lebenswertem Dasein f\u00fcr alle gesellschaftlichen Schichten. Die Einf\u00fchrung eines freiwilligen \u201aAktiven Grundeinkommens\u2018 sichert den Lebensunterhalt eines jeden Menschen. Es kann \u2013 unabh\u00e4ngig von Alter und Profession \u2013 daf\u00fcr in Anspruch genommen werden, dass man jene Aufgaben f\u00fcr die Gemeinschaft \u00fcbernimmt, die man besonders gut und gern verrichtet. Kleine Kinder sowie alte und kranke Menschen erhalten das Grundeinkommen bedingungslos. Existenzangst w\u00fcrde damit der Vergangenheit angeh\u00f6ren.<\/p><h3>Geldsch\u00f6pfung nach dem \u201aDreifachen Wohl\u2018 h\u00e4lt Staatshaushalt und Umwelt gesund<\/h3><p>Neben dem \u201aAktiven Grundeinkommen\u2018 in H\u00f6he von 1.000 Gradido (ein Gradido entspricht etwa einem Euro) werden pro Person 1.000 Gradido f\u00fcr den Staatshaushalt einschlie\u00dflich Gesundheits- und Sozialwesen gesch\u00f6pft und nochmals 1.000 Gradido f\u00fcr einen \u201aAusgleichs- und Umweltfonds\u2018. Steuern und sonstige Abgaben sind im Gradido-Modell unn\u00f6tig und daher auch nicht vorgesehen.<\/p><h3>Kreislauf des Lebens schlie\u00dft soziale Gr\u00e4ben<\/h3><p>Die Stabilit\u00e4t des Geldes wird durch die Orientierung am Kreislauf vom Werden und Vergehen gew\u00e4hrleistet, der Basis aller erfolgreichen Naturgesetze. Binnen eines Monats schwindet das Geld kontinuierlich um 5,6 %. So entsteht ein selbstregulierendes System, das die Geldmenge und somit die Preise konstant h\u00e4lt. Dadurch k\u00f6nnen die Menschen wieder in eine sichere und lebenswerte Zukunft schauen. Ungleichheiten werden gemildert und der soziale Frieden gef\u00f6rdert.<\/p><h3>Krise verlangt nach Kurskorrektur<\/h3><p>\u201eWir erleben eine Zeiten-Wende\u201c, folgert Stephan Gr\u00fcnewald, Psychologe und Gr\u00fcnder des Rheingold Instituts nach Auswertung der \u201aZukunftsstudie 2021\u2018. Noch sei allerdings offen, ob die Tendenzen zu R\u00fcckzug und weiterer Parzellierung gest\u00e4rkt werden, oder die Kr\u00e4fte des gesellschaftlichen Zusammen-Wachsens und der \u00dcberwindung von Trennlinien durch das Aufgreifen gemeinsamer Herausforderungen \u00fcberwunden werden.<\/p><h3>Gro\u00dfe Kooperation f\u00fcr sozialen Frieden<\/h3><p>\u201eDas fundamentale Scheitern des Schuldgeldprinzips birgt eine historische Chance, mit dem Gradido-Modell neue Wege f\u00fcr eine lebenswerte Zukunft zu beschreiten\u201c, sagt Bernd H\u00fcckst\u00e4dt, Wirtschaftsbioniker und Mitbegr\u00fcnder der Gradido-Akademie, \u201egemeinsam k\u00f6nnen wir sprichw\u00f6rtlich ein Paradies f\u00fcr alle erschaffen\u201c. Die Gradido-Akademie l\u00e4dt daher alle Menschen zu einer \u201aGreat Cooperation\u2018 ein, um die friedvolle Transformation des Geldsystems als Grundlage f\u00fcr eine enkeltaugliche Zukunft aktiv und achtsam mitzugestalten. Mit Gradido, der \u201aNat\u00fcrlichen \u00d6konomie des Lebens\u2018, h\u00e4lt die Menschheitsfamilie den Entwurf eines gesunden Finanzsystems in der Hand, das den Naturgesetzen folgt und deshalb das Potenzial hat, weltweiten Wohlstand und Frieden zu erm\u00f6glichen.<\/p><p>Details zum Gradido-Modell und der \u201aGreat Cooperation\u2018 unter <a href=\"https:\/\/gradido.net\">www.gradido.net<\/a><\/p>\t\t\t\t\t\t\t\t<\/div>\n\t\t\t\t<\/div>\n\t\t\t\t<div class=\"elementor-element elementor-element-e9ff241 elementor-widget elementor-widget-text-editor\" data-id=\"e9ff241\" data-element_type=\"widget\" data-e-type=\"widget\" data-widget_type=\"text-editor.default\">\n\t\t\t\t<div class=\"elementor-widget-container\">\n\t\t\t\t\t\t\t\t\t<p><strong>\u00dcber die Gradido-Akademie<\/strong><br>Die Gradido-Akademie f\u00fcr Wirtschaftsbionik hat eine alternative \u201aGemeinwohlw\u00e4hrung\u2018 entwickelt, die sich an den Vorbildern der Natur orientiert. Die Natur folgt der Regel, dass nur dort, wo etwas vergeht, Neues entstehen kann und so langfristige Verbesserung (Evolution) m\u00f6glich ist. Ihr Erfolgsrezept ist der \u201aKreislauf des Lebens\u2018. W\u00fcrde auch unsere Wirtschaft diesem nat\u00fcrlichen Kreislauf folgen, lie\u00dfen sich damit nach Einsch\u00e4tzung der Wirtschaftsbioniker praktisch alle geldbedingten Probleme der Welt l\u00f6sen. Das Gradido-Modell basiert auf der Idee, dass nicht nur jeder Mensch, sondern auch jeder Staat ein auf Guthabenbasis gesch\u00f6pftes Einkommen erh\u00e4lt. Er kann damit all seine Aufgaben erf\u00fcllen, ohne Steuern einzufordern. Deflation oder Inflation geh\u00f6ren der Vergangenheit an. Die Wirtschaft ist vom st\u00e4ndigen Wachstumszwang befreit, die Gefahr eines Kollabierens des Finanzsystems endg\u00fcltig gebannt. (<a href=\"https:\/\/gradido.net\">www.gradido.net<\/a>)<\/p>\t\t\t\t\t\t\t\t<\/div>\n\t\t\t\t<\/div>\n\t\t\t\t\t<\/div>\n\t\t<\/div>\n\t\t\t\t\t<\/div>\n\t\t<\/section>\n\t\t\t\t<\/div>\n\t\t","protected":false},"excerpt":{"rendered":"<p>Gradido ebnet Weg zu sozialem Frieden K\u00fcnzelsau, 25.01.2022 \u2013 Das neue Jahr hat kaum begonnen und doch wirft es seine Schatten voraus: Landesweit mehren sich die B\u00fcrgerproteste und die Verrohung des Umgangs miteinander nimmt weiter zu. Unver\u00e4u\u00dferliche Grundrechte und die gesellschaftliche Ordnung erscheinen gleicherma\u00dfen bedroht. Viele Menschen stehen der verst\u00f6renden Entwicklung einer Spaltung in der [&hellip;]<\/p>\n","protected":false},"author":2,"featured_media":3933,"comment_status":"closed","ping_status":"closed","sticky":false,"template":"","format":"standard","meta":{"footnotes":""},"categories":[8],"tags":[],"class_list":["post-3931","post","type-post","status-publish","format-standard","has-post-thumbnail","hentry","category-pressemitteilung"],"yoast_head":"<!-- This site is optimized with the Yoast SEO plugin v27.5 - https:\/\/yoast.com\/product\/yoast-seo-wordpress\/ -->\n<title>Zusammenwachsen statt in Zwietracht scheitern - Gradido<\/title>\n<meta name=\"robots\" content=\"index, follow, max-snippet:-1, max-image-preview:large, max-video-preview:-1\" \/>\n<link rel=\"canonical\" href=\"https:\/\/gradido.net\/de\/zusammenwachsen-statt-in-zwietracht-scheitern\/\" \/>\n<meta property=\"og:locale\" content=\"de_DE\" \/>\n<meta property=\"og:type\" content=\"article\" \/>\n<meta property=\"og:title\" content=\"Zusammenwachsen statt in Zwietracht scheitern - Gradido\" \/>\n<meta property=\"og:description\" content=\"Gradido ebnet Weg zu sozialem Frieden K\u00fcnzelsau, 25.01.2022 \u2013 Das neue Jahr hat kaum begonnen und doch wirft es seine Schatten voraus: Landesweit mehren sich die B\u00fcrgerproteste und die Verrohung des Umgangs miteinander nimmt weiter zu. Unver\u00e4u\u00dferliche Grundrechte und die gesellschaftliche Ordnung erscheinen gleicherma\u00dfen bedroht. Viele Menschen stehen der verst\u00f6renden Entwicklung einer Spaltung in der [&hellip;]\" \/>\n<meta property=\"og:url\" content=\"https:\/\/gradido.net\/de\/zusammenwachsen-statt-in-zwietracht-scheitern\/\" \/>\n<meta property=\"og:site_name\" content=\"Gradido\" \/>\n<meta property=\"article:published_time\" content=\"2022-01-25T15:00:47+00:00\" \/>\n<meta property=\"article:modified_time\" content=\"2022-01-25T15:06:17+00:00\" \/>\n<meta property=\"og:image\" content=\"https:\/\/gradido.net\/wp-content\/uploads\/2022\/01\/zusammenwachsen_statt_zwietracht.jpg\" \/>\n\t<meta property=\"og:image:width\" content=\"1458\" \/>\n\t<meta property=\"og:image:height\" content=\"990\" \/>\n\t<meta property=\"og:image:type\" content=\"image\/jpeg\" \/>\n<meta name=\"author\" content=\"Bernd H\u00fcckst\u00e4dt\" \/>\n<meta name=\"twitter:card\" content=\"summary_large_image\" \/>\n<meta name=\"twitter:label1\" content=\"Verfasst von\" \/>\n\t<meta name=\"twitter:data1\" content=\"Bernd H\u00fcckst\u00e4dt\" \/>\n\t<meta name=\"twitter:label2\" content=\"Gesch\u00e4tzte Lesezeit\" \/>\n\t<meta name=\"twitter:data2\" content=\"5\u00a0Minuten\" \/>\n<script type=\"application\/ld+json\" class=\"yoast-schema-graph\">{\"@context\":\"https:\\\/\\\/schema.org\",\"@graph\":[{\"@type\":\"Article\",\"@id\":\"https:\\\/\\\/gradido.net\\\/ru\\\/zusammenwachsen-statt-in-zwietracht-scheitern\\\/#article\",\"isPartOf\":{\"@id\":\"https:\\\/\\\/gradido.net\\\/ru\\\/zusammenwachsen-statt-in-zwietracht-scheitern\\\/\"},\"author\":{\"name\":\"Bernd H\u00fcckst\u00e4dt\",\"@id\":\"https:\\\/\\\/gradido.net\\\/de\\\/#\\\/schema\\\/person\\\/9c503a004ad15a1ddecadce2218db5d1\"},\"headline\":\"Zusammenwachsen statt in Zwietracht scheitern\",\"datePublished\":\"2022-01-25T15:00:47+00:00\",\"dateModified\":\"2022-01-25T15:06:17+00:00\",\"mainEntityOfPage\":{\"@id\":\"https:\\\/\\\/gradido.net\\\/ru\\\/zusammenwachsen-statt-in-zwietracht-scheitern\\\/\"},\"wordCount\":914,\"publisher\":{\"@id\":\"https:\\\/\\\/gradido.net\\\/de\\\/#organization\"},\"image\":{\"@id\":\"https:\\\/\\\/gradido.net\\\/ru\\\/zusammenwachsen-statt-in-zwietracht-scheitern\\\/#primaryimage\"},\"thumbnailUrl\":\"https:\\\/\\\/gradido.net\\\/wp-content\\\/uploads\\\/2022\\\/01\\\/zusammenwachsen_statt_zwietracht.jpg\",\"articleSection\":[\"Pressemitteilung\"],\"inLanguage\":\"de\"},{\"@type\":\"WebPage\",\"@id\":\"https:\\\/\\\/gradido.net\\\/ru\\\/zusammenwachsen-statt-in-zwietracht-scheitern\\\/\",\"url\":\"https:\\\/\\\/gradido.net\\\/ru\\\/zusammenwachsen-statt-in-zwietracht-scheitern\\\/\",\"name\":\"Zusammenwachsen statt in Zwietracht scheitern - Gradido\",\"isPartOf\":{\"@id\":\"https:\\\/\\\/gradido.net\\\/de\\\/#website\"},\"primaryImageOfPage\":{\"@id\":\"https:\\\/\\\/gradido.net\\\/ru\\\/zusammenwachsen-statt-in-zwietracht-scheitern\\\/#primaryimage\"},\"image\":{\"@id\":\"https:\\\/\\\/gradido.net\\\/ru\\\/zusammenwachsen-statt-in-zwietracht-scheitern\\\/#primaryimage\"},\"thumbnailUrl\":\"https:\\\/\\\/gradido.net\\\/wp-content\\\/uploads\\\/2022\\\/01\\\/zusammenwachsen_statt_zwietracht.jpg\",\"datePublished\":\"2022-01-25T15:00:47+00:00\",\"dateModified\":\"2022-01-25T15:06:17+00:00\",\"breadcrumb\":{\"@id\":\"https:\\\/\\\/gradido.net\\\/ru\\\/zusammenwachsen-statt-in-zwietracht-scheitern\\\/#breadcrumb\"},\"inLanguage\":\"de\",\"potentialAction\":[{\"@type\":\"ReadAction\",\"target\":[\"https:\\\/\\\/gradido.net\\\/ru\\\/zusammenwachsen-statt-in-zwietracht-scheitern\\\/\"]}]},{\"@type\":\"ImageObject\",\"inLanguage\":\"de\",\"@id\":\"https:\\\/\\\/gradido.net\\\/ru\\\/zusammenwachsen-statt-in-zwietracht-scheitern\\\/#primaryimage\",\"url\":\"https:\\\/\\\/gradido.net\\\/wp-content\\\/uploads\\\/2022\\\/01\\\/zusammenwachsen_statt_zwietracht.jpg\",\"contentUrl\":\"https:\\\/\\\/gradido.net\\\/wp-content\\\/uploads\\\/2022\\\/01\\\/zusammenwachsen_statt_zwietracht.jpg\",\"width\":1458,\"height\":990},{\"@type\":\"BreadcrumbList\",\"@id\":\"https:\\\/\\\/gradido.net\\\/ru\\\/zusammenwachsen-statt-in-zwietracht-scheitern\\\/#breadcrumb\",\"itemListElement\":[{\"@type\":\"ListItem\",\"position\":1,\"name\":\"Startseite\",\"item\":\"https:\\\/\\\/gradido.net\\\/\"},{\"@type\":\"ListItem\",\"position\":2,\"name\":\"Zusammenwachsen statt in Zwietracht scheitern\"}]},{\"@type\":\"WebSite\",\"@id\":\"https:\\\/\\\/gradido.net\\\/de\\\/#website\",\"url\":\"https:\\\/\\\/gradido.net\\\/de\\\/\",\"name\":\"Gradido\",\"description\":\"Die neue W\u00e4hrung hei\u00dft Dankbarkeit\",\"publisher\":{\"@id\":\"https:\\\/\\\/gradido.net\\\/de\\\/#organization\"},\"potentialAction\":[{\"@type\":\"SearchAction\",\"target\":{\"@type\":\"EntryPoint\",\"urlTemplate\":\"https:\\\/\\\/gradido.net\\\/de\\\/?s={search_term_string}\"},\"query-input\":{\"@type\":\"PropertyValueSpecification\",\"valueRequired\":true,\"valueName\":\"search_term_string\"}}],\"inLanguage\":\"de\"},{\"@type\":\"Organization\",\"@id\":\"https:\\\/\\\/gradido.net\\\/de\\\/#organization\",\"name\":\"Gradido\",\"url\":\"https:\\\/\\\/gradido.net\\\/de\\\/\",\"logo\":{\"@type\":\"ImageObject\",\"inLanguage\":\"de\",\"@id\":\"https:\\\/\\\/gradido.net\\\/de\\\/#\\\/schema\\\/logo\\\/image\\\/\",\"url\":\"https:\\\/\\\/gradido.net\\\/wp-content\\\/uploads\\\/2022\\\/04\\\/gradido-social.jpg\",\"contentUrl\":\"https:\\\/\\\/gradido.net\\\/wp-content\\\/uploads\\\/2022\\\/04\\\/gradido-social.jpg\",\"width\":527,\"height\":273,\"caption\":\"Gradido\"},\"image\":{\"@id\":\"https:\\\/\\\/gradido.net\\\/de\\\/#\\\/schema\\\/logo\\\/image\\\/\"}},{\"@type\":\"Person\",\"@id\":\"https:\\\/\\\/gradido.net\\\/de\\\/#\\\/schema\\\/person\\\/9c503a004ad15a1ddecadce2218db5d1\",\"name\":\"Bernd H\u00fcckst\u00e4dt\",\"sameAs\":[\"https:\\\/\\\/gradido.net\"],\"url\":\"https:\\\/\\\/gradido.net\\\/de\\\/author\\\/bernd\\\/\"}]}<\/script>\n<!-- \/ Yoast SEO plugin. -->","yoast_head_json":{"title":"Zusammenwachsen statt in Zwietracht scheitern - Gradido","robots":{"index":"index","follow":"follow","max-snippet":"max-snippet:-1","max-image-preview":"max-image-preview:large","max-video-preview":"max-video-preview:-1"},"canonical":"https:\/\/gradido.net\/de\/zusammenwachsen-statt-in-zwietracht-scheitern\/","og_locale":"de_DE","og_type":"article","og_title":"Zusammenwachsen statt in Zwietracht scheitern - Gradido","og_description":"Gradido ebnet Weg zu sozialem Frieden K\u00fcnzelsau, 25.01.2022 \u2013 Das neue Jahr hat kaum begonnen und doch wirft es seine Schatten voraus: Landesweit mehren sich die B\u00fcrgerproteste und die Verrohung des Umgangs miteinander nimmt weiter zu. Unver\u00e4u\u00dferliche Grundrechte und die gesellschaftliche Ordnung erscheinen gleicherma\u00dfen bedroht. Viele Menschen stehen der verst\u00f6renden Entwicklung einer Spaltung in der [&hellip;]","og_url":"https:\/\/gradido.net\/de\/zusammenwachsen-statt-in-zwietracht-scheitern\/","og_site_name":"Gradido","article_published_time":"2022-01-25T15:00:47+00:00","article_modified_time":"2022-01-25T15:06:17+00:00","og_image":[{"width":1458,"height":990,"url":"https:\/\/gradido.net\/wp-content\/uploads\/2022\/01\/zusammenwachsen_statt_zwietracht.jpg","type":"image\/jpeg"}],"author":"Bernd H\u00fcckst\u00e4dt","twitter_card":"summary_large_image","twitter_misc":{"Verfasst von":"Bernd H\u00fcckst\u00e4dt","Gesch\u00e4tzte Lesezeit":"5\u00a0Minuten"},"schema":{"@context":"https:\/\/schema.org","@graph":[{"@type":"Article","@id":"https:\/\/gradido.net\/ru\/zusammenwachsen-statt-in-zwietracht-scheitern\/#article","isPartOf":{"@id":"https:\/\/gradido.net\/ru\/zusammenwachsen-statt-in-zwietracht-scheitern\/"},"author":{"name":"Bernd H\u00fcckst\u00e4dt","@id":"https:\/\/gradido.net\/de\/#\/schema\/person\/9c503a004ad15a1ddecadce2218db5d1"},"headline":"Zusammenwachsen statt in Zwietracht scheitern","datePublished":"2022-01-25T15:00:47+00:00","dateModified":"2022-01-25T15:06:17+00:00","mainEntityOfPage":{"@id":"https:\/\/gradido.net\/ru\/zusammenwachsen-statt-in-zwietracht-scheitern\/"},"wordCount":914,"publisher":{"@id":"https:\/\/gradido.net\/de\/#organization"},"image":{"@id":"https:\/\/gradido.net\/ru\/zusammenwachsen-statt-in-zwietracht-scheitern\/#primaryimage"},"thumbnailUrl":"https:\/\/gradido.net\/wp-content\/uploads\/2022\/01\/zusammenwachsen_statt_zwietracht.jpg","articleSection":["Pressemitteilung"],"inLanguage":"de"},{"@type":"WebPage","@id":"https:\/\/gradido.net\/ru\/zusammenwachsen-statt-in-zwietracht-scheitern\/","url":"https:\/\/gradido.net\/ru\/zusammenwachsen-statt-in-zwietracht-scheitern\/","name":"Zusammenwachsen statt in Zwietracht scheitern - Gradido","isPartOf":{"@id":"https:\/\/gradido.net\/de\/#website"},"primaryImageOfPage":{"@id":"https:\/\/gradido.net\/ru\/zusammenwachsen-statt-in-zwietracht-scheitern\/#primaryimage"},"image":{"@id":"https:\/\/gradido.net\/ru\/zusammenwachsen-statt-in-zwietracht-scheitern\/#primaryimage"},"thumbnailUrl":"https:\/\/gradido.net\/wp-content\/uploads\/2022\/01\/zusammenwachsen_statt_zwietracht.jpg","datePublished":"2022-01-25T15:00:47+00:00","dateModified":"2022-01-25T15:06:17+00:00","breadcrumb":{"@id":"https:\/\/gradido.net\/ru\/zusammenwachsen-statt-in-zwietracht-scheitern\/#breadcrumb"},"inLanguage":"de","potentialAction":[{"@type":"ReadAction","target":["https:\/\/gradido.net\/ru\/zusammenwachsen-statt-in-zwietracht-scheitern\/"]}]},{"@type":"ImageObject","inLanguage":"de","@id":"https:\/\/gradido.net\/ru\/zusammenwachsen-statt-in-zwietracht-scheitern\/#primaryimage","url":"https:\/\/gradido.net\/wp-content\/uploads\/2022\/01\/zusammenwachsen_statt_zwietracht.jpg","contentUrl":"https:\/\/gradido.net\/wp-content\/uploads\/2022\/01\/zusammenwachsen_statt_zwietracht.jpg","width":1458,"height":990},{"@type":"BreadcrumbList","@id":"https:\/\/gradido.net\/ru\/zusammenwachsen-statt-in-zwietracht-scheitern\/#breadcrumb","itemListElement":[{"@type":"ListItem","position":1,"name":"Startseite","item":"https:\/\/gradido.net\/"},{"@type":"ListItem","position":2,"name":"Zusammenwachsen statt in Zwietracht scheitern"}]},{"@type":"WebSite","@id":"https:\/\/gradido.net\/de\/#website","url":"https:\/\/gradido.net\/de\/","name":"Gradido","description":"Die neue W\u00e4hrung hei\u00dft Dankbarkeit","publisher":{"@id":"https:\/\/gradido.net\/de\/#organization"},"potentialAction":[{"@type":"SearchAction","target":{"@type":"EntryPoint","urlTemplate":"https:\/\/gradido.net\/de\/?s={search_term_string}"},"query-input":{"@type":"PropertyValueSpecification","valueRequired":true,"valueName":"search_term_string"}}],"inLanguage":"de"},{"@type":"Organization","@id":"https:\/\/gradido.net\/de\/#organization","name":"Gradido","url":"https:\/\/gradido.net\/de\/","logo":{"@type":"ImageObject","inLanguage":"de","@id":"https:\/\/gradido.net\/de\/#\/schema\/logo\/image\/","url":"https:\/\/gradido.net\/wp-content\/uploads\/2022\/04\/gradido-social.jpg","contentUrl":"https:\/\/gradido.net\/wp-content\/uploads\/2022\/04\/gradido-social.jpg","width":527,"height":273,"caption":"Gradido"},"image":{"@id":"https:\/\/gradido.net\/de\/#\/schema\/logo\/image\/"}},{"@type":"Person","@id":"https:\/\/gradido.net\/de\/#\/schema\/person\/9c503a004ad15a1ddecadce2218db5d1","name":"Bernd H\u00fcckst\u00e4dt","sameAs":["https:\/\/gradido.net"],"url":"https:\/\/gradido.net\/de\/author\/bernd\/"}]}},"_links":{"self":[{"href":"https:\/\/gradido.net\/de\/wp-json\/wp\/v2\/posts\/3931","targetHints":{"allow":["GET"]}}],"collection":[{"href":"https:\/\/gradido.net\/de\/wp-json\/wp\/v2\/posts"}],"about":[{"href":"https:\/\/gradido.net\/de\/wp-json\/wp\/v2\/types\/post"}],"author":[{"embeddable":true,"href":"https:\/\/gradido.net\/de\/wp-json\/wp\/v2\/users\/2"}],"replies":[{"embeddable":true,"href":"https:\/\/gradido.net\/de\/wp-json\/wp\/v2\/comments?post=3931"}],"version-history":[{"count":4,"href":"https:\/\/gradido.net\/de\/wp-json\/wp\/v2\/posts\/3931\/revisions"}],"predecessor-version":[{"id":3936,"href":"https:\/\/gradido.net\/de\/wp-json\/wp\/v2\/posts\/3931\/revisions\/3936"}],"wp:featuredmedia":[{"embeddable":true,"href":"https:\/\/gradido.net\/de\/wp-json\/wp\/v2\/media\/3933"}],"wp:attachment":[{"href":"https:\/\/gradido.net\/de\/wp-json\/wp\/v2\/media?parent=3931"}],"wp:term":[{"taxonomy":"category","embeddable":true,"href":"https:\/\/gradido.net\/de\/wp-json\/wp\/v2\/categories?post=3931"},{"taxonomy":"post_tag","embeddable":true,"href":"https:\/\/gradido.net\/de\/wp-json\/wp\/v2\/tags?post=3931"}],"curies":[{"name":"wp","href":"https:\/\/api.w.org\/{rel}","templated":true}]}}