{"id":4410,"date":"2022-05-15T16:05:23","date_gmt":"2022-05-15T14:05:23","guid":{"rendered":"https:\/\/gradido.net\/?p=4410"},"modified":"2026-04-24T08:20:33","modified_gmt":"2026-04-24T06:20:33","slug":"gradido-interview-im-walnussblatt","status":"publish","type":"post","link":"https:\/\/gradido.net\/de\/gradido-interview-im-walnussblatt\/","title":{"rendered":"Gradido-Interview im \u201aWALNUSSblatt\u2018"},"content":{"rendered":"\t\t<div data-elementor-type=\"wp-post\" data-elementor-id=\"4410\" class=\"elementor elementor-4410\" data-elementor-post-type=\"post\">\n\t\t\t\t\t\t<section class=\"elementor-section elementor-top-section elementor-element elementor-element-496e1d53 elementor-section-boxed elementor-section-height-default elementor-section-height-default\" data-id=\"496e1d53\" data-element_type=\"section\" data-e-type=\"section\">\n\t\t\t\t\t\t<div class=\"elementor-container elementor-column-gap-default\">\n\t\t\t\t\t<div class=\"elementor-column elementor-col-100 elementor-top-column elementor-element elementor-element-461d7be0\" data-id=\"461d7be0\" data-element_type=\"column\" data-e-type=\"column\">\n\t\t\t<div class=\"elementor-widget-wrap elementor-element-populated\">\n\t\t\t\t\t\t<div class=\"elementor-element elementor-element-cd9ebe2 elementor-widget elementor-widget-text-editor\" data-id=\"cd9ebe2\" data-element_type=\"widget\" data-e-type=\"widget\" data-widget_type=\"text-editor.default\">\n\t\t\t\t<div class=\"elementor-widget-container\">\n\t\t\t\t\t\t\t\t\t<blockquote><p style=\"text-align: right;\"><em>\u00bbJe mehr ich bereit war, mich geistig und emotional von dem uns beherrschenden Fiat-Geldsystem loszul\u00f6sen, umso aufregender und schlu\u0308ssiger wurde der Gradido.\u00ab<\/em><\/p><p style=\"text-align: right;\"><em>\u2013\u00a0\u00a0\u00a0\u00a0\u00a0 Pedro Kraft<\/em><br \/><em>Herausgeber des WALNUSSblatts<\/em><\/p><\/blockquote><p>Liebe Leserin, lieber Leser,<\/p><p>\u201aHeldinnen und Helden der Transformation\u2018 nennen wir all die Menschen, die sich jetzt mit ihren ganz besonderen Gaben f\u00fcr die Verbreitung von Gradido einsetzen, weil sie den Traum einer besseren Welt in sich tragen, in der alle Menschen ein w\u00fcrdevolles Leben haben, in Wohlstand, Frieden und Harmonie mit der Natur.<\/p><p>Dass dem das lebensfeindliche \u201aFiat-Geldsystem\u2018 entgegensteht, ist hinl\u00e4nglich bekannt. Die Frage ist nur, ob wir es als Menschheitsfamilie rechtzeitig schaffen werden, uns eine gute Zukunft zu gestalten, in der wir alle gerne leben.<\/p><p>Umso erfreulicher ist es, wenn Journalisten mit dem Herzen sehen und \u00fcber Gradido schreiben \u2013 die auf Dankbarkeit und Wertsch\u00e4tzung gr\u00fcndende W\u00e4hrung, die den seit Milliarden Jahren erfolgreichen Naturgesetzen folgt. Solch ein Journalist mit Geist, Herz und Verstand ist Pedro Kraft, der sein \u201aWALNUSSblatt\u2018 als eine Kommunikationsplattform geschaffen hat, um selbstst\u00e4ndig denkende Menschen zu vernetzen und die Transformationsprozesse zu begleiten.<\/p><p>Das aktuelle Heft behandelt das gro\u00dfe Thema: \u00bbDer Weg zum Frieden: die Liebe\u00ab. Mit dem Titel \u00bbGradido \u2013 die neue W\u00e4hrung hei\u00dft Dankbarkeit\u00ab bringt Pedro hier ein lesenswertes Interview mit Bernd \u00fcber die neue Ausrichtung und den aktuellen Stand von Gradido als elementares Friedenswerkzeug.<\/p><p><a href=\"https:\/\/gradido.net\/wp-content\/uploads\/2022\/05\/Gradido_Walnussblatt.pdf\">Zum Interview (PDF download)<\/a><\/p><p>Lass Dir die interessante Lekt\u00fcre nicht entgehen. Der Weg, der vor uns liegt, wird immer klarer. Gemeinsam fluten wir das Netz mit Dankbarkeitswellen, bis schlie\u00dflich Dankbarkeit und Wertsch\u00e4tzung zur neuen Welt-W\u00e4hrung werden und wir als Menschheitsfamilie gemeinsam die neue \u2013 friedvolle \u2013 Erde erschaffen.<\/p><p>In Liebe und Dankbarkeit<\/p><p>Deine<\/p><p><img decoding=\"async\" class=\"alignnone wp-image-4614 size-medium\" src=\"https:\/\/gradido.net\/wp-content\/uploads\/2022\/06\/MargretBernd_2022-300x74.png\" alt=\"\" width=\"300\" height=\"74\" srcset=\"https:\/\/gradido.net\/wp-content\/uploads\/2022\/06\/MargretBernd_2022-300x74.png 300w, https:\/\/gradido.net\/wp-content\/uploads\/2022\/06\/MargretBernd_2022-18x4.png 18w, https:\/\/gradido.net\/wp-content\/uploads\/2022\/06\/MargretBernd_2022.png 431w\" sizes=\"(max-width: 300px) 100vw, 300px\" \/><\/p><p>Margret Baier und Bernd H\u00fcckst\u00e4dt<br \/>Gradido-Gr\u00fcnder und Entwickler<\/p>\t\t\t\t\t\t\t\t<\/div>\n\t\t\t\t<\/div>\n\t\t\t\t\t<\/div>\n\t\t<\/div>\n\t\t\t\t\t<\/div>\n\t\t<\/section>\n\t\t\t\t<\/div>\n\t\t","protected":false},"excerpt":{"rendered":"<p>Das aktuelle Heft behandelt das gro\u00dfe Thema: \u00bbDer Weg zum Frieden: die Liebe\u00ab. Mit dem Titel \u201aGradido \u2013 die neue W\u00e4hrung hei\u00dft Dankbarkeit\u2018 bringt Pedro hier ein lesenswertes Interview mit Bernd \u00fcber die neue Ausrichtung und den aktuellen Stand von Gradido als elementares Friedenswerkzeug.<\/p>\n","protected":false},"author":2,"featured_media":4428,"comment_status":"closed","ping_status":"closed","sticky":false,"template":"","format":"standard","meta":{"footnotes":""},"categories":[11,54,8,56],"tags":[22],"class_list":["post-4410","post","type-post","status-publish","format-standard","has-post-thumbnail","hentry","category-blog","category-community","category-pressemitteilung","category-psychologie","tag-bild-oben"],"yoast_head":"<!-- This site is optimized with the Yoast SEO plugin v27.5 - https:\/\/yoast.com\/product\/yoast-seo-wordpress\/ -->\n<title>Gradido-Interview im \u201aWALNUSSblatt\u2018 - Gradido<\/title>\n<meta name=\"description\" content=\"Das aktuelle Heft behandelt das gro\u00dfe Thema: \u00bbDer Weg zum Frieden: die Liebe\u00ab. Mit dem Titel \u201aGradido \u2013 die neue W\u00e4hrung hei\u00dft Dankbarkeit\u2018 bringt Pedro hier ein lesenswertes Interview mit Bernd \u00fcber die neue Ausrichtung und den aktuellen Stand von Gradido als elementares Friedenswerkzeug.\" \/>\n<meta name=\"robots\" content=\"index, follow, max-snippet:-1, max-image-preview:large, max-video-preview:-1\" \/>\n<link rel=\"canonical\" href=\"https:\/\/gradido.net\/de\/gradido-interview-im-walnussblatt\/\" \/>\n<meta property=\"og:locale\" content=\"de_DE\" \/>\n<meta property=\"og:type\" content=\"article\" \/>\n<meta property=\"og:title\" content=\"Gradido-Interview im \u201aWALNUSSblatt\u2018 - Gradido\" \/>\n<meta property=\"og:description\" content=\"Das aktuelle Heft behandelt das gro\u00dfe Thema: \u00bbDer Weg zum Frieden: die Liebe\u00ab. Mit dem Titel \u201aGradido \u2013 die neue W\u00e4hrung hei\u00dft Dankbarkeit\u2018 bringt Pedro hier ein lesenswertes Interview mit Bernd \u00fcber die neue Ausrichtung und den aktuellen Stand von Gradido als elementares Friedenswerkzeug.\" \/>\n<meta property=\"og:url\" content=\"https:\/\/gradido.net\/de\/gradido-interview-im-walnussblatt\/\" \/>\n<meta property=\"og:site_name\" content=\"Gradido\" \/>\n<meta property=\"article:published_time\" content=\"2022-05-15T14:05:23+00:00\" \/>\n<meta property=\"article:modified_time\" content=\"2026-04-24T06:20:33+00:00\" \/>\n<meta property=\"og:image\" content=\"https:\/\/gradido.net\/wp-content\/uploads\/2022\/05\/Walnussblatt_Blog4.jpg\" \/>\n\t<meta property=\"og:image:width\" content=\"1500\" \/>\n\t<meta property=\"og:image:height\" content=\"1000\" \/>\n\t<meta property=\"og:image:type\" content=\"image\/jpeg\" \/>\n<meta name=\"author\" content=\"Bernd H\u00fcckst\u00e4dt\" \/>\n<meta name=\"twitter:card\" content=\"summary_large_image\" \/>\n<meta name=\"twitter:label1\" content=\"Verfasst von\" \/>\n\t<meta name=\"twitter:data1\" content=\"Bernd H\u00fcckst\u00e4dt\" \/>\n\t<meta name=\"twitter:label2\" content=\"Gesch\u00e4tzte Lesezeit\" \/>\n\t<meta name=\"twitter:data2\" content=\"2\u00a0Minuten\" \/>\n<script type=\"application\/ld+json\" class=\"yoast-schema-graph\">{\"@context\":\"https:\\\/\\\/schema.org\",\"@graph\":[{\"@type\":\"Article\",\"@id\":\"https:\\\/\\\/gradido.net\\\/gradido-interview-im-walnussblatt\\\/#article\",\"isPartOf\":{\"@id\":\"https:\\\/\\\/gradido.net\\\/gradido-interview-im-walnussblatt\\\/\"},\"author\":{\"name\":\"Bernd H\u00fcckst\u00e4dt\",\"@id\":\"https:\\\/\\\/gradido.net\\\/de\\\/#\\\/schema\\\/person\\\/9c503a004ad15a1ddecadce2218db5d1\"},\"headline\":\"Gradido-Interview im \u201aWALNUSSblatt\u2018\",\"datePublished\":\"2022-05-15T14:05:23+00:00\",\"dateModified\":\"2026-04-24T06:20:33+00:00\",\"mainEntityOfPage\":{\"@id\":\"https:\\\/\\\/gradido.net\\\/gradido-interview-im-walnussblatt\\\/\"},\"wordCount\":297,\"publisher\":{\"@id\":\"https:\\\/\\\/gradido.net\\\/de\\\/#organization\"},\"image\":{\"@id\":\"https:\\\/\\\/gradido.net\\\/gradido-interview-im-walnussblatt\\\/#primaryimage\"},\"thumbnailUrl\":\"https:\\\/\\\/gradido.net\\\/wp-content\\\/uploads\\\/2022\\\/05\\\/Walnussblatt_Blog4.jpg\",\"keywords\":[\"Bild oben\"],\"articleSection\":[\"Blog\",\"Community\",\"Pressemitteilung\",\"Psychologie\"],\"inLanguage\":\"de\"},{\"@type\":\"WebPage\",\"@id\":\"https:\\\/\\\/gradido.net\\\/gradido-interview-im-walnussblatt\\\/\",\"url\":\"https:\\\/\\\/gradido.net\\\/gradido-interview-im-walnussblatt\\\/\",\"name\":\"Gradido-Interview im \u201aWALNUSSblatt\u2018 - Gradido\",\"isPartOf\":{\"@id\":\"https:\\\/\\\/gradido.net\\\/de\\\/#website\"},\"primaryImageOfPage\":{\"@id\":\"https:\\\/\\\/gradido.net\\\/gradido-interview-im-walnussblatt\\\/#primaryimage\"},\"image\":{\"@id\":\"https:\\\/\\\/gradido.net\\\/gradido-interview-im-walnussblatt\\\/#primaryimage\"},\"thumbnailUrl\":\"https:\\\/\\\/gradido.net\\\/wp-content\\\/uploads\\\/2022\\\/05\\\/Walnussblatt_Blog4.jpg\",\"datePublished\":\"2022-05-15T14:05:23+00:00\",\"dateModified\":\"2026-04-24T06:20:33+00:00\",\"description\":\"Das aktuelle Heft behandelt das gro\u00dfe Thema: \u00bbDer Weg zum Frieden: die Liebe\u00ab. Mit dem Titel \u201aGradido \u2013 die neue W\u00e4hrung hei\u00dft Dankbarkeit\u2018 bringt Pedro hier ein lesenswertes Interview mit Bernd \u00fcber die neue Ausrichtung und den aktuellen Stand von Gradido als elementares Friedenswerkzeug.\",\"breadcrumb\":{\"@id\":\"https:\\\/\\\/gradido.net\\\/gradido-interview-im-walnussblatt\\\/#breadcrumb\"},\"inLanguage\":\"de\",\"potentialAction\":[{\"@type\":\"ReadAction\",\"target\":[\"https:\\\/\\\/gradido.net\\\/gradido-interview-im-walnussblatt\\\/\"]}]},{\"@type\":\"ImageObject\",\"inLanguage\":\"de\",\"@id\":\"https:\\\/\\\/gradido.net\\\/gradido-interview-im-walnussblatt\\\/#primaryimage\",\"url\":\"https:\\\/\\\/gradido.net\\\/wp-content\\\/uploads\\\/2022\\\/05\\\/Walnussblatt_Blog4.jpg\",\"contentUrl\":\"https:\\\/\\\/gradido.net\\\/wp-content\\\/uploads\\\/2022\\\/05\\\/Walnussblatt_Blog4.jpg\",\"width\":1500,\"height\":1000},{\"@type\":\"BreadcrumbList\",\"@id\":\"https:\\\/\\\/gradido.net\\\/gradido-interview-im-walnussblatt\\\/#breadcrumb\",\"itemListElement\":[{\"@type\":\"ListItem\",\"position\":1,\"name\":\"Startseite\",\"item\":\"https:\\\/\\\/gradido.net\\\/\"},{\"@type\":\"ListItem\",\"position\":2,\"name\":\"Gradido-Interview im \u201aWALNUSSblatt\u2018\"}]},{\"@type\":\"WebSite\",\"@id\":\"https:\\\/\\\/gradido.net\\\/de\\\/#website\",\"url\":\"https:\\\/\\\/gradido.net\\\/de\\\/\",\"name\":\"Gradido\",\"description\":\"Die neue W\u00e4hrung hei\u00dft Dankbarkeit\",\"publisher\":{\"@id\":\"https:\\\/\\\/gradido.net\\\/de\\\/#organization\"},\"potentialAction\":[{\"@type\":\"SearchAction\",\"target\":{\"@type\":\"EntryPoint\",\"urlTemplate\":\"https:\\\/\\\/gradido.net\\\/de\\\/?s={search_term_string}\"},\"query-input\":{\"@type\":\"PropertyValueSpecification\",\"valueRequired\":true,\"valueName\":\"search_term_string\"}}],\"inLanguage\":\"de\"},{\"@type\":\"Organization\",\"@id\":\"https:\\\/\\\/gradido.net\\\/de\\\/#organization\",\"name\":\"Gradido\",\"url\":\"https:\\\/\\\/gradido.net\\\/de\\\/\",\"logo\":{\"@type\":\"ImageObject\",\"inLanguage\":\"de\",\"@id\":\"https:\\\/\\\/gradido.net\\\/de\\\/#\\\/schema\\\/logo\\\/image\\\/\",\"url\":\"https:\\\/\\\/gradido.net\\\/wp-content\\\/uploads\\\/2022\\\/04\\\/gradido-social.jpg\",\"contentUrl\":\"https:\\\/\\\/gradido.net\\\/wp-content\\\/uploads\\\/2022\\\/04\\\/gradido-social.jpg\",\"width\":527,\"height\":273,\"caption\":\"Gradido\"},\"image\":{\"@id\":\"https:\\\/\\\/gradido.net\\\/de\\\/#\\\/schema\\\/logo\\\/image\\\/\"}},{\"@type\":\"Person\",\"@id\":\"https:\\\/\\\/gradido.net\\\/de\\\/#\\\/schema\\\/person\\\/9c503a004ad15a1ddecadce2218db5d1\",\"name\":\"Bernd H\u00fcckst\u00e4dt\",\"sameAs\":[\"https:\\\/\\\/gradido.net\"],\"url\":\"https:\\\/\\\/gradido.net\\\/de\\\/author\\\/bernd\\\/\"}]}<\/script>\n<!-- \/ Yoast SEO plugin. -->","yoast_head_json":{"title":"Gradido-Interview im \u201aWALNUSSblatt\u2018 - Gradido","description":"Das aktuelle Heft behandelt das gro\u00dfe Thema: \u00bbDer Weg zum Frieden: die Liebe\u00ab. Mit dem Titel \u201aGradido \u2013 die neue W\u00e4hrung hei\u00dft Dankbarkeit\u2018 bringt Pedro hier ein lesenswertes Interview mit Bernd \u00fcber die neue Ausrichtung und den aktuellen Stand von Gradido als elementares Friedenswerkzeug.","robots":{"index":"index","follow":"follow","max-snippet":"max-snippet:-1","max-image-preview":"max-image-preview:large","max-video-preview":"max-video-preview:-1"},"canonical":"https:\/\/gradido.net\/de\/gradido-interview-im-walnussblatt\/","og_locale":"de_DE","og_type":"article","og_title":"Gradido-Interview im \u201aWALNUSSblatt\u2018 - Gradido","og_description":"Das aktuelle Heft behandelt das gro\u00dfe Thema: \u00bbDer Weg zum Frieden: die Liebe\u00ab. Mit dem Titel \u201aGradido \u2013 die neue W\u00e4hrung hei\u00dft Dankbarkeit\u2018 bringt Pedro hier ein lesenswertes Interview mit Bernd \u00fcber die neue Ausrichtung und den aktuellen Stand von Gradido als elementares Friedenswerkzeug.","og_url":"https:\/\/gradido.net\/de\/gradido-interview-im-walnussblatt\/","og_site_name":"Gradido","article_published_time":"2022-05-15T14:05:23+00:00","article_modified_time":"2026-04-24T06:20:33+00:00","og_image":[{"width":1500,"height":1000,"url":"https:\/\/gradido.net\/wp-content\/uploads\/2022\/05\/Walnussblatt_Blog4.jpg","type":"image\/jpeg"}],"author":"Bernd H\u00fcckst\u00e4dt","twitter_card":"summary_large_image","twitter_misc":{"Verfasst von":"Bernd H\u00fcckst\u00e4dt","Gesch\u00e4tzte Lesezeit":"2\u00a0Minuten"},"schema":{"@context":"https:\/\/schema.org","@graph":[{"@type":"Article","@id":"https:\/\/gradido.net\/gradido-interview-im-walnussblatt\/#article","isPartOf":{"@id":"https:\/\/gradido.net\/gradido-interview-im-walnussblatt\/"},"author":{"name":"Bernd H\u00fcckst\u00e4dt","@id":"https:\/\/gradido.net\/de\/#\/schema\/person\/9c503a004ad15a1ddecadce2218db5d1"},"headline":"Gradido-Interview im \u201aWALNUSSblatt\u2018","datePublished":"2022-05-15T14:05:23+00:00","dateModified":"2026-04-24T06:20:33+00:00","mainEntityOfPage":{"@id":"https:\/\/gradido.net\/gradido-interview-im-walnussblatt\/"},"wordCount":297,"publisher":{"@id":"https:\/\/gradido.net\/de\/#organization"},"image":{"@id":"https:\/\/gradido.net\/gradido-interview-im-walnussblatt\/#primaryimage"},"thumbnailUrl":"https:\/\/gradido.net\/wp-content\/uploads\/2022\/05\/Walnussblatt_Blog4.jpg","keywords":["Bild oben"],"articleSection":["Blog","Community","Pressemitteilung","Psychologie"],"inLanguage":"de"},{"@type":"WebPage","@id":"https:\/\/gradido.net\/gradido-interview-im-walnussblatt\/","url":"https:\/\/gradido.net\/gradido-interview-im-walnussblatt\/","name":"Gradido-Interview im \u201aWALNUSSblatt\u2018 - Gradido","isPartOf":{"@id":"https:\/\/gradido.net\/de\/#website"},"primaryImageOfPage":{"@id":"https:\/\/gradido.net\/gradido-interview-im-walnussblatt\/#primaryimage"},"image":{"@id":"https:\/\/gradido.net\/gradido-interview-im-walnussblatt\/#primaryimage"},"thumbnailUrl":"https:\/\/gradido.net\/wp-content\/uploads\/2022\/05\/Walnussblatt_Blog4.jpg","datePublished":"2022-05-15T14:05:23+00:00","dateModified":"2026-04-24T06:20:33+00:00","description":"Das aktuelle Heft behandelt das gro\u00dfe Thema: \u00bbDer Weg zum Frieden: die Liebe\u00ab. Mit dem Titel \u201aGradido \u2013 die neue W\u00e4hrung hei\u00dft Dankbarkeit\u2018 bringt Pedro hier ein lesenswertes Interview mit Bernd \u00fcber die neue Ausrichtung und den aktuellen Stand von Gradido als elementares Friedenswerkzeug.","breadcrumb":{"@id":"https:\/\/gradido.net\/gradido-interview-im-walnussblatt\/#breadcrumb"},"inLanguage":"de","potentialAction":[{"@type":"ReadAction","target":["https:\/\/gradido.net\/gradido-interview-im-walnussblatt\/"]}]},{"@type":"ImageObject","inLanguage":"de","@id":"https:\/\/gradido.net\/gradido-interview-im-walnussblatt\/#primaryimage","url":"https:\/\/gradido.net\/wp-content\/uploads\/2022\/05\/Walnussblatt_Blog4.jpg","contentUrl":"https:\/\/gradido.net\/wp-content\/uploads\/2022\/05\/Walnussblatt_Blog4.jpg","width":1500,"height":1000},{"@type":"BreadcrumbList","@id":"https:\/\/gradido.net\/gradido-interview-im-walnussblatt\/#breadcrumb","itemListElement":[{"@type":"ListItem","position":1,"name":"Startseite","item":"https:\/\/gradido.net\/"},{"@type":"ListItem","position":2,"name":"Gradido-Interview im \u201aWALNUSSblatt\u2018"}]},{"@type":"WebSite","@id":"https:\/\/gradido.net\/de\/#website","url":"https:\/\/gradido.net\/de\/","name":"Gradido","description":"Die neue W\u00e4hrung hei\u00dft Dankbarkeit","publisher":{"@id":"https:\/\/gradido.net\/de\/#organization"},"potentialAction":[{"@type":"SearchAction","target":{"@type":"EntryPoint","urlTemplate":"https:\/\/gradido.net\/de\/?s={search_term_string}"},"query-input":{"@type":"PropertyValueSpecification","valueRequired":true,"valueName":"search_term_string"}}],"inLanguage":"de"},{"@type":"Organization","@id":"https:\/\/gradido.net\/de\/#organization","name":"Gradido","url":"https:\/\/gradido.net\/de\/","logo":{"@type":"ImageObject","inLanguage":"de","@id":"https:\/\/gradido.net\/de\/#\/schema\/logo\/image\/","url":"https:\/\/gradido.net\/wp-content\/uploads\/2022\/04\/gradido-social.jpg","contentUrl":"https:\/\/gradido.net\/wp-content\/uploads\/2022\/04\/gradido-social.jpg","width":527,"height":273,"caption":"Gradido"},"image":{"@id":"https:\/\/gradido.net\/de\/#\/schema\/logo\/image\/"}},{"@type":"Person","@id":"https:\/\/gradido.net\/de\/#\/schema\/person\/9c503a004ad15a1ddecadce2218db5d1","name":"Bernd H\u00fcckst\u00e4dt","sameAs":["https:\/\/gradido.net"],"url":"https:\/\/gradido.net\/de\/author\/bernd\/"}]}},"_links":{"self":[{"href":"https:\/\/gradido.net\/de\/wp-json\/wp\/v2\/posts\/4410","targetHints":{"allow":["GET"]}}],"collection":[{"href":"https:\/\/gradido.net\/de\/wp-json\/wp\/v2\/posts"}],"about":[{"href":"https:\/\/gradido.net\/de\/wp-json\/wp\/v2\/types\/post"}],"author":[{"embeddable":true,"href":"https:\/\/gradido.net\/de\/wp-json\/wp\/v2\/users\/2"}],"replies":[{"embeddable":true,"href":"https:\/\/gradido.net\/de\/wp-json\/wp\/v2\/comments?post=4410"}],"version-history":[{"count":19,"href":"https:\/\/gradido.net\/de\/wp-json\/wp\/v2\/posts\/4410\/revisions"}],"predecessor-version":[{"id":13610,"href":"https:\/\/gradido.net\/de\/wp-json\/wp\/v2\/posts\/4410\/revisions\/13610"}],"wp:featuredmedia":[{"embeddable":true,"href":"https:\/\/gradido.net\/de\/wp-json\/wp\/v2\/media\/4428"}],"wp:attachment":[{"href":"https:\/\/gradido.net\/de\/wp-json\/wp\/v2\/media?parent=4410"}],"wp:term":[{"taxonomy":"category","embeddable":true,"href":"https:\/\/gradido.net\/de\/wp-json\/wp\/v2\/categories?post=4410"},{"taxonomy":"post_tag","embeddable":true,"href":"https:\/\/gradido.net\/de\/wp-json\/wp\/v2\/tags?post=4410"}],"curies":[{"name":"wp","href":"https:\/\/api.w.org\/{rel}","templated":true}]}}