{"id":6017,"date":"2023-01-01T00:17:31","date_gmt":"2022-12-31T23:17:31","guid":{"rendered":"https:\/\/gradido.net\/?p=6017"},"modified":"2026-04-24T08:09:27","modified_gmt":"2026-04-24T06:09:27","slug":"gradido-konto-2023-neues-design-und-dezentrale-communities","status":"publish","type":"post","link":"https:\/\/gradido.net\/de\/gradido-konto-2023-neues-design-und-dezentrale-communities\/","title":{"rendered":"Gradido-Konto 2023: neues Design und dezentrale Communities"},"content":{"rendered":"\t\t<div data-elementor-type=\"wp-post\" data-elementor-id=\"6017\" class=\"elementor elementor-6017\" data-elementor-post-type=\"post\">\n\t\t\t\t\t\t<section class=\"elementor-section elementor-top-section elementor-element elementor-element-496e1d53 elementor-section-boxed elementor-section-height-default elementor-section-height-default\" data-id=\"496e1d53\" data-element_type=\"section\" data-e-type=\"section\">\n\t\t\t\t\t\t<div class=\"elementor-container elementor-column-gap-default\">\n\t\t\t\t\t<div class=\"elementor-column elementor-col-100 elementor-top-column elementor-element elementor-element-461d7be0\" data-id=\"461d7be0\" data-element_type=\"column\" data-e-type=\"column\">\n\t\t\t<div class=\"elementor-widget-wrap elementor-element-populated\">\n\t\t\t\t\t\t<div class=\"elementor-element elementor-element-cd9ebe2 elementor-widget elementor-widget-text-editor\" data-id=\"cd9ebe2\" data-element_type=\"widget\" data-e-type=\"widget\" data-widget_type=\"text-editor.default\">\n\t\t\t\t<div class=\"elementor-widget-container\">\n\t\t\t\t\t\t\t\t\t<p style=\"text-align: right;\"><em>\u00bbWir staunen \u00fcber die Sch\u00f6nheit eines Schmetterlings, aber erkennen die Ver\u00e4nderungen so selten an, durch die er gehen musste, um so sch\u00f6n zu werden.\u00ab<\/em><br \/><em>\u00a0<\/em><br \/><em>\u2014 Maya Angelou <br \/>US-amerikanische Schriftstellerin, Professorin und Menschenrechtlerin <br \/>1928 &#8211; 2014<\/em><\/p><p style=\"text-align: left;\">Liebe Leserin, lieber Leser,<\/p><p>bevor wir zu unserem heutigen wichtigen Thema kommen, erlaube uns bitte die Frage:<\/p><h4>&#8220;Bist Du eine Imago-Zelle&#8221;?<\/h4><p>Imago \u2013 Was???<br \/>Nun, wenn die Zeit der Raupe zu Ende geht, bilden sich \u2013 zun\u00e4chst vereinzelt \u2013 neuartige Zellen, die das Bild des lebensfrohen bunten Schmetterlings bereits in sich tragen. Man nennt sie \u201aImago-Zellen\u2018. Anf\u00e4nglich werden sie von den alten Raupenzellen heftigst bek\u00e4mpft. Doch mit der Zeit werden die Imago-Zellen immer mehr. Sie erkennen einander und verbinden sich. Sie schaffen Parallelstrukturen und machen es sich so sch\u00f6n wie es eben innerhalb einer Raupe m\u00f6glich ist. Dabei bringt jede Imago-Zelle ihre ganz besonderen F\u00e4higkeiten mit in die Gemeinschaft ein. Nach und nach werden die neuen Zell-Gemeinschaften gr\u00f6\u00dfer und zahlreicher. Wie die Pilze tauchen sie \u00fcberall auf und vernetzen sich zu einem Gro\u00dfen Ganzen, bis die alte Raupe nicht mehr da ist. Dann auf einmal schl\u00fcpft ein wundersch\u00f6ner Schmetterling aus der Puppe und erhebt sich mit Leichtigkeit und Freude in die L\u00fcfte.<\/p>\t\t\t\t\t\t\t\t<\/div>\n\t\t\t\t<\/div>\n\t\t\t\t<div class=\"elementor-element elementor-element-f16312a elementor-widget elementor-widget-image\" data-id=\"f16312a\" data-element_type=\"widget\" data-e-type=\"widget\" data-widget_type=\"image.default\">\n\t\t\t\t<div class=\"elementor-widget-container\">\n\t\t\t\t\t\t\t\t\t\t\t\t\t\t\t<img fetchpriority=\"high\" decoding=\"async\" width=\"1200\" height=\"288\" src=\"https:\/\/gradido.net\/wp-content\/uploads\/2022\/12\/Raupe-Schmetterling.jpg\" class=\"attachment-full size-full wp-image-6023\" alt=\"Metamorphose von der Raupe zum Schmetterling\" srcset=\"https:\/\/gradido.net\/wp-content\/uploads\/2022\/12\/Raupe-Schmetterling.jpg 1200w, https:\/\/gradido.net\/wp-content\/uploads\/2022\/12\/Raupe-Schmetterling-300x72.jpg 300w, https:\/\/gradido.net\/wp-content\/uploads\/2022\/12\/Raupe-Schmetterling-1024x246.jpg 1024w, https:\/\/gradido.net\/wp-content\/uploads\/2022\/12\/Raupe-Schmetterling-768x184.jpg 768w, https:\/\/gradido.net\/wp-content\/uploads\/2022\/12\/Raupe-Schmetterling-18x4.jpg 18w\" sizes=\"(max-width: 1200px) 100vw, 1200px\" \/>\t\t\t\t\t\t\t\t\t\t\t\t\t\t\t<\/div>\n\t\t\t\t<\/div>\n\t\t\t\t<div class=\"elementor-element elementor-element-17272f9 elementor-widget elementor-widget-text-editor\" data-id=\"17272f9\" data-element_type=\"widget\" data-e-type=\"widget\" data-widget_type=\"text-editor.default\">\n\t\t\t\t<div class=\"elementor-widget-container\">\n\t\t\t\t\t\t\t\t\t<p>Bist auch Du so eine Imago-Zelle? Ja? Dann wirst Du feststellen, dass Du immer mehr Menschen begegnest, die \u2013 ein jeder auf seine eigene Weise \u2013 an der Metamorphose des alten Raupen-Systems zu einer neuen Schmetterlings-Epoche der Menschheitsfamilie beitragen.<\/p><p><strong>Die neue Zeit wird gepr\u00e4gt sein von Wertsch\u00e4tzung, Dankbarkeit und liebevollem Miteinander \u2013 und dies unter ganz verschiedenartigen Menschen.<\/strong><\/p><p>Doch bis dahin sind noch viele Schritte zu gehen. Denn w\u00e4hrend da drau\u00dfen alles teurer und unsicherer wird, Milliarden-Gelder im Ausland verbrannt werden, das alte Schuldgeld-System mit immer lauterem Krachen zusammenbricht und die \u00fcblichen Verd\u00e4chtigen <a href=\"https:\/\/www.centerforhealthsecurity.org\/our-work\/exercises\/2022-catastrophic-contagion\/\" target=\"_blank\" rel=\"noopener\">die n\u00e4chste katastrophale Pandemie<\/a> proben \u2013 diesmal mit Fokus auf unsere Kinder(!) \u2013 stellt sich die bange Frage:<\/p><p><strong>Werden wir am Tag X, wenn Gradido weltweit gebraucht wird, gemeinsam bereit sein, um ein gerechtes und friedvolles Geld- und Wirtschaftssystem auf der Erde zu installieren \u2013 uns selbst, unseren Kindern und allen Kindern der Erde zuliebe?<\/strong>\u00a0<\/p><p>Oft sind es die leiseren Menschen, die still, flei\u00dfig und mit Herzblut die Grundlagen f\u00fcr gro\u00dfartige Entwicklungen schaffen. Unsere <a href=\"https:\/\/gradido.net\/team\/\">Entwickler<\/a> haben in den vergangenen Monaten gro\u00dfartige Vorarbeiten gemacht, die im Jahr 2023 zum Tragen kommen werden. F\u00fcr die Entwicklung w\u00e4hlen sie einerseits die aktuell sichersten Technologien, andererseits geben sie sich gr\u00f6\u00dfte M\u00fche, uns Anwendern die Bedienung so einfach und intuitiv wie nur m\u00f6glich zu machen. Vielleicht hast auch Du schon bemerkt, wie Du immer leichter zurecht kommst und den Support kaum noch brauchst?<\/p><p><strong>Wir Imago-Menschen sind viele und werden immer mehr. Nicht alle besch\u00e4ftigen sich mit der friedvollen Transformation des Finanzsystems, und noch wenige verstehen, dass dies der archimedische Punkt ist, an dem wir den Hebel ansetzen m\u00fcssen, um den Wandel \u2013 die Befreiung der Menschheitsfamilie \u2013 zu bewirken.<\/strong><\/p>\t\t\t\t\t\t\t\t<\/div>\n\t\t\t\t<\/div>\n\t\t\t\t<div class=\"elementor-element elementor-element-483438c elementor-widget elementor-widget-image\" data-id=\"483438c\" data-element_type=\"widget\" data-e-type=\"widget\" data-widget_type=\"image.default\">\n\t\t\t\t<div class=\"elementor-widget-container\">\n\t\t\t\t\t\t\t\t\t\t\t\t\t\t\t<img decoding=\"async\" width=\"1300\" height=\"600\" src=\"https:\/\/gradido.net\/wp-content\/uploads\/2022\/12\/Hebel_Archimedes.jpg\" class=\"attachment-full size-full wp-image-6033\" alt=\"\" srcset=\"https:\/\/gradido.net\/wp-content\/uploads\/2022\/12\/Hebel_Archimedes.jpg 1300w, https:\/\/gradido.net\/wp-content\/uploads\/2022\/12\/Hebel_Archimedes-300x138.jpg 300w, https:\/\/gradido.net\/wp-content\/uploads\/2022\/12\/Hebel_Archimedes-1024x473.jpg 1024w, https:\/\/gradido.net\/wp-content\/uploads\/2022\/12\/Hebel_Archimedes-768x354.jpg 768w, https:\/\/gradido.net\/wp-content\/uploads\/2022\/12\/Hebel_Archimedes-18x8.jpg 18w\" sizes=\"(max-width: 1300px) 100vw, 1300px\" \/>\t\t\t\t\t\t\t\t\t\t\t\t\t\t\t<\/div>\n\t\t\t\t<\/div>\n\t\t\t\t<div class=\"elementor-element elementor-element-b136aa9 elementor-widget elementor-widget-text-editor\" data-id=\"b136aa9\" data-element_type=\"widget\" data-e-type=\"widget\" data-widget_type=\"text-editor.default\">\n\t\t\t\t<div class=\"elementor-widget-container\">\n\t\t\t\t\t\t\t\t\t<p>Denn wer die Macht \u00fcber das Geld hat, hat die Macht. Oder anders ausgedr\u00fcckt:<\/p><p style=\"text-align: right;\"><strong><em>\u00bbGebt mir die Kontrolle \u00fcber die W\u00e4hrung einer Nation, und es ist mir gleichg\u00fcltig, wer die Gesetze macht!\u00ab<\/em><\/strong><\/p><p style=\"text-align: right;\"><em>\u2013 Mayer Amschel Rothschild<\/em><br \/><em>(1744 &#8211; 1812), deutscher Adliger und Bankier<\/em><\/p><p>Mit Gradido haben wir als Menschheitsfamilie das Werkzeug in der Hand, die Kontrolle \u00fcber das Geld zur\u00fcck zu erlangen, und Wohlstand und Frieden f\u00fcr alle zu schaffen \u2013 in Harmonie mit der Natur. Das beginnt mit der Geldsch\u00f6pfung durch jeden einzelnen Menschen in dezentral vernetzten Gemeinschaften, \u00fcber die Freiheit durch das selbst gesch\u00f6pfte Aktive Grundeinkommen, bis hin zu soziokratischen Entscheidungsstrukturen \u00fcber die Verwendung des \u00f6ffentlichen Haushalts und des Ausgleichs- und Umweltfonds.<\/p><p>Damit sich Gradido einfach verbreitet, darf es Spa\u00df machen. So wird es auch attraktiv f\u00fcr junge Menschen. Es darf ein leicht zu bedienendes spielerisches Werkzeug zur Entfaltung von Potenzial, Selbstbewusstsein und Sch\u00f6pferkraft werden.<\/p><p><strong>Daf\u00fcr erh\u00e4lt das Gradido-Konto ein modernes ansprechendes leichtes rundes Design, das so universell konzipiert ist, dass es auch noch die vielen zuk\u00fcnftigen Funktionen offen h\u00e4lt, die noch kommen werden.<\/strong><\/p><p>Urspr\u00fcnglich sollte es ein Weihnachtsgeschenk f\u00fcr die Gradido-Community werden. Nun d\u00fcrfen wir uns noch bis Mitte Januar gedulden und die Vorfreude bis dahin genie\u00dfen. \ud83d\ude0a<\/p><h3>Schauen wir, was unsere Programmierer im vergangenen Jahr erreicht haben<\/h3><p>Folgende Funktionen wurden 2022 entwickelt:<\/p><ol><li>Neue Startseite in responsivem Design (f\u00fcr Computer und Mobile geeignet)<\/li><li>Mehrsprachigkeit<\/li><li>F\u00fcnf Sprachen integriert, zwei weitere in Vorbereitung<\/li><li>Gradido-Link und QR-Code: einfach jedem Gradido senden<\/li><li>Automatisierte Links und QR-Codes f\u00fcr Startguthaben etc.<\/li><li>Gemeinwohl-Beitr\u00e4ge direkt im Konto eingeben<\/li><li>\u00dcber R\u00fcckfragen zu den Gemeinwohl-Beitr\u00e4gen mit den Nutzern in Dialog kommen<\/li><li>E-Mail-Benachrichtigungen beim Kommentieren und Best\u00e4tigen von Gemeinwohl-Beitr\u00e4gen<\/li><li>Viele weitere Verbesserungen<\/li><li>Vorbereitung der dezentralen Community-Server<\/li><li>Vorbereitung des neuen Designs<\/li><li>Automatische Tests<\/li><li>LogFiles, d.h. Protokollieren der meisten Aktionen, um eventuelle Fehler schnell nachvollziehen zu k\u00f6nnen<\/li><\/ol><p><span style=\"color: #ffffff;\">.<\/span><\/p><p>Die letzten beiden Punkte sind enorme Flei\u00dfarbeiten, von denen Du vermutlich stark profitiert hast, ohne es zu merken.<\/p><p><strong>Oder ist dir aufgefallen,<\/strong><\/p><ul><li>dass die Software bei all den vielen Upgrades zuverl\u00e4ssig weiterlief,<\/li><li>dass keine Hacker-Attacken sp\u00fcrbar wurden,<\/li><li>dass das Gradido-Konto praktisch immer online war,<\/li><li>dass Du Gradido \u00fcber Links (mit Begleittext) und QR-Codes ohne Probleme verschicken und empfangen konntest?<\/li><\/ul><p><span style=\"color: #ffffff;\">.<\/span><\/p><p>Um diese hohe Sicherheit zu gew\u00e4hrleisten, schreiben wir zu praktisch allen Funktionen gleichzeitig auch automatische Tests. Die aktuelle Testabdeckung liegt in den meisten Bereichen bei ca. 95%. Jede \u00c4nderung muss erst alle Tests durchlaufen, sonst kommt sie nicht in die Software hinein.<\/p><h2>Wir danken Euch von Herzen<\/h2><p>All dies haben wir unserer wundervollen Community, also Euch lieben Imago-Menschen, zu verdanken, die Ihr mit Euren gro\u00dfz\u00fcgigen F\u00f6rderbeitr\u00e4gen und Mitgliedschaften sicher gestellt habt, dass unsere Programmierer ihre wertvolle Arbeit leisten k\u00f6nnen. Wir sp\u00fcren, wie Ihr mit dem Herzen dabei seid. Ihr gebt uns die Gewissheit, gemeinsam auf dem richtigen Weg zu sein.<\/p><p>F\u00fcr Eure F\u00f6rderbeitr\u00e4ge danken wir Euch von Herzen mit dem Vielfachen an GradidoTransform. Wie Du sicher schon wei\u00dft, schreiben wir Dir f\u00fcr jeden Euro mindestens 15 GDT in Deinem Gradido-Konto gut. Ab 1.000 \u20ac sind es 16-fach und ab 10.000 \u20ac sogar 18-fach. GradidoTransform (GDT) sind Dankpunkte f\u00fcr die Zeit der Transformation. Im Gegensatz zum Gradido unterliegen sie nicht der Verg\u00e4nglichkeit. Sie dienen der Transformation und k\u00f6nnen sp\u00e4ter 1:1 in Gradido umgewandelt werden \u2013 ein wunderbares \u201aStartkapital\u2018 f\u00fcr die neue Zeit.<\/p><h3>Aktion \u201aDankbar M\u00e4rz 23\u2018 \u2013 Plus 23% GDT am 23.03.23<\/h3><p>Am 23. M\u00e4rz 2023 erh\u00f6hen wir alle GDT-Kontost\u00e4nde zus\u00e4tzlich um 23 %. Alle F\u00f6rderbeitr\u00e4ge, die bis zu diesem Tag um Mitternacht eingegangen sind, nehmen an der Aktion teil.<\/p><p>Mit diesem F\u00f6rderkonzept bedanken wir uns in besonders hohem Ma\u00dfe bei den wunderbaren Menschen, die Gradido bereits im aktuellen Projektstadium unterst\u00fctzen und damit ihr Vertrauen schenken.<\/p>\t\t\t\t\t\t\t\t<\/div>\n\t\t\t\t<\/div>\n\t\t\t\t<div class=\"elementor-element elementor-element-4408cdf elementor-align-center elementor-widget elementor-widget-button\" data-id=\"4408cdf\" data-element_type=\"widget\" data-e-type=\"widget\" data-widget_type=\"button.default\">\n\t\t\t\t<div class=\"elementor-widget-container\">\n\t\t\t\t\t\t\t\t\t<div class=\"elementor-button-wrapper\">\n\t\t\t\t\t<a class=\"elementor-button elementor-button-link elementor-size-sm\" href=\"\/donations\">\n\t\t\t\t\t\t<span class=\"elementor-button-content-wrapper\">\n\t\t\t\t\t\t\t\t\t<span class=\"elementor-button-text\">Jetzt f\u00f6rdern und vielfach GDT erhalten!<\/span>\n\t\t\t\t\t<\/span>\n\t\t\t\t\t<\/a>\n\t\t\t\t<\/div>\n\t\t\t\t\t\t\t\t<\/div>\n\t\t\t\t<\/div>\n\t\t\t\t<div class=\"elementor-element elementor-element-d74dfa0 elementor-widget elementor-widget-text-editor\" data-id=\"d74dfa0\" data-element_type=\"widget\" data-e-type=\"widget\" data-widget_type=\"text-editor.default\">\n\t\t\t\t<div class=\"elementor-widget-container\">\n\t\t\t\t\t\t\t\t\t<p><strong>Vieles deutet darauf hin, dass 2023 ein Schicksalsjahr wird. Jetzt ist es ist wichtig, dass wir zusammenhalten und alles Menschenm\u00f6gliche in Bewegung setzen, um uns und unseren Kindern eine lebenswerte Zukunft zu schaffen.<\/strong><\/p><h2>Was wirst Du ihnen sagen?<\/h2><p>Wenn Dich sp\u00e4ter die jungen Menschen fragen: &#8220;Warst auch Du damals eine Imago-Zelle? Hast Du mit den Dir zur Verf\u00fcgung stehenden Ressourcen zur friedvollen Transformation beigetragen? Oder hast Du lieber abgewartet, bis die anderen mit ihrer Arbeit fertig wurden?&#8221; \u2013 Was wirst Du ihnen sagen?<\/p><p>Wir w\u00fcnschen Dir, dass Du ihnen voller Freude in die Augen schauen und sagen kannst: &#8220;Ja, ich war damals so eine Imago-Zelle. Es war oft nicht leicht, aber ich bin stolz darauf, meinen Teil beigetragen zu haben, dass unsere sch\u00f6ne Erde nun wieder zu dem Paradies geworden ist, als das sie vermutlich einmal gedacht war. Und ich bin unendlich dankbar daf\u00fcr, dass wir jetzt als Menschheitsfamilie gemeinsam ein lebenswertes Leben f\u00fchren k\u00f6nnen \u2013 in Wohlstand, Frieden und Harmonie mit der Natur.&#8221;<\/p><p>Tausend Dank, weil Du bei uns bist und die lebenswerte Zukunft mit-erschaffst!<\/p><p>Dir und Deinen Lieben w\u00fcnschen wir ein wundervolles Jahr 2023<\/p><p>Deine<\/p><p><img decoding=\"async\" class=\"alignnone wp-image-4614 size-medium\" src=\"https:\/\/gradido.net\/wp-content\/uploads\/2022\/06\/MargretBernd_2022-300x74.png\" alt=\"\" width=\"300\" height=\"74\" srcset=\"https:\/\/gradido.net\/wp-content\/uploads\/2022\/06\/MargretBernd_2022-300x74.png 300w, https:\/\/gradido.net\/wp-content\/uploads\/2022\/06\/MargretBernd_2022-18x4.png 18w, https:\/\/gradido.net\/wp-content\/uploads\/2022\/06\/MargretBernd_2022.png 431w\" sizes=\"(max-width: 300px) 100vw, 300px\" \/><\/p><p>Margret Baier und Bernd H\u00fcckst\u00e4dt<br \/>Gradido-Gr\u00fcnder und Entwickler<\/p>\t\t\t\t\t\t\t\t<\/div>\n\t\t\t\t<\/div>\n\t\t\t\t\t<\/div>\n\t\t<\/div>\n\t\t\t\t\t<\/div>\n\t\t<\/section>\n\t\t\t\t<section class=\"elementor-section elementor-top-section elementor-element elementor-element-b5881ca elementor-section-boxed elementor-section-height-default elementor-section-height-default\" data-id=\"b5881ca\" data-element_type=\"section\" data-e-type=\"section\">\n\t\t\t\t\t\t<div class=\"elementor-container elementor-column-gap-default\">\n\t\t\t\t\t<div class=\"elementor-column elementor-col-100 elementor-top-column elementor-element elementor-element-838f41e\" data-id=\"838f41e\" data-element_type=\"column\" data-e-type=\"column\">\n\t\t\t<div class=\"elementor-widget-wrap elementor-element-populated\">\n\t\t\t\t\t\t<div class=\"elementor-element elementor-element-1b0e402 elementor-widget elementor-widget-global elementor-global-9341 elementor-widget-text-editor\" data-id=\"1b0e402\" data-element_type=\"widget\" data-e-type=\"widget\" data-widget_type=\"text-editor.default\">\n\t\t\t\t<div class=\"elementor-widget-container\">\n\t\t\t\t\t\t\t\t\t<p><strong>PS:\u00a0<span style=\"color: #ff6600;\"><a style=\"color: #ff6600;\" href=\"https:\/\/gradido.net\/donations\/\">Wegen der stetig wachsenden Bedeutung von Gradido wiederholen wir unsere Dankbarkeits-Aktion am 26.Juni 2026:<\/a>\u00a0<\/span><span style=\"color: #0000ff;\"><a style=\"color: #0000ff;\" href=\"https:\/\/gradido.net\/donations\/\">Zus\u00e4tzlich zu den vielfachen GradidoTransform f\u00fcr Deinen F\u00f6rderbeitrag erh\u00f6hen wir am 26.06.26 alle GDT-Kontost\u00e4nde um 26%. F\u00f6rdere jetzt auch Du und komme in den Genuss der vielfachen Menge GDT!<\/a><\/span><\/strong><\/p>\t\t\t\t\t\t\t\t<\/div>\n\t\t\t\t<\/div>\n\t\t\t\t\t<\/div>\n\t\t<\/div>\n\t\t\t\t\t<\/div>\n\t\t<\/section>\n\t\t\t\t<\/div>\n\t\t","protected":false},"excerpt":{"rendered":"<p>Oft sind es die leiseren Menschen, die still, flei\u00dfig und mit Herzblut die Grundlagen f\u00fcr historische Entwicklungen schaffen. Unsere Programmierer haben im vergangenen Jahr gro\u00dfartige Vorarbeiten gemacht, die 2023 zum Tragen kommen werden.<\/p>\n","protected":false},"author":2,"featured_media":6018,"comment_status":"closed","ping_status":"closed","sticky":false,"template":"","format":"standard","meta":{"footnotes":""},"categories":[11,55],"tags":[],"class_list":["post-6017","post","type-post","status-publish","format-standard","has-post-thumbnail","hentry","category-blog","category-gradido-konto"],"yoast_head":"<!-- This site is optimized with the Yoast SEO plugin v27.5 - https:\/\/yoast.com\/product\/yoast-seo-wordpress\/ -->\n<title>Gradido-Konto 2023: neues Design und dezentrale Communities - Gradido<\/title>\n<meta name=\"description\" content=\"Oft sind es die leiseren Menschen, die still, flei\u00dfig und mit Herzblut die Grundlagen f\u00fcr historische Entwicklungen schaffen. Unsere Programmierer haben im vergangenen Jahr gro\u00dfartige Vorarbeiten gemacht, die 2023 zum Tragen kommen werden.\" \/>\n<meta name=\"robots\" content=\"index, follow, max-snippet:-1, max-image-preview:large, max-video-preview:-1\" \/>\n<link rel=\"canonical\" href=\"https:\/\/gradido.net\/de\/gradido-konto-2023-neues-design-und-dezentrale-communities\/\" \/>\n<meta property=\"og:locale\" content=\"de_DE\" \/>\n<meta property=\"og:type\" content=\"article\" \/>\n<meta property=\"og:title\" content=\"Gradido-Konto 2023: neues Design und dezentrale Communities - Gradido\" \/>\n<meta property=\"og:description\" content=\"Oft sind es die leiseren Menschen, die still, flei\u00dfig und mit Herzblut die Grundlagen f\u00fcr historische Entwicklungen schaffen. Unsere Programmierer haben im vergangenen Jahr gro\u00dfartige Vorarbeiten gemacht, die 2023 zum Tragen kommen werden.\" \/>\n<meta property=\"og:url\" content=\"https:\/\/gradido.net\/de\/gradido-konto-2023-neues-design-und-dezentrale-communities\/\" \/>\n<meta property=\"og:site_name\" content=\"Gradido\" \/>\n<meta property=\"article:published_time\" content=\"2022-12-31T23:17:31+00:00\" \/>\n<meta property=\"article:modified_time\" content=\"2026-04-24T06:09:27+00:00\" \/>\n<meta property=\"og:image\" content=\"https:\/\/gradido.net\/wp-content\/uploads\/2022\/12\/Test_fertig_1920.jpg\" \/>\n\t<meta property=\"og:image:width\" content=\"1920\" \/>\n\t<meta property=\"og:image:height\" content=\"1067\" \/>\n\t<meta property=\"og:image:type\" content=\"image\/jpeg\" \/>\n<meta name=\"author\" content=\"Bernd H\u00fcckst\u00e4dt\" \/>\n<meta name=\"twitter:card\" content=\"summary_large_image\" \/>\n<meta name=\"twitter:label1\" content=\"Verfasst von\" \/>\n\t<meta name=\"twitter:data1\" content=\"Bernd H\u00fcckst\u00e4dt\" \/>\n\t<meta name=\"twitter:label2\" content=\"Gesch\u00e4tzte Lesezeit\" \/>\n\t<meta name=\"twitter:data2\" content=\"9\u00a0Minuten\" \/>\n<script type=\"application\/ld+json\" class=\"yoast-schema-graph\">{\"@context\":\"https:\\\/\\\/schema.org\",\"@graph\":[{\"@type\":\"Article\",\"@id\":\"https:\\\/\\\/gradido.net\\\/gradido-konto-2023-neues-design-und-dezentrale-communities\\\/#article\",\"isPartOf\":{\"@id\":\"https:\\\/\\\/gradido.net\\\/gradido-konto-2023-neues-design-und-dezentrale-communities\\\/\"},\"author\":{\"name\":\"Bernd H\u00fcckst\u00e4dt\",\"@id\":\"https:\\\/\\\/gradido.net\\\/de\\\/#\\\/schema\\\/person\\\/9c503a004ad15a1ddecadce2218db5d1\"},\"headline\":\"Gradido-Konto 2023: neues Design und dezentrale Communities\",\"datePublished\":\"2022-12-31T23:17:31+00:00\",\"dateModified\":\"2026-04-24T06:09:27+00:00\",\"mainEntityOfPage\":{\"@id\":\"https:\\\/\\\/gradido.net\\\/gradido-konto-2023-neues-design-und-dezentrale-communities\\\/\"},\"wordCount\":1390,\"publisher\":{\"@id\":\"https:\\\/\\\/gradido.net\\\/de\\\/#organization\"},\"image\":{\"@id\":\"https:\\\/\\\/gradido.net\\\/gradido-konto-2023-neues-design-und-dezentrale-communities\\\/#primaryimage\"},\"thumbnailUrl\":\"https:\\\/\\\/gradido.net\\\/wp-content\\\/uploads\\\/2022\\\/12\\\/Test_fertig_1920.jpg\",\"articleSection\":[\"Blog\",\"Gradido-Konto\"],\"inLanguage\":\"de\"},{\"@type\":\"WebPage\",\"@id\":\"https:\\\/\\\/gradido.net\\\/gradido-konto-2023-neues-design-und-dezentrale-communities\\\/\",\"url\":\"https:\\\/\\\/gradido.net\\\/gradido-konto-2023-neues-design-und-dezentrale-communities\\\/\",\"name\":\"Gradido-Konto 2023: neues Design und dezentrale Communities - Gradido\",\"isPartOf\":{\"@id\":\"https:\\\/\\\/gradido.net\\\/de\\\/#website\"},\"primaryImageOfPage\":{\"@id\":\"https:\\\/\\\/gradido.net\\\/gradido-konto-2023-neues-design-und-dezentrale-communities\\\/#primaryimage\"},\"image\":{\"@id\":\"https:\\\/\\\/gradido.net\\\/gradido-konto-2023-neues-design-und-dezentrale-communities\\\/#primaryimage\"},\"thumbnailUrl\":\"https:\\\/\\\/gradido.net\\\/wp-content\\\/uploads\\\/2022\\\/12\\\/Test_fertig_1920.jpg\",\"datePublished\":\"2022-12-31T23:17:31+00:00\",\"dateModified\":\"2026-04-24T06:09:27+00:00\",\"description\":\"Oft sind es die leiseren Menschen, die still, flei\u00dfig und mit Herzblut die Grundlagen f\u00fcr historische Entwicklungen schaffen. Unsere Programmierer haben im vergangenen Jahr gro\u00dfartige Vorarbeiten gemacht, die 2023 zum Tragen kommen werden.\",\"breadcrumb\":{\"@id\":\"https:\\\/\\\/gradido.net\\\/gradido-konto-2023-neues-design-und-dezentrale-communities\\\/#breadcrumb\"},\"inLanguage\":\"de\",\"potentialAction\":[{\"@type\":\"ReadAction\",\"target\":[\"https:\\\/\\\/gradido.net\\\/gradido-konto-2023-neues-design-und-dezentrale-communities\\\/\"]}]},{\"@type\":\"ImageObject\",\"inLanguage\":\"de\",\"@id\":\"https:\\\/\\\/gradido.net\\\/gradido-konto-2023-neues-design-und-dezentrale-communities\\\/#primaryimage\",\"url\":\"https:\\\/\\\/gradido.net\\\/wp-content\\\/uploads\\\/2022\\\/12\\\/Test_fertig_1920.jpg\",\"contentUrl\":\"https:\\\/\\\/gradido.net\\\/wp-content\\\/uploads\\\/2022\\\/12\\\/Test_fertig_1920.jpg\",\"width\":1920,\"height\":1067},{\"@type\":\"BreadcrumbList\",\"@id\":\"https:\\\/\\\/gradido.net\\\/gradido-konto-2023-neues-design-und-dezentrale-communities\\\/#breadcrumb\",\"itemListElement\":[{\"@type\":\"ListItem\",\"position\":1,\"name\":\"Startseite\",\"item\":\"https:\\\/\\\/gradido.net\\\/\"},{\"@type\":\"ListItem\",\"position\":2,\"name\":\"Gradido-Konto 2023: neues Design und dezentrale Communities\"}]},{\"@type\":\"WebSite\",\"@id\":\"https:\\\/\\\/gradido.net\\\/de\\\/#website\",\"url\":\"https:\\\/\\\/gradido.net\\\/de\\\/\",\"name\":\"Gradido\",\"description\":\"Die neue W\u00e4hrung hei\u00dft Dankbarkeit\",\"publisher\":{\"@id\":\"https:\\\/\\\/gradido.net\\\/de\\\/#organization\"},\"potentialAction\":[{\"@type\":\"SearchAction\",\"target\":{\"@type\":\"EntryPoint\",\"urlTemplate\":\"https:\\\/\\\/gradido.net\\\/de\\\/?s={search_term_string}\"},\"query-input\":{\"@type\":\"PropertyValueSpecification\",\"valueRequired\":true,\"valueName\":\"search_term_string\"}}],\"inLanguage\":\"de\"},{\"@type\":\"Organization\",\"@id\":\"https:\\\/\\\/gradido.net\\\/de\\\/#organization\",\"name\":\"Gradido\",\"url\":\"https:\\\/\\\/gradido.net\\\/de\\\/\",\"logo\":{\"@type\":\"ImageObject\",\"inLanguage\":\"de\",\"@id\":\"https:\\\/\\\/gradido.net\\\/de\\\/#\\\/schema\\\/logo\\\/image\\\/\",\"url\":\"https:\\\/\\\/gradido.net\\\/wp-content\\\/uploads\\\/2022\\\/04\\\/gradido-social.jpg\",\"contentUrl\":\"https:\\\/\\\/gradido.net\\\/wp-content\\\/uploads\\\/2022\\\/04\\\/gradido-social.jpg\",\"width\":527,\"height\":273,\"caption\":\"Gradido\"},\"image\":{\"@id\":\"https:\\\/\\\/gradido.net\\\/de\\\/#\\\/schema\\\/logo\\\/image\\\/\"}},{\"@type\":\"Person\",\"@id\":\"https:\\\/\\\/gradido.net\\\/de\\\/#\\\/schema\\\/person\\\/9c503a004ad15a1ddecadce2218db5d1\",\"name\":\"Bernd H\u00fcckst\u00e4dt\",\"sameAs\":[\"https:\\\/\\\/gradido.net\"],\"url\":\"https:\\\/\\\/gradido.net\\\/de\\\/author\\\/bernd\\\/\"}]}<\/script>\n<!-- \/ Yoast SEO plugin. -->","yoast_head_json":{"title":"Gradido-Konto 2023: neues Design und dezentrale Communities - Gradido","description":"Oft sind es die leiseren Menschen, die still, flei\u00dfig und mit Herzblut die Grundlagen f\u00fcr historische Entwicklungen schaffen. Unsere Programmierer haben im vergangenen Jahr gro\u00dfartige Vorarbeiten gemacht, die 2023 zum Tragen kommen werden.","robots":{"index":"index","follow":"follow","max-snippet":"max-snippet:-1","max-image-preview":"max-image-preview:large","max-video-preview":"max-video-preview:-1"},"canonical":"https:\/\/gradido.net\/de\/gradido-konto-2023-neues-design-und-dezentrale-communities\/","og_locale":"de_DE","og_type":"article","og_title":"Gradido-Konto 2023: neues Design und dezentrale Communities - Gradido","og_description":"Oft sind es die leiseren Menschen, die still, flei\u00dfig und mit Herzblut die Grundlagen f\u00fcr historische Entwicklungen schaffen. Unsere Programmierer haben im vergangenen Jahr gro\u00dfartige Vorarbeiten gemacht, die 2023 zum Tragen kommen werden.","og_url":"https:\/\/gradido.net\/de\/gradido-konto-2023-neues-design-und-dezentrale-communities\/","og_site_name":"Gradido","article_published_time":"2022-12-31T23:17:31+00:00","article_modified_time":"2026-04-24T06:09:27+00:00","og_image":[{"width":1920,"height":1067,"url":"https:\/\/gradido.net\/wp-content\/uploads\/2022\/12\/Test_fertig_1920.jpg","type":"image\/jpeg"}],"author":"Bernd H\u00fcckst\u00e4dt","twitter_card":"summary_large_image","twitter_misc":{"Verfasst von":"Bernd H\u00fcckst\u00e4dt","Gesch\u00e4tzte Lesezeit":"9\u00a0Minuten"},"schema":{"@context":"https:\/\/schema.org","@graph":[{"@type":"Article","@id":"https:\/\/gradido.net\/gradido-konto-2023-neues-design-und-dezentrale-communities\/#article","isPartOf":{"@id":"https:\/\/gradido.net\/gradido-konto-2023-neues-design-und-dezentrale-communities\/"},"author":{"name":"Bernd H\u00fcckst\u00e4dt","@id":"https:\/\/gradido.net\/de\/#\/schema\/person\/9c503a004ad15a1ddecadce2218db5d1"},"headline":"Gradido-Konto 2023: neues Design und dezentrale Communities","datePublished":"2022-12-31T23:17:31+00:00","dateModified":"2026-04-24T06:09:27+00:00","mainEntityOfPage":{"@id":"https:\/\/gradido.net\/gradido-konto-2023-neues-design-und-dezentrale-communities\/"},"wordCount":1390,"publisher":{"@id":"https:\/\/gradido.net\/de\/#organization"},"image":{"@id":"https:\/\/gradido.net\/gradido-konto-2023-neues-design-und-dezentrale-communities\/#primaryimage"},"thumbnailUrl":"https:\/\/gradido.net\/wp-content\/uploads\/2022\/12\/Test_fertig_1920.jpg","articleSection":["Blog","Gradido-Konto"],"inLanguage":"de"},{"@type":"WebPage","@id":"https:\/\/gradido.net\/gradido-konto-2023-neues-design-und-dezentrale-communities\/","url":"https:\/\/gradido.net\/gradido-konto-2023-neues-design-und-dezentrale-communities\/","name":"Gradido-Konto 2023: neues Design und dezentrale Communities - Gradido","isPartOf":{"@id":"https:\/\/gradido.net\/de\/#website"},"primaryImageOfPage":{"@id":"https:\/\/gradido.net\/gradido-konto-2023-neues-design-und-dezentrale-communities\/#primaryimage"},"image":{"@id":"https:\/\/gradido.net\/gradido-konto-2023-neues-design-und-dezentrale-communities\/#primaryimage"},"thumbnailUrl":"https:\/\/gradido.net\/wp-content\/uploads\/2022\/12\/Test_fertig_1920.jpg","datePublished":"2022-12-31T23:17:31+00:00","dateModified":"2026-04-24T06:09:27+00:00","description":"Oft sind es die leiseren Menschen, die still, flei\u00dfig und mit Herzblut die Grundlagen f\u00fcr historische Entwicklungen schaffen. Unsere Programmierer haben im vergangenen Jahr gro\u00dfartige Vorarbeiten gemacht, die 2023 zum Tragen kommen werden.","breadcrumb":{"@id":"https:\/\/gradido.net\/gradido-konto-2023-neues-design-und-dezentrale-communities\/#breadcrumb"},"inLanguage":"de","potentialAction":[{"@type":"ReadAction","target":["https:\/\/gradido.net\/gradido-konto-2023-neues-design-und-dezentrale-communities\/"]}]},{"@type":"ImageObject","inLanguage":"de","@id":"https:\/\/gradido.net\/gradido-konto-2023-neues-design-und-dezentrale-communities\/#primaryimage","url":"https:\/\/gradido.net\/wp-content\/uploads\/2022\/12\/Test_fertig_1920.jpg","contentUrl":"https:\/\/gradido.net\/wp-content\/uploads\/2022\/12\/Test_fertig_1920.jpg","width":1920,"height":1067},{"@type":"BreadcrumbList","@id":"https:\/\/gradido.net\/gradido-konto-2023-neues-design-und-dezentrale-communities\/#breadcrumb","itemListElement":[{"@type":"ListItem","position":1,"name":"Startseite","item":"https:\/\/gradido.net\/"},{"@type":"ListItem","position":2,"name":"Gradido-Konto 2023: neues Design und dezentrale Communities"}]},{"@type":"WebSite","@id":"https:\/\/gradido.net\/de\/#website","url":"https:\/\/gradido.net\/de\/","name":"Gradido","description":"Die neue W\u00e4hrung hei\u00dft Dankbarkeit","publisher":{"@id":"https:\/\/gradido.net\/de\/#organization"},"potentialAction":[{"@type":"SearchAction","target":{"@type":"EntryPoint","urlTemplate":"https:\/\/gradido.net\/de\/?s={search_term_string}"},"query-input":{"@type":"PropertyValueSpecification","valueRequired":true,"valueName":"search_term_string"}}],"inLanguage":"de"},{"@type":"Organization","@id":"https:\/\/gradido.net\/de\/#organization","name":"Gradido","url":"https:\/\/gradido.net\/de\/","logo":{"@type":"ImageObject","inLanguage":"de","@id":"https:\/\/gradido.net\/de\/#\/schema\/logo\/image\/","url":"https:\/\/gradido.net\/wp-content\/uploads\/2022\/04\/gradido-social.jpg","contentUrl":"https:\/\/gradido.net\/wp-content\/uploads\/2022\/04\/gradido-social.jpg","width":527,"height":273,"caption":"Gradido"},"image":{"@id":"https:\/\/gradido.net\/de\/#\/schema\/logo\/image\/"}},{"@type":"Person","@id":"https:\/\/gradido.net\/de\/#\/schema\/person\/9c503a004ad15a1ddecadce2218db5d1","name":"Bernd H\u00fcckst\u00e4dt","sameAs":["https:\/\/gradido.net"],"url":"https:\/\/gradido.net\/de\/author\/bernd\/"}]}},"_links":{"self":[{"href":"https:\/\/gradido.net\/de\/wp-json\/wp\/v2\/posts\/6017","targetHints":{"allow":["GET"]}}],"collection":[{"href":"https:\/\/gradido.net\/de\/wp-json\/wp\/v2\/posts"}],"about":[{"href":"https:\/\/gradido.net\/de\/wp-json\/wp\/v2\/types\/post"}],"author":[{"embeddable":true,"href":"https:\/\/gradido.net\/de\/wp-json\/wp\/v2\/users\/2"}],"replies":[{"embeddable":true,"href":"https:\/\/gradido.net\/de\/wp-json\/wp\/v2\/comments?post=6017"}],"version-history":[{"count":76,"href":"https:\/\/gradido.net\/de\/wp-json\/wp\/v2\/posts\/6017\/revisions"}],"predecessor-version":[{"id":13598,"href":"https:\/\/gradido.net\/de\/wp-json\/wp\/v2\/posts\/6017\/revisions\/13598"}],"wp:featuredmedia":[{"embeddable":true,"href":"https:\/\/gradido.net\/de\/wp-json\/wp\/v2\/media\/6018"}],"wp:attachment":[{"href":"https:\/\/gradido.net\/de\/wp-json\/wp\/v2\/media?parent=6017"}],"wp:term":[{"taxonomy":"category","embeddable":true,"href":"https:\/\/gradido.net\/de\/wp-json\/wp\/v2\/categories?post=6017"},{"taxonomy":"post_tag","embeddable":true,"href":"https:\/\/gradido.net\/de\/wp-json\/wp\/v2\/tags?post=6017"}],"curies":[{"name":"wp","href":"https:\/\/api.w.org\/{rel}","templated":true}]}}