{"id":6619,"date":"2023-05-05T09:10:20","date_gmt":"2023-05-05T07:10:20","guid":{"rendered":"https:\/\/gradido.net\/?p=6619"},"modified":"2026-04-24T08:07:14","modified_gmt":"2026-04-24T06:07:14","slug":"gradidocafe","status":"publish","type":"post","link":"https:\/\/gradido.net\/de\/gradidocafe\/","title":{"rendered":"GradidoCaf\u00e9"},"content":{"rendered":"\t\t<div data-elementor-type=\"wp-post\" data-elementor-id=\"6619\" class=\"elementor elementor-6619\" data-elementor-post-type=\"post\">\n\t\t\t\t\t\t<section class=\"elementor-section elementor-top-section elementor-element elementor-element-496e1d53 elementor-section-boxed elementor-section-height-default elementor-section-height-default\" data-id=\"496e1d53\" data-element_type=\"section\" data-e-type=\"section\">\n\t\t\t\t\t\t<div class=\"elementor-container elementor-column-gap-default\">\n\t\t\t\t\t<div class=\"elementor-column elementor-col-100 elementor-top-column elementor-element elementor-element-461d7be0\" data-id=\"461d7be0\" data-element_type=\"column\" data-e-type=\"column\">\n\t\t\t<div class=\"elementor-widget-wrap elementor-element-populated\">\n\t\t\t\t\t\t<div class=\"elementor-element elementor-element-cd9ebe2 elementor-widget elementor-widget-text-editor\" data-id=\"cd9ebe2\" data-element_type=\"widget\" data-e-type=\"widget\" data-widget_type=\"text-editor.default\">\n\t\t\t\t<div class=\"elementor-widget-container\">\n\t\t\t\t\t\t\t\t\t<p style=\"text-align: right;\"><em>\u00bbWo Kaffee serviert wird, da ist Anmut, Freundschaft und Fr\u00f6hlichkeit!\u00ab<br \/>Ansari Djerzeri Hanball Abd-al-Kadir<br \/>Arabischer Scheich (<\/em><em style=\"background-color: var( --e-global-color-1939326 ); color: var( --e-global-color-text );\">16. Jhdt.)<\/em><\/p><p style=\"text-align: left;\">Liebe Leserin, lieber Leser,<br \/>gehst auch Du gerne mit Freunden aus, z.B. in ein Restaurant, einen Biergarten oder ein Caf\u00e9? Wie w\u00e4re es, am Ende mit Gradido oder DankBar danken zu k\u00f6nnen? Das ist die Idee der GradidoCaf\u00e9s.<\/p><p>In diesem kurzen Video zeigt Dir Bernd, wie es geht:<\/p>\t\t\t\t\t\t\t\t<\/div>\n\t\t\t\t<\/div>\n\t\t\t\t<div class=\"elementor-element elementor-element-8db244e elementor-widget elementor-widget-video\" data-id=\"8db244e\" data-element_type=\"widget\" data-e-type=\"widget\" data-settings=\"{&quot;video_type&quot;:&quot;vimeo&quot;}\" data-widget_type=\"video.default\">\n\t\t\t\t<div class=\"elementor-widget-container\">\n\t\t\t\t\t\t\t<div class=\"elementor-wrapper elementor-open-inline\">\n\t\t\t<iframe hcb-fetch-image-from=\"https:\/\/vimeo.com\/823667790\" class=\"elementor-video-iframe\" allowfullscreen allow=\"clipboard-write\" title=\"vimeo Video-Abspielger\u00e4t\" src=\"https:\/\/player.vimeo.com\/video\/823667790?color&amp;autopause=0&amp;loop=0&amp;muted=0&amp;title=1&amp;portrait=1&amp;byline=1#t=\"><\/iframe>\t\t<\/div>\n\t\t\t\t\t\t<\/div>\n\t\t\t\t<\/div>\n\t\t\t\t<div class=\"elementor-element elementor-element-b347260 elementor-widget elementor-widget-text-editor\" data-id=\"b347260\" data-element_type=\"widget\" data-e-type=\"widget\" data-widget_type=\"text-editor.default\">\n\t\t\t\t<div class=\"elementor-widget-container\">\n\t\t\t\t\t\t\t\t\t<p style=\"text-align: center;\"><a href=\"https:\/\/vimeo.com\/823667790\" target=\"_blank\" rel=\"noopener\">Auf Vimeo ansehen<\/a><\/p><p>Gemeinsam essen, trinken, feiern und gro\u00dfartige Gespr\u00e4che mit Gleichgesinnten: das sind GradidoCaf\u00e9s.<\/p><p>Weitere Informationen \u00fcber den <a href=\"https:\/\/gradido.net\/der-dankbar-kommt-gradido-in-scheinen\/\">DankBar<\/a>, <a href=\"https:\/\/gradido.net\/dankschecks-selbst-gestalten\/\">Dankschecks<\/a> und <a href=\"https:\/\/gradido.net\/live-gradido-senden-von-mensch-zu-mensch-mit-qr-code\/\">Gradido-Konto<\/a> hier im <a href=\"https:\/\/gradido.net\/blog\/\">Gradido-Blog<\/a>.<\/p>\t\t\t\t\t\t\t\t<\/div>\n\t\t\t\t<\/div>\n\t\t\t\t<div class=\"elementor-element elementor-element-d74dfa0 elementor-widget elementor-widget-text-editor\" data-id=\"d74dfa0\" data-element_type=\"widget\" data-e-type=\"widget\" data-widget_type=\"text-editor.default\">\n\t\t\t\t<div class=\"elementor-widget-container\">\n\t\t\t\t\t\t\t\t\t<div data-pm-slice=\"1 1 []\" data-en-clipboard=\"true\">Gemeinsam \u2013 mit Freude und Begeisterung \u2013 bringen wir Gradido in die Welt!<br \/><br \/>Liebe Gr\u00fc\u00dfe<\/div><p>Deine<\/p><p><img decoding=\"async\" class=\"alignnone wp-image-4614 size-medium\" src=\"https:\/\/gradido.net\/wp-content\/uploads\/2022\/06\/MargretBernd_2022-300x74.png\" alt=\"\" width=\"300\" height=\"74\" srcset=\"https:\/\/gradido.net\/wp-content\/uploads\/2022\/06\/MargretBernd_2022-300x74.png 300w, https:\/\/gradido.net\/wp-content\/uploads\/2022\/06\/MargretBernd_2022-18x4.png 18w, https:\/\/gradido.net\/wp-content\/uploads\/2022\/06\/MargretBernd_2022.png 431w\" sizes=\"(max-width: 300px) 100vw, 300px\" \/><\/p><p>Margret Baier und Bernd H\u00fcckst\u00e4dt<br \/>Gradido-Gr\u00fcnder und Entwickler<\/p>\t\t\t\t\t\t\t\t<\/div>\n\t\t\t\t<\/div>\n\t\t\t\t\t<\/div>\n\t\t<\/div>\n\t\t\t\t\t<\/div>\n\t\t<\/section>\n\t\t\t\t<section class=\"elementor-section elementor-top-section elementor-element elementor-element-14532fe elementor-section-boxed elementor-section-height-default elementor-section-height-default\" data-id=\"14532fe\" data-element_type=\"section\" data-e-type=\"section\">\n\t\t\t\t\t\t<div class=\"elementor-container elementor-column-gap-default\">\n\t\t\t\t\t<div class=\"elementor-column elementor-col-100 elementor-top-column elementor-element elementor-element-65d2298\" data-id=\"65d2298\" data-element_type=\"column\" data-e-type=\"column\">\n\t\t\t<div class=\"elementor-widget-wrap elementor-element-populated\">\n\t\t\t\t\t\t<div class=\"elementor-element elementor-element-fe8ca65 elementor-widget elementor-widget-global elementor-global-9341 elementor-widget-text-editor\" data-id=\"fe8ca65\" data-element_type=\"widget\" data-e-type=\"widget\" data-widget_type=\"text-editor.default\">\n\t\t\t\t<div class=\"elementor-widget-container\">\n\t\t\t\t\t\t\t\t\t<p><strong>PS:\u00a0<span style=\"color: #ff6600;\"><a style=\"color: #ff6600;\" href=\"https:\/\/gradido.net\/donations\/\">Wegen der stetig wachsenden Bedeutung von Gradido wiederholen wir unsere Dankbarkeits-Aktion am 26.Juni 2026:<\/a>\u00a0<\/span><span style=\"color: #0000ff;\"><a style=\"color: #0000ff;\" href=\"https:\/\/gradido.net\/donations\/\">Zus\u00e4tzlich zu den vielfachen GradidoTransform f\u00fcr Deinen F\u00f6rderbeitrag erh\u00f6hen wir am 26.06.26 alle GDT-Kontost\u00e4nde um 26%. F\u00f6rdere jetzt auch Du und komme in den Genuss der vielfachen Menge GDT!<\/a><\/span><\/strong><\/p>\t\t\t\t\t\t\t\t<\/div>\n\t\t\t\t<\/div>\n\t\t\t\t\t<\/div>\n\t\t<\/div>\n\t\t\t\t\t<\/div>\n\t\t<\/section>\n\t\t\t\t<\/div>\n\t\t","protected":false},"excerpt":{"rendered":"<p>Gehst auch Du gerne mit Freunden aus, z.B. in ein Restaurant, einen Biergarten oder ein Caf\u00e9? Wie w\u00e4re es, am Ende mit Gradido oder DankBar danken zu k\u00f6nnen? Das ist die Idee der GradidoCaf\u00e9s.<\/p>\n","protected":false},"author":2,"featured_media":6621,"comment_status":"closed","ping_status":"closed","sticky":false,"template":"","format":"standard","meta":{"footnotes":""},"categories":[11,54],"tags":[],"class_list":["post-6619","post","type-post","status-publish","format-standard","has-post-thumbnail","hentry","category-blog","category-community"],"yoast_head":"<!-- This site is optimized with the Yoast SEO plugin v27.5 - https:\/\/yoast.com\/product\/yoast-seo-wordpress\/ -->\n<title>GradidoCaf\u00e9 - Gradido<\/title>\n<meta name=\"description\" content=\"Gehst auch Du gerne mit Freunden aus, z.B. in ein Restaurant, einen Biergarten oder ein Caf\u00e9? Wie w\u00e4re es, am Ende mit Gradido oder DankBar danken zu k\u00f6nnen? Das ist die Idee der GradidoCaf\u00e9s.\" \/>\n<meta name=\"robots\" content=\"index, follow, max-snippet:-1, max-image-preview:large, max-video-preview:-1\" \/>\n<link rel=\"canonical\" href=\"https:\/\/gradido.net\/de\/gradidocafe\/\" \/>\n<meta property=\"og:locale\" content=\"de_DE\" \/>\n<meta property=\"og:type\" content=\"article\" \/>\n<meta property=\"og:title\" content=\"GradidoCaf\u00e9 - Gradido\" \/>\n<meta property=\"og:description\" content=\"Gehst auch Du gerne mit Freunden aus, z.B. in ein Restaurant, einen Biergarten oder ein Caf\u00e9? Wie w\u00e4re es, am Ende mit Gradido oder DankBar danken zu k\u00f6nnen? Das ist die Idee der GradidoCaf\u00e9s.\" \/>\n<meta property=\"og:url\" content=\"https:\/\/gradido.net\/de\/gradidocafe\/\" \/>\n<meta property=\"og:site_name\" content=\"Gradido\" \/>\n<meta property=\"article:published_time\" content=\"2023-05-05T07:10:20+00:00\" \/>\n<meta property=\"article:modified_time\" content=\"2026-04-24T06:07:14+00:00\" \/>\n<meta property=\"og:image\" content=\"https:\/\/gradido.net\/wp-content\/uploads\/2023\/05\/GradidoCafe\u0301_WP.jpg\" \/>\n\t<meta property=\"og:image:width\" content=\"1920\" \/>\n\t<meta property=\"og:image:height\" content=\"1080\" \/>\n\t<meta property=\"og:image:type\" content=\"image\/jpeg\" \/>\n<meta name=\"author\" content=\"Bernd H\u00fcckst\u00e4dt\" \/>\n<meta name=\"twitter:card\" content=\"summary_large_image\" \/>\n<meta name=\"twitter:label1\" content=\"Verfasst von\" \/>\n\t<meta name=\"twitter:data1\" content=\"Bernd H\u00fcckst\u00e4dt\" \/>\n\t<meta name=\"twitter:label2\" content=\"Gesch\u00e4tzte Lesezeit\" \/>\n\t<meta name=\"twitter:data2\" content=\"2\u00a0Minuten\" \/>\n<script type=\"application\/ld+json\" class=\"yoast-schema-graph\">{\"@context\":\"https:\\\/\\\/schema.org\",\"@graph\":[{\"@type\":\"Article\",\"@id\":\"https:\\\/\\\/gradido.net\\\/gradidocafe\\\/#article\",\"isPartOf\":{\"@id\":\"https:\\\/\\\/gradido.net\\\/gradidocafe\\\/\"},\"author\":{\"name\":\"Bernd H\u00fcckst\u00e4dt\",\"@id\":\"https:\\\/\\\/gradido.net\\\/de\\\/#\\\/schema\\\/person\\\/9c503a004ad15a1ddecadce2218db5d1\"},\"headline\":\"GradidoCaf\u00e9\",\"datePublished\":\"2023-05-05T07:10:20+00:00\",\"dateModified\":\"2026-04-24T06:07:14+00:00\",\"mainEntityOfPage\":{\"@id\":\"https:\\\/\\\/gradido.net\\\/gradidocafe\\\/\"},\"wordCount\":177,\"publisher\":{\"@id\":\"https:\\\/\\\/gradido.net\\\/de\\\/#organization\"},\"image\":{\"@id\":\"https:\\\/\\\/gradido.net\\\/gradidocafe\\\/#primaryimage\"},\"thumbnailUrl\":\"https:\\\/\\\/gradido.net\\\/wp-content\\\/uploads\\\/2023\\\/05\\\/GradidoCafe\u0301_WP.jpg\",\"articleSection\":[\"Blog\",\"Community\"],\"inLanguage\":\"de\"},{\"@type\":\"WebPage\",\"@id\":\"https:\\\/\\\/gradido.net\\\/gradidocafe\\\/\",\"url\":\"https:\\\/\\\/gradido.net\\\/gradidocafe\\\/\",\"name\":\"GradidoCaf\u00e9 - Gradido\",\"isPartOf\":{\"@id\":\"https:\\\/\\\/gradido.net\\\/de\\\/#website\"},\"primaryImageOfPage\":{\"@id\":\"https:\\\/\\\/gradido.net\\\/gradidocafe\\\/#primaryimage\"},\"image\":{\"@id\":\"https:\\\/\\\/gradido.net\\\/gradidocafe\\\/#primaryimage\"},\"thumbnailUrl\":\"https:\\\/\\\/gradido.net\\\/wp-content\\\/uploads\\\/2023\\\/05\\\/GradidoCafe\u0301_WP.jpg\",\"datePublished\":\"2023-05-05T07:10:20+00:00\",\"dateModified\":\"2026-04-24T06:07:14+00:00\",\"description\":\"Gehst auch Du gerne mit Freunden aus, z.B. in ein Restaurant, einen Biergarten oder ein Caf\u00e9? Wie w\u00e4re es, am Ende mit Gradido oder DankBar danken zu k\u00f6nnen? Das ist die Idee der GradidoCaf\u00e9s.\",\"breadcrumb\":{\"@id\":\"https:\\\/\\\/gradido.net\\\/gradidocafe\\\/#breadcrumb\"},\"inLanguage\":\"de\",\"potentialAction\":[{\"@type\":\"ReadAction\",\"target\":[\"https:\\\/\\\/gradido.net\\\/gradidocafe\\\/\"]}]},{\"@type\":\"ImageObject\",\"inLanguage\":\"de\",\"@id\":\"https:\\\/\\\/gradido.net\\\/gradidocafe\\\/#primaryimage\",\"url\":\"https:\\\/\\\/gradido.net\\\/wp-content\\\/uploads\\\/2023\\\/05\\\/GradidoCafe\u0301_WP.jpg\",\"contentUrl\":\"https:\\\/\\\/gradido.net\\\/wp-content\\\/uploads\\\/2023\\\/05\\\/GradidoCafe\u0301_WP.jpg\",\"width\":1920,\"height\":1080},{\"@type\":\"BreadcrumbList\",\"@id\":\"https:\\\/\\\/gradido.net\\\/gradidocafe\\\/#breadcrumb\",\"itemListElement\":[{\"@type\":\"ListItem\",\"position\":1,\"name\":\"Startseite\",\"item\":\"https:\\\/\\\/gradido.net\\\/\"},{\"@type\":\"ListItem\",\"position\":2,\"name\":\"GradidoCaf\u00e9\"}]},{\"@type\":\"WebSite\",\"@id\":\"https:\\\/\\\/gradido.net\\\/de\\\/#website\",\"url\":\"https:\\\/\\\/gradido.net\\\/de\\\/\",\"name\":\"Gradido\",\"description\":\"Die neue W\u00e4hrung hei\u00dft Dankbarkeit\",\"publisher\":{\"@id\":\"https:\\\/\\\/gradido.net\\\/de\\\/#organization\"},\"potentialAction\":[{\"@type\":\"SearchAction\",\"target\":{\"@type\":\"EntryPoint\",\"urlTemplate\":\"https:\\\/\\\/gradido.net\\\/de\\\/?s={search_term_string}\"},\"query-input\":{\"@type\":\"PropertyValueSpecification\",\"valueRequired\":true,\"valueName\":\"search_term_string\"}}],\"inLanguage\":\"de\"},{\"@type\":\"Organization\",\"@id\":\"https:\\\/\\\/gradido.net\\\/de\\\/#organization\",\"name\":\"Gradido\",\"url\":\"https:\\\/\\\/gradido.net\\\/de\\\/\",\"logo\":{\"@type\":\"ImageObject\",\"inLanguage\":\"de\",\"@id\":\"https:\\\/\\\/gradido.net\\\/de\\\/#\\\/schema\\\/logo\\\/image\\\/\",\"url\":\"https:\\\/\\\/gradido.net\\\/wp-content\\\/uploads\\\/2022\\\/04\\\/gradido-social.jpg\",\"contentUrl\":\"https:\\\/\\\/gradido.net\\\/wp-content\\\/uploads\\\/2022\\\/04\\\/gradido-social.jpg\",\"width\":527,\"height\":273,\"caption\":\"Gradido\"},\"image\":{\"@id\":\"https:\\\/\\\/gradido.net\\\/de\\\/#\\\/schema\\\/logo\\\/image\\\/\"}},{\"@type\":\"Person\",\"@id\":\"https:\\\/\\\/gradido.net\\\/de\\\/#\\\/schema\\\/person\\\/9c503a004ad15a1ddecadce2218db5d1\",\"name\":\"Bernd H\u00fcckst\u00e4dt\",\"sameAs\":[\"https:\\\/\\\/gradido.net\"],\"url\":\"https:\\\/\\\/gradido.net\\\/de\\\/author\\\/bernd\\\/\"}]}<\/script>\n<!-- \/ Yoast SEO plugin. -->","yoast_head_json":{"title":"GradidoCaf\u00e9 - Gradido","description":"Gehst auch Du gerne mit Freunden aus, z.B. in ein Restaurant, einen Biergarten oder ein Caf\u00e9? Wie w\u00e4re es, am Ende mit Gradido oder DankBar danken zu k\u00f6nnen? Das ist die Idee der GradidoCaf\u00e9s.","robots":{"index":"index","follow":"follow","max-snippet":"max-snippet:-1","max-image-preview":"max-image-preview:large","max-video-preview":"max-video-preview:-1"},"canonical":"https:\/\/gradido.net\/de\/gradidocafe\/","og_locale":"de_DE","og_type":"article","og_title":"GradidoCaf\u00e9 - Gradido","og_description":"Gehst auch Du gerne mit Freunden aus, z.B. in ein Restaurant, einen Biergarten oder ein Caf\u00e9? Wie w\u00e4re es, am Ende mit Gradido oder DankBar danken zu k\u00f6nnen? Das ist die Idee der GradidoCaf\u00e9s.","og_url":"https:\/\/gradido.net\/de\/gradidocafe\/","og_site_name":"Gradido","article_published_time":"2023-05-05T07:10:20+00:00","article_modified_time":"2026-04-24T06:07:14+00:00","og_image":[{"width":1920,"height":1080,"url":"https:\/\/gradido.net\/wp-content\/uploads\/2023\/05\/GradidoCafe\u0301_WP.jpg","type":"image\/jpeg"}],"author":"Bernd H\u00fcckst\u00e4dt","twitter_card":"summary_large_image","twitter_misc":{"Verfasst von":"Bernd H\u00fcckst\u00e4dt","Gesch\u00e4tzte Lesezeit":"2\u00a0Minuten"},"schema":{"@context":"https:\/\/schema.org","@graph":[{"@type":"Article","@id":"https:\/\/gradido.net\/gradidocafe\/#article","isPartOf":{"@id":"https:\/\/gradido.net\/gradidocafe\/"},"author":{"name":"Bernd H\u00fcckst\u00e4dt","@id":"https:\/\/gradido.net\/de\/#\/schema\/person\/9c503a004ad15a1ddecadce2218db5d1"},"headline":"GradidoCaf\u00e9","datePublished":"2023-05-05T07:10:20+00:00","dateModified":"2026-04-24T06:07:14+00:00","mainEntityOfPage":{"@id":"https:\/\/gradido.net\/gradidocafe\/"},"wordCount":177,"publisher":{"@id":"https:\/\/gradido.net\/de\/#organization"},"image":{"@id":"https:\/\/gradido.net\/gradidocafe\/#primaryimage"},"thumbnailUrl":"https:\/\/gradido.net\/wp-content\/uploads\/2023\/05\/GradidoCafe\u0301_WP.jpg","articleSection":["Blog","Community"],"inLanguage":"de"},{"@type":"WebPage","@id":"https:\/\/gradido.net\/gradidocafe\/","url":"https:\/\/gradido.net\/gradidocafe\/","name":"GradidoCaf\u00e9 - Gradido","isPartOf":{"@id":"https:\/\/gradido.net\/de\/#website"},"primaryImageOfPage":{"@id":"https:\/\/gradido.net\/gradidocafe\/#primaryimage"},"image":{"@id":"https:\/\/gradido.net\/gradidocafe\/#primaryimage"},"thumbnailUrl":"https:\/\/gradido.net\/wp-content\/uploads\/2023\/05\/GradidoCafe\u0301_WP.jpg","datePublished":"2023-05-05T07:10:20+00:00","dateModified":"2026-04-24T06:07:14+00:00","description":"Gehst auch Du gerne mit Freunden aus, z.B. in ein Restaurant, einen Biergarten oder ein Caf\u00e9? Wie w\u00e4re es, am Ende mit Gradido oder DankBar danken zu k\u00f6nnen? Das ist die Idee der GradidoCaf\u00e9s.","breadcrumb":{"@id":"https:\/\/gradido.net\/gradidocafe\/#breadcrumb"},"inLanguage":"de","potentialAction":[{"@type":"ReadAction","target":["https:\/\/gradido.net\/gradidocafe\/"]}]},{"@type":"ImageObject","inLanguage":"de","@id":"https:\/\/gradido.net\/gradidocafe\/#primaryimage","url":"https:\/\/gradido.net\/wp-content\/uploads\/2023\/05\/GradidoCafe\u0301_WP.jpg","contentUrl":"https:\/\/gradido.net\/wp-content\/uploads\/2023\/05\/GradidoCafe\u0301_WP.jpg","width":1920,"height":1080},{"@type":"BreadcrumbList","@id":"https:\/\/gradido.net\/gradidocafe\/#breadcrumb","itemListElement":[{"@type":"ListItem","position":1,"name":"Startseite","item":"https:\/\/gradido.net\/"},{"@type":"ListItem","position":2,"name":"GradidoCaf\u00e9"}]},{"@type":"WebSite","@id":"https:\/\/gradido.net\/de\/#website","url":"https:\/\/gradido.net\/de\/","name":"Gradido","description":"Die neue W\u00e4hrung hei\u00dft Dankbarkeit","publisher":{"@id":"https:\/\/gradido.net\/de\/#organization"},"potentialAction":[{"@type":"SearchAction","target":{"@type":"EntryPoint","urlTemplate":"https:\/\/gradido.net\/de\/?s={search_term_string}"},"query-input":{"@type":"PropertyValueSpecification","valueRequired":true,"valueName":"search_term_string"}}],"inLanguage":"de"},{"@type":"Organization","@id":"https:\/\/gradido.net\/de\/#organization","name":"Gradido","url":"https:\/\/gradido.net\/de\/","logo":{"@type":"ImageObject","inLanguage":"de","@id":"https:\/\/gradido.net\/de\/#\/schema\/logo\/image\/","url":"https:\/\/gradido.net\/wp-content\/uploads\/2022\/04\/gradido-social.jpg","contentUrl":"https:\/\/gradido.net\/wp-content\/uploads\/2022\/04\/gradido-social.jpg","width":527,"height":273,"caption":"Gradido"},"image":{"@id":"https:\/\/gradido.net\/de\/#\/schema\/logo\/image\/"}},{"@type":"Person","@id":"https:\/\/gradido.net\/de\/#\/schema\/person\/9c503a004ad15a1ddecadce2218db5d1","name":"Bernd H\u00fcckst\u00e4dt","sameAs":["https:\/\/gradido.net"],"url":"https:\/\/gradido.net\/de\/author\/bernd\/"}]}},"_links":{"self":[{"href":"https:\/\/gradido.net\/de\/wp-json\/wp\/v2\/posts\/6619","targetHints":{"allow":["GET"]}}],"collection":[{"href":"https:\/\/gradido.net\/de\/wp-json\/wp\/v2\/posts"}],"about":[{"href":"https:\/\/gradido.net\/de\/wp-json\/wp\/v2\/types\/post"}],"author":[{"embeddable":true,"href":"https:\/\/gradido.net\/de\/wp-json\/wp\/v2\/users\/2"}],"replies":[{"embeddable":true,"href":"https:\/\/gradido.net\/de\/wp-json\/wp\/v2\/comments?post=6619"}],"version-history":[{"count":23,"href":"https:\/\/gradido.net\/de\/wp-json\/wp\/v2\/posts\/6619\/revisions"}],"predecessor-version":[{"id":13593,"href":"https:\/\/gradido.net\/de\/wp-json\/wp\/v2\/posts\/6619\/revisions\/13593"}],"wp:featuredmedia":[{"embeddable":true,"href":"https:\/\/gradido.net\/de\/wp-json\/wp\/v2\/media\/6621"}],"wp:attachment":[{"href":"https:\/\/gradido.net\/de\/wp-json\/wp\/v2\/media?parent=6619"}],"wp:term":[{"taxonomy":"category","embeddable":true,"href":"https:\/\/gradido.net\/de\/wp-json\/wp\/v2\/categories?post=6619"},{"taxonomy":"post_tag","embeddable":true,"href":"https:\/\/gradido.net\/de\/wp-json\/wp\/v2\/tags?post=6619"}],"curies":[{"name":"wp","href":"https:\/\/api.w.org\/{rel}","templated":true}]}}