{"id":7157,"date":"2023-08-18T10:13:29","date_gmt":"2023-08-18T08:13:29","guid":{"rendered":"https:\/\/gradido.net\/?p=7157"},"modified":"2026-04-23T07:14:52","modified_gmt":"2026-04-23T05:14:52","slug":"lieblingsstadt-3-eine-familie-ein-projekt-und-eine-stadt-voller-moeglichkeiten","status":"publish","type":"post","link":"https:\/\/gradido.net\/de\/lieblingsstadt-3-eine-familie-ein-projekt-und-eine-stadt-voller-moeglichkeiten\/","title":{"rendered":"Lieblingsstadt 3 \u2013 Eine Familie, ein Projekt und eine Stadt voller M\u00f6glichkeiten"},"content":{"rendered":"\t\t<div data-elementor-type=\"wp-post\" data-elementor-id=\"7157\" class=\"elementor elementor-7157\" data-elementor-post-type=\"post\">\n\t\t\t\t\t\t<section class=\"elementor-section elementor-top-section elementor-element elementor-element-496e1d53 elementor-section-boxed elementor-section-height-default elementor-section-height-default\" data-id=\"496e1d53\" data-element_type=\"section\" data-e-type=\"section\">\n\t\t\t\t\t\t<div class=\"elementor-container elementor-column-gap-default\">\n\t\t\t\t\t<div class=\"elementor-column elementor-col-100 elementor-top-column elementor-element elementor-element-461d7be0\" data-id=\"461d7be0\" data-element_type=\"column\" data-e-type=\"column\">\n\t\t\t<div class=\"elementor-widget-wrap elementor-element-populated\">\n\t\t\t\t\t\t<div class=\"elementor-element elementor-element-cd9ebe2 elementor-widget elementor-widget-text-editor\" data-id=\"cd9ebe2\" data-element_type=\"widget\" data-e-type=\"widget\" data-widget_type=\"text-editor.default\">\n\t\t\t\t<div class=\"elementor-widget-container\">\n\t\t\t\t\t\t\t\t\t<p style=\"text-align: right;\"><em>\u00bb Das Gradido-Projekt bietet uns nicht nur finanzielle Entlastung, sondern auch gro\u00dfartige Aktivit\u00e4ten und M\u00f6glichkeiten, die f\u00fcr Geld nicht bezahlbar w\u00e4ren.\u00ab<\/em><\/p><p>Liebe Leserin, lieber Leser,<\/p><p>es ist ein sonniger Samstag Morgen im Neubaugebiet von Lieblingsstadt. Die junge Familie Frank genie\u00dft ihr gemeinsames Fr\u00fchst\u00fcck. Die Franks, das sind die Eltern Kerstin und Jannik sowie ihre drei Kinder, Mia, Maximilian und die kleine Luna. Max ist dieses Wochenende im Trainingscamp des Lieblingsst\u00e4dter Sportvereins und trainiert\u00a0 f\u00fcr die Basketball-Jugendmeisterschaft.<\/p>\t\t\t\t\t\t\t\t<\/div>\n\t\t\t\t<\/div>\n\t\t\t\t<div class=\"elementor-element elementor-element-b482206 elementor-widget elementor-widget-image\" data-id=\"b482206\" data-element_type=\"widget\" data-e-type=\"widget\" data-widget_type=\"image.default\">\n\t\t\t\t<div class=\"elementor-widget-container\">\n\t\t\t\t\t\t\t\t\t\t\t\t\t\t\t<img fetchpriority=\"high\" decoding=\"async\" width=\"800\" height=\"600\" src=\"https:\/\/gradido.net\/wp-content\/uploads\/2023\/08\/Max_Basketball_800.jpg\" class=\"attachment-large size-large wp-image-7161\" alt=\"\" srcset=\"https:\/\/gradido.net\/wp-content\/uploads\/2023\/08\/Max_Basketball_800.jpg 800w, https:\/\/gradido.net\/wp-content\/uploads\/2023\/08\/Max_Basketball_800-300x225.jpg 300w, https:\/\/gradido.net\/wp-content\/uploads\/2023\/08\/Max_Basketball_800-768x576.jpg 768w, https:\/\/gradido.net\/wp-content\/uploads\/2023\/08\/Max_Basketball_800-16x12.jpg 16w\" sizes=\"(max-width: 800px) 100vw, 800px\" \/>\t\t\t\t\t\t\t\t\t\t\t\t\t\t\t<\/div>\n\t\t\t\t<\/div>\n\t\t\t\t<div class=\"elementor-element elementor-element-c5e61d4 elementor-widget elementor-widget-text-editor\" data-id=\"c5e61d4\" data-element_type=\"widget\" data-e-type=\"widget\" data-widget_type=\"text-editor.default\">\n\t\t\t\t<div class=\"elementor-widget-container\">\n\t\t\t\t\t\t\t\t\t<p>Die Familie ist eng miteinander verbunden und teilt viele gemeinsame Interessen und Leidenschaften. Jannik hat eine gute Stelle als Maschinenbauingenieur. Kerstin ist eine talentierte Grafikdesignerin. Seit der Geburt von Luna \u00fcbt sie ihren Beruf nicht mehr aus. Dennoch will sie ihre F\u00e4higkeiten einsetzen und hilft verschiedenen ortsans\u00e4ssigen Vereinen, indem sie deren Webseiten und Drucksachen ehrenamtlich erstellt. Die freiwillige Arbeit macht ihr sehr viel Freude. Allerdings reicht das alleinige Einkommen von Jannik kaum aus, um die Familie zu versorgen und das Haus abzubezahlen.<\/p><p><br \/>Die Franks sind eine gl\u00fcckliche Familie, aber ihnen fehlt der finanzielle Spielraum f\u00fcr zus\u00e4tzlichen Luxus oder f\u00fcr einen Babysitter, um Kerstin bei ihrer ehrenamtlichen Arbeit zu entlasten. In dieser Situation h\u00f6rt Kerstin von einem aufregenden neuen Projekt namens \u201aGradido\u2018, das gerade in Lieblingsstadt eingef\u00fchrt wird. Das Projekt verg\u00fctet ehrenamtliche Arbeit mit sogenannten \u201aGradido-Dankpunkten\u2018. Kerstin erkennt, dass dies eine gro\u00dfartige M\u00f6glichkeit ist, ihre Arbeit wertzusch\u00e4tzen und gleichzeitig die Familie finanziell zu entlasten. Auch Jannik ist begeistert, denn als Jugendtrainer im Sportverein kann er ebenfalls Gradidos f\u00fcr seine ehrenamtliche T\u00e4tigkeit erhalten.\u00a0<\/p><p><br \/>Die Franks beschlie\u00dfen, mehr \u00fcber das Gradido-Projekt zu erfahren und besuchen eines der regelm\u00e4\u00dfigen Gradido-Caf\u00e9s im B\u00fcrgerhaus. Dort treffen sie andere Einwohner von Lieblingsstadt, die ebenfalls mit Gradidos f\u00fcr ihre ehrenamtliche Arbeit verg\u00fctet werden.<\/p>\t\t\t\t\t\t\t\t<\/div>\n\t\t\t\t<\/div>\n\t\t\t\t<div class=\"elementor-element elementor-element-e51c407 elementor-widget elementor-widget-image\" data-id=\"e51c407\" data-element_type=\"widget\" data-e-type=\"widget\" data-widget_type=\"image.default\">\n\t\t\t\t<div class=\"elementor-widget-container\">\n\t\t\t\t\t\t\t\t\t\t\t\t\t\t\t<img decoding=\"async\" width=\"800\" height=\"800\" src=\"https:\/\/gradido.net\/wp-content\/uploads\/2023\/08\/Cafe\u03012_800.jpg\" class=\"attachment-large size-large wp-image-7168\" alt=\"\" srcset=\"https:\/\/gradido.net\/wp-content\/uploads\/2023\/08\/Cafe\u03012_800.jpg 800w, https:\/\/gradido.net\/wp-content\/uploads\/2023\/08\/Cafe\u03012_800-300x300.jpg 300w, https:\/\/gradido.net\/wp-content\/uploads\/2023\/08\/Cafe\u03012_800-150x150.jpg 150w, https:\/\/gradido.net\/wp-content\/uploads\/2023\/08\/Cafe\u03012_800-768x768.jpg 768w, https:\/\/gradido.net\/wp-content\/uploads\/2023\/08\/Cafe\u03012_800-12x12.jpg 12w\" sizes=\"(max-width: 800px) 100vw, 800px\" \/>\t\t\t\t\t\t\t\t\t\t\t\t\t\t\t<\/div>\n\t\t\t\t<\/div>\n\t\t\t\t<div class=\"elementor-element elementor-element-06a4667 elementor-widget elementor-widget-text-editor\" data-id=\"06a4667\" data-element_type=\"widget\" data-e-type=\"widget\" data-widget_type=\"text-editor.default\">\n\t\t\t\t<div class=\"elementor-widget-container\">\n\t\t\t\t\t\t\t\t\t<p>Jung und alt kommen dort zusammen. Die Menschen sind total nett und freundlich. Voller Freude und Begeisterung\u00a0 sprechen sie miteinander \u00fcber ihre\u00a0 Angebote und Bed\u00fcrfnisse. Was der eine braucht, kann ein anderer. So kommt es zu einem regen Austausch. Ein lebendiger \u201cMarkt der M\u00f6glichkeiten\u201d entsteht, bei dem die Menschen nicht mit Geld bezahlen, sondern einander\u00a0 mit Gradido verg\u00fcten.<\/p>\t\t\t\t\t\t\t\t<\/div>\n\t\t\t\t<\/div>\n\t\t\t\t<div class=\"elementor-element elementor-element-f223bb6 elementor-widget elementor-widget-image\" data-id=\"f223bb6\" data-element_type=\"widget\" data-e-type=\"widget\" data-widget_type=\"image.default\">\n\t\t\t\t<div class=\"elementor-widget-container\">\n\t\t\t\t\t\t\t\t\t\t\t\t\t\t\t<img decoding=\"async\" width=\"800\" height=\"540\" src=\"https:\/\/gradido.net\/wp-content\/uploads\/2023\/08\/Monika_gross_800.jpg\" class=\"attachment-full size-full wp-image-7169\" alt=\"\" srcset=\"https:\/\/gradido.net\/wp-content\/uploads\/2023\/08\/Monika_gross_800.jpg 800w, https:\/\/gradido.net\/wp-content\/uploads\/2023\/08\/Monika_gross_800-300x203.jpg 300w, https:\/\/gradido.net\/wp-content\/uploads\/2023\/08\/Monika_gross_800-768x518.jpg 768w, https:\/\/gradido.net\/wp-content\/uploads\/2023\/08\/Monika_gross_800-18x12.jpg 18w\" sizes=\"(max-width: 800px) 100vw, 800px\" \/>\t\t\t\t\t\t\t\t\t\t\t\t\t\t\t<\/div>\n\t\t\t\t<\/div>\n\t\t\t\t<div class=\"elementor-element elementor-element-0499f3c elementor-widget elementor-widget-text-editor\" data-id=\"0499f3c\" data-element_type=\"widget\" data-e-type=\"widget\" data-widget_type=\"text-editor.default\">\n\t\t\t\t<div class=\"elementor-widget-container\">\n\t\t\t\t\t\t\t\t\t<p>Sie lernen Monika kennen, eine ehemalige Kinderg\u00e4rtnerin, die gerne mit Kindern zusammen ist. Monika bietet an, sich um die kleine Luna zu k\u00fcmmern, wenn Kerstin ihre ehrenamtliche Arbeit erledigt. Die Familie ist dankbar f\u00fcr Monika&#8217;s Hilfe. Dies erm\u00f6glicht es ihnen, sich wieder mehr ihren Leidenschaften und ehrenamtlichen T\u00e4tigkeiten zu widmen.<\/p><p><br \/>Max, der leidenschaftliche Basketballspieler, hat eine gro\u00dfartige Idee. Er schl\u00e4gt vor, dass die Jugendmannschaft des Sportvereins eine Wald-Reinigungsaktion durchf\u00fchrt, um der Natur etwas zur\u00fcckzugeben. Die Idee wird von der Mannschaft begeistert aufgenommen. F\u00fcr die Gradidos, die sie daf\u00fcr erhalten, bekommen sie allerlei Unterst\u00fctzung bei ihren Teamaktivit\u00e4ten und dem Ausbau ihres Sportheims.<\/p>\t\t\t\t\t\t\t\t<\/div>\n\t\t\t\t<\/div>\n\t\t\t\t<div class=\"elementor-element elementor-element-392458a elementor-widget elementor-widget-image\" data-id=\"392458a\" data-element_type=\"widget\" data-e-type=\"widget\" data-widget_type=\"image.default\">\n\t\t\t\t<div class=\"elementor-widget-container\">\n\t\t\t\t\t\t\t\t\t\t\t\t\t\t\t<img loading=\"lazy\" decoding=\"async\" width=\"800\" height=\"540\" src=\"https:\/\/gradido.net\/wp-content\/uploads\/2023\/08\/Waldreinigung_800.jpg\" class=\"attachment-large size-large wp-image-7182\" alt=\"\" srcset=\"https:\/\/gradido.net\/wp-content\/uploads\/2023\/08\/Waldreinigung_800.jpg 800w, https:\/\/gradido.net\/wp-content\/uploads\/2023\/08\/Waldreinigung_800-300x203.jpg 300w, https:\/\/gradido.net\/wp-content\/uploads\/2023\/08\/Waldreinigung_800-768x518.jpg 768w, https:\/\/gradido.net\/wp-content\/uploads\/2023\/08\/Waldreinigung_800-18x12.jpg 18w\" sizes=\"(max-width: 800px) 100vw, 800px\" \/>\t\t\t\t\t\t\t\t\t\t\t\t\t\t\t<\/div>\n\t\t\t\t<\/div>\n\t\t\t\t<div class=\"elementor-element elementor-element-8fcbf61 elementor-widget elementor-widget-text-editor\" data-id=\"8fcbf61\" data-element_type=\"widget\" data-e-type=\"widget\" data-widget_type=\"text-editor.default\">\n\t\t\t\t<div class=\"elementor-widget-container\">\n\t\t\t\t\t\t\t\t\t<p>Mia, die musikalische Tochter der Familie, lernt Martin kennen, einen pensionierten Musiklehrer. Martin bietet ihr Saxophonunterricht f\u00fcr Gradido an. Mia ist begeistert von der M\u00f6glichkeit, von einem erfahrenen Musiker zu lernen und ihr musikalisches Potenzial zu entfalten.<\/p>\t\t\t\t\t\t\t\t<\/div>\n\t\t\t\t<\/div>\n\t\t\t\t<div class=\"elementor-element elementor-element-84f7bbd elementor-widget elementor-widget-image\" data-id=\"84f7bbd\" data-element_type=\"widget\" data-e-type=\"widget\" data-widget_type=\"image.default\">\n\t\t\t\t<div class=\"elementor-widget-container\">\n\t\t\t\t\t\t\t\t\t\t\t\t\t\t\t<img loading=\"lazy\" decoding=\"async\" width=\"800\" height=\"540\" src=\"https:\/\/gradido.net\/wp-content\/uploads\/2023\/08\/Martin_Saxophon_800.jpg\" class=\"attachment-large size-large wp-image-7186\" alt=\"\" srcset=\"https:\/\/gradido.net\/wp-content\/uploads\/2023\/08\/Martin_Saxophon_800.jpg 800w, https:\/\/gradido.net\/wp-content\/uploads\/2023\/08\/Martin_Saxophon_800-300x203.jpg 300w, https:\/\/gradido.net\/wp-content\/uploads\/2023\/08\/Martin_Saxophon_800-768x518.jpg 768w, https:\/\/gradido.net\/wp-content\/uploads\/2023\/08\/Martin_Saxophon_800-18x12.jpg 18w\" sizes=\"(max-width: 800px) 100vw, 800px\" \/>\t\t\t\t\t\t\t\t\t\t\t\t\t\t\t<\/div>\n\t\t\t\t<\/div>\n\t\t\t\t<div class=\"elementor-element elementor-element-abb92cd elementor-widget elementor-widget-text-editor\" data-id=\"abb92cd\" data-element_type=\"widget\" data-e-type=\"widget\" data-widget_type=\"text-editor.default\">\n\t\t\t\t<div class=\"elementor-widget-container\">\n\t\t\t\t\t\t\t\t\t<p>Familie Frank erkennt, dass das Gradido-Projekt ihnen nicht nur finanzielle Entlastung bietet, sondern auch gro\u00dfartige Aktivit\u00e4ten und M\u00f6glichkeiten, die f\u00fcr Geld nicht bezahlbar w\u00e4ren. Die ehrenamtliche Arbeit und die Zusammenarbeit mit anderen Mitb\u00fcrgern st\u00e4rken das Gemeinschaftsgef\u00fchl und die Verbundenheit innerhalb und au\u00dferhalb der Familie.<\/p><p><br \/>Mit den Gradido-Dankpunkten k\u00f6nnen Kerstin und Jannik die Familie unterst\u00fctzen, ihren Leidenschaften nachgehen und ihre Kinder in ihren Interessen f\u00f6rdern. Sie sind dankbar f\u00fcr diese neue Perspektive, die es ihnen erm\u00f6glicht, ihr Leben mit Freude und Erf\u00fcllung zu gestalten.\u00a0<\/p><p><br \/><strong>Franks sind sich bewusst, dass sie durch das Gradido-Projekt nicht nur ihr pers\u00f6nliches Umfeld verbessern, sondern auch Teil einer positiven Ver\u00e4nderung in Lieblingsstadt sind.<\/strong><\/p>\t\t\t\t\t\t\t\t<\/div>\n\t\t\t\t<\/div>\n\t\t\t\t<div class=\"elementor-element elementor-element-e858257 elementor-widget-divider--view-line elementor-widget elementor-widget-divider\" data-id=\"e858257\" data-element_type=\"widget\" data-e-type=\"widget\" data-widget_type=\"divider.default\">\n\t\t\t\t<div class=\"elementor-widget-container\">\n\t\t\t\t\t\t\t<div class=\"elementor-divider\">\n\t\t\t<span class=\"elementor-divider-separator\">\n\t\t\t\t\t\t<\/span>\n\t\t<\/div>\n\t\t\t\t\t\t<\/div>\n\t\t\t\t<\/div>\n\t\t\t\t<div class=\"elementor-element elementor-element-d74dfa0 elementor-widget elementor-widget-text-editor\" data-id=\"d74dfa0\" data-element_type=\"widget\" data-e-type=\"widget\" data-widget_type=\"text-editor.default\">\n\t\t\t\t<div class=\"elementor-widget-container\">\n\t\t\t\t\t\t\t\t\t<div data-pm-slice=\"1 1 []\" data-en-clipboard=\"true\"><p>Dies ist nun bereits der dritte Beitrag unserer Serie <strong>&#8220;Gradido in Lieblingsstadt&#8221;. <\/strong>In Form inspirierender Geschichten erfahren wir, wie sich durch das Gradido-Modell die Lebensqualit\u00e4t der Menschen signifikant verbessert, die Stadt sicherer wird und sogar Firmen und das st\u00e4dtische Krankenhaus gerettet werden.<\/p><p>Leite diese Serie gerne an Deine Stadtverwaltung, Vereine und Gewerbetreibende\u00a0 weiter. Denn wenn wir jetzt nicht aktiv werden, wird der Abw\u00e4rtstrend weitergehen, die Wirtschaft an die Wand gefahren, der Mittelstand ausgeh\u00f6hlt und die Gemeinden unter der Schuldenlast zusammenbrechen.\u00a0<\/p><p>Mit Gradido haben wir ein wirksames Werkzeug zur positiven Lebensgestaltung in der Hand. Gemeinsam verwandeln wir unsere St\u00e4dte und Gemeinden zu lebendigen prosperierenden Oasen \u2013 zu unseren Lieblingspl\u00e4tzen!<\/p><p>Liebe Gr\u00fc\u00dfe<\/p><\/div><p>Deine<\/p><p><img loading=\"lazy\" decoding=\"async\" class=\"alignnone wp-image-4614 size-medium\" src=\"https:\/\/gradido.net\/wp-content\/uploads\/2022\/06\/MargretBernd_2022-300x74.png\" alt=\"\" width=\"300\" height=\"74\" srcset=\"https:\/\/gradido.net\/wp-content\/uploads\/2022\/06\/MargretBernd_2022-300x74.png 300w, https:\/\/gradido.net\/wp-content\/uploads\/2022\/06\/MargretBernd_2022-18x4.png 18w, https:\/\/gradido.net\/wp-content\/uploads\/2022\/06\/MargretBernd_2022.png 431w\" sizes=\"(max-width: 300px) 100vw, 300px\" \/><\/p><p>Margret Baier und Bernd H\u00fcckst\u00e4dt<br \/>Gradido-Gr\u00fcnder und Entwickler<\/p>\t\t\t\t\t\t\t\t<\/div>\n\t\t\t\t<\/div>\n\t\t\t\t\t<\/div>\n\t\t<\/div>\n\t\t\t\t\t<\/div>\n\t\t<\/section>\n\t\t\t\t<section class=\"elementor-section elementor-top-section elementor-element elementor-element-6b56539 elementor-section-boxed elementor-section-height-default elementor-section-height-default\" data-id=\"6b56539\" data-element_type=\"section\" data-e-type=\"section\">\n\t\t\t\t\t\t<div class=\"elementor-container elementor-column-gap-default\">\n\t\t\t\t\t<div class=\"elementor-column elementor-col-100 elementor-top-column elementor-element elementor-element-2ce5c91\" data-id=\"2ce5c91\" data-element_type=\"column\" data-e-type=\"column\">\n\t\t\t<div class=\"elementor-widget-wrap elementor-element-populated\">\n\t\t\t\t\t\t<div class=\"elementor-element elementor-element-9e94d8b elementor-position-inline-start white-links elementor-widget__width-initial elementor-view-default elementor-mobile-position-block-start elementor-widget elementor-widget-icon-box\" data-id=\"9e94d8b\" data-element_type=\"widget\" data-e-type=\"widget\" data-no-translation=\"\" data-widget_type=\"icon-box.default\">\n\t\t\t\t<div class=\"elementor-widget-container\">\n\t\t\t\t\t\t\t<div class=\"elementor-icon-box-wrapper\">\n\n\t\t\t\t\t\t<div class=\"elementor-icon-box-icon\">\n\t\t\t\t<a href=\"https:\/\/gradido.net\/wp-content\/uploads\/2023\/12\/Gradido_Wegbereiter_einer_neuen_Aera_2023-10-17.pdf\" target=\"_blank\" class=\"elementor-icon\" tabindex=\"-1\" aria-label=\"Lieblingsstadt komplett (alle Folgen)\">\n\t\t\t\t<i aria-hidden=\"true\" class=\"fas fa-file-pdf\"><\/i>\t\t\t\t<\/a>\n\t\t\t<\/div>\n\t\t\t\n\t\t\t\t\t\t<div class=\"elementor-icon-box-content\">\n\n\t\t\t\t\t\t\t\t\t<h4 class=\"elementor-icon-box-title\">\n\t\t\t\t\t\t<a href=\"https:\/\/gradido.net\/wp-content\/uploads\/2023\/12\/Gradido_Wegbereiter_einer_neuen_Aera_2023-10-17.pdf\" target=\"_blank\" >\n\t\t\t\t\t\t\tLieblingsstadt komplett (alle Folgen)\t\t\t\t\t\t<\/a>\n\t\t\t\t\t<\/h4>\n\t\t\t\t\n\t\t\t\t\t\t\t\t\t<p class=\"elementor-icon-box-description\">\n\t\t\t\t\t\tGradido \u2013 Wegbereiter einer neuen \u00c4ra im ehrenamtlichen Engagement\t\t\t\t\t<\/p>\n\t\t\t\t\n\t\t\t<\/div>\n\t\t\t\n\t\t<\/div>\n\t\t\t\t\t\t<\/div>\n\t\t\t\t<\/div>\n\t\t\t\t\t<\/div>\n\t\t<\/div>\n\t\t\t\t\t<\/div>\n\t\t<\/section>\n\t\t\t\t<section class=\"elementor-section elementor-top-section elementor-element elementor-element-14532fe elementor-section-boxed elementor-section-height-default elementor-section-height-default\" data-id=\"14532fe\" data-element_type=\"section\" data-e-type=\"section\">\n\t\t\t\t\t\t<div class=\"elementor-container elementor-column-gap-default\">\n\t\t\t\t\t<div class=\"elementor-column elementor-col-100 elementor-top-column elementor-element elementor-element-65d2298\" data-id=\"65d2298\" data-element_type=\"column\" data-e-type=\"column\">\n\t\t\t<div class=\"elementor-widget-wrap elementor-element-populated\">\n\t\t\t\t\t\t<div class=\"elementor-element elementor-element-5267cda elementor-widget elementor-widget-global elementor-global-9341 elementor-widget-text-editor\" data-id=\"5267cda\" data-element_type=\"widget\" data-e-type=\"widget\" data-widget_type=\"text-editor.default\">\n\t\t\t\t<div class=\"elementor-widget-container\">\n\t\t\t\t\t\t\t\t\t<p><strong>PS:\u00a0<span style=\"color: #ff6600;\"><a style=\"color: #ff6600;\" href=\"https:\/\/gradido.net\/donations\/\">Wegen der stetig wachsenden Bedeutung von Gradido wiederholen wir unsere Dankbarkeits-Aktion am 26.Juni 2026:<\/a>\u00a0<\/span><span style=\"color: #0000ff;\"><a style=\"color: #0000ff;\" href=\"https:\/\/gradido.net\/donations\/\">Zus\u00e4tzlich zu den vielfachen GradidoTransform f\u00fcr Deinen F\u00f6rderbeitrag erh\u00f6hen wir am 26.06.26 alle GDT-Kontost\u00e4nde um 26%. F\u00f6rdere jetzt auch Du und komme in den Genuss der vielfachen Menge GDT!<\/a><\/span><\/strong><\/p>\t\t\t\t\t\t\t\t<\/div>\n\t\t\t\t<\/div>\n\t\t\t\t\t<\/div>\n\t\t<\/div>\n\t\t\t\t\t<\/div>\n\t\t<\/section>\n\t\t\t\t<\/div>\n\t\t","protected":false},"excerpt":{"rendered":"<p>Mit den Gradido-Dankpunkten k\u00f6nnen Kerstin und Jannik ihren Leidenschaften nachgehen und ihre Kinder in ihren Interessen f\u00f6rdern. Sie sind dankbar f\u00fcr diese neue Perspektive, die es ihnen erm\u00f6glicht, ihr Leben mit Freude und Erf\u00fcllung zu gestalten. <\/p>\n","protected":false},"author":2,"featured_media":7158,"comment_status":"closed","ping_status":"closed","sticky":false,"template":"","format":"standard","meta":{"footnotes":""},"categories":[11,53],"tags":[],"class_list":["post-7157","post","type-post","status-publish","format-standard","has-post-thumbnail","hentry","category-blog","category-lieblingsstadt"],"yoast_head":"<!-- This site is optimized with the Yoast SEO plugin v27.5 - https:\/\/yoast.com\/product\/yoast-seo-wordpress\/ -->\n<title>Lieblingsstadt 3 \u2013 Eine Familie, ein Projekt und eine Stadt voller M\u00f6glichkeiten - Gradido<\/title>\n<meta name=\"description\" content=\"Mit den Gradido-Dankpunkten k\u00f6nnen Kerstin und Jannik ihren Leidenschaften nachgehen und ihre Kinder in ihren Interessen f\u00f6rdern. Sie sind dankbar f\u00fcr diese neue Perspektive, die es ihnen erm\u00f6glicht, ihr Leben mit Freude und Erf\u00fcllung zu gestalten.\" \/>\n<meta name=\"robots\" content=\"index, follow, max-snippet:-1, max-image-preview:large, max-video-preview:-1\" \/>\n<link rel=\"canonical\" href=\"https:\/\/gradido.net\/de\/lieblingsstadt-3-eine-familie-ein-projekt-und-eine-stadt-voller-moeglichkeiten\/\" \/>\n<meta property=\"og:locale\" content=\"de_DE\" \/>\n<meta property=\"og:type\" content=\"article\" \/>\n<meta property=\"og:title\" content=\"Lieblingsstadt 3 \u2013 Eine Familie, ein Projekt und eine Stadt voller M\u00f6glichkeiten - Gradido\" \/>\n<meta property=\"og:description\" content=\"Mit den Gradido-Dankpunkten k\u00f6nnen Kerstin und Jannik ihren Leidenschaften nachgehen und ihre Kinder in ihren Interessen f\u00f6rdern. Sie sind dankbar f\u00fcr diese neue Perspektive, die es ihnen erm\u00f6glicht, ihr Leben mit Freude und Erf\u00fcllung zu gestalten.\" \/>\n<meta property=\"og:url\" content=\"https:\/\/gradido.net\/de\/lieblingsstadt-3-eine-familie-ein-projekt-und-eine-stadt-voller-moeglichkeiten\/\" \/>\n<meta property=\"og:site_name\" content=\"Gradido\" \/>\n<meta property=\"article:published_time\" content=\"2023-08-18T08:13:29+00:00\" \/>\n<meta property=\"article:modified_time\" content=\"2026-04-23T05:14:52+00:00\" \/>\n<meta property=\"og:image\" content=\"https:\/\/gradido.net\/wp-content\/uploads\/2023\/08\/Familie_Frank_1920.jpg\" \/>\n\t<meta property=\"og:image:width\" content=\"1920\" \/>\n\t<meta property=\"og:image:height\" content=\"1200\" \/>\n\t<meta property=\"og:image:type\" content=\"image\/jpeg\" \/>\n<meta name=\"author\" content=\"Bernd H\u00fcckst\u00e4dt\" \/>\n<meta name=\"twitter:card\" content=\"summary_large_image\" \/>\n<meta name=\"twitter:label1\" content=\"Verfasst von\" \/>\n\t<meta name=\"twitter:data1\" content=\"Bernd H\u00fcckst\u00e4dt\" \/>\n\t<meta name=\"twitter:label2\" content=\"Gesch\u00e4tzte Lesezeit\" \/>\n\t<meta name=\"twitter:data2\" content=\"6\u00a0Minuten\" \/>\n<script type=\"application\/ld+json\" class=\"yoast-schema-graph\">{\"@context\":\"https:\\\/\\\/schema.org\",\"@graph\":[{\"@type\":\"Article\",\"@id\":\"https:\\\/\\\/gradido.net\\\/lieblingsstadt-3-eine-familie-ein-projekt-und-eine-stadt-voller-moeglichkeiten\\\/#article\",\"isPartOf\":{\"@id\":\"https:\\\/\\\/gradido.net\\\/lieblingsstadt-3-eine-familie-ein-projekt-und-eine-stadt-voller-moeglichkeiten\\\/\"},\"author\":{\"name\":\"Bernd H\u00fcckst\u00e4dt\",\"@id\":\"https:\\\/\\\/gradido.net\\\/de\\\/#\\\/schema\\\/person\\\/9c503a004ad15a1ddecadce2218db5d1\"},\"headline\":\"Lieblingsstadt 3 \u2013 Eine Familie, ein Projekt und eine Stadt voller M\u00f6glichkeiten\",\"datePublished\":\"2023-08-18T08:13:29+00:00\",\"dateModified\":\"2026-04-23T05:14:52+00:00\",\"mainEntityOfPage\":{\"@id\":\"https:\\\/\\\/gradido.net\\\/lieblingsstadt-3-eine-familie-ein-projekt-und-eine-stadt-voller-moeglichkeiten\\\/\"},\"wordCount\":848,\"publisher\":{\"@id\":\"https:\\\/\\\/gradido.net\\\/de\\\/#organization\"},\"image\":{\"@id\":\"https:\\\/\\\/gradido.net\\\/lieblingsstadt-3-eine-familie-ein-projekt-und-eine-stadt-voller-moeglichkeiten\\\/#primaryimage\"},\"thumbnailUrl\":\"https:\\\/\\\/gradido.net\\\/wp-content\\\/uploads\\\/2023\\\/08\\\/Familie_Frank_1920.jpg\",\"articleSection\":[\"Blog\",\"Lieblingsstadt\"],\"inLanguage\":\"de\"},{\"@type\":\"WebPage\",\"@id\":\"https:\\\/\\\/gradido.net\\\/lieblingsstadt-3-eine-familie-ein-projekt-und-eine-stadt-voller-moeglichkeiten\\\/\",\"url\":\"https:\\\/\\\/gradido.net\\\/lieblingsstadt-3-eine-familie-ein-projekt-und-eine-stadt-voller-moeglichkeiten\\\/\",\"name\":\"Lieblingsstadt 3 \u2013 Eine Familie, ein Projekt und eine Stadt voller M\u00f6glichkeiten - Gradido\",\"isPartOf\":{\"@id\":\"https:\\\/\\\/gradido.net\\\/de\\\/#website\"},\"primaryImageOfPage\":{\"@id\":\"https:\\\/\\\/gradido.net\\\/lieblingsstadt-3-eine-familie-ein-projekt-und-eine-stadt-voller-moeglichkeiten\\\/#primaryimage\"},\"image\":{\"@id\":\"https:\\\/\\\/gradido.net\\\/lieblingsstadt-3-eine-familie-ein-projekt-und-eine-stadt-voller-moeglichkeiten\\\/#primaryimage\"},\"thumbnailUrl\":\"https:\\\/\\\/gradido.net\\\/wp-content\\\/uploads\\\/2023\\\/08\\\/Familie_Frank_1920.jpg\",\"datePublished\":\"2023-08-18T08:13:29+00:00\",\"dateModified\":\"2026-04-23T05:14:52+00:00\",\"description\":\"Mit den Gradido-Dankpunkten k\u00f6nnen Kerstin und Jannik ihren Leidenschaften nachgehen und ihre Kinder in ihren Interessen f\u00f6rdern. Sie sind dankbar f\u00fcr diese neue Perspektive, die es ihnen erm\u00f6glicht, ihr Leben mit Freude und Erf\u00fcllung zu gestalten.\",\"breadcrumb\":{\"@id\":\"https:\\\/\\\/gradido.net\\\/lieblingsstadt-3-eine-familie-ein-projekt-und-eine-stadt-voller-moeglichkeiten\\\/#breadcrumb\"},\"inLanguage\":\"de\",\"potentialAction\":[{\"@type\":\"ReadAction\",\"target\":[\"https:\\\/\\\/gradido.net\\\/lieblingsstadt-3-eine-familie-ein-projekt-und-eine-stadt-voller-moeglichkeiten\\\/\"]}]},{\"@type\":\"ImageObject\",\"inLanguage\":\"de\",\"@id\":\"https:\\\/\\\/gradido.net\\\/lieblingsstadt-3-eine-familie-ein-projekt-und-eine-stadt-voller-moeglichkeiten\\\/#primaryimage\",\"url\":\"https:\\\/\\\/gradido.net\\\/wp-content\\\/uploads\\\/2023\\\/08\\\/Familie_Frank_1920.jpg\",\"contentUrl\":\"https:\\\/\\\/gradido.net\\\/wp-content\\\/uploads\\\/2023\\\/08\\\/Familie_Frank_1920.jpg\",\"width\":1920,\"height\":1200},{\"@type\":\"BreadcrumbList\",\"@id\":\"https:\\\/\\\/gradido.net\\\/lieblingsstadt-3-eine-familie-ein-projekt-und-eine-stadt-voller-moeglichkeiten\\\/#breadcrumb\",\"itemListElement\":[{\"@type\":\"ListItem\",\"position\":1,\"name\":\"Startseite\",\"item\":\"https:\\\/\\\/gradido.net\\\/\"},{\"@type\":\"ListItem\",\"position\":2,\"name\":\"Lieblingsstadt 3 \u2013 Eine Familie, ein Projekt und eine Stadt voller M\u00f6glichkeiten\"}]},{\"@type\":\"WebSite\",\"@id\":\"https:\\\/\\\/gradido.net\\\/de\\\/#website\",\"url\":\"https:\\\/\\\/gradido.net\\\/de\\\/\",\"name\":\"Gradido\",\"description\":\"Die neue W\u00e4hrung hei\u00dft Dankbarkeit\",\"publisher\":{\"@id\":\"https:\\\/\\\/gradido.net\\\/de\\\/#organization\"},\"potentialAction\":[{\"@type\":\"SearchAction\",\"target\":{\"@type\":\"EntryPoint\",\"urlTemplate\":\"https:\\\/\\\/gradido.net\\\/de\\\/?s={search_term_string}\"},\"query-input\":{\"@type\":\"PropertyValueSpecification\",\"valueRequired\":true,\"valueName\":\"search_term_string\"}}],\"inLanguage\":\"de\"},{\"@type\":\"Organization\",\"@id\":\"https:\\\/\\\/gradido.net\\\/de\\\/#organization\",\"name\":\"Gradido\",\"url\":\"https:\\\/\\\/gradido.net\\\/de\\\/\",\"logo\":{\"@type\":\"ImageObject\",\"inLanguage\":\"de\",\"@id\":\"https:\\\/\\\/gradido.net\\\/de\\\/#\\\/schema\\\/logo\\\/image\\\/\",\"url\":\"https:\\\/\\\/gradido.net\\\/wp-content\\\/uploads\\\/2022\\\/04\\\/gradido-social.jpg\",\"contentUrl\":\"https:\\\/\\\/gradido.net\\\/wp-content\\\/uploads\\\/2022\\\/04\\\/gradido-social.jpg\",\"width\":527,\"height\":273,\"caption\":\"Gradido\"},\"image\":{\"@id\":\"https:\\\/\\\/gradido.net\\\/de\\\/#\\\/schema\\\/logo\\\/image\\\/\"}},{\"@type\":\"Person\",\"@id\":\"https:\\\/\\\/gradido.net\\\/de\\\/#\\\/schema\\\/person\\\/9c503a004ad15a1ddecadce2218db5d1\",\"name\":\"Bernd H\u00fcckst\u00e4dt\",\"sameAs\":[\"https:\\\/\\\/gradido.net\"],\"url\":\"https:\\\/\\\/gradido.net\\\/de\\\/author\\\/bernd\\\/\"}]}<\/script>\n<!-- \/ Yoast SEO plugin. -->","yoast_head_json":{"title":"Lieblingsstadt 3 \u2013 Eine Familie, ein Projekt und eine Stadt voller M\u00f6glichkeiten - Gradido","description":"Mit den Gradido-Dankpunkten k\u00f6nnen Kerstin und Jannik ihren Leidenschaften nachgehen und ihre Kinder in ihren Interessen f\u00f6rdern. Sie sind dankbar f\u00fcr diese neue Perspektive, die es ihnen erm\u00f6glicht, ihr Leben mit Freude und Erf\u00fcllung zu gestalten.","robots":{"index":"index","follow":"follow","max-snippet":"max-snippet:-1","max-image-preview":"max-image-preview:large","max-video-preview":"max-video-preview:-1"},"canonical":"https:\/\/gradido.net\/de\/lieblingsstadt-3-eine-familie-ein-projekt-und-eine-stadt-voller-moeglichkeiten\/","og_locale":"de_DE","og_type":"article","og_title":"Lieblingsstadt 3 \u2013 Eine Familie, ein Projekt und eine Stadt voller M\u00f6glichkeiten - Gradido","og_description":"Mit den Gradido-Dankpunkten k\u00f6nnen Kerstin und Jannik ihren Leidenschaften nachgehen und ihre Kinder in ihren Interessen f\u00f6rdern. Sie sind dankbar f\u00fcr diese neue Perspektive, die es ihnen erm\u00f6glicht, ihr Leben mit Freude und Erf\u00fcllung zu gestalten.","og_url":"https:\/\/gradido.net\/de\/lieblingsstadt-3-eine-familie-ein-projekt-und-eine-stadt-voller-moeglichkeiten\/","og_site_name":"Gradido","article_published_time":"2023-08-18T08:13:29+00:00","article_modified_time":"2026-04-23T05:14:52+00:00","og_image":[{"width":1920,"height":1200,"url":"https:\/\/gradido.net\/wp-content\/uploads\/2023\/08\/Familie_Frank_1920.jpg","type":"image\/jpeg"}],"author":"Bernd H\u00fcckst\u00e4dt","twitter_card":"summary_large_image","twitter_misc":{"Verfasst von":"Bernd H\u00fcckst\u00e4dt","Gesch\u00e4tzte Lesezeit":"6\u00a0Minuten"},"schema":{"@context":"https:\/\/schema.org","@graph":[{"@type":"Article","@id":"https:\/\/gradido.net\/lieblingsstadt-3-eine-familie-ein-projekt-und-eine-stadt-voller-moeglichkeiten\/#article","isPartOf":{"@id":"https:\/\/gradido.net\/lieblingsstadt-3-eine-familie-ein-projekt-und-eine-stadt-voller-moeglichkeiten\/"},"author":{"name":"Bernd H\u00fcckst\u00e4dt","@id":"https:\/\/gradido.net\/de\/#\/schema\/person\/9c503a004ad15a1ddecadce2218db5d1"},"headline":"Lieblingsstadt 3 \u2013 Eine Familie, ein Projekt und eine Stadt voller M\u00f6glichkeiten","datePublished":"2023-08-18T08:13:29+00:00","dateModified":"2026-04-23T05:14:52+00:00","mainEntityOfPage":{"@id":"https:\/\/gradido.net\/lieblingsstadt-3-eine-familie-ein-projekt-und-eine-stadt-voller-moeglichkeiten\/"},"wordCount":848,"publisher":{"@id":"https:\/\/gradido.net\/de\/#organization"},"image":{"@id":"https:\/\/gradido.net\/lieblingsstadt-3-eine-familie-ein-projekt-und-eine-stadt-voller-moeglichkeiten\/#primaryimage"},"thumbnailUrl":"https:\/\/gradido.net\/wp-content\/uploads\/2023\/08\/Familie_Frank_1920.jpg","articleSection":["Blog","Lieblingsstadt"],"inLanguage":"de"},{"@type":"WebPage","@id":"https:\/\/gradido.net\/lieblingsstadt-3-eine-familie-ein-projekt-und-eine-stadt-voller-moeglichkeiten\/","url":"https:\/\/gradido.net\/lieblingsstadt-3-eine-familie-ein-projekt-und-eine-stadt-voller-moeglichkeiten\/","name":"Lieblingsstadt 3 \u2013 Eine Familie, ein Projekt und eine Stadt voller M\u00f6glichkeiten - Gradido","isPartOf":{"@id":"https:\/\/gradido.net\/de\/#website"},"primaryImageOfPage":{"@id":"https:\/\/gradido.net\/lieblingsstadt-3-eine-familie-ein-projekt-und-eine-stadt-voller-moeglichkeiten\/#primaryimage"},"image":{"@id":"https:\/\/gradido.net\/lieblingsstadt-3-eine-familie-ein-projekt-und-eine-stadt-voller-moeglichkeiten\/#primaryimage"},"thumbnailUrl":"https:\/\/gradido.net\/wp-content\/uploads\/2023\/08\/Familie_Frank_1920.jpg","datePublished":"2023-08-18T08:13:29+00:00","dateModified":"2026-04-23T05:14:52+00:00","description":"Mit den Gradido-Dankpunkten k\u00f6nnen Kerstin und Jannik ihren Leidenschaften nachgehen und ihre Kinder in ihren Interessen f\u00f6rdern. Sie sind dankbar f\u00fcr diese neue Perspektive, die es ihnen erm\u00f6glicht, ihr Leben mit Freude und Erf\u00fcllung zu gestalten.","breadcrumb":{"@id":"https:\/\/gradido.net\/lieblingsstadt-3-eine-familie-ein-projekt-und-eine-stadt-voller-moeglichkeiten\/#breadcrumb"},"inLanguage":"de","potentialAction":[{"@type":"ReadAction","target":["https:\/\/gradido.net\/lieblingsstadt-3-eine-familie-ein-projekt-und-eine-stadt-voller-moeglichkeiten\/"]}]},{"@type":"ImageObject","inLanguage":"de","@id":"https:\/\/gradido.net\/lieblingsstadt-3-eine-familie-ein-projekt-und-eine-stadt-voller-moeglichkeiten\/#primaryimage","url":"https:\/\/gradido.net\/wp-content\/uploads\/2023\/08\/Familie_Frank_1920.jpg","contentUrl":"https:\/\/gradido.net\/wp-content\/uploads\/2023\/08\/Familie_Frank_1920.jpg","width":1920,"height":1200},{"@type":"BreadcrumbList","@id":"https:\/\/gradido.net\/lieblingsstadt-3-eine-familie-ein-projekt-und-eine-stadt-voller-moeglichkeiten\/#breadcrumb","itemListElement":[{"@type":"ListItem","position":1,"name":"Startseite","item":"https:\/\/gradido.net\/"},{"@type":"ListItem","position":2,"name":"Lieblingsstadt 3 \u2013 Eine Familie, ein Projekt und eine Stadt voller M\u00f6glichkeiten"}]},{"@type":"WebSite","@id":"https:\/\/gradido.net\/de\/#website","url":"https:\/\/gradido.net\/de\/","name":"Gradido","description":"Die neue W\u00e4hrung hei\u00dft Dankbarkeit","publisher":{"@id":"https:\/\/gradido.net\/de\/#organization"},"potentialAction":[{"@type":"SearchAction","target":{"@type":"EntryPoint","urlTemplate":"https:\/\/gradido.net\/de\/?s={search_term_string}"},"query-input":{"@type":"PropertyValueSpecification","valueRequired":true,"valueName":"search_term_string"}}],"inLanguage":"de"},{"@type":"Organization","@id":"https:\/\/gradido.net\/de\/#organization","name":"Gradido","url":"https:\/\/gradido.net\/de\/","logo":{"@type":"ImageObject","inLanguage":"de","@id":"https:\/\/gradido.net\/de\/#\/schema\/logo\/image\/","url":"https:\/\/gradido.net\/wp-content\/uploads\/2022\/04\/gradido-social.jpg","contentUrl":"https:\/\/gradido.net\/wp-content\/uploads\/2022\/04\/gradido-social.jpg","width":527,"height":273,"caption":"Gradido"},"image":{"@id":"https:\/\/gradido.net\/de\/#\/schema\/logo\/image\/"}},{"@type":"Person","@id":"https:\/\/gradido.net\/de\/#\/schema\/person\/9c503a004ad15a1ddecadce2218db5d1","name":"Bernd H\u00fcckst\u00e4dt","sameAs":["https:\/\/gradido.net"],"url":"https:\/\/gradido.net\/de\/author\/bernd\/"}]}},"_links":{"self":[{"href":"https:\/\/gradido.net\/de\/wp-json\/wp\/v2\/posts\/7157","targetHints":{"allow":["GET"]}}],"collection":[{"href":"https:\/\/gradido.net\/de\/wp-json\/wp\/v2\/posts"}],"about":[{"href":"https:\/\/gradido.net\/de\/wp-json\/wp\/v2\/types\/post"}],"author":[{"embeddable":true,"href":"https:\/\/gradido.net\/de\/wp-json\/wp\/v2\/users\/2"}],"replies":[{"embeddable":true,"href":"https:\/\/gradido.net\/de\/wp-json\/wp\/v2\/comments?post=7157"}],"version-history":[{"count":55,"href":"https:\/\/gradido.net\/de\/wp-json\/wp\/v2\/posts\/7157\/revisions"}],"predecessor-version":[{"id":13547,"href":"https:\/\/gradido.net\/de\/wp-json\/wp\/v2\/posts\/7157\/revisions\/13547"}],"wp:featuredmedia":[{"embeddable":true,"href":"https:\/\/gradido.net\/de\/wp-json\/wp\/v2\/media\/7158"}],"wp:attachment":[{"href":"https:\/\/gradido.net\/de\/wp-json\/wp\/v2\/media?parent=7157"}],"wp:term":[{"taxonomy":"category","embeddable":true,"href":"https:\/\/gradido.net\/de\/wp-json\/wp\/v2\/categories?post=7157"},{"taxonomy":"post_tag","embeddable":true,"href":"https:\/\/gradido.net\/de\/wp-json\/wp\/v2\/tags?post=7157"}],"curies":[{"name":"wp","href":"https:\/\/api.w.org\/{rel}","templated":true}]}}