{"id":7693,"date":"2023-09-25T06:55:22","date_gmt":"2023-09-25T04:55:22","guid":{"rendered":"https:\/\/gradido.net\/?p=7693"},"modified":"2026-04-23T07:06:15","modified_gmt":"2026-04-23T05:06:15","slug":"lieblingsstadt-13-mit-freunden-unterwegs-der-ehrenamtliche-fahrdienst-lieblingsstaedter-kutscher","status":"publish","type":"post","link":"https:\/\/gradido.net\/de\/lieblingsstadt-13-mit-freunden-unterwegs-der-ehrenamtliche-fahrdienst-lieblingsstaedter-kutscher\/","title":{"rendered":"Lieblingsstadt 13 \u2013 Mit Freu(n)den unterwegs: Der Ehrenamtliche Fahrdienst \u201aLieblingsst\u00e4dter Kutscher\u2018"},"content":{"rendered":"\t\t<div data-elementor-type=\"wp-post\" data-elementor-id=\"7693\" class=\"elementor elementor-7693\" data-elementor-post-type=\"post\">\n\t\t\t\t\t\t<section class=\"elementor-section elementor-top-section elementor-element elementor-element-496e1d53 elementor-section-boxed elementor-section-height-default elementor-section-height-default\" data-id=\"496e1d53\" data-element_type=\"section\" data-e-type=\"section\">\n\t\t\t\t\t\t<div class=\"elementor-container elementor-column-gap-default\">\n\t\t\t\t\t<div class=\"elementor-column elementor-col-100 elementor-top-column elementor-element elementor-element-461d7be0\" data-id=\"461d7be0\" data-element_type=\"column\" data-e-type=\"column\">\n\t\t\t<div class=\"elementor-widget-wrap elementor-element-populated\">\n\t\t\t\t\t\t<div class=\"elementor-element elementor-element-cd9ebe2 elementor-widget elementor-widget-text-editor\" data-id=\"cd9ebe2\" data-element_type=\"widget\" data-e-type=\"widget\" data-widget_type=\"text-editor.default\">\n\t\t\t\t<div class=\"elementor-widget-container\">\n\t\t\t\t\t\t\t\t\t<p style=\"text-align: right;\"><em>\u00bbWas internationale Fahrdienste tun, das k\u00f6nnen wir besser \u2013 regional, ehrenamtlich und mit Freude!\u00ab<\/em><\/p><p>Liebe Leserin, lieber Leser,<\/p><p>in der idyllischen Stadt Lieblingsstadt haben die B\u00fcrger ein gemeinsames Ziel: eine gr\u00fcne Stadt mit wenig Verkehr. Sie tr\u00e4umen von urbanen G\u00e4rten und weitl\u00e4ufigen Gr\u00fcnfl\u00e4chen anstelle von Parkpl\u00e4tzen. Doch da gibt es ein Problem\u2026<\/p><p>Die \u00f6ffentlichen Verkehrsmittel fahren selten und decken l\u00e4ngst nicht alle Bereiche der Stadt ab. Vororte und umliegende D\u00f6rfer sind besonders schlecht versorgt. Viele B\u00fcrger k\u00f6nnen sich kein eigenes Auto leisten oder wollen aus Umweltgr\u00fcnden keines besitzen. Au\u00dferdem gibt es in der Innenstadt ganz bewusst nur wenige Parkpl\u00e4tze.<\/p><p>Doch wie sollen die Menschen in die Stadt kommen? Eine neue Herausforderung f\u00fcr B\u00fcrgermeister Michael Miteinand und sein engagiertes Team!\u00a0<\/p><h3>Ehrenamtlicher Fahrdienst<\/h3><p>Inspiriert von ihren gro\u00dfen Erfolgen mit den anderen Gradido-Projekten finden sie schnell die L\u00f6sung:<\/p><p>Gemeinsam mit den B\u00fcrgern entwickeln sie den ehrenamtlichen Fahrdienst <strong>\u201aLieblingsst\u00e4dter Kutscher<\/strong>\u2018: Freiwillige Helfer stellen ihre Autos zur Verf\u00fcgung und fahren Menschen durch die Stadt und die umliegenden D\u00f6rfer. Sie fahren \u00e4ltere Menschen zum Arzt, holen Kinder von der Schule ab und bringen Berufst\u00e4tige sicher zur Arbeit. Sie organisieren Einkaufsdienste und vieles mehr. Koordiniert wird alles von Freiwilligen im B\u00fcrgerb\u00fcro. Zur Zeit noch per Telefon und Chat, doch in Zukunft soll es eine \u201a<strong>Kutscher-App\u2018<\/strong> geben.<\/p>\t\t\t\t\t\t\t\t<\/div>\n\t\t\t\t<\/div>\n\t\t\t\t<div class=\"elementor-element elementor-element-b482206 elementor-widget elementor-widget-image\" data-id=\"b482206\" data-element_type=\"widget\" data-e-type=\"widget\" data-widget_type=\"image.default\">\n\t\t\t\t<div class=\"elementor-widget-container\">\n\t\t\t\t\t\t\t\t\t\t\t\t\t\t\t<img fetchpriority=\"high\" decoding=\"async\" width=\"500\" height=\"312\" src=\"https:\/\/gradido.net\/wp-content\/uploads\/2023\/09\/Fahrgemeinschaft_500.jpg\" class=\"attachment-full size-full wp-image-7699\" alt=\"\" srcset=\"https:\/\/gradido.net\/wp-content\/uploads\/2023\/09\/Fahrgemeinschaft_500.jpg 500w, https:\/\/gradido.net\/wp-content\/uploads\/2023\/09\/Fahrgemeinschaft_500-300x187.jpg 300w, https:\/\/gradido.net\/wp-content\/uploads\/2023\/09\/Fahrgemeinschaft_500-18x12.jpg 18w\" sizes=\"(max-width: 500px) 100vw, 500px\" \/>\t\t\t\t\t\t\t\t\t\t\t\t\t\t\t<\/div>\n\t\t\t\t<\/div>\n\t\t\t\t<div class=\"elementor-element elementor-element-c5e61d4 elementor-widget elementor-widget-text-editor\" data-id=\"c5e61d4\" data-element_type=\"widget\" data-e-type=\"widget\" data-widget_type=\"text-editor.default\">\n\t\t\t\t<div class=\"elementor-widget-container\">\n\t\t\t\t\t\t\t\t\t<p>Die Routen werden so gestaltet, dass m\u00f6glichst mehrere Passagiere zusammen bef\u00f6rdert werden. So kommen die Menschen miteinander in Kontakt, und der Fahrdienst wird zum Symbol der Gemeinschaft und des Umweltbewusstseins.\u00a0<\/p><h3>Verg\u00fctungssystem \u201aGradido\u2018<\/h3><p>Eine Besonderheit bei allen Lieblingsst\u00e4dter Ehrenamt-Projekten ist die Einbindung des Gradido-Verg\u00fctungssystems. Die Fahrten werden nicht mit Euro bezahlt, sondern mit Gradidos verg\u00fctet. Das hei\u00dft, nicht ganz: F\u00fcr Treibstoff und Instandhaltung seines Fahrzeugs nimmt der Kutscher gerne auch Spenden in Euro entgegen. Jeder Fahrgast gibt, was er kann und will\u00a0 \u2013 die einen mehr, die anderen weniger. So kommt es, dass die Kutscher nicht nur ihre Kosten decken, sondern am Monatsende auch etwas \u00fcbrig haben.\u00a0<\/p><p>F\u00fcr die Gradidos erhalten sie jede Menge Verg\u00fcnstigungen \u2013 von gro\u00dfz\u00fcgigen GradidoRabatten in den Gesch\u00e4ften \u00fcber Nachbarschaftshilfe bis hin zu k\u00f6stlichem Essen und Trinken im GradidoCaf\u00e9 und kooperierenden Gastst\u00e4tten.<\/p><h3>So viele Vorteile \u2013 ein voller Erfolg!<\/h3><p>Die Menschen in Lieblingsstadt helfen einander und reduzieren zugleich den Verkehr in der Stadt. Die Stra\u00dfen werden ruhiger und die Luft sauberer. Gr\u00fcnfl\u00e4chen bleiben erhalten oder werden durch die Einsparung von Parkpl\u00e4tzen neu geschaffen.<\/p><p>Der Fahrdienst \u201cLieblingsst\u00e4dter Kutscher\u201d wird zu einem Erfolg und inspiriert andere St\u00e4dte, \u00e4hnliche Projekte ins Leben zu rufen. B\u00fcrgermeister Michael Miteinand und sein Team sind stolz auf ihre Stadt, ihre B\u00fcrger und das geniale Konzept von Gradido, das ihnen geholfen hat, den Traum einer gr\u00fcnen Stadt zu verwirklichen.<\/p>\t\t\t\t\t\t\t\t<\/div>\n\t\t\t\t<\/div>\n\t\t\t\t<div class=\"elementor-element elementor-element-e858257 elementor-widget-divider--view-line elementor-widget elementor-widget-divider\" data-id=\"e858257\" data-element_type=\"widget\" data-e-type=\"widget\" data-widget_type=\"divider.default\">\n\t\t\t\t<div class=\"elementor-widget-container\">\n\t\t\t\t\t\t\t<div class=\"elementor-divider\">\n\t\t\t<span class=\"elementor-divider-separator\">\n\t\t\t\t\t\t<\/span>\n\t\t<\/div>\n\t\t\t\t\t\t<\/div>\n\t\t\t\t<\/div>\n\t\t\t\t<div class=\"elementor-element elementor-element-d74dfa0 elementor-widget elementor-widget-text-editor\" data-id=\"d74dfa0\" data-element_type=\"widget\" data-e-type=\"widget\" data-widget_type=\"text-editor.default\">\n\t\t\t\t<div class=\"elementor-widget-container\">\n\t\t\t\t\t\t\t\t\t<div data-pm-slice=\"1 1 []\" data-en-clipboard=\"true\"><p>Die <strong>\u201aGro\u00dfe Kooperation\u2018<\/strong> weitet sich auf immer mehr Gebiete aus. In der 13. Episode der beliebten Serie <strong>&#8220;Gradido in Lieblingsstadt&#8221; <\/strong>entwickelt Lieblingsstadt seine ehrenamtliche Version der Mobilit\u00e4tswende. Wie immer ist Kooperation um ein Vielfaches besser als Konkurrenzkampf. Das Ehrenamt \u2013 die St\u00fctze unserer Gesellschaft \u2013 beruht weitgehend auf Kooperation. Mit Hilfe des Ehrenamt-Verg\u00fctungssystems \u201aGradido\u2018 wird die freiwillige Arbeit mit 20 Gradido pro Stunde verg\u00fctet.<\/p><p>F\u00fcr die Gradidos gibt es vielf\u00e4ltige Verg\u00fcnstigungen und Rabatte, die bei den \u00f6rtlichen Gesch\u00e4ften eingel\u00f6st werden k\u00f6nnen. Au\u00dferdem entsteht ein reger Austausch unter den B\u00fcrgern. Dadurch sinken die Kosten f\u00fcr alle Beteiligten, und gro\u00dfartige Projekte werden realisierbar. Eine Win-Win-Win-Situation f\u00fcr alle!<\/p><p><strong>Leite diese Serie gerne an Deine Stadtverwaltung, Vereine und Gewerbetreibende\u00a0 weiter!<\/strong><\/p><p>Wenn wir jetzt nichts tun, setzt sich die <strong>Abw\u00e4rtsspirale<\/strong> fort. Wir werden immer abh\u00e4ngiger von ausl\u00e4ndischen Unternehmen, und unsere heimische Wirtschaft geht kaputt.<\/p><p>Mit Gradido und der Gro\u00dfen Kooperation erzeugen wir <strong>Aufw\u00e4rtsspiralen<\/strong> zur positiven nachhaltigen Zukunftsgestaltung. Gemeinsam verwandeln wir unsere St\u00e4dte und Gemeinden zu lebendigen florierenden Oasen \u2013 zu unseren Lieblingspl\u00e4tzen!<\/p><p>Liebe Gr\u00fc\u00dfe<\/p><\/div><p>Deine<\/p><p><img decoding=\"async\" class=\"alignnone wp-image-4614 size-medium\" src=\"https:\/\/gradido.net\/wp-content\/uploads\/2022\/06\/MargretBernd_2022-300x74.png\" alt=\"\" width=\"300\" height=\"74\" srcset=\"https:\/\/gradido.net\/wp-content\/uploads\/2022\/06\/MargretBernd_2022-300x74.png 300w, https:\/\/gradido.net\/wp-content\/uploads\/2022\/06\/MargretBernd_2022-18x4.png 18w, https:\/\/gradido.net\/wp-content\/uploads\/2022\/06\/MargretBernd_2022.png 431w\" sizes=\"(max-width: 300px) 100vw, 300px\" \/><\/p><p>Margret Baier und Bernd H\u00fcckst\u00e4dt<br \/>Gradido-Gr\u00fcnder und Entwickler<\/p>\t\t\t\t\t\t\t\t<\/div>\n\t\t\t\t<\/div>\n\t\t\t\t\t<\/div>\n\t\t<\/div>\n\t\t\t\t\t<\/div>\n\t\t<\/section>\n\t\t\t\t<section class=\"elementor-section elementor-top-section elementor-element elementor-element-41e30ef elementor-section-boxed elementor-section-height-default elementor-section-height-default\" data-id=\"41e30ef\" data-element_type=\"section\" data-e-type=\"section\">\n\t\t\t\t\t\t<div class=\"elementor-container elementor-column-gap-default\">\n\t\t\t\t\t<div class=\"elementor-column elementor-col-100 elementor-top-column elementor-element elementor-element-35217b3\" data-id=\"35217b3\" data-element_type=\"column\" data-e-type=\"column\">\n\t\t\t<div class=\"elementor-widget-wrap elementor-element-populated\">\n\t\t\t\t\t\t<div class=\"elementor-element elementor-element-14656db elementor-position-inline-start white-links elementor-widget__width-initial elementor-view-default elementor-mobile-position-block-start elementor-widget elementor-widget-icon-box\" data-id=\"14656db\" data-element_type=\"widget\" data-e-type=\"widget\" data-no-translation=\"\" data-widget_type=\"icon-box.default\">\n\t\t\t\t<div class=\"elementor-widget-container\">\n\t\t\t\t\t\t\t<div class=\"elementor-icon-box-wrapper\">\n\n\t\t\t\t\t\t<div class=\"elementor-icon-box-icon\">\n\t\t\t\t<a href=\"https:\/\/gradido.net\/wp-content\/uploads\/2023\/12\/Gradido_Wegbereiter_einer_neuen_Aera_2023-10-17.pdf\" target=\"_blank\" class=\"elementor-icon\" tabindex=\"-1\" aria-label=\"Lieblingsstadt komplett (alle Folgen)\">\n\t\t\t\t<i aria-hidden=\"true\" class=\"fas fa-file-pdf\"><\/i>\t\t\t\t<\/a>\n\t\t\t<\/div>\n\t\t\t\n\t\t\t\t\t\t<div class=\"elementor-icon-box-content\">\n\n\t\t\t\t\t\t\t\t\t<h4 class=\"elementor-icon-box-title\">\n\t\t\t\t\t\t<a href=\"https:\/\/gradido.net\/wp-content\/uploads\/2023\/12\/Gradido_Wegbereiter_einer_neuen_Aera_2023-10-17.pdf\" target=\"_blank\" >\n\t\t\t\t\t\t\tLieblingsstadt komplett (alle Folgen)\t\t\t\t\t\t<\/a>\n\t\t\t\t\t<\/h4>\n\t\t\t\t\n\t\t\t\t\t\t\t\t\t<p class=\"elementor-icon-box-description\">\n\t\t\t\t\t\tGradido \u2013 Wegbereiter einer neuen \u00c4ra im ehrenamtlichen Engagement\t\t\t\t\t<\/p>\n\t\t\t\t\n\t\t\t<\/div>\n\t\t\t\n\t\t<\/div>\n\t\t\t\t\t\t<\/div>\n\t\t\t\t<\/div>\n\t\t\t\t\t<\/div>\n\t\t<\/div>\n\t\t\t\t\t<\/div>\n\t\t<\/section>\n\t\t\t\t<section class=\"elementor-section elementor-top-section elementor-element elementor-element-14532fe elementor-section-boxed elementor-section-height-default elementor-section-height-default\" data-id=\"14532fe\" data-element_type=\"section\" data-e-type=\"section\">\n\t\t\t\t\t\t<div class=\"elementor-container elementor-column-gap-default\">\n\t\t\t\t\t<div class=\"elementor-column elementor-col-100 elementor-top-column elementor-element elementor-element-65d2298\" data-id=\"65d2298\" data-element_type=\"column\" data-e-type=\"column\">\n\t\t\t<div class=\"elementor-widget-wrap elementor-element-populated\">\n\t\t\t\t\t\t<div class=\"elementor-element elementor-element-d316072 elementor-widget elementor-widget-global elementor-global-9341 elementor-widget-text-editor\" data-id=\"d316072\" data-element_type=\"widget\" data-e-type=\"widget\" data-widget_type=\"text-editor.default\">\n\t\t\t\t<div class=\"elementor-widget-container\">\n\t\t\t\t\t\t\t\t\t<p><strong>PS:\u00a0<span style=\"color: #ff6600;\"><a style=\"color: #ff6600;\" href=\"https:\/\/gradido.net\/donations\/\">Wegen der stetig wachsenden Bedeutung von Gradido wiederholen wir unsere Dankbarkeits-Aktion am 26.Juni 2026:<\/a>\u00a0<\/span><span style=\"color: #0000ff;\"><a style=\"color: #0000ff;\" href=\"https:\/\/gradido.net\/donations\/\">Zus\u00e4tzlich zu den vielfachen GradidoTransform f\u00fcr Deinen F\u00f6rderbeitrag erh\u00f6hen wir am 26.06.26 alle GDT-Kontost\u00e4nde um 26%. F\u00f6rdere jetzt auch Du und komme in den Genuss der vielfachen Menge GDT!<\/a><\/span><\/strong><\/p>\t\t\t\t\t\t\t\t<\/div>\n\t\t\t\t<\/div>\n\t\t\t\t\t<\/div>\n\t\t<\/div>\n\t\t\t\t\t<\/div>\n\t\t<\/section>\n\t\t\t\t<\/div>\n\t\t","protected":false},"excerpt":{"rendered":"<p>Freiwillige Helfer fahren Menschen durch die Stadt und die umliegenden D\u00f6rfer. Sie fahren \u00e4ltere Menschen zum Arzt, holen Kinder von der Schule ab und bringen Berufst\u00e4tige sicher zur Arbeit. Sie organisieren Einkaufsdienste und vieles mehr.<\/p>\n","protected":false},"author":2,"featured_media":7694,"comment_status":"closed","ping_status":"closed","sticky":false,"template":"","format":"standard","meta":{"footnotes":""},"categories":[11,53],"tags":[],"class_list":["post-7693","post","type-post","status-publish","format-standard","has-post-thumbnail","hentry","category-blog","category-lieblingsstadt"],"yoast_head":"<!-- This site is optimized with the Yoast SEO plugin v27.5 - https:\/\/yoast.com\/product\/yoast-seo-wordpress\/ -->\n<title>Lieblingsstadt 13 \u2013 Mit Freu(n)den unterwegs: Der Ehrenamtliche Fahrdienst \u201aLieblingsst\u00e4dter Kutscher\u2018 - Gradido<\/title>\n<meta name=\"description\" content=\"Freiwillige Helfer fahren Menschen durch die Stadt und die umliegenden D\u00f6rfer. Sie fahren \u00e4ltere Menschen zum Arzt, holen Kinder von der Schule ab und bringen Berufst\u00e4tige sicher zur Arbeit. Sie organisieren Einkaufsdienste und vieles mehr.\" \/>\n<meta name=\"robots\" content=\"index, follow, max-snippet:-1, max-image-preview:large, max-video-preview:-1\" \/>\n<link rel=\"canonical\" href=\"https:\/\/gradido.net\/de\/lieblingsstadt-13-mit-freunden-unterwegs-der-ehrenamtliche-fahrdienst-lieblingsstaedter-kutscher\/\" \/>\n<meta property=\"og:locale\" content=\"de_DE\" \/>\n<meta property=\"og:type\" content=\"article\" \/>\n<meta property=\"og:title\" content=\"Lieblingsstadt 13 \u2013 Mit Freu(n)den unterwegs: Der Ehrenamtliche Fahrdienst \u201aLieblingsst\u00e4dter Kutscher\u2018 - Gradido\" \/>\n<meta property=\"og:description\" content=\"Freiwillige Helfer fahren Menschen durch die Stadt und die umliegenden D\u00f6rfer. Sie fahren \u00e4ltere Menschen zum Arzt, holen Kinder von der Schule ab und bringen Berufst\u00e4tige sicher zur Arbeit. Sie organisieren Einkaufsdienste und vieles mehr.\" \/>\n<meta property=\"og:url\" content=\"https:\/\/gradido.net\/de\/lieblingsstadt-13-mit-freunden-unterwegs-der-ehrenamtliche-fahrdienst-lieblingsstaedter-kutscher\/\" \/>\n<meta property=\"og:site_name\" content=\"Gradido\" \/>\n<meta property=\"article:published_time\" content=\"2023-09-25T04:55:22+00:00\" \/>\n<meta property=\"article:modified_time\" content=\"2026-04-23T05:06:15+00:00\" \/>\n<meta property=\"og:image\" content=\"https:\/\/gradido.net\/wp-content\/uploads\/2023\/09\/Kutscherin_1800.jpg\" \/>\n\t<meta property=\"og:image:width\" content=\"1800\" \/>\n\t<meta property=\"og:image:height\" content=\"1200\" \/>\n\t<meta property=\"og:image:type\" content=\"image\/jpeg\" \/>\n<meta name=\"author\" content=\"Bernd H\u00fcckst\u00e4dt\" \/>\n<meta name=\"twitter:card\" content=\"summary_large_image\" \/>\n<meta name=\"twitter:label1\" content=\"Verfasst von\" \/>\n\t<meta name=\"twitter:data1\" content=\"Bernd H\u00fcckst\u00e4dt\" \/>\n\t<meta name=\"twitter:label2\" content=\"Gesch\u00e4tzte Lesezeit\" \/>\n\t<meta name=\"twitter:data2\" content=\"5\u00a0Minuten\" \/>\n<script type=\"application\/ld+json\" class=\"yoast-schema-graph\">{\"@context\":\"https:\\\/\\\/schema.org\",\"@graph\":[{\"@type\":\"Article\",\"@id\":\"https:\\\/\\\/gradido.net\\\/lieblingsstadt-13-mit-freunden-unterwegs-der-ehrenamtliche-fahrdienst-lieblingsstaedter-kutscher\\\/#article\",\"isPartOf\":{\"@id\":\"https:\\\/\\\/gradido.net\\\/lieblingsstadt-13-mit-freunden-unterwegs-der-ehrenamtliche-fahrdienst-lieblingsstaedter-kutscher\\\/\"},\"author\":{\"name\":\"Bernd H\u00fcckst\u00e4dt\",\"@id\":\"https:\\\/\\\/gradido.net\\\/de\\\/#\\\/schema\\\/person\\\/9c503a004ad15a1ddecadce2218db5d1\"},\"headline\":\"Lieblingsstadt 13 \u2013 Mit Freu(n)den unterwegs: Der Ehrenamtliche Fahrdienst \u201aLieblingsst\u00e4dter Kutscher\u2018\",\"datePublished\":\"2023-09-25T04:55:22+00:00\",\"dateModified\":\"2026-04-23T05:06:15+00:00\",\"mainEntityOfPage\":{\"@id\":\"https:\\\/\\\/gradido.net\\\/lieblingsstadt-13-mit-freunden-unterwegs-der-ehrenamtliche-fahrdienst-lieblingsstaedter-kutscher\\\/\"},\"wordCount\":752,\"publisher\":{\"@id\":\"https:\\\/\\\/gradido.net\\\/de\\\/#organization\"},\"image\":{\"@id\":\"https:\\\/\\\/gradido.net\\\/lieblingsstadt-13-mit-freunden-unterwegs-der-ehrenamtliche-fahrdienst-lieblingsstaedter-kutscher\\\/#primaryimage\"},\"thumbnailUrl\":\"https:\\\/\\\/gradido.net\\\/wp-content\\\/uploads\\\/2023\\\/09\\\/Kutscherin_1800.jpg\",\"articleSection\":[\"Blog\",\"Lieblingsstadt\"],\"inLanguage\":\"de\"},{\"@type\":\"WebPage\",\"@id\":\"https:\\\/\\\/gradido.net\\\/lieblingsstadt-13-mit-freunden-unterwegs-der-ehrenamtliche-fahrdienst-lieblingsstaedter-kutscher\\\/\",\"url\":\"https:\\\/\\\/gradido.net\\\/lieblingsstadt-13-mit-freunden-unterwegs-der-ehrenamtliche-fahrdienst-lieblingsstaedter-kutscher\\\/\",\"name\":\"Lieblingsstadt 13 \u2013 Mit Freu(n)den unterwegs: Der Ehrenamtliche Fahrdienst \u201aLieblingsst\u00e4dter Kutscher\u2018 - Gradido\",\"isPartOf\":{\"@id\":\"https:\\\/\\\/gradido.net\\\/de\\\/#website\"},\"primaryImageOfPage\":{\"@id\":\"https:\\\/\\\/gradido.net\\\/lieblingsstadt-13-mit-freunden-unterwegs-der-ehrenamtliche-fahrdienst-lieblingsstaedter-kutscher\\\/#primaryimage\"},\"image\":{\"@id\":\"https:\\\/\\\/gradido.net\\\/lieblingsstadt-13-mit-freunden-unterwegs-der-ehrenamtliche-fahrdienst-lieblingsstaedter-kutscher\\\/#primaryimage\"},\"thumbnailUrl\":\"https:\\\/\\\/gradido.net\\\/wp-content\\\/uploads\\\/2023\\\/09\\\/Kutscherin_1800.jpg\",\"datePublished\":\"2023-09-25T04:55:22+00:00\",\"dateModified\":\"2026-04-23T05:06:15+00:00\",\"description\":\"Freiwillige Helfer fahren Menschen durch die Stadt und die umliegenden D\u00f6rfer. Sie fahren \u00e4ltere Menschen zum Arzt, holen Kinder von der Schule ab und bringen Berufst\u00e4tige sicher zur Arbeit. Sie organisieren Einkaufsdienste und vieles mehr.\",\"breadcrumb\":{\"@id\":\"https:\\\/\\\/gradido.net\\\/lieblingsstadt-13-mit-freunden-unterwegs-der-ehrenamtliche-fahrdienst-lieblingsstaedter-kutscher\\\/#breadcrumb\"},\"inLanguage\":\"de\",\"potentialAction\":[{\"@type\":\"ReadAction\",\"target\":[\"https:\\\/\\\/gradido.net\\\/lieblingsstadt-13-mit-freunden-unterwegs-der-ehrenamtliche-fahrdienst-lieblingsstaedter-kutscher\\\/\"]}]},{\"@type\":\"ImageObject\",\"inLanguage\":\"de\",\"@id\":\"https:\\\/\\\/gradido.net\\\/lieblingsstadt-13-mit-freunden-unterwegs-der-ehrenamtliche-fahrdienst-lieblingsstaedter-kutscher\\\/#primaryimage\",\"url\":\"https:\\\/\\\/gradido.net\\\/wp-content\\\/uploads\\\/2023\\\/09\\\/Kutscherin_1800.jpg\",\"contentUrl\":\"https:\\\/\\\/gradido.net\\\/wp-content\\\/uploads\\\/2023\\\/09\\\/Kutscherin_1800.jpg\",\"width\":1800,\"height\":1200},{\"@type\":\"BreadcrumbList\",\"@id\":\"https:\\\/\\\/gradido.net\\\/lieblingsstadt-13-mit-freunden-unterwegs-der-ehrenamtliche-fahrdienst-lieblingsstaedter-kutscher\\\/#breadcrumb\",\"itemListElement\":[{\"@type\":\"ListItem\",\"position\":1,\"name\":\"Startseite\",\"item\":\"https:\\\/\\\/gradido.net\\\/\"},{\"@type\":\"ListItem\",\"position\":2,\"name\":\"Lieblingsstadt 13 \u2013 Mit Freu(n)den unterwegs: Der Ehrenamtliche Fahrdienst \u201aLieblingsst\u00e4dter Kutscher\u2018\"}]},{\"@type\":\"WebSite\",\"@id\":\"https:\\\/\\\/gradido.net\\\/de\\\/#website\",\"url\":\"https:\\\/\\\/gradido.net\\\/de\\\/\",\"name\":\"Gradido\",\"description\":\"Die neue W\u00e4hrung hei\u00dft Dankbarkeit\",\"publisher\":{\"@id\":\"https:\\\/\\\/gradido.net\\\/de\\\/#organization\"},\"potentialAction\":[{\"@type\":\"SearchAction\",\"target\":{\"@type\":\"EntryPoint\",\"urlTemplate\":\"https:\\\/\\\/gradido.net\\\/de\\\/?s={search_term_string}\"},\"query-input\":{\"@type\":\"PropertyValueSpecification\",\"valueRequired\":true,\"valueName\":\"search_term_string\"}}],\"inLanguage\":\"de\"},{\"@type\":\"Organization\",\"@id\":\"https:\\\/\\\/gradido.net\\\/de\\\/#organization\",\"name\":\"Gradido\",\"url\":\"https:\\\/\\\/gradido.net\\\/de\\\/\",\"logo\":{\"@type\":\"ImageObject\",\"inLanguage\":\"de\",\"@id\":\"https:\\\/\\\/gradido.net\\\/de\\\/#\\\/schema\\\/logo\\\/image\\\/\",\"url\":\"https:\\\/\\\/gradido.net\\\/wp-content\\\/uploads\\\/2022\\\/04\\\/gradido-social.jpg\",\"contentUrl\":\"https:\\\/\\\/gradido.net\\\/wp-content\\\/uploads\\\/2022\\\/04\\\/gradido-social.jpg\",\"width\":527,\"height\":273,\"caption\":\"Gradido\"},\"image\":{\"@id\":\"https:\\\/\\\/gradido.net\\\/de\\\/#\\\/schema\\\/logo\\\/image\\\/\"}},{\"@type\":\"Person\",\"@id\":\"https:\\\/\\\/gradido.net\\\/de\\\/#\\\/schema\\\/person\\\/9c503a004ad15a1ddecadce2218db5d1\",\"name\":\"Bernd H\u00fcckst\u00e4dt\",\"sameAs\":[\"https:\\\/\\\/gradido.net\"],\"url\":\"https:\\\/\\\/gradido.net\\\/de\\\/author\\\/bernd\\\/\"}]}<\/script>\n<!-- \/ Yoast SEO plugin. -->","yoast_head_json":{"title":"Lieblingsstadt 13 \u2013 Mit Freu(n)den unterwegs: Der Ehrenamtliche Fahrdienst \u201aLieblingsst\u00e4dter Kutscher\u2018 - Gradido","description":"Freiwillige Helfer fahren Menschen durch die Stadt und die umliegenden D\u00f6rfer. Sie fahren \u00e4ltere Menschen zum Arzt, holen Kinder von der Schule ab und bringen Berufst\u00e4tige sicher zur Arbeit. Sie organisieren Einkaufsdienste und vieles mehr.","robots":{"index":"index","follow":"follow","max-snippet":"max-snippet:-1","max-image-preview":"max-image-preview:large","max-video-preview":"max-video-preview:-1"},"canonical":"https:\/\/gradido.net\/de\/lieblingsstadt-13-mit-freunden-unterwegs-der-ehrenamtliche-fahrdienst-lieblingsstaedter-kutscher\/","og_locale":"de_DE","og_type":"article","og_title":"Lieblingsstadt 13 \u2013 Mit Freu(n)den unterwegs: Der Ehrenamtliche Fahrdienst \u201aLieblingsst\u00e4dter Kutscher\u2018 - Gradido","og_description":"Freiwillige Helfer fahren Menschen durch die Stadt und die umliegenden D\u00f6rfer. Sie fahren \u00e4ltere Menschen zum Arzt, holen Kinder von der Schule ab und bringen Berufst\u00e4tige sicher zur Arbeit. Sie organisieren Einkaufsdienste und vieles mehr.","og_url":"https:\/\/gradido.net\/de\/lieblingsstadt-13-mit-freunden-unterwegs-der-ehrenamtliche-fahrdienst-lieblingsstaedter-kutscher\/","og_site_name":"Gradido","article_published_time":"2023-09-25T04:55:22+00:00","article_modified_time":"2026-04-23T05:06:15+00:00","og_image":[{"width":1800,"height":1200,"url":"https:\/\/gradido.net\/wp-content\/uploads\/2023\/09\/Kutscherin_1800.jpg","type":"image\/jpeg"}],"author":"Bernd H\u00fcckst\u00e4dt","twitter_card":"summary_large_image","twitter_misc":{"Verfasst von":"Bernd H\u00fcckst\u00e4dt","Gesch\u00e4tzte Lesezeit":"5\u00a0Minuten"},"schema":{"@context":"https:\/\/schema.org","@graph":[{"@type":"Article","@id":"https:\/\/gradido.net\/lieblingsstadt-13-mit-freunden-unterwegs-der-ehrenamtliche-fahrdienst-lieblingsstaedter-kutscher\/#article","isPartOf":{"@id":"https:\/\/gradido.net\/lieblingsstadt-13-mit-freunden-unterwegs-der-ehrenamtliche-fahrdienst-lieblingsstaedter-kutscher\/"},"author":{"name":"Bernd H\u00fcckst\u00e4dt","@id":"https:\/\/gradido.net\/de\/#\/schema\/person\/9c503a004ad15a1ddecadce2218db5d1"},"headline":"Lieblingsstadt 13 \u2013 Mit Freu(n)den unterwegs: Der Ehrenamtliche Fahrdienst \u201aLieblingsst\u00e4dter Kutscher\u2018","datePublished":"2023-09-25T04:55:22+00:00","dateModified":"2026-04-23T05:06:15+00:00","mainEntityOfPage":{"@id":"https:\/\/gradido.net\/lieblingsstadt-13-mit-freunden-unterwegs-der-ehrenamtliche-fahrdienst-lieblingsstaedter-kutscher\/"},"wordCount":752,"publisher":{"@id":"https:\/\/gradido.net\/de\/#organization"},"image":{"@id":"https:\/\/gradido.net\/lieblingsstadt-13-mit-freunden-unterwegs-der-ehrenamtliche-fahrdienst-lieblingsstaedter-kutscher\/#primaryimage"},"thumbnailUrl":"https:\/\/gradido.net\/wp-content\/uploads\/2023\/09\/Kutscherin_1800.jpg","articleSection":["Blog","Lieblingsstadt"],"inLanguage":"de"},{"@type":"WebPage","@id":"https:\/\/gradido.net\/lieblingsstadt-13-mit-freunden-unterwegs-der-ehrenamtliche-fahrdienst-lieblingsstaedter-kutscher\/","url":"https:\/\/gradido.net\/lieblingsstadt-13-mit-freunden-unterwegs-der-ehrenamtliche-fahrdienst-lieblingsstaedter-kutscher\/","name":"Lieblingsstadt 13 \u2013 Mit Freu(n)den unterwegs: Der Ehrenamtliche Fahrdienst \u201aLieblingsst\u00e4dter Kutscher\u2018 - Gradido","isPartOf":{"@id":"https:\/\/gradido.net\/de\/#website"},"primaryImageOfPage":{"@id":"https:\/\/gradido.net\/lieblingsstadt-13-mit-freunden-unterwegs-der-ehrenamtliche-fahrdienst-lieblingsstaedter-kutscher\/#primaryimage"},"image":{"@id":"https:\/\/gradido.net\/lieblingsstadt-13-mit-freunden-unterwegs-der-ehrenamtliche-fahrdienst-lieblingsstaedter-kutscher\/#primaryimage"},"thumbnailUrl":"https:\/\/gradido.net\/wp-content\/uploads\/2023\/09\/Kutscherin_1800.jpg","datePublished":"2023-09-25T04:55:22+00:00","dateModified":"2026-04-23T05:06:15+00:00","description":"Freiwillige Helfer fahren Menschen durch die Stadt und die umliegenden D\u00f6rfer. Sie fahren \u00e4ltere Menschen zum Arzt, holen Kinder von der Schule ab und bringen Berufst\u00e4tige sicher zur Arbeit. Sie organisieren Einkaufsdienste und vieles mehr.","breadcrumb":{"@id":"https:\/\/gradido.net\/lieblingsstadt-13-mit-freunden-unterwegs-der-ehrenamtliche-fahrdienst-lieblingsstaedter-kutscher\/#breadcrumb"},"inLanguage":"de","potentialAction":[{"@type":"ReadAction","target":["https:\/\/gradido.net\/lieblingsstadt-13-mit-freunden-unterwegs-der-ehrenamtliche-fahrdienst-lieblingsstaedter-kutscher\/"]}]},{"@type":"ImageObject","inLanguage":"de","@id":"https:\/\/gradido.net\/lieblingsstadt-13-mit-freunden-unterwegs-der-ehrenamtliche-fahrdienst-lieblingsstaedter-kutscher\/#primaryimage","url":"https:\/\/gradido.net\/wp-content\/uploads\/2023\/09\/Kutscherin_1800.jpg","contentUrl":"https:\/\/gradido.net\/wp-content\/uploads\/2023\/09\/Kutscherin_1800.jpg","width":1800,"height":1200},{"@type":"BreadcrumbList","@id":"https:\/\/gradido.net\/lieblingsstadt-13-mit-freunden-unterwegs-der-ehrenamtliche-fahrdienst-lieblingsstaedter-kutscher\/#breadcrumb","itemListElement":[{"@type":"ListItem","position":1,"name":"Startseite","item":"https:\/\/gradido.net\/"},{"@type":"ListItem","position":2,"name":"Lieblingsstadt 13 \u2013 Mit Freu(n)den unterwegs: Der Ehrenamtliche Fahrdienst \u201aLieblingsst\u00e4dter Kutscher\u2018"}]},{"@type":"WebSite","@id":"https:\/\/gradido.net\/de\/#website","url":"https:\/\/gradido.net\/de\/","name":"Gradido","description":"Die neue W\u00e4hrung hei\u00dft Dankbarkeit","publisher":{"@id":"https:\/\/gradido.net\/de\/#organization"},"potentialAction":[{"@type":"SearchAction","target":{"@type":"EntryPoint","urlTemplate":"https:\/\/gradido.net\/de\/?s={search_term_string}"},"query-input":{"@type":"PropertyValueSpecification","valueRequired":true,"valueName":"search_term_string"}}],"inLanguage":"de"},{"@type":"Organization","@id":"https:\/\/gradido.net\/de\/#organization","name":"Gradido","url":"https:\/\/gradido.net\/de\/","logo":{"@type":"ImageObject","inLanguage":"de","@id":"https:\/\/gradido.net\/de\/#\/schema\/logo\/image\/","url":"https:\/\/gradido.net\/wp-content\/uploads\/2022\/04\/gradido-social.jpg","contentUrl":"https:\/\/gradido.net\/wp-content\/uploads\/2022\/04\/gradido-social.jpg","width":527,"height":273,"caption":"Gradido"},"image":{"@id":"https:\/\/gradido.net\/de\/#\/schema\/logo\/image\/"}},{"@type":"Person","@id":"https:\/\/gradido.net\/de\/#\/schema\/person\/9c503a004ad15a1ddecadce2218db5d1","name":"Bernd H\u00fcckst\u00e4dt","sameAs":["https:\/\/gradido.net"],"url":"https:\/\/gradido.net\/de\/author\/bernd\/"}]}},"_links":{"self":[{"href":"https:\/\/gradido.net\/de\/wp-json\/wp\/v2\/posts\/7693","targetHints":{"allow":["GET"]}}],"collection":[{"href":"https:\/\/gradido.net\/de\/wp-json\/wp\/v2\/posts"}],"about":[{"href":"https:\/\/gradido.net\/de\/wp-json\/wp\/v2\/types\/post"}],"author":[{"embeddable":true,"href":"https:\/\/gradido.net\/de\/wp-json\/wp\/v2\/users\/2"}],"replies":[{"embeddable":true,"href":"https:\/\/gradido.net\/de\/wp-json\/wp\/v2\/comments?post=7693"}],"version-history":[{"count":43,"href":"https:\/\/gradido.net\/de\/wp-json\/wp\/v2\/posts\/7693\/revisions"}],"predecessor-version":[{"id":13537,"href":"https:\/\/gradido.net\/de\/wp-json\/wp\/v2\/posts\/7693\/revisions\/13537"}],"wp:featuredmedia":[{"embeddable":true,"href":"https:\/\/gradido.net\/de\/wp-json\/wp\/v2\/media\/7694"}],"wp:attachment":[{"href":"https:\/\/gradido.net\/de\/wp-json\/wp\/v2\/media?parent=7693"}],"wp:term":[{"taxonomy":"category","embeddable":true,"href":"https:\/\/gradido.net\/de\/wp-json\/wp\/v2\/categories?post=7693"},{"taxonomy":"post_tag","embeddable":true,"href":"https:\/\/gradido.net\/de\/wp-json\/wp\/v2\/tags?post=7693"}],"curies":[{"name":"wp","href":"https:\/\/api.w.org\/{rel}","templated":true}]}}