{"id":7720,"date":"2023-09-27T15:32:45","date_gmt":"2023-09-27T13:32:45","guid":{"rendered":"https:\/\/gradido.net\/?p=7720"},"modified":"2026-04-23T07:11:58","modified_gmt":"2026-04-23T05:11:58","slug":"lieblingsstadt-14-trotz-lehrermangel-schueler-werden-zu-genies","status":"publish","type":"post","link":"https:\/\/gradido.net\/de\/lieblingsstadt-14-trotz-lehrermangel-schueler-werden-zu-genies\/","title":{"rendered":"Lieblingsstadt 14 \u2013 Trotz Lehrkr\u00e4ftemangel: Sch\u00fcler werden zu Genies"},"content":{"rendered":"\t\t<div data-elementor-type=\"wp-post\" data-elementor-id=\"7720\" class=\"elementor elementor-7720\" data-elementor-post-type=\"post\">\n\t\t\t\t\t\t<section class=\"elementor-section elementor-top-section elementor-element elementor-element-496e1d53 elementor-section-boxed elementor-section-height-default elementor-section-height-default\" data-id=\"496e1d53\" data-element_type=\"section\" data-e-type=\"section\">\n\t\t\t\t\t\t<div class=\"elementor-container elementor-column-gap-default\">\n\t\t\t\t\t<div class=\"elementor-column elementor-col-100 elementor-top-column elementor-element elementor-element-461d7be0\" data-id=\"461d7be0\" data-element_type=\"column\" data-e-type=\"column\">\n\t\t\t<div class=\"elementor-widget-wrap elementor-element-populated\">\n\t\t\t\t\t\t<div class=\"elementor-element elementor-element-cd9ebe2 elementor-widget elementor-widget-text-editor\" data-id=\"cd9ebe2\" data-element_type=\"widget\" data-e-type=\"widget\" data-widget_type=\"text-editor.default\">\n\t\t\t\t<div class=\"elementor-widget-container\">\n\t\t\t\t\t\t\t\t\t<p style=\"text-align: right;\"><em>\u00bbWenn wir dieses Lernsystem in unseren Schulen anwenden, dann wird Lieblingsstadt in die Geschichte eingehen. Denn was wir k\u00f6nnen, das k\u00f6nnen alle Menschen. Eine neue Generation von Genies w\u00e4chst heran, die in der Lage sind, gemeinsam die gro\u00dfen Probleme dieser Welt zu l\u00f6sen!\u00ab<\/em><\/p><p>Liebe Leserin, lieber Leser,<\/p><p>in Deutschland herrscht Lehrkr\u00e4ftemangel. Laut PISA-Studie\u00a0 k\u00f6nnen ein Viertel der Sch\u00fcler nicht richtig lesen, schreiben und rechnen. Auch in Lieblingsstadt ist das sp\u00fcrbar. F\u00fcr Michael Miteinand, den engagierten B\u00fcrgermeister der Stadt, ein untragbarer Zustand.<\/p><p>Gemeinsam mit Sibylle Lernfroh, der Leiterin der Gesamtschule, ruft er sein Expertenteam zu einer Krisensitzung zusammen. Mit eingeladen sind Unternehmer, engagierte Eltern und Vertreter des Lieblingsst\u00e4dter Bildungsvereins. Michael will Lieblingsstadt zu einem Aush\u00e4ngeschild f\u00fcr ausgezeichnete Bildung machen.<\/p><p>Kerstin Frank, Mutter von drei Kindern und Vorsitzende des Bildungsvereins, meldet sich zu Wort. Sie erz\u00e4hlt, dass der Verein eine freie Schule gr\u00fcnden will. Dort sollen die Kinder gehirngerecht und mit Freude aufs Leben vorbereitet werden. Die b\u00fcrokratischen H\u00fcrden f\u00fcr eine Schulgr\u00fcndung seien allerdings sehr gro\u00df.<\/p><p>\u201cWas soll da anders gemacht werden, als in unseren Schulen?\u201d will Michael wissen.<\/p><h2>Weltbeste Lern-Methoden zu einem System zusammengef\u00fcgt<\/h2><p>Kerstin berichtet von einem anderen Bildungsverein, dessen Gr\u00fcnder die weltweit besten Lern-Techniken zusammengetragen hat und diese mit viel Erfolg an die Sch\u00fcler vermittelt.\u00a0<\/p><p>Bew\u00e4hrte Memo-Techniken f\u00fcr Namen, Geschichte und Fremdsprachen, Mathematik, Wurzel ziehen im Kopf, meisterhaftes Zahlenged\u00e4chtnis und vieles mehr \u2013 kombiniert zu einem Lernsystem, mit dem sich Sch\u00fcler und Erwachsene so ziemlich alles Wissen in k\u00fcrzester Zeit aneignen k\u00f6nnen.\u00a0<\/p><p>In hunderten von Vortr\u00e4gen vor tausenden Sch\u00fclern, Lehrern und Eltern zeigt sich immer wieder, dass jedes Kind den normalen Schulstoff in einer Stunde pro Tag spielerisch und mit viel Spa\u00df erlernen kann.<\/p><p><strong>Hunderte Lernvideos f\u00fcr alle m\u00f6glichen F\u00e4cher stellt der Verein bereits kostenfrei zur Verf\u00fcgung. Die Videos haben sich w\u00e4hrend der Lockdowns bestens bew\u00e4hrt. Sie werden laufend erg\u00e4nzt, sodass inzwischen praktisch f\u00fcr alle Schulf\u00e4cher Videos verf\u00fcgbar sind.<\/strong><\/p><p>Der Verein bekommt laufend Dankesbriefe von Sch\u00fclerinnen und Sch\u00fclern, die sinngem\u00e4\u00df schreiben: <strong>&#8220;Fr\u00fcher dachte ich, ich sei ein Idiot. Jetzt wei\u00df ich, dass ich ein Genie bin!\u201d<\/strong><\/p><p>Im deutschsprachigen Raum bilden sich zahlreiche Initiativen, die freie Schulen nach diesem System gr\u00fcnden wollen. Die Hauptschwierigkeiten seien dabei allerdings die gesetzlichen Auflagen. Wenn Schulprojekte scheitern, dann nicht an schulischen Herausforderungen, sondern an rechtlichen Problemen.<\/p><p>\u201cUnd diese Methoden funktionieren wirklich so gut?\u201d fragt Sibylle.<\/p><h2>Tausendfach erprobt \u2013 es funktioniert bei allen<\/h2><p>\u201cJa, definitiv bei allen Sch\u00fclern. Das Konzept ist schon tausendfach erprobt. Manche Sch\u00fcler brauchen vielleicht mal eine halbe Stunde l\u00e4nger, aber das sollte kein Problem sein&#8221;, erkl\u00e4rt Kerstin.<\/p><p>\u201cWas w\u00e4re, wenn wir dieses Lernsystem in unseren Schulen einsetzen w\u00fcrden?\u201d will Michael wissen, \u201cdann braucht Ihr keine eigene Schule gr\u00fcnden und alle Lieblingsst\u00e4dter Sch\u00fcler werden Genies?\u201d<\/p>\t\t\t\t\t\t\t\t<\/div>\n\t\t\t\t<\/div>\n\t\t\t\t<div class=\"elementor-element elementor-element-b482206 elementor-widget elementor-widget-image\" data-id=\"b482206\" data-element_type=\"widget\" data-e-type=\"widget\" data-widget_type=\"image.default\">\n\t\t\t\t<div class=\"elementor-widget-container\">\n\t\t\t\t\t\t\t\t\t\t\t\t\t\t\t<img fetchpriority=\"high\" decoding=\"async\" width=\"500\" height=\"312\" src=\"https:\/\/gradido.net\/wp-content\/uploads\/2023\/09\/Erde_500.jpg\" class=\"attachment-full size-full wp-image-7729\" alt=\"\" srcset=\"https:\/\/gradido.net\/wp-content\/uploads\/2023\/09\/Erde_500.jpg 500w, https:\/\/gradido.net\/wp-content\/uploads\/2023\/09\/Erde_500-300x187.jpg 300w, https:\/\/gradido.net\/wp-content\/uploads\/2023\/09\/Erde_500-18x12.jpg 18w\" sizes=\"(max-width: 500px) 100vw, 500px\" \/>\t\t\t\t\t\t\t\t\t\t\t\t\t\t\t<\/div>\n\t\t\t\t<\/div>\n\t\t\t\t<div class=\"elementor-element elementor-element-c5e61d4 elementor-widget elementor-widget-text-editor\" data-id=\"c5e61d4\" data-element_type=\"widget\" data-e-type=\"widget\" data-widget_type=\"text-editor.default\">\n\t\t\t\t<div class=\"elementor-widget-container\">\n\t\t\t\t\t\t\t\t\t<p>Kerstin denkt nach: <br \/><strong>\u201dWenn wir dieses Lernsystem in unseren Schulen anwenden, dann wird Lieblingsstadt in die Geschichte eingehen. Denn was wir k\u00f6nnen, das k\u00f6nnen alle Menschen. Eine neue Generation von Genies w\u00e4chst heran, die in der Lage sind, gemeinsam die gro\u00dfen Probleme dieser Welt zu l\u00f6sen!\u201d<\/strong><\/p><p>Auf einmal wird es still \u2013 man h\u00e4tte eine Stecknadel fallen h\u00f6ren k\u00f6nnen.<\/p><p>Nach einer Weile bricht Siegbert, der Stadtk\u00e4mmerer, das Schweigen:<br \/>\u201cWenn das wirklich funktioniert und die Sch\u00fcler nur eine Stunde am Tag lernen m\u00fcssen, was machen sie dann am Rest des Tages? Schlie\u00dflich haben wir eine Aufsichtspflicht.\u201d<\/p><p>\u201cDa die Sch\u00fcler ihr Pflichtprogramm bereits in einer Stunde erledigt haben, entscheiden sie selbst, was sie zus\u00e4tzlich f\u00fcrs Leben lernen wollen&#8221;, erwidert Kerstin. \u201cDas kann individuell sehr verschieden sein.<\/p>\t\t\t\t\t\t\t\t<\/div>\n\t\t\t\t<\/div>\n\t\t\t\t<div class=\"elementor-element elementor-element-0370142 elementor-widget elementor-widget-image\" data-id=\"0370142\" data-element_type=\"widget\" data-e-type=\"widget\" data-widget_type=\"image.default\">\n\t\t\t\t<div class=\"elementor-widget-container\">\n\t\t\t\t\t\t\t\t\t\t\t\t\t\t\t<img decoding=\"async\" width=\"500\" height=\"312\" src=\"https:\/\/gradido.net\/wp-content\/uploads\/2023\/09\/Schulgarten_500.jpg\" class=\"attachment-full size-full wp-image-7733\" alt=\"\" srcset=\"https:\/\/gradido.net\/wp-content\/uploads\/2023\/09\/Schulgarten_500.jpg 500w, https:\/\/gradido.net\/wp-content\/uploads\/2023\/09\/Schulgarten_500-300x187.jpg 300w, https:\/\/gradido.net\/wp-content\/uploads\/2023\/09\/Schulgarten_500-18x12.jpg 18w\" sizes=\"(max-width: 500px) 100vw, 500px\" \/>\t\t\t\t\t\t\t\t\t\t\t\t\t\t\t<\/div>\n\t\t\t\t<\/div>\n\t\t\t\t<div class=\"elementor-element elementor-element-72613e6 elementor-widget elementor-widget-text-editor\" data-id=\"72613e6\" data-element_type=\"widget\" data-e-type=\"widget\" data-widget_type=\"text-editor.default\">\n\t\t\t\t<div class=\"elementor-widget-container\">\n\t\t\t\t\t\t\t\t\t<p>Einige Sch\u00fcler werden in der Solidarischen Landwirtschaft lernen, wie man Nahrung anbaut, um sich und andere gesund zu ern\u00e4hren\u2026<\/p><p>\u2026andere schnuppern einfach mal in der B\u00e4ckerei oder in der Autowerkstatt\u2026<\/p>\t\t\t\t\t\t\t\t<\/div>\n\t\t\t\t<\/div>\n\t\t\t\t<div class=\"elementor-element elementor-element-1abcc0e elementor-widget elementor-widget-image\" data-id=\"1abcc0e\" data-element_type=\"widget\" data-e-type=\"widget\" data-widget_type=\"image.default\">\n\t\t\t\t<div class=\"elementor-widget-container\">\n\t\t\t\t\t\t\t\t\t\t\t\t\t\t\t<img decoding=\"async\" width=\"500\" height=\"312\" src=\"https:\/\/gradido.net\/wp-content\/uploads\/2023\/09\/Ma\u0308dchen_Werkstatt_500.jpg\" class=\"attachment-full size-full wp-image-7734\" alt=\"\" srcset=\"https:\/\/gradido.net\/wp-content\/uploads\/2023\/09\/Ma\u0308dchen_Werkstatt_500.jpg 500w, https:\/\/gradido.net\/wp-content\/uploads\/2023\/09\/Ma\u0308dchen_Werkstatt_500-300x187.jpg 300w, https:\/\/gradido.net\/wp-content\/uploads\/2023\/09\/Ma\u0308dchen_Werkstatt_500-18x12.jpg 18w\" sizes=\"(max-width: 500px) 100vw, 500px\" \/>\t\t\t\t\t\t\t\t\t\t\t\t\t\t\t<\/div>\n\t\t\t\t<\/div>\n\t\t\t\t<div class=\"elementor-element elementor-element-1e0b13e elementor-widget elementor-widget-text-editor\" data-id=\"1e0b13e\" data-element_type=\"widget\" data-e-type=\"widget\" data-widget_type=\"text-editor.default\">\n\t\t\t\t<div class=\"elementor-widget-container\">\n\t\t\t\t\t\t\t\t\t<p>Je nach Alter und Interesse sind sie eingeladen, Praktika bei unseren Unternehmen zu machen, um die unterschiedlichsten Berufe kennenzulernen.&#8221;<\/p>\t\t\t\t\t\t\t\t<\/div>\n\t\t\t\t<\/div>\n\t\t\t\t<div class=\"elementor-element elementor-element-c660b78 elementor-widget elementor-widget-image\" data-id=\"c660b78\" data-element_type=\"widget\" data-e-type=\"widget\" data-widget_type=\"image.default\">\n\t\t\t\t<div class=\"elementor-widget-container\">\n\t\t\t\t\t\t\t\t\t\t\t\t\t\t\t<img loading=\"lazy\" decoding=\"async\" width=\"500\" height=\"312\" src=\"https:\/\/gradido.net\/wp-content\/uploads\/2023\/09\/Ma\u0308dchen_Maurer_500.jpg\" class=\"attachment-full size-full wp-image-7741\" alt=\"\" srcset=\"https:\/\/gradido.net\/wp-content\/uploads\/2023\/09\/Ma\u0308dchen_Maurer_500.jpg 500w, https:\/\/gradido.net\/wp-content\/uploads\/2023\/09\/Ma\u0308dchen_Maurer_500-300x187.jpg 300w, https:\/\/gradido.net\/wp-content\/uploads\/2023\/09\/Ma\u0308dchen_Maurer_500-18x12.jpg 18w\" sizes=\"(max-width: 500px) 100vw, 500px\" \/>\t\t\t\t\t\t\t\t\t\t\t\t\t\t\t<\/div>\n\t\t\t\t<\/div>\n\t\t\t\t<div class=\"elementor-element elementor-element-5b36741 elementor-widget elementor-widget-text-editor\" data-id=\"5b36741\" data-element_type=\"widget\" data-e-type=\"widget\" data-widget_type=\"text-editor.default\">\n\t\t\t\t<div class=\"elementor-widget-container\">\n\t\t\t\t\t\t\t\t\t<p>\u201cWer will, kann bei uns ein oder mehrere Handwerke erlernen&#8221;, meint Robert, ein Bauunternehmer.<\/p>\t\t\t\t\t\t\t\t<\/div>\n\t\t\t\t<\/div>\n\t\t\t\t<div class=\"elementor-element elementor-element-dcfb713 elementor-widget elementor-widget-image\" data-id=\"dcfb713\" data-element_type=\"widget\" data-e-type=\"widget\" data-widget_type=\"image.default\">\n\t\t\t\t<div class=\"elementor-widget-container\">\n\t\t\t\t\t\t\t\t\t\t\t\t\t\t\t<img loading=\"lazy\" decoding=\"async\" width=\"500\" height=\"312\" src=\"https:\/\/gradido.net\/wp-content\/uploads\/2023\/09\/Tonstudio_500.jpg\" class=\"attachment-full size-full wp-image-7742\" alt=\"\" srcset=\"https:\/\/gradido.net\/wp-content\/uploads\/2023\/09\/Tonstudio_500.jpg 500w, https:\/\/gradido.net\/wp-content\/uploads\/2023\/09\/Tonstudio_500-300x187.jpg 300w, https:\/\/gradido.net\/wp-content\/uploads\/2023\/09\/Tonstudio_500-18x12.jpg 18w\" sizes=\"(max-width: 500px) 100vw, 500px\" \/>\t\t\t\t\t\t\t\t\t\t\t\t\t\t\t<\/div>\n\t\t\t\t<\/div>\n\t\t\t\t<div class=\"elementor-element elementor-element-e572983 elementor-widget elementor-widget-text-editor\" data-id=\"e572983\" data-element_type=\"widget\" data-e-type=\"widget\" data-widget_type=\"text-editor.default\">\n\t\t\t\t<div class=\"elementor-widget-container\">\n\t\t\t\t\t\t\t\t\t<p>\u201cAuch Kunst, Kultur und Sport k\u00f6nnen faszinieren\u201d, freut sich Simon, der Kulturdezernent von Lieblingsstadt, \u201cMalerei, Bildhauerei, Musik, Theater, Kino, Performance\u2026 das begeistert viele junge Leute, ganz zu schweigen von dem gro\u00dfartigen sportlichen Angebot in unserer Stadt.\u201d<\/p><p>\u201cSo gestalten die jungen Menschen aktiv ihre \u201aLieblingsstadt\u2018, in der sie sp\u00e4ter auch als Erwachsene mit Freude leben werden!\u201d begeistert sich\u00a0 Michael.<\/p><p>\u201cBrauchen wir dazu zus\u00e4tzliche Lehrkr\u00e4fte?\u201d fragt Siegbert.<\/p><p>\u201cVom Bildungsverein werden viele Mitglieder ehrenamtlich als Lernbegleiter mitarbeiten. Auch Peer-to-Peer-Lernen hat sich bestens bew\u00e4hrt, das bedeutet, dass die Sch\u00fcler sich gegenseitig unterrichten\u201d, erkl\u00e4rt Kerstin, \u201cwir brauchen also keine weiteren Lehrer \u2013 im Gegenteil: die Lehrerinnen und Lehrer werden entlastet. Sie k\u00f6nnen sich viel besser den einzelnen Sch\u00fclern widmen.\u201d<\/p><p>\u201cIn den Betrieben werden die Jugendlichen ja auch betreut,\u201d meint Robert, &#8220;Je mehr man den jungen Menschen zutraut, umso selbstverantwortlicher werden sie. Das ist meine Erfahrung.\u201d<\/p><h2>Am Besten lernt man in Projekten<\/h2><p>Siegbert liest in seinen Unterlagen: \u201cLehrerinnen und Lehrer fehlen besonders h\u00e4ufig in den so genannten MINT-F\u00e4chern, also Mathematik, Informatik, Naturwissenschaften und Technik.\u201d<\/p><p>\u201cDiese Themen lernt man am besten in Projekten.\u201d Roman, der Inhaber von LieblingsTEC, einem ortsans\u00e4ssigen Technologieunternehmen, wei\u00df, wovon er spricht. Er ist Gr\u00fcnder des Vereins KidsTEC e.V., in dem sich technisch begabte Kinder und Jugendliche in agilen Teams zusammenfinden und f\u00fcr die verschiedensten Probleme unkonventionelle L\u00f6sungen entwickeln. Sie haben schon mehrere Preise bei \u201aJugend Forscht\u2018 und \u00e4hnlichen Wettbewerben abger\u00e4umt.\u00a0<\/p><p>\u201cDie jungen Leute bringen uns immer wieder zum Staunen&#8221;, erg\u00e4nzt Roman, \u201cmeist sind wir es, die von ihnen lernen und nicht umgekehrt. Wir Erwachsenen brauchen eigentlich nur die Rahmenbedingungen zu schaffen, und die Kids bringen L\u00f6sungen, die uns im Leben nie eingefallen w\u00e4ren.\u201d<\/p>\t\t\t\t\t\t\t\t<\/div>\n\t\t\t\t<\/div>\n\t\t\t\t<div class=\"elementor-element elementor-element-043c552 elementor-widget elementor-widget-image\" data-id=\"043c552\" data-element_type=\"widget\" data-e-type=\"widget\" data-widget_type=\"image.default\">\n\t\t\t\t<div class=\"elementor-widget-container\">\n\t\t\t\t\t\t\t\t\t\t\t\t\t\t\t<img loading=\"lazy\" decoding=\"async\" width=\"500\" height=\"312\" src=\"https:\/\/gradido.net\/wp-content\/uploads\/2023\/09\/Ma\u0308dchen_Robotic_500.jpg\" class=\"attachment-full size-full wp-image-7743\" alt=\"\" srcset=\"https:\/\/gradido.net\/wp-content\/uploads\/2023\/09\/Ma\u0308dchen_Robotic_500.jpg 500w, https:\/\/gradido.net\/wp-content\/uploads\/2023\/09\/Ma\u0308dchen_Robotic_500-300x187.jpg 300w, https:\/\/gradido.net\/wp-content\/uploads\/2023\/09\/Ma\u0308dchen_Robotic_500-18x12.jpg 18w\" sizes=\"(max-width: 500px) 100vw, 500px\" \/>\t\t\t\t\t\t\t\t\t\t\t\t\t\t\t<\/div>\n\t\t\t\t<\/div>\n\t\t\t\t<div class=\"elementor-element elementor-element-364b916 elementor-widget elementor-widget-text-editor\" data-id=\"364b916\" data-element_type=\"widget\" data-e-type=\"widget\" data-widget_type=\"text-editor.default\">\n\t\t\t\t<div class=\"elementor-widget-container\">\n\t\t\t\t\t\t\t\t\t<p>Roman schl\u00e4gt vor, sich mit MINT-Lehrern, KidsTEC und Sch\u00fclern an einen Tisch zu setzen, um gemeinsam spannende Projekte zu entwerfen. Beim Realisieren der Projekte flie\u00dft der Lehrstoff quasi nebenbei mit ein.\u00a0<\/p><p>\u201cMathe und Naturwissenschaften sind einfach, wenn man sich damit seine W\u00fcnsche erf\u00fcllen kann. Dann feuern die Synapsen im Gehirn, und man lernt in Rekordgeschwindigkeit. Das erleben wir t\u00e4glich bei KidsTEC. Die besten Ideen kommen von den Kids!\u201d<\/p>\t\t\t\t\t\t\t\t<\/div>\n\t\t\t\t<\/div>\n\t\t\t\t<div class=\"elementor-element elementor-element-68f51e6 elementor-widget elementor-widget-image\" data-id=\"68f51e6\" data-element_type=\"widget\" data-e-type=\"widget\" data-widget_type=\"image.default\">\n\t\t\t\t<div class=\"elementor-widget-container\">\n\t\t\t\t\t\t\t\t\t\t\t\t\t\t\t<img loading=\"lazy\" decoding=\"async\" width=\"500\" height=\"312\" src=\"https:\/\/gradido.net\/wp-content\/uploads\/2023\/09\/Junge_Labor_500.jpg\" class=\"attachment-large size-large wp-image-7744\" alt=\"\" srcset=\"https:\/\/gradido.net\/wp-content\/uploads\/2023\/09\/Junge_Labor_500.jpg 500w, https:\/\/gradido.net\/wp-content\/uploads\/2023\/09\/Junge_Labor_500-300x187.jpg 300w, https:\/\/gradido.net\/wp-content\/uploads\/2023\/09\/Junge_Labor_500-18x12.jpg 18w\" sizes=\"(max-width: 500px) 100vw, 500px\" \/>\t\t\t\t\t\t\t\t\t\t\t\t\t\t\t<\/div>\n\t\t\t\t<\/div>\n\t\t\t\t<div class=\"elementor-element elementor-element-97205b6 elementor-widget elementor-widget-text-editor\" data-id=\"97205b6\" data-element_type=\"widget\" data-e-type=\"widget\" data-widget_type=\"text-editor.default\">\n\t\t\t\t<div class=\"elementor-widget-container\">\n\t\t\t\t\t\t\t\t\t<p>Nun kommt Leben in den Saal. Jeder scheint mit jedem zu reden, und die Ideen sprudeln nur so\u2026<\/p><p>\u201cMeine lieben Freunde\u201d, ergreift Michael das Wort, \u201cDas ist fantastisch \u2013 das wird ein weiterer Meilenstein in unserer gro\u00dfen Kooperation!\u201d\u00a0<\/p><p>Nach einer kurzen Gedankenpause f\u00e4hrt er fort:\u00a0<br \/>\u201cUnd wieder haben wir ganz viel Ehrenamtliches Engagement dabei, den Bildungsverein, KidsTEC und selbstverst\u00e4ndlich auch die Sch\u00fcler, die sich in die vielf\u00e4ltigen Projekte einbringen und damit einen riesigen Mehrwert schaffen \u2013 f\u00fcr sich selbst, f\u00fcr die Gemeinschaft und f\u00fcr das Gro\u00dfe Ganze. Nach dem Gradido-Modell werden alle ehrenamtlichen Arbeiten mit 20 Gradido pro Stunde verg\u00fctet \u2013 aktuell noch bis maximal 1000 Gradido pro Kopf im Monat, aber auch hier entwickeln wir weiter.\u201d<\/p>\t\t\t\t\t\t\t\t<\/div>\n\t\t\t\t<\/div>\n\t\t\t\t<div class=\"elementor-element elementor-element-e858257 elementor-widget-divider--view-line elementor-widget elementor-widget-divider\" data-id=\"e858257\" data-element_type=\"widget\" data-e-type=\"widget\" data-widget_type=\"divider.default\">\n\t\t\t\t<div class=\"elementor-widget-container\">\n\t\t\t\t\t\t\t<div class=\"elementor-divider\">\n\t\t\t<span class=\"elementor-divider-separator\">\n\t\t\t\t\t\t<\/span>\n\t\t<\/div>\n\t\t\t\t\t\t<\/div>\n\t\t\t\t<\/div>\n\t\t\t\t<div class=\"elementor-element elementor-element-d74dfa0 elementor-widget elementor-widget-text-editor\" data-id=\"d74dfa0\" data-element_type=\"widget\" data-e-type=\"widget\" data-widget_type=\"text-editor.default\">\n\t\t\t\t<div class=\"elementor-widget-container\">\n\t\t\t\t\t\t\t\t\t<div data-pm-slice=\"1 1 []\" data-en-clipboard=\"true\"><p>Die <strong>\u201aGro\u00dfe Kooperation\u2018<\/strong> bekommt ungeahnte Dimensionen. In der 14. Episode der beliebten Serie <strong>&#8220;Gradido in Lieblingsstadt&#8221; <\/strong>retten die Einwohner von Lieblingsstadt sprichw\u00f6rtlich die Welt \u2013 oder besser gesagt: sie sorgen daf\u00fcr, dass eine Generation von Genies heranw\u00e4chst, die in der Lage sein werden, die gro\u00dfen Probleme der Welt zu l\u00f6sen.<\/p><p>Dabei ist endg\u00fcltig bewiesen, dass Kooperation um ein Vielfaches besser ist als Konkurrenzkampf. Denn, was die Lieblingsst\u00e4dter k\u00f6nnen, das k\u00f6nnen alle Menschen auf der Welt. Und das ist gut so, denn die\u00a0 Menschheitsprobleme l\u00f6sen wir nur gemeinsam.<\/p><p>Auch dieses Bildungsprojekt l\u00e4uft gro\u00dfenteils ehrenamtlich. Mit Hilfe des Ehrenamt-Verg\u00fctungssystems \u201aGradido\u2018 wird die freiwillige Arbeit mit 20 Gradido pro Stunde verg\u00fctet.<\/p><p>F\u00fcr die Gradidos gibt es vielf\u00e4ltige Verg\u00fcnstigungen und Rabatte, die bei den \u00f6rtlichen Gesch\u00e4ften eingel\u00f6st werden k\u00f6nnen. Au\u00dferdem entsteht ein reger Austausch unter den B\u00fcrgern. Dadurch sinken die Kosten f\u00fcr alle Beteiligten, und gro\u00dfartige Projekte werden realisierbar. Eine Win-Win-Win-Situation f\u00fcr alle!<\/p><p><strong>Leite diese Serie gerne an Deine Stadtverwaltung, Vereine und Unternehmen\u00a0 weiter!<\/strong><\/p><p>Mit Gradido und der Gro\u00dfen Kooperation erzeugen wir <strong>Aufw\u00e4rtsspiralen<\/strong> zur positiven nachhaltigen Zukunftsgestaltung. Gemeinsam verwandeln wir unsere St\u00e4dte und Gemeinden zu lebendigen florierenden Oasen \u2013 zu unseren Lieblingspl\u00e4tzen!<\/p><p>Liebe Gr\u00fc\u00dfe<\/p><\/div><p>Deine<\/p><p><img loading=\"lazy\" decoding=\"async\" class=\"alignnone wp-image-4614 size-medium\" src=\"https:\/\/gradido.net\/wp-content\/uploads\/2022\/06\/MargretBernd_2022-300x74.png\" alt=\"\" width=\"300\" height=\"74\" srcset=\"https:\/\/gradido.net\/wp-content\/uploads\/2022\/06\/MargretBernd_2022-300x74.png 300w, https:\/\/gradido.net\/wp-content\/uploads\/2022\/06\/MargretBernd_2022-18x4.png 18w, https:\/\/gradido.net\/wp-content\/uploads\/2022\/06\/MargretBernd_2022.png 431w\" sizes=\"(max-width: 300px) 100vw, 300px\" \/><\/p><p>Margret Baier und Bernd H\u00fcckst\u00e4dt<br \/>Gradido-Gr\u00fcnder und Entwickler<\/p>\t\t\t\t\t\t\t\t<\/div>\n\t\t\t\t<\/div>\n\t\t\t\t\t<\/div>\n\t\t<\/div>\n\t\t\t\t\t<\/div>\n\t\t<\/section>\n\t\t\t\t<section class=\"elementor-section elementor-top-section elementor-element elementor-element-bc5544d elementor-section-boxed elementor-section-height-default elementor-section-height-default\" data-id=\"bc5544d\" data-element_type=\"section\" data-e-type=\"section\">\n\t\t\t\t\t\t<div class=\"elementor-container elementor-column-gap-default\">\n\t\t\t\t\t<div class=\"elementor-column elementor-col-100 elementor-top-column elementor-element elementor-element-0c243ab\" data-id=\"0c243ab\" data-element_type=\"column\" data-e-type=\"column\">\n\t\t\t<div class=\"elementor-widget-wrap elementor-element-populated\">\n\t\t\t\t\t\t<div class=\"elementor-element elementor-element-847da1e elementor-position-inline-start white-links elementor-widget__width-initial elementor-view-default elementor-mobile-position-block-start elementor-widget elementor-widget-icon-box\" data-id=\"847da1e\" data-element_type=\"widget\" data-e-type=\"widget\" data-no-translation=\"\" data-widget_type=\"icon-box.default\">\n\t\t\t\t<div class=\"elementor-widget-container\">\n\t\t\t\t\t\t\t<div class=\"elementor-icon-box-wrapper\">\n\n\t\t\t\t\t\t<div class=\"elementor-icon-box-icon\">\n\t\t\t\t<a href=\"https:\/\/gradido.net\/wp-content\/uploads\/2023\/12\/Gradido_Wegbereiter_einer_neuen_Aera_2023-10-17.pdf\" target=\"_blank\" class=\"elementor-icon\" tabindex=\"-1\" aria-label=\"Lieblingsstadt komplett (alle Folgen)\">\n\t\t\t\t<i aria-hidden=\"true\" class=\"fas fa-file-pdf\"><\/i>\t\t\t\t<\/a>\n\t\t\t<\/div>\n\t\t\t\n\t\t\t\t\t\t<div class=\"elementor-icon-box-content\">\n\n\t\t\t\t\t\t\t\t\t<h4 class=\"elementor-icon-box-title\">\n\t\t\t\t\t\t<a href=\"https:\/\/gradido.net\/wp-content\/uploads\/2023\/12\/Gradido_Wegbereiter_einer_neuen_Aera_2023-10-17.pdf\" target=\"_blank\" >\n\t\t\t\t\t\t\tLieblingsstadt komplett (alle Folgen)\t\t\t\t\t\t<\/a>\n\t\t\t\t\t<\/h4>\n\t\t\t\t\n\t\t\t\t\t\t\t\t\t<p class=\"elementor-icon-box-description\">\n\t\t\t\t\t\tGradido \u2013 Wegbereiter einer neuen \u00c4ra im ehrenamtlichen Engagement\t\t\t\t\t<\/p>\n\t\t\t\t\n\t\t\t<\/div>\n\t\t\t\n\t\t<\/div>\n\t\t\t\t\t\t<\/div>\n\t\t\t\t<\/div>\n\t\t\t\t\t<\/div>\n\t\t<\/div>\n\t\t\t\t\t<\/div>\n\t\t<\/section>\n\t\t\t\t<section class=\"elementor-section elementor-top-section elementor-element elementor-element-14532fe elementor-section-boxed elementor-section-height-default elementor-section-height-default\" data-id=\"14532fe\" data-element_type=\"section\" data-e-type=\"section\">\n\t\t\t\t\t\t<div class=\"elementor-container elementor-column-gap-default\">\n\t\t\t\t\t<div class=\"elementor-column elementor-col-100 elementor-top-column elementor-element elementor-element-65d2298\" data-id=\"65d2298\" data-element_type=\"column\" data-e-type=\"column\">\n\t\t\t<div class=\"elementor-widget-wrap elementor-element-populated\">\n\t\t\t\t\t\t<div class=\"elementor-element elementor-element-42be1cc elementor-widget elementor-widget-global elementor-global-9341 elementor-widget-text-editor\" data-id=\"42be1cc\" data-element_type=\"widget\" data-e-type=\"widget\" data-widget_type=\"text-editor.default\">\n\t\t\t\t<div class=\"elementor-widget-container\">\n\t\t\t\t\t\t\t\t\t<p><strong>PS:\u00a0<span style=\"color: #ff6600;\"><a style=\"color: #ff6600;\" href=\"https:\/\/gradido.net\/donations\/\">Wegen der stetig wachsenden Bedeutung von Gradido wiederholen wir unsere Dankbarkeits-Aktion am 26.Juni 2026:<\/a>\u00a0<\/span><span style=\"color: #0000ff;\"><a style=\"color: #0000ff;\" href=\"https:\/\/gradido.net\/donations\/\">Zus\u00e4tzlich zu den vielfachen GradidoTransform f\u00fcr Deinen F\u00f6rderbeitrag erh\u00f6hen wir am 26.06.26 alle GDT-Kontost\u00e4nde um 26%. F\u00f6rdere jetzt auch Du und komme in den Genuss der vielfachen Menge GDT!<\/a><\/span><\/strong><\/p>\t\t\t\t\t\t\t\t<\/div>\n\t\t\t\t<\/div>\n\t\t\t\t\t<\/div>\n\t\t<\/div>\n\t\t\t\t\t<\/div>\n\t\t<\/section>\n\t\t\t\t<\/div>\n\t\t","protected":false},"excerpt":{"rendered":"<p>In Deutschland herrscht Lehrkr\u00e4ftemangel. Laut PISA-Studie\u00a0 k\u00f6nnen ein Viertel der Sch\u00fcler nicht richtig lesen, schreiben und rechnen. Auch in Lieblingsstadt ist das sp\u00fcrbar. F\u00fcr Michael Miteinand, den engagierten B\u00fcrgermeister der Stadt, ein untragbarer Zustand. Die Lieblingsst\u00e4dter finden die L\u00f6sung.<\/p>\n","protected":false},"author":2,"featured_media":7721,"comment_status":"closed","ping_status":"closed","sticky":false,"template":"","format":"standard","meta":{"footnotes":""},"categories":[11,53],"tags":[],"class_list":["post-7720","post","type-post","status-publish","format-standard","has-post-thumbnail","hentry","category-blog","category-lieblingsstadt"],"yoast_head":"<!-- This site is optimized with the Yoast SEO plugin v27.5 - https:\/\/yoast.com\/product\/yoast-seo-wordpress\/ -->\n<title>Lieblingsstadt 14 \u2013 Trotz Lehrkr\u00e4ftemangel: Sch\u00fcler werden zu Genies - Gradido<\/title>\n<meta name=\"description\" content=\"In Deutschland herrscht Lehrkr\u00e4ftemangel. Laut PISA-Studie\u00a0 k\u00f6nnen ein Viertel der Sch\u00fcler nicht richtig lesen, schreiben und rechnen. Auch in Lieblingsstadt ist das sp\u00fcrbar. F\u00fcr Michael Miteinand, den engagierten B\u00fcrgermeister der Stadt, ein untragbarer Zustand. Die Lieblingsst\u00e4dter finden die L\u00f6sung.\" \/>\n<meta name=\"robots\" content=\"index, follow, max-snippet:-1, max-image-preview:large, max-video-preview:-1\" \/>\n<link rel=\"canonical\" href=\"https:\/\/gradido.net\/de\/lieblingsstadt-14-trotz-lehrermangel-schueler-werden-zu-genies\/\" \/>\n<meta property=\"og:locale\" content=\"de_DE\" \/>\n<meta property=\"og:type\" content=\"article\" \/>\n<meta property=\"og:title\" content=\"Lieblingsstadt 14 \u2013 Trotz Lehrkr\u00e4ftemangel: Sch\u00fcler werden zu Genies - Gradido\" \/>\n<meta property=\"og:description\" content=\"In Deutschland herrscht Lehrkr\u00e4ftemangel. Laut PISA-Studie\u00a0 k\u00f6nnen ein Viertel der Sch\u00fcler nicht richtig lesen, schreiben und rechnen. Auch in Lieblingsstadt ist das sp\u00fcrbar. F\u00fcr Michael Miteinand, den engagierten B\u00fcrgermeister der Stadt, ein untragbarer Zustand. Die Lieblingsst\u00e4dter finden die L\u00f6sung.\" \/>\n<meta property=\"og:url\" content=\"https:\/\/gradido.net\/de\/lieblingsstadt-14-trotz-lehrermangel-schueler-werden-zu-genies\/\" \/>\n<meta property=\"og:site_name\" content=\"Gradido\" \/>\n<meta property=\"article:published_time\" content=\"2023-09-27T13:32:45+00:00\" \/>\n<meta property=\"article:modified_time\" content=\"2026-04-23T05:11:58+00:00\" \/>\n<meta property=\"og:image\" content=\"https:\/\/gradido.net\/wp-content\/uploads\/2023\/09\/Genie_1920.jpg\" \/>\n\t<meta property=\"og:image:width\" content=\"1920\" \/>\n\t<meta property=\"og:image:height\" content=\"1200\" \/>\n\t<meta property=\"og:image:type\" content=\"image\/jpeg\" \/>\n<meta name=\"author\" content=\"Bernd H\u00fcckst\u00e4dt\" \/>\n<meta name=\"twitter:card\" content=\"summary_large_image\" \/>\n<meta name=\"twitter:label1\" content=\"Verfasst von\" \/>\n\t<meta name=\"twitter:data1\" content=\"Bernd H\u00fcckst\u00e4dt\" \/>\n\t<meta name=\"twitter:label2\" content=\"Gesch\u00e4tzte Lesezeit\" \/>\n\t<meta name=\"twitter:data2\" content=\"10\u00a0Minuten\" \/>\n<script type=\"application\/ld+json\" class=\"yoast-schema-graph\">{\"@context\":\"https:\\\/\\\/schema.org\",\"@graph\":[{\"@type\":\"Article\",\"@id\":\"https:\\\/\\\/gradido.net\\\/lieblingsstadt-14-trotz-lehrermangel-schueler-werden-zu-genies\\\/#article\",\"isPartOf\":{\"@id\":\"https:\\\/\\\/gradido.net\\\/lieblingsstadt-14-trotz-lehrermangel-schueler-werden-zu-genies\\\/\"},\"author\":{\"name\":\"Bernd H\u00fcckst\u00e4dt\",\"@id\":\"https:\\\/\\\/gradido.net\\\/de\\\/#\\\/schema\\\/person\\\/9c503a004ad15a1ddecadce2218db5d1\"},\"headline\":\"Lieblingsstadt 14 \u2013 Trotz Lehrkr\u00e4ftemangel: Sch\u00fcler werden zu Genies\",\"datePublished\":\"2023-09-27T13:32:45+00:00\",\"dateModified\":\"2026-04-23T05:11:58+00:00\",\"mainEntityOfPage\":{\"@id\":\"https:\\\/\\\/gradido.net\\\/lieblingsstadt-14-trotz-lehrermangel-schueler-werden-zu-genies\\\/\"},\"wordCount\":1483,\"publisher\":{\"@id\":\"https:\\\/\\\/gradido.net\\\/de\\\/#organization\"},\"image\":{\"@id\":\"https:\\\/\\\/gradido.net\\\/lieblingsstadt-14-trotz-lehrermangel-schueler-werden-zu-genies\\\/#primaryimage\"},\"thumbnailUrl\":\"https:\\\/\\\/gradido.net\\\/wp-content\\\/uploads\\\/2023\\\/09\\\/Genie_1920.jpg\",\"articleSection\":[\"Blog\",\"Lieblingsstadt\"],\"inLanguage\":\"de\"},{\"@type\":\"WebPage\",\"@id\":\"https:\\\/\\\/gradido.net\\\/lieblingsstadt-14-trotz-lehrermangel-schueler-werden-zu-genies\\\/\",\"url\":\"https:\\\/\\\/gradido.net\\\/lieblingsstadt-14-trotz-lehrermangel-schueler-werden-zu-genies\\\/\",\"name\":\"Lieblingsstadt 14 \u2013 Trotz Lehrkr\u00e4ftemangel: Sch\u00fcler werden zu Genies - Gradido\",\"isPartOf\":{\"@id\":\"https:\\\/\\\/gradido.net\\\/de\\\/#website\"},\"primaryImageOfPage\":{\"@id\":\"https:\\\/\\\/gradido.net\\\/lieblingsstadt-14-trotz-lehrermangel-schueler-werden-zu-genies\\\/#primaryimage\"},\"image\":{\"@id\":\"https:\\\/\\\/gradido.net\\\/lieblingsstadt-14-trotz-lehrermangel-schueler-werden-zu-genies\\\/#primaryimage\"},\"thumbnailUrl\":\"https:\\\/\\\/gradido.net\\\/wp-content\\\/uploads\\\/2023\\\/09\\\/Genie_1920.jpg\",\"datePublished\":\"2023-09-27T13:32:45+00:00\",\"dateModified\":\"2026-04-23T05:11:58+00:00\",\"description\":\"In Deutschland herrscht Lehrkr\u00e4ftemangel. Laut PISA-Studie\u00a0 k\u00f6nnen ein Viertel der Sch\u00fcler nicht richtig lesen, schreiben und rechnen. Auch in Lieblingsstadt ist das sp\u00fcrbar. F\u00fcr Michael Miteinand, den engagierten B\u00fcrgermeister der Stadt, ein untragbarer Zustand. Die Lieblingsst\u00e4dter finden die L\u00f6sung.\",\"breadcrumb\":{\"@id\":\"https:\\\/\\\/gradido.net\\\/lieblingsstadt-14-trotz-lehrermangel-schueler-werden-zu-genies\\\/#breadcrumb\"},\"inLanguage\":\"de\",\"potentialAction\":[{\"@type\":\"ReadAction\",\"target\":[\"https:\\\/\\\/gradido.net\\\/lieblingsstadt-14-trotz-lehrermangel-schueler-werden-zu-genies\\\/\"]}]},{\"@type\":\"ImageObject\",\"inLanguage\":\"de\",\"@id\":\"https:\\\/\\\/gradido.net\\\/lieblingsstadt-14-trotz-lehrermangel-schueler-werden-zu-genies\\\/#primaryimage\",\"url\":\"https:\\\/\\\/gradido.net\\\/wp-content\\\/uploads\\\/2023\\\/09\\\/Genie_1920.jpg\",\"contentUrl\":\"https:\\\/\\\/gradido.net\\\/wp-content\\\/uploads\\\/2023\\\/09\\\/Genie_1920.jpg\",\"width\":1920,\"height\":1200},{\"@type\":\"BreadcrumbList\",\"@id\":\"https:\\\/\\\/gradido.net\\\/lieblingsstadt-14-trotz-lehrermangel-schueler-werden-zu-genies\\\/#breadcrumb\",\"itemListElement\":[{\"@type\":\"ListItem\",\"position\":1,\"name\":\"Startseite\",\"item\":\"https:\\\/\\\/gradido.net\\\/\"},{\"@type\":\"ListItem\",\"position\":2,\"name\":\"Lieblingsstadt 14 \u2013 Trotz Lehrkr\u00e4ftemangel: Sch\u00fcler werden zu Genies\"}]},{\"@type\":\"WebSite\",\"@id\":\"https:\\\/\\\/gradido.net\\\/de\\\/#website\",\"url\":\"https:\\\/\\\/gradido.net\\\/de\\\/\",\"name\":\"Gradido\",\"description\":\"Die neue W\u00e4hrung hei\u00dft Dankbarkeit\",\"publisher\":{\"@id\":\"https:\\\/\\\/gradido.net\\\/de\\\/#organization\"},\"potentialAction\":[{\"@type\":\"SearchAction\",\"target\":{\"@type\":\"EntryPoint\",\"urlTemplate\":\"https:\\\/\\\/gradido.net\\\/de\\\/?s={search_term_string}\"},\"query-input\":{\"@type\":\"PropertyValueSpecification\",\"valueRequired\":true,\"valueName\":\"search_term_string\"}}],\"inLanguage\":\"de\"},{\"@type\":\"Organization\",\"@id\":\"https:\\\/\\\/gradido.net\\\/de\\\/#organization\",\"name\":\"Gradido\",\"url\":\"https:\\\/\\\/gradido.net\\\/de\\\/\",\"logo\":{\"@type\":\"ImageObject\",\"inLanguage\":\"de\",\"@id\":\"https:\\\/\\\/gradido.net\\\/de\\\/#\\\/schema\\\/logo\\\/image\\\/\",\"url\":\"https:\\\/\\\/gradido.net\\\/wp-content\\\/uploads\\\/2022\\\/04\\\/gradido-social.jpg\",\"contentUrl\":\"https:\\\/\\\/gradido.net\\\/wp-content\\\/uploads\\\/2022\\\/04\\\/gradido-social.jpg\",\"width\":527,\"height\":273,\"caption\":\"Gradido\"},\"image\":{\"@id\":\"https:\\\/\\\/gradido.net\\\/de\\\/#\\\/schema\\\/logo\\\/image\\\/\"}},{\"@type\":\"Person\",\"@id\":\"https:\\\/\\\/gradido.net\\\/de\\\/#\\\/schema\\\/person\\\/9c503a004ad15a1ddecadce2218db5d1\",\"name\":\"Bernd H\u00fcckst\u00e4dt\",\"sameAs\":[\"https:\\\/\\\/gradido.net\"],\"url\":\"https:\\\/\\\/gradido.net\\\/de\\\/author\\\/bernd\\\/\"}]}<\/script>\n<!-- \/ Yoast SEO plugin. -->","yoast_head_json":{"title":"Lieblingsstadt 14 \u2013 Trotz Lehrkr\u00e4ftemangel: Sch\u00fcler werden zu Genies - Gradido","description":"In Deutschland herrscht Lehrkr\u00e4ftemangel. Laut PISA-Studie\u00a0 k\u00f6nnen ein Viertel der Sch\u00fcler nicht richtig lesen, schreiben und rechnen. Auch in Lieblingsstadt ist das sp\u00fcrbar. F\u00fcr Michael Miteinand, den engagierten B\u00fcrgermeister der Stadt, ein untragbarer Zustand. Die Lieblingsst\u00e4dter finden die L\u00f6sung.","robots":{"index":"index","follow":"follow","max-snippet":"max-snippet:-1","max-image-preview":"max-image-preview:large","max-video-preview":"max-video-preview:-1"},"canonical":"https:\/\/gradido.net\/de\/lieblingsstadt-14-trotz-lehrermangel-schueler-werden-zu-genies\/","og_locale":"de_DE","og_type":"article","og_title":"Lieblingsstadt 14 \u2013 Trotz Lehrkr\u00e4ftemangel: Sch\u00fcler werden zu Genies - Gradido","og_description":"In Deutschland herrscht Lehrkr\u00e4ftemangel. Laut PISA-Studie\u00a0 k\u00f6nnen ein Viertel der Sch\u00fcler nicht richtig lesen, schreiben und rechnen. Auch in Lieblingsstadt ist das sp\u00fcrbar. F\u00fcr Michael Miteinand, den engagierten B\u00fcrgermeister der Stadt, ein untragbarer Zustand. Die Lieblingsst\u00e4dter finden die L\u00f6sung.","og_url":"https:\/\/gradido.net\/de\/lieblingsstadt-14-trotz-lehrermangel-schueler-werden-zu-genies\/","og_site_name":"Gradido","article_published_time":"2023-09-27T13:32:45+00:00","article_modified_time":"2026-04-23T05:11:58+00:00","og_image":[{"width":1920,"height":1200,"url":"https:\/\/gradido.net\/wp-content\/uploads\/2023\/09\/Genie_1920.jpg","type":"image\/jpeg"}],"author":"Bernd H\u00fcckst\u00e4dt","twitter_card":"summary_large_image","twitter_misc":{"Verfasst von":"Bernd H\u00fcckst\u00e4dt","Gesch\u00e4tzte Lesezeit":"10\u00a0Minuten"},"schema":{"@context":"https:\/\/schema.org","@graph":[{"@type":"Article","@id":"https:\/\/gradido.net\/lieblingsstadt-14-trotz-lehrermangel-schueler-werden-zu-genies\/#article","isPartOf":{"@id":"https:\/\/gradido.net\/lieblingsstadt-14-trotz-lehrermangel-schueler-werden-zu-genies\/"},"author":{"name":"Bernd H\u00fcckst\u00e4dt","@id":"https:\/\/gradido.net\/de\/#\/schema\/person\/9c503a004ad15a1ddecadce2218db5d1"},"headline":"Lieblingsstadt 14 \u2013 Trotz Lehrkr\u00e4ftemangel: Sch\u00fcler werden zu Genies","datePublished":"2023-09-27T13:32:45+00:00","dateModified":"2026-04-23T05:11:58+00:00","mainEntityOfPage":{"@id":"https:\/\/gradido.net\/lieblingsstadt-14-trotz-lehrermangel-schueler-werden-zu-genies\/"},"wordCount":1483,"publisher":{"@id":"https:\/\/gradido.net\/de\/#organization"},"image":{"@id":"https:\/\/gradido.net\/lieblingsstadt-14-trotz-lehrermangel-schueler-werden-zu-genies\/#primaryimage"},"thumbnailUrl":"https:\/\/gradido.net\/wp-content\/uploads\/2023\/09\/Genie_1920.jpg","articleSection":["Blog","Lieblingsstadt"],"inLanguage":"de"},{"@type":"WebPage","@id":"https:\/\/gradido.net\/lieblingsstadt-14-trotz-lehrermangel-schueler-werden-zu-genies\/","url":"https:\/\/gradido.net\/lieblingsstadt-14-trotz-lehrermangel-schueler-werden-zu-genies\/","name":"Lieblingsstadt 14 \u2013 Trotz Lehrkr\u00e4ftemangel: Sch\u00fcler werden zu Genies - Gradido","isPartOf":{"@id":"https:\/\/gradido.net\/de\/#website"},"primaryImageOfPage":{"@id":"https:\/\/gradido.net\/lieblingsstadt-14-trotz-lehrermangel-schueler-werden-zu-genies\/#primaryimage"},"image":{"@id":"https:\/\/gradido.net\/lieblingsstadt-14-trotz-lehrermangel-schueler-werden-zu-genies\/#primaryimage"},"thumbnailUrl":"https:\/\/gradido.net\/wp-content\/uploads\/2023\/09\/Genie_1920.jpg","datePublished":"2023-09-27T13:32:45+00:00","dateModified":"2026-04-23T05:11:58+00:00","description":"In Deutschland herrscht Lehrkr\u00e4ftemangel. Laut PISA-Studie\u00a0 k\u00f6nnen ein Viertel der Sch\u00fcler nicht richtig lesen, schreiben und rechnen. Auch in Lieblingsstadt ist das sp\u00fcrbar. F\u00fcr Michael Miteinand, den engagierten B\u00fcrgermeister der Stadt, ein untragbarer Zustand. Die Lieblingsst\u00e4dter finden die L\u00f6sung.","breadcrumb":{"@id":"https:\/\/gradido.net\/lieblingsstadt-14-trotz-lehrermangel-schueler-werden-zu-genies\/#breadcrumb"},"inLanguage":"de","potentialAction":[{"@type":"ReadAction","target":["https:\/\/gradido.net\/lieblingsstadt-14-trotz-lehrermangel-schueler-werden-zu-genies\/"]}]},{"@type":"ImageObject","inLanguage":"de","@id":"https:\/\/gradido.net\/lieblingsstadt-14-trotz-lehrermangel-schueler-werden-zu-genies\/#primaryimage","url":"https:\/\/gradido.net\/wp-content\/uploads\/2023\/09\/Genie_1920.jpg","contentUrl":"https:\/\/gradido.net\/wp-content\/uploads\/2023\/09\/Genie_1920.jpg","width":1920,"height":1200},{"@type":"BreadcrumbList","@id":"https:\/\/gradido.net\/lieblingsstadt-14-trotz-lehrermangel-schueler-werden-zu-genies\/#breadcrumb","itemListElement":[{"@type":"ListItem","position":1,"name":"Startseite","item":"https:\/\/gradido.net\/"},{"@type":"ListItem","position":2,"name":"Lieblingsstadt 14 \u2013 Trotz Lehrkr\u00e4ftemangel: Sch\u00fcler werden zu Genies"}]},{"@type":"WebSite","@id":"https:\/\/gradido.net\/de\/#website","url":"https:\/\/gradido.net\/de\/","name":"Gradido","description":"Die neue W\u00e4hrung hei\u00dft Dankbarkeit","publisher":{"@id":"https:\/\/gradido.net\/de\/#organization"},"potentialAction":[{"@type":"SearchAction","target":{"@type":"EntryPoint","urlTemplate":"https:\/\/gradido.net\/de\/?s={search_term_string}"},"query-input":{"@type":"PropertyValueSpecification","valueRequired":true,"valueName":"search_term_string"}}],"inLanguage":"de"},{"@type":"Organization","@id":"https:\/\/gradido.net\/de\/#organization","name":"Gradido","url":"https:\/\/gradido.net\/de\/","logo":{"@type":"ImageObject","inLanguage":"de","@id":"https:\/\/gradido.net\/de\/#\/schema\/logo\/image\/","url":"https:\/\/gradido.net\/wp-content\/uploads\/2022\/04\/gradido-social.jpg","contentUrl":"https:\/\/gradido.net\/wp-content\/uploads\/2022\/04\/gradido-social.jpg","width":527,"height":273,"caption":"Gradido"},"image":{"@id":"https:\/\/gradido.net\/de\/#\/schema\/logo\/image\/"}},{"@type":"Person","@id":"https:\/\/gradido.net\/de\/#\/schema\/person\/9c503a004ad15a1ddecadce2218db5d1","name":"Bernd H\u00fcckst\u00e4dt","sameAs":["https:\/\/gradido.net"],"url":"https:\/\/gradido.net\/de\/author\/bernd\/"}]}},"_links":{"self":[{"href":"https:\/\/gradido.net\/de\/wp-json\/wp\/v2\/posts\/7720","targetHints":{"allow":["GET"]}}],"collection":[{"href":"https:\/\/gradido.net\/de\/wp-json\/wp\/v2\/posts"}],"about":[{"href":"https:\/\/gradido.net\/de\/wp-json\/wp\/v2\/types\/post"}],"author":[{"embeddable":true,"href":"https:\/\/gradido.net\/de\/wp-json\/wp\/v2\/users\/2"}],"replies":[{"embeddable":true,"href":"https:\/\/gradido.net\/de\/wp-json\/wp\/v2\/comments?post=7720"}],"version-history":[{"count":70,"href":"https:\/\/gradido.net\/de\/wp-json\/wp\/v2\/posts\/7720\/revisions"}],"predecessor-version":[{"id":13536,"href":"https:\/\/gradido.net\/de\/wp-json\/wp\/v2\/posts\/7720\/revisions\/13536"}],"wp:featuredmedia":[{"embeddable":true,"href":"https:\/\/gradido.net\/de\/wp-json\/wp\/v2\/media\/7721"}],"wp:attachment":[{"href":"https:\/\/gradido.net\/de\/wp-json\/wp\/v2\/media?parent=7720"}],"wp:term":[{"taxonomy":"category","embeddable":true,"href":"https:\/\/gradido.net\/de\/wp-json\/wp\/v2\/categories?post=7720"},{"taxonomy":"post_tag","embeddable":true,"href":"https:\/\/gradido.net\/de\/wp-json\/wp\/v2\/tags?post=7720"}],"curies":[{"name":"wp","href":"https:\/\/api.w.org\/{rel}","templated":true}]}}