{"id":7136,"date":"2023-08-16T16:48:17","date_gmt":"2023-08-16T14:48:17","guid":{"rendered":"https:\/\/gradido.net\/?p=7136"},"modified":"2026-04-23T07:15:41","modified_gmt":"2026-04-23T05:15:41","slug":"lieblingsstadt-2-monikas-wandel-von-einsamkeit-zu-gemeinschaft","status":"publish","type":"post","link":"https:\/\/gradido.net\/en\/lieblingsstadt-2-monikas-wandel-von-einsamkeit-zu-gemeinschaft\/","title":{"rendered":"Favorite city 2 - Monika's transformation from loneliness to community"},"content":{"rendered":"<div data-elementor-type=\"wp-post\" data-elementor-id=\"7136\" class=\"elementor elementor-7136\" data-elementor-post-type=\"post\">\n\t\t\t\t\t\t<section class=\"elementor-section elementor-top-section elementor-element elementor-element-496e1d53 elementor-section-boxed elementor-section-height-default elementor-section-height-default\" data-id=\"496e1d53\" data-element_type=\"section\" data-e-type=\"section\">\n\t\t\t\t\t\t<div class=\"elementor-container elementor-column-gap-default\">\n\t\t\t\t\t<div class=\"elementor-column elementor-col-100 elementor-top-column elementor-element elementor-element-461d7be0\" data-id=\"461d7be0\" data-element_type=\"column\" data-e-type=\"column\">\n\t\t\t<div class=\"elementor-widget-wrap elementor-element-populated\">\n\t\t\t\t\t\t<div class=\"elementor-element elementor-element-cd9ebe2 elementor-widget elementor-widget-text-editor\" data-id=\"cd9ebe2\" data-element_type=\"widget\" data-e-type=\"widget\" data-widget_type=\"text-editor.default\">\n\t\t\t\t<div class=\"elementor-widget-container\">\n\t\t\t\t\t\t\t\t\t<p style=\"text-align: right;\"><em>\"Now I feel like I belong again in a wonderful community that values and needs me and my skills.\"<\/em><\/p><p>Dear Reader,<\/p><p>Monika has lived for many years in a small row house on the outskirts of her favorite town. The likeable senior citizen loves peace and quiet, but after the death of her husband, she feels more and more lonely as time goes by. Her friends have either moved away or have already passed away. Days pass slowly and monotonously, and she longs for social interaction and new acquaintances.<\/p><h3>When you think you can't do it anymore....<\/h3><p>Monika has little opportunity to go downtown because she doesn't own a car. Her pension is tight, and she simply can't afford to pay for outings. The idea of meeting other people in caf\u00e9s or restaurants therefore seems increasingly out of reach.<\/p><h3>... a little light comes from somewhere.<\/h3><p>One day, Monika hears about a new kind of compensation system for volunteers called \"Gradido\". It's a thank-you system based on the Gradido model. Both volunteers and older people receive Gradidos as thanks points or thanks currency. The idea sounds promising to Monika.<\/p><p>She researches further and discovers that volunteers organize a driving service to nice meeting places in the city center. At these \"Gradido caf\u00e9s\" you can get coffee, cake or other meals for Gradidos. That sounds perfect for Monika. She could meet people she wouldn't otherwise get to know, and at the same time conserve her limited financial resources.<\/p><p>Monika signs up for the Gradido program as a participant and is contacted shortly after by a friendly volunteer named Stefanie. Stefanie explains the concept to Monika and invites her to a first meeting.<\/p><h3>GradidoCaf\u00e9: new friends and new tasks<\/h3><p>The next day, the time has already come. Monika is waiting excitedly in front of her house. When she sees Stefanie, she immediately feels more at ease. Stefanie drives with Monika to the municipal community center, where \"GradidoCaf\u00e9\" is on the agenda today. Volunteers bring coffee and cake, and many happy people of all ages have already gathered.<\/p><p>Monika takes a seat at a table and notices how lively the place is. People are laughing, talking and sharing stories. Stefanie explains to Monika that this is not just about eating and drinking, but also about sharing needs and skills.<\/p>\t\t\t\t\t\t\t\t<\/div>\n\t\t\t\t<\/div>\n\t\t\t\t<div class=\"elementor-element elementor-element-e51c407 elementor-widget elementor-widget-image\" data-id=\"e51c407\" data-element_type=\"widget\" data-e-type=\"widget\" data-widget_type=\"image.default\">\n\t\t\t\t<div class=\"elementor-widget-container\">\n\t\t\t\t\t\t\t\t\t\t\t\t\t\t\t<img fetchpriority=\"high\" decoding=\"async\" width=\"700\" height=\"700\" src=\"https:\/\/gradido.net\/wp-content\/uploads\/2023\/08\/Cafe1_700.jpg\" class=\"attachment-large size-large wp-image-7143\" alt=\"\" srcset=\"https:\/\/gradido.net\/wp-content\/uploads\/2023\/08\/Cafe1_700.jpg 700w, https:\/\/gradido.net\/wp-content\/uploads\/2023\/08\/Cafe1_700-300x300.jpg 300w, https:\/\/gradido.net\/wp-content\/uploads\/2023\/08\/Cafe1_700-150x150.jpg 150w, https:\/\/gradido.net\/wp-content\/uploads\/2023\/08\/Cafe1_700-12x12.jpg 12w\" sizes=\"(max-width: 700px) 100vw, 700px\" \/>\t\t\t\t\t\t\t\t\t\t\t\t\t\t\t<\/div>\n\t\t\t\t<\/div>\n\t\t\t\t<div class=\"elementor-element elementor-element-06a4667 elementor-widget elementor-widget-text-editor\" data-id=\"06a4667\" data-element_type=\"widget\" data-e-type=\"widget\" data-widget_type=\"text-editor.default\">\n\t\t\t\t<div class=\"elementor-widget-container\">\n\t\t\t\t\t\t\t\t\t<p>While Monika enjoys her coffee, she starts talking to the other guests. She meets a woman named Gabriele who loves to knit and has found some younger people who appreciate her craft skills. Monika used to be a kindergarten teacher and offers to share her experience in childcare. This is enthusiastically accepted by some parents.<\/p><p>Monika can hardly believe it! She has not only found new friends, but also a way to share her talents and experiences with others. The Gradido program meetings have now become regular events in Monika's life. She looks forward to each encounter and the new stories she hears.<\/p><h3>Things are also getting better financially<\/h3><p>Over time, Monika realizes that she has not only overcome her loneliness, but has also significantly improved her financial situation. Through her participation in the program, she collects gradidos that she can exchange for small services and other things. It's a joyful give and receive, with everyone benefiting from the talents and skills of others.<\/p><p>Monika is very grateful for the Gradido program and the possibilities it opens up for her. She is now no longer lonely and finds a new source of joy and fulfillment in the meetings. With each meeting the community grows and Monika feels not only as a recipient but also as an active participant.she feels needed and belonging again.<\/p><h3>A life of joy and mutual support<\/h3><p>The Gradido program has not only changed Monika's life, but also that of many other people who were previously looking for social interaction and meaning in life. Gradido has become an important part of the community, with more and more people coming together to support and learn from each other.<\/p><p>Monika's story is an example of how an innovative compensation system and the sharing of talents and needs can help overcome social isolation and build a strong community. The gratitude points in the Gradido program enable Monika and others to live their lives with joy and enrich each other.<\/p><h3>Favorite city shines out into the world<\/h3><p>Quickly, the news spreads beyond the borders of favorite city. Other cities begin to express their interest in this innovative system.<\/p><p>Thanks to the ingenuity of Mayor Miteinand, Lieblingsstadt is flourishing as never before. The city is hailed as an example of social progress.<\/p>\t\t\t\t\t\t\t\t<\/div>\n\t\t\t\t<\/div>\n\t\t\t\t<div class=\"elementor-element elementor-element-e858257 elementor-widget-divider--view-line elementor-widget elementor-widget-divider\" data-id=\"e858257\" data-element_type=\"widget\" data-e-type=\"widget\" data-widget_type=\"divider.default\">\n\t\t\t\t<div class=\"elementor-widget-container\">\n\t\t\t\t\t\t\t<div class=\"elementor-divider\">\n\t\t\t<span class=\"elementor-divider-separator\">\n\t\t\t\t\t\t<\/span>\n\t\t<\/div>\n\t\t\t\t\t\t<\/div>\n\t\t\t\t<\/div>\n\t\t\t\t<div class=\"elementor-element elementor-element-d74dfa0 elementor-widget elementor-widget-text-editor\" data-id=\"d74dfa0\" data-element_type=\"widget\" data-e-type=\"widget\" data-widget_type=\"text-editor.default\">\n\t\t\t\t<div class=\"elementor-widget-container\">\n\t\t\t\t\t\t\t\t\t<div data-pm-slice=\"1 1 []\" data-en-clipboard=\"true\"><p>In this second post of our series <strong>\"Gradido in favorite city\" <\/strong>we learn how Gradido is changing lives for the better for seniors. In the next episode, we join the young Frank family in sharing their success story. And in the other posts, we'll tell you how the Gradido model is significantly improving the quality of life for many more people, making the city safer, and even saving businesses and the city hospital.<\/p><p>Please forward this series to your city council, associations and businesses. Because one thing has probably already noticed every attentive person: if we remain inactive now, so many things go down the drain.<\/p><p>With Gradido, we have an effective tool for positive life design in our hands. Together, we are transforming our cities and communities into vibrant oases - our favorite places!<\/p><p>Kind regards from Hohenlohe<\/p><\/div><p>Yours<\/p><p><img decoding=\"async\" class=\"alignnone wp-image-4614 size-medium\" src=\"https:\/\/gradido.net\/wp-content\/uploads\/2022\/06\/MargretBernd_2022-300x74.png\" alt=\"\" width=\"300\" height=\"74\" srcset=\"https:\/\/gradido.net\/wp-content\/uploads\/2022\/06\/MargretBernd_2022-300x74.png 300w, https:\/\/gradido.net\/wp-content\/uploads\/2022\/06\/MargretBernd_2022-18x4.png 18w, https:\/\/gradido.net\/wp-content\/uploads\/2022\/06\/MargretBernd_2022.png 431w\" sizes=\"(max-width: 300px) 100vw, 300px\" \/><\/p><p>Margret Baier and Bernd H\u00fcckst\u00e4dt<br \/>Gradido founder and developer<\/p>\t\t\t\t\t\t\t\t<\/div>\n\t\t\t\t<\/div>\n\t\t\t\t\t<\/div>\n\t\t<\/div>\n\t\t\t\t\t<\/div>\n\t\t<\/section>\n\t\t\t\t<section class=\"elementor-section elementor-top-section elementor-element elementor-element-8d1b767 elementor-section-boxed elementor-section-height-default elementor-section-height-default\" data-id=\"8d1b767\" data-element_type=\"section\" data-e-type=\"section\">\n\t\t\t\t\t\t<div class=\"elementor-container elementor-column-gap-default\">\n\t\t\t\t\t<div class=\"elementor-column elementor-col-100 elementor-top-column elementor-element elementor-element-2a92977\" data-id=\"2a92977\" data-element_type=\"column\" data-e-type=\"column\">\n\t\t\t<div class=\"elementor-widget-wrap elementor-element-populated\">\n\t\t\t\t\t\t<div class=\"elementor-element elementor-element-ee4802b elementor-position-inline-start white-links elementor-widget__width-initial elementor-view-default elementor-mobile-position-block-start elementor-widget elementor-widget-icon-box\" data-id=\"ee4802b\" data-element_type=\"widget\" data-e-type=\"widget\" data-no-translation=\"\" data-widget_type=\"icon-box.default\">\n\t\t\t\t<div class=\"elementor-widget-container\">\n\t\t\t\t\t<style>.elementor-element-ee4802b{display:none !important}<\/style>\t\t\t\t<\/div>\n\t\t\t\t<\/div>\n\t\t\t\t\t<\/div>\n\t\t<\/div>\n\t\t\t\t\t<\/div>\n\t\t<\/section>\n\t\t\t\t<section class=\"elementor-section elementor-top-section elementor-element elementor-element-14532fe elementor-section-boxed elementor-section-height-default elementor-section-height-default\" data-id=\"14532fe\" data-element_type=\"section\" data-e-type=\"section\">\n\t\t\t\t\t\t<div class=\"elementor-container elementor-column-gap-default\">\n\t\t\t\t\t<div class=\"elementor-column elementor-col-100 elementor-top-column elementor-element elementor-element-65d2298\" data-id=\"65d2298\" data-element_type=\"column\" data-e-type=\"column\">\n\t\t\t<div class=\"elementor-widget-wrap elementor-element-populated\">\n\t\t\t\t\t\t<div class=\"elementor-element elementor-element-8a198be elementor-widget elementor-widget-global elementor-global-9341 elementor-widget-text-editor\" data-id=\"8a198be\" data-element_type=\"widget\" data-e-type=\"widget\" data-widget_type=\"text-editor.default\">\n\t\t\t\t<div class=\"elementor-widget-container\">\n\t\t\t\t\t\t\t\t\t<p><strong>PS:\u00a0<span style=\"color: #ff6600;\"><a style=\"color: #ff6600;\" href=\"https:\/\/gradido.net\/en\/donations\/\">Due to the ever-growing importance of Gradido, we are repeating our gratitude campaign on June 26, 2026:<\/a>\u00a0<\/span><span style=\"color: #0000ff;\"><a style=\"color: #0000ff;\" href=\"https:\/\/gradido.net\/en\/donations\/\">In addition to the multiple GradidoTransform for your sponsorship contribution, we will increase all GDT account balances by 26% on 26.06.26. Sponsor now and enjoy the multiple amount of GDT!<\/a><\/span><\/strong><\/p>\t\t\t\t\t\t\t\t<\/div>\n\t\t\t\t<\/div>\n\t\t\t\t\t<\/div>\n\t\t<\/div>\n\t\t\t\t\t<\/div>\n\t\t<\/section>\n\t\t\t\t<\/div>","protected":false},"excerpt":{"rendered":"<p>Monika's story is an example of how the innovative compensation system 'Gradido' and the sharing of talents and needs can help overcome social isolation, build a strong community and even improve one's financial situation.<\/p>","protected":false},"author":2,"featured_media":7139,"comment_status":"closed","ping_status":"closed","sticky":false,"template":"","format":"standard","meta":{"footnotes":""},"categories":[11,53],"tags":[22],"class_list":["post-7136","post","type-post","status-publish","format-standard","has-post-thumbnail","hentry","category-blog","category-lieblingsstadt","tag-bild-oben"],"yoast_head":"<!-- This site is optimized with the Yoast SEO plugin v27.5 - https:\/\/yoast.com\/product\/yoast-seo-wordpress\/ -->\n<title>Lieblingsstadt 2 \u2013 Monikas Wandel von Einsamkeit zu Gemeinschaft - Gradido<\/title>\n<meta name=\"description\" content=\"Monikas Geschichte ist ein Beispiel daf\u00fcr, wie das innovative Verg\u00fctungssystem \u201aGradido\u2018 und der Austausch von Talenten und Bed\u00fcrfnissen dazu beitragen k\u00f6nnen, soziale Isolation zu \u00fcberwinden, eine starke Gemeinschaft aufzubauen und sogar die eigene finanzielle Situation zu verbessern.\" \/>\n<meta name=\"robots\" content=\"index, follow, max-snippet:-1, max-image-preview:large, max-video-preview:-1\" \/>\n<link rel=\"canonical\" href=\"https:\/\/gradido.net\/en\/lieblingsstadt-2-monikas-wandel-von-einsamkeit-zu-gemeinschaft\/\" \/>\n<meta property=\"og:locale\" content=\"en_US\" \/>\n<meta property=\"og:type\" content=\"article\" \/>\n<meta property=\"og:title\" content=\"Lieblingsstadt 2 \u2013 Monikas Wandel von Einsamkeit zu Gemeinschaft - Gradido\" \/>\n<meta property=\"og:description\" content=\"Monikas Geschichte ist ein Beispiel daf\u00fcr, wie das innovative Verg\u00fctungssystem \u201aGradido\u2018 und der Austausch von Talenten und Bed\u00fcrfnissen dazu beitragen k\u00f6nnen, soziale Isolation zu \u00fcberwinden, eine starke Gemeinschaft aufzubauen und sogar die eigene finanzielle Situation zu verbessern.\" \/>\n<meta property=\"og:url\" content=\"https:\/\/gradido.net\/en\/lieblingsstadt-2-monikas-wandel-von-einsamkeit-zu-gemeinschaft\/\" \/>\n<meta property=\"og:site_name\" content=\"Gradido\" \/>\n<meta property=\"article:published_time\" content=\"2023-08-16T14:48:17+00:00\" \/>\n<meta property=\"article:modified_time\" content=\"2026-04-23T05:15:41+00:00\" \/>\n<meta property=\"og:image\" content=\"https:\/\/gradido.net\/wp-content\/uploads\/2023\/08\/Monika2_1920.jpg\" \/>\n\t<meta property=\"og:image:width\" content=\"1920\" \/>\n\t<meta property=\"og:image:height\" content=\"1200\" \/>\n\t<meta property=\"og:image:type\" content=\"image\/jpeg\" \/>\n<meta name=\"author\" content=\"Bernd H\u00fcckst\u00e4dt\" \/>\n<meta name=\"twitter:card\" content=\"summary_large_image\" \/>\n<meta name=\"twitter:label1\" content=\"Written by\" \/>\n\t<meta name=\"twitter:data1\" content=\"Bernd H\u00fcckst\u00e4dt\" \/>\n\t<meta name=\"twitter:label2\" content=\"Est. reading time\" \/>\n\t<meta name=\"twitter:data2\" content=\"6 minutes\" \/>\n<script type=\"application\/ld+json\" class=\"yoast-schema-graph\">{\"@context\":\"https:\\\/\\\/schema.org\",\"@graph\":[{\"@type\":\"Article\",\"@id\":\"https:\\\/\\\/gradido.net\\\/lieblingsstadt-2-monikas-wandel-von-einsamkeit-zu-gemeinschaft\\\/#article\",\"isPartOf\":{\"@id\":\"https:\\\/\\\/gradido.net\\\/lieblingsstadt-2-monikas-wandel-von-einsamkeit-zu-gemeinschaft\\\/\"},\"author\":{\"name\":\"Bernd H\u00fcckst\u00e4dt\",\"@id\":\"https:\\\/\\\/gradido.net\\\/de\\\/#\\\/schema\\\/person\\\/9c503a004ad15a1ddecadce2218db5d1\"},\"headline\":\"Lieblingsstadt 2 \u2013 Monikas Wandel von Einsamkeit zu Gemeinschaft\",\"datePublished\":\"2023-08-16T14:48:17+00:00\",\"dateModified\":\"2026-04-23T05:15:41+00:00\",\"mainEntityOfPage\":{\"@id\":\"https:\\\/\\\/gradido.net\\\/lieblingsstadt-2-monikas-wandel-von-einsamkeit-zu-gemeinschaft\\\/\"},\"wordCount\":1032,\"publisher\":{\"@id\":\"https:\\\/\\\/gradido.net\\\/de\\\/#organization\"},\"image\":{\"@id\":\"https:\\\/\\\/gradido.net\\\/lieblingsstadt-2-monikas-wandel-von-einsamkeit-zu-gemeinschaft\\\/#primaryimage\"},\"thumbnailUrl\":\"https:\\\/\\\/gradido.net\\\/wp-content\\\/uploads\\\/2023\\\/08\\\/Monika2_1920.jpg\",\"keywords\":[\"Bild oben\"],\"articleSection\":[\"Blog\",\"Lieblingsstadt\"],\"inLanguage\":\"en-US\"},{\"@type\":\"WebPage\",\"@id\":\"https:\\\/\\\/gradido.net\\\/lieblingsstadt-2-monikas-wandel-von-einsamkeit-zu-gemeinschaft\\\/\",\"url\":\"https:\\\/\\\/gradido.net\\\/lieblingsstadt-2-monikas-wandel-von-einsamkeit-zu-gemeinschaft\\\/\",\"name\":\"Lieblingsstadt 2 \u2013 Monikas Wandel von Einsamkeit zu Gemeinschaft - Gradido\",\"isPartOf\":{\"@id\":\"https:\\\/\\\/gradido.net\\\/de\\\/#website\"},\"primaryImageOfPage\":{\"@id\":\"https:\\\/\\\/gradido.net\\\/lieblingsstadt-2-monikas-wandel-von-einsamkeit-zu-gemeinschaft\\\/#primaryimage\"},\"image\":{\"@id\":\"https:\\\/\\\/gradido.net\\\/lieblingsstadt-2-monikas-wandel-von-einsamkeit-zu-gemeinschaft\\\/#primaryimage\"},\"thumbnailUrl\":\"https:\\\/\\\/gradido.net\\\/wp-content\\\/uploads\\\/2023\\\/08\\\/Monika2_1920.jpg\",\"datePublished\":\"2023-08-16T14:48:17+00:00\",\"dateModified\":\"2026-04-23T05:15:41+00:00\",\"description\":\"Monikas Geschichte ist ein Beispiel daf\u00fcr, wie das innovative Verg\u00fctungssystem \u201aGradido\u2018 und der Austausch von Talenten und Bed\u00fcrfnissen dazu beitragen k\u00f6nnen, soziale Isolation zu \u00fcberwinden, eine starke Gemeinschaft aufzubauen und sogar die eigene finanzielle Situation zu verbessern.\",\"breadcrumb\":{\"@id\":\"https:\\\/\\\/gradido.net\\\/lieblingsstadt-2-monikas-wandel-von-einsamkeit-zu-gemeinschaft\\\/#breadcrumb\"},\"inLanguage\":\"en-US\",\"potentialAction\":[{\"@type\":\"ReadAction\",\"target\":[\"https:\\\/\\\/gradido.net\\\/lieblingsstadt-2-monikas-wandel-von-einsamkeit-zu-gemeinschaft\\\/\"]}]},{\"@type\":\"ImageObject\",\"inLanguage\":\"en-US\",\"@id\":\"https:\\\/\\\/gradido.net\\\/lieblingsstadt-2-monikas-wandel-von-einsamkeit-zu-gemeinschaft\\\/#primaryimage\",\"url\":\"https:\\\/\\\/gradido.net\\\/wp-content\\\/uploads\\\/2023\\\/08\\\/Monika2_1920.jpg\",\"contentUrl\":\"https:\\\/\\\/gradido.net\\\/wp-content\\\/uploads\\\/2023\\\/08\\\/Monika2_1920.jpg\",\"width\":1920,\"height\":1200},{\"@type\":\"BreadcrumbList\",\"@id\":\"https:\\\/\\\/gradido.net\\\/lieblingsstadt-2-monikas-wandel-von-einsamkeit-zu-gemeinschaft\\\/#breadcrumb\",\"itemListElement\":[{\"@type\":\"ListItem\",\"position\":1,\"name\":\"Startseite\",\"item\":\"https:\\\/\\\/gradido.net\\\/\"},{\"@type\":\"ListItem\",\"position\":2,\"name\":\"Lieblingsstadt 2 \u2013 Monikas Wandel von Einsamkeit zu Gemeinschaft\"}]},{\"@type\":\"WebSite\",\"@id\":\"https:\\\/\\\/gradido.net\\\/de\\\/#website\",\"url\":\"https:\\\/\\\/gradido.net\\\/de\\\/\",\"name\":\"Gradido\",\"description\":\"Die neue W\u00e4hrung hei\u00dft Dankbarkeit\",\"publisher\":{\"@id\":\"https:\\\/\\\/gradido.net\\\/de\\\/#organization\"},\"potentialAction\":[{\"@type\":\"SearchAction\",\"target\":{\"@type\":\"EntryPoint\",\"urlTemplate\":\"https:\\\/\\\/gradido.net\\\/de\\\/?s={search_term_string}\"},\"query-input\":{\"@type\":\"PropertyValueSpecification\",\"valueRequired\":true,\"valueName\":\"search_term_string\"}}],\"inLanguage\":\"en-US\"},{\"@type\":\"Organization\",\"@id\":\"https:\\\/\\\/gradido.net\\\/de\\\/#organization\",\"name\":\"Gradido\",\"url\":\"https:\\\/\\\/gradido.net\\\/de\\\/\",\"logo\":{\"@type\":\"ImageObject\",\"inLanguage\":\"en-US\",\"@id\":\"https:\\\/\\\/gradido.net\\\/de\\\/#\\\/schema\\\/logo\\\/image\\\/\",\"url\":\"https:\\\/\\\/gradido.net\\\/wp-content\\\/uploads\\\/2022\\\/04\\\/gradido-social.jpg\",\"contentUrl\":\"https:\\\/\\\/gradido.net\\\/wp-content\\\/uploads\\\/2022\\\/04\\\/gradido-social.jpg\",\"width\":527,\"height\":273,\"caption\":\"Gradido\"},\"image\":{\"@id\":\"https:\\\/\\\/gradido.net\\\/de\\\/#\\\/schema\\\/logo\\\/image\\\/\"}},{\"@type\":\"Person\",\"@id\":\"https:\\\/\\\/gradido.net\\\/de\\\/#\\\/schema\\\/person\\\/9c503a004ad15a1ddecadce2218db5d1\",\"name\":\"Bernd H\u00fcckst\u00e4dt\",\"sameAs\":[\"https:\\\/\\\/gradido.net\"],\"url\":\"https:\\\/\\\/gradido.net\\\/en\\\/author\\\/bernd\\\/\"}]}<\/script>\n<!-- \/ Yoast SEO plugin. -->","yoast_head_json":{"title":"Favorite City 2 - Monika's transformation from solitude to community - Gradido","description":"Monika's story is an example of how the innovative compensation system 'Gradido' and the sharing of talents and needs can help overcome social isolation, build a strong community and even improve one's financial situation.","robots":{"index":"index","follow":"follow","max-snippet":"max-snippet:-1","max-image-preview":"max-image-preview:large","max-video-preview":"max-video-preview:-1"},"canonical":"https:\/\/gradido.net\/en\/lieblingsstadt-2-monikas-wandel-von-einsamkeit-zu-gemeinschaft\/","og_locale":"en_US","og_type":"article","og_title":"Lieblingsstadt 2 \u2013 Monikas Wandel von Einsamkeit zu Gemeinschaft - Gradido","og_description":"Monikas Geschichte ist ein Beispiel daf\u00fcr, wie das innovative Verg\u00fctungssystem \u201aGradido\u2018 und der Austausch von Talenten und Bed\u00fcrfnissen dazu beitragen k\u00f6nnen, soziale Isolation zu \u00fcberwinden, eine starke Gemeinschaft aufzubauen und sogar die eigene finanzielle Situation zu verbessern.","og_url":"https:\/\/gradido.net\/en\/lieblingsstadt-2-monikas-wandel-von-einsamkeit-zu-gemeinschaft\/","og_site_name":"Gradido","article_published_time":"2023-08-16T14:48:17+00:00","article_modified_time":"2026-04-23T05:15:41+00:00","og_image":[{"width":1920,"height":1200,"url":"https:\/\/gradido.net\/wp-content\/uploads\/2023\/08\/Monika2_1920.jpg","type":"image\/jpeg"}],"author":"Bernd H\u00fcckst\u00e4dt","twitter_card":"summary_large_image","twitter_misc":{"Written by":"Bernd H\u00fcckst\u00e4dt","Est. reading time":"6 minutes"},"schema":{"@context":"https:\/\/schema.org","@graph":[{"@type":"Article","@id":"https:\/\/gradido.net\/lieblingsstadt-2-monikas-wandel-von-einsamkeit-zu-gemeinschaft\/#article","isPartOf":{"@id":"https:\/\/gradido.net\/lieblingsstadt-2-monikas-wandel-von-einsamkeit-zu-gemeinschaft\/"},"author":{"name":"Bernd H\u00fcckst\u00e4dt","@id":"https:\/\/gradido.net\/de\/#\/schema\/person\/9c503a004ad15a1ddecadce2218db5d1"},"headline":"Lieblingsstadt 2 \u2013 Monikas Wandel von Einsamkeit zu Gemeinschaft","datePublished":"2023-08-16T14:48:17+00:00","dateModified":"2026-04-23T05:15:41+00:00","mainEntityOfPage":{"@id":"https:\/\/gradido.net\/lieblingsstadt-2-monikas-wandel-von-einsamkeit-zu-gemeinschaft\/"},"wordCount":1032,"publisher":{"@id":"https:\/\/gradido.net\/de\/#organization"},"image":{"@id":"https:\/\/gradido.net\/lieblingsstadt-2-monikas-wandel-von-einsamkeit-zu-gemeinschaft\/#primaryimage"},"thumbnailUrl":"https:\/\/gradido.net\/wp-content\/uploads\/2023\/08\/Monika2_1920.jpg","keywords":["Bild oben"],"articleSection":["Blog","Lieblingsstadt"],"inLanguage":"en-US"},{"@type":"WebPage","@id":"https:\/\/gradido.net\/lieblingsstadt-2-monikas-wandel-von-einsamkeit-zu-gemeinschaft\/","url":"https:\/\/gradido.net\/lieblingsstadt-2-monikas-wandel-von-einsamkeit-zu-gemeinschaft\/","name":"Favorite City 2 - Monika's transformation from solitude to community - Gradido","isPartOf":{"@id":"https:\/\/gradido.net\/de\/#website"},"primaryImageOfPage":{"@id":"https:\/\/gradido.net\/lieblingsstadt-2-monikas-wandel-von-einsamkeit-zu-gemeinschaft\/#primaryimage"},"image":{"@id":"https:\/\/gradido.net\/lieblingsstadt-2-monikas-wandel-von-einsamkeit-zu-gemeinschaft\/#primaryimage"},"thumbnailUrl":"https:\/\/gradido.net\/wp-content\/uploads\/2023\/08\/Monika2_1920.jpg","datePublished":"2023-08-16T14:48:17+00:00","dateModified":"2026-04-23T05:15:41+00:00","description":"Monika's story is an example of how the innovative compensation system 'Gradido' and the sharing of talents and needs can help overcome social isolation, build a strong community and even improve one's financial situation.","breadcrumb":{"@id":"https:\/\/gradido.net\/lieblingsstadt-2-monikas-wandel-von-einsamkeit-zu-gemeinschaft\/#breadcrumb"},"inLanguage":"en-US","potentialAction":[{"@type":"ReadAction","target":["https:\/\/gradido.net\/lieblingsstadt-2-monikas-wandel-von-einsamkeit-zu-gemeinschaft\/"]}]},{"@type":"ImageObject","inLanguage":"en-US","@id":"https:\/\/gradido.net\/lieblingsstadt-2-monikas-wandel-von-einsamkeit-zu-gemeinschaft\/#primaryimage","url":"https:\/\/gradido.net\/wp-content\/uploads\/2023\/08\/Monika2_1920.jpg","contentUrl":"https:\/\/gradido.net\/wp-content\/uploads\/2023\/08\/Monika2_1920.jpg","width":1920,"height":1200},{"@type":"BreadcrumbList","@id":"https:\/\/gradido.net\/lieblingsstadt-2-monikas-wandel-von-einsamkeit-zu-gemeinschaft\/#breadcrumb","itemListElement":[{"@type":"ListItem","position":1,"name":"Startseite","item":"https:\/\/gradido.net\/"},{"@type":"ListItem","position":2,"name":"Lieblingsstadt 2 \u2013 Monikas Wandel von Einsamkeit zu Gemeinschaft"}]},{"@type":"WebSite","@id":"https:\/\/gradido.net\/de\/#website","url":"https:\/\/gradido.net\/de\/","name":"Gradido","description":"The new currency is gratitude","publisher":{"@id":"https:\/\/gradido.net\/de\/#organization"},"potentialAction":[{"@type":"SearchAction","target":{"@type":"EntryPoint","urlTemplate":"https:\/\/gradido.net\/de\/?s={search_term_string}"},"query-input":{"@type":"PropertyValueSpecification","valueRequired":true,"valueName":"search_term_string"}}],"inLanguage":"en-US"},{"@type":"Organization","@id":"https:\/\/gradido.net\/de\/#organization","name":"Gradido","url":"https:\/\/gradido.net\/de\/","logo":{"@type":"ImageObject","inLanguage":"en-US","@id":"https:\/\/gradido.net\/de\/#\/schema\/logo\/image\/","url":"https:\/\/gradido.net\/wp-content\/uploads\/2022\/04\/gradido-social.jpg","contentUrl":"https:\/\/gradido.net\/wp-content\/uploads\/2022\/04\/gradido-social.jpg","width":527,"height":273,"caption":"Gradido"},"image":{"@id":"https:\/\/gradido.net\/de\/#\/schema\/logo\/image\/"}},{"@type":"Person","@id":"https:\/\/gradido.net\/de\/#\/schema\/person\/9c503a004ad15a1ddecadce2218db5d1","name":"Bernd H\u00fcckst\u00e4dt","sameAs":["https:\/\/gradido.net"],"url":"https:\/\/gradido.net\/en\/author\/bernd\/"}]}},"_links":{"self":[{"href":"https:\/\/gradido.net\/en\/wp-json\/wp\/v2\/posts\/7136","targetHints":{"allow":["GET"]}}],"collection":[{"href":"https:\/\/gradido.net\/en\/wp-json\/wp\/v2\/posts"}],"about":[{"href":"https:\/\/gradido.net\/en\/wp-json\/wp\/v2\/types\/post"}],"author":[{"embeddable":true,"href":"https:\/\/gradido.net\/en\/wp-json\/wp\/v2\/users\/2"}],"replies":[{"embeddable":true,"href":"https:\/\/gradido.net\/en\/wp-json\/wp\/v2\/comments?post=7136"}],"version-history":[{"count":34,"href":"https:\/\/gradido.net\/en\/wp-json\/wp\/v2\/posts\/7136\/revisions"}],"predecessor-version":[{"id":13548,"href":"https:\/\/gradido.net\/en\/wp-json\/wp\/v2\/posts\/7136\/revisions\/13548"}],"wp:featuredmedia":[{"embeddable":true,"href":"https:\/\/gradido.net\/en\/wp-json\/wp\/v2\/media\/7139"}],"wp:attachment":[{"href":"https:\/\/gradido.net\/en\/wp-json\/wp\/v2\/media?parent=7136"}],"wp:term":[{"taxonomy":"category","embeddable":true,"href":"https:\/\/gradido.net\/en\/wp-json\/wp\/v2\/categories?post=7136"},{"taxonomy":"post_tag","embeddable":true,"href":"https:\/\/gradido.net\/en\/wp-json\/wp\/v2\/tags?post=7136"}],"curies":[{"name":"wp","href":"https:\/\/api.w.org\/{rel}","templated":true}]}}