{"id":7157,"date":"2023-08-18T10:13:29","date_gmt":"2023-08-18T08:13:29","guid":{"rendered":"https:\/\/gradido.net\/?p=7157"},"modified":"2026-04-23T07:14:52","modified_gmt":"2026-04-23T05:14:52","slug":"lieblingsstadt-3-eine-familie-ein-projekt-und-eine-stadt-voller-moeglichkeiten","status":"publish","type":"post","link":"https:\/\/gradido.net\/en\/lieblingsstadt-3-eine-familie-ein-projekt-und-eine-stadt-voller-moeglichkeiten\/","title":{"rendered":"Favorite city 3 - A family, a project and a city full of opportunities"},"content":{"rendered":"<div data-elementor-type=\"wp-post\" data-elementor-id=\"7157\" class=\"elementor elementor-7157\" data-elementor-post-type=\"post\">\n\t\t\t\t\t\t<section class=\"elementor-section elementor-top-section elementor-element elementor-element-496e1d53 elementor-section-boxed elementor-section-height-default elementor-section-height-default\" data-id=\"496e1d53\" data-element_type=\"section\" data-e-type=\"section\">\n\t\t\t\t\t\t<div class=\"elementor-container elementor-column-gap-default\">\n\t\t\t\t\t<div class=\"elementor-column elementor-col-100 elementor-top-column elementor-element elementor-element-461d7be0\" data-id=\"461d7be0\" data-element_type=\"column\" data-e-type=\"column\">\n\t\t\t<div class=\"elementor-widget-wrap elementor-element-populated\">\n\t\t\t\t\t\t<div class=\"elementor-element elementor-element-cd9ebe2 elementor-widget elementor-widget-text-editor\" data-id=\"cd9ebe2\" data-element_type=\"widget\" data-e-type=\"widget\" data-widget_type=\"text-editor.default\">\n\t\t\t\t<div class=\"elementor-widget-container\">\n\t\t\t\t\t\t\t\t\t<p style=\"text-align: right;\"><em>\" The Gradido project not only provides us with financial relief, but also great activities and opportunities that money couldn't afford.\"<\/em><\/p><p>Dear Reader,<\/p><p>It's a sunny Saturday morning in the new development area of Lieblingsstadt. The young Frank family is enjoying their breakfast together. The Franks, that is parents Kerstin and Jannik and their three children, Mia, Maximilian and little Luna. Max is at the training camp of the favorite city sports club this weekend, training for the youth basketball championship.<\/p>\t\t\t\t\t\t\t\t<\/div>\n\t\t\t\t<\/div>\n\t\t\t\t<div class=\"elementor-element elementor-element-b482206 elementor-widget elementor-widget-image\" data-id=\"b482206\" data-element_type=\"widget\" data-e-type=\"widget\" data-widget_type=\"image.default\">\n\t\t\t\t<div class=\"elementor-widget-container\">\n\t\t\t\t\t\t\t\t\t\t\t\t\t\t\t<img fetchpriority=\"high\" decoding=\"async\" width=\"800\" height=\"600\" src=\"https:\/\/gradido.net\/wp-content\/uploads\/2023\/08\/Max_Basketball_800.jpg\" class=\"attachment-large size-large wp-image-7161\" alt=\"\" srcset=\"https:\/\/gradido.net\/wp-content\/uploads\/2023\/08\/Max_Basketball_800.jpg 800w, https:\/\/gradido.net\/wp-content\/uploads\/2023\/08\/Max_Basketball_800-300x225.jpg 300w, https:\/\/gradido.net\/wp-content\/uploads\/2023\/08\/Max_Basketball_800-768x576.jpg 768w, https:\/\/gradido.net\/wp-content\/uploads\/2023\/08\/Max_Basketball_800-16x12.jpg 16w\" sizes=\"(max-width: 800px) 100vw, 800px\" \/>\t\t\t\t\t\t\t\t\t\t\t\t\t\t\t<\/div>\n\t\t\t\t<\/div>\n\t\t\t\t<div class=\"elementor-element elementor-element-c5e61d4 elementor-widget elementor-widget-text-editor\" data-id=\"c5e61d4\" data-element_type=\"widget\" data-e-type=\"widget\" data-widget_type=\"text-editor.default\">\n\t\t\t\t<div class=\"elementor-widget-container\">\n\t\t\t\t\t\t\t\t\t<p>The family is closely connected and shares many common interests and passions. Jannik has a good job as a mechanical engineer. Kerstin is a talented graphic designer. Since the birth of Luna, she no longer practices her profession. Nevertheless, she wants to use her skills and helps various local associations by volunteering to create their websites and printed materials. She enjoys the volunteer work very much. However, Jannik's sole income is barely enough to support the family and pay off the house.<\/p><p><br \/>The Franks are a happy family, but they lack the financial scope for additional luxuries or for a babysitter to relieve Kerstin in her volunteer work. In this situation, Kerstin hears about an exciting new project called 'Gradido' that is just being introduced in Lieblingsstadt. The project remunerates volunteer work with so-called 'Gradido thank points'. Kerstin realizes that this is a great way to value her work and at the same time relieve the financial burden on her family. Jannik is also enthusiastic, because as a youth coach in the sports club he can also receive Gradidos for his volunteer work.\u00a0<\/p><p><br \/>The Franks decide to learn more about the Gradido project and attend one of the regular Gradido caf\u00e9s at the community center. There they meet other residents of Favorite City who are also compensated with Gradidos for their volunteer work.<\/p>\t\t\t\t\t\t\t\t<\/div>\n\t\t\t\t<\/div>\n\t\t\t\t<div class=\"elementor-element elementor-element-e51c407 elementor-widget elementor-widget-image\" data-id=\"e51c407\" data-element_type=\"widget\" data-e-type=\"widget\" data-widget_type=\"image.default\">\n\t\t\t\t<div class=\"elementor-widget-container\">\n\t\t\t\t\t\t\t\t\t\t\t\t\t\t\t<img decoding=\"async\" width=\"800\" height=\"800\" src=\"https:\/\/gradido.net\/wp-content\/uploads\/2023\/08\/Cafe\u03012_800.jpg\" class=\"attachment-large size-large wp-image-7168\" alt=\"\" srcset=\"https:\/\/gradido.net\/wp-content\/uploads\/2023\/08\/Cafe\u03012_800.jpg 800w, https:\/\/gradido.net\/wp-content\/uploads\/2023\/08\/Cafe\u03012_800-300x300.jpg 300w, https:\/\/gradido.net\/wp-content\/uploads\/2023\/08\/Cafe\u03012_800-150x150.jpg 150w, https:\/\/gradido.net\/wp-content\/uploads\/2023\/08\/Cafe\u03012_800-768x768.jpg 768w, https:\/\/gradido.net\/wp-content\/uploads\/2023\/08\/Cafe\u03012_800-12x12.jpg 12w\" sizes=\"(max-width: 800px) 100vw, 800px\" \/>\t\t\t\t\t\t\t\t\t\t\t\t\t\t\t<\/div>\n\t\t\t\t<\/div>\n\t\t\t\t<div class=\"elementor-element elementor-element-06a4667 elementor-widget elementor-widget-text-editor\" data-id=\"06a4667\" data-element_type=\"widget\" data-e-type=\"widget\" data-widget_type=\"text-editor.default\">\n\t\t\t\t<div class=\"elementor-widget-container\">\n\t\t\t\t\t\t\t\t\t<p>Young and old come together there. The people are totally nice and friendly. Full of joy and enthusiasm, they talk to each other about what they have to offer and what they need. What one person needs, another can do. This leads to a lively exchange. A lively \"market of opportunities\" is created, where people do not pay with money, but compensate each other with Gradido.<\/p>\t\t\t\t\t\t\t\t<\/div>\n\t\t\t\t<\/div>\n\t\t\t\t<div class=\"elementor-element elementor-element-f223bb6 elementor-widget elementor-widget-image\" data-id=\"f223bb6\" data-element_type=\"widget\" data-e-type=\"widget\" data-widget_type=\"image.default\">\n\t\t\t\t<div class=\"elementor-widget-container\">\n\t\t\t\t\t\t\t\t\t\t\t\t\t\t\t<img decoding=\"async\" width=\"800\" height=\"540\" src=\"https:\/\/gradido.net\/wp-content\/uploads\/2023\/08\/Monika_gross_800.jpg\" class=\"attachment-full size-full wp-image-7169\" alt=\"\" srcset=\"https:\/\/gradido.net\/wp-content\/uploads\/2023\/08\/Monika_gross_800.jpg 800w, https:\/\/gradido.net\/wp-content\/uploads\/2023\/08\/Monika_gross_800-300x203.jpg 300w, https:\/\/gradido.net\/wp-content\/uploads\/2023\/08\/Monika_gross_800-768x518.jpg 768w, https:\/\/gradido.net\/wp-content\/uploads\/2023\/08\/Monika_gross_800-18x12.jpg 18w\" sizes=\"(max-width: 800px) 100vw, 800px\" \/>\t\t\t\t\t\t\t\t\t\t\t\t\t\t\t<\/div>\n\t\t\t\t<\/div>\n\t\t\t\t<div class=\"elementor-element elementor-element-0499f3c elementor-widget elementor-widget-text-editor\" data-id=\"0499f3c\" data-element_type=\"widget\" data-e-type=\"widget\" data-widget_type=\"text-editor.default\">\n\t\t\t\t<div class=\"elementor-widget-container\">\n\t\t\t\t\t\t\t\t\t<p>They meet Monika, a former kindergarten teacher who enjoys being with children. Monika offers to take care of little Luna when Kerstin does her volunteer work. The family is grateful for Monika's help. This allows them to devote more time to their passions and volunteer activities again.<\/p><p><br \/>Max, the passionate basketball player, has a great idea. He suggests that the sports club's youth team carry out a forest clean-up campaign to give something back to nature. The idea is enthusiastically received by the team. For the gradidos they receive in return, they get all kinds of support for their team activities and the expansion of their sports home.<\/p>\t\t\t\t\t\t\t\t<\/div>\n\t\t\t\t<\/div>\n\t\t\t\t<div class=\"elementor-element elementor-element-392458a elementor-widget elementor-widget-image\" data-id=\"392458a\" data-element_type=\"widget\" data-e-type=\"widget\" data-widget_type=\"image.default\">\n\t\t\t\t<div class=\"elementor-widget-container\">\n\t\t\t\t\t\t\t\t\t\t\t\t\t\t\t<img loading=\"lazy\" decoding=\"async\" width=\"800\" height=\"540\" src=\"https:\/\/gradido.net\/wp-content\/uploads\/2023\/08\/Waldreinigung_800.jpg\" class=\"attachment-large size-large wp-image-7182\" alt=\"\" srcset=\"https:\/\/gradido.net\/wp-content\/uploads\/2023\/08\/Waldreinigung_800.jpg 800w, https:\/\/gradido.net\/wp-content\/uploads\/2023\/08\/Waldreinigung_800-300x203.jpg 300w, https:\/\/gradido.net\/wp-content\/uploads\/2023\/08\/Waldreinigung_800-768x518.jpg 768w, https:\/\/gradido.net\/wp-content\/uploads\/2023\/08\/Waldreinigung_800-18x12.jpg 18w\" sizes=\"(max-width: 800px) 100vw, 800px\" \/>\t\t\t\t\t\t\t\t\t\t\t\t\t\t\t<\/div>\n\t\t\t\t<\/div>\n\t\t\t\t<div class=\"elementor-element elementor-element-8fcbf61 elementor-widget elementor-widget-text-editor\" data-id=\"8fcbf61\" data-element_type=\"widget\" data-e-type=\"widget\" data-widget_type=\"text-editor.default\">\n\t\t\t\t<div class=\"elementor-widget-container\">\n\t\t\t\t\t\t\t\t\t<p>Mia, the musical daughter of the family, meets Martin, a retired music teacher. Martin offers her saxophone lessons for Gradido. Mia is excited about the opportunity to learn from an experienced musician and to develop her musical potential.<\/p>\t\t\t\t\t\t\t\t<\/div>\n\t\t\t\t<\/div>\n\t\t\t\t<div class=\"elementor-element elementor-element-84f7bbd elementor-widget elementor-widget-image\" data-id=\"84f7bbd\" data-element_type=\"widget\" data-e-type=\"widget\" data-widget_type=\"image.default\">\n\t\t\t\t<div class=\"elementor-widget-container\">\n\t\t\t\t\t\t\t\t\t\t\t\t\t\t\t<img loading=\"lazy\" decoding=\"async\" width=\"800\" height=\"540\" src=\"https:\/\/gradido.net\/wp-content\/uploads\/2023\/08\/Martin_Saxophon_800.jpg\" class=\"attachment-large size-large wp-image-7186\" alt=\"\" srcset=\"https:\/\/gradido.net\/wp-content\/uploads\/2023\/08\/Martin_Saxophon_800.jpg 800w, https:\/\/gradido.net\/wp-content\/uploads\/2023\/08\/Martin_Saxophon_800-300x203.jpg 300w, https:\/\/gradido.net\/wp-content\/uploads\/2023\/08\/Martin_Saxophon_800-768x518.jpg 768w, https:\/\/gradido.net\/wp-content\/uploads\/2023\/08\/Martin_Saxophon_800-18x12.jpg 18w\" sizes=\"(max-width: 800px) 100vw, 800px\" \/>\t\t\t\t\t\t\t\t\t\t\t\t\t\t\t<\/div>\n\t\t\t\t<\/div>\n\t\t\t\t<div class=\"elementor-element elementor-element-abb92cd elementor-widget elementor-widget-text-editor\" data-id=\"abb92cd\" data-element_type=\"widget\" data-e-type=\"widget\" data-widget_type=\"text-editor.default\">\n\t\t\t\t<div class=\"elementor-widget-container\">\n\t\t\t\t\t\t\t\t\t<p>The Frank family recognizes that the Gradido project not only provides them with financial relief, but also great activities and opportunities that money could not afford. Volunteering and working with other fellow citizens strengthens the sense of community and connection within and outside the family.<\/p><p><br \/>With the Gradido thank points, Kerstin and Jannik can support their family, pursue their passions and encourage their children in their interests. They are grateful for this new perspective, which allows them to live their lives with joy and fulfillment.\u00a0<\/p><p><br \/><strong>Franks are aware that through the Gradido project they are not only improving their personal environment, but also being part of a positive change in favorite city.<\/strong><\/p>\t\t\t\t\t\t\t\t<\/div>\n\t\t\t\t<\/div>\n\t\t\t\t<div class=\"elementor-element elementor-element-e858257 elementor-widget-divider--view-line elementor-widget elementor-widget-divider\" data-id=\"e858257\" data-element_type=\"widget\" data-e-type=\"widget\" data-widget_type=\"divider.default\">\n\t\t\t\t<div class=\"elementor-widget-container\">\n\t\t\t\t\t\t\t<div class=\"elementor-divider\">\n\t\t\t<span class=\"elementor-divider-separator\">\n\t\t\t\t\t\t<\/span>\n\t\t<\/div>\n\t\t\t\t\t\t<\/div>\n\t\t\t\t<\/div>\n\t\t\t\t<div class=\"elementor-element elementor-element-d74dfa0 elementor-widget elementor-widget-text-editor\" data-id=\"d74dfa0\" data-element_type=\"widget\" data-e-type=\"widget\" data-widget_type=\"text-editor.default\">\n\t\t\t\t<div class=\"elementor-widget-container\">\n\t\t\t\t\t\t\t\t\t<div data-pm-slice=\"1 1 []\" data-en-clipboard=\"true\"><p>This is now already the third contribution of our series <strong>\"Gradido in Favorite City. <\/strong>Through inspiring stories, we learn how the Gradido model significantly improves people's quality of life, makes the city safer, and even saves businesses and the city hospital.<\/p><p>Feel free to forward this series to your city council, associations and business owners. Because if we don't take action now, the downward trend will continue, the economy will be driven to the wall, the middle class will be hollowed out, and communities will collapse under the burden of debt.\u00a0<\/p><p>With Gradido, we have an effective tool for positive life design in our hands. Together, we transform our cities and communities into vibrant prosperous oases - our favorite places!<\/p><p>Love greetings<\/p><\/div><p>Yours<\/p><p><img loading=\"lazy\" decoding=\"async\" class=\"alignnone wp-image-4614 size-medium\" src=\"https:\/\/gradido.net\/wp-content\/uploads\/2022\/06\/MargretBernd_2022-300x74.png\" alt=\"\" width=\"300\" height=\"74\" srcset=\"https:\/\/gradido.net\/wp-content\/uploads\/2022\/06\/MargretBernd_2022-300x74.png 300w, https:\/\/gradido.net\/wp-content\/uploads\/2022\/06\/MargretBernd_2022-18x4.png 18w, https:\/\/gradido.net\/wp-content\/uploads\/2022\/06\/MargretBernd_2022.png 431w\" sizes=\"(max-width: 300px) 100vw, 300px\" \/><\/p><p>Margret Baier and Bernd H\u00fcckst\u00e4dt<br \/>Gradido founder and developer<\/p>\t\t\t\t\t\t\t\t<\/div>\n\t\t\t\t<\/div>\n\t\t\t\t\t<\/div>\n\t\t<\/div>\n\t\t\t\t\t<\/div>\n\t\t<\/section>\n\t\t\t\t<section class=\"elementor-section elementor-top-section elementor-element elementor-element-6b56539 elementor-section-boxed elementor-section-height-default elementor-section-height-default\" data-id=\"6b56539\" data-element_type=\"section\" data-e-type=\"section\">\n\t\t\t\t\t\t<div class=\"elementor-container elementor-column-gap-default\">\n\t\t\t\t\t<div class=\"elementor-column elementor-col-100 elementor-top-column elementor-element elementor-element-2ce5c91\" data-id=\"2ce5c91\" data-element_type=\"column\" data-e-type=\"column\">\n\t\t\t<div class=\"elementor-widget-wrap elementor-element-populated\">\n\t\t\t\t\t\t<div class=\"elementor-element elementor-element-9e94d8b elementor-position-inline-start white-links elementor-widget__width-initial elementor-view-default elementor-mobile-position-block-start elementor-widget elementor-widget-icon-box\" data-id=\"9e94d8b\" data-element_type=\"widget\" data-e-type=\"widget\" data-no-translation=\"\" data-widget_type=\"icon-box.default\">\n\t\t\t\t<div class=\"elementor-widget-container\">\n\t\t\t\t\t<style>.elementor-element-9e94d8b{display:none !important}<\/style>\t\t\t\t<\/div>\n\t\t\t\t<\/div>\n\t\t\t\t\t<\/div>\n\t\t<\/div>\n\t\t\t\t\t<\/div>\n\t\t<\/section>\n\t\t\t\t<section class=\"elementor-section elementor-top-section elementor-element elementor-element-14532fe elementor-section-boxed elementor-section-height-default elementor-section-height-default\" data-id=\"14532fe\" data-element_type=\"section\" data-e-type=\"section\">\n\t\t\t\t\t\t<div class=\"elementor-container elementor-column-gap-default\">\n\t\t\t\t\t<div class=\"elementor-column elementor-col-100 elementor-top-column elementor-element elementor-element-65d2298\" data-id=\"65d2298\" data-element_type=\"column\" data-e-type=\"column\">\n\t\t\t<div class=\"elementor-widget-wrap elementor-element-populated\">\n\t\t\t\t\t\t<div class=\"elementor-element elementor-element-5267cda elementor-widget elementor-widget-global elementor-global-9341 elementor-widget-text-editor\" data-id=\"5267cda\" data-element_type=\"widget\" data-e-type=\"widget\" data-widget_type=\"text-editor.default\">\n\t\t\t\t<div class=\"elementor-widget-container\">\n\t\t\t\t\t\t\t\t\t<p><strong>PS:\u00a0<span style=\"color: #ff6600;\"><a style=\"color: #ff6600;\" href=\"https:\/\/gradido.net\/en\/donations\/\">Due to the ever-growing importance of Gradido, we are repeating our gratitude campaign on June 26, 2026:<\/a>\u00a0<\/span><span style=\"color: #0000ff;\"><a style=\"color: #0000ff;\" href=\"https:\/\/gradido.net\/en\/donations\/\">In addition to the multiple GradidoTransform for your sponsorship contribution, we will increase all GDT account balances by 26% on 26.06.26. Sponsor now and enjoy the multiple amount of GDT!<\/a><\/span><\/strong><\/p>\t\t\t\t\t\t\t\t<\/div>\n\t\t\t\t<\/div>\n\t\t\t\t\t<\/div>\n\t\t<\/div>\n\t\t\t\t\t<\/div>\n\t\t<\/section>\n\t\t\t\t<\/div>","protected":false},"excerpt":{"rendered":"<p>With the Gradido thank points, Kerstin and Jannik can pursue their passions and encourage their children in their interests. They are grateful for this new perspective, which allows them to live their lives with joy and fulfillment. <\/p>","protected":false},"author":2,"featured_media":7158,"comment_status":"closed","ping_status":"closed","sticky":false,"template":"","format":"standard","meta":{"footnotes":""},"categories":[11,53],"tags":[],"class_list":["post-7157","post","type-post","status-publish","format-standard","has-post-thumbnail","hentry","category-blog","category-lieblingsstadt"],"yoast_head":"<!-- This site is optimized with the Yoast SEO plugin v27.5 - https:\/\/yoast.com\/product\/yoast-seo-wordpress\/ -->\n<title>Lieblingsstadt 3 \u2013 Eine Familie, ein Projekt und eine Stadt voller M\u00f6glichkeiten - Gradido<\/title>\n<meta name=\"description\" content=\"Mit den Gradido-Dankpunkten k\u00f6nnen Kerstin und Jannik ihren Leidenschaften nachgehen und ihre Kinder in ihren Interessen f\u00f6rdern. Sie sind dankbar f\u00fcr diese neue Perspektive, die es ihnen erm\u00f6glicht, ihr Leben mit Freude und Erf\u00fcllung zu gestalten.\" \/>\n<meta name=\"robots\" content=\"index, follow, max-snippet:-1, max-image-preview:large, max-video-preview:-1\" \/>\n<link rel=\"canonical\" href=\"https:\/\/gradido.net\/en\/lieblingsstadt-3-eine-familie-ein-projekt-und-eine-stadt-voller-moeglichkeiten\/\" \/>\n<meta property=\"og:locale\" content=\"en_US\" \/>\n<meta property=\"og:type\" content=\"article\" \/>\n<meta property=\"og:title\" content=\"Lieblingsstadt 3 \u2013 Eine Familie, ein Projekt und eine Stadt voller M\u00f6glichkeiten - Gradido\" \/>\n<meta property=\"og:description\" content=\"Mit den Gradido-Dankpunkten k\u00f6nnen Kerstin und Jannik ihren Leidenschaften nachgehen und ihre Kinder in ihren Interessen f\u00f6rdern. Sie sind dankbar f\u00fcr diese neue Perspektive, die es ihnen erm\u00f6glicht, ihr Leben mit Freude und Erf\u00fcllung zu gestalten.\" \/>\n<meta property=\"og:url\" content=\"https:\/\/gradido.net\/en\/lieblingsstadt-3-eine-familie-ein-projekt-und-eine-stadt-voller-moeglichkeiten\/\" \/>\n<meta property=\"og:site_name\" content=\"Gradido\" \/>\n<meta property=\"article:published_time\" content=\"2023-08-18T08:13:29+00:00\" \/>\n<meta property=\"article:modified_time\" content=\"2026-04-23T05:14:52+00:00\" \/>\n<meta property=\"og:image\" content=\"https:\/\/gradido.net\/wp-content\/uploads\/2023\/08\/Familie_Frank_1920.jpg\" \/>\n\t<meta property=\"og:image:width\" content=\"1920\" \/>\n\t<meta property=\"og:image:height\" content=\"1200\" \/>\n\t<meta property=\"og:image:type\" content=\"image\/jpeg\" \/>\n<meta name=\"author\" content=\"Bernd H\u00fcckst\u00e4dt\" \/>\n<meta name=\"twitter:card\" content=\"summary_large_image\" \/>\n<meta name=\"twitter:label1\" content=\"Written by\" \/>\n\t<meta name=\"twitter:data1\" content=\"Bernd H\u00fcckst\u00e4dt\" \/>\n\t<meta name=\"twitter:label2\" content=\"Est. reading time\" \/>\n\t<meta name=\"twitter:data2\" content=\"6 minutes\" \/>\n<script type=\"application\/ld+json\" class=\"yoast-schema-graph\">{\"@context\":\"https:\\\/\\\/schema.org\",\"@graph\":[{\"@type\":\"Article\",\"@id\":\"https:\\\/\\\/gradido.net\\\/lieblingsstadt-3-eine-familie-ein-projekt-und-eine-stadt-voller-moeglichkeiten\\\/#article\",\"isPartOf\":{\"@id\":\"https:\\\/\\\/gradido.net\\\/lieblingsstadt-3-eine-familie-ein-projekt-und-eine-stadt-voller-moeglichkeiten\\\/\"},\"author\":{\"name\":\"Bernd H\u00fcckst\u00e4dt\",\"@id\":\"https:\\\/\\\/gradido.net\\\/de\\\/#\\\/schema\\\/person\\\/9c503a004ad15a1ddecadce2218db5d1\"},\"headline\":\"Lieblingsstadt 3 \u2013 Eine Familie, ein Projekt und eine Stadt voller M\u00f6glichkeiten\",\"datePublished\":\"2023-08-18T08:13:29+00:00\",\"dateModified\":\"2026-04-23T05:14:52+00:00\",\"mainEntityOfPage\":{\"@id\":\"https:\\\/\\\/gradido.net\\\/lieblingsstadt-3-eine-familie-ein-projekt-und-eine-stadt-voller-moeglichkeiten\\\/\"},\"wordCount\":848,\"publisher\":{\"@id\":\"https:\\\/\\\/gradido.net\\\/de\\\/#organization\"},\"image\":{\"@id\":\"https:\\\/\\\/gradido.net\\\/lieblingsstadt-3-eine-familie-ein-projekt-und-eine-stadt-voller-moeglichkeiten\\\/#primaryimage\"},\"thumbnailUrl\":\"https:\\\/\\\/gradido.net\\\/wp-content\\\/uploads\\\/2023\\\/08\\\/Familie_Frank_1920.jpg\",\"articleSection\":[\"Blog\",\"Lieblingsstadt\"],\"inLanguage\":\"en-US\"},{\"@type\":\"WebPage\",\"@id\":\"https:\\\/\\\/gradido.net\\\/lieblingsstadt-3-eine-familie-ein-projekt-und-eine-stadt-voller-moeglichkeiten\\\/\",\"url\":\"https:\\\/\\\/gradido.net\\\/lieblingsstadt-3-eine-familie-ein-projekt-und-eine-stadt-voller-moeglichkeiten\\\/\",\"name\":\"Lieblingsstadt 3 \u2013 Eine Familie, ein Projekt und eine Stadt voller M\u00f6glichkeiten - Gradido\",\"isPartOf\":{\"@id\":\"https:\\\/\\\/gradido.net\\\/de\\\/#website\"},\"primaryImageOfPage\":{\"@id\":\"https:\\\/\\\/gradido.net\\\/lieblingsstadt-3-eine-familie-ein-projekt-und-eine-stadt-voller-moeglichkeiten\\\/#primaryimage\"},\"image\":{\"@id\":\"https:\\\/\\\/gradido.net\\\/lieblingsstadt-3-eine-familie-ein-projekt-und-eine-stadt-voller-moeglichkeiten\\\/#primaryimage\"},\"thumbnailUrl\":\"https:\\\/\\\/gradido.net\\\/wp-content\\\/uploads\\\/2023\\\/08\\\/Familie_Frank_1920.jpg\",\"datePublished\":\"2023-08-18T08:13:29+00:00\",\"dateModified\":\"2026-04-23T05:14:52+00:00\",\"description\":\"Mit den Gradido-Dankpunkten k\u00f6nnen Kerstin und Jannik ihren Leidenschaften nachgehen und ihre Kinder in ihren Interessen f\u00f6rdern. Sie sind dankbar f\u00fcr diese neue Perspektive, die es ihnen erm\u00f6glicht, ihr Leben mit Freude und Erf\u00fcllung zu gestalten.\",\"breadcrumb\":{\"@id\":\"https:\\\/\\\/gradido.net\\\/lieblingsstadt-3-eine-familie-ein-projekt-und-eine-stadt-voller-moeglichkeiten\\\/#breadcrumb\"},\"inLanguage\":\"en-US\",\"potentialAction\":[{\"@type\":\"ReadAction\",\"target\":[\"https:\\\/\\\/gradido.net\\\/lieblingsstadt-3-eine-familie-ein-projekt-und-eine-stadt-voller-moeglichkeiten\\\/\"]}]},{\"@type\":\"ImageObject\",\"inLanguage\":\"en-US\",\"@id\":\"https:\\\/\\\/gradido.net\\\/lieblingsstadt-3-eine-familie-ein-projekt-und-eine-stadt-voller-moeglichkeiten\\\/#primaryimage\",\"url\":\"https:\\\/\\\/gradido.net\\\/wp-content\\\/uploads\\\/2023\\\/08\\\/Familie_Frank_1920.jpg\",\"contentUrl\":\"https:\\\/\\\/gradido.net\\\/wp-content\\\/uploads\\\/2023\\\/08\\\/Familie_Frank_1920.jpg\",\"width\":1920,\"height\":1200},{\"@type\":\"BreadcrumbList\",\"@id\":\"https:\\\/\\\/gradido.net\\\/lieblingsstadt-3-eine-familie-ein-projekt-und-eine-stadt-voller-moeglichkeiten\\\/#breadcrumb\",\"itemListElement\":[{\"@type\":\"ListItem\",\"position\":1,\"name\":\"Startseite\",\"item\":\"https:\\\/\\\/gradido.net\\\/\"},{\"@type\":\"ListItem\",\"position\":2,\"name\":\"Lieblingsstadt 3 \u2013 Eine Familie, ein Projekt und eine Stadt voller M\u00f6glichkeiten\"}]},{\"@type\":\"WebSite\",\"@id\":\"https:\\\/\\\/gradido.net\\\/de\\\/#website\",\"url\":\"https:\\\/\\\/gradido.net\\\/de\\\/\",\"name\":\"Gradido\",\"description\":\"Die neue W\u00e4hrung hei\u00dft Dankbarkeit\",\"publisher\":{\"@id\":\"https:\\\/\\\/gradido.net\\\/de\\\/#organization\"},\"potentialAction\":[{\"@type\":\"SearchAction\",\"target\":{\"@type\":\"EntryPoint\",\"urlTemplate\":\"https:\\\/\\\/gradido.net\\\/de\\\/?s={search_term_string}\"},\"query-input\":{\"@type\":\"PropertyValueSpecification\",\"valueRequired\":true,\"valueName\":\"search_term_string\"}}],\"inLanguage\":\"en-US\"},{\"@type\":\"Organization\",\"@id\":\"https:\\\/\\\/gradido.net\\\/de\\\/#organization\",\"name\":\"Gradido\",\"url\":\"https:\\\/\\\/gradido.net\\\/de\\\/\",\"logo\":{\"@type\":\"ImageObject\",\"inLanguage\":\"en-US\",\"@id\":\"https:\\\/\\\/gradido.net\\\/de\\\/#\\\/schema\\\/logo\\\/image\\\/\",\"url\":\"https:\\\/\\\/gradido.net\\\/wp-content\\\/uploads\\\/2022\\\/04\\\/gradido-social.jpg\",\"contentUrl\":\"https:\\\/\\\/gradido.net\\\/wp-content\\\/uploads\\\/2022\\\/04\\\/gradido-social.jpg\",\"width\":527,\"height\":273,\"caption\":\"Gradido\"},\"image\":{\"@id\":\"https:\\\/\\\/gradido.net\\\/de\\\/#\\\/schema\\\/logo\\\/image\\\/\"}},{\"@type\":\"Person\",\"@id\":\"https:\\\/\\\/gradido.net\\\/de\\\/#\\\/schema\\\/person\\\/9c503a004ad15a1ddecadce2218db5d1\",\"name\":\"Bernd H\u00fcckst\u00e4dt\",\"sameAs\":[\"https:\\\/\\\/gradido.net\"],\"url\":\"https:\\\/\\\/gradido.net\\\/en\\\/author\\\/bernd\\\/\"}]}<\/script>\n<!-- \/ Yoast SEO plugin. -->","yoast_head_json":{"title":"Favorite City 3 - A family, a project and a city full of possibilities - Gradido","description":"With the Gradido thank points, Kerstin and Jannik can pursue their passions and encourage their children in their interests. They are grateful for this new perspective, which allows them to live their lives with joy and fulfillment.","robots":{"index":"index","follow":"follow","max-snippet":"max-snippet:-1","max-image-preview":"max-image-preview:large","max-video-preview":"max-video-preview:-1"},"canonical":"https:\/\/gradido.net\/en\/lieblingsstadt-3-eine-familie-ein-projekt-und-eine-stadt-voller-moeglichkeiten\/","og_locale":"en_US","og_type":"article","og_title":"Lieblingsstadt 3 \u2013 Eine Familie, ein Projekt und eine Stadt voller M\u00f6glichkeiten - Gradido","og_description":"Mit den Gradido-Dankpunkten k\u00f6nnen Kerstin und Jannik ihren Leidenschaften nachgehen und ihre Kinder in ihren Interessen f\u00f6rdern. Sie sind dankbar f\u00fcr diese neue Perspektive, die es ihnen erm\u00f6glicht, ihr Leben mit Freude und Erf\u00fcllung zu gestalten.","og_url":"https:\/\/gradido.net\/en\/lieblingsstadt-3-eine-familie-ein-projekt-und-eine-stadt-voller-moeglichkeiten\/","og_site_name":"Gradido","article_published_time":"2023-08-18T08:13:29+00:00","article_modified_time":"2026-04-23T05:14:52+00:00","og_image":[{"width":1920,"height":1200,"url":"https:\/\/gradido.net\/wp-content\/uploads\/2023\/08\/Familie_Frank_1920.jpg","type":"image\/jpeg"}],"author":"Bernd H\u00fcckst\u00e4dt","twitter_card":"summary_large_image","twitter_misc":{"Written by":"Bernd H\u00fcckst\u00e4dt","Est. reading time":"6 minutes"},"schema":{"@context":"https:\/\/schema.org","@graph":[{"@type":"Article","@id":"https:\/\/gradido.net\/lieblingsstadt-3-eine-familie-ein-projekt-und-eine-stadt-voller-moeglichkeiten\/#article","isPartOf":{"@id":"https:\/\/gradido.net\/lieblingsstadt-3-eine-familie-ein-projekt-und-eine-stadt-voller-moeglichkeiten\/"},"author":{"name":"Bernd H\u00fcckst\u00e4dt","@id":"https:\/\/gradido.net\/de\/#\/schema\/person\/9c503a004ad15a1ddecadce2218db5d1"},"headline":"Lieblingsstadt 3 \u2013 Eine Familie, ein Projekt und eine Stadt voller M\u00f6glichkeiten","datePublished":"2023-08-18T08:13:29+00:00","dateModified":"2026-04-23T05:14:52+00:00","mainEntityOfPage":{"@id":"https:\/\/gradido.net\/lieblingsstadt-3-eine-familie-ein-projekt-und-eine-stadt-voller-moeglichkeiten\/"},"wordCount":848,"publisher":{"@id":"https:\/\/gradido.net\/de\/#organization"},"image":{"@id":"https:\/\/gradido.net\/lieblingsstadt-3-eine-familie-ein-projekt-und-eine-stadt-voller-moeglichkeiten\/#primaryimage"},"thumbnailUrl":"https:\/\/gradido.net\/wp-content\/uploads\/2023\/08\/Familie_Frank_1920.jpg","articleSection":["Blog","Lieblingsstadt"],"inLanguage":"en-US"},{"@type":"WebPage","@id":"https:\/\/gradido.net\/lieblingsstadt-3-eine-familie-ein-projekt-und-eine-stadt-voller-moeglichkeiten\/","url":"https:\/\/gradido.net\/lieblingsstadt-3-eine-familie-ein-projekt-und-eine-stadt-voller-moeglichkeiten\/","name":"Favorite City 3 - A family, a project and a city full of possibilities - Gradido","isPartOf":{"@id":"https:\/\/gradido.net\/de\/#website"},"primaryImageOfPage":{"@id":"https:\/\/gradido.net\/lieblingsstadt-3-eine-familie-ein-projekt-und-eine-stadt-voller-moeglichkeiten\/#primaryimage"},"image":{"@id":"https:\/\/gradido.net\/lieblingsstadt-3-eine-familie-ein-projekt-und-eine-stadt-voller-moeglichkeiten\/#primaryimage"},"thumbnailUrl":"https:\/\/gradido.net\/wp-content\/uploads\/2023\/08\/Familie_Frank_1920.jpg","datePublished":"2023-08-18T08:13:29+00:00","dateModified":"2026-04-23T05:14:52+00:00","description":"With the Gradido thank points, Kerstin and Jannik can pursue their passions and encourage their children in their interests. They are grateful for this new perspective, which allows them to live their lives with joy and fulfillment.","breadcrumb":{"@id":"https:\/\/gradido.net\/lieblingsstadt-3-eine-familie-ein-projekt-und-eine-stadt-voller-moeglichkeiten\/#breadcrumb"},"inLanguage":"en-US","potentialAction":[{"@type":"ReadAction","target":["https:\/\/gradido.net\/lieblingsstadt-3-eine-familie-ein-projekt-und-eine-stadt-voller-moeglichkeiten\/"]}]},{"@type":"ImageObject","inLanguage":"en-US","@id":"https:\/\/gradido.net\/lieblingsstadt-3-eine-familie-ein-projekt-und-eine-stadt-voller-moeglichkeiten\/#primaryimage","url":"https:\/\/gradido.net\/wp-content\/uploads\/2023\/08\/Familie_Frank_1920.jpg","contentUrl":"https:\/\/gradido.net\/wp-content\/uploads\/2023\/08\/Familie_Frank_1920.jpg","width":1920,"height":1200},{"@type":"BreadcrumbList","@id":"https:\/\/gradido.net\/lieblingsstadt-3-eine-familie-ein-projekt-und-eine-stadt-voller-moeglichkeiten\/#breadcrumb","itemListElement":[{"@type":"ListItem","position":1,"name":"Startseite","item":"https:\/\/gradido.net\/"},{"@type":"ListItem","position":2,"name":"Lieblingsstadt 3 \u2013 Eine Familie, ein Projekt und eine Stadt voller M\u00f6glichkeiten"}]},{"@type":"WebSite","@id":"https:\/\/gradido.net\/de\/#website","url":"https:\/\/gradido.net\/de\/","name":"Gradido","description":"The new currency is gratitude","publisher":{"@id":"https:\/\/gradido.net\/de\/#organization"},"potentialAction":[{"@type":"SearchAction","target":{"@type":"EntryPoint","urlTemplate":"https:\/\/gradido.net\/de\/?s={search_term_string}"},"query-input":{"@type":"PropertyValueSpecification","valueRequired":true,"valueName":"search_term_string"}}],"inLanguage":"en-US"},{"@type":"Organization","@id":"https:\/\/gradido.net\/de\/#organization","name":"Gradido","url":"https:\/\/gradido.net\/de\/","logo":{"@type":"ImageObject","inLanguage":"en-US","@id":"https:\/\/gradido.net\/de\/#\/schema\/logo\/image\/","url":"https:\/\/gradido.net\/wp-content\/uploads\/2022\/04\/gradido-social.jpg","contentUrl":"https:\/\/gradido.net\/wp-content\/uploads\/2022\/04\/gradido-social.jpg","width":527,"height":273,"caption":"Gradido"},"image":{"@id":"https:\/\/gradido.net\/de\/#\/schema\/logo\/image\/"}},{"@type":"Person","@id":"https:\/\/gradido.net\/de\/#\/schema\/person\/9c503a004ad15a1ddecadce2218db5d1","name":"Bernd H\u00fcckst\u00e4dt","sameAs":["https:\/\/gradido.net"],"url":"https:\/\/gradido.net\/en\/author\/bernd\/"}]}},"_links":{"self":[{"href":"https:\/\/gradido.net\/en\/wp-json\/wp\/v2\/posts\/7157","targetHints":{"allow":["GET"]}}],"collection":[{"href":"https:\/\/gradido.net\/en\/wp-json\/wp\/v2\/posts"}],"about":[{"href":"https:\/\/gradido.net\/en\/wp-json\/wp\/v2\/types\/post"}],"author":[{"embeddable":true,"href":"https:\/\/gradido.net\/en\/wp-json\/wp\/v2\/users\/2"}],"replies":[{"embeddable":true,"href":"https:\/\/gradido.net\/en\/wp-json\/wp\/v2\/comments?post=7157"}],"version-history":[{"count":55,"href":"https:\/\/gradido.net\/en\/wp-json\/wp\/v2\/posts\/7157\/revisions"}],"predecessor-version":[{"id":13547,"href":"https:\/\/gradido.net\/en\/wp-json\/wp\/v2\/posts\/7157\/revisions\/13547"}],"wp:featuredmedia":[{"embeddable":true,"href":"https:\/\/gradido.net\/en\/wp-json\/wp\/v2\/media\/7158"}],"wp:attachment":[{"href":"https:\/\/gradido.net\/en\/wp-json\/wp\/v2\/media?parent=7157"}],"wp:term":[{"taxonomy":"category","embeddable":true,"href":"https:\/\/gradido.net\/en\/wp-json\/wp\/v2\/categories?post=7157"},{"taxonomy":"post_tag","embeddable":true,"href":"https:\/\/gradido.net\/en\/wp-json\/wp\/v2\/tags?post=7157"}],"curies":[{"name":"wp","href":"https:\/\/api.w.org\/{rel}","templated":true}]}}