{"id":9649,"date":"2024-10-18T13:26:01","date_gmt":"2024-10-18T11:26:01","guid":{"rendered":"https:\/\/gradido.net\/?p=9649"},"modified":"2026-04-24T07:27:01","modified_gmt":"2026-04-24T05:27:01","slug":"welches-grundeinkommen-ist-das-richtige","status":"publish","type":"post","link":"https:\/\/gradido.net\/en\/welches-grundeinkommen-ist-das-richtige\/","title":{"rendered":"Which basic income is the right one?"},"content":{"rendered":"<div data-elementor-type=\"wp-post\" data-elementor-id=\"9649\" class=\"elementor elementor-9649\" data-elementor-post-type=\"post\">\n\t\t\t\t\t\t<section class=\"elementor-section elementor-top-section elementor-element elementor-element-496e1d53 elementor-section-boxed elementor-section-height-default elementor-section-height-default\" data-id=\"496e1d53\" data-element_type=\"section\" data-e-type=\"section\">\n\t\t\t\t\t\t<div class=\"elementor-container elementor-column-gap-default\">\n\t\t\t\t\t<div class=\"elementor-column elementor-col-100 elementor-top-column elementor-element elementor-element-461d7be0\" data-id=\"461d7be0\" data-element_type=\"column\" data-e-type=\"column\">\n\t\t\t<div class=\"elementor-widget-wrap elementor-element-populated\">\n\t\t\t\t\t\t<div class=\"elementor-element elementor-element-cd9ebe2 elementor-widget elementor-widget-text-editor\" data-id=\"cd9ebe2\" data-element_type=\"widget\" data-e-type=\"widget\" data-widget_type=\"text-editor.default\">\n\t\t\t\t<div class=\"elementor-widget-container\">\n\t\t\t\t\t\t\t\t\t<p><em>Image rights: imago\/soul<\/em><\/p><p style=\"text-align: right;\"><em>\"Creativity is the only renewable resource we have in this country.\"<\/em><\/p><p style=\"text-align: right;\"><em>- Adrienne Goehler, German publicist<\/em><\/p><p>Dear Reader,<\/p><p>\u00a0Do you also have serious doubts as to whether an unconditional basic income is really a good solution for everyone? Certainly, everyone has the right to a dignified life - but distributing money to everyone according to the watering can principle? Can we use our creativity for much better opportunities?<\/p><p>You will remember that Gradido enables both the Unconditional Basic Income and the Active Basic Income. Which do you think is the better option?<\/p><h2>21 arguments for your informed decision<\/h2><p>In June 2016, a vote was held in Switzerland on the introduction of an unconditional basic income. It was rejected by a majority of 76.9%.<\/p><p>If you delve deeper into the argument, you will find roughly the same number of good reasons for and against.<\/p><h3>Seven arguments of the opponents<\/h3><ol><li>An unconditional basic income cannot be financed.<\/li><li>It will tempt people into inactivity, as the material incentive to take up work is reduced.<\/li><li>Hardly anyone would still do low-paid and unpleasant work.<\/li><li>Young people and children, especially those from socially disadvantaged backgrounds, could neglect their own education and qualifications.<\/li><li>It leads to a \"pensioner mentality\" that is hostile to innovation.<\/li><li>An unconditional basic income would have an immense appeal to people and would further increase the flow of migrants.<\/li><li>It is not fair if the billionaire is paid the same amount as the garbage collector.<\/li><\/ol><h3>Seven arguments put forward by supporters<\/h3><ol><li>There are now several proposals for financing.<\/li><li>Everyone has a right to a dignified life.<\/li><li>Means testing is unworthy.<\/li><li>No one should be forced to do a particular job.<\/li><li>Digitalization will make more and more jobs redundant.<\/li><li>The pension system no longer works.<\/li><li>Enormous reduction in bureaucracy.<\/li><\/ol><p>We can find serious arguments on both sides. How can we resolve this dilemma?<\/p><p><strong><em>\"Creativity is the only renewable resource\".<\/em> So let's turn \"either-or\" into \"both-and\" and find an intelligent, creative solution that takes all the arguments into account!<\/strong><\/p><h3>Active basic income unites both sides<\/h3><p>The Active Basic Income guarantees us all unconditional participation in the community. It gives us the right to contribute to the community with what we like to do, i.e. to contribute to the common good. In return, we receive twenty gradido per hour. We are paid for up to fifty hours per month, i.e. a maximum of one thousand gradidos per month.<\/p><p>The contribution we make should correspond to our nature, i.e. take into account our inclinations and abilities. People who love what they do develop their potential and are happier, more satisfied, healthier and more productive. For this reason alone, it is in everyone's interest that each of us is allowed to contribute to the community according to our nature.<\/p><h3>Seven arguments for Gradido with an Active Basic Income that integrate the interests of both sides<\/h3><ol><li>It finances itself through the initial creation of money <strong>and<\/strong> does not need any further financing concepts.<\/li><li>It guarantees us all a dignified life <strong>and<\/strong> offers us the material incentive to do our bit for the community.<\/li><li>Instead of a means test, we receive coaching <strong>and<\/strong> are supported in developing our highest potential.<\/li><li>We are free to choose how we want to contribute <strong>and<\/strong> are paid extra for unpleasant work.<\/li><li>We all earn well <strong>and<\/strong> are pleased that more and more unpleasant tasks are being transferred to machines.<\/li><li>It secures our pension provision <strong>and<\/strong> obliges all of us (including migrants) to do our part.<\/li><li>It enables an enormous reduction in bureaucracy <strong>and<\/strong> is of no interest to billionaires.<\/li><\/ol><p>\u00a0<\/p><p><strong>The deep satisfaction that comes from being able to contribute to the common good and the associated positive effects on the development of potential, quality of life, happiness and health make us clearly prefer the Active Basic Income. <\/strong><\/p><p>Anyone who is unable to contribute to the community for health or age-related reasons will of course receive their basic income unconditionally.<\/p><h2>Gradido enables an Active Basic Income for all of us worldwide<\/h2><p>We seriously doubt whether a global basic income (active or unconditional) would even be possible in the old debt money system. The question is not really important, because the old system has so many disadvantages and is collapsing anyway.<\/p><p>Gradido is the holistic solution that empowers us all to solve the burning problems of our time permanently by actively developing our potential. Together we can create a paradise on earth in prosperity and peace - and in harmony with nature.<\/p><h2>Become part of the Gradido movement now!<\/h2><p><a href=\"https:\/\/gdd.gradido.net\/register\" target=\"_blank\" rel=\"noopener\">Register your free Gradido account<\/a> if you don't have one yet.<\/p><p>Connect with us in the Gradido circles! You can reach them with a few clicks in your Gradido account.<\/p><p>Get involved in a movement that makes a really big difference and starts at the crucial point to shape a great future for you and the generations to come!<\/p><p>The development is accelerating and the chances are good that we will have achieved the peaceful transformation together in a few years. A thousand thanks, because you are also with us and are doing everything in your power to help us succeed!<\/p>\t\t\t\t\t\t\t\t<\/div>\n\t\t\t\t<\/div>\n\t\t\t\t<div class=\"elementor-element elementor-element-d74dfa0 elementor-widget elementor-widget-text-editor\" data-id=\"d74dfa0\" data-element_type=\"widget\" data-e-type=\"widget\" data-widget_type=\"text-editor.default\">\n\t\t\t\t<div class=\"elementor-widget-container\">\n\t\t\t\t\t\t\t\t\t<div data-pm-slice=\"1 1 []\" data-en-clipboard=\"true\"><p>warmest regards<\/p><\/div><p>Yours<\/p><p><img decoding=\"async\" class=\"alignnone wp-image-4614 size-medium\" src=\"https:\/\/gradido.net\/wp-content\/uploads\/2022\/06\/MargretBernd_2022-300x74.png\" alt=\"\" width=\"300\" height=\"74\" srcset=\"https:\/\/gradido.net\/wp-content\/uploads\/2022\/06\/MargretBernd_2022-300x74.png 300w, https:\/\/gradido.net\/wp-content\/uploads\/2022\/06\/MargretBernd_2022-18x4.png 18w, https:\/\/gradido.net\/wp-content\/uploads\/2022\/06\/MargretBernd_2022.png 431w\" sizes=\"(max-width: 300px) 100vw, 300px\" \/><\/p><p>Margret Baier and Bernd H\u00fcckst\u00e4dt<br \/>Gradido founder and developer<\/p>\t\t\t\t\t\t\t\t<\/div>\n\t\t\t\t<\/div>\n\t\t\t\t\t<\/div>\n\t\t<\/div>\n\t\t\t\t\t<\/div>\n\t\t<\/section>\n\t\t\t\t<section class=\"elementor-section elementor-top-section elementor-element elementor-element-14532fe elementor-section-boxed elementor-section-height-default elementor-section-height-default\" data-id=\"14532fe\" data-element_type=\"section\" data-e-type=\"section\">\n\t\t\t\t\t\t<div class=\"elementor-container elementor-column-gap-default\">\n\t\t\t\t\t<div class=\"elementor-column elementor-col-100 elementor-top-column elementor-element elementor-element-65d2298\" data-id=\"65d2298\" data-element_type=\"column\" data-e-type=\"column\">\n\t\t\t<div class=\"elementor-widget-wrap elementor-element-populated\">\n\t\t\t\t\t\t<div class=\"elementor-element elementor-element-bea124f elementor-widget elementor-widget-global elementor-global-9341 elementor-widget-text-editor\" data-id=\"bea124f\" data-element_type=\"widget\" data-e-type=\"widget\" data-widget_type=\"text-editor.default\">\n\t\t\t\t<div class=\"elementor-widget-container\">\n\t\t\t\t\t\t\t\t\t<p><strong>PS:\u00a0<span style=\"color: #ff6600;\"><a style=\"color: #ff6600;\" href=\"https:\/\/gradido.net\/en\/donations\/\">Due to the ever-growing importance of Gradido, we are repeating our gratitude campaign on June 26, 2026:<\/a>\u00a0<\/span><span style=\"color: #0000ff;\"><a style=\"color: #0000ff;\" href=\"https:\/\/gradido.net\/en\/donations\/\">In addition to the multiple GradidoTransform for your sponsorship contribution, we will increase all GDT account balances by 26% on 26.06.26. Sponsor now and enjoy the multiple amount of GDT!<\/a><\/span><\/strong><\/p>\t\t\t\t\t\t\t\t<\/div>\n\t\t\t\t<\/div>\n\t\t\t\t\t<\/div>\n\t\t<\/div>\n\t\t\t\t\t<\/div>\n\t\t<\/section>\n\t\t\t\t<section class=\"elementor-section elementor-top-section elementor-element elementor-element-29dfc07 elementor-section-boxed elementor-section-height-default elementor-section-height-default\" data-id=\"29dfc07\" data-element_type=\"section\" data-e-type=\"section\">\n\t\t\t\t\t\t<div class=\"elementor-container elementor-column-gap-default\">\n\t\t\t\t\t<div class=\"elementor-column elementor-col-100 elementor-top-column elementor-element elementor-element-d37ec5a\" data-id=\"d37ec5a\" data-element_type=\"column\" data-e-type=\"column\">\n\t\t\t<div class=\"elementor-widget-wrap\">\n\t\t\t\t\t\t\t<\/div>\n\t\t<\/div>\n\t\t\t\t\t<\/div>\n\t\t<\/section>\n\t\t\t\t<\/div>","protected":false},"excerpt":{"rendered":"<p>The deep satisfaction that comes from being able to contribute to the common good and the associated positive effects on the development of potential, quality of life, happiness and health make us clearly prefer the Active Basic Income.<\/p>","protected":false},"author":2,"featured_media":833,"comment_status":"closed","ping_status":"closed","sticky":false,"template":"","format":"standard","meta":{"footnotes":""},"categories":[11,54,55],"tags":[],"class_list":["post-9649","post","type-post","status-publish","format-standard","has-post-thumbnail","hentry","category-blog","category-community","category-gradido-konto"],"yoast_head":"<!-- This site is optimized with the Yoast SEO plugin v27.5 - https:\/\/yoast.com\/product\/yoast-seo-wordpress\/ -->\n<title>Welches Grundeinkommen ist das Richtige? - Gradido<\/title>\n<meta name=\"description\" content=\"Die tiefe Befriedigung, die dadurch entsteht, zum Gemeinwohl beitragen zu d\u00fcrfen, und die damit verbundenen positiven Auswirkungen auf Potenzialentfaltung, Lebensqualit\u00e4t, Gl\u00fccksgef\u00fchl und Gesundheit lassen uns dem Aktiven Grundeinkommen eindeutig den Vorzug geben.\" \/>\n<meta name=\"robots\" content=\"index, follow, max-snippet:-1, max-image-preview:large, max-video-preview:-1\" \/>\n<link rel=\"canonical\" href=\"https:\/\/gradido.net\/en\/welches-grundeinkommen-ist-das-richtige\/\" \/>\n<meta property=\"og:locale\" content=\"en_US\" \/>\n<meta property=\"og:type\" content=\"article\" \/>\n<meta property=\"og:title\" content=\"Welches Grundeinkommen ist das Richtige? - Gradido\" \/>\n<meta property=\"og:description\" content=\"Die tiefe Befriedigung, die dadurch entsteht, zum Gemeinwohl beitragen zu d\u00fcrfen, und die damit verbundenen positiven Auswirkungen auf Potenzialentfaltung, Lebensqualit\u00e4t, Gl\u00fccksgef\u00fchl und Gesundheit lassen uns dem Aktiven Grundeinkommen eindeutig den Vorzug geben.\" \/>\n<meta property=\"og:url\" content=\"https:\/\/gradido.net\/en\/welches-grundeinkommen-ist-das-richtige\/\" \/>\n<meta property=\"og:site_name\" content=\"Gradido\" \/>\n<meta property=\"article:published_time\" content=\"2024-10-18T11:26:01+00:00\" \/>\n<meta property=\"article:modified_time\" content=\"2026-04-24T05:27:01+00:00\" \/>\n<meta property=\"og:image\" content=\"https:\/\/gradido.net\/wp-content\/uploads\/2020\/09\/grundeinkommen-statt-existenzangst.jpg\" \/>\n\t<meta property=\"og:image:width\" content=\"1344\" \/>\n\t<meta property=\"og:image:height\" content=\"504\" \/>\n\t<meta property=\"og:image:type\" content=\"image\/jpeg\" \/>\n<meta name=\"author\" content=\"Bernd H\u00fcckst\u00e4dt\" \/>\n<meta name=\"twitter:card\" content=\"summary_large_image\" \/>\n<meta name=\"twitter:label1\" content=\"Written by\" \/>\n\t<meta name=\"twitter:data1\" content=\"Bernd H\u00fcckst\u00e4dt\" \/>\n\t<meta name=\"twitter:label2\" content=\"Est. reading time\" \/>\n\t<meta name=\"twitter:data2\" content=\"5 minutes\" \/>\n<script type=\"application\/ld+json\" class=\"yoast-schema-graph\">{\"@context\":\"https:\\\/\\\/schema.org\",\"@graph\":[{\"@type\":\"Article\",\"@id\":\"https:\\\/\\\/gradido.net\\\/welches-grundeinkommen-ist-das-richtige\\\/#article\",\"isPartOf\":{\"@id\":\"https:\\\/\\\/gradido.net\\\/welches-grundeinkommen-ist-das-richtige\\\/\"},\"author\":{\"name\":\"Bernd H\u00fcckst\u00e4dt\",\"@id\":\"https:\\\/\\\/gradido.net\\\/de\\\/#\\\/schema\\\/person\\\/9c503a004ad15a1ddecadce2218db5d1\"},\"headline\":\"Welches Grundeinkommen ist das Richtige?\",\"datePublished\":\"2024-10-18T11:26:01+00:00\",\"dateModified\":\"2026-04-24T05:27:01+00:00\",\"mainEntityOfPage\":{\"@id\":\"https:\\\/\\\/gradido.net\\\/welches-grundeinkommen-ist-das-richtige\\\/\"},\"wordCount\":908,\"publisher\":{\"@id\":\"https:\\\/\\\/gradido.net\\\/de\\\/#organization\"},\"image\":{\"@id\":\"https:\\\/\\\/gradido.net\\\/welches-grundeinkommen-ist-das-richtige\\\/#primaryimage\"},\"thumbnailUrl\":\"https:\\\/\\\/gradido.net\\\/wp-content\\\/uploads\\\/2020\\\/09\\\/grundeinkommen-statt-existenzangst.jpg\",\"articleSection\":[\"Blog\",\"Community\",\"Gradido-Konto\"],\"inLanguage\":\"en-US\"},{\"@type\":\"WebPage\",\"@id\":\"https:\\\/\\\/gradido.net\\\/welches-grundeinkommen-ist-das-richtige\\\/\",\"url\":\"https:\\\/\\\/gradido.net\\\/welches-grundeinkommen-ist-das-richtige\\\/\",\"name\":\"Welches Grundeinkommen ist das Richtige? - Gradido\",\"isPartOf\":{\"@id\":\"https:\\\/\\\/gradido.net\\\/de\\\/#website\"},\"primaryImageOfPage\":{\"@id\":\"https:\\\/\\\/gradido.net\\\/welches-grundeinkommen-ist-das-richtige\\\/#primaryimage\"},\"image\":{\"@id\":\"https:\\\/\\\/gradido.net\\\/welches-grundeinkommen-ist-das-richtige\\\/#primaryimage\"},\"thumbnailUrl\":\"https:\\\/\\\/gradido.net\\\/wp-content\\\/uploads\\\/2020\\\/09\\\/grundeinkommen-statt-existenzangst.jpg\",\"datePublished\":\"2024-10-18T11:26:01+00:00\",\"dateModified\":\"2026-04-24T05:27:01+00:00\",\"description\":\"Die tiefe Befriedigung, die dadurch entsteht, zum Gemeinwohl beitragen zu d\u00fcrfen, und die damit verbundenen positiven Auswirkungen auf Potenzialentfaltung, Lebensqualit\u00e4t, Gl\u00fccksgef\u00fchl und Gesundheit lassen uns dem Aktiven Grundeinkommen eindeutig den Vorzug geben.\",\"breadcrumb\":{\"@id\":\"https:\\\/\\\/gradido.net\\\/welches-grundeinkommen-ist-das-richtige\\\/#breadcrumb\"},\"inLanguage\":\"en-US\",\"potentialAction\":[{\"@type\":\"ReadAction\",\"target\":[\"https:\\\/\\\/gradido.net\\\/welches-grundeinkommen-ist-das-richtige\\\/\"]}]},{\"@type\":\"ImageObject\",\"inLanguage\":\"en-US\",\"@id\":\"https:\\\/\\\/gradido.net\\\/welches-grundeinkommen-ist-das-richtige\\\/#primaryimage\",\"url\":\"https:\\\/\\\/gradido.net\\\/wp-content\\\/uploads\\\/2020\\\/09\\\/grundeinkommen-statt-existenzangst.jpg\",\"contentUrl\":\"https:\\\/\\\/gradido.net\\\/wp-content\\\/uploads\\\/2020\\\/09\\\/grundeinkommen-statt-existenzangst.jpg\",\"width\":1344,\"height\":504},{\"@type\":\"BreadcrumbList\",\"@id\":\"https:\\\/\\\/gradido.net\\\/welches-grundeinkommen-ist-das-richtige\\\/#breadcrumb\",\"itemListElement\":[{\"@type\":\"ListItem\",\"position\":1,\"name\":\"Startseite\",\"item\":\"https:\\\/\\\/gradido.net\\\/\"},{\"@type\":\"ListItem\",\"position\":2,\"name\":\"Welches Grundeinkommen ist das Richtige?\"}]},{\"@type\":\"WebSite\",\"@id\":\"https:\\\/\\\/gradido.net\\\/de\\\/#website\",\"url\":\"https:\\\/\\\/gradido.net\\\/de\\\/\",\"name\":\"Gradido\",\"description\":\"Die neue W\u00e4hrung hei\u00dft Dankbarkeit\",\"publisher\":{\"@id\":\"https:\\\/\\\/gradido.net\\\/de\\\/#organization\"},\"potentialAction\":[{\"@type\":\"SearchAction\",\"target\":{\"@type\":\"EntryPoint\",\"urlTemplate\":\"https:\\\/\\\/gradido.net\\\/de\\\/?s={search_term_string}\"},\"query-input\":{\"@type\":\"PropertyValueSpecification\",\"valueRequired\":true,\"valueName\":\"search_term_string\"}}],\"inLanguage\":\"en-US\"},{\"@type\":\"Organization\",\"@id\":\"https:\\\/\\\/gradido.net\\\/de\\\/#organization\",\"name\":\"Gradido\",\"url\":\"https:\\\/\\\/gradido.net\\\/de\\\/\",\"logo\":{\"@type\":\"ImageObject\",\"inLanguage\":\"en-US\",\"@id\":\"https:\\\/\\\/gradido.net\\\/de\\\/#\\\/schema\\\/logo\\\/image\\\/\",\"url\":\"https:\\\/\\\/gradido.net\\\/wp-content\\\/uploads\\\/2022\\\/04\\\/gradido-social.jpg\",\"contentUrl\":\"https:\\\/\\\/gradido.net\\\/wp-content\\\/uploads\\\/2022\\\/04\\\/gradido-social.jpg\",\"width\":527,\"height\":273,\"caption\":\"Gradido\"},\"image\":{\"@id\":\"https:\\\/\\\/gradido.net\\\/de\\\/#\\\/schema\\\/logo\\\/image\\\/\"}},{\"@type\":\"Person\",\"@id\":\"https:\\\/\\\/gradido.net\\\/de\\\/#\\\/schema\\\/person\\\/9c503a004ad15a1ddecadce2218db5d1\",\"name\":\"Bernd H\u00fcckst\u00e4dt\",\"sameAs\":[\"https:\\\/\\\/gradido.net\"],\"url\":\"https:\\\/\\\/gradido.net\\\/en\\\/author\\\/bernd\\\/\"}]}<\/script>\n<!-- \/ Yoast SEO plugin. -->","yoast_head_json":{"title":"Which basic income is the right one? - Gradido","description":"The deep satisfaction that comes from being able to contribute to the common good and the associated positive effects on the development of potential, quality of life, happiness and health make us clearly prefer the Active Basic Income.","robots":{"index":"index","follow":"follow","max-snippet":"max-snippet:-1","max-image-preview":"max-image-preview:large","max-video-preview":"max-video-preview:-1"},"canonical":"https:\/\/gradido.net\/en\/welches-grundeinkommen-ist-das-richtige\/","og_locale":"en_US","og_type":"article","og_title":"Welches Grundeinkommen ist das Richtige? - Gradido","og_description":"Die tiefe Befriedigung, die dadurch entsteht, zum Gemeinwohl beitragen zu d\u00fcrfen, und die damit verbundenen positiven Auswirkungen auf Potenzialentfaltung, Lebensqualit\u00e4t, Gl\u00fccksgef\u00fchl und Gesundheit lassen uns dem Aktiven Grundeinkommen eindeutig den Vorzug geben.","og_url":"https:\/\/gradido.net\/en\/welches-grundeinkommen-ist-das-richtige\/","og_site_name":"Gradido","article_published_time":"2024-10-18T11:26:01+00:00","article_modified_time":"2026-04-24T05:27:01+00:00","og_image":[{"width":1344,"height":504,"url":"https:\/\/gradido.net\/wp-content\/uploads\/2020\/09\/grundeinkommen-statt-existenzangst.jpg","type":"image\/jpeg"}],"author":"Bernd H\u00fcckst\u00e4dt","twitter_card":"summary_large_image","twitter_misc":{"Written by":"Bernd H\u00fcckst\u00e4dt","Est. reading time":"5 minutes"},"schema":{"@context":"https:\/\/schema.org","@graph":[{"@type":"Article","@id":"https:\/\/gradido.net\/welches-grundeinkommen-ist-das-richtige\/#article","isPartOf":{"@id":"https:\/\/gradido.net\/welches-grundeinkommen-ist-das-richtige\/"},"author":{"name":"Bernd H\u00fcckst\u00e4dt","@id":"https:\/\/gradido.net\/de\/#\/schema\/person\/9c503a004ad15a1ddecadce2218db5d1"},"headline":"Welches Grundeinkommen ist das Richtige?","datePublished":"2024-10-18T11:26:01+00:00","dateModified":"2026-04-24T05:27:01+00:00","mainEntityOfPage":{"@id":"https:\/\/gradido.net\/welches-grundeinkommen-ist-das-richtige\/"},"wordCount":908,"publisher":{"@id":"https:\/\/gradido.net\/de\/#organization"},"image":{"@id":"https:\/\/gradido.net\/welches-grundeinkommen-ist-das-richtige\/#primaryimage"},"thumbnailUrl":"https:\/\/gradido.net\/wp-content\/uploads\/2020\/09\/grundeinkommen-statt-existenzangst.jpg","articleSection":["Blog","Community","Gradido-Konto"],"inLanguage":"en-US"},{"@type":"WebPage","@id":"https:\/\/gradido.net\/welches-grundeinkommen-ist-das-richtige\/","url":"https:\/\/gradido.net\/welches-grundeinkommen-ist-das-richtige\/","name":"Which basic income is the right one? - Gradido","isPartOf":{"@id":"https:\/\/gradido.net\/de\/#website"},"primaryImageOfPage":{"@id":"https:\/\/gradido.net\/welches-grundeinkommen-ist-das-richtige\/#primaryimage"},"image":{"@id":"https:\/\/gradido.net\/welches-grundeinkommen-ist-das-richtige\/#primaryimage"},"thumbnailUrl":"https:\/\/gradido.net\/wp-content\/uploads\/2020\/09\/grundeinkommen-statt-existenzangst.jpg","datePublished":"2024-10-18T11:26:01+00:00","dateModified":"2026-04-24T05:27:01+00:00","description":"The deep satisfaction that comes from being able to contribute to the common good and the associated positive effects on the development of potential, quality of life, happiness and health make us clearly prefer the Active Basic Income.","breadcrumb":{"@id":"https:\/\/gradido.net\/welches-grundeinkommen-ist-das-richtige\/#breadcrumb"},"inLanguage":"en-US","potentialAction":[{"@type":"ReadAction","target":["https:\/\/gradido.net\/welches-grundeinkommen-ist-das-richtige\/"]}]},{"@type":"ImageObject","inLanguage":"en-US","@id":"https:\/\/gradido.net\/welches-grundeinkommen-ist-das-richtige\/#primaryimage","url":"https:\/\/gradido.net\/wp-content\/uploads\/2020\/09\/grundeinkommen-statt-existenzangst.jpg","contentUrl":"https:\/\/gradido.net\/wp-content\/uploads\/2020\/09\/grundeinkommen-statt-existenzangst.jpg","width":1344,"height":504},{"@type":"BreadcrumbList","@id":"https:\/\/gradido.net\/welches-grundeinkommen-ist-das-richtige\/#breadcrumb","itemListElement":[{"@type":"ListItem","position":1,"name":"Startseite","item":"https:\/\/gradido.net\/"},{"@type":"ListItem","position":2,"name":"Welches Grundeinkommen ist das Richtige?"}]},{"@type":"WebSite","@id":"https:\/\/gradido.net\/de\/#website","url":"https:\/\/gradido.net\/de\/","name":"Gradido","description":"The new currency is gratitude","publisher":{"@id":"https:\/\/gradido.net\/de\/#organization"},"potentialAction":[{"@type":"SearchAction","target":{"@type":"EntryPoint","urlTemplate":"https:\/\/gradido.net\/de\/?s={search_term_string}"},"query-input":{"@type":"PropertyValueSpecification","valueRequired":true,"valueName":"search_term_string"}}],"inLanguage":"en-US"},{"@type":"Organization","@id":"https:\/\/gradido.net\/de\/#organization","name":"Gradido","url":"https:\/\/gradido.net\/de\/","logo":{"@type":"ImageObject","inLanguage":"en-US","@id":"https:\/\/gradido.net\/de\/#\/schema\/logo\/image\/","url":"https:\/\/gradido.net\/wp-content\/uploads\/2022\/04\/gradido-social.jpg","contentUrl":"https:\/\/gradido.net\/wp-content\/uploads\/2022\/04\/gradido-social.jpg","width":527,"height":273,"caption":"Gradido"},"image":{"@id":"https:\/\/gradido.net\/de\/#\/schema\/logo\/image\/"}},{"@type":"Person","@id":"https:\/\/gradido.net\/de\/#\/schema\/person\/9c503a004ad15a1ddecadce2218db5d1","name":"Bernd H\u00fcckst\u00e4dt","sameAs":["https:\/\/gradido.net"],"url":"https:\/\/gradido.net\/en\/author\/bernd\/"}]}},"_links":{"self":[{"href":"https:\/\/gradido.net\/en\/wp-json\/wp\/v2\/posts\/9649","targetHints":{"allow":["GET"]}}],"collection":[{"href":"https:\/\/gradido.net\/en\/wp-json\/wp\/v2\/posts"}],"about":[{"href":"https:\/\/gradido.net\/en\/wp-json\/wp\/v2\/types\/post"}],"author":[{"embeddable":true,"href":"https:\/\/gradido.net\/en\/wp-json\/wp\/v2\/users\/2"}],"replies":[{"embeddable":true,"href":"https:\/\/gradido.net\/en\/wp-json\/wp\/v2\/comments?post=9649"}],"version-history":[{"count":22,"href":"https:\/\/gradido.net\/en\/wp-json\/wp\/v2\/posts\/9649\/revisions"}],"predecessor-version":[{"id":13581,"href":"https:\/\/gradido.net\/en\/wp-json\/wp\/v2\/posts\/9649\/revisions\/13581"}],"wp:featuredmedia":[{"embeddable":true,"href":"https:\/\/gradido.net\/en\/wp-json\/wp\/v2\/media\/833"}],"wp:attachment":[{"href":"https:\/\/gradido.net\/en\/wp-json\/wp\/v2\/media?parent=9649"}],"wp:term":[{"taxonomy":"category","embeddable":true,"href":"https:\/\/gradido.net\/en\/wp-json\/wp\/v2\/categories?post=9649"},{"taxonomy":"post_tag","embeddable":true,"href":"https:\/\/gradido.net\/en\/wp-json\/wp\/v2\/tags?post=9649"}],"curies":[{"name":"wp","href":"https:\/\/api.w.org\/{rel}","templated":true}]}}