{"id":10371,"date":"2025-05-11T12:12:25","date_gmt":"2025-05-11T10:12:25","guid":{"rendered":"https:\/\/gradido.net\/?p=10371"},"modified":"2026-04-24T07:22:41","modified_gmt":"2026-04-24T05:22:41","slug":"gemeinsam-wachsen-meilensteine-feiern-und-die-zukunft-gestalten","status":"publish","type":"post","link":"https:\/\/gradido.net\/es\/gemeinsam-wachsen-meilensteine-feiern-und-die-zukunft-gestalten\/","title":{"rendered":"Crecer juntos: celebrar los hitos y forjar el futuro"},"content":{"rendered":"<div data-elementor-type=\"wp-post\" data-elementor-id=\"10371\" class=\"elementor elementor-10371\" data-elementor-post-type=\"post\">\n\t\t\t\t\t\t<section class=\"elementor-section elementor-top-section elementor-element elementor-element-496e1d53 elementor-section-boxed elementor-section-height-default elementor-section-height-default\" data-id=\"496e1d53\" data-element_type=\"section\" data-e-type=\"section\">\n\t\t\t\t\t\t<div class=\"elementor-container elementor-column-gap-default\">\n\t\t\t\t\t<div class=\"elementor-column elementor-col-100 elementor-top-column elementor-element elementor-element-461d7be0\" data-id=\"461d7be0\" data-element_type=\"column\" data-e-type=\"column\">\n\t\t\t<div class=\"elementor-widget-wrap elementor-element-populated\">\n\t\t\t\t\t\t<div class=\"elementor-element elementor-element-cd9ebe2 elementor-widget elementor-widget-text-editor\" data-id=\"cd9ebe2\" data-element_type=\"widget\" data-e-type=\"widget\" data-widget_type=\"text-editor.default\">\n\t\t\t\t<div class=\"elementor-widget-container\">\n\t\t\t\t\t\t\t\t\t<p style=\"text-align: right;\"><em>\"Lo que hacemos hoy determina c\u00f3mo ser\u00e1 el mundo ma\u00f1ana\".<\/em><br \/><em>- Marie von Ebner-Eschenbach<\/em><\/p><p>Estimado lector,<\/p><p>Juntos emprendemos un viaje apasionante:<br \/>Como visionarios de una \"Nueva Tierra\", estamos haciendo realidad la prosperidad, la paz y la libertad para la familia humana paso a paso, en armon\u00eda con la naturaleza. A menudo pasamos por alto lo lejos que hemos llegado. Hoy queremos hacerles part\u00edcipes -a todos nosotros- de los hitos que hemos logrado juntos en los \u00faltimos a\u00f1os y de lo que nos espera en los pr\u00f3ximos doce meses. Hoy nos centramos sobre todo en el desarrollo t\u00e9cnico de la plataforma Gradido, ya que ser\u00e1 el requisito previo para que estemos preparados para un lanzamiento descentralizado a gran escala a su debido tiempo.<\/p><h2>Nuestros hitos hasta la fecha: desde 2022 hasta hoy<\/h2><h3>2022<\/h3><p>Desarrollo del nuevo dise\u00f1o responsivo para la cuenta de Gradido, interfaz de usuario multiling\u00fce, enlaces y c\u00f3digos QR de Gradido, creaci\u00f3n de contribuciones de bien com\u00fan con chat de moderador directamente en la cuenta de Gradido. Inicio de los preparativos para el futuro de la comunidad descentralizada con pruebas automatizadas, archivos de registro y gu\u00eda de usuario optimizada.<\/p><h3>2023<\/h3><p>Cooperaciones, por ejemplo, con Menschlich Wirtschaften e Intra.ID. Nuevas funciones de moderador y moderaci\u00f3n optimizada de los procesos de bien com\u00fan. Formatos para contar historias, por ejemplo, \"Ciudad favorita\".  Los seminarios web y los trailers de v\u00eddeo garantizan la visibilidad. La calculadora Gradido y la DankBar facilitan la participaci\u00f3n y hacen tangible la visi\u00f3n.<\/p><h3>2024<\/h3><p>Desarrollo de la plataforma de cooperaci\u00f3n \"Gradido Circles\" - entorno co-creativo para la cultura del c\u00edrculo y la organizaci\u00f3n de enjambres.\u00a0<br \/>Ampliaci\u00f3n de la plataforma con el m\u00f3dulo de reuniones y videoconferencias. Inicio del c\u00edrculo piloto con las herramientas del M\u00e9todo de Organizaci\u00f3n del C\u00edrculo Sociocr\u00e1tico SKM. Desarrollo t\u00e9cnico masivo de la cuenta Gradido: Actualizaci\u00f3n a Vue 3 en el front-end y la interfaz de administraci\u00f3n, integraci\u00f3n de prueba de Distributed Ledger Technology DLT (mayor desarrollo de la tecnolog\u00eda blockchain).\u00a0<\/p><h3>2025<\/h3><p>Inscripci\u00f3n basada en proyectos, categor\u00edas de espacio y funciones de grupo mejoradas para permitir la celebraci\u00f3n de congresos y simposios en l\u00ednea. Investigaci\u00f3n sobre el uso \u00e9tico de la IA. Desarrollo de \"Crea\", el agente de IA para el di\u00e1logo apreciativo por el bien com\u00fan. La B\u00fasqueda Geogr\u00e1fica de Miembros (GMS) pasa a beta p\u00fablica y favorece la conexi\u00f3n real sobre el terreno. Gradido DELTA se lanza como un chat seguro descentralizado con asistencia de IA - inicialmente de forma experimental, a partir de mayo como beta p\u00fablica para todos los participantes de Gradido. Los congresos en l\u00ednea, la asistencia de la IA, las innovaciones intercomunitarias y los canales de comunicaci\u00f3n modernos se convertir\u00e1n en la nueva base de nuestra interacci\u00f3n.<\/p><h2>\u00a1Mil gracias a nuestros socios y patrocinadores!<\/h2><p>Todo esto ha sido posible gracias a su generosa contribuci\u00f3n. <a href=\"https:\/\/gradido.net\/es\/donations\/\">Cuotas de afiliaci\u00f3n y patrocinio<\/a>\u00a1! Por ello os damos las gracias de todo coraz\u00f3n con los m\u00faltiples de GradidoTransform. Como recordatorio: GradidoTransform (GDT) son puntos de agradecimiento por el tiempo de transformaci\u00f3n. A diferencia de Gradido, no est\u00e1n sujetos a transitoriedad. Se utilizan para la transformaci\u00f3n y pueden convertirse posteriormente en Gradido.<\/p><h2>Y esto es lo previsto - hoja de ruta hasta la primavera de 2026<\/h2><h3>Junio\/Julio 2025<\/h3><p>Comienza la integraci\u00f3n de la plataforma de automatizaci\u00f3n n8n: los procesos pueden controlarse de forma a\u00fan m\u00e1s eficaz. Transacciones intercomunitarias a trav\u00e9s del enlace Gradido con notificaciones autom\u00e1ticas por correo electr\u00f3nico. La gesti\u00f3n de cuentas se hace m\u00e1s flexible: es posible cambiar los nombres de usuario y las direcciones de correo electr\u00f3nico.<\/p><h3><br \/>Verano\/oto\u00f1o 2025<\/h3><p>Los c\u00edrculos Gradido se abren a todas las comunidades. El m\u00f3dulo de tienda con la ventaja de Gradido integrada pasa de la versi\u00f3n alfa a la beta y a la versi\u00f3n estable en septiembre. Se introducen avatares de usuario para transacciones personales y perfiles de usuario. La conexi\u00f3n con la tecnolog\u00eda de libro mayor distribuido (DLT) comienza de forma experimental (septiembre) y pasa a beta p\u00fablica en noviembre.<br \/>Diciembre 2025\/Enero 2026: Se est\u00e1 probando la creaci\u00f3n de Gradidos en varias comunidades (hogar\/comunidad de invitados) y comenzar\u00e1 como beta para todos los participantes a principios de 2026.<\/p><h3>Febrero\/marzo de 2026<\/h3><p>Los \"Gradidos de marca comunitaria\" individuales se probar\u00e1n y luego se lanzar\u00e1n p\u00fablicamente en modo beta.<\/p><h3>Abril de 2026<\/h3><p>Lanzamiento de la triple creaci\u00f3n monetaria: los presupuestos p\u00fablicos, los fondos de nivelaci\u00f3n y los fondos medioambientales cuentan ahora con el apoyo directo del sistema Gradido, lo que supone un salto cualitativo hacia el bien com\u00fan y una aut\u00e9ntica transformaci\u00f3n socioecol\u00f3gica.<\/p><h2>Obtenga m\u00e1s informaci\u00f3n, inspire a otros y cel\u00e9brelo con nosotros.<\/h2><p>Nuestra hoja de ruta se actualiza constantemente y est\u00e1 dise\u00f1ada para ser transparente para todos. Aqu\u00ed encontrar\u00e1 todas las fases de desarrollo actuales y futuras:<br \/>\u00a0<br \/>\ud83d\udc49 <a href=\"https:\/\/gradido.net\/es\/roadmap\/\">Haga clic aqu\u00ed para consultar la hoja de ruta en Internet<\/a><\/p><p>Compru\u00e9balo peri\u00f3dicamente, comparte la hoja de ruta con tus amigos y participa con tus ideas: \u00a1as\u00ed podr\u00e1s moldear activamente el futuro de Gradido! Juntos celebraremos lo que hemos conseguido y superaremos todos los obst\u00e1culos, paso a paso.<\/p><p>Si quieres apoyar nuestro trabajo y que te lo agradezcamos muchas veces con GradidoTransform:<\/p><p>\ud83d\udc49 <a href=\"https:\/\/gradido.net\/es\/donations\/\">Haga clic aqu\u00ed para consultar nuestro programa de transportadores<\/a><\/p><p>Juntos estamos creando la \"Nueva Tierra\" con prosperidad global, paz y libertad para toda la familia humana, en armon\u00eda con la naturaleza.<\/p><p>Agradecido y conectado desde el coraz\u00f3n \u00a0<\/p>\t\t\t\t\t\t\t\t<\/div>\n\t\t\t\t<\/div>\n\t\t\t\t<div class=\"elementor-element elementor-element-d74dfa0 elementor-widget elementor-widget-text-editor\" data-id=\"d74dfa0\" data-element_type=\"widget\" data-e-type=\"widget\" data-widget_type=\"text-editor.default\">\n\t\t\t\t<div class=\"elementor-widget-container\">\n\t\t\t\t\t\t\t\t\t<div data-pm-slice=\"1 1 []\" data-en-clipboard=\"true\"><p><span style=\"font-family: -apple-system, BlinkMacSystemFont, 'Segoe UI', Roboto, 'Helvetica Neue', Arial, 'Noto Sans', sans-serif, 'Apple Color Emoji', 'Segoe UI Emoji', 'Segoe UI Symbol', 'Noto Color Emoji';\">Suyo<\/span><\/p><\/div><p><img decoding=\"async\" class=\"alignnone wp-image-4614 size-medium\" src=\"https:\/\/gradido.net\/wp-content\/uploads\/2022\/06\/MargretBernd_2022-300x74.png\" alt=\"\" width=\"300\" height=\"74\" srcset=\"https:\/\/gradido.net\/wp-content\/uploads\/2022\/06\/MargretBernd_2022-300x74.png 300w, https:\/\/gradido.net\/wp-content\/uploads\/2022\/06\/MargretBernd_2022-18x4.png 18w, https:\/\/gradido.net\/wp-content\/uploads\/2022\/06\/MargretBernd_2022.png 431w\" sizes=\"(max-width: 300px) 100vw, 300px\" \/><\/p><p>Margret Baier y Bernd H\u00fcckst\u00e4dt<br \/>Fundador y desarrollador de Gradido<\/p>\t\t\t\t\t\t\t\t<\/div>\n\t\t\t\t<\/div>\n\t\t\t\t\t<\/div>\n\t\t<\/div>\n\t\t\t\t\t<\/div>\n\t\t<\/section>\n\t\t\t\t<section class=\"elementor-section elementor-top-section elementor-element elementor-element-14532fe elementor-section-boxed elementor-section-height-default elementor-section-height-default\" data-id=\"14532fe\" data-element_type=\"section\" data-e-type=\"section\">\n\t\t\t\t\t\t<div class=\"elementor-container elementor-column-gap-default\">\n\t\t\t\t\t<div class=\"elementor-column elementor-col-100 elementor-top-column elementor-element elementor-element-65d2298\" data-id=\"65d2298\" data-element_type=\"column\" data-e-type=\"column\">\n\t\t\t<div class=\"elementor-widget-wrap elementor-element-populated\">\n\t\t\t\t\t\t<div class=\"elementor-element elementor-element-bea124f elementor-widget elementor-widget-global elementor-global-9341 elementor-widget-text-editor\" data-id=\"bea124f\" data-element_type=\"widget\" data-e-type=\"widget\" data-widget_type=\"text-editor.default\">\n\t\t\t\t<div class=\"elementor-widget-container\">\n\t\t\t\t\t\t\t\t\t<p><strong>PS:\u00a0<span style=\"color: #ff6600;\"><a style=\"color: #ff6600;\" href=\"https:\/\/gradido.net\/es\/donations\/\">Debido a la creciente importancia de Gradido, repetimos nuestra campa\u00f1a de agradecimiento el 26 de junio de 2026:<\/a>\u00a0<\/span><span style=\"color: #0000ff;\"><a style=\"color: #0000ff;\" href=\"https:\/\/gradido.net\/es\/donations\/\">Adem\u00e1s del m\u00faltiple GradidoTransform por tu aportaci\u00f3n de apadrinamiento, aumentaremos todos los saldos de las cuentas GDT en 26% el 26\/06\/2016. \u00a1Apadrina ahora y disfruta de la cantidad m\u00faltiple de GDT!<\/a><\/span><\/strong><\/p>\t\t\t\t\t\t\t\t<\/div>\n\t\t\t\t<\/div>\n\t\t\t\t\t<\/div>\n\t\t<\/div>\n\t\t\t\t\t<\/div>\n\t\t<\/section>\n\t\t\t\t<section class=\"elementor-section elementor-top-section elementor-element elementor-element-29dfc07 elementor-section-boxed elementor-section-height-default elementor-section-height-default\" data-id=\"29dfc07\" data-element_type=\"section\" data-e-type=\"section\">\n\t\t\t\t\t\t<div class=\"elementor-container elementor-column-gap-default\">\n\t\t\t\t\t<div class=\"elementor-column elementor-col-100 elementor-top-column elementor-element elementor-element-d37ec5a\" data-id=\"d37ec5a\" data-element_type=\"column\" data-e-type=\"column\">\n\t\t\t<div class=\"elementor-widget-wrap\">\n\t\t\t\t\t\t\t<\/div>\n\t\t<\/div>\n\t\t\t\t\t<\/div>\n\t\t<\/section>\n\t\t\t\t<\/div>","protected":false},"excerpt":{"rendered":"<p>Hoy queremos hacerles part\u00edcipes -a todos nosotros- de los hitos que hemos conseguido juntos en los \u00faltimos a\u00f1os y de lo que nos espera en los pr\u00f3ximos doce meses<\/p>","protected":false},"author":2,"featured_media":6018,"comment_status":"closed","ping_status":"closed","sticky":false,"template":"","format":"standard","meta":{"footnotes":""},"categories":[11,54,55],"tags":[],"class_list":["post-10371","post","type-post","status-publish","format-standard","has-post-thumbnail","hentry","category-blog","category-community","category-gradido-konto"],"yoast_head":"<!-- This site is optimized with the Yoast SEO plugin v27.4 - https:\/\/yoast.com\/product\/yoast-seo-wordpress\/ -->\n<title>Gemeinsam wachsen: Meilensteine feiern und die Zukunft gestalten - Gradido<\/title>\n<meta name=\"description\" content=\"Heute m\u00f6chten wir Dir \u2013 und uns allen \u2013 bewusst machen, welche Meilensteine wir in den letzten Jahren gemeinsam erreicht haben und was in den n\u00e4chsten zw\u00f6lf Monaten auf uns wartet\" \/>\n<meta name=\"robots\" content=\"index, follow, max-snippet:-1, max-image-preview:large, max-video-preview:-1\" \/>\n<link rel=\"canonical\" href=\"https:\/\/gradido.net\/es\/gemeinsam-wachsen-meilensteine-feiern-und-die-zukunft-gestalten\/\" \/>\n<meta property=\"og:locale\" content=\"es_ES\" \/>\n<meta property=\"og:type\" content=\"article\" \/>\n<meta property=\"og:title\" content=\"Gemeinsam wachsen: Meilensteine feiern und die Zukunft gestalten - Gradido\" \/>\n<meta property=\"og:description\" content=\"Heute m\u00f6chten wir Dir \u2013 und uns allen \u2013 bewusst machen, welche Meilensteine wir in den letzten Jahren gemeinsam erreicht haben und was in den n\u00e4chsten zw\u00f6lf Monaten auf uns wartet\" \/>\n<meta property=\"og:url\" content=\"https:\/\/gradido.net\/es\/gemeinsam-wachsen-meilensteine-feiern-und-die-zukunft-gestalten\/\" \/>\n<meta property=\"og:site_name\" content=\"Gradido\" \/>\n<meta property=\"article:published_time\" content=\"2025-05-11T10:12:25+00:00\" \/>\n<meta property=\"article:modified_time\" content=\"2026-04-24T05:22:41+00:00\" \/>\n<meta property=\"og:image\" content=\"https:\/\/gradido.net\/wp-content\/uploads\/2022\/12\/Test_fertig_1920.jpg\" \/>\n\t<meta property=\"og:image:width\" content=\"1920\" \/>\n\t<meta property=\"og:image:height\" content=\"1067\" \/>\n\t<meta property=\"og:image:type\" content=\"image\/jpeg\" \/>\n<meta name=\"author\" content=\"Bernd H\u00fcckst\u00e4dt\" \/>\n<meta name=\"twitter:card\" content=\"summary_large_image\" \/>\n<meta name=\"twitter:label1\" content=\"Escrito por\" \/>\n\t<meta name=\"twitter:data1\" content=\"Bernd H\u00fcckst\u00e4dt\" \/>\n\t<meta name=\"twitter:label2\" content=\"Tiempo de lectura\" \/>\n\t<meta name=\"twitter:data2\" content=\"5 minutos\" \/>\n<script type=\"application\/ld+json\" class=\"yoast-schema-graph\">{\"@context\":\"https:\\\/\\\/schema.org\",\"@graph\":[{\"@type\":\"Article\",\"@id\":\"https:\\\/\\\/gradido.net\\\/gemeinsam-wachsen-meilensteine-feiern-und-die-zukunft-gestalten\\\/#article\",\"isPartOf\":{\"@id\":\"https:\\\/\\\/gradido.net\\\/gemeinsam-wachsen-meilensteine-feiern-und-die-zukunft-gestalten\\\/\"},\"author\":{\"name\":\"Bernd H\u00fcckst\u00e4dt\",\"@id\":\"https:\\\/\\\/gradido.net\\\/de\\\/#\\\/schema\\\/person\\\/9c503a004ad15a1ddecadce2218db5d1\"},\"headline\":\"Gemeinsam wachsen: Meilensteine feiern und die Zukunft gestalten\",\"datePublished\":\"2025-05-11T10:12:25+00:00\",\"dateModified\":\"2026-04-24T05:22:41+00:00\",\"mainEntityOfPage\":{\"@id\":\"https:\\\/\\\/gradido.net\\\/gemeinsam-wachsen-meilensteine-feiern-und-die-zukunft-gestalten\\\/\"},\"wordCount\":760,\"publisher\":{\"@id\":\"https:\\\/\\\/gradido.net\\\/de\\\/#organization\"},\"image\":{\"@id\":\"https:\\\/\\\/gradido.net\\\/gemeinsam-wachsen-meilensteine-feiern-und-die-zukunft-gestalten\\\/#primaryimage\"},\"thumbnailUrl\":\"https:\\\/\\\/gradido.net\\\/wp-content\\\/uploads\\\/2022\\\/12\\\/Test_fertig_1920.jpg\",\"articleSection\":[\"Blog\",\"Community\",\"Gradido-Konto\"],\"inLanguage\":\"es\"},{\"@type\":\"WebPage\",\"@id\":\"https:\\\/\\\/gradido.net\\\/gemeinsam-wachsen-meilensteine-feiern-und-die-zukunft-gestalten\\\/\",\"url\":\"https:\\\/\\\/gradido.net\\\/gemeinsam-wachsen-meilensteine-feiern-und-die-zukunft-gestalten\\\/\",\"name\":\"Gemeinsam wachsen: Meilensteine feiern und die Zukunft gestalten - Gradido\",\"isPartOf\":{\"@id\":\"https:\\\/\\\/gradido.net\\\/de\\\/#website\"},\"primaryImageOfPage\":{\"@id\":\"https:\\\/\\\/gradido.net\\\/gemeinsam-wachsen-meilensteine-feiern-und-die-zukunft-gestalten\\\/#primaryimage\"},\"image\":{\"@id\":\"https:\\\/\\\/gradido.net\\\/gemeinsam-wachsen-meilensteine-feiern-und-die-zukunft-gestalten\\\/#primaryimage\"},\"thumbnailUrl\":\"https:\\\/\\\/gradido.net\\\/wp-content\\\/uploads\\\/2022\\\/12\\\/Test_fertig_1920.jpg\",\"datePublished\":\"2025-05-11T10:12:25+00:00\",\"dateModified\":\"2026-04-24T05:22:41+00:00\",\"description\":\"Heute m\u00f6chten wir Dir \u2013 und uns allen \u2013 bewusst machen, welche Meilensteine wir in den letzten Jahren gemeinsam erreicht haben und was in den n\u00e4chsten zw\u00f6lf Monaten auf uns wartet\",\"breadcrumb\":{\"@id\":\"https:\\\/\\\/gradido.net\\\/gemeinsam-wachsen-meilensteine-feiern-und-die-zukunft-gestalten\\\/#breadcrumb\"},\"inLanguage\":\"es\",\"potentialAction\":[{\"@type\":\"ReadAction\",\"target\":[\"https:\\\/\\\/gradido.net\\\/gemeinsam-wachsen-meilensteine-feiern-und-die-zukunft-gestalten\\\/\"]}]},{\"@type\":\"ImageObject\",\"inLanguage\":\"es\",\"@id\":\"https:\\\/\\\/gradido.net\\\/gemeinsam-wachsen-meilensteine-feiern-und-die-zukunft-gestalten\\\/#primaryimage\",\"url\":\"https:\\\/\\\/gradido.net\\\/wp-content\\\/uploads\\\/2022\\\/12\\\/Test_fertig_1920.jpg\",\"contentUrl\":\"https:\\\/\\\/gradido.net\\\/wp-content\\\/uploads\\\/2022\\\/12\\\/Test_fertig_1920.jpg\",\"width\":1920,\"height\":1067},{\"@type\":\"BreadcrumbList\",\"@id\":\"https:\\\/\\\/gradido.net\\\/gemeinsam-wachsen-meilensteine-feiern-und-die-zukunft-gestalten\\\/#breadcrumb\",\"itemListElement\":[{\"@type\":\"ListItem\",\"position\":1,\"name\":\"Startseite\",\"item\":\"https:\\\/\\\/gradido.net\\\/\"},{\"@type\":\"ListItem\",\"position\":2,\"name\":\"Gemeinsam wachsen: Meilensteine feiern und die Zukunft gestalten\"}]},{\"@type\":\"WebSite\",\"@id\":\"https:\\\/\\\/gradido.net\\\/de\\\/#website\",\"url\":\"https:\\\/\\\/gradido.net\\\/de\\\/\",\"name\":\"Gradido\",\"description\":\"Die neue W\u00e4hrung hei\u00dft Dankbarkeit\",\"publisher\":{\"@id\":\"https:\\\/\\\/gradido.net\\\/de\\\/#organization\"},\"potentialAction\":[{\"@type\":\"SearchAction\",\"target\":{\"@type\":\"EntryPoint\",\"urlTemplate\":\"https:\\\/\\\/gradido.net\\\/de\\\/?s={search_term_string}\"},\"query-input\":{\"@type\":\"PropertyValueSpecification\",\"valueRequired\":true,\"valueName\":\"search_term_string\"}}],\"inLanguage\":\"es\"},{\"@type\":\"Organization\",\"@id\":\"https:\\\/\\\/gradido.net\\\/de\\\/#organization\",\"name\":\"Gradido\",\"url\":\"https:\\\/\\\/gradido.net\\\/de\\\/\",\"logo\":{\"@type\":\"ImageObject\",\"inLanguage\":\"es\",\"@id\":\"https:\\\/\\\/gradido.net\\\/de\\\/#\\\/schema\\\/logo\\\/image\\\/\",\"url\":\"https:\\\/\\\/gradido.net\\\/wp-content\\\/uploads\\\/2022\\\/04\\\/gradido-social.jpg\",\"contentUrl\":\"https:\\\/\\\/gradido.net\\\/wp-content\\\/uploads\\\/2022\\\/04\\\/gradido-social.jpg\",\"width\":527,\"height\":273,\"caption\":\"Gradido\"},\"image\":{\"@id\":\"https:\\\/\\\/gradido.net\\\/de\\\/#\\\/schema\\\/logo\\\/image\\\/\"}},{\"@type\":\"Person\",\"@id\":\"https:\\\/\\\/gradido.net\\\/de\\\/#\\\/schema\\\/person\\\/9c503a004ad15a1ddecadce2218db5d1\",\"name\":\"Bernd H\u00fcckst\u00e4dt\",\"sameAs\":[\"https:\\\/\\\/gradido.net\"],\"url\":\"https:\\\/\\\/gradido.net\\\/es\\\/author\\\/bernd\\\/\"}]}<\/script>\n<!-- \/ Yoast SEO plugin. -->","yoast_head_json":{"title":"Crecer juntos: celebrar los hitos y forjar el futuro - Gradido","description":"Hoy queremos hacerles part\u00edcipes -a todos nosotros- de los hitos que hemos conseguido juntos en los \u00faltimos a\u00f1os y de lo que nos espera en los pr\u00f3ximos doce meses","robots":{"index":"index","follow":"follow","max-snippet":"max-snippet:-1","max-image-preview":"max-image-preview:large","max-video-preview":"max-video-preview:-1"},"canonical":"https:\/\/gradido.net\/es\/gemeinsam-wachsen-meilensteine-feiern-und-die-zukunft-gestalten\/","og_locale":"es_ES","og_type":"article","og_title":"Gemeinsam wachsen: Meilensteine feiern und die Zukunft gestalten - Gradido","og_description":"Heute m\u00f6chten wir Dir \u2013 und uns allen \u2013 bewusst machen, welche Meilensteine wir in den letzten Jahren gemeinsam erreicht haben und was in den n\u00e4chsten zw\u00f6lf Monaten auf uns wartet","og_url":"https:\/\/gradido.net\/es\/gemeinsam-wachsen-meilensteine-feiern-und-die-zukunft-gestalten\/","og_site_name":"Gradido","article_published_time":"2025-05-11T10:12:25+00:00","article_modified_time":"2026-04-24T05:22:41+00:00","og_image":[{"width":1920,"height":1067,"url":"https:\/\/gradido.net\/wp-content\/uploads\/2022\/12\/Test_fertig_1920.jpg","type":"image\/jpeg"}],"author":"Bernd H\u00fcckst\u00e4dt","twitter_card":"summary_large_image","twitter_misc":{"Escrito por":"Bernd H\u00fcckst\u00e4dt","Tiempo de lectura":"5 minutos"},"schema":{"@context":"https:\/\/schema.org","@graph":[{"@type":"Article","@id":"https:\/\/gradido.net\/gemeinsam-wachsen-meilensteine-feiern-und-die-zukunft-gestalten\/#article","isPartOf":{"@id":"https:\/\/gradido.net\/gemeinsam-wachsen-meilensteine-feiern-und-die-zukunft-gestalten\/"},"author":{"name":"Bernd H\u00fcckst\u00e4dt","@id":"https:\/\/gradido.net\/de\/#\/schema\/person\/9c503a004ad15a1ddecadce2218db5d1"},"headline":"Gemeinsam wachsen: Meilensteine feiern und die Zukunft gestalten","datePublished":"2025-05-11T10:12:25+00:00","dateModified":"2026-04-24T05:22:41+00:00","mainEntityOfPage":{"@id":"https:\/\/gradido.net\/gemeinsam-wachsen-meilensteine-feiern-und-die-zukunft-gestalten\/"},"wordCount":760,"publisher":{"@id":"https:\/\/gradido.net\/de\/#organization"},"image":{"@id":"https:\/\/gradido.net\/gemeinsam-wachsen-meilensteine-feiern-und-die-zukunft-gestalten\/#primaryimage"},"thumbnailUrl":"https:\/\/gradido.net\/wp-content\/uploads\/2022\/12\/Test_fertig_1920.jpg","articleSection":["Blog","Community","Gradido-Konto"],"inLanguage":"es"},{"@type":"WebPage","@id":"https:\/\/gradido.net\/gemeinsam-wachsen-meilensteine-feiern-und-die-zukunft-gestalten\/","url":"https:\/\/gradido.net\/gemeinsam-wachsen-meilensteine-feiern-und-die-zukunft-gestalten\/","name":"Crecer juntos: celebrar los hitos y forjar el futuro - Gradido","isPartOf":{"@id":"https:\/\/gradido.net\/de\/#website"},"primaryImageOfPage":{"@id":"https:\/\/gradido.net\/gemeinsam-wachsen-meilensteine-feiern-und-die-zukunft-gestalten\/#primaryimage"},"image":{"@id":"https:\/\/gradido.net\/gemeinsam-wachsen-meilensteine-feiern-und-die-zukunft-gestalten\/#primaryimage"},"thumbnailUrl":"https:\/\/gradido.net\/wp-content\/uploads\/2022\/12\/Test_fertig_1920.jpg","datePublished":"2025-05-11T10:12:25+00:00","dateModified":"2026-04-24T05:22:41+00:00","description":"Hoy queremos hacerles part\u00edcipes -a todos nosotros- de los hitos que hemos conseguido juntos en los \u00faltimos a\u00f1os y de lo que nos espera en los pr\u00f3ximos doce meses","breadcrumb":{"@id":"https:\/\/gradido.net\/gemeinsam-wachsen-meilensteine-feiern-und-die-zukunft-gestalten\/#breadcrumb"},"inLanguage":"es","potentialAction":[{"@type":"ReadAction","target":["https:\/\/gradido.net\/gemeinsam-wachsen-meilensteine-feiern-und-die-zukunft-gestalten\/"]}]},{"@type":"ImageObject","inLanguage":"es","@id":"https:\/\/gradido.net\/gemeinsam-wachsen-meilensteine-feiern-und-die-zukunft-gestalten\/#primaryimage","url":"https:\/\/gradido.net\/wp-content\/uploads\/2022\/12\/Test_fertig_1920.jpg","contentUrl":"https:\/\/gradido.net\/wp-content\/uploads\/2022\/12\/Test_fertig_1920.jpg","width":1920,"height":1067},{"@type":"BreadcrumbList","@id":"https:\/\/gradido.net\/gemeinsam-wachsen-meilensteine-feiern-und-die-zukunft-gestalten\/#breadcrumb","itemListElement":[{"@type":"ListItem","position":1,"name":"Startseite","item":"https:\/\/gradido.net\/"},{"@type":"ListItem","position":2,"name":"Gemeinsam wachsen: Meilensteine feiern und die Zukunft gestalten"}]},{"@type":"WebSite","@id":"https:\/\/gradido.net\/de\/#website","url":"https:\/\/gradido.net\/de\/","name":"Gradido","description":"La nueva moneda es la gratitud","publisher":{"@id":"https:\/\/gradido.net\/de\/#organization"},"potentialAction":[{"@type":"SearchAction","target":{"@type":"EntryPoint","urlTemplate":"https:\/\/gradido.net\/de\/?s={search_term_string}"},"query-input":{"@type":"PropertyValueSpecification","valueRequired":true,"valueName":"search_term_string"}}],"inLanguage":"es"},{"@type":"Organization","@id":"https:\/\/gradido.net\/de\/#organization","name":"Gradido","url":"https:\/\/gradido.net\/de\/","logo":{"@type":"ImageObject","inLanguage":"es","@id":"https:\/\/gradido.net\/de\/#\/schema\/logo\/image\/","url":"https:\/\/gradido.net\/wp-content\/uploads\/2022\/04\/gradido-social.jpg","contentUrl":"https:\/\/gradido.net\/wp-content\/uploads\/2022\/04\/gradido-social.jpg","width":527,"height":273,"caption":"Gradido"},"image":{"@id":"https:\/\/gradido.net\/de\/#\/schema\/logo\/image\/"}},{"@type":"Person","@id":"https:\/\/gradido.net\/de\/#\/schema\/person\/9c503a004ad15a1ddecadce2218db5d1","name":"Bernd H\u00fcckst\u00e4dt","sameAs":["https:\/\/gradido.net"],"url":"https:\/\/gradido.net\/es\/author\/bernd\/"}]}},"_links":{"self":[{"href":"https:\/\/gradido.net\/es\/wp-json\/wp\/v2\/posts\/10371","targetHints":{"allow":["GET"]}}],"collection":[{"href":"https:\/\/gradido.net\/es\/wp-json\/wp\/v2\/posts"}],"about":[{"href":"https:\/\/gradido.net\/es\/wp-json\/wp\/v2\/types\/post"}],"author":[{"embeddable":true,"href":"https:\/\/gradido.net\/es\/wp-json\/wp\/v2\/users\/2"}],"replies":[{"embeddable":true,"href":"https:\/\/gradido.net\/es\/wp-json\/wp\/v2\/comments?post=10371"}],"version-history":[{"count":11,"href":"https:\/\/gradido.net\/es\/wp-json\/wp\/v2\/posts\/10371\/revisions"}],"predecessor-version":[{"id":10382,"href":"https:\/\/gradido.net\/es\/wp-json\/wp\/v2\/posts\/10371\/revisions\/10382"}],"wp:featuredmedia":[{"embeddable":true,"href":"https:\/\/gradido.net\/es\/wp-json\/wp\/v2\/media\/6018"}],"wp:attachment":[{"href":"https:\/\/gradido.net\/es\/wp-json\/wp\/v2\/media?parent=10371"}],"wp:term":[{"taxonomy":"category","embeddable":true,"href":"https:\/\/gradido.net\/es\/wp-json\/wp\/v2\/categories?post=10371"},{"taxonomy":"post_tag","embeddable":true,"href":"https:\/\/gradido.net\/es\/wp-json\/wp\/v2\/tags?post=10371"}],"curies":[{"name":"wp","href":"https:\/\/api.w.org\/{rel}","templated":true}]}}