{"id":11520,"date":"2025-09-08T06:42:53","date_gmt":"2025-09-08T04:42:53","guid":{"rendered":"https:\/\/gradido.net\/?p=11520"},"modified":"2026-04-24T07:20:49","modified_gmt":"2026-04-24T05:20:49","slug":"mutmacherin-claudia","status":"publish","type":"post","link":"https:\/\/gradido.net\/es\/mutmacherin-claudia\/","title":{"rendered":"Exactamente lo que siempre hab\u00eda querido"},"content":{"rendered":"<div data-elementor-type=\"wp-post\" data-elementor-id=\"11520\" class=\"elementor elementor-11520\" data-elementor-post-type=\"post\">\n\t\t\t\t\t\t<section class=\"elementor-section elementor-top-section elementor-element elementor-element-496e1d53 elementor-section-boxed elementor-section-height-default elementor-section-height-default\" data-id=\"496e1d53\" data-element_type=\"section\" data-e-type=\"section\">\n\t\t\t\t\t\t<div class=\"elementor-container elementor-column-gap-default\">\n\t\t\t\t\t<div class=\"elementor-column elementor-col-100 elementor-top-column elementor-element elementor-element-461d7be0\" data-id=\"461d7be0\" data-element_type=\"column\" data-e-type=\"column\">\n\t\t\t<div class=\"elementor-widget-wrap elementor-element-populated\">\n\t\t\t\t\t\t<div class=\"elementor-element elementor-element-cd9ebe2 elementor-widget elementor-widget-text-editor\" data-id=\"cd9ebe2\" data-element_type=\"widget\" data-e-type=\"widget\" data-widget_type=\"text-editor.default\">\n\t\t\t\t<div class=\"elementor-widget-container\">\n\t\t\t\t\t\t\t\t\t<p style=\"text-align: right;\"><em>\"Todo est\u00e1 ya ah\u00ed dentro de ti, s\u00f3lo quiere ser descubierto, visto y sacado a la luz, y vivido y amado. Tienes que dar el primer paso\".<\/em> <br \/><em>-\u00a0<\/em><i> Claudia Langhein<\/i><\/p><div>Conoc\u00ed Gradido en plena pandemia. Le\u00ed sobre un sistema econ\u00f3mico con coraz\u00f3n, orientado hacia la naturaleza. Exactamente lo que siempre hab\u00eda deseado.<\/div><div>\u00a0<\/div><div>La primera vez que vi a Margret y Bernd en un Zoom, sent\u00ed la relaci\u00f3n entre los dos, lo cari\u00f1osos que son el uno con el otro y c\u00f3mo traen juntos su visi\u00f3n, Gradido, al mundo, eso me atrajo mucho.<\/div><div>\u00a0<\/div><div>Gradido ofrece mucho a todos. Cada uno puede contribuir como quiera. Mi mundo es un mundo muy natural en el que todos respetamos la naturaleza y todas sus criaturas.<\/div><div>\u00a0<\/div><div>Para m\u00ed, son espec\u00edficamente los caballos, y tambi\u00e9n he introducido la Comunidad Humano-Caballo, mi beb\u00e9, como un espacio en Gradido. Porque Gradido me da la oportunidad de que la gente se relacione all\u00ed.<\/div><div>\u00a0<\/div><div>La tecnolog\u00eda en l\u00ednea es muy cara de instalar por uno mismo y Gradido ofrece a todo el mundo la oportunidad de participar y contribuir con su proyecto. Eso es muy generoso y valioso. Como lo es Gradido.<\/div><div>\u00a0<\/div><div>Gracias de todo coraz\u00f3n por esta oportunidad. Ojal\u00e1 mucha gente la reconozca y la aproveche.<\/div><div>\u00a0<\/div><div>Saludos cordiales<\/div><div>Claudia<\/div><div><div dir=\"ltr\"><p>Claudia Christina Langhein<\/p><div>Tel +34 632823523<\/div><div>\u00a0<\/div><div><a href=\"https:\/\/flowerof.love\/\" target=\"_blank\" rel=\"nofollow noreferrer noopener\">https:\/\/flowerof.love\/<\/a><\/div><\/div><\/div>\t\t\t\t\t\t\t\t<\/div>\n\t\t\t\t<\/div>\n\t\t\t\t<div class=\"elementor-element elementor-element-db3fa8e elementor-widget-divider--view-line elementor-widget elementor-widget-divider\" data-id=\"db3fa8e\" data-element_type=\"widget\" data-e-type=\"widget\" data-widget_type=\"divider.default\">\n\t\t\t\t<div class=\"elementor-widget-container\">\n\t\t\t\t\t\t\t<div class=\"elementor-divider\">\n\t\t\t<span class=\"elementor-divider-separator\">\n\t\t\t\t\t\t<\/span>\n\t\t<\/div>\n\t\t\t\t\t\t<\/div>\n\t\t\t\t<\/div>\n\t\t\t\t<div class=\"elementor-element elementor-element-d74dfa0 elementor-widget elementor-widget-text-editor\" data-id=\"d74dfa0\" data-element_type=\"widget\" data-e-type=\"widget\" data-widget_type=\"text-editor.default\">\n\t\t\t\t<div class=\"elementor-widget-container\">\n\t\t\t\t\t\t\t\t\t<div data-pm-slice=\"1 1 []\" data-en-clipboard=\"true\"><h4>\u00danase a nosotros: \u00a1estamos deseando escuchar su conmovedora historia!<\/h4><p><strong>Env\u00ede su correo a <a href=\"mailto:support@gradido.net\">support@gradido.net<\/a><\/strong><\/p><p>\u00a1Juntos crecemos m\u00e1s all\u00e1 de nosotros mismos!<\/p><p>Con profunda gratitud y solidaridad<\/p><p><span style=\"font-family: -apple-system, BlinkMacSystemFont, 'Segoe UI', Roboto, 'Helvetica Neue', Arial, 'Noto Sans', sans-serif, 'Apple Color Emoji', 'Segoe UI Emoji', 'Segoe UI Symbol', 'Noto Color Emoji';\">Suyo<\/span><\/p><\/div><p><img decoding=\"async\" class=\"alignnone wp-image-4614 size-medium\" src=\"https:\/\/gradido.net\/wp-content\/uploads\/2022\/06\/MargretBernd_2022-300x74.png\" alt=\"\" width=\"300\" height=\"74\" srcset=\"https:\/\/gradido.net\/wp-content\/uploads\/2022\/06\/MargretBernd_2022-300x74.png 300w, https:\/\/gradido.net\/wp-content\/uploads\/2022\/06\/MargretBernd_2022-18x4.png 18w, https:\/\/gradido.net\/wp-content\/uploads\/2022\/06\/MargretBernd_2022.png 431w\" sizes=\"(max-width: 300px) 100vw, 300px\" \/><\/p><p>Margret Baier y Bernd H\u00fcckst\u00e4dt<br \/>Fundador y desarrollador de Gradido<\/p>\t\t\t\t\t\t\t\t<\/div>\n\t\t\t\t<\/div>\n\t\t\t\t\t<\/div>\n\t\t<\/div>\n\t\t\t\t\t<\/div>\n\t\t<\/section>\n\t\t\t\t<section class=\"elementor-section elementor-top-section elementor-element elementor-element-14532fe elementor-section-boxed elementor-section-height-default elementor-section-height-default\" data-id=\"14532fe\" data-element_type=\"section\" data-e-type=\"section\">\n\t\t\t\t\t\t<div class=\"elementor-container elementor-column-gap-default\">\n\t\t\t\t\t<div class=\"elementor-column elementor-col-100 elementor-top-column elementor-element elementor-element-65d2298\" data-id=\"65d2298\" data-element_type=\"column\" data-e-type=\"column\">\n\t\t\t<div class=\"elementor-widget-wrap elementor-element-populated\">\n\t\t\t\t\t\t<div class=\"elementor-element elementor-element-bea124f elementor-widget elementor-widget-global elementor-global-9341 elementor-widget-text-editor\" data-id=\"bea124f\" data-element_type=\"widget\" data-e-type=\"widget\" data-widget_type=\"text-editor.default\">\n\t\t\t\t<div class=\"elementor-widget-container\">\n\t\t\t\t\t\t\t\t\t<p><strong>PS:\u00a0<span style=\"color: #ff6600;\"><a style=\"color: #ff6600;\" href=\"https:\/\/gradido.net\/es\/donations\/\">Debido a la creciente importancia de Gradido, repetimos nuestra campa\u00f1a de agradecimiento el 26 de junio de 2026:<\/a>\u00a0<\/span><span style=\"color: #0000ff;\"><a style=\"color: #0000ff;\" href=\"https:\/\/gradido.net\/es\/donations\/\">Adem\u00e1s del m\u00faltiple GradidoTransform por tu aportaci\u00f3n de apadrinamiento, aumentaremos todos los saldos de las cuentas GDT en 26% el 26\/06\/2016. \u00a1Apadrina ahora y disfruta de la cantidad m\u00faltiple de GDT!<\/a><\/span><\/strong><\/p>\t\t\t\t\t\t\t\t<\/div>\n\t\t\t\t<\/div>\n\t\t\t\t\t<\/div>\n\t\t<\/div>\n\t\t\t\t\t<\/div>\n\t\t<\/section>\n\t\t\t\t<section class=\"elementor-section elementor-top-section elementor-element elementor-element-29dfc07 elementor-section-boxed elementor-section-height-default elementor-section-height-default\" data-id=\"29dfc07\" data-element_type=\"section\" data-e-type=\"section\">\n\t\t\t\t\t\t<div class=\"elementor-container elementor-column-gap-default\">\n\t\t\t\t\t<div class=\"elementor-column elementor-col-100 elementor-top-column elementor-element elementor-element-d37ec5a\" data-id=\"d37ec5a\" data-element_type=\"column\" data-e-type=\"column\">\n\t\t\t<div class=\"elementor-widget-wrap\">\n\t\t\t\t\t\t\t<\/div>\n\t\t<\/div>\n\t\t\t\t\t<\/div>\n\t\t<\/section>\n\t\t\t\t<section class=\"elementor-section elementor-top-section elementor-element elementor-element-b3bbb9b elementor-section-boxed elementor-section-height-default elementor-section-height-default\" data-id=\"b3bbb9b\" data-element_type=\"section\" data-e-type=\"section\">\n\t\t\t\t\t\t<div class=\"elementor-container elementor-column-gap-default\">\n\t\t\t\t\t<div class=\"elementor-column elementor-col-100 elementor-top-column elementor-element elementor-element-a7e88ad\" data-id=\"a7e88ad\" data-element_type=\"column\" data-e-type=\"column\">\n\t\t\t<div class=\"elementor-widget-wrap\">\n\t\t\t\t\t\t\t<\/div>\n\t\t<\/div>\n\t\t\t\t\t<\/div>\n\t\t<\/section>\n\t\t\t\t<\/div>","protected":false},"excerpt":{"rendered":"<p>Gradido ofrece mucho a todo el mundo. Cada uno puede implicarse como quiera. Para m\u00ed, son espec\u00edficamente los caballos, y tambi\u00e9n he introducido la Comunidad Humano-Caballo, mi beb\u00e9, como un espacio en Gradido. Porque Gradido me da la oportunidad de que la gente se relacione all\u00ed.<\/p>","protected":false},"author":2,"featured_media":11522,"comment_status":"closed","ping_status":"closed","sticky":false,"template":"","format":"standard","meta":{"footnotes":""},"categories":[11,54],"tags":[],"class_list":["post-11520","post","type-post","status-publish","format-standard","has-post-thumbnail","hentry","category-blog","category-community"],"yoast_head":"<!-- This site is optimized with the Yoast SEO plugin v27.4 - https:\/\/yoast.com\/product\/yoast-seo-wordpress\/ -->\n<title>Genau das, was ich mir immer gew\u00fcnscht hatte - Gradido<\/title>\n<meta name=\"description\" content=\"Gradido bietet jedem einzelnen ganz viel. Jeder kann sich nach seinem Gusto einbringen. Bei mir sind es speziell die Pferde, und ich habe auch die Horse Human Community, mein Baby, als Space bei Gradido eingebracht. Weil Gradido mir die M\u00f6glichkeit gibt, dass sich Menschen dort vernetzen.\" \/>\n<meta name=\"robots\" content=\"index, follow, max-snippet:-1, max-image-preview:large, max-video-preview:-1\" \/>\n<link rel=\"canonical\" href=\"https:\/\/gradido.net\/es\/mutmacherin-claudia\/\" \/>\n<meta property=\"og:locale\" content=\"es_ES\" \/>\n<meta property=\"og:type\" content=\"article\" \/>\n<meta property=\"og:title\" content=\"Genau das, was ich mir immer gew\u00fcnscht hatte - Gradido\" \/>\n<meta property=\"og:description\" content=\"Gradido bietet jedem einzelnen ganz viel. Jeder kann sich nach seinem Gusto einbringen. Bei mir sind es speziell die Pferde, und ich habe auch die Horse Human Community, mein Baby, als Space bei Gradido eingebracht. Weil Gradido mir die M\u00f6glichkeit gibt, dass sich Menschen dort vernetzen.\" \/>\n<meta property=\"og:url\" content=\"https:\/\/gradido.net\/es\/mutmacherin-claudia\/\" \/>\n<meta property=\"og:site_name\" content=\"Gradido\" \/>\n<meta property=\"article:published_time\" content=\"2025-09-08T04:42:53+00:00\" \/>\n<meta property=\"article:modified_time\" content=\"2026-04-24T05:20:49+00:00\" \/>\n<meta property=\"og:image\" content=\"https:\/\/gradido.net\/wp-content\/uploads\/2025\/09\/Claudia_Banner.jpg\" \/>\n\t<meta property=\"og:image:width\" content=\"1280\" \/>\n\t<meta property=\"og:image:height\" content=\"720\" \/>\n\t<meta property=\"og:image:type\" content=\"image\/jpeg\" \/>\n<meta name=\"author\" content=\"Bernd H\u00fcckst\u00e4dt\" \/>\n<meta name=\"twitter:card\" content=\"summary_large_image\" \/>\n<meta name=\"twitter:label1\" content=\"Escrito por\" \/>\n\t<meta name=\"twitter:data1\" content=\"Bernd H\u00fcckst\u00e4dt\" \/>\n\t<meta name=\"twitter:label2\" content=\"Tiempo de lectura\" \/>\n\t<meta name=\"twitter:data2\" content=\"3 minutos\" \/>\n<script type=\"application\/ld+json\" class=\"yoast-schema-graph\">{\"@context\":\"https:\\\/\\\/schema.org\",\"@graph\":[{\"@type\":\"Article\",\"@id\":\"https:\\\/\\\/gradido.net\\\/mutmacherin-claudia\\\/#article\",\"isPartOf\":{\"@id\":\"https:\\\/\\\/gradido.net\\\/mutmacherin-claudia\\\/\"},\"author\":{\"name\":\"Bernd H\u00fcckst\u00e4dt\",\"@id\":\"https:\\\/\\\/gradido.net\\\/de\\\/#\\\/schema\\\/person\\\/9c503a004ad15a1ddecadce2218db5d1\"},\"headline\":\"Genau das, was ich mir immer gew\u00fcnscht hatte\",\"datePublished\":\"2025-09-08T04:42:53+00:00\",\"dateModified\":\"2026-04-24T05:20:49+00:00\",\"mainEntityOfPage\":{\"@id\":\"https:\\\/\\\/gradido.net\\\/mutmacherin-claudia\\\/\"},\"wordCount\":332,\"publisher\":{\"@id\":\"https:\\\/\\\/gradido.net\\\/de\\\/#organization\"},\"image\":{\"@id\":\"https:\\\/\\\/gradido.net\\\/mutmacherin-claudia\\\/#primaryimage\"},\"thumbnailUrl\":\"https:\\\/\\\/gradido.net\\\/wp-content\\\/uploads\\\/2025\\\/09\\\/Claudia_Banner.jpg\",\"articleSection\":[\"Blog\",\"Community\"],\"inLanguage\":\"es\"},{\"@type\":\"WebPage\",\"@id\":\"https:\\\/\\\/gradido.net\\\/mutmacherin-claudia\\\/\",\"url\":\"https:\\\/\\\/gradido.net\\\/mutmacherin-claudia\\\/\",\"name\":\"Genau das, was ich mir immer gew\u00fcnscht hatte - Gradido\",\"isPartOf\":{\"@id\":\"https:\\\/\\\/gradido.net\\\/de\\\/#website\"},\"primaryImageOfPage\":{\"@id\":\"https:\\\/\\\/gradido.net\\\/mutmacherin-claudia\\\/#primaryimage\"},\"image\":{\"@id\":\"https:\\\/\\\/gradido.net\\\/mutmacherin-claudia\\\/#primaryimage\"},\"thumbnailUrl\":\"https:\\\/\\\/gradido.net\\\/wp-content\\\/uploads\\\/2025\\\/09\\\/Claudia_Banner.jpg\",\"datePublished\":\"2025-09-08T04:42:53+00:00\",\"dateModified\":\"2026-04-24T05:20:49+00:00\",\"description\":\"Gradido bietet jedem einzelnen ganz viel. Jeder kann sich nach seinem Gusto einbringen. Bei mir sind es speziell die Pferde, und ich habe auch die Horse Human Community, mein Baby, als Space bei Gradido eingebracht. Weil Gradido mir die M\u00f6glichkeit gibt, dass sich Menschen dort vernetzen.\",\"breadcrumb\":{\"@id\":\"https:\\\/\\\/gradido.net\\\/mutmacherin-claudia\\\/#breadcrumb\"},\"inLanguage\":\"es\",\"potentialAction\":[{\"@type\":\"ReadAction\",\"target\":[\"https:\\\/\\\/gradido.net\\\/mutmacherin-claudia\\\/\"]}]},{\"@type\":\"ImageObject\",\"inLanguage\":\"es\",\"@id\":\"https:\\\/\\\/gradido.net\\\/mutmacherin-claudia\\\/#primaryimage\",\"url\":\"https:\\\/\\\/gradido.net\\\/wp-content\\\/uploads\\\/2025\\\/09\\\/Claudia_Banner.jpg\",\"contentUrl\":\"https:\\\/\\\/gradido.net\\\/wp-content\\\/uploads\\\/2025\\\/09\\\/Claudia_Banner.jpg\",\"width\":1280,\"height\":720},{\"@type\":\"BreadcrumbList\",\"@id\":\"https:\\\/\\\/gradido.net\\\/mutmacherin-claudia\\\/#breadcrumb\",\"itemListElement\":[{\"@type\":\"ListItem\",\"position\":1,\"name\":\"Startseite\",\"item\":\"https:\\\/\\\/gradido.net\\\/\"},{\"@type\":\"ListItem\",\"position\":2,\"name\":\"Genau das, was ich mir immer gew\u00fcnscht hatte\"}]},{\"@type\":\"WebSite\",\"@id\":\"https:\\\/\\\/gradido.net\\\/de\\\/#website\",\"url\":\"https:\\\/\\\/gradido.net\\\/de\\\/\",\"name\":\"Gradido\",\"description\":\"Die neue W\u00e4hrung hei\u00dft Dankbarkeit\",\"publisher\":{\"@id\":\"https:\\\/\\\/gradido.net\\\/de\\\/#organization\"},\"potentialAction\":[{\"@type\":\"SearchAction\",\"target\":{\"@type\":\"EntryPoint\",\"urlTemplate\":\"https:\\\/\\\/gradido.net\\\/de\\\/?s={search_term_string}\"},\"query-input\":{\"@type\":\"PropertyValueSpecification\",\"valueRequired\":true,\"valueName\":\"search_term_string\"}}],\"inLanguage\":\"es\"},{\"@type\":\"Organization\",\"@id\":\"https:\\\/\\\/gradido.net\\\/de\\\/#organization\",\"name\":\"Gradido\",\"url\":\"https:\\\/\\\/gradido.net\\\/de\\\/\",\"logo\":{\"@type\":\"ImageObject\",\"inLanguage\":\"es\",\"@id\":\"https:\\\/\\\/gradido.net\\\/de\\\/#\\\/schema\\\/logo\\\/image\\\/\",\"url\":\"https:\\\/\\\/gradido.net\\\/wp-content\\\/uploads\\\/2022\\\/04\\\/gradido-social.jpg\",\"contentUrl\":\"https:\\\/\\\/gradido.net\\\/wp-content\\\/uploads\\\/2022\\\/04\\\/gradido-social.jpg\",\"width\":527,\"height\":273,\"caption\":\"Gradido\"},\"image\":{\"@id\":\"https:\\\/\\\/gradido.net\\\/de\\\/#\\\/schema\\\/logo\\\/image\\\/\"}},{\"@type\":\"Person\",\"@id\":\"https:\\\/\\\/gradido.net\\\/de\\\/#\\\/schema\\\/person\\\/9c503a004ad15a1ddecadce2218db5d1\",\"name\":\"Bernd H\u00fcckst\u00e4dt\",\"sameAs\":[\"https:\\\/\\\/gradido.net\"],\"url\":\"https:\\\/\\\/gradido.net\\\/es\\\/author\\\/bernd\\\/\"}]}<\/script>\n<!-- \/ Yoast SEO plugin. -->","yoast_head_json":{"title":"Exactamente lo que siempre hab\u00eda querido - Gradido","description":"Gradido ofrece mucho a todo el mundo. Cada uno puede implicarse como quiera. Para m\u00ed, son espec\u00edficamente los caballos, y tambi\u00e9n he introducido la Comunidad Humano-Caballo, mi beb\u00e9, como un espacio en Gradido. Porque Gradido me da la oportunidad de que la gente se relacione all\u00ed.","robots":{"index":"index","follow":"follow","max-snippet":"max-snippet:-1","max-image-preview":"max-image-preview:large","max-video-preview":"max-video-preview:-1"},"canonical":"https:\/\/gradido.net\/es\/mutmacherin-claudia\/","og_locale":"es_ES","og_type":"article","og_title":"Genau das, was ich mir immer gew\u00fcnscht hatte - Gradido","og_description":"Gradido bietet jedem einzelnen ganz viel. Jeder kann sich nach seinem Gusto einbringen. Bei mir sind es speziell die Pferde, und ich habe auch die Horse Human Community, mein Baby, als Space bei Gradido eingebracht. Weil Gradido mir die M\u00f6glichkeit gibt, dass sich Menschen dort vernetzen.","og_url":"https:\/\/gradido.net\/es\/mutmacherin-claudia\/","og_site_name":"Gradido","article_published_time":"2025-09-08T04:42:53+00:00","article_modified_time":"2026-04-24T05:20:49+00:00","og_image":[{"width":1280,"height":720,"url":"https:\/\/gradido.net\/wp-content\/uploads\/2025\/09\/Claudia_Banner.jpg","type":"image\/jpeg"}],"author":"Bernd H\u00fcckst\u00e4dt","twitter_card":"summary_large_image","twitter_misc":{"Escrito por":"Bernd H\u00fcckst\u00e4dt","Tiempo de lectura":"3 minutos"},"schema":{"@context":"https:\/\/schema.org","@graph":[{"@type":"Article","@id":"https:\/\/gradido.net\/mutmacherin-claudia\/#article","isPartOf":{"@id":"https:\/\/gradido.net\/mutmacherin-claudia\/"},"author":{"name":"Bernd H\u00fcckst\u00e4dt","@id":"https:\/\/gradido.net\/de\/#\/schema\/person\/9c503a004ad15a1ddecadce2218db5d1"},"headline":"Genau das, was ich mir immer gew\u00fcnscht hatte","datePublished":"2025-09-08T04:42:53+00:00","dateModified":"2026-04-24T05:20:49+00:00","mainEntityOfPage":{"@id":"https:\/\/gradido.net\/mutmacherin-claudia\/"},"wordCount":332,"publisher":{"@id":"https:\/\/gradido.net\/de\/#organization"},"image":{"@id":"https:\/\/gradido.net\/mutmacherin-claudia\/#primaryimage"},"thumbnailUrl":"https:\/\/gradido.net\/wp-content\/uploads\/2025\/09\/Claudia_Banner.jpg","articleSection":["Blog","Community"],"inLanguage":"es"},{"@type":"WebPage","@id":"https:\/\/gradido.net\/mutmacherin-claudia\/","url":"https:\/\/gradido.net\/mutmacherin-claudia\/","name":"Exactamente lo que siempre hab\u00eda querido - Gradido","isPartOf":{"@id":"https:\/\/gradido.net\/de\/#website"},"primaryImageOfPage":{"@id":"https:\/\/gradido.net\/mutmacherin-claudia\/#primaryimage"},"image":{"@id":"https:\/\/gradido.net\/mutmacherin-claudia\/#primaryimage"},"thumbnailUrl":"https:\/\/gradido.net\/wp-content\/uploads\/2025\/09\/Claudia_Banner.jpg","datePublished":"2025-09-08T04:42:53+00:00","dateModified":"2026-04-24T05:20:49+00:00","description":"Gradido ofrece mucho a todo el mundo. Cada uno puede implicarse como quiera. Para m\u00ed, son espec\u00edficamente los caballos, y tambi\u00e9n he introducido la Comunidad Humano-Caballo, mi beb\u00e9, como un espacio en Gradido. Porque Gradido me da la oportunidad de que la gente se relacione all\u00ed.","breadcrumb":{"@id":"https:\/\/gradido.net\/mutmacherin-claudia\/#breadcrumb"},"inLanguage":"es","potentialAction":[{"@type":"ReadAction","target":["https:\/\/gradido.net\/mutmacherin-claudia\/"]}]},{"@type":"ImageObject","inLanguage":"es","@id":"https:\/\/gradido.net\/mutmacherin-claudia\/#primaryimage","url":"https:\/\/gradido.net\/wp-content\/uploads\/2025\/09\/Claudia_Banner.jpg","contentUrl":"https:\/\/gradido.net\/wp-content\/uploads\/2025\/09\/Claudia_Banner.jpg","width":1280,"height":720},{"@type":"BreadcrumbList","@id":"https:\/\/gradido.net\/mutmacherin-claudia\/#breadcrumb","itemListElement":[{"@type":"ListItem","position":1,"name":"Startseite","item":"https:\/\/gradido.net\/"},{"@type":"ListItem","position":2,"name":"Genau das, was ich mir immer gew\u00fcnscht hatte"}]},{"@type":"WebSite","@id":"https:\/\/gradido.net\/de\/#website","url":"https:\/\/gradido.net\/de\/","name":"Gradido","description":"La nueva moneda es la gratitud","publisher":{"@id":"https:\/\/gradido.net\/de\/#organization"},"potentialAction":[{"@type":"SearchAction","target":{"@type":"EntryPoint","urlTemplate":"https:\/\/gradido.net\/de\/?s={search_term_string}"},"query-input":{"@type":"PropertyValueSpecification","valueRequired":true,"valueName":"search_term_string"}}],"inLanguage":"es"},{"@type":"Organization","@id":"https:\/\/gradido.net\/de\/#organization","name":"Gradido","url":"https:\/\/gradido.net\/de\/","logo":{"@type":"ImageObject","inLanguage":"es","@id":"https:\/\/gradido.net\/de\/#\/schema\/logo\/image\/","url":"https:\/\/gradido.net\/wp-content\/uploads\/2022\/04\/gradido-social.jpg","contentUrl":"https:\/\/gradido.net\/wp-content\/uploads\/2022\/04\/gradido-social.jpg","width":527,"height":273,"caption":"Gradido"},"image":{"@id":"https:\/\/gradido.net\/de\/#\/schema\/logo\/image\/"}},{"@type":"Person","@id":"https:\/\/gradido.net\/de\/#\/schema\/person\/9c503a004ad15a1ddecadce2218db5d1","name":"Bernd H\u00fcckst\u00e4dt","sameAs":["https:\/\/gradido.net"],"url":"https:\/\/gradido.net\/es\/author\/bernd\/"}]}},"_links":{"self":[{"href":"https:\/\/gradido.net\/es\/wp-json\/wp\/v2\/posts\/11520","targetHints":{"allow":["GET"]}}],"collection":[{"href":"https:\/\/gradido.net\/es\/wp-json\/wp\/v2\/posts"}],"about":[{"href":"https:\/\/gradido.net\/es\/wp-json\/wp\/v2\/types\/post"}],"author":[{"embeddable":true,"href":"https:\/\/gradido.net\/es\/wp-json\/wp\/v2\/users\/2"}],"replies":[{"embeddable":true,"href":"https:\/\/gradido.net\/es\/wp-json\/wp\/v2\/comments?post=11520"}],"version-history":[{"count":19,"href":"https:\/\/gradido.net\/es\/wp-json\/wp\/v2\/posts\/11520\/revisions"}],"predecessor-version":[{"id":13572,"href":"https:\/\/gradido.net\/es\/wp-json\/wp\/v2\/posts\/11520\/revisions\/13572"}],"wp:featuredmedia":[{"embeddable":true,"href":"https:\/\/gradido.net\/es\/wp-json\/wp\/v2\/media\/11522"}],"wp:attachment":[{"href":"https:\/\/gradido.net\/es\/wp-json\/wp\/v2\/media?parent=11520"}],"wp:term":[{"taxonomy":"category","embeddable":true,"href":"https:\/\/gradido.net\/es\/wp-json\/wp\/v2\/categories?post=11520"},{"taxonomy":"post_tag","embeddable":true,"href":"https:\/\/gradido.net\/es\/wp-json\/wp\/v2\/tags?post=11520"}],"curies":[{"name":"wp","href":"https:\/\/api.w.org\/{rel}","templated":true}]}}