{"id":1994,"date":"2021-03-11T12:06:47","date_gmt":"2021-03-11T11:06:47","guid":{"rendered":"https:\/\/gradido.net\/?p=1994"},"modified":"2021-12-11T21:01:44","modified_gmt":"2021-12-11T20:01:44","slug":"wirtschaftsforscher-nutzen-corona-krise-als-forschungslabor","status":"publish","type":"post","link":"https:\/\/gradido.net\/es\/wirtschaftsforscher-nutzen-corona-krise-als-forschungslabor\/","title":{"rendered":"Los investigadores econ\u00f3micos utilizan la crisis de Corona como laboratorio de investigaci\u00f3n"},"content":{"rendered":"<div data-elementor-type=\"wp-post\" data-elementor-id=\"1994\" class=\"elementor elementor-1994\" data-elementor-post-type=\"post\">\n\t\t\t\t\t\t<section class=\"elementor-section elementor-top-section elementor-element elementor-element-496e1d53 elementor-section-boxed elementor-section-height-default elementor-section-height-default\" data-id=\"496e1d53\" data-element_type=\"section\" data-e-type=\"section\">\n\t\t\t\t\t\t<div class=\"elementor-container elementor-column-gap-default\">\n\t\t\t\t\t<div class=\"elementor-column elementor-col-100 elementor-top-column elementor-element elementor-element-461d7be0\" data-id=\"461d7be0\" data-element_type=\"column\" data-e-type=\"column\">\n\t\t\t<div class=\"elementor-widget-wrap elementor-element-populated\">\n\t\t\t\t\t\t<div class=\"elementor-element elementor-element-cd9ebe2 elementor-widget elementor-widget-text-editor\" data-id=\"cd9ebe2\" data-element_type=\"widget\" data-e-type=\"widget\" data-widget_type=\"text-editor.default\">\n\t\t\t\t<div class=\"elementor-widget-container\">\n\t\t\t\t\t\t\t\t\t<h2>Por un mundo laboral mejor<\/h2><p><strong>K\u00fcnzelsau,11.03.2021 - Para millones de personas, las preocupaciones por su trabajo provocan una ansiedad apenas controlable. Anhelan volver a su antigua vida con su supuesta seguridad y previsibilidad. Pero, \u00bfes realmente deseable? Dado que los trabajadores alemanes ya eran considerados \"campeones de la frustraci\u00f3n\" antes de la crisis, sin duda podr\u00edamos utilizar el actual estado de emergencia como laboratorio de investigaci\u00f3n para un mundo laboral mejor. Los expertos en bi\u00f3nica empresarial de la Academia Gradido y el conocido profesor suizo de gesti\u00f3n internacional, el \"rompedor de patrones\" Prof. Hans W\u00fcthrich, ya han empezado a hacerlo.<\/strong><\/p><p>Un estudio dan\u00e9s sobre la satisfacci\u00f3n global de los empleados ya demostr\u00f3 en 2020 que en ning\u00fan pa\u00eds del mundo la gente va a trabajar tan desganada como en Alemania. Esto no es una sorpresa para el cofundador de la Gradido Academy for Business Bionics, Bernd H\u00fcckst\u00e4dt, ni para el investigador de gesti\u00f3n Prof. Hans W\u00fcthrich. Ambos ven la necesidad urgente de reformar la cultura de gesti\u00f3n y el sistema financiero, no s\u00f3lo en este pa\u00eds.<\/p><h3>Empleados con derecho<\/h3><p>Seg\u00fan estudios recientes, ni las oportunidades de promoci\u00f3n r\u00e1pida ni un salario superior a la media son los criterios decisivos para elegir un futuro empleador. M\u00e1s bien, tanto los estudiantes como los empleados est\u00e1n unidos por el deseo de desempe\u00f1ar un papel positivo en la configuraci\u00f3n del futuro. Esta tendencia tambi\u00e9n la confirma el profesor W\u00fcthrich: \"Para muchas personas hoy en d\u00eda ya no es suficiente con recibir un salario por su rendimiento laboral. No s\u00f3lo los j\u00f3venes, sino la gente en general quiere cambiar el mundo a mejor, proteger el medio ambiente y sus recursos naturales, y hacer algo significativo. Para m\u00ed, esto significa que las organizaciones deben centrarse mucho m\u00e1s en el porqu\u00e9, es decir, legitimar la raz\u00f3n de ser. Deben tener respuestas a la pregunta: \u00bfCu\u00e1l es nuestra contribuci\u00f3n positiva a un mundo mejor? \u00bfQui\u00e9n se beneficia de qu\u00e9 manera del \u00e9xito de nuestras actividades empresariales? En el futuro, las organizaciones tendr\u00e1n que ofrecer cada vez m\u00e1s espacios de vida en los que los empleados puedan desarrollarse m\u00e1s y desplegar su potencial\".<\/p><h3>La crisis de Corona como laboratorio de posibilidades para el futuro<\/h3><p>Seg\u00fan el profesor W\u00fcthrich, el hecho de que muchas organizaciones se vean obligadas a tomar caminos completamente nuevos durante la crisis crea un \"verdadero laboratorio de posibilidades para el futuro\". \"Todos estos experimentos no planificados ofrecen una oportunidad \u00fanica para liberar precisamente tambi\u00e9n la cultura de liderazgo de prejuicios, dogmas y tab\u00faes inadecuados y desarrollarla inteligentemente\". Siguiendo el principio de \"reflexi\u00f3n en lugar de reflejo\", el experto en gesti\u00f3n hace un llamamiento a los directivos para que se tomen el tiempo de analizar m\u00e1s detenidamente las observaciones provocadas por las medidas de Corona, que son muy interesantes en t\u00e9rminos de cultura organizativa, a pesar del comprensible deseo de volver a la normalidad anterior a Corona lo antes posible. \"Y tal vez deber\u00edamos tambi\u00e9n convertir las utop\u00edas en realidad, sacar nuestras propias conclusiones y decidir conscientemente cu\u00e1les de las experiencias y conocimientos recogidos en modo de choque de Corona se van a trasladar al futuro mundo del trabajo como la nueva normalidad\".<\/p><h3>Es hora de un nuevo sistema econ\u00f3mico<\/h3><p>Los investigadores de bi\u00f3nica econ\u00f3mica de la Academia Gradido ya han desarrollado un concepto para un mundo laboral y vital mejor. En m\u00e1s de dos d\u00e9cadas, los investigadores en torno a la Moneda del Bien Com\u00fan de Gradido (GDD) han sido capaces de dise\u00f1ar un sistema econ\u00f3mico y financiero que no s\u00f3lo cambiar\u00e1 por completo el mundo del trabajo. H\u00fcckst\u00e4dt, cofundador de la academia, afirma: \"El momento de la transformaci\u00f3n nunca ha sido mejor. La crisis de Corona es un verdadero laboratorio, aunque hayamos entrado en \u00e9l involuntariamente. Ya no existir\u00e1 la antigua normalidad, sino una diversidad muy diferente. Con un nuevo sistema econ\u00f3mico, financiero y monetario, estamos creando oportunidades totalmente nuevas para evolucionar y desarrollarse.\"<\/p><h3>\u00bfNuevo gui\u00f3n para la suite ejecutiva?<\/h3><p>La mayor\u00eda de los directivos a\u00fan carecen de la confianza y la experiencia necesarias para manejar la inteligencia colectiva de sus empleados. Seg\u00fan el profesor W\u00fcthrich, actualmente se est\u00e1 destruyendo el potencial en lugar de desarrollarlo \"y se est\u00e1 perdiendo la oportunidad de poder aplicar mejores soluciones y una mayor calidad de las soluciones a los problemas mediante la participaci\u00f3n de muchos\". Los planteamientos m\u00e1s importantes para una futura cultura empresarial de \u00e9xito ser\u00edan confiar en la competencia y el criterio de los empleados y centrarse en su desarrollo potencial.<\/p><h3>Con Gradido el desarrollo potencial es el programa<\/h3><p>En el modelo Gradido, la mejor promoci\u00f3n posible de los propios talentos es casi inmanente al sistema. Se considera el n\u00facleo de la \"Participaci\u00f3n Incondicional\", que se ofrece a cada persona como contribuci\u00f3n a una \"Renta B\u00e1sica Activa\". H\u00fcckst\u00e4dt explica: \"Si nuestro modelo se impone, el desarrollo del potencial se convertir\u00e1 en uno de los temas centrales de la vida. Es fundamental que consigamos con Gradido que todas las personas est\u00e9n atendidas. Mientras tenga que luchar por mi existencia con presi\u00f3n y tenga que aceptar pr\u00e1cticamente todos los trabajos para asegurar mi supervivencia, no queda mucho para el desarrollo del potencial. Sin embargo, en \u00faltima instancia, esta es la clave para una vida plena y el mayor \u00e9xito posible de toda la comunidad. Por eso, en el modelo Gradido, todo el mundo puede recibir una \"Renta B\u00e1sica Activa\"\".<\/p><p>Romper el c\u00edrculo vicioso del miedo existencial y la competencia<br \/>Gradido crea otro requisito indispensable para una convivencia plena con la abolici\u00f3n del \"principio deuda-dinero\". H\u00fcckst\u00e4dt dice: \"Mientras el cr\u00e9dito de uno sea la deuda del otro, los seres humanos no podremos convivir en paz. Sin embargo, la creaci\u00f3n de dinero del Gradido para cada ser humano individual crea la base para una convivencia alegre y lujuriosa. Seg\u00fan el lema \"cooperaci\u00f3n en lugar de competencia\" podremos aprovechar las sinergias y desarrollar la solidaridad\".<\/p><p>En este sentido, Bernd H\u00fcckst\u00e4dt y la propietaria de la Academia Gradido, Margret Baier, invitan a personas afines y amigos de un mundo (laboral) mejor a intercambiar y cooperar.<\/p><p>Detalles sobre el modelo Gradido y el episodio de podcast con el profesor Hans W\u00fcthrich, Bernd H\u00fcckst\u00e4dt y Michael M\u00e4rzheuser sobre el tema \"Pattern Breakers - Making Utopias a Reality\" en www.gradido.net.<\/p><p><!-- \/wp:paragraph --><\/p>\t\t\t\t\t\t\t\t<\/div>\n\t\t\t\t<\/div>\n\t\t\t\t<div class=\"elementor-element elementor-element-e9ff241 elementor-widget elementor-widget-text-editor\" data-id=\"e9ff241\" data-element_type=\"widget\" data-e-type=\"widget\" data-widget_type=\"text-editor.default\">\n\t\t\t\t<div class=\"elementor-widget-container\">\n\t\t\t\t\t\t\t\t\t<p><strong>Sobre la Academia de Gradido<\/strong><br>La Academia Gradido de Bi\u00f3nica Econ\u00f3mica ha desarrollado una \"moneda de bien com\u00fan\" alternativa basada en los modelos de la naturaleza. La naturaleza sigue la regla de que s\u00f3lo cuando algo muere puede surgir algo nuevo, y por lo tanto es posible una mejora a largo plazo (evoluci\u00f3n). Su receta para el \u00e9xito es el \"ciclo de la vida\". Si nuestra econom\u00eda tambi\u00e9n siguiera este ciclo natural, entonces, seg\u00fan la evaluaci\u00f3n de los economistas bi\u00f3nicos, pr\u00e1cticamente todos los problemas monetarios del mundo podr\u00edan ser resueltos. El modelo Gradido se basa en la idea de que no s\u00f3lo cada persona, sino tambi\u00e9n cada estado recibe ingresos basados en saldos positivos. As\u00ed puede cumplir todas sus tareas sin tener que recaudar impuestos. La deflaci\u00f3n o la inflaci\u00f3n son cosa del pasado. La econom\u00eda se libera de la constante compulsi\u00f3n de crecer, se evita finalmente el peligro de un colapso del sistema financiero.<a href=\"https:\/\/gradido.net\/es\/\">(www.gradido.net<\/a>)<\/p>\t\t\t\t\t\t\t\t<\/div>\n\t\t\t\t<\/div>\n\t\t\t\t\t<\/div>\n\t\t<\/div>\n\t\t\t\t\t<\/div>\n\t\t<\/section>\n\t\t\t\t<\/div>","protected":false},"excerpt":{"rendered":"<p>F\u00fcr eine bessere Arbeitswelt K\u00fcnzelsau,11.03.2021 \u2013 Millionen Menschen beschert die Sorge um ihren Arbeitsplatz kaum beherrschbare \u00c4ngste. Sie sehnen sich nach der R\u00fcckkehr in ihr altes Leben mit seiner vermeintlichen Sicherheit und Berechenbarkeit. Aber ist das wirklich erstrebenswert? Nachdem deutsche Arbeitnehmer schon vor der Krise als \u201aFrustweltmeister\u2018 galten, k\u00f6nnten wir den aktuellen Ausnahmezustand auch durchaus [&hellip;]<\/p>\n","protected":false},"author":2,"featured_media":1939,"comment_status":"closed","ping_status":"closed","sticky":false,"template":"","format":"standard","meta":{"footnotes":""},"categories":[8],"tags":[],"class_list":["post-1994","post","type-post","status-publish","format-standard","has-post-thumbnail","hentry","category-pressemitteilung"],"yoast_head":"<!-- This site is optimized with the Yoast SEO plugin v27.5 - https:\/\/yoast.com\/product\/yoast-seo-wordpress\/ -->\n<title>Wirtschaftsforscher nutzen Corona-Krise als Forschungslabor - Gradido<\/title>\n<meta name=\"robots\" content=\"index, follow, max-snippet:-1, max-image-preview:large, max-video-preview:-1\" \/>\n<link rel=\"canonical\" href=\"https:\/\/gradido.net\/es\/wirtschaftsforscher-nutzen-corona-krise-als-forschungslabor\/\" \/>\n<meta property=\"og:locale\" content=\"es_ES\" \/>\n<meta property=\"og:type\" content=\"article\" \/>\n<meta property=\"og:title\" content=\"Wirtschaftsforscher nutzen Corona-Krise als Forschungslabor - Gradido\" \/>\n<meta property=\"og:description\" content=\"F\u00fcr eine bessere Arbeitswelt K\u00fcnzelsau,11.03.2021 \u2013 Millionen Menschen beschert die Sorge um ihren Arbeitsplatz kaum beherrschbare \u00c4ngste. Sie sehnen sich nach der R\u00fcckkehr in ihr altes Leben mit seiner vermeintlichen Sicherheit und Berechenbarkeit. Aber ist das wirklich erstrebenswert? Nachdem deutsche Arbeitnehmer schon vor der Krise als \u201aFrustweltmeister\u2018 galten, k\u00f6nnten wir den aktuellen Ausnahmezustand auch durchaus [&hellip;]\" \/>\n<meta property=\"og:url\" content=\"https:\/\/gradido.net\/es\/wirtschaftsforscher-nutzen-corona-krise-als-forschungslabor\/\" \/>\n<meta property=\"og:site_name\" content=\"Gradido\" \/>\n<meta property=\"article:published_time\" content=\"2021-03-11T11:06:47+00:00\" \/>\n<meta property=\"article:modified_time\" content=\"2021-12-11T20:01:44+00:00\" \/>\n<meta property=\"og:image\" content=\"https:\/\/gradido.net\/wp-content\/uploads\/2021\/03\/krise_als_forschungslabor.jpg\" \/>\n\t<meta property=\"og:image:width\" content=\"1750\" \/>\n\t<meta property=\"og:image:height\" content=\"1188\" \/>\n\t<meta property=\"og:image:type\" content=\"image\/jpeg\" \/>\n<meta name=\"author\" content=\"Bernd H\u00fcckst\u00e4dt\" \/>\n<meta name=\"twitter:card\" content=\"summary_large_image\" \/>\n<meta name=\"twitter:label1\" content=\"Escrito por\" \/>\n\t<meta name=\"twitter:data1\" content=\"Bernd H\u00fcckst\u00e4dt\" \/>\n\t<meta name=\"twitter:label2\" content=\"Tiempo de lectura\" \/>\n\t<meta name=\"twitter:data2\" content=\"5 minutos\" \/>\n<script type=\"application\/ld+json\" class=\"yoast-schema-graph\">{\"@context\":\"https:\\\/\\\/schema.org\",\"@graph\":[{\"@type\":\"Article\",\"@id\":\"https:\\\/\\\/gradido.net\\\/wirtschaftsforscher-nutzen-corona-krise-als-forschungslabor\\\/#article\",\"isPartOf\":{\"@id\":\"https:\\\/\\\/gradido.net\\\/wirtschaftsforscher-nutzen-corona-krise-als-forschungslabor\\\/\"},\"author\":{\"name\":\"Bernd H\u00fcckst\u00e4dt\",\"@id\":\"https:\\\/\\\/gradido.net\\\/de\\\/#\\\/schema\\\/person\\\/9c503a004ad15a1ddecadce2218db5d1\"},\"headline\":\"Wirtschaftsforscher nutzen Corona-Krise als Forschungslabor\",\"datePublished\":\"2021-03-11T11:06:47+00:00\",\"dateModified\":\"2021-12-11T20:01:44+00:00\",\"mainEntityOfPage\":{\"@id\":\"https:\\\/\\\/gradido.net\\\/wirtschaftsforscher-nutzen-corona-krise-als-forschungslabor\\\/\"},\"wordCount\":1096,\"publisher\":{\"@id\":\"https:\\\/\\\/gradido.net\\\/de\\\/#organization\"},\"image\":{\"@id\":\"https:\\\/\\\/gradido.net\\\/wirtschaftsforscher-nutzen-corona-krise-als-forschungslabor\\\/#primaryimage\"},\"thumbnailUrl\":\"https:\\\/\\\/gradido.net\\\/wp-content\\\/uploads\\\/2021\\\/03\\\/krise_als_forschungslabor.jpg\",\"articleSection\":[\"Pressemitteilung\"],\"inLanguage\":\"es\"},{\"@type\":\"WebPage\",\"@id\":\"https:\\\/\\\/gradido.net\\\/wirtschaftsforscher-nutzen-corona-krise-als-forschungslabor\\\/\",\"url\":\"https:\\\/\\\/gradido.net\\\/wirtschaftsforscher-nutzen-corona-krise-als-forschungslabor\\\/\",\"name\":\"Wirtschaftsforscher nutzen Corona-Krise als Forschungslabor - Gradido\",\"isPartOf\":{\"@id\":\"https:\\\/\\\/gradido.net\\\/de\\\/#website\"},\"primaryImageOfPage\":{\"@id\":\"https:\\\/\\\/gradido.net\\\/wirtschaftsforscher-nutzen-corona-krise-als-forschungslabor\\\/#primaryimage\"},\"image\":{\"@id\":\"https:\\\/\\\/gradido.net\\\/wirtschaftsforscher-nutzen-corona-krise-als-forschungslabor\\\/#primaryimage\"},\"thumbnailUrl\":\"https:\\\/\\\/gradido.net\\\/wp-content\\\/uploads\\\/2021\\\/03\\\/krise_als_forschungslabor.jpg\",\"datePublished\":\"2021-03-11T11:06:47+00:00\",\"dateModified\":\"2021-12-11T20:01:44+00:00\",\"breadcrumb\":{\"@id\":\"https:\\\/\\\/gradido.net\\\/wirtschaftsforscher-nutzen-corona-krise-als-forschungslabor\\\/#breadcrumb\"},\"inLanguage\":\"es\",\"potentialAction\":[{\"@type\":\"ReadAction\",\"target\":[\"https:\\\/\\\/gradido.net\\\/wirtschaftsforscher-nutzen-corona-krise-als-forschungslabor\\\/\"]}]},{\"@type\":\"ImageObject\",\"inLanguage\":\"es\",\"@id\":\"https:\\\/\\\/gradido.net\\\/wirtschaftsforscher-nutzen-corona-krise-als-forschungslabor\\\/#primaryimage\",\"url\":\"https:\\\/\\\/gradido.net\\\/wp-content\\\/uploads\\\/2021\\\/03\\\/krise_als_forschungslabor.jpg\",\"contentUrl\":\"https:\\\/\\\/gradido.net\\\/wp-content\\\/uploads\\\/2021\\\/03\\\/krise_als_forschungslabor.jpg\",\"width\":1750,\"height\":1188},{\"@type\":\"BreadcrumbList\",\"@id\":\"https:\\\/\\\/gradido.net\\\/wirtschaftsforscher-nutzen-corona-krise-als-forschungslabor\\\/#breadcrumb\",\"itemListElement\":[{\"@type\":\"ListItem\",\"position\":1,\"name\":\"Startseite\",\"item\":\"https:\\\/\\\/gradido.net\\\/\"},{\"@type\":\"ListItem\",\"position\":2,\"name\":\"Wirtschaftsforscher nutzen Corona-Krise als Forschungslabor\"}]},{\"@type\":\"WebSite\",\"@id\":\"https:\\\/\\\/gradido.net\\\/de\\\/#website\",\"url\":\"https:\\\/\\\/gradido.net\\\/de\\\/\",\"name\":\"Gradido\",\"description\":\"Die neue W\u00e4hrung hei\u00dft Dankbarkeit\",\"publisher\":{\"@id\":\"https:\\\/\\\/gradido.net\\\/de\\\/#organization\"},\"potentialAction\":[{\"@type\":\"SearchAction\",\"target\":{\"@type\":\"EntryPoint\",\"urlTemplate\":\"https:\\\/\\\/gradido.net\\\/de\\\/?s={search_term_string}\"},\"query-input\":{\"@type\":\"PropertyValueSpecification\",\"valueRequired\":true,\"valueName\":\"search_term_string\"}}],\"inLanguage\":\"es\"},{\"@type\":\"Organization\",\"@id\":\"https:\\\/\\\/gradido.net\\\/de\\\/#organization\",\"name\":\"Gradido\",\"url\":\"https:\\\/\\\/gradido.net\\\/de\\\/\",\"logo\":{\"@type\":\"ImageObject\",\"inLanguage\":\"es\",\"@id\":\"https:\\\/\\\/gradido.net\\\/de\\\/#\\\/schema\\\/logo\\\/image\\\/\",\"url\":\"https:\\\/\\\/gradido.net\\\/wp-content\\\/uploads\\\/2022\\\/04\\\/gradido-social.jpg\",\"contentUrl\":\"https:\\\/\\\/gradido.net\\\/wp-content\\\/uploads\\\/2022\\\/04\\\/gradido-social.jpg\",\"width\":527,\"height\":273,\"caption\":\"Gradido\"},\"image\":{\"@id\":\"https:\\\/\\\/gradido.net\\\/de\\\/#\\\/schema\\\/logo\\\/image\\\/\"}},{\"@type\":\"Person\",\"@id\":\"https:\\\/\\\/gradido.net\\\/de\\\/#\\\/schema\\\/person\\\/9c503a004ad15a1ddecadce2218db5d1\",\"name\":\"Bernd H\u00fcckst\u00e4dt\",\"sameAs\":[\"https:\\\/\\\/gradido.net\"],\"url\":\"https:\\\/\\\/gradido.net\\\/es\\\/author\\\/bernd\\\/\"}]}<\/script>\n<!-- \/ Yoast SEO plugin. -->","yoast_head_json":{"title":"Los investigadores econ\u00f3micos utilizan la crisis de Corona como laboratorio de investigaci\u00f3n - Gradido","robots":{"index":"index","follow":"follow","max-snippet":"max-snippet:-1","max-image-preview":"max-image-preview:large","max-video-preview":"max-video-preview:-1"},"canonical":"https:\/\/gradido.net\/es\/wirtschaftsforscher-nutzen-corona-krise-als-forschungslabor\/","og_locale":"es_ES","og_type":"article","og_title":"Wirtschaftsforscher nutzen Corona-Krise als Forschungslabor - Gradido","og_description":"F\u00fcr eine bessere Arbeitswelt K\u00fcnzelsau,11.03.2021 \u2013 Millionen Menschen beschert die Sorge um ihren Arbeitsplatz kaum beherrschbare \u00c4ngste. Sie sehnen sich nach der R\u00fcckkehr in ihr altes Leben mit seiner vermeintlichen Sicherheit und Berechenbarkeit. Aber ist das wirklich erstrebenswert? Nachdem deutsche Arbeitnehmer schon vor der Krise als \u201aFrustweltmeister\u2018 galten, k\u00f6nnten wir den aktuellen Ausnahmezustand auch durchaus [&hellip;]","og_url":"https:\/\/gradido.net\/es\/wirtschaftsforscher-nutzen-corona-krise-als-forschungslabor\/","og_site_name":"Gradido","article_published_time":"2021-03-11T11:06:47+00:00","article_modified_time":"2021-12-11T20:01:44+00:00","og_image":[{"width":1750,"height":1188,"url":"https:\/\/gradido.net\/wp-content\/uploads\/2021\/03\/krise_als_forschungslabor.jpg","type":"image\/jpeg"}],"author":"Bernd H\u00fcckst\u00e4dt","twitter_card":"summary_large_image","twitter_misc":{"Escrito por":"Bernd H\u00fcckst\u00e4dt","Tiempo de lectura":"5 minutos"},"schema":{"@context":"https:\/\/schema.org","@graph":[{"@type":"Article","@id":"https:\/\/gradido.net\/wirtschaftsforscher-nutzen-corona-krise-als-forschungslabor\/#article","isPartOf":{"@id":"https:\/\/gradido.net\/wirtschaftsforscher-nutzen-corona-krise-als-forschungslabor\/"},"author":{"name":"Bernd H\u00fcckst\u00e4dt","@id":"https:\/\/gradido.net\/de\/#\/schema\/person\/9c503a004ad15a1ddecadce2218db5d1"},"headline":"Wirtschaftsforscher nutzen Corona-Krise als Forschungslabor","datePublished":"2021-03-11T11:06:47+00:00","dateModified":"2021-12-11T20:01:44+00:00","mainEntityOfPage":{"@id":"https:\/\/gradido.net\/wirtschaftsforscher-nutzen-corona-krise-als-forschungslabor\/"},"wordCount":1096,"publisher":{"@id":"https:\/\/gradido.net\/de\/#organization"},"image":{"@id":"https:\/\/gradido.net\/wirtschaftsforscher-nutzen-corona-krise-als-forschungslabor\/#primaryimage"},"thumbnailUrl":"https:\/\/gradido.net\/wp-content\/uploads\/2021\/03\/krise_als_forschungslabor.jpg","articleSection":["Pressemitteilung"],"inLanguage":"es"},{"@type":"WebPage","@id":"https:\/\/gradido.net\/wirtschaftsforscher-nutzen-corona-krise-als-forschungslabor\/","url":"https:\/\/gradido.net\/wirtschaftsforscher-nutzen-corona-krise-als-forschungslabor\/","name":"Los investigadores econ\u00f3micos utilizan la crisis de Corona como laboratorio de investigaci\u00f3n - Gradido","isPartOf":{"@id":"https:\/\/gradido.net\/de\/#website"},"primaryImageOfPage":{"@id":"https:\/\/gradido.net\/wirtschaftsforscher-nutzen-corona-krise-als-forschungslabor\/#primaryimage"},"image":{"@id":"https:\/\/gradido.net\/wirtschaftsforscher-nutzen-corona-krise-als-forschungslabor\/#primaryimage"},"thumbnailUrl":"https:\/\/gradido.net\/wp-content\/uploads\/2021\/03\/krise_als_forschungslabor.jpg","datePublished":"2021-03-11T11:06:47+00:00","dateModified":"2021-12-11T20:01:44+00:00","breadcrumb":{"@id":"https:\/\/gradido.net\/wirtschaftsforscher-nutzen-corona-krise-als-forschungslabor\/#breadcrumb"},"inLanguage":"es","potentialAction":[{"@type":"ReadAction","target":["https:\/\/gradido.net\/wirtschaftsforscher-nutzen-corona-krise-als-forschungslabor\/"]}]},{"@type":"ImageObject","inLanguage":"es","@id":"https:\/\/gradido.net\/wirtschaftsforscher-nutzen-corona-krise-als-forschungslabor\/#primaryimage","url":"https:\/\/gradido.net\/wp-content\/uploads\/2021\/03\/krise_als_forschungslabor.jpg","contentUrl":"https:\/\/gradido.net\/wp-content\/uploads\/2021\/03\/krise_als_forschungslabor.jpg","width":1750,"height":1188},{"@type":"BreadcrumbList","@id":"https:\/\/gradido.net\/wirtschaftsforscher-nutzen-corona-krise-als-forschungslabor\/#breadcrumb","itemListElement":[{"@type":"ListItem","position":1,"name":"Startseite","item":"https:\/\/gradido.net\/"},{"@type":"ListItem","position":2,"name":"Wirtschaftsforscher nutzen Corona-Krise als Forschungslabor"}]},{"@type":"WebSite","@id":"https:\/\/gradido.net\/de\/#website","url":"https:\/\/gradido.net\/de\/","name":"Gradido","description":"La nueva moneda es la gratitud","publisher":{"@id":"https:\/\/gradido.net\/de\/#organization"},"potentialAction":[{"@type":"SearchAction","target":{"@type":"EntryPoint","urlTemplate":"https:\/\/gradido.net\/de\/?s={search_term_string}"},"query-input":{"@type":"PropertyValueSpecification","valueRequired":true,"valueName":"search_term_string"}}],"inLanguage":"es"},{"@type":"Organization","@id":"https:\/\/gradido.net\/de\/#organization","name":"Gradido","url":"https:\/\/gradido.net\/de\/","logo":{"@type":"ImageObject","inLanguage":"es","@id":"https:\/\/gradido.net\/de\/#\/schema\/logo\/image\/","url":"https:\/\/gradido.net\/wp-content\/uploads\/2022\/04\/gradido-social.jpg","contentUrl":"https:\/\/gradido.net\/wp-content\/uploads\/2022\/04\/gradido-social.jpg","width":527,"height":273,"caption":"Gradido"},"image":{"@id":"https:\/\/gradido.net\/de\/#\/schema\/logo\/image\/"}},{"@type":"Person","@id":"https:\/\/gradido.net\/de\/#\/schema\/person\/9c503a004ad15a1ddecadce2218db5d1","name":"Bernd H\u00fcckst\u00e4dt","sameAs":["https:\/\/gradido.net"],"url":"https:\/\/gradido.net\/es\/author\/bernd\/"}]}},"_links":{"self":[{"href":"https:\/\/gradido.net\/es\/wp-json\/wp\/v2\/posts\/1994","targetHints":{"allow":["GET"]}}],"collection":[{"href":"https:\/\/gradido.net\/es\/wp-json\/wp\/v2\/posts"}],"about":[{"href":"https:\/\/gradido.net\/es\/wp-json\/wp\/v2\/types\/post"}],"author":[{"embeddable":true,"href":"https:\/\/gradido.net\/es\/wp-json\/wp\/v2\/users\/2"}],"replies":[{"embeddable":true,"href":"https:\/\/gradido.net\/es\/wp-json\/wp\/v2\/comments?post=1994"}],"version-history":[{"count":8,"href":"https:\/\/gradido.net\/es\/wp-json\/wp\/v2\/posts\/1994\/revisions"}],"predecessor-version":[{"id":3766,"href":"https:\/\/gradido.net\/es\/wp-json\/wp\/v2\/posts\/1994\/revisions\/3766"}],"wp:featuredmedia":[{"embeddable":true,"href":"https:\/\/gradido.net\/es\/wp-json\/wp\/v2\/media\/1939"}],"wp:attachment":[{"href":"https:\/\/gradido.net\/es\/wp-json\/wp\/v2\/media?parent=1994"}],"wp:term":[{"taxonomy":"category","embeddable":true,"href":"https:\/\/gradido.net\/es\/wp-json\/wp\/v2\/categories?post=1994"},{"taxonomy":"post_tag","embeddable":true,"href":"https:\/\/gradido.net\/es\/wp-json\/wp\/v2\/tags?post=1994"}],"curies":[{"name":"wp","href":"https:\/\/api.w.org\/{rel}","templated":true}]}}