{"id":2978,"date":"2021-07-13T09:05:42","date_gmt":"2021-07-13T07:05:42","guid":{"rendered":"https:\/\/gradido.net\/?p=2978"},"modified":"2021-12-11T21:05:20","modified_gmt":"2021-12-11T20:05:20","slug":"gradido-akademie-laedt-rentner-zu-erfuelltem-lebensabend-ein","status":"publish","type":"post","link":"https:\/\/gradido.net\/es\/gradido-akademie-laedt-rentner-zu-erfuelltem-lebensabend-ein\/","title":{"rendered":"La Academia Gradido invita a los jubilados a una vejez plena"},"content":{"rendered":"<div data-elementor-type=\"wp-post\" data-elementor-id=\"2978\" class=\"elementor elementor-2978\" data-elementor-post-type=\"post\">\n\t\t\t\t\t\t<section class=\"elementor-section elementor-top-section elementor-element elementor-element-496e1d53 elementor-section-boxed elementor-section-height-default elementor-section-height-default\" data-id=\"496e1d53\" data-element_type=\"section\" data-e-type=\"section\">\n\t\t\t\t\t\t<div class=\"elementor-container elementor-column-gap-default\">\n\t\t\t\t\t<div class=\"elementor-column elementor-col-100 elementor-top-column elementor-element elementor-element-461d7be0\" data-id=\"461d7be0\" data-element_type=\"column\" data-e-type=\"column\">\n\t\t\t<div class=\"elementor-widget-wrap elementor-element-populated\">\n\t\t\t\t\t\t<div class=\"elementor-element elementor-element-cd9ebe2 elementor-widget elementor-widget-text-editor\" data-id=\"cd9ebe2\" data-element_type=\"widget\" data-e-type=\"widget\" data-widget_type=\"text-editor.default\">\n\t\t\t\t<div class=\"elementor-widget-container\">\n\t\t\t\t\t\t\t\t\t<h2>\u00bfPobre y solitario en la vejez?<\/h2><p><strong>K\u00fcnzelsau,13.07.2021 - El panorama de los jubilados es sombr\u00edo: debido a la amenaza de la pobreza en la vejez y a la creciente soledad, la \"merecida jubilaci\u00f3n\" se convierte a menudo en un aut\u00e9ntico escenario de terror. Los estudios actuales prev\u00e9n un aumento constante de la pobreza en la tercera edad. Los m\u00e9dicos advierten de los riesgos para la salud del creciente aislamiento social. Mientras los pol\u00edticos discuten sobre la prolongaci\u00f3n de la vida laboral y el aumento de las cotizaciones a la pensi\u00f3n, los expertos en bi\u00f3nica econ\u00f3mica de la Academia Gradido hace tiempo que han desarrollado un enfoque convincente para la previsi\u00f3n de las personas en la jubilaci\u00f3n. Y en la concepci\u00f3n de su nuevo modelo econ\u00f3mico y financiero, han anclado tambi\u00e9n una salida a la soledad en la vejez.<\/strong><\/p><h3>Uno de cada cinco pensionistas podr\u00eda estar pronto en riesgo de pobreza en la tercera edad<\/h3><p>Aunque cada vez m\u00e1s pensionistas tienen una renta media, la Fundaci\u00f3n Bertelsmann ya identific\u00f3 en 2017 en el estudio \"Evoluci\u00f3n de la pobreza en la vejez hasta 2036\" un riesgo cada vez mayor de pobreza en la vejez. Los pensionistas cuyos ingresos netos son inferiores a 958 euros se consideran en riesgo de pobreza. Dado que el riesgo de pobreza entre los futuros pensionistas aumenta del 16% en 2015 al 20% en 2036, uno de cada cinco nuevos pensionistas podr\u00eda estar pronto en riesgo de pobreza en la vejez. Debido a los cambios demogr\u00e1ficos, cada vez son menos los trabajadores que tienen que pagar por cada vez m\u00e1s pensionistas.<\/p><h3>El contrato intergeneracional ha fracasado<\/h3><p>\"Mientras el cr\u00e9dito de unos sea la deuda de otros, ning\u00fan modelo econ\u00f3mico y financiero funcionar\u00e1 a largo plazo\", as\u00ed analiza Bernd H\u00fcckst\u00e4dt, cofundador de la Academia Gradido, la amenazante evoluci\u00f3n actual. Bas\u00e1ndose en los modelos de \u00e9xito milenarios de la naturaleza, los expertos en bi\u00f3nica econ\u00f3mica del instituto de investigaci\u00f3n independiente llevan dos d\u00e9cadas desarrollando un concepto de bien com\u00fan que se basa en el abandono del principio de la deuda-dinero y la introducci\u00f3n del Gradido (GDD). El concepto \u00e9tico b\u00e1sico del nuevo tipo de sistema econ\u00f3mico y financiero se orienta hacia el \"triple bien\" para crear las mejores oportunidades de vida y desarrollo para el individuo, asegurar la vida social de la comunidad y proteger la naturaleza lo mejor posible. Personas de todas las edades tienen la oportunidad de recibir 1000 Gradido (GDD) al mes como \"Renta B\u00e1sica Activa\". A cambio, se encargan de tareas en la comunidad que les gustan y que hacen especialmente bien. La comunidad tambi\u00e9n recibe 1000 Gradido (GDD) por persona y mes, lo que hace que los impuestos sean superfluos. El tercer pilar es otro de 1000 Gradido, que se sortea mensualmente para un fondo medioambiental y se dedica a la protecci\u00f3n de la naturaleza. \u00a0<\/p><h3>Seguridad y cuidados de por vida<\/h3><p>Adem\u00e1s de la \"Renta B\u00e1sica Activa\", las personas mayores reciben otros 1.000 Gradido al mes en forma de \"Renta B\u00e1sica Incondicional\", con lo que est\u00e1n perfectamente atendidos hasta el final de sus vidas. \"Hemos creado soluciones flexibles para poder garantizar la atenci\u00f3n a cada persona. Nuestro objetivo es quitarle a la gente el miedo a envejecer y devolverle su dignidad, su salud y la alegr\u00eda de vivir, hasta el \u00faltimo d\u00eda de su vida\", dice Margret Baier, directora general de la Academia.<\/p><h3>La participaci\u00f3n social es esencial para la calidad de vida en la vejez<\/h3><p>Para lograr este objetivo, el modelo de Gradido tambi\u00e9n se basa en la \"participaci\u00f3n incondicional\" en la vida de la comunidad. Permite que cada persona participe en el bien com\u00fan siempre que lo desee y que siga formando parte de la vida social. \"A menudo, las personas mayores dejan de recibir cualquier tipo de afirmaci\u00f3n positiva y, por tanto, desarrollan la sensaci\u00f3n de que ya no son necesarias. Esto paraliza y perjudica la salud, porque la participaci\u00f3n en la vida social es indispensable incluso en la vejez\", explica Margret Baier, \"adem\u00e1s, gracias al compromiso voluntario de las personas mayores se pueden realizar importantes tareas sociales que de otro modo ser\u00edan casi imposibles de gestionar\".<\/p><h3>La soledad puede duplicar el riesgo de demencia<\/h3><p>La soledad en la vejez y los estados de \u00e1nimo depresivos influyen en la salud mental y f\u00edsica. \"Si las personas est\u00e1n aisladas socialmente y tienen poco contacto social durante un largo periodo de tiempo, esto tambi\u00e9n puede causar s\u00edntomas f\u00edsicos graves\", subraya Andreas Meyer-Lindenberg, psiquiatra y director del Instituto Central de Salud Mental de Mannheim. Tras un estudio de cuatro a\u00f1os sobre 800 ancianos, investigadores estadounidenses descubrieron que la soledad duplica el riesgo de desarrollar demencia senil.<\/p><h3>Gradido promete cuidados hasta el final de la vida<\/h3><p>\"Nuestro objetivo es que todas las personas puedan vivir de forma segura, plena, lo m\u00e1s sana posible y feliz desde el primer hasta el \u00faltimo d\u00eda de su vida\", explica Bernd H\u00fcckst\u00e4dt y a\u00f1ade: \"Dado que cada d\u00eda aumenta el n\u00famero de personas cuya vida cotidiana est\u00e1 muy alejada de estas condiciones paradis\u00edacas, ya es hora de replantearse. Por lo tanto, invitamos a personas de todas las edades con ideas afines a apoyarnos en nuestro esfuerzo por una transformaci\u00f3n pac\u00edfica y a cooperar con la Academia Gradido\".<\/p><p>Detalles sobre el modelo Gradido y el podcast Gradido en <a href=\"https:\/\/gradido.net\/es\/\">(www.gradido.net<\/a><\/p>\t\t\t\t\t\t\t\t<\/div>\n\t\t\t\t<\/div>\n\t\t\t\t<div class=\"elementor-element elementor-element-e9ff241 elementor-widget elementor-widget-text-editor\" data-id=\"e9ff241\" data-element_type=\"widget\" data-e-type=\"widget\" data-widget_type=\"text-editor.default\">\n\t\t\t\t<div class=\"elementor-widget-container\">\n\t\t\t\t\t\t\t\t\t<p><strong>Sobre la Academia de Gradido<\/strong><br>La Academia Gradido de Bi\u00f3nica Econ\u00f3mica ha desarrollado una \"moneda de bien com\u00fan\" alternativa basada en los modelos de la naturaleza. La naturaleza sigue la regla de que s\u00f3lo cuando algo muere puede surgir algo nuevo, y por lo tanto es posible una mejora a largo plazo (evoluci\u00f3n). Su receta para el \u00e9xito es el \"ciclo de la vida\". Si nuestra econom\u00eda tambi\u00e9n siguiera este ciclo natural, entonces, seg\u00fan la evaluaci\u00f3n de los economistas bi\u00f3nicos, pr\u00e1cticamente todos los problemas monetarios del mundo podr\u00edan ser resueltos. El modelo Gradido se basa en la idea de que no s\u00f3lo cada persona, sino tambi\u00e9n cada estado recibe ingresos basados en saldos positivos. As\u00ed puede cumplir todas sus tareas sin tener que recaudar impuestos. La deflaci\u00f3n o la inflaci\u00f3n son cosa del pasado. La econom\u00eda se libera de la constante compulsi\u00f3n de crecer, se evita finalmente el peligro de un colapso del sistema financiero.<a href=\"https:\/\/gradido.net\/es\/\">(www.gradido.net<\/a>)<\/p>\t\t\t\t\t\t\t\t<\/div>\n\t\t\t\t<\/div>\n\t\t\t\t\t<\/div>\n\t\t<\/div>\n\t\t\t\t\t<\/div>\n\t\t<\/section>\n\t\t\t\t<\/div>","protected":false},"excerpt":{"rendered":"<p>Arm und einsam im Alter? K\u00fcnzelsau,13.07.2021 \u2013 Die Aussichten f\u00fcr Rentner sind d\u00fcster: Wegen drohender Altersarmut und wachsender Vereinsamung wird der \u201awohlverdiente Ruhestand\u2018 nicht selten zu einem echten Schreckensszenario. Aktuelle Studien rechnen mit einem steten Anstieg der Altersarmut. Mediziner warnen vor den Gesundheitsrisiken durch die wachsende soziale Isolation. W\u00e4hrend die Politik \u00fcber eine Verl\u00e4ngerung der [&hellip;]<\/p>\n","protected":false},"author":2,"featured_media":2977,"comment_status":"closed","ping_status":"closed","sticky":false,"template":"","format":"standard","meta":{"footnotes":""},"categories":[8],"tags":[],"class_list":["post-2978","post","type-post","status-publish","format-standard","has-post-thumbnail","hentry","category-pressemitteilung"],"yoast_head":"<!-- This site is optimized with the Yoast SEO plugin v27.5 - https:\/\/yoast.com\/product\/yoast-seo-wordpress\/ -->\n<title>Gradido-Akademie l\u00e4dt Rentner zu erf\u00fclltem Lebensabend ein - Gradido<\/title>\n<meta name=\"robots\" content=\"index, follow, max-snippet:-1, max-image-preview:large, max-video-preview:-1\" \/>\n<link rel=\"canonical\" href=\"https:\/\/gradido.net\/es\/gradido-akademie-laedt-rentner-zu-erfuelltem-lebensabend-ein\/\" \/>\n<meta property=\"og:locale\" content=\"es_ES\" \/>\n<meta property=\"og:type\" content=\"article\" \/>\n<meta property=\"og:title\" content=\"Gradido-Akademie l\u00e4dt Rentner zu erf\u00fclltem Lebensabend ein - Gradido\" \/>\n<meta property=\"og:description\" content=\"Arm und einsam im Alter? K\u00fcnzelsau,13.07.2021 \u2013 Die Aussichten f\u00fcr Rentner sind d\u00fcster: Wegen drohender Altersarmut und wachsender Vereinsamung wird der \u201awohlverdiente Ruhestand\u2018 nicht selten zu einem echten Schreckensszenario. Aktuelle Studien rechnen mit einem steten Anstieg der Altersarmut. Mediziner warnen vor den Gesundheitsrisiken durch die wachsende soziale Isolation. W\u00e4hrend die Politik \u00fcber eine Verl\u00e4ngerung der [&hellip;]\" \/>\n<meta property=\"og:url\" content=\"https:\/\/gradido.net\/es\/gradido-akademie-laedt-rentner-zu-erfuelltem-lebensabend-ein\/\" \/>\n<meta property=\"og:site_name\" content=\"Gradido\" \/>\n<meta property=\"article:published_time\" content=\"2021-07-13T07:05:42+00:00\" \/>\n<meta property=\"article:modified_time\" content=\"2021-12-11T20:05:20+00:00\" \/>\n<meta property=\"og:image\" content=\"https:\/\/gradido.net\/wp-content\/uploads\/2021\/07\/alter_ohne_armut_und_einsamkeit.jpg\" \/>\n\t<meta property=\"og:image:width\" content=\"1458\" \/>\n\t<meta property=\"og:image:height\" content=\"990\" \/>\n\t<meta property=\"og:image:type\" content=\"image\/jpeg\" \/>\n<meta name=\"author\" content=\"Bernd H\u00fcckst\u00e4dt\" \/>\n<meta name=\"twitter:card\" content=\"summary_large_image\" \/>\n<meta name=\"twitter:label1\" content=\"Escrito por\" \/>\n\t<meta name=\"twitter:data1\" content=\"Bernd H\u00fcckst\u00e4dt\" \/>\n\t<meta name=\"twitter:label2\" content=\"Tiempo de lectura\" \/>\n\t<meta name=\"twitter:data2\" content=\"5 minutos\" \/>\n<script type=\"application\/ld+json\" class=\"yoast-schema-graph\">{\"@context\":\"https:\\\/\\\/schema.org\",\"@graph\":[{\"@type\":\"Article\",\"@id\":\"https:\\\/\\\/gradido.net\\\/el\\\/gradido-akademie-laedt-rentner-zu-erfuelltem-lebensabend-ein\\\/#article\",\"isPartOf\":{\"@id\":\"https:\\\/\\\/gradido.net\\\/el\\\/gradido-akademie-laedt-rentner-zu-erfuelltem-lebensabend-ein\\\/\"},\"author\":{\"name\":\"Bernd H\u00fcckst\u00e4dt\",\"@id\":\"https:\\\/\\\/gradido.net\\\/de\\\/#\\\/schema\\\/person\\\/9c503a004ad15a1ddecadce2218db5d1\"},\"headline\":\"Gradido-Akademie l\u00e4dt Rentner zu erf\u00fclltem Lebensabend ein\",\"datePublished\":\"2021-07-13T07:05:42+00:00\",\"dateModified\":\"2021-12-11T20:05:20+00:00\",\"mainEntityOfPage\":{\"@id\":\"https:\\\/\\\/gradido.net\\\/el\\\/gradido-akademie-laedt-rentner-zu-erfuelltem-lebensabend-ein\\\/\"},\"wordCount\":926,\"publisher\":{\"@id\":\"https:\\\/\\\/gradido.net\\\/de\\\/#organization\"},\"image\":{\"@id\":\"https:\\\/\\\/gradido.net\\\/el\\\/gradido-akademie-laedt-rentner-zu-erfuelltem-lebensabend-ein\\\/#primaryimage\"},\"thumbnailUrl\":\"https:\\\/\\\/gradido.net\\\/wp-content\\\/uploads\\\/2021\\\/07\\\/alter_ohne_armut_und_einsamkeit.jpg\",\"articleSection\":[\"Pressemitteilung\"],\"inLanguage\":\"es\"},{\"@type\":\"WebPage\",\"@id\":\"https:\\\/\\\/gradido.net\\\/el\\\/gradido-akademie-laedt-rentner-zu-erfuelltem-lebensabend-ein\\\/\",\"url\":\"https:\\\/\\\/gradido.net\\\/el\\\/gradido-akademie-laedt-rentner-zu-erfuelltem-lebensabend-ein\\\/\",\"name\":\"Gradido-Akademie l\u00e4dt Rentner zu erf\u00fclltem Lebensabend ein - Gradido\",\"isPartOf\":{\"@id\":\"https:\\\/\\\/gradido.net\\\/de\\\/#website\"},\"primaryImageOfPage\":{\"@id\":\"https:\\\/\\\/gradido.net\\\/el\\\/gradido-akademie-laedt-rentner-zu-erfuelltem-lebensabend-ein\\\/#primaryimage\"},\"image\":{\"@id\":\"https:\\\/\\\/gradido.net\\\/el\\\/gradido-akademie-laedt-rentner-zu-erfuelltem-lebensabend-ein\\\/#primaryimage\"},\"thumbnailUrl\":\"https:\\\/\\\/gradido.net\\\/wp-content\\\/uploads\\\/2021\\\/07\\\/alter_ohne_armut_und_einsamkeit.jpg\",\"datePublished\":\"2021-07-13T07:05:42+00:00\",\"dateModified\":\"2021-12-11T20:05:20+00:00\",\"breadcrumb\":{\"@id\":\"https:\\\/\\\/gradido.net\\\/el\\\/gradido-akademie-laedt-rentner-zu-erfuelltem-lebensabend-ein\\\/#breadcrumb\"},\"inLanguage\":\"es\",\"potentialAction\":[{\"@type\":\"ReadAction\",\"target\":[\"https:\\\/\\\/gradido.net\\\/el\\\/gradido-akademie-laedt-rentner-zu-erfuelltem-lebensabend-ein\\\/\"]}]},{\"@type\":\"ImageObject\",\"inLanguage\":\"es\",\"@id\":\"https:\\\/\\\/gradido.net\\\/el\\\/gradido-akademie-laedt-rentner-zu-erfuelltem-lebensabend-ein\\\/#primaryimage\",\"url\":\"https:\\\/\\\/gradido.net\\\/wp-content\\\/uploads\\\/2021\\\/07\\\/alter_ohne_armut_und_einsamkeit.jpg\",\"contentUrl\":\"https:\\\/\\\/gradido.net\\\/wp-content\\\/uploads\\\/2021\\\/07\\\/alter_ohne_armut_und_einsamkeit.jpg\",\"width\":1458,\"height\":990},{\"@type\":\"BreadcrumbList\",\"@id\":\"https:\\\/\\\/gradido.net\\\/el\\\/gradido-akademie-laedt-rentner-zu-erfuelltem-lebensabend-ein\\\/#breadcrumb\",\"itemListElement\":[{\"@type\":\"ListItem\",\"position\":1,\"name\":\"Startseite\",\"item\":\"https:\\\/\\\/gradido.net\\\/\"},{\"@type\":\"ListItem\",\"position\":2,\"name\":\"Gradido-Akademie l\u00e4dt Rentner zu erf\u00fclltem Lebensabend ein\"}]},{\"@type\":\"WebSite\",\"@id\":\"https:\\\/\\\/gradido.net\\\/de\\\/#website\",\"url\":\"https:\\\/\\\/gradido.net\\\/de\\\/\",\"name\":\"Gradido\",\"description\":\"Die neue W\u00e4hrung hei\u00dft Dankbarkeit\",\"publisher\":{\"@id\":\"https:\\\/\\\/gradido.net\\\/de\\\/#organization\"},\"potentialAction\":[{\"@type\":\"SearchAction\",\"target\":{\"@type\":\"EntryPoint\",\"urlTemplate\":\"https:\\\/\\\/gradido.net\\\/de\\\/?s={search_term_string}\"},\"query-input\":{\"@type\":\"PropertyValueSpecification\",\"valueRequired\":true,\"valueName\":\"search_term_string\"}}],\"inLanguage\":\"es\"},{\"@type\":\"Organization\",\"@id\":\"https:\\\/\\\/gradido.net\\\/de\\\/#organization\",\"name\":\"Gradido\",\"url\":\"https:\\\/\\\/gradido.net\\\/de\\\/\",\"logo\":{\"@type\":\"ImageObject\",\"inLanguage\":\"es\",\"@id\":\"https:\\\/\\\/gradido.net\\\/de\\\/#\\\/schema\\\/logo\\\/image\\\/\",\"url\":\"https:\\\/\\\/gradido.net\\\/wp-content\\\/uploads\\\/2022\\\/04\\\/gradido-social.jpg\",\"contentUrl\":\"https:\\\/\\\/gradido.net\\\/wp-content\\\/uploads\\\/2022\\\/04\\\/gradido-social.jpg\",\"width\":527,\"height\":273,\"caption\":\"Gradido\"},\"image\":{\"@id\":\"https:\\\/\\\/gradido.net\\\/de\\\/#\\\/schema\\\/logo\\\/image\\\/\"}},{\"@type\":\"Person\",\"@id\":\"https:\\\/\\\/gradido.net\\\/de\\\/#\\\/schema\\\/person\\\/9c503a004ad15a1ddecadce2218db5d1\",\"name\":\"Bernd H\u00fcckst\u00e4dt\",\"sameAs\":[\"https:\\\/\\\/gradido.net\"],\"url\":\"https:\\\/\\\/gradido.net\\\/es\\\/author\\\/bernd\\\/\"}]}<\/script>\n<!-- \/ Yoast SEO plugin. -->","yoast_head_json":{"title":"La Academia Gradido invita a los pensionistas a una jubilaci\u00f3n plena - Gradido","robots":{"index":"index","follow":"follow","max-snippet":"max-snippet:-1","max-image-preview":"max-image-preview:large","max-video-preview":"max-video-preview:-1"},"canonical":"https:\/\/gradido.net\/es\/gradido-akademie-laedt-rentner-zu-erfuelltem-lebensabend-ein\/","og_locale":"es_ES","og_type":"article","og_title":"Gradido-Akademie l\u00e4dt Rentner zu erf\u00fclltem Lebensabend ein - Gradido","og_description":"Arm und einsam im Alter? K\u00fcnzelsau,13.07.2021 \u2013 Die Aussichten f\u00fcr Rentner sind d\u00fcster: Wegen drohender Altersarmut und wachsender Vereinsamung wird der \u201awohlverdiente Ruhestand\u2018 nicht selten zu einem echten Schreckensszenario. Aktuelle Studien rechnen mit einem steten Anstieg der Altersarmut. Mediziner warnen vor den Gesundheitsrisiken durch die wachsende soziale Isolation. W\u00e4hrend die Politik \u00fcber eine Verl\u00e4ngerung der [&hellip;]","og_url":"https:\/\/gradido.net\/es\/gradido-akademie-laedt-rentner-zu-erfuelltem-lebensabend-ein\/","og_site_name":"Gradido","article_published_time":"2021-07-13T07:05:42+00:00","article_modified_time":"2021-12-11T20:05:20+00:00","og_image":[{"width":1458,"height":990,"url":"https:\/\/gradido.net\/wp-content\/uploads\/2021\/07\/alter_ohne_armut_und_einsamkeit.jpg","type":"image\/jpeg"}],"author":"Bernd H\u00fcckst\u00e4dt","twitter_card":"summary_large_image","twitter_misc":{"Escrito por":"Bernd H\u00fcckst\u00e4dt","Tiempo de lectura":"5 minutos"},"schema":{"@context":"https:\/\/schema.org","@graph":[{"@type":"Article","@id":"https:\/\/gradido.net\/el\/gradido-akademie-laedt-rentner-zu-erfuelltem-lebensabend-ein\/#article","isPartOf":{"@id":"https:\/\/gradido.net\/el\/gradido-akademie-laedt-rentner-zu-erfuelltem-lebensabend-ein\/"},"author":{"name":"Bernd H\u00fcckst\u00e4dt","@id":"https:\/\/gradido.net\/de\/#\/schema\/person\/9c503a004ad15a1ddecadce2218db5d1"},"headline":"Gradido-Akademie l\u00e4dt Rentner zu erf\u00fclltem Lebensabend ein","datePublished":"2021-07-13T07:05:42+00:00","dateModified":"2021-12-11T20:05:20+00:00","mainEntityOfPage":{"@id":"https:\/\/gradido.net\/el\/gradido-akademie-laedt-rentner-zu-erfuelltem-lebensabend-ein\/"},"wordCount":926,"publisher":{"@id":"https:\/\/gradido.net\/de\/#organization"},"image":{"@id":"https:\/\/gradido.net\/el\/gradido-akademie-laedt-rentner-zu-erfuelltem-lebensabend-ein\/#primaryimage"},"thumbnailUrl":"https:\/\/gradido.net\/wp-content\/uploads\/2021\/07\/alter_ohne_armut_und_einsamkeit.jpg","articleSection":["Pressemitteilung"],"inLanguage":"es"},{"@type":"WebPage","@id":"https:\/\/gradido.net\/el\/gradido-akademie-laedt-rentner-zu-erfuelltem-lebensabend-ein\/","url":"https:\/\/gradido.net\/el\/gradido-akademie-laedt-rentner-zu-erfuelltem-lebensabend-ein\/","name":"La Academia Gradido invita a los pensionistas a una jubilaci\u00f3n plena - Gradido","isPartOf":{"@id":"https:\/\/gradido.net\/de\/#website"},"primaryImageOfPage":{"@id":"https:\/\/gradido.net\/el\/gradido-akademie-laedt-rentner-zu-erfuelltem-lebensabend-ein\/#primaryimage"},"image":{"@id":"https:\/\/gradido.net\/el\/gradido-akademie-laedt-rentner-zu-erfuelltem-lebensabend-ein\/#primaryimage"},"thumbnailUrl":"https:\/\/gradido.net\/wp-content\/uploads\/2021\/07\/alter_ohne_armut_und_einsamkeit.jpg","datePublished":"2021-07-13T07:05:42+00:00","dateModified":"2021-12-11T20:05:20+00:00","breadcrumb":{"@id":"https:\/\/gradido.net\/el\/gradido-akademie-laedt-rentner-zu-erfuelltem-lebensabend-ein\/#breadcrumb"},"inLanguage":"es","potentialAction":[{"@type":"ReadAction","target":["https:\/\/gradido.net\/el\/gradido-akademie-laedt-rentner-zu-erfuelltem-lebensabend-ein\/"]}]},{"@type":"ImageObject","inLanguage":"es","@id":"https:\/\/gradido.net\/el\/gradido-akademie-laedt-rentner-zu-erfuelltem-lebensabend-ein\/#primaryimage","url":"https:\/\/gradido.net\/wp-content\/uploads\/2021\/07\/alter_ohne_armut_und_einsamkeit.jpg","contentUrl":"https:\/\/gradido.net\/wp-content\/uploads\/2021\/07\/alter_ohne_armut_und_einsamkeit.jpg","width":1458,"height":990},{"@type":"BreadcrumbList","@id":"https:\/\/gradido.net\/el\/gradido-akademie-laedt-rentner-zu-erfuelltem-lebensabend-ein\/#breadcrumb","itemListElement":[{"@type":"ListItem","position":1,"name":"Startseite","item":"https:\/\/gradido.net\/"},{"@type":"ListItem","position":2,"name":"Gradido-Akademie l\u00e4dt Rentner zu erf\u00fclltem Lebensabend ein"}]},{"@type":"WebSite","@id":"https:\/\/gradido.net\/de\/#website","url":"https:\/\/gradido.net\/de\/","name":"Gradido","description":"La nueva moneda es la gratitud","publisher":{"@id":"https:\/\/gradido.net\/de\/#organization"},"potentialAction":[{"@type":"SearchAction","target":{"@type":"EntryPoint","urlTemplate":"https:\/\/gradido.net\/de\/?s={search_term_string}"},"query-input":{"@type":"PropertyValueSpecification","valueRequired":true,"valueName":"search_term_string"}}],"inLanguage":"es"},{"@type":"Organization","@id":"https:\/\/gradido.net\/de\/#organization","name":"Gradido","url":"https:\/\/gradido.net\/de\/","logo":{"@type":"ImageObject","inLanguage":"es","@id":"https:\/\/gradido.net\/de\/#\/schema\/logo\/image\/","url":"https:\/\/gradido.net\/wp-content\/uploads\/2022\/04\/gradido-social.jpg","contentUrl":"https:\/\/gradido.net\/wp-content\/uploads\/2022\/04\/gradido-social.jpg","width":527,"height":273,"caption":"Gradido"},"image":{"@id":"https:\/\/gradido.net\/de\/#\/schema\/logo\/image\/"}},{"@type":"Person","@id":"https:\/\/gradido.net\/de\/#\/schema\/person\/9c503a004ad15a1ddecadce2218db5d1","name":"Bernd H\u00fcckst\u00e4dt","sameAs":["https:\/\/gradido.net"],"url":"https:\/\/gradido.net\/es\/author\/bernd\/"}]}},"_links":{"self":[{"href":"https:\/\/gradido.net\/es\/wp-json\/wp\/v2\/posts\/2978","targetHints":{"allow":["GET"]}}],"collection":[{"href":"https:\/\/gradido.net\/es\/wp-json\/wp\/v2\/posts"}],"about":[{"href":"https:\/\/gradido.net\/es\/wp-json\/wp\/v2\/types\/post"}],"author":[{"embeddable":true,"href":"https:\/\/gradido.net\/es\/wp-json\/wp\/v2\/users\/2"}],"replies":[{"embeddable":true,"href":"https:\/\/gradido.net\/es\/wp-json\/wp\/v2\/comments?post=2978"}],"version-history":[{"count":10,"href":"https:\/\/gradido.net\/es\/wp-json\/wp\/v2\/posts\/2978\/revisions"}],"predecessor-version":[{"id":3778,"href":"https:\/\/gradido.net\/es\/wp-json\/wp\/v2\/posts\/2978\/revisions\/3778"}],"wp:featuredmedia":[{"embeddable":true,"href":"https:\/\/gradido.net\/es\/wp-json\/wp\/v2\/media\/2977"}],"wp:attachment":[{"href":"https:\/\/gradido.net\/es\/wp-json\/wp\/v2\/media?parent=2978"}],"wp:term":[{"taxonomy":"category","embeddable":true,"href":"https:\/\/gradido.net\/es\/wp-json\/wp\/v2\/categories?post=2978"},{"taxonomy":"post_tag","embeddable":true,"href":"https:\/\/gradido.net\/es\/wp-json\/wp\/v2\/tags?post=2978"}],"curies":[{"name":"wp","href":"https:\/\/api.w.org\/{rel}","templated":true}]}}