{"id":3995,"date":"2022-02-19T07:07:28","date_gmt":"2022-02-19T06:07:28","guid":{"rendered":"https:\/\/gradido.net\/?p=3995"},"modified":"2022-02-19T17:11:45","modified_gmt":"2022-02-19T16:11:45","slug":"episode-40","status":"publish","type":"post","link":"https:\/\/gradido.net\/es\/episode-40\/","title":{"rendered":"Gran Cooperaci\u00f3n: Libremente conectados en red"},"content":{"rendered":"<div data-elementor-type=\"wp-post\" data-elementor-id=\"3995\" class=\"elementor elementor-3995\" data-elementor-post-type=\"post\">\n\t\t\t\t\t\t<section class=\"elementor-section elementor-top-section elementor-element elementor-element-496e1d53 elementor-section-boxed elementor-section-height-default elementor-section-height-default\" data-id=\"496e1d53\" data-element_type=\"section\" data-e-type=\"section\">\n\t\t\t\t\t\t<div class=\"elementor-container elementor-column-gap-default\">\n\t\t\t\t\t<div class=\"elementor-column elementor-col-100 elementor-top-column elementor-element elementor-element-461d7be0\" data-id=\"461d7be0\" data-element_type=\"column\" data-e-type=\"column\">\n\t\t\t<div class=\"elementor-widget-wrap elementor-element-populated\">\n\t\t\t\t\t\t<div class=\"elementor-element elementor-element-cd9ebe2 elementor-widget elementor-widget-text-editor\" data-id=\"cd9ebe2\" data-element_type=\"widget\" data-e-type=\"widget\" data-widget_type=\"text-editor.default\">\n\t\t\t\t<div class=\"elementor-widget-container\">\n\t\t\t\t\t\t\t\t\t<h2>Invitado: Andreas Sarakacianis<\/h2>\t\t\t\t\t\t\t\t<\/div>\n\t\t\t\t<\/div>\n\t\t\t\t\t<\/div>\n\t\t<\/div>\n\t\t\t\t\t<\/div>\n\t\t<\/section>\n\t\t\t\t<section class=\"elementor-section elementor-top-section elementor-element elementor-element-2f93e3c3 elementor-section-boxed elementor-section-height-default elementor-section-height-default\" data-id=\"2f93e3c3\" data-element_type=\"section\" data-e-type=\"section\">\n\t\t\t\t\t\t<div class=\"elementor-container elementor-column-gap-default\">\n\t\t\t\t\t<div class=\"elementor-column elementor-col-100 elementor-top-column elementor-element elementor-element-5a9dfd19\" data-id=\"5a9dfd19\" data-element_type=\"column\" data-e-type=\"column\">\n\t\t\t<div class=\"elementor-widget-wrap elementor-element-populated\">\n\t\t\t\t\t\t<div class=\"elementor-element elementor-element-9cdb6b8 elementor-widget elementor-widget-html\" data-id=\"9cdb6b8\" data-element_type=\"widget\" data-e-type=\"widget\" data-widget_type=\"html.default\">\n\t\t\t\t<div class=\"elementor-widget-container\">\n\t\t\t\t\t<script class=\"podigee-podcast-player\" src=\"https:\/\/player.podigee-cdn.net\/podcast-player\/javascripts\/podigee-podcast-player.js\" data-configuration=\"https:\/\/gradido.podigee.io\/40-neue-episode\/embed?context=external&token=YmLqEEgOMPlOc0SF8MVStA\"><\/script>\t\t\t\t<\/div>\n\t\t\t\t<\/div>\n\t\t\t\t\t<\/div>\n\t\t<\/div>\n\t\t\t\t\t<\/div>\n\t\t<\/section>\n\t\t\t\t<section class=\"elementor-section elementor-top-section elementor-element elementor-element-585c640 elementor-section-boxed elementor-section-height-default elementor-section-height-default\" data-id=\"585c640\" data-element_type=\"section\" data-e-type=\"section\">\n\t\t\t\t\t\t<div class=\"elementor-container elementor-column-gap-default\">\n\t\t\t\t\t<div class=\"elementor-column elementor-col-50 elementor-top-column elementor-element elementor-element-13c250b\" data-id=\"13c250b\" data-element_type=\"column\" data-e-type=\"column\">\n\t\t\t<div class=\"elementor-widget-wrap elementor-element-populated\">\n\t\t\t\t\t\t<div class=\"elementor-element elementor-element-0561949 elementor-widget elementor-widget-text-editor\" data-id=\"0561949\" data-element_type=\"widget\" data-e-type=\"widget\" data-widget_type=\"text-editor.default\">\n\t\t\t\t<div class=\"elementor-widget-container\">\n\t\t\t\t\t\t\t\t\t<p>Como seres humanos responsables, deseamos poder utilizar todo nuestro potencial individual para hacer realidad el sue\u00f1o de un nuevo mundo \"amigo de los nietos\".<\/p><p>Pero el viejo sistema hace todo lo posible por educar a nuestros hijos para que sean ciudadanos mediocres y obedientes y les vende el cumplimiento de normas y medidas como libertad. \u00bfConseguiremos crear un futuro bueno y libre para todos juntos?<\/p><p>Nuestro invitado de hoy, Andreas Sarakacianis, siempre ha querido mejorar las escuelas. Despu\u00e9s de estudiar pedagog\u00eda y trabajar en el \u00e1mbito del coaching y la estad\u00edstica, se sumergi\u00f3 en el mundo de la educaci\u00f3n infantil durante 5 a\u00f1os. Pero no estaba contento con las condiciones de all\u00ed, y desde entonces ha estado en una b\u00fasqueda para averiguar c\u00f3mo podemos dar forma al nuevo mundo: colaborativo, cercano a la naturaleza, independiente y mucho m\u00e1s.<\/p><p>Junto con Judith Haferland, organiza en marzo de 2022 el congreso online \"El viaje de tu vida - Juntos libres en red\", en el que comparten sus conocimientos personas que ya han emprendido el camino hacia el nuevo mundo.<\/p><p>Margret y Bernd hablan con Andreas sobre el \u00e9xito del desarrollo potencial y lo que puede aportar Gradido. Si se anima a ocho mil millones de personas a desarrollar todo su potencial a trav\u00e9s de la Renta B\u00e1sica Activa, conseguiremos resolver los grandes problemas de hoy y asegurar un gran futuro para la familia humana.<\/p><h3>A la izquierda:<\/h3><p><a href=\"https:\/\/www.digistore24.com\/redir\/420823\/gradido\/CAMPAIGNKEY\" target=\"_blank\" rel=\"noopener\">Congreso en l\u00ednea \"El viaje de tu vida - Juntos libres en red\"<\/a> del 27.2.-27.3.2022<br \/>Congreso \"KitaRevolution\" (2019): <a href=\"http:\/\/www.kitarevolution.de\" target=\"_blank\" rel=\"noopener\">www.kitarevolution.de<\/a><\/p>\t\t\t\t\t\t\t\t<\/div>\n\t\t\t\t<\/div>\n\t\t\t\t\t<\/div>\n\t\t<\/div>\n\t\t\t\t<div class=\"elementor-column elementor-col-50 elementor-top-column elementor-element elementor-element-e0d795e\" data-id=\"e0d795e\" data-element_type=\"column\" data-e-type=\"column\">\n\t\t\t<div class=\"elementor-widget-wrap elementor-element-populated\">\n\t\t\t\t\t\t<div class=\"elementor-element elementor-element-8c61bad elementor-widget elementor-widget-image\" data-id=\"8c61bad\" data-element_type=\"widget\" data-e-type=\"widget\" data-widget_type=\"image.default\">\n\t\t\t\t<div class=\"elementor-widget-container\">\n\t\t\t\t\t\t\t\t\t\t\t\t\t\t\t<img fetchpriority=\"high\" decoding=\"async\" width=\"800\" height=\"800\" src=\"https:\/\/gradido.net\/wp-content\/uploads\/2022\/02\/gradido_podcast_sarakacianis-1024x1024.jpg\" class=\"attachment-large size-large wp-image-3973\" alt=\"\" srcset=\"https:\/\/gradido.net\/wp-content\/uploads\/2022\/02\/gradido_podcast_sarakacianis-1024x1024.jpg 1024w, https:\/\/gradido.net\/wp-content\/uploads\/2022\/02\/gradido_podcast_sarakacianis-300x300.jpg 300w, https:\/\/gradido.net\/wp-content\/uploads\/2022\/02\/gradido_podcast_sarakacianis-150x150.jpg 150w, https:\/\/gradido.net\/wp-content\/uploads\/2022\/02\/gradido_podcast_sarakacianis-768x768.jpg 768w, https:\/\/gradido.net\/wp-content\/uploads\/2022\/02\/gradido_podcast_sarakacianis-12x12.jpg 12w, https:\/\/gradido.net\/wp-content\/uploads\/2022\/02\/gradido_podcast_sarakacianis.jpg 1400w\" sizes=\"(max-width: 800px) 100vw, 800px\" \/>\t\t\t\t\t\t\t\t\t\t\t\t\t\t\t<\/div>\n\t\t\t\t<\/div>\n\t\t\t\t<div class=\"elementor-element elementor-element-ceab137 elementor-widget elementor-widget-text-editor\" data-id=\"ceab137\" data-element_type=\"widget\" data-e-type=\"widget\" data-widget_type=\"text-editor.default\">\n\t\t\t\t<div class=\"elementor-widget-container\">\n\t\t\t\t\t\t\t\t\t<p><a href=\"https:\/\/youtu.be\/eIykT6fhYKw\" target=\"_blank\" rel=\"noopener\">Escuchar en YouTube<\/a><\/p>\t\t\t\t\t\t\t\t<\/div>\n\t\t\t\t<\/div>\n\t\t\t\t\t<\/div>\n\t\t<\/div>\n\t\t\t\t\t<\/div>\n\t\t<\/section>\n\t\t\t\t<section class=\"elementor-section elementor-top-section elementor-element elementor-element-d051609 elementor-section-boxed elementor-section-height-default elementor-section-height-default\" data-id=\"d051609\" data-element_type=\"section\" data-e-type=\"section\">\n\t\t\t\t\t\t<div class=\"elementor-container elementor-column-gap-default\">\n\t\t\t\t\t<div class=\"elementor-column elementor-col-100 elementor-top-column elementor-element elementor-element-13cc168\" data-id=\"13cc168\" data-element_type=\"column\" data-e-type=\"column\">\n\t\t\t<div class=\"elementor-widget-wrap elementor-element-populated\">\n\t\t\t\t\t\t<div class=\"elementor-element elementor-element-b43b3ee elementor-widget elementor-widget-heading\" data-id=\"b43b3ee\" data-element_type=\"widget\" data-e-type=\"widget\" data-widget_type=\"heading.default\">\n\t\t\t\t<div class=\"elementor-widget-container\">\n\t\t\t\t\t<h2 class=\"elementor-heading-title elementor-size-default\">Transcripci\u00f3n (traducida autom\u00e1ticamente)<\/h2>\t\t\t\t<\/div>\n\t\t\t\t<\/div>\n\t\t\t\t\t<\/div>\n\t\t<\/div>\n\t\t\t\t\t<\/div>\n\t\t<\/section>\n\t\t\t\t<section class=\"elementor-section elementor-top-section elementor-element elementor-element-474427c elementor-section-boxed elementor-section-height-default elementor-section-height-default\" data-id=\"474427c\" data-element_type=\"section\" data-e-type=\"section\">\n\t\t\t\t\t\t<div class=\"elementor-container elementor-column-gap-default\">\n\t\t\t\t\t<div class=\"elementor-column elementor-col-100 elementor-top-column elementor-element elementor-element-6041f12\" data-id=\"6041f12\" data-element_type=\"column\" data-e-type=\"column\">\n\t\t\t<div class=\"elementor-widget-wrap elementor-element-populated\">\n\t\t\t\t\t\t\t<\/div>\n\t\t<\/div>\n\t\t\t\t\t<\/div>\n\t\t<\/section>\n\t\t\t\t<\/div>","protected":false},"excerpt":{"rendered":"<p>Wie w\u00fcrde die Welt aussehen, wenn alle Menschen ihr volles Potenzial entfalten und damit in Freude die Welt bereichern w\u00fcrden? Andreas Sarakacianis widmet sich dieser und weiteren Fragen, gemeinsam mit Judith Haferland, im Online-Kongress \u201eDie Reise Deines Lebens \u2013 Gemeinsam Frei Vernetzt\u201c vom 27.2.-27.3.2022. [42:38]<\/p>\n","protected":false},"author":2,"featured_media":3974,"comment_status":"closed","ping_status":"closed","sticky":false,"template":"","format":"standard","meta":{"footnotes":""},"categories":[19],"tags":[16],"class_list":["post-3995","post","type-post","status-publish","format-standard","has-post-thumbnail","hentry","category-podcast","tag-grundeinkommen"],"yoast_head":"<!-- This site is optimized with the Yoast SEO plugin v27.5 - https:\/\/yoast.com\/product\/yoast-seo-wordpress\/ -->\n<title>Great Cooperation: Gemeinsam frei vernetzt - Gradido<\/title>\n<meta name=\"robots\" content=\"index, follow, max-snippet:-1, max-image-preview:large, max-video-preview:-1\" \/>\n<link rel=\"canonical\" href=\"https:\/\/gradido.net\/es\/episode-40\/\" \/>\n<meta property=\"og:locale\" content=\"es_ES\" \/>\n<meta property=\"og:type\" content=\"article\" \/>\n<meta property=\"og:title\" content=\"Great Cooperation: Gemeinsam frei vernetzt - Gradido\" \/>\n<meta property=\"og:description\" content=\"Wie w\u00fcrde die Welt aussehen, wenn alle Menschen ihr volles Potenzial entfalten und damit in Freude die Welt bereichern w\u00fcrden? Andreas Sarakacianis widmet sich dieser und weiteren Fragen, gemeinsam mit Judith Haferland, im Online-Kongress \u201eDie Reise Deines Lebens \u2013 Gemeinsam Frei Vernetzt\u201c vom 27.2.-27.3.2022. [42:38]\" \/>\n<meta property=\"og:url\" content=\"https:\/\/gradido.net\/es\/episode-40\/\" \/>\n<meta property=\"og:site_name\" content=\"Gradido\" \/>\n<meta property=\"article:published_time\" content=\"2022-02-19T06:07:28+00:00\" \/>\n<meta property=\"article:modified_time\" content=\"2022-02-19T16:11:45+00:00\" \/>\n<meta property=\"og:image\" content=\"https:\/\/gradido.net\/wp-content\/uploads\/2022\/02\/podcast_www_sarakacianis.jpg\" \/>\n\t<meta property=\"og:image:width\" content=\"700\" \/>\n\t<meta property=\"og:image:height\" content=\"475\" \/>\n\t<meta property=\"og:image:type\" content=\"image\/jpeg\" \/>\n<meta name=\"author\" content=\"Bernd H\u00fcckst\u00e4dt\" \/>\n<meta name=\"twitter:card\" content=\"summary_large_image\" \/>\n<meta name=\"twitter:label1\" content=\"Escrito por\" \/>\n\t<meta name=\"twitter:data1\" content=\"Bernd H\u00fcckst\u00e4dt\" \/>\n\t<meta name=\"twitter:label2\" content=\"Tiempo de lectura\" \/>\n\t<meta name=\"twitter:data2\" content=\"1 minuto\" \/>\n<script type=\"application\/ld+json\" class=\"yoast-schema-graph\">{\"@context\":\"https:\\\/\\\/schema.org\",\"@graph\":[{\"@type\":\"Article\",\"@id\":\"https:\\\/\\\/gradido.net\\\/tr\\\/episode-40\\\/#article\",\"isPartOf\":{\"@id\":\"https:\\\/\\\/gradido.net\\\/tr\\\/episode-40\\\/\"},\"author\":{\"name\":\"Bernd H\u00fcckst\u00e4dt\",\"@id\":\"https:\\\/\\\/gradido.net\\\/de\\\/#\\\/schema\\\/person\\\/9c503a004ad15a1ddecadce2218db5d1\"},\"headline\":\"Great Cooperation: Gemeinsam frei vernetzt\",\"datePublished\":\"2022-02-19T06:07:28+00:00\",\"dateModified\":\"2022-02-19T16:11:45+00:00\",\"mainEntityOfPage\":{\"@id\":\"https:\\\/\\\/gradido.net\\\/tr\\\/episode-40\\\/\"},\"wordCount\":263,\"publisher\":{\"@id\":\"https:\\\/\\\/gradido.net\\\/de\\\/#organization\"},\"image\":{\"@id\":\"https:\\\/\\\/gradido.net\\\/tr\\\/episode-40\\\/#primaryimage\"},\"thumbnailUrl\":\"https:\\\/\\\/gradido.net\\\/wp-content\\\/uploads\\\/2022\\\/02\\\/podcast_www_sarakacianis.jpg\",\"keywords\":[\"Grundeinkommen\"],\"articleSection\":[\"Podcast\"],\"inLanguage\":\"es\"},{\"@type\":\"WebPage\",\"@id\":\"https:\\\/\\\/gradido.net\\\/tr\\\/episode-40\\\/\",\"url\":\"https:\\\/\\\/gradido.net\\\/tr\\\/episode-40\\\/\",\"name\":\"Great Cooperation: Gemeinsam frei vernetzt - Gradido\",\"isPartOf\":{\"@id\":\"https:\\\/\\\/gradido.net\\\/de\\\/#website\"},\"primaryImageOfPage\":{\"@id\":\"https:\\\/\\\/gradido.net\\\/tr\\\/episode-40\\\/#primaryimage\"},\"image\":{\"@id\":\"https:\\\/\\\/gradido.net\\\/tr\\\/episode-40\\\/#primaryimage\"},\"thumbnailUrl\":\"https:\\\/\\\/gradido.net\\\/wp-content\\\/uploads\\\/2022\\\/02\\\/podcast_www_sarakacianis.jpg\",\"datePublished\":\"2022-02-19T06:07:28+00:00\",\"dateModified\":\"2022-02-19T16:11:45+00:00\",\"breadcrumb\":{\"@id\":\"https:\\\/\\\/gradido.net\\\/tr\\\/episode-40\\\/#breadcrumb\"},\"inLanguage\":\"es\",\"potentialAction\":[{\"@type\":\"ReadAction\",\"target\":[\"https:\\\/\\\/gradido.net\\\/tr\\\/episode-40\\\/\"]}]},{\"@type\":\"ImageObject\",\"inLanguage\":\"es\",\"@id\":\"https:\\\/\\\/gradido.net\\\/tr\\\/episode-40\\\/#primaryimage\",\"url\":\"https:\\\/\\\/gradido.net\\\/wp-content\\\/uploads\\\/2022\\\/02\\\/podcast_www_sarakacianis.jpg\",\"contentUrl\":\"https:\\\/\\\/gradido.net\\\/wp-content\\\/uploads\\\/2022\\\/02\\\/podcast_www_sarakacianis.jpg\",\"width\":700,\"height\":475},{\"@type\":\"BreadcrumbList\",\"@id\":\"https:\\\/\\\/gradido.net\\\/tr\\\/episode-40\\\/#breadcrumb\",\"itemListElement\":[{\"@type\":\"ListItem\",\"position\":1,\"name\":\"Startseite\",\"item\":\"https:\\\/\\\/gradido.net\\\/\"},{\"@type\":\"ListItem\",\"position\":2,\"name\":\"Great Cooperation: Gemeinsam frei vernetzt\"}]},{\"@type\":\"WebSite\",\"@id\":\"https:\\\/\\\/gradido.net\\\/de\\\/#website\",\"url\":\"https:\\\/\\\/gradido.net\\\/de\\\/\",\"name\":\"Gradido\",\"description\":\"Die neue W\u00e4hrung hei\u00dft Dankbarkeit\",\"publisher\":{\"@id\":\"https:\\\/\\\/gradido.net\\\/de\\\/#organization\"},\"potentialAction\":[{\"@type\":\"SearchAction\",\"target\":{\"@type\":\"EntryPoint\",\"urlTemplate\":\"https:\\\/\\\/gradido.net\\\/de\\\/?s={search_term_string}\"},\"query-input\":{\"@type\":\"PropertyValueSpecification\",\"valueRequired\":true,\"valueName\":\"search_term_string\"}}],\"inLanguage\":\"es\"},{\"@type\":\"Organization\",\"@id\":\"https:\\\/\\\/gradido.net\\\/de\\\/#organization\",\"name\":\"Gradido\",\"url\":\"https:\\\/\\\/gradido.net\\\/de\\\/\",\"logo\":{\"@type\":\"ImageObject\",\"inLanguage\":\"es\",\"@id\":\"https:\\\/\\\/gradido.net\\\/de\\\/#\\\/schema\\\/logo\\\/image\\\/\",\"url\":\"https:\\\/\\\/gradido.net\\\/wp-content\\\/uploads\\\/2022\\\/04\\\/gradido-social.jpg\",\"contentUrl\":\"https:\\\/\\\/gradido.net\\\/wp-content\\\/uploads\\\/2022\\\/04\\\/gradido-social.jpg\",\"width\":527,\"height\":273,\"caption\":\"Gradido\"},\"image\":{\"@id\":\"https:\\\/\\\/gradido.net\\\/de\\\/#\\\/schema\\\/logo\\\/image\\\/\"}},{\"@type\":\"Person\",\"@id\":\"https:\\\/\\\/gradido.net\\\/de\\\/#\\\/schema\\\/person\\\/9c503a004ad15a1ddecadce2218db5d1\",\"name\":\"Bernd H\u00fcckst\u00e4dt\",\"sameAs\":[\"https:\\\/\\\/gradido.net\"],\"url\":\"https:\\\/\\\/gradido.net\\\/es\\\/author\\\/bernd\\\/\"}]}<\/script>\n<!-- \/ Yoast SEO plugin. -->","yoast_head_json":{"title":"Gran Cooperaci\u00f3n: Juntos en red - Gradido","robots":{"index":"index","follow":"follow","max-snippet":"max-snippet:-1","max-image-preview":"max-image-preview:large","max-video-preview":"max-video-preview:-1"},"canonical":"https:\/\/gradido.net\/es\/episode-40\/","og_locale":"es_ES","og_type":"article","og_title":"Great Cooperation: Gemeinsam frei vernetzt - Gradido","og_description":"Wie w\u00fcrde die Welt aussehen, wenn alle Menschen ihr volles Potenzial entfalten und damit in Freude die Welt bereichern w\u00fcrden? Andreas Sarakacianis widmet sich dieser und weiteren Fragen, gemeinsam mit Judith Haferland, im Online-Kongress \u201eDie Reise Deines Lebens \u2013 Gemeinsam Frei Vernetzt\u201c vom 27.2.-27.3.2022. [42:38]","og_url":"https:\/\/gradido.net\/es\/episode-40\/","og_site_name":"Gradido","article_published_time":"2022-02-19T06:07:28+00:00","article_modified_time":"2022-02-19T16:11:45+00:00","og_image":[{"width":700,"height":475,"url":"https:\/\/gradido.net\/wp-content\/uploads\/2022\/02\/podcast_www_sarakacianis.jpg","type":"image\/jpeg"}],"author":"Bernd H\u00fcckst\u00e4dt","twitter_card":"summary_large_image","twitter_misc":{"Escrito por":"Bernd H\u00fcckst\u00e4dt","Tiempo de lectura":"1 minuto"},"schema":{"@context":"https:\/\/schema.org","@graph":[{"@type":"Article","@id":"https:\/\/gradido.net\/tr\/episode-40\/#article","isPartOf":{"@id":"https:\/\/gradido.net\/tr\/episode-40\/"},"author":{"name":"Bernd H\u00fcckst\u00e4dt","@id":"https:\/\/gradido.net\/de\/#\/schema\/person\/9c503a004ad15a1ddecadce2218db5d1"},"headline":"Great Cooperation: Gemeinsam frei vernetzt","datePublished":"2022-02-19T06:07:28+00:00","dateModified":"2022-02-19T16:11:45+00:00","mainEntityOfPage":{"@id":"https:\/\/gradido.net\/tr\/episode-40\/"},"wordCount":263,"publisher":{"@id":"https:\/\/gradido.net\/de\/#organization"},"image":{"@id":"https:\/\/gradido.net\/tr\/episode-40\/#primaryimage"},"thumbnailUrl":"https:\/\/gradido.net\/wp-content\/uploads\/2022\/02\/podcast_www_sarakacianis.jpg","keywords":["Grundeinkommen"],"articleSection":["Podcast"],"inLanguage":"es"},{"@type":"WebPage","@id":"https:\/\/gradido.net\/tr\/episode-40\/","url":"https:\/\/gradido.net\/tr\/episode-40\/","name":"Gran Cooperaci\u00f3n: Juntos en red - Gradido","isPartOf":{"@id":"https:\/\/gradido.net\/de\/#website"},"primaryImageOfPage":{"@id":"https:\/\/gradido.net\/tr\/episode-40\/#primaryimage"},"image":{"@id":"https:\/\/gradido.net\/tr\/episode-40\/#primaryimage"},"thumbnailUrl":"https:\/\/gradido.net\/wp-content\/uploads\/2022\/02\/podcast_www_sarakacianis.jpg","datePublished":"2022-02-19T06:07:28+00:00","dateModified":"2022-02-19T16:11:45+00:00","breadcrumb":{"@id":"https:\/\/gradido.net\/tr\/episode-40\/#breadcrumb"},"inLanguage":"es","potentialAction":[{"@type":"ReadAction","target":["https:\/\/gradido.net\/tr\/episode-40\/"]}]},{"@type":"ImageObject","inLanguage":"es","@id":"https:\/\/gradido.net\/tr\/episode-40\/#primaryimage","url":"https:\/\/gradido.net\/wp-content\/uploads\/2022\/02\/podcast_www_sarakacianis.jpg","contentUrl":"https:\/\/gradido.net\/wp-content\/uploads\/2022\/02\/podcast_www_sarakacianis.jpg","width":700,"height":475},{"@type":"BreadcrumbList","@id":"https:\/\/gradido.net\/tr\/episode-40\/#breadcrumb","itemListElement":[{"@type":"ListItem","position":1,"name":"Startseite","item":"https:\/\/gradido.net\/"},{"@type":"ListItem","position":2,"name":"Great Cooperation: Gemeinsam frei vernetzt"}]},{"@type":"WebSite","@id":"https:\/\/gradido.net\/de\/#website","url":"https:\/\/gradido.net\/de\/","name":"Gradido","description":"La nueva moneda es la gratitud","publisher":{"@id":"https:\/\/gradido.net\/de\/#organization"},"potentialAction":[{"@type":"SearchAction","target":{"@type":"EntryPoint","urlTemplate":"https:\/\/gradido.net\/de\/?s={search_term_string}"},"query-input":{"@type":"PropertyValueSpecification","valueRequired":true,"valueName":"search_term_string"}}],"inLanguage":"es"},{"@type":"Organization","@id":"https:\/\/gradido.net\/de\/#organization","name":"Gradido","url":"https:\/\/gradido.net\/de\/","logo":{"@type":"ImageObject","inLanguage":"es","@id":"https:\/\/gradido.net\/de\/#\/schema\/logo\/image\/","url":"https:\/\/gradido.net\/wp-content\/uploads\/2022\/04\/gradido-social.jpg","contentUrl":"https:\/\/gradido.net\/wp-content\/uploads\/2022\/04\/gradido-social.jpg","width":527,"height":273,"caption":"Gradido"},"image":{"@id":"https:\/\/gradido.net\/de\/#\/schema\/logo\/image\/"}},{"@type":"Person","@id":"https:\/\/gradido.net\/de\/#\/schema\/person\/9c503a004ad15a1ddecadce2218db5d1","name":"Bernd H\u00fcckst\u00e4dt","sameAs":["https:\/\/gradido.net"],"url":"https:\/\/gradido.net\/es\/author\/bernd\/"}]}},"_links":{"self":[{"href":"https:\/\/gradido.net\/es\/wp-json\/wp\/v2\/posts\/3995","targetHints":{"allow":["GET"]}}],"collection":[{"href":"https:\/\/gradido.net\/es\/wp-json\/wp\/v2\/posts"}],"about":[{"href":"https:\/\/gradido.net\/es\/wp-json\/wp\/v2\/types\/post"}],"author":[{"embeddable":true,"href":"https:\/\/gradido.net\/es\/wp-json\/wp\/v2\/users\/2"}],"replies":[{"embeddable":true,"href":"https:\/\/gradido.net\/es\/wp-json\/wp\/v2\/comments?post=3995"}],"version-history":[{"count":22,"href":"https:\/\/gradido.net\/es\/wp-json\/wp\/v2\/posts\/3995\/revisions"}],"predecessor-version":[{"id":4020,"href":"https:\/\/gradido.net\/es\/wp-json\/wp\/v2\/posts\/3995\/revisions\/4020"}],"wp:featuredmedia":[{"embeddable":true,"href":"https:\/\/gradido.net\/es\/wp-json\/wp\/v2\/media\/3974"}],"wp:attachment":[{"href":"https:\/\/gradido.net\/es\/wp-json\/wp\/v2\/media?parent=3995"}],"wp:term":[{"taxonomy":"category","embeddable":true,"href":"https:\/\/gradido.net\/es\/wp-json\/wp\/v2\/categories?post=3995"},{"taxonomy":"post_tag","embeddable":true,"href":"https:\/\/gradido.net\/es\/wp-json\/wp\/v2\/tags?post=3995"}],"curies":[{"name":"wp","href":"https:\/\/api.w.org\/{rel}","templated":true}]}}