{"id":4132,"date":"2022-04-02T09:00:01","date_gmt":"2022-04-02T07:00:01","guid":{"rendered":"https:\/\/gradido.net\/?p=4132"},"modified":"2022-04-01T09:54:55","modified_gmt":"2022-04-01T07:54:55","slug":"episode-43","status":"publish","type":"post","link":"https:\/\/gradido.net\/es\/episode-43\/","title":{"rendered":"Gran cooperaci\u00f3n: el electro-cultivo asegura el suministro mundial de alimentos en calidad org\u00e1nica"},"content":{"rendered":"<div data-elementor-type=\"wp-post\" data-elementor-id=\"4132\" class=\"elementor elementor-4132\" data-elementor-post-type=\"post\">\n\t\t\t\t\t\t<section class=\"elementor-section elementor-top-section elementor-element elementor-element-496e1d53 elementor-section-boxed elementor-section-height-default elementor-section-height-default\" data-id=\"496e1d53\" data-element_type=\"section\" data-e-type=\"section\">\n\t\t\t\t\t\t<div class=\"elementor-container elementor-column-gap-default\">\n\t\t\t\t\t<div class=\"elementor-column elementor-col-100 elementor-top-column elementor-element elementor-element-461d7be0\" data-id=\"461d7be0\" data-element_type=\"column\" data-e-type=\"column\">\n\t\t\t<div class=\"elementor-widget-wrap elementor-element-populated\">\n\t\t\t\t\t\t<div class=\"elementor-element elementor-element-cd9ebe2 elementor-widget elementor-widget-text-editor\" data-id=\"cd9ebe2\" data-element_type=\"widget\" data-e-type=\"widget\" data-widget_type=\"text-editor.default\">\n\t\t\t\t<div class=\"elementor-widget-container\">\n\t\t\t\t\t\t\t\t\t<h2>Invitado: Peter Rettenmund<\/h2>\t\t\t\t\t\t\t\t<\/div>\n\t\t\t\t<\/div>\n\t\t\t\t\t<\/div>\n\t\t<\/div>\n\t\t\t\t\t<\/div>\n\t\t<\/section>\n\t\t\t\t<section class=\"elementor-section elementor-top-section elementor-element elementor-element-2f93e3c3 elementor-section-boxed elementor-section-height-default elementor-section-height-default\" data-id=\"2f93e3c3\" data-element_type=\"section\" data-e-type=\"section\">\n\t\t\t\t\t\t<div class=\"elementor-container elementor-column-gap-default\">\n\t\t\t\t\t<div class=\"elementor-column elementor-col-100 elementor-top-column elementor-element elementor-element-5a9dfd19\" data-id=\"5a9dfd19\" data-element_type=\"column\" data-e-type=\"column\">\n\t\t\t<div class=\"elementor-widget-wrap elementor-element-populated\">\n\t\t\t\t\t\t<div class=\"elementor-element elementor-element-9cdb6b8 elementor-widget elementor-widget-html\" data-id=\"9cdb6b8\" data-element_type=\"widget\" data-e-type=\"widget\" data-widget_type=\"html.default\">\n\t\t\t\t<div class=\"elementor-widget-container\">\n\t\t\t\t\t<script class=\"podigee-podcast-player\" src=\"https:\/\/player.podigee-cdn.net\/podcast-player\/javascripts\/podigee-podcast-player.js\" data-configuration=\"https:\/\/gradido.podigee.io\/43-neue-episode\/embed?context=external&token=oYs1AED7rGcgEiPZB17EqQ\"><\/script>\t\t\t\t<\/div>\n\t\t\t\t<\/div>\n\t\t\t\t\t<\/div>\n\t\t<\/div>\n\t\t\t\t\t<\/div>\n\t\t<\/section>\n\t\t\t\t<section class=\"elementor-section elementor-top-section elementor-element elementor-element-585c640 elementor-section-boxed elementor-section-height-default elementor-section-height-default\" data-id=\"585c640\" data-element_type=\"section\" data-e-type=\"section\">\n\t\t\t\t\t\t<div class=\"elementor-container elementor-column-gap-default\">\n\t\t\t\t\t<div class=\"elementor-column elementor-col-50 elementor-top-column elementor-element elementor-element-13c250b\" data-id=\"13c250b\" data-element_type=\"column\" data-e-type=\"column\">\n\t\t\t<div class=\"elementor-widget-wrap elementor-element-populated\">\n\t\t\t\t\t\t<div class=\"elementor-element elementor-element-0561949 elementor-widget elementor-widget-text-editor\" data-id=\"0561949\" data-element_type=\"widget\" data-e-type=\"widget\" data-widget_type=\"text-editor.default\">\n\t\t\t\t<div class=\"elementor-widget-container\">\n\t\t\t\t\t\t\t\t\t<p>En este episodio del Podcast de Gradido, hablamos de los sensacionales m\u00e9todos de cultivo que hacen que las frutas y verduras sean mucho m\u00e1s grandes, sanas y fuertes, y de excelente calidad ecol\u00f3gica. El sue\u00f1o de la humanidad de que todos los pueblos del mundo puedan comer alimentos sanos est\u00e1 as\u00ed al alcance de la mano.<\/p><p>Los conocimientos al respecto se remontan al siglo XVII y han sido casi eliminados por el sistema, porque no se pueden obtener beneficios con ellos. \u00bfSeremos capaces de difundir el conocimiento a tiempo y hacerlo accesible a la familia humana, por nuestro propio bien, por el de nuestros hijos y por el de todos los hijos de la Tierra?<\/p><p>Nuestro invitado de hoy, Peter Rettenmund, se dio cuenta muy pronto de que la vida debe significar m\u00e1s de lo que generalmente se supone. A lo largo de su vida, ha acumulado numerosas experiencias y conocimientos en el \u00e1mbito de la producci\u00f3n de alimentos, la gastronom\u00eda y el marketing. En el proceso, se dio cuenta de que las plantas son seres que est\u00e1n conectados con toda la vida.<\/p><p>Sus compa\u00f1eros m\u00e1s importantes son el ritual v\u00e9dico del fuego Agnihotra y una antigua t\u00e9cnica de plantaci\u00f3n olvidada: el electrocultivo, que combina las fuerzas electromagn\u00e9ticas de la tierra en beneficio de las plantas. Las hortalizas cultivadas de esta manera crecen mejor, sus semillas germinan m\u00e1s r\u00e1pido y se hacen m\u00e1s grandes. No es raro que haya fresas del tama\u00f1o de una manzana o zanahorias de 500 gramos. En la mejor calidad org\u00e1nica, toda la familia humana puede alimentarse con ellos, y juntos podemos dar forma a nuestro planeta para que el para\u00edso que existe en el interior tambi\u00e9n sea visible en el exterior.<\/p><p>A la izquierda:<\/p><p><a href=\"https:\/\/www.galaron.de\/\">https:\/\/www.galaron.de\/<\/a><\/p><p>Este v\u00eddeo muestra a Peter como un ser humano: <br \/><a href=\"https:\/\/www.youtube.com\/watch?v=RYRQh-Ctz-g\">https:\/\/www.youtube.com\/watch?v=RYRQh-Ctz-g<\/a><\/p><p>Tr\u00e1iler del seminario web Basics: <br \/><a href=\"https:\/\/www.youtube.com\/watch?v=dcbFhNh2hu0\">https:\/\/www.youtube.com\/watch?v=dcbFhNh2hu0<\/a><\/p><p>Extractos del seminario en l\u00ednea sobre los fundamentos de la electrocultura: <br \/><a href=\"https:\/\/www.youtube.com\/watch?v=txf2nHhildw\">https:\/\/www.youtube.com\/watch?v=txf2nHhildw<\/a><\/p><p>Preguntas frecuentes sobre la electrocultura <a href=\"https:\/\/www.youtube.com\/watch?v=ArMmhziB_sg\">https:\/\/www.youtube.com\/watch?v=ArMmhziB_sg<\/a><\/p><p>Posibilidad de reservar el seminario web: <br \/><a href=\"https:\/\/elettro-coltura.com\/en\/prodotto\/electroculture-online-live-webinar-english-german-andrea-peter\/\">https:\/\/elettro-coltura.com\/en\/prodotto\/electroculture-online-live-webinar-english-german-andrea-peter\/<\/a><\/p><p>V\u00eddeo: Ver la energ\u00eda de los \u00e1rboles <br \/><a href=\"https:\/\/www.youtube.com\/watch?v=zGBNM-HBRVc\">https:\/\/www.youtube.com\/watch?v=zGBNM-HBRVc<\/a><\/p><p>Mensajes sobre posibles destinos en Espa\u00f1a y Francia, m\u00e1s o menos a lo largo de la costa sur de bienvenida: <a href=\"mailto:info@galaron.de\">info@galaron.de<\/a><\/p><p>Documento: Visi\u00f3n de la electrocultura (PDF)<br \/><a href=\"https:\/\/gradido.net\/wp-content\/uploads\/2022\/03\/Einblick-in-die-Elektrokultur.pdf\">https:\/\/gradido.net\/wp-content\/uploads\/2022\/03\/Einblick-in-die-Elektrokultur.pdf<\/a><\/p><p>Michael W\u00fcst<br \/><a href=\"http:\/\/www.agnikultur.de\/\">http:\/\/www.agnikultur.de\/<\/a><br \/><a href=\"https:\/\/www.agnikultur.com\/\">https:\/\/www.agnikultur.com\/<\/a><\/p><p>Escuela de la Naturaleza Heidemarie y Mathias Rammer Alta Lusacia <br \/><a href=\"https:\/\/www.naturschule-oberlausitz.de\/\">https:\/\/www.naturschule-oberlausitz.de\/<\/a><\/p><p>Grupo de telegramas:<br \/><a href=\"https:\/\/t.me\/Agnihotra_perma_elektrokultur\">https:\/\/t.me\/Agnihotra_perma_elektrokultur<\/a><\/p>\t\t\t\t\t\t\t\t<\/div>\n\t\t\t\t<\/div>\n\t\t\t\t\t<\/div>\n\t\t<\/div>\n\t\t\t\t<div class=\"elementor-column elementor-col-50 elementor-top-column elementor-element elementor-element-e0d795e\" data-id=\"e0d795e\" data-element_type=\"column\" data-e-type=\"column\">\n\t\t\t<div class=\"elementor-widget-wrap elementor-element-populated\">\n\t\t\t\t\t\t<div class=\"elementor-element elementor-element-8c61bad elementor-widget elementor-widget-image\" data-id=\"8c61bad\" data-element_type=\"widget\" data-e-type=\"widget\" data-widget_type=\"image.default\">\n\t\t\t\t<div class=\"elementor-widget-container\">\n\t\t\t\t\t\t\t\t\t\t\t\t\t\t\t<img fetchpriority=\"high\" decoding=\"async\" width=\"800\" height=\"800\" src=\"https:\/\/gradido.net\/wp-content\/uploads\/2022\/03\/gradido_podcast_rettenmund-1024x1024.jpg\" class=\"attachment-large size-large wp-image-4071\" alt=\"\" srcset=\"https:\/\/gradido.net\/wp-content\/uploads\/2022\/03\/gradido_podcast_rettenmund-1024x1024.jpg 1024w, https:\/\/gradido.net\/wp-content\/uploads\/2022\/03\/gradido_podcast_rettenmund-300x300.jpg 300w, https:\/\/gradido.net\/wp-content\/uploads\/2022\/03\/gradido_podcast_rettenmund-150x150.jpg 150w, https:\/\/gradido.net\/wp-content\/uploads\/2022\/03\/gradido_podcast_rettenmund-768x768.jpg 768w, https:\/\/gradido.net\/wp-content\/uploads\/2022\/03\/gradido_podcast_rettenmund-12x12.jpg 12w, https:\/\/gradido.net\/wp-content\/uploads\/2022\/03\/gradido_podcast_rettenmund.jpg 1400w\" sizes=\"(max-width: 800px) 100vw, 800px\" \/>\t\t\t\t\t\t\t\t\t\t\t\t\t\t\t<\/div>\n\t\t\t\t<\/div>\n\t\t\t\t<div class=\"elementor-element elementor-element-ceab137 elementor-widget elementor-widget-text-editor\" data-id=\"ceab137\" data-element_type=\"widget\" data-e-type=\"widget\" data-widget_type=\"text-editor.default\">\n\t\t\t\t<div class=\"elementor-widget-container\">\n\t\t\t\t\t\t\t\t\t<p><a href=\"https:\/\/youtu.be\/cqs1lG99WeA\" target=\"_blank\" rel=\"noopener\">Escuchar en YouTube<\/a><\/p>\t\t\t\t\t\t\t\t<\/div>\n\t\t\t\t<\/div>\n\t\t\t\t\t<\/div>\n\t\t<\/div>\n\t\t\t\t\t<\/div>\n\t\t<\/section>\n\t\t\t\t<section class=\"elementor-section elementor-top-section elementor-element elementor-element-d051609 elementor-section-boxed elementor-section-height-default elementor-section-height-default\" data-id=\"d051609\" data-element_type=\"section\" data-e-type=\"section\">\n\t\t\t\t\t\t<div class=\"elementor-container elementor-column-gap-default\">\n\t\t\t\t\t<div class=\"elementor-column elementor-col-100 elementor-top-column elementor-element elementor-element-13cc168\" data-id=\"13cc168\" data-element_type=\"column\" data-e-type=\"column\">\n\t\t\t<div class=\"elementor-widget-wrap elementor-element-populated\">\n\t\t\t\t\t\t<div class=\"elementor-element elementor-element-b43b3ee elementor-widget elementor-widget-heading\" data-id=\"b43b3ee\" data-element_type=\"widget\" data-e-type=\"widget\" data-widget_type=\"heading.default\">\n\t\t\t\t<div class=\"elementor-widget-container\">\n\t\t\t\t\t<h2 class=\"elementor-heading-title elementor-size-default\">Transcripci\u00f3n (traducida autom\u00e1ticamente)<\/h2>\t\t\t\t<\/div>\n\t\t\t\t<\/div>\n\t\t\t\t\t<\/div>\n\t\t<\/div>\n\t\t\t\t\t<\/div>\n\t\t<\/section>\n\t\t\t\t<section class=\"elementor-section elementor-top-section elementor-element elementor-element-474427c elementor-section-boxed elementor-section-height-default elementor-section-height-default\" data-id=\"474427c\" data-element_type=\"section\" data-e-type=\"section\">\n\t\t\t\t\t\t<div class=\"elementor-container elementor-column-gap-default\">\n\t\t\t\t\t<div class=\"elementor-column elementor-col-100 elementor-top-column elementor-element elementor-element-6041f12\" data-id=\"6041f12\" data-element_type=\"column\" data-e-type=\"column\">\n\t\t\t<div class=\"elementor-widget-wrap elementor-element-populated\">\n\t\t\t\t\t\t\t<\/div>\n\t\t<\/div>\n\t\t\t\t\t<\/div>\n\t\t<\/section>\n\t\t\t\t<\/div>","protected":false},"excerpt":{"rendered":"<p>Mit Peter Rettenmund sprechen wir \u00fcber sensationelle Anbaumethoden, die Obst und Gem\u00fcse um ein Vielfaches gr\u00f6\u00dfer ges\u00fcnder und kr\u00e4ftiger werden lassen \u2013 und dies in exzellenter biologischer Qualit\u00e4t. Der Menschheitstraum, dass sich alle Menschen weltweit gesund ern\u00e4hren k\u00f6nnen, r\u00fcckt damit in greifbare N\u00e4he. [53:02]<\/p>\n","protected":false},"author":12,"featured_media":4075,"comment_status":"closed","ping_status":"closed","sticky":false,"template":"","format":"standard","meta":{"footnotes":""},"categories":[19],"tags":[16],"class_list":["post-4132","post","type-post","status-publish","format-standard","has-post-thumbnail","hentry","category-podcast","tag-grundeinkommen"],"yoast_head":"<!-- This site is optimized with the Yoast SEO plugin v27.5 - https:\/\/yoast.com\/product\/yoast-seo-wordpress\/ -->\n<title>Great Cooperation: Elektrokultur sichert Weltern\u00e4hrung in Bioqualit\u00e4t - Gradido<\/title>\n<meta name=\"robots\" content=\"index, follow, max-snippet:-1, max-image-preview:large, max-video-preview:-1\" \/>\n<link rel=\"canonical\" href=\"https:\/\/gradido.net\/es\/episode-43\/\" \/>\n<meta property=\"og:locale\" content=\"es_ES\" \/>\n<meta property=\"og:type\" content=\"article\" \/>\n<meta property=\"og:title\" content=\"Great Cooperation: Elektrokultur sichert Weltern\u00e4hrung in Bioqualit\u00e4t - Gradido\" \/>\n<meta property=\"og:description\" content=\"Mit Peter Rettenmund sprechen wir \u00fcber sensationelle Anbaumethoden, die Obst und Gem\u00fcse um ein Vielfaches gr\u00f6\u00dfer ges\u00fcnder und kr\u00e4ftiger werden lassen \u2013 und dies in exzellenter biologischer Qualit\u00e4t. Der Menschheitstraum, dass sich alle Menschen weltweit gesund ern\u00e4hren k\u00f6nnen, r\u00fcckt damit in greifbare N\u00e4he. [53:02]\" \/>\n<meta property=\"og:url\" content=\"https:\/\/gradido.net\/es\/episode-43\/\" \/>\n<meta property=\"og:site_name\" content=\"Gradido\" \/>\n<meta property=\"article:published_time\" content=\"2022-04-02T07:00:01+00:00\" \/>\n<meta property=\"og:image\" content=\"https:\/\/gradido.net\/wp-content\/uploads\/2022\/03\/podcast_www_rettenmund-1.jpg\" \/>\n\t<meta property=\"og:image:width\" content=\"700\" \/>\n\t<meta property=\"og:image:height\" content=\"475\" \/>\n\t<meta property=\"og:image:type\" content=\"image\/jpeg\" \/>\n<meta name=\"author\" content=\"Philipp Kessler\" \/>\n<meta name=\"twitter:card\" content=\"summary_large_image\" \/>\n<meta name=\"twitter:label1\" content=\"Escrito por\" \/>\n\t<meta name=\"twitter:data1\" content=\"Philipp Kessler\" \/>\n\t<meta name=\"twitter:label2\" content=\"Tiempo de lectura\" \/>\n\t<meta name=\"twitter:data2\" content=\"2 minutos\" \/>\n<script type=\"application\/ld+json\" class=\"yoast-schema-graph\">{\"@context\":\"https:\\\/\\\/schema.org\",\"@graph\":[{\"@type\":\"Article\",\"@id\":\"https:\\\/\\\/gradido.net\\\/sk\\\/episode-43\\\/#article\",\"isPartOf\":{\"@id\":\"https:\\\/\\\/gradido.net\\\/sk\\\/episode-43\\\/\"},\"author\":{\"name\":\"Philipp Kessler\",\"@id\":\"https:\\\/\\\/gradido.net\\\/de\\\/#\\\/schema\\\/person\\\/f57399104ec77f2a2d5a68f479b0492f\"},\"headline\":\"Great Cooperation: Elektrokultur sichert Weltern\u00e4hrung in Bioqualit\u00e4t\",\"datePublished\":\"2022-04-02T07:00:01+00:00\",\"mainEntityOfPage\":{\"@id\":\"https:\\\/\\\/gradido.net\\\/sk\\\/episode-43\\\/\"},\"wordCount\":403,\"publisher\":{\"@id\":\"https:\\\/\\\/gradido.net\\\/de\\\/#organization\"},\"image\":{\"@id\":\"https:\\\/\\\/gradido.net\\\/sk\\\/episode-43\\\/#primaryimage\"},\"thumbnailUrl\":\"https:\\\/\\\/gradido.net\\\/wp-content\\\/uploads\\\/2022\\\/03\\\/podcast_www_rettenmund-1.jpg\",\"keywords\":[\"Grundeinkommen\"],\"articleSection\":[\"Podcast\"],\"inLanguage\":\"es\"},{\"@type\":\"WebPage\",\"@id\":\"https:\\\/\\\/gradido.net\\\/sk\\\/episode-43\\\/\",\"url\":\"https:\\\/\\\/gradido.net\\\/sk\\\/episode-43\\\/\",\"name\":\"Great Cooperation: Elektrokultur sichert Weltern\u00e4hrung in Bioqualit\u00e4t - Gradido\",\"isPartOf\":{\"@id\":\"https:\\\/\\\/gradido.net\\\/de\\\/#website\"},\"primaryImageOfPage\":{\"@id\":\"https:\\\/\\\/gradido.net\\\/sk\\\/episode-43\\\/#primaryimage\"},\"image\":{\"@id\":\"https:\\\/\\\/gradido.net\\\/sk\\\/episode-43\\\/#primaryimage\"},\"thumbnailUrl\":\"https:\\\/\\\/gradido.net\\\/wp-content\\\/uploads\\\/2022\\\/03\\\/podcast_www_rettenmund-1.jpg\",\"datePublished\":\"2022-04-02T07:00:01+00:00\",\"breadcrumb\":{\"@id\":\"https:\\\/\\\/gradido.net\\\/sk\\\/episode-43\\\/#breadcrumb\"},\"inLanguage\":\"es\",\"potentialAction\":[{\"@type\":\"ReadAction\",\"target\":[\"https:\\\/\\\/gradido.net\\\/sk\\\/episode-43\\\/\"]}]},{\"@type\":\"ImageObject\",\"inLanguage\":\"es\",\"@id\":\"https:\\\/\\\/gradido.net\\\/sk\\\/episode-43\\\/#primaryimage\",\"url\":\"https:\\\/\\\/gradido.net\\\/wp-content\\\/uploads\\\/2022\\\/03\\\/podcast_www_rettenmund-1.jpg\",\"contentUrl\":\"https:\\\/\\\/gradido.net\\\/wp-content\\\/uploads\\\/2022\\\/03\\\/podcast_www_rettenmund-1.jpg\",\"width\":700,\"height\":475},{\"@type\":\"BreadcrumbList\",\"@id\":\"https:\\\/\\\/gradido.net\\\/sk\\\/episode-43\\\/#breadcrumb\",\"itemListElement\":[{\"@type\":\"ListItem\",\"position\":1,\"name\":\"Startseite\",\"item\":\"https:\\\/\\\/gradido.net\\\/\"},{\"@type\":\"ListItem\",\"position\":2,\"name\":\"Great Cooperation: Elektrokultur sichert Weltern\u00e4hrung in Bioqualit\u00e4t\"}]},{\"@type\":\"WebSite\",\"@id\":\"https:\\\/\\\/gradido.net\\\/de\\\/#website\",\"url\":\"https:\\\/\\\/gradido.net\\\/de\\\/\",\"name\":\"Gradido\",\"description\":\"Die neue W\u00e4hrung hei\u00dft Dankbarkeit\",\"publisher\":{\"@id\":\"https:\\\/\\\/gradido.net\\\/de\\\/#organization\"},\"potentialAction\":[{\"@type\":\"SearchAction\",\"target\":{\"@type\":\"EntryPoint\",\"urlTemplate\":\"https:\\\/\\\/gradido.net\\\/de\\\/?s={search_term_string}\"},\"query-input\":{\"@type\":\"PropertyValueSpecification\",\"valueRequired\":true,\"valueName\":\"search_term_string\"}}],\"inLanguage\":\"es\"},{\"@type\":\"Organization\",\"@id\":\"https:\\\/\\\/gradido.net\\\/de\\\/#organization\",\"name\":\"Gradido\",\"url\":\"https:\\\/\\\/gradido.net\\\/de\\\/\",\"logo\":{\"@type\":\"ImageObject\",\"inLanguage\":\"es\",\"@id\":\"https:\\\/\\\/gradido.net\\\/de\\\/#\\\/schema\\\/logo\\\/image\\\/\",\"url\":\"https:\\\/\\\/gradido.net\\\/wp-content\\\/uploads\\\/2022\\\/04\\\/gradido-social.jpg\",\"contentUrl\":\"https:\\\/\\\/gradido.net\\\/wp-content\\\/uploads\\\/2022\\\/04\\\/gradido-social.jpg\",\"width\":527,\"height\":273,\"caption\":\"Gradido\"},\"image\":{\"@id\":\"https:\\\/\\\/gradido.net\\\/de\\\/#\\\/schema\\\/logo\\\/image\\\/\"}},{\"@type\":\"Person\",\"@id\":\"https:\\\/\\\/gradido.net\\\/de\\\/#\\\/schema\\\/person\\\/f57399104ec77f2a2d5a68f479b0492f\",\"name\":\"Philipp Kessler\",\"url\":\"https:\\\/\\\/gradido.net\\\/es\\\/author\\\/philipp\\\/\"}]}<\/script>\n<!-- \/ Yoast SEO plugin. -->","yoast_head_json":{"title":"Gran Cooperaci\u00f3n: El electrocultivo asegura la alimentaci\u00f3n mundial en calidad ecol\u00f3gica - Gradido","robots":{"index":"index","follow":"follow","max-snippet":"max-snippet:-1","max-image-preview":"max-image-preview:large","max-video-preview":"max-video-preview:-1"},"canonical":"https:\/\/gradido.net\/es\/episode-43\/","og_locale":"es_ES","og_type":"article","og_title":"Great Cooperation: Elektrokultur sichert Weltern\u00e4hrung in Bioqualit\u00e4t - Gradido","og_description":"Mit Peter Rettenmund sprechen wir \u00fcber sensationelle Anbaumethoden, die Obst und Gem\u00fcse um ein Vielfaches gr\u00f6\u00dfer ges\u00fcnder und kr\u00e4ftiger werden lassen \u2013 und dies in exzellenter biologischer Qualit\u00e4t. Der Menschheitstraum, dass sich alle Menschen weltweit gesund ern\u00e4hren k\u00f6nnen, r\u00fcckt damit in greifbare N\u00e4he. [53:02]","og_url":"https:\/\/gradido.net\/es\/episode-43\/","og_site_name":"Gradido","article_published_time":"2022-04-02T07:00:01+00:00","og_image":[{"width":700,"height":475,"url":"https:\/\/gradido.net\/wp-content\/uploads\/2022\/03\/podcast_www_rettenmund-1.jpg","type":"image\/jpeg"}],"author":"Philipp Kessler","twitter_card":"summary_large_image","twitter_misc":{"Escrito por":"Philipp Kessler","Tiempo de lectura":"2 minutos"},"schema":{"@context":"https:\/\/schema.org","@graph":[{"@type":"Article","@id":"https:\/\/gradido.net\/sk\/episode-43\/#article","isPartOf":{"@id":"https:\/\/gradido.net\/sk\/episode-43\/"},"author":{"name":"Philipp Kessler","@id":"https:\/\/gradido.net\/de\/#\/schema\/person\/f57399104ec77f2a2d5a68f479b0492f"},"headline":"Great Cooperation: Elektrokultur sichert Weltern\u00e4hrung in Bioqualit\u00e4t","datePublished":"2022-04-02T07:00:01+00:00","mainEntityOfPage":{"@id":"https:\/\/gradido.net\/sk\/episode-43\/"},"wordCount":403,"publisher":{"@id":"https:\/\/gradido.net\/de\/#organization"},"image":{"@id":"https:\/\/gradido.net\/sk\/episode-43\/#primaryimage"},"thumbnailUrl":"https:\/\/gradido.net\/wp-content\/uploads\/2022\/03\/podcast_www_rettenmund-1.jpg","keywords":["Grundeinkommen"],"articleSection":["Podcast"],"inLanguage":"es"},{"@type":"WebPage","@id":"https:\/\/gradido.net\/sk\/episode-43\/","url":"https:\/\/gradido.net\/sk\/episode-43\/","name":"Gran Cooperaci\u00f3n: El electrocultivo asegura la alimentaci\u00f3n mundial en calidad ecol\u00f3gica - Gradido","isPartOf":{"@id":"https:\/\/gradido.net\/de\/#website"},"primaryImageOfPage":{"@id":"https:\/\/gradido.net\/sk\/episode-43\/#primaryimage"},"image":{"@id":"https:\/\/gradido.net\/sk\/episode-43\/#primaryimage"},"thumbnailUrl":"https:\/\/gradido.net\/wp-content\/uploads\/2022\/03\/podcast_www_rettenmund-1.jpg","datePublished":"2022-04-02T07:00:01+00:00","breadcrumb":{"@id":"https:\/\/gradido.net\/sk\/episode-43\/#breadcrumb"},"inLanguage":"es","potentialAction":[{"@type":"ReadAction","target":["https:\/\/gradido.net\/sk\/episode-43\/"]}]},{"@type":"ImageObject","inLanguage":"es","@id":"https:\/\/gradido.net\/sk\/episode-43\/#primaryimage","url":"https:\/\/gradido.net\/wp-content\/uploads\/2022\/03\/podcast_www_rettenmund-1.jpg","contentUrl":"https:\/\/gradido.net\/wp-content\/uploads\/2022\/03\/podcast_www_rettenmund-1.jpg","width":700,"height":475},{"@type":"BreadcrumbList","@id":"https:\/\/gradido.net\/sk\/episode-43\/#breadcrumb","itemListElement":[{"@type":"ListItem","position":1,"name":"Startseite","item":"https:\/\/gradido.net\/"},{"@type":"ListItem","position":2,"name":"Great Cooperation: Elektrokultur sichert Weltern\u00e4hrung in Bioqualit\u00e4t"}]},{"@type":"WebSite","@id":"https:\/\/gradido.net\/de\/#website","url":"https:\/\/gradido.net\/de\/","name":"Gradido","description":"La nueva moneda es la gratitud","publisher":{"@id":"https:\/\/gradido.net\/de\/#organization"},"potentialAction":[{"@type":"SearchAction","target":{"@type":"EntryPoint","urlTemplate":"https:\/\/gradido.net\/de\/?s={search_term_string}"},"query-input":{"@type":"PropertyValueSpecification","valueRequired":true,"valueName":"search_term_string"}}],"inLanguage":"es"},{"@type":"Organization","@id":"https:\/\/gradido.net\/de\/#organization","name":"Gradido","url":"https:\/\/gradido.net\/de\/","logo":{"@type":"ImageObject","inLanguage":"es","@id":"https:\/\/gradido.net\/de\/#\/schema\/logo\/image\/","url":"https:\/\/gradido.net\/wp-content\/uploads\/2022\/04\/gradido-social.jpg","contentUrl":"https:\/\/gradido.net\/wp-content\/uploads\/2022\/04\/gradido-social.jpg","width":527,"height":273,"caption":"Gradido"},"image":{"@id":"https:\/\/gradido.net\/de\/#\/schema\/logo\/image\/"}},{"@type":"Person","@id":"https:\/\/gradido.net\/de\/#\/schema\/person\/f57399104ec77f2a2d5a68f479b0492f","name":"Philipp Kessler","url":"https:\/\/gradido.net\/es\/author\/philipp\/"}]}},"_links":{"self":[{"href":"https:\/\/gradido.net\/es\/wp-json\/wp\/v2\/posts\/4132","targetHints":{"allow":["GET"]}}],"collection":[{"href":"https:\/\/gradido.net\/es\/wp-json\/wp\/v2\/posts"}],"about":[{"href":"https:\/\/gradido.net\/es\/wp-json\/wp\/v2\/types\/post"}],"author":[{"embeddable":true,"href":"https:\/\/gradido.net\/es\/wp-json\/wp\/v2\/users\/12"}],"replies":[{"embeddable":true,"href":"https:\/\/gradido.net\/es\/wp-json\/wp\/v2\/comments?post=4132"}],"version-history":[{"count":14,"href":"https:\/\/gradido.net\/es\/wp-json\/wp\/v2\/posts\/4132\/revisions"}],"predecessor-version":[{"id":4155,"href":"https:\/\/gradido.net\/es\/wp-json\/wp\/v2\/posts\/4132\/revisions\/4155"}],"wp:featuredmedia":[{"embeddable":true,"href":"https:\/\/gradido.net\/es\/wp-json\/wp\/v2\/media\/4075"}],"wp:attachment":[{"href":"https:\/\/gradido.net\/es\/wp-json\/wp\/v2\/media?parent=4132"}],"wp:term":[{"taxonomy":"category","embeddable":true,"href":"https:\/\/gradido.net\/es\/wp-json\/wp\/v2\/categories?post=4132"},{"taxonomy":"post_tag","embeddable":true,"href":"https:\/\/gradido.net\/es\/wp-json\/wp\/v2\/tags?post=4132"}],"curies":[{"name":"wp","href":"https:\/\/api.w.org\/{rel}","templated":true}]}}