{"id":6017,"date":"2023-01-01T00:17:31","date_gmt":"2022-12-31T23:17:31","guid":{"rendered":"https:\/\/gradido.net\/?p=6017"},"modified":"2026-04-24T08:09:27","modified_gmt":"2026-04-24T06:09:27","slug":"gradido-konto-2023-neues-design-und-dezentrale-communities","status":"publish","type":"post","link":"https:\/\/gradido.net\/es\/gradido-konto-2023-neues-design-und-dezentrale-communities\/","title":{"rendered":"Cuenta Gradido 2023: nuevo dise\u00f1o y comunidades descentralizadas"},"content":{"rendered":"<div data-elementor-type=\"wp-post\" data-elementor-id=\"6017\" class=\"elementor elementor-6017\" data-elementor-post-type=\"post\">\n\t\t\t\t\t\t<section class=\"elementor-section elementor-top-section elementor-element elementor-element-496e1d53 elementor-section-boxed elementor-section-height-default elementor-section-height-default\" data-id=\"496e1d53\" data-element_type=\"section\" data-e-type=\"section\">\n\t\t\t\t\t\t<div class=\"elementor-container elementor-column-gap-default\">\n\t\t\t\t\t<div class=\"elementor-column elementor-col-100 elementor-top-column elementor-element elementor-element-461d7be0\" data-id=\"461d7be0\" data-element_type=\"column\" data-e-type=\"column\">\n\t\t\t<div class=\"elementor-widget-wrap elementor-element-populated\">\n\t\t\t\t\t\t<div class=\"elementor-element elementor-element-cd9ebe2 elementor-widget elementor-widget-text-editor\" data-id=\"cd9ebe2\" data-element_type=\"widget\" data-e-type=\"widget\" data-widget_type=\"text-editor.default\">\n\t\t\t\t<div class=\"elementor-widget-container\">\n\t\t\t\t\t\t\t\t\t<p style=\"text-align: right;\"><em>\"Nos maravillamos ante la belleza de una mariposa, pero pocas veces reconocemos los cambios que ha tenido que sufrir para llegar a ser tan bella\".<\/em><br \/><em>\u00a0<\/em><br \/><em>- Maya Angelou <br \/>Escritor, profesor y activista de derechos humanos estadounidense <br \/>1928-2014<\/em><\/p><p style=\"text-align: left;\">Estimado lector,<\/p><p>Antes de entrar en el importante tema de hoy, perm\u00edtannos plantear la siguiente pregunta:<\/p><h4>\"\u00bfEres una c\u00e9lula Imago?<\/h4><p>Imago - \u00bfQu\u00e9?<br \/>Ahora, cuando el tiempo de la oruga llega a su fin, se forman -al principio espor\u00e1dicamente- nuevos tipos de c\u00e9lulas que ya llevan la imagen de la colorida mariposa llena de vida. Se denominan \"c\u00e9lulas imago\". Al principio, son combatidas ferozmente por las c\u00e9lulas viejas de la oruga. Pero a medida que pasa el tiempo, las c\u00e9lulas Imago se vuelven m\u00e1s y m\u00e1s. Se reconocen y conectan. Crean estructuras paralelas y se acomodan al m\u00e1ximo dentro de una oruga. Cada c\u00e9lula Imago aporta sus propias capacidades especiales a la comunidad. Poco a poco, las nuevas comunidades celulares se hacen m\u00e1s grandes y m\u00e1s numerosas. Como las setas, surgen por todas partes y se entrelazan en un gran todo hasta que la vieja oruga deja de existir. Entonces, de repente, una hermosa mariposa sale de la cris\u00e1lida y se eleva en el aire con facilidad y alegr\u00eda.<\/p>\t\t\t\t\t\t\t\t<\/div>\n\t\t\t\t<\/div>\n\t\t\t\t<div class=\"elementor-element elementor-element-f16312a elementor-widget elementor-widget-image\" data-id=\"f16312a\" data-element_type=\"widget\" data-e-type=\"widget\" data-widget_type=\"image.default\">\n\t\t\t\t<div class=\"elementor-widget-container\">\n\t\t\t\t\t\t\t\t\t\t\t\t\t\t\t<img fetchpriority=\"high\" decoding=\"async\" width=\"1200\" height=\"288\" src=\"https:\/\/gradido.net\/wp-content\/uploads\/2022\/12\/Raupe-Schmetterling.jpg\" class=\"attachment-full size-full wp-image-6023\" alt=\"Metamorfosis de oruga a mariposa\" srcset=\"https:\/\/gradido.net\/wp-content\/uploads\/2022\/12\/Raupe-Schmetterling.jpg 1200w, https:\/\/gradido.net\/wp-content\/uploads\/2022\/12\/Raupe-Schmetterling-300x72.jpg 300w, https:\/\/gradido.net\/wp-content\/uploads\/2022\/12\/Raupe-Schmetterling-1024x246.jpg 1024w, https:\/\/gradido.net\/wp-content\/uploads\/2022\/12\/Raupe-Schmetterling-768x184.jpg 768w, https:\/\/gradido.net\/wp-content\/uploads\/2022\/12\/Raupe-Schmetterling-18x4.jpg 18w\" sizes=\"(max-width: 1200px) 100vw, 1200px\" \/>\t\t\t\t\t\t\t\t\t\t\t\t\t\t\t<\/div>\n\t\t\t\t<\/div>\n\t\t\t\t<div class=\"elementor-element elementor-element-17272f9 elementor-widget elementor-widget-text-editor\" data-id=\"17272f9\" data-element_type=\"widget\" data-e-type=\"widget\" data-widget_type=\"text-editor.default\">\n\t\t\t\t<div class=\"elementor-widget-container\">\n\t\t\t\t\t\t\t\t\t<p>\u00bfT\u00fa tambi\u00e9n eres una c\u00e9lula Imago? \u00bfS\u00ed? Entonces te dar\u00e1s cuenta de que cada vez conoces a m\u00e1s personas que -cada una a su manera- contribuyen a la metamorfosis del viejo sistema de oruga en una nueva \u00e9poca de mariposa de la familia humana.<\/p><p><strong>El nuevo tiempo se caracterizar\u00e1 por el aprecio, la gratitud y la uni\u00f3n amorosa, y esto entre personas muy diferentes.<\/strong><\/p><p>Pero a\u00fan quedan muchos pasos por dar hasta entonces. Porque mientras todo es cada vez m\u00e1s caro y m\u00e1s incierto, miles de millones de d\u00f3lares se queman en el extranjero, el viejo sistema deuda-dinero se derrumba con un estruendo cada vez m\u00e1s fuerte y los sospechosos de siempre est\u00e1n <a href=\"https:\/\/www.centerforhealthsecurity.org\/our-work\/exercises\/2022-catastrophic-contagion\/\" target=\"_blank\" rel=\"noopener\">la pr\u00f3xima pandemia catastr\u00f3fica<\/a> ensayos -esta vez centrados en nuestros hijos(!)- surge la angustiosa pregunta:<\/p><p><strong>En el D\u00eda X, cuando Gradido sea necesario en todo el mundo, \u00bfestaremos dispuestos juntos a instaurar un sistema monetario y econ\u00f3mico justo y pac\u00edfico en la Tierra, por el bien de nosotros mismos, de nuestros hijos y de todos los hijos de la Tierra?<\/strong>\u00a0<\/p><p>A menudo son las personas m\u00e1s calladas las que, en silencio, con diligencia y con el coraz\u00f3n y el alma, crean los cimientos de los grandes avances. Nuestra <a href=\"https:\/\/gradido.net\/es\/team\/\">Desarrollador<\/a> han realizado un gran trabajo preparatorio en los \u00faltimos meses, que dar\u00e1 sus frutos en 2023. Por un lado, eligen las tecnolog\u00edas m\u00e1s seguras para el desarrollo y, por otro, hacen todo lo posible para que el funcionamiento sea lo m\u00e1s sencillo e intuitivo posible para nosotros, los usuarios. \u00bfQuiz\u00e1 usted tambi\u00e9n ha notado ya que cada vez le resulta m\u00e1s f\u00e1cil desplazarse y apenas necesita ya ayuda?<\/p><p><strong>Los Imago somos muchos y seguimos creciendo. No todos estamos comprometidos con la transformaci\u00f3n pac\u00edfica del sistema financiero, y a\u00fan son pocos los que comprenden que \u00e9ste es el punto arquim\u00e9dico en el que debemos tirar de la palanca para lograr el cambio: la liberaci\u00f3n de la familia humana.<\/strong><\/p>\t\t\t\t\t\t\t\t<\/div>\n\t\t\t\t<\/div>\n\t\t\t\t<div class=\"elementor-element elementor-element-483438c elementor-widget elementor-widget-image\" data-id=\"483438c\" data-element_type=\"widget\" data-e-type=\"widget\" data-widget_type=\"image.default\">\n\t\t\t\t<div class=\"elementor-widget-container\">\n\t\t\t\t\t\t\t\t\t\t\t\t\t\t\t<img decoding=\"async\" width=\"1300\" height=\"600\" src=\"https:\/\/gradido.net\/wp-content\/uploads\/2022\/12\/Hebel_Archimedes.jpg\" class=\"attachment-full size-full wp-image-6033\" alt=\"\" srcset=\"https:\/\/gradido.net\/wp-content\/uploads\/2022\/12\/Hebel_Archimedes.jpg 1300w, https:\/\/gradido.net\/wp-content\/uploads\/2022\/12\/Hebel_Archimedes-300x138.jpg 300w, https:\/\/gradido.net\/wp-content\/uploads\/2022\/12\/Hebel_Archimedes-1024x473.jpg 1024w, https:\/\/gradido.net\/wp-content\/uploads\/2022\/12\/Hebel_Archimedes-768x354.jpg 768w, https:\/\/gradido.net\/wp-content\/uploads\/2022\/12\/Hebel_Archimedes-18x8.jpg 18w\" sizes=\"(max-width: 1300px) 100vw, 1300px\" \/>\t\t\t\t\t\t\t\t\t\t\t\t\t\t\t<\/div>\n\t\t\t\t<\/div>\n\t\t\t\t<div class=\"elementor-element elementor-element-b136aa9 elementor-widget elementor-widget-text-editor\" data-id=\"b136aa9\" data-element_type=\"widget\" data-e-type=\"widget\" data-widget_type=\"text-editor.default\">\n\t\t\t\t<div class=\"elementor-widget-container\">\n\t\t\t\t\t\t\t\t\t<p>Porque quien tiene el poder sobre el dinero, tiene el poder. O dicho de otro modo:<\/p><p style=\"text-align: right;\"><strong><em>\"\u00a1Dame el control de la moneda de una naci\u00f3n y no me importa qui\u00e9n haga las leyes!\".<\/em><\/strong><\/p><p style=\"text-align: right;\"><em>- Mayer Amschel Rothschild<\/em><br \/><em>(1744 - 1812), noble y banquero alem\u00e1n<\/em><\/p><p>Con Gradido, nosotros, como familia humana, tenemos en nuestras manos las herramientas para recuperar el control sobre el dinero y crear prosperidad y paz para todos, en armon\u00eda con la naturaleza. Esto comienza con la creaci\u00f3n de dinero por cada individuo en comunidades descentralizadas en red, pasando por la libertad a trav\u00e9s de la Renta B\u00e1sica Activa autocreada, hasta las estructuras sociocr\u00e1ticas de toma de decisiones sobre el uso del presupuesto p\u00fablico y el Fondo de Igualaci\u00f3n y Medio Ambiente.<\/p><p>Para que Gradido se extienda con facilidad, debe ser divertido. As\u00ed tambi\u00e9n resulta atractivo para los j\u00f3venes. Puede convertirse en una herramienta l\u00fadica f\u00e1cil de usar para el desarrollo del potencial, la confianza en uno mismo y la creatividad.<\/p><p><strong>A cambio, la cuenta Gradido obtiene un moderno y atractivo dise\u00f1o redondo y ligero, concebido de forma tan universal que mantiene abiertas las numerosas funciones futuras que a\u00fan est\u00e1n por llegar.<\/strong><\/p><p>En principio, iba a ser un regalo de Navidad para la comunidad de Gradido. Ahora podemos esperar hasta mediados de enero y disfrutar de la expectaci\u00f3n hasta entonces. \ud83d\ude0a<\/p><h3>Veamos lo que han conseguido nuestros programadores en el \u00faltimo a\u00f1o<\/h3><p>Las siguientes funciones se desarrollaron en 2022:<\/p><ol><li>Nueva p\u00e1gina de inicio con dise\u00f1o adaptable (apta para ordenador y m\u00f3vil)<\/li><li>Multiling\u00fcismo<\/li><li>Cinco lenguas integradas, dos m\u00e1s en preparaci\u00f3n<\/li><li>Enlace Gradido y c\u00f3digo QR: basta con enviar a cualquier Gradido<\/li><li>Enlaces autom\u00e1ticos y c\u00f3digos QR para iniciar cr\u00e9ditos, etc.<\/li><li>Ingresar directamente en la cuenta las contribuciones al bien com\u00fan<\/li><li>Entablar un di\u00e1logo con los usuarios a trav\u00e9s de consultas sobre las contribuciones al bien com\u00fan<\/li><li>Notificaciones por correo electr\u00f3nico al comentar y confirmar entradas de bien com\u00fan<\/li><li>Muchas m\u00e1s mejoras<\/li><li>Preparaci\u00f3n de los servidores comunitarios descentralizados<\/li><li>Preparaci\u00f3n del nuevo dise\u00f1o<\/li><li>Pruebas autom\u00e1ticas<\/li><li>LogFiles, es decir, registro de la mayor\u00eda de las acciones para poder rastrear r\u00e1pidamente cualquier error.<\/li><\/ol><p><span style=\"color: #ffffff;\">.<\/span><\/p><p>Los dos \u00faltimos puntos suponen una enorme labor de la que probablemente te hayas beneficiado enormemente sin darte cuenta.<\/p><p><strong>O te has dado cuenta,<\/strong><\/p><ul><li>que el software siguiera funcionando de forma fiable a pesar de las numerosas actualizaciones,<\/li><li>que no se produjeran ataques de hackers,<\/li><li>que la cuenta Gradido estaba pr\u00e1cticamente siempre en l\u00ednea,<\/li><li>que podr\u00eda enviar y recibir Gradido a trav\u00e9s de enlaces (con texto adjunto) y c\u00f3digos QR sin problemas?<\/li><\/ul><p><span style=\"color: #ffffff;\">.<\/span><\/p><p>Para garantizar este alto nivel de seguridad, tambi\u00e9n escribimos pruebas autom\u00e1ticas para pr\u00e1cticamente todas las funciones al mismo tiempo. La cobertura actual de las pruebas es de unos 95% en la mayor\u00eda de las zonas. Cada cambio debe pasar primero por todas las pruebas, de lo contrario no llegar\u00e1 al software.<\/p><h2>Se lo agradecemos de todo coraz\u00f3n<\/h2><p>Todo esto se lo debemos a nuestra maravillosa comunidad, vosotros, queridos Imago, que hab\u00e9is garantizado que nuestros programadores puedan realizar su valioso trabajo gracias a vuestras generosas contribuciones y afiliaciones. Sentimos que sus corazones est\u00e1n en ello. Nos das la certeza de que juntos vamos por el buen camino.<\/p><p>Le agradecemos de todo coraz\u00f3n sus aportaciones de apoyo en m\u00faltiplos de GradidoTransform. Como probablemente ya sepas, abonamos en tu cuenta Gradido al menos 15 GDT por cada euro. A partir de 1.000 euros se multiplica por 16 y a partir de 10.000 euros incluso por 18. GradidoTransform (GDT) son puntos de agradecimiento por el tiempo de transformaci\u00f3n. A diferencia del Gradido, no est\u00e1n sujetos a la transitoriedad. Sirven para la transformaci\u00f3n y m\u00e1s tarde pueden convertirse 1:1 en Gradido, un maravilloso \"capital inicial\" para el nuevo tiempo.<\/p><h3>Acci\u00f3n \"23 de marzo agradecido\" - M\u00e1s 23% GDT el 23.03.23<\/h3><p>El 23 de marzo de 2023, incrementaremos todos los saldos de las cuentas GDT en 23 % adicionales. Participar\u00e1n en la promoci\u00f3n todas las contribuciones de fondos recibidas antes de la medianoche de ese d\u00eda.<\/p><p>Con este concepto de financiaci\u00f3n, queremos agradecer especialmente a las maravillosas personas que ya est\u00e1n apoyando a Gradido en la fase actual del proyecto y est\u00e1n depositando as\u00ed su confianza en \u00e9l.<\/p>\t\t\t\t\t\t\t\t<\/div>\n\t\t\t\t<\/div>\n\t\t\t\t<div class=\"elementor-element elementor-element-4408cdf elementor-align-center elementor-widget elementor-widget-button\" data-id=\"4408cdf\" data-element_type=\"widget\" data-e-type=\"widget\" data-widget_type=\"button.default\">\n\t\t\t\t<div class=\"elementor-widget-container\">\n\t\t\t\t\t\t\t\t\t<div class=\"elementor-button-wrapper\">\n\t\t\t\t\t<a class=\"elementor-button elementor-button-link elementor-size-sm\" href=\"\/es\/donations\/\">\n\t\t\t\t\t\t<span class=\"elementor-button-content-wrapper\">\n\t\t\t\t\t\t\t\t\t<span class=\"elementor-button-text\">\u00a1Promociona ahora y consigue GDT muchas veces!<\/span>\n\t\t\t\t\t<\/span>\n\t\t\t\t\t<\/a>\n\t\t\t\t<\/div>\n\t\t\t\t\t\t\t\t<\/div>\n\t\t\t\t<\/div>\n\t\t\t\t<div class=\"elementor-element elementor-element-d74dfa0 elementor-widget elementor-widget-text-editor\" data-id=\"d74dfa0\" data-element_type=\"widget\" data-e-type=\"widget\" data-widget_type=\"text-editor.default\">\n\t\t\t\t<div class=\"elementor-widget-container\">\n\t\t\t\t\t\t\t\t\t<p><strong>Hay muchos indicios de que 2023 ser\u00e1 un a\u00f1o fat\u00eddico. Ahora es importante que nos mantengamos unidos y pongamos en marcha todo lo humanamente posible para crear un futuro digno de ser vivido para nosotros y nuestros hijos.<\/strong><\/p><h2>\u00bfQu\u00e9 les dir\u00e1s?<\/h2><p>Cuando los j\u00f3venes te pregunten m\u00e1s tarde: \"\u00bfT\u00fa tambi\u00e9n eras una c\u00e9lula Imago entonces? \u00bfContribuy\u00f3 a la transformaci\u00f3n pac\u00edfica con los recursos de que dispon\u00eda? \u00bfO prefieres esperar a que los dem\u00e1s terminen su trabajo?\". - \u00bfQu\u00e9 les dir\u00e1s?<\/p><p>Deseamos que puedas mirarles a los ojos con alegr\u00eda y decirles: \"S\u00ed, entonces era una c\u00e9lula Imago. A menudo no ha sido f\u00e1cil, pero estoy orgulloso de haber contribuido a hacer de nuestra hermosa Tierra el para\u00edso que probablemente una vez estuvo destinado a ser. Y estoy infinitamente agradecido de que ahora podamos vivir una vida digna de ser vivida juntos como una familia humana - en prosperidad, paz y armon\u00eda con la naturaleza\".<\/p><p>\u00a1Mil gracias por estar con nosotros y co-crear el futuro que vale la pena vivir!<\/p><p>Dese\u00e1ndole a usted y a sus seres queridos un maravilloso 2023<\/p><p>Suyo<\/p><p><img decoding=\"async\" class=\"alignnone wp-image-4614 size-medium\" src=\"https:\/\/gradido.net\/wp-content\/uploads\/2022\/06\/MargretBernd_2022-300x74.png\" alt=\"\" width=\"300\" height=\"74\" srcset=\"https:\/\/gradido.net\/wp-content\/uploads\/2022\/06\/MargretBernd_2022-300x74.png 300w, https:\/\/gradido.net\/wp-content\/uploads\/2022\/06\/MargretBernd_2022-18x4.png 18w, https:\/\/gradido.net\/wp-content\/uploads\/2022\/06\/MargretBernd_2022.png 431w\" sizes=\"(max-width: 300px) 100vw, 300px\" \/><\/p><p>Margret Baier y Bernd H\u00fcckst\u00e4dt<br \/>Fundador y desarrollador de Gradido<\/p>\t\t\t\t\t\t\t\t<\/div>\n\t\t\t\t<\/div>\n\t\t\t\t\t<\/div>\n\t\t<\/div>\n\t\t\t\t\t<\/div>\n\t\t<\/section>\n\t\t\t\t<section class=\"elementor-section elementor-top-section elementor-element elementor-element-b5881ca elementor-section-boxed elementor-section-height-default elementor-section-height-default\" data-id=\"b5881ca\" data-element_type=\"section\" data-e-type=\"section\">\n\t\t\t\t\t\t<div class=\"elementor-container elementor-column-gap-default\">\n\t\t\t\t\t<div class=\"elementor-column elementor-col-100 elementor-top-column elementor-element elementor-element-838f41e\" data-id=\"838f41e\" data-element_type=\"column\" data-e-type=\"column\">\n\t\t\t<div class=\"elementor-widget-wrap elementor-element-populated\">\n\t\t\t\t\t\t<div class=\"elementor-element elementor-element-1b0e402 elementor-widget elementor-widget-global elementor-global-9341 elementor-widget-text-editor\" data-id=\"1b0e402\" data-element_type=\"widget\" data-e-type=\"widget\" data-widget_type=\"text-editor.default\">\n\t\t\t\t<div class=\"elementor-widget-container\">\n\t\t\t\t\t\t\t\t\t<p><strong>PS:\u00a0<span style=\"color: #ff6600;\"><a style=\"color: #ff6600;\" href=\"https:\/\/gradido.net\/es\/donations\/\">Debido a la creciente importancia de Gradido, repetimos nuestra campa\u00f1a de agradecimiento el 26 de junio de 2026:<\/a>\u00a0<\/span><span style=\"color: #0000ff;\"><a style=\"color: #0000ff;\" href=\"https:\/\/gradido.net\/es\/donations\/\">Adem\u00e1s del m\u00faltiple GradidoTransform por tu aportaci\u00f3n de apadrinamiento, aumentaremos todos los saldos de las cuentas GDT en 26% el 26\/06\/2016. \u00a1Apadrina ahora y disfruta de la cantidad m\u00faltiple de GDT!<\/a><\/span><\/strong><\/p>\t\t\t\t\t\t\t\t<\/div>\n\t\t\t\t<\/div>\n\t\t\t\t\t<\/div>\n\t\t<\/div>\n\t\t\t\t\t<\/div>\n\t\t<\/section>\n\t\t\t\t<\/div>","protected":false},"excerpt":{"rendered":"<p>A menudo son las personas m\u00e1s calladas las que, en silencio, con diligencia y con el coraz\u00f3n y el alma, sientan las bases de los acontecimientos hist\u00f3ricos. Nuestros programadores han realizado un gran trabajo de base en el \u00faltimo a\u00f1o que dar\u00e1 sus frutos en 2023.<\/p>","protected":false},"author":2,"featured_media":6018,"comment_status":"closed","ping_status":"closed","sticky":false,"template":"","format":"standard","meta":{"footnotes":""},"categories":[11,55],"tags":[],"class_list":["post-6017","post","type-post","status-publish","format-standard","has-post-thumbnail","hentry","category-blog","category-gradido-konto"],"yoast_head":"<!-- This site is optimized with the Yoast SEO plugin v27.5 - https:\/\/yoast.com\/product\/yoast-seo-wordpress\/ -->\n<title>Gradido-Konto 2023: neues Design und dezentrale Communities - Gradido<\/title>\n<meta name=\"description\" content=\"Oft sind es die leiseren Menschen, die still, flei\u00dfig und mit Herzblut die Grundlagen f\u00fcr historische Entwicklungen schaffen. Unsere Programmierer haben im vergangenen Jahr gro\u00dfartige Vorarbeiten gemacht, die 2023 zum Tragen kommen werden.\" \/>\n<meta name=\"robots\" content=\"index, follow, max-snippet:-1, max-image-preview:large, max-video-preview:-1\" \/>\n<link rel=\"canonical\" href=\"https:\/\/gradido.net\/es\/gradido-konto-2023-neues-design-und-dezentrale-communities\/\" \/>\n<meta property=\"og:locale\" content=\"es_ES\" \/>\n<meta property=\"og:type\" content=\"article\" \/>\n<meta property=\"og:title\" content=\"Gradido-Konto 2023: neues Design und dezentrale Communities - Gradido\" \/>\n<meta property=\"og:description\" content=\"Oft sind es die leiseren Menschen, die still, flei\u00dfig und mit Herzblut die Grundlagen f\u00fcr historische Entwicklungen schaffen. Unsere Programmierer haben im vergangenen Jahr gro\u00dfartige Vorarbeiten gemacht, die 2023 zum Tragen kommen werden.\" \/>\n<meta property=\"og:url\" content=\"https:\/\/gradido.net\/es\/gradido-konto-2023-neues-design-und-dezentrale-communities\/\" \/>\n<meta property=\"og:site_name\" content=\"Gradido\" \/>\n<meta property=\"article:published_time\" content=\"2022-12-31T23:17:31+00:00\" \/>\n<meta property=\"article:modified_time\" content=\"2026-04-24T06:09:27+00:00\" \/>\n<meta property=\"og:image\" content=\"https:\/\/gradido.net\/wp-content\/uploads\/2022\/12\/Test_fertig_1920.jpg\" \/>\n\t<meta property=\"og:image:width\" content=\"1920\" \/>\n\t<meta property=\"og:image:height\" content=\"1067\" \/>\n\t<meta property=\"og:image:type\" content=\"image\/jpeg\" \/>\n<meta name=\"author\" content=\"Bernd H\u00fcckst\u00e4dt\" \/>\n<meta name=\"twitter:card\" content=\"summary_large_image\" \/>\n<meta name=\"twitter:label1\" content=\"Escrito por\" \/>\n\t<meta name=\"twitter:data1\" content=\"Bernd H\u00fcckst\u00e4dt\" \/>\n\t<meta name=\"twitter:label2\" content=\"Tiempo de lectura\" \/>\n\t<meta name=\"twitter:data2\" content=\"9 minutos\" \/>\n<script type=\"application\/ld+json\" class=\"yoast-schema-graph\">{\"@context\":\"https:\\\/\\\/schema.org\",\"@graph\":[{\"@type\":\"Article\",\"@id\":\"https:\\\/\\\/gradido.net\\\/gradido-konto-2023-neues-design-und-dezentrale-communities\\\/#article\",\"isPartOf\":{\"@id\":\"https:\\\/\\\/gradido.net\\\/gradido-konto-2023-neues-design-und-dezentrale-communities\\\/\"},\"author\":{\"name\":\"Bernd H\u00fcckst\u00e4dt\",\"@id\":\"https:\\\/\\\/gradido.net\\\/de\\\/#\\\/schema\\\/person\\\/9c503a004ad15a1ddecadce2218db5d1\"},\"headline\":\"Gradido-Konto 2023: neues Design und dezentrale Communities\",\"datePublished\":\"2022-12-31T23:17:31+00:00\",\"dateModified\":\"2026-04-24T06:09:27+00:00\",\"mainEntityOfPage\":{\"@id\":\"https:\\\/\\\/gradido.net\\\/gradido-konto-2023-neues-design-und-dezentrale-communities\\\/\"},\"wordCount\":1390,\"publisher\":{\"@id\":\"https:\\\/\\\/gradido.net\\\/de\\\/#organization\"},\"image\":{\"@id\":\"https:\\\/\\\/gradido.net\\\/gradido-konto-2023-neues-design-und-dezentrale-communities\\\/#primaryimage\"},\"thumbnailUrl\":\"https:\\\/\\\/gradido.net\\\/wp-content\\\/uploads\\\/2022\\\/12\\\/Test_fertig_1920.jpg\",\"articleSection\":[\"Blog\",\"Gradido-Konto\"],\"inLanguage\":\"es\"},{\"@type\":\"WebPage\",\"@id\":\"https:\\\/\\\/gradido.net\\\/gradido-konto-2023-neues-design-und-dezentrale-communities\\\/\",\"url\":\"https:\\\/\\\/gradido.net\\\/gradido-konto-2023-neues-design-und-dezentrale-communities\\\/\",\"name\":\"Gradido-Konto 2023: neues Design und dezentrale Communities - Gradido\",\"isPartOf\":{\"@id\":\"https:\\\/\\\/gradido.net\\\/de\\\/#website\"},\"primaryImageOfPage\":{\"@id\":\"https:\\\/\\\/gradido.net\\\/gradido-konto-2023-neues-design-und-dezentrale-communities\\\/#primaryimage\"},\"image\":{\"@id\":\"https:\\\/\\\/gradido.net\\\/gradido-konto-2023-neues-design-und-dezentrale-communities\\\/#primaryimage\"},\"thumbnailUrl\":\"https:\\\/\\\/gradido.net\\\/wp-content\\\/uploads\\\/2022\\\/12\\\/Test_fertig_1920.jpg\",\"datePublished\":\"2022-12-31T23:17:31+00:00\",\"dateModified\":\"2026-04-24T06:09:27+00:00\",\"description\":\"Oft sind es die leiseren Menschen, die still, flei\u00dfig und mit Herzblut die Grundlagen f\u00fcr historische Entwicklungen schaffen. Unsere Programmierer haben im vergangenen Jahr gro\u00dfartige Vorarbeiten gemacht, die 2023 zum Tragen kommen werden.\",\"breadcrumb\":{\"@id\":\"https:\\\/\\\/gradido.net\\\/gradido-konto-2023-neues-design-und-dezentrale-communities\\\/#breadcrumb\"},\"inLanguage\":\"es\",\"potentialAction\":[{\"@type\":\"ReadAction\",\"target\":[\"https:\\\/\\\/gradido.net\\\/gradido-konto-2023-neues-design-und-dezentrale-communities\\\/\"]}]},{\"@type\":\"ImageObject\",\"inLanguage\":\"es\",\"@id\":\"https:\\\/\\\/gradido.net\\\/gradido-konto-2023-neues-design-und-dezentrale-communities\\\/#primaryimage\",\"url\":\"https:\\\/\\\/gradido.net\\\/wp-content\\\/uploads\\\/2022\\\/12\\\/Test_fertig_1920.jpg\",\"contentUrl\":\"https:\\\/\\\/gradido.net\\\/wp-content\\\/uploads\\\/2022\\\/12\\\/Test_fertig_1920.jpg\",\"width\":1920,\"height\":1067},{\"@type\":\"BreadcrumbList\",\"@id\":\"https:\\\/\\\/gradido.net\\\/gradido-konto-2023-neues-design-und-dezentrale-communities\\\/#breadcrumb\",\"itemListElement\":[{\"@type\":\"ListItem\",\"position\":1,\"name\":\"Startseite\",\"item\":\"https:\\\/\\\/gradido.net\\\/\"},{\"@type\":\"ListItem\",\"position\":2,\"name\":\"Gradido-Konto 2023: neues Design und dezentrale Communities\"}]},{\"@type\":\"WebSite\",\"@id\":\"https:\\\/\\\/gradido.net\\\/de\\\/#website\",\"url\":\"https:\\\/\\\/gradido.net\\\/de\\\/\",\"name\":\"Gradido\",\"description\":\"Die neue W\u00e4hrung hei\u00dft Dankbarkeit\",\"publisher\":{\"@id\":\"https:\\\/\\\/gradido.net\\\/de\\\/#organization\"},\"potentialAction\":[{\"@type\":\"SearchAction\",\"target\":{\"@type\":\"EntryPoint\",\"urlTemplate\":\"https:\\\/\\\/gradido.net\\\/de\\\/?s={search_term_string}\"},\"query-input\":{\"@type\":\"PropertyValueSpecification\",\"valueRequired\":true,\"valueName\":\"search_term_string\"}}],\"inLanguage\":\"es\"},{\"@type\":\"Organization\",\"@id\":\"https:\\\/\\\/gradido.net\\\/de\\\/#organization\",\"name\":\"Gradido\",\"url\":\"https:\\\/\\\/gradido.net\\\/de\\\/\",\"logo\":{\"@type\":\"ImageObject\",\"inLanguage\":\"es\",\"@id\":\"https:\\\/\\\/gradido.net\\\/de\\\/#\\\/schema\\\/logo\\\/image\\\/\",\"url\":\"https:\\\/\\\/gradido.net\\\/wp-content\\\/uploads\\\/2022\\\/04\\\/gradido-social.jpg\",\"contentUrl\":\"https:\\\/\\\/gradido.net\\\/wp-content\\\/uploads\\\/2022\\\/04\\\/gradido-social.jpg\",\"width\":527,\"height\":273,\"caption\":\"Gradido\"},\"image\":{\"@id\":\"https:\\\/\\\/gradido.net\\\/de\\\/#\\\/schema\\\/logo\\\/image\\\/\"}},{\"@type\":\"Person\",\"@id\":\"https:\\\/\\\/gradido.net\\\/de\\\/#\\\/schema\\\/person\\\/9c503a004ad15a1ddecadce2218db5d1\",\"name\":\"Bernd H\u00fcckst\u00e4dt\",\"sameAs\":[\"https:\\\/\\\/gradido.net\"],\"url\":\"https:\\\/\\\/gradido.net\\\/es\\\/author\\\/bernd\\\/\"}]}<\/script>\n<!-- \/ Yoast SEO plugin. -->","yoast_head_json":{"title":"Cuenta Gradido 2023: nuevo dise\u00f1o y comunidades descentralizadas - Gradido","description":"A menudo son las personas m\u00e1s calladas las que, en silencio, con diligencia y con el coraz\u00f3n y el alma, sientan las bases de los acontecimientos hist\u00f3ricos. Nuestros programadores han realizado un gran trabajo de base en el \u00faltimo a\u00f1o que dar\u00e1 sus frutos en 2023.","robots":{"index":"index","follow":"follow","max-snippet":"max-snippet:-1","max-image-preview":"max-image-preview:large","max-video-preview":"max-video-preview:-1"},"canonical":"https:\/\/gradido.net\/es\/gradido-konto-2023-neues-design-und-dezentrale-communities\/","og_locale":"es_ES","og_type":"article","og_title":"Gradido-Konto 2023: neues Design und dezentrale Communities - Gradido","og_description":"Oft sind es die leiseren Menschen, die still, flei\u00dfig und mit Herzblut die Grundlagen f\u00fcr historische Entwicklungen schaffen. Unsere Programmierer haben im vergangenen Jahr gro\u00dfartige Vorarbeiten gemacht, die 2023 zum Tragen kommen werden.","og_url":"https:\/\/gradido.net\/es\/gradido-konto-2023-neues-design-und-dezentrale-communities\/","og_site_name":"Gradido","article_published_time":"2022-12-31T23:17:31+00:00","article_modified_time":"2026-04-24T06:09:27+00:00","og_image":[{"width":1920,"height":1067,"url":"https:\/\/gradido.net\/wp-content\/uploads\/2022\/12\/Test_fertig_1920.jpg","type":"image\/jpeg"}],"author":"Bernd H\u00fcckst\u00e4dt","twitter_card":"summary_large_image","twitter_misc":{"Escrito por":"Bernd H\u00fcckst\u00e4dt","Tiempo de lectura":"9 minutos"},"schema":{"@context":"https:\/\/schema.org","@graph":[{"@type":"Article","@id":"https:\/\/gradido.net\/gradido-konto-2023-neues-design-und-dezentrale-communities\/#article","isPartOf":{"@id":"https:\/\/gradido.net\/gradido-konto-2023-neues-design-und-dezentrale-communities\/"},"author":{"name":"Bernd H\u00fcckst\u00e4dt","@id":"https:\/\/gradido.net\/de\/#\/schema\/person\/9c503a004ad15a1ddecadce2218db5d1"},"headline":"Gradido-Konto 2023: neues Design und dezentrale Communities","datePublished":"2022-12-31T23:17:31+00:00","dateModified":"2026-04-24T06:09:27+00:00","mainEntityOfPage":{"@id":"https:\/\/gradido.net\/gradido-konto-2023-neues-design-und-dezentrale-communities\/"},"wordCount":1390,"publisher":{"@id":"https:\/\/gradido.net\/de\/#organization"},"image":{"@id":"https:\/\/gradido.net\/gradido-konto-2023-neues-design-und-dezentrale-communities\/#primaryimage"},"thumbnailUrl":"https:\/\/gradido.net\/wp-content\/uploads\/2022\/12\/Test_fertig_1920.jpg","articleSection":["Blog","Gradido-Konto"],"inLanguage":"es"},{"@type":"WebPage","@id":"https:\/\/gradido.net\/gradido-konto-2023-neues-design-und-dezentrale-communities\/","url":"https:\/\/gradido.net\/gradido-konto-2023-neues-design-und-dezentrale-communities\/","name":"Cuenta Gradido 2023: nuevo dise\u00f1o y comunidades descentralizadas - Gradido","isPartOf":{"@id":"https:\/\/gradido.net\/de\/#website"},"primaryImageOfPage":{"@id":"https:\/\/gradido.net\/gradido-konto-2023-neues-design-und-dezentrale-communities\/#primaryimage"},"image":{"@id":"https:\/\/gradido.net\/gradido-konto-2023-neues-design-und-dezentrale-communities\/#primaryimage"},"thumbnailUrl":"https:\/\/gradido.net\/wp-content\/uploads\/2022\/12\/Test_fertig_1920.jpg","datePublished":"2022-12-31T23:17:31+00:00","dateModified":"2026-04-24T06:09:27+00:00","description":"A menudo son las personas m\u00e1s calladas las que, en silencio, con diligencia y con el coraz\u00f3n y el alma, sientan las bases de los acontecimientos hist\u00f3ricos. Nuestros programadores han realizado un gran trabajo de base en el \u00faltimo a\u00f1o que dar\u00e1 sus frutos en 2023.","breadcrumb":{"@id":"https:\/\/gradido.net\/gradido-konto-2023-neues-design-und-dezentrale-communities\/#breadcrumb"},"inLanguage":"es","potentialAction":[{"@type":"ReadAction","target":["https:\/\/gradido.net\/gradido-konto-2023-neues-design-und-dezentrale-communities\/"]}]},{"@type":"ImageObject","inLanguage":"es","@id":"https:\/\/gradido.net\/gradido-konto-2023-neues-design-und-dezentrale-communities\/#primaryimage","url":"https:\/\/gradido.net\/wp-content\/uploads\/2022\/12\/Test_fertig_1920.jpg","contentUrl":"https:\/\/gradido.net\/wp-content\/uploads\/2022\/12\/Test_fertig_1920.jpg","width":1920,"height":1067},{"@type":"BreadcrumbList","@id":"https:\/\/gradido.net\/gradido-konto-2023-neues-design-und-dezentrale-communities\/#breadcrumb","itemListElement":[{"@type":"ListItem","position":1,"name":"Startseite","item":"https:\/\/gradido.net\/"},{"@type":"ListItem","position":2,"name":"Gradido-Konto 2023: neues Design und dezentrale Communities"}]},{"@type":"WebSite","@id":"https:\/\/gradido.net\/de\/#website","url":"https:\/\/gradido.net\/de\/","name":"Gradido","description":"La nueva moneda es la gratitud","publisher":{"@id":"https:\/\/gradido.net\/de\/#organization"},"potentialAction":[{"@type":"SearchAction","target":{"@type":"EntryPoint","urlTemplate":"https:\/\/gradido.net\/de\/?s={search_term_string}"},"query-input":{"@type":"PropertyValueSpecification","valueRequired":true,"valueName":"search_term_string"}}],"inLanguage":"es"},{"@type":"Organization","@id":"https:\/\/gradido.net\/de\/#organization","name":"Gradido","url":"https:\/\/gradido.net\/de\/","logo":{"@type":"ImageObject","inLanguage":"es","@id":"https:\/\/gradido.net\/de\/#\/schema\/logo\/image\/","url":"https:\/\/gradido.net\/wp-content\/uploads\/2022\/04\/gradido-social.jpg","contentUrl":"https:\/\/gradido.net\/wp-content\/uploads\/2022\/04\/gradido-social.jpg","width":527,"height":273,"caption":"Gradido"},"image":{"@id":"https:\/\/gradido.net\/de\/#\/schema\/logo\/image\/"}},{"@type":"Person","@id":"https:\/\/gradido.net\/de\/#\/schema\/person\/9c503a004ad15a1ddecadce2218db5d1","name":"Bernd H\u00fcckst\u00e4dt","sameAs":["https:\/\/gradido.net"],"url":"https:\/\/gradido.net\/es\/author\/bernd\/"}]}},"_links":{"self":[{"href":"https:\/\/gradido.net\/es\/wp-json\/wp\/v2\/posts\/6017","targetHints":{"allow":["GET"]}}],"collection":[{"href":"https:\/\/gradido.net\/es\/wp-json\/wp\/v2\/posts"}],"about":[{"href":"https:\/\/gradido.net\/es\/wp-json\/wp\/v2\/types\/post"}],"author":[{"embeddable":true,"href":"https:\/\/gradido.net\/es\/wp-json\/wp\/v2\/users\/2"}],"replies":[{"embeddable":true,"href":"https:\/\/gradido.net\/es\/wp-json\/wp\/v2\/comments?post=6017"}],"version-history":[{"count":76,"href":"https:\/\/gradido.net\/es\/wp-json\/wp\/v2\/posts\/6017\/revisions"}],"predecessor-version":[{"id":13598,"href":"https:\/\/gradido.net\/es\/wp-json\/wp\/v2\/posts\/6017\/revisions\/13598"}],"wp:featuredmedia":[{"embeddable":true,"href":"https:\/\/gradido.net\/es\/wp-json\/wp\/v2\/media\/6018"}],"wp:attachment":[{"href":"https:\/\/gradido.net\/es\/wp-json\/wp\/v2\/media?parent=6017"}],"wp:term":[{"taxonomy":"category","embeddable":true,"href":"https:\/\/gradido.net\/es\/wp-json\/wp\/v2\/categories?post=6017"},{"taxonomy":"post_tag","embeddable":true,"href":"https:\/\/gradido.net\/es\/wp-json\/wp\/v2\/tags?post=6017"}],"curies":[{"name":"wp","href":"https:\/\/api.w.org\/{rel}","templated":true}]}}