{"id":7085,"date":"2023-08-12T17:18:52","date_gmt":"2023-08-12T15:18:52","guid":{"rendered":"https:\/\/gradido.net\/?p=7085"},"modified":"2026-04-23T07:17:15","modified_gmt":"2026-04-23T05:17:15","slug":"wegbereiter-einer-neuen-aera-im-ehrenamtlichen-engagement","status":"publish","type":"post","link":"https:\/\/gradido.net\/es\/wegbereiter-einer-neuen-aera-im-ehrenamtlichen-engagement\/","title":{"rendered":"Gradido in Lieblingsstadt - Pioneros de una nueva era del voluntariado"},"content":{"rendered":"<div data-elementor-type=\"wp-post\" data-elementor-id=\"7085\" class=\"elementor elementor-7085\" data-elementor-post-type=\"post\">\n\t\t\t\t\t\t<section class=\"elementor-section elementor-top-section elementor-element elementor-element-496e1d53 elementor-section-boxed elementor-section-height-default elementor-section-height-default\" data-id=\"496e1d53\" data-element_type=\"section\" data-e-type=\"section\">\n\t\t\t\t\t\t<div class=\"elementor-container elementor-column-gap-default\">\n\t\t\t\t\t<div class=\"elementor-column elementor-col-100 elementor-top-column elementor-element elementor-element-461d7be0\" data-id=\"461d7be0\" data-element_type=\"column\" data-e-type=\"column\">\n\t\t\t<div class=\"elementor-widget-wrap elementor-element-populated\">\n\t\t\t\t\t\t<div class=\"elementor-element elementor-element-cd9ebe2 elementor-widget elementor-widget-text-editor\" data-id=\"cd9ebe2\" data-element_type=\"widget\" data-e-type=\"widget\" data-widget_type=\"text-editor.default\">\n\t\t\t\t<div class=\"elementor-widget-container\">\n\t\t\t\t\t\t\t\t\t<p style=\"text-align: right;\"><em>\"Convierte tu comunidad en el lugar favorito de la gente: con Gradido, el sistema de remuneraci\u00f3n del voluntariado\".<\/em><\/p><p>Estimado lector,<\/p><p>Bienvenido a nuestra nueva serie sobre Gradido como sistema de recompensa para el voluntariado. Gradido tiene el potencial de transformar nuestras comunidades en lugares donde a la gente le guste vivir y participar.<\/p><p>Acomp\u00e1\u00f1enos en este apasionante viaje y descubra c\u00f3mo Gradido puede marcar el comienzo de una nueva era del voluntariado.<\/p>\t\t\t\t\t\t\t\t<\/div>\n\t\t\t\t<\/div>\n\t\t\t\t<div class=\"elementor-element elementor-element-e51c407 elementor-widget elementor-widget-image\" data-id=\"e51c407\" data-element_type=\"widget\" data-e-type=\"widget\" data-widget_type=\"image.default\">\n\t\t\t\t<div class=\"elementor-widget-container\">\n\t\t\t\t\t\t\t\t\t\t\t\t\t\t\t<img fetchpriority=\"high\" decoding=\"async\" width=\"800\" height=\"480\" src=\"https:\/\/gradido.net\/wp-content\/uploads\/2023\/08\/Ehrenamt_Herz.jpg\" class=\"attachment-large size-large wp-image-7096\" alt=\"\" srcset=\"https:\/\/gradido.net\/wp-content\/uploads\/2023\/08\/Ehrenamt_Herz.jpg 800w, https:\/\/gradido.net\/wp-content\/uploads\/2023\/08\/Ehrenamt_Herz-300x180.jpg 300w, https:\/\/gradido.net\/wp-content\/uploads\/2023\/08\/Ehrenamt_Herz-768x461.jpg 768w, https:\/\/gradido.net\/wp-content\/uploads\/2023\/08\/Ehrenamt_Herz-18x12.jpg 18w\" sizes=\"(max-width: 800px) 100vw, 800px\" \/>\t\t\t\t\t\t\t\t\t\t\t\t\t\t\t<\/div>\n\t\t\t\t<\/div>\n\t\t\t\t<div class=\"elementor-element elementor-element-b347260 elementor-widget elementor-widget-text-editor\" data-id=\"b347260\" data-element_type=\"widget\" data-e-type=\"widget\" data-widget_type=\"text-editor.default\">\n\t\t\t\t<div class=\"elementor-widget-container\">\n\t\t\t\t\t\t\t\t\t<h2>Retos actuales de las ciudades alemanas<\/h2><p>Desde Corona, han surgido nuevos retos para las ciudades y municipios, as\u00ed como para los particulares, y los ya existentes se han agravado considerablemente. Probablemente no puedan resolverse con los m\u00e9todos convencionales. En este documento, abordamos tres problemas principales y conducimos a la prometedora soluci\u00f3n, que trataremos en sus m\u00faltiples aspectos en los siguientes documentos.<\/p><h3>Crisis de la deuda<\/h3>\t\t\t\t\t\t\t\t<\/div>\n\t\t\t\t<\/div>\n\t\t\t\t<div class=\"elementor-element elementor-element-ac03977 elementor-widget elementor-widget-image\" data-id=\"ac03977\" data-element_type=\"widget\" data-e-type=\"widget\" data-widget_type=\"image.default\">\n\t\t\t\t<div class=\"elementor-widget-container\">\n\t\t\t\t\t\t\t\t\t\t\t\t\t\t\t<img decoding=\"async\" width=\"800\" height=\"600\" src=\"https:\/\/gradido.net\/wp-content\/uploads\/2023\/08\/Schuldenkrise.jpg\" class=\"attachment-large size-large wp-image-7106\" alt=\"\" srcset=\"https:\/\/gradido.net\/wp-content\/uploads\/2023\/08\/Schuldenkrise.jpg 800w, https:\/\/gradido.net\/wp-content\/uploads\/2023\/08\/Schuldenkrise-300x225.jpg 300w, https:\/\/gradido.net\/wp-content\/uploads\/2023\/08\/Schuldenkrise-768x576.jpg 768w, https:\/\/gradido.net\/wp-content\/uploads\/2023\/08\/Schuldenkrise-16x12.jpg 16w\" sizes=\"(max-width: 800px) 100vw, 800px\" \/>\t\t\t\t\t\t\t\t\t\t\t\t\t\t\t<\/div>\n\t\t\t\t<\/div>\n\t\t\t\t<div class=\"elementor-element elementor-element-facf58a elementor-widget elementor-widget-text-editor\" data-id=\"facf58a\" data-element_type=\"widget\" data-e-type=\"widget\" data-widget_type=\"text-editor.default\">\n\t\t\t\t<div class=\"elementor-widget-container\">\n\t\t\t\t\t\t\t\t\t<p>El a\u00f1o 2024 result\u00f3 ser un \"a\u00f1o fat\u00eddico\" para muchas ciudades endeudadas de Alemania. Tanto en Renania del Norte-Westfalia (RNW) como en muchos otros estados federados se avecinan enormes retos financieros debido a d\u00e9ficits millonarios. La disminuci\u00f3n de los ingresos por impuestos sobre el comercio y el aumento del gasto social suponen una enorme carga para los presupuestos, al tiempo que los ayuntamientos, especialmente los peque\u00f1os y medianos, luchan contra las consecuencias de la crisis del coronavirus y el aumento de los costes de los proyectos de infraestructuras y servicios sociales.<\/p><p>La crisis de la deuda no es un fen\u00f3meno regional, sino un reto nacional. Los pr\u00f3ximos a\u00f1os ser\u00e1n decisivos para demostrar si las ciudades afectadas consiguen resolver sus problemas fiscales.<\/p><h3><span style=\"font-weight: 400;\">Extinci\u00f3n de los centros urbanos<\/span><\/h3>\t\t\t\t\t\t\t\t<\/div>\n\t\t\t\t<\/div>\n\t\t\t\t<div class=\"elementor-element elementor-element-ff40cbb elementor-widget elementor-widget-image\" data-id=\"ff40cbb\" data-element_type=\"widget\" data-e-type=\"widget\" data-widget_type=\"image.default\">\n\t\t\t\t<div class=\"elementor-widget-container\">\n\t\t\t\t\t\t\t\t\t\t\t\t\t\t\t<img decoding=\"async\" width=\"800\" height=\"530\" src=\"https:\/\/gradido.net\/wp-content\/uploads\/2023\/08\/Schliessen.jpg\" class=\"attachment-large size-large wp-image-7107\" alt=\"\" srcset=\"https:\/\/gradido.net\/wp-content\/uploads\/2023\/08\/Schliessen.jpg 800w, https:\/\/gradido.net\/wp-content\/uploads\/2023\/08\/Schliessen-300x199.jpg 300w, https:\/\/gradido.net\/wp-content\/uploads\/2023\/08\/Schliessen-768x509.jpg 768w, https:\/\/gradido.net\/wp-content\/uploads\/2023\/08\/Schliessen-18x12.jpg 18w\" sizes=\"(max-width: 800px) 100vw, 800px\" \/>\t\t\t\t\t\t\t\t\t\t\t\t\t\t\t<\/div>\n\t\t\t\t<\/div>\n\t\t\t\t<div class=\"elementor-element elementor-element-06a4667 elementor-widget elementor-widget-text-editor\" data-id=\"06a4667\" data-element_type=\"widget\" data-e-type=\"widget\" data-widget_type=\"text-editor.default\">\n\t\t\t\t<div class=\"elementor-widget-container\">\n\t\t\t\t\t\t\t\t\t<p>Tambi\u00e9n se avecina otro reto inquietante: la extinci\u00f3n de los centros urbanos. Debido al avance de la digitalizaci\u00f3n y al auge del comercio electr\u00f3nico, las tiendas tradicionales est\u00e1n experimentando un dr\u00e1stico descenso de afluencia. La crisis del Corona ha exacerbado esta tendencia con el auge de la oficina en casa.<\/p><p>Estos hechos provocan el cierre de tiendas, caf\u00e9s y restaurantes. Los \u00edndices de desocupaci\u00f3n aumentan. Los centros urbanos pierden atractivo. Esto provoca la p\u00e9rdida de puestos de trabajo y afecta al tejido social.<\/p><h3>Alienaci\u00f3n social<\/h3>\t\t\t\t\t\t\t\t<\/div>\n\t\t\t\t<\/div>\n\t\t\t\t<div class=\"elementor-element elementor-element-4800b3f elementor-widget elementor-widget-image\" data-id=\"4800b3f\" data-element_type=\"widget\" data-e-type=\"widget\" data-widget_type=\"image.default\">\n\t\t\t\t<div class=\"elementor-widget-container\">\n\t\t\t\t\t\t\t\t\t\t\t\t\t\t\t<img loading=\"lazy\" decoding=\"async\" width=\"800\" height=\"460\" src=\"https:\/\/gradido.net\/wp-content\/uploads\/2023\/08\/Entfremdung.jpg\" class=\"attachment-large size-large wp-image-7108\" alt=\"\" srcset=\"https:\/\/gradido.net\/wp-content\/uploads\/2023\/08\/Entfremdung.jpg 800w, https:\/\/gradido.net\/wp-content\/uploads\/2023\/08\/Entfremdung-300x173.jpg 300w, https:\/\/gradido.net\/wp-content\/uploads\/2023\/08\/Entfremdung-768x442.jpg 768w, https:\/\/gradido.net\/wp-content\/uploads\/2023\/08\/Entfremdung-18x10.jpg 18w\" sizes=\"(max-width: 800px) 100vw, 800px\" \/>\t\t\t\t\t\t\t\t\t\t\t\t\t\t\t<\/div>\n\t\t\t\t<\/div>\n\t\t\t\t<div class=\"elementor-element elementor-element-f1b3827 elementor-widget elementor-widget-text-editor\" data-id=\"f1b3827\" data-element_type=\"widget\" data-e-type=\"widget\" data-widget_type=\"text-editor.default\">\n\t\t\t\t<div class=\"elementor-widget-container\">\n\t\t\t\t\t\t\t\t\t<p>Las ciudades y pueblos se enfrentan al reto de contrarrestar el creciente sentimiento de alienaci\u00f3n entre sus residentes. Esta alienaci\u00f3n tiene varias causas, entre ellas el anonimato, las desigualdades socioecon\u00f3micas y la p\u00e9rdida del sentido de comunidad.<\/p><h3>Voluntariado 2.0 - con el poder de Gradido<\/h3>\t\t\t\t\t\t\t\t<\/div>\n\t\t\t\t<\/div>\n\t\t\t\t<div class=\"elementor-element elementor-element-bb5938d elementor-widget elementor-widget-image\" data-id=\"bb5938d\" data-element_type=\"widget\" data-e-type=\"widget\" data-widget_type=\"image.default\">\n\t\t\t\t<div class=\"elementor-widget-container\">\n\t\t\t\t\t\t\t\t\t\t\t\t\t\t\t<img loading=\"lazy\" decoding=\"async\" width=\"800\" height=\"540\" src=\"https:\/\/gradido.net\/wp-content\/uploads\/2023\/08\/Ehrenamt-2.0.jpg\" class=\"attachment-large size-large wp-image-7109\" alt=\"\" srcset=\"https:\/\/gradido.net\/wp-content\/uploads\/2023\/08\/Ehrenamt-2.0.jpg 800w, https:\/\/gradido.net\/wp-content\/uploads\/2023\/08\/Ehrenamt-2.0-300x203.jpg 300w, https:\/\/gradido.net\/wp-content\/uploads\/2023\/08\/Ehrenamt-2.0-768x518.jpg 768w, https:\/\/gradido.net\/wp-content\/uploads\/2023\/08\/Ehrenamt-2.0-18x12.jpg 18w\" sizes=\"(max-width: 800px) 100vw, 800px\" \/>\t\t\t\t\t\t\t\t\t\t\t\t\t\t\t<\/div>\n\t\t\t\t<\/div>\n\t\t\t\t<div class=\"elementor-element elementor-element-d74dfa0 elementor-widget elementor-widget-text-editor\" data-id=\"d74dfa0\" data-element_type=\"widget\" data-e-type=\"widget\" data-widget_type=\"text-editor.default\">\n\t\t\t\t<div class=\"elementor-widget-container\">\n\t\t\t\t\t\t\t\t\t<div data-pm-slice=\"1 1 []\" data-en-clipboard=\"true\"><p>Una actualizaci\u00f3n y modernizaci\u00f3n fundamental del voluntariado podr\u00eda ser la clave para transformar los retos existentes en lo que son: <strong>Oportunidades para un gran futuro<\/strong>. En este sentido, el modelo Gradido resulta especialmente prometedor, ya que recompensa el compromiso voluntario mediante la concesi\u00f3n de puntos de agradecimiento.<\/p><p>En los siguientes art\u00edculos, explicamos el modelo innovador en forma de ejemplos inspiradores.<\/p><p>Permanezca atento a las pr\u00f3ximas publicaciones y conozcamos juntos el potencial de Gradido en el voluntariado.<\/p><p>Saludos cordiales<\/p><\/div><p>Suyo<\/p><p><img loading=\"lazy\" decoding=\"async\" class=\"alignnone wp-image-4614 size-medium\" src=\"https:\/\/gradido.net\/wp-content\/uploads\/2022\/06\/MargretBernd_2022-300x74.png\" alt=\"\" width=\"300\" height=\"74\" srcset=\"https:\/\/gradido.net\/wp-content\/uploads\/2022\/06\/MargretBernd_2022-300x74.png 300w, https:\/\/gradido.net\/wp-content\/uploads\/2022\/06\/MargretBernd_2022-18x4.png 18w, https:\/\/gradido.net\/wp-content\/uploads\/2022\/06\/MargretBernd_2022.png 431w\" sizes=\"(max-width: 300px) 100vw, 300px\" \/><\/p><p>Margret Baier y Bernd H\u00fcckst\u00e4dt<br \/>Fundador y desarrollador de Gradido<\/p>\t\t\t\t\t\t\t\t<\/div>\n\t\t\t\t<\/div>\n\t\t\t\t\t<\/div>\n\t\t<\/div>\n\t\t\t\t\t<\/div>\n\t\t<\/section>\n\t\t\t\t<section class=\"elementor-section elementor-top-section elementor-element elementor-element-3102d75 elementor-section-boxed elementor-section-height-default elementor-section-height-default\" data-id=\"3102d75\" data-element_type=\"section\" data-e-type=\"section\">\n\t\t\t\t\t\t<div class=\"elementor-container elementor-column-gap-default\">\n\t\t\t\t\t<div class=\"elementor-column elementor-col-100 elementor-top-column elementor-element elementor-element-4551c5e\" data-id=\"4551c5e\" data-element_type=\"column\" data-e-type=\"column\">\n\t\t\t<div class=\"elementor-widget-wrap elementor-element-populated\">\n\t\t\t\t\t\t<div class=\"elementor-element elementor-element-f0b5aca elementor-position-inline-start white-links elementor-widget__width-initial elementor-view-default elementor-mobile-position-block-start elementor-widget elementor-widget-icon-box\" data-id=\"f0b5aca\" data-element_type=\"widget\" data-e-type=\"widget\" data-no-translation=\"\" data-widget_type=\"icon-box.default\">\n\t\t\t\t<div class=\"elementor-widget-container\">\n\t\t\t\t\t<style>.elementor-element-f0b5aca{display:none !important}<\/style>\t\t\t\t<\/div>\n\t\t\t\t<\/div>\n\t\t\t\t\t<\/div>\n\t\t<\/div>\n\t\t\t\t\t<\/div>\n\t\t<\/section>\n\t\t\t\t<section class=\"elementor-section elementor-top-section elementor-element elementor-element-14532fe elementor-section-boxed elementor-section-height-default elementor-section-height-default\" data-id=\"14532fe\" data-element_type=\"section\" data-e-type=\"section\">\n\t\t\t\t\t\t<div class=\"elementor-container elementor-column-gap-default\">\n\t\t\t\t\t<div class=\"elementor-column elementor-col-100 elementor-top-column elementor-element elementor-element-65d2298\" data-id=\"65d2298\" data-element_type=\"column\" data-e-type=\"column\">\n\t\t\t<div class=\"elementor-widget-wrap elementor-element-populated\">\n\t\t\t\t\t\t<div class=\"elementor-element elementor-element-37f533b elementor-widget elementor-widget-global elementor-global-9341 elementor-widget-text-editor\" data-id=\"37f533b\" data-element_type=\"widget\" data-e-type=\"widget\" data-widget_type=\"text-editor.default\">\n\t\t\t\t<div class=\"elementor-widget-container\">\n\t\t\t\t\t\t\t\t\t<p><strong>PS:\u00a0<span style=\"color: #ff6600;\"><a style=\"color: #ff6600;\" href=\"https:\/\/gradido.net\/es\/donations\/\">Debido a la creciente importancia de Gradido, repetimos nuestra campa\u00f1a de agradecimiento el 26 de junio de 2026:<\/a>\u00a0<\/span><span style=\"color: #0000ff;\"><a style=\"color: #0000ff;\" href=\"https:\/\/gradido.net\/es\/donations\/\">Adem\u00e1s del m\u00faltiple GradidoTransform por tu aportaci\u00f3n de apadrinamiento, aumentaremos todos los saldos de las cuentas GDT en 26% el 26\/06\/2016. \u00a1Apadrina ahora y disfruta de la cantidad m\u00faltiple de GDT!<\/a><\/span><\/strong><\/p>\t\t\t\t\t\t\t\t<\/div>\n\t\t\t\t<\/div>\n\t\t\t\t\t<\/div>\n\t\t<\/div>\n\t\t\t\t\t<\/div>\n\t\t<\/section>\n\t\t\t\t<\/div>","protected":false},"excerpt":{"rendered":"<p>Gradido tiene el potencial de transformar nuestras comunidades en lugares donde a la gente le guste vivir y participar. \u00danete a nosotros en este apasionante viaje y descubre c\u00f3mo Gradido puede marcar el comienzo de una nueva era del voluntariado.<\/p>","protected":false},"author":2,"featured_media":7087,"comment_status":"closed","ping_status":"closed","sticky":false,"template":"","format":"standard","meta":{"footnotes":""},"categories":[11,53],"tags":[],"class_list":["post-7085","post","type-post","status-publish","format-standard","has-post-thumbnail","hentry","category-blog","category-lieblingsstadt"],"yoast_head":"<!-- This site is optimized with the Yoast SEO plugin v27.5 - https:\/\/yoast.com\/product\/yoast-seo-wordpress\/ -->\n<title>Gradido in Lieblingsstadt \u2013 Wegbereiter einer neuen \u00c4ra im ehrenamtlichen Engagement - Gradido<\/title>\n<meta name=\"description\" content=\"Gradido hat das Potenzial, unsere Gemeinden in Orte zu verwandeln, an denen Menschen gerne leben und sich engagieren. Begleite uns auf dieser spannenden Reise und entdecke, wie Gradido eine neue \u00c4ra ehrenamtlichen Engagements einl\u00e4uten kann.\" \/>\n<meta name=\"robots\" content=\"index, follow, max-snippet:-1, max-image-preview:large, max-video-preview:-1\" \/>\n<link rel=\"canonical\" href=\"https:\/\/gradido.net\/es\/wegbereiter-einer-neuen-aera-im-ehrenamtlichen-engagement\/\" \/>\n<meta property=\"og:locale\" content=\"es_ES\" \/>\n<meta property=\"og:type\" content=\"article\" \/>\n<meta property=\"og:title\" content=\"Gradido in Lieblingsstadt \u2013 Wegbereiter einer neuen \u00c4ra im ehrenamtlichen Engagement - Gradido\" \/>\n<meta property=\"og:description\" content=\"Gradido hat das Potenzial, unsere Gemeinden in Orte zu verwandeln, an denen Menschen gerne leben und sich engagieren. Begleite uns auf dieser spannenden Reise und entdecke, wie Gradido eine neue \u00c4ra ehrenamtlichen Engagements einl\u00e4uten kann.\" \/>\n<meta property=\"og:url\" content=\"https:\/\/gradido.net\/es\/wegbereiter-einer-neuen-aera-im-ehrenamtlichen-engagement\/\" \/>\n<meta property=\"og:site_name\" content=\"Gradido\" \/>\n<meta property=\"article:published_time\" content=\"2023-08-12T15:18:52+00:00\" \/>\n<meta property=\"article:modified_time\" content=\"2026-04-23T05:17:15+00:00\" \/>\n<meta property=\"og:image\" content=\"https:\/\/gradido.net\/wp-content\/uploads\/2023\/08\/Dinkelsbuehl_pur.jpg\" \/>\n\t<meta property=\"og:image:width\" content=\"1920\" \/>\n\t<meta property=\"og:image:height\" content=\"600\" \/>\n\t<meta property=\"og:image:type\" content=\"image\/jpeg\" \/>\n<meta name=\"author\" content=\"Bernd H\u00fcckst\u00e4dt\" \/>\n<meta name=\"twitter:card\" content=\"summary_large_image\" \/>\n<meta name=\"twitter:label1\" content=\"Escrito por\" \/>\n\t<meta name=\"twitter:data1\" content=\"Bernd H\u00fcckst\u00e4dt\" \/>\n\t<meta name=\"twitter:label2\" content=\"Tiempo de lectura\" \/>\n\t<meta name=\"twitter:data2\" content=\"5 minutos\" \/>\n<script type=\"application\/ld+json\" class=\"yoast-schema-graph\">{\"@context\":\"https:\\\/\\\/schema.org\",\"@graph\":[{\"@type\":\"Article\",\"@id\":\"https:\\\/\\\/gradido.net\\\/wegbereiter-einer-neuen-aera-im-ehrenamtlichen-engagement\\\/#article\",\"isPartOf\":{\"@id\":\"https:\\\/\\\/gradido.net\\\/wegbereiter-einer-neuen-aera-im-ehrenamtlichen-engagement\\\/\"},\"author\":{\"name\":\"Bernd H\u00fcckst\u00e4dt\",\"@id\":\"https:\\\/\\\/gradido.net\\\/de\\\/#\\\/schema\\\/person\\\/9c503a004ad15a1ddecadce2218db5d1\"},\"headline\":\"Gradido in Lieblingsstadt \u2013 Wegbereiter einer neuen \u00c4ra im ehrenamtlichen Engagement\",\"datePublished\":\"2023-08-12T15:18:52+00:00\",\"dateModified\":\"2026-04-23T05:17:15+00:00\",\"mainEntityOfPage\":{\"@id\":\"https:\\\/\\\/gradido.net\\\/wegbereiter-einer-neuen-aera-im-ehrenamtlichen-engagement\\\/\"},\"wordCount\":549,\"publisher\":{\"@id\":\"https:\\\/\\\/gradido.net\\\/de\\\/#organization\"},\"image\":{\"@id\":\"https:\\\/\\\/gradido.net\\\/wegbereiter-einer-neuen-aera-im-ehrenamtlichen-engagement\\\/#primaryimage\"},\"thumbnailUrl\":\"https:\\\/\\\/gradido.net\\\/wp-content\\\/uploads\\\/2023\\\/08\\\/Dinkelsbuehl_pur.jpg\",\"articleSection\":[\"Blog\",\"Lieblingsstadt\"],\"inLanguage\":\"es\"},{\"@type\":\"WebPage\",\"@id\":\"https:\\\/\\\/gradido.net\\\/wegbereiter-einer-neuen-aera-im-ehrenamtlichen-engagement\\\/\",\"url\":\"https:\\\/\\\/gradido.net\\\/wegbereiter-einer-neuen-aera-im-ehrenamtlichen-engagement\\\/\",\"name\":\"Gradido in Lieblingsstadt \u2013 Wegbereiter einer neuen \u00c4ra im ehrenamtlichen Engagement - Gradido\",\"isPartOf\":{\"@id\":\"https:\\\/\\\/gradido.net\\\/de\\\/#website\"},\"primaryImageOfPage\":{\"@id\":\"https:\\\/\\\/gradido.net\\\/wegbereiter-einer-neuen-aera-im-ehrenamtlichen-engagement\\\/#primaryimage\"},\"image\":{\"@id\":\"https:\\\/\\\/gradido.net\\\/wegbereiter-einer-neuen-aera-im-ehrenamtlichen-engagement\\\/#primaryimage\"},\"thumbnailUrl\":\"https:\\\/\\\/gradido.net\\\/wp-content\\\/uploads\\\/2023\\\/08\\\/Dinkelsbuehl_pur.jpg\",\"datePublished\":\"2023-08-12T15:18:52+00:00\",\"dateModified\":\"2026-04-23T05:17:15+00:00\",\"description\":\"Gradido hat das Potenzial, unsere Gemeinden in Orte zu verwandeln, an denen Menschen gerne leben und sich engagieren. Begleite uns auf dieser spannenden Reise und entdecke, wie Gradido eine neue \u00c4ra ehrenamtlichen Engagements einl\u00e4uten kann.\",\"breadcrumb\":{\"@id\":\"https:\\\/\\\/gradido.net\\\/wegbereiter-einer-neuen-aera-im-ehrenamtlichen-engagement\\\/#breadcrumb\"},\"inLanguage\":\"es\",\"potentialAction\":[{\"@type\":\"ReadAction\",\"target\":[\"https:\\\/\\\/gradido.net\\\/wegbereiter-einer-neuen-aera-im-ehrenamtlichen-engagement\\\/\"]}]},{\"@type\":\"ImageObject\",\"inLanguage\":\"es\",\"@id\":\"https:\\\/\\\/gradido.net\\\/wegbereiter-einer-neuen-aera-im-ehrenamtlichen-engagement\\\/#primaryimage\",\"url\":\"https:\\\/\\\/gradido.net\\\/wp-content\\\/uploads\\\/2023\\\/08\\\/Dinkelsbuehl_pur.jpg\",\"contentUrl\":\"https:\\\/\\\/gradido.net\\\/wp-content\\\/uploads\\\/2023\\\/08\\\/Dinkelsbuehl_pur.jpg\",\"width\":1920,\"height\":600},{\"@type\":\"BreadcrumbList\",\"@id\":\"https:\\\/\\\/gradido.net\\\/wegbereiter-einer-neuen-aera-im-ehrenamtlichen-engagement\\\/#breadcrumb\",\"itemListElement\":[{\"@type\":\"ListItem\",\"position\":1,\"name\":\"Startseite\",\"item\":\"https:\\\/\\\/gradido.net\\\/\"},{\"@type\":\"ListItem\",\"position\":2,\"name\":\"Gradido in Lieblingsstadt \u2013 Wegbereiter einer neuen \u00c4ra im ehrenamtlichen Engagement\"}]},{\"@type\":\"WebSite\",\"@id\":\"https:\\\/\\\/gradido.net\\\/de\\\/#website\",\"url\":\"https:\\\/\\\/gradido.net\\\/de\\\/\",\"name\":\"Gradido\",\"description\":\"Die neue W\u00e4hrung hei\u00dft Dankbarkeit\",\"publisher\":{\"@id\":\"https:\\\/\\\/gradido.net\\\/de\\\/#organization\"},\"potentialAction\":[{\"@type\":\"SearchAction\",\"target\":{\"@type\":\"EntryPoint\",\"urlTemplate\":\"https:\\\/\\\/gradido.net\\\/de\\\/?s={search_term_string}\"},\"query-input\":{\"@type\":\"PropertyValueSpecification\",\"valueRequired\":true,\"valueName\":\"search_term_string\"}}],\"inLanguage\":\"es\"},{\"@type\":\"Organization\",\"@id\":\"https:\\\/\\\/gradido.net\\\/de\\\/#organization\",\"name\":\"Gradido\",\"url\":\"https:\\\/\\\/gradido.net\\\/de\\\/\",\"logo\":{\"@type\":\"ImageObject\",\"inLanguage\":\"es\",\"@id\":\"https:\\\/\\\/gradido.net\\\/de\\\/#\\\/schema\\\/logo\\\/image\\\/\",\"url\":\"https:\\\/\\\/gradido.net\\\/wp-content\\\/uploads\\\/2022\\\/04\\\/gradido-social.jpg\",\"contentUrl\":\"https:\\\/\\\/gradido.net\\\/wp-content\\\/uploads\\\/2022\\\/04\\\/gradido-social.jpg\",\"width\":527,\"height\":273,\"caption\":\"Gradido\"},\"image\":{\"@id\":\"https:\\\/\\\/gradido.net\\\/de\\\/#\\\/schema\\\/logo\\\/image\\\/\"}},{\"@type\":\"Person\",\"@id\":\"https:\\\/\\\/gradido.net\\\/de\\\/#\\\/schema\\\/person\\\/9c503a004ad15a1ddecadce2218db5d1\",\"name\":\"Bernd H\u00fcckst\u00e4dt\",\"sameAs\":[\"https:\\\/\\\/gradido.net\"],\"url\":\"https:\\\/\\\/gradido.net\\\/es\\\/author\\\/bernd\\\/\"}]}<\/script>\n<!-- \/ Yoast SEO plugin. -->","yoast_head_json":{"title":"Gradido en Lieblingsstadt - Pioneros de una nueva era del voluntariado - Gradido","description":"Gradido tiene el potencial de transformar nuestras comunidades en lugares donde a la gente le guste vivir y participar. \u00danete a nosotros en este apasionante viaje y descubre c\u00f3mo Gradido puede marcar el comienzo de una nueva era del voluntariado.","robots":{"index":"index","follow":"follow","max-snippet":"max-snippet:-1","max-image-preview":"max-image-preview:large","max-video-preview":"max-video-preview:-1"},"canonical":"https:\/\/gradido.net\/es\/wegbereiter-einer-neuen-aera-im-ehrenamtlichen-engagement\/","og_locale":"es_ES","og_type":"article","og_title":"Gradido in Lieblingsstadt \u2013 Wegbereiter einer neuen \u00c4ra im ehrenamtlichen Engagement - Gradido","og_description":"Gradido hat das Potenzial, unsere Gemeinden in Orte zu verwandeln, an denen Menschen gerne leben und sich engagieren. Begleite uns auf dieser spannenden Reise und entdecke, wie Gradido eine neue \u00c4ra ehrenamtlichen Engagements einl\u00e4uten kann.","og_url":"https:\/\/gradido.net\/es\/wegbereiter-einer-neuen-aera-im-ehrenamtlichen-engagement\/","og_site_name":"Gradido","article_published_time":"2023-08-12T15:18:52+00:00","article_modified_time":"2026-04-23T05:17:15+00:00","og_image":[{"width":1920,"height":600,"url":"https:\/\/gradido.net\/wp-content\/uploads\/2023\/08\/Dinkelsbuehl_pur.jpg","type":"image\/jpeg"}],"author":"Bernd H\u00fcckst\u00e4dt","twitter_card":"summary_large_image","twitter_misc":{"Escrito por":"Bernd H\u00fcckst\u00e4dt","Tiempo de lectura":"5 minutos"},"schema":{"@context":"https:\/\/schema.org","@graph":[{"@type":"Article","@id":"https:\/\/gradido.net\/wegbereiter-einer-neuen-aera-im-ehrenamtlichen-engagement\/#article","isPartOf":{"@id":"https:\/\/gradido.net\/wegbereiter-einer-neuen-aera-im-ehrenamtlichen-engagement\/"},"author":{"name":"Bernd H\u00fcckst\u00e4dt","@id":"https:\/\/gradido.net\/de\/#\/schema\/person\/9c503a004ad15a1ddecadce2218db5d1"},"headline":"Gradido in Lieblingsstadt \u2013 Wegbereiter einer neuen \u00c4ra im ehrenamtlichen Engagement","datePublished":"2023-08-12T15:18:52+00:00","dateModified":"2026-04-23T05:17:15+00:00","mainEntityOfPage":{"@id":"https:\/\/gradido.net\/wegbereiter-einer-neuen-aera-im-ehrenamtlichen-engagement\/"},"wordCount":549,"publisher":{"@id":"https:\/\/gradido.net\/de\/#organization"},"image":{"@id":"https:\/\/gradido.net\/wegbereiter-einer-neuen-aera-im-ehrenamtlichen-engagement\/#primaryimage"},"thumbnailUrl":"https:\/\/gradido.net\/wp-content\/uploads\/2023\/08\/Dinkelsbuehl_pur.jpg","articleSection":["Blog","Lieblingsstadt"],"inLanguage":"es"},{"@type":"WebPage","@id":"https:\/\/gradido.net\/wegbereiter-einer-neuen-aera-im-ehrenamtlichen-engagement\/","url":"https:\/\/gradido.net\/wegbereiter-einer-neuen-aera-im-ehrenamtlichen-engagement\/","name":"Gradido en Lieblingsstadt - Pioneros de una nueva era del voluntariado - Gradido","isPartOf":{"@id":"https:\/\/gradido.net\/de\/#website"},"primaryImageOfPage":{"@id":"https:\/\/gradido.net\/wegbereiter-einer-neuen-aera-im-ehrenamtlichen-engagement\/#primaryimage"},"image":{"@id":"https:\/\/gradido.net\/wegbereiter-einer-neuen-aera-im-ehrenamtlichen-engagement\/#primaryimage"},"thumbnailUrl":"https:\/\/gradido.net\/wp-content\/uploads\/2023\/08\/Dinkelsbuehl_pur.jpg","datePublished":"2023-08-12T15:18:52+00:00","dateModified":"2026-04-23T05:17:15+00:00","description":"Gradido tiene el potencial de transformar nuestras comunidades en lugares donde a la gente le guste vivir y participar. \u00danete a nosotros en este apasionante viaje y descubre c\u00f3mo Gradido puede marcar el comienzo de una nueva era del voluntariado.","breadcrumb":{"@id":"https:\/\/gradido.net\/wegbereiter-einer-neuen-aera-im-ehrenamtlichen-engagement\/#breadcrumb"},"inLanguage":"es","potentialAction":[{"@type":"ReadAction","target":["https:\/\/gradido.net\/wegbereiter-einer-neuen-aera-im-ehrenamtlichen-engagement\/"]}]},{"@type":"ImageObject","inLanguage":"es","@id":"https:\/\/gradido.net\/wegbereiter-einer-neuen-aera-im-ehrenamtlichen-engagement\/#primaryimage","url":"https:\/\/gradido.net\/wp-content\/uploads\/2023\/08\/Dinkelsbuehl_pur.jpg","contentUrl":"https:\/\/gradido.net\/wp-content\/uploads\/2023\/08\/Dinkelsbuehl_pur.jpg","width":1920,"height":600},{"@type":"BreadcrumbList","@id":"https:\/\/gradido.net\/wegbereiter-einer-neuen-aera-im-ehrenamtlichen-engagement\/#breadcrumb","itemListElement":[{"@type":"ListItem","position":1,"name":"Startseite","item":"https:\/\/gradido.net\/"},{"@type":"ListItem","position":2,"name":"Gradido in Lieblingsstadt \u2013 Wegbereiter einer neuen \u00c4ra im ehrenamtlichen Engagement"}]},{"@type":"WebSite","@id":"https:\/\/gradido.net\/de\/#website","url":"https:\/\/gradido.net\/de\/","name":"Gradido","description":"La nueva moneda es la gratitud","publisher":{"@id":"https:\/\/gradido.net\/de\/#organization"},"potentialAction":[{"@type":"SearchAction","target":{"@type":"EntryPoint","urlTemplate":"https:\/\/gradido.net\/de\/?s={search_term_string}"},"query-input":{"@type":"PropertyValueSpecification","valueRequired":true,"valueName":"search_term_string"}}],"inLanguage":"es"},{"@type":"Organization","@id":"https:\/\/gradido.net\/de\/#organization","name":"Gradido","url":"https:\/\/gradido.net\/de\/","logo":{"@type":"ImageObject","inLanguage":"es","@id":"https:\/\/gradido.net\/de\/#\/schema\/logo\/image\/","url":"https:\/\/gradido.net\/wp-content\/uploads\/2022\/04\/gradido-social.jpg","contentUrl":"https:\/\/gradido.net\/wp-content\/uploads\/2022\/04\/gradido-social.jpg","width":527,"height":273,"caption":"Gradido"},"image":{"@id":"https:\/\/gradido.net\/de\/#\/schema\/logo\/image\/"}},{"@type":"Person","@id":"https:\/\/gradido.net\/de\/#\/schema\/person\/9c503a004ad15a1ddecadce2218db5d1","name":"Bernd H\u00fcckst\u00e4dt","sameAs":["https:\/\/gradido.net"],"url":"https:\/\/gradido.net\/es\/author\/bernd\/"}]}},"_links":{"self":[{"href":"https:\/\/gradido.net\/es\/wp-json\/wp\/v2\/posts\/7085","targetHints":{"allow":["GET"]}}],"collection":[{"href":"https:\/\/gradido.net\/es\/wp-json\/wp\/v2\/posts"}],"about":[{"href":"https:\/\/gradido.net\/es\/wp-json\/wp\/v2\/types\/post"}],"author":[{"embeddable":true,"href":"https:\/\/gradido.net\/es\/wp-json\/wp\/v2\/users\/2"}],"replies":[{"embeddable":true,"href":"https:\/\/gradido.net\/es\/wp-json\/wp\/v2\/comments?post=7085"}],"version-history":[{"count":51,"href":"https:\/\/gradido.net\/es\/wp-json\/wp\/v2\/posts\/7085\/revisions"}],"predecessor-version":[{"id":13550,"href":"https:\/\/gradido.net\/es\/wp-json\/wp\/v2\/posts\/7085\/revisions\/13550"}],"wp:featuredmedia":[{"embeddable":true,"href":"https:\/\/gradido.net\/es\/wp-json\/wp\/v2\/media\/7087"}],"wp:attachment":[{"href":"https:\/\/gradido.net\/es\/wp-json\/wp\/v2\/media?parent=7085"}],"wp:term":[{"taxonomy":"category","embeddable":true,"href":"https:\/\/gradido.net\/es\/wp-json\/wp\/v2\/categories?post=7085"},{"taxonomy":"post_tag","embeddable":true,"href":"https:\/\/gradido.net\/es\/wp-json\/wp\/v2\/tags?post=7085"}],"curies":[{"name":"wp","href":"https:\/\/api.w.org\/{rel}","templated":true}]}}